{"id":5741,"date":"2020-05-20T00:06:57","date_gmt":"2020-05-19T22:06:57","guid":{"rendered":"http:\/\/www.cope.es\/blogs\/palomitas-de-maiz\/?p=5741"},"modified":"2020-05-20T00:40:21","modified_gmt":"2020-05-19T22:40:21","slug":"maria-angeles-almacellas-propone-educar-con-el-cine-22-peliculas-critica-libro","status":"publish","type":"post","link":"https:\/\/www.cope.es\/blogs\/palomitas-de-maiz\/2020\/05\/20\/maria-angeles-almacellas-propone-educar-con-el-cine-22-peliculas-critica-libro\/","title":{"rendered":"Mar\u00eda \u00c1ngeles Almacellas reivindica el modo de aprender a mirar el s\u00e9ptimo arte con su espl\u00e9ndido ejemplar \u2018Educar con el cine: 22 Pel\u00edculas\u2019"},"content":{"rendered":"<p>\u00a1Mis queridos palomiteros! Mar\u00eda \u00c1ngeles Almacellas propone \u2018Educar con el cine: 22 Pel\u00edculas\u2019. La autora es doctora en Filosof\u00eda y Ciencias de la Educaci\u00f3n y ha publicado, entre otros trabajos rese\u00f1ables, <em>Educar la inteligencia. Descubrimiento de los valores a trav\u00e9s de la literatura y el cine <\/em>(2000).<\/p>\n<figure id=\"attachment_5743\" aria-describedby=\"caption-attachment-5743\" style=\"width: 725px\" class=\"wp-caption aligncenter\"><img loading=\"lazy\" decoding=\"async\" width=\"725\" height=\"372\" class=\"wp-image-5743 size-full\" src=\"http:\/\/www.cope.es\/blogs\/palomitas-de-maiz\/wp-content\/uploads\/sites\/6\/2020\/05\/educar-con-el-cine-portada-1.jpg\" alt=\"Portada del volumen | Mar\u00eda \u00c1ngeles Almacellas propone \u2018Educar con el cine: 22 Pel\u00edculas\u2019\" srcset=\"https:\/\/www.cope.es\/blogs\/palomitas-de-maiz\/wp-content\/uploads\/sites\/6\/2020\/05\/educar-con-el-cine-portada-1.jpg 725w, https:\/\/www.cope.es\/blogs\/palomitas-de-maiz\/wp-content\/uploads\/sites\/6\/2020\/05\/educar-con-el-cine-portada-1-300x154.jpg 300w\" sizes=\"auto, (max-width: 725px) 100vw, 725px\" \/><figcaption id=\"caption-attachment-5743\" class=\"wp-caption-text\"><strong>Portada del volumen<\/strong> | Mar\u00eda \u00c1ngeles Almacellas propone \u2018Educar con el cine: 22 Pel\u00edculas\u2019<\/figcaption><\/figure>\n<p>Parece que, poco a poco, estoy consiguiendo aprender un poco m\u00e1s sobre cine, gracias a quienes lo expresan mejor que yo. \u00bfPor qu\u00e9 lo digo? Porque ha ca\u00eddo en mis manos este nuevo libro, con miga, editado por EIUNSA, Ediciones Internacionales Universitarias.<\/p>\n<figure id=\"attachment_5745\" aria-describedby=\"caption-attachment-5745\" style=\"width: 725px\" class=\"wp-caption aligncenter\"><img loading=\"lazy\" decoding=\"async\" width=\"725\" height=\"409\" class=\"wp-image-5745 size-full\" src=\"http:\/\/www.cope.es\/blogs\/palomitas-de-maiz\/wp-content\/uploads\/sites\/6\/2020\/05\/como-Dios.jpg\" alt=\"Fotograma de Como Dios (Tom Shadyac, 2003) | Mar\u00eda \u00c1ngeles Almacellas propone \u2018Educar con el cine: 22 Pel\u00edculas\u2019\" srcset=\"https:\/\/www.cope.es\/blogs\/palomitas-de-maiz\/wp-content\/uploads\/sites\/6\/2020\/05\/como-Dios.jpg 725w, https:\/\/www.cope.es\/blogs\/palomitas-de-maiz\/wp-content\/uploads\/sites\/6\/2020\/05\/como-Dios-300x169.jpg 300w\" sizes=\"auto, (max-width: 725px) 100vw, 725px\" \/><figcaption id=\"caption-attachment-5745\" class=\"wp-caption-text\"><strong>Fotograma de<\/strong> <em>Como Dios<\/em> (<strong>Tom Shadyac<\/strong>, 2003) | Mar\u00eda \u00c1ngeles Almacellas propone \u2018Educar con el cine: 22 Pel\u00edculas\u2019<\/figcaption><\/figure>\n<p>Podr\u00edamos decir que el cine encierra en s\u00ed mismo un enorme potencial formativo si lo utilizamos con un m\u00e9todo pedag\u00f3gico adecuado. Se convierte as\u00ed en un inestimable recurso para ensanchar las bases de la formaci\u00f3n human\u00edstica de ni\u00f1os y j\u00f3venes, y orientarles en temas como el materialismo desenfrenado, la violencia, la promiscuidad sexual y el consumo de alcohol y drogas.<\/p>\n<h2>Mar\u00eda \u00c1ngeles Almacellas propone \u2018Educar con el cine: 22 Pel\u00edculas\u2019<\/h2>\n<p>Si a trav\u00e9s de este libro se les ayuda a captar la vida humana que encierran las historias que ven en la pantalla, los ni\u00f1os aprender\u00e1n a interpretar la vida.<\/p>\n<figure id=\"attachment_5744\" aria-describedby=\"caption-attachment-5744\" style=\"width: 725px\" class=\"wp-caption aligncenter\"><img loading=\"lazy\" decoding=\"async\" width=\"725\" height=\"615\" class=\"wp-image-5744 size-full\" src=\"http:\/\/www.cope.es\/blogs\/palomitas-de-maiz\/wp-content\/uploads\/sites\/6\/2020\/05\/maria-angeles-almacellas.jpg\" alt=\"La autora del trabajo, Mar\u00eda \u00c1ngeles Almacellas | Mar\u00eda \u00c1ngeles Almacellas propone \u2018Educar con el cine: 22 Pel\u00edculas\u2019\" srcset=\"https:\/\/www.cope.es\/blogs\/palomitas-de-maiz\/wp-content\/uploads\/sites\/6\/2020\/05\/maria-angeles-almacellas.jpg 725w, https:\/\/www.cope.es\/blogs\/palomitas-de-maiz\/wp-content\/uploads\/sites\/6\/2020\/05\/maria-angeles-almacellas-300x254.jpg 300w\" sizes=\"auto, (max-width: 725px) 100vw, 725px\" \/><figcaption id=\"caption-attachment-5744\" class=\"wp-caption-text\"><strong>La autora del trabajo, Mar\u00eda \u00c1ngeles Almacellas<\/strong> | Mar\u00eda \u00c1ngeles Almacellas propone \u2018Educar con el cine: 22 Pel\u00edculas\u2019<\/figcaption><\/figure>\n<p><em>Educar con el cine<\/em> quiere servir de apoyo, adem\u00e1s, para padres, profesores, tutores, animadores de grupo, <a href=\"http:\/\/www.cope.es\/blogs\/palomitas-de-maiz\/2020\/03\/17\/algunas-sugerencias-para-desarrollar-un-buen-cineforum-cine\/\">cineforum<\/a>&#8230;, pues expone de forma sencilla este m\u00e9todo de interpretaci\u00f3n y <strong>a\u00f1ade el comentario de 22 pel\u00edculas<\/strong> para distintas edades, aparte de un gui\u00f3n de sugerencias para la reflexi\u00f3n y el di\u00e1logo.<\/p>\n<p>Por ejemplo, al admirar esa joya cinematogr\u00e1fica que es <em>Ben-Hur <\/em>(<strong><a href=\"https:\/\/es.wikipedia.org\/wiki\/William_Wyler\" target=\"_blank\">William Wyler<\/a><\/strong>, 1959), la inmensa mayor\u00eda de las personas piensa en la escena de la carrera en el circo, pero desde el \u00e1ngulo educativo, <strong>el mejor momento es el de la balsa<\/strong>. El implacable c\u00f3nsul romano trataba a Jud\u00e1 Ben Hur como un mero galeote y le llamaba, sencillamente, \u201c41\u201d, n\u00famero del remo al que iba encadenado.<\/p>\n<figure id=\"attachment_5746\" aria-describedby=\"caption-attachment-5746\" style=\"width: 725px\" class=\"wp-caption aligncenter\"><img loading=\"lazy\" decoding=\"async\" width=\"725\" height=\"1106\" class=\"wp-image-5746 size-full\" src=\"http:\/\/www.cope.es\/blogs\/palomitas-de-maiz\/wp-content\/uploads\/sites\/6\/2020\/05\/a-proposito-de-henry.jpg\" alt=\"Fotograma de A prop\u00f3sito de Henry (Mike Nichols, 1991) | Mar\u00eda \u00c1ngeles Almacellas propone \u2018Educar con el cine: 22 Pel\u00edculas\u2019\" srcset=\"https:\/\/www.cope.es\/blogs\/palomitas-de-maiz\/wp-content\/uploads\/sites\/6\/2020\/05\/a-proposito-de-henry.jpg 725w, https:\/\/www.cope.es\/blogs\/palomitas-de-maiz\/wp-content\/uploads\/sites\/6\/2020\/05\/a-proposito-de-henry-197x300.jpg 197w, https:\/\/www.cope.es\/blogs\/palomitas-de-maiz\/wp-content\/uploads\/sites\/6\/2020\/05\/a-proposito-de-henry-671x1024.jpg 671w\" sizes=\"auto, (max-width: 725px) 100vw, 725px\" \/><figcaption id=\"caption-attachment-5746\" class=\"wp-caption-text\"><strong>Fotograma de<\/strong> <em>A prop\u00f3sito de Henry<\/em> <strong>(Mike Nichols<\/strong>, 1991) | Mar\u00eda \u00c1ngeles Almacellas propone \u2018Educar con el cine: 22 Pel\u00edculas\u2019<\/figcaption><\/figure>\n<p>En el fragor de la batalla naval, el c\u00f3nsul estuvo a punto de morir ahogado. S\u00f3lo el arrojo de Jud\u00e1 Ben Hur pudo salvarle la vida. Al encontrarse con \u00e9l en la balsa, sus primeras palabras fueron \u00e9stas: \u201cOye, 41, \u00bfen realidad, c\u00f3mo te llamas?\u201d.<\/p>\n<p><strong>Deseaba encontrarse con \u00e9l<\/strong>, en sentido riguroso, es decir, iniciar una relaci\u00f3n amistosa, y para ello el primer paso era llamarle por su nombre propio y, de esa forma, tratarle como persona.<\/p>\n<figure id=\"attachment_5747\" aria-describedby=\"caption-attachment-5747\" style=\"width: 725px\" class=\"wp-caption aligncenter\"><img loading=\"lazy\" decoding=\"async\" width=\"725\" height=\"488\" class=\"wp-image-5747 size-full\" src=\"http:\/\/www.cope.es\/blogs\/palomitas-de-maiz\/wp-content\/uploads\/sites\/6\/2020\/05\/ben-hur.jpg\" alt=\"Fotograma de Ben-Hur (William Wyler, 1959) \" srcset=\"https:\/\/www.cope.es\/blogs\/palomitas-de-maiz\/wp-content\/uploads\/sites\/6\/2020\/05\/ben-hur.jpg 725w, https:\/\/www.cope.es\/blogs\/palomitas-de-maiz\/wp-content\/uploads\/sites\/6\/2020\/05\/ben-hur-300x202.jpg 300w\" sizes=\"auto, (max-width: 725px) 100vw, 725px\" \/><figcaption id=\"caption-attachment-5747\" class=\"wp-caption-text\"><strong>Fotograma de<\/strong> <em>Ben-Hur<\/em> (<strong>William Wyler<\/strong>, 1959)<\/figcaption><\/figure>\n<h2>Si a trav\u00e9s de este libro se les ayuda a captar la vida humana que encierran las historias que ven en la pantalla, los ni\u00f1os aprender\u00e1n a interpretar la vida<\/h2>\n<p>Vista esa escena con las debidas indicaciones, <strong>constituye toda una lecci\u00f3n de \u00e9tica<\/strong>, que ning\u00fan espectador avisado podr\u00e1 olvidar de por vida.<\/p>\n<p>\u00a1No dej\u00e9is escapar la oportunidad de leer libros como \u00e9ste, palomiteros!<\/p>\n<p><iframe loading=\"lazy\" title=\"Ben Hur salva al C\u00f3nsul 5to. Arios de morir ahogado despu\u00e9s de hundirse el barco &quot;Ben Hur&quot; 30\" width=\"675\" height=\"380\" src=\"https:\/\/www.youtube.com\/embed\/vE-a1Aw9Zg4?feature=oembed\" frameborder=\"0\" allow=\"accelerometer; autoplay; encrypted-media; gyroscope; picture-in-picture\" allowfullscreen><\/iframe><\/p>\n","protected":false},"excerpt":{"rendered":"<p>\u00a1Mis queridos palomiteros! Mar\u00eda \u00c1ngeles Almacellas propone \u2018Educar con el cine: 22 Pel\u00edculas\u2019. La autora es doctora en Filosof\u00eda y Ciencias de la Educaci\u00f3n y ha publicado, entre otros trabajos rese\u00f1ables, Educar la inteligencia. Descubrimiento de los valores a trav\u00e9s de la literatura y el cine (2000). Parece que, poco a poco, estoy consiguiendo aprender [&hellip;]<\/p>\n","protected":false},"author":6,"featured_media":5742,"comment_status":"open","ping_status":"open","sticky":false,"template":"","format":"standard","meta":{"footnotes":""},"categories":[336,49,88,831,387],"tags":[6016,1204,4815,6020,6025,6022,6015,6019,6021,6017,2205,6014,6023,6024,59,6018,735],"class_list":["post-5741","post","type-post","status-publish","format-standard","has-post-thumbnail","hentry","category-actualidad","category-cine","category-critica-de-cine","category-libros-de-cine","category-valores","tag-22-peliculas","tag-ben-hur","tag-cineforum","tag-descubrimiento-de-los-valores-a-traves-de-la-literatura-y-el-cine","tag-dialogo","tag-ediciones-internacionales-universitarias","tag-educar-con-el-cine","tag-educar-la-inteligencia","tag-eiunsa","tag-etica","tag-libros-de-cine","tag-maria-angeles-almacellas","tag-metodo-pedagogico","tag-reflexion","tag-septimo-arte","tag-valores-en-el-cine","tag-william-wyler"],"yoast_head":"<!-- This site is optimized with the Yoast SEO plugin v27.4 - https:\/\/yoast.com\/product\/yoast-seo-wordpress\/ -->\n<title>Mar\u00eda \u00c1ngeles Almacellas propone \u2018Educar con el cine: 22 Pel\u00edculas\u2019<\/title>\n<meta name=\"description\" content=\"Mar\u00eda \u00c1ngeles Almacellas propone \u2018Educar con el cine: 22 Pel\u00edculas\u2019. Apasionante m\u00e9todo de interpretaci\u00f3n, completado con el comentario de 22 filmes\" \/>\n<meta name=\"robots\" content=\"index, follow, max-snippet:-1, max-image-preview:large, max-video-preview:-1\" \/>\n<link rel=\"canonical\" href=\"https:\/\/www.cope.es\/blogs\/palomitas-de-maiz\/2020\/05\/20\/maria-angeles-almacellas-propone-educar-con-el-cine-22-peliculas-critica-libro\/\" \/>\n<meta property=\"og:locale\" content=\"es_ES\" \/>\n<meta property=\"og:type\" content=\"article\" \/>\n<meta property=\"og:title\" content=\"Mar\u00eda \u00c1ngeles Almacellas propone \u2018Educar con el cine: 22 Pel\u00edculas\u2019\" \/>\n<meta property=\"og:description\" content=\"Mar\u00eda \u00c1ngeles Almacellas propone \u2018Educar con el cine: 22 Pel\u00edculas\u2019. Apasionante m\u00e9todo de interpretaci\u00f3n, completado con el comentario de 22 filmes\" \/>\n<meta property=\"og:url\" content=\"https:\/\/www.cope.es\/blogs\/palomitas-de-maiz\/2020\/05\/20\/maria-angeles-almacellas-propone-educar-con-el-cine-22-peliculas-critica-libro\/\" \/>\n<meta property=\"og:site_name\" content=\"Palomitas de Ma\u00edz\" \/>\n<meta property=\"article:publisher\" content=\"https:\/\/www.facebook.com\/cope\/\" \/>\n<meta property=\"article:author\" content=\"https:\/\/www.facebook.com\/palomitero\/\" \/>\n<meta property=\"article:published_time\" content=\"2020-05-19T22:06:57+00:00\" \/>\n<meta property=\"article:modified_time\" content=\"2020-05-19T22:40:21+00:00\" \/>\n<meta property=\"og:image\" content=\"https:\/\/www.cope.es\/blogs\/palomitas-de-maiz\/wp-content\/uploads\/sites\/6\/2020\/05\/educar-con-el-cine-portada.jpg\" \/>\n\t<meta property=\"og:image:width\" content=\"725\" \/>\n\t<meta property=\"og:image:height\" content=\"372\" \/>\n\t<meta property=\"og:image:type\" content=\"image\/jpeg\" \/>\n<meta name=\"author\" content=\"Jos\u00e9 Luis Panero\" \/>\n<meta name=\"twitter:card\" content=\"summary_large_image\" \/>\n<meta name=\"twitter:creator\" content=\"@PALOMITERO\" \/>\n<meta name=\"twitter:site\" content=\"@cope_es\" \/>\n<meta name=\"twitter:label1\" content=\"Escrito por\" \/>\n\t<meta name=\"twitter:data1\" content=\"Jos\u00e9 Luis Panero\" \/>\n\t<meta name=\"twitter:label2\" content=\"Tiempo de lectura\" \/>\n\t<meta name=\"twitter:data2\" content=\"3 minutos\" \/>\n<script type=\"application\/ld+json\" class=\"yoast-schema-graph\">{\"@context\":\"https:\\\/\\\/schema.org\",\"@graph\":[{\"@type\":\"Article\",\"@id\":\"https:\\\/\\\/www.cope.es\\\/blogs\\\/palomitas-de-maiz\\\/2020\\\/05\\\/20\\\/maria-angeles-almacellas-propone-educar-con-el-cine-22-peliculas-critica-libro\\\/#article\",\"isPartOf\":{\"@id\":\"https:\\\/\\\/www.cope.es\\\/blogs\\\/palomitas-de-maiz\\\/2020\\\/05\\\/20\\\/maria-angeles-almacellas-propone-educar-con-el-cine-22-peliculas-critica-libro\\\/\"},\"author\":{\"name\":\"Jos\u00e9 Luis Panero\",\"@id\":\"https:\\\/\\\/www.cope.es\\\/blogs\\\/palomitas-de-maiz\\\/#\\\/schema\\\/person\\\/9fb256f63733c964d19b06de1ca3c9ef\"},\"headline\":\"Mar\u00eda \u00c1ngeles Almacellas reivindica el modo de aprender a mirar el s\u00e9ptimo arte con su espl\u00e9ndido ejemplar \u2018Educar con el cine: 22 Pel\u00edculas\u2019\",\"datePublished\":\"2020-05-19T22:06:57+00:00\",\"dateModified\":\"2020-05-19T22:40:21+00:00\",\"mainEntityOfPage\":{\"@id\":\"https:\\\/\\\/www.cope.es\\\/blogs\\\/palomitas-de-maiz\\\/2020\\\/05\\\/20\\\/maria-angeles-almacellas-propone-educar-con-el-cine-22-peliculas-critica-libro\\\/\"},\"wordCount\":624,\"commentCount\":0,\"image\":{\"@id\":\"https:\\\/\\\/www.cope.es\\\/blogs\\\/palomitas-de-maiz\\\/2020\\\/05\\\/20\\\/maria-angeles-almacellas-propone-educar-con-el-cine-22-peliculas-critica-libro\\\/#primaryimage\"},\"thumbnailUrl\":\"https:\\\/\\\/www.cope.es\\\/blogs\\\/palomitas-de-maiz\\\/wp-content\\\/uploads\\\/sites\\\/6\\\/2020\\\/05\\\/educar-con-el-cine-portada.jpg\",\"keywords\":[\"22 peliculas\",\"Ben-Hur\",\"cineforum\",\"Descubrimiento de los valores a trav\u00e9s de la literatura y el cine\",\"di\u00e1logo\",\"Ediciones Internacionales Universitarias\",\"Educar con el cine\",\"Educar la inteligencia\",\"EIUNSA\",\"\u00e9tica\",\"libros de cine\",\"mar\u00eda angeles almacellas\",\"m\u00e9todo pedag\u00f3gico\",\"reflexion\",\"s\u00e9ptimo arte\",\"valores en el cine\",\"William Wyler\"],\"articleSection\":[\"actualidad\",\"Cine\",\"Cr\u00edtica de Cine\",\"libros de cine\",\"Valores\"],\"inLanguage\":\"es\",\"potentialAction\":[{\"@type\":\"CommentAction\",\"name\":\"Comment\",\"target\":[\"https:\\\/\\\/www.cope.es\\\/blogs\\\/palomitas-de-maiz\\\/2020\\\/05\\\/20\\\/maria-angeles-almacellas-propone-educar-con-el-cine-22-peliculas-critica-libro\\\/#respond\"]}]},{\"@type\":\"WebPage\",\"@id\":\"https:\\\/\\\/www.cope.es\\\/blogs\\\/palomitas-de-maiz\\\/2020\\\/05\\\/20\\\/maria-angeles-almacellas-propone-educar-con-el-cine-22-peliculas-critica-libro\\\/\",\"url\":\"https:\\\/\\\/www.cope.es\\\/blogs\\\/palomitas-de-maiz\\\/2020\\\/05\\\/20\\\/maria-angeles-almacellas-propone-educar-con-el-cine-22-peliculas-critica-libro\\\/\",\"name\":\"Mar\u00eda \u00c1ngeles Almacellas propone \u2018Educar con el cine: 22 Pel\u00edculas\u2019\",\"isPartOf\":{\"@id\":\"https:\\\/\\\/www.cope.es\\\/blogs\\\/palomitas-de-maiz\\\/#website\"},\"primaryImageOfPage\":{\"@id\":\"https:\\\/\\\/www.cope.es\\\/blogs\\\/palomitas-de-maiz\\\/2020\\\/05\\\/20\\\/maria-angeles-almacellas-propone-educar-con-el-cine-22-peliculas-critica-libro\\\/#primaryimage\"},\"image\":{\"@id\":\"https:\\\/\\\/www.cope.es\\\/blogs\\\/palomitas-de-maiz\\\/2020\\\/05\\\/20\\\/maria-angeles-almacellas-propone-educar-con-el-cine-22-peliculas-critica-libro\\\/#primaryimage\"},\"thumbnailUrl\":\"https:\\\/\\\/www.cope.es\\\/blogs\\\/palomitas-de-maiz\\\/wp-content\\\/uploads\\\/sites\\\/6\\\/2020\\\/05\\\/educar-con-el-cine-portada.jpg\",\"datePublished\":\"2020-05-19T22:06:57+00:00\",\"dateModified\":\"2020-05-19T22:40:21+00:00\",\"author\":{\"@id\":\"https:\\\/\\\/www.cope.es\\\/blogs\\\/palomitas-de-maiz\\\/#\\\/schema\\\/person\\\/9fb256f63733c964d19b06de1ca3c9ef\"},\"description\":\"Mar\u00eda \u00c1ngeles Almacellas propone \u2018Educar con el cine: 22 Pel\u00edculas\u2019. Apasionante m\u00e9todo de interpretaci\u00f3n, completado con el comentario de 22 filmes\",\"breadcrumb\":{\"@id\":\"https:\\\/\\\/www.cope.es\\\/blogs\\\/palomitas-de-maiz\\\/2020\\\/05\\\/20\\\/maria-angeles-almacellas-propone-educar-con-el-cine-22-peliculas-critica-libro\\\/#breadcrumb\"},\"inLanguage\":\"es\",\"potentialAction\":[{\"@type\":\"ReadAction\",\"target\":[\"https:\\\/\\\/www.cope.es\\\/blogs\\\/palomitas-de-maiz\\\/2020\\\/05\\\/20\\\/maria-angeles-almacellas-propone-educar-con-el-cine-22-peliculas-critica-libro\\\/\"]}]},{\"@type\":\"ImageObject\",\"inLanguage\":\"es\",\"@id\":\"https:\\\/\\\/www.cope.es\\\/blogs\\\/palomitas-de-maiz\\\/2020\\\/05\\\/20\\\/maria-angeles-almacellas-propone-educar-con-el-cine-22-peliculas-critica-libro\\\/#primaryimage\",\"url\":\"https:\\\/\\\/www.cope.es\\\/blogs\\\/palomitas-de-maiz\\\/wp-content\\\/uploads\\\/sites\\\/6\\\/2020\\\/05\\\/educar-con-el-cine-portada.jpg\",\"contentUrl\":\"https:\\\/\\\/www.cope.es\\\/blogs\\\/palomitas-de-maiz\\\/wp-content\\\/uploads\\\/sites\\\/6\\\/2020\\\/05\\\/educar-con-el-cine-portada.jpg\",\"width\":725,\"height\":372,\"caption\":\"https:\\\/\\\/www.cope.es\\\/blogs\\\/palomitas-de-maiz\\\/2020\\\/05\\\/20\\\/maria-angeles-almacellas-propone-educar-con-el-cine-22-peliculas-critica-libro\\\/\"},{\"@type\":\"BreadcrumbList\",\"@id\":\"https:\\\/\\\/www.cope.es\\\/blogs\\\/palomitas-de-maiz\\\/2020\\\/05\\\/20\\\/maria-angeles-almacellas-propone-educar-con-el-cine-22-peliculas-critica-libro\\\/#breadcrumb\",\"itemListElement\":[{\"@type\":\"ListItem\",\"position\":1,\"name\":\"Portada\",\"item\":\"https:\\\/\\\/www.cope.es\\\/blogs\\\/palomitas-de-maiz\\\/\"},{\"@type\":\"ListItem\",\"position\":2,\"name\":\"Mar\u00eda \u00c1ngeles Almacellas reivindica el modo de aprender a mirar el s\u00e9ptimo arte con su espl\u00e9ndido ejemplar \u2018Educar con el cine: 22 Pel\u00edculas\u2019\"}]},{\"@type\":\"WebSite\",\"@id\":\"https:\\\/\\\/www.cope.es\\\/blogs\\\/palomitas-de-maiz\\\/#website\",\"url\":\"https:\\\/\\\/www.cope.es\\\/blogs\\\/palomitas-de-maiz\\\/\",\"name\":\"Palomitas de Ma\u00edz\",\"description\":\"Blog decano de cine de COPE\",\"potentialAction\":[{\"@type\":\"SearchAction\",\"target\":{\"@type\":\"EntryPoint\",\"urlTemplate\":\"https:\\\/\\\/www.cope.es\\\/blogs\\\/palomitas-de-maiz\\\/?s={search_term_string}\"},\"query-input\":{\"@type\":\"PropertyValueSpecification\",\"valueRequired\":true,\"valueName\":\"search_term_string\"}}],\"inLanguage\":\"es\"},{\"@type\":\"Person\",\"@id\":\"https:\\\/\\\/www.cope.es\\\/blogs\\\/palomitas-de-maiz\\\/#\\\/schema\\\/person\\\/9fb256f63733c964d19b06de1ca3c9ef\",\"name\":\"Jos\u00e9 Luis Panero\",\"image\":{\"@type\":\"ImageObject\",\"inLanguage\":\"es\",\"@id\":\"https:\\\/\\\/secure.gravatar.com\\\/avatar\\\/2ef93951eab3cee25932a7219e566376cbf6ddedde3aa3098e7a971991a3ef12?s=96&d=mm&r=g\",\"url\":\"https:\\\/\\\/secure.gravatar.com\\\/avatar\\\/2ef93951eab3cee25932a7219e566376cbf6ddedde3aa3098e7a971991a3ef12?s=96&d=mm&r=g\",\"contentUrl\":\"https:\\\/\\\/secure.gravatar.com\\\/avatar\\\/2ef93951eab3cee25932a7219e566376cbf6ddedde3aa3098e7a971991a3ef12?s=96&d=mm&r=g\",\"caption\":\"Jos\u00e9 Luis Panero\"},\"description\":\"Licenciado en Periodismo y en Comunicaci\u00f3n Audiovisual. Tras m\u00e1s de cuatro a\u00f1os en el diario 'La Gaceta de Los Negocios' y el programa f\u00edlmico 'Pantalla Grande', es cr\u00edtico de cine en 'Ciudad Nueva', 'Pantalla 90', 'COPE' o 'Aleteia' y cr\u00edtico de teatro en 'Hoy en la city'. Ha sido coguionista y ayudante de direcci\u00f3n de cine, ponente en los coloquios de cine del foro FNAC y profesor universitario en diferentes cursos de Periodismo Social. Desde 2003 es miembro del C\u00edrculo de Escritores Cinematogr\u00e1ficos (CEC). En 2008 fund\u00f3 en 'COPE' su blog de cine 'Palomitas de Ma\u00edz'. En 2017 fue nombrado Jurado Oficial del Festival Internacional de Cine de Fuengirola (M\u00e1laga) y ese a\u00f1o la instituci\u00f3n educativa Trinity College-Liceo Serrano le distingui\u00f3 con el nombramiento de 'Profesor de Honor' del centro y miembro ilustre del claustro de profesores. En 2019 fue nombrado Jurado Oficial del Festival Internacional de Cine de Vera (Almer\u00eda). En 2020 fue nombrado Jurado Oficial del Festival Internacional de Cine de Terror de La Mar Bella (Marbella). Como int\u00e9rprete ha sido galardonado con el Premio al Actor Principal del I Festival Nacional UNIR de teatro. Desde 2020 es acad\u00e9mico de las Artes Esc\u00e9nicas de Espa\u00f1a. En 2023 fue nombrado Jurado Oficial de los 'Premios Tal\u00eda' en su I Edici\u00f3n. Y miembro de ASHUMES (Asociaci\u00f3n del Humorismo Espa\u00f1ol) a partir de 2022. En 2023 fue nombrado Jurado Oficial de la II Edici\u00f3n de los 'Premios Godot'.\",\"sameAs\":[\"http:\\\/\\\/www.cope.es\",\"https:\\\/\\\/www.facebook.com\\\/palomitero\\\/\",\"https:\\\/\\\/www.instagram.com\\\/joseluispanero\\\/\",\"https:\\\/\\\/www.linkedin.com\\\/in\\\/jos-luis-panero-gonzlez-barosa-7722a716\\\/\",\"https:\\\/\\\/x.com\\\/PALOMITERO\",\"https:\\\/\\\/www.youtube.com\\\/channel\\\/UCQYaNGiETUXUPXjYu9p3lNw\\\/videos?\",\"https:\\\/\\\/es.wikipedia.org\\\/wiki\\\/Jos_Luis_Panero_Gonzlez-Barosa\"],\"url\":\"https:\\\/\\\/www.cope.es\\\/blogs\\\/palomitas-de-maiz\\\/author\\\/jlpanero\\\/\"}]}<\/script>\n<!-- \/ Yoast SEO plugin. -->","yoast_head_json":{"title":"Mar\u00eda \u00c1ngeles Almacellas propone \u2018Educar con el cine: 22 Pel\u00edculas\u2019","description":"Mar\u00eda \u00c1ngeles Almacellas propone \u2018Educar con el cine: 22 Pel\u00edculas\u2019. Apasionante m\u00e9todo de interpretaci\u00f3n, completado con el comentario de 22 filmes","robots":{"index":"index","follow":"follow","max-snippet":"max-snippet:-1","max-image-preview":"max-image-preview:large","max-video-preview":"max-video-preview:-1"},"canonical":"https:\/\/www.cope.es\/blogs\/palomitas-de-maiz\/2020\/05\/20\/maria-angeles-almacellas-propone-educar-con-el-cine-22-peliculas-critica-libro\/","og_locale":"es_ES","og_type":"article","og_title":"Mar\u00eda \u00c1ngeles Almacellas propone \u2018Educar con el cine: 22 Pel\u00edculas\u2019","og_description":"Mar\u00eda \u00c1ngeles Almacellas propone \u2018Educar con el cine: 22 Pel\u00edculas\u2019. Apasionante m\u00e9todo de interpretaci\u00f3n, completado con el comentario de 22 filmes","og_url":"https:\/\/www.cope.es\/blogs\/palomitas-de-maiz\/2020\/05\/20\/maria-angeles-almacellas-propone-educar-con-el-cine-22-peliculas-critica-libro\/","og_site_name":"Palomitas de Ma\u00edz","article_publisher":"https:\/\/www.facebook.com\/cope\/","article_author":"https:\/\/www.facebook.com\/palomitero\/","article_published_time":"2020-05-19T22:06:57+00:00","article_modified_time":"2020-05-19T22:40:21+00:00","og_image":[{"width":725,"height":372,"url":"https:\/\/www.cope.es\/blogs\/palomitas-de-maiz\/wp-content\/uploads\/sites\/6\/2020\/05\/educar-con-el-cine-portada.jpg","type":"image\/jpeg"}],"author":"Jos\u00e9 Luis Panero","twitter_card":"summary_large_image","twitter_creator":"@PALOMITERO","twitter_site":"@cope_es","twitter_misc":{"Escrito por":"Jos\u00e9 Luis Panero","Tiempo de lectura":"3 minutos"},"schema":{"@context":"https:\/\/schema.org","@graph":[{"@type":"Article","@id":"https:\/\/www.cope.es\/blogs\/palomitas-de-maiz\/2020\/05\/20\/maria-angeles-almacellas-propone-educar-con-el-cine-22-peliculas-critica-libro\/#article","isPartOf":{"@id":"https:\/\/www.cope.es\/blogs\/palomitas-de-maiz\/2020\/05\/20\/maria-angeles-almacellas-propone-educar-con-el-cine-22-peliculas-critica-libro\/"},"author":{"name":"Jos\u00e9 Luis Panero","@id":"https:\/\/www.cope.es\/blogs\/palomitas-de-maiz\/#\/schema\/person\/9fb256f63733c964d19b06de1ca3c9ef"},"headline":"Mar\u00eda \u00c1ngeles Almacellas reivindica el modo de aprender a mirar el s\u00e9ptimo arte con su espl\u00e9ndido ejemplar \u2018Educar con el cine: 22 Pel\u00edculas\u2019","datePublished":"2020-05-19T22:06:57+00:00","dateModified":"2020-05-19T22:40:21+00:00","mainEntityOfPage":{"@id":"https:\/\/www.cope.es\/blogs\/palomitas-de-maiz\/2020\/05\/20\/maria-angeles-almacellas-propone-educar-con-el-cine-22-peliculas-critica-libro\/"},"wordCount":624,"commentCount":0,"image":{"@id":"https:\/\/www.cope.es\/blogs\/palomitas-de-maiz\/2020\/05\/20\/maria-angeles-almacellas-propone-educar-con-el-cine-22-peliculas-critica-libro\/#primaryimage"},"thumbnailUrl":"https:\/\/www.cope.es\/blogs\/palomitas-de-maiz\/wp-content\/uploads\/sites\/6\/2020\/05\/educar-con-el-cine-portada.jpg","keywords":["22 peliculas","Ben-Hur","cineforum","Descubrimiento de los valores a trav\u00e9s de la literatura y el cine","di\u00e1logo","Ediciones Internacionales Universitarias","Educar con el cine","Educar la inteligencia","EIUNSA","\u00e9tica","libros de cine","mar\u00eda angeles almacellas","m\u00e9todo pedag\u00f3gico","reflexion","s\u00e9ptimo arte","valores en el cine","William Wyler"],"articleSection":["actualidad","Cine","Cr\u00edtica de Cine","libros de cine","Valores"],"inLanguage":"es","potentialAction":[{"@type":"CommentAction","name":"Comment","target":["https:\/\/www.cope.es\/blogs\/palomitas-de-maiz\/2020\/05\/20\/maria-angeles-almacellas-propone-educar-con-el-cine-22-peliculas-critica-libro\/#respond"]}]},{"@type":"WebPage","@id":"https:\/\/www.cope.es\/blogs\/palomitas-de-maiz\/2020\/05\/20\/maria-angeles-almacellas-propone-educar-con-el-cine-22-peliculas-critica-libro\/","url":"https:\/\/www.cope.es\/blogs\/palomitas-de-maiz\/2020\/05\/20\/maria-angeles-almacellas-propone-educar-con-el-cine-22-peliculas-critica-libro\/","name":"Mar\u00eda \u00c1ngeles Almacellas propone \u2018Educar con el cine: 22 Pel\u00edculas\u2019","isPartOf":{"@id":"https:\/\/www.cope.es\/blogs\/palomitas-de-maiz\/#website"},"primaryImageOfPage":{"@id":"https:\/\/www.cope.es\/blogs\/palomitas-de-maiz\/2020\/05\/20\/maria-angeles-almacellas-propone-educar-con-el-cine-22-peliculas-critica-libro\/#primaryimage"},"image":{"@id":"https:\/\/www.cope.es\/blogs\/palomitas-de-maiz\/2020\/05\/20\/maria-angeles-almacellas-propone-educar-con-el-cine-22-peliculas-critica-libro\/#primaryimage"},"thumbnailUrl":"https:\/\/www.cope.es\/blogs\/palomitas-de-maiz\/wp-content\/uploads\/sites\/6\/2020\/05\/educar-con-el-cine-portada.jpg","datePublished":"2020-05-19T22:06:57+00:00","dateModified":"2020-05-19T22:40:21+00:00","author":{"@id":"https:\/\/www.cope.es\/blogs\/palomitas-de-maiz\/#\/schema\/person\/9fb256f63733c964d19b06de1ca3c9ef"},"description":"Mar\u00eda \u00c1ngeles Almacellas propone \u2018Educar con el cine: 22 Pel\u00edculas\u2019. Apasionante m\u00e9todo de interpretaci\u00f3n, completado con el comentario de 22 filmes","breadcrumb":{"@id":"https:\/\/www.cope.es\/blogs\/palomitas-de-maiz\/2020\/05\/20\/maria-angeles-almacellas-propone-educar-con-el-cine-22-peliculas-critica-libro\/#breadcrumb"},"inLanguage":"es","potentialAction":[{"@type":"ReadAction","target":["https:\/\/www.cope.es\/blogs\/palomitas-de-maiz\/2020\/05\/20\/maria-angeles-almacellas-propone-educar-con-el-cine-22-peliculas-critica-libro\/"]}]},{"@type":"ImageObject","inLanguage":"es","@id":"https:\/\/www.cope.es\/blogs\/palomitas-de-maiz\/2020\/05\/20\/maria-angeles-almacellas-propone-educar-con-el-cine-22-peliculas-critica-libro\/#primaryimage","url":"https:\/\/www.cope.es\/blogs\/palomitas-de-maiz\/wp-content\/uploads\/sites\/6\/2020\/05\/educar-con-el-cine-portada.jpg","contentUrl":"https:\/\/www.cope.es\/blogs\/palomitas-de-maiz\/wp-content\/uploads\/sites\/6\/2020\/05\/educar-con-el-cine-portada.jpg","width":725,"height":372,"caption":"https:\/\/www.cope.es\/blogs\/palomitas-de-maiz\/2020\/05\/20\/maria-angeles-almacellas-propone-educar-con-el-cine-22-peliculas-critica-libro\/"},{"@type":"BreadcrumbList","@id":"https:\/\/www.cope.es\/blogs\/palomitas-de-maiz\/2020\/05\/20\/maria-angeles-almacellas-propone-educar-con-el-cine-22-peliculas-critica-libro\/#breadcrumb","itemListElement":[{"@type":"ListItem","position":1,"name":"Portada","item":"https:\/\/www.cope.es\/blogs\/palomitas-de-maiz\/"},{"@type":"ListItem","position":2,"name":"Mar\u00eda \u00c1ngeles Almacellas reivindica el modo de aprender a mirar el s\u00e9ptimo arte con su espl\u00e9ndido ejemplar \u2018Educar con el cine: 22 Pel\u00edculas\u2019"}]},{"@type":"WebSite","@id":"https:\/\/www.cope.es\/blogs\/palomitas-de-maiz\/#website","url":"https:\/\/www.cope.es\/blogs\/palomitas-de-maiz\/","name":"Palomitas de Ma\u00edz","description":"Blog decano de cine de COPE","potentialAction":[{"@type":"SearchAction","target":{"@type":"EntryPoint","urlTemplate":"https:\/\/www.cope.es\/blogs\/palomitas-de-maiz\/?s={search_term_string}"},"query-input":{"@type":"PropertyValueSpecification","valueRequired":true,"valueName":"search_term_string"}}],"inLanguage":"es"},{"@type":"Person","@id":"https:\/\/www.cope.es\/blogs\/palomitas-de-maiz\/#\/schema\/person\/9fb256f63733c964d19b06de1ca3c9ef","name":"Jos\u00e9 Luis Panero","image":{"@type":"ImageObject","inLanguage":"es","@id":"https:\/\/secure.gravatar.com\/avatar\/2ef93951eab3cee25932a7219e566376cbf6ddedde3aa3098e7a971991a3ef12?s=96&d=mm&r=g","url":"https:\/\/secure.gravatar.com\/avatar\/2ef93951eab3cee25932a7219e566376cbf6ddedde3aa3098e7a971991a3ef12?s=96&d=mm&r=g","contentUrl":"https:\/\/secure.gravatar.com\/avatar\/2ef93951eab3cee25932a7219e566376cbf6ddedde3aa3098e7a971991a3ef12?s=96&d=mm&r=g","caption":"Jos\u00e9 Luis Panero"},"description":"Licenciado en Periodismo y en Comunicaci\u00f3n Audiovisual. Tras m\u00e1s de cuatro a\u00f1os en el diario 'La Gaceta de Los Negocios' y el programa f\u00edlmico 'Pantalla Grande', es cr\u00edtico de cine en 'Ciudad Nueva', 'Pantalla 90', 'COPE' o 'Aleteia' y cr\u00edtico de teatro en 'Hoy en la city'. Ha sido coguionista y ayudante de direcci\u00f3n de cine, ponente en los coloquios de cine del foro FNAC y profesor universitario en diferentes cursos de Periodismo Social. Desde 2003 es miembro del C\u00edrculo de Escritores Cinematogr\u00e1ficos (CEC). En 2008 fund\u00f3 en 'COPE' su blog de cine 'Palomitas de Ma\u00edz'. En 2017 fue nombrado Jurado Oficial del Festival Internacional de Cine de Fuengirola (M\u00e1laga) y ese a\u00f1o la instituci\u00f3n educativa Trinity College-Liceo Serrano le distingui\u00f3 con el nombramiento de 'Profesor de Honor' del centro y miembro ilustre del claustro de profesores. En 2019 fue nombrado Jurado Oficial del Festival Internacional de Cine de Vera (Almer\u00eda). En 2020 fue nombrado Jurado Oficial del Festival Internacional de Cine de Terror de La Mar Bella (Marbella). Como int\u00e9rprete ha sido galardonado con el Premio al Actor Principal del I Festival Nacional UNIR de teatro. Desde 2020 es acad\u00e9mico de las Artes Esc\u00e9nicas de Espa\u00f1a. En 2023 fue nombrado Jurado Oficial de los 'Premios Tal\u00eda' en su I Edici\u00f3n. Y miembro de ASHUMES (Asociaci\u00f3n del Humorismo Espa\u00f1ol) a partir de 2022. En 2023 fue nombrado Jurado Oficial de la II Edici\u00f3n de los 'Premios Godot'.","sameAs":["http:\/\/www.cope.es","https:\/\/www.facebook.com\/palomitero\/","https:\/\/www.instagram.com\/joseluispanero\/","https:\/\/www.linkedin.com\/in\/jos-luis-panero-gonzlez-barosa-7722a716\/","https:\/\/x.com\/PALOMITERO","https:\/\/www.youtube.com\/channel\/UCQYaNGiETUXUPXjYu9p3lNw\/videos?","https:\/\/es.wikipedia.org\/wiki\/Jos_Luis_Panero_Gonzlez-Barosa"],"url":"https:\/\/www.cope.es\/blogs\/palomitas-de-maiz\/author\/jlpanero\/"}]}},"amp_enabled":true,"_links":{"self":[{"href":"https:\/\/www.cope.es\/blogs\/palomitas-de-maiz\/wp-json\/wp\/v2\/posts\/5741","targetHints":{"allow":["GET"]}}],"collection":[{"href":"https:\/\/www.cope.es\/blogs\/palomitas-de-maiz\/wp-json\/wp\/v2\/posts"}],"about":[{"href":"https:\/\/www.cope.es\/blogs\/palomitas-de-maiz\/wp-json\/wp\/v2\/types\/post"}],"author":[{"embeddable":true,"href":"https:\/\/www.cope.es\/blogs\/palomitas-de-maiz\/wp-json\/wp\/v2\/users\/6"}],"replies":[{"embeddable":true,"href":"https:\/\/www.cope.es\/blogs\/palomitas-de-maiz\/wp-json\/wp\/v2\/comments?post=5741"}],"version-history":[{"count":2,"href":"https:\/\/www.cope.es\/blogs\/palomitas-de-maiz\/wp-json\/wp\/v2\/posts\/5741\/revisions"}],"predecessor-version":[{"id":5754,"href":"https:\/\/www.cope.es\/blogs\/palomitas-de-maiz\/wp-json\/wp\/v2\/posts\/5741\/revisions\/5754"}],"wp:featuredmedia":[{"embeddable":true,"href":"https:\/\/www.cope.es\/blogs\/palomitas-de-maiz\/wp-json\/wp\/v2\/media\/5742"}],"wp:attachment":[{"href":"https:\/\/www.cope.es\/blogs\/palomitas-de-maiz\/wp-json\/wp\/v2\/media?parent=5741"}],"wp:term":[{"taxonomy":"category","embeddable":true,"href":"https:\/\/www.cope.es\/blogs\/palomitas-de-maiz\/wp-json\/wp\/v2\/categories?post=5741"},{"taxonomy":"post_tag","embeddable":true,"href":"https:\/\/www.cope.es\/blogs\/palomitas-de-maiz\/wp-json\/wp\/v2\/tags?post=5741"}],"curies":[{"name":"wp","href":"https:\/\/api.w.org\/{rel}","templated":true}]}}