{"id":5587,"date":"2020-05-09T17:37:03","date_gmt":"2020-05-09T15:37:03","guid":{"rendered":"http:\/\/www.cope.es\/blogs\/palomitas-de-maiz\/?p=5587"},"modified":"2020-05-09T17:41:42","modified_gmt":"2020-05-09T15:41:42","slug":"buscando-a-eimish-termometro-fiel-para-examinar-tu-relacion-de-pareja-critica-cine","status":"publish","type":"post","link":"https:\/\/www.cope.es\/blogs\/palomitas-de-maiz\/2020\/05\/09\/buscando-a-eimish-termometro-fiel-para-examinar-tu-relacion-de-pareja-critica-cine\/","title":{"rendered":"Si no sabes en qu\u00e9 estado se encuentra tu relaci\u00f3n de pareja tienes que ver \u2018Buscando a Eimish\u2019"},"content":{"rendered":"<p>\u00a1Mis queridos palomiteros! \u2018Buscando a Eimish\u2019: Term\u00f3metro fiel para examinar tu relaci\u00f3n de pareja. El filme, tras su paso por el festival de M\u00e1laga -hace ocho a\u00f1os y en su XV edici\u00f3n-, se alz\u00f3 con el Premio SIGNIS-Espa\u00f1a.<\/p>\n<figure id=\"attachment_5588\" aria-describedby=\"caption-attachment-5588\" style=\"width: 725px\" class=\"wp-caption aligncenter\"><img loading=\"lazy\" decoding=\"async\" width=\"725\" height=\"1031\" class=\"wp-image-5588 size-full\" src=\"http:\/\/www.cope.es\/blogs\/palomitas-de-maiz\/wp-content\/uploads\/sites\/6\/2020\/05\/cartel-interior-buscando-a-eimish.jpg\" alt=\"Cartel promocional del filme | \u2018Buscando a Eimish\u2019: Term\u00f3metro fiel para examinar tu relaci\u00f3n de pareja\" srcset=\"https:\/\/www.cope.es\/blogs\/palomitas-de-maiz\/wp-content\/uploads\/sites\/6\/2020\/05\/cartel-interior-buscando-a-eimish.jpg 725w, https:\/\/www.cope.es\/blogs\/palomitas-de-maiz\/wp-content\/uploads\/sites\/6\/2020\/05\/cartel-interior-buscando-a-eimish-211x300.jpg 211w, https:\/\/www.cope.es\/blogs\/palomitas-de-maiz\/wp-content\/uploads\/sites\/6\/2020\/05\/cartel-interior-buscando-a-eimish-720x1024.jpg 720w\" sizes=\"auto, (max-width: 725px) 100vw, 725px\" \/><figcaption id=\"caption-attachment-5588\" class=\"wp-caption-text\"><strong>Cartel promocional del filme<\/strong> | \u2018Buscando a Eimish\u2019: Term\u00f3metro fiel para examinar tu relaci\u00f3n de pareja<\/figcaption><\/figure>\n<p>Se trata de un galard\u00f3n que valora la Asociaci\u00f3n Cat\u00f3lica Mundial para la Comunicaci\u00f3n \u201cpor su bella factura, su interesante propuesta a favor de la familia como comunidad de origen y de supervivencia social, su apertura a una visi\u00f3n esperanzada de la vida y por el modo amable de narrar unos viajes de redenci\u00f3n y de b\u00fasqueda identitaria\u201d.<\/p>\n<figure id=\"attachment_5590\" aria-describedby=\"caption-attachment-5590\" style=\"width: 725px\" class=\"wp-caption alignnone\"><img loading=\"lazy\" decoding=\"async\" width=\"725\" height=\"392\" class=\"wp-image-5590 size-full\" src=\"http:\/\/www.cope.es\/blogs\/palomitas-de-maiz\/wp-content\/uploads\/sites\/6\/2020\/05\/buscando-a-eimish-2.jpg\" alt=\"Manuela Vell\u00e9s | \u2018Buscando a Eimish\u2019: Term\u00f3metro fiel para examinar tu relaci\u00f3n de pareja\" srcset=\"https:\/\/www.cope.es\/blogs\/palomitas-de-maiz\/wp-content\/uploads\/sites\/6\/2020\/05\/buscando-a-eimish-2.jpg 725w, https:\/\/www.cope.es\/blogs\/palomitas-de-maiz\/wp-content\/uploads\/sites\/6\/2020\/05\/buscando-a-eimish-2-300x162.jpg 300w\" sizes=\"auto, (max-width: 725px) 100vw, 725px\" \/><figcaption id=\"caption-attachment-5590\" class=\"wp-caption-text\"><strong>Manuela Vell\u00e9s<\/strong> | \u2018Buscando a Eimish\u2019: Term\u00f3metro fiel para examinar tu relaci\u00f3n de pareja<\/figcaption><\/figure>\n<p>&nbsp;<\/p>\n<p>Por su lado, la pel\u00edcula supon\u00eda el debut en el largometraje de la guionista y realizadora espa\u00f1ola <a href=\"https:\/\/es.wikipedia.org\/wiki\/Ana_Rodr%C3%ADguez_Rosell\" target=\"_blank\"><strong>Ana Rodr\u00edguez Rosell<\/strong><\/a>, tras sus exitosos trabajos en los cortos <em>Yo y mi terraza<\/em> (2006), <em>Espera Fati<\/em> (2007) o <em>Quiero ser una gacela<\/em> (2009).<\/p>\n<p>Producida por <strong>Jana Films<\/strong> y distribuida en Espa\u00f1a por la laureada <strong><a href=\"https:\/\/edreamsfactory.es\/\" target=\"_blank\">European Dreams Factory<\/a><\/strong>, <em>Buscando a Eimish<\/em> es una loable e inteligente historia de amor de dos j\u00f3venes,<a href=\"http:\/\/www.cope.es\/blogs\/palomitas-de-maiz\/2020\/05\/07\/wong-kar-wai-insiste-en-que-seas-feliz-con-my-blueberry-nights-critica-cine\/\"> envuelta en una atm\u00f3sfera id\u00f3nea en busca de la felicidad<\/a> -de cierto halo est\u00e9tico muy interesante-, que no es otra cosa que el deseo de amar y ser amados. Pero el asunto se corrompe cuando uno de los miembros de la pareja se resiste al compromiso sentimental.<\/p>\n<figure id=\"attachment_5591\" aria-describedby=\"caption-attachment-5591\" style=\"width: 725px\" class=\"wp-caption aligncenter\"><img loading=\"lazy\" decoding=\"async\" width=\"725\" height=\"392\" class=\"wp-image-5591 size-full\" src=\"http:\/\/www.cope.es\/blogs\/palomitas-de-maiz\/wp-content\/uploads\/sites\/6\/2020\/05\/buscando-a-eimish-1.jpg\" alt=\"\u00d3scar Jaenada y Manuela Vell\u00e9s | \u2018Buscando a Eimish\u2019: Term\u00f3metro fiel para examinar tu relaci\u00f3n de pareja\" srcset=\"https:\/\/www.cope.es\/blogs\/palomitas-de-maiz\/wp-content\/uploads\/sites\/6\/2020\/05\/buscando-a-eimish-1.jpg 725w, https:\/\/www.cope.es\/blogs\/palomitas-de-maiz\/wp-content\/uploads\/sites\/6\/2020\/05\/buscando-a-eimish-1-300x162.jpg 300w\" sizes=\"auto, (max-width: 725px) 100vw, 725px\" \/><figcaption id=\"caption-attachment-5591\" class=\"wp-caption-text\"><strong>\u00d3scar Jaenada y Manuela Vell\u00e9s<\/strong> | \u2018Buscando a Eimish\u2019: Term\u00f3metro fiel para examinar tu relaci\u00f3n de pareja<\/figcaption><\/figure>\n<h2>\u2018Buscando a Eimish\u2019: Term\u00f3metro fiel para examinar tu relaci\u00f3n de pareja<\/h2>\n<p>La cinta comienza con la abrupta fuga de la enigm\u00e1tica Eimish, y\u00e9ndose de casa (<strong>Manuela \u00a0Vell\u00e9s<\/strong>), y de su novio Lucas (<strong>\u00d3scar Jaenada<\/strong>) que emprender\u00e1 un vertiginoso e intenso viaje en tren por Berl\u00edn, Verona y Borguetto, hasta recuperarla. Recuperarla para saber por qu\u00e9 ha huido y averiguar tambi\u00e9n qui\u00e9n es \u00e9l.<\/p>\n<figure id=\"attachment_5592\" aria-describedby=\"caption-attachment-5592\" style=\"width: 725px\" class=\"wp-caption aligncenter\"><img loading=\"lazy\" decoding=\"async\" width=\"725\" height=\"392\" class=\"wp-image-5592 size-full\" src=\"http:\/\/www.cope.es\/blogs\/palomitas-de-maiz\/wp-content\/uploads\/sites\/6\/2020\/05\/buscando-a-eimish-3.jpg\" alt=\"\u00d3scar Jaenada \" srcset=\"https:\/\/www.cope.es\/blogs\/palomitas-de-maiz\/wp-content\/uploads\/sites\/6\/2020\/05\/buscando-a-eimish-3.jpg 725w, https:\/\/www.cope.es\/blogs\/palomitas-de-maiz\/wp-content\/uploads\/sites\/6\/2020\/05\/buscando-a-eimish-3-300x162.jpg 300w\" sizes=\"auto, (max-width: 725px) 100vw, 725px\" \/><figcaption id=\"caption-attachment-5592\" class=\"wp-caption-text\"><strong>\u00d3scar Jaenada <\/strong><\/figcaption><\/figure>\n<p>Adem\u00e1s, <em>Buscando a Eimish<\/em> es una<strong> historia de amistad entendida como la familia que se va tejiendo<\/strong> a lo largo de nuestra vida. De la familia como unidad b\u00e1sica de supervivencia.<\/p>\n<p>A pesar de que el s\u00e9ptimo arte ha abusado del argumento en infinidad de filmes al uso, Rodr\u00edguez Rosell presenta un drama, con interesantes puntos de vista, que profundiza en las historias de aquellos seres que luchan por lo que quieren &#8211;<a href=\"http:\/\/www.cope.es\/blogs\/palomitas-de-maiz\/2019\/12\/25\/la-verdad-hirokazu-kore-eda-convence-con-un-vibrante-drama-familiar-cine-critica\/\">como ha hecho recientemente <strong>Kore-Eda<\/strong> con <em>La Verdad<\/em><\/a>-, que <strong>insisten en bucear en su interior hasta reconocerse por fin<\/strong>. La cineasta ha resuelto perfectamente ese puzle sin caer en la \u00f1o\u00f1er\u00eda ni el sentimentalismo f\u00e1cil y \u00e9se ha sido su mayor m\u00e9rito.<\/p>\n<figure id=\"attachment_5593\" aria-describedby=\"caption-attachment-5593\" style=\"width: 725px\" class=\"wp-caption aligncenter\"><img loading=\"lazy\" decoding=\"async\" width=\"725\" height=\"392\" class=\"wp-image-5593 size-full\" src=\"http:\/\/www.cope.es\/blogs\/palomitas-de-maiz\/wp-content\/uploads\/sites\/6\/2020\/05\/buscando-a-eimish-4.jpg\" alt=\"Fotograma del filme \" srcset=\"https:\/\/www.cope.es\/blogs\/palomitas-de-maiz\/wp-content\/uploads\/sites\/6\/2020\/05\/buscando-a-eimish-4.jpg 725w, https:\/\/www.cope.es\/blogs\/palomitas-de-maiz\/wp-content\/uploads\/sites\/6\/2020\/05\/buscando-a-eimish-4-300x162.jpg 300w\" sizes=\"auto, (max-width: 725px) 100vw, 725px\" \/><figcaption id=\"caption-attachment-5593\" class=\"wp-caption-text\"><strong>Fotograma del filme <\/strong><\/figcaption><\/figure>\n<h2>El drama profundiza en las historias de aquellos seres que luchan por lo que quieren<\/h2>\n<p>La pel\u00edcula cuenta con una excelente B.S.O., compuesta por<strong> Antonio Escobar<\/strong>, en la que podemos encontrar canciones originales desarrolladas por Alondra Bentley y Nine Stories, que ayudan a subrayar el car\u00e1cter intimista del filme a trav\u00e9s de una composici\u00f3n muy bien sintetizada.<\/p>\n<figure id=\"attachment_5594\" aria-describedby=\"caption-attachment-5594\" style=\"width: 725px\" class=\"wp-caption aligncenter\"><img loading=\"lazy\" decoding=\"async\" width=\"725\" height=\"392\" class=\"wp-image-5594 size-full\" src=\"http:\/\/www.cope.es\/blogs\/palomitas-de-maiz\/wp-content\/uploads\/sites\/6\/2020\/05\/buscando-a-eimish-5.jpg\" alt=\"Jan Cornet \" srcset=\"https:\/\/www.cope.es\/blogs\/palomitas-de-maiz\/wp-content\/uploads\/sites\/6\/2020\/05\/buscando-a-eimish-5.jpg 725w, https:\/\/www.cope.es\/blogs\/palomitas-de-maiz\/wp-content\/uploads\/sites\/6\/2020\/05\/buscando-a-eimish-5-300x162.jpg 300w\" sizes=\"auto, (max-width: 725px) 100vw, 725px\" \/><figcaption id=\"caption-attachment-5594\" class=\"wp-caption-text\"><strong>Jan Cornet <\/strong><\/figcaption><\/figure>\n<p>Adem\u00e1s, el tema principal, <em>Parking spaces<\/em>, est\u00e1 interpretado por la actriz Manuela Vell\u00e9s. Al tiempo, <em>Buscando a Eimish<\/em> <strong>goza de una espl\u00e9ndida puesta en escena<\/strong> naturalista -desde los t\u00edtulos de cr\u00e9dito del arranque-, el montaje de historias paralelas resulta redondo -con especial atenci\u00f3n a los saltos temporales- y <strong>todas las interpretaciones est\u00e1n suficientemente conseguidas<\/strong>, en especial la de <strong>Jan Cornet<\/strong> y sus protagonistas, los precitados Manuela Vell\u00e9s y \u00d3scar Jaenada.<\/p>\n<figure id=\"attachment_5595\" aria-describedby=\"caption-attachment-5595\" style=\"width: 725px\" class=\"wp-caption aligncenter\"><img loading=\"lazy\" decoding=\"async\" width=\"725\" height=\"392\" class=\"wp-image-5595 size-full\" src=\"http:\/\/www.cope.es\/blogs\/palomitas-de-maiz\/wp-content\/uploads\/sites\/6\/2020\/05\/buscando-a-eimish-6.jpg\" alt=\"Carlos Leal \" srcset=\"https:\/\/www.cope.es\/blogs\/palomitas-de-maiz\/wp-content\/uploads\/sites\/6\/2020\/05\/buscando-a-eimish-6.jpg 725w, https:\/\/www.cope.es\/blogs\/palomitas-de-maiz\/wp-content\/uploads\/sites\/6\/2020\/05\/buscando-a-eimish-6-300x162.jpg 300w\" sizes=\"auto, (max-width: 725px) 100vw, 725px\" \/><figcaption id=\"caption-attachment-5595\" class=\"wp-caption-text\"><strong>Carlos Leal <\/strong><\/figcaption><\/figure>\n<p>Una oportunidad, pues, de examinar las relaciones de pareja con hondura cr\u00edtica.<\/p>\n<p><iframe loading=\"lazy\" title=\"BUSCANDO A EIMISH- Trailer Oficial\" width=\"675\" height=\"380\" src=\"https:\/\/www.youtube.com\/embed\/1_jNhFYEm4I?feature=oembed\" frameborder=\"0\" allow=\"accelerometer; autoplay; encrypted-media; gyroscope; picture-in-picture\" allowfullscreen><\/iframe><\/p>\n","protected":false},"excerpt":{"rendered":"<p>\u00a1Mis queridos palomiteros! \u2018Buscando a Eimish\u2019: Term\u00f3metro fiel para examinar tu relaci\u00f3n de pareja. El filme, tras su paso por el festival de M\u00e1laga -hace ocho a\u00f1os y en su XV edici\u00f3n-, se alz\u00f3 con el Premio SIGNIS-Espa\u00f1a. Se trata de un galard\u00f3n que valora la Asociaci\u00f3n Cat\u00f3lica Mundial para la Comunicaci\u00f3n \u201cpor su bella [&hellip;]<\/p>\n","protected":false},"author":6,"featured_media":5596,"comment_status":"open","ping_status":"open","sticky":false,"template":"","format":"standard","meta":{"footnotes":""},"categories":[336,49,88,3833],"tags":[5757,5758,5771,5767,5756,5764,44,5765,102,238,3783,5762,2041,427,3828,5763,5768,5770,5761,5760,5759,5755,5766,5769,775],"class_list":["post-5587","post","type-post","status-publish","format-standard","has-post-thumbnail","hentry","category-actualidad","category-cine","category-critica-de-cine","category-drama-romantico","tag-ana-rodriguez-rosell","tag-antonio-escobar","tag-asociacion-catolica-mundial-para-la-comunicacion","tag-birol-unel","tag-buscando-a-eimish","tag-carlos-leal","tag-cine","tag-clara-wurnell","tag-critica-de-cine","tag-drama","tag-drama-romantico","tag-emma-suarez","tag-european-dreams-factory","tag-familia","tag-felicidad","tag-jan-cornet","tag-jana-films","tag-malaga","tag-manuela-velles","tag-oscar-jaenada","tag-pau-mirabet","tag-relaciones-de-pareja","tag-roberto-hoyas","tag-signis","tag-valores"],"yoast_head":"<!-- This site is optimized with the Yoast SEO plugin v27.4 - https:\/\/yoast.com\/product\/yoast-seo-wordpress\/ -->\n<title>\u2018Buscando a Eimish\u2019: Term\u00f3metro fiel para examinar tu relaci\u00f3n de pareja<\/title>\n<meta name=\"description\" content=\"\u2018Buscando a Eimish\u2019: Term\u00f3metro fiel para examinar tu relaci\u00f3n de pareja. Gran debut en el largo de la guionista y realizadora espa\u00f1ola Ana Rodr\u00edguez Rosell\" \/>\n<meta name=\"robots\" content=\"index, follow, max-snippet:-1, max-image-preview:large, max-video-preview:-1\" \/>\n<link rel=\"canonical\" href=\"https:\/\/www.cope.es\/blogs\/palomitas-de-maiz\/2020\/05\/09\/buscando-a-eimish-termometro-fiel-para-examinar-tu-relacion-de-pareja-critica-cine\/\" \/>\n<meta property=\"og:locale\" content=\"es_ES\" \/>\n<meta property=\"og:type\" content=\"article\" \/>\n<meta property=\"og:title\" content=\"\u2018Buscando a Eimish\u2019: Term\u00f3metro fiel para examinar tu relaci\u00f3n de pareja\" \/>\n<meta property=\"og:description\" content=\"\u2018Buscando a Eimish\u2019: Term\u00f3metro fiel para examinar tu relaci\u00f3n de pareja. Gran debut en el largo de la guionista y realizadora espa\u00f1ola Ana Rodr\u00edguez Rosell\" \/>\n<meta property=\"og:url\" content=\"https:\/\/www.cope.es\/blogs\/palomitas-de-maiz\/2020\/05\/09\/buscando-a-eimish-termometro-fiel-para-examinar-tu-relacion-de-pareja-critica-cine\/\" \/>\n<meta property=\"og:site_name\" content=\"Palomitas de Ma\u00edz\" \/>\n<meta property=\"article:publisher\" content=\"https:\/\/www.facebook.com\/cope\/\" \/>\n<meta property=\"article:author\" content=\"https:\/\/www.facebook.com\/palomitero\/\" \/>\n<meta property=\"article:published_time\" content=\"2020-05-09T15:37:03+00:00\" \/>\n<meta property=\"article:modified_time\" content=\"2020-05-09T15:41:42+00:00\" \/>\n<meta property=\"og:image\" content=\"https:\/\/www.cope.es\/blogs\/palomitas-de-maiz\/wp-content\/uploads\/sites\/6\/2020\/05\/cartel-portada-buscando-a-eimish.jpg\" \/>\n\t<meta property=\"og:image:width\" content=\"725\" \/>\n\t<meta property=\"og:image:height\" content=\"371\" \/>\n\t<meta property=\"og:image:type\" content=\"image\/jpeg\" \/>\n<meta name=\"author\" content=\"Jos\u00e9 Luis Panero\" \/>\n<meta name=\"twitter:card\" content=\"summary_large_image\" \/>\n<meta name=\"twitter:creator\" content=\"@PALOMITERO\" \/>\n<meta name=\"twitter:site\" content=\"@cope_es\" \/>\n<meta name=\"twitter:label1\" content=\"Escrito por\" \/>\n\t<meta name=\"twitter:data1\" content=\"Jos\u00e9 Luis Panero\" \/>\n\t<meta name=\"twitter:label2\" content=\"Tiempo de lectura\" \/>\n\t<meta name=\"twitter:data2\" content=\"3 minutos\" \/>\n<script type=\"application\/ld+json\" class=\"yoast-schema-graph\">{\"@context\":\"https:\\\/\\\/schema.org\",\"@graph\":[{\"@type\":\"Article\",\"@id\":\"https:\\\/\\\/www.cope.es\\\/blogs\\\/palomitas-de-maiz\\\/2020\\\/05\\\/09\\\/buscando-a-eimish-termometro-fiel-para-examinar-tu-relacion-de-pareja-critica-cine\\\/#article\",\"isPartOf\":{\"@id\":\"https:\\\/\\\/www.cope.es\\\/blogs\\\/palomitas-de-maiz\\\/2020\\\/05\\\/09\\\/buscando-a-eimish-termometro-fiel-para-examinar-tu-relacion-de-pareja-critica-cine\\\/\"},\"author\":{\"name\":\"Jos\u00e9 Luis Panero\",\"@id\":\"https:\\\/\\\/www.cope.es\\\/blogs\\\/palomitas-de-maiz\\\/#\\\/schema\\\/person\\\/9fb256f63733c964d19b06de1ca3c9ef\"},\"headline\":\"Si no sabes en qu\u00e9 estado se encuentra tu relaci\u00f3n de pareja tienes que ver \u2018Buscando a Eimish\u2019\",\"datePublished\":\"2020-05-09T15:37:03+00:00\",\"dateModified\":\"2020-05-09T15:41:42+00:00\",\"mainEntityOfPage\":{\"@id\":\"https:\\\/\\\/www.cope.es\\\/blogs\\\/palomitas-de-maiz\\\/2020\\\/05\\\/09\\\/buscando-a-eimish-termometro-fiel-para-examinar-tu-relacion-de-pareja-critica-cine\\\/\"},\"wordCount\":717,\"commentCount\":0,\"image\":{\"@id\":\"https:\\\/\\\/www.cope.es\\\/blogs\\\/palomitas-de-maiz\\\/2020\\\/05\\\/09\\\/buscando-a-eimish-termometro-fiel-para-examinar-tu-relacion-de-pareja-critica-cine\\\/#primaryimage\"},\"thumbnailUrl\":\"https:\\\/\\\/www.cope.es\\\/blogs\\\/palomitas-de-maiz\\\/wp-content\\\/uploads\\\/sites\\\/6\\\/2020\\\/05\\\/cartel-portada-buscando-a-eimish.jpg\",\"keywords\":[\"Ana Rodr\u00edguez Rosell\",\"Antonio Escobar\",\"Asociaci\u00f3n Cat\u00f3lica Mundial para la Comunicaci\u00f3n\",\"Birol \u00dcnel\",\"buscando a eimish\",\"Carlos Leal\",\"cine\",\"Clara W\u00fcrnell\",\"cr\u00edtica de cine\",\"drama\",\"drama rom\u00e1ntico\",\"Emma Su\u00e1rez\",\"european dreams factory\",\"familia\",\"felicidad\",\"Jan Cornet\",\"Jana Films\",\"m\u00e1laga\",\"Manuela Vell\u00e9s\",\"\u00d3scar Jaenada\",\"Pau Mirabet\",\"relaciones de pareja\",\"Roberto Hoyas\",\"signis\",\"valores\"],\"articleSection\":[\"actualidad\",\"Cine\",\"Cr\u00edtica de Cine\",\"drama rom\u00e1ntico\"],\"inLanguage\":\"es\",\"potentialAction\":[{\"@type\":\"CommentAction\",\"name\":\"Comment\",\"target\":[\"https:\\\/\\\/www.cope.es\\\/blogs\\\/palomitas-de-maiz\\\/2020\\\/05\\\/09\\\/buscando-a-eimish-termometro-fiel-para-examinar-tu-relacion-de-pareja-critica-cine\\\/#respond\"]}]},{\"@type\":\"WebPage\",\"@id\":\"https:\\\/\\\/www.cope.es\\\/blogs\\\/palomitas-de-maiz\\\/2020\\\/05\\\/09\\\/buscando-a-eimish-termometro-fiel-para-examinar-tu-relacion-de-pareja-critica-cine\\\/\",\"url\":\"https:\\\/\\\/www.cope.es\\\/blogs\\\/palomitas-de-maiz\\\/2020\\\/05\\\/09\\\/buscando-a-eimish-termometro-fiel-para-examinar-tu-relacion-de-pareja-critica-cine\\\/\",\"name\":\"\u2018Buscando a Eimish\u2019: Term\u00f3metro fiel para examinar tu relaci\u00f3n de pareja\",\"isPartOf\":{\"@id\":\"https:\\\/\\\/www.cope.es\\\/blogs\\\/palomitas-de-maiz\\\/#website\"},\"primaryImageOfPage\":{\"@id\":\"https:\\\/\\\/www.cope.es\\\/blogs\\\/palomitas-de-maiz\\\/2020\\\/05\\\/09\\\/buscando-a-eimish-termometro-fiel-para-examinar-tu-relacion-de-pareja-critica-cine\\\/#primaryimage\"},\"image\":{\"@id\":\"https:\\\/\\\/www.cope.es\\\/blogs\\\/palomitas-de-maiz\\\/2020\\\/05\\\/09\\\/buscando-a-eimish-termometro-fiel-para-examinar-tu-relacion-de-pareja-critica-cine\\\/#primaryimage\"},\"thumbnailUrl\":\"https:\\\/\\\/www.cope.es\\\/blogs\\\/palomitas-de-maiz\\\/wp-content\\\/uploads\\\/sites\\\/6\\\/2020\\\/05\\\/cartel-portada-buscando-a-eimish.jpg\",\"datePublished\":\"2020-05-09T15:37:03+00:00\",\"dateModified\":\"2020-05-09T15:41:42+00:00\",\"author\":{\"@id\":\"https:\\\/\\\/www.cope.es\\\/blogs\\\/palomitas-de-maiz\\\/#\\\/schema\\\/person\\\/9fb256f63733c964d19b06de1ca3c9ef\"},\"description\":\"\u2018Buscando a Eimish\u2019: Term\u00f3metro fiel para examinar tu relaci\u00f3n de pareja. Gran debut en el largo de la guionista y realizadora espa\u00f1ola Ana Rodr\u00edguez Rosell\",\"breadcrumb\":{\"@id\":\"https:\\\/\\\/www.cope.es\\\/blogs\\\/palomitas-de-maiz\\\/2020\\\/05\\\/09\\\/buscando-a-eimish-termometro-fiel-para-examinar-tu-relacion-de-pareja-critica-cine\\\/#breadcrumb\"},\"inLanguage\":\"es\",\"potentialAction\":[{\"@type\":\"ReadAction\",\"target\":[\"https:\\\/\\\/www.cope.es\\\/blogs\\\/palomitas-de-maiz\\\/2020\\\/05\\\/09\\\/buscando-a-eimish-termometro-fiel-para-examinar-tu-relacion-de-pareja-critica-cine\\\/\"]}]},{\"@type\":\"ImageObject\",\"inLanguage\":\"es\",\"@id\":\"https:\\\/\\\/www.cope.es\\\/blogs\\\/palomitas-de-maiz\\\/2020\\\/05\\\/09\\\/buscando-a-eimish-termometro-fiel-para-examinar-tu-relacion-de-pareja-critica-cine\\\/#primaryimage\",\"url\":\"https:\\\/\\\/www.cope.es\\\/blogs\\\/palomitas-de-maiz\\\/wp-content\\\/uploads\\\/sites\\\/6\\\/2020\\\/05\\\/cartel-portada-buscando-a-eimish.jpg\",\"contentUrl\":\"https:\\\/\\\/www.cope.es\\\/blogs\\\/palomitas-de-maiz\\\/wp-content\\\/uploads\\\/sites\\\/6\\\/2020\\\/05\\\/cartel-portada-buscando-a-eimish.jpg\",\"width\":725,\"height\":371,\"caption\":\"https:\\\/\\\/www.cope.es\\\/blogs\\\/palomitas-de-maiz\\\/2020\\\/05\\\/09\\\/buscando-a-eimish-termometro-fiel-para-examinar-tu-relacion-de-pareja-critica-cine\\\/\"},{\"@type\":\"BreadcrumbList\",\"@id\":\"https:\\\/\\\/www.cope.es\\\/blogs\\\/palomitas-de-maiz\\\/2020\\\/05\\\/09\\\/buscando-a-eimish-termometro-fiel-para-examinar-tu-relacion-de-pareja-critica-cine\\\/#breadcrumb\",\"itemListElement\":[{\"@type\":\"ListItem\",\"position\":1,\"name\":\"Portada\",\"item\":\"https:\\\/\\\/www.cope.es\\\/blogs\\\/palomitas-de-maiz\\\/\"},{\"@type\":\"ListItem\",\"position\":2,\"name\":\"Si no sabes en qu\u00e9 estado se encuentra tu relaci\u00f3n de pareja tienes que ver \u2018Buscando a Eimish\u2019\"}]},{\"@type\":\"WebSite\",\"@id\":\"https:\\\/\\\/www.cope.es\\\/blogs\\\/palomitas-de-maiz\\\/#website\",\"url\":\"https:\\\/\\\/www.cope.es\\\/blogs\\\/palomitas-de-maiz\\\/\",\"name\":\"Palomitas de Ma\u00edz\",\"description\":\"Blog decano de cine de COPE\",\"potentialAction\":[{\"@type\":\"SearchAction\",\"target\":{\"@type\":\"EntryPoint\",\"urlTemplate\":\"https:\\\/\\\/www.cope.es\\\/blogs\\\/palomitas-de-maiz\\\/?s={search_term_string}\"},\"query-input\":{\"@type\":\"PropertyValueSpecification\",\"valueRequired\":true,\"valueName\":\"search_term_string\"}}],\"inLanguage\":\"es\"},{\"@type\":\"Person\",\"@id\":\"https:\\\/\\\/www.cope.es\\\/blogs\\\/palomitas-de-maiz\\\/#\\\/schema\\\/person\\\/9fb256f63733c964d19b06de1ca3c9ef\",\"name\":\"Jos\u00e9 Luis Panero\",\"image\":{\"@type\":\"ImageObject\",\"inLanguage\":\"es\",\"@id\":\"https:\\\/\\\/secure.gravatar.com\\\/avatar\\\/2ef93951eab3cee25932a7219e566376cbf6ddedde3aa3098e7a971991a3ef12?s=96&d=mm&r=g\",\"url\":\"https:\\\/\\\/secure.gravatar.com\\\/avatar\\\/2ef93951eab3cee25932a7219e566376cbf6ddedde3aa3098e7a971991a3ef12?s=96&d=mm&r=g\",\"contentUrl\":\"https:\\\/\\\/secure.gravatar.com\\\/avatar\\\/2ef93951eab3cee25932a7219e566376cbf6ddedde3aa3098e7a971991a3ef12?s=96&d=mm&r=g\",\"caption\":\"Jos\u00e9 Luis Panero\"},\"description\":\"Licenciado en Periodismo y en Comunicaci\u00f3n Audiovisual. Tras m\u00e1s de cuatro a\u00f1os en el diario 'La Gaceta de Los Negocios' y el programa f\u00edlmico 'Pantalla Grande', es cr\u00edtico de cine en 'Ciudad Nueva', 'Pantalla 90', 'COPE' o 'Aleteia' y cr\u00edtico de teatro en 'Hoy en la city'. Ha sido coguionista y ayudante de direcci\u00f3n de cine, ponente en los coloquios de cine del foro FNAC y profesor universitario en diferentes cursos de Periodismo Social. Desde 2003 es miembro del C\u00edrculo de Escritores Cinematogr\u00e1ficos (CEC). En 2008 fund\u00f3 en 'COPE' su blog de cine 'Palomitas de Ma\u00edz'. En 2017 fue nombrado Jurado Oficial del Festival Internacional de Cine de Fuengirola (M\u00e1laga) y ese a\u00f1o la instituci\u00f3n educativa Trinity College-Liceo Serrano le distingui\u00f3 con el nombramiento de 'Profesor de Honor' del centro y miembro ilustre del claustro de profesores. En 2019 fue nombrado Jurado Oficial del Festival Internacional de Cine de Vera (Almer\u00eda). En 2020 fue nombrado Jurado Oficial del Festival Internacional de Cine de Terror de La Mar Bella (Marbella). Como int\u00e9rprete ha sido galardonado con el Premio al Actor Principal del I Festival Nacional UNIR de teatro. Desde 2020 es acad\u00e9mico de las Artes Esc\u00e9nicas de Espa\u00f1a. En 2023 fue nombrado Jurado Oficial de los 'Premios Tal\u00eda' en su I Edici\u00f3n. Y miembro de ASHUMES (Asociaci\u00f3n del Humorismo Espa\u00f1ol) a partir de 2022. En 2023 fue nombrado Jurado Oficial de la II Edici\u00f3n de los 'Premios Godot'.\",\"sameAs\":[\"http:\\\/\\\/www.cope.es\",\"https:\\\/\\\/www.facebook.com\\\/palomitero\\\/\",\"https:\\\/\\\/www.instagram.com\\\/joseluispanero\\\/\",\"https:\\\/\\\/www.linkedin.com\\\/in\\\/jos-luis-panero-gonzlez-barosa-7722a716\\\/\",\"https:\\\/\\\/x.com\\\/PALOMITERO\",\"https:\\\/\\\/www.youtube.com\\\/channel\\\/UCQYaNGiETUXUPXjYu9p3lNw\\\/videos?\",\"https:\\\/\\\/es.wikipedia.org\\\/wiki\\\/Jos_Luis_Panero_Gonzlez-Barosa\"],\"url\":\"https:\\\/\\\/www.cope.es\\\/blogs\\\/palomitas-de-maiz\\\/author\\\/jlpanero\\\/\"}]}<\/script>\n<!-- \/ Yoast SEO plugin. -->","yoast_head_json":{"title":"\u2018Buscando a Eimish\u2019: Term\u00f3metro fiel para examinar tu relaci\u00f3n de pareja","description":"\u2018Buscando a Eimish\u2019: Term\u00f3metro fiel para examinar tu relaci\u00f3n de pareja. Gran debut en el largo de la guionista y realizadora espa\u00f1ola Ana Rodr\u00edguez Rosell","robots":{"index":"index","follow":"follow","max-snippet":"max-snippet:-1","max-image-preview":"max-image-preview:large","max-video-preview":"max-video-preview:-1"},"canonical":"https:\/\/www.cope.es\/blogs\/palomitas-de-maiz\/2020\/05\/09\/buscando-a-eimish-termometro-fiel-para-examinar-tu-relacion-de-pareja-critica-cine\/","og_locale":"es_ES","og_type":"article","og_title":"\u2018Buscando a Eimish\u2019: Term\u00f3metro fiel para examinar tu relaci\u00f3n de pareja","og_description":"\u2018Buscando a Eimish\u2019: Term\u00f3metro fiel para examinar tu relaci\u00f3n de pareja. Gran debut en el largo de la guionista y realizadora espa\u00f1ola Ana Rodr\u00edguez Rosell","og_url":"https:\/\/www.cope.es\/blogs\/palomitas-de-maiz\/2020\/05\/09\/buscando-a-eimish-termometro-fiel-para-examinar-tu-relacion-de-pareja-critica-cine\/","og_site_name":"Palomitas de Ma\u00edz","article_publisher":"https:\/\/www.facebook.com\/cope\/","article_author":"https:\/\/www.facebook.com\/palomitero\/","article_published_time":"2020-05-09T15:37:03+00:00","article_modified_time":"2020-05-09T15:41:42+00:00","og_image":[{"width":725,"height":371,"url":"https:\/\/www.cope.es\/blogs\/palomitas-de-maiz\/wp-content\/uploads\/sites\/6\/2020\/05\/cartel-portada-buscando-a-eimish.jpg","type":"image\/jpeg"}],"author":"Jos\u00e9 Luis Panero","twitter_card":"summary_large_image","twitter_creator":"@PALOMITERO","twitter_site":"@cope_es","twitter_misc":{"Escrito por":"Jos\u00e9 Luis Panero","Tiempo de lectura":"3 minutos"},"schema":{"@context":"https:\/\/schema.org","@graph":[{"@type":"Article","@id":"https:\/\/www.cope.es\/blogs\/palomitas-de-maiz\/2020\/05\/09\/buscando-a-eimish-termometro-fiel-para-examinar-tu-relacion-de-pareja-critica-cine\/#article","isPartOf":{"@id":"https:\/\/www.cope.es\/blogs\/palomitas-de-maiz\/2020\/05\/09\/buscando-a-eimish-termometro-fiel-para-examinar-tu-relacion-de-pareja-critica-cine\/"},"author":{"name":"Jos\u00e9 Luis Panero","@id":"https:\/\/www.cope.es\/blogs\/palomitas-de-maiz\/#\/schema\/person\/9fb256f63733c964d19b06de1ca3c9ef"},"headline":"Si no sabes en qu\u00e9 estado se encuentra tu relaci\u00f3n de pareja tienes que ver \u2018Buscando a Eimish\u2019","datePublished":"2020-05-09T15:37:03+00:00","dateModified":"2020-05-09T15:41:42+00:00","mainEntityOfPage":{"@id":"https:\/\/www.cope.es\/blogs\/palomitas-de-maiz\/2020\/05\/09\/buscando-a-eimish-termometro-fiel-para-examinar-tu-relacion-de-pareja-critica-cine\/"},"wordCount":717,"commentCount":0,"image":{"@id":"https:\/\/www.cope.es\/blogs\/palomitas-de-maiz\/2020\/05\/09\/buscando-a-eimish-termometro-fiel-para-examinar-tu-relacion-de-pareja-critica-cine\/#primaryimage"},"thumbnailUrl":"https:\/\/www.cope.es\/blogs\/palomitas-de-maiz\/wp-content\/uploads\/sites\/6\/2020\/05\/cartel-portada-buscando-a-eimish.jpg","keywords":["Ana Rodr\u00edguez Rosell","Antonio Escobar","Asociaci\u00f3n Cat\u00f3lica Mundial para la Comunicaci\u00f3n","Birol \u00dcnel","buscando a eimish","Carlos Leal","cine","Clara W\u00fcrnell","cr\u00edtica de cine","drama","drama rom\u00e1ntico","Emma Su\u00e1rez","european dreams factory","familia","felicidad","Jan Cornet","Jana Films","m\u00e1laga","Manuela Vell\u00e9s","\u00d3scar Jaenada","Pau Mirabet","relaciones de pareja","Roberto Hoyas","signis","valores"],"articleSection":["actualidad","Cine","Cr\u00edtica de Cine","drama rom\u00e1ntico"],"inLanguage":"es","potentialAction":[{"@type":"CommentAction","name":"Comment","target":["https:\/\/www.cope.es\/blogs\/palomitas-de-maiz\/2020\/05\/09\/buscando-a-eimish-termometro-fiel-para-examinar-tu-relacion-de-pareja-critica-cine\/#respond"]}]},{"@type":"WebPage","@id":"https:\/\/www.cope.es\/blogs\/palomitas-de-maiz\/2020\/05\/09\/buscando-a-eimish-termometro-fiel-para-examinar-tu-relacion-de-pareja-critica-cine\/","url":"https:\/\/www.cope.es\/blogs\/palomitas-de-maiz\/2020\/05\/09\/buscando-a-eimish-termometro-fiel-para-examinar-tu-relacion-de-pareja-critica-cine\/","name":"\u2018Buscando a Eimish\u2019: Term\u00f3metro fiel para examinar tu relaci\u00f3n de pareja","isPartOf":{"@id":"https:\/\/www.cope.es\/blogs\/palomitas-de-maiz\/#website"},"primaryImageOfPage":{"@id":"https:\/\/www.cope.es\/blogs\/palomitas-de-maiz\/2020\/05\/09\/buscando-a-eimish-termometro-fiel-para-examinar-tu-relacion-de-pareja-critica-cine\/#primaryimage"},"image":{"@id":"https:\/\/www.cope.es\/blogs\/palomitas-de-maiz\/2020\/05\/09\/buscando-a-eimish-termometro-fiel-para-examinar-tu-relacion-de-pareja-critica-cine\/#primaryimage"},"thumbnailUrl":"https:\/\/www.cope.es\/blogs\/palomitas-de-maiz\/wp-content\/uploads\/sites\/6\/2020\/05\/cartel-portada-buscando-a-eimish.jpg","datePublished":"2020-05-09T15:37:03+00:00","dateModified":"2020-05-09T15:41:42+00:00","author":{"@id":"https:\/\/www.cope.es\/blogs\/palomitas-de-maiz\/#\/schema\/person\/9fb256f63733c964d19b06de1ca3c9ef"},"description":"\u2018Buscando a Eimish\u2019: Term\u00f3metro fiel para examinar tu relaci\u00f3n de pareja. Gran debut en el largo de la guionista y realizadora espa\u00f1ola Ana Rodr\u00edguez Rosell","breadcrumb":{"@id":"https:\/\/www.cope.es\/blogs\/palomitas-de-maiz\/2020\/05\/09\/buscando-a-eimish-termometro-fiel-para-examinar-tu-relacion-de-pareja-critica-cine\/#breadcrumb"},"inLanguage":"es","potentialAction":[{"@type":"ReadAction","target":["https:\/\/www.cope.es\/blogs\/palomitas-de-maiz\/2020\/05\/09\/buscando-a-eimish-termometro-fiel-para-examinar-tu-relacion-de-pareja-critica-cine\/"]}]},{"@type":"ImageObject","inLanguage":"es","@id":"https:\/\/www.cope.es\/blogs\/palomitas-de-maiz\/2020\/05\/09\/buscando-a-eimish-termometro-fiel-para-examinar-tu-relacion-de-pareja-critica-cine\/#primaryimage","url":"https:\/\/www.cope.es\/blogs\/palomitas-de-maiz\/wp-content\/uploads\/sites\/6\/2020\/05\/cartel-portada-buscando-a-eimish.jpg","contentUrl":"https:\/\/www.cope.es\/blogs\/palomitas-de-maiz\/wp-content\/uploads\/sites\/6\/2020\/05\/cartel-portada-buscando-a-eimish.jpg","width":725,"height":371,"caption":"https:\/\/www.cope.es\/blogs\/palomitas-de-maiz\/2020\/05\/09\/buscando-a-eimish-termometro-fiel-para-examinar-tu-relacion-de-pareja-critica-cine\/"},{"@type":"BreadcrumbList","@id":"https:\/\/www.cope.es\/blogs\/palomitas-de-maiz\/2020\/05\/09\/buscando-a-eimish-termometro-fiel-para-examinar-tu-relacion-de-pareja-critica-cine\/#breadcrumb","itemListElement":[{"@type":"ListItem","position":1,"name":"Portada","item":"https:\/\/www.cope.es\/blogs\/palomitas-de-maiz\/"},{"@type":"ListItem","position":2,"name":"Si no sabes en qu\u00e9 estado se encuentra tu relaci\u00f3n de pareja tienes que ver \u2018Buscando a Eimish\u2019"}]},{"@type":"WebSite","@id":"https:\/\/www.cope.es\/blogs\/palomitas-de-maiz\/#website","url":"https:\/\/www.cope.es\/blogs\/palomitas-de-maiz\/","name":"Palomitas de Ma\u00edz","description":"Blog decano de cine de COPE","potentialAction":[{"@type":"SearchAction","target":{"@type":"EntryPoint","urlTemplate":"https:\/\/www.cope.es\/blogs\/palomitas-de-maiz\/?s={search_term_string}"},"query-input":{"@type":"PropertyValueSpecification","valueRequired":true,"valueName":"search_term_string"}}],"inLanguage":"es"},{"@type":"Person","@id":"https:\/\/www.cope.es\/blogs\/palomitas-de-maiz\/#\/schema\/person\/9fb256f63733c964d19b06de1ca3c9ef","name":"Jos\u00e9 Luis Panero","image":{"@type":"ImageObject","inLanguage":"es","@id":"https:\/\/secure.gravatar.com\/avatar\/2ef93951eab3cee25932a7219e566376cbf6ddedde3aa3098e7a971991a3ef12?s=96&d=mm&r=g","url":"https:\/\/secure.gravatar.com\/avatar\/2ef93951eab3cee25932a7219e566376cbf6ddedde3aa3098e7a971991a3ef12?s=96&d=mm&r=g","contentUrl":"https:\/\/secure.gravatar.com\/avatar\/2ef93951eab3cee25932a7219e566376cbf6ddedde3aa3098e7a971991a3ef12?s=96&d=mm&r=g","caption":"Jos\u00e9 Luis Panero"},"description":"Licenciado en Periodismo y en Comunicaci\u00f3n Audiovisual. Tras m\u00e1s de cuatro a\u00f1os en el diario 'La Gaceta de Los Negocios' y el programa f\u00edlmico 'Pantalla Grande', es cr\u00edtico de cine en 'Ciudad Nueva', 'Pantalla 90', 'COPE' o 'Aleteia' y cr\u00edtico de teatro en 'Hoy en la city'. Ha sido coguionista y ayudante de direcci\u00f3n de cine, ponente en los coloquios de cine del foro FNAC y profesor universitario en diferentes cursos de Periodismo Social. Desde 2003 es miembro del C\u00edrculo de Escritores Cinematogr\u00e1ficos (CEC). En 2008 fund\u00f3 en 'COPE' su blog de cine 'Palomitas de Ma\u00edz'. En 2017 fue nombrado Jurado Oficial del Festival Internacional de Cine de Fuengirola (M\u00e1laga) y ese a\u00f1o la instituci\u00f3n educativa Trinity College-Liceo Serrano le distingui\u00f3 con el nombramiento de 'Profesor de Honor' del centro y miembro ilustre del claustro de profesores. En 2019 fue nombrado Jurado Oficial del Festival Internacional de Cine de Vera (Almer\u00eda). En 2020 fue nombrado Jurado Oficial del Festival Internacional de Cine de Terror de La Mar Bella (Marbella). Como int\u00e9rprete ha sido galardonado con el Premio al Actor Principal del I Festival Nacional UNIR de teatro. Desde 2020 es acad\u00e9mico de las Artes Esc\u00e9nicas de Espa\u00f1a. En 2023 fue nombrado Jurado Oficial de los 'Premios Tal\u00eda' en su I Edici\u00f3n. Y miembro de ASHUMES (Asociaci\u00f3n del Humorismo Espa\u00f1ol) a partir de 2022. En 2023 fue nombrado Jurado Oficial de la II Edici\u00f3n de los 'Premios Godot'.","sameAs":["http:\/\/www.cope.es","https:\/\/www.facebook.com\/palomitero\/","https:\/\/www.instagram.com\/joseluispanero\/","https:\/\/www.linkedin.com\/in\/jos-luis-panero-gonzlez-barosa-7722a716\/","https:\/\/x.com\/PALOMITERO","https:\/\/www.youtube.com\/channel\/UCQYaNGiETUXUPXjYu9p3lNw\/videos?","https:\/\/es.wikipedia.org\/wiki\/Jos_Luis_Panero_Gonzlez-Barosa"],"url":"https:\/\/www.cope.es\/blogs\/palomitas-de-maiz\/author\/jlpanero\/"}]}},"amp_enabled":true,"_links":{"self":[{"href":"https:\/\/www.cope.es\/blogs\/palomitas-de-maiz\/wp-json\/wp\/v2\/posts\/5587","targetHints":{"allow":["GET"]}}],"collection":[{"href":"https:\/\/www.cope.es\/blogs\/palomitas-de-maiz\/wp-json\/wp\/v2\/posts"}],"about":[{"href":"https:\/\/www.cope.es\/blogs\/palomitas-de-maiz\/wp-json\/wp\/v2\/types\/post"}],"author":[{"embeddable":true,"href":"https:\/\/www.cope.es\/blogs\/palomitas-de-maiz\/wp-json\/wp\/v2\/users\/6"}],"replies":[{"embeddable":true,"href":"https:\/\/www.cope.es\/blogs\/palomitas-de-maiz\/wp-json\/wp\/v2\/comments?post=5587"}],"version-history":[{"count":2,"href":"https:\/\/www.cope.es\/blogs\/palomitas-de-maiz\/wp-json\/wp\/v2\/posts\/5587\/revisions"}],"predecessor-version":[{"id":5600,"href":"https:\/\/www.cope.es\/blogs\/palomitas-de-maiz\/wp-json\/wp\/v2\/posts\/5587\/revisions\/5600"}],"wp:featuredmedia":[{"embeddable":true,"href":"https:\/\/www.cope.es\/blogs\/palomitas-de-maiz\/wp-json\/wp\/v2\/media\/5596"}],"wp:attachment":[{"href":"https:\/\/www.cope.es\/blogs\/palomitas-de-maiz\/wp-json\/wp\/v2\/media?parent=5587"}],"wp:term":[{"taxonomy":"category","embeddable":true,"href":"https:\/\/www.cope.es\/blogs\/palomitas-de-maiz\/wp-json\/wp\/v2\/categories?post=5587"},{"taxonomy":"post_tag","embeddable":true,"href":"https:\/\/www.cope.es\/blogs\/palomitas-de-maiz\/wp-json\/wp\/v2\/tags?post=5587"}],"curies":[{"name":"wp","href":"https:\/\/api.w.org\/{rel}","templated":true}]}}