{"id":5334,"date":"2020-04-17T23:44:25","date_gmt":"2020-04-17T21:44:25","guid":{"rendered":"http:\/\/www.cope.es\/blogs\/palomitas-de-maiz\/?p=5334"},"modified":"2020-04-18T00:10:54","modified_gmt":"2020-04-17T22:10:54","slug":"olmo-blanco-estrena-solo-el-cortometraje-que-se-adelanto-al-coronavirus-critica","status":"publish","type":"post","link":"https:\/\/www.cope.es\/blogs\/palomitas-de-maiz\/2020\/04\/17\/olmo-blanco-estrena-solo-el-cortometraje-que-se-adelanto-al-coronavirus-critica\/","title":{"rendered":"Olmo Blanco estrena \u2018Solo\u2019, el cortometraje que se adelant\u00f3 al coronavirus"},"content":{"rendered":"<p>\u00a1Mis queridos palomiteros! Olmo Blanco estrena \u2018Solo\u2019, el cortometraje que se adelant\u00f3 al coronavirus. \u00bfQu\u00e9 pensar\u00edais si os dijera que este <strong>trabajo sobre la soledad<\/strong> se ha reconvertido en una visi\u00f3n n\u00edtida sobre el tema del momento?<\/p>\n<figure id=\"attachment_5337\" aria-describedby=\"caption-attachment-5337\" style=\"width: 725px\" class=\"wp-caption aligncenter\"><img loading=\"lazy\" decoding=\"async\" width=\"725\" height=\"647\" class=\"wp-image-5337 size-full\" src=\"http:\/\/www.cope.es\/blogs\/palomitas-de-maiz\/wp-content\/uploads\/sites\/6\/2020\/04\/cartel-solo.jpg\" alt=\"Cartel de Solo, el corto de Olmo Blanco | Olmo Blanco estrena \u2018Solo\u2019, el cortometraje que se adelant\u00f3 al coronavirus\" srcset=\"https:\/\/www.cope.es\/blogs\/palomitas-de-maiz\/wp-content\/uploads\/sites\/6\/2020\/04\/cartel-solo.jpg 725w, https:\/\/www.cope.es\/blogs\/palomitas-de-maiz\/wp-content\/uploads\/sites\/6\/2020\/04\/cartel-solo-300x268.jpg 300w\" sizes=\"auto, (max-width: 725px) 100vw, 725px\" \/><figcaption id=\"caption-attachment-5337\" class=\"wp-caption-text\"><strong>Cartel de<\/strong> <em>Solo<\/em>, <strong>el corto de Olmo Blanco<\/strong> | Olmo Blanco estrena \u2018Solo\u2019, el cortometraje que se adelant\u00f3 al coronavirus<\/figcaption><\/figure>\n<p><strong>El cine ha sido especialmente espl\u00e9ndido en distop\u00edas<\/strong> y en dar a conocer cat\u00e1strofes y mundos apocal\u00edpticos. Ah\u00ed tenemos, por ejemplo,<a href=\"https:\/\/es.wikipedia.org\/wiki\/Contagio_(pel%C3%ADcula)\" target=\"_blank\"> <em>Contagio<\/em><\/a>,\u00a0<a href=\"https:\/\/es.wikipedia.org\/wiki\/Doce_monos\" target=\"_blank\"><em>12 monos<\/em><\/a>,<a href=\"https:\/\/www.imdb.com\/title\/tt0289043\/\" target=\"_blank\"> <em>28 d\u00edas despu\u00e9s<\/em><\/a>, <em><a href=\"https:\/\/www.imdb.com\/title\/tt0114069\/?ref_=fn_al_tt_1\" target=\"_blank\">Estallido<\/a>, <a href=\"https:\/\/es.wikipedia.org\/wiki\/Soy_leyenda_(pel%C3%ADcula)\" target=\"_blank\">Soy leyenda<\/a><\/em>, o <a href=\"https:\/\/www.imdb.com\/title\/tt0206634\/?ref_=fn_al_tt_1\" target=\"_blank\"><em>Hijos de los hombres<\/em><\/a>, entre otros muchos.<\/p>\n<p><strong>En el caso que nos ocupa<\/strong>, <em>Solo<\/em>, <strong>es justo se\u00f1alar que no se trata de buscar ninguna arista de sensacionalismo<\/strong>, no es pretexto para publicitar nada. Simplemente es una realidad.<\/p>\n<figure id=\"attachment_5339\" aria-describedby=\"caption-attachment-5339\" style=\"width: 725px\" class=\"wp-caption aligncenter\"><img loading=\"lazy\" decoding=\"async\" width=\"725\" height=\"335\" class=\"wp-image-5339 size-full\" src=\"http:\/\/www.cope.es\/blogs\/palomitas-de-maiz\/wp-content\/uploads\/sites\/6\/2020\/04\/LONDRES-REGENT-ST..jpg\" alt=\"Londres | Olmo Blanco estrena \u2018Solo\u2019, el cortometraje que se adelant\u00f3 al coronavirus\" srcset=\"https:\/\/www.cope.es\/blogs\/palomitas-de-maiz\/wp-content\/uploads\/sites\/6\/2020\/04\/LONDRES-REGENT-ST..jpg 725w, https:\/\/www.cope.es\/blogs\/palomitas-de-maiz\/wp-content\/uploads\/sites\/6\/2020\/04\/LONDRES-REGENT-ST.-300x139.jpg 300w\" sizes=\"auto, (max-width: 725px) 100vw, 725px\" \/><figcaption id=\"caption-attachment-5339\" class=\"wp-caption-text\"><strong>Londres<\/strong> | Olmo Blanco estrena \u2018Solo\u2019, el cortometraje que se adelant\u00f3 al coronavirus<\/figcaption><\/figure>\n<p>Su autor, <strong>Olmo Blanco<\/strong>, convertido en artista multidisplinar, comenz\u00f3 a filmar en enero del 2019 una historia sobre esa rotunda soledad que nos asola, <em>leit motiv<\/em> que conduce toda la historia de muchos de nosotros y del mundo actual.<\/p>\n<h2>Olmo Blanco estrena \u2018Solo\u2019, el cortometraje que se adelant\u00f3 al coronavirus<\/h2>\n<p>El trabajo le llev\u00f3 a viajar desde Madrid a Par\u00eds, Boston, Nueva York, Londres o Venecia, urbes a las que ahora ser\u00eda impensable trasladarse. En ellas quiso retratar una soledad ensordecedora.<\/p>\n<figure id=\"attachment_5340\" aria-describedby=\"caption-attachment-5340\" style=\"width: 725px\" class=\"wp-caption aligncenter\"><img loading=\"lazy\" decoding=\"async\" width=\"725\" height=\"407\" class=\"wp-image-5340 size-full\" src=\"http:\/\/www.cope.es\/blogs\/palomitas-de-maiz\/wp-content\/uploads\/sites\/6\/2020\/04\/NYC-Sexta-avda.jpg\" alt=\"Nueva York, Sexta Avenida | Olmo Blanco estrena \u2018Solo\u2019, el cortometraje que se adelant\u00f3 al coronavirus\" srcset=\"https:\/\/www.cope.es\/blogs\/palomitas-de-maiz\/wp-content\/uploads\/sites\/6\/2020\/04\/NYC-Sexta-avda.jpg 725w, https:\/\/www.cope.es\/blogs\/palomitas-de-maiz\/wp-content\/uploads\/sites\/6\/2020\/04\/NYC-Sexta-avda-300x168.jpg 300w\" sizes=\"auto, (max-width: 725px) 100vw, 725px\" \/><figcaption id=\"caption-attachment-5340\" class=\"wp-caption-text\"><strong>Nueva York, Sexta Avenida<\/strong> | Olmo Blanco estrena \u2018Solo\u2019, el cortometraje que se adelant\u00f3 al coronavirus<\/figcaption><\/figure>\n<p>Y para ello, Olmo <strong>no dud\u00f3 en deambular solo por esas ciudades<\/strong>. Es justo referir, por cierto, que todo el proceso art\u00edstico corre a cargo del propio Olmo Blanco: desde la creaci\u00f3n del personaje, la direcci\u00f3n, el manejo de la c\u00e1mara, la edici\u00f3n, el texto, la idea y la declamaci\u00f3n. Todo ello le facilita no tener supervisores.<\/p>\n<figure id=\"attachment_5344\" aria-describedby=\"caption-attachment-5344\" style=\"width: 725px\" class=\"wp-caption aligncenter\"><img loading=\"lazy\" decoding=\"async\" width=\"725\" height=\"350\" class=\"wp-image-5344 size-full\" src=\"http:\/\/www.cope.es\/blogs\/palomitas-de-maiz\/wp-content\/uploads\/sites\/6\/2020\/04\/BOSTON-AVERY-ST.jpg\" alt=\"Boston | Olmo Blanco estrena \u2018Solo\u2019, el cortometraje que se adelant\u00f3 al coronavirus\" srcset=\"https:\/\/www.cope.es\/blogs\/palomitas-de-maiz\/wp-content\/uploads\/sites\/6\/2020\/04\/BOSTON-AVERY-ST.jpg 725w, https:\/\/www.cope.es\/blogs\/palomitas-de-maiz\/wp-content\/uploads\/sites\/6\/2020\/04\/BOSTON-AVERY-ST-300x145.jpg 300w\" sizes=\"auto, (max-width: 725px) 100vw, 725px\" \/><figcaption id=\"caption-attachment-5344\" class=\"wp-caption-text\"><strong>Boston<\/strong> | Olmo Blanco estrena \u2018Solo\u2019, el cortometraje que se adelant\u00f3 al coronavirus<\/figcaption><\/figure>\n<p>De esta manera, lo que inicialmente el autor pensaba que ser\u00eda un tema que tocar\u00eda a muchas personas acab\u00f3. As\u00ed las cosas, <strong>el asunto se convirti\u00f3, sin forzar nada, en el \u00fanico tema en la agenda informativa de nuestros d\u00edas<\/strong>, que est\u00e1 ahora anclada en el confinamiento y, en consecuencia, subordinada a la soledad de muchas metr\u00f3polis a causa de la epidemia del coronavirus.<\/p>\n<figure id=\"attachment_5342\" aria-describedby=\"caption-attachment-5342\" style=\"width: 725px\" class=\"wp-caption aligncenter\"><img loading=\"lazy\" decoding=\"async\" width=\"725\" height=\"319\" class=\"wp-image-5342 size-full\" src=\"http:\/\/www.cope.es\/blogs\/palomitas-de-maiz\/wp-content\/uploads\/sites\/6\/2020\/04\/LONDRES-PICADILLY-CIRCUS.jpg\" alt=\"Londres, Picadilly Circus | Olmo Blanco estrena \u2018Solo\u2019, el cortometraje que se adelant\u00f3 al coronavirus\" srcset=\"https:\/\/www.cope.es\/blogs\/palomitas-de-maiz\/wp-content\/uploads\/sites\/6\/2020\/04\/LONDRES-PICADILLY-CIRCUS.jpg 725w, https:\/\/www.cope.es\/blogs\/palomitas-de-maiz\/wp-content\/uploads\/sites\/6\/2020\/04\/LONDRES-PICADILLY-CIRCUS-300x132.jpg 300w\" sizes=\"auto, (max-width: 725px) 100vw, 725px\" \/><figcaption id=\"caption-attachment-5342\" class=\"wp-caption-text\"><strong>Londres, Picadilly Circus<\/strong> | Olmo Blanco estrena \u2018Solo\u2019, el cortometraje que se adelant\u00f3 al coronavirus<\/figcaption><\/figure>\n<p>La mera casualidad sobre la aventura pone en evidencia que este tema traspasa la pura narraci\u00f3n. \u00bfEntonces la realidad supera a la ficci\u00f3n o es al rev\u00e9s?<\/p>\n<h2>Todo el proceso art\u00edstico corre a cargo del propio Olmo Blanco<\/h2>\n<p>Adem\u00e1s, <strong>el producto audiovisual trae un mensaje de esperanza<\/strong>. Porque por muy desdichado que sea nuestro mundo, no hay que permanecer al margen del camino. Hay que dar el primer paso y arriesgarse a crearlo.<\/p>\n<figure id=\"attachment_5343\" aria-describedby=\"caption-attachment-5343\" style=\"width: 725px\" class=\"wp-caption aligncenter\"><img loading=\"lazy\" decoding=\"async\" width=\"725\" height=\"368\" class=\"wp-image-5343 size-full\" src=\"http:\/\/www.cope.es\/blogs\/palomitas-de-maiz\/wp-content\/uploads\/sites\/6\/2020\/04\/MADRID-CALLE-GOYA.jpg\" alt=\"Madrid, calle Goya | Olmo Blanco estrena \u2018Solo\u2019, el cortometraje que se adelant\u00f3 al coronavirus\" srcset=\"https:\/\/www.cope.es\/blogs\/palomitas-de-maiz\/wp-content\/uploads\/sites\/6\/2020\/04\/MADRID-CALLE-GOYA.jpg 725w, https:\/\/www.cope.es\/blogs\/palomitas-de-maiz\/wp-content\/uploads\/sites\/6\/2020\/04\/MADRID-CALLE-GOYA-300x152.jpg 300w\" sizes=\"auto, (max-width: 725px) 100vw, 725px\" \/><figcaption id=\"caption-attachment-5343\" class=\"wp-caption-text\"><strong>Madrid, calle Goya<\/strong> | Olmo Blanco estrena \u2018Solo\u2019, el cortometraje que se adelant\u00f3 al coronavirus<\/figcaption><\/figure>\n<p>Por \u00faltimo, y para dar fe de que <em>Solo<\/em> ha sido rodado hace meses, en la cuenta de instagram <strong>@olmo.blanco<\/strong> pod\u00e9is ver fotogramas publicados el a\u00f1o pasado.<\/p>\n<p>Os animo a que ve\u00e1is el primer minuto del cortometraje.<\/p>\n<p><iframe loading=\"lazy\" width=\"675\" height=\"380\" src=\"https:\/\/www.youtube.com\/embed\/E8KsnoFn3sI?feature=oembed\" frameborder=\"0\" allow=\"accelerometer; autoplay; encrypted-media; gyroscope; picture-in-picture\" allowfullscreen><\/iframe><\/p>\n","protected":false},"excerpt":{"rendered":"<p>\u00a1Mis queridos palomiteros! Olmo Blanco estrena \u2018Solo\u2019, el cortometraje que se adelant\u00f3 al coronavirus. \u00bfQu\u00e9 pensar\u00edais si os dijera que este trabajo sobre la soledad se ha reconvertido en una visi\u00f3n n\u00edtida sobre el tema del momento? El cine ha sido especialmente espl\u00e9ndido en distop\u00edas y en dar a conocer cat\u00e1strofes y mundos apocal\u00edpticos. Ah\u00ed [&hellip;]<\/p>\n","protected":false},"author":6,"featured_media":5336,"comment_status":"open","ping_status":"open","sticky":false,"template":"","format":"standard","meta":{"footnotes":""},"categories":[336,49],"tags":[44,5275,4821,3910,5276,5273,5274,711,3685,5271,5272,3684,606,1504],"class_list":["post-5334","post","type-post","status-publish","format-standard","has-post-thumbnail","hentry","category-actualidad","category-cine","tag-cine","tag-confinamiento","tag-coronavirus","tag-corto","tag-cortometraje","tag-cuarentena","tag-epidemia","tag-estreno","tag-ficcion","tag-olmo-blanco","tag-pandemia","tag-realidad","tag-soledad","tag-solo"],"yoast_head":"<!-- This site is optimized with the Yoast SEO plugin v27.4 - https:\/\/yoast.com\/product\/yoast-seo-wordpress\/ -->\n<title>Olmo Blanco estrena \u2018Solo\u2019, el cortometraje que se adelant\u00f3 al coronavirus<\/title>\n<meta name=\"description\" content=\"Olmo Blanco estrena \u2018Solo\u2019, el cortometraje que se adelant\u00f3 al coronavirus. Un trabajo sobre la soledad se anticipa a la pandemia\" \/>\n<meta name=\"robots\" content=\"index, follow, max-snippet:-1, max-image-preview:large, max-video-preview:-1\" \/>\n<link rel=\"canonical\" href=\"https:\/\/www.cope.es\/blogs\/palomitas-de-maiz\/2020\/04\/17\/olmo-blanco-estrena-solo-el-cortometraje-que-se-adelanto-al-coronavirus-critica\/\" \/>\n<meta property=\"og:locale\" content=\"es_ES\" \/>\n<meta property=\"og:type\" content=\"article\" \/>\n<meta property=\"og:title\" content=\"Olmo Blanco estrena \u2018Solo\u2019, el cortometraje que se adelant\u00f3 al coronavirus\" \/>\n<meta property=\"og:description\" content=\"Olmo Blanco estrena \u2018Solo\u2019, el cortometraje que se adelant\u00f3 al coronavirus. Un trabajo sobre la soledad se anticipa a la pandemia\" \/>\n<meta property=\"og:url\" content=\"https:\/\/www.cope.es\/blogs\/palomitas-de-maiz\/2020\/04\/17\/olmo-blanco-estrena-solo-el-cortometraje-que-se-adelanto-al-coronavirus-critica\/\" \/>\n<meta property=\"og:site_name\" content=\"Palomitas de Ma\u00edz\" \/>\n<meta property=\"article:publisher\" content=\"https:\/\/www.facebook.com\/cope\/\" \/>\n<meta property=\"article:author\" content=\"https:\/\/www.facebook.com\/palomitero\/\" \/>\n<meta property=\"article:published_time\" content=\"2020-04-17T21:44:25+00:00\" \/>\n<meta property=\"article:modified_time\" content=\"2020-04-17T22:10:54+00:00\" \/>\n<meta property=\"og:image\" content=\"https:\/\/www.cope.es\/blogs\/palomitas-de-maiz\/wp-content\/uploads\/sites\/6\/2020\/04\/cartel-solo-portada.jpg\" \/>\n\t<meta property=\"og:image:width\" content=\"725\" \/>\n\t<meta property=\"og:image:height\" content=\"398\" \/>\n\t<meta property=\"og:image:type\" content=\"image\/jpeg\" \/>\n<meta name=\"author\" content=\"Jos\u00e9 Luis Panero\" \/>\n<meta name=\"twitter:card\" content=\"summary_large_image\" \/>\n<meta name=\"twitter:creator\" content=\"@PALOMITERO\" \/>\n<meta name=\"twitter:site\" content=\"@cope_es\" \/>\n<meta name=\"twitter:label1\" content=\"Escrito por\" \/>\n\t<meta name=\"twitter:data1\" content=\"Jos\u00e9 Luis Panero\" \/>\n\t<meta name=\"twitter:label2\" content=\"Tiempo de lectura\" \/>\n\t<meta name=\"twitter:data2\" content=\"3 minutos\" \/>\n<script type=\"application\/ld+json\" class=\"yoast-schema-graph\">{\"@context\":\"https:\\\/\\\/schema.org\",\"@graph\":[{\"@type\":\"Article\",\"@id\":\"https:\\\/\\\/www.cope.es\\\/blogs\\\/palomitas-de-maiz\\\/2020\\\/04\\\/17\\\/olmo-blanco-estrena-solo-el-cortometraje-que-se-adelanto-al-coronavirus-critica\\\/#article\",\"isPartOf\":{\"@id\":\"https:\\\/\\\/www.cope.es\\\/blogs\\\/palomitas-de-maiz\\\/2020\\\/04\\\/17\\\/olmo-blanco-estrena-solo-el-cortometraje-que-se-adelanto-al-coronavirus-critica\\\/\"},\"author\":{\"name\":\"Jos\u00e9 Luis Panero\",\"@id\":\"https:\\\/\\\/www.cope.es\\\/blogs\\\/palomitas-de-maiz\\\/#\\\/schema\\\/person\\\/9fb256f63733c964d19b06de1ca3c9ef\"},\"headline\":\"Olmo Blanco estrena \u2018Solo\u2019, el cortometraje que se adelant\u00f3 al coronavirus\",\"datePublished\":\"2020-04-17T21:44:25+00:00\",\"dateModified\":\"2020-04-17T22:10:54+00:00\",\"mainEntityOfPage\":{\"@id\":\"https:\\\/\\\/www.cope.es\\\/blogs\\\/palomitas-de-maiz\\\/2020\\\/04\\\/17\\\/olmo-blanco-estrena-solo-el-cortometraje-que-se-adelanto-al-coronavirus-critica\\\/\"},\"wordCount\":593,\"commentCount\":0,\"image\":{\"@id\":\"https:\\\/\\\/www.cope.es\\\/blogs\\\/palomitas-de-maiz\\\/2020\\\/04\\\/17\\\/olmo-blanco-estrena-solo-el-cortometraje-que-se-adelanto-al-coronavirus-critica\\\/#primaryimage\"},\"thumbnailUrl\":\"https:\\\/\\\/www.cope.es\\\/blogs\\\/palomitas-de-maiz\\\/wp-content\\\/uploads\\\/sites\\\/6\\\/2020\\\/04\\\/cartel-solo-portada.jpg\",\"keywords\":[\"cine\",\"confinamiento\",\"coronavirus\",\"corto\",\"cortometraje\",\"cuarentena\",\"epidemia\",\"Estreno\",\"ficci\u00f3n\",\"olmo blanco\",\"pandemia\",\"realidad\",\"soledad\",\"solo\"],\"articleSection\":[\"actualidad\",\"Cine\"],\"inLanguage\":\"es\",\"potentialAction\":[{\"@type\":\"CommentAction\",\"name\":\"Comment\",\"target\":[\"https:\\\/\\\/www.cope.es\\\/blogs\\\/palomitas-de-maiz\\\/2020\\\/04\\\/17\\\/olmo-blanco-estrena-solo-el-cortometraje-que-se-adelanto-al-coronavirus-critica\\\/#respond\"]}]},{\"@type\":\"WebPage\",\"@id\":\"https:\\\/\\\/www.cope.es\\\/blogs\\\/palomitas-de-maiz\\\/2020\\\/04\\\/17\\\/olmo-blanco-estrena-solo-el-cortometraje-que-se-adelanto-al-coronavirus-critica\\\/\",\"url\":\"https:\\\/\\\/www.cope.es\\\/blogs\\\/palomitas-de-maiz\\\/2020\\\/04\\\/17\\\/olmo-blanco-estrena-solo-el-cortometraje-que-se-adelanto-al-coronavirus-critica\\\/\",\"name\":\"Olmo Blanco estrena \u2018Solo\u2019, el cortometraje que se adelant\u00f3 al coronavirus\",\"isPartOf\":{\"@id\":\"https:\\\/\\\/www.cope.es\\\/blogs\\\/palomitas-de-maiz\\\/#website\"},\"primaryImageOfPage\":{\"@id\":\"https:\\\/\\\/www.cope.es\\\/blogs\\\/palomitas-de-maiz\\\/2020\\\/04\\\/17\\\/olmo-blanco-estrena-solo-el-cortometraje-que-se-adelanto-al-coronavirus-critica\\\/#primaryimage\"},\"image\":{\"@id\":\"https:\\\/\\\/www.cope.es\\\/blogs\\\/palomitas-de-maiz\\\/2020\\\/04\\\/17\\\/olmo-blanco-estrena-solo-el-cortometraje-que-se-adelanto-al-coronavirus-critica\\\/#primaryimage\"},\"thumbnailUrl\":\"https:\\\/\\\/www.cope.es\\\/blogs\\\/palomitas-de-maiz\\\/wp-content\\\/uploads\\\/sites\\\/6\\\/2020\\\/04\\\/cartel-solo-portada.jpg\",\"datePublished\":\"2020-04-17T21:44:25+00:00\",\"dateModified\":\"2020-04-17T22:10:54+00:00\",\"author\":{\"@id\":\"https:\\\/\\\/www.cope.es\\\/blogs\\\/palomitas-de-maiz\\\/#\\\/schema\\\/person\\\/9fb256f63733c964d19b06de1ca3c9ef\"},\"description\":\"Olmo Blanco estrena \u2018Solo\u2019, el cortometraje que se adelant\u00f3 al coronavirus. Un trabajo sobre la soledad se anticipa a la pandemia\",\"breadcrumb\":{\"@id\":\"https:\\\/\\\/www.cope.es\\\/blogs\\\/palomitas-de-maiz\\\/2020\\\/04\\\/17\\\/olmo-blanco-estrena-solo-el-cortometraje-que-se-adelanto-al-coronavirus-critica\\\/#breadcrumb\"},\"inLanguage\":\"es\",\"potentialAction\":[{\"@type\":\"ReadAction\",\"target\":[\"https:\\\/\\\/www.cope.es\\\/blogs\\\/palomitas-de-maiz\\\/2020\\\/04\\\/17\\\/olmo-blanco-estrena-solo-el-cortometraje-que-se-adelanto-al-coronavirus-critica\\\/\"]}]},{\"@type\":\"ImageObject\",\"inLanguage\":\"es\",\"@id\":\"https:\\\/\\\/www.cope.es\\\/blogs\\\/palomitas-de-maiz\\\/2020\\\/04\\\/17\\\/olmo-blanco-estrena-solo-el-cortometraje-que-se-adelanto-al-coronavirus-critica\\\/#primaryimage\",\"url\":\"https:\\\/\\\/www.cope.es\\\/blogs\\\/palomitas-de-maiz\\\/wp-content\\\/uploads\\\/sites\\\/6\\\/2020\\\/04\\\/cartel-solo-portada.jpg\",\"contentUrl\":\"https:\\\/\\\/www.cope.es\\\/blogs\\\/palomitas-de-maiz\\\/wp-content\\\/uploads\\\/sites\\\/6\\\/2020\\\/04\\\/cartel-solo-portada.jpg\",\"width\":725,\"height\":398},{\"@type\":\"BreadcrumbList\",\"@id\":\"https:\\\/\\\/www.cope.es\\\/blogs\\\/palomitas-de-maiz\\\/2020\\\/04\\\/17\\\/olmo-blanco-estrena-solo-el-cortometraje-que-se-adelanto-al-coronavirus-critica\\\/#breadcrumb\",\"itemListElement\":[{\"@type\":\"ListItem\",\"position\":1,\"name\":\"Portada\",\"item\":\"https:\\\/\\\/www.cope.es\\\/blogs\\\/palomitas-de-maiz\\\/\"},{\"@type\":\"ListItem\",\"position\":2,\"name\":\"Olmo Blanco estrena \u2018Solo\u2019, el cortometraje que se adelant\u00f3 al coronavirus\"}]},{\"@type\":\"WebSite\",\"@id\":\"https:\\\/\\\/www.cope.es\\\/blogs\\\/palomitas-de-maiz\\\/#website\",\"url\":\"https:\\\/\\\/www.cope.es\\\/blogs\\\/palomitas-de-maiz\\\/\",\"name\":\"Palomitas de Ma\u00edz\",\"description\":\"Blog decano de cine de COPE\",\"potentialAction\":[{\"@type\":\"SearchAction\",\"target\":{\"@type\":\"EntryPoint\",\"urlTemplate\":\"https:\\\/\\\/www.cope.es\\\/blogs\\\/palomitas-de-maiz\\\/?s={search_term_string}\"},\"query-input\":{\"@type\":\"PropertyValueSpecification\",\"valueRequired\":true,\"valueName\":\"search_term_string\"}}],\"inLanguage\":\"es\"},{\"@type\":\"Person\",\"@id\":\"https:\\\/\\\/www.cope.es\\\/blogs\\\/palomitas-de-maiz\\\/#\\\/schema\\\/person\\\/9fb256f63733c964d19b06de1ca3c9ef\",\"name\":\"Jos\u00e9 Luis Panero\",\"image\":{\"@type\":\"ImageObject\",\"inLanguage\":\"es\",\"@id\":\"https:\\\/\\\/secure.gravatar.com\\\/avatar\\\/2ef93951eab3cee25932a7219e566376cbf6ddedde3aa3098e7a971991a3ef12?s=96&d=mm&r=g\",\"url\":\"https:\\\/\\\/secure.gravatar.com\\\/avatar\\\/2ef93951eab3cee25932a7219e566376cbf6ddedde3aa3098e7a971991a3ef12?s=96&d=mm&r=g\",\"contentUrl\":\"https:\\\/\\\/secure.gravatar.com\\\/avatar\\\/2ef93951eab3cee25932a7219e566376cbf6ddedde3aa3098e7a971991a3ef12?s=96&d=mm&r=g\",\"caption\":\"Jos\u00e9 Luis Panero\"},\"description\":\"Licenciado en Periodismo y en Comunicaci\u00f3n Audiovisual. Tras m\u00e1s de cuatro a\u00f1os en el diario 'La Gaceta de Los Negocios' y el programa f\u00edlmico 'Pantalla Grande', es cr\u00edtico de cine en 'Ciudad Nueva', 'Pantalla 90', 'COPE' o 'Aleteia' y cr\u00edtico de teatro en 'Hoy en la city'. Ha sido coguionista y ayudante de direcci\u00f3n de cine, ponente en los coloquios de cine del foro FNAC y profesor universitario en diferentes cursos de Periodismo Social. Desde 2003 es miembro del C\u00edrculo de Escritores Cinematogr\u00e1ficos (CEC). En 2008 fund\u00f3 en 'COPE' su blog de cine 'Palomitas de Ma\u00edz'. En 2017 fue nombrado Jurado Oficial del Festival Internacional de Cine de Fuengirola (M\u00e1laga) y ese a\u00f1o la instituci\u00f3n educativa Trinity College-Liceo Serrano le distingui\u00f3 con el nombramiento de 'Profesor de Honor' del centro y miembro ilustre del claustro de profesores. En 2019 fue nombrado Jurado Oficial del Festival Internacional de Cine de Vera (Almer\u00eda). En 2020 fue nombrado Jurado Oficial del Festival Internacional de Cine de Terror de La Mar Bella (Marbella). Como int\u00e9rprete ha sido galardonado con el Premio al Actor Principal del I Festival Nacional UNIR de teatro. Desde 2020 es acad\u00e9mico de las Artes Esc\u00e9nicas de Espa\u00f1a. En 2023 fue nombrado Jurado Oficial de los 'Premios Tal\u00eda' en su I Edici\u00f3n. Y miembro de ASHUMES (Asociaci\u00f3n del Humorismo Espa\u00f1ol) a partir de 2022. En 2023 fue nombrado Jurado Oficial de la II Edici\u00f3n de los 'Premios Godot'.\",\"sameAs\":[\"http:\\\/\\\/www.cope.es\",\"https:\\\/\\\/www.facebook.com\\\/palomitero\\\/\",\"https:\\\/\\\/www.instagram.com\\\/joseluispanero\\\/\",\"https:\\\/\\\/www.linkedin.com\\\/in\\\/jos-luis-panero-gonzlez-barosa-7722a716\\\/\",\"https:\\\/\\\/x.com\\\/PALOMITERO\",\"https:\\\/\\\/www.youtube.com\\\/channel\\\/UCQYaNGiETUXUPXjYu9p3lNw\\\/videos?\",\"https:\\\/\\\/es.wikipedia.org\\\/wiki\\\/Jos_Luis_Panero_Gonzlez-Barosa\"],\"url\":\"https:\\\/\\\/www.cope.es\\\/blogs\\\/palomitas-de-maiz\\\/author\\\/jlpanero\\\/\"}]}<\/script>\n<!-- \/ Yoast SEO plugin. -->","yoast_head_json":{"title":"Olmo Blanco estrena \u2018Solo\u2019, el cortometraje que se adelant\u00f3 al coronavirus","description":"Olmo Blanco estrena \u2018Solo\u2019, el cortometraje que se adelant\u00f3 al coronavirus. Un trabajo sobre la soledad se anticipa a la pandemia","robots":{"index":"index","follow":"follow","max-snippet":"max-snippet:-1","max-image-preview":"max-image-preview:large","max-video-preview":"max-video-preview:-1"},"canonical":"https:\/\/www.cope.es\/blogs\/palomitas-de-maiz\/2020\/04\/17\/olmo-blanco-estrena-solo-el-cortometraje-que-se-adelanto-al-coronavirus-critica\/","og_locale":"es_ES","og_type":"article","og_title":"Olmo Blanco estrena \u2018Solo\u2019, el cortometraje que se adelant\u00f3 al coronavirus","og_description":"Olmo Blanco estrena \u2018Solo\u2019, el cortometraje que se adelant\u00f3 al coronavirus. Un trabajo sobre la soledad se anticipa a la pandemia","og_url":"https:\/\/www.cope.es\/blogs\/palomitas-de-maiz\/2020\/04\/17\/olmo-blanco-estrena-solo-el-cortometraje-que-se-adelanto-al-coronavirus-critica\/","og_site_name":"Palomitas de Ma\u00edz","article_publisher":"https:\/\/www.facebook.com\/cope\/","article_author":"https:\/\/www.facebook.com\/palomitero\/","article_published_time":"2020-04-17T21:44:25+00:00","article_modified_time":"2020-04-17T22:10:54+00:00","og_image":[{"width":725,"height":398,"url":"https:\/\/www.cope.es\/blogs\/palomitas-de-maiz\/wp-content\/uploads\/sites\/6\/2020\/04\/cartel-solo-portada.jpg","type":"image\/jpeg"}],"author":"Jos\u00e9 Luis Panero","twitter_card":"summary_large_image","twitter_creator":"@PALOMITERO","twitter_site":"@cope_es","twitter_misc":{"Escrito por":"Jos\u00e9 Luis Panero","Tiempo de lectura":"3 minutos"},"schema":{"@context":"https:\/\/schema.org","@graph":[{"@type":"Article","@id":"https:\/\/www.cope.es\/blogs\/palomitas-de-maiz\/2020\/04\/17\/olmo-blanco-estrena-solo-el-cortometraje-que-se-adelanto-al-coronavirus-critica\/#article","isPartOf":{"@id":"https:\/\/www.cope.es\/blogs\/palomitas-de-maiz\/2020\/04\/17\/olmo-blanco-estrena-solo-el-cortometraje-que-se-adelanto-al-coronavirus-critica\/"},"author":{"name":"Jos\u00e9 Luis Panero","@id":"https:\/\/www.cope.es\/blogs\/palomitas-de-maiz\/#\/schema\/person\/9fb256f63733c964d19b06de1ca3c9ef"},"headline":"Olmo Blanco estrena \u2018Solo\u2019, el cortometraje que se adelant\u00f3 al coronavirus","datePublished":"2020-04-17T21:44:25+00:00","dateModified":"2020-04-17T22:10:54+00:00","mainEntityOfPage":{"@id":"https:\/\/www.cope.es\/blogs\/palomitas-de-maiz\/2020\/04\/17\/olmo-blanco-estrena-solo-el-cortometraje-que-se-adelanto-al-coronavirus-critica\/"},"wordCount":593,"commentCount":0,"image":{"@id":"https:\/\/www.cope.es\/blogs\/palomitas-de-maiz\/2020\/04\/17\/olmo-blanco-estrena-solo-el-cortometraje-que-se-adelanto-al-coronavirus-critica\/#primaryimage"},"thumbnailUrl":"https:\/\/www.cope.es\/blogs\/palomitas-de-maiz\/wp-content\/uploads\/sites\/6\/2020\/04\/cartel-solo-portada.jpg","keywords":["cine","confinamiento","coronavirus","corto","cortometraje","cuarentena","epidemia","Estreno","ficci\u00f3n","olmo blanco","pandemia","realidad","soledad","solo"],"articleSection":["actualidad","Cine"],"inLanguage":"es","potentialAction":[{"@type":"CommentAction","name":"Comment","target":["https:\/\/www.cope.es\/blogs\/palomitas-de-maiz\/2020\/04\/17\/olmo-blanco-estrena-solo-el-cortometraje-que-se-adelanto-al-coronavirus-critica\/#respond"]}]},{"@type":"WebPage","@id":"https:\/\/www.cope.es\/blogs\/palomitas-de-maiz\/2020\/04\/17\/olmo-blanco-estrena-solo-el-cortometraje-que-se-adelanto-al-coronavirus-critica\/","url":"https:\/\/www.cope.es\/blogs\/palomitas-de-maiz\/2020\/04\/17\/olmo-blanco-estrena-solo-el-cortometraje-que-se-adelanto-al-coronavirus-critica\/","name":"Olmo Blanco estrena \u2018Solo\u2019, el cortometraje que se adelant\u00f3 al coronavirus","isPartOf":{"@id":"https:\/\/www.cope.es\/blogs\/palomitas-de-maiz\/#website"},"primaryImageOfPage":{"@id":"https:\/\/www.cope.es\/blogs\/palomitas-de-maiz\/2020\/04\/17\/olmo-blanco-estrena-solo-el-cortometraje-que-se-adelanto-al-coronavirus-critica\/#primaryimage"},"image":{"@id":"https:\/\/www.cope.es\/blogs\/palomitas-de-maiz\/2020\/04\/17\/olmo-blanco-estrena-solo-el-cortometraje-que-se-adelanto-al-coronavirus-critica\/#primaryimage"},"thumbnailUrl":"https:\/\/www.cope.es\/blogs\/palomitas-de-maiz\/wp-content\/uploads\/sites\/6\/2020\/04\/cartel-solo-portada.jpg","datePublished":"2020-04-17T21:44:25+00:00","dateModified":"2020-04-17T22:10:54+00:00","author":{"@id":"https:\/\/www.cope.es\/blogs\/palomitas-de-maiz\/#\/schema\/person\/9fb256f63733c964d19b06de1ca3c9ef"},"description":"Olmo Blanco estrena \u2018Solo\u2019, el cortometraje que se adelant\u00f3 al coronavirus. Un trabajo sobre la soledad se anticipa a la pandemia","breadcrumb":{"@id":"https:\/\/www.cope.es\/blogs\/palomitas-de-maiz\/2020\/04\/17\/olmo-blanco-estrena-solo-el-cortometraje-que-se-adelanto-al-coronavirus-critica\/#breadcrumb"},"inLanguage":"es","potentialAction":[{"@type":"ReadAction","target":["https:\/\/www.cope.es\/blogs\/palomitas-de-maiz\/2020\/04\/17\/olmo-blanco-estrena-solo-el-cortometraje-que-se-adelanto-al-coronavirus-critica\/"]}]},{"@type":"ImageObject","inLanguage":"es","@id":"https:\/\/www.cope.es\/blogs\/palomitas-de-maiz\/2020\/04\/17\/olmo-blanco-estrena-solo-el-cortometraje-que-se-adelanto-al-coronavirus-critica\/#primaryimage","url":"https:\/\/www.cope.es\/blogs\/palomitas-de-maiz\/wp-content\/uploads\/sites\/6\/2020\/04\/cartel-solo-portada.jpg","contentUrl":"https:\/\/www.cope.es\/blogs\/palomitas-de-maiz\/wp-content\/uploads\/sites\/6\/2020\/04\/cartel-solo-portada.jpg","width":725,"height":398},{"@type":"BreadcrumbList","@id":"https:\/\/www.cope.es\/blogs\/palomitas-de-maiz\/2020\/04\/17\/olmo-blanco-estrena-solo-el-cortometraje-que-se-adelanto-al-coronavirus-critica\/#breadcrumb","itemListElement":[{"@type":"ListItem","position":1,"name":"Portada","item":"https:\/\/www.cope.es\/blogs\/palomitas-de-maiz\/"},{"@type":"ListItem","position":2,"name":"Olmo Blanco estrena \u2018Solo\u2019, el cortometraje que se adelant\u00f3 al coronavirus"}]},{"@type":"WebSite","@id":"https:\/\/www.cope.es\/blogs\/palomitas-de-maiz\/#website","url":"https:\/\/www.cope.es\/blogs\/palomitas-de-maiz\/","name":"Palomitas de Ma\u00edz","description":"Blog decano de cine de COPE","potentialAction":[{"@type":"SearchAction","target":{"@type":"EntryPoint","urlTemplate":"https:\/\/www.cope.es\/blogs\/palomitas-de-maiz\/?s={search_term_string}"},"query-input":{"@type":"PropertyValueSpecification","valueRequired":true,"valueName":"search_term_string"}}],"inLanguage":"es"},{"@type":"Person","@id":"https:\/\/www.cope.es\/blogs\/palomitas-de-maiz\/#\/schema\/person\/9fb256f63733c964d19b06de1ca3c9ef","name":"Jos\u00e9 Luis Panero","image":{"@type":"ImageObject","inLanguage":"es","@id":"https:\/\/secure.gravatar.com\/avatar\/2ef93951eab3cee25932a7219e566376cbf6ddedde3aa3098e7a971991a3ef12?s=96&d=mm&r=g","url":"https:\/\/secure.gravatar.com\/avatar\/2ef93951eab3cee25932a7219e566376cbf6ddedde3aa3098e7a971991a3ef12?s=96&d=mm&r=g","contentUrl":"https:\/\/secure.gravatar.com\/avatar\/2ef93951eab3cee25932a7219e566376cbf6ddedde3aa3098e7a971991a3ef12?s=96&d=mm&r=g","caption":"Jos\u00e9 Luis Panero"},"description":"Licenciado en Periodismo y en Comunicaci\u00f3n Audiovisual. Tras m\u00e1s de cuatro a\u00f1os en el diario 'La Gaceta de Los Negocios' y el programa f\u00edlmico 'Pantalla Grande', es cr\u00edtico de cine en 'Ciudad Nueva', 'Pantalla 90', 'COPE' o 'Aleteia' y cr\u00edtico de teatro en 'Hoy en la city'. Ha sido coguionista y ayudante de direcci\u00f3n de cine, ponente en los coloquios de cine del foro FNAC y profesor universitario en diferentes cursos de Periodismo Social. Desde 2003 es miembro del C\u00edrculo de Escritores Cinematogr\u00e1ficos (CEC). En 2008 fund\u00f3 en 'COPE' su blog de cine 'Palomitas de Ma\u00edz'. En 2017 fue nombrado Jurado Oficial del Festival Internacional de Cine de Fuengirola (M\u00e1laga) y ese a\u00f1o la instituci\u00f3n educativa Trinity College-Liceo Serrano le distingui\u00f3 con el nombramiento de 'Profesor de Honor' del centro y miembro ilustre del claustro de profesores. En 2019 fue nombrado Jurado Oficial del Festival Internacional de Cine de Vera (Almer\u00eda). En 2020 fue nombrado Jurado Oficial del Festival Internacional de Cine de Terror de La Mar Bella (Marbella). Como int\u00e9rprete ha sido galardonado con el Premio al Actor Principal del I Festival Nacional UNIR de teatro. Desde 2020 es acad\u00e9mico de las Artes Esc\u00e9nicas de Espa\u00f1a. En 2023 fue nombrado Jurado Oficial de los 'Premios Tal\u00eda' en su I Edici\u00f3n. Y miembro de ASHUMES (Asociaci\u00f3n del Humorismo Espa\u00f1ol) a partir de 2022. En 2023 fue nombrado Jurado Oficial de la II Edici\u00f3n de los 'Premios Godot'.","sameAs":["http:\/\/www.cope.es","https:\/\/www.facebook.com\/palomitero\/","https:\/\/www.instagram.com\/joseluispanero\/","https:\/\/www.linkedin.com\/in\/jos-luis-panero-gonzlez-barosa-7722a716\/","https:\/\/x.com\/PALOMITERO","https:\/\/www.youtube.com\/channel\/UCQYaNGiETUXUPXjYu9p3lNw\/videos?","https:\/\/es.wikipedia.org\/wiki\/Jos_Luis_Panero_Gonzlez-Barosa"],"url":"https:\/\/www.cope.es\/blogs\/palomitas-de-maiz\/author\/jlpanero\/"}]}},"amp_enabled":true,"_links":{"self":[{"href":"https:\/\/www.cope.es\/blogs\/palomitas-de-maiz\/wp-json\/wp\/v2\/posts\/5334","targetHints":{"allow":["GET"]}}],"collection":[{"href":"https:\/\/www.cope.es\/blogs\/palomitas-de-maiz\/wp-json\/wp\/v2\/posts"}],"about":[{"href":"https:\/\/www.cope.es\/blogs\/palomitas-de-maiz\/wp-json\/wp\/v2\/types\/post"}],"author":[{"embeddable":true,"href":"https:\/\/www.cope.es\/blogs\/palomitas-de-maiz\/wp-json\/wp\/v2\/users\/6"}],"replies":[{"embeddable":true,"href":"https:\/\/www.cope.es\/blogs\/palomitas-de-maiz\/wp-json\/wp\/v2\/comments?post=5334"}],"version-history":[{"count":2,"href":"https:\/\/www.cope.es\/blogs\/palomitas-de-maiz\/wp-json\/wp\/v2\/posts\/5334\/revisions"}],"predecessor-version":[{"id":5348,"href":"https:\/\/www.cope.es\/blogs\/palomitas-de-maiz\/wp-json\/wp\/v2\/posts\/5334\/revisions\/5348"}],"wp:featuredmedia":[{"embeddable":true,"href":"https:\/\/www.cope.es\/blogs\/palomitas-de-maiz\/wp-json\/wp\/v2\/media\/5336"}],"wp:attachment":[{"href":"https:\/\/www.cope.es\/blogs\/palomitas-de-maiz\/wp-json\/wp\/v2\/media?parent=5334"}],"wp:term":[{"taxonomy":"category","embeddable":true,"href":"https:\/\/www.cope.es\/blogs\/palomitas-de-maiz\/wp-json\/wp\/v2\/categories?post=5334"},{"taxonomy":"post_tag","embeddable":true,"href":"https:\/\/www.cope.es\/blogs\/palomitas-de-maiz\/wp-json\/wp\/v2\/tags?post=5334"}],"curies":[{"name":"wp","href":"https:\/\/api.w.org\/{rel}","templated":true}]}}