{"id":5119,"date":"2020-03-26T00:02:30","date_gmt":"2020-03-25T23:02:30","guid":{"rendered":"http:\/\/www.cope.es\/blogs\/palomitas-de-maiz\/?p=5119"},"modified":"2020-03-26T13:46:28","modified_gmt":"2020-03-26T12:46:28","slug":"la-plataforma-de-cine-cortos-de-metraje-cumple-hoy-4-anos","status":"publish","type":"post","link":"https:\/\/www.cope.es\/blogs\/palomitas-de-maiz\/2020\/03\/26\/la-plataforma-de-cine-cortos-de-metraje-cumple-hoy-4-anos\/","title":{"rendered":"La plataforma de cortometrajes online sin \u00e1nimo de lucro, \u2018Cortos de Metraje\u2019, cumple hoy 4 a\u00f1os"},"content":{"rendered":"<p>\u00a1Mis queridos palomiteros! La plataforma de cine \u2018Cortos de Metraje\u2019 cumple hoy 4 a\u00f1os. Se trata de un proyecto creado y desarrollado por el malague\u00f1o <strong>Alejandro Ruiz<\/strong>, que vio la luz por primera vez\u00a0 un <strong>26 de marzo de 2016<\/strong>. Y es el resultado de dos de las muchas pasiones de su fundador, a saber, catalogar y ver cortometrajes, que despu\u00e9s ha cristalizado en la creaci\u00f3n de la web <a href=\"http:\/\/cortosdemetraje.com\/\">cortosdemetraje.com<\/a><\/p>\n<figure id=\"attachment_5122\" aria-describedby=\"caption-attachment-5122\" style=\"width: 725px\" class=\"wp-caption aligncenter\"><img loading=\"lazy\" decoding=\"async\" width=\"725\" height=\"397\" class=\"wp-image-5122 size-full\" src=\"http:\/\/www.cope.es\/blogs\/palomitas-de-maiz\/wp-content\/uploads\/sites\/6\/2020\/03\/Cabecera-1.jpg\" alt=\"Cabecera de Cortos de Metraje | La plataforma de cine \u2018Cortos de Metraje\u2019 cumple hoy 4 a\u00f1os\" srcset=\"https:\/\/www.cope.es\/blogs\/palomitas-de-maiz\/wp-content\/uploads\/sites\/6\/2020\/03\/Cabecera-1.jpg 725w, https:\/\/www.cope.es\/blogs\/palomitas-de-maiz\/wp-content\/uploads\/sites\/6\/2020\/03\/Cabecera-1-300x164.jpg 300w\" sizes=\"auto, (max-width: 725px) 100vw, 725px\" \/><figcaption id=\"caption-attachment-5122\" class=\"wp-caption-text\"><strong>Cabecera de<\/strong> <em>Cortos de Metraje<\/em> | La plataforma de cine \u2018Cortos de Metraje\u2019 cumple hoy 4 a\u00f1os<\/figcaption><\/figure>\n<p>Se trata de una plataforma, sin \u00e1nimo de lucro, con <strong>dos objetivos principales<\/strong>: \u201c<strong>La creaci\u00f3n de la mayor base de datos en espa\u00f1ol de cortometrajes<\/strong>, <a href=\"https:\/\/cortosdemetraje.com\/webseries\/\">webseries<\/a> y <a href=\"https:\/\/cortosdemetraje.com\/canal\/videoclips\/\">v\u00eddeos musicales<\/a> online <strong>de acceso libre y gratuito<\/strong>\u201d, con el fin de facilitar al p\u00fablico el acceso a este maravilloso formato cinematogr\u00e1fico. En la actualidad su <a href=\"https:\/\/cortosdemetraje.com\/cortos\/\"><strong>cat\u00e1logo<\/strong><\/a>\u00a0re\u00fane m\u00e1s de 6.000 v\u00eddeos y un completo e intuitivo sistema de b\u00fasqueda.<\/p>\n<figure id=\"attachment_5135\" aria-describedby=\"caption-attachment-5135\" style=\"width: 725px\" class=\"wp-caption aligncenter\"><img loading=\"lazy\" decoding=\"async\" width=\"725\" height=\"325\" class=\"wp-image-5135 size-full\" src=\"http:\/\/www.cope.es\/blogs\/palomitas-de-maiz\/wp-content\/uploads\/sites\/6\/2020\/03\/alejandro-ruiz-1.jpg\" alt=\"Alejandro Ruiz, autor de Cortos de Metraje | La plataforma de cine \u2018Cortos de Metraje\u2019 cumple hoy 4 a\u00f1os\" srcset=\"https:\/\/www.cope.es\/blogs\/palomitas-de-maiz\/wp-content\/uploads\/sites\/6\/2020\/03\/alejandro-ruiz-1.jpg 725w, https:\/\/www.cope.es\/blogs\/palomitas-de-maiz\/wp-content\/uploads\/sites\/6\/2020\/03\/alejandro-ruiz-1-300x134.jpg 300w\" sizes=\"auto, (max-width: 725px) 100vw, 725px\" \/><figcaption id=\"caption-attachment-5135\" class=\"wp-caption-text\"><strong>Alejandro Ruiz,<\/strong> autor de <em>Cortos de Metraje<\/em> | La plataforma de cine \u2018Cortos de Metraje\u2019 cumple hoy 4 a\u00f1os<\/figcaption><\/figure>\n<p>Adem\u00e1s, <em>Cortos de Metraje<\/em> tambi\u00e9n quiere \u201c<strong>ofrecer a los creadores una plataforma donde compartir sus trabajos con el p\u00fablico<\/strong>\u201d, ya tengan una carrera profesional consolidada o est\u00e9n comenzando en el mundo de la producci\u00f3n audiovisual y cinematogr\u00e1fica. Para ello cuenta con la secci\u00f3n \u201c<a href=\"https:\/\/cortosdemetraje.com\/subetucorto\/\">Sube tu corto<\/a>\u201d, que ya ha recibido m\u00e1s de 600 trabajos.<\/p>\n<figure id=\"attachment_5124\" aria-describedby=\"caption-attachment-5124\" style=\"width: 725px\" class=\"wp-caption aligncenter\"><img loading=\"lazy\" decoding=\"async\" width=\"725\" height=\"522\" class=\"wp-image-5124 size-full\" src=\"http:\/\/www.cope.es\/blogs\/palomitas-de-maiz\/wp-content\/uploads\/sites\/6\/2020\/03\/Webseries.jpg\" alt=\"Webseries | La plataforma de cine \u2018Cortos de Metraje\u2019 cumple hoy 4 a\u00f1os\" srcset=\"https:\/\/www.cope.es\/blogs\/palomitas-de-maiz\/wp-content\/uploads\/sites\/6\/2020\/03\/Webseries.jpg 725w, https:\/\/www.cope.es\/blogs\/palomitas-de-maiz\/wp-content\/uploads\/sites\/6\/2020\/03\/Webseries-300x216.jpg 300w\" sizes=\"auto, (max-width: 725px) 100vw, 725px\" \/><figcaption id=\"caption-attachment-5124\" class=\"wp-caption-text\"><strong>Webseries<\/strong> | La plataforma de cine \u2018Cortos de Metraje\u2019 cumple hoy 4 a\u00f1os<\/figcaption><\/figure>\n<h2>La plataforma de cine \u2018Cortos de Metraje\u2019 cumple hoy 4 a\u00f1os<\/h2>\n<p><em>Cortos de Metraje<\/em> alberga trabajos de<strong> 76 nacionalidades<\/strong>, aunque el 70% de los v\u00eddeos archivados son de <strong>producci\u00f3n espa\u00f1ola<\/strong>, segmento en el que est\u00e1 especializada la plataforma.<\/p>\n<p>Entre sus principales funcionalidades se encuentra la recopilaci\u00f3n de cortos en diferentes <a href=\"https:\/\/cortosdemetraje.com\/canales\/\"><strong>canales tem\u00e1ticos<\/strong><\/a>, dedicados a <a href=\"https:\/\/cortosdemetraje.com\/canal\/directores-espanoles\/?view=playlists\">Directores y cineastas espa\u00f1oles<\/a>, <a href=\"https:\/\/cortosdemetraje.com\/canal\/actores-espanoles\/?view=playlists\">Actores y actrices espa\u00f1oles<\/a>, <a href=\"https:\/\/cortosdemetraje.com\/canal\/cortos-para-educar-en-valores\/\">Cortos para educar en valores<\/a>, <a href=\"https:\/\/cortosdemetraje.com\/canal\/no-mas-violencia-genero\/\">No m\u00e1s violencia de G\u00e9nero<\/a> o uno a los que m\u00e1s cari\u00f1o dedica: <a href=\"https:\/\/cortosdemetraje.com\/canal\/cine-de-malaga\/\">Cortometrajes de M\u00e1la<\/a><a href=\"https:\/\/cortosdemetraje.com\/canal\/cine-de-malaga\/\">ga<\/a>\u201d (provincia donde naci\u00f3 el proyecto), entre muchos otros.<\/p>\n<figure id=\"attachment_5125\" aria-describedby=\"caption-attachment-5125\" style=\"width: 725px\" class=\"wp-caption aligncenter\"><img loading=\"lazy\" decoding=\"async\" width=\"725\" height=\"397\" class=\"wp-image-5125 size-full\" src=\"http:\/\/www.cope.es\/blogs\/palomitas-de-maiz\/wp-content\/uploads\/sites\/6\/2020\/03\/Listas-de-videos-personalizadas.jpg\" alt=\"Listas de v\u00eddeo personalizadas | La plataforma de cine \u2018Cortos de Metraje\u2019 cumple hoy 4 a\u00f1os\" srcset=\"https:\/\/www.cope.es\/blogs\/palomitas-de-maiz\/wp-content\/uploads\/sites\/6\/2020\/03\/Listas-de-videos-personalizadas.jpg 725w, https:\/\/www.cope.es\/blogs\/palomitas-de-maiz\/wp-content\/uploads\/sites\/6\/2020\/03\/Listas-de-videos-personalizadas-300x164.jpg 300w\" sizes=\"auto, (max-width: 725px) 100vw, 725px\" \/><figcaption id=\"caption-attachment-5125\" class=\"wp-caption-text\"><strong>Listas de v\u00eddeo personalizadas<\/strong> | La plataforma de cine \u2018Cortos de Metraje\u2019 cumple hoy 4 a\u00f1os<\/figcaption><\/figure>\n<p>Uno de sus puntos fuertes es la posibilidad que tiene de crear <a href=\"https:\/\/cortosdemetraje.com\/cortometrajes-favoritos\/\"><strong>listas <\/strong><\/a><a href=\"https:\/\/cortosdemetraje.com\/cortometrajes-favoritos\/\"><strong>de v\u00eddeos <\/strong><\/a><a href=\"https:\/\/cortosdemetraje.com\/cortometrajes-favoritos\/\"><strong>personalizadas<\/strong><\/a>, algo muy \u00fatil, por ejemplo, para pasar una \u201ctarde de cine de terror\u201d, \u201ccine de palomitas\u201d o \u201ccortos sobre temas que los peques han visto en clase\u201d.<\/p>\n<figure id=\"attachment_5126\" aria-describedby=\"caption-attachment-5126\" style=\"width: 725px\" class=\"wp-caption aligncenter\"><img loading=\"lazy\" decoding=\"async\" width=\"725\" height=\"519\" class=\"wp-image-5126 size-full\" src=\"http:\/\/www.cope.es\/blogs\/palomitas-de-maiz\/wp-content\/uploads\/sites\/6\/2020\/03\/Generos.jpg\" alt=\"G\u00e9neros | La plataforma de cine \u2018Cortos de Metraje\u2019 cumple hoy 4 a\u00f1os\" srcset=\"https:\/\/www.cope.es\/blogs\/palomitas-de-maiz\/wp-content\/uploads\/sites\/6\/2020\/03\/Generos.jpg 725w, https:\/\/www.cope.es\/blogs\/palomitas-de-maiz\/wp-content\/uploads\/sites\/6\/2020\/03\/Generos-300x215.jpg 300w\" sizes=\"auto, (max-width: 725px) 100vw, 725px\" \/><figcaption id=\"caption-attachment-5126\" class=\"wp-caption-text\"><strong>G\u00e9neros<\/strong> | La plataforma de cine \u2018Cortos de Metraje\u2019 cumple hoy 4 a\u00f1os<\/figcaption><\/figure>\n<p>En su \u201cquijotesca\u201d misi\u00f3n de animar al p\u00fablico a ver cortometrajes, la plataforma est\u00e1 colaborando con festivales y muestras de cortometrajes como <a href=\"https:\/\/cortosdemetraje.com\/canal\/edc-el-dia-mas-corto\/?view=playlists\">El d\u00eda m\u00e1s corto<\/a>, <a href=\"https:\/\/cortosdemetraje.com\/canal\/pielagos-en-corto\/\">Festival de Cine de Pi\u00e9lagos<\/a>, <a href=\"https:\/\/cortosdemetraje.com\/canal\/fic-galdar\/?view=playlists\">FIC G\u00e1ldar<\/a>, <a href=\"https:\/\/cortosdemetraje.com\/canal\/ficcab\/\">FICCAB<\/a> o <a href=\"https:\/\/cortosdemetraje.com\/canal\/me-gustan-cortos\/?view=playlists\">Me Gustan Cortos IFF<\/a>. Y m\u00e1s recientemente <em>Cortos de Metraje<\/em> ha iniciado su contribuci\u00f3n al cine con la web Blogos de Oro, que el pr\u00f3ximo domingo, 29 de marzo, celebrar\u00e1 su gala virtual y anual, con sus ya tradicionales <a href=\"https:\/\/cortosdemetraje.com\/canal\/blogos-de-oro\/\">Premios Blogos de Oro<\/a>.<\/p>\n<h2>Actualmente,<em> Cortos de Metraje<\/em> es la web mejor posicionada en Google en la b\u00fasqueda de cortometrajes online, especialmente espa\u00f1oles<\/h2>\n<p>Por otro lado, la colaboraci\u00f3n de <em>Cortos de Metraje<\/em>\u00a0tambi\u00e9n se extiende a entidades y empresas del sector como la <a href=\"https:\/\/cortosdemetraje.com\/canal\/ecam\/?view=playlists\">ECAM<\/a>, <a href=\"https:\/\/cortosdemetraje.com\/canal\/yaq-distribucion\/?view=playlists\">Yaq Distribuci\u00f3n<\/a>, <a href=\"https:\/\/cortosdemetraje.com\/canal\/line-up-shorts\/?view=playlists\">LineUp Shorts<\/a> o <a href=\"https:\/\/cortosdemetraje.com\/canal\/distribution-with-glasses\/?view=about\">Distribution with Glasses<\/a>, todas ellas sin ning\u00fan tipo de contraprestaci\u00f3n econ\u00f3mica.<\/p>\n<figure id=\"attachment_5127\" aria-describedby=\"caption-attachment-5127\" style=\"width: 725px\" class=\"wp-caption aligncenter\"><img loading=\"lazy\" decoding=\"async\" width=\"725\" height=\"530\" class=\"wp-image-5127 size-full\" src=\"http:\/\/www.cope.es\/blogs\/palomitas-de-maiz\/wp-content\/uploads\/sites\/6\/2020\/03\/Catalogo.jpg\" alt=\"Cat\u00e1logo | La plataforma de cine \u2018Cortos de Metraje\u2019 cumple hoy 4 a\u00f1os\" srcset=\"https:\/\/www.cope.es\/blogs\/palomitas-de-maiz\/wp-content\/uploads\/sites\/6\/2020\/03\/Catalogo.jpg 725w, https:\/\/www.cope.es\/blogs\/palomitas-de-maiz\/wp-content\/uploads\/sites\/6\/2020\/03\/Catalogo-300x219.jpg 300w\" sizes=\"auto, (max-width: 725px) 100vw, 725px\" \/><figcaption id=\"caption-attachment-5127\" class=\"wp-caption-text\"><strong>Cat\u00e1logo<\/strong> | La plataforma de cine \u2018Cortos de Metraje\u2019 cumple hoy 4 a\u00f1os<\/figcaption><\/figure>\n<p>En la actualidad <strong>es la web mejor posicionada en Google<\/strong> en la b\u00fasqueda de cortometrajes online, especialmente espa\u00f1oles.<\/p>\n<h2>\u2018Cortos de Metraje\u2019 en los medios<\/h2>\n<p>Con motivo de la cuarentena a la que nos hemos visto avocados a consecuencia del Coronavirus COVID-19, <em>Cortos de Metraje<\/em> se ha convertido en una de las plataformas m\u00e1s recomendadas entre la plural oferta cultural gratuita en medios de comunicaci\u00f3n, como as\u00ed lo constatan TVE, <a href=\"https:\/\/verne.elpais.com\/verne\/2020\/03\/13\/articulo\/1584101516_840110.html\">El Pa\u00eds<\/a>, <a href=\"https:\/\/viajar.elperiodico.com\/planes\/31-planazos-gratis-casa-pasar-confinamiento\">el Peri\u00f3dico<\/a>, <a href=\"https:\/\/www.lasprovincias.es\/planes\/valenciadesde-casa-20200313190139-nt.html\">Las Provincias<\/a> o <a href=\"https:\/\/www.laopiniondemalaga.es\/cultura-espectaculos\/2020\/03\/23\/31-planazos-gratis-casa-pasar\/1154771.html\">La Opini\u00f3n de M\u00e1laga<\/a>, y en diferentes blogs como <a href=\"http:\/\/www.canariascreativa.com\/index.php?mod=noticias&amp;file=noticia&amp;id=1590\">Canarias Creativa<\/a>, <a href=\"http:\/\/cultura.franciscodiazdeleon.com\/index.php\/2020\/03\/19\/cortos-de-metraje-cortometrajes-online\/\">Cultura 3E<\/a>, <a href=\"https:\/\/quehacerenmalaga.com\/evento\/cortos-de-metraje\/\">Qu\u00e9 hacer en M\u00e1laga<\/a> o <a href=\"https:\/\/miposicionamientoweb.es\/cosas-para-hacer-en-casa\/#-ver-la-tele-series-peliculas-dibujos-etc\">Mi Posicionamiento Web<\/a>.<\/p>\n<figure id=\"attachment_5128\" aria-describedby=\"caption-attachment-5128\" style=\"width: 725px\" class=\"wp-caption aligncenter\"><img loading=\"lazy\" decoding=\"async\" width=\"725\" height=\"514\" class=\"wp-image-5128 size-full\" src=\"http:\/\/www.cope.es\/blogs\/palomitas-de-maiz\/wp-content\/uploads\/sites\/6\/2020\/03\/Canales.jpg\" alt=\"Canales | La plataforma de cine \u2018Cortos de Metraje\u2019 cumple hoy 4 a\u00f1os\" srcset=\"https:\/\/www.cope.es\/blogs\/palomitas-de-maiz\/wp-content\/uploads\/sites\/6\/2020\/03\/Canales.jpg 725w, https:\/\/www.cope.es\/blogs\/palomitas-de-maiz\/wp-content\/uploads\/sites\/6\/2020\/03\/Canales-300x213.jpg 300w\" sizes=\"auto, (max-width: 725px) 100vw, 725px\" \/><figcaption id=\"caption-attachment-5128\" class=\"wp-caption-text\"><strong>Canales<\/strong> | La plataforma de cine \u2018Cortos de Metraje\u2019 cumple hoy 4 a\u00f1os<\/figcaption><\/figure>\n<p>Desde este are\u00f3pago, tambi\u00e9n <strong>te felicitamos<\/strong>. Como poco, <strong>por otros cuatro a\u00f1os m\u00e1s<\/strong> de buen cine.<\/p>\n<p><iframe loading=\"lazy\" width=\"675\" height=\"380\" src=\"https:\/\/www.youtube.com\/embed\/WAwqfAIEriU?feature=oembed\" frameborder=\"0\" allow=\"accelerometer; autoplay; encrypted-media; gyroscope; picture-in-picture\" allowfullscreen><\/iframe><\/p>\n","protected":false},"excerpt":{"rendered":"<p>\u00a1Mis queridos palomiteros! La plataforma de cine \u2018Cortos de Metraje\u2019 cumple hoy 4 a\u00f1os. Se trata de un proyecto creado y desarrollado por el malague\u00f1o Alejandro Ruiz, que vio la luz por primera vez\u00a0 un 26 de marzo de 2016. Y es el resultado de dos de las muchas pasiones de su fundador, a saber, [&hellip;]<\/p>\n","protected":false},"author":6,"featured_media":5121,"comment_status":"open","ping_status":"open","sticky":false,"template":"","format":"standard","meta":{"footnotes":""},"categories":[336,49,4932],"tags":[4947,4944,4934,4949,646,4946,1786,70,4821,4942,4945,4933,4948,4943,1488,4937,4938,4939,4940,4941,1783,4950,4936,4935],"class_list":["post-5119","post","type-post","status-publish","format-standard","has-post-thumbnail","hentry","category-actualidad","category-cine","category-cortometrajes","tag-26-de-marzo","tag-4-anos","tag-alejandro-ruiz","tag-base-de-datos","tag-blogos-de-oro","tag-canales-tematicos","tag-catalogo","tag-cine-espanol","tag-coronavirus","tag-cortometrajes-on-line","tag-cortos-de-cine","tag-cortos-de-metraje","tag-cortos-gratis","tag-cortos-on-line","tag-cumpleanos","tag-el-dia-mas-corto","tag-festival-de-cine-de-pielagos","tag-fic-galdar","tag-ficcab","tag-me-gustan-cortos-iff","tag-plataforma","tag-videos","tag-videos-musicales","tag-web-series"],"yoast_head":"<!-- This site is optimized with the Yoast SEO plugin v27.4 - https:\/\/yoast.com\/product\/yoast-seo-wordpress\/ -->\n<title>La plataforma de cine \u2018Cortos de Metraje\u2019 cumple hoy 4 a\u00f1os<\/title>\n<meta name=\"description\" content=\"La plataforma de cine \u2018Cortos de Metraje\u2019 cumple hoy 4 a\u00f1os. El proyecto liderado por el malague\u00f1o Alejandro Ruiz es un referente sobre los cortos online\" \/>\n<meta name=\"robots\" content=\"index, follow, max-snippet:-1, max-image-preview:large, max-video-preview:-1\" \/>\n<link rel=\"canonical\" href=\"https:\/\/www.cope.es\/blogs\/palomitas-de-maiz\/2020\/03\/26\/la-plataforma-de-cine-cortos-de-metraje-cumple-hoy-4-anos\/\" \/>\n<meta property=\"og:locale\" content=\"es_ES\" \/>\n<meta property=\"og:type\" content=\"article\" \/>\n<meta property=\"og:title\" content=\"La plataforma de cine \u2018Cortos de Metraje\u2019 cumple hoy 4 a\u00f1os\" \/>\n<meta property=\"og:description\" content=\"La plataforma de cine \u2018Cortos de Metraje\u2019 cumple hoy 4 a\u00f1os. El proyecto liderado por el malague\u00f1o Alejandro Ruiz es un referente sobre los cortos online\" \/>\n<meta property=\"og:url\" content=\"https:\/\/www.cope.es\/blogs\/palomitas-de-maiz\/2020\/03\/26\/la-plataforma-de-cine-cortos-de-metraje-cumple-hoy-4-anos\/\" \/>\n<meta property=\"og:site_name\" content=\"Palomitas de Ma\u00edz\" \/>\n<meta property=\"article:publisher\" content=\"https:\/\/www.facebook.com\/cope\/\" \/>\n<meta property=\"article:author\" content=\"https:\/\/www.facebook.com\/palomitero\/\" \/>\n<meta property=\"article:published_time\" content=\"2020-03-25T23:02:30+00:00\" \/>\n<meta property=\"article:modified_time\" content=\"2020-03-26T12:46:28+00:00\" \/>\n<meta property=\"og:image\" content=\"https:\/\/www.cope.es\/blogs\/palomitas-de-maiz\/wp-content\/uploads\/sites\/6\/2020\/03\/Cabecera.jpg\" \/>\n\t<meta property=\"og:image:width\" content=\"725\" \/>\n\t<meta property=\"og:image:height\" content=\"397\" \/>\n\t<meta property=\"og:image:type\" content=\"image\/jpeg\" \/>\n<meta name=\"author\" content=\"Jos\u00e9 Luis Panero\" \/>\n<meta name=\"twitter:card\" content=\"summary_large_image\" \/>\n<meta name=\"twitter:creator\" content=\"@PALOMITERO\" \/>\n<meta name=\"twitter:site\" content=\"@cope_es\" \/>\n<meta name=\"twitter:label1\" content=\"Escrito por\" \/>\n\t<meta name=\"twitter:data1\" content=\"Jos\u00e9 Luis Panero\" \/>\n\t<meta name=\"twitter:label2\" content=\"Tiempo de lectura\" \/>\n\t<meta name=\"twitter:data2\" content=\"4 minutos\" \/>\n<script type=\"application\/ld+json\" class=\"yoast-schema-graph\">{\"@context\":\"https:\\\/\\\/schema.org\",\"@graph\":[{\"@type\":\"Article\",\"@id\":\"https:\\\/\\\/www.cope.es\\\/blogs\\\/palomitas-de-maiz\\\/2020\\\/03\\\/26\\\/la-plataforma-de-cine-cortos-de-metraje-cumple-hoy-4-anos\\\/#article\",\"isPartOf\":{\"@id\":\"https:\\\/\\\/www.cope.es\\\/blogs\\\/palomitas-de-maiz\\\/2020\\\/03\\\/26\\\/la-plataforma-de-cine-cortos-de-metraje-cumple-hoy-4-anos\\\/\"},\"author\":{\"name\":\"Jos\u00e9 Luis Panero\",\"@id\":\"https:\\\/\\\/www.cope.es\\\/blogs\\\/palomitas-de-maiz\\\/#\\\/schema\\\/person\\\/9fb256f63733c964d19b06de1ca3c9ef\"},\"headline\":\"La plataforma de cortometrajes online sin \u00e1nimo de lucro, \u2018Cortos de Metraje\u2019, cumple hoy 4 a\u00f1os\",\"datePublished\":\"2020-03-25T23:02:30+00:00\",\"dateModified\":\"2020-03-26T12:46:28+00:00\",\"mainEntityOfPage\":{\"@id\":\"https:\\\/\\\/www.cope.es\\\/blogs\\\/palomitas-de-maiz\\\/2020\\\/03\\\/26\\\/la-plataforma-de-cine-cortos-de-metraje-cumple-hoy-4-anos\\\/\"},\"wordCount\":803,\"commentCount\":0,\"image\":{\"@id\":\"https:\\\/\\\/www.cope.es\\\/blogs\\\/palomitas-de-maiz\\\/2020\\\/03\\\/26\\\/la-plataforma-de-cine-cortos-de-metraje-cumple-hoy-4-anos\\\/#primaryimage\"},\"thumbnailUrl\":\"https:\\\/\\\/www.cope.es\\\/blogs\\\/palomitas-de-maiz\\\/wp-content\\\/uploads\\\/sites\\\/6\\\/2020\\\/03\\\/Cabecera.jpg\",\"keywords\":[\"26 de marzo\",\"4 a\u00f1os\",\"alejandro ruiz\",\"base de datos\",\"Blogos de Oro\",\"canales tem\u00e1ticos\",\"catalogo\",\"cine espa\u00f1ol\",\"coronavirus\",\"cortometrajes on line\",\"cortos de cine\",\"cortos de metraje\",\"cortos gratis\",\"cortos on line\",\"cumplea\u00f1os\",\"El d\u00eda m\u00e1s corto\",\"Festival de Cine de Pi\u00e9lagos\",\"FIC G\u00e1ldar\",\"FICCAB\",\"Me Gustan Cortos IFF\",\"plataforma\",\"v\u00eddeos\",\"v\u00eddeos musicales\",\"web series\"],\"articleSection\":[\"actualidad\",\"Cine\",\"cortometrajes\"],\"inLanguage\":\"es\",\"potentialAction\":[{\"@type\":\"CommentAction\",\"name\":\"Comment\",\"target\":[\"https:\\\/\\\/www.cope.es\\\/blogs\\\/palomitas-de-maiz\\\/2020\\\/03\\\/26\\\/la-plataforma-de-cine-cortos-de-metraje-cumple-hoy-4-anos\\\/#respond\"]}]},{\"@type\":\"WebPage\",\"@id\":\"https:\\\/\\\/www.cope.es\\\/blogs\\\/palomitas-de-maiz\\\/2020\\\/03\\\/26\\\/la-plataforma-de-cine-cortos-de-metraje-cumple-hoy-4-anos\\\/\",\"url\":\"https:\\\/\\\/www.cope.es\\\/blogs\\\/palomitas-de-maiz\\\/2020\\\/03\\\/26\\\/la-plataforma-de-cine-cortos-de-metraje-cumple-hoy-4-anos\\\/\",\"name\":\"La plataforma de cine \u2018Cortos de Metraje\u2019 cumple hoy 4 a\u00f1os\",\"isPartOf\":{\"@id\":\"https:\\\/\\\/www.cope.es\\\/blogs\\\/palomitas-de-maiz\\\/#website\"},\"primaryImageOfPage\":{\"@id\":\"https:\\\/\\\/www.cope.es\\\/blogs\\\/palomitas-de-maiz\\\/2020\\\/03\\\/26\\\/la-plataforma-de-cine-cortos-de-metraje-cumple-hoy-4-anos\\\/#primaryimage\"},\"image\":{\"@id\":\"https:\\\/\\\/www.cope.es\\\/blogs\\\/palomitas-de-maiz\\\/2020\\\/03\\\/26\\\/la-plataforma-de-cine-cortos-de-metraje-cumple-hoy-4-anos\\\/#primaryimage\"},\"thumbnailUrl\":\"https:\\\/\\\/www.cope.es\\\/blogs\\\/palomitas-de-maiz\\\/wp-content\\\/uploads\\\/sites\\\/6\\\/2020\\\/03\\\/Cabecera.jpg\",\"datePublished\":\"2020-03-25T23:02:30+00:00\",\"dateModified\":\"2020-03-26T12:46:28+00:00\",\"author\":{\"@id\":\"https:\\\/\\\/www.cope.es\\\/blogs\\\/palomitas-de-maiz\\\/#\\\/schema\\\/person\\\/9fb256f63733c964d19b06de1ca3c9ef\"},\"description\":\"La plataforma de cine \u2018Cortos de Metraje\u2019 cumple hoy 4 a\u00f1os. El proyecto liderado por el malague\u00f1o Alejandro Ruiz es un referente sobre los cortos online\",\"breadcrumb\":{\"@id\":\"https:\\\/\\\/www.cope.es\\\/blogs\\\/palomitas-de-maiz\\\/2020\\\/03\\\/26\\\/la-plataforma-de-cine-cortos-de-metraje-cumple-hoy-4-anos\\\/#breadcrumb\"},\"inLanguage\":\"es\",\"potentialAction\":[{\"@type\":\"ReadAction\",\"target\":[\"https:\\\/\\\/www.cope.es\\\/blogs\\\/palomitas-de-maiz\\\/2020\\\/03\\\/26\\\/la-plataforma-de-cine-cortos-de-metraje-cumple-hoy-4-anos\\\/\"]}]},{\"@type\":\"ImageObject\",\"inLanguage\":\"es\",\"@id\":\"https:\\\/\\\/www.cope.es\\\/blogs\\\/palomitas-de-maiz\\\/2020\\\/03\\\/26\\\/la-plataforma-de-cine-cortos-de-metraje-cumple-hoy-4-anos\\\/#primaryimage\",\"url\":\"https:\\\/\\\/www.cope.es\\\/blogs\\\/palomitas-de-maiz\\\/wp-content\\\/uploads\\\/sites\\\/6\\\/2020\\\/03\\\/Cabecera.jpg\",\"contentUrl\":\"https:\\\/\\\/www.cope.es\\\/blogs\\\/palomitas-de-maiz\\\/wp-content\\\/uploads\\\/sites\\\/6\\\/2020\\\/03\\\/Cabecera.jpg\",\"width\":725,\"height\":397,\"caption\":\"https:\\\/\\\/www.cope.es\\\/blogs\\\/palomitas-de-maiz\\\/2020\\\/03\\\/26\\\/la-plataforma-de-cine-cortos-de-metraje-cumple-hoy-4-anos\\\/\"},{\"@type\":\"BreadcrumbList\",\"@id\":\"https:\\\/\\\/www.cope.es\\\/blogs\\\/palomitas-de-maiz\\\/2020\\\/03\\\/26\\\/la-plataforma-de-cine-cortos-de-metraje-cumple-hoy-4-anos\\\/#breadcrumb\",\"itemListElement\":[{\"@type\":\"ListItem\",\"position\":1,\"name\":\"Portada\",\"item\":\"https:\\\/\\\/www.cope.es\\\/blogs\\\/palomitas-de-maiz\\\/\"},{\"@type\":\"ListItem\",\"position\":2,\"name\":\"La plataforma de cortometrajes online sin \u00e1nimo de lucro, \u2018Cortos de Metraje\u2019, cumple hoy 4 a\u00f1os\"}]},{\"@type\":\"WebSite\",\"@id\":\"https:\\\/\\\/www.cope.es\\\/blogs\\\/palomitas-de-maiz\\\/#website\",\"url\":\"https:\\\/\\\/www.cope.es\\\/blogs\\\/palomitas-de-maiz\\\/\",\"name\":\"Palomitas de Ma\u00edz\",\"description\":\"Blog decano de cine de COPE\",\"potentialAction\":[{\"@type\":\"SearchAction\",\"target\":{\"@type\":\"EntryPoint\",\"urlTemplate\":\"https:\\\/\\\/www.cope.es\\\/blogs\\\/palomitas-de-maiz\\\/?s={search_term_string}\"},\"query-input\":{\"@type\":\"PropertyValueSpecification\",\"valueRequired\":true,\"valueName\":\"search_term_string\"}}],\"inLanguage\":\"es\"},{\"@type\":\"Person\",\"@id\":\"https:\\\/\\\/www.cope.es\\\/blogs\\\/palomitas-de-maiz\\\/#\\\/schema\\\/person\\\/9fb256f63733c964d19b06de1ca3c9ef\",\"name\":\"Jos\u00e9 Luis Panero\",\"image\":{\"@type\":\"ImageObject\",\"inLanguage\":\"es\",\"@id\":\"https:\\\/\\\/secure.gravatar.com\\\/avatar\\\/2ef93951eab3cee25932a7219e566376cbf6ddedde3aa3098e7a971991a3ef12?s=96&d=mm&r=g\",\"url\":\"https:\\\/\\\/secure.gravatar.com\\\/avatar\\\/2ef93951eab3cee25932a7219e566376cbf6ddedde3aa3098e7a971991a3ef12?s=96&d=mm&r=g\",\"contentUrl\":\"https:\\\/\\\/secure.gravatar.com\\\/avatar\\\/2ef93951eab3cee25932a7219e566376cbf6ddedde3aa3098e7a971991a3ef12?s=96&d=mm&r=g\",\"caption\":\"Jos\u00e9 Luis Panero\"},\"description\":\"Licenciado en Periodismo y en Comunicaci\u00f3n Audiovisual. Tras m\u00e1s de cuatro a\u00f1os en el diario 'La Gaceta de Los Negocios' y el programa f\u00edlmico 'Pantalla Grande', es cr\u00edtico de cine en 'Ciudad Nueva', 'Pantalla 90', 'COPE' o 'Aleteia' y cr\u00edtico de teatro en 'Hoy en la city'. Ha sido coguionista y ayudante de direcci\u00f3n de cine, ponente en los coloquios de cine del foro FNAC y profesor universitario en diferentes cursos de Periodismo Social. Desde 2003 es miembro del C\u00edrculo de Escritores Cinematogr\u00e1ficos (CEC). En 2008 fund\u00f3 en 'COPE' su blog de cine 'Palomitas de Ma\u00edz'. En 2017 fue nombrado Jurado Oficial del Festival Internacional de Cine de Fuengirola (M\u00e1laga) y ese a\u00f1o la instituci\u00f3n educativa Trinity College-Liceo Serrano le distingui\u00f3 con el nombramiento de 'Profesor de Honor' del centro y miembro ilustre del claustro de profesores. En 2019 fue nombrado Jurado Oficial del Festival Internacional de Cine de Vera (Almer\u00eda). En 2020 fue nombrado Jurado Oficial del Festival Internacional de Cine de Terror de La Mar Bella (Marbella). Como int\u00e9rprete ha sido galardonado con el Premio al Actor Principal del I Festival Nacional UNIR de teatro. Desde 2020 es acad\u00e9mico de las Artes Esc\u00e9nicas de Espa\u00f1a. En 2023 fue nombrado Jurado Oficial de los 'Premios Tal\u00eda' en su I Edici\u00f3n. Y miembro de ASHUMES (Asociaci\u00f3n del Humorismo Espa\u00f1ol) a partir de 2022. En 2023 fue nombrado Jurado Oficial de la II Edici\u00f3n de los 'Premios Godot'.\",\"sameAs\":[\"http:\\\/\\\/www.cope.es\",\"https:\\\/\\\/www.facebook.com\\\/palomitero\\\/\",\"https:\\\/\\\/www.instagram.com\\\/joseluispanero\\\/\",\"https:\\\/\\\/www.linkedin.com\\\/in\\\/jos-luis-panero-gonzlez-barosa-7722a716\\\/\",\"https:\\\/\\\/x.com\\\/PALOMITERO\",\"https:\\\/\\\/www.youtube.com\\\/channel\\\/UCQYaNGiETUXUPXjYu9p3lNw\\\/videos?\",\"https:\\\/\\\/es.wikipedia.org\\\/wiki\\\/Jos_Luis_Panero_Gonzlez-Barosa\"],\"url\":\"https:\\\/\\\/www.cope.es\\\/blogs\\\/palomitas-de-maiz\\\/author\\\/jlpanero\\\/\"}]}<\/script>\n<!-- \/ Yoast SEO plugin. -->","yoast_head_json":{"title":"La plataforma de cine \u2018Cortos de Metraje\u2019 cumple hoy 4 a\u00f1os","description":"La plataforma de cine \u2018Cortos de Metraje\u2019 cumple hoy 4 a\u00f1os. El proyecto liderado por el malague\u00f1o Alejandro Ruiz es un referente sobre los cortos online","robots":{"index":"index","follow":"follow","max-snippet":"max-snippet:-1","max-image-preview":"max-image-preview:large","max-video-preview":"max-video-preview:-1"},"canonical":"https:\/\/www.cope.es\/blogs\/palomitas-de-maiz\/2020\/03\/26\/la-plataforma-de-cine-cortos-de-metraje-cumple-hoy-4-anos\/","og_locale":"es_ES","og_type":"article","og_title":"La plataforma de cine \u2018Cortos de Metraje\u2019 cumple hoy 4 a\u00f1os","og_description":"La plataforma de cine \u2018Cortos de Metraje\u2019 cumple hoy 4 a\u00f1os. El proyecto liderado por el malague\u00f1o Alejandro Ruiz es un referente sobre los cortos online","og_url":"https:\/\/www.cope.es\/blogs\/palomitas-de-maiz\/2020\/03\/26\/la-plataforma-de-cine-cortos-de-metraje-cumple-hoy-4-anos\/","og_site_name":"Palomitas de Ma\u00edz","article_publisher":"https:\/\/www.facebook.com\/cope\/","article_author":"https:\/\/www.facebook.com\/palomitero\/","article_published_time":"2020-03-25T23:02:30+00:00","article_modified_time":"2020-03-26T12:46:28+00:00","og_image":[{"width":725,"height":397,"url":"https:\/\/www.cope.es\/blogs\/palomitas-de-maiz\/wp-content\/uploads\/sites\/6\/2020\/03\/Cabecera.jpg","type":"image\/jpeg"}],"author":"Jos\u00e9 Luis Panero","twitter_card":"summary_large_image","twitter_creator":"@PALOMITERO","twitter_site":"@cope_es","twitter_misc":{"Escrito por":"Jos\u00e9 Luis Panero","Tiempo de lectura":"4 minutos"},"schema":{"@context":"https:\/\/schema.org","@graph":[{"@type":"Article","@id":"https:\/\/www.cope.es\/blogs\/palomitas-de-maiz\/2020\/03\/26\/la-plataforma-de-cine-cortos-de-metraje-cumple-hoy-4-anos\/#article","isPartOf":{"@id":"https:\/\/www.cope.es\/blogs\/palomitas-de-maiz\/2020\/03\/26\/la-plataforma-de-cine-cortos-de-metraje-cumple-hoy-4-anos\/"},"author":{"name":"Jos\u00e9 Luis Panero","@id":"https:\/\/www.cope.es\/blogs\/palomitas-de-maiz\/#\/schema\/person\/9fb256f63733c964d19b06de1ca3c9ef"},"headline":"La plataforma de cortometrajes online sin \u00e1nimo de lucro, \u2018Cortos de Metraje\u2019, cumple hoy 4 a\u00f1os","datePublished":"2020-03-25T23:02:30+00:00","dateModified":"2020-03-26T12:46:28+00:00","mainEntityOfPage":{"@id":"https:\/\/www.cope.es\/blogs\/palomitas-de-maiz\/2020\/03\/26\/la-plataforma-de-cine-cortos-de-metraje-cumple-hoy-4-anos\/"},"wordCount":803,"commentCount":0,"image":{"@id":"https:\/\/www.cope.es\/blogs\/palomitas-de-maiz\/2020\/03\/26\/la-plataforma-de-cine-cortos-de-metraje-cumple-hoy-4-anos\/#primaryimage"},"thumbnailUrl":"https:\/\/www.cope.es\/blogs\/palomitas-de-maiz\/wp-content\/uploads\/sites\/6\/2020\/03\/Cabecera.jpg","keywords":["26 de marzo","4 a\u00f1os","alejandro ruiz","base de datos","Blogos de Oro","canales tem\u00e1ticos","catalogo","cine espa\u00f1ol","coronavirus","cortometrajes on line","cortos de cine","cortos de metraje","cortos gratis","cortos on line","cumplea\u00f1os","El d\u00eda m\u00e1s corto","Festival de Cine de Pi\u00e9lagos","FIC G\u00e1ldar","FICCAB","Me Gustan Cortos IFF","plataforma","v\u00eddeos","v\u00eddeos musicales","web series"],"articleSection":["actualidad","Cine","cortometrajes"],"inLanguage":"es","potentialAction":[{"@type":"CommentAction","name":"Comment","target":["https:\/\/www.cope.es\/blogs\/palomitas-de-maiz\/2020\/03\/26\/la-plataforma-de-cine-cortos-de-metraje-cumple-hoy-4-anos\/#respond"]}]},{"@type":"WebPage","@id":"https:\/\/www.cope.es\/blogs\/palomitas-de-maiz\/2020\/03\/26\/la-plataforma-de-cine-cortos-de-metraje-cumple-hoy-4-anos\/","url":"https:\/\/www.cope.es\/blogs\/palomitas-de-maiz\/2020\/03\/26\/la-plataforma-de-cine-cortos-de-metraje-cumple-hoy-4-anos\/","name":"La plataforma de cine \u2018Cortos de Metraje\u2019 cumple hoy 4 a\u00f1os","isPartOf":{"@id":"https:\/\/www.cope.es\/blogs\/palomitas-de-maiz\/#website"},"primaryImageOfPage":{"@id":"https:\/\/www.cope.es\/blogs\/palomitas-de-maiz\/2020\/03\/26\/la-plataforma-de-cine-cortos-de-metraje-cumple-hoy-4-anos\/#primaryimage"},"image":{"@id":"https:\/\/www.cope.es\/blogs\/palomitas-de-maiz\/2020\/03\/26\/la-plataforma-de-cine-cortos-de-metraje-cumple-hoy-4-anos\/#primaryimage"},"thumbnailUrl":"https:\/\/www.cope.es\/blogs\/palomitas-de-maiz\/wp-content\/uploads\/sites\/6\/2020\/03\/Cabecera.jpg","datePublished":"2020-03-25T23:02:30+00:00","dateModified":"2020-03-26T12:46:28+00:00","author":{"@id":"https:\/\/www.cope.es\/blogs\/palomitas-de-maiz\/#\/schema\/person\/9fb256f63733c964d19b06de1ca3c9ef"},"description":"La plataforma de cine \u2018Cortos de Metraje\u2019 cumple hoy 4 a\u00f1os. El proyecto liderado por el malague\u00f1o Alejandro Ruiz es un referente sobre los cortos online","breadcrumb":{"@id":"https:\/\/www.cope.es\/blogs\/palomitas-de-maiz\/2020\/03\/26\/la-plataforma-de-cine-cortos-de-metraje-cumple-hoy-4-anos\/#breadcrumb"},"inLanguage":"es","potentialAction":[{"@type":"ReadAction","target":["https:\/\/www.cope.es\/blogs\/palomitas-de-maiz\/2020\/03\/26\/la-plataforma-de-cine-cortos-de-metraje-cumple-hoy-4-anos\/"]}]},{"@type":"ImageObject","inLanguage":"es","@id":"https:\/\/www.cope.es\/blogs\/palomitas-de-maiz\/2020\/03\/26\/la-plataforma-de-cine-cortos-de-metraje-cumple-hoy-4-anos\/#primaryimage","url":"https:\/\/www.cope.es\/blogs\/palomitas-de-maiz\/wp-content\/uploads\/sites\/6\/2020\/03\/Cabecera.jpg","contentUrl":"https:\/\/www.cope.es\/blogs\/palomitas-de-maiz\/wp-content\/uploads\/sites\/6\/2020\/03\/Cabecera.jpg","width":725,"height":397,"caption":"https:\/\/www.cope.es\/blogs\/palomitas-de-maiz\/2020\/03\/26\/la-plataforma-de-cine-cortos-de-metraje-cumple-hoy-4-anos\/"},{"@type":"BreadcrumbList","@id":"https:\/\/www.cope.es\/blogs\/palomitas-de-maiz\/2020\/03\/26\/la-plataforma-de-cine-cortos-de-metraje-cumple-hoy-4-anos\/#breadcrumb","itemListElement":[{"@type":"ListItem","position":1,"name":"Portada","item":"https:\/\/www.cope.es\/blogs\/palomitas-de-maiz\/"},{"@type":"ListItem","position":2,"name":"La plataforma de cortometrajes online sin \u00e1nimo de lucro, \u2018Cortos de Metraje\u2019, cumple hoy 4 a\u00f1os"}]},{"@type":"WebSite","@id":"https:\/\/www.cope.es\/blogs\/palomitas-de-maiz\/#website","url":"https:\/\/www.cope.es\/blogs\/palomitas-de-maiz\/","name":"Palomitas de Ma\u00edz","description":"Blog decano de cine de COPE","potentialAction":[{"@type":"SearchAction","target":{"@type":"EntryPoint","urlTemplate":"https:\/\/www.cope.es\/blogs\/palomitas-de-maiz\/?s={search_term_string}"},"query-input":{"@type":"PropertyValueSpecification","valueRequired":true,"valueName":"search_term_string"}}],"inLanguage":"es"},{"@type":"Person","@id":"https:\/\/www.cope.es\/blogs\/palomitas-de-maiz\/#\/schema\/person\/9fb256f63733c964d19b06de1ca3c9ef","name":"Jos\u00e9 Luis Panero","image":{"@type":"ImageObject","inLanguage":"es","@id":"https:\/\/secure.gravatar.com\/avatar\/2ef93951eab3cee25932a7219e566376cbf6ddedde3aa3098e7a971991a3ef12?s=96&d=mm&r=g","url":"https:\/\/secure.gravatar.com\/avatar\/2ef93951eab3cee25932a7219e566376cbf6ddedde3aa3098e7a971991a3ef12?s=96&d=mm&r=g","contentUrl":"https:\/\/secure.gravatar.com\/avatar\/2ef93951eab3cee25932a7219e566376cbf6ddedde3aa3098e7a971991a3ef12?s=96&d=mm&r=g","caption":"Jos\u00e9 Luis Panero"},"description":"Licenciado en Periodismo y en Comunicaci\u00f3n Audiovisual. Tras m\u00e1s de cuatro a\u00f1os en el diario 'La Gaceta de Los Negocios' y el programa f\u00edlmico 'Pantalla Grande', es cr\u00edtico de cine en 'Ciudad Nueva', 'Pantalla 90', 'COPE' o 'Aleteia' y cr\u00edtico de teatro en 'Hoy en la city'. Ha sido coguionista y ayudante de direcci\u00f3n de cine, ponente en los coloquios de cine del foro FNAC y profesor universitario en diferentes cursos de Periodismo Social. Desde 2003 es miembro del C\u00edrculo de Escritores Cinematogr\u00e1ficos (CEC). En 2008 fund\u00f3 en 'COPE' su blog de cine 'Palomitas de Ma\u00edz'. En 2017 fue nombrado Jurado Oficial del Festival Internacional de Cine de Fuengirola (M\u00e1laga) y ese a\u00f1o la instituci\u00f3n educativa Trinity College-Liceo Serrano le distingui\u00f3 con el nombramiento de 'Profesor de Honor' del centro y miembro ilustre del claustro de profesores. En 2019 fue nombrado Jurado Oficial del Festival Internacional de Cine de Vera (Almer\u00eda). En 2020 fue nombrado Jurado Oficial del Festival Internacional de Cine de Terror de La Mar Bella (Marbella). Como int\u00e9rprete ha sido galardonado con el Premio al Actor Principal del I Festival Nacional UNIR de teatro. Desde 2020 es acad\u00e9mico de las Artes Esc\u00e9nicas de Espa\u00f1a. En 2023 fue nombrado Jurado Oficial de los 'Premios Tal\u00eda' en su I Edici\u00f3n. Y miembro de ASHUMES (Asociaci\u00f3n del Humorismo Espa\u00f1ol) a partir de 2022. En 2023 fue nombrado Jurado Oficial de la II Edici\u00f3n de los 'Premios Godot'.","sameAs":["http:\/\/www.cope.es","https:\/\/www.facebook.com\/palomitero\/","https:\/\/www.instagram.com\/joseluispanero\/","https:\/\/www.linkedin.com\/in\/jos-luis-panero-gonzlez-barosa-7722a716\/","https:\/\/x.com\/PALOMITERO","https:\/\/www.youtube.com\/channel\/UCQYaNGiETUXUPXjYu9p3lNw\/videos?","https:\/\/es.wikipedia.org\/wiki\/Jos_Luis_Panero_Gonzlez-Barosa"],"url":"https:\/\/www.cope.es\/blogs\/palomitas-de-maiz\/author\/jlpanero\/"}]}},"amp_enabled":true,"_links":{"self":[{"href":"https:\/\/www.cope.es\/blogs\/palomitas-de-maiz\/wp-json\/wp\/v2\/posts\/5119","targetHints":{"allow":["GET"]}}],"collection":[{"href":"https:\/\/www.cope.es\/blogs\/palomitas-de-maiz\/wp-json\/wp\/v2\/posts"}],"about":[{"href":"https:\/\/www.cope.es\/blogs\/palomitas-de-maiz\/wp-json\/wp\/v2\/types\/post"}],"author":[{"embeddable":true,"href":"https:\/\/www.cope.es\/blogs\/palomitas-de-maiz\/wp-json\/wp\/v2\/users\/6"}],"replies":[{"embeddable":true,"href":"https:\/\/www.cope.es\/blogs\/palomitas-de-maiz\/wp-json\/wp\/v2\/comments?post=5119"}],"version-history":[{"count":2,"href":"https:\/\/www.cope.es\/blogs\/palomitas-de-maiz\/wp-json\/wp\/v2\/posts\/5119\/revisions"}],"predecessor-version":[{"id":5137,"href":"https:\/\/www.cope.es\/blogs\/palomitas-de-maiz\/wp-json\/wp\/v2\/posts\/5119\/revisions\/5137"}],"wp:featuredmedia":[{"embeddable":true,"href":"https:\/\/www.cope.es\/blogs\/palomitas-de-maiz\/wp-json\/wp\/v2\/media\/5121"}],"wp:attachment":[{"href":"https:\/\/www.cope.es\/blogs\/palomitas-de-maiz\/wp-json\/wp\/v2\/media?parent=5119"}],"wp:term":[{"taxonomy":"category","embeddable":true,"href":"https:\/\/www.cope.es\/blogs\/palomitas-de-maiz\/wp-json\/wp\/v2\/categories?post=5119"},{"taxonomy":"post_tag","embeddable":true,"href":"https:\/\/www.cope.es\/blogs\/palomitas-de-maiz\/wp-json\/wp\/v2\/tags?post=5119"}],"curies":[{"name":"wp","href":"https:\/\/api.w.org\/{rel}","templated":true}]}}