{"id":5093,"date":"2020-03-24T17:56:16","date_gmt":"2020-03-24T16:56:16","guid":{"rendered":"http:\/\/www.cope.es\/blogs\/palomitas-de-maiz\/?p=5093"},"modified":"2020-03-24T18:00:00","modified_gmt":"2020-03-24T17:00:00","slug":"muere-albert-uderzo-universo-asterix-rene-goscinny-critica-cine","status":"publish","type":"post","link":"https:\/\/www.cope.es\/blogs\/palomitas-de-maiz\/2020\/03\/24\/muere-albert-uderzo-universo-asterix-rene-goscinny-critica-cine\/","title":{"rendered":"Muere el dibujante franc\u00e9s, Albert Uderzo, padre del universo \u2018Ast\u00e9rix\u2019 junto al guionista Ren\u00e9 Goscinny"},"content":{"rendered":"<p>\u00a1Mis queridos palomiteros! Muere Albert Uderzo, el hombre que puso color al universo \u2018Ast\u00e9rix\u2019. Hemos conocido en Espa\u00f1a la noticia esta ma\u00f1ana, cuando el coraz\u00f3n del afamado ilustrador ha dejado de latir a los 92 a\u00f1os.<\/p>\n<figure id=\"attachment_5095\" aria-describedby=\"caption-attachment-5095\" style=\"width: 722px\" class=\"wp-caption aligncenter\"><img loading=\"lazy\" decoding=\"async\" width=\"722\" height=\"428\" class=\"wp-image-5095 size-full\" src=\"http:\/\/www.cope.es\/blogs\/palomitas-de-maiz\/wp-content\/uploads\/sites\/6\/2020\/03\/albert-uderzo.jpg\" alt=\"Albert Uderzo | Muere Albert Uderzo, el hombre que puso color al universo \u2018Ast\u00e9rix\u2019\" srcset=\"https:\/\/www.cope.es\/blogs\/palomitas-de-maiz\/wp-content\/uploads\/sites\/6\/2020\/03\/albert-uderzo.jpg 722w, https:\/\/www.cope.es\/blogs\/palomitas-de-maiz\/wp-content\/uploads\/sites\/6\/2020\/03\/albert-uderzo-300x178.jpg 300w\" sizes=\"auto, (max-width: 722px) 100vw, 722px\" \/><figcaption id=\"caption-attachment-5095\" class=\"wp-caption-text\"><strong>Albert Uderzo<\/strong> | Muere Albert Uderzo, el hombre que puso color al universo \u2018Ast\u00e9rix\u2019<\/figcaption><\/figure>\n<p><strong>Albert Uderzo<\/strong> y el guionista franc\u00e9s <strong><a href=\"https:\/\/es.wikipedia.org\/wiki\/Ren%C3%A9_Goscinny\" target=\"_blank\">Ren\u00e9 Goscinny<\/a><\/strong> fueron una pareja de colaboradores inseparables hasta 1977, cuando el segundo muri\u00f3 tambi\u00e9n de un infarto de coraz\u00f3n a los 51 a\u00f1os. Desde entonces, el universo <em>Ast\u00e9rix<\/em> -al que ambos dieron luz a principios de los a\u00f1os 60-, experiment\u00f3 un cambio.<\/p>\n<figure id=\"attachment_5103\" aria-describedby=\"caption-attachment-5103\" style=\"width: 725px\" class=\"wp-caption aligncenter\"><img loading=\"lazy\" decoding=\"async\" width=\"725\" height=\"543\" class=\"wp-image-5103 size-full\" src=\"http:\/\/www.cope.es\/blogs\/palomitas-de-maiz\/wp-content\/uploads\/sites\/6\/2020\/03\/asterix-y-obelix-contra-coronavirus.jpg\" alt=\"\u00bfUna profec\u00eda? | Muere Albert Uderzo, el hombre que puso color al universo \u2018Ast\u00e9rix\u2019\" srcset=\"https:\/\/www.cope.es\/blogs\/palomitas-de-maiz\/wp-content\/uploads\/sites\/6\/2020\/03\/asterix-y-obelix-contra-coronavirus.jpg 725w, https:\/\/www.cope.es\/blogs\/palomitas-de-maiz\/wp-content\/uploads\/sites\/6\/2020\/03\/asterix-y-obelix-contra-coronavirus-300x225.jpg 300w\" sizes=\"auto, (max-width: 725px) 100vw, 725px\" \/><figcaption id=\"caption-attachment-5103\" class=\"wp-caption-text\"><strong>\u00bfUna profec\u00eda?<\/strong> | Muere Albert Uderzo, el hombre que puso color al universo \u2018Ast\u00e9rix\u2019<\/figcaption><\/figure>\n<p><iframe loading=\"lazy\" width=\"675\" height=\"380\" src=\"https:\/\/www.youtube.com\/embed\/e9tsawwMZtk?feature=oembed\" frameborder=\"0\" allow=\"accelerometer; autoplay; encrypted-media; gyroscope; picture-in-picture\" allowfullscreen><\/iframe><\/p>\n<p>Ciertamente, <strong>la creatividad y el ingenio de Goscinny eran \u00fanicos<\/strong>, pero <strong>Uderzo<\/strong> no estaba dispuesto a dejar inconclusa la saga, sobre todo por las posibilidades de expansi\u00f3n de <em>Ast\u00e9rix<\/em> a otros formatos, por ejemplo, al cine, y <strong>asumi\u00f3 tambi\u00e9n el rol de guionista<\/strong>. Porque, dicho sea de paso, las tiras c\u00f3micas del historietista y el ilustrador gozaron de \u00e9xito desde que lanzaron el proyecto.<\/p>\n<figure id=\"attachment_5096\" aria-describedby=\"caption-attachment-5096\" style=\"width: 725px\" class=\"wp-caption aligncenter\"><img loading=\"lazy\" decoding=\"async\" width=\"725\" height=\"407\" class=\"wp-image-5096 size-full\" src=\"http:\/\/www.cope.es\/blogs\/palomitas-de-maiz\/wp-content\/uploads\/sites\/6\/2020\/03\/albert-uderzo-y-ren\u00e9-goscinny.jpg\" alt=\"Albert Uderzo y Ren\u00e9 Goscinny | Muere Albert Uderzo, el hombre que puso color al universo \u2018Ast\u00e9rix\u2019\" srcset=\"https:\/\/www.cope.es\/blogs\/palomitas-de-maiz\/wp-content\/uploads\/sites\/6\/2020\/03\/albert-uderzo-y-ren\u00e9-goscinny.jpg 725w, https:\/\/www.cope.es\/blogs\/palomitas-de-maiz\/wp-content\/uploads\/sites\/6\/2020\/03\/albert-uderzo-y-ren\u00e9-goscinny-300x168.jpg 300w\" sizes=\"auto, (max-width: 725px) 100vw, 725px\" \/><figcaption id=\"caption-attachment-5096\" class=\"wp-caption-text\"><strong>Albert Uderzo y Ren\u00e9 Goscinny<\/strong> | Muere Albert Uderzo, el hombre que puso color al universo \u2018Ast\u00e9rix\u2019<\/figcaption><\/figure>\n<p>Y desde 1967 hasta ahora, <strong>el cine nos ha dado trece pel\u00edculas con las aventuras de<\/strong> <em>Ast\u00e9rix<\/em>. \u00a1Y hay otra en camino! En esta ocasi\u00f3n nos vamos a centrar en <em>Ast\u00e9rix y Ob\u00e9lix al servicio de su majestad<\/em>, que no es, precisamente, una de las mejores pel\u00edculas sobre el h\u00e9roe galo.<\/p>\n<p><iframe loading=\"lazy\" width=\"675\" height=\"380\" src=\"https:\/\/www.youtube.com\/embed\/y9LjnaD7V74?feature=oembed\" frameborder=\"0\" allow=\"accelerometer; autoplay; encrypted-media; gyroscope; picture-in-picture\" allowfullscreen><\/iframe><\/p>\n<h2>Muere Albert Uderzo, el hombre que puso color al universo \u2018Ast\u00e9rix\u2019 junto al creativo guionista galo Ren\u00e9 Goscinny<\/h2>\n<p>Hace ocho a\u00f1os, cuando se estren\u00f3 este filme en cines con actores, la pregunta era obligada: \u00bfQu\u00e9 les ha pasado a los galos m\u00e1s famosos del mundo mundial\u00a0en su regreso a la cartelera espa\u00f1ola?<\/p>\n<figure id=\"attachment_5098\" aria-describedby=\"caption-attachment-5098\" style=\"width: 725px\" class=\"wp-caption aligncenter\"><img loading=\"lazy\" decoding=\"async\" width=\"725\" height=\"403\" class=\"wp-image-5098 size-full\" src=\"http:\/\/www.cope.es\/blogs\/palomitas-de-maiz\/wp-content\/uploads\/sites\/6\/2020\/03\/asterix-1.jpg\" alt=\"Fotograma del filme Ast\u00e9rix y Ob\u00e9lix al servicio de su majestad | Muere Albert Uderzo, el hombre que puso color al universo \u2018Ast\u00e9rix\u2019\" srcset=\"https:\/\/www.cope.es\/blogs\/palomitas-de-maiz\/wp-content\/uploads\/sites\/6\/2020\/03\/asterix-1.jpg 725w, https:\/\/www.cope.es\/blogs\/palomitas-de-maiz\/wp-content\/uploads\/sites\/6\/2020\/03\/asterix-1-300x167.jpg 300w, https:\/\/www.cope.es\/blogs\/palomitas-de-maiz\/wp-content\/uploads\/sites\/6\/2020\/03\/asterix-1-490x273.jpg 490w\" sizes=\"auto, (max-width: 725px) 100vw, 725px\" \/><figcaption id=\"caption-attachment-5098\" class=\"wp-caption-text\"><strong>Fotograma del filme<\/strong> <em>Ast\u00e9rix y Ob\u00e9lix al servicio de su majestad<\/em> | Muere Albert Uderzo, el hombre que puso color al universo \u2018Ast\u00e9rix\u2019<\/figcaption><\/figure>\n<p>Un\u00a0p\u00e9simo doblaje al castellano, una carrillada de\u00a0chistes chuscos\u00a0y una colecci\u00f3n de\u00a0gags sobados\u00a0confirmaban el fracaso del realizador\u00a0<strong>Laurent Tirard<\/strong>\u00a0en esta lujosa superproducci\u00f3n en 3D de\u00a0poco fuelle\u00a0sobre los populares h\u00e9roes galos.<\/p>\n<p><iframe loading=\"lazy\" width=\"675\" height=\"380\" src=\"https:\/\/www.youtube.com\/embed\/77athpRxQH0?feature=oembed\" frameborder=\"0\" allow=\"accelerometer; autoplay; encrypted-media; gyroscope; picture-in-picture\" allowfullscreen><\/iframe><\/p>\n<p><strong>Tras el \u00e9xito de las pel\u00edculas de acci\u00f3n real<\/strong>, basadas en la idea original del difunto guionista\u00a0Ren\u00e9 Goscinny\u00a0y el dibujante\u00a0Albert Uderzo,\u00a0<em>Ast\u00e9rix y Ob\u00e9lix contra el C\u00e9sar\u00a0<\/em>(<strong>Claude Zidi<\/strong>, 1999),\u00a0<em>Misi\u00f3n Cleopatra<\/em>\u00a0(<strong>Alain Chabat<\/strong>, 2002) y\u00a0<em>Ast\u00e9rix en los Juegos Ol\u00edmpicos<\/em>\u00a0(<strong>Thomas Langmann\u00a0y\u00a0Fr\u00e9d\u00e9ric Forestier<\/strong>, 2008), llegaba a las salas espa\u00f1olas esta cuarta entrega,\u00a0<em>Ast\u00e9rix y Ob\u00e9lix al servicio de su majestad<\/em>, una historia con poca resistencia en el gui\u00f3n cuya novedad m\u00e1s llamativa es su exhibici\u00f3n en 3D.<\/p>\n<p><strong>Pod\u00e9is seguir leyendo la cr\u00edtica<\/strong> <a href=\"https:\/\/cineypalomitasdemaiz.blogspot.com\/2012\/12\/asterix-y-obelix-al-servicio-de-su.html\">pinchando en este enlace<\/a>.<\/p>\n<p><iframe loading=\"lazy\" width=\"675\" height=\"380\" src=\"https:\/\/www.youtube.com\/embed\/0Lduwxg3Eig?feature=oembed\" frameborder=\"0\" allow=\"accelerometer; autoplay; encrypted-media; gyroscope; picture-in-picture\" allowfullscreen><\/iframe><\/p>\n","protected":false},"excerpt":{"rendered":"<p>\u00a1Mis queridos palomiteros! Muere Albert Uderzo, el hombre que puso color al universo \u2018Ast\u00e9rix\u2019. Hemos conocido en Espa\u00f1a la noticia esta ma\u00f1ana, cuando el coraz\u00f3n del afamado ilustrador ha dejado de latir a los 92 a\u00f1os. Albert Uderzo y el guionista franc\u00e9s Ren\u00e9 Goscinny fueron una pareja de colaboradores inseparables hasta 1977, cuando el segundo [&hellip;]<\/p>\n","protected":false},"author":6,"featured_media":5094,"comment_status":"open","ping_status":"open","sticky":false,"template":"","format":"standard","meta":{"footnotes":""},"categories":[336,49],"tags":[4891,4897,4885,4886,4898,4890,4894,44,4895,4821,2020,4900,849,4888,4889,4892,4896,4893,3698,8,4884,4899,4887],"class_list":["post-5093","post","type-post","status-publish","format-standard","has-post-thumbnail","hentry","category-actualidad","category-cine","tag-3d","tag-alain-chabat","tag-albert-uderzo","tag-asterix","tag-asterix-en-los-juegos-olimpicos","tag-asterix-y-obelix-al-servicio-de-su-majestad","tag-asterix-y-obelix-contra-el-cesar","tag-cine","tag-claude-zidi","tag-coronavirus","tag-dibujante","tag-frederic-forestier","tag-guionista","tag-heroe-galo","tag-ilustrador","tag-laurent-tirard","tag-mision-cleopatra","tag-obelix","tag-obituario","tag-peliculas","tag-rene-goscinny","tag-thomas-langmann","tag-universo"],"yoast_head":"<!-- This site is optimized with the Yoast SEO plugin v27.4 - https:\/\/yoast.com\/product\/yoast-seo-wordpress\/ -->\n<title>Muere Albert Uderzo, el hombre que puso color al universo &#039;Ast\u00e9rix&#039;<\/title>\n<meta name=\"description\" content=\"Muere Albert Uderzo, el hombre que puso color al universo &#039;Ast\u00e9rix&#039;, tras la desaparici\u00f3n en 1977 del guionista Ren\u00e9 Goscinny\" \/>\n<meta name=\"robots\" content=\"index, follow, max-snippet:-1, max-image-preview:large, max-video-preview:-1\" \/>\n<link rel=\"canonical\" href=\"https:\/\/www.cope.es\/blogs\/palomitas-de-maiz\/2020\/03\/24\/muere-albert-uderzo-universo-asterix-rene-goscinny-critica-cine\/\" \/>\n<meta property=\"og:locale\" content=\"es_ES\" \/>\n<meta property=\"og:type\" content=\"article\" \/>\n<meta property=\"og:title\" content=\"Muere Albert Uderzo, el hombre que puso color al universo &#039;Ast\u00e9rix&#039;\" \/>\n<meta property=\"og:description\" content=\"Muere Albert Uderzo, el hombre que puso color al universo &#039;Ast\u00e9rix&#039;, tras la desaparici\u00f3n en 1977 del guionista Ren\u00e9 Goscinny\" \/>\n<meta property=\"og:url\" content=\"https:\/\/www.cope.es\/blogs\/palomitas-de-maiz\/2020\/03\/24\/muere-albert-uderzo-universo-asterix-rene-goscinny-critica-cine\/\" \/>\n<meta property=\"og:site_name\" content=\"Palomitas de Ma\u00edz\" \/>\n<meta property=\"article:publisher\" content=\"https:\/\/www.facebook.com\/cope\/\" \/>\n<meta property=\"article:author\" content=\"https:\/\/www.facebook.com\/palomitero\/\" \/>\n<meta property=\"article:published_time\" content=\"2020-03-24T16:56:16+00:00\" \/>\n<meta property=\"article:modified_time\" content=\"2020-03-24T17:00:00+00:00\" \/>\n<meta property=\"og:image\" content=\"https:\/\/www.cope.es\/blogs\/palomitas-de-maiz\/wp-content\/uploads\/sites\/6\/2020\/03\/albert-uderzo-portada.jpg\" \/>\n\t<meta property=\"og:image:width\" content=\"722\" \/>\n\t<meta property=\"og:image:height\" content=\"428\" \/>\n\t<meta property=\"og:image:type\" content=\"image\/jpeg\" \/>\n<meta name=\"author\" content=\"Jos\u00e9 Luis Panero\" \/>\n<meta name=\"twitter:card\" content=\"summary_large_image\" \/>\n<meta name=\"twitter:creator\" content=\"@PALOMITERO\" \/>\n<meta name=\"twitter:site\" content=\"@cope_es\" \/>\n<meta name=\"twitter:label1\" content=\"Escrito por\" \/>\n\t<meta name=\"twitter:data1\" content=\"Jos\u00e9 Luis Panero\" \/>\n\t<meta name=\"twitter:label2\" content=\"Tiempo de lectura\" \/>\n\t<meta name=\"twitter:data2\" content=\"3 minutos\" \/>\n<script type=\"application\/ld+json\" class=\"yoast-schema-graph\">{\"@context\":\"https:\\\/\\\/schema.org\",\"@graph\":[{\"@type\":\"Article\",\"@id\":\"https:\\\/\\\/www.cope.es\\\/blogs\\\/palomitas-de-maiz\\\/2020\\\/03\\\/24\\\/muere-albert-uderzo-universo-asterix-rene-goscinny-critica-cine\\\/#article\",\"isPartOf\":{\"@id\":\"https:\\\/\\\/www.cope.es\\\/blogs\\\/palomitas-de-maiz\\\/2020\\\/03\\\/24\\\/muere-albert-uderzo-universo-asterix-rene-goscinny-critica-cine\\\/\"},\"author\":{\"name\":\"Jos\u00e9 Luis Panero\",\"@id\":\"https:\\\/\\\/www.cope.es\\\/blogs\\\/palomitas-de-maiz\\\/#\\\/schema\\\/person\\\/9fb256f63733c964d19b06de1ca3c9ef\"},\"headline\":\"Muere el dibujante franc\u00e9s, Albert Uderzo, padre del universo \u2018Ast\u00e9rix\u2019 junto al guionista Ren\u00e9 Goscinny\",\"datePublished\":\"2020-03-24T16:56:16+00:00\",\"dateModified\":\"2020-03-24T17:00:00+00:00\",\"mainEntityOfPage\":{\"@id\":\"https:\\\/\\\/www.cope.es\\\/blogs\\\/palomitas-de-maiz\\\/2020\\\/03\\\/24\\\/muere-albert-uderzo-universo-asterix-rene-goscinny-critica-cine\\\/\"},\"wordCount\":571,\"commentCount\":0,\"image\":{\"@id\":\"https:\\\/\\\/www.cope.es\\\/blogs\\\/palomitas-de-maiz\\\/2020\\\/03\\\/24\\\/muere-albert-uderzo-universo-asterix-rene-goscinny-critica-cine\\\/#primaryimage\"},\"thumbnailUrl\":\"https:\\\/\\\/www.cope.es\\\/blogs\\\/palomitas-de-maiz\\\/wp-content\\\/uploads\\\/sites\\\/6\\\/2020\\\/03\\\/albert-uderzo-portada.jpg\",\"keywords\":[\"3d\",\"Alain Chabat\",\"albert uderzo\",\"ast\u00e9rix\",\"Ast\u00e9rix en los Juegos Ol\u00edmpicos\",\"Ast\u00e9rix y Ob\u00e9lix al servicio de su majestad\",\"Ast\u00e9rix y Ob\u00e9lix contra el C\u00e9sar\",\"cine\",\"Claude Zidi\",\"coronavirus\",\"dibujante\",\"Fr\u00e9d\u00e9ric Forestier\",\"guionista\",\"h\u00e9roe galo\",\"ilustrador\",\"Laurent Tirard\",\"Misi\u00f3n Cleopatra\",\"ob\u00e9lix\",\"obituario\",\"pel\u00edculas\",\"Ren\u00e9 Goscinny\",\"Thomas Langmann\",\"universo\"],\"articleSection\":[\"actualidad\",\"Cine\"],\"inLanguage\":\"es\",\"potentialAction\":[{\"@type\":\"CommentAction\",\"name\":\"Comment\",\"target\":[\"https:\\\/\\\/www.cope.es\\\/blogs\\\/palomitas-de-maiz\\\/2020\\\/03\\\/24\\\/muere-albert-uderzo-universo-asterix-rene-goscinny-critica-cine\\\/#respond\"]}]},{\"@type\":\"WebPage\",\"@id\":\"https:\\\/\\\/www.cope.es\\\/blogs\\\/palomitas-de-maiz\\\/2020\\\/03\\\/24\\\/muere-albert-uderzo-universo-asterix-rene-goscinny-critica-cine\\\/\",\"url\":\"https:\\\/\\\/www.cope.es\\\/blogs\\\/palomitas-de-maiz\\\/2020\\\/03\\\/24\\\/muere-albert-uderzo-universo-asterix-rene-goscinny-critica-cine\\\/\",\"name\":\"Muere Albert Uderzo, el hombre que puso color al universo 'Ast\u00e9rix'\",\"isPartOf\":{\"@id\":\"https:\\\/\\\/www.cope.es\\\/blogs\\\/palomitas-de-maiz\\\/#website\"},\"primaryImageOfPage\":{\"@id\":\"https:\\\/\\\/www.cope.es\\\/blogs\\\/palomitas-de-maiz\\\/2020\\\/03\\\/24\\\/muere-albert-uderzo-universo-asterix-rene-goscinny-critica-cine\\\/#primaryimage\"},\"image\":{\"@id\":\"https:\\\/\\\/www.cope.es\\\/blogs\\\/palomitas-de-maiz\\\/2020\\\/03\\\/24\\\/muere-albert-uderzo-universo-asterix-rene-goscinny-critica-cine\\\/#primaryimage\"},\"thumbnailUrl\":\"https:\\\/\\\/www.cope.es\\\/blogs\\\/palomitas-de-maiz\\\/wp-content\\\/uploads\\\/sites\\\/6\\\/2020\\\/03\\\/albert-uderzo-portada.jpg\",\"datePublished\":\"2020-03-24T16:56:16+00:00\",\"dateModified\":\"2020-03-24T17:00:00+00:00\",\"author\":{\"@id\":\"https:\\\/\\\/www.cope.es\\\/blogs\\\/palomitas-de-maiz\\\/#\\\/schema\\\/person\\\/9fb256f63733c964d19b06de1ca3c9ef\"},\"description\":\"Muere Albert Uderzo, el hombre que puso color al universo 'Ast\u00e9rix', tras la desaparici\u00f3n en 1977 del guionista Ren\u00e9 Goscinny\",\"breadcrumb\":{\"@id\":\"https:\\\/\\\/www.cope.es\\\/blogs\\\/palomitas-de-maiz\\\/2020\\\/03\\\/24\\\/muere-albert-uderzo-universo-asterix-rene-goscinny-critica-cine\\\/#breadcrumb\"},\"inLanguage\":\"es\",\"potentialAction\":[{\"@type\":\"ReadAction\",\"target\":[\"https:\\\/\\\/www.cope.es\\\/blogs\\\/palomitas-de-maiz\\\/2020\\\/03\\\/24\\\/muere-albert-uderzo-universo-asterix-rene-goscinny-critica-cine\\\/\"]}]},{\"@type\":\"ImageObject\",\"inLanguage\":\"es\",\"@id\":\"https:\\\/\\\/www.cope.es\\\/blogs\\\/palomitas-de-maiz\\\/2020\\\/03\\\/24\\\/muere-albert-uderzo-universo-asterix-rene-goscinny-critica-cine\\\/#primaryimage\",\"url\":\"https:\\\/\\\/www.cope.es\\\/blogs\\\/palomitas-de-maiz\\\/wp-content\\\/uploads\\\/sites\\\/6\\\/2020\\\/03\\\/albert-uderzo-portada.jpg\",\"contentUrl\":\"https:\\\/\\\/www.cope.es\\\/blogs\\\/palomitas-de-maiz\\\/wp-content\\\/uploads\\\/sites\\\/6\\\/2020\\\/03\\\/albert-uderzo-portada.jpg\",\"width\":722,\"height\":428,\"caption\":\"https:\\\/\\\/www.cope.es\\\/blogs\\\/palomitas-de-maiz\\\/2020\\\/03\\\/24\\\/muere-albert-uderzo-universo-asterix-rene-goscinny-critica-cine\\\/\"},{\"@type\":\"BreadcrumbList\",\"@id\":\"https:\\\/\\\/www.cope.es\\\/blogs\\\/palomitas-de-maiz\\\/2020\\\/03\\\/24\\\/muere-albert-uderzo-universo-asterix-rene-goscinny-critica-cine\\\/#breadcrumb\",\"itemListElement\":[{\"@type\":\"ListItem\",\"position\":1,\"name\":\"Portada\",\"item\":\"https:\\\/\\\/www.cope.es\\\/blogs\\\/palomitas-de-maiz\\\/\"},{\"@type\":\"ListItem\",\"position\":2,\"name\":\"Muere el dibujante franc\u00e9s, Albert Uderzo, padre del universo \u2018Ast\u00e9rix\u2019 junto al guionista Ren\u00e9 Goscinny\"}]},{\"@type\":\"WebSite\",\"@id\":\"https:\\\/\\\/www.cope.es\\\/blogs\\\/palomitas-de-maiz\\\/#website\",\"url\":\"https:\\\/\\\/www.cope.es\\\/blogs\\\/palomitas-de-maiz\\\/\",\"name\":\"Palomitas de Ma\u00edz\",\"description\":\"Blog decano de cine de COPE\",\"potentialAction\":[{\"@type\":\"SearchAction\",\"target\":{\"@type\":\"EntryPoint\",\"urlTemplate\":\"https:\\\/\\\/www.cope.es\\\/blogs\\\/palomitas-de-maiz\\\/?s={search_term_string}\"},\"query-input\":{\"@type\":\"PropertyValueSpecification\",\"valueRequired\":true,\"valueName\":\"search_term_string\"}}],\"inLanguage\":\"es\"},{\"@type\":\"Person\",\"@id\":\"https:\\\/\\\/www.cope.es\\\/blogs\\\/palomitas-de-maiz\\\/#\\\/schema\\\/person\\\/9fb256f63733c964d19b06de1ca3c9ef\",\"name\":\"Jos\u00e9 Luis Panero\",\"image\":{\"@type\":\"ImageObject\",\"inLanguage\":\"es\",\"@id\":\"https:\\\/\\\/secure.gravatar.com\\\/avatar\\\/2ef93951eab3cee25932a7219e566376cbf6ddedde3aa3098e7a971991a3ef12?s=96&d=mm&r=g\",\"url\":\"https:\\\/\\\/secure.gravatar.com\\\/avatar\\\/2ef93951eab3cee25932a7219e566376cbf6ddedde3aa3098e7a971991a3ef12?s=96&d=mm&r=g\",\"contentUrl\":\"https:\\\/\\\/secure.gravatar.com\\\/avatar\\\/2ef93951eab3cee25932a7219e566376cbf6ddedde3aa3098e7a971991a3ef12?s=96&d=mm&r=g\",\"caption\":\"Jos\u00e9 Luis Panero\"},\"description\":\"Licenciado en Periodismo y en Comunicaci\u00f3n Audiovisual. Tras m\u00e1s de cuatro a\u00f1os en el diario 'La Gaceta de Los Negocios' y el programa f\u00edlmico 'Pantalla Grande', es cr\u00edtico de cine en 'Ciudad Nueva', 'Pantalla 90', 'COPE' o 'Aleteia' y cr\u00edtico de teatro en 'Hoy en la city'. Ha sido coguionista y ayudante de direcci\u00f3n de cine, ponente en los coloquios de cine del foro FNAC y profesor universitario en diferentes cursos de Periodismo Social. Desde 2003 es miembro del C\u00edrculo de Escritores Cinematogr\u00e1ficos (CEC). En 2008 fund\u00f3 en 'COPE' su blog de cine 'Palomitas de Ma\u00edz'. En 2017 fue nombrado Jurado Oficial del Festival Internacional de Cine de Fuengirola (M\u00e1laga) y ese a\u00f1o la instituci\u00f3n educativa Trinity College-Liceo Serrano le distingui\u00f3 con el nombramiento de 'Profesor de Honor' del centro y miembro ilustre del claustro de profesores. En 2019 fue nombrado Jurado Oficial del Festival Internacional de Cine de Vera (Almer\u00eda). En 2020 fue nombrado Jurado Oficial del Festival Internacional de Cine de Terror de La Mar Bella (Marbella). Como int\u00e9rprete ha sido galardonado con el Premio al Actor Principal del I Festival Nacional UNIR de teatro. Desde 2020 es acad\u00e9mico de las Artes Esc\u00e9nicas de Espa\u00f1a. En 2023 fue nombrado Jurado Oficial de los 'Premios Tal\u00eda' en su I Edici\u00f3n. Y miembro de ASHUMES (Asociaci\u00f3n del Humorismo Espa\u00f1ol) a partir de 2022. En 2023 fue nombrado Jurado Oficial de la II Edici\u00f3n de los 'Premios Godot'.\",\"sameAs\":[\"http:\\\/\\\/www.cope.es\",\"https:\\\/\\\/www.facebook.com\\\/palomitero\\\/\",\"https:\\\/\\\/www.instagram.com\\\/joseluispanero\\\/\",\"https:\\\/\\\/www.linkedin.com\\\/in\\\/jos-luis-panero-gonzlez-barosa-7722a716\\\/\",\"https:\\\/\\\/x.com\\\/PALOMITERO\",\"https:\\\/\\\/www.youtube.com\\\/channel\\\/UCQYaNGiETUXUPXjYu9p3lNw\\\/videos?\",\"https:\\\/\\\/es.wikipedia.org\\\/wiki\\\/Jos_Luis_Panero_Gonzlez-Barosa\"],\"url\":\"https:\\\/\\\/www.cope.es\\\/blogs\\\/palomitas-de-maiz\\\/author\\\/jlpanero\\\/\"}]}<\/script>\n<!-- \/ Yoast SEO plugin. -->","yoast_head_json":{"title":"Muere Albert Uderzo, el hombre que puso color al universo 'Ast\u00e9rix'","description":"Muere Albert Uderzo, el hombre que puso color al universo 'Ast\u00e9rix', tras la desaparici\u00f3n en 1977 del guionista Ren\u00e9 Goscinny","robots":{"index":"index","follow":"follow","max-snippet":"max-snippet:-1","max-image-preview":"max-image-preview:large","max-video-preview":"max-video-preview:-1"},"canonical":"https:\/\/www.cope.es\/blogs\/palomitas-de-maiz\/2020\/03\/24\/muere-albert-uderzo-universo-asterix-rene-goscinny-critica-cine\/","og_locale":"es_ES","og_type":"article","og_title":"Muere Albert Uderzo, el hombre que puso color al universo 'Ast\u00e9rix'","og_description":"Muere Albert Uderzo, el hombre que puso color al universo 'Ast\u00e9rix', tras la desaparici\u00f3n en 1977 del guionista Ren\u00e9 Goscinny","og_url":"https:\/\/www.cope.es\/blogs\/palomitas-de-maiz\/2020\/03\/24\/muere-albert-uderzo-universo-asterix-rene-goscinny-critica-cine\/","og_site_name":"Palomitas de Ma\u00edz","article_publisher":"https:\/\/www.facebook.com\/cope\/","article_author":"https:\/\/www.facebook.com\/palomitero\/","article_published_time":"2020-03-24T16:56:16+00:00","article_modified_time":"2020-03-24T17:00:00+00:00","og_image":[{"width":722,"height":428,"url":"https:\/\/www.cope.es\/blogs\/palomitas-de-maiz\/wp-content\/uploads\/sites\/6\/2020\/03\/albert-uderzo-portada.jpg","type":"image\/jpeg"}],"author":"Jos\u00e9 Luis Panero","twitter_card":"summary_large_image","twitter_creator":"@PALOMITERO","twitter_site":"@cope_es","twitter_misc":{"Escrito por":"Jos\u00e9 Luis Panero","Tiempo de lectura":"3 minutos"},"schema":{"@context":"https:\/\/schema.org","@graph":[{"@type":"Article","@id":"https:\/\/www.cope.es\/blogs\/palomitas-de-maiz\/2020\/03\/24\/muere-albert-uderzo-universo-asterix-rene-goscinny-critica-cine\/#article","isPartOf":{"@id":"https:\/\/www.cope.es\/blogs\/palomitas-de-maiz\/2020\/03\/24\/muere-albert-uderzo-universo-asterix-rene-goscinny-critica-cine\/"},"author":{"name":"Jos\u00e9 Luis Panero","@id":"https:\/\/www.cope.es\/blogs\/palomitas-de-maiz\/#\/schema\/person\/9fb256f63733c964d19b06de1ca3c9ef"},"headline":"Muere el dibujante franc\u00e9s, Albert Uderzo, padre del universo \u2018Ast\u00e9rix\u2019 junto al guionista Ren\u00e9 Goscinny","datePublished":"2020-03-24T16:56:16+00:00","dateModified":"2020-03-24T17:00:00+00:00","mainEntityOfPage":{"@id":"https:\/\/www.cope.es\/blogs\/palomitas-de-maiz\/2020\/03\/24\/muere-albert-uderzo-universo-asterix-rene-goscinny-critica-cine\/"},"wordCount":571,"commentCount":0,"image":{"@id":"https:\/\/www.cope.es\/blogs\/palomitas-de-maiz\/2020\/03\/24\/muere-albert-uderzo-universo-asterix-rene-goscinny-critica-cine\/#primaryimage"},"thumbnailUrl":"https:\/\/www.cope.es\/blogs\/palomitas-de-maiz\/wp-content\/uploads\/sites\/6\/2020\/03\/albert-uderzo-portada.jpg","keywords":["3d","Alain Chabat","albert uderzo","ast\u00e9rix","Ast\u00e9rix en los Juegos Ol\u00edmpicos","Ast\u00e9rix y Ob\u00e9lix al servicio de su majestad","Ast\u00e9rix y Ob\u00e9lix contra el C\u00e9sar","cine","Claude Zidi","coronavirus","dibujante","Fr\u00e9d\u00e9ric Forestier","guionista","h\u00e9roe galo","ilustrador","Laurent Tirard","Misi\u00f3n Cleopatra","ob\u00e9lix","obituario","pel\u00edculas","Ren\u00e9 Goscinny","Thomas Langmann","universo"],"articleSection":["actualidad","Cine"],"inLanguage":"es","potentialAction":[{"@type":"CommentAction","name":"Comment","target":["https:\/\/www.cope.es\/blogs\/palomitas-de-maiz\/2020\/03\/24\/muere-albert-uderzo-universo-asterix-rene-goscinny-critica-cine\/#respond"]}]},{"@type":"WebPage","@id":"https:\/\/www.cope.es\/blogs\/palomitas-de-maiz\/2020\/03\/24\/muere-albert-uderzo-universo-asterix-rene-goscinny-critica-cine\/","url":"https:\/\/www.cope.es\/blogs\/palomitas-de-maiz\/2020\/03\/24\/muere-albert-uderzo-universo-asterix-rene-goscinny-critica-cine\/","name":"Muere Albert Uderzo, el hombre que puso color al universo 'Ast\u00e9rix'","isPartOf":{"@id":"https:\/\/www.cope.es\/blogs\/palomitas-de-maiz\/#website"},"primaryImageOfPage":{"@id":"https:\/\/www.cope.es\/blogs\/palomitas-de-maiz\/2020\/03\/24\/muere-albert-uderzo-universo-asterix-rene-goscinny-critica-cine\/#primaryimage"},"image":{"@id":"https:\/\/www.cope.es\/blogs\/palomitas-de-maiz\/2020\/03\/24\/muere-albert-uderzo-universo-asterix-rene-goscinny-critica-cine\/#primaryimage"},"thumbnailUrl":"https:\/\/www.cope.es\/blogs\/palomitas-de-maiz\/wp-content\/uploads\/sites\/6\/2020\/03\/albert-uderzo-portada.jpg","datePublished":"2020-03-24T16:56:16+00:00","dateModified":"2020-03-24T17:00:00+00:00","author":{"@id":"https:\/\/www.cope.es\/blogs\/palomitas-de-maiz\/#\/schema\/person\/9fb256f63733c964d19b06de1ca3c9ef"},"description":"Muere Albert Uderzo, el hombre que puso color al universo 'Ast\u00e9rix', tras la desaparici\u00f3n en 1977 del guionista Ren\u00e9 Goscinny","breadcrumb":{"@id":"https:\/\/www.cope.es\/blogs\/palomitas-de-maiz\/2020\/03\/24\/muere-albert-uderzo-universo-asterix-rene-goscinny-critica-cine\/#breadcrumb"},"inLanguage":"es","potentialAction":[{"@type":"ReadAction","target":["https:\/\/www.cope.es\/blogs\/palomitas-de-maiz\/2020\/03\/24\/muere-albert-uderzo-universo-asterix-rene-goscinny-critica-cine\/"]}]},{"@type":"ImageObject","inLanguage":"es","@id":"https:\/\/www.cope.es\/blogs\/palomitas-de-maiz\/2020\/03\/24\/muere-albert-uderzo-universo-asterix-rene-goscinny-critica-cine\/#primaryimage","url":"https:\/\/www.cope.es\/blogs\/palomitas-de-maiz\/wp-content\/uploads\/sites\/6\/2020\/03\/albert-uderzo-portada.jpg","contentUrl":"https:\/\/www.cope.es\/blogs\/palomitas-de-maiz\/wp-content\/uploads\/sites\/6\/2020\/03\/albert-uderzo-portada.jpg","width":722,"height":428,"caption":"https:\/\/www.cope.es\/blogs\/palomitas-de-maiz\/2020\/03\/24\/muere-albert-uderzo-universo-asterix-rene-goscinny-critica-cine\/"},{"@type":"BreadcrumbList","@id":"https:\/\/www.cope.es\/blogs\/palomitas-de-maiz\/2020\/03\/24\/muere-albert-uderzo-universo-asterix-rene-goscinny-critica-cine\/#breadcrumb","itemListElement":[{"@type":"ListItem","position":1,"name":"Portada","item":"https:\/\/www.cope.es\/blogs\/palomitas-de-maiz\/"},{"@type":"ListItem","position":2,"name":"Muere el dibujante franc\u00e9s, Albert Uderzo, padre del universo \u2018Ast\u00e9rix\u2019 junto al guionista Ren\u00e9 Goscinny"}]},{"@type":"WebSite","@id":"https:\/\/www.cope.es\/blogs\/palomitas-de-maiz\/#website","url":"https:\/\/www.cope.es\/blogs\/palomitas-de-maiz\/","name":"Palomitas de Ma\u00edz","description":"Blog decano de cine de COPE","potentialAction":[{"@type":"SearchAction","target":{"@type":"EntryPoint","urlTemplate":"https:\/\/www.cope.es\/blogs\/palomitas-de-maiz\/?s={search_term_string}"},"query-input":{"@type":"PropertyValueSpecification","valueRequired":true,"valueName":"search_term_string"}}],"inLanguage":"es"},{"@type":"Person","@id":"https:\/\/www.cope.es\/blogs\/palomitas-de-maiz\/#\/schema\/person\/9fb256f63733c964d19b06de1ca3c9ef","name":"Jos\u00e9 Luis Panero","image":{"@type":"ImageObject","inLanguage":"es","@id":"https:\/\/secure.gravatar.com\/avatar\/2ef93951eab3cee25932a7219e566376cbf6ddedde3aa3098e7a971991a3ef12?s=96&d=mm&r=g","url":"https:\/\/secure.gravatar.com\/avatar\/2ef93951eab3cee25932a7219e566376cbf6ddedde3aa3098e7a971991a3ef12?s=96&d=mm&r=g","contentUrl":"https:\/\/secure.gravatar.com\/avatar\/2ef93951eab3cee25932a7219e566376cbf6ddedde3aa3098e7a971991a3ef12?s=96&d=mm&r=g","caption":"Jos\u00e9 Luis Panero"},"description":"Licenciado en Periodismo y en Comunicaci\u00f3n Audiovisual. Tras m\u00e1s de cuatro a\u00f1os en el diario 'La Gaceta de Los Negocios' y el programa f\u00edlmico 'Pantalla Grande', es cr\u00edtico de cine en 'Ciudad Nueva', 'Pantalla 90', 'COPE' o 'Aleteia' y cr\u00edtico de teatro en 'Hoy en la city'. Ha sido coguionista y ayudante de direcci\u00f3n de cine, ponente en los coloquios de cine del foro FNAC y profesor universitario en diferentes cursos de Periodismo Social. Desde 2003 es miembro del C\u00edrculo de Escritores Cinematogr\u00e1ficos (CEC). En 2008 fund\u00f3 en 'COPE' su blog de cine 'Palomitas de Ma\u00edz'. En 2017 fue nombrado Jurado Oficial del Festival Internacional de Cine de Fuengirola (M\u00e1laga) y ese a\u00f1o la instituci\u00f3n educativa Trinity College-Liceo Serrano le distingui\u00f3 con el nombramiento de 'Profesor de Honor' del centro y miembro ilustre del claustro de profesores. En 2019 fue nombrado Jurado Oficial del Festival Internacional de Cine de Vera (Almer\u00eda). En 2020 fue nombrado Jurado Oficial del Festival Internacional de Cine de Terror de La Mar Bella (Marbella). Como int\u00e9rprete ha sido galardonado con el Premio al Actor Principal del I Festival Nacional UNIR de teatro. Desde 2020 es acad\u00e9mico de las Artes Esc\u00e9nicas de Espa\u00f1a. En 2023 fue nombrado Jurado Oficial de los 'Premios Tal\u00eda' en su I Edici\u00f3n. Y miembro de ASHUMES (Asociaci\u00f3n del Humorismo Espa\u00f1ol) a partir de 2022. En 2023 fue nombrado Jurado Oficial de la II Edici\u00f3n de los 'Premios Godot'.","sameAs":["http:\/\/www.cope.es","https:\/\/www.facebook.com\/palomitero\/","https:\/\/www.instagram.com\/joseluispanero\/","https:\/\/www.linkedin.com\/in\/jos-luis-panero-gonzlez-barosa-7722a716\/","https:\/\/x.com\/PALOMITERO","https:\/\/www.youtube.com\/channel\/UCQYaNGiETUXUPXjYu9p3lNw\/videos?","https:\/\/es.wikipedia.org\/wiki\/Jos_Luis_Panero_Gonzlez-Barosa"],"url":"https:\/\/www.cope.es\/blogs\/palomitas-de-maiz\/author\/jlpanero\/"}]}},"amp_enabled":true,"_links":{"self":[{"href":"https:\/\/www.cope.es\/blogs\/palomitas-de-maiz\/wp-json\/wp\/v2\/posts\/5093","targetHints":{"allow":["GET"]}}],"collection":[{"href":"https:\/\/www.cope.es\/blogs\/palomitas-de-maiz\/wp-json\/wp\/v2\/posts"}],"about":[{"href":"https:\/\/www.cope.es\/blogs\/palomitas-de-maiz\/wp-json\/wp\/v2\/types\/post"}],"author":[{"embeddable":true,"href":"https:\/\/www.cope.es\/blogs\/palomitas-de-maiz\/wp-json\/wp\/v2\/users\/6"}],"replies":[{"embeddable":true,"href":"https:\/\/www.cope.es\/blogs\/palomitas-de-maiz\/wp-json\/wp\/v2\/comments?post=5093"}],"version-history":[{"count":2,"href":"https:\/\/www.cope.es\/blogs\/palomitas-de-maiz\/wp-json\/wp\/v2\/posts\/5093\/revisions"}],"predecessor-version":[{"id":5107,"href":"https:\/\/www.cope.es\/blogs\/palomitas-de-maiz\/wp-json\/wp\/v2\/posts\/5093\/revisions\/5107"}],"wp:featuredmedia":[{"embeddable":true,"href":"https:\/\/www.cope.es\/blogs\/palomitas-de-maiz\/wp-json\/wp\/v2\/media\/5094"}],"wp:attachment":[{"href":"https:\/\/www.cope.es\/blogs\/palomitas-de-maiz\/wp-json\/wp\/v2\/media?parent=5093"}],"wp:term":[{"taxonomy":"category","embeddable":true,"href":"https:\/\/www.cope.es\/blogs\/palomitas-de-maiz\/wp-json\/wp\/v2\/categories?post=5093"},{"taxonomy":"post_tag","embeddable":true,"href":"https:\/\/www.cope.es\/blogs\/palomitas-de-maiz\/wp-json\/wp\/v2\/tags?post=5093"}],"curies":[{"name":"wp","href":"https:\/\/api.w.org\/{rel}","templated":true}]}}