{"id":4679,"date":"2020-01-27T04:24:13","date_gmt":"2020-01-27T03:24:13","guid":{"rendered":"http:\/\/www.cope.es\/blogs\/palomitas-de-maiz\/?p=4679"},"modified":"2020-01-27T04:34:42","modified_gmt":"2020-01-27T03:34:42","slug":"premios-goya-dolor-y-gloria-arrasa-con-7-estatuillas-pedro-almodovar-cine","status":"publish","type":"post","link":"https:\/\/www.cope.es\/blogs\/palomitas-de-maiz\/2020\/01\/27\/premios-goya-dolor-y-gloria-arrasa-con-7-estatuillas-pedro-almodovar-cine\/","title":{"rendered":"\u2018Premios Goya 2020\u2019: Una gala mediocre y aburrida premia al filme de Pedro Almod\u00f3var, \u2018Dolor y Gloria\u2019 con 7 estatuillas"},"content":{"rendered":"<p>\u00a1Mis queridos palomiteros! \u2018Premios Goya 2020\u2019: \u2018Dolor y Gloria\u2019 arrasa con 7 estatuillas. La noche del pasado s\u00e1bado pretend\u00eda ser una noche de cine, pretend\u00eda ser la noche del <strong>cine espa\u00f1ol<\/strong>, pretend\u00eda poner en un pedestal a la industria patria, como viene sucediendo desde 1987. Pero no pudo ser&#8230; otra vez. <a href=\"https:\/\/www.cope.es\/blogs\/palomitas-de-maiz\/2019\/02\/03\/premios-goya-el-reino-7-pero-gana-campeones-con-3-sorogoyen-fesser\/\">Veamos si comparte similitudes con la del a\u00f1o anterior<\/a>.<\/p>\n<figure id=\"attachment_4681\" aria-describedby=\"caption-attachment-4681\" style=\"width: 726px\" class=\"wp-caption aligncenter\"><img loading=\"lazy\" decoding=\"async\" width=\"726\" height=\"408\" class=\"wp-image-4681 size-full\" src=\"http:\/\/www.cope.es\/blogs\/palomitas-de-maiz\/wp-content\/uploads\/sites\/6\/2020\/01\/premiados-goya-2020-1.jpg\" alt=\"Foto de familia con todos los premiados de la 34 edici\u00f3n de los Premios Goya | \u2018Premios Goya 2020\u2019: \u2018Dolor y Gloria\u2019 arrasa con 7 estatuillas\" srcset=\"https:\/\/www.cope.es\/blogs\/palomitas-de-maiz\/wp-content\/uploads\/sites\/6\/2020\/01\/premiados-goya-2020-1.jpg 726w, https:\/\/www.cope.es\/blogs\/palomitas-de-maiz\/wp-content\/uploads\/sites\/6\/2020\/01\/premiados-goya-2020-1-300x169.jpg 300w\" sizes=\"auto, (max-width: 726px) 100vw, 726px\" \/><figcaption id=\"caption-attachment-4681\" class=\"wp-caption-text\"><strong>Foto de familia con todos los premiados de la 34 edici\u00f3n de los Premios Goya<\/strong> | \u2018Premios Goya 2020\u2019: \u2018Dolor y Gloria\u2019 arrasa con 7 estatuillas<\/figcaption><\/figure>\n<p>Hubo un tiempo que ceremonias como la del 25 de enero invitaban a recogerse en casa, o con amigos, para valorar al cine espa\u00f1ol. Pero desde hace alg\u00fan tiempo este acto -que pone fin a los premios del cine espa\u00f1ol- no da la talla. La cr\u00edtica, a veces madurada, a las<strong> subvenciones<\/strong>, adem\u00e1s de las sucesivas galas con el <strong>guerracivilismo<\/strong> a cuestas, pasando por lo gratuito que tiene <strong>ridiculizar al Gobierno<\/strong> de turno, o la imposici\u00f3n de un <strong>feminismo pasado de vueltas<\/strong>, favorec\u00eda que los Goya se viesen con desinter\u00e9s. Pero yo, que soy un idealista, les he dado una oportunidad&#8230; otra vez. <strong>Y me la he vuelto a pegar<\/strong>.<\/p>\n<figure id=\"attachment_4683\" aria-describedby=\"caption-attachment-4683\" style=\"width: 725px\" class=\"wp-caption aligncenter\"><img loading=\"lazy\" decoding=\"async\" width=\"725\" height=\"407\" class=\"wp-image-4683 size-full\" src=\"http:\/\/www.cope.es\/blogs\/palomitas-de-maiz\/wp-content\/uploads\/sites\/6\/2020\/01\/antonio-banderas-1.jpg\" alt=\"Antonio Banderas | \u2018Premios Goya 2020\u2019: \u2018Dolor y Gloria\u2019 arrasa con 7 estatuillas\" srcset=\"https:\/\/www.cope.es\/blogs\/palomitas-de-maiz\/wp-content\/uploads\/sites\/6\/2020\/01\/antonio-banderas-1.jpg 725w, https:\/\/www.cope.es\/blogs\/palomitas-de-maiz\/wp-content\/uploads\/sites\/6\/2020\/01\/antonio-banderas-1-300x168.jpg 300w\" sizes=\"auto, (max-width: 725px) 100vw, 725px\" \/><figcaption id=\"caption-attachment-4683\" class=\"wp-caption-text\"><strong>Antonio Banderas<\/strong> | \u2018Premios Goya 2020\u2019: \u2018Dolor y Gloria\u2019 arrasa con 7 estatuillas<\/figcaption><\/figure>\n<p>Independientemente de<a href=\"https:\/\/www.cope.es\/blogs\/palomitas-de-maiz\/2018\/07\/17\/pedro-almodovar-rueda-dolor-y-gloria-en-paterna-sucedaneo-de-el-crepusculo-de-los-dioses-penelope-cruz\/\"> lo previsible del resultado del filme ganador<\/a>, puesto que la peli de <strong>Pedro Almod\u00f3var<\/strong>, <em>Dolor y Gloria<\/em>, re\u00fane m\u00e9ritos suficientes para los galardones que ha obtenido -seguramente con la vista puesta en que <strong>Antonio Banderas<\/strong> se alce (si es posible) con el Oscar el pr\u00f3ximo 9 de febrero-, la otra gran candidata, <em>Mientras dure la guerra<\/em>, de <strong>Alejandro Amen\u00e1bar<\/strong>, se alejaba en su forma y en su fondo de la realidad que describe, con esa obsesi\u00f3n simplista de escribir, otra vez, la<strong> Historia de Espa\u00f1a<\/strong>. Y el tema cansa. Por eso su resultado, valorado en premios t\u00e9cnicos, era tambi\u00e9n previsible.<\/p>\n<p><iframe loading=\"lazy\" width=\"675\" height=\"380\" src=\"https:\/\/www.youtube.com\/embed\/5_4PoAC2KTQ?feature=oembed\" frameborder=\"0\" allow=\"accelerometer; autoplay; encrypted-media; gyroscope; picture-in-picture\" allowfullscreen><\/iframe><\/p>\n<h2>\u2018Premios Goya 2020\u2019: \u2018Dolor y Gloria\u2019 arrasa con 7 estatuillas merecidas<\/h2>\n<p><iframe loading=\"lazy\" width=\"675\" height=\"380\" src=\"https:\/\/www.youtube.com\/embed\/Dw6kSsfpDM4?feature=oembed\" frameborder=\"0\" allow=\"accelerometer; autoplay; encrypted-media; gyroscope; picture-in-picture\" allowfullscreen><\/iframe><\/p>\n<p><strong>No quiero decir<\/strong>, en ning\u00fan sentido, <strong>que la cosecha del cine espa\u00f1ol de 2019 haya sido pobre<\/strong>, sin variedad en los temas que afronta o de mala calidad. Muy al contrario. Ah\u00ed tenemos, por ejemplo, a <em>Intemperie<\/em>, o a<em> Quien a hierro mata<\/em>, o a<em> La inocencia<\/em>, o <em>La trinchera infinita<\/em>, o <em>Lo que arde<\/em>&#8230; entre un largo etc\u00e9tera, a lo que se suman equipos art\u00edsticos y t\u00e9cnicos de gran nivel. Chap\u00f3.<\/p>\n<figure id=\"attachment_4684\" aria-describedby=\"caption-attachment-4684\" style=\"width: 725px\" class=\"wp-caption aligncenter\"><img loading=\"lazy\" decoding=\"async\" width=\"725\" height=\"407\" class=\"wp-image-4684 size-full\" src=\"http:\/\/www.cope.es\/blogs\/palomitas-de-maiz\/wp-content\/uploads\/sites\/6\/2020\/01\/julieta-serrano.jpg\" alt=\"Julieta Serano | \u2018Premios Goya 2020\u2019: \u2018Dolor y Gloria\u2019 arrasa con 7 estatuillas\" srcset=\"https:\/\/www.cope.es\/blogs\/palomitas-de-maiz\/wp-content\/uploads\/sites\/6\/2020\/01\/julieta-serrano.jpg 725w, https:\/\/www.cope.es\/blogs\/palomitas-de-maiz\/wp-content\/uploads\/sites\/6\/2020\/01\/julieta-serrano-300x168.jpg 300w\" sizes=\"auto, (max-width: 725px) 100vw, 725px\" \/><figcaption id=\"caption-attachment-4684\" class=\"wp-caption-text\"><strong>Julieta Serrano<\/strong> | \u2018Premios Goya 2020\u2019: \u2018Dolor y Gloria\u2019 arrasa con 7 estatuillas<\/figcaption><\/figure>\n<p>Visto, pues, que el cine espa\u00f1ol ha presentado una cartelera digna,<strong> este a\u00f1o tampoco se ha podido vender bien en la gala que m\u00e1s le representa<\/strong>. Y eso que part\u00eda con muy buenas intenciones, desde su introducci\u00f3n musical. Pero salvo las interpretaciones musicales, el Goya de Honor para <strong>Pepa Flores<\/strong>, y alg\u00fan despunte de humor cogido con alfileres -porque el humor grueso es falta de respeto, sintetizado en sketches de tercera-<strong> la ceremonia no dio pie con bola<\/strong>. Porque en el aspecto t\u00e9cnico tambi\u00e9n la realizaci\u00f3n dej\u00f3 mucho que desear, por no hablar de los fallos de sonido.<\/p>\n<p><iframe loading=\"lazy\" width=\"675\" height=\"380\" src=\"https:\/\/www.youtube.com\/embed\/5AYCXGr2aqw?feature=oembed\" frameborder=\"0\" allow=\"accelerometer; autoplay; encrypted-media; gyroscope; picture-in-picture\" allowfullscreen><\/iframe><\/p>\n<p>A eso, s\u00famese la extensi\u00f3n de unos discursos de agradecimiento con poco fuelle. Y mientras la gala sigue, y dura, y no se termina, y aburre. Por eso, ni los parip\u00e9s a los que nos tienen acostumbrados <strong>Silvia Abril y Andreu Buenafuente<\/strong> fueron suficientes. Otra cosa es que el tono de pachanga que han empleado est\u00e9 tan pasado de rosca que resulta inveros\u00edmil creerlo.<\/p>\n<figure id=\"attachment_4685\" aria-describedby=\"caption-attachment-4685\" style=\"width: 725px\" class=\"wp-caption aligncenter\"><img loading=\"lazy\" decoding=\"async\" width=\"725\" height=\"407\" class=\"wp-image-4685 size-full\" src=\"http:\/\/www.cope.es\/blogs\/palomitas-de-maiz\/wp-content\/uploads\/sites\/6\/2020\/01\/pedro-almod\u00f3var.jpg\" alt=\"Pedro Almod\u00f3var | \u2018Premios Goya 2020\u2019: \u2018Dolor y Gloria\u2019 arrasa con 7 estatuillas\" srcset=\"https:\/\/www.cope.es\/blogs\/palomitas-de-maiz\/wp-content\/uploads\/sites\/6\/2020\/01\/pedro-almod\u00f3var.jpg 725w, https:\/\/www.cope.es\/blogs\/palomitas-de-maiz\/wp-content\/uploads\/sites\/6\/2020\/01\/pedro-almod\u00f3var-300x168.jpg 300w\" sizes=\"auto, (max-width: 725px) 100vw, 725px\" \/><figcaption id=\"caption-attachment-4685\" class=\"wp-caption-text\"><strong>Pedro Almod\u00f3var<\/strong> | \u2018Premios Goya 2020\u2019: \u2018Dolor y Gloria\u2019 arrasa con 7 estatuillas<\/figcaption><\/figure>\n<h2>Visto, pues, que el cine espa\u00f1ol ha presentado una cartelera digna, este a\u00f1o tampoco se ha podido vender bien en la gala que m\u00e1s le representa<\/h2>\n<p><iframe loading=\"lazy\" width=\"675\" height=\"380\" src=\"https:\/\/www.youtube.com\/embed\/IHxx-rQHFlg?feature=oembed\" frameborder=\"0\" allow=\"accelerometer; autoplay; encrypted-media; gyroscope; picture-in-picture\" allowfullscreen><\/iframe><\/p>\n<p>Como el recurrente plano de despedida de estos actores. \u00bfOriginalidad o vulgaridad?, me preguntan. Hombre, creo que aqu\u00ed y en Tijuana <strong>desfilar con el culo al aire es muy cinematogr\u00e1fico<\/strong>, otra cosa es que nos empe\u00f1emos en que esa cinematograf\u00eda guste o d\u00e9 ejemplo de algo. Si es cosa de ironizar, mejor no mostrar. Ya se sabe, si quieres dar una bofetada intelectual que sea mirando hacia otro lado.<\/p>\n<p><iframe loading=\"lazy\" width=\"675\" height=\"380\" src=\"https:\/\/www.youtube.com\/embed\/zmy7irhYGrc?feature=oembed\" frameborder=\"0\" allow=\"accelerometer; autoplay; encrypted-media; gyroscope; picture-in-picture\" allowfullscreen><\/iframe><\/p>\n<h2>Ni los parip\u00e9s a los que nos tienen acostumbrados Silvia Abril y Andreu Buenafuente fueron suficientes para aupar una gala aburrida y mediocre<\/h2>\n<figure id=\"attachment_4686\" aria-describedby=\"caption-attachment-4686\" style=\"width: 725px\" class=\"wp-caption aligncenter\"><img loading=\"lazy\" decoding=\"async\" width=\"725\" height=\"407\" class=\"wp-image-4686 size-full\" src=\"http:\/\/www.cope.es\/blogs\/palomitas-de-maiz\/wp-content\/uploads\/sites\/6\/2020\/01\/silvia-abril-y-andreu-buenafuente.jpg\" alt=\"Silvia Abril y Andreu Buenafuente | \u2018Premios Goya 2020\u2019: \u2018Dolor y Gloria\u2019 arrasa con 7 estatuillas\" srcset=\"https:\/\/www.cope.es\/blogs\/palomitas-de-maiz\/wp-content\/uploads\/sites\/6\/2020\/01\/silvia-abril-y-andreu-buenafuente.jpg 725w, https:\/\/www.cope.es\/blogs\/palomitas-de-maiz\/wp-content\/uploads\/sites\/6\/2020\/01\/silvia-abril-y-andreu-buenafuente-300x168.jpg 300w\" sizes=\"auto, (max-width: 725px) 100vw, 725px\" \/><figcaption id=\"caption-attachment-4686\" class=\"wp-caption-text\"><strong>Silvia Abril y Andreu Buenafuente<\/strong> | \u2018Premios Goya 2020\u2019: \u2018Dolor y Gloria\u2019 arrasa con 7 estatuillas<\/figcaption><\/figure>\n<p>Creo, sinceramente, que <strong>el cine espa\u00f1ol, en estos momentos, est\u00e1 en un buen momento<\/strong>. Pero, a su vez, creo tambi\u00e9n que hay que organizar mejor este evento de tanto alcance, principalmente si queremos que se nos respete fuera de nuestras fronteras.<\/p>\n<p><iframe loading=\"lazy\" width=\"675\" height=\"380\" src=\"https:\/\/www.youtube.com\/embed\/EpnlMVQ-Bfg?feature=oembed\" frameborder=\"0\" allow=\"accelerometer; autoplay; encrypted-media; gyroscope; picture-in-picture\" allowfullscreen><\/iframe><\/p>\n<p>Muchas felicidades a todos. Aqu\u00ed <a href=\"https:\/\/www.abc.es\/play\/cine\/noticias\/abci-goya-2020-lista-ganadores-premios-goya-202001261141_noticia.html\"><u>os dejo el inventario con los premiados<\/u><\/a>. \u00a1Y hasta el a\u00f1o que viene!<\/p>\n<p><iframe loading=\"lazy\" width=\"675\" height=\"380\" src=\"https:\/\/www.youtube.com\/embed\/4GMO3BgUIOk?feature=oembed\" frameborder=\"0\" allow=\"accelerometer; autoplay; encrypted-media; gyroscope; picture-in-picture\" allowfullscreen><\/iframe><\/p>\n","protected":false},"excerpt":{"rendered":"<p>\u00a1Mis queridos palomiteros! \u2018Premios Goya 2020\u2019: \u2018Dolor y Gloria\u2019 arrasa con 7 estatuillas. La noche del pasado s\u00e1bado pretend\u00eda ser una noche de cine, pretend\u00eda ser la noche del cine espa\u00f1ol, pretend\u00eda poner en un pedestal a la industria patria, como viene sucediendo desde 1987. Pero no pudo ser&#8230; otra vez. Veamos si comparte similitudes [&hellip;]<\/p>\n","protected":false},"author":6,"featured_media":4680,"comment_status":"open","ping_status":"open","sticky":false,"template":"","format":"standard","meta":{"footnotes":""},"categories":[1035,336,49,826,348,48],"tags":[4455,2437,2994,2993,2172,3125,70,2169,68,147,4390,2426,2176,4460,4461,4462,4359,2171,4459,111,4364,2155],"class_list":["post-4679","post","type-post","status-publish","format-standard","has-post-thumbnail","hentry","category-actores","category-actualidad","category-cine","category-cine-espanol","category-industria","category-premios-de-cine","tag-25-de-enero","tag-alejandro-amenabar","tag-amaia-romero","tag-andreu-buenafuente","tag-antonio-banderas","tag-ceremonia","tag-cine-espanol","tag-dolor-y-gloria","tag-gala","tag-goya-de-honor","tag-historia-de-espana","tag-intemperie","tag-julieta-serrano","tag-la-inocencia","tag-la-trinchera-infinita","tag-lo-que-arde","tag-mientras-dure-la-guerra","tag-pedro-almodovar","tag-pepa-flores","tag-premios-goya","tag-quien-a-hierro-mata","tag-silvia-abril"],"yoast_head":"<!-- This site is optimized with the Yoast SEO plugin v27.4 - https:\/\/yoast.com\/product\/yoast-seo-wordpress\/ -->\n<title>\u2018Premios Goya 2020\u2019: \u2018Dolor y Gloria\u2019 arrasa con 7 estatuillas merecidas<\/title>\n<meta name=\"description\" content=\"\u2018Premios Goya 2020\u2019: \u2018Dolor y Gloria\u2019 arrasa con 7 estatuillas. El cine espa\u00f1ol presenta una cartelera digna, aunque no ha sabido venderse\" \/>\n<meta name=\"robots\" content=\"index, follow, max-snippet:-1, max-image-preview:large, max-video-preview:-1\" \/>\n<link rel=\"canonical\" href=\"https:\/\/www.cope.es\/blogs\/palomitas-de-maiz\/2020\/01\/27\/premios-goya-dolor-y-gloria-arrasa-con-7-estatuillas-pedro-almodovar-cine\/\" \/>\n<meta property=\"og:locale\" content=\"es_ES\" \/>\n<meta property=\"og:type\" content=\"article\" \/>\n<meta property=\"og:title\" content=\"\u2018Premios Goya 2020\u2019: \u2018Dolor y Gloria\u2019 arrasa con 7 estatuillas merecidas\" \/>\n<meta property=\"og:description\" content=\"\u2018Premios Goya 2020\u2019: \u2018Dolor y Gloria\u2019 arrasa con 7 estatuillas. El cine espa\u00f1ol presenta una cartelera digna, aunque no ha sabido venderse\" \/>\n<meta property=\"og:url\" content=\"https:\/\/www.cope.es\/blogs\/palomitas-de-maiz\/2020\/01\/27\/premios-goya-dolor-y-gloria-arrasa-con-7-estatuillas-pedro-almodovar-cine\/\" \/>\n<meta property=\"og:site_name\" content=\"Palomitas de Ma\u00edz\" \/>\n<meta property=\"article:publisher\" content=\"https:\/\/www.facebook.com\/cope\/\" \/>\n<meta property=\"article:author\" content=\"https:\/\/www.facebook.com\/palomitero\/\" \/>\n<meta property=\"article:published_time\" content=\"2020-01-27T03:24:13+00:00\" \/>\n<meta property=\"article:modified_time\" content=\"2020-01-27T03:34:42+00:00\" \/>\n<meta property=\"og:image\" content=\"https:\/\/www.cope.es\/blogs\/palomitas-de-maiz\/wp-content\/uploads\/sites\/6\/2020\/01\/premiados-goya-2020.jpg\" \/>\n\t<meta property=\"og:image:width\" content=\"726\" \/>\n\t<meta property=\"og:image:height\" content=\"408\" \/>\n\t<meta property=\"og:image:type\" content=\"image\/jpeg\" \/>\n<meta name=\"author\" content=\"Jos\u00e9 Luis Panero\" \/>\n<meta name=\"twitter:card\" content=\"summary_large_image\" \/>\n<meta name=\"twitter:creator\" content=\"@PALOMITERO\" \/>\n<meta name=\"twitter:site\" content=\"@cope_es\" \/>\n<meta name=\"twitter:label1\" content=\"Escrito por\" \/>\n\t<meta name=\"twitter:data1\" content=\"Jos\u00e9 Luis Panero\" \/>\n\t<meta name=\"twitter:label2\" content=\"Tiempo de lectura\" \/>\n\t<meta name=\"twitter:data2\" content=\"4 minutos\" \/>\n<script type=\"application\/ld+json\" class=\"yoast-schema-graph\">{\"@context\":\"https:\\\/\\\/schema.org\",\"@graph\":[{\"@type\":\"Article\",\"@id\":\"https:\\\/\\\/www.cope.es\\\/blogs\\\/palomitas-de-maiz\\\/2020\\\/01\\\/27\\\/premios-goya-dolor-y-gloria-arrasa-con-7-estatuillas-pedro-almodovar-cine\\\/#article\",\"isPartOf\":{\"@id\":\"https:\\\/\\\/www.cope.es\\\/blogs\\\/palomitas-de-maiz\\\/2020\\\/01\\\/27\\\/premios-goya-dolor-y-gloria-arrasa-con-7-estatuillas-pedro-almodovar-cine\\\/\"},\"author\":{\"name\":\"Jos\u00e9 Luis Panero\",\"@id\":\"https:\\\/\\\/www.cope.es\\\/blogs\\\/palomitas-de-maiz\\\/#\\\/schema\\\/person\\\/9fb256f63733c964d19b06de1ca3c9ef\"},\"headline\":\"\u2018Premios Goya 2020\u2019: Una gala mediocre y aburrida premia al filme de Pedro Almod\u00f3var, \u2018Dolor y Gloria\u2019 con 7 estatuillas\",\"datePublished\":\"2020-01-27T03:24:13+00:00\",\"dateModified\":\"2020-01-27T03:34:42+00:00\",\"mainEntityOfPage\":{\"@id\":\"https:\\\/\\\/www.cope.es\\\/blogs\\\/palomitas-de-maiz\\\/2020\\\/01\\\/27\\\/premios-goya-dolor-y-gloria-arrasa-con-7-estatuillas-pedro-almodovar-cine\\\/\"},\"wordCount\":912,\"commentCount\":0,\"image\":{\"@id\":\"https:\\\/\\\/www.cope.es\\\/blogs\\\/palomitas-de-maiz\\\/2020\\\/01\\\/27\\\/premios-goya-dolor-y-gloria-arrasa-con-7-estatuillas-pedro-almodovar-cine\\\/#primaryimage\"},\"thumbnailUrl\":\"https:\\\/\\\/www.cope.es\\\/blogs\\\/palomitas-de-maiz\\\/wp-content\\\/uploads\\\/sites\\\/6\\\/2020\\\/01\\\/premiados-goya-2020.jpg\",\"keywords\":[\"25 de enero\",\"Alejandro Amen\u00e1bar\",\"amaia romero\",\"andreu buenafuente\",\"antonio banderas\",\"ceremonia\",\"cine espa\u00f1ol\",\"dolor y gloria\",\"gala\",\"goya de honor\",\"historia de espa\u00f1a\",\"intemperie\",\"julieta serrano\",\"la inocencia\",\"la trinchera infinita\",\"lo que arde\",\"Mientras dure la guerra\",\"pedro almod\u00f3var\",\"pepa flores\",\"premios goya\",\"quien a hierro mata\",\"Silvia Abril\"],\"articleSection\":[\"actores\",\"actualidad\",\"Cine\",\"cine espa\u00f1ol\",\"industria\",\"Premios de Cine\"],\"inLanguage\":\"es\",\"potentialAction\":[{\"@type\":\"CommentAction\",\"name\":\"Comment\",\"target\":[\"https:\\\/\\\/www.cope.es\\\/blogs\\\/palomitas-de-maiz\\\/2020\\\/01\\\/27\\\/premios-goya-dolor-y-gloria-arrasa-con-7-estatuillas-pedro-almodovar-cine\\\/#respond\"]}]},{\"@type\":\"WebPage\",\"@id\":\"https:\\\/\\\/www.cope.es\\\/blogs\\\/palomitas-de-maiz\\\/2020\\\/01\\\/27\\\/premios-goya-dolor-y-gloria-arrasa-con-7-estatuillas-pedro-almodovar-cine\\\/\",\"url\":\"https:\\\/\\\/www.cope.es\\\/blogs\\\/palomitas-de-maiz\\\/2020\\\/01\\\/27\\\/premios-goya-dolor-y-gloria-arrasa-con-7-estatuillas-pedro-almodovar-cine\\\/\",\"name\":\"\u2018Premios Goya 2020\u2019: \u2018Dolor y Gloria\u2019 arrasa con 7 estatuillas merecidas\",\"isPartOf\":{\"@id\":\"https:\\\/\\\/www.cope.es\\\/blogs\\\/palomitas-de-maiz\\\/#website\"},\"primaryImageOfPage\":{\"@id\":\"https:\\\/\\\/www.cope.es\\\/blogs\\\/palomitas-de-maiz\\\/2020\\\/01\\\/27\\\/premios-goya-dolor-y-gloria-arrasa-con-7-estatuillas-pedro-almodovar-cine\\\/#primaryimage\"},\"image\":{\"@id\":\"https:\\\/\\\/www.cope.es\\\/blogs\\\/palomitas-de-maiz\\\/2020\\\/01\\\/27\\\/premios-goya-dolor-y-gloria-arrasa-con-7-estatuillas-pedro-almodovar-cine\\\/#primaryimage\"},\"thumbnailUrl\":\"https:\\\/\\\/www.cope.es\\\/blogs\\\/palomitas-de-maiz\\\/wp-content\\\/uploads\\\/sites\\\/6\\\/2020\\\/01\\\/premiados-goya-2020.jpg\",\"datePublished\":\"2020-01-27T03:24:13+00:00\",\"dateModified\":\"2020-01-27T03:34:42+00:00\",\"author\":{\"@id\":\"https:\\\/\\\/www.cope.es\\\/blogs\\\/palomitas-de-maiz\\\/#\\\/schema\\\/person\\\/9fb256f63733c964d19b06de1ca3c9ef\"},\"description\":\"\u2018Premios Goya 2020\u2019: \u2018Dolor y Gloria\u2019 arrasa con 7 estatuillas. El cine espa\u00f1ol presenta una cartelera digna, aunque no ha sabido venderse\",\"breadcrumb\":{\"@id\":\"https:\\\/\\\/www.cope.es\\\/blogs\\\/palomitas-de-maiz\\\/2020\\\/01\\\/27\\\/premios-goya-dolor-y-gloria-arrasa-con-7-estatuillas-pedro-almodovar-cine\\\/#breadcrumb\"},\"inLanguage\":\"es\",\"potentialAction\":[{\"@type\":\"ReadAction\",\"target\":[\"https:\\\/\\\/www.cope.es\\\/blogs\\\/palomitas-de-maiz\\\/2020\\\/01\\\/27\\\/premios-goya-dolor-y-gloria-arrasa-con-7-estatuillas-pedro-almodovar-cine\\\/\"]}]},{\"@type\":\"ImageObject\",\"inLanguage\":\"es\",\"@id\":\"https:\\\/\\\/www.cope.es\\\/blogs\\\/palomitas-de-maiz\\\/2020\\\/01\\\/27\\\/premios-goya-dolor-y-gloria-arrasa-con-7-estatuillas-pedro-almodovar-cine\\\/#primaryimage\",\"url\":\"https:\\\/\\\/www.cope.es\\\/blogs\\\/palomitas-de-maiz\\\/wp-content\\\/uploads\\\/sites\\\/6\\\/2020\\\/01\\\/premiados-goya-2020.jpg\",\"contentUrl\":\"https:\\\/\\\/www.cope.es\\\/blogs\\\/palomitas-de-maiz\\\/wp-content\\\/uploads\\\/sites\\\/6\\\/2020\\\/01\\\/premiados-goya-2020.jpg\",\"width\":726,\"height\":408,\"caption\":\"https:\\\/\\\/www.cope.es\\\/blogs\\\/palomitas-de-maiz\\\/2020\\\/01\\\/27\\\/premios-goya-dolor-y-gloria-arrasa-con-7-estatuillas-pedro-almodovar-cine\\\/\"},{\"@type\":\"BreadcrumbList\",\"@id\":\"https:\\\/\\\/www.cope.es\\\/blogs\\\/palomitas-de-maiz\\\/2020\\\/01\\\/27\\\/premios-goya-dolor-y-gloria-arrasa-con-7-estatuillas-pedro-almodovar-cine\\\/#breadcrumb\",\"itemListElement\":[{\"@type\":\"ListItem\",\"position\":1,\"name\":\"Portada\",\"item\":\"https:\\\/\\\/www.cope.es\\\/blogs\\\/palomitas-de-maiz\\\/\"},{\"@type\":\"ListItem\",\"position\":2,\"name\":\"\u2018Premios Goya 2020\u2019: Una gala mediocre y aburrida premia al filme de Pedro Almod\u00f3var, \u2018Dolor y Gloria\u2019 con 7 estatuillas\"}]},{\"@type\":\"WebSite\",\"@id\":\"https:\\\/\\\/www.cope.es\\\/blogs\\\/palomitas-de-maiz\\\/#website\",\"url\":\"https:\\\/\\\/www.cope.es\\\/blogs\\\/palomitas-de-maiz\\\/\",\"name\":\"Palomitas de Ma\u00edz\",\"description\":\"Blog decano de cine de COPE\",\"potentialAction\":[{\"@type\":\"SearchAction\",\"target\":{\"@type\":\"EntryPoint\",\"urlTemplate\":\"https:\\\/\\\/www.cope.es\\\/blogs\\\/palomitas-de-maiz\\\/?s={search_term_string}\"},\"query-input\":{\"@type\":\"PropertyValueSpecification\",\"valueRequired\":true,\"valueName\":\"search_term_string\"}}],\"inLanguage\":\"es\"},{\"@type\":\"Person\",\"@id\":\"https:\\\/\\\/www.cope.es\\\/blogs\\\/palomitas-de-maiz\\\/#\\\/schema\\\/person\\\/9fb256f63733c964d19b06de1ca3c9ef\",\"name\":\"Jos\u00e9 Luis Panero\",\"image\":{\"@type\":\"ImageObject\",\"inLanguage\":\"es\",\"@id\":\"https:\\\/\\\/secure.gravatar.com\\\/avatar\\\/2ef93951eab3cee25932a7219e566376cbf6ddedde3aa3098e7a971991a3ef12?s=96&d=mm&r=g\",\"url\":\"https:\\\/\\\/secure.gravatar.com\\\/avatar\\\/2ef93951eab3cee25932a7219e566376cbf6ddedde3aa3098e7a971991a3ef12?s=96&d=mm&r=g\",\"contentUrl\":\"https:\\\/\\\/secure.gravatar.com\\\/avatar\\\/2ef93951eab3cee25932a7219e566376cbf6ddedde3aa3098e7a971991a3ef12?s=96&d=mm&r=g\",\"caption\":\"Jos\u00e9 Luis Panero\"},\"description\":\"Licenciado en Periodismo y en Comunicaci\u00f3n Audiovisual. Tras m\u00e1s de cuatro a\u00f1os en el diario 'La Gaceta de Los Negocios' y el programa f\u00edlmico 'Pantalla Grande', es cr\u00edtico de cine en 'Ciudad Nueva', 'Pantalla 90', 'COPE' o 'Aleteia' y cr\u00edtico de teatro en 'Hoy en la city'. Ha sido coguionista y ayudante de direcci\u00f3n de cine, ponente en los coloquios de cine del foro FNAC y profesor universitario en diferentes cursos de Periodismo Social. Desde 2003 es miembro del C\u00edrculo de Escritores Cinematogr\u00e1ficos (CEC). En 2008 fund\u00f3 en 'COPE' su blog de cine 'Palomitas de Ma\u00edz'. En 2017 fue nombrado Jurado Oficial del Festival Internacional de Cine de Fuengirola (M\u00e1laga) y ese a\u00f1o la instituci\u00f3n educativa Trinity College-Liceo Serrano le distingui\u00f3 con el nombramiento de 'Profesor de Honor' del centro y miembro ilustre del claustro de profesores. En 2019 fue nombrado Jurado Oficial del Festival Internacional de Cine de Vera (Almer\u00eda). En 2020 fue nombrado Jurado Oficial del Festival Internacional de Cine de Terror de La Mar Bella (Marbella). Como int\u00e9rprete ha sido galardonado con el Premio al Actor Principal del I Festival Nacional UNIR de teatro. Desde 2020 es acad\u00e9mico de las Artes Esc\u00e9nicas de Espa\u00f1a. En 2023 fue nombrado Jurado Oficial de los 'Premios Tal\u00eda' en su I Edici\u00f3n. Y miembro de ASHUMES (Asociaci\u00f3n del Humorismo Espa\u00f1ol) a partir de 2022. En 2023 fue nombrado Jurado Oficial de la II Edici\u00f3n de los 'Premios Godot'.\",\"sameAs\":[\"http:\\\/\\\/www.cope.es\",\"https:\\\/\\\/www.facebook.com\\\/palomitero\\\/\",\"https:\\\/\\\/www.instagram.com\\\/joseluispanero\\\/\",\"https:\\\/\\\/www.linkedin.com\\\/in\\\/jos-luis-panero-gonzlez-barosa-7722a716\\\/\",\"https:\\\/\\\/x.com\\\/PALOMITERO\",\"https:\\\/\\\/www.youtube.com\\\/channel\\\/UCQYaNGiETUXUPXjYu9p3lNw\\\/videos?\",\"https:\\\/\\\/es.wikipedia.org\\\/wiki\\\/Jos_Luis_Panero_Gonzlez-Barosa\"],\"url\":\"https:\\\/\\\/www.cope.es\\\/blogs\\\/palomitas-de-maiz\\\/author\\\/jlpanero\\\/\"}]}<\/script>\n<!-- \/ Yoast SEO plugin. -->","yoast_head_json":{"title":"\u2018Premios Goya 2020\u2019: \u2018Dolor y Gloria\u2019 arrasa con 7 estatuillas merecidas","description":"\u2018Premios Goya 2020\u2019: \u2018Dolor y Gloria\u2019 arrasa con 7 estatuillas. El cine espa\u00f1ol presenta una cartelera digna, aunque no ha sabido venderse","robots":{"index":"index","follow":"follow","max-snippet":"max-snippet:-1","max-image-preview":"max-image-preview:large","max-video-preview":"max-video-preview:-1"},"canonical":"https:\/\/www.cope.es\/blogs\/palomitas-de-maiz\/2020\/01\/27\/premios-goya-dolor-y-gloria-arrasa-con-7-estatuillas-pedro-almodovar-cine\/","og_locale":"es_ES","og_type":"article","og_title":"\u2018Premios Goya 2020\u2019: \u2018Dolor y Gloria\u2019 arrasa con 7 estatuillas merecidas","og_description":"\u2018Premios Goya 2020\u2019: \u2018Dolor y Gloria\u2019 arrasa con 7 estatuillas. El cine espa\u00f1ol presenta una cartelera digna, aunque no ha sabido venderse","og_url":"https:\/\/www.cope.es\/blogs\/palomitas-de-maiz\/2020\/01\/27\/premios-goya-dolor-y-gloria-arrasa-con-7-estatuillas-pedro-almodovar-cine\/","og_site_name":"Palomitas de Ma\u00edz","article_publisher":"https:\/\/www.facebook.com\/cope\/","article_author":"https:\/\/www.facebook.com\/palomitero\/","article_published_time":"2020-01-27T03:24:13+00:00","article_modified_time":"2020-01-27T03:34:42+00:00","og_image":[{"width":726,"height":408,"url":"https:\/\/www.cope.es\/blogs\/palomitas-de-maiz\/wp-content\/uploads\/sites\/6\/2020\/01\/premiados-goya-2020.jpg","type":"image\/jpeg"}],"author":"Jos\u00e9 Luis Panero","twitter_card":"summary_large_image","twitter_creator":"@PALOMITERO","twitter_site":"@cope_es","twitter_misc":{"Escrito por":"Jos\u00e9 Luis Panero","Tiempo de lectura":"4 minutos"},"schema":{"@context":"https:\/\/schema.org","@graph":[{"@type":"Article","@id":"https:\/\/www.cope.es\/blogs\/palomitas-de-maiz\/2020\/01\/27\/premios-goya-dolor-y-gloria-arrasa-con-7-estatuillas-pedro-almodovar-cine\/#article","isPartOf":{"@id":"https:\/\/www.cope.es\/blogs\/palomitas-de-maiz\/2020\/01\/27\/premios-goya-dolor-y-gloria-arrasa-con-7-estatuillas-pedro-almodovar-cine\/"},"author":{"name":"Jos\u00e9 Luis Panero","@id":"https:\/\/www.cope.es\/blogs\/palomitas-de-maiz\/#\/schema\/person\/9fb256f63733c964d19b06de1ca3c9ef"},"headline":"\u2018Premios Goya 2020\u2019: Una gala mediocre y aburrida premia al filme de Pedro Almod\u00f3var, \u2018Dolor y Gloria\u2019 con 7 estatuillas","datePublished":"2020-01-27T03:24:13+00:00","dateModified":"2020-01-27T03:34:42+00:00","mainEntityOfPage":{"@id":"https:\/\/www.cope.es\/blogs\/palomitas-de-maiz\/2020\/01\/27\/premios-goya-dolor-y-gloria-arrasa-con-7-estatuillas-pedro-almodovar-cine\/"},"wordCount":912,"commentCount":0,"image":{"@id":"https:\/\/www.cope.es\/blogs\/palomitas-de-maiz\/2020\/01\/27\/premios-goya-dolor-y-gloria-arrasa-con-7-estatuillas-pedro-almodovar-cine\/#primaryimage"},"thumbnailUrl":"https:\/\/www.cope.es\/blogs\/palomitas-de-maiz\/wp-content\/uploads\/sites\/6\/2020\/01\/premiados-goya-2020.jpg","keywords":["25 de enero","Alejandro Amen\u00e1bar","amaia romero","andreu buenafuente","antonio banderas","ceremonia","cine espa\u00f1ol","dolor y gloria","gala","goya de honor","historia de espa\u00f1a","intemperie","julieta serrano","la inocencia","la trinchera infinita","lo que arde","Mientras dure la guerra","pedro almod\u00f3var","pepa flores","premios goya","quien a hierro mata","Silvia Abril"],"articleSection":["actores","actualidad","Cine","cine espa\u00f1ol","industria","Premios de Cine"],"inLanguage":"es","potentialAction":[{"@type":"CommentAction","name":"Comment","target":["https:\/\/www.cope.es\/blogs\/palomitas-de-maiz\/2020\/01\/27\/premios-goya-dolor-y-gloria-arrasa-con-7-estatuillas-pedro-almodovar-cine\/#respond"]}]},{"@type":"WebPage","@id":"https:\/\/www.cope.es\/blogs\/palomitas-de-maiz\/2020\/01\/27\/premios-goya-dolor-y-gloria-arrasa-con-7-estatuillas-pedro-almodovar-cine\/","url":"https:\/\/www.cope.es\/blogs\/palomitas-de-maiz\/2020\/01\/27\/premios-goya-dolor-y-gloria-arrasa-con-7-estatuillas-pedro-almodovar-cine\/","name":"\u2018Premios Goya 2020\u2019: \u2018Dolor y Gloria\u2019 arrasa con 7 estatuillas merecidas","isPartOf":{"@id":"https:\/\/www.cope.es\/blogs\/palomitas-de-maiz\/#website"},"primaryImageOfPage":{"@id":"https:\/\/www.cope.es\/blogs\/palomitas-de-maiz\/2020\/01\/27\/premios-goya-dolor-y-gloria-arrasa-con-7-estatuillas-pedro-almodovar-cine\/#primaryimage"},"image":{"@id":"https:\/\/www.cope.es\/blogs\/palomitas-de-maiz\/2020\/01\/27\/premios-goya-dolor-y-gloria-arrasa-con-7-estatuillas-pedro-almodovar-cine\/#primaryimage"},"thumbnailUrl":"https:\/\/www.cope.es\/blogs\/palomitas-de-maiz\/wp-content\/uploads\/sites\/6\/2020\/01\/premiados-goya-2020.jpg","datePublished":"2020-01-27T03:24:13+00:00","dateModified":"2020-01-27T03:34:42+00:00","author":{"@id":"https:\/\/www.cope.es\/blogs\/palomitas-de-maiz\/#\/schema\/person\/9fb256f63733c964d19b06de1ca3c9ef"},"description":"\u2018Premios Goya 2020\u2019: \u2018Dolor y Gloria\u2019 arrasa con 7 estatuillas. El cine espa\u00f1ol presenta una cartelera digna, aunque no ha sabido venderse","breadcrumb":{"@id":"https:\/\/www.cope.es\/blogs\/palomitas-de-maiz\/2020\/01\/27\/premios-goya-dolor-y-gloria-arrasa-con-7-estatuillas-pedro-almodovar-cine\/#breadcrumb"},"inLanguage":"es","potentialAction":[{"@type":"ReadAction","target":["https:\/\/www.cope.es\/blogs\/palomitas-de-maiz\/2020\/01\/27\/premios-goya-dolor-y-gloria-arrasa-con-7-estatuillas-pedro-almodovar-cine\/"]}]},{"@type":"ImageObject","inLanguage":"es","@id":"https:\/\/www.cope.es\/blogs\/palomitas-de-maiz\/2020\/01\/27\/premios-goya-dolor-y-gloria-arrasa-con-7-estatuillas-pedro-almodovar-cine\/#primaryimage","url":"https:\/\/www.cope.es\/blogs\/palomitas-de-maiz\/wp-content\/uploads\/sites\/6\/2020\/01\/premiados-goya-2020.jpg","contentUrl":"https:\/\/www.cope.es\/blogs\/palomitas-de-maiz\/wp-content\/uploads\/sites\/6\/2020\/01\/premiados-goya-2020.jpg","width":726,"height":408,"caption":"https:\/\/www.cope.es\/blogs\/palomitas-de-maiz\/2020\/01\/27\/premios-goya-dolor-y-gloria-arrasa-con-7-estatuillas-pedro-almodovar-cine\/"},{"@type":"BreadcrumbList","@id":"https:\/\/www.cope.es\/blogs\/palomitas-de-maiz\/2020\/01\/27\/premios-goya-dolor-y-gloria-arrasa-con-7-estatuillas-pedro-almodovar-cine\/#breadcrumb","itemListElement":[{"@type":"ListItem","position":1,"name":"Portada","item":"https:\/\/www.cope.es\/blogs\/palomitas-de-maiz\/"},{"@type":"ListItem","position":2,"name":"\u2018Premios Goya 2020\u2019: Una gala mediocre y aburrida premia al filme de Pedro Almod\u00f3var, \u2018Dolor y Gloria\u2019 con 7 estatuillas"}]},{"@type":"WebSite","@id":"https:\/\/www.cope.es\/blogs\/palomitas-de-maiz\/#website","url":"https:\/\/www.cope.es\/blogs\/palomitas-de-maiz\/","name":"Palomitas de Ma\u00edz","description":"Blog decano de cine de COPE","potentialAction":[{"@type":"SearchAction","target":{"@type":"EntryPoint","urlTemplate":"https:\/\/www.cope.es\/blogs\/palomitas-de-maiz\/?s={search_term_string}"},"query-input":{"@type":"PropertyValueSpecification","valueRequired":true,"valueName":"search_term_string"}}],"inLanguage":"es"},{"@type":"Person","@id":"https:\/\/www.cope.es\/blogs\/palomitas-de-maiz\/#\/schema\/person\/9fb256f63733c964d19b06de1ca3c9ef","name":"Jos\u00e9 Luis Panero","image":{"@type":"ImageObject","inLanguage":"es","@id":"https:\/\/secure.gravatar.com\/avatar\/2ef93951eab3cee25932a7219e566376cbf6ddedde3aa3098e7a971991a3ef12?s=96&d=mm&r=g","url":"https:\/\/secure.gravatar.com\/avatar\/2ef93951eab3cee25932a7219e566376cbf6ddedde3aa3098e7a971991a3ef12?s=96&d=mm&r=g","contentUrl":"https:\/\/secure.gravatar.com\/avatar\/2ef93951eab3cee25932a7219e566376cbf6ddedde3aa3098e7a971991a3ef12?s=96&d=mm&r=g","caption":"Jos\u00e9 Luis Panero"},"description":"Licenciado en Periodismo y en Comunicaci\u00f3n Audiovisual. Tras m\u00e1s de cuatro a\u00f1os en el diario 'La Gaceta de Los Negocios' y el programa f\u00edlmico 'Pantalla Grande', es cr\u00edtico de cine en 'Ciudad Nueva', 'Pantalla 90', 'COPE' o 'Aleteia' y cr\u00edtico de teatro en 'Hoy en la city'. Ha sido coguionista y ayudante de direcci\u00f3n de cine, ponente en los coloquios de cine del foro FNAC y profesor universitario en diferentes cursos de Periodismo Social. Desde 2003 es miembro del C\u00edrculo de Escritores Cinematogr\u00e1ficos (CEC). En 2008 fund\u00f3 en 'COPE' su blog de cine 'Palomitas de Ma\u00edz'. En 2017 fue nombrado Jurado Oficial del Festival Internacional de Cine de Fuengirola (M\u00e1laga) y ese a\u00f1o la instituci\u00f3n educativa Trinity College-Liceo Serrano le distingui\u00f3 con el nombramiento de 'Profesor de Honor' del centro y miembro ilustre del claustro de profesores. En 2019 fue nombrado Jurado Oficial del Festival Internacional de Cine de Vera (Almer\u00eda). En 2020 fue nombrado Jurado Oficial del Festival Internacional de Cine de Terror de La Mar Bella (Marbella). Como int\u00e9rprete ha sido galardonado con el Premio al Actor Principal del I Festival Nacional UNIR de teatro. Desde 2020 es acad\u00e9mico de las Artes Esc\u00e9nicas de Espa\u00f1a. En 2023 fue nombrado Jurado Oficial de los 'Premios Tal\u00eda' en su I Edici\u00f3n. Y miembro de ASHUMES (Asociaci\u00f3n del Humorismo Espa\u00f1ol) a partir de 2022. En 2023 fue nombrado Jurado Oficial de la II Edici\u00f3n de los 'Premios Godot'.","sameAs":["http:\/\/www.cope.es","https:\/\/www.facebook.com\/palomitero\/","https:\/\/www.instagram.com\/joseluispanero\/","https:\/\/www.linkedin.com\/in\/jos-luis-panero-gonzlez-barosa-7722a716\/","https:\/\/x.com\/PALOMITERO","https:\/\/www.youtube.com\/channel\/UCQYaNGiETUXUPXjYu9p3lNw\/videos?","https:\/\/es.wikipedia.org\/wiki\/Jos_Luis_Panero_Gonzlez-Barosa"],"url":"https:\/\/www.cope.es\/blogs\/palomitas-de-maiz\/author\/jlpanero\/"}]}},"amp_enabled":true,"_links":{"self":[{"href":"https:\/\/www.cope.es\/blogs\/palomitas-de-maiz\/wp-json\/wp\/v2\/posts\/4679","targetHints":{"allow":["GET"]}}],"collection":[{"href":"https:\/\/www.cope.es\/blogs\/palomitas-de-maiz\/wp-json\/wp\/v2\/posts"}],"about":[{"href":"https:\/\/www.cope.es\/blogs\/palomitas-de-maiz\/wp-json\/wp\/v2\/types\/post"}],"author":[{"embeddable":true,"href":"https:\/\/www.cope.es\/blogs\/palomitas-de-maiz\/wp-json\/wp\/v2\/users\/6"}],"replies":[{"embeddable":true,"href":"https:\/\/www.cope.es\/blogs\/palomitas-de-maiz\/wp-json\/wp\/v2\/comments?post=4679"}],"version-history":[{"count":2,"href":"https:\/\/www.cope.es\/blogs\/palomitas-de-maiz\/wp-json\/wp\/v2\/posts\/4679\/revisions"}],"predecessor-version":[{"id":4694,"href":"https:\/\/www.cope.es\/blogs\/palomitas-de-maiz\/wp-json\/wp\/v2\/posts\/4679\/revisions\/4694"}],"wp:featuredmedia":[{"embeddable":true,"href":"https:\/\/www.cope.es\/blogs\/palomitas-de-maiz\/wp-json\/wp\/v2\/media\/4680"}],"wp:attachment":[{"href":"https:\/\/www.cope.es\/blogs\/palomitas-de-maiz\/wp-json\/wp\/v2\/media?parent=4679"}],"wp:term":[{"taxonomy":"category","embeddable":true,"href":"https:\/\/www.cope.es\/blogs\/palomitas-de-maiz\/wp-json\/wp\/v2\/categories?post=4679"},{"taxonomy":"post_tag","embeddable":true,"href":"https:\/\/www.cope.es\/blogs\/palomitas-de-maiz\/wp-json\/wp\/v2\/tags?post=4679"}],"curies":[{"name":"wp","href":"https:\/\/api.w.org\/{rel}","templated":true}]}}