{"id":4572,"date":"2020-01-04T03:04:05","date_gmt":"2020-01-04T02:04:05","guid":{"rendered":"http:\/\/www.cope.es\/blogs\/palomitas-de-maiz\/?p=4572"},"modified":"2020-01-04T03:08:32","modified_gmt":"2020-01-04T02:08:32","slug":"el-cine-espanol-gana-espectadores-pero-pierde-cuota-de-mercado-2019-balance","status":"publish","type":"post","link":"https:\/\/www.cope.es\/blogs\/palomitas-de-maiz\/2020\/01\/04\/el-cine-espanol-gana-espectadores-pero-pierde-cuota-de-mercado-2019-balance\/","title":{"rendered":"Balance 2019. Aumentan los espectadores del cine espa\u00f1ol, aunque la industria sigue perdiendo cuota de mercado"},"content":{"rendered":"<p>\u00a1Mis queridos palomiteros! El cine espa\u00f1ol gana espectadores pero pierde cuota de mercado. Concluido el a\u00f1o 2019, y antes de que enero se inunde de premios para el cine espa\u00f1ol con los <strong><a href=\"https:\/\/www.cope.es\/blogs\/palomitas-de-maiz\/2019\/01\/12\/el-cine-espanol-limpia-el-esmoquin-para-los-premios-forque\/\">Forqu\u00e9<\/a><\/strong>, los<strong><a href=\"https:\/\/www.cope.es\/blogs\/palomitas-de-maiz\/2018\/01\/30\/la-libreria-isabel-coixet-enamora-los-criticos-cine-se-alza-5-medallas-cec\/\"> CEC<\/a><\/strong> o los <strong><a href=\"https:\/\/www.cope.es\/blogs\/palomitas-de-maiz\/2019\/02\/03\/premios-goya-el-reino-7-pero-gana-campeones-con-3-sorogoyen-fesser\/\">Goya<\/a><\/strong>, es el momento de hacer balance. Seg\u00fan la compa\u00f1\u00eda auditora de audiencias,\u00a0<a href=\"https:\/\/www.comscore.com\/esl\/\" target=\"_blank\">Comscore<\/a>, <strong><b>e<\/b><\/strong><strong><b>ste pasado a\u00f1o<\/b><\/strong><strong><b>\u00a0han aumentado<\/b><\/strong><strong><b>\u00a0los espectadores<\/b><\/strong>\u00a0totales, <strong><b>pero la producci\u00f3n nacional ha perdido nuevamente cuota de mercado<\/b><\/strong>.<\/p>\n<figure id=\"attachment_4574\" aria-describedby=\"caption-attachment-4574\" style=\"width: 725px\" class=\"wp-caption aligncenter\"><img loading=\"lazy\" decoding=\"async\" width=\"725\" height=\"456\" class=\"wp-image-4574 size-full\" src=\"http:\/\/www.cope.es\/blogs\/palomitas-de-maiz\/wp-content\/uploads\/sites\/6\/2020\/01\/cines-kin\u00e9polis.jpg\" alt=\"Cines Kin\u00e9polis | El cine espa\u00f1ol gana espectadores pero pierde cuota de mercado\" srcset=\"https:\/\/www.cope.es\/blogs\/palomitas-de-maiz\/wp-content\/uploads\/sites\/6\/2020\/01\/cines-kin\u00e9polis.jpg 725w, https:\/\/www.cope.es\/blogs\/palomitas-de-maiz\/wp-content\/uploads\/sites\/6\/2020\/01\/cines-kin\u00e9polis-300x189.jpg 300w\" sizes=\"auto, (max-width: 725px) 100vw, 725px\" \/><figcaption id=\"caption-attachment-4574\" class=\"wp-caption-text\"><strong>Cines Kin\u00e9polis<\/strong> | El cine espa\u00f1ol gana espectadores pero pierde cuota de mercado<\/figcaption><\/figure>\n<p>De hecho, la asistencia de p\u00fablico a las salas de cine de Espa\u00f1a ha sido r\u00e9cord en 2019\u00a0con m\u00e1s de 105 millones de espectadores, frente a los 97,8 millones del pasado curso. Esto lo convierte en el mejor registro de la \u00faltima d\u00e9cada. Sin embargo, y pese a crecer\u00a0tambi\u00e9n su n\u00famero de espectadores hasta los 15,9 millones en consecuencia, la cuota de mercado del cine espa\u00f1ol ha descendido a alrededor de un 15%.<\/p>\n<figure id=\"attachment_4575\" aria-describedby=\"caption-attachment-4575\" style=\"width: 725px\" class=\"wp-caption aligncenter\"><img loading=\"lazy\" decoding=\"async\" width=\"725\" height=\"407\" class=\"wp-image-4575 size-full\" src=\"http:\/\/www.cope.es\/blogs\/palomitas-de-maiz\/wp-content\/uploads\/sites\/6\/2020\/01\/padre-no-hay-m\u00e1s-que-uno.jpg\" alt=\"Padre no hay m\u00e1s que uno | El cine espa\u00f1ol gana espectadores pero pierde cuota de mercado\" srcset=\"https:\/\/www.cope.es\/blogs\/palomitas-de-maiz\/wp-content\/uploads\/sites\/6\/2020\/01\/padre-no-hay-m\u00e1s-que-uno.jpg 725w, https:\/\/www.cope.es\/blogs\/palomitas-de-maiz\/wp-content\/uploads\/sites\/6\/2020\/01\/padre-no-hay-m\u00e1s-que-uno-300x168.jpg 300w\" sizes=\"auto, (max-width: 725px) 100vw, 725px\" \/><figcaption id=\"caption-attachment-4575\" class=\"wp-caption-text\"><em>Padre no hay m\u00e1s que uno <\/em>| El cine espa\u00f1ol gana espectadores pero pierde cuota de mercado<\/figcaption><\/figure>\n<p><strong><b>Si bien la recaudaci\u00f3n total ha aumentado m\u00e1s de 40 millones de euros<\/b><\/strong>\u00a0hasta los 625, <strong><b>la del cine <\/b><\/strong><strong><b>espa\u00f1ol<\/b><\/strong><strong><b>\u00a0no ha logrado alcanzar los 100 por primera vez desde el a\u00f1o 2013<\/b><\/strong>. Esta se sit\u00faa sobre los 94 millones, seg\u00fan los datos del Ministerio de Cultura y Deporte.<\/p>\n<h2>El cine espa\u00f1ol gana espectadores pero pierde cuota de mercado en 2019<\/h2>\n<p>La directora del Instituto de la Cinematograf\u00eda y las Artes Audiovisuales (ICAA), <strong><b>Beatriz Navas<\/b><\/strong>, en conversaci\u00f3n con Europa Press, ha considerado que &#8220;este a\u00f1o no ha habido un taquillazo espa\u00f1ol&#8221;, aunque ha destacado que cuatro pel\u00edculas (<em><i>Padre no hay m\u00e1s que uno<\/i><\/em>, <em><i>Lo dejo cuando quiera<\/i><\/em>, <em><i>Si yo fuera rico<\/i><\/em><em><i>\u00a0<\/i><\/em>y <em><i>Mientras dure la guerra<\/i><\/em>) han superado los diez millones de euros de recaudaci\u00f3n, algo que &#8220;no se daba desde hace tiempo&#8221;. Cree adem\u00e1s que la baja cuota de mercado se debe a la &#8220;competencia importante de t\u00edtulos familiares&#8221;.<\/p>\n<figure id=\"attachment_4576\" aria-describedby=\"caption-attachment-4576\" style=\"width: 725px\" class=\"wp-caption aligncenter\"><img loading=\"lazy\" decoding=\"async\" width=\"725\" height=\"1036\" class=\"wp-image-4576 size-full\" src=\"http:\/\/www.cope.es\/blogs\/palomitas-de-maiz\/wp-content\/uploads\/sites\/6\/2020\/01\/Lo_dejo_cuando_quiera.jpg\" alt=\"Lo dejo cuando quiera | El cine espa\u00f1ol gana espectadores pero pierde cuota de mercado\" srcset=\"https:\/\/www.cope.es\/blogs\/palomitas-de-maiz\/wp-content\/uploads\/sites\/6\/2020\/01\/Lo_dejo_cuando_quiera.jpg 725w, https:\/\/www.cope.es\/blogs\/palomitas-de-maiz\/wp-content\/uploads\/sites\/6\/2020\/01\/Lo_dejo_cuando_quiera-210x300.jpg 210w, https:\/\/www.cope.es\/blogs\/palomitas-de-maiz\/wp-content\/uploads\/sites\/6\/2020\/01\/Lo_dejo_cuando_quiera-717x1024.jpg 717w\" sizes=\"auto, (max-width: 725px) 100vw, 725px\" \/><figcaption id=\"caption-attachment-4576\" class=\"wp-caption-text\"><em>Lo dejo cuando quiera<\/em> | El cine espa\u00f1ol gana espectadores pero pierde cuota de mercado<\/figcaption><\/figure>\n<p>Se refiere sin duda a aquellos desarrollados por <strong><b>Disney<\/b><\/strong>, y es que de las 10 pel\u00edculas m\u00e1s vistas en Espa\u00f1a este curso siete son de la compa\u00f1\u00eda del rat\u00f3n, que ha colocado adem\u00e1s al remake de <em><i>El rey le\u00f3n<\/i><\/em>\u00a0como la primera con m\u00e1s de 37 millones de euros de recaudaci\u00f3n. Tan solo un representante espa\u00f1ol se cuela en este top, y es <em><i>Padre no hay m\u00e1s que uno<\/i><\/em>, de <strong><b>Santiago Segura<\/b><\/strong>, que ocupa el octavo lugar.<\/p>\n<p>Navas tambi\u00e9n cree que &#8220;la cuota de pantalla es baja porque ha habido muy buen resultado de taquilla&#8221;. En este sentido, se ha referido al IVA y su reducci\u00f3n al 10% y, por tanto, el impacto en taquilla (antes estaba en 21%): &#8220;<strong><b>Los espectadores agradecen unos precios que se pueden permitir<\/b><\/strong>. Ha sido una medida muy buena&#8221;.<\/p>\n<h2>La amenaza de ca\u00edda de asistencia a los cines por la expansi\u00f3n de las plataformas de contenidos &#8220;no es real&#8221;<\/h2>\n<figure id=\"attachment_4577\" aria-describedby=\"caption-attachment-4577\" style=\"width: 725px\" class=\"wp-caption aligncenter\"><img loading=\"lazy\" decoding=\"async\" width=\"725\" height=\"1025\" class=\"wp-image-4577 size-full\" src=\"http:\/\/www.cope.es\/blogs\/palomitas-de-maiz\/wp-content\/uploads\/sites\/6\/2020\/01\/Quien_a_hierro_mata.jpg\" alt=\"Quien a hierro mata | El cine espa\u00f1ol gana espectadores pero pierde cuota de mercado\" srcset=\"https:\/\/www.cope.es\/blogs\/palomitas-de-maiz\/wp-content\/uploads\/sites\/6\/2020\/01\/Quien_a_hierro_mata.jpg 725w, https:\/\/www.cope.es\/blogs\/palomitas-de-maiz\/wp-content\/uploads\/sites\/6\/2020\/01\/Quien_a_hierro_mata-212x300.jpg 212w, https:\/\/www.cope.es\/blogs\/palomitas-de-maiz\/wp-content\/uploads\/sites\/6\/2020\/01\/Quien_a_hierro_mata-724x1024.jpg 724w\" sizes=\"auto, (max-width: 725px) 100vw, 725px\" \/><figcaption id=\"caption-attachment-4577\" class=\"wp-caption-text\"><em>Quien a hierro mata<\/em> | El cine espa\u00f1ol gana espectadores pero pierde cuota de mercado<\/figcaption><\/figure>\n<p>Tambi\u00e9n afirma que la amenaza de ca\u00edda de asistencia a los cines por la expansi\u00f3n de las plataformas de contenidos &#8220;no es real&#8221;. &#8220;<strong><b>Si hay buenas pel\u00edculas, a la gente le gusta seguir vi\u00e9ndolas en las salas<\/b><\/strong>&#8220;.<br \/>\nLos filmes espa\u00f1oles que m\u00e1s han gustado este a\u00f1o, o por lo menos m\u00e1s se han visto, son:<\/p>\n<p><b><\/b><strong><b>Padre no hay m\u00e1s que uno\u00a0<\/b><\/strong>(Santiago Segura):<br \/>\nRecaudaci\u00f3n: 14,2 millones de euros<br \/>\nEspectadores: 2,5 millones<\/p>\n<p><iframe loading=\"lazy\" width=\"675\" height=\"380\" src=\"https:\/\/www.youtube.com\/embed\/C6qKeHdjyqM?feature=oembed\" frameborder=\"0\" allow=\"accelerometer; autoplay; encrypted-media; gyroscope; picture-in-picture\" allowfullscreen><\/iframe><\/p>\n<p><b><\/b><strong><b>Lo dejo cuando quiera\u00a0<\/b><\/strong>(Carlos Ther\u00f3n):<br \/>\nRecaudaci\u00f3n: 11,4 millones de euros<br \/>\nEspectadores: 1,9 millones<\/p>\n<p><iframe loading=\"lazy\" width=\"675\" height=\"380\" src=\"https:\/\/www.youtube.com\/embed\/Py3JDqMl-84?feature=oembed\" frameborder=\"0\" allow=\"accelerometer; autoplay; encrypted-media; gyroscope; picture-in-picture\" allowfullscreen><\/iframe><\/p>\n<p><b><\/b><strong><b>Si yo fuera ric<\/b><\/strong><strong><b>o\u00a0<\/b><\/strong>(\u00c1lvaro Fern\u00e1ndez Armero):<br \/>\nRecaudaci\u00f3n: 11,3 millones de euros<br \/>\nEspectadores: 1,9 millones<\/p>\n<p><iframe loading=\"lazy\" width=\"675\" height=\"380\" src=\"https:\/\/www.youtube.com\/embed\/bJ3NHGKXEq0?feature=oembed\" frameborder=\"0\" allow=\"accelerometer; autoplay; encrypted-media; gyroscope; picture-in-picture\" allowfullscreen><\/iframe><\/p>\n<p><b><\/b><strong><b>Mientras dure la guerra\u00a0<\/b><\/strong>(Alejandro Amen\u00e1bar):<br \/>\nRecaudaci\u00f3n: 11 millones de euros<br \/>\nEspectadores: 1,9 millones<\/p>\n<p><iframe loading=\"lazy\" width=\"675\" height=\"380\" src=\"https:\/\/www.youtube.com\/embed\/5_4PoAC2KTQ?feature=oembed\" frameborder=\"0\" allow=\"accelerometer; autoplay; encrypted-media; gyroscope; picture-in-picture\" allowfullscreen><\/iframe><\/p>\n<p><b><\/b><strong><b>Dolor y Gloria\u00a0<\/b><\/strong>(Pedro Almod\u00f3var):<br \/>\nRecaudaci\u00f3n: 5,8 millones de euros<br \/>\nEspectadores: 947 098<\/p>\n<p><iframe loading=\"lazy\" width=\"675\" height=\"380\" src=\"https:\/\/www.youtube.com\/embed\/4GMO3BgUIOk?feature=oembed\" frameborder=\"0\" allow=\"accelerometer; autoplay; encrypted-media; gyroscope; picture-in-picture\" allowfullscreen><\/iframe><\/p>\n<p><b><\/b><strong><b>Bajo el mismo techo\u00a0<\/b><\/strong><b><\/b>(Juana Mac\u00edas):<br \/>\nRecaudaci\u00f3n: 3,6 millones de euros<br \/>\nEspectadores: 598 627<\/p>\n<p><iframe loading=\"lazy\" width=\"675\" height=\"380\" src=\"https:\/\/www.youtube.com\/embed\/iyMveGzBSyY?feature=oembed\" frameborder=\"0\" allow=\"accelerometer; autoplay; encrypted-media; gyroscope; picture-in-picture\" allowfullscreen><\/iframe><\/p>\n<p><b><\/b><strong><b>Perdiendo el este\u00a0<\/b><\/strong>(Paco Caballero):<br \/>\nRecaudaci\u00f3n: 2,9 millones de euros<br \/>\nEspectadores: 482 764<\/p>\n<p><iframe loading=\"lazy\" width=\"675\" height=\"380\" src=\"https:\/\/www.youtube.com\/embed\/SZYBr_umNao?feature=oembed\" frameborder=\"0\" allow=\"accelerometer; autoplay; encrypted-media; gyroscope; picture-in-picture\" allowfullscreen><\/iframe><\/p>\n<p><b><\/b><strong><b>Los Jap\u00f3n\u00a0<\/b><\/strong>(\u00c1lvaro D\u00edaz Lorenzo):<br \/>\nRecaudaci\u00f3n: 2,8 millones de euros<br \/>\nEspectadores: 478 886<\/p>\n<p><iframe loading=\"lazy\" width=\"675\" height=\"380\" src=\"https:\/\/www.youtube.com\/embed\/dkOvnP76mj0?feature=oembed\" frameborder=\"0\" allow=\"accelerometer; autoplay; encrypted-media; gyroscope; picture-in-picture\" allowfullscreen><\/iframe><\/p>\n<p><b><\/b><strong><b>Quien a hierro mata\u00a0<\/b><\/strong>(Paco Plaza):<br \/>\nRecaudaci\u00f3n: 2,5 millones de euros<br \/>\nEspectadores: 425 190<\/p>\n<p><iframe loading=\"lazy\" width=\"675\" height=\"380\" src=\"https:\/\/www.youtube.com\/embed\/zmy7irhYGrc?feature=oembed\" frameborder=\"0\" allow=\"accelerometer; autoplay; encrypted-media; gyroscope; picture-in-picture\" allowfullscreen><\/iframe><\/p>\n<p><b><\/b><strong><b>El silencio de ciudad blanca\u00a0<\/b><\/strong>(Daniel Calparsoro):<br \/>\nRecaudaci\u00f3n: 2,3 millones de euros<br \/>\nEspectadores: 458 946<\/p>\n<p><iframe loading=\"lazy\" width=\"675\" height=\"380\" src=\"https:\/\/www.youtube.com\/embed\/Rf5IdPRy-f0?feature=oembed\" frameborder=\"0\" allow=\"accelerometer; autoplay; encrypted-media; gyroscope; picture-in-picture\" allowfullscreen><\/iframe><\/p>\n<p>\u00bfEn qu\u00e9 nos estamos confundiendo?<\/p>\n","protected":false},"excerpt":{"rendered":"<p>\u00a1Mis queridos palomiteros! El cine espa\u00f1ol gana espectadores pero pierde cuota de mercado. Concluido el a\u00f1o 2019, y antes de que enero se inunde de premios para el cine espa\u00f1ol con los Forqu\u00e9, los CEC o los Goya, es el momento de hacer balance. Seg\u00fan la compa\u00f1\u00eda auditora de audiencias,\u00a0Comscore, este pasado a\u00f1o\u00a0han aumentado\u00a0los espectadores\u00a0totales, [&hellip;]<\/p>\n","protected":false},"author":6,"featured_media":4573,"comment_status":"open","ping_status":"open","sticky":false,"template":"","format":"standard","meta":{"footnotes":""},"categories":[336,49,826,348],"tags":[4349,2437,4370,10,4361,4350,4355,4367,70,4366,4351,4372,45,2169,4360,4365,1949,4354,4353,1971,4368,4357,4363,4359,4369,4371,4356,2171,8,4362,4352,4373,4364,4374,2343,278,4358],"class_list":["post-4572","post","type-post","status-publish","format-standard","has-post-thumbnail","hentry","category-actualidad","category-cine","category-cine-espanol","category-industria","tag-4349","tag-alejandro-amenabar","tag-alvaro-diaz-lorenzo","tag-alvaro-fernandez-armero","tag-bajo-el-mismo-techo","tag-balance","tag-beatriz-navas","tag-carlos-theron","tag-cine-espanol","tag-comscore","tag-cuota-de-mercado","tag-daniel-calparsoro","tag-disney","tag-dolor-y-gloria","tag-el-rey-leon","tag-el-silencio-de-la-ciudad-blanca","tag-espectadores","tag-icaa","tag-instituto-de-la-cinematografia-y-las-artes-audiovisuales","tag-iva","tag-juana-macias","tag-lo-dejo-cuando-quiera","tag-los-japon","tag-mientras-dure-la-guerra","tag-paco-caballero","tag-paco-plaza","tag-padre-no-hay-mas-que-uno","tag-pedro-almodovar","tag-peliculas","tag-perdiendo-el-este","tag-plataformas-on-line","tag-producciones","tag-quien-a-hierro-mata","tag-recaudacion","tag-salas","tag-santiago-segura","tag-si-yo-fuera-rico"],"yoast_head":"<!-- This site is optimized with the Yoast SEO plugin v27.4 - https:\/\/yoast.com\/product\/yoast-seo-wordpress\/ -->\n<title>El cine espa\u00f1ol gana espectadores pero pierde cuota de mercado en 2019<\/title>\n<meta name=\"description\" content=\"El cine espa\u00f1ol gana espectadores pero pierde cuota de mercado. Y eso que han acudio a las salas m\u00e1s de 105 millones de personas, cifra r\u00e9cord en 2019\" \/>\n<meta name=\"robots\" content=\"index, follow, max-snippet:-1, max-image-preview:large, max-video-preview:-1\" \/>\n<link rel=\"canonical\" href=\"https:\/\/www.cope.es\/blogs\/palomitas-de-maiz\/2020\/01\/04\/el-cine-espanol-gana-espectadores-pero-pierde-cuota-de-mercado-2019-balance\/\" \/>\n<meta property=\"og:locale\" content=\"es_ES\" \/>\n<meta property=\"og:type\" content=\"article\" \/>\n<meta property=\"og:title\" content=\"El cine espa\u00f1ol gana espectadores pero pierde cuota de mercado en 2019\" \/>\n<meta property=\"og:description\" content=\"El cine espa\u00f1ol gana espectadores pero pierde cuota de mercado. Y eso que han acudio a las salas m\u00e1s de 105 millones de personas, cifra r\u00e9cord en 2019\" \/>\n<meta property=\"og:url\" content=\"https:\/\/www.cope.es\/blogs\/palomitas-de-maiz\/2020\/01\/04\/el-cine-espanol-gana-espectadores-pero-pierde-cuota-de-mercado-2019-balance\/\" \/>\n<meta property=\"og:site_name\" content=\"Palomitas de Ma\u00edz\" \/>\n<meta property=\"article:publisher\" content=\"https:\/\/www.facebook.com\/cope\/\" \/>\n<meta property=\"article:author\" content=\"https:\/\/www.facebook.com\/palomitero\/\" \/>\n<meta property=\"article:published_time\" content=\"2020-01-04T02:04:05+00:00\" \/>\n<meta property=\"article:modified_time\" content=\"2020-01-04T02:08:32+00:00\" \/>\n<meta property=\"og:image\" content=\"https:\/\/www.cope.es\/blogs\/palomitas-de-maiz\/wp-content\/uploads\/sites\/6\/2020\/01\/cine-espa\u00f1ol.jpg\" \/>\n\t<meta property=\"og:image:width\" content=\"725\" \/>\n\t<meta property=\"og:image:height\" content=\"409\" \/>\n\t<meta property=\"og:image:type\" content=\"image\/jpeg\" \/>\n<meta name=\"author\" content=\"Jos\u00e9 Luis Panero\" \/>\n<meta name=\"twitter:card\" content=\"summary_large_image\" \/>\n<meta name=\"twitter:creator\" content=\"@PALOMITERO\" \/>\n<meta name=\"twitter:site\" content=\"@cope_es\" \/>\n<meta name=\"twitter:label1\" content=\"Escrito por\" \/>\n\t<meta name=\"twitter:data1\" content=\"Jos\u00e9 Luis Panero\" \/>\n\t<meta name=\"twitter:label2\" content=\"Tiempo de lectura\" \/>\n\t<meta name=\"twitter:data2\" content=\"4 minutos\" \/>\n<script type=\"application\/ld+json\" class=\"yoast-schema-graph\">{\"@context\":\"https:\\\/\\\/schema.org\",\"@graph\":[{\"@type\":\"Article\",\"@id\":\"https:\\\/\\\/www.cope.es\\\/blogs\\\/palomitas-de-maiz\\\/2020\\\/01\\\/04\\\/el-cine-espanol-gana-espectadores-pero-pierde-cuota-de-mercado-2019-balance\\\/#article\",\"isPartOf\":{\"@id\":\"https:\\\/\\\/www.cope.es\\\/blogs\\\/palomitas-de-maiz\\\/2020\\\/01\\\/04\\\/el-cine-espanol-gana-espectadores-pero-pierde-cuota-de-mercado-2019-balance\\\/\"},\"author\":{\"name\":\"Jos\u00e9 Luis Panero\",\"@id\":\"https:\\\/\\\/www.cope.es\\\/blogs\\\/palomitas-de-maiz\\\/#\\\/schema\\\/person\\\/9fb256f63733c964d19b06de1ca3c9ef\"},\"headline\":\"Balance 2019. Aumentan los espectadores del cine espa\u00f1ol, aunque la industria sigue perdiendo cuota de mercado\",\"datePublished\":\"2020-01-04T02:04:05+00:00\",\"dateModified\":\"2020-01-04T02:08:32+00:00\",\"mainEntityOfPage\":{\"@id\":\"https:\\\/\\\/www.cope.es\\\/blogs\\\/palomitas-de-maiz\\\/2020\\\/01\\\/04\\\/el-cine-espanol-gana-espectadores-pero-pierde-cuota-de-mercado-2019-balance\\\/\"},\"wordCount\":867,\"commentCount\":0,\"image\":{\"@id\":\"https:\\\/\\\/www.cope.es\\\/blogs\\\/palomitas-de-maiz\\\/2020\\\/01\\\/04\\\/el-cine-espanol-gana-espectadores-pero-pierde-cuota-de-mercado-2019-balance\\\/#primaryimage\"},\"thumbnailUrl\":\"https:\\\/\\\/www.cope.es\\\/blogs\\\/palomitas-de-maiz\\\/wp-content\\\/uploads\\\/sites\\\/6\\\/2020\\\/01\\\/cine-espa\u00f1ol.jpg\",\"keywords\":[\"2019\",\"Alejandro Amen\u00e1bar\",\"\u00c1lvaro D\u00edaz Lorenzo\",\"\u00c1lvaro Fern\u00e1ndez Armero\",\"bajo el mismo techo\",\"balance\",\"beatriz navas\",\"carlos ther\u00f3n\",\"cine espa\u00f1ol\",\"comscore\",\"cuota de mercado\",\"Daniel Calparsoro\",\"disney\",\"dolor y gloria\",\"el rey le\u00f3n\",\"el silencio de la ciudad blanca\",\"espectadores\",\"icaa\",\"Instituto de la Cinematograf\u00eda y las Artes Audiovisuales\",\"iva\",\"Juana Mac\u00edas\",\"Lo dejo cuando quiera\",\"los jap\u00f3n\",\"Mientras dure la guerra\",\"Paco Caballero\",\"Paco Plaza\",\"Padre no hay m\u00e1s que uno\",\"pedro almod\u00f3var\",\"pel\u00edculas\",\"perdiendo el este\",\"plataformas on line\",\"producciones\",\"quien a hierro mata\",\"recaudaci\u00f3n\",\"salas\",\"santiago segura\",\"Si yo fuera rico\"],\"articleSection\":[\"actualidad\",\"Cine\",\"cine espa\u00f1ol\",\"industria\"],\"inLanguage\":\"es\",\"potentialAction\":[{\"@type\":\"CommentAction\",\"name\":\"Comment\",\"target\":[\"https:\\\/\\\/www.cope.es\\\/blogs\\\/palomitas-de-maiz\\\/2020\\\/01\\\/04\\\/el-cine-espanol-gana-espectadores-pero-pierde-cuota-de-mercado-2019-balance\\\/#respond\"]}]},{\"@type\":\"WebPage\",\"@id\":\"https:\\\/\\\/www.cope.es\\\/blogs\\\/palomitas-de-maiz\\\/2020\\\/01\\\/04\\\/el-cine-espanol-gana-espectadores-pero-pierde-cuota-de-mercado-2019-balance\\\/\",\"url\":\"https:\\\/\\\/www.cope.es\\\/blogs\\\/palomitas-de-maiz\\\/2020\\\/01\\\/04\\\/el-cine-espanol-gana-espectadores-pero-pierde-cuota-de-mercado-2019-balance\\\/\",\"name\":\"El cine espa\u00f1ol gana espectadores pero pierde cuota de mercado en 2019\",\"isPartOf\":{\"@id\":\"https:\\\/\\\/www.cope.es\\\/blogs\\\/palomitas-de-maiz\\\/#website\"},\"primaryImageOfPage\":{\"@id\":\"https:\\\/\\\/www.cope.es\\\/blogs\\\/palomitas-de-maiz\\\/2020\\\/01\\\/04\\\/el-cine-espanol-gana-espectadores-pero-pierde-cuota-de-mercado-2019-balance\\\/#primaryimage\"},\"image\":{\"@id\":\"https:\\\/\\\/www.cope.es\\\/blogs\\\/palomitas-de-maiz\\\/2020\\\/01\\\/04\\\/el-cine-espanol-gana-espectadores-pero-pierde-cuota-de-mercado-2019-balance\\\/#primaryimage\"},\"thumbnailUrl\":\"https:\\\/\\\/www.cope.es\\\/blogs\\\/palomitas-de-maiz\\\/wp-content\\\/uploads\\\/sites\\\/6\\\/2020\\\/01\\\/cine-espa\u00f1ol.jpg\",\"datePublished\":\"2020-01-04T02:04:05+00:00\",\"dateModified\":\"2020-01-04T02:08:32+00:00\",\"author\":{\"@id\":\"https:\\\/\\\/www.cope.es\\\/blogs\\\/palomitas-de-maiz\\\/#\\\/schema\\\/person\\\/9fb256f63733c964d19b06de1ca3c9ef\"},\"description\":\"El cine espa\u00f1ol gana espectadores pero pierde cuota de mercado. Y eso que han acudio a las salas m\u00e1s de 105 millones de personas, cifra r\u00e9cord en 2019\",\"breadcrumb\":{\"@id\":\"https:\\\/\\\/www.cope.es\\\/blogs\\\/palomitas-de-maiz\\\/2020\\\/01\\\/04\\\/el-cine-espanol-gana-espectadores-pero-pierde-cuota-de-mercado-2019-balance\\\/#breadcrumb\"},\"inLanguage\":\"es\",\"potentialAction\":[{\"@type\":\"ReadAction\",\"target\":[\"https:\\\/\\\/www.cope.es\\\/blogs\\\/palomitas-de-maiz\\\/2020\\\/01\\\/04\\\/el-cine-espanol-gana-espectadores-pero-pierde-cuota-de-mercado-2019-balance\\\/\"]}]},{\"@type\":\"ImageObject\",\"inLanguage\":\"es\",\"@id\":\"https:\\\/\\\/www.cope.es\\\/blogs\\\/palomitas-de-maiz\\\/2020\\\/01\\\/04\\\/el-cine-espanol-gana-espectadores-pero-pierde-cuota-de-mercado-2019-balance\\\/#primaryimage\",\"url\":\"https:\\\/\\\/www.cope.es\\\/blogs\\\/palomitas-de-maiz\\\/wp-content\\\/uploads\\\/sites\\\/6\\\/2020\\\/01\\\/cine-espa\u00f1ol.jpg\",\"contentUrl\":\"https:\\\/\\\/www.cope.es\\\/blogs\\\/palomitas-de-maiz\\\/wp-content\\\/uploads\\\/sites\\\/6\\\/2020\\\/01\\\/cine-espa\u00f1ol.jpg\",\"width\":725,\"height\":409,\"caption\":\"https:\\\/\\\/www.cope.es\\\/blogs\\\/palomitas-de-maiz\\\/2020\\\/01\\\/04\\\/el-cine-espanol-gana-espectadores-pero-pierde-cuota-de-mercado-2019-balance\\\/\"},{\"@type\":\"BreadcrumbList\",\"@id\":\"https:\\\/\\\/www.cope.es\\\/blogs\\\/palomitas-de-maiz\\\/2020\\\/01\\\/04\\\/el-cine-espanol-gana-espectadores-pero-pierde-cuota-de-mercado-2019-balance\\\/#breadcrumb\",\"itemListElement\":[{\"@type\":\"ListItem\",\"position\":1,\"name\":\"Portada\",\"item\":\"https:\\\/\\\/www.cope.es\\\/blogs\\\/palomitas-de-maiz\\\/\"},{\"@type\":\"ListItem\",\"position\":2,\"name\":\"Balance 2019. Aumentan los espectadores del cine espa\u00f1ol, aunque la industria sigue perdiendo cuota de mercado\"}]},{\"@type\":\"WebSite\",\"@id\":\"https:\\\/\\\/www.cope.es\\\/blogs\\\/palomitas-de-maiz\\\/#website\",\"url\":\"https:\\\/\\\/www.cope.es\\\/blogs\\\/palomitas-de-maiz\\\/\",\"name\":\"Palomitas de Ma\u00edz\",\"description\":\"Blog decano de cine de COPE\",\"potentialAction\":[{\"@type\":\"SearchAction\",\"target\":{\"@type\":\"EntryPoint\",\"urlTemplate\":\"https:\\\/\\\/www.cope.es\\\/blogs\\\/palomitas-de-maiz\\\/?s={search_term_string}\"},\"query-input\":{\"@type\":\"PropertyValueSpecification\",\"valueRequired\":true,\"valueName\":\"search_term_string\"}}],\"inLanguage\":\"es\"},{\"@type\":\"Person\",\"@id\":\"https:\\\/\\\/www.cope.es\\\/blogs\\\/palomitas-de-maiz\\\/#\\\/schema\\\/person\\\/9fb256f63733c964d19b06de1ca3c9ef\",\"name\":\"Jos\u00e9 Luis Panero\",\"image\":{\"@type\":\"ImageObject\",\"inLanguage\":\"es\",\"@id\":\"https:\\\/\\\/secure.gravatar.com\\\/avatar\\\/2ef93951eab3cee25932a7219e566376cbf6ddedde3aa3098e7a971991a3ef12?s=96&d=mm&r=g\",\"url\":\"https:\\\/\\\/secure.gravatar.com\\\/avatar\\\/2ef93951eab3cee25932a7219e566376cbf6ddedde3aa3098e7a971991a3ef12?s=96&d=mm&r=g\",\"contentUrl\":\"https:\\\/\\\/secure.gravatar.com\\\/avatar\\\/2ef93951eab3cee25932a7219e566376cbf6ddedde3aa3098e7a971991a3ef12?s=96&d=mm&r=g\",\"caption\":\"Jos\u00e9 Luis Panero\"},\"description\":\"Licenciado en Periodismo y en Comunicaci\u00f3n Audiovisual. Tras m\u00e1s de cuatro a\u00f1os en el diario 'La Gaceta de Los Negocios' y el programa f\u00edlmico 'Pantalla Grande', es cr\u00edtico de cine en 'Ciudad Nueva', 'Pantalla 90', 'COPE' o 'Aleteia' y cr\u00edtico de teatro en 'Hoy en la city'. Ha sido coguionista y ayudante de direcci\u00f3n de cine, ponente en los coloquios de cine del foro FNAC y profesor universitario en diferentes cursos de Periodismo Social. Desde 2003 es miembro del C\u00edrculo de Escritores Cinematogr\u00e1ficos (CEC). En 2008 fund\u00f3 en 'COPE' su blog de cine 'Palomitas de Ma\u00edz'. En 2017 fue nombrado Jurado Oficial del Festival Internacional de Cine de Fuengirola (M\u00e1laga) y ese a\u00f1o la instituci\u00f3n educativa Trinity College-Liceo Serrano le distingui\u00f3 con el nombramiento de 'Profesor de Honor' del centro y miembro ilustre del claustro de profesores. En 2019 fue nombrado Jurado Oficial del Festival Internacional de Cine de Vera (Almer\u00eda). En 2020 fue nombrado Jurado Oficial del Festival Internacional de Cine de Terror de La Mar Bella (Marbella). Como int\u00e9rprete ha sido galardonado con el Premio al Actor Principal del I Festival Nacional UNIR de teatro. Desde 2020 es acad\u00e9mico de las Artes Esc\u00e9nicas de Espa\u00f1a. En 2023 fue nombrado Jurado Oficial de los 'Premios Tal\u00eda' en su I Edici\u00f3n. Y miembro de ASHUMES (Asociaci\u00f3n del Humorismo Espa\u00f1ol) a partir de 2022. En 2023 fue nombrado Jurado Oficial de la II Edici\u00f3n de los 'Premios Godot'.\",\"sameAs\":[\"http:\\\/\\\/www.cope.es\",\"https:\\\/\\\/www.facebook.com\\\/palomitero\\\/\",\"https:\\\/\\\/www.instagram.com\\\/joseluispanero\\\/\",\"https:\\\/\\\/www.linkedin.com\\\/in\\\/jos-luis-panero-gonzlez-barosa-7722a716\\\/\",\"https:\\\/\\\/x.com\\\/PALOMITERO\",\"https:\\\/\\\/www.youtube.com\\\/channel\\\/UCQYaNGiETUXUPXjYu9p3lNw\\\/videos?\",\"https:\\\/\\\/es.wikipedia.org\\\/wiki\\\/Jos_Luis_Panero_Gonzlez-Barosa\"],\"url\":\"https:\\\/\\\/www.cope.es\\\/blogs\\\/palomitas-de-maiz\\\/author\\\/jlpanero\\\/\"}]}<\/script>\n<!-- \/ Yoast SEO plugin. -->","yoast_head_json":{"title":"El cine espa\u00f1ol gana espectadores pero pierde cuota de mercado en 2019","description":"El cine espa\u00f1ol gana espectadores pero pierde cuota de mercado. Y eso que han acudio a las salas m\u00e1s de 105 millones de personas, cifra r\u00e9cord en 2019","robots":{"index":"index","follow":"follow","max-snippet":"max-snippet:-1","max-image-preview":"max-image-preview:large","max-video-preview":"max-video-preview:-1"},"canonical":"https:\/\/www.cope.es\/blogs\/palomitas-de-maiz\/2020\/01\/04\/el-cine-espanol-gana-espectadores-pero-pierde-cuota-de-mercado-2019-balance\/","og_locale":"es_ES","og_type":"article","og_title":"El cine espa\u00f1ol gana espectadores pero pierde cuota de mercado en 2019","og_description":"El cine espa\u00f1ol gana espectadores pero pierde cuota de mercado. Y eso que han acudio a las salas m\u00e1s de 105 millones de personas, cifra r\u00e9cord en 2019","og_url":"https:\/\/www.cope.es\/blogs\/palomitas-de-maiz\/2020\/01\/04\/el-cine-espanol-gana-espectadores-pero-pierde-cuota-de-mercado-2019-balance\/","og_site_name":"Palomitas de Ma\u00edz","article_publisher":"https:\/\/www.facebook.com\/cope\/","article_author":"https:\/\/www.facebook.com\/palomitero\/","article_published_time":"2020-01-04T02:04:05+00:00","article_modified_time":"2020-01-04T02:08:32+00:00","og_image":[{"width":725,"height":409,"url":"https:\/\/www.cope.es\/blogs\/palomitas-de-maiz\/wp-content\/uploads\/sites\/6\/2020\/01\/cine-espa\u00f1ol.jpg","type":"image\/jpeg"}],"author":"Jos\u00e9 Luis Panero","twitter_card":"summary_large_image","twitter_creator":"@PALOMITERO","twitter_site":"@cope_es","twitter_misc":{"Escrito por":"Jos\u00e9 Luis Panero","Tiempo de lectura":"4 minutos"},"schema":{"@context":"https:\/\/schema.org","@graph":[{"@type":"Article","@id":"https:\/\/www.cope.es\/blogs\/palomitas-de-maiz\/2020\/01\/04\/el-cine-espanol-gana-espectadores-pero-pierde-cuota-de-mercado-2019-balance\/#article","isPartOf":{"@id":"https:\/\/www.cope.es\/blogs\/palomitas-de-maiz\/2020\/01\/04\/el-cine-espanol-gana-espectadores-pero-pierde-cuota-de-mercado-2019-balance\/"},"author":{"name":"Jos\u00e9 Luis Panero","@id":"https:\/\/www.cope.es\/blogs\/palomitas-de-maiz\/#\/schema\/person\/9fb256f63733c964d19b06de1ca3c9ef"},"headline":"Balance 2019. Aumentan los espectadores del cine espa\u00f1ol, aunque la industria sigue perdiendo cuota de mercado","datePublished":"2020-01-04T02:04:05+00:00","dateModified":"2020-01-04T02:08:32+00:00","mainEntityOfPage":{"@id":"https:\/\/www.cope.es\/blogs\/palomitas-de-maiz\/2020\/01\/04\/el-cine-espanol-gana-espectadores-pero-pierde-cuota-de-mercado-2019-balance\/"},"wordCount":867,"commentCount":0,"image":{"@id":"https:\/\/www.cope.es\/blogs\/palomitas-de-maiz\/2020\/01\/04\/el-cine-espanol-gana-espectadores-pero-pierde-cuota-de-mercado-2019-balance\/#primaryimage"},"thumbnailUrl":"https:\/\/www.cope.es\/blogs\/palomitas-de-maiz\/wp-content\/uploads\/sites\/6\/2020\/01\/cine-espa\u00f1ol.jpg","keywords":["2019","Alejandro Amen\u00e1bar","\u00c1lvaro D\u00edaz Lorenzo","\u00c1lvaro Fern\u00e1ndez Armero","bajo el mismo techo","balance","beatriz navas","carlos ther\u00f3n","cine espa\u00f1ol","comscore","cuota de mercado","Daniel Calparsoro","disney","dolor y gloria","el rey le\u00f3n","el silencio de la ciudad blanca","espectadores","icaa","Instituto de la Cinematograf\u00eda y las Artes Audiovisuales","iva","Juana Mac\u00edas","Lo dejo cuando quiera","los jap\u00f3n","Mientras dure la guerra","Paco Caballero","Paco Plaza","Padre no hay m\u00e1s que uno","pedro almod\u00f3var","pel\u00edculas","perdiendo el este","plataformas on line","producciones","quien a hierro mata","recaudaci\u00f3n","salas","santiago segura","Si yo fuera rico"],"articleSection":["actualidad","Cine","cine espa\u00f1ol","industria"],"inLanguage":"es","potentialAction":[{"@type":"CommentAction","name":"Comment","target":["https:\/\/www.cope.es\/blogs\/palomitas-de-maiz\/2020\/01\/04\/el-cine-espanol-gana-espectadores-pero-pierde-cuota-de-mercado-2019-balance\/#respond"]}]},{"@type":"WebPage","@id":"https:\/\/www.cope.es\/blogs\/palomitas-de-maiz\/2020\/01\/04\/el-cine-espanol-gana-espectadores-pero-pierde-cuota-de-mercado-2019-balance\/","url":"https:\/\/www.cope.es\/blogs\/palomitas-de-maiz\/2020\/01\/04\/el-cine-espanol-gana-espectadores-pero-pierde-cuota-de-mercado-2019-balance\/","name":"El cine espa\u00f1ol gana espectadores pero pierde cuota de mercado en 2019","isPartOf":{"@id":"https:\/\/www.cope.es\/blogs\/palomitas-de-maiz\/#website"},"primaryImageOfPage":{"@id":"https:\/\/www.cope.es\/blogs\/palomitas-de-maiz\/2020\/01\/04\/el-cine-espanol-gana-espectadores-pero-pierde-cuota-de-mercado-2019-balance\/#primaryimage"},"image":{"@id":"https:\/\/www.cope.es\/blogs\/palomitas-de-maiz\/2020\/01\/04\/el-cine-espanol-gana-espectadores-pero-pierde-cuota-de-mercado-2019-balance\/#primaryimage"},"thumbnailUrl":"https:\/\/www.cope.es\/blogs\/palomitas-de-maiz\/wp-content\/uploads\/sites\/6\/2020\/01\/cine-espa\u00f1ol.jpg","datePublished":"2020-01-04T02:04:05+00:00","dateModified":"2020-01-04T02:08:32+00:00","author":{"@id":"https:\/\/www.cope.es\/blogs\/palomitas-de-maiz\/#\/schema\/person\/9fb256f63733c964d19b06de1ca3c9ef"},"description":"El cine espa\u00f1ol gana espectadores pero pierde cuota de mercado. Y eso que han acudio a las salas m\u00e1s de 105 millones de personas, cifra r\u00e9cord en 2019","breadcrumb":{"@id":"https:\/\/www.cope.es\/blogs\/palomitas-de-maiz\/2020\/01\/04\/el-cine-espanol-gana-espectadores-pero-pierde-cuota-de-mercado-2019-balance\/#breadcrumb"},"inLanguage":"es","potentialAction":[{"@type":"ReadAction","target":["https:\/\/www.cope.es\/blogs\/palomitas-de-maiz\/2020\/01\/04\/el-cine-espanol-gana-espectadores-pero-pierde-cuota-de-mercado-2019-balance\/"]}]},{"@type":"ImageObject","inLanguage":"es","@id":"https:\/\/www.cope.es\/blogs\/palomitas-de-maiz\/2020\/01\/04\/el-cine-espanol-gana-espectadores-pero-pierde-cuota-de-mercado-2019-balance\/#primaryimage","url":"https:\/\/www.cope.es\/blogs\/palomitas-de-maiz\/wp-content\/uploads\/sites\/6\/2020\/01\/cine-espa\u00f1ol.jpg","contentUrl":"https:\/\/www.cope.es\/blogs\/palomitas-de-maiz\/wp-content\/uploads\/sites\/6\/2020\/01\/cine-espa\u00f1ol.jpg","width":725,"height":409,"caption":"https:\/\/www.cope.es\/blogs\/palomitas-de-maiz\/2020\/01\/04\/el-cine-espanol-gana-espectadores-pero-pierde-cuota-de-mercado-2019-balance\/"},{"@type":"BreadcrumbList","@id":"https:\/\/www.cope.es\/blogs\/palomitas-de-maiz\/2020\/01\/04\/el-cine-espanol-gana-espectadores-pero-pierde-cuota-de-mercado-2019-balance\/#breadcrumb","itemListElement":[{"@type":"ListItem","position":1,"name":"Portada","item":"https:\/\/www.cope.es\/blogs\/palomitas-de-maiz\/"},{"@type":"ListItem","position":2,"name":"Balance 2019. Aumentan los espectadores del cine espa\u00f1ol, aunque la industria sigue perdiendo cuota de mercado"}]},{"@type":"WebSite","@id":"https:\/\/www.cope.es\/blogs\/palomitas-de-maiz\/#website","url":"https:\/\/www.cope.es\/blogs\/palomitas-de-maiz\/","name":"Palomitas de Ma\u00edz","description":"Blog decano de cine de COPE","potentialAction":[{"@type":"SearchAction","target":{"@type":"EntryPoint","urlTemplate":"https:\/\/www.cope.es\/blogs\/palomitas-de-maiz\/?s={search_term_string}"},"query-input":{"@type":"PropertyValueSpecification","valueRequired":true,"valueName":"search_term_string"}}],"inLanguage":"es"},{"@type":"Person","@id":"https:\/\/www.cope.es\/blogs\/palomitas-de-maiz\/#\/schema\/person\/9fb256f63733c964d19b06de1ca3c9ef","name":"Jos\u00e9 Luis Panero","image":{"@type":"ImageObject","inLanguage":"es","@id":"https:\/\/secure.gravatar.com\/avatar\/2ef93951eab3cee25932a7219e566376cbf6ddedde3aa3098e7a971991a3ef12?s=96&d=mm&r=g","url":"https:\/\/secure.gravatar.com\/avatar\/2ef93951eab3cee25932a7219e566376cbf6ddedde3aa3098e7a971991a3ef12?s=96&d=mm&r=g","contentUrl":"https:\/\/secure.gravatar.com\/avatar\/2ef93951eab3cee25932a7219e566376cbf6ddedde3aa3098e7a971991a3ef12?s=96&d=mm&r=g","caption":"Jos\u00e9 Luis Panero"},"description":"Licenciado en Periodismo y en Comunicaci\u00f3n Audiovisual. Tras m\u00e1s de cuatro a\u00f1os en el diario 'La Gaceta de Los Negocios' y el programa f\u00edlmico 'Pantalla Grande', es cr\u00edtico de cine en 'Ciudad Nueva', 'Pantalla 90', 'COPE' o 'Aleteia' y cr\u00edtico de teatro en 'Hoy en la city'. Ha sido coguionista y ayudante de direcci\u00f3n de cine, ponente en los coloquios de cine del foro FNAC y profesor universitario en diferentes cursos de Periodismo Social. Desde 2003 es miembro del C\u00edrculo de Escritores Cinematogr\u00e1ficos (CEC). En 2008 fund\u00f3 en 'COPE' su blog de cine 'Palomitas de Ma\u00edz'. En 2017 fue nombrado Jurado Oficial del Festival Internacional de Cine de Fuengirola (M\u00e1laga) y ese a\u00f1o la instituci\u00f3n educativa Trinity College-Liceo Serrano le distingui\u00f3 con el nombramiento de 'Profesor de Honor' del centro y miembro ilustre del claustro de profesores. En 2019 fue nombrado Jurado Oficial del Festival Internacional de Cine de Vera (Almer\u00eda). En 2020 fue nombrado Jurado Oficial del Festival Internacional de Cine de Terror de La Mar Bella (Marbella). Como int\u00e9rprete ha sido galardonado con el Premio al Actor Principal del I Festival Nacional UNIR de teatro. Desde 2020 es acad\u00e9mico de las Artes Esc\u00e9nicas de Espa\u00f1a. En 2023 fue nombrado Jurado Oficial de los 'Premios Tal\u00eda' en su I Edici\u00f3n. Y miembro de ASHUMES (Asociaci\u00f3n del Humorismo Espa\u00f1ol) a partir de 2022. En 2023 fue nombrado Jurado Oficial de la II Edici\u00f3n de los 'Premios Godot'.","sameAs":["http:\/\/www.cope.es","https:\/\/www.facebook.com\/palomitero\/","https:\/\/www.instagram.com\/joseluispanero\/","https:\/\/www.linkedin.com\/in\/jos-luis-panero-gonzlez-barosa-7722a716\/","https:\/\/x.com\/PALOMITERO","https:\/\/www.youtube.com\/channel\/UCQYaNGiETUXUPXjYu9p3lNw\/videos?","https:\/\/es.wikipedia.org\/wiki\/Jos_Luis_Panero_Gonzlez-Barosa"],"url":"https:\/\/www.cope.es\/blogs\/palomitas-de-maiz\/author\/jlpanero\/"}]}},"amp_enabled":true,"_links":{"self":[{"href":"https:\/\/www.cope.es\/blogs\/palomitas-de-maiz\/wp-json\/wp\/v2\/posts\/4572","targetHints":{"allow":["GET"]}}],"collection":[{"href":"https:\/\/www.cope.es\/blogs\/palomitas-de-maiz\/wp-json\/wp\/v2\/posts"}],"about":[{"href":"https:\/\/www.cope.es\/blogs\/palomitas-de-maiz\/wp-json\/wp\/v2\/types\/post"}],"author":[{"embeddable":true,"href":"https:\/\/www.cope.es\/blogs\/palomitas-de-maiz\/wp-json\/wp\/v2\/users\/6"}],"replies":[{"embeddable":true,"href":"https:\/\/www.cope.es\/blogs\/palomitas-de-maiz\/wp-json\/wp\/v2\/comments?post=4572"}],"version-history":[{"count":2,"href":"https:\/\/www.cope.es\/blogs\/palomitas-de-maiz\/wp-json\/wp\/v2\/posts\/4572\/revisions"}],"predecessor-version":[{"id":4590,"href":"https:\/\/www.cope.es\/blogs\/palomitas-de-maiz\/wp-json\/wp\/v2\/posts\/4572\/revisions\/4590"}],"wp:featuredmedia":[{"embeddable":true,"href":"https:\/\/www.cope.es\/blogs\/palomitas-de-maiz\/wp-json\/wp\/v2\/media\/4573"}],"wp:attachment":[{"href":"https:\/\/www.cope.es\/blogs\/palomitas-de-maiz\/wp-json\/wp\/v2\/media?parent=4572"}],"wp:term":[{"taxonomy":"category","embeddable":true,"href":"https:\/\/www.cope.es\/blogs\/palomitas-de-maiz\/wp-json\/wp\/v2\/categories?post=4572"},{"taxonomy":"post_tag","embeddable":true,"href":"https:\/\/www.cope.es\/blogs\/palomitas-de-maiz\/wp-json\/wp\/v2\/tags?post=4572"}],"curies":[{"name":"wp","href":"https:\/\/api.w.org\/{rel}","templated":true}]}}