{"id":4271,"date":"2019-11-11T17:21:08","date_gmt":"2019-11-11T16:21:08","guid":{"rendered":"http:\/\/www.cope.es\/blogs\/palomitas-de-maiz\/?p=4271"},"modified":"2019-11-12T02:06:21","modified_gmt":"2019-11-12T01:06:21","slug":"jaione-camborda-presenta-en-sevilla-arima-su-opera-prima-cine-rosa-puga","status":"publish","type":"post","link":"https:\/\/www.cope.es\/blogs\/palomitas-de-maiz\/2019\/11\/11\/jaione-camborda-presenta-en-sevilla-arima-su-opera-prima-cine-rosa-puga\/","title":{"rendered":"\u2018Arima\u2019, \u00f3pera prima de la cineasta vasca Jaione Camborda, celebra su estreno en la 16 edici\u00f3n del Festival de Cine Europeo de Sevilla"},"content":{"rendered":"<p>\u00a1Mis queridos palomiteros! Jaione Camborda presenta en Sevilla \u2018Arima\u2019 su \u00f3pera prima. El trabajo de la cineasta vasca\u00a0afincada en Galicia, Jaione Camborda,\u00a0<em>Arima<\/em>,\u00a0compite en la\u00a0Secci\u00f3n \u2018<strong>Las Nuevas Olas<\/strong>\u2019 de la 16 edici\u00f3n del Festival de Cine Europeo de Sevilla. Adem\u00e1s <strong>es la \u00fanica pel\u00edcula espa\u00f1ola que compite en esta secci\u00f3n<\/strong>.<\/p>\n<figure id=\"attachment_4287\" aria-describedby=\"caption-attachment-4287\" style=\"width: 725px\" class=\"wp-caption aligncenter\"><img loading=\"lazy\" decoding=\"async\" width=\"725\" height=\"837\" class=\"wp-image-4287 size-full\" src=\"http:\/\/www.cope.es\/blogs\/palomitas-de-maiz\/wp-content\/uploads\/sites\/6\/2019\/11\/cartel-arima-interior-1.jpg\" alt=\"Cartel promocional del filme Arima, de la cineasta vasca Jaione Camborda | Jaione Camborda presenta en Sevilla \u2018Arima\u2019 su \u00f3pera prima\" srcset=\"https:\/\/www.cope.es\/blogs\/palomitas-de-maiz\/wp-content\/uploads\/sites\/6\/2019\/11\/cartel-arima-interior-1.jpg 725w, https:\/\/www.cope.es\/blogs\/palomitas-de-maiz\/wp-content\/uploads\/sites\/6\/2019\/11\/cartel-arima-interior-1-260x300.jpg 260w\" sizes=\"auto, (max-width: 725px) 100vw, 725px\" \/><figcaption id=\"caption-attachment-4287\" class=\"wp-caption-text\"><strong>Cartel promocional del filme<\/strong> <em>Arima<\/em>, de la cineasta vasca <strong>Jaione Camborda<\/strong> | Jaione Camborda presenta en Sevilla \u2018Arima\u2019 su \u00f3pera prima<\/figcaption><\/figure>\n<p>La directora vuelve al certamen en el que present\u00f3 el a\u00f1o pasado su premiado\u00a0cortometraje\u00a0<em>Rapa das Bestas<\/em>\u00a0(2017).<\/p>\n<p><iframe loading=\"lazy\" width=\"675\" height=\"380\" src=\"https:\/\/www.youtube.com\/embed\/kiFwbzzQ4U4?feature=oembed\" frameborder=\"0\" allow=\"accelerometer; autoplay; encrypted-media; gyroscope; picture-in-picture\" allowfullscreen><\/iframe><\/p>\n<p>Despu\u00e9s, el\u00a0filme -cuya premi\u00e8re\u00a0internacional ha tenido lugar en el Festival de S\u00e3o Paulo- <strong>participar\u00e1 en la Secci\u00f3n Scanners<\/strong> de la novena edici\u00f3n del\u00a0Festival M\u00e1rgenes <strong>e inaugurar\u00e1 la cuarta\u00a0edici\u00f3n del certamen Novos Cinemas<\/strong>.<\/p>\n<figure id=\"attachment_4277\" aria-describedby=\"caption-attachment-4277\" style=\"width: 725px\" class=\"wp-caption aligncenter\"><img loading=\"lazy\" decoding=\"async\" width=\"725\" height=\"1025\" class=\"wp-image-4277 size-full\" src=\"http:\/\/www.cope.es\/blogs\/palomitas-de-maiz\/wp-content\/uploads\/sites\/6\/2019\/11\/rapa-das-bestas.jpg\" alt=\"Cartel del laureado trabajo de Camborda, Rapa das bestas | Jaione Camborda presenta en Sevilla \u2018Arima\u2019 su \u00f3pera prima\" srcset=\"https:\/\/www.cope.es\/blogs\/palomitas-de-maiz\/wp-content\/uploads\/sites\/6\/2019\/11\/rapa-das-bestas.jpg 725w, https:\/\/www.cope.es\/blogs\/palomitas-de-maiz\/wp-content\/uploads\/sites\/6\/2019\/11\/rapa-das-bestas-212x300.jpg 212w, https:\/\/www.cope.es\/blogs\/palomitas-de-maiz\/wp-content\/uploads\/sites\/6\/2019\/11\/rapa-das-bestas-724x1024.jpg 724w\" sizes=\"auto, (max-width: 725px) 100vw, 725px\" \/><figcaption id=\"caption-attachment-4277\" class=\"wp-caption-text\"><strong>Cartel del laureado trabajo de Camborda<\/strong>, <em>Rapa das bestas<\/em> | Jaione Camborda presenta en Sevilla \u2018Arima\u2019 su \u00f3pera prima<\/figcaption><\/figure>\n<p><strong>Elena Duque\u00a0<\/strong>y\u00a0<strong>Javier H. Estrada<\/strong>,\u00a0programadores de \u2018Las Nuevas Olas\u2019, la\u00a0definen\u00a0como\u00a0un\u00a0heterodoxo\u00a0<em>thriller<\/em>\u00a0donde se cruzan las atm\u00f3sferas de\u00a0<strong>David Lynch<\/strong>\u00a0y\u00a0<strong>John Cassavettes<\/strong>.\u00a0La\u00a0pel\u00edcula de Jaione Camborda viene a engrosar el f\u00e9rtil\u00a0panorama del cine gallego, que triunfa en festivales internacionales.<\/p>\n<figure id=\"attachment_4278\" aria-describedby=\"caption-attachment-4278\" style=\"width: 725px\" class=\"wp-caption aligncenter\"><img loading=\"lazy\" decoding=\"async\" width=\"725\" height=\"407\" class=\"wp-image-4278 size-full\" src=\"http:\/\/www.cope.es\/blogs\/palomitas-de-maiz\/wp-content\/uploads\/sites\/6\/2019\/11\/jaione-camborda.jpg\" alt=\"Jaione Camborda | Jaione Camborda presenta en Sevilla \u2018Arima\u2019 su \u00f3pera prima\" srcset=\"https:\/\/www.cope.es\/blogs\/palomitas-de-maiz\/wp-content\/uploads\/sites\/6\/2019\/11\/jaione-camborda.jpg 725w, https:\/\/www.cope.es\/blogs\/palomitas-de-maiz\/wp-content\/uploads\/sites\/6\/2019\/11\/jaione-camborda-300x168.jpg 300w\" sizes=\"auto, (max-width: 725px) 100vw, 725px\" \/><figcaption id=\"caption-attachment-4278\" class=\"wp-caption-text\"><strong>Jaione Camborda<\/strong> | Jaione Camborda presenta en Sevilla \u2018Arima\u2019 su \u00f3pera prima<\/figcaption><\/figure>\n<h2>Jaione Camborda presenta en Sevilla \u2018Arima\u2019 su \u00f3pera prima y ya prepara su lanzamiento internacional, tras su paso por\u00a0S\u00e3o Paulo<\/h2>\n<p>Las actrices\u00a0<strong>Melania\u00a0Cruz<\/strong>\u00a0(<em>A esmorga, Sicixia,\u00a0Dhogs<\/em>)\u00a0y\u00a0la ni\u00f1a debutante\u00a0<strong>Nagore Arias<\/strong>\u00a0lideran un sugerente reparto compuesto por los int\u00e9rpretes\u00a0<strong><a href=\"http:\/\/rosapugadavila.com\/\">Rosa Puga Davila<\/a><\/strong>\u00a0(<em>Sesi\u00f3n, Fari\u00f1a<\/em>),\u00a0<strong>Tito\u00a0Asorey<\/strong>\u00a0(<em>A Esmorga, Fari\u00f1a<\/em>),\u00a0<strong>Iria Parada<\/strong>\u00a0(<em>Buenos\u00a0prop\u00f3sitos, Juana de Vega<\/em>)\u00a0y\u00a0<strong>Mabel Rivera<\/strong>\u00a0(<em>Inevitable,\u00a0Lobos de Arga,\u00a0Mar adentro<\/em>).<\/p>\n<figure id=\"attachment_4289\" aria-describedby=\"caption-attachment-4289\" style=\"width: 725px\" class=\"wp-caption aligncenter\"><img loading=\"lazy\" decoding=\"async\" width=\"725\" height=\"388\" class=\"wp-image-4289 size-full\" src=\"http:\/\/www.cope.es\/blogs\/palomitas-de-maiz\/wp-content\/uploads\/sites\/6\/2019\/11\/fotograma-arima-1.jpg\" alt=\"Un momento de la historia de Arima | Jaione Camborda presenta en Sevilla \u2018Arima\u2019 su \u00f3pera prima\" srcset=\"https:\/\/www.cope.es\/blogs\/palomitas-de-maiz\/wp-content\/uploads\/sites\/6\/2019\/11\/fotograma-arima-1.jpg 725w, https:\/\/www.cope.es\/blogs\/palomitas-de-maiz\/wp-content\/uploads\/sites\/6\/2019\/11\/fotograma-arima-1-300x161.jpg 300w\" sizes=\"auto, (max-width: 725px) 100vw, 725px\" \/><figcaption id=\"caption-attachment-4289\" class=\"wp-caption-text\"><strong>Un momento de la historia de<\/strong> <em>Arima<\/em> | Jaione Camborda presenta en Sevilla \u2018Arima\u2019 su \u00f3pera prima<\/figcaption><\/figure>\n<p>En su equipo t\u00e9cnico destaca el responsable del montaje,\u00a0<strong>Marcos Fl\u00f3rez<\/strong>,\u00a0que ha editado t\u00edtulos como\u00a0<em>El \u00faltimo verano<\/em>\u00a0y el director de fotograf\u00eda,\u00a0<strong>Alberte Branco<\/strong>, responsable de filmes como\u00a0<em>A estaci\u00f3n violenta,\u00a0Los fen\u00f3menos<\/em>\u00a0o\u00a0<em>Las altas presiones<\/em>.<\/p>\n<figure id=\"attachment_4279\" aria-describedby=\"caption-attachment-4279\" style=\"width: 725px\" class=\"wp-caption aligncenter\"><img loading=\"lazy\" decoding=\"async\" width=\"725\" height=\"390\" class=\"wp-image-4279 size-full\" src=\"http:\/\/www.cope.es\/blogs\/palomitas-de-maiz\/wp-content\/uploads\/sites\/6\/2019\/11\/arima-2.jpg\" alt=\"Rosa Puga Davila en un momento de la historia | Jaione Camborda presenta en Sevilla \u2018Arima\u2019 su \u00f3pera prima\" srcset=\"https:\/\/www.cope.es\/blogs\/palomitas-de-maiz\/wp-content\/uploads\/sites\/6\/2019\/11\/arima-2.jpg 725w, https:\/\/www.cope.es\/blogs\/palomitas-de-maiz\/wp-content\/uploads\/sites\/6\/2019\/11\/arima-2-300x161.jpg 300w\" sizes=\"auto, (max-width: 725px) 100vw, 725px\" \/><figcaption id=\"caption-attachment-4279\" class=\"wp-caption-text\"><strong>Rosa Puga Davila<\/strong> en un momento de la historia | Jaione Camborda presenta en Sevilla \u2018Arima\u2019 su \u00f3pera prima<\/figcaption><\/figure>\n<p>Seg\u00fan <a href=\"https:\/\/jaionecamborda.com\/\">Jaione Camborda<\/a>,\u00a0<em>Arima\u00a0<\/em>es un estado de vigilia en el que los recuerdos, los deseos y los fantasmas parecen tener el mismo rostro.\u00a0Rodada\u00a0en\u00a0formato 16 mm como apuesta personal de la directora,\u00a0<em>Arima<\/em>\u00a0es una producci\u00f3n de <strong>Esnatu Zinema<\/strong>, que ha contado con la participaci\u00f3n de <strong>Televisi\u00f3n de Galicia,\u00a0Agadic<\/strong> y\u00a0<strong>Diputaci\u00f3n de Lugo<\/strong>.\u00a0Por su parte, <strong>The Open Reel <\/strong>gestiona las ventas internacionales de la pel\u00edcula. \u00a1Yo estoy encantado!<\/p>\n<p><iframe loading=\"lazy\" width=\"675\" height=\"380\" src=\"https:\/\/www.youtube.com\/embed\/z4NQRsK7yoQ?feature=oembed\" frameborder=\"0\" allow=\"accelerometer; autoplay; encrypted-media; gyroscope; picture-in-picture\" allowfullscreen><\/iframe><\/p>\n","protected":false},"excerpt":{"rendered":"<p>\u00a1Mis queridos palomiteros! Jaione Camborda presenta en Sevilla \u2018Arima\u2019 su \u00f3pera prima. El trabajo de la cineasta vasca\u00a0afincada en Galicia, Jaione Camborda,\u00a0Arima,\u00a0compite en la\u00a0Secci\u00f3n \u2018Las Nuevas Olas\u2019 de la 16 edici\u00f3n del Festival de Cine Europeo de Sevilla. Adem\u00e1s es la \u00fanica pel\u00edcula espa\u00f1ola que compite en esta secci\u00f3n. La directora vuelve al certamen en [&hellip;]<\/p>\n","protected":false},"author":6,"featured_media":4286,"comment_status":"open","ping_status":"open","sticky":false,"template":"","format":"standard","meta":{"footnotes":""},"categories":[336,49,611,570],"tags":[4043,4040,4024,4033,4044,4031,4041,1366,4046,4028,4038,4025,4032,4034,4026,2121,4039,4035,4036,4029,4027,3628,3824,4030,918,4042,4045,4037],"class_list":["post-4271","post","type-post","status-publish","format-standard","has-post-thumbnail","hentry","category-actualidad","category-cine","category-estreno","category-opera-prima","tag-agadic","tag-alberte-branco","tag-arima","tag-david-lynch","tag-diputacion-de-lugo","tag-elena-duque","tag-esnatu-zinema","tag-festival","tag-festival-de-cine-europeo","tag-festival-margenes","tag-iria-parada","tag-jaione-camborda","tag-javier-h-estrada","tag-john-cassavettes","tag-las-nuevas-olas","tag-mabel-rivera","tag-marcos-florez","tag-melania-cruz","tag-nagore-arias","tag-novos-cinemas","tag-rapa-das-bestas","tag-rosa-puga-davila","tag-sao-paulo","tag-seccion-scanners","tag-sevilla","tag-television-de-galicia","tag-the-open-reel","tag-tito-asorey"],"yoast_head":"<!-- This site is optimized with the Yoast SEO plugin v27.4 - https:\/\/yoast.com\/product\/yoast-seo-wordpress\/ -->\n<title>Jaione Camborda presenta en Sevilla \u2018Arima\u2019 su \u00f3pera prima<\/title>\n<meta name=\"description\" content=\"Jaione Camborda presenta en Sevilla \u2018Arima\u2019 su \u00f3pera prima. Es la \u00fanica pel\u00edcula espa\u00f1ola de la cineasta vasca que compite en la secci\u00f3n &#039;Las nuevas olas&#039;\" \/>\n<meta name=\"robots\" content=\"index, follow, max-snippet:-1, max-image-preview:large, max-video-preview:-1\" \/>\n<link rel=\"canonical\" href=\"https:\/\/www.cope.es\/blogs\/palomitas-de-maiz\/2019\/11\/11\/jaione-camborda-presenta-en-sevilla-arima-su-opera-prima-cine-rosa-puga\/\" \/>\n<meta property=\"og:locale\" content=\"es_ES\" \/>\n<meta property=\"og:type\" content=\"article\" \/>\n<meta property=\"og:title\" content=\"Jaione Camborda presenta en Sevilla \u2018Arima\u2019 su \u00f3pera prima\" \/>\n<meta property=\"og:description\" content=\"Jaione Camborda presenta en Sevilla \u2018Arima\u2019 su \u00f3pera prima. Es la \u00fanica pel\u00edcula espa\u00f1ola de la cineasta vasca que compite en la secci\u00f3n &#039;Las nuevas olas&#039;\" \/>\n<meta property=\"og:url\" content=\"https:\/\/www.cope.es\/blogs\/palomitas-de-maiz\/2019\/11\/11\/jaione-camborda-presenta-en-sevilla-arima-su-opera-prima-cine-rosa-puga\/\" \/>\n<meta property=\"og:site_name\" content=\"Palomitas de Ma\u00edz\" \/>\n<meta property=\"article:publisher\" content=\"https:\/\/www.facebook.com\/cope\/\" \/>\n<meta property=\"article:author\" content=\"https:\/\/www.facebook.com\/palomitero\/\" \/>\n<meta property=\"article:published_time\" content=\"2019-11-11T16:21:08+00:00\" \/>\n<meta property=\"article:modified_time\" content=\"2019-11-12T01:06:21+00:00\" \/>\n<meta property=\"og:image\" content=\"https:\/\/www.cope.es\/blogs\/palomitas-de-maiz\/wp-content\/uploads\/sites\/6\/2019\/11\/cartel-definitivo-arima.jpg\" \/>\n\t<meta property=\"og:image:width\" content=\"725\" \/>\n\t<meta property=\"og:image:height\" content=\"389\" \/>\n\t<meta property=\"og:image:type\" content=\"image\/jpeg\" \/>\n<meta name=\"author\" content=\"Jos\u00e9 Luis Panero\" \/>\n<meta name=\"twitter:card\" content=\"summary_large_image\" \/>\n<meta name=\"twitter:creator\" content=\"@PALOMITERO\" \/>\n<meta name=\"twitter:site\" content=\"@cope_es\" \/>\n<meta name=\"twitter:label1\" content=\"Escrito por\" \/>\n\t<meta name=\"twitter:data1\" content=\"Jos\u00e9 Luis Panero\" \/>\n\t<meta name=\"twitter:label2\" content=\"Tiempo de lectura\" \/>\n\t<meta name=\"twitter:data2\" content=\"3 minutos\" \/>\n<script type=\"application\/ld+json\" class=\"yoast-schema-graph\">{\"@context\":\"https:\\\/\\\/schema.org\",\"@graph\":[{\"@type\":\"Article\",\"@id\":\"https:\\\/\\\/www.cope.es\\\/blogs\\\/palomitas-de-maiz\\\/2019\\\/11\\\/11\\\/jaione-camborda-presenta-en-sevilla-arima-su-opera-prima-cine-rosa-puga\\\/#article\",\"isPartOf\":{\"@id\":\"https:\\\/\\\/www.cope.es\\\/blogs\\\/palomitas-de-maiz\\\/2019\\\/11\\\/11\\\/jaione-camborda-presenta-en-sevilla-arima-su-opera-prima-cine-rosa-puga\\\/\"},\"author\":{\"name\":\"Jos\u00e9 Luis Panero\",\"@id\":\"https:\\\/\\\/www.cope.es\\\/blogs\\\/palomitas-de-maiz\\\/#\\\/schema\\\/person\\\/9fb256f63733c964d19b06de1ca3c9ef\"},\"headline\":\"\u2018Arima\u2019, \u00f3pera prima de la cineasta vasca Jaione Camborda, celebra su estreno en la 16 edici\u00f3n del Festival de Cine Europeo de Sevilla\",\"datePublished\":\"2019-11-11T16:21:08+00:00\",\"dateModified\":\"2019-11-12T01:06:21+00:00\",\"mainEntityOfPage\":{\"@id\":\"https:\\\/\\\/www.cope.es\\\/blogs\\\/palomitas-de-maiz\\\/2019\\\/11\\\/11\\\/jaione-camborda-presenta-en-sevilla-arima-su-opera-prima-cine-rosa-puga\\\/\"},\"wordCount\":527,\"commentCount\":0,\"image\":{\"@id\":\"https:\\\/\\\/www.cope.es\\\/blogs\\\/palomitas-de-maiz\\\/2019\\\/11\\\/11\\\/jaione-camborda-presenta-en-sevilla-arima-su-opera-prima-cine-rosa-puga\\\/#primaryimage\"},\"thumbnailUrl\":\"https:\\\/\\\/www.cope.es\\\/blogs\\\/palomitas-de-maiz\\\/wp-content\\\/uploads\\\/sites\\\/6\\\/2019\\\/11\\\/cartel-definitivo-arima.jpg\",\"keywords\":[\"Agadic\",\"Alberte Branco\",\"arima\",\"David Lynch\",\"Diputaci\u00f3n de Lugo\",\"Elena Duque\",\"Esnatu Zinema\",\"festival\",\"festival de cine europeo\",\"festival m\u00e1rgenes\",\"Iria Parada\",\"jaione camborda\",\"Javier H. Estrada\",\"John Cassavettes\",\"las nuevas olas\",\"mabel rivera\",\"Marcos Fl\u00f3rez\",\"Melania\u00a0Cruz\",\"Nagore Arias\",\"novos cinemas\",\"rapa das bestas\",\"rosa puga davila\",\"sao paulo\",\"Secci\u00f3n Scanners\",\"Sevilla\",\"Televisi\u00f3n de Galicia\",\"The Open Reel\",\"Tito\u00a0Asorey\"],\"articleSection\":[\"actualidad\",\"Cine\",\"estreno\",\"Opera prima\"],\"inLanguage\":\"es\",\"potentialAction\":[{\"@type\":\"CommentAction\",\"name\":\"Comment\",\"target\":[\"https:\\\/\\\/www.cope.es\\\/blogs\\\/palomitas-de-maiz\\\/2019\\\/11\\\/11\\\/jaione-camborda-presenta-en-sevilla-arima-su-opera-prima-cine-rosa-puga\\\/#respond\"]}]},{\"@type\":\"WebPage\",\"@id\":\"https:\\\/\\\/www.cope.es\\\/blogs\\\/palomitas-de-maiz\\\/2019\\\/11\\\/11\\\/jaione-camborda-presenta-en-sevilla-arima-su-opera-prima-cine-rosa-puga\\\/\",\"url\":\"https:\\\/\\\/www.cope.es\\\/blogs\\\/palomitas-de-maiz\\\/2019\\\/11\\\/11\\\/jaione-camborda-presenta-en-sevilla-arima-su-opera-prima-cine-rosa-puga\\\/\",\"name\":\"Jaione Camborda presenta en Sevilla \u2018Arima\u2019 su \u00f3pera prima\",\"isPartOf\":{\"@id\":\"https:\\\/\\\/www.cope.es\\\/blogs\\\/palomitas-de-maiz\\\/#website\"},\"primaryImageOfPage\":{\"@id\":\"https:\\\/\\\/www.cope.es\\\/blogs\\\/palomitas-de-maiz\\\/2019\\\/11\\\/11\\\/jaione-camborda-presenta-en-sevilla-arima-su-opera-prima-cine-rosa-puga\\\/#primaryimage\"},\"image\":{\"@id\":\"https:\\\/\\\/www.cope.es\\\/blogs\\\/palomitas-de-maiz\\\/2019\\\/11\\\/11\\\/jaione-camborda-presenta-en-sevilla-arima-su-opera-prima-cine-rosa-puga\\\/#primaryimage\"},\"thumbnailUrl\":\"https:\\\/\\\/www.cope.es\\\/blogs\\\/palomitas-de-maiz\\\/wp-content\\\/uploads\\\/sites\\\/6\\\/2019\\\/11\\\/cartel-definitivo-arima.jpg\",\"datePublished\":\"2019-11-11T16:21:08+00:00\",\"dateModified\":\"2019-11-12T01:06:21+00:00\",\"author\":{\"@id\":\"https:\\\/\\\/www.cope.es\\\/blogs\\\/palomitas-de-maiz\\\/#\\\/schema\\\/person\\\/9fb256f63733c964d19b06de1ca3c9ef\"},\"description\":\"Jaione Camborda presenta en Sevilla \u2018Arima\u2019 su \u00f3pera prima. Es la \u00fanica pel\u00edcula espa\u00f1ola de la cineasta vasca que compite en la secci\u00f3n 'Las nuevas olas'\",\"breadcrumb\":{\"@id\":\"https:\\\/\\\/www.cope.es\\\/blogs\\\/palomitas-de-maiz\\\/2019\\\/11\\\/11\\\/jaione-camborda-presenta-en-sevilla-arima-su-opera-prima-cine-rosa-puga\\\/#breadcrumb\"},\"inLanguage\":\"es\",\"potentialAction\":[{\"@type\":\"ReadAction\",\"target\":[\"https:\\\/\\\/www.cope.es\\\/blogs\\\/palomitas-de-maiz\\\/2019\\\/11\\\/11\\\/jaione-camborda-presenta-en-sevilla-arima-su-opera-prima-cine-rosa-puga\\\/\"]}]},{\"@type\":\"ImageObject\",\"inLanguage\":\"es\",\"@id\":\"https:\\\/\\\/www.cope.es\\\/blogs\\\/palomitas-de-maiz\\\/2019\\\/11\\\/11\\\/jaione-camborda-presenta-en-sevilla-arima-su-opera-prima-cine-rosa-puga\\\/#primaryimage\",\"url\":\"https:\\\/\\\/www.cope.es\\\/blogs\\\/palomitas-de-maiz\\\/wp-content\\\/uploads\\\/sites\\\/6\\\/2019\\\/11\\\/cartel-definitivo-arima.jpg\",\"contentUrl\":\"https:\\\/\\\/www.cope.es\\\/blogs\\\/palomitas-de-maiz\\\/wp-content\\\/uploads\\\/sites\\\/6\\\/2019\\\/11\\\/cartel-definitivo-arima.jpg\",\"width\":725,\"height\":389,\"caption\":\"https:\\\/\\\/www.cope.es\\\/blogs\\\/palomitas-de-maiz\\\/2019\\\/11\\\/11\\\/jaione-camborda-presenta-en-sevilla-arima-su-opera-prima-cine-rosa-puga\\\/\"},{\"@type\":\"BreadcrumbList\",\"@id\":\"https:\\\/\\\/www.cope.es\\\/blogs\\\/palomitas-de-maiz\\\/2019\\\/11\\\/11\\\/jaione-camborda-presenta-en-sevilla-arima-su-opera-prima-cine-rosa-puga\\\/#breadcrumb\",\"itemListElement\":[{\"@type\":\"ListItem\",\"position\":1,\"name\":\"Portada\",\"item\":\"https:\\\/\\\/www.cope.es\\\/blogs\\\/palomitas-de-maiz\\\/\"},{\"@type\":\"ListItem\",\"position\":2,\"name\":\"\u2018Arima\u2019, \u00f3pera prima de la cineasta vasca Jaione Camborda, celebra su estreno en la 16 edici\u00f3n del Festival de Cine Europeo de Sevilla\"}]},{\"@type\":\"WebSite\",\"@id\":\"https:\\\/\\\/www.cope.es\\\/blogs\\\/palomitas-de-maiz\\\/#website\",\"url\":\"https:\\\/\\\/www.cope.es\\\/blogs\\\/palomitas-de-maiz\\\/\",\"name\":\"Palomitas de Ma\u00edz\",\"description\":\"Blog decano de cine de COPE\",\"potentialAction\":[{\"@type\":\"SearchAction\",\"target\":{\"@type\":\"EntryPoint\",\"urlTemplate\":\"https:\\\/\\\/www.cope.es\\\/blogs\\\/palomitas-de-maiz\\\/?s={search_term_string}\"},\"query-input\":{\"@type\":\"PropertyValueSpecification\",\"valueRequired\":true,\"valueName\":\"search_term_string\"}}],\"inLanguage\":\"es\"},{\"@type\":\"Person\",\"@id\":\"https:\\\/\\\/www.cope.es\\\/blogs\\\/palomitas-de-maiz\\\/#\\\/schema\\\/person\\\/9fb256f63733c964d19b06de1ca3c9ef\",\"name\":\"Jos\u00e9 Luis Panero\",\"image\":{\"@type\":\"ImageObject\",\"inLanguage\":\"es\",\"@id\":\"https:\\\/\\\/secure.gravatar.com\\\/avatar\\\/2ef93951eab3cee25932a7219e566376cbf6ddedde3aa3098e7a971991a3ef12?s=96&d=mm&r=g\",\"url\":\"https:\\\/\\\/secure.gravatar.com\\\/avatar\\\/2ef93951eab3cee25932a7219e566376cbf6ddedde3aa3098e7a971991a3ef12?s=96&d=mm&r=g\",\"contentUrl\":\"https:\\\/\\\/secure.gravatar.com\\\/avatar\\\/2ef93951eab3cee25932a7219e566376cbf6ddedde3aa3098e7a971991a3ef12?s=96&d=mm&r=g\",\"caption\":\"Jos\u00e9 Luis Panero\"},\"description\":\"Licenciado en Periodismo y en Comunicaci\u00f3n Audiovisual. Tras m\u00e1s de cuatro a\u00f1os en el diario 'La Gaceta de Los Negocios' y el programa f\u00edlmico 'Pantalla Grande', es cr\u00edtico de cine en 'Ciudad Nueva', 'Pantalla 90', 'COPE' o 'Aleteia' y cr\u00edtico de teatro en 'Hoy en la city'. Ha sido coguionista y ayudante de direcci\u00f3n de cine, ponente en los coloquios de cine del foro FNAC y profesor universitario en diferentes cursos de Periodismo Social. Desde 2003 es miembro del C\u00edrculo de Escritores Cinematogr\u00e1ficos (CEC). En 2008 fund\u00f3 en 'COPE' su blog de cine 'Palomitas de Ma\u00edz'. En 2017 fue nombrado Jurado Oficial del Festival Internacional de Cine de Fuengirola (M\u00e1laga) y ese a\u00f1o la instituci\u00f3n educativa Trinity College-Liceo Serrano le distingui\u00f3 con el nombramiento de 'Profesor de Honor' del centro y miembro ilustre del claustro de profesores. En 2019 fue nombrado Jurado Oficial del Festival Internacional de Cine de Vera (Almer\u00eda). En 2020 fue nombrado Jurado Oficial del Festival Internacional de Cine de Terror de La Mar Bella (Marbella). Como int\u00e9rprete ha sido galardonado con el Premio al Actor Principal del I Festival Nacional UNIR de teatro. Desde 2020 es acad\u00e9mico de las Artes Esc\u00e9nicas de Espa\u00f1a. En 2023 fue nombrado Jurado Oficial de los 'Premios Tal\u00eda' en su I Edici\u00f3n. Y miembro de ASHUMES (Asociaci\u00f3n del Humorismo Espa\u00f1ol) a partir de 2022. En 2023 fue nombrado Jurado Oficial de la II Edici\u00f3n de los 'Premios Godot'.\",\"sameAs\":[\"http:\\\/\\\/www.cope.es\",\"https:\\\/\\\/www.facebook.com\\\/palomitero\\\/\",\"https:\\\/\\\/www.instagram.com\\\/joseluispanero\\\/\",\"https:\\\/\\\/www.linkedin.com\\\/in\\\/jos-luis-panero-gonzlez-barosa-7722a716\\\/\",\"https:\\\/\\\/x.com\\\/PALOMITERO\",\"https:\\\/\\\/www.youtube.com\\\/channel\\\/UCQYaNGiETUXUPXjYu9p3lNw\\\/videos?\",\"https:\\\/\\\/es.wikipedia.org\\\/wiki\\\/Jos_Luis_Panero_Gonzlez-Barosa\"],\"url\":\"https:\\\/\\\/www.cope.es\\\/blogs\\\/palomitas-de-maiz\\\/author\\\/jlpanero\\\/\"}]}<\/script>\n<!-- \/ Yoast SEO plugin. -->","yoast_head_json":{"title":"Jaione Camborda presenta en Sevilla \u2018Arima\u2019 su \u00f3pera prima","description":"Jaione Camborda presenta en Sevilla \u2018Arima\u2019 su \u00f3pera prima. Es la \u00fanica pel\u00edcula espa\u00f1ola de la cineasta vasca que compite en la secci\u00f3n 'Las nuevas olas'","robots":{"index":"index","follow":"follow","max-snippet":"max-snippet:-1","max-image-preview":"max-image-preview:large","max-video-preview":"max-video-preview:-1"},"canonical":"https:\/\/www.cope.es\/blogs\/palomitas-de-maiz\/2019\/11\/11\/jaione-camborda-presenta-en-sevilla-arima-su-opera-prima-cine-rosa-puga\/","og_locale":"es_ES","og_type":"article","og_title":"Jaione Camborda presenta en Sevilla \u2018Arima\u2019 su \u00f3pera prima","og_description":"Jaione Camborda presenta en Sevilla \u2018Arima\u2019 su \u00f3pera prima. Es la \u00fanica pel\u00edcula espa\u00f1ola de la cineasta vasca que compite en la secci\u00f3n 'Las nuevas olas'","og_url":"https:\/\/www.cope.es\/blogs\/palomitas-de-maiz\/2019\/11\/11\/jaione-camborda-presenta-en-sevilla-arima-su-opera-prima-cine-rosa-puga\/","og_site_name":"Palomitas de Ma\u00edz","article_publisher":"https:\/\/www.facebook.com\/cope\/","article_author":"https:\/\/www.facebook.com\/palomitero\/","article_published_time":"2019-11-11T16:21:08+00:00","article_modified_time":"2019-11-12T01:06:21+00:00","og_image":[{"width":725,"height":389,"url":"https:\/\/www.cope.es\/blogs\/palomitas-de-maiz\/wp-content\/uploads\/sites\/6\/2019\/11\/cartel-definitivo-arima.jpg","type":"image\/jpeg"}],"author":"Jos\u00e9 Luis Panero","twitter_card":"summary_large_image","twitter_creator":"@PALOMITERO","twitter_site":"@cope_es","twitter_misc":{"Escrito por":"Jos\u00e9 Luis Panero","Tiempo de lectura":"3 minutos"},"schema":{"@context":"https:\/\/schema.org","@graph":[{"@type":"Article","@id":"https:\/\/www.cope.es\/blogs\/palomitas-de-maiz\/2019\/11\/11\/jaione-camborda-presenta-en-sevilla-arima-su-opera-prima-cine-rosa-puga\/#article","isPartOf":{"@id":"https:\/\/www.cope.es\/blogs\/palomitas-de-maiz\/2019\/11\/11\/jaione-camborda-presenta-en-sevilla-arima-su-opera-prima-cine-rosa-puga\/"},"author":{"name":"Jos\u00e9 Luis Panero","@id":"https:\/\/www.cope.es\/blogs\/palomitas-de-maiz\/#\/schema\/person\/9fb256f63733c964d19b06de1ca3c9ef"},"headline":"\u2018Arima\u2019, \u00f3pera prima de la cineasta vasca Jaione Camborda, celebra su estreno en la 16 edici\u00f3n del Festival de Cine Europeo de Sevilla","datePublished":"2019-11-11T16:21:08+00:00","dateModified":"2019-11-12T01:06:21+00:00","mainEntityOfPage":{"@id":"https:\/\/www.cope.es\/blogs\/palomitas-de-maiz\/2019\/11\/11\/jaione-camborda-presenta-en-sevilla-arima-su-opera-prima-cine-rosa-puga\/"},"wordCount":527,"commentCount":0,"image":{"@id":"https:\/\/www.cope.es\/blogs\/palomitas-de-maiz\/2019\/11\/11\/jaione-camborda-presenta-en-sevilla-arima-su-opera-prima-cine-rosa-puga\/#primaryimage"},"thumbnailUrl":"https:\/\/www.cope.es\/blogs\/palomitas-de-maiz\/wp-content\/uploads\/sites\/6\/2019\/11\/cartel-definitivo-arima.jpg","keywords":["Agadic","Alberte Branco","arima","David Lynch","Diputaci\u00f3n de Lugo","Elena Duque","Esnatu Zinema","festival","festival de cine europeo","festival m\u00e1rgenes","Iria Parada","jaione camborda","Javier H. Estrada","John Cassavettes","las nuevas olas","mabel rivera","Marcos Fl\u00f3rez","Melania\u00a0Cruz","Nagore Arias","novos cinemas","rapa das bestas","rosa puga davila","sao paulo","Secci\u00f3n Scanners","Sevilla","Televisi\u00f3n de Galicia","The Open Reel","Tito\u00a0Asorey"],"articleSection":["actualidad","Cine","estreno","Opera prima"],"inLanguage":"es","potentialAction":[{"@type":"CommentAction","name":"Comment","target":["https:\/\/www.cope.es\/blogs\/palomitas-de-maiz\/2019\/11\/11\/jaione-camborda-presenta-en-sevilla-arima-su-opera-prima-cine-rosa-puga\/#respond"]}]},{"@type":"WebPage","@id":"https:\/\/www.cope.es\/blogs\/palomitas-de-maiz\/2019\/11\/11\/jaione-camborda-presenta-en-sevilla-arima-su-opera-prima-cine-rosa-puga\/","url":"https:\/\/www.cope.es\/blogs\/palomitas-de-maiz\/2019\/11\/11\/jaione-camborda-presenta-en-sevilla-arima-su-opera-prima-cine-rosa-puga\/","name":"Jaione Camborda presenta en Sevilla \u2018Arima\u2019 su \u00f3pera prima","isPartOf":{"@id":"https:\/\/www.cope.es\/blogs\/palomitas-de-maiz\/#website"},"primaryImageOfPage":{"@id":"https:\/\/www.cope.es\/blogs\/palomitas-de-maiz\/2019\/11\/11\/jaione-camborda-presenta-en-sevilla-arima-su-opera-prima-cine-rosa-puga\/#primaryimage"},"image":{"@id":"https:\/\/www.cope.es\/blogs\/palomitas-de-maiz\/2019\/11\/11\/jaione-camborda-presenta-en-sevilla-arima-su-opera-prima-cine-rosa-puga\/#primaryimage"},"thumbnailUrl":"https:\/\/www.cope.es\/blogs\/palomitas-de-maiz\/wp-content\/uploads\/sites\/6\/2019\/11\/cartel-definitivo-arima.jpg","datePublished":"2019-11-11T16:21:08+00:00","dateModified":"2019-11-12T01:06:21+00:00","author":{"@id":"https:\/\/www.cope.es\/blogs\/palomitas-de-maiz\/#\/schema\/person\/9fb256f63733c964d19b06de1ca3c9ef"},"description":"Jaione Camborda presenta en Sevilla \u2018Arima\u2019 su \u00f3pera prima. Es la \u00fanica pel\u00edcula espa\u00f1ola de la cineasta vasca que compite en la secci\u00f3n 'Las nuevas olas'","breadcrumb":{"@id":"https:\/\/www.cope.es\/blogs\/palomitas-de-maiz\/2019\/11\/11\/jaione-camborda-presenta-en-sevilla-arima-su-opera-prima-cine-rosa-puga\/#breadcrumb"},"inLanguage":"es","potentialAction":[{"@type":"ReadAction","target":["https:\/\/www.cope.es\/blogs\/palomitas-de-maiz\/2019\/11\/11\/jaione-camborda-presenta-en-sevilla-arima-su-opera-prima-cine-rosa-puga\/"]}]},{"@type":"ImageObject","inLanguage":"es","@id":"https:\/\/www.cope.es\/blogs\/palomitas-de-maiz\/2019\/11\/11\/jaione-camborda-presenta-en-sevilla-arima-su-opera-prima-cine-rosa-puga\/#primaryimage","url":"https:\/\/www.cope.es\/blogs\/palomitas-de-maiz\/wp-content\/uploads\/sites\/6\/2019\/11\/cartel-definitivo-arima.jpg","contentUrl":"https:\/\/www.cope.es\/blogs\/palomitas-de-maiz\/wp-content\/uploads\/sites\/6\/2019\/11\/cartel-definitivo-arima.jpg","width":725,"height":389,"caption":"https:\/\/www.cope.es\/blogs\/palomitas-de-maiz\/2019\/11\/11\/jaione-camborda-presenta-en-sevilla-arima-su-opera-prima-cine-rosa-puga\/"},{"@type":"BreadcrumbList","@id":"https:\/\/www.cope.es\/blogs\/palomitas-de-maiz\/2019\/11\/11\/jaione-camborda-presenta-en-sevilla-arima-su-opera-prima-cine-rosa-puga\/#breadcrumb","itemListElement":[{"@type":"ListItem","position":1,"name":"Portada","item":"https:\/\/www.cope.es\/blogs\/palomitas-de-maiz\/"},{"@type":"ListItem","position":2,"name":"\u2018Arima\u2019, \u00f3pera prima de la cineasta vasca Jaione Camborda, celebra su estreno en la 16 edici\u00f3n del Festival de Cine Europeo de Sevilla"}]},{"@type":"WebSite","@id":"https:\/\/www.cope.es\/blogs\/palomitas-de-maiz\/#website","url":"https:\/\/www.cope.es\/blogs\/palomitas-de-maiz\/","name":"Palomitas de Ma\u00edz","description":"Blog decano de cine de COPE","potentialAction":[{"@type":"SearchAction","target":{"@type":"EntryPoint","urlTemplate":"https:\/\/www.cope.es\/blogs\/palomitas-de-maiz\/?s={search_term_string}"},"query-input":{"@type":"PropertyValueSpecification","valueRequired":true,"valueName":"search_term_string"}}],"inLanguage":"es"},{"@type":"Person","@id":"https:\/\/www.cope.es\/blogs\/palomitas-de-maiz\/#\/schema\/person\/9fb256f63733c964d19b06de1ca3c9ef","name":"Jos\u00e9 Luis Panero","image":{"@type":"ImageObject","inLanguage":"es","@id":"https:\/\/secure.gravatar.com\/avatar\/2ef93951eab3cee25932a7219e566376cbf6ddedde3aa3098e7a971991a3ef12?s=96&d=mm&r=g","url":"https:\/\/secure.gravatar.com\/avatar\/2ef93951eab3cee25932a7219e566376cbf6ddedde3aa3098e7a971991a3ef12?s=96&d=mm&r=g","contentUrl":"https:\/\/secure.gravatar.com\/avatar\/2ef93951eab3cee25932a7219e566376cbf6ddedde3aa3098e7a971991a3ef12?s=96&d=mm&r=g","caption":"Jos\u00e9 Luis Panero"},"description":"Licenciado en Periodismo y en Comunicaci\u00f3n Audiovisual. Tras m\u00e1s de cuatro a\u00f1os en el diario 'La Gaceta de Los Negocios' y el programa f\u00edlmico 'Pantalla Grande', es cr\u00edtico de cine en 'Ciudad Nueva', 'Pantalla 90', 'COPE' o 'Aleteia' y cr\u00edtico de teatro en 'Hoy en la city'. Ha sido coguionista y ayudante de direcci\u00f3n de cine, ponente en los coloquios de cine del foro FNAC y profesor universitario en diferentes cursos de Periodismo Social. Desde 2003 es miembro del C\u00edrculo de Escritores Cinematogr\u00e1ficos (CEC). En 2008 fund\u00f3 en 'COPE' su blog de cine 'Palomitas de Ma\u00edz'. En 2017 fue nombrado Jurado Oficial del Festival Internacional de Cine de Fuengirola (M\u00e1laga) y ese a\u00f1o la instituci\u00f3n educativa Trinity College-Liceo Serrano le distingui\u00f3 con el nombramiento de 'Profesor de Honor' del centro y miembro ilustre del claustro de profesores. En 2019 fue nombrado Jurado Oficial del Festival Internacional de Cine de Vera (Almer\u00eda). En 2020 fue nombrado Jurado Oficial del Festival Internacional de Cine de Terror de La Mar Bella (Marbella). Como int\u00e9rprete ha sido galardonado con el Premio al Actor Principal del I Festival Nacional UNIR de teatro. Desde 2020 es acad\u00e9mico de las Artes Esc\u00e9nicas de Espa\u00f1a. En 2023 fue nombrado Jurado Oficial de los 'Premios Tal\u00eda' en su I Edici\u00f3n. Y miembro de ASHUMES (Asociaci\u00f3n del Humorismo Espa\u00f1ol) a partir de 2022. En 2023 fue nombrado Jurado Oficial de la II Edici\u00f3n de los 'Premios Godot'.","sameAs":["http:\/\/www.cope.es","https:\/\/www.facebook.com\/palomitero\/","https:\/\/www.instagram.com\/joseluispanero\/","https:\/\/www.linkedin.com\/in\/jos-luis-panero-gonzlez-barosa-7722a716\/","https:\/\/x.com\/PALOMITERO","https:\/\/www.youtube.com\/channel\/UCQYaNGiETUXUPXjYu9p3lNw\/videos?","https:\/\/es.wikipedia.org\/wiki\/Jos_Luis_Panero_Gonzlez-Barosa"],"url":"https:\/\/www.cope.es\/blogs\/palomitas-de-maiz\/author\/jlpanero\/"}]}},"amp_enabled":true,"_links":{"self":[{"href":"https:\/\/www.cope.es\/blogs\/palomitas-de-maiz\/wp-json\/wp\/v2\/posts\/4271","targetHints":{"allow":["GET"]}}],"collection":[{"href":"https:\/\/www.cope.es\/blogs\/palomitas-de-maiz\/wp-json\/wp\/v2\/posts"}],"about":[{"href":"https:\/\/www.cope.es\/blogs\/palomitas-de-maiz\/wp-json\/wp\/v2\/types\/post"}],"author":[{"embeddable":true,"href":"https:\/\/www.cope.es\/blogs\/palomitas-de-maiz\/wp-json\/wp\/v2\/users\/6"}],"replies":[{"embeddable":true,"href":"https:\/\/www.cope.es\/blogs\/palomitas-de-maiz\/wp-json\/wp\/v2\/comments?post=4271"}],"version-history":[{"count":2,"href":"https:\/\/www.cope.es\/blogs\/palomitas-de-maiz\/wp-json\/wp\/v2\/posts\/4271\/revisions"}],"predecessor-version":[{"id":4292,"href":"https:\/\/www.cope.es\/blogs\/palomitas-de-maiz\/wp-json\/wp\/v2\/posts\/4271\/revisions\/4292"}],"wp:featuredmedia":[{"embeddable":true,"href":"https:\/\/www.cope.es\/blogs\/palomitas-de-maiz\/wp-json\/wp\/v2\/media\/4286"}],"wp:attachment":[{"href":"https:\/\/www.cope.es\/blogs\/palomitas-de-maiz\/wp-json\/wp\/v2\/media?parent=4271"}],"wp:term":[{"taxonomy":"category","embeddable":true,"href":"https:\/\/www.cope.es\/blogs\/palomitas-de-maiz\/wp-json\/wp\/v2\/categories?post=4271"},{"taxonomy":"post_tag","embeddable":true,"href":"https:\/\/www.cope.es\/blogs\/palomitas-de-maiz\/wp-json\/wp\/v2\/tags?post=4271"}],"curies":[{"name":"wp","href":"https:\/\/api.w.org\/{rel}","templated":true}]}}