{"id":4214,"date":"2019-11-04T12:30:28","date_gmt":"2019-11-04T11:30:28","guid":{"rendered":"http:\/\/www.cope.es\/blogs\/palomitas-de-maiz\/?p=4214"},"modified":"2019-11-04T12:33:27","modified_gmt":"2019-11-04T11:33:27","slug":"los-rodriguez-y-el-mas-alla-paco-arango-triunfa-con-la-comedia-familiar-critica-cine","status":"publish","type":"post","link":"https:\/\/www.cope.es\/blogs\/palomitas-de-maiz\/2019\/11\/04\/los-rodriguez-y-el-mas-alla-paco-arango-triunfa-con-la-comedia-familiar-critica-cine\/","title":{"rendered":"&#8216;Los Rodr\u00edguez y el m\u00e1s all\u00e1&#8217;: Paco Arango triunfa de nuevo con la comedia familiar"},"content":{"rendered":"<p>\u00a1Mis queridos palomiteros!\u00a0\u2018Los Rodr\u00edguez y el m\u00e1s all\u00e1\u2019: Paco Arango triunfa con la comedia familiar. El pasado jueves, <strong>31 de los corrientes<\/strong>, llegaba a las casi 200 salas de cine espa\u00f1olas el tercer trabajo para cine del polifac\u00e9tico cineasta, tras los \u00e9xitos cosechados con las galardonadas <em>Maktub<\/em> (2011) y <em>Lo que de verdad importa<\/em> (2017). De la distribuci\u00f3n se ha encargado <strong><a href=\"http:\/\/edreamsfactory.es\/\" target=\"_blank\">European Dreams Factory<\/a><\/strong>.<\/p>\n<figure id=\"attachment_4220\" aria-describedby=\"caption-attachment-4220\" style=\"width: 725px\" class=\"wp-caption aligncenter\"><img loading=\"lazy\" decoding=\"async\" width=\"725\" height=\"1035\" class=\"wp-image-4220 size-full\" src=\"http:\/\/www.cope.es\/blogs\/palomitas-de-maiz\/wp-content\/uploads\/sites\/6\/2019\/11\/los-rodriguez-y-el-mas-alla.jpg\" alt=\"Cartel promocional de Los Rodr\u00edguez y el m\u00e1s all\u00e1 | \u2018Los Rodr\u00edguez y el m\u00e1s all\u00e1\u2019: Paco Arango triunfa con la comedia familiar\" srcset=\"https:\/\/www.cope.es\/blogs\/palomitas-de-maiz\/wp-content\/uploads\/sites\/6\/2019\/11\/los-rodriguez-y-el-mas-alla.jpg 725w, https:\/\/www.cope.es\/blogs\/palomitas-de-maiz\/wp-content\/uploads\/sites\/6\/2019\/11\/los-rodriguez-y-el-mas-alla-210x300.jpg 210w, https:\/\/www.cope.es\/blogs\/palomitas-de-maiz\/wp-content\/uploads\/sites\/6\/2019\/11\/los-rodriguez-y-el-mas-alla-717x1024.jpg 717w\" sizes=\"auto, (max-width: 725px) 100vw, 725px\" \/><figcaption id=\"caption-attachment-4220\" class=\"wp-caption-text\"><strong>Cartel promocional de<\/strong> <em>Los Rodr\u00edguez y el m\u00e1s all\u00e1<\/em> | \u2018Los Rodr\u00edguez y el m\u00e1s all\u00e1\u2019: Paco Arango triunfa con la comedia familiar<\/figcaption><\/figure>\n<p>El filme sigue las andanzas de Los Rodr\u00edguez. Son una familia como otra cualquiera, o al menos eso cre\u00edan. Todo cambiar\u00e1 para ellos cuando descubran que el difunto abuelo era, en realidad, de otro planeta.<\/p>\n<p><iframe loading=\"lazy\" width=\"675\" height=\"380\" src=\"https:\/\/www.youtube.com\/embed\/fRWFDLnkPK0?feature=oembed\" frameborder=\"0\" allow=\"accelerometer; autoplay; encrypted-media; gyroscope; picture-in-picture\" allowfullscreen><\/iframe><\/p>\n<p>De nuevo se ha puesto en marcha la maquinaria sobre la comedia de <a href=\"https:\/\/www.cope.es\/blogs\/palomitas-de-maiz\/2019\/01\/12\/el-cine-espanol-limpia-el-esmoquin-para-los-premios-forque\/\">cine familiar<\/a> -padre, madre, hijos- y con moraleja, como en otros tiempos hicieron los espa\u00f1oles <strong>Gustavo Ron<\/strong> (<em>Vivir para siempre<\/em>, 2009), <strong>J. A. Bayona<\/strong> (<em>Lo imposible<\/em>, 2012), o m\u00e1s recientemente <em>Los futbol\u00edsimos <\/em>(<strong>Miguel \u00c1ngel Lamata<\/strong>, 2018), y fuera de nuestra fronteras el franc\u00e9s <strong>Eric-Emmanuel Schmitt<\/strong> (<em>Cartas a Dios<\/em>, 2009). Son s\u00f3lo algunos buenos ejemplos de buen cine con buenas historias.<\/p>\n<h2>\u2018Los Rodr\u00edguez y el m\u00e1s all\u00e1\u2019: Paco Arango triunfa con la comedia familiar en la que ha contado con un reparto de lujo<\/h2>\n<p><iframe loading=\"lazy\" width=\"675\" height=\"380\" src=\"https:\/\/www.youtube.com\/embed\/Wv-4TMM7NlY?feature=oembed\" frameborder=\"0\" allow=\"accelerometer; autoplay; encrypted-media; gyroscope; picture-in-picture\" allowfullscreen><\/iframe><\/p>\n<p>En el caso que nos ocupa, <strong>Arango<\/strong> &#8211;<a href=\"https:\/\/www.cope.es\/blogs\/palomitas-de-maiz\/2018\/05\/24\/paco-arango-y-la-fundacion-aladina-premio-gonzalez-sinde-2018\/\">premiado el a\u00f1o pasado<\/a>-,\u00a0tambi\u00e9n autor del gui\u00f3n, ha optado por una sencilla historia de <strong>ciencia ficci\u00f3n<\/strong>, muy bien construida, bien llevada en su tempo dram\u00e1tico -si acaso especialmente para que sea m\u00e1s digerible para los ni\u00f1os-, <strong>bien dialogada y con un gui\u00f3n firme<\/strong>, que se completa con simp\u00e1ticos gags, y que har\u00e1n las delicias a los m\u00e1s peque\u00f1os de la casa.<\/p>\n<p><iframe loading=\"lazy\" width=\"675\" height=\"380\" src=\"https:\/\/www.youtube.com\/embed\/GxbMA4Wa6I0?feature=oembed\" frameborder=\"0\" allow=\"accelerometer; autoplay; encrypted-media; gyroscope; picture-in-picture\" allowfullscreen><\/iframe><\/p>\n<p>El \u00e9xito de la historia reside en la ponderaci\u00f3n de todos estos elementos para as\u00ed facilitar suficientes sorpresas al respetable, con gui\u00f1os cin\u00e9filos sin concretar, pero que sirven de apoyo a la narraci\u00f3n, m\u00e1xime si se ve robustecida por un<strong> elenco de lujo<\/strong> que cumple su cometido con suficiente correcci\u00f3n.<\/p>\n<p>Sorprende gratamente ver en clave familiar a los int\u00e9rpretes <strong>Edu Soto<\/strong> o <strong>Macarena G\u00f3mez<\/strong>. En cuanto a los personajes principales, adem\u00e1s de los citados, todos destacan, especialmente los tres hijos de la familia que con su frescura y naturalidad acaparan la pantalla, llev\u00e1ndose los mejores momentos.<\/p>\n<p>Por su parte, <strong>el equipo de secundarios acompa\u00f1a con solvencia a sus compa\u00f1eros<\/strong> y, en ese sentido, se aprecia la afinada direcci\u00f3n de actores. Sobre todo por lo peculiar que tienen los actores principales de introducirse en un g\u00e9nero poco habitual.<\/p>\n<figure id=\"attachment_4219\" aria-describedby=\"caption-attachment-4219\" style=\"width: 725px\" class=\"wp-caption aligncenter\"><img loading=\"lazy\" decoding=\"async\" width=\"725\" height=\"622\" class=\"wp-image-4219 size-full\" src=\"http:\/\/www.cope.es\/blogs\/palomitas-de-maiz\/wp-content\/uploads\/sites\/6\/2019\/11\/paco-arango-y-yo.jpg\" alt=\"Paco Arango y Jos\u00e9 Luis Panero | \u2018Los Rodr\u00edguez y el m\u00e1s all\u00e1\u2019: Paco Arango triunfa con la comedia familiar\" srcset=\"https:\/\/www.cope.es\/blogs\/palomitas-de-maiz\/wp-content\/uploads\/sites\/6\/2019\/11\/paco-arango-y-yo.jpg 725w, https:\/\/www.cope.es\/blogs\/palomitas-de-maiz\/wp-content\/uploads\/sites\/6\/2019\/11\/paco-arango-y-yo-300x257.jpg 300w\" sizes=\"auto, (max-width: 725px) 100vw, 725px\" \/><figcaption id=\"caption-attachment-4219\" class=\"wp-caption-text\"><strong>Paco Arango<\/strong> y <strong>Jos\u00e9 Luis Panero<\/strong> | \u2018Los Rodr\u00edguez y el m\u00e1s all\u00e1\u2019: Paco Arango triunfa con la comedia familiar<\/figcaption><\/figure>\n<p>En cuanto al apartado t\u00e9cnico, <em>Los Rodr\u00edguez y el m\u00e1s all\u00e1<\/em> despliega una suficiente puesta en escena de tono fant\u00e1stico, cargada de <strong>humor surrealista y bastantes efectos especiales<\/strong>, y apoyada por una eficaz BSO que subraya con inteligencia momentos decisivos en la historia.<\/p>\n<h2>Arango, tambi\u00e9n autor del gui\u00f3n, ha optado por una sencilla historia de ciencia ficci\u00f3n, muy bien construida, bien llevada en su tempo dram\u00e1tico<\/h2>\n<p>Finalmente, y con una puerta abierta a una segunda parte, van a disfrutar mucho de <em>Los Rodr\u00edguez y el m\u00e1s all\u00e1<\/em> los amantes del cine familiar y que adem\u00e1s tiene una causa solidaria, puesto que\u00a0parte de los beneficios que se recauden ir\u00e1n a la Fundaci\u00f3n Aladina, de la que es presidente Paco Arango, que lucha por el bienestar y busca mayor investigaci\u00f3n en el c\u00e1ncer infantil.<\/p>\n<p>Por cierto, conviene no abandonar la sala hasta que finalicen los t\u00edtulos de cr\u00e9dito.<\/p>\n<p><iframe loading=\"lazy\" width=\"675\" height=\"380\" src=\"https:\/\/www.youtube.com\/embed\/y0OWktfBPBQ?feature=oembed\" frameborder=\"0\" allow=\"accelerometer; autoplay; encrypted-media; gyroscope; picture-in-picture\" allowfullscreen><\/iframe><\/p>\n","protected":false},"excerpt":{"rendered":"<p>\u00a1Mis queridos palomiteros!\u00a0\u2018Los Rodr\u00edguez y el m\u00e1s all\u00e1\u2019: Paco Arango triunfa con la comedia familiar. El pasado jueves, 31 de los corrientes, llegaba a las casi 200 salas de cine espa\u00f1olas el tercer trabajo para cine del polifac\u00e9tico cineasta, tras los \u00e9xitos cosechados con las galardonadas Maktub (2011) y Lo que de verdad importa (2017). [&hellip;]<\/p>\n","protected":false},"author":6,"featured_media":4222,"comment_status":"open","ping_status":"open","sticky":false,"template":"","format":"standard","meta":{"footnotes":""},"categories":[336,49,826,88,611,371,1532],"tags":[4006,4000,4002,41,44,70,1408,4008,2709,3994,3709,4003,711,2041,569,1537,1756,4007,4004,654,3995,4005,3997,4001,1536,3735,3996,278,3999,3998],"class_list":["post-4214","post","type-post","status-publish","format-standard","has-post-thumbnail","hentry","category-actualidad","category-cine","category-cine-espanol","category-critica-de-cine","category-estreno","category-fantasia","category-fundacion-aladina","tag-31-de-octubre","tag-antonio-velazquez","tag-aron-piper","tag-ciencia-ficcion","tag-cine","tag-cine-espanol","tag-cine-familiar","tag-comedia-familiar","tag-critica-cine","tag-eduard-soto","tag-eduardo-gomez","tag-enrique-villen","tag-estreno","tag-european-dreams-factory","tag-fantasia","tag-fundacion-aladina","tag-geraldine-chaplin","tag-los-rodriguez-y-el-mas-alla","tag-luka-peros","tag-macarena-gomez","tag-mariana-trevino","tag-ninton-sanchez","tag-omar-chaparro","tag-oscar-casas","tag-paco-arango","tag-placido-domingo","tag-rossy-de-palma","tag-santiago-segura","tag-sara-jimenez","tag-tomas-pozzi"],"yoast_head":"<!-- This site is optimized with the Yoast SEO plugin v27.4 - https:\/\/yoast.com\/product\/yoast-seo-wordpress\/ -->\n<title>\u2018Los Rodr\u00edguez y el m\u00e1s all\u00e1\u2019: Paco Arango triunfa con la comedia familiar<\/title>\n<meta name=\"description\" content=\"\u2018Los Rodr\u00edguez y el m\u00e1s all\u00e1\u2019: Paco Arango triunfa con la comedia familiar. Llega a las casi 200 salas de cine el tercer trabajo del polifac\u00e9tico cineasta\" \/>\n<meta name=\"robots\" content=\"index, follow, max-snippet:-1, max-image-preview:large, max-video-preview:-1\" \/>\n<link rel=\"canonical\" href=\"https:\/\/www.cope.es\/blogs\/palomitas-de-maiz\/2019\/11\/04\/los-rodriguez-y-el-mas-alla-paco-arango-triunfa-con-la-comedia-familiar-critica-cine\/\" \/>\n<meta property=\"og:locale\" content=\"es_ES\" \/>\n<meta property=\"og:type\" content=\"article\" \/>\n<meta property=\"og:title\" content=\"\u2018Los Rodr\u00edguez y el m\u00e1s all\u00e1\u2019: Paco Arango triunfa con la comedia familiar\" \/>\n<meta property=\"og:description\" content=\"\u2018Los Rodr\u00edguez y el m\u00e1s all\u00e1\u2019: Paco Arango triunfa con la comedia familiar. Llega a las casi 200 salas de cine el tercer trabajo del polifac\u00e9tico cineasta\" \/>\n<meta property=\"og:url\" content=\"https:\/\/www.cope.es\/blogs\/palomitas-de-maiz\/2019\/11\/04\/los-rodriguez-y-el-mas-alla-paco-arango-triunfa-con-la-comedia-familiar-critica-cine\/\" \/>\n<meta property=\"og:site_name\" content=\"Palomitas de Ma\u00edz\" \/>\n<meta property=\"article:publisher\" content=\"https:\/\/www.facebook.com\/cope\/\" \/>\n<meta property=\"article:author\" content=\"https:\/\/www.facebook.com\/palomitero\/\" \/>\n<meta property=\"article:published_time\" content=\"2019-11-04T11:30:28+00:00\" \/>\n<meta property=\"article:modified_time\" content=\"2019-11-04T11:33:27+00:00\" \/>\n<meta property=\"og:image\" content=\"https:\/\/www.cope.es\/blogs\/palomitas-de-maiz\/wp-content\/uploads\/sites\/6\/2019\/11\/los-rodriguez-y-el-mas-alla1.jpg\" \/>\n\t<meta property=\"og:image:width\" content=\"725\" \/>\n\t<meta property=\"og:image:height\" content=\"364\" \/>\n\t<meta property=\"og:image:type\" content=\"image\/jpeg\" \/>\n<meta name=\"author\" content=\"Jos\u00e9 Luis Panero\" \/>\n<meta name=\"twitter:card\" content=\"summary_large_image\" \/>\n<meta name=\"twitter:creator\" content=\"@PALOMITERO\" \/>\n<meta name=\"twitter:site\" content=\"@cope_es\" \/>\n<meta name=\"twitter:label1\" content=\"Escrito por\" \/>\n\t<meta name=\"twitter:data1\" content=\"Jos\u00e9 Luis Panero\" \/>\n\t<meta name=\"twitter:label2\" content=\"Tiempo de lectura\" \/>\n\t<meta name=\"twitter:data2\" content=\"4 minutos\" \/>\n<script type=\"application\/ld+json\" class=\"yoast-schema-graph\">{\"@context\":\"https:\\\/\\\/schema.org\",\"@graph\":[{\"@type\":\"Article\",\"@id\":\"https:\\\/\\\/www.cope.es\\\/blogs\\\/palomitas-de-maiz\\\/2019\\\/11\\\/04\\\/los-rodriguez-y-el-mas-alla-paco-arango-triunfa-con-la-comedia-familiar-critica-cine\\\/#article\",\"isPartOf\":{\"@id\":\"https:\\\/\\\/www.cope.es\\\/blogs\\\/palomitas-de-maiz\\\/2019\\\/11\\\/04\\\/los-rodriguez-y-el-mas-alla-paco-arango-triunfa-con-la-comedia-familiar-critica-cine\\\/\"},\"author\":{\"name\":\"Jos\u00e9 Luis Panero\",\"@id\":\"https:\\\/\\\/www.cope.es\\\/blogs\\\/palomitas-de-maiz\\\/#\\\/schema\\\/person\\\/9fb256f63733c964d19b06de1ca3c9ef\"},\"headline\":\"&#8216;Los Rodr\u00edguez y el m\u00e1s all\u00e1&#8217;: Paco Arango triunfa de nuevo con la comedia familiar\",\"datePublished\":\"2019-11-04T11:30:28+00:00\",\"dateModified\":\"2019-11-04T11:33:27+00:00\",\"mainEntityOfPage\":{\"@id\":\"https:\\\/\\\/www.cope.es\\\/blogs\\\/palomitas-de-maiz\\\/2019\\\/11\\\/04\\\/los-rodriguez-y-el-mas-alla-paco-arango-triunfa-con-la-comedia-familiar-critica-cine\\\/\"},\"wordCount\":719,\"commentCount\":0,\"image\":{\"@id\":\"https:\\\/\\\/www.cope.es\\\/blogs\\\/palomitas-de-maiz\\\/2019\\\/11\\\/04\\\/los-rodriguez-y-el-mas-alla-paco-arango-triunfa-con-la-comedia-familiar-critica-cine\\\/#primaryimage\"},\"thumbnailUrl\":\"https:\\\/\\\/www.cope.es\\\/blogs\\\/palomitas-de-maiz\\\/wp-content\\\/uploads\\\/sites\\\/6\\\/2019\\\/11\\\/los-rodriguez-y-el-mas-alla1.jpg\",\"keywords\":[\"31 de octubre\",\"Antonio Vel\u00e1zquez\",\"Ar\u00f3n Piper\",\"ciencia-ficcion\",\"cine\",\"cine espa\u00f1ol\",\"cine familiar\",\"comedia familiar\",\"cr\u00edtica cine\",\"Eduard Soto\",\"eduardo g\u00f3mez\",\"Enrique Vill\u00e9n\",\"Estreno\",\"european dreams factory\",\"fantas\u00eda\",\"fundaci\u00f3n aladina\",\"Geraldine Chaplin\",\"los rodr\u00edguez y el m\u00e1s all\u00e1\",\"Luka Peros\",\"macarena g\u00f3mez\",\"Mariana Trevi\u00f1o\",\"Ninton S\u00e1nchez\",\"Omar Chaparro\",\"\u00d3scar Casas\",\"paco arango\",\"pl\u00e1cido domingo\",\"Rossy de Palma\",\"santiago segura\",\"Sara Jim\u00e9nez\",\"Tom\u00e1s Pozzi\"],\"articleSection\":[\"actualidad\",\"Cine\",\"cine espa\u00f1ol\",\"Cr\u00edtica de Cine\",\"estreno\",\"fantas\u00eda\",\"Fundaci\u00f3n aladina\"],\"inLanguage\":\"es\",\"potentialAction\":[{\"@type\":\"CommentAction\",\"name\":\"Comment\",\"target\":[\"https:\\\/\\\/www.cope.es\\\/blogs\\\/palomitas-de-maiz\\\/2019\\\/11\\\/04\\\/los-rodriguez-y-el-mas-alla-paco-arango-triunfa-con-la-comedia-familiar-critica-cine\\\/#respond\"]}]},{\"@type\":\"WebPage\",\"@id\":\"https:\\\/\\\/www.cope.es\\\/blogs\\\/palomitas-de-maiz\\\/2019\\\/11\\\/04\\\/los-rodriguez-y-el-mas-alla-paco-arango-triunfa-con-la-comedia-familiar-critica-cine\\\/\",\"url\":\"https:\\\/\\\/www.cope.es\\\/blogs\\\/palomitas-de-maiz\\\/2019\\\/11\\\/04\\\/los-rodriguez-y-el-mas-alla-paco-arango-triunfa-con-la-comedia-familiar-critica-cine\\\/\",\"name\":\"\u2018Los Rodr\u00edguez y el m\u00e1s all\u00e1\u2019: Paco Arango triunfa con la comedia familiar\",\"isPartOf\":{\"@id\":\"https:\\\/\\\/www.cope.es\\\/blogs\\\/palomitas-de-maiz\\\/#website\"},\"primaryImageOfPage\":{\"@id\":\"https:\\\/\\\/www.cope.es\\\/blogs\\\/palomitas-de-maiz\\\/2019\\\/11\\\/04\\\/los-rodriguez-y-el-mas-alla-paco-arango-triunfa-con-la-comedia-familiar-critica-cine\\\/#primaryimage\"},\"image\":{\"@id\":\"https:\\\/\\\/www.cope.es\\\/blogs\\\/palomitas-de-maiz\\\/2019\\\/11\\\/04\\\/los-rodriguez-y-el-mas-alla-paco-arango-triunfa-con-la-comedia-familiar-critica-cine\\\/#primaryimage\"},\"thumbnailUrl\":\"https:\\\/\\\/www.cope.es\\\/blogs\\\/palomitas-de-maiz\\\/wp-content\\\/uploads\\\/sites\\\/6\\\/2019\\\/11\\\/los-rodriguez-y-el-mas-alla1.jpg\",\"datePublished\":\"2019-11-04T11:30:28+00:00\",\"dateModified\":\"2019-11-04T11:33:27+00:00\",\"author\":{\"@id\":\"https:\\\/\\\/www.cope.es\\\/blogs\\\/palomitas-de-maiz\\\/#\\\/schema\\\/person\\\/9fb256f63733c964d19b06de1ca3c9ef\"},\"description\":\"\u2018Los Rodr\u00edguez y el m\u00e1s all\u00e1\u2019: Paco Arango triunfa con la comedia familiar. Llega a las casi 200 salas de cine el tercer trabajo del polifac\u00e9tico cineasta\",\"breadcrumb\":{\"@id\":\"https:\\\/\\\/www.cope.es\\\/blogs\\\/palomitas-de-maiz\\\/2019\\\/11\\\/04\\\/los-rodriguez-y-el-mas-alla-paco-arango-triunfa-con-la-comedia-familiar-critica-cine\\\/#breadcrumb\"},\"inLanguage\":\"es\",\"potentialAction\":[{\"@type\":\"ReadAction\",\"target\":[\"https:\\\/\\\/www.cope.es\\\/blogs\\\/palomitas-de-maiz\\\/2019\\\/11\\\/04\\\/los-rodriguez-y-el-mas-alla-paco-arango-triunfa-con-la-comedia-familiar-critica-cine\\\/\"]}]},{\"@type\":\"ImageObject\",\"inLanguage\":\"es\",\"@id\":\"https:\\\/\\\/www.cope.es\\\/blogs\\\/palomitas-de-maiz\\\/2019\\\/11\\\/04\\\/los-rodriguez-y-el-mas-alla-paco-arango-triunfa-con-la-comedia-familiar-critica-cine\\\/#primaryimage\",\"url\":\"https:\\\/\\\/www.cope.es\\\/blogs\\\/palomitas-de-maiz\\\/wp-content\\\/uploads\\\/sites\\\/6\\\/2019\\\/11\\\/los-rodriguez-y-el-mas-alla1.jpg\",\"contentUrl\":\"https:\\\/\\\/www.cope.es\\\/blogs\\\/palomitas-de-maiz\\\/wp-content\\\/uploads\\\/sites\\\/6\\\/2019\\\/11\\\/los-rodriguez-y-el-mas-alla1.jpg\",\"width\":725,\"height\":364,\"caption\":\"https:\\\/\\\/www.cope.es\\\/blogs\\\/palomitas-de-maiz\\\/2019\\\/11\\\/04\\\/los-rodriguez-y-el-mas-alla-paco-arango-triunfa-con-la-comedia-familiar-critica-cine\\\/\"},{\"@type\":\"BreadcrumbList\",\"@id\":\"https:\\\/\\\/www.cope.es\\\/blogs\\\/palomitas-de-maiz\\\/2019\\\/11\\\/04\\\/los-rodriguez-y-el-mas-alla-paco-arango-triunfa-con-la-comedia-familiar-critica-cine\\\/#breadcrumb\",\"itemListElement\":[{\"@type\":\"ListItem\",\"position\":1,\"name\":\"Portada\",\"item\":\"https:\\\/\\\/www.cope.es\\\/blogs\\\/palomitas-de-maiz\\\/\"},{\"@type\":\"ListItem\",\"position\":2,\"name\":\"&#8216;Los Rodr\u00edguez y el m\u00e1s all\u00e1&#8217;: Paco Arango triunfa de nuevo con la comedia familiar\"}]},{\"@type\":\"WebSite\",\"@id\":\"https:\\\/\\\/www.cope.es\\\/blogs\\\/palomitas-de-maiz\\\/#website\",\"url\":\"https:\\\/\\\/www.cope.es\\\/blogs\\\/palomitas-de-maiz\\\/\",\"name\":\"Palomitas de Ma\u00edz\",\"description\":\"Blog decano de cine de COPE\",\"potentialAction\":[{\"@type\":\"SearchAction\",\"target\":{\"@type\":\"EntryPoint\",\"urlTemplate\":\"https:\\\/\\\/www.cope.es\\\/blogs\\\/palomitas-de-maiz\\\/?s={search_term_string}\"},\"query-input\":{\"@type\":\"PropertyValueSpecification\",\"valueRequired\":true,\"valueName\":\"search_term_string\"}}],\"inLanguage\":\"es\"},{\"@type\":\"Person\",\"@id\":\"https:\\\/\\\/www.cope.es\\\/blogs\\\/palomitas-de-maiz\\\/#\\\/schema\\\/person\\\/9fb256f63733c964d19b06de1ca3c9ef\",\"name\":\"Jos\u00e9 Luis Panero\",\"image\":{\"@type\":\"ImageObject\",\"inLanguage\":\"es\",\"@id\":\"https:\\\/\\\/secure.gravatar.com\\\/avatar\\\/2ef93951eab3cee25932a7219e566376cbf6ddedde3aa3098e7a971991a3ef12?s=96&d=mm&r=g\",\"url\":\"https:\\\/\\\/secure.gravatar.com\\\/avatar\\\/2ef93951eab3cee25932a7219e566376cbf6ddedde3aa3098e7a971991a3ef12?s=96&d=mm&r=g\",\"contentUrl\":\"https:\\\/\\\/secure.gravatar.com\\\/avatar\\\/2ef93951eab3cee25932a7219e566376cbf6ddedde3aa3098e7a971991a3ef12?s=96&d=mm&r=g\",\"caption\":\"Jos\u00e9 Luis Panero\"},\"description\":\"Licenciado en Periodismo y en Comunicaci\u00f3n Audiovisual. Tras m\u00e1s de cuatro a\u00f1os en el diario 'La Gaceta de Los Negocios' y el programa f\u00edlmico 'Pantalla Grande', es cr\u00edtico de cine en 'Ciudad Nueva', 'Pantalla 90', 'COPE' o 'Aleteia' y cr\u00edtico de teatro en 'Hoy en la city'. Ha sido coguionista y ayudante de direcci\u00f3n de cine, ponente en los coloquios de cine del foro FNAC y profesor universitario en diferentes cursos de Periodismo Social. Desde 2003 es miembro del C\u00edrculo de Escritores Cinematogr\u00e1ficos (CEC). En 2008 fund\u00f3 en 'COPE' su blog de cine 'Palomitas de Ma\u00edz'. En 2017 fue nombrado Jurado Oficial del Festival Internacional de Cine de Fuengirola (M\u00e1laga) y ese a\u00f1o la instituci\u00f3n educativa Trinity College-Liceo Serrano le distingui\u00f3 con el nombramiento de 'Profesor de Honor' del centro y miembro ilustre del claustro de profesores. En 2019 fue nombrado Jurado Oficial del Festival Internacional de Cine de Vera (Almer\u00eda). En 2020 fue nombrado Jurado Oficial del Festival Internacional de Cine de Terror de La Mar Bella (Marbella). Como int\u00e9rprete ha sido galardonado con el Premio al Actor Principal del I Festival Nacional UNIR de teatro. Desde 2020 es acad\u00e9mico de las Artes Esc\u00e9nicas de Espa\u00f1a. En 2023 fue nombrado Jurado Oficial de los 'Premios Tal\u00eda' en su I Edici\u00f3n. Y miembro de ASHUMES (Asociaci\u00f3n del Humorismo Espa\u00f1ol) a partir de 2022. En 2023 fue nombrado Jurado Oficial de la II Edici\u00f3n de los 'Premios Godot'.\",\"sameAs\":[\"http:\\\/\\\/www.cope.es\",\"https:\\\/\\\/www.facebook.com\\\/palomitero\\\/\",\"https:\\\/\\\/www.instagram.com\\\/joseluispanero\\\/\",\"https:\\\/\\\/www.linkedin.com\\\/in\\\/jos-luis-panero-gonzlez-barosa-7722a716\\\/\",\"https:\\\/\\\/x.com\\\/PALOMITERO\",\"https:\\\/\\\/www.youtube.com\\\/channel\\\/UCQYaNGiETUXUPXjYu9p3lNw\\\/videos?\",\"https:\\\/\\\/es.wikipedia.org\\\/wiki\\\/Jos_Luis_Panero_Gonzlez-Barosa\"],\"url\":\"https:\\\/\\\/www.cope.es\\\/blogs\\\/palomitas-de-maiz\\\/author\\\/jlpanero\\\/\"}]}<\/script>\n<!-- \/ Yoast SEO plugin. -->","yoast_head_json":{"title":"\u2018Los Rodr\u00edguez y el m\u00e1s all\u00e1\u2019: Paco Arango triunfa con la comedia familiar","description":"\u2018Los Rodr\u00edguez y el m\u00e1s all\u00e1\u2019: Paco Arango triunfa con la comedia familiar. Llega a las casi 200 salas de cine el tercer trabajo del polifac\u00e9tico cineasta","robots":{"index":"index","follow":"follow","max-snippet":"max-snippet:-1","max-image-preview":"max-image-preview:large","max-video-preview":"max-video-preview:-1"},"canonical":"https:\/\/www.cope.es\/blogs\/palomitas-de-maiz\/2019\/11\/04\/los-rodriguez-y-el-mas-alla-paco-arango-triunfa-con-la-comedia-familiar-critica-cine\/","og_locale":"es_ES","og_type":"article","og_title":"\u2018Los Rodr\u00edguez y el m\u00e1s all\u00e1\u2019: Paco Arango triunfa con la comedia familiar","og_description":"\u2018Los Rodr\u00edguez y el m\u00e1s all\u00e1\u2019: Paco Arango triunfa con la comedia familiar. Llega a las casi 200 salas de cine el tercer trabajo del polifac\u00e9tico cineasta","og_url":"https:\/\/www.cope.es\/blogs\/palomitas-de-maiz\/2019\/11\/04\/los-rodriguez-y-el-mas-alla-paco-arango-triunfa-con-la-comedia-familiar-critica-cine\/","og_site_name":"Palomitas de Ma\u00edz","article_publisher":"https:\/\/www.facebook.com\/cope\/","article_author":"https:\/\/www.facebook.com\/palomitero\/","article_published_time":"2019-11-04T11:30:28+00:00","article_modified_time":"2019-11-04T11:33:27+00:00","og_image":[{"width":725,"height":364,"url":"https:\/\/www.cope.es\/blogs\/palomitas-de-maiz\/wp-content\/uploads\/sites\/6\/2019\/11\/los-rodriguez-y-el-mas-alla1.jpg","type":"image\/jpeg"}],"author":"Jos\u00e9 Luis Panero","twitter_card":"summary_large_image","twitter_creator":"@PALOMITERO","twitter_site":"@cope_es","twitter_misc":{"Escrito por":"Jos\u00e9 Luis Panero","Tiempo de lectura":"4 minutos"},"schema":{"@context":"https:\/\/schema.org","@graph":[{"@type":"Article","@id":"https:\/\/www.cope.es\/blogs\/palomitas-de-maiz\/2019\/11\/04\/los-rodriguez-y-el-mas-alla-paco-arango-triunfa-con-la-comedia-familiar-critica-cine\/#article","isPartOf":{"@id":"https:\/\/www.cope.es\/blogs\/palomitas-de-maiz\/2019\/11\/04\/los-rodriguez-y-el-mas-alla-paco-arango-triunfa-con-la-comedia-familiar-critica-cine\/"},"author":{"name":"Jos\u00e9 Luis Panero","@id":"https:\/\/www.cope.es\/blogs\/palomitas-de-maiz\/#\/schema\/person\/9fb256f63733c964d19b06de1ca3c9ef"},"headline":"&#8216;Los Rodr\u00edguez y el m\u00e1s all\u00e1&#8217;: Paco Arango triunfa de nuevo con la comedia familiar","datePublished":"2019-11-04T11:30:28+00:00","dateModified":"2019-11-04T11:33:27+00:00","mainEntityOfPage":{"@id":"https:\/\/www.cope.es\/blogs\/palomitas-de-maiz\/2019\/11\/04\/los-rodriguez-y-el-mas-alla-paco-arango-triunfa-con-la-comedia-familiar-critica-cine\/"},"wordCount":719,"commentCount":0,"image":{"@id":"https:\/\/www.cope.es\/blogs\/palomitas-de-maiz\/2019\/11\/04\/los-rodriguez-y-el-mas-alla-paco-arango-triunfa-con-la-comedia-familiar-critica-cine\/#primaryimage"},"thumbnailUrl":"https:\/\/www.cope.es\/blogs\/palomitas-de-maiz\/wp-content\/uploads\/sites\/6\/2019\/11\/los-rodriguez-y-el-mas-alla1.jpg","keywords":["31 de octubre","Antonio Vel\u00e1zquez","Ar\u00f3n Piper","ciencia-ficcion","cine","cine espa\u00f1ol","cine familiar","comedia familiar","cr\u00edtica cine","Eduard Soto","eduardo g\u00f3mez","Enrique Vill\u00e9n","Estreno","european dreams factory","fantas\u00eda","fundaci\u00f3n aladina","Geraldine Chaplin","los rodr\u00edguez y el m\u00e1s all\u00e1","Luka Peros","macarena g\u00f3mez","Mariana Trevi\u00f1o","Ninton S\u00e1nchez","Omar Chaparro","\u00d3scar Casas","paco arango","pl\u00e1cido domingo","Rossy de Palma","santiago segura","Sara Jim\u00e9nez","Tom\u00e1s Pozzi"],"articleSection":["actualidad","Cine","cine espa\u00f1ol","Cr\u00edtica de Cine","estreno","fantas\u00eda","Fundaci\u00f3n aladina"],"inLanguage":"es","potentialAction":[{"@type":"CommentAction","name":"Comment","target":["https:\/\/www.cope.es\/blogs\/palomitas-de-maiz\/2019\/11\/04\/los-rodriguez-y-el-mas-alla-paco-arango-triunfa-con-la-comedia-familiar-critica-cine\/#respond"]}]},{"@type":"WebPage","@id":"https:\/\/www.cope.es\/blogs\/palomitas-de-maiz\/2019\/11\/04\/los-rodriguez-y-el-mas-alla-paco-arango-triunfa-con-la-comedia-familiar-critica-cine\/","url":"https:\/\/www.cope.es\/blogs\/palomitas-de-maiz\/2019\/11\/04\/los-rodriguez-y-el-mas-alla-paco-arango-triunfa-con-la-comedia-familiar-critica-cine\/","name":"\u2018Los Rodr\u00edguez y el m\u00e1s all\u00e1\u2019: Paco Arango triunfa con la comedia familiar","isPartOf":{"@id":"https:\/\/www.cope.es\/blogs\/palomitas-de-maiz\/#website"},"primaryImageOfPage":{"@id":"https:\/\/www.cope.es\/blogs\/palomitas-de-maiz\/2019\/11\/04\/los-rodriguez-y-el-mas-alla-paco-arango-triunfa-con-la-comedia-familiar-critica-cine\/#primaryimage"},"image":{"@id":"https:\/\/www.cope.es\/blogs\/palomitas-de-maiz\/2019\/11\/04\/los-rodriguez-y-el-mas-alla-paco-arango-triunfa-con-la-comedia-familiar-critica-cine\/#primaryimage"},"thumbnailUrl":"https:\/\/www.cope.es\/blogs\/palomitas-de-maiz\/wp-content\/uploads\/sites\/6\/2019\/11\/los-rodriguez-y-el-mas-alla1.jpg","datePublished":"2019-11-04T11:30:28+00:00","dateModified":"2019-11-04T11:33:27+00:00","author":{"@id":"https:\/\/www.cope.es\/blogs\/palomitas-de-maiz\/#\/schema\/person\/9fb256f63733c964d19b06de1ca3c9ef"},"description":"\u2018Los Rodr\u00edguez y el m\u00e1s all\u00e1\u2019: Paco Arango triunfa con la comedia familiar. Llega a las casi 200 salas de cine el tercer trabajo del polifac\u00e9tico cineasta","breadcrumb":{"@id":"https:\/\/www.cope.es\/blogs\/palomitas-de-maiz\/2019\/11\/04\/los-rodriguez-y-el-mas-alla-paco-arango-triunfa-con-la-comedia-familiar-critica-cine\/#breadcrumb"},"inLanguage":"es","potentialAction":[{"@type":"ReadAction","target":["https:\/\/www.cope.es\/blogs\/palomitas-de-maiz\/2019\/11\/04\/los-rodriguez-y-el-mas-alla-paco-arango-triunfa-con-la-comedia-familiar-critica-cine\/"]}]},{"@type":"ImageObject","inLanguage":"es","@id":"https:\/\/www.cope.es\/blogs\/palomitas-de-maiz\/2019\/11\/04\/los-rodriguez-y-el-mas-alla-paco-arango-triunfa-con-la-comedia-familiar-critica-cine\/#primaryimage","url":"https:\/\/www.cope.es\/blogs\/palomitas-de-maiz\/wp-content\/uploads\/sites\/6\/2019\/11\/los-rodriguez-y-el-mas-alla1.jpg","contentUrl":"https:\/\/www.cope.es\/blogs\/palomitas-de-maiz\/wp-content\/uploads\/sites\/6\/2019\/11\/los-rodriguez-y-el-mas-alla1.jpg","width":725,"height":364,"caption":"https:\/\/www.cope.es\/blogs\/palomitas-de-maiz\/2019\/11\/04\/los-rodriguez-y-el-mas-alla-paco-arango-triunfa-con-la-comedia-familiar-critica-cine\/"},{"@type":"BreadcrumbList","@id":"https:\/\/www.cope.es\/blogs\/palomitas-de-maiz\/2019\/11\/04\/los-rodriguez-y-el-mas-alla-paco-arango-triunfa-con-la-comedia-familiar-critica-cine\/#breadcrumb","itemListElement":[{"@type":"ListItem","position":1,"name":"Portada","item":"https:\/\/www.cope.es\/blogs\/palomitas-de-maiz\/"},{"@type":"ListItem","position":2,"name":"&#8216;Los Rodr\u00edguez y el m\u00e1s all\u00e1&#8217;: Paco Arango triunfa de nuevo con la comedia familiar"}]},{"@type":"WebSite","@id":"https:\/\/www.cope.es\/blogs\/palomitas-de-maiz\/#website","url":"https:\/\/www.cope.es\/blogs\/palomitas-de-maiz\/","name":"Palomitas de Ma\u00edz","description":"Blog decano de cine de COPE","potentialAction":[{"@type":"SearchAction","target":{"@type":"EntryPoint","urlTemplate":"https:\/\/www.cope.es\/blogs\/palomitas-de-maiz\/?s={search_term_string}"},"query-input":{"@type":"PropertyValueSpecification","valueRequired":true,"valueName":"search_term_string"}}],"inLanguage":"es"},{"@type":"Person","@id":"https:\/\/www.cope.es\/blogs\/palomitas-de-maiz\/#\/schema\/person\/9fb256f63733c964d19b06de1ca3c9ef","name":"Jos\u00e9 Luis Panero","image":{"@type":"ImageObject","inLanguage":"es","@id":"https:\/\/secure.gravatar.com\/avatar\/2ef93951eab3cee25932a7219e566376cbf6ddedde3aa3098e7a971991a3ef12?s=96&d=mm&r=g","url":"https:\/\/secure.gravatar.com\/avatar\/2ef93951eab3cee25932a7219e566376cbf6ddedde3aa3098e7a971991a3ef12?s=96&d=mm&r=g","contentUrl":"https:\/\/secure.gravatar.com\/avatar\/2ef93951eab3cee25932a7219e566376cbf6ddedde3aa3098e7a971991a3ef12?s=96&d=mm&r=g","caption":"Jos\u00e9 Luis Panero"},"description":"Licenciado en Periodismo y en Comunicaci\u00f3n Audiovisual. Tras m\u00e1s de cuatro a\u00f1os en el diario 'La Gaceta de Los Negocios' y el programa f\u00edlmico 'Pantalla Grande', es cr\u00edtico de cine en 'Ciudad Nueva', 'Pantalla 90', 'COPE' o 'Aleteia' y cr\u00edtico de teatro en 'Hoy en la city'. Ha sido coguionista y ayudante de direcci\u00f3n de cine, ponente en los coloquios de cine del foro FNAC y profesor universitario en diferentes cursos de Periodismo Social. Desde 2003 es miembro del C\u00edrculo de Escritores Cinematogr\u00e1ficos (CEC). En 2008 fund\u00f3 en 'COPE' su blog de cine 'Palomitas de Ma\u00edz'. En 2017 fue nombrado Jurado Oficial del Festival Internacional de Cine de Fuengirola (M\u00e1laga) y ese a\u00f1o la instituci\u00f3n educativa Trinity College-Liceo Serrano le distingui\u00f3 con el nombramiento de 'Profesor de Honor' del centro y miembro ilustre del claustro de profesores. En 2019 fue nombrado Jurado Oficial del Festival Internacional de Cine de Vera (Almer\u00eda). En 2020 fue nombrado Jurado Oficial del Festival Internacional de Cine de Terror de La Mar Bella (Marbella). Como int\u00e9rprete ha sido galardonado con el Premio al Actor Principal del I Festival Nacional UNIR de teatro. Desde 2020 es acad\u00e9mico de las Artes Esc\u00e9nicas de Espa\u00f1a. En 2023 fue nombrado Jurado Oficial de los 'Premios Tal\u00eda' en su I Edici\u00f3n. Y miembro de ASHUMES (Asociaci\u00f3n del Humorismo Espa\u00f1ol) a partir de 2022. En 2023 fue nombrado Jurado Oficial de la II Edici\u00f3n de los 'Premios Godot'.","sameAs":["http:\/\/www.cope.es","https:\/\/www.facebook.com\/palomitero\/","https:\/\/www.instagram.com\/joseluispanero\/","https:\/\/www.linkedin.com\/in\/jos-luis-panero-gonzlez-barosa-7722a716\/","https:\/\/x.com\/PALOMITERO","https:\/\/www.youtube.com\/channel\/UCQYaNGiETUXUPXjYu9p3lNw\/videos?","https:\/\/es.wikipedia.org\/wiki\/Jos_Luis_Panero_Gonzlez-Barosa"],"url":"https:\/\/www.cope.es\/blogs\/palomitas-de-maiz\/author\/jlpanero\/"}]}},"amp_enabled":true,"_links":{"self":[{"href":"https:\/\/www.cope.es\/blogs\/palomitas-de-maiz\/wp-json\/wp\/v2\/posts\/4214","targetHints":{"allow":["GET"]}}],"collection":[{"href":"https:\/\/www.cope.es\/blogs\/palomitas-de-maiz\/wp-json\/wp\/v2\/posts"}],"about":[{"href":"https:\/\/www.cope.es\/blogs\/palomitas-de-maiz\/wp-json\/wp\/v2\/types\/post"}],"author":[{"embeddable":true,"href":"https:\/\/www.cope.es\/blogs\/palomitas-de-maiz\/wp-json\/wp\/v2\/users\/6"}],"replies":[{"embeddable":true,"href":"https:\/\/www.cope.es\/blogs\/palomitas-de-maiz\/wp-json\/wp\/v2\/comments?post=4214"}],"version-history":[{"count":2,"href":"https:\/\/www.cope.es\/blogs\/palomitas-de-maiz\/wp-json\/wp\/v2\/posts\/4214\/revisions"}],"predecessor-version":[{"id":4226,"href":"https:\/\/www.cope.es\/blogs\/palomitas-de-maiz\/wp-json\/wp\/v2\/posts\/4214\/revisions\/4226"}],"wp:featuredmedia":[{"embeddable":true,"href":"https:\/\/www.cope.es\/blogs\/palomitas-de-maiz\/wp-json\/wp\/v2\/media\/4222"}],"wp:attachment":[{"href":"https:\/\/www.cope.es\/blogs\/palomitas-de-maiz\/wp-json\/wp\/v2\/media?parent=4214"}],"wp:term":[{"taxonomy":"category","embeddable":true,"href":"https:\/\/www.cope.es\/blogs\/palomitas-de-maiz\/wp-json\/wp\/v2\/categories?post=4214"},{"taxonomy":"post_tag","embeddable":true,"href":"https:\/\/www.cope.es\/blogs\/palomitas-de-maiz\/wp-json\/wp\/v2\/tags?post=4214"}],"curies":[{"name":"wp","href":"https:\/\/api.w.org\/{rel}","templated":true}]}}