{"id":4038,"date":"2019-09-14T15:15:46","date_gmt":"2019-09-14T13:15:46","guid":{"rendered":"http:\/\/www.cope.es\/blogs\/palomitas-de-maiz\/?p=4038"},"modified":"2019-09-14T15:20:39","modified_gmt":"2019-09-14T13:20:39","slug":"jayme-monjardim-lleva-al-cine-a-un-influencer-en-el-vendedor-de-suenos-critica","status":"publish","type":"post","link":"https:\/\/www.cope.es\/blogs\/palomitas-de-maiz\/2019\/09\/14\/jayme-monjardim-lleva-al-cine-a-un-influencer-en-el-vendedor-de-suenos-critica\/","title":{"rendered":"El director de cine brasile\u00f1o, Jayme Monjardim, triunfa al llevar al cine a un influencer en \u2018El vendedor de sue\u00f1os\u2019, adaptaci\u00f3n del bestseller de Augusto Cury"},"content":{"rendered":"<p>\u00a1Mis queridos palomiteros! Jayme Monjardim lleva al cine a un influencer en \u2018El vendedor de sue\u00f1os\u2019. Tres a\u00f1os despu\u00e9s de su estreno en salas comerciales brasile\u00f1as ya est\u00e1 en Espa\u00f1a el\u00a0<em>El vendedor de sue\u00f1os<\/em>, <a href=\"https:\/\/www.cope.es\/blogs\/palomitas-de-maiz\/2018\/01\/27\/prohibido-hablar-dios-cine-ah-no-ahora-rentable\/\">atractiva historia sobre la condici\u00f3n humana llevada al l\u00edmite<\/a>, dirigida por el aplaudido realizador de 63 a\u00f1os, <strong>Jayme Monjardim<\/strong>, y distribuida por <a href=\"https:\/\/www.boscofilms.es\/\" target=\"_blank\">Bosco Films<\/a>, empresa <a href=\"https:\/\/www.cope.es\/blogs\/palomitas-de-maiz\/2019\/01\/05\/se-armo-el-belen-los-peques-ya-tienen-su-nacimiento-cristo-cine-critica\/\">a la que ya nos hemos referido en otras ocasiones.<\/a><\/p>\n<figure id=\"attachment_4040\" aria-describedby=\"caption-attachment-4040\" style=\"width: 725px\" class=\"wp-caption aligncenter\"><img loading=\"lazy\" decoding=\"async\" width=\"725\" height=\"1035\" class=\"wp-image-4040 size-full\" src=\"http:\/\/www.cope.es\/blogs\/palomitas-de-maiz\/wp-content\/uploads\/sites\/6\/2019\/09\/el-vendedor-de-sue\u00f1os.jpg\" alt=\"Cartel promocional de El vendedor de sue\u00f1os | Jayme Monjardim lleva al cine a un influencer en \u2018El vendedor de sue\u00f1os\u2019\" srcset=\"https:\/\/www.cope.es\/blogs\/palomitas-de-maiz\/wp-content\/uploads\/sites\/6\/2019\/09\/el-vendedor-de-sue\u00f1os.jpg 725w, https:\/\/www.cope.es\/blogs\/palomitas-de-maiz\/wp-content\/uploads\/sites\/6\/2019\/09\/el-vendedor-de-sue\u00f1os-210x300.jpg 210w, https:\/\/www.cope.es\/blogs\/palomitas-de-maiz\/wp-content\/uploads\/sites\/6\/2019\/09\/el-vendedor-de-sue\u00f1os-717x1024.jpg 717w\" sizes=\"auto, (max-width: 725px) 100vw, 725px\" \/><figcaption id=\"caption-attachment-4040\" class=\"wp-caption-text\"><strong>Cartel promocional de<\/strong> <em>El vendedor de sue\u00f1os<\/em> | Jayme Monjardim lleva al cine a un influencer en \u2018El vendedor de sue\u00f1os\u2019<\/figcaption><\/figure>\n<p>El filme cuenta las andanzas de un enigm\u00e1tico mendigo, que logra salvar a Julio C\u00e9sar, famoso psiquiatra, de suicidarse desde lo alto de la planta 21 de un rascacielos.<\/p>\n<p>El misterioso y desali\u00f1ado hombre se presenta a s\u00ed mismo como \u2018El vendedor de sue\u00f1os\u2019 y despierta la curiosidad de todo aquel que le rodea hasta el punto de convertirse en todo un \u201cinfluencer\u201d del mundo moderno tras viralizarse un v\u00eddeo en el que aparece hablando en un lugar p\u00fablico.<\/p>\n<figure id=\"attachment_4045\" aria-describedby=\"caption-attachment-4045\" style=\"width: 725px\" class=\"wp-caption aligncenter\"><img loading=\"lazy\" decoding=\"async\" width=\"725\" height=\"428\" class=\"wp-image-4045 size-full\" src=\"http:\/\/www.cope.es\/blogs\/palomitas-de-maiz\/wp-content\/uploads\/sites\/6\/2019\/09\/el-vendedor-de-sue\u00f1os6.jpg\" alt=\"Fotograma del filme | Jayme Monjardim lleva al cine a un influencer en \u2018El vendedor de sue\u00f1os\u2019\" srcset=\"https:\/\/www.cope.es\/blogs\/palomitas-de-maiz\/wp-content\/uploads\/sites\/6\/2019\/09\/el-vendedor-de-sue\u00f1os6.jpg 725w, https:\/\/www.cope.es\/blogs\/palomitas-de-maiz\/wp-content\/uploads\/sites\/6\/2019\/09\/el-vendedor-de-sue\u00f1os6-300x177.jpg 300w\" sizes=\"auto, (max-width: 725px) 100vw, 725px\" \/><figcaption id=\"caption-attachment-4045\" class=\"wp-caption-text\"><strong>Fotograma del filme<\/strong> | Jayme Monjardim lleva al cine a un influencer en \u2018El vendedor de sue\u00f1os\u2019<\/figcaption><\/figure>\n<p>Cada vez que interviene, un tumulto mayor de personas tratan de localizarle para escuchar sus sabias palabras acerca de la vida, la muerte, la familia, el perd\u00f3n y lo que significa ser rico y pobre. \u00bfQui\u00e9n es ese mendigo? \u00bfQu\u00e9 le ha llevado hasta all\u00ed?<\/p>\n<h2>La pel\u00edcula ni es un reclamo de autoyuda ni entra a valorar la moralidad de sus personajes<\/h2>\n<figure id=\"attachment_4043\" aria-describedby=\"caption-attachment-4043\" style=\"width: 725px\" class=\"wp-caption aligncenter\"><img loading=\"lazy\" decoding=\"async\" width=\"725\" height=\"479\" class=\"wp-image-4043 size-full\" src=\"http:\/\/www.cope.es\/blogs\/palomitas-de-maiz\/wp-content\/uploads\/sites\/6\/2019\/09\/el-vendedor-de-sue\u00f1os5.jpg\" alt=\"El actor C\u00e9sar Troncoso | Jayme Monjardim lleva al cine a un influencer en \u2018El vendedor de sue\u00f1os\u2019\" srcset=\"https:\/\/www.cope.es\/blogs\/palomitas-de-maiz\/wp-content\/uploads\/sites\/6\/2019\/09\/el-vendedor-de-sue\u00f1os5.jpg 725w, https:\/\/www.cope.es\/blogs\/palomitas-de-maiz\/wp-content\/uploads\/sites\/6\/2019\/09\/el-vendedor-de-sue\u00f1os5-300x198.jpg 300w\" sizes=\"auto, (max-width: 725px) 100vw, 725px\" \/><figcaption id=\"caption-attachment-4043\" class=\"wp-caption-text\">El actor <strong>C\u00e9sar Troncoso<\/strong> | Jayme Monjardim lleva al cine a un influencer en \u2018El vendedor de sue\u00f1os\u2019<\/figcaption><\/figure>\n<p>El especialista en dirigir televisi\u00f3n y cine, <strong><a href=\"https:\/\/es.wikipedia.org\/wiki\/Jayme_Monjardim\" target=\"_blank\">Jayme Monjardim<\/a><\/strong> -su filme <em>Olga <\/em>(2004) <strong>fue propuesto para competir en los Oscar en la categor\u00eda de pel\u00edcula no inglesa por Brasil<\/strong>-, adapta con literalidad absoluta la novela del reconocido m\u00e9dico <strong>Augusto Cury<\/strong>, tambi\u00e9n brasile\u00f1o, cuya historia, de t\u00edtulo hom\u00f3nimo al del filme, ha sido muy premiada y hasta traducida al chino.<\/p>\n<p><iframe loading=\"lazy\" width=\"508\" height=\"381\" src=\"https:\/\/www.youtube.com\/embed\/ZXItRGPzXYY?feature=oembed\" frameborder=\"0\" allow=\"accelerometer; autoplay; encrypted-media; gyroscope; picture-in-picture\" allowfullscreen><\/iframe><\/p>\n<p>En su arranque, El vendedor de sue\u00f1os -hombre de gran sabidur\u00eda- comparte ciertas analog\u00edas cinematogr\u00e1ficas con <em>Arma letal <\/em>(<strong>Richard Donner<\/strong>, 1987)\u00a0por la excentricidad de su protagonista, s\u00f3lo que a diferencia del filme protagonizado por <strong><a href=\"https:\/\/www.cope.es\/blogs\/palomitas-de-maiz\/2018\/04\/01\/la-resurreccion-de-cristo-jim-caviezel-tambien-protagonizara-el-filme-de-mel-gibson-el-cine-de-la-semana-santa\/\">Mel Gibson<\/a><\/strong>, el personaje al que da vida\u00a0<strong><a href=\"https:\/\/es.wikipedia.org\/wiki\/C%C3%A9sar_Troncoso\" target=\"_blank\">C\u00e9sar Troncoso<\/a><\/strong> -comparable interpretativamente al actor argentino <strong><a href=\"https:\/\/www.cope.es\/blogs\/palomitas-de-maiz\/2018\/08\/04\/ricardo-darin-protagonizara-1985-thriller-inspirado-en-la-dictadura-militar-argentina-santiago-mitre-peter-lanzani\/\">Ricardo Dar\u00edn<\/a><\/strong>&#8211; se toma en serio su cometido de ayudar a quien siente que lo necesita.<\/p>\n<h2>El brasile\u00f1o Jayme Monjardim lleva al cine a un influencer en \u2018El vendedor de sue\u00f1os\u2019<\/h2>\n<figure id=\"attachment_4044\" aria-describedby=\"caption-attachment-4044\" style=\"width: 725px\" class=\"wp-caption aligncenter\"><img loading=\"lazy\" decoding=\"async\" width=\"725\" height=\"483\" class=\"wp-image-4044 size-full\" src=\"http:\/\/www.cope.es\/blogs\/palomitas-de-maiz\/wp-content\/uploads\/sites\/6\/2019\/09\/el-vendedor-de-sue\u00f1os0.jpg\" alt=\"Atractivo fotograma del filme | Jayme Monjardim lleva al cine a un influencer en \u2018El vendedor de sue\u00f1os\u2019\" srcset=\"https:\/\/www.cope.es\/blogs\/palomitas-de-maiz\/wp-content\/uploads\/sites\/6\/2019\/09\/el-vendedor-de-sue\u00f1os0.jpg 725w, https:\/\/www.cope.es\/blogs\/palomitas-de-maiz\/wp-content\/uploads\/sites\/6\/2019\/09\/el-vendedor-de-sue\u00f1os0-300x200.jpg 300w, https:\/\/www.cope.es\/blogs\/palomitas-de-maiz\/wp-content\/uploads\/sites\/6\/2019\/09\/el-vendedor-de-sue\u00f1os0-408x272.jpg 408w\" sizes=\"auto, (max-width: 725px) 100vw, 725px\" \/><figcaption id=\"caption-attachment-4044\" class=\"wp-caption-text\"><strong>Atractivo fotograma del filme<\/strong> | Jayme Monjardim lleva al cine a un influencer en \u2018El vendedor de sue\u00f1os\u2019<\/figcaption><\/figure>\n<p>Vaya por delante que la pel\u00edcula ni es un reclamo de autoyuda ni entra a valorar la moralidad de sus personajes. Simplemente propone una serie de situaciones, muy de hoy d\u00eda, que podr\u00edan ayudar a a que se cambie el punto de vista frente a hechos concretos, en este caso, la proximidad con la muerte.<\/p>\n<p>Puedes seguir leyendo mi art\u00edculo <a href=\"https:\/\/es.aleteia.org\/2019\/09\/14\/el-nuevo-influencer-del-mundo-moderno-es-el-vendedor-de-suenos-y-viene-desde-brasil\/\" target=\"_blank\">en este enlace<\/a>.<\/p>\n<p><iframe loading=\"lazy\" width=\"675\" height=\"380\" src=\"https:\/\/www.youtube.com\/embed\/rbe2PEjzH7k?feature=oembed\" frameborder=\"0\" allow=\"accelerometer; autoplay; encrypted-media; gyroscope; picture-in-picture\" allowfullscreen><\/iframe><\/p>\n","protected":false},"excerpt":{"rendered":"<p>\u00a1Mis queridos palomiteros! Jayme Monjardim lleva al cine a un influencer en \u2018El vendedor de sue\u00f1os\u2019. Tres a\u00f1os despu\u00e9s de su estreno en salas comerciales brasile\u00f1as ya est\u00e1 en Espa\u00f1a el\u00a0El vendedor de sue\u00f1os, atractiva historia sobre la condici\u00f3n humana llevada al l\u00edmite, dirigida por el aplaudido realizador de 63 a\u00f1os, Jayme Monjardim, y distribuida [&hellip;]<\/p>\n","protected":false},"author":6,"featured_media":4041,"comment_status":"open","ping_status":"open","sticky":false,"template":"","format":"standard","meta":{"footnotes":""},"categories":[1035,336,3803,49,88,193,3123,387],"tags":[3806,1011,3810,325,3805,44,238,3809,711,3025,3811,3804,1275,3807,3202,2479,3808,775],"class_list":["post-4038","post","type-post","status-publish","format-standard","has-post-thumbnail","hentry","category-actores","category-actualidad","category-bestseller","category-cine","category-critica-de-cine","category-drama","category-premios-oscar","category-valores","tag-13-de-septiembre","tag-adaptacion","tag-augusto-cury","tag-bosco-films","tag-cesar-troncoso","tag-cine","tag-drama","tag-el-vendedor-de-suenos","tag-estreno","tag-estrenos-de-cine","tag-influencer","tag-jayme-monjardim","tag-libro","tag-moralidad","tag-muerte","tag-suicidio","tag-traicion","tag-valores"],"yoast_head":"<!-- This site is optimized with the Yoast SEO plugin v27.4 - https:\/\/yoast.com\/product\/yoast-seo-wordpress\/ -->\n<title>Jayme Monjardim lleva al cine a un influencer en \u2018El vendedor de sue\u00f1os\u2019<\/title>\n<meta name=\"description\" content=\"Jayme Monjardim lleva al cine a un influencer en \u2018El vendedor de sue\u00f1os\u2019. Un mendigo consigue salvar a un psiquiatra a punto del suicidio\" \/>\n<meta name=\"robots\" content=\"index, follow, max-snippet:-1, max-image-preview:large, max-video-preview:-1\" \/>\n<link rel=\"canonical\" href=\"https:\/\/www.cope.es\/blogs\/palomitas-de-maiz\/2019\/09\/14\/jayme-monjardim-lleva-al-cine-a-un-influencer-en-el-vendedor-de-suenos-critica\/\" \/>\n<meta property=\"og:locale\" content=\"es_ES\" \/>\n<meta property=\"og:type\" content=\"article\" \/>\n<meta property=\"og:title\" content=\"Jayme Monjardim lleva al cine a un influencer en \u2018El vendedor de sue\u00f1os\u2019\" \/>\n<meta property=\"og:description\" content=\"Jayme Monjardim lleva al cine a un influencer en \u2018El vendedor de sue\u00f1os\u2019. Un mendigo consigue salvar a un psiquiatra a punto del suicidio\" \/>\n<meta property=\"og:url\" content=\"https:\/\/www.cope.es\/blogs\/palomitas-de-maiz\/2019\/09\/14\/jayme-monjardim-lleva-al-cine-a-un-influencer-en-el-vendedor-de-suenos-critica\/\" \/>\n<meta property=\"og:site_name\" content=\"Palomitas de Ma\u00edz\" \/>\n<meta property=\"article:publisher\" content=\"https:\/\/www.facebook.com\/cope\/\" \/>\n<meta property=\"article:author\" content=\"https:\/\/www.facebook.com\/palomitero\/\" \/>\n<meta property=\"article:published_time\" content=\"2019-09-14T13:15:46+00:00\" \/>\n<meta property=\"article:modified_time\" content=\"2019-09-14T13:20:39+00:00\" \/>\n<meta property=\"og:image\" content=\"https:\/\/www.cope.es\/blogs\/palomitas-de-maiz\/wp-content\/uploads\/sites\/6\/2019\/09\/el-vendedor-de-sue\u00f1os-1.jpg\" \/>\n\t<meta property=\"og:image:width\" content=\"724\" \/>\n\t<meta property=\"og:image:height\" content=\"412\" \/>\n\t<meta property=\"og:image:type\" content=\"image\/jpeg\" \/>\n<meta name=\"author\" content=\"Jos\u00e9 Luis Panero\" \/>\n<meta name=\"twitter:card\" content=\"summary_large_image\" \/>\n<meta name=\"twitter:creator\" content=\"@PALOMITERO\" \/>\n<meta name=\"twitter:site\" content=\"@cope_es\" \/>\n<meta name=\"twitter:label1\" content=\"Escrito por\" \/>\n\t<meta name=\"twitter:data1\" content=\"Jos\u00e9 Luis Panero\" \/>\n\t<meta name=\"twitter:label2\" content=\"Tiempo de lectura\" \/>\n\t<meta name=\"twitter:data2\" content=\"3 minutos\" \/>\n<script type=\"application\/ld+json\" class=\"yoast-schema-graph\">{\"@context\":\"https:\\\/\\\/schema.org\",\"@graph\":[{\"@type\":\"Article\",\"@id\":\"https:\\\/\\\/www.cope.es\\\/blogs\\\/palomitas-de-maiz\\\/2019\\\/09\\\/14\\\/jayme-monjardim-lleva-al-cine-a-un-influencer-en-el-vendedor-de-suenos-critica\\\/#article\",\"isPartOf\":{\"@id\":\"https:\\\/\\\/www.cope.es\\\/blogs\\\/palomitas-de-maiz\\\/2019\\\/09\\\/14\\\/jayme-monjardim-lleva-al-cine-a-un-influencer-en-el-vendedor-de-suenos-critica\\\/\"},\"author\":{\"name\":\"Jos\u00e9 Luis Panero\",\"@id\":\"https:\\\/\\\/www.cope.es\\\/blogs\\\/palomitas-de-maiz\\\/#\\\/schema\\\/person\\\/9fb256f63733c964d19b06de1ca3c9ef\"},\"headline\":\"El director de cine brasile\u00f1o, Jayme Monjardim, triunfa al llevar al cine a un influencer en \u2018El vendedor de sue\u00f1os\u2019, adaptaci\u00f3n del bestseller de Augusto Cury\",\"datePublished\":\"2019-09-14T13:15:46+00:00\",\"dateModified\":\"2019-09-14T13:20:39+00:00\",\"mainEntityOfPage\":{\"@id\":\"https:\\\/\\\/www.cope.es\\\/blogs\\\/palomitas-de-maiz\\\/2019\\\/09\\\/14\\\/jayme-monjardim-lleva-al-cine-a-un-influencer-en-el-vendedor-de-suenos-critica\\\/\"},\"wordCount\":599,\"commentCount\":0,\"image\":{\"@id\":\"https:\\\/\\\/www.cope.es\\\/blogs\\\/palomitas-de-maiz\\\/2019\\\/09\\\/14\\\/jayme-monjardim-lleva-al-cine-a-un-influencer-en-el-vendedor-de-suenos-critica\\\/#primaryimage\"},\"thumbnailUrl\":\"https:\\\/\\\/www.cope.es\\\/blogs\\\/palomitas-de-maiz\\\/wp-content\\\/uploads\\\/sites\\\/6\\\/2019\\\/09\\\/el-vendedor-de-sue\u00f1os-1.jpg\",\"keywords\":[\"13 de septiembre\",\"adaptacion\",\"augusto cury\",\"bosco films\",\"c\u00e9sar troncoso\",\"cine\",\"drama\",\"el vendedor de sue\u00f1os\",\"Estreno\",\"estrenos de cine\",\"influencer\",\"jayme monjardim\",\"libro\",\"moralidad\",\"muerte\",\"suicidio\",\"traici\u00f3n\",\"valores\"],\"articleSection\":[\"actores\",\"actualidad\",\"bestseller\",\"Cine\",\"Cr\u00edtica de Cine\",\"Drama\",\"premios oscar\",\"Valores\"],\"inLanguage\":\"es\",\"potentialAction\":[{\"@type\":\"CommentAction\",\"name\":\"Comment\",\"target\":[\"https:\\\/\\\/www.cope.es\\\/blogs\\\/palomitas-de-maiz\\\/2019\\\/09\\\/14\\\/jayme-monjardim-lleva-al-cine-a-un-influencer-en-el-vendedor-de-suenos-critica\\\/#respond\"]}]},{\"@type\":\"WebPage\",\"@id\":\"https:\\\/\\\/www.cope.es\\\/blogs\\\/palomitas-de-maiz\\\/2019\\\/09\\\/14\\\/jayme-monjardim-lleva-al-cine-a-un-influencer-en-el-vendedor-de-suenos-critica\\\/\",\"url\":\"https:\\\/\\\/www.cope.es\\\/blogs\\\/palomitas-de-maiz\\\/2019\\\/09\\\/14\\\/jayme-monjardim-lleva-al-cine-a-un-influencer-en-el-vendedor-de-suenos-critica\\\/\",\"name\":\"Jayme Monjardim lleva al cine a un influencer en \u2018El vendedor de sue\u00f1os\u2019\",\"isPartOf\":{\"@id\":\"https:\\\/\\\/www.cope.es\\\/blogs\\\/palomitas-de-maiz\\\/#website\"},\"primaryImageOfPage\":{\"@id\":\"https:\\\/\\\/www.cope.es\\\/blogs\\\/palomitas-de-maiz\\\/2019\\\/09\\\/14\\\/jayme-monjardim-lleva-al-cine-a-un-influencer-en-el-vendedor-de-suenos-critica\\\/#primaryimage\"},\"image\":{\"@id\":\"https:\\\/\\\/www.cope.es\\\/blogs\\\/palomitas-de-maiz\\\/2019\\\/09\\\/14\\\/jayme-monjardim-lleva-al-cine-a-un-influencer-en-el-vendedor-de-suenos-critica\\\/#primaryimage\"},\"thumbnailUrl\":\"https:\\\/\\\/www.cope.es\\\/blogs\\\/palomitas-de-maiz\\\/wp-content\\\/uploads\\\/sites\\\/6\\\/2019\\\/09\\\/el-vendedor-de-sue\u00f1os-1.jpg\",\"datePublished\":\"2019-09-14T13:15:46+00:00\",\"dateModified\":\"2019-09-14T13:20:39+00:00\",\"author\":{\"@id\":\"https:\\\/\\\/www.cope.es\\\/blogs\\\/palomitas-de-maiz\\\/#\\\/schema\\\/person\\\/9fb256f63733c964d19b06de1ca3c9ef\"},\"description\":\"Jayme Monjardim lleva al cine a un influencer en \u2018El vendedor de sue\u00f1os\u2019. Un mendigo consigue salvar a un psiquiatra a punto del suicidio\",\"breadcrumb\":{\"@id\":\"https:\\\/\\\/www.cope.es\\\/blogs\\\/palomitas-de-maiz\\\/2019\\\/09\\\/14\\\/jayme-monjardim-lleva-al-cine-a-un-influencer-en-el-vendedor-de-suenos-critica\\\/#breadcrumb\"},\"inLanguage\":\"es\",\"potentialAction\":[{\"@type\":\"ReadAction\",\"target\":[\"https:\\\/\\\/www.cope.es\\\/blogs\\\/palomitas-de-maiz\\\/2019\\\/09\\\/14\\\/jayme-monjardim-lleva-al-cine-a-un-influencer-en-el-vendedor-de-suenos-critica\\\/\"]}]},{\"@type\":\"ImageObject\",\"inLanguage\":\"es\",\"@id\":\"https:\\\/\\\/www.cope.es\\\/blogs\\\/palomitas-de-maiz\\\/2019\\\/09\\\/14\\\/jayme-monjardim-lleva-al-cine-a-un-influencer-en-el-vendedor-de-suenos-critica\\\/#primaryimage\",\"url\":\"https:\\\/\\\/www.cope.es\\\/blogs\\\/palomitas-de-maiz\\\/wp-content\\\/uploads\\\/sites\\\/6\\\/2019\\\/09\\\/el-vendedor-de-sue\u00f1os-1.jpg\",\"contentUrl\":\"https:\\\/\\\/www.cope.es\\\/blogs\\\/palomitas-de-maiz\\\/wp-content\\\/uploads\\\/sites\\\/6\\\/2019\\\/09\\\/el-vendedor-de-sue\u00f1os-1.jpg\",\"width\":724,\"height\":412,\"caption\":\"https:\\\/\\\/www.cope.es\\\/blogs\\\/palomitas-de-maiz\\\/2019\\\/09\\\/14\\\/jayme-monjardim-lleva-al-cine-a-un-influencer-en-el-vendedor-de-suenos-critica\"},{\"@type\":\"BreadcrumbList\",\"@id\":\"https:\\\/\\\/www.cope.es\\\/blogs\\\/palomitas-de-maiz\\\/2019\\\/09\\\/14\\\/jayme-monjardim-lleva-al-cine-a-un-influencer-en-el-vendedor-de-suenos-critica\\\/#breadcrumb\",\"itemListElement\":[{\"@type\":\"ListItem\",\"position\":1,\"name\":\"Portada\",\"item\":\"https:\\\/\\\/www.cope.es\\\/blogs\\\/palomitas-de-maiz\\\/\"},{\"@type\":\"ListItem\",\"position\":2,\"name\":\"El director de cine brasile\u00f1o, Jayme Monjardim, triunfa al llevar al cine a un influencer en \u2018El vendedor de sue\u00f1os\u2019, adaptaci\u00f3n del bestseller de Augusto Cury\"}]},{\"@type\":\"WebSite\",\"@id\":\"https:\\\/\\\/www.cope.es\\\/blogs\\\/palomitas-de-maiz\\\/#website\",\"url\":\"https:\\\/\\\/www.cope.es\\\/blogs\\\/palomitas-de-maiz\\\/\",\"name\":\"Palomitas de Ma\u00edz\",\"description\":\"Blog decano de cine de COPE\",\"potentialAction\":[{\"@type\":\"SearchAction\",\"target\":{\"@type\":\"EntryPoint\",\"urlTemplate\":\"https:\\\/\\\/www.cope.es\\\/blogs\\\/palomitas-de-maiz\\\/?s={search_term_string}\"},\"query-input\":{\"@type\":\"PropertyValueSpecification\",\"valueRequired\":true,\"valueName\":\"search_term_string\"}}],\"inLanguage\":\"es\"},{\"@type\":\"Person\",\"@id\":\"https:\\\/\\\/www.cope.es\\\/blogs\\\/palomitas-de-maiz\\\/#\\\/schema\\\/person\\\/9fb256f63733c964d19b06de1ca3c9ef\",\"name\":\"Jos\u00e9 Luis Panero\",\"image\":{\"@type\":\"ImageObject\",\"inLanguage\":\"es\",\"@id\":\"https:\\\/\\\/secure.gravatar.com\\\/avatar\\\/2ef93951eab3cee25932a7219e566376cbf6ddedde3aa3098e7a971991a3ef12?s=96&d=mm&r=g\",\"url\":\"https:\\\/\\\/secure.gravatar.com\\\/avatar\\\/2ef93951eab3cee25932a7219e566376cbf6ddedde3aa3098e7a971991a3ef12?s=96&d=mm&r=g\",\"contentUrl\":\"https:\\\/\\\/secure.gravatar.com\\\/avatar\\\/2ef93951eab3cee25932a7219e566376cbf6ddedde3aa3098e7a971991a3ef12?s=96&d=mm&r=g\",\"caption\":\"Jos\u00e9 Luis Panero\"},\"description\":\"Licenciado en Periodismo y en Comunicaci\u00f3n Audiovisual. Tras m\u00e1s de cuatro a\u00f1os en el diario 'La Gaceta de Los Negocios' y el programa f\u00edlmico 'Pantalla Grande', es cr\u00edtico de cine en 'Ciudad Nueva', 'Pantalla 90', 'COPE' o 'Aleteia' y cr\u00edtico de teatro en 'Hoy en la city'. Ha sido coguionista y ayudante de direcci\u00f3n de cine, ponente en los coloquios de cine del foro FNAC y profesor universitario en diferentes cursos de Periodismo Social. Desde 2003 es miembro del C\u00edrculo de Escritores Cinematogr\u00e1ficos (CEC). En 2008 fund\u00f3 en 'COPE' su blog de cine 'Palomitas de Ma\u00edz'. En 2017 fue nombrado Jurado Oficial del Festival Internacional de Cine de Fuengirola (M\u00e1laga) y ese a\u00f1o la instituci\u00f3n educativa Trinity College-Liceo Serrano le distingui\u00f3 con el nombramiento de 'Profesor de Honor' del centro y miembro ilustre del claustro de profesores. En 2019 fue nombrado Jurado Oficial del Festival Internacional de Cine de Vera (Almer\u00eda). En 2020 fue nombrado Jurado Oficial del Festival Internacional de Cine de Terror de La Mar Bella (Marbella). Como int\u00e9rprete ha sido galardonado con el Premio al Actor Principal del I Festival Nacional UNIR de teatro. Desde 2020 es acad\u00e9mico de las Artes Esc\u00e9nicas de Espa\u00f1a. En 2023 fue nombrado Jurado Oficial de los 'Premios Tal\u00eda' en su I Edici\u00f3n. Y miembro de ASHUMES (Asociaci\u00f3n del Humorismo Espa\u00f1ol) a partir de 2022. En 2023 fue nombrado Jurado Oficial de la II Edici\u00f3n de los 'Premios Godot'.\",\"sameAs\":[\"http:\\\/\\\/www.cope.es\",\"https:\\\/\\\/www.facebook.com\\\/palomitero\\\/\",\"https:\\\/\\\/www.instagram.com\\\/joseluispanero\\\/\",\"https:\\\/\\\/www.linkedin.com\\\/in\\\/jos-luis-panero-gonzlez-barosa-7722a716\\\/\",\"https:\\\/\\\/x.com\\\/PALOMITERO\",\"https:\\\/\\\/www.youtube.com\\\/channel\\\/UCQYaNGiETUXUPXjYu9p3lNw\\\/videos?\",\"https:\\\/\\\/es.wikipedia.org\\\/wiki\\\/Jos_Luis_Panero_Gonzlez-Barosa\"],\"url\":\"https:\\\/\\\/www.cope.es\\\/blogs\\\/palomitas-de-maiz\\\/author\\\/jlpanero\\\/\"}]}<\/script>\n<!-- \/ Yoast SEO plugin. -->","yoast_head_json":{"title":"Jayme Monjardim lleva al cine a un influencer en \u2018El vendedor de sue\u00f1os\u2019","description":"Jayme Monjardim lleva al cine a un influencer en \u2018El vendedor de sue\u00f1os\u2019. Un mendigo consigue salvar a un psiquiatra a punto del suicidio","robots":{"index":"index","follow":"follow","max-snippet":"max-snippet:-1","max-image-preview":"max-image-preview:large","max-video-preview":"max-video-preview:-1"},"canonical":"https:\/\/www.cope.es\/blogs\/palomitas-de-maiz\/2019\/09\/14\/jayme-monjardim-lleva-al-cine-a-un-influencer-en-el-vendedor-de-suenos-critica\/","og_locale":"es_ES","og_type":"article","og_title":"Jayme Monjardim lleva al cine a un influencer en \u2018El vendedor de sue\u00f1os\u2019","og_description":"Jayme Monjardim lleva al cine a un influencer en \u2018El vendedor de sue\u00f1os\u2019. Un mendigo consigue salvar a un psiquiatra a punto del suicidio","og_url":"https:\/\/www.cope.es\/blogs\/palomitas-de-maiz\/2019\/09\/14\/jayme-monjardim-lleva-al-cine-a-un-influencer-en-el-vendedor-de-suenos-critica\/","og_site_name":"Palomitas de Ma\u00edz","article_publisher":"https:\/\/www.facebook.com\/cope\/","article_author":"https:\/\/www.facebook.com\/palomitero\/","article_published_time":"2019-09-14T13:15:46+00:00","article_modified_time":"2019-09-14T13:20:39+00:00","og_image":[{"width":724,"height":412,"url":"https:\/\/www.cope.es\/blogs\/palomitas-de-maiz\/wp-content\/uploads\/sites\/6\/2019\/09\/el-vendedor-de-sue\u00f1os-1.jpg","type":"image\/jpeg"}],"author":"Jos\u00e9 Luis Panero","twitter_card":"summary_large_image","twitter_creator":"@PALOMITERO","twitter_site":"@cope_es","twitter_misc":{"Escrito por":"Jos\u00e9 Luis Panero","Tiempo de lectura":"3 minutos"},"schema":{"@context":"https:\/\/schema.org","@graph":[{"@type":"Article","@id":"https:\/\/www.cope.es\/blogs\/palomitas-de-maiz\/2019\/09\/14\/jayme-monjardim-lleva-al-cine-a-un-influencer-en-el-vendedor-de-suenos-critica\/#article","isPartOf":{"@id":"https:\/\/www.cope.es\/blogs\/palomitas-de-maiz\/2019\/09\/14\/jayme-monjardim-lleva-al-cine-a-un-influencer-en-el-vendedor-de-suenos-critica\/"},"author":{"name":"Jos\u00e9 Luis Panero","@id":"https:\/\/www.cope.es\/blogs\/palomitas-de-maiz\/#\/schema\/person\/9fb256f63733c964d19b06de1ca3c9ef"},"headline":"El director de cine brasile\u00f1o, Jayme Monjardim, triunfa al llevar al cine a un influencer en \u2018El vendedor de sue\u00f1os\u2019, adaptaci\u00f3n del bestseller de Augusto Cury","datePublished":"2019-09-14T13:15:46+00:00","dateModified":"2019-09-14T13:20:39+00:00","mainEntityOfPage":{"@id":"https:\/\/www.cope.es\/blogs\/palomitas-de-maiz\/2019\/09\/14\/jayme-monjardim-lleva-al-cine-a-un-influencer-en-el-vendedor-de-suenos-critica\/"},"wordCount":599,"commentCount":0,"image":{"@id":"https:\/\/www.cope.es\/blogs\/palomitas-de-maiz\/2019\/09\/14\/jayme-monjardim-lleva-al-cine-a-un-influencer-en-el-vendedor-de-suenos-critica\/#primaryimage"},"thumbnailUrl":"https:\/\/www.cope.es\/blogs\/palomitas-de-maiz\/wp-content\/uploads\/sites\/6\/2019\/09\/el-vendedor-de-sue\u00f1os-1.jpg","keywords":["13 de septiembre","adaptacion","augusto cury","bosco films","c\u00e9sar troncoso","cine","drama","el vendedor de sue\u00f1os","Estreno","estrenos de cine","influencer","jayme monjardim","libro","moralidad","muerte","suicidio","traici\u00f3n","valores"],"articleSection":["actores","actualidad","bestseller","Cine","Cr\u00edtica de Cine","Drama","premios oscar","Valores"],"inLanguage":"es","potentialAction":[{"@type":"CommentAction","name":"Comment","target":["https:\/\/www.cope.es\/blogs\/palomitas-de-maiz\/2019\/09\/14\/jayme-monjardim-lleva-al-cine-a-un-influencer-en-el-vendedor-de-suenos-critica\/#respond"]}]},{"@type":"WebPage","@id":"https:\/\/www.cope.es\/blogs\/palomitas-de-maiz\/2019\/09\/14\/jayme-monjardim-lleva-al-cine-a-un-influencer-en-el-vendedor-de-suenos-critica\/","url":"https:\/\/www.cope.es\/blogs\/palomitas-de-maiz\/2019\/09\/14\/jayme-monjardim-lleva-al-cine-a-un-influencer-en-el-vendedor-de-suenos-critica\/","name":"Jayme Monjardim lleva al cine a un influencer en \u2018El vendedor de sue\u00f1os\u2019","isPartOf":{"@id":"https:\/\/www.cope.es\/blogs\/palomitas-de-maiz\/#website"},"primaryImageOfPage":{"@id":"https:\/\/www.cope.es\/blogs\/palomitas-de-maiz\/2019\/09\/14\/jayme-monjardim-lleva-al-cine-a-un-influencer-en-el-vendedor-de-suenos-critica\/#primaryimage"},"image":{"@id":"https:\/\/www.cope.es\/blogs\/palomitas-de-maiz\/2019\/09\/14\/jayme-monjardim-lleva-al-cine-a-un-influencer-en-el-vendedor-de-suenos-critica\/#primaryimage"},"thumbnailUrl":"https:\/\/www.cope.es\/blogs\/palomitas-de-maiz\/wp-content\/uploads\/sites\/6\/2019\/09\/el-vendedor-de-sue\u00f1os-1.jpg","datePublished":"2019-09-14T13:15:46+00:00","dateModified":"2019-09-14T13:20:39+00:00","author":{"@id":"https:\/\/www.cope.es\/blogs\/palomitas-de-maiz\/#\/schema\/person\/9fb256f63733c964d19b06de1ca3c9ef"},"description":"Jayme Monjardim lleva al cine a un influencer en \u2018El vendedor de sue\u00f1os\u2019. Un mendigo consigue salvar a un psiquiatra a punto del suicidio","breadcrumb":{"@id":"https:\/\/www.cope.es\/blogs\/palomitas-de-maiz\/2019\/09\/14\/jayme-monjardim-lleva-al-cine-a-un-influencer-en-el-vendedor-de-suenos-critica\/#breadcrumb"},"inLanguage":"es","potentialAction":[{"@type":"ReadAction","target":["https:\/\/www.cope.es\/blogs\/palomitas-de-maiz\/2019\/09\/14\/jayme-monjardim-lleva-al-cine-a-un-influencer-en-el-vendedor-de-suenos-critica\/"]}]},{"@type":"ImageObject","inLanguage":"es","@id":"https:\/\/www.cope.es\/blogs\/palomitas-de-maiz\/2019\/09\/14\/jayme-monjardim-lleva-al-cine-a-un-influencer-en-el-vendedor-de-suenos-critica\/#primaryimage","url":"https:\/\/www.cope.es\/blogs\/palomitas-de-maiz\/wp-content\/uploads\/sites\/6\/2019\/09\/el-vendedor-de-sue\u00f1os-1.jpg","contentUrl":"https:\/\/www.cope.es\/blogs\/palomitas-de-maiz\/wp-content\/uploads\/sites\/6\/2019\/09\/el-vendedor-de-sue\u00f1os-1.jpg","width":724,"height":412,"caption":"https:\/\/www.cope.es\/blogs\/palomitas-de-maiz\/2019\/09\/14\/jayme-monjardim-lleva-al-cine-a-un-influencer-en-el-vendedor-de-suenos-critica"},{"@type":"BreadcrumbList","@id":"https:\/\/www.cope.es\/blogs\/palomitas-de-maiz\/2019\/09\/14\/jayme-monjardim-lleva-al-cine-a-un-influencer-en-el-vendedor-de-suenos-critica\/#breadcrumb","itemListElement":[{"@type":"ListItem","position":1,"name":"Portada","item":"https:\/\/www.cope.es\/blogs\/palomitas-de-maiz\/"},{"@type":"ListItem","position":2,"name":"El director de cine brasile\u00f1o, Jayme Monjardim, triunfa al llevar al cine a un influencer en \u2018El vendedor de sue\u00f1os\u2019, adaptaci\u00f3n del bestseller de Augusto Cury"}]},{"@type":"WebSite","@id":"https:\/\/www.cope.es\/blogs\/palomitas-de-maiz\/#website","url":"https:\/\/www.cope.es\/blogs\/palomitas-de-maiz\/","name":"Palomitas de Ma\u00edz","description":"Blog decano de cine de COPE","potentialAction":[{"@type":"SearchAction","target":{"@type":"EntryPoint","urlTemplate":"https:\/\/www.cope.es\/blogs\/palomitas-de-maiz\/?s={search_term_string}"},"query-input":{"@type":"PropertyValueSpecification","valueRequired":true,"valueName":"search_term_string"}}],"inLanguage":"es"},{"@type":"Person","@id":"https:\/\/www.cope.es\/blogs\/palomitas-de-maiz\/#\/schema\/person\/9fb256f63733c964d19b06de1ca3c9ef","name":"Jos\u00e9 Luis Panero","image":{"@type":"ImageObject","inLanguage":"es","@id":"https:\/\/secure.gravatar.com\/avatar\/2ef93951eab3cee25932a7219e566376cbf6ddedde3aa3098e7a971991a3ef12?s=96&d=mm&r=g","url":"https:\/\/secure.gravatar.com\/avatar\/2ef93951eab3cee25932a7219e566376cbf6ddedde3aa3098e7a971991a3ef12?s=96&d=mm&r=g","contentUrl":"https:\/\/secure.gravatar.com\/avatar\/2ef93951eab3cee25932a7219e566376cbf6ddedde3aa3098e7a971991a3ef12?s=96&d=mm&r=g","caption":"Jos\u00e9 Luis Panero"},"description":"Licenciado en Periodismo y en Comunicaci\u00f3n Audiovisual. Tras m\u00e1s de cuatro a\u00f1os en el diario 'La Gaceta de Los Negocios' y el programa f\u00edlmico 'Pantalla Grande', es cr\u00edtico de cine en 'Ciudad Nueva', 'Pantalla 90', 'COPE' o 'Aleteia' y cr\u00edtico de teatro en 'Hoy en la city'. Ha sido coguionista y ayudante de direcci\u00f3n de cine, ponente en los coloquios de cine del foro FNAC y profesor universitario en diferentes cursos de Periodismo Social. Desde 2003 es miembro del C\u00edrculo de Escritores Cinematogr\u00e1ficos (CEC). En 2008 fund\u00f3 en 'COPE' su blog de cine 'Palomitas de Ma\u00edz'. En 2017 fue nombrado Jurado Oficial del Festival Internacional de Cine de Fuengirola (M\u00e1laga) y ese a\u00f1o la instituci\u00f3n educativa Trinity College-Liceo Serrano le distingui\u00f3 con el nombramiento de 'Profesor de Honor' del centro y miembro ilustre del claustro de profesores. En 2019 fue nombrado Jurado Oficial del Festival Internacional de Cine de Vera (Almer\u00eda). En 2020 fue nombrado Jurado Oficial del Festival Internacional de Cine de Terror de La Mar Bella (Marbella). Como int\u00e9rprete ha sido galardonado con el Premio al Actor Principal del I Festival Nacional UNIR de teatro. Desde 2020 es acad\u00e9mico de las Artes Esc\u00e9nicas de Espa\u00f1a. En 2023 fue nombrado Jurado Oficial de los 'Premios Tal\u00eda' en su I Edici\u00f3n. Y miembro de ASHUMES (Asociaci\u00f3n del Humorismo Espa\u00f1ol) a partir de 2022. En 2023 fue nombrado Jurado Oficial de la II Edici\u00f3n de los 'Premios Godot'.","sameAs":["http:\/\/www.cope.es","https:\/\/www.facebook.com\/palomitero\/","https:\/\/www.instagram.com\/joseluispanero\/","https:\/\/www.linkedin.com\/in\/jos-luis-panero-gonzlez-barosa-7722a716\/","https:\/\/x.com\/PALOMITERO","https:\/\/www.youtube.com\/channel\/UCQYaNGiETUXUPXjYu9p3lNw\/videos?","https:\/\/es.wikipedia.org\/wiki\/Jos_Luis_Panero_Gonzlez-Barosa"],"url":"https:\/\/www.cope.es\/blogs\/palomitas-de-maiz\/author\/jlpanero\/"}]}},"amp_enabled":true,"_links":{"self":[{"href":"https:\/\/www.cope.es\/blogs\/palomitas-de-maiz\/wp-json\/wp\/v2\/posts\/4038","targetHints":{"allow":["GET"]}}],"collection":[{"href":"https:\/\/www.cope.es\/blogs\/palomitas-de-maiz\/wp-json\/wp\/v2\/posts"}],"about":[{"href":"https:\/\/www.cope.es\/blogs\/palomitas-de-maiz\/wp-json\/wp\/v2\/types\/post"}],"author":[{"embeddable":true,"href":"https:\/\/www.cope.es\/blogs\/palomitas-de-maiz\/wp-json\/wp\/v2\/users\/6"}],"replies":[{"embeddable":true,"href":"https:\/\/www.cope.es\/blogs\/palomitas-de-maiz\/wp-json\/wp\/v2\/comments?post=4038"}],"version-history":[{"count":2,"href":"https:\/\/www.cope.es\/blogs\/palomitas-de-maiz\/wp-json\/wp\/v2\/posts\/4038\/revisions"}],"predecessor-version":[{"id":4049,"href":"https:\/\/www.cope.es\/blogs\/palomitas-de-maiz\/wp-json\/wp\/v2\/posts\/4038\/revisions\/4049"}],"wp:featuredmedia":[{"embeddable":true,"href":"https:\/\/www.cope.es\/blogs\/palomitas-de-maiz\/wp-json\/wp\/v2\/media\/4041"}],"wp:attachment":[{"href":"https:\/\/www.cope.es\/blogs\/palomitas-de-maiz\/wp-json\/wp\/v2\/media?parent=4038"}],"wp:term":[{"taxonomy":"category","embeddable":true,"href":"https:\/\/www.cope.es\/blogs\/palomitas-de-maiz\/wp-json\/wp\/v2\/categories?post=4038"},{"taxonomy":"post_tag","embeddable":true,"href":"https:\/\/www.cope.es\/blogs\/palomitas-de-maiz\/wp-json\/wp\/v2\/tags?post=4038"}],"curies":[{"name":"wp","href":"https:\/\/api.w.org\/{rel}","templated":true}]}}