{"id":3741,"date":"2019-06-16T03:31:31","date_gmt":"2019-06-16T01:31:31","guid":{"rendered":"http:\/\/www.cope.es\/blogs\/palomitas-de-maiz\/?p=3741"},"modified":"2019-06-16T03:42:57","modified_gmt":"2019-06-16T01:42:57","slug":"franco-zeffirelli-contempla-hoy-a-su-jesus-de-nazaret-director-cine","status":"publish","type":"post","link":"https:\/\/www.cope.es\/blogs\/palomitas-de-maiz\/2019\/06\/16\/franco-zeffirelli-contempla-hoy-a-su-jesus-de-nazaret-director-cine\/","title":{"rendered":"Ha muerto el director de cine Franco Zeffirelli, enamorado de Mar\u00eda Callas, amante de Luchino Visconti y convertido al catolicismo"},"content":{"rendered":"<p>\u00a1Mis queridos palomiteros! Franco Zeffirelli contempla hoy a su \u2018Jes\u00fas de Nazaret\u2019. S\u00ed, la noticia corri\u00f3 veloz&#8230; como todas las malas noticias. Hace pocas horas, el reputado cineasta y escen\u00f3grafo italiano mor\u00eda a los 96 a\u00f1os en su casa de Roma. Conservo de \u00e9l un grato recuerdo, por lo que estas l\u00edneas no me son f\u00e1ciles de escribir.<\/p>\n<figure id=\"attachment_3742\" aria-describedby=\"caption-attachment-3742\" style=\"width: 725px\" class=\"wp-caption aligncenter\"><img loading=\"lazy\" decoding=\"async\" width=\"725\" height=\"486\" class=\"wp-image-3742 size-full\" src=\"http:\/\/www.cope.es\/blogs\/palomitas-de-maiz\/wp-content\/uploads\/sites\/6\/2019\/06\/franco-zeffirelli-y-jos\u00e9-luis-panero.jpg\" alt=\"El cineasta italiano Franco Zeffirelli y el periodista espa\u00f1ol Jos\u00e9 Luis Panero | Franco Zeffirelli contempla hoy a su \u2018Jes\u00fas de Nazaret\u2019\" srcset=\"https:\/\/www.cope.es\/blogs\/palomitas-de-maiz\/wp-content\/uploads\/sites\/6\/2019\/06\/franco-zeffirelli-y-jos\u00e9-luis-panero.jpg 725w, https:\/\/www.cope.es\/blogs\/palomitas-de-maiz\/wp-content\/uploads\/sites\/6\/2019\/06\/franco-zeffirelli-y-jos\u00e9-luis-panero-300x201.jpg 300w\" sizes=\"auto, (max-width: 725px) 100vw, 725px\" \/><figcaption id=\"caption-attachment-3742\" class=\"wp-caption-text\">El cineasta italiano <strong>Franco Zeffirelli<\/strong> y el periodista espa\u00f1ol <strong>Jos\u00e9 Luis Panero<\/strong> | Franco Zeffirelli contempla hoy a su \u2018Jes\u00fas de Nazaret\u2019<\/figcaption><\/figure>\n<p>Una ma\u00f1ana de oto\u00f1o me aseguraba en un vacilante espa\u00f1ol, que \u201ccuando hay amor, el hombre siempre se siente m\u00e1s poderoso, todo le resulta m\u00e1s f\u00e1cil\u201d, y que \u201ces una suerte tener a qui\u00e9n amar y tener la capacidad suficiente para poder hacerlo bien. Pero nada de ello se entiende cuando a\u00fan existiendo gusto o aprecio hacia la otra persona, no existe qu\u00edmica en la pareja\u201d.<\/p>\n<figure id=\"attachment_3744\" aria-describedby=\"caption-attachment-3744\" style=\"width: 725px\" class=\"wp-caption aligncenter\"><img loading=\"lazy\" decoding=\"async\" width=\"725\" height=\"558\" class=\"wp-image-3744 size-full\" src=\"http:\/\/www.cope.es\/blogs\/palomitas-de-maiz\/wp-content\/uploads\/sites\/6\/2019\/06\/la-fierecilla-domada.jpg\" alt=\"Cartel promocional de La fierecilla domada, de Franco Zeffirelli | Franco Zeffirelli contempla hoy a su \u2018Jes\u00fas de Nazaret\u2019\" srcset=\"https:\/\/www.cope.es\/blogs\/palomitas-de-maiz\/wp-content\/uploads\/sites\/6\/2019\/06\/la-fierecilla-domada.jpg 725w, https:\/\/www.cope.es\/blogs\/palomitas-de-maiz\/wp-content\/uploads\/sites\/6\/2019\/06\/la-fierecilla-domada-300x231.jpg 300w, https:\/\/www.cope.es\/blogs\/palomitas-de-maiz\/wp-content\/uploads\/sites\/6\/2019\/06\/la-fierecilla-domada-390x300.jpg 390w\" sizes=\"auto, (max-width: 725px) 100vw, 725px\" \/><figcaption id=\"caption-attachment-3744\" class=\"wp-caption-text\"><strong>Cartel promocional de<\/strong> <em>La fierecilla domada<\/em>, de <strong>Franco Zeffirelli<\/strong> | Franco Zeffirelli contempla hoy a su \u2018Jes\u00fas de Nazaret\u2019<\/figcaption><\/figure>\n<p>El prestigioso <strong>director de cine italiano<\/strong> me transmiti\u00f3 estas sabias opiniones en respuesta a mi insistente inquietud por el significado del amor en t\u00e9rminos globales, y en referencia a su versi\u00f3n de <em>Romeo y Julieta<\/em> (1968). Tales declaraciones se produjeron cuando visit\u00f3 Madrid en 2002, para la promoci\u00f3n de <em>Callas forever<\/em>, con <strong>Fanny Ardant<\/strong> y <strong>Jeremy Irons<\/strong> a la cabeza del reparto. La pel\u00edcula se rod\u00f3 para homenajear a la \u00fanica mujer que am\u00f3, <strong>Mar\u00eda Callas<\/strong>.<\/p>\n<figure id=\"attachment_3745\" aria-describedby=\"caption-attachment-3745\" style=\"width: 725px\" class=\"wp-caption aligncenter\"><img loading=\"lazy\" decoding=\"async\" width=\"725\" height=\"1083\" class=\"wp-image-3745 size-full\" src=\"http:\/\/www.cope.es\/blogs\/palomitas-de-maiz\/wp-content\/uploads\/sites\/6\/2019\/06\/hermanosolhermanaluna.jpg\" alt=\"Cartel promocional de Hermano sol, hermana luna | Franco Zeffirelli contempla hoy a su \u2018Jes\u00fas de Nazaret\u2019\" srcset=\"https:\/\/www.cope.es\/blogs\/palomitas-de-maiz\/wp-content\/uploads\/sites\/6\/2019\/06\/hermanosolhermanaluna.jpg 725w, https:\/\/www.cope.es\/blogs\/palomitas-de-maiz\/wp-content\/uploads\/sites\/6\/2019\/06\/hermanosolhermanaluna-201x300.jpg 201w, https:\/\/www.cope.es\/blogs\/palomitas-de-maiz\/wp-content\/uploads\/sites\/6\/2019\/06\/hermanosolhermanaluna-686x1024.jpg 686w\" sizes=\"auto, (max-width: 725px) 100vw, 725px\" \/><figcaption id=\"caption-attachment-3745\" class=\"wp-caption-text\"><strong>Cartel promocional de<\/strong> <em>Hermano sol, hermana luna<\/em> | Franco Zeffirelli contempla hoy a su \u2018Jes\u00fas de Nazaret\u2019<\/figcaption><\/figure>\n<h2>Franco Zeffirelli contempla hoy a su \u2018Jes\u00fas de Nazaret\u2019<\/h2>\n<p>Pero el aspecto m\u00e1s llamativo sobre <strong>Zeffirelli <\/strong>viene a partir de su relaci\u00f3n sentimental con <strong>Visconti<\/strong>, autor de <em>Muerte en Venecia<\/em> (1971). El primero estaba enamorado del segundo, que era mayor que \u00e9l 17 a\u00f1os. No en vano, Zeffirelli fue su ayudante de direcci\u00f3n en tres ocasiones: <em>La terra trema<\/em> (1947), <em>Bellissima<\/em> (1951) y <em>Senso<\/em> (1952).<\/p>\n<p>La admiraci\u00f3n por su mentor era absoluta. Tal vez porque desde ni\u00f1o fue rechazado por las dos familias al ser un hijo ileg\u00edtimo, y por tanto, no querido. Sin embargo, un d\u00eda todo cambi\u00f3 para ambos cuando <strong>sufrieron un gran accidente de coche que casi les siega la vida<\/strong>\u00a0y del que salieron ilesos.<\/p>\n<figure id=\"attachment_3746\" aria-describedby=\"caption-attachment-3746\" style=\"width: 725px\" class=\"wp-caption aligncenter\"><img loading=\"lazy\" decoding=\"async\" width=\"725\" height=\"912\" class=\"wp-image-3746 size-full\" src=\"http:\/\/www.cope.es\/blogs\/palomitas-de-maiz\/wp-content\/uploads\/sites\/6\/2019\/06\/romeo-y-julieta.jpg\" alt=\"Cartel promocional de Romeo y Julieta | Franco Zeffirelli contempla hoy a su \u2018Jes\u00fas de Nazaret\u2019\" srcset=\"https:\/\/www.cope.es\/blogs\/palomitas-de-maiz\/wp-content\/uploads\/sites\/6\/2019\/06\/romeo-y-julieta.jpg 725w, https:\/\/www.cope.es\/blogs\/palomitas-de-maiz\/wp-content\/uploads\/sites\/6\/2019\/06\/romeo-y-julieta-238x300.jpg 238w\" sizes=\"auto, (max-width: 725px) 100vw, 725px\" \/><figcaption id=\"caption-attachment-3746\" class=\"wp-caption-text\"><strong>Cartel promocional de<\/strong> <em>Romeo y Julieta<\/em> | Franco Zeffirelli contempla hoy a su \u2018Jes\u00fas de Nazaret\u2019<\/figcaption><\/figure>\n<p>Zeffirelli, desde entonces, empez\u00f3 a pensar si esa posible ruptura accidental ten\u00eda adem\u00e1s otras connotaciones. Entonces se produjo una brutal ruptura emocional con Visconti, muy dolorosa, y a pesar de su homosexualidad declarada, reconoci\u00f3 que era el momento oportuno de quitarse del tipo de vida poco saludable al que le arrastraba Visconti. Sab\u00eda lo que hac\u00eda y lo que dec\u00eda. As\u00ed las cosas, comenz\u00f3 a dirigir el cine que le mov\u00eda por dentro el coraz\u00f3n. Y se convirti\u00f3 al catolicismo.<\/p>\n<h2>Sus convicciones religiosas lo llevaron a hacer campa\u00f1a contra <em>La \u00faltima tentaci\u00f3n de Cristo<\/em>, de Martin Scorsese<\/h2>\n<p>Se postul\u00f3 en contra de la <strong>pornograf\u00eda<\/strong> y era un gran amante del <strong>Papa Francisco<\/strong>. Adem\u00e1s sus convicciones religiosas lo llevaron a hacer campa\u00f1a contra <em>La \u00faltima tentaci\u00f3n de Cristo<\/em>, de <strong><a href=\"https:\/\/www.cope.es\/blogs\/palomitas-de-maiz\/2018\/07\/04\/critica-pelicula-martin-scorsese-defiende-la-persecucion-de-los-cristianos-con-silencio\/\">Martin Scorsese<\/a><\/strong>, cinta presentada en Venecia al mismo tiempo que su <em>Toscanini<\/em> en 1988.<\/p>\n<figure id=\"attachment_3747\" aria-describedby=\"caption-attachment-3747\" style=\"width: 725px\" class=\"wp-caption aligncenter\"><img loading=\"lazy\" decoding=\"async\" width=\"725\" height=\"1026\" class=\"wp-image-3747 size-full\" src=\"http:\/\/www.cope.es\/blogs\/palomitas-de-maiz\/wp-content\/uploads\/sites\/6\/2019\/06\/JesusNazaret.jpg\" alt=\"Cartel promocional de Jes\u00fas de Nazaret | Franco Zeffirelli contempla hoy a su \u2018Jes\u00fas de Nazaret\u2019\" srcset=\"https:\/\/www.cope.es\/blogs\/palomitas-de-maiz\/wp-content\/uploads\/sites\/6\/2019\/06\/JesusNazaret.jpg 725w, https:\/\/www.cope.es\/blogs\/palomitas-de-maiz\/wp-content\/uploads\/sites\/6\/2019\/06\/JesusNazaret-212x300.jpg 212w, https:\/\/www.cope.es\/blogs\/palomitas-de-maiz\/wp-content\/uploads\/sites\/6\/2019\/06\/JesusNazaret-724x1024.jpg 724w\" sizes=\"auto, (max-width: 725px) 100vw, 725px\" \/><figcaption id=\"caption-attachment-3747\" class=\"wp-caption-text\"><strong>Cartel promocional de<\/strong> <em>Jes\u00fas de Nazaret<\/em> | Franco Zeffirelli contempla hoy a su \u2018Jes\u00fas de Nazaret\u2019<\/figcaption><\/figure>\n<p>Adem\u00e1s llegar\u00edan otros grandes t\u00edtulos como <em>La fierecilla domada<\/em>, con <strong>Richard Burton<\/strong> y <strong>Elizabeth Taylor<\/strong> (1966), <em>Romeo y Julieta<\/em>, con <strong>Michael York<\/strong> y <strong>Laurence Olivier<\/strong> (1968); <em>Hermano Sol, hermana Luna<\/em> (1971); <em>Campe\u00f3n<\/em>, con <strong>Jon Voight, Faye Dunaway <\/strong>y <strong>Nicky Schrodeer<\/strong> (1978); <em>Amor sin fin<\/em>, con <strong>Brooke Shields<\/strong> (1981) y <em>T\u00e9 con Mussolini <\/em>(1999), en la que relata su infancia. Para televisi\u00f3n film\u00f3 esa maravillosa miniserie, <em>Jes\u00fas de Nazaret<\/em>, con un reparto de esc\u00e1ndalo, que es la mejor historia sobre Jes\u00fas por su fidelidad a los evangelios.<\/p>\n<figure id=\"attachment_3748\" aria-describedby=\"caption-attachment-3748\" style=\"width: 725px\" class=\"wp-caption aligncenter\"><img loading=\"lazy\" decoding=\"async\" width=\"725\" height=\"1093\" class=\"wp-image-3748 size-full\" src=\"http:\/\/www.cope.es\/blogs\/palomitas-de-maiz\/wp-content\/uploads\/sites\/6\/2019\/06\/callasforever.jpg\" alt=\"Cartel promocional del filme Callas forever | Franco Zeffirelli contempla hoy a su \u2018Jes\u00fas de Nazaret\u2019\" srcset=\"https:\/\/www.cope.es\/blogs\/palomitas-de-maiz\/wp-content\/uploads\/sites\/6\/2019\/06\/callasforever.jpg 725w, https:\/\/www.cope.es\/blogs\/palomitas-de-maiz\/wp-content\/uploads\/sites\/6\/2019\/06\/callasforever-199x300.jpg 199w, https:\/\/www.cope.es\/blogs\/palomitas-de-maiz\/wp-content\/uploads\/sites\/6\/2019\/06\/callasforever-679x1024.jpg 679w\" sizes=\"auto, (max-width: 725px) 100vw, 725px\" \/><figcaption id=\"caption-attachment-3748\" class=\"wp-caption-text\"><strong>Cartel promocional del filme<\/strong> <em>Callas forever<\/em> | Franco Zeffirelli contempla hoy a su \u2018Jes\u00fas de Nazaret\u2019<\/figcaption><\/figure>\n<p>Con la muerte de <strong>Zeffirelli <\/strong>el cine italiano pierde a uno de sus exponentes con m\u00e1s car\u00e1cter y personalidad reconocidos en todo el mundo, culto y dialogante. Y a\u00fan no s\u00e9 si el cine le ha hecho Justicia. Por de pronto, <strong>no tiene ning\u00fan Oscar<\/strong>. Y m\u00e9ritos para obtenerlo le sobraban. En fin, ya se sabe que ir a contracorriente no vende. Pero yo te aplaudo tu valent\u00eda y tu autenticidad. Gracias. Mr Zeffirelli. Nos encontraremos.<\/p>\n<p><iframe loading=\"lazy\" width=\"675\" height=\"380\" src=\"https:\/\/www.youtube.com\/embed\/gCWDzOpgRrY?feature=oembed\" frameborder=\"0\" allow=\"accelerometer; autoplay; encrypted-media; gyroscope; picture-in-picture\" allowfullscreen><\/iframe><\/p>\n","protected":false},"excerpt":{"rendered":"<p>\u00a1Mis queridos palomiteros! Franco Zeffirelli contempla hoy a su \u2018Jes\u00fas de Nazaret\u2019. S\u00ed, la noticia corri\u00f3 veloz&#8230; como todas las malas noticias. Hace pocas horas, el reputado cineasta y escen\u00f3grafo italiano mor\u00eda a los 96 a\u00f1os en su casa de Roma. Conservo de \u00e9l un grato recuerdo, por lo que estas l\u00edneas no me son [&hellip;]<\/p>\n","protected":false},"author":6,"featured_media":3743,"comment_status":"open","ping_status":"open","sticky":false,"template":"","format":"standard","meta":{"footnotes":""},"categories":[336,49,825,348,387],"tags":[3546,3545,3558,3548,3550,3557,2305,44,3560,976,731,3554,3556,829,3551,3262,3555,726,3547,3408,3544,3561,3202,3553,21,769,347,2357,590,3549,3559,3552],"class_list":["post-3741","post","type-post","status-publish","format-standard","has-post-thumbnail","hentry","category-actualidad","category-cine","category-homenaje","category-industria","category-valores","tag-accidente","tag-amante","tag-amor-sin-fin","tag-bellisima","tag-callas-forever","tag-campeon","tag-catolicismo","tag-cine","tag-cine-italiano","tag-director-de-cine","tag-franco-zeffirelli","tag-hermano-sol-hermana-luna","tag-hijo-ilegitimo","tag-homenaje","tag-homosexual","tag-infancia","tag-italia","tag-jesus-de-nazaret","tag-la-terra-trema","tag-la-ultima-tentacion-de-cristo","tag-luchino-visconti","tag-maria-callas","tag-muerte","tag-muerte-en-venecia","tag-oscar","tag-papa-francisco","tag-pornografia","tag-roma","tag-romeo-y-julieta","tag-senso","tag-te-con-mussolini","tag-toscanini"],"yoast_head":"<!-- This site is optimized with the Yoast SEO plugin v27.4 - https:\/\/yoast.com\/product\/yoast-seo-wordpress\/ -->\n<title>Franco Zeffirelli contempla hoy a su \u2018Jes\u00fas de Nazaret\u2019<\/title>\n<meta name=\"description\" content=\"Franco Zeffirelli contempla hoy a su \u2018Jes\u00fas de Nazaret\u2019. Hace pocas horas, el cineasta y escen\u00f3grafo italiano mor\u00eda a los 96 a\u00f1os en su casa de Roma\" \/>\n<meta name=\"robots\" content=\"index, follow, max-snippet:-1, max-image-preview:large, max-video-preview:-1\" \/>\n<link rel=\"canonical\" href=\"https:\/\/www.cope.es\/blogs\/palomitas-de-maiz\/2019\/06\/16\/franco-zeffirelli-contempla-hoy-a-su-jesus-de-nazaret-director-cine\/\" \/>\n<meta property=\"og:locale\" content=\"es_ES\" \/>\n<meta property=\"og:type\" content=\"article\" \/>\n<meta property=\"og:title\" content=\"Franco Zeffirelli contempla hoy a su \u2018Jes\u00fas de Nazaret\u2019\" \/>\n<meta property=\"og:description\" content=\"Franco Zeffirelli contempla hoy a su \u2018Jes\u00fas de Nazaret\u2019. Hace pocas horas, el cineasta y escen\u00f3grafo italiano mor\u00eda a los 96 a\u00f1os en su casa de Roma\" \/>\n<meta property=\"og:url\" content=\"https:\/\/www.cope.es\/blogs\/palomitas-de-maiz\/2019\/06\/16\/franco-zeffirelli-contempla-hoy-a-su-jesus-de-nazaret-director-cine\/\" \/>\n<meta property=\"og:site_name\" content=\"Palomitas de Ma\u00edz\" \/>\n<meta property=\"article:publisher\" content=\"https:\/\/www.facebook.com\/cope\/\" \/>\n<meta property=\"article:author\" content=\"https:\/\/www.facebook.com\/palomitero\/\" \/>\n<meta property=\"article:published_time\" content=\"2019-06-16T01:31:31+00:00\" \/>\n<meta property=\"article:modified_time\" content=\"2019-06-16T01:42:57+00:00\" \/>\n<meta property=\"og:image\" content=\"https:\/\/www.cope.es\/blogs\/palomitas-de-maiz\/wp-content\/uploads\/sites\/6\/2019\/06\/franco-zeffirelli-y-jos\u00e9-luis-panero-1.jpg\" \/>\n\t<meta property=\"og:image:width\" content=\"725\" \/>\n\t<meta property=\"og:image:height\" content=\"486\" \/>\n\t<meta property=\"og:image:type\" content=\"image\/jpeg\" \/>\n<meta name=\"author\" content=\"Jos\u00e9 Luis Panero\" \/>\n<meta name=\"twitter:card\" content=\"summary_large_image\" \/>\n<meta name=\"twitter:creator\" content=\"@PALOMITERO\" \/>\n<meta name=\"twitter:site\" content=\"@cope_es\" \/>\n<meta name=\"twitter:label1\" content=\"Escrito por\" \/>\n\t<meta name=\"twitter:data1\" content=\"Jos\u00e9 Luis Panero\" \/>\n\t<meta name=\"twitter:label2\" content=\"Tiempo de lectura\" \/>\n\t<meta name=\"twitter:data2\" content=\"4 minutos\" \/>\n<script type=\"application\/ld+json\" class=\"yoast-schema-graph\">{\"@context\":\"https:\\\/\\\/schema.org\",\"@graph\":[{\"@type\":\"Article\",\"@id\":\"https:\\\/\\\/www.cope.es\\\/blogs\\\/palomitas-de-maiz\\\/2019\\\/06\\\/16\\\/franco-zeffirelli-contempla-hoy-a-su-jesus-de-nazaret-director-cine\\\/#article\",\"isPartOf\":{\"@id\":\"https:\\\/\\\/www.cope.es\\\/blogs\\\/palomitas-de-maiz\\\/2019\\\/06\\\/16\\\/franco-zeffirelli-contempla-hoy-a-su-jesus-de-nazaret-director-cine\\\/\"},\"author\":{\"name\":\"Jos\u00e9 Luis Panero\",\"@id\":\"https:\\\/\\\/www.cope.es\\\/blogs\\\/palomitas-de-maiz\\\/#\\\/schema\\\/person\\\/9fb256f63733c964d19b06de1ca3c9ef\"},\"headline\":\"Ha muerto el director de cine Franco Zeffirelli, enamorado de Mar\u00eda Callas, amante de Luchino Visconti y convertido al catolicismo\",\"datePublished\":\"2019-06-16T01:31:31+00:00\",\"dateModified\":\"2019-06-16T01:42:57+00:00\",\"mainEntityOfPage\":{\"@id\":\"https:\\\/\\\/www.cope.es\\\/blogs\\\/palomitas-de-maiz\\\/2019\\\/06\\\/16\\\/franco-zeffirelli-contempla-hoy-a-su-jesus-de-nazaret-director-cine\\\/\"},\"wordCount\":842,\"commentCount\":0,\"image\":{\"@id\":\"https:\\\/\\\/www.cope.es\\\/blogs\\\/palomitas-de-maiz\\\/2019\\\/06\\\/16\\\/franco-zeffirelli-contempla-hoy-a-su-jesus-de-nazaret-director-cine\\\/#primaryimage\"},\"thumbnailUrl\":\"https:\\\/\\\/www.cope.es\\\/blogs\\\/palomitas-de-maiz\\\/wp-content\\\/uploads\\\/sites\\\/6\\\/2019\\\/06\\\/franco-zeffirelli-y-jos\u00e9-luis-panero-1.jpg\",\"keywords\":[\"accidente\",\"amante\",\"amor sin fin\",\"bell\u00edsima\",\"callas forever\",\"campe\u00f3n\",\"catolicismo\",\"cine\",\"cine italiano\",\"director de cine\",\"Franco Zeffirelli\",\"hermano sol hermana luna\",\"hijo ileg\u00edtimo\",\"homenaje\",\"homosexual\",\"Infancia\",\"italia\",\"jes\u00fas de nazaret\",\"La terra trema\",\"la \u00faltima tentacion de cristo\",\"luchino visconti\",\"mar\u00eda callas\",\"muerte\",\"muerte en venecia\",\"oscar\",\"papa francisco\",\"pornograf\u00eda\",\"roma\",\"romeo y julieta\",\"senso\",\"t\u00e9 con mussolini\",\"toscanini\"],\"articleSection\":[\"actualidad\",\"Cine\",\"homenaje\",\"industria\",\"Valores\"],\"inLanguage\":\"es\",\"potentialAction\":[{\"@type\":\"CommentAction\",\"name\":\"Comment\",\"target\":[\"https:\\\/\\\/www.cope.es\\\/blogs\\\/palomitas-de-maiz\\\/2019\\\/06\\\/16\\\/franco-zeffirelli-contempla-hoy-a-su-jesus-de-nazaret-director-cine\\\/#respond\"]}]},{\"@type\":\"WebPage\",\"@id\":\"https:\\\/\\\/www.cope.es\\\/blogs\\\/palomitas-de-maiz\\\/2019\\\/06\\\/16\\\/franco-zeffirelli-contempla-hoy-a-su-jesus-de-nazaret-director-cine\\\/\",\"url\":\"https:\\\/\\\/www.cope.es\\\/blogs\\\/palomitas-de-maiz\\\/2019\\\/06\\\/16\\\/franco-zeffirelli-contempla-hoy-a-su-jesus-de-nazaret-director-cine\\\/\",\"name\":\"Franco Zeffirelli contempla hoy a su \u2018Jes\u00fas de Nazaret\u2019\",\"isPartOf\":{\"@id\":\"https:\\\/\\\/www.cope.es\\\/blogs\\\/palomitas-de-maiz\\\/#website\"},\"primaryImageOfPage\":{\"@id\":\"https:\\\/\\\/www.cope.es\\\/blogs\\\/palomitas-de-maiz\\\/2019\\\/06\\\/16\\\/franco-zeffirelli-contempla-hoy-a-su-jesus-de-nazaret-director-cine\\\/#primaryimage\"},\"image\":{\"@id\":\"https:\\\/\\\/www.cope.es\\\/blogs\\\/palomitas-de-maiz\\\/2019\\\/06\\\/16\\\/franco-zeffirelli-contempla-hoy-a-su-jesus-de-nazaret-director-cine\\\/#primaryimage\"},\"thumbnailUrl\":\"https:\\\/\\\/www.cope.es\\\/blogs\\\/palomitas-de-maiz\\\/wp-content\\\/uploads\\\/sites\\\/6\\\/2019\\\/06\\\/franco-zeffirelli-y-jos\u00e9-luis-panero-1.jpg\",\"datePublished\":\"2019-06-16T01:31:31+00:00\",\"dateModified\":\"2019-06-16T01:42:57+00:00\",\"author\":{\"@id\":\"https:\\\/\\\/www.cope.es\\\/blogs\\\/palomitas-de-maiz\\\/#\\\/schema\\\/person\\\/9fb256f63733c964d19b06de1ca3c9ef\"},\"description\":\"Franco Zeffirelli contempla hoy a su \u2018Jes\u00fas de Nazaret\u2019. Hace pocas horas, el cineasta y escen\u00f3grafo italiano mor\u00eda a los 96 a\u00f1os en su casa de Roma\",\"breadcrumb\":{\"@id\":\"https:\\\/\\\/www.cope.es\\\/blogs\\\/palomitas-de-maiz\\\/2019\\\/06\\\/16\\\/franco-zeffirelli-contempla-hoy-a-su-jesus-de-nazaret-director-cine\\\/#breadcrumb\"},\"inLanguage\":\"es\",\"potentialAction\":[{\"@type\":\"ReadAction\",\"target\":[\"https:\\\/\\\/www.cope.es\\\/blogs\\\/palomitas-de-maiz\\\/2019\\\/06\\\/16\\\/franco-zeffirelli-contempla-hoy-a-su-jesus-de-nazaret-director-cine\\\/\"]}]},{\"@type\":\"ImageObject\",\"inLanguage\":\"es\",\"@id\":\"https:\\\/\\\/www.cope.es\\\/blogs\\\/palomitas-de-maiz\\\/2019\\\/06\\\/16\\\/franco-zeffirelli-contempla-hoy-a-su-jesus-de-nazaret-director-cine\\\/#primaryimage\",\"url\":\"https:\\\/\\\/www.cope.es\\\/blogs\\\/palomitas-de-maiz\\\/wp-content\\\/uploads\\\/sites\\\/6\\\/2019\\\/06\\\/franco-zeffirelli-y-jos\u00e9-luis-panero-1.jpg\",\"contentUrl\":\"https:\\\/\\\/www.cope.es\\\/blogs\\\/palomitas-de-maiz\\\/wp-content\\\/uploads\\\/sites\\\/6\\\/2019\\\/06\\\/franco-zeffirelli-y-jos\u00e9-luis-panero-1.jpg\",\"width\":725,\"height\":486,\"caption\":\"https:\\\/\\\/www.cope.es\\\/blogs\\\/palomitas-de-maiz\\\/2019\\\/06\\\/16\\\/franco-zeffirelli-contempla-hoy-a-su-jesus-de-nazaret-director-cine\\\/\"},{\"@type\":\"BreadcrumbList\",\"@id\":\"https:\\\/\\\/www.cope.es\\\/blogs\\\/palomitas-de-maiz\\\/2019\\\/06\\\/16\\\/franco-zeffirelli-contempla-hoy-a-su-jesus-de-nazaret-director-cine\\\/#breadcrumb\",\"itemListElement\":[{\"@type\":\"ListItem\",\"position\":1,\"name\":\"Portada\",\"item\":\"https:\\\/\\\/www.cope.es\\\/blogs\\\/palomitas-de-maiz\\\/\"},{\"@type\":\"ListItem\",\"position\":2,\"name\":\"Ha muerto el director de cine Franco Zeffirelli, enamorado de Mar\u00eda Callas, amante de Luchino Visconti y convertido al catolicismo\"}]},{\"@type\":\"WebSite\",\"@id\":\"https:\\\/\\\/www.cope.es\\\/blogs\\\/palomitas-de-maiz\\\/#website\",\"url\":\"https:\\\/\\\/www.cope.es\\\/blogs\\\/palomitas-de-maiz\\\/\",\"name\":\"Palomitas de Ma\u00edz\",\"description\":\"Blog decano de cine de COPE\",\"potentialAction\":[{\"@type\":\"SearchAction\",\"target\":{\"@type\":\"EntryPoint\",\"urlTemplate\":\"https:\\\/\\\/www.cope.es\\\/blogs\\\/palomitas-de-maiz\\\/?s={search_term_string}\"},\"query-input\":{\"@type\":\"PropertyValueSpecification\",\"valueRequired\":true,\"valueName\":\"search_term_string\"}}],\"inLanguage\":\"es\"},{\"@type\":\"Person\",\"@id\":\"https:\\\/\\\/www.cope.es\\\/blogs\\\/palomitas-de-maiz\\\/#\\\/schema\\\/person\\\/9fb256f63733c964d19b06de1ca3c9ef\",\"name\":\"Jos\u00e9 Luis Panero\",\"image\":{\"@type\":\"ImageObject\",\"inLanguage\":\"es\",\"@id\":\"https:\\\/\\\/secure.gravatar.com\\\/avatar\\\/2ef93951eab3cee25932a7219e566376cbf6ddedde3aa3098e7a971991a3ef12?s=96&d=mm&r=g\",\"url\":\"https:\\\/\\\/secure.gravatar.com\\\/avatar\\\/2ef93951eab3cee25932a7219e566376cbf6ddedde3aa3098e7a971991a3ef12?s=96&d=mm&r=g\",\"contentUrl\":\"https:\\\/\\\/secure.gravatar.com\\\/avatar\\\/2ef93951eab3cee25932a7219e566376cbf6ddedde3aa3098e7a971991a3ef12?s=96&d=mm&r=g\",\"caption\":\"Jos\u00e9 Luis Panero\"},\"description\":\"Licenciado en Periodismo y en Comunicaci\u00f3n Audiovisual. Tras m\u00e1s de cuatro a\u00f1os en el diario 'La Gaceta de Los Negocios' y el programa f\u00edlmico 'Pantalla Grande', es cr\u00edtico de cine en 'Ciudad Nueva', 'Pantalla 90', 'COPE' o 'Aleteia' y cr\u00edtico de teatro en 'Hoy en la city'. Ha sido coguionista y ayudante de direcci\u00f3n de cine, ponente en los coloquios de cine del foro FNAC y profesor universitario en diferentes cursos de Periodismo Social. Desde 2003 es miembro del C\u00edrculo de Escritores Cinematogr\u00e1ficos (CEC). En 2008 fund\u00f3 en 'COPE' su blog de cine 'Palomitas de Ma\u00edz'. En 2017 fue nombrado Jurado Oficial del Festival Internacional de Cine de Fuengirola (M\u00e1laga) y ese a\u00f1o la instituci\u00f3n educativa Trinity College-Liceo Serrano le distingui\u00f3 con el nombramiento de 'Profesor de Honor' del centro y miembro ilustre del claustro de profesores. En 2019 fue nombrado Jurado Oficial del Festival Internacional de Cine de Vera (Almer\u00eda). En 2020 fue nombrado Jurado Oficial del Festival Internacional de Cine de Terror de La Mar Bella (Marbella). Como int\u00e9rprete ha sido galardonado con el Premio al Actor Principal del I Festival Nacional UNIR de teatro. Desde 2020 es acad\u00e9mico de las Artes Esc\u00e9nicas de Espa\u00f1a. En 2023 fue nombrado Jurado Oficial de los 'Premios Tal\u00eda' en su I Edici\u00f3n. Y miembro de ASHUMES (Asociaci\u00f3n del Humorismo Espa\u00f1ol) a partir de 2022. En 2023 fue nombrado Jurado Oficial de la II Edici\u00f3n de los 'Premios Godot'.\",\"sameAs\":[\"http:\\\/\\\/www.cope.es\",\"https:\\\/\\\/www.facebook.com\\\/palomitero\\\/\",\"https:\\\/\\\/www.instagram.com\\\/joseluispanero\\\/\",\"https:\\\/\\\/www.linkedin.com\\\/in\\\/jos-luis-panero-gonzlez-barosa-7722a716\\\/\",\"https:\\\/\\\/x.com\\\/PALOMITERO\",\"https:\\\/\\\/www.youtube.com\\\/channel\\\/UCQYaNGiETUXUPXjYu9p3lNw\\\/videos?\",\"https:\\\/\\\/es.wikipedia.org\\\/wiki\\\/Jos_Luis_Panero_Gonzlez-Barosa\"],\"url\":\"https:\\\/\\\/www.cope.es\\\/blogs\\\/palomitas-de-maiz\\\/author\\\/jlpanero\\\/\"}]}<\/script>\n<!-- \/ Yoast SEO plugin. -->","yoast_head_json":{"title":"Franco Zeffirelli contempla hoy a su \u2018Jes\u00fas de Nazaret\u2019","description":"Franco Zeffirelli contempla hoy a su \u2018Jes\u00fas de Nazaret\u2019. Hace pocas horas, el cineasta y escen\u00f3grafo italiano mor\u00eda a los 96 a\u00f1os en su casa de Roma","robots":{"index":"index","follow":"follow","max-snippet":"max-snippet:-1","max-image-preview":"max-image-preview:large","max-video-preview":"max-video-preview:-1"},"canonical":"https:\/\/www.cope.es\/blogs\/palomitas-de-maiz\/2019\/06\/16\/franco-zeffirelli-contempla-hoy-a-su-jesus-de-nazaret-director-cine\/","og_locale":"es_ES","og_type":"article","og_title":"Franco Zeffirelli contempla hoy a su \u2018Jes\u00fas de Nazaret\u2019","og_description":"Franco Zeffirelli contempla hoy a su \u2018Jes\u00fas de Nazaret\u2019. Hace pocas horas, el cineasta y escen\u00f3grafo italiano mor\u00eda a los 96 a\u00f1os en su casa de Roma","og_url":"https:\/\/www.cope.es\/blogs\/palomitas-de-maiz\/2019\/06\/16\/franco-zeffirelli-contempla-hoy-a-su-jesus-de-nazaret-director-cine\/","og_site_name":"Palomitas de Ma\u00edz","article_publisher":"https:\/\/www.facebook.com\/cope\/","article_author":"https:\/\/www.facebook.com\/palomitero\/","article_published_time":"2019-06-16T01:31:31+00:00","article_modified_time":"2019-06-16T01:42:57+00:00","og_image":[{"width":725,"height":486,"url":"https:\/\/www.cope.es\/blogs\/palomitas-de-maiz\/wp-content\/uploads\/sites\/6\/2019\/06\/franco-zeffirelli-y-jos\u00e9-luis-panero-1.jpg","type":"image\/jpeg"}],"author":"Jos\u00e9 Luis Panero","twitter_card":"summary_large_image","twitter_creator":"@PALOMITERO","twitter_site":"@cope_es","twitter_misc":{"Escrito por":"Jos\u00e9 Luis Panero","Tiempo de lectura":"4 minutos"},"schema":{"@context":"https:\/\/schema.org","@graph":[{"@type":"Article","@id":"https:\/\/www.cope.es\/blogs\/palomitas-de-maiz\/2019\/06\/16\/franco-zeffirelli-contempla-hoy-a-su-jesus-de-nazaret-director-cine\/#article","isPartOf":{"@id":"https:\/\/www.cope.es\/blogs\/palomitas-de-maiz\/2019\/06\/16\/franco-zeffirelli-contempla-hoy-a-su-jesus-de-nazaret-director-cine\/"},"author":{"name":"Jos\u00e9 Luis Panero","@id":"https:\/\/www.cope.es\/blogs\/palomitas-de-maiz\/#\/schema\/person\/9fb256f63733c964d19b06de1ca3c9ef"},"headline":"Ha muerto el director de cine Franco Zeffirelli, enamorado de Mar\u00eda Callas, amante de Luchino Visconti y convertido al catolicismo","datePublished":"2019-06-16T01:31:31+00:00","dateModified":"2019-06-16T01:42:57+00:00","mainEntityOfPage":{"@id":"https:\/\/www.cope.es\/blogs\/palomitas-de-maiz\/2019\/06\/16\/franco-zeffirelli-contempla-hoy-a-su-jesus-de-nazaret-director-cine\/"},"wordCount":842,"commentCount":0,"image":{"@id":"https:\/\/www.cope.es\/blogs\/palomitas-de-maiz\/2019\/06\/16\/franco-zeffirelli-contempla-hoy-a-su-jesus-de-nazaret-director-cine\/#primaryimage"},"thumbnailUrl":"https:\/\/www.cope.es\/blogs\/palomitas-de-maiz\/wp-content\/uploads\/sites\/6\/2019\/06\/franco-zeffirelli-y-jos\u00e9-luis-panero-1.jpg","keywords":["accidente","amante","amor sin fin","bell\u00edsima","callas forever","campe\u00f3n","catolicismo","cine","cine italiano","director de cine","Franco Zeffirelli","hermano sol hermana luna","hijo ileg\u00edtimo","homenaje","homosexual","Infancia","italia","jes\u00fas de nazaret","La terra trema","la \u00faltima tentacion de cristo","luchino visconti","mar\u00eda callas","muerte","muerte en venecia","oscar","papa francisco","pornograf\u00eda","roma","romeo y julieta","senso","t\u00e9 con mussolini","toscanini"],"articleSection":["actualidad","Cine","homenaje","industria","Valores"],"inLanguage":"es","potentialAction":[{"@type":"CommentAction","name":"Comment","target":["https:\/\/www.cope.es\/blogs\/palomitas-de-maiz\/2019\/06\/16\/franco-zeffirelli-contempla-hoy-a-su-jesus-de-nazaret-director-cine\/#respond"]}]},{"@type":"WebPage","@id":"https:\/\/www.cope.es\/blogs\/palomitas-de-maiz\/2019\/06\/16\/franco-zeffirelli-contempla-hoy-a-su-jesus-de-nazaret-director-cine\/","url":"https:\/\/www.cope.es\/blogs\/palomitas-de-maiz\/2019\/06\/16\/franco-zeffirelli-contempla-hoy-a-su-jesus-de-nazaret-director-cine\/","name":"Franco Zeffirelli contempla hoy a su \u2018Jes\u00fas de Nazaret\u2019","isPartOf":{"@id":"https:\/\/www.cope.es\/blogs\/palomitas-de-maiz\/#website"},"primaryImageOfPage":{"@id":"https:\/\/www.cope.es\/blogs\/palomitas-de-maiz\/2019\/06\/16\/franco-zeffirelli-contempla-hoy-a-su-jesus-de-nazaret-director-cine\/#primaryimage"},"image":{"@id":"https:\/\/www.cope.es\/blogs\/palomitas-de-maiz\/2019\/06\/16\/franco-zeffirelli-contempla-hoy-a-su-jesus-de-nazaret-director-cine\/#primaryimage"},"thumbnailUrl":"https:\/\/www.cope.es\/blogs\/palomitas-de-maiz\/wp-content\/uploads\/sites\/6\/2019\/06\/franco-zeffirelli-y-jos\u00e9-luis-panero-1.jpg","datePublished":"2019-06-16T01:31:31+00:00","dateModified":"2019-06-16T01:42:57+00:00","author":{"@id":"https:\/\/www.cope.es\/blogs\/palomitas-de-maiz\/#\/schema\/person\/9fb256f63733c964d19b06de1ca3c9ef"},"description":"Franco Zeffirelli contempla hoy a su \u2018Jes\u00fas de Nazaret\u2019. Hace pocas horas, el cineasta y escen\u00f3grafo italiano mor\u00eda a los 96 a\u00f1os en su casa de Roma","breadcrumb":{"@id":"https:\/\/www.cope.es\/blogs\/palomitas-de-maiz\/2019\/06\/16\/franco-zeffirelli-contempla-hoy-a-su-jesus-de-nazaret-director-cine\/#breadcrumb"},"inLanguage":"es","potentialAction":[{"@type":"ReadAction","target":["https:\/\/www.cope.es\/blogs\/palomitas-de-maiz\/2019\/06\/16\/franco-zeffirelli-contempla-hoy-a-su-jesus-de-nazaret-director-cine\/"]}]},{"@type":"ImageObject","inLanguage":"es","@id":"https:\/\/www.cope.es\/blogs\/palomitas-de-maiz\/2019\/06\/16\/franco-zeffirelli-contempla-hoy-a-su-jesus-de-nazaret-director-cine\/#primaryimage","url":"https:\/\/www.cope.es\/blogs\/palomitas-de-maiz\/wp-content\/uploads\/sites\/6\/2019\/06\/franco-zeffirelli-y-jos\u00e9-luis-panero-1.jpg","contentUrl":"https:\/\/www.cope.es\/blogs\/palomitas-de-maiz\/wp-content\/uploads\/sites\/6\/2019\/06\/franco-zeffirelli-y-jos\u00e9-luis-panero-1.jpg","width":725,"height":486,"caption":"https:\/\/www.cope.es\/blogs\/palomitas-de-maiz\/2019\/06\/16\/franco-zeffirelli-contempla-hoy-a-su-jesus-de-nazaret-director-cine\/"},{"@type":"BreadcrumbList","@id":"https:\/\/www.cope.es\/blogs\/palomitas-de-maiz\/2019\/06\/16\/franco-zeffirelli-contempla-hoy-a-su-jesus-de-nazaret-director-cine\/#breadcrumb","itemListElement":[{"@type":"ListItem","position":1,"name":"Portada","item":"https:\/\/www.cope.es\/blogs\/palomitas-de-maiz\/"},{"@type":"ListItem","position":2,"name":"Ha muerto el director de cine Franco Zeffirelli, enamorado de Mar\u00eda Callas, amante de Luchino Visconti y convertido al catolicismo"}]},{"@type":"WebSite","@id":"https:\/\/www.cope.es\/blogs\/palomitas-de-maiz\/#website","url":"https:\/\/www.cope.es\/blogs\/palomitas-de-maiz\/","name":"Palomitas de Ma\u00edz","description":"Blog decano de cine de COPE","potentialAction":[{"@type":"SearchAction","target":{"@type":"EntryPoint","urlTemplate":"https:\/\/www.cope.es\/blogs\/palomitas-de-maiz\/?s={search_term_string}"},"query-input":{"@type":"PropertyValueSpecification","valueRequired":true,"valueName":"search_term_string"}}],"inLanguage":"es"},{"@type":"Person","@id":"https:\/\/www.cope.es\/blogs\/palomitas-de-maiz\/#\/schema\/person\/9fb256f63733c964d19b06de1ca3c9ef","name":"Jos\u00e9 Luis Panero","image":{"@type":"ImageObject","inLanguage":"es","@id":"https:\/\/secure.gravatar.com\/avatar\/2ef93951eab3cee25932a7219e566376cbf6ddedde3aa3098e7a971991a3ef12?s=96&d=mm&r=g","url":"https:\/\/secure.gravatar.com\/avatar\/2ef93951eab3cee25932a7219e566376cbf6ddedde3aa3098e7a971991a3ef12?s=96&d=mm&r=g","contentUrl":"https:\/\/secure.gravatar.com\/avatar\/2ef93951eab3cee25932a7219e566376cbf6ddedde3aa3098e7a971991a3ef12?s=96&d=mm&r=g","caption":"Jos\u00e9 Luis Panero"},"description":"Licenciado en Periodismo y en Comunicaci\u00f3n Audiovisual. Tras m\u00e1s de cuatro a\u00f1os en el diario 'La Gaceta de Los Negocios' y el programa f\u00edlmico 'Pantalla Grande', es cr\u00edtico de cine en 'Ciudad Nueva', 'Pantalla 90', 'COPE' o 'Aleteia' y cr\u00edtico de teatro en 'Hoy en la city'. Ha sido coguionista y ayudante de direcci\u00f3n de cine, ponente en los coloquios de cine del foro FNAC y profesor universitario en diferentes cursos de Periodismo Social. Desde 2003 es miembro del C\u00edrculo de Escritores Cinematogr\u00e1ficos (CEC). En 2008 fund\u00f3 en 'COPE' su blog de cine 'Palomitas de Ma\u00edz'. En 2017 fue nombrado Jurado Oficial del Festival Internacional de Cine de Fuengirola (M\u00e1laga) y ese a\u00f1o la instituci\u00f3n educativa Trinity College-Liceo Serrano le distingui\u00f3 con el nombramiento de 'Profesor de Honor' del centro y miembro ilustre del claustro de profesores. En 2019 fue nombrado Jurado Oficial del Festival Internacional de Cine de Vera (Almer\u00eda). En 2020 fue nombrado Jurado Oficial del Festival Internacional de Cine de Terror de La Mar Bella (Marbella). Como int\u00e9rprete ha sido galardonado con el Premio al Actor Principal del I Festival Nacional UNIR de teatro. Desde 2020 es acad\u00e9mico de las Artes Esc\u00e9nicas de Espa\u00f1a. En 2023 fue nombrado Jurado Oficial de los 'Premios Tal\u00eda' en su I Edici\u00f3n. Y miembro de ASHUMES (Asociaci\u00f3n del Humorismo Espa\u00f1ol) a partir de 2022. En 2023 fue nombrado Jurado Oficial de la II Edici\u00f3n de los 'Premios Godot'.","sameAs":["http:\/\/www.cope.es","https:\/\/www.facebook.com\/palomitero\/","https:\/\/www.instagram.com\/joseluispanero\/","https:\/\/www.linkedin.com\/in\/jos-luis-panero-gonzlez-barosa-7722a716\/","https:\/\/x.com\/PALOMITERO","https:\/\/www.youtube.com\/channel\/UCQYaNGiETUXUPXjYu9p3lNw\/videos?","https:\/\/es.wikipedia.org\/wiki\/Jos_Luis_Panero_Gonzlez-Barosa"],"url":"https:\/\/www.cope.es\/blogs\/palomitas-de-maiz\/author\/jlpanero\/"}]}},"amp_enabled":true,"_links":{"self":[{"href":"https:\/\/www.cope.es\/blogs\/palomitas-de-maiz\/wp-json\/wp\/v2\/posts\/3741","targetHints":{"allow":["GET"]}}],"collection":[{"href":"https:\/\/www.cope.es\/blogs\/palomitas-de-maiz\/wp-json\/wp\/v2\/posts"}],"about":[{"href":"https:\/\/www.cope.es\/blogs\/palomitas-de-maiz\/wp-json\/wp\/v2\/types\/post"}],"author":[{"embeddable":true,"href":"https:\/\/www.cope.es\/blogs\/palomitas-de-maiz\/wp-json\/wp\/v2\/users\/6"}],"replies":[{"embeddable":true,"href":"https:\/\/www.cope.es\/blogs\/palomitas-de-maiz\/wp-json\/wp\/v2\/comments?post=3741"}],"version-history":[{"count":2,"href":"https:\/\/www.cope.es\/blogs\/palomitas-de-maiz\/wp-json\/wp\/v2\/posts\/3741\/revisions"}],"predecessor-version":[{"id":3755,"href":"https:\/\/www.cope.es\/blogs\/palomitas-de-maiz\/wp-json\/wp\/v2\/posts\/3741\/revisions\/3755"}],"wp:featuredmedia":[{"embeddable":true,"href":"https:\/\/www.cope.es\/blogs\/palomitas-de-maiz\/wp-json\/wp\/v2\/media\/3743"}],"wp:attachment":[{"href":"https:\/\/www.cope.es\/blogs\/palomitas-de-maiz\/wp-json\/wp\/v2\/media?parent=3741"}],"wp:term":[{"taxonomy":"category","embeddable":true,"href":"https:\/\/www.cope.es\/blogs\/palomitas-de-maiz\/wp-json\/wp\/v2\/categories?post=3741"},{"taxonomy":"post_tag","embeddable":true,"href":"https:\/\/www.cope.es\/blogs\/palomitas-de-maiz\/wp-json\/wp\/v2\/tags?post=3741"}],"curies":[{"name":"wp","href":"https:\/\/api.w.org\/{rel}","templated":true}]}}