{"id":3505,"date":"2019-04-19T14:21:53","date_gmt":"2019-04-19T12:21:53","guid":{"rendered":"http:\/\/www.cope.es\/blogs\/palomitas-de-maiz\/?p=3505"},"modified":"2019-04-19T14:26:26","modified_gmt":"2019-04-19T12:26:26","slug":"viernes-santo-el-cine-de-la-semana-santa-alza-la-voz","status":"publish","type":"post","link":"https:\/\/www.cope.es\/blogs\/palomitas-de-maiz\/2019\/04\/19\/viernes-santo-el-cine-de-la-semana-santa-alza-la-voz\/","title":{"rendered":"Viernes Santo. El cine de la Semana Santa alza la voz (II)"},"content":{"rendered":"<p>\u00a1Mis queridos palomiteros! Ya estamos a Viernes Santo: El cine de la Semana Santa alza la voz. <a href=\"https:\/\/www.cope.es\/blogs\/palomitas-de-maiz\/2019\/04\/18\/jueves-santo-el-cine-de-la-semana-santa-alza-la-voz\/\">Dec\u00edamos ayer que estos d\u00edas vamos a ir comentando la presencia de Cristo en el s\u00e9ptimo arte<\/a>. Otras veces he querido puntualizar por qu\u00e9 no se pod\u00eda hablar de <strong>Jes\u00fas en el cine<\/strong>, <a href=\"https:\/\/www.cope.es\/blogs\/palomitas-de-maiz\/2018\/01\/27\/prohibido-hablar-dios-cine-ah-no-ahora-rentable\/\">hasta que se descubri\u00f3 que daba dinero<\/a>. Pero vamos a lo que vamos. Porque <a href=\"https:\/\/www.cope.es\/blogs\/palomitas-de-maiz\/2018\/03\/30\/viernes-santo-la-cancion-de-bernadette-el-cine-de-la-semana-santa\/\">este viernes tan especial da mucho de s\u00ed<\/a>.<\/p>\n<figure id=\"attachment_3507\" aria-describedby=\"caption-attachment-3507\" style=\"width: 725px\" class=\"wp-caption aligncenter\"><img loading=\"lazy\" decoding=\"async\" width=\"725\" height=\"404\" class=\"wp-image-3507 size-full\" src=\"http:\/\/www.cope.es\/blogs\/palomitas-de-maiz\/wp-content\/uploads\/sites\/6\/2019\/04\/viernes-santo-portada.jpg\" alt=\"Cristo crucificado | Viernes Santo: El cine de la Semana Santa alza la voz\" srcset=\"https:\/\/www.cope.es\/blogs\/palomitas-de-maiz\/wp-content\/uploads\/sites\/6\/2019\/04\/viernes-santo-portada.jpg 725w, https:\/\/www.cope.es\/blogs\/palomitas-de-maiz\/wp-content\/uploads\/sites\/6\/2019\/04\/viernes-santo-portada-300x167.jpg 300w, https:\/\/www.cope.es\/blogs\/palomitas-de-maiz\/wp-content\/uploads\/sites\/6\/2019\/04\/viernes-santo-portada-490x273.jpg 490w\" sizes=\"auto, (max-width: 725px) 100vw, 725px\" \/><figcaption id=\"caption-attachment-3507\" class=\"wp-caption-text\"><strong>Cristo crucificado<\/strong> | Viernes Santo: El cine de la Semana Santa alza la voz<\/figcaption><\/figure>\n<p>En 1923 <strong>Robert Wiene<\/strong> film\u00f3 <em>I.N.R.I<\/em> y en 1926 <strong>Cecil B. de Mille<\/strong> rod\u00f3 su <em>Rey de Reyes<\/em>, como una gran superproducci\u00f3n, con la finalidad de hacer espect\u00e1culo, incluso a costa de forzar la verdad hist\u00f3rica con tal de conseguir el resultado buscado. En 1936 se hicieron dos pel\u00edculas: <em>La vie de Jesus<\/em>, de <strong>Marcel Gibaud<\/strong> y <em>Ecce Homo<\/em>, de <strong>Walter Rilla<\/strong>.<\/p>\n<figure id=\"attachment_3508\" aria-describedby=\"caption-attachment-3508\" style=\"width: 725px\" class=\"wp-caption aligncenter\"><img loading=\"lazy\" decoding=\"async\" width=\"725\" height=\"567\" class=\"wp-image-3508 size-full\" src=\"http:\/\/www.cope.es\/blogs\/palomitas-de-maiz\/wp-content\/uploads\/sites\/6\/2019\/04\/JEAN-GABIN.jpg\" alt=\"Jean Gabin en G\u00f3lgota | Viernes Santo: El cine de la Semana Santa alza la voz\" srcset=\"https:\/\/www.cope.es\/blogs\/palomitas-de-maiz\/wp-content\/uploads\/sites\/6\/2019\/04\/JEAN-GABIN.jpg 725w, https:\/\/www.cope.es\/blogs\/palomitas-de-maiz\/wp-content\/uploads\/sites\/6\/2019\/04\/JEAN-GABIN-300x235.jpg 300w\" sizes=\"auto, (max-width: 725px) 100vw, 725px\" \/><figcaption id=\"caption-attachment-3508\" class=\"wp-caption-text\"><strong>Jean Gabin<\/strong> en <em>G\u00f3lgota<\/em> | Viernes Santo: El cine de la Semana Santa alza la voz<\/figcaption><\/figure>\n<p>En 1935, <strong>Robert Le Vignan<\/strong> interpret\u00f3 a Jes\u00fas en <em>G\u00f3lgota<\/em>, con <strong>Jean Gabin<\/strong> como Poncio Pilatos, dirigida por <strong>Julien Duvivier<\/strong>, muy meticulosa en su adaptaci\u00f3n a la interpretaci\u00f3n del momento y siguiendo escrupulosamente el texto del evangelio seg\u00fan San Mateo.<\/p>\n<p><iframe loading=\"lazy\" width=\"508\" height=\"381\" src=\"https:\/\/www.youtube.com\/embed\/aFaHei3BlPo?feature=oembed\" frameborder=\"0\" allow=\"accelerometer; autoplay; encrypted-media; gyroscope; picture-in-picture\" allowfullscreen><\/iframe><\/p>\n<p>Dos directores espa\u00f1oles realizaron en M\u00e9xico con poca calidad <em>Jes\u00fas de Nazaret<\/em> (1942), a cargo de <strong>Jos\u00e9 D\u00edaz Morales<\/strong>, y <em>El M\u00e1rtir del Calvario<\/em> (1952), de <strong>Miguel Morayta<\/strong>. En Espa\u00f1a se rodaron varias pel\u00edculas sobre el tema, entre ellas algunos documentales que reconstru\u00edan la vida a partir de pinturas y obras de arte.<\/p>\n<figure id=\"attachment_3509\" aria-describedby=\"caption-attachment-3509\" style=\"width: 725px\" class=\"wp-caption aligncenter\"><img loading=\"lazy\" decoding=\"async\" width=\"725\" height=\"407\" class=\"wp-image-3509 size-full\" src=\"http:\/\/www.cope.es\/blogs\/palomitas-de-maiz\/wp-content\/uploads\/sites\/6\/2019\/04\/jeffrey-hunter.jpg\" alt=\"Jeffrey Hunter en Rey de Reyes | Viernes Santo: El cine de la Semana Santa alza la voz\" srcset=\"https:\/\/www.cope.es\/blogs\/palomitas-de-maiz\/wp-content\/uploads\/sites\/6\/2019\/04\/jeffrey-hunter.jpg 725w, https:\/\/www.cope.es\/blogs\/palomitas-de-maiz\/wp-content\/uploads\/sites\/6\/2019\/04\/jeffrey-hunter-300x168.jpg 300w\" sizes=\"auto, (max-width: 725px) 100vw, 725px\" \/><figcaption id=\"caption-attachment-3509\" class=\"wp-caption-text\"><strong>Jeffrey Hunter<\/strong> en <em>Rey de Reyes<\/em> | Viernes Santo: El cine de la Semana Santa alza la voz<\/figcaption><\/figure>\n<p>As\u00ed las cosas se rodaron\u00a0<em>El Judas<\/em> (1952), de <strong>Ignacio F. Iquino<\/strong>, y <em>El beso de Judas<\/em> (1953), de <strong>Rafael Gil<\/strong>, bastante mediocres, por cierto. Sin embargo, hubo dos filmes que se hicieron muy famosos en todo el mundo y que se rodaron en Espa\u00f1a, aunque de producci\u00f3n norteamericana: <em>Los misterios del rosario<\/em> (1957), del <strong>Padre Peyton<\/strong>, y <em>Rey de Reyes<\/em> (1961), de <strong>Nicholas Ray<\/strong>.<\/p>\n<h2>Viernes Santo: El cine de la Semana Santa alza la voz. En Espa\u00f1a se filmaron pel\u00edculas a partir de pinturas y obras de arte<\/h2>\n<p><iframe loading=\"lazy\" width=\"675\" height=\"380\" src=\"https:\/\/www.youtube.com\/embed\/oSMA5UU8eI4?feature=oembed\" frameborder=\"0\" allow=\"accelerometer; autoplay; encrypted-media; gyroscope; picture-in-picture\" allowfullscreen><\/iframe><\/p>\n<p>La hermosa<em> Rey de Reyes<\/em>, a todo color y gran pantalla, es una pel\u00edcula firme y consistente, que presenta una figura de Jes\u00fas (a pesar de que <strong>Jeffrey Hunter<\/strong>, el protagonista, es demasiado blando de facciones) poderosa y combativa que se debate entre la acci\u00f3n y la contemplaci\u00f3n, un Mes\u00edas esencialmente humano, no tanto <strong>Hijo de Dios<\/strong> como posible libertador del pueblo de Israel de la esclavitud romana.<\/p>\n<h2>La Legi\u00f3n de la Decencia certific\u00f3 que el filme\u00a0<em>Rey de Reyes<\/em> era &#8220;inexacto teol\u00f3gica e hist\u00f3ricamente&#8221;<\/h2>\n<figure id=\"attachment_3510\" aria-describedby=\"caption-attachment-3510\" style=\"width: 725px\" class=\"wp-caption aligncenter\"><img loading=\"lazy\" decoding=\"async\" width=\"725\" height=\"801\" class=\"wp-image-3510 size-full\" src=\"http:\/\/www.cope.es\/blogs\/palomitas-de-maiz\/wp-content\/uploads\/sites\/6\/2019\/04\/el-beso-de-judas.jpg\" alt=\"Cartel promocional de El beso de Judas | Viernes Santo: El cine de la Semana Santa alza la voz\" srcset=\"https:\/\/www.cope.es\/blogs\/palomitas-de-maiz\/wp-content\/uploads\/sites\/6\/2019\/04\/el-beso-de-judas.jpg 725w, https:\/\/www.cope.es\/blogs\/palomitas-de-maiz\/wp-content\/uploads\/sites\/6\/2019\/04\/el-beso-de-judas-272x300.jpg 272w\" sizes=\"auto, (max-width: 725px) 100vw, 725px\" \/><figcaption id=\"caption-attachment-3510\" class=\"wp-caption-text\"><strong>Cartel promocional<\/strong> de <em>El beso de Judas<\/em> | Viernes Santo: El cine de la Semana Santa alza la voz<\/figcaption><\/figure>\n<p>El argumento fue asunto de <strong>Ray Bradbury<\/strong> y <strong>Orson Welles<\/strong>, y del gui\u00f3n respondi\u00f3 <strong>Philip Yordan<\/strong>. La magn\u00edfica banda sonora es obra del compositor h\u00fangaro\u00a0<strong>Miklos Rozsa<\/strong>. Candidato al Oscar en 16 ocasiones, lo gan\u00f3 por <em><a href=\"https:\/\/es.wikipedia.org\/wiki\/Spellbound\">Recuerda<\/a><\/em>\u00a0(1945),\u00a0<em><a href=\"https:\/\/es.wikipedia.org\/wiki\/Doble_vida_(pel%C3%ADcula_de_1947)\">Doble vida<\/a><\/em>\u00a0(1947) y\u00a0<em><a href=\"https:\/\/es.wikipedia.org\/wiki\/Ben-Hur_(pel%C3%ADcula_de_1959)\">Ben-Hur<\/a><\/em>\u00a0(1959). Producida por <strong>Samuel Bronston<\/strong>, fue rodada en Espa\u00f1a. Nunca hasta entonces se hab\u00edan desplegado tal cantidad de medios para contar la vida y la muerte de Cristo. Est\u00e1 inspirada en los textos del historiador romano T\u00e1cito y en los Evangelios.<\/p>\n<figure id=\"attachment_3511\" aria-describedby=\"caption-attachment-3511\" style=\"width: 1073px\" class=\"wp-caption aligncenter\"><img loading=\"lazy\" decoding=\"async\" width=\"1073\" height=\"1460\" class=\"wp-image-3511 size-full\" src=\"http:\/\/www.cope.es\/blogs\/palomitas-de-maiz\/wp-content\/uploads\/sites\/6\/2019\/04\/El-m\u00e1rtir-del-calvario.jpg\" alt=\"Cartel promocional de El m\u00e1rtir del calvario | Viernes Santo: El cine de la Semana Santa alza la voz\" srcset=\"https:\/\/www.cope.es\/blogs\/palomitas-de-maiz\/wp-content\/uploads\/sites\/6\/2019\/04\/El-m\u00e1rtir-del-calvario.jpg 1073w, https:\/\/www.cope.es\/blogs\/palomitas-de-maiz\/wp-content\/uploads\/sites\/6\/2019\/04\/El-m\u00e1rtir-del-calvario-220x300.jpg 220w, https:\/\/www.cope.es\/blogs\/palomitas-de-maiz\/wp-content\/uploads\/sites\/6\/2019\/04\/El-m\u00e1rtir-del-calvario-768x1045.jpg 768w, https:\/\/www.cope.es\/blogs\/palomitas-de-maiz\/wp-content\/uploads\/sites\/6\/2019\/04\/El-m\u00e1rtir-del-calvario-753x1024.jpg 753w\" sizes=\"auto, (max-width: 1073px) 100vw, 1073px\" \/><figcaption id=\"caption-attachment-3511\" class=\"wp-caption-text\"><strong>Cartel promocional<\/strong> de <em>El m\u00e1rtir del calvario<\/em> | Viernes Santo: El cine de la Semana Santa alza la voz<\/figcaption><\/figure>\n<p>A\u00fan as\u00ed, <strong>la Legi\u00f3n de la Decencia<\/strong>, encargada de aprobar las pel\u00edculas que se proyectaban, calific\u00f3 la pel\u00edcula con esta explicaci\u00f3n: \u00abAunque reconociendo el intento edificante de esta pel\u00edcula, las licencias po\u00e9ticas que se toman en el desarrollo de la vida de Cristo, hacen el filme inexacto teol\u00f3gica e hist\u00f3ricamente y desde el punto de vista b\u00edblico\u00bb.<\/p>\n<p><iframe loading=\"lazy\" width=\"675\" height=\"380\" src=\"https:\/\/www.youtube.com\/embed\/qybut1AS0dQ?feature=oembed\" frameborder=\"0\" allow=\"accelerometer; autoplay; encrypted-media; gyroscope; picture-in-picture\" allowfullscreen><\/iframe><\/p>\n<p>En otras pel\u00edculas, como <em>Intolerancia<\/em> (<em>Intolerance<\/em>, 1916), de <strong>Griffith<\/strong>; <em>Ben-Hur<\/em> (<em>Ben Hur<\/em>&#8211;<em>Tale of the Christ<\/em>, 1926), de <strong>Fred Niblo<\/strong> y <em>Ben Hur<\/em> (1959), de <strong>William Wyler<\/strong>, en <em>Barrab\u00e1s<\/em> (1962), de <strong>Richard Fleischer<\/strong> y en <em>La t\u00fanica sagrada<\/em> (<em>The Robe<\/em>, 1953), de <strong>Henry Koster<\/strong>, la figura de Cristo o la pasi\u00f3n suelen tener un papel predominante en la trama.<\/p>\n<p><iframe loading=\"lazy\" width=\"675\" height=\"380\" src=\"https:\/\/www.youtube.com\/embed\/pEGqm7oj5Hg?feature=oembed\" frameborder=\"0\" allow=\"accelerometer; autoplay; encrypted-media; gyroscope; picture-in-picture\" allowfullscreen><\/iframe><\/p>\n","protected":false},"excerpt":{"rendered":"<p>\u00a1Mis queridos palomiteros! Ya estamos a Viernes Santo: El cine de la Semana Santa alza la voz. Dec\u00edamos ayer que estos d\u00edas vamos a ir comentando la presencia de Cristo en el s\u00e9ptimo arte. Otras veces he querido puntualizar por qu\u00e9 no se pod\u00eda hablar de Jes\u00fas en el cine, hasta que se descubri\u00f3 que [&hellip;]<\/p>\n","protected":false},"author":6,"featured_media":3506,"comment_status":"open","ping_status":"open","sticky":false,"template":"","format":"standard","meta":{"footnotes":""},"categories":[336,49,304,224,2661,387],"tags":[1204,3350,44,233,3354,3364,3363,3361,3025,733,3357,3376,3380,3369,3349,1168,3377,3358,3368,3333,726,3347,3360,3359,3370,749,3379,3352,3366,3353,3362,3374,3372,3367,3346,3373,3365,3371,3351,3378,3356,3348,3375,715,712,3355,735],"class_list":["post-3505","post","type-post","status-publish","format-standard","has-post-thumbnail","hentry","category-actualidad","category-cine","category-cine-religioso","category-clasicos-de-cine","category-hollywood","category-valores","tag-ben-hur","tag-cecil-b-de-mille","tag-cine","tag-cristo","tag-ecce-homo","tag-el-beso-de-judas","tag-el-judas","tag-el-martir-del-calvario","tag-estrenos-de-cine","tag-fred-niblo","tag-golgota","tag-griffith","tag-henry-koster","tag-hijo-de-dios","tag-i-n-r-i","tag-ignacio-f-iquino","tag-intolerancia","tag-jean-gabin","tag-jeffrey-hunter","tag-jesus","tag-jesus-de-nazaret","tag-jesus-en-el-cine","tag-jose-diaz-morales","tag-julien-duvivier","tag-la-legion-de-la-decencia","tag-la-pasion-de-cristo","tag-la-tunica-sagrada","tag-la-vie-de-jesus","tag-los-misterios-del-rosario","tag-marcel-gibaud","tag-miguel-morayta","tag-miklos-rozsa","tag-orson-welles","tag-padre-peyton","tag-peliculas-de-jesus","tag-philip-yordan","tag-rafael-gil","tag-ray-bradbury","tag-rey-de-reyes","tag-richard-fleischer","tag-robert-le-vignan","tag-robert-wiene","tag-samuel-bronston","tag-semana-santa","tag-viernes-santo","tag-walter-rilla","tag-william-wyler"],"yoast_head":"<!-- This site is optimized with the Yoast SEO plugin v27.4 - https:\/\/yoast.com\/product\/yoast-seo-wordpress\/ -->\n<title>Viernes Santo: El cine de la Semana Santa alza la voz<\/title>\n<meta name=\"description\" content=\"Viernes Santo: El cine de la Semana Santa alza la voz. Dec\u00edamos ayer que estos d\u00edas vamos a ir comentando la presencia de Cristo en el s\u00e9ptimo arte.\" \/>\n<meta name=\"robots\" content=\"index, follow, max-snippet:-1, max-image-preview:large, max-video-preview:-1\" \/>\n<link rel=\"canonical\" href=\"https:\/\/www.cope.es\/blogs\/palomitas-de-maiz\/2019\/04\/19\/viernes-santo-el-cine-de-la-semana-santa-alza-la-voz\/\" \/>\n<meta property=\"og:locale\" content=\"es_ES\" \/>\n<meta property=\"og:type\" content=\"article\" \/>\n<meta property=\"og:title\" content=\"Viernes Santo: El cine de la Semana Santa alza la voz\" \/>\n<meta property=\"og:description\" content=\"Viernes Santo: El cine de la Semana Santa alza la voz. Dec\u00edamos ayer que estos d\u00edas vamos a ir comentando la presencia de Cristo en el s\u00e9ptimo arte.\" \/>\n<meta property=\"og:url\" content=\"https:\/\/www.cope.es\/blogs\/palomitas-de-maiz\/2019\/04\/19\/viernes-santo-el-cine-de-la-semana-santa-alza-la-voz\/\" \/>\n<meta property=\"og:site_name\" content=\"Palomitas de Ma\u00edz\" \/>\n<meta property=\"article:publisher\" content=\"https:\/\/www.facebook.com\/cope\/\" \/>\n<meta property=\"article:author\" content=\"https:\/\/www.facebook.com\/palomitero\/\" \/>\n<meta property=\"article:published_time\" content=\"2019-04-19T12:21:53+00:00\" \/>\n<meta property=\"article:modified_time\" content=\"2019-04-19T12:26:26+00:00\" \/>\n<meta property=\"og:image\" content=\"https:\/\/www.cope.es\/blogs\/palomitas-de-maiz\/wp-content\/uploads\/sites\/6\/2019\/04\/viernes-santo.jpg\" \/>\n\t<meta property=\"og:image:width\" content=\"725\" \/>\n\t<meta property=\"og:image:height\" content=\"404\" \/>\n\t<meta property=\"og:image:type\" content=\"image\/jpeg\" \/>\n<meta name=\"author\" content=\"Jos\u00e9 Luis Panero\" \/>\n<meta name=\"twitter:card\" content=\"summary_large_image\" \/>\n<meta name=\"twitter:creator\" content=\"@PALOMITERO\" \/>\n<meta name=\"twitter:site\" content=\"@cope_es\" \/>\n<meta name=\"twitter:label1\" content=\"Escrito por\" \/>\n\t<meta name=\"twitter:data1\" content=\"Jos\u00e9 Luis Panero\" \/>\n\t<meta name=\"twitter:label2\" content=\"Tiempo de lectura\" \/>\n\t<meta name=\"twitter:data2\" content=\"4 minutos\" \/>\n<script type=\"application\/ld+json\" class=\"yoast-schema-graph\">{\"@context\":\"https:\\\/\\\/schema.org\",\"@graph\":[{\"@type\":\"Article\",\"@id\":\"https:\\\/\\\/www.cope.es\\\/blogs\\\/palomitas-de-maiz\\\/2019\\\/04\\\/19\\\/viernes-santo-el-cine-de-la-semana-santa-alza-la-voz\\\/#article\",\"isPartOf\":{\"@id\":\"https:\\\/\\\/www.cope.es\\\/blogs\\\/palomitas-de-maiz\\\/2019\\\/04\\\/19\\\/viernes-santo-el-cine-de-la-semana-santa-alza-la-voz\\\/\"},\"author\":{\"name\":\"Jos\u00e9 Luis Panero\",\"@id\":\"https:\\\/\\\/www.cope.es\\\/blogs\\\/palomitas-de-maiz\\\/#\\\/schema\\\/person\\\/9fb256f63733c964d19b06de1ca3c9ef\"},\"headline\":\"Viernes Santo. El cine de la Semana Santa alza la voz (II)\",\"datePublished\":\"2019-04-19T12:21:53+00:00\",\"dateModified\":\"2019-04-19T12:26:26+00:00\",\"mainEntityOfPage\":{\"@id\":\"https:\\\/\\\/www.cope.es\\\/blogs\\\/palomitas-de-maiz\\\/2019\\\/04\\\/19\\\/viernes-santo-el-cine-de-la-semana-santa-alza-la-voz\\\/\"},\"wordCount\":803,\"commentCount\":5,\"image\":{\"@id\":\"https:\\\/\\\/www.cope.es\\\/blogs\\\/palomitas-de-maiz\\\/2019\\\/04\\\/19\\\/viernes-santo-el-cine-de-la-semana-santa-alza-la-voz\\\/#primaryimage\"},\"thumbnailUrl\":\"https:\\\/\\\/www.cope.es\\\/blogs\\\/palomitas-de-maiz\\\/wp-content\\\/uploads\\\/sites\\\/6\\\/2019\\\/04\\\/viernes-santo.jpg\",\"keywords\":[\"Ben-Hur\",\"Cecil B. de Mille\",\"cine\",\"cristo\",\"Ecce Homo\",\"El beso de Judas\",\"El Judas\",\"El M\u00e1rtir del Calvario\",\"estrenos de cine\",\"Fred Niblo\",\"g\u00f3lgota\",\"Griffith\",\"Henry Koster\",\"Hijo de Dios\",\"I.N.R.I\",\"Ignacio F. Iquino\",\"intolerancia\",\"Jean Gabin\",\"Jeffrey Hunter\",\"jes\u00fas\",\"jes\u00fas de nazaret\",\"jes\u00fas en el cine\",\"Jos\u00e9 D\u00edaz Morales\",\"Julien Duvivier\",\"La Legi\u00f3n de la Decencia\",\"la pasi\u00f3n de cristo\",\"La t\u00fanica sagrada\",\"La vie de Jesus\",\"Los misterios del rosario\",\"Marcel Gibaud\",\"Miguel Morayta\",\"Miklos Rozsa\",\"Orson Welles\",\"Padre Peyton\",\"pel\u00edculas de jes\u00fas\",\"Philip Yordan\",\"Rafael Gil\",\"Ray Bradbury\",\"Rey de Reyes\",\"Richard Fleischer\",\"Robert Le Vignan\",\"Robert Wiene\",\"Samuel Bronston\",\"semana santa\",\"viernes santo\",\"Walter Rilla\",\"William Wyler\"],\"articleSection\":[\"actualidad\",\"Cine\",\"Cine religioso\",\"Cl\u00e1sicos de cine\",\"Hollywood\",\"Valores\"],\"inLanguage\":\"es\",\"potentialAction\":[{\"@type\":\"CommentAction\",\"name\":\"Comment\",\"target\":[\"https:\\\/\\\/www.cope.es\\\/blogs\\\/palomitas-de-maiz\\\/2019\\\/04\\\/19\\\/viernes-santo-el-cine-de-la-semana-santa-alza-la-voz\\\/#respond\"]}]},{\"@type\":\"WebPage\",\"@id\":\"https:\\\/\\\/www.cope.es\\\/blogs\\\/palomitas-de-maiz\\\/2019\\\/04\\\/19\\\/viernes-santo-el-cine-de-la-semana-santa-alza-la-voz\\\/\",\"url\":\"https:\\\/\\\/www.cope.es\\\/blogs\\\/palomitas-de-maiz\\\/2019\\\/04\\\/19\\\/viernes-santo-el-cine-de-la-semana-santa-alza-la-voz\\\/\",\"name\":\"Viernes Santo: El cine de la Semana Santa alza la voz\",\"isPartOf\":{\"@id\":\"https:\\\/\\\/www.cope.es\\\/blogs\\\/palomitas-de-maiz\\\/#website\"},\"primaryImageOfPage\":{\"@id\":\"https:\\\/\\\/www.cope.es\\\/blogs\\\/palomitas-de-maiz\\\/2019\\\/04\\\/19\\\/viernes-santo-el-cine-de-la-semana-santa-alza-la-voz\\\/#primaryimage\"},\"image\":{\"@id\":\"https:\\\/\\\/www.cope.es\\\/blogs\\\/palomitas-de-maiz\\\/2019\\\/04\\\/19\\\/viernes-santo-el-cine-de-la-semana-santa-alza-la-voz\\\/#primaryimage\"},\"thumbnailUrl\":\"https:\\\/\\\/www.cope.es\\\/blogs\\\/palomitas-de-maiz\\\/wp-content\\\/uploads\\\/sites\\\/6\\\/2019\\\/04\\\/viernes-santo.jpg\",\"datePublished\":\"2019-04-19T12:21:53+00:00\",\"dateModified\":\"2019-04-19T12:26:26+00:00\",\"author\":{\"@id\":\"https:\\\/\\\/www.cope.es\\\/blogs\\\/palomitas-de-maiz\\\/#\\\/schema\\\/person\\\/9fb256f63733c964d19b06de1ca3c9ef\"},\"description\":\"Viernes Santo: El cine de la Semana Santa alza la voz. Dec\u00edamos ayer que estos d\u00edas vamos a ir comentando la presencia de Cristo en el s\u00e9ptimo arte.\",\"breadcrumb\":{\"@id\":\"https:\\\/\\\/www.cope.es\\\/blogs\\\/palomitas-de-maiz\\\/2019\\\/04\\\/19\\\/viernes-santo-el-cine-de-la-semana-santa-alza-la-voz\\\/#breadcrumb\"},\"inLanguage\":\"es\",\"potentialAction\":[{\"@type\":\"ReadAction\",\"target\":[\"https:\\\/\\\/www.cope.es\\\/blogs\\\/palomitas-de-maiz\\\/2019\\\/04\\\/19\\\/viernes-santo-el-cine-de-la-semana-santa-alza-la-voz\\\/\"]}]},{\"@type\":\"ImageObject\",\"inLanguage\":\"es\",\"@id\":\"https:\\\/\\\/www.cope.es\\\/blogs\\\/palomitas-de-maiz\\\/2019\\\/04\\\/19\\\/viernes-santo-el-cine-de-la-semana-santa-alza-la-voz\\\/#primaryimage\",\"url\":\"https:\\\/\\\/www.cope.es\\\/blogs\\\/palomitas-de-maiz\\\/wp-content\\\/uploads\\\/sites\\\/6\\\/2019\\\/04\\\/viernes-santo.jpg\",\"contentUrl\":\"https:\\\/\\\/www.cope.es\\\/blogs\\\/palomitas-de-maiz\\\/wp-content\\\/uploads\\\/sites\\\/6\\\/2019\\\/04\\\/viernes-santo.jpg\",\"width\":725,\"height\":404,\"caption\":\"https:\\\/\\\/www.cope.es\\\/blogs\\\/palomitas-de-maiz\\\/2019\\\/04\\\/19\\\/viernes-santo-el-cine-de-la-semana-santa-alza-la-voz\\\/\"},{\"@type\":\"BreadcrumbList\",\"@id\":\"https:\\\/\\\/www.cope.es\\\/blogs\\\/palomitas-de-maiz\\\/2019\\\/04\\\/19\\\/viernes-santo-el-cine-de-la-semana-santa-alza-la-voz\\\/#breadcrumb\",\"itemListElement\":[{\"@type\":\"ListItem\",\"position\":1,\"name\":\"Portada\",\"item\":\"https:\\\/\\\/www.cope.es\\\/blogs\\\/palomitas-de-maiz\\\/\"},{\"@type\":\"ListItem\",\"position\":2,\"name\":\"Viernes Santo. El cine de la Semana Santa alza la voz (II)\"}]},{\"@type\":\"WebSite\",\"@id\":\"https:\\\/\\\/www.cope.es\\\/blogs\\\/palomitas-de-maiz\\\/#website\",\"url\":\"https:\\\/\\\/www.cope.es\\\/blogs\\\/palomitas-de-maiz\\\/\",\"name\":\"Palomitas de Ma\u00edz\",\"description\":\"Blog decano de cine de COPE\",\"potentialAction\":[{\"@type\":\"SearchAction\",\"target\":{\"@type\":\"EntryPoint\",\"urlTemplate\":\"https:\\\/\\\/www.cope.es\\\/blogs\\\/palomitas-de-maiz\\\/?s={search_term_string}\"},\"query-input\":{\"@type\":\"PropertyValueSpecification\",\"valueRequired\":true,\"valueName\":\"search_term_string\"}}],\"inLanguage\":\"es\"},{\"@type\":\"Person\",\"@id\":\"https:\\\/\\\/www.cope.es\\\/blogs\\\/palomitas-de-maiz\\\/#\\\/schema\\\/person\\\/9fb256f63733c964d19b06de1ca3c9ef\",\"name\":\"Jos\u00e9 Luis Panero\",\"image\":{\"@type\":\"ImageObject\",\"inLanguage\":\"es\",\"@id\":\"https:\\\/\\\/secure.gravatar.com\\\/avatar\\\/2ef93951eab3cee25932a7219e566376cbf6ddedde3aa3098e7a971991a3ef12?s=96&d=mm&r=g\",\"url\":\"https:\\\/\\\/secure.gravatar.com\\\/avatar\\\/2ef93951eab3cee25932a7219e566376cbf6ddedde3aa3098e7a971991a3ef12?s=96&d=mm&r=g\",\"contentUrl\":\"https:\\\/\\\/secure.gravatar.com\\\/avatar\\\/2ef93951eab3cee25932a7219e566376cbf6ddedde3aa3098e7a971991a3ef12?s=96&d=mm&r=g\",\"caption\":\"Jos\u00e9 Luis Panero\"},\"description\":\"Licenciado en Periodismo y en Comunicaci\u00f3n Audiovisual. Tras m\u00e1s de cuatro a\u00f1os en el diario 'La Gaceta de Los Negocios' y el programa f\u00edlmico 'Pantalla Grande', es cr\u00edtico de cine en 'Ciudad Nueva', 'Pantalla 90', 'COPE' o 'Aleteia' y cr\u00edtico de teatro en 'Hoy en la city'. Ha sido coguionista y ayudante de direcci\u00f3n de cine, ponente en los coloquios de cine del foro FNAC y profesor universitario en diferentes cursos de Periodismo Social. Desde 2003 es miembro del C\u00edrculo de Escritores Cinematogr\u00e1ficos (CEC). En 2008 fund\u00f3 en 'COPE' su blog de cine 'Palomitas de Ma\u00edz'. En 2017 fue nombrado Jurado Oficial del Festival Internacional de Cine de Fuengirola (M\u00e1laga) y ese a\u00f1o la instituci\u00f3n educativa Trinity College-Liceo Serrano le distingui\u00f3 con el nombramiento de 'Profesor de Honor' del centro y miembro ilustre del claustro de profesores. En 2019 fue nombrado Jurado Oficial del Festival Internacional de Cine de Vera (Almer\u00eda). En 2020 fue nombrado Jurado Oficial del Festival Internacional de Cine de Terror de La Mar Bella (Marbella). Como int\u00e9rprete ha sido galardonado con el Premio al Actor Principal del I Festival Nacional UNIR de teatro. Desde 2020 es acad\u00e9mico de las Artes Esc\u00e9nicas de Espa\u00f1a. En 2023 fue nombrado Jurado Oficial de los 'Premios Tal\u00eda' en su I Edici\u00f3n. Y miembro de ASHUMES (Asociaci\u00f3n del Humorismo Espa\u00f1ol) a partir de 2022. En 2023 fue nombrado Jurado Oficial de la II Edici\u00f3n de los 'Premios Godot'.\",\"sameAs\":[\"http:\\\/\\\/www.cope.es\",\"https:\\\/\\\/www.facebook.com\\\/palomitero\\\/\",\"https:\\\/\\\/www.instagram.com\\\/joseluispanero\\\/\",\"https:\\\/\\\/www.linkedin.com\\\/in\\\/jos-luis-panero-gonzlez-barosa-7722a716\\\/\",\"https:\\\/\\\/x.com\\\/PALOMITERO\",\"https:\\\/\\\/www.youtube.com\\\/channel\\\/UCQYaNGiETUXUPXjYu9p3lNw\\\/videos?\",\"https:\\\/\\\/es.wikipedia.org\\\/wiki\\\/Jos_Luis_Panero_Gonzlez-Barosa\"],\"url\":\"https:\\\/\\\/www.cope.es\\\/blogs\\\/palomitas-de-maiz\\\/author\\\/jlpanero\\\/\"}]}<\/script>\n<!-- \/ Yoast SEO plugin. -->","yoast_head_json":{"title":"Viernes Santo: El cine de la Semana Santa alza la voz","description":"Viernes Santo: El cine de la Semana Santa alza la voz. Dec\u00edamos ayer que estos d\u00edas vamos a ir comentando la presencia de Cristo en el s\u00e9ptimo arte.","robots":{"index":"index","follow":"follow","max-snippet":"max-snippet:-1","max-image-preview":"max-image-preview:large","max-video-preview":"max-video-preview:-1"},"canonical":"https:\/\/www.cope.es\/blogs\/palomitas-de-maiz\/2019\/04\/19\/viernes-santo-el-cine-de-la-semana-santa-alza-la-voz\/","og_locale":"es_ES","og_type":"article","og_title":"Viernes Santo: El cine de la Semana Santa alza la voz","og_description":"Viernes Santo: El cine de la Semana Santa alza la voz. Dec\u00edamos ayer que estos d\u00edas vamos a ir comentando la presencia de Cristo en el s\u00e9ptimo arte.","og_url":"https:\/\/www.cope.es\/blogs\/palomitas-de-maiz\/2019\/04\/19\/viernes-santo-el-cine-de-la-semana-santa-alza-la-voz\/","og_site_name":"Palomitas de Ma\u00edz","article_publisher":"https:\/\/www.facebook.com\/cope\/","article_author":"https:\/\/www.facebook.com\/palomitero\/","article_published_time":"2019-04-19T12:21:53+00:00","article_modified_time":"2019-04-19T12:26:26+00:00","og_image":[{"width":725,"height":404,"url":"https:\/\/www.cope.es\/blogs\/palomitas-de-maiz\/wp-content\/uploads\/sites\/6\/2019\/04\/viernes-santo.jpg","type":"image\/jpeg"}],"author":"Jos\u00e9 Luis Panero","twitter_card":"summary_large_image","twitter_creator":"@PALOMITERO","twitter_site":"@cope_es","twitter_misc":{"Escrito por":"Jos\u00e9 Luis Panero","Tiempo de lectura":"4 minutos"},"schema":{"@context":"https:\/\/schema.org","@graph":[{"@type":"Article","@id":"https:\/\/www.cope.es\/blogs\/palomitas-de-maiz\/2019\/04\/19\/viernes-santo-el-cine-de-la-semana-santa-alza-la-voz\/#article","isPartOf":{"@id":"https:\/\/www.cope.es\/blogs\/palomitas-de-maiz\/2019\/04\/19\/viernes-santo-el-cine-de-la-semana-santa-alza-la-voz\/"},"author":{"name":"Jos\u00e9 Luis Panero","@id":"https:\/\/www.cope.es\/blogs\/palomitas-de-maiz\/#\/schema\/person\/9fb256f63733c964d19b06de1ca3c9ef"},"headline":"Viernes Santo. El cine de la Semana Santa alza la voz (II)","datePublished":"2019-04-19T12:21:53+00:00","dateModified":"2019-04-19T12:26:26+00:00","mainEntityOfPage":{"@id":"https:\/\/www.cope.es\/blogs\/palomitas-de-maiz\/2019\/04\/19\/viernes-santo-el-cine-de-la-semana-santa-alza-la-voz\/"},"wordCount":803,"commentCount":5,"image":{"@id":"https:\/\/www.cope.es\/blogs\/palomitas-de-maiz\/2019\/04\/19\/viernes-santo-el-cine-de-la-semana-santa-alza-la-voz\/#primaryimage"},"thumbnailUrl":"https:\/\/www.cope.es\/blogs\/palomitas-de-maiz\/wp-content\/uploads\/sites\/6\/2019\/04\/viernes-santo.jpg","keywords":["Ben-Hur","Cecil B. de Mille","cine","cristo","Ecce Homo","El beso de Judas","El Judas","El M\u00e1rtir del Calvario","estrenos de cine","Fred Niblo","g\u00f3lgota","Griffith","Henry Koster","Hijo de Dios","I.N.R.I","Ignacio F. Iquino","intolerancia","Jean Gabin","Jeffrey Hunter","jes\u00fas","jes\u00fas de nazaret","jes\u00fas en el cine","Jos\u00e9 D\u00edaz Morales","Julien Duvivier","La Legi\u00f3n de la Decencia","la pasi\u00f3n de cristo","La t\u00fanica sagrada","La vie de Jesus","Los misterios del rosario","Marcel Gibaud","Miguel Morayta","Miklos Rozsa","Orson Welles","Padre Peyton","pel\u00edculas de jes\u00fas","Philip Yordan","Rafael Gil","Ray Bradbury","Rey de Reyes","Richard Fleischer","Robert Le Vignan","Robert Wiene","Samuel Bronston","semana santa","viernes santo","Walter Rilla","William Wyler"],"articleSection":["actualidad","Cine","Cine religioso","Cl\u00e1sicos de cine","Hollywood","Valores"],"inLanguage":"es","potentialAction":[{"@type":"CommentAction","name":"Comment","target":["https:\/\/www.cope.es\/blogs\/palomitas-de-maiz\/2019\/04\/19\/viernes-santo-el-cine-de-la-semana-santa-alza-la-voz\/#respond"]}]},{"@type":"WebPage","@id":"https:\/\/www.cope.es\/blogs\/palomitas-de-maiz\/2019\/04\/19\/viernes-santo-el-cine-de-la-semana-santa-alza-la-voz\/","url":"https:\/\/www.cope.es\/blogs\/palomitas-de-maiz\/2019\/04\/19\/viernes-santo-el-cine-de-la-semana-santa-alza-la-voz\/","name":"Viernes Santo: El cine de la Semana Santa alza la voz","isPartOf":{"@id":"https:\/\/www.cope.es\/blogs\/palomitas-de-maiz\/#website"},"primaryImageOfPage":{"@id":"https:\/\/www.cope.es\/blogs\/palomitas-de-maiz\/2019\/04\/19\/viernes-santo-el-cine-de-la-semana-santa-alza-la-voz\/#primaryimage"},"image":{"@id":"https:\/\/www.cope.es\/blogs\/palomitas-de-maiz\/2019\/04\/19\/viernes-santo-el-cine-de-la-semana-santa-alza-la-voz\/#primaryimage"},"thumbnailUrl":"https:\/\/www.cope.es\/blogs\/palomitas-de-maiz\/wp-content\/uploads\/sites\/6\/2019\/04\/viernes-santo.jpg","datePublished":"2019-04-19T12:21:53+00:00","dateModified":"2019-04-19T12:26:26+00:00","author":{"@id":"https:\/\/www.cope.es\/blogs\/palomitas-de-maiz\/#\/schema\/person\/9fb256f63733c964d19b06de1ca3c9ef"},"description":"Viernes Santo: El cine de la Semana Santa alza la voz. Dec\u00edamos ayer que estos d\u00edas vamos a ir comentando la presencia de Cristo en el s\u00e9ptimo arte.","breadcrumb":{"@id":"https:\/\/www.cope.es\/blogs\/palomitas-de-maiz\/2019\/04\/19\/viernes-santo-el-cine-de-la-semana-santa-alza-la-voz\/#breadcrumb"},"inLanguage":"es","potentialAction":[{"@type":"ReadAction","target":["https:\/\/www.cope.es\/blogs\/palomitas-de-maiz\/2019\/04\/19\/viernes-santo-el-cine-de-la-semana-santa-alza-la-voz\/"]}]},{"@type":"ImageObject","inLanguage":"es","@id":"https:\/\/www.cope.es\/blogs\/palomitas-de-maiz\/2019\/04\/19\/viernes-santo-el-cine-de-la-semana-santa-alza-la-voz\/#primaryimage","url":"https:\/\/www.cope.es\/blogs\/palomitas-de-maiz\/wp-content\/uploads\/sites\/6\/2019\/04\/viernes-santo.jpg","contentUrl":"https:\/\/www.cope.es\/blogs\/palomitas-de-maiz\/wp-content\/uploads\/sites\/6\/2019\/04\/viernes-santo.jpg","width":725,"height":404,"caption":"https:\/\/www.cope.es\/blogs\/palomitas-de-maiz\/2019\/04\/19\/viernes-santo-el-cine-de-la-semana-santa-alza-la-voz\/"},{"@type":"BreadcrumbList","@id":"https:\/\/www.cope.es\/blogs\/palomitas-de-maiz\/2019\/04\/19\/viernes-santo-el-cine-de-la-semana-santa-alza-la-voz\/#breadcrumb","itemListElement":[{"@type":"ListItem","position":1,"name":"Portada","item":"https:\/\/www.cope.es\/blogs\/palomitas-de-maiz\/"},{"@type":"ListItem","position":2,"name":"Viernes Santo. El cine de la Semana Santa alza la voz (II)"}]},{"@type":"WebSite","@id":"https:\/\/www.cope.es\/blogs\/palomitas-de-maiz\/#website","url":"https:\/\/www.cope.es\/blogs\/palomitas-de-maiz\/","name":"Palomitas de Ma\u00edz","description":"Blog decano de cine de COPE","potentialAction":[{"@type":"SearchAction","target":{"@type":"EntryPoint","urlTemplate":"https:\/\/www.cope.es\/blogs\/palomitas-de-maiz\/?s={search_term_string}"},"query-input":{"@type":"PropertyValueSpecification","valueRequired":true,"valueName":"search_term_string"}}],"inLanguage":"es"},{"@type":"Person","@id":"https:\/\/www.cope.es\/blogs\/palomitas-de-maiz\/#\/schema\/person\/9fb256f63733c964d19b06de1ca3c9ef","name":"Jos\u00e9 Luis Panero","image":{"@type":"ImageObject","inLanguage":"es","@id":"https:\/\/secure.gravatar.com\/avatar\/2ef93951eab3cee25932a7219e566376cbf6ddedde3aa3098e7a971991a3ef12?s=96&d=mm&r=g","url":"https:\/\/secure.gravatar.com\/avatar\/2ef93951eab3cee25932a7219e566376cbf6ddedde3aa3098e7a971991a3ef12?s=96&d=mm&r=g","contentUrl":"https:\/\/secure.gravatar.com\/avatar\/2ef93951eab3cee25932a7219e566376cbf6ddedde3aa3098e7a971991a3ef12?s=96&d=mm&r=g","caption":"Jos\u00e9 Luis Panero"},"description":"Licenciado en Periodismo y en Comunicaci\u00f3n Audiovisual. Tras m\u00e1s de cuatro a\u00f1os en el diario 'La Gaceta de Los Negocios' y el programa f\u00edlmico 'Pantalla Grande', es cr\u00edtico de cine en 'Ciudad Nueva', 'Pantalla 90', 'COPE' o 'Aleteia' y cr\u00edtico de teatro en 'Hoy en la city'. Ha sido coguionista y ayudante de direcci\u00f3n de cine, ponente en los coloquios de cine del foro FNAC y profesor universitario en diferentes cursos de Periodismo Social. Desde 2003 es miembro del C\u00edrculo de Escritores Cinematogr\u00e1ficos (CEC). En 2008 fund\u00f3 en 'COPE' su blog de cine 'Palomitas de Ma\u00edz'. En 2017 fue nombrado Jurado Oficial del Festival Internacional de Cine de Fuengirola (M\u00e1laga) y ese a\u00f1o la instituci\u00f3n educativa Trinity College-Liceo Serrano le distingui\u00f3 con el nombramiento de 'Profesor de Honor' del centro y miembro ilustre del claustro de profesores. En 2019 fue nombrado Jurado Oficial del Festival Internacional de Cine de Vera (Almer\u00eda). En 2020 fue nombrado Jurado Oficial del Festival Internacional de Cine de Terror de La Mar Bella (Marbella). Como int\u00e9rprete ha sido galardonado con el Premio al Actor Principal del I Festival Nacional UNIR de teatro. Desde 2020 es acad\u00e9mico de las Artes Esc\u00e9nicas de Espa\u00f1a. En 2023 fue nombrado Jurado Oficial de los 'Premios Tal\u00eda' en su I Edici\u00f3n. Y miembro de ASHUMES (Asociaci\u00f3n del Humorismo Espa\u00f1ol) a partir de 2022. En 2023 fue nombrado Jurado Oficial de la II Edici\u00f3n de los 'Premios Godot'.","sameAs":["http:\/\/www.cope.es","https:\/\/www.facebook.com\/palomitero\/","https:\/\/www.instagram.com\/joseluispanero\/","https:\/\/www.linkedin.com\/in\/jos-luis-panero-gonzlez-barosa-7722a716\/","https:\/\/x.com\/PALOMITERO","https:\/\/www.youtube.com\/channel\/UCQYaNGiETUXUPXjYu9p3lNw\/videos?","https:\/\/es.wikipedia.org\/wiki\/Jos_Luis_Panero_Gonzlez-Barosa"],"url":"https:\/\/www.cope.es\/blogs\/palomitas-de-maiz\/author\/jlpanero\/"}]}},"amp_enabled":true,"_links":{"self":[{"href":"https:\/\/www.cope.es\/blogs\/palomitas-de-maiz\/wp-json\/wp\/v2\/posts\/3505","targetHints":{"allow":["GET"]}}],"collection":[{"href":"https:\/\/www.cope.es\/blogs\/palomitas-de-maiz\/wp-json\/wp\/v2\/posts"}],"about":[{"href":"https:\/\/www.cope.es\/blogs\/palomitas-de-maiz\/wp-json\/wp\/v2\/types\/post"}],"author":[{"embeddable":true,"href":"https:\/\/www.cope.es\/blogs\/palomitas-de-maiz\/wp-json\/wp\/v2\/users\/6"}],"replies":[{"embeddable":true,"href":"https:\/\/www.cope.es\/blogs\/palomitas-de-maiz\/wp-json\/wp\/v2\/comments?post=3505"}],"version-history":[{"count":2,"href":"https:\/\/www.cope.es\/blogs\/palomitas-de-maiz\/wp-json\/wp\/v2\/posts\/3505\/revisions"}],"predecessor-version":[{"id":3519,"href":"https:\/\/www.cope.es\/blogs\/palomitas-de-maiz\/wp-json\/wp\/v2\/posts\/3505\/revisions\/3519"}],"wp:featuredmedia":[{"embeddable":true,"href":"https:\/\/www.cope.es\/blogs\/palomitas-de-maiz\/wp-json\/wp\/v2\/media\/3506"}],"wp:attachment":[{"href":"https:\/\/www.cope.es\/blogs\/palomitas-de-maiz\/wp-json\/wp\/v2\/media?parent=3505"}],"wp:term":[{"taxonomy":"category","embeddable":true,"href":"https:\/\/www.cope.es\/blogs\/palomitas-de-maiz\/wp-json\/wp\/v2\/categories?post=3505"},{"taxonomy":"post_tag","embeddable":true,"href":"https:\/\/www.cope.es\/blogs\/palomitas-de-maiz\/wp-json\/wp\/v2\/tags?post=3505"}],"curies":[{"name":"wp","href":"https:\/\/api.w.org\/{rel}","templated":true}]}}