{"id":3116,"date":"2019-02-25T08:32:10","date_gmt":"2019-02-25T07:32:10","guid":{"rendered":"http:\/\/www.cope.es\/blogs\/palomitas-de-maiz\/?p=3116"},"modified":"2019-02-25T08:58:00","modified_gmt":"2019-02-25T07:58:00","slug":"oscars-2019-green-book-gana-la-pelicula-y-cuaron-el-director-roma","status":"publish","type":"post","link":"https:\/\/www.cope.es\/blogs\/palomitas-de-maiz\/2019\/02\/25\/oscars-2019-green-book-gana-la-pelicula-y-cuaron-el-director-roma\/","title":{"rendered":"Oscars 2019: \u2018Green Book\u2019 se alza con el premio a la mejor pel\u00edcula (Peter Farrelly) y Alfonso Cuar\u00f3n con el de mejor director (Roma)"},"content":{"rendered":"<p>\u00a1Mis queridos palomiteros! Oscars 2019: \u2018Green Book\u2019 gana la pel\u00edcula y Cuar\u00f3n el director. Este es el titular principal que tenemos que recordar de la 91 gala de cine de los Oscar, celebrada hace pocas horas en Los \u00c1ngeles. Veamos los entresijos.<\/p>\n<figure id=\"attachment_3118\" aria-describedby=\"caption-attachment-3118\" style=\"width: 725px\" class=\"wp-caption aligncenter\"><img loading=\"lazy\" decoding=\"async\" width=\"725\" height=\"407\" class=\"wp-image-3118 size-full\" src=\"http:\/\/www.cope.es\/blogs\/palomitas-de-maiz\/wp-content\/uploads\/sites\/6\/2019\/02\/green-book-y-roma-1.jpg\" alt=\"Fotogramas de Green Book y Roma | Oscars 2019: \u2018Green Book\u2019 gana la pel\u00edcula y Cuar\u00f3n el director\" srcset=\"https:\/\/www.cope.es\/blogs\/palomitas-de-maiz\/wp-content\/uploads\/sites\/6\/2019\/02\/green-book-y-roma-1.jpg 725w, https:\/\/www.cope.es\/blogs\/palomitas-de-maiz\/wp-content\/uploads\/sites\/6\/2019\/02\/green-book-y-roma-1-300x168.jpg 300w\" sizes=\"auto, (max-width: 725px) 100vw, 725px\" \/><figcaption id=\"caption-attachment-3118\" class=\"wp-caption-text\"><strong>Fotogramas de<\/strong><em> Green Book<\/em> y <em>Roma<\/em> | Oscars 2019: \u2018Green Book\u2019 gana la pel\u00edcula y Cuar\u00f3n el director<\/figcaption><\/figure>\n<p><strong>La ceremonia ha acusado cierta debilidad<\/strong> al no contar con un presentador, y esto ha marcado el tempo de una gala con poca chicha y alguna sorpresa pero, sobre todo, <strong>aburrida<\/strong>. Cuesta creer que tras 91 experiencias a\u00fan los modernos americanos no hayan encontrado una f\u00f3rmula para agilizar una ceremonia, y que no sobrepase las tres horas y media de emisi\u00f3n.<\/p>\n<figure id=\"attachment_3119\" aria-describedby=\"caption-attachment-3119\" style=\"width: 725px\" class=\"wp-caption aligncenter\"><img loading=\"lazy\" decoding=\"async\" width=\"725\" height=\"1148\" class=\"wp-image-3119 size-full\" src=\"http:\/\/www.cope.es\/blogs\/palomitas-de-maiz\/wp-content\/uploads\/sites\/6\/2019\/02\/green-book.jpg\" alt=\"Cartel del biopic Green Book, de Peter Farrelly | Oscars 2019: \u2018Green Book\u2019 gana la pel\u00edcula y Cuar\u00f3n el director\" srcset=\"https:\/\/www.cope.es\/blogs\/palomitas-de-maiz\/wp-content\/uploads\/sites\/6\/2019\/02\/green-book.jpg 725w, https:\/\/www.cope.es\/blogs\/palomitas-de-maiz\/wp-content\/uploads\/sites\/6\/2019\/02\/green-book-189x300.jpg 189w, https:\/\/www.cope.es\/blogs\/palomitas-de-maiz\/wp-content\/uploads\/sites\/6\/2019\/02\/green-book-647x1024.jpg 647w\" sizes=\"auto, (max-width: 725px) 100vw, 725px\" \/><figcaption id=\"caption-attachment-3119\" class=\"wp-caption-text\"><strong>Cartel del biopic<\/strong> <em>Green Book<\/em>, de <strong>Peter Farrelly<\/strong> | Oscars 2019: \u2018Green Book\u2019 gana la pel\u00edcula y Cuar\u00f3n el director<\/figcaption><\/figure>\n<p><strong>Si a eso le a\u00f1adimos la escasa profesionalidad de los comentaristas en Espa\u00f1a<\/strong>, especialmente la del guionista y actor <strong>Manuel Burke<\/strong>, apaga y v\u00e1monos. Resulta asombrosa la escasez de patrimonio cultural del conjunto sobre cine, que se detiene en hablar de nader\u00edas, en lugar de demostrar su conocimiento del medio.<\/p>\n<figure id=\"attachment_3121\" aria-describedby=\"caption-attachment-3121\" style=\"width: 725px\" class=\"wp-caption aligncenter\"><img loading=\"lazy\" decoding=\"async\" width=\"725\" height=\"1037\" class=\"wp-image-3121 size-full\" src=\"http:\/\/www.cope.es\/blogs\/palomitas-de-maiz\/wp-content\/uploads\/sites\/6\/2019\/02\/roma-cartel-1.jpg\" alt=\"Cartel de la bellla Roma | Cartel del biopic Green Book, de Peter Farrelly | Oscars 2019: \u2018Green Book\u2019 gana la pel\u00edcula y Cuar\u00f3n el director\" srcset=\"https:\/\/www.cope.es\/blogs\/palomitas-de-maiz\/wp-content\/uploads\/sites\/6\/2019\/02\/roma-cartel-1.jpg 725w, https:\/\/www.cope.es\/blogs\/palomitas-de-maiz\/wp-content\/uploads\/sites\/6\/2019\/02\/roma-cartel-1-210x300.jpg 210w, https:\/\/www.cope.es\/blogs\/palomitas-de-maiz\/wp-content\/uploads\/sites\/6\/2019\/02\/roma-cartel-1-716x1024.jpg 716w\" sizes=\"auto, (max-width: 725px) 100vw, 725px\" \/><figcaption id=\"caption-attachment-3121\" class=\"wp-caption-text\"><strong>Cartel de la bellla<\/strong> <em>Roma\u00a0<\/em>| Oscars 2019: \u2018Green Book\u2019 gana la pel\u00edcula y Cuar\u00f3n el director<\/figcaption><\/figure>\n<h2>Oscars 2019: \u2018Green Book\u2019, mejor pel\u00edcula; Alfonso Cuar\u00f3n, mejor director por su elaborada &#8216;Roma&#8217;<\/h2>\n<p>Y, al tiempo, la oportunidad de demostrar al respetable su habilidad con el dominio de los Premios Oscar, si no es de su trayectoria, de los premios de esta \u00faltima ceremonia. <strong>Ha dejado mucho que desear<\/strong> y ha acentuado a\u00fan m\u00e1s el tedio que se desplegaba en Hollywood.<\/p>\n<p><iframe loading=\"lazy\" width=\"675\" height=\"380\" src=\"https:\/\/www.youtube.com\/embed\/6BS27ngZtxg?feature=oembed\" frameborder=\"0\" allow=\"accelerometer; autoplay; encrypted-media; gyroscope; picture-in-picture\" allowfullscreen><\/iframe><\/p>\n<p>Una de las sorpresas de la ceremonia corri\u00f3 a cargo del galard\u00f3n al mejor corto de animaci\u00f3n, que conquistaba el premio por primera vez. De hecho, era la primera vez que un corto alcanzaba una candidatura. <strong>Domee Shi<\/strong> y <strong>Becky Neiman-Cobb<\/strong>, son las responsables de <em>Bao<\/em>, que realizaron de la mano de <strong>Pixar<\/strong>.<\/p>\n<figure id=\"attachment_3122\" aria-describedby=\"caption-attachment-3122\" style=\"width: 725px\" class=\"wp-caption aligncenter\"><img loading=\"lazy\" decoding=\"async\" width=\"725\" height=\"407\" class=\"wp-image-3122 size-full\" src=\"http:\/\/www.cope.es\/blogs\/palomitas-de-maiz\/wp-content\/uploads\/sites\/6\/2019\/02\/peter-farrelly-oscars.jpg\" alt=\"Peter Farrelly, director de Green Book | Oscars 2019: \u2018Green Book\u2019 gana la pel\u00edcula y Cuar\u00f3n el director\" srcset=\"https:\/\/www.cope.es\/blogs\/palomitas-de-maiz\/wp-content\/uploads\/sites\/6\/2019\/02\/peter-farrelly-oscars.jpg 725w, https:\/\/www.cope.es\/blogs\/palomitas-de-maiz\/wp-content\/uploads\/sites\/6\/2019\/02\/peter-farrelly-oscars-300x168.jpg 300w\" sizes=\"auto, (max-width: 725px) 100vw, 725px\" \/><figcaption id=\"caption-attachment-3122\" class=\"wp-caption-text\"><strong>Peter Farrelly<\/strong>, director de <em>Green Book<\/em> | Oscars 2019: \u2018Green Book\u2019 gana la pel\u00edcula y Cuar\u00f3n el director<\/figcaption><\/figure>\n<p>Y, para m\u00ed, la otra sorpresa fue el Oscar a <strong>Olivia Colman<\/strong> por su trabajo en <em>La favorita<\/em>. Ciertamente, y aunque compet\u00edan en categor\u00edas distintas por la misma pel\u00edcula, <strong>Emma Stone<\/strong> o <strong>Rachel Weisz<\/strong> han realizado interpretaciones mejores que la galardonada.<\/p>\n<p>Se apostaba ampliamente por <strong>Glenn Close<\/strong> y su impecable papel en <em>La buena esposa<\/em>. Actriz que, por cierto, ya ha sido candidata al premio en siete ocasiones y a\u00fan no ha sonado la campana. Va camino de <strong>Meryl Streep<\/strong>&#8230;<\/p>\n<figure id=\"attachment_3130\" aria-describedby=\"caption-attachment-3130\" style=\"width: 725px\" class=\"wp-caption aligncenter\"><img loading=\"lazy\" decoding=\"async\" width=\"725\" height=\"407\" class=\"wp-image-3130 size-full\" src=\"http:\/\/www.cope.es\/blogs\/palomitas-de-maiz\/wp-content\/uploads\/sites\/6\/2019\/02\/alfonso-cuaron-1.jpg\" alt=\"Alfonso Cuar\u00f3n, director de Roma | Oscars 2019: \u2018Green Book\u2019 gana la pel\u00edcula y Cuar\u00f3n el director\" srcset=\"https:\/\/www.cope.es\/blogs\/palomitas-de-maiz\/wp-content\/uploads\/sites\/6\/2019\/02\/alfonso-cuaron-1.jpg 725w, https:\/\/www.cope.es\/blogs\/palomitas-de-maiz\/wp-content\/uploads\/sites\/6\/2019\/02\/alfonso-cuaron-1-300x168.jpg 300w\" sizes=\"auto, (max-width: 725px) 100vw, 725px\" \/><figcaption id=\"caption-attachment-3130\" class=\"wp-caption-text\"><strong>Alfonso Cuar\u00f3n<\/strong>, director de <em>Roma<\/em> | Oscars 2019: \u2018Green Book\u2019 gana la pel\u00edcula y Cuar\u00f3n el director<\/figcaption><\/figure>\n<h2>Con el Oscar a mejor pel\u00edcula en lengua no inglesa y el de mejor director, Alfonso Cuar\u00f3n y su <em>Roma<\/em> han recibido una de canal y una de arena<\/h2>\n<p>Por otro lado, la Academia americana no se ha mojado, o s\u00f3lo ha chapoteado un poco, al no considerar <em>Roma<\/em> mejor pel\u00edcula, <a href=\"https:\/\/www.cope.es\/blogs\/palomitas-de-maiz\/2018\/08\/31\/alfonso-cuaron-favorito-leon-de-oro-con-su-roma-netflix\/\">de la que ha hemos hablado aqu\u00ed<\/a>. Con el Oscar a mejor pel\u00edcula en lengua no inglesa y el de mejor director, <strong>Alfonso Cuar\u00f3n<\/strong> y su <em>Roma<\/em> han recibido una de canal y una de arena.<\/p>\n<p><iframe loading=\"lazy\" width=\"675\" height=\"380\" src=\"https:\/\/www.youtube.com\/embed\/DvK1GK-Nqo8?feature=oembed\" frameborder=\"0\" allow=\"accelerometer; autoplay; encrypted-media; gyroscope; picture-in-picture\" allowfullscreen><\/iframe><\/p>\n<p>Por lo visto, Hollywood a\u00fan no est\u00e1 preparado para productos como <em>Roma<\/em>, exhibido tanto en cines como en la <a href=\"https:\/\/www.cope.es\/blogs\/palomitas-de-maiz\/2019\/02\/14\/conoces-las-cinco-nuevas-series-espanolas-de-netflix\/\">plataforma on line <strong>Netflix<\/strong><\/a>. De haber cosechado el m\u00e1ximo galard\u00f3n estar\u00eda abriendo la puerta a un mercado cinematogr\u00e1fico muy amplio, que a su vez supondr\u00eda much\u00edsima competencia. Bien, esperaremos, pero espero que no mucho. Los complejos hay que superarlos, amigos acad\u00e9micos.<\/p>\n<figure id=\"attachment_3124\" aria-describedby=\"caption-attachment-3124\" style=\"width: 725px\" class=\"wp-caption aligncenter\"><img loading=\"lazy\" decoding=\"async\" width=\"725\" height=\"409\" class=\"wp-image-3124 size-full\" src=\"http:\/\/www.cope.es\/blogs\/palomitas-de-maiz\/wp-content\/uploads\/sites\/6\/2019\/02\/rami-malek.jpg\" alt=\"Rami Malek, mejor actor por Bohemian Rhapsody | Oscars 2019: \u2018Green Book\u2019 gana la pel\u00edcula y Cuar\u00f3n el director\" srcset=\"https:\/\/www.cope.es\/blogs\/palomitas-de-maiz\/wp-content\/uploads\/sites\/6\/2019\/02\/rami-malek.jpg 725w, https:\/\/www.cope.es\/blogs\/palomitas-de-maiz\/wp-content\/uploads\/sites\/6\/2019\/02\/rami-malek-300x169.jpg 300w\" sizes=\"auto, (max-width: 725px) 100vw, 725px\" \/><figcaption id=\"caption-attachment-3124\" class=\"wp-caption-text\"><strong>Rami Malek<\/strong>, mejor actor por <em>Bohemian Rhapsody<\/em> | Oscars 2019: \u2018Green Book\u2019 gana la pel\u00edcula y Cuar\u00f3n el director<\/figcaption><\/figure>\n<h2>Hollywood a\u00fan no est\u00e1 preparado para productos como <em>Roma<\/em>, exhibido tanto en cines como en la plataforma on line Netflix<\/h2>\n<p>Tambi\u00e9n ser\u00eda deseable que los presentadores de los premios no fueran tan cantosos. Por ejemplo, en el caso de <strong>Javier Bardem<\/strong> y <strong>Angela Bassett<\/strong>. \u00bfA qui\u00e9n le iban a dar el premio a la mejor pel\u00edcula extranjera? \u00bfA <em>Roma<\/em>? \u00bfPor qu\u00e9? \u00bfBardem y Cuar\u00f3n hablan el mismo idioma? S\u00ed. \u00bfY <strong><a href=\"https:\/\/www.cope.es\/blogs\/palomitas-de-maiz\/2018\/05\/01\/scary-stories-to-tell-in-the-dark-guillermo-del-toro\/\">Guillermo del Toro<\/a><\/strong> y <strong>Cuar\u00f3n<\/strong>? Tambi\u00e9n. Es que el morbo se pierde.<\/p>\n<figure id=\"attachment_3125\" aria-describedby=\"caption-attachment-3125\" style=\"width: 725px\" class=\"wp-caption aligncenter\"><img loading=\"lazy\" decoding=\"async\" width=\"725\" height=\"408\" class=\"wp-image-3125 size-full\" src=\"http:\/\/www.cope.es\/blogs\/palomitas-de-maiz\/wp-content\/uploads\/sites\/6\/2019\/02\/olivia-colman.jpg\" alt=\"Olivia Colman, mejor actriz por La favorita | Oscars 2019: \u2018Green Book\u2019 gana la pel\u00edcula y Cuar\u00f3n el director\" srcset=\"https:\/\/www.cope.es\/blogs\/palomitas-de-maiz\/wp-content\/uploads\/sites\/6\/2019\/02\/olivia-colman.jpg 725w, https:\/\/www.cope.es\/blogs\/palomitas-de-maiz\/wp-content\/uploads\/sites\/6\/2019\/02\/olivia-colman-300x169.jpg 300w\" sizes=\"auto, (max-width: 725px) 100vw, 725px\" \/><figcaption id=\"caption-attachment-3125\" class=\"wp-caption-text\"><strong>Olivia Colman<\/strong>, mejor actriz por<em> La favorita<\/em> | Oscars 2019: \u2018Green Book\u2019 gana la pel\u00edcula y Cuar\u00f3n el director<\/figcaption><\/figure>\n<p>Ha ocurrido otras veces. Por ejemplo, cuando en 1999, <strong>Pen\u00e9lope Cruz<\/strong> y <strong>Antonio Banderas<\/strong> presentaron este mismo galard\u00f3n. <strong>Pedro Almod\u00f3var<\/strong> era uno de los candidatos a recibir el Oscar. \u00bfY qu\u00e9 pas\u00f3? Que lo gan\u00f3 por <em>Todo sobre mi madre<\/em>, que es una grand\u00edsima pel\u00edcula. Pero creo que se me entiende suficientemente.<\/p>\n<p><iframe loading=\"lazy\" width=\"675\" height=\"380\" src=\"https:\/\/www.youtube.com\/embed\/ZPTY8JgMrng?feature=oembed\" frameborder=\"0\" allow=\"accelerometer; autoplay; encrypted-media; gyroscope; picture-in-picture\" allowfullscreen><\/iframe><\/p>\n<p>Y hasta aqu\u00ed los acontecimientos de una gala insulsa, muy predecible en premios, con algunos n\u00fameros musicales de pasada pero sin <em>sketches<\/em> de ninguna clase. Y todo eso aburre a un muerto. No creo ser el \u00fanico en pensar lo mismo. Hasta el a\u00f1o que viene.<\/p>\n<p><iframe loading=\"lazy\" width=\"675\" height=\"380\" src=\"https:\/\/www.youtube.com\/embed\/01Sn153r9RY?feature=oembed\" frameborder=\"0\" allow=\"accelerometer; autoplay; encrypted-media; gyroscope; picture-in-picture\" allowfullscreen><\/iframe><\/p>\n<p>Os dejo con <a href=\"https:\/\/www.imdb.com\/oscars\/nominations\/?pf_rd_m=A2FGELUUNOQJNL&amp;pf_rd_p=84d29980-ba65-439b-b260-e27c4f071729&amp;pf_rd_r=2SYSSJQH1T58BGKCZ5XV&amp;pf_rd_s=top-1&amp;pf_rd_t=60601&amp;pf_rd_i=oscars.2019-show-backstage-photos&amp;ref_=acd_nav_i2\" target=\"_blank\">la relaci\u00f3n de premiados<\/a>.<\/p>\n","protected":false},"excerpt":{"rendered":"<p>\u00a1Mis queridos palomiteros! Oscars 2019: \u2018Green Book\u2019 gana la pel\u00edcula y Cuar\u00f3n el director. Este es el titular principal que tenemos que recordar de la 91 gala de cine de los Oscar, celebrada hace pocas horas en Los \u00c1ngeles. Veamos los entresijos. La ceremonia ha acusado cierta debilidad al no contar con un presentador, y [&hellip;]<\/p>\n","protected":false},"author":6,"featured_media":3117,"comment_status":"open","ping_status":"open","sticky":false,"template":"","format":"standard","meta":{"footnotes":""},"categories":[1035,336,49,2661,348,942,48,3123],"tags":[1830,3140,3139,3138,3142,3125,44,3137,1318,68,3135,3126,373,3134,3133,1038,3141,3131,3136,2578,3124,1056,3129,2518,3132,3127,89,2522,3128,3130,2357],"class_list":["post-3116","post","type-post","status-publish","format-standard","has-post-thumbnail","hentry","category-actores","category-actualidad","category-cine","category-hollywood","category-industria","category-oscar","category-premios-de-cine","category-premios-oscar","tag-alfonso-cuaron","tag-angela-bassett","tag-bao","tag-becky-neiman-cobb","tag-bohemian-rhapsody","tag-ceremonia","tag-cine","tag-domee-shi","tag-emma-stone","tag-gala","tag-glenn-close","tag-green-book","tag-guillermo-del-toro","tag-guion-adaptado","tag-guion-original","tag-javier-bardem","tag-la-favorita","tag-mahershala-ali","tag-manuel-burke","tag-mejor-director","tag-mejor-pelicula","tag-netflix","tag-olivia-colman","tag-pelicula-en-lengua-no-inglesa","tag-pelicula-extranjera","tag-peter-farrelly","tag-premios-oscar","tag-rachel-weisz","tag-rami-malek","tag-regina-king","tag-roma"],"yoast_head":"<!-- This site is optimized with the Yoast SEO plugin v27.4 - https:\/\/yoast.com\/product\/yoast-seo-wordpress\/ -->\n<title>Oscars 2019: \u2018Green Book\u2019 gana la pel\u00edcula y Cuar\u00f3n el director<\/title>\n<meta name=\"description\" content=\"Oscars 2019: \u2018Green Book\u2019 gana la pel\u00edcula y Cuar\u00f3n el director: Son los resultados finales de la 91 gala de cine celebrada en Los \u00c1ngeles\" \/>\n<meta name=\"robots\" content=\"index, follow, max-snippet:-1, max-image-preview:large, max-video-preview:-1\" \/>\n<link rel=\"canonical\" href=\"https:\/\/www.cope.es\/blogs\/palomitas-de-maiz\/2019\/02\/25\/oscars-2019-green-book-gana-la-pelicula-y-cuaron-el-director-roma\/\" \/>\n<meta property=\"og:locale\" content=\"es_ES\" \/>\n<meta property=\"og:type\" content=\"article\" \/>\n<meta property=\"og:title\" content=\"Oscars 2019: \u2018Green Book\u2019 gana la pel\u00edcula y Cuar\u00f3n el director\" \/>\n<meta property=\"og:description\" content=\"Oscars 2019: \u2018Green Book\u2019 gana la pel\u00edcula y Cuar\u00f3n el director: Son los resultados finales de la 91 gala de cine celebrada en Los \u00c1ngeles\" \/>\n<meta property=\"og:url\" content=\"https:\/\/www.cope.es\/blogs\/palomitas-de-maiz\/2019\/02\/25\/oscars-2019-green-book-gana-la-pelicula-y-cuaron-el-director-roma\/\" \/>\n<meta property=\"og:site_name\" content=\"Palomitas de Ma\u00edz\" \/>\n<meta property=\"article:publisher\" content=\"https:\/\/www.facebook.com\/cope\/\" \/>\n<meta property=\"article:author\" content=\"https:\/\/www.facebook.com\/palomitero\/\" \/>\n<meta property=\"article:published_time\" content=\"2019-02-25T07:32:10+00:00\" \/>\n<meta property=\"article:modified_time\" content=\"2019-02-25T07:58:00+00:00\" \/>\n<meta property=\"og:image\" content=\"https:\/\/www.cope.es\/blogs\/palomitas-de-maiz\/wp-content\/uploads\/sites\/6\/2019\/02\/green-book-y-roma.jpg\" \/>\n\t<meta property=\"og:image:width\" content=\"725\" \/>\n\t<meta property=\"og:image:height\" content=\"407\" \/>\n\t<meta property=\"og:image:type\" content=\"image\/jpeg\" \/>\n<meta name=\"author\" content=\"Jos\u00e9 Luis Panero\" \/>\n<meta name=\"twitter:card\" content=\"summary_large_image\" \/>\n<meta name=\"twitter:creator\" content=\"@PALOMITERO\" \/>\n<meta name=\"twitter:site\" content=\"@cope_es\" \/>\n<meta name=\"twitter:label1\" content=\"Escrito por\" \/>\n\t<meta name=\"twitter:data1\" content=\"Jos\u00e9 Luis Panero\" \/>\n\t<meta name=\"twitter:label2\" content=\"Tiempo de lectura\" \/>\n\t<meta name=\"twitter:data2\" content=\"5 minutos\" \/>\n<script type=\"application\/ld+json\" class=\"yoast-schema-graph\">{\"@context\":\"https:\\\/\\\/schema.org\",\"@graph\":[{\"@type\":\"Article\",\"@id\":\"https:\\\/\\\/www.cope.es\\\/blogs\\\/palomitas-de-maiz\\\/2019\\\/02\\\/25\\\/oscars-2019-green-book-gana-la-pelicula-y-cuaron-el-director-roma\\\/#article\",\"isPartOf\":{\"@id\":\"https:\\\/\\\/www.cope.es\\\/blogs\\\/palomitas-de-maiz\\\/2019\\\/02\\\/25\\\/oscars-2019-green-book-gana-la-pelicula-y-cuaron-el-director-roma\\\/\"},\"author\":{\"name\":\"Jos\u00e9 Luis Panero\",\"@id\":\"https:\\\/\\\/www.cope.es\\\/blogs\\\/palomitas-de-maiz\\\/#\\\/schema\\\/person\\\/9fb256f63733c964d19b06de1ca3c9ef\"},\"headline\":\"Oscars 2019: \u2018Green Book\u2019 se alza con el premio a la mejor pel\u00edcula (Peter Farrelly) y Alfonso Cuar\u00f3n con el de mejor director (Roma)\",\"datePublished\":\"2019-02-25T07:32:10+00:00\",\"dateModified\":\"2019-02-25T07:58:00+00:00\",\"mainEntityOfPage\":{\"@id\":\"https:\\\/\\\/www.cope.es\\\/blogs\\\/palomitas-de-maiz\\\/2019\\\/02\\\/25\\\/oscars-2019-green-book-gana-la-pelicula-y-cuaron-el-director-roma\\\/\"},\"wordCount\":962,\"commentCount\":0,\"image\":{\"@id\":\"https:\\\/\\\/www.cope.es\\\/blogs\\\/palomitas-de-maiz\\\/2019\\\/02\\\/25\\\/oscars-2019-green-book-gana-la-pelicula-y-cuaron-el-director-roma\\\/#primaryimage\"},\"thumbnailUrl\":\"https:\\\/\\\/www.cope.es\\\/blogs\\\/palomitas-de-maiz\\\/wp-content\\\/uploads\\\/sites\\\/6\\\/2019\\\/02\\\/green-book-y-roma.jpg\",\"keywords\":[\"Alfonso Cuar\u00f3n\",\"Angela Bassett\",\"bao\",\"Becky Neiman-Cobb\",\"bohemian rhapsody\",\"ceremonia\",\"cine\",\"Domee Shi\",\"Emma Stone\",\"gala\",\"glenn close\",\"green book\",\"guillermo del toro\",\"gui\u00f3n adaptado\",\"gui\u00f3n original\",\"javier bardem\",\"la favorita\",\"Mahershala Ali\",\"Manuel Burke\",\"mejor director\",\"mejor pelicula\",\"netflix\",\"olivia colman\",\"pel\u00edcula en lengua no inglesa\",\"pel\u00edcula extranjera\",\"peter farrelly\",\"premios oscar\",\"Rachel Weisz\",\"rami malek\",\"regina king\",\"roma\"],\"articleSection\":[\"actores\",\"actualidad\",\"Cine\",\"Hollywood\",\"industria\",\"Oscar\",\"Premios de Cine\",\"premios oscar\"],\"inLanguage\":\"es\",\"potentialAction\":[{\"@type\":\"CommentAction\",\"name\":\"Comment\",\"target\":[\"https:\\\/\\\/www.cope.es\\\/blogs\\\/palomitas-de-maiz\\\/2019\\\/02\\\/25\\\/oscars-2019-green-book-gana-la-pelicula-y-cuaron-el-director-roma\\\/#respond\"]}]},{\"@type\":\"WebPage\",\"@id\":\"https:\\\/\\\/www.cope.es\\\/blogs\\\/palomitas-de-maiz\\\/2019\\\/02\\\/25\\\/oscars-2019-green-book-gana-la-pelicula-y-cuaron-el-director-roma\\\/\",\"url\":\"https:\\\/\\\/www.cope.es\\\/blogs\\\/palomitas-de-maiz\\\/2019\\\/02\\\/25\\\/oscars-2019-green-book-gana-la-pelicula-y-cuaron-el-director-roma\\\/\",\"name\":\"Oscars 2019: \u2018Green Book\u2019 gana la pel\u00edcula y Cuar\u00f3n el director\",\"isPartOf\":{\"@id\":\"https:\\\/\\\/www.cope.es\\\/blogs\\\/palomitas-de-maiz\\\/#website\"},\"primaryImageOfPage\":{\"@id\":\"https:\\\/\\\/www.cope.es\\\/blogs\\\/palomitas-de-maiz\\\/2019\\\/02\\\/25\\\/oscars-2019-green-book-gana-la-pelicula-y-cuaron-el-director-roma\\\/#primaryimage\"},\"image\":{\"@id\":\"https:\\\/\\\/www.cope.es\\\/blogs\\\/palomitas-de-maiz\\\/2019\\\/02\\\/25\\\/oscars-2019-green-book-gana-la-pelicula-y-cuaron-el-director-roma\\\/#primaryimage\"},\"thumbnailUrl\":\"https:\\\/\\\/www.cope.es\\\/blogs\\\/palomitas-de-maiz\\\/wp-content\\\/uploads\\\/sites\\\/6\\\/2019\\\/02\\\/green-book-y-roma.jpg\",\"datePublished\":\"2019-02-25T07:32:10+00:00\",\"dateModified\":\"2019-02-25T07:58:00+00:00\",\"author\":{\"@id\":\"https:\\\/\\\/www.cope.es\\\/blogs\\\/palomitas-de-maiz\\\/#\\\/schema\\\/person\\\/9fb256f63733c964d19b06de1ca3c9ef\"},\"description\":\"Oscars 2019: \u2018Green Book\u2019 gana la pel\u00edcula y Cuar\u00f3n el director: Son los resultados finales de la 91 gala de cine celebrada en Los \u00c1ngeles\",\"breadcrumb\":{\"@id\":\"https:\\\/\\\/www.cope.es\\\/blogs\\\/palomitas-de-maiz\\\/2019\\\/02\\\/25\\\/oscars-2019-green-book-gana-la-pelicula-y-cuaron-el-director-roma\\\/#breadcrumb\"},\"inLanguage\":\"es\",\"potentialAction\":[{\"@type\":\"ReadAction\",\"target\":[\"https:\\\/\\\/www.cope.es\\\/blogs\\\/palomitas-de-maiz\\\/2019\\\/02\\\/25\\\/oscars-2019-green-book-gana-la-pelicula-y-cuaron-el-director-roma\\\/\"]}]},{\"@type\":\"ImageObject\",\"inLanguage\":\"es\",\"@id\":\"https:\\\/\\\/www.cope.es\\\/blogs\\\/palomitas-de-maiz\\\/2019\\\/02\\\/25\\\/oscars-2019-green-book-gana-la-pelicula-y-cuaron-el-director-roma\\\/#primaryimage\",\"url\":\"https:\\\/\\\/www.cope.es\\\/blogs\\\/palomitas-de-maiz\\\/wp-content\\\/uploads\\\/sites\\\/6\\\/2019\\\/02\\\/green-book-y-roma.jpg\",\"contentUrl\":\"https:\\\/\\\/www.cope.es\\\/blogs\\\/palomitas-de-maiz\\\/wp-content\\\/uploads\\\/sites\\\/6\\\/2019\\\/02\\\/green-book-y-roma.jpg\",\"width\":725,\"height\":407,\"caption\":\"http:\\\/\\\/www.cope.es\\\/blogs\\\/palomitas-de-maiz\\\/2019\\\/02\\\/25\\\/oscars-2019-green-book-gana-la-pelicula-y-cuaron-el-director-roma\\\/\"},{\"@type\":\"BreadcrumbList\",\"@id\":\"https:\\\/\\\/www.cope.es\\\/blogs\\\/palomitas-de-maiz\\\/2019\\\/02\\\/25\\\/oscars-2019-green-book-gana-la-pelicula-y-cuaron-el-director-roma\\\/#breadcrumb\",\"itemListElement\":[{\"@type\":\"ListItem\",\"position\":1,\"name\":\"Portada\",\"item\":\"https:\\\/\\\/www.cope.es\\\/blogs\\\/palomitas-de-maiz\\\/\"},{\"@type\":\"ListItem\",\"position\":2,\"name\":\"Oscars 2019: \u2018Green Book\u2019 se alza con el premio a la mejor pel\u00edcula (Peter Farrelly) y Alfonso Cuar\u00f3n con el de mejor director (Roma)\"}]},{\"@type\":\"WebSite\",\"@id\":\"https:\\\/\\\/www.cope.es\\\/blogs\\\/palomitas-de-maiz\\\/#website\",\"url\":\"https:\\\/\\\/www.cope.es\\\/blogs\\\/palomitas-de-maiz\\\/\",\"name\":\"Palomitas de Ma\u00edz\",\"description\":\"Blog decano de cine de COPE\",\"potentialAction\":[{\"@type\":\"SearchAction\",\"target\":{\"@type\":\"EntryPoint\",\"urlTemplate\":\"https:\\\/\\\/www.cope.es\\\/blogs\\\/palomitas-de-maiz\\\/?s={search_term_string}\"},\"query-input\":{\"@type\":\"PropertyValueSpecification\",\"valueRequired\":true,\"valueName\":\"search_term_string\"}}],\"inLanguage\":\"es\"},{\"@type\":\"Person\",\"@id\":\"https:\\\/\\\/www.cope.es\\\/blogs\\\/palomitas-de-maiz\\\/#\\\/schema\\\/person\\\/9fb256f63733c964d19b06de1ca3c9ef\",\"name\":\"Jos\u00e9 Luis Panero\",\"image\":{\"@type\":\"ImageObject\",\"inLanguage\":\"es\",\"@id\":\"https:\\\/\\\/secure.gravatar.com\\\/avatar\\\/2ef93951eab3cee25932a7219e566376cbf6ddedde3aa3098e7a971991a3ef12?s=96&d=mm&r=g\",\"url\":\"https:\\\/\\\/secure.gravatar.com\\\/avatar\\\/2ef93951eab3cee25932a7219e566376cbf6ddedde3aa3098e7a971991a3ef12?s=96&d=mm&r=g\",\"contentUrl\":\"https:\\\/\\\/secure.gravatar.com\\\/avatar\\\/2ef93951eab3cee25932a7219e566376cbf6ddedde3aa3098e7a971991a3ef12?s=96&d=mm&r=g\",\"caption\":\"Jos\u00e9 Luis Panero\"},\"description\":\"Licenciado en Periodismo y en Comunicaci\u00f3n Audiovisual. Tras m\u00e1s de cuatro a\u00f1os en el diario 'La Gaceta de Los Negocios' y el programa f\u00edlmico 'Pantalla Grande', es cr\u00edtico de cine en 'Ciudad Nueva', 'Pantalla 90', 'COPE' o 'Aleteia' y cr\u00edtico de teatro en 'Hoy en la city'. Ha sido coguionista y ayudante de direcci\u00f3n de cine, ponente en los coloquios de cine del foro FNAC y profesor universitario en diferentes cursos de Periodismo Social. Desde 2003 es miembro del C\u00edrculo de Escritores Cinematogr\u00e1ficos (CEC). En 2008 fund\u00f3 en 'COPE' su blog de cine 'Palomitas de Ma\u00edz'. En 2017 fue nombrado Jurado Oficial del Festival Internacional de Cine de Fuengirola (M\u00e1laga) y ese a\u00f1o la instituci\u00f3n educativa Trinity College-Liceo Serrano le distingui\u00f3 con el nombramiento de 'Profesor de Honor' del centro y miembro ilustre del claustro de profesores. En 2019 fue nombrado Jurado Oficial del Festival Internacional de Cine de Vera (Almer\u00eda). En 2020 fue nombrado Jurado Oficial del Festival Internacional de Cine de Terror de La Mar Bella (Marbella). Como int\u00e9rprete ha sido galardonado con el Premio al Actor Principal del I Festival Nacional UNIR de teatro. Desde 2020 es acad\u00e9mico de las Artes Esc\u00e9nicas de Espa\u00f1a. En 2023 fue nombrado Jurado Oficial de los 'Premios Tal\u00eda' en su I Edici\u00f3n. Y miembro de ASHUMES (Asociaci\u00f3n del Humorismo Espa\u00f1ol) a partir de 2022. En 2023 fue nombrado Jurado Oficial de la II Edici\u00f3n de los 'Premios Godot'.\",\"sameAs\":[\"http:\\\/\\\/www.cope.es\",\"https:\\\/\\\/www.facebook.com\\\/palomitero\\\/\",\"https:\\\/\\\/www.instagram.com\\\/joseluispanero\\\/\",\"https:\\\/\\\/www.linkedin.com\\\/in\\\/jos-luis-panero-gonzlez-barosa-7722a716\\\/\",\"https:\\\/\\\/x.com\\\/PALOMITERO\",\"https:\\\/\\\/www.youtube.com\\\/channel\\\/UCQYaNGiETUXUPXjYu9p3lNw\\\/videos?\",\"https:\\\/\\\/es.wikipedia.org\\\/wiki\\\/Jos_Luis_Panero_Gonzlez-Barosa\"],\"url\":\"https:\\\/\\\/www.cope.es\\\/blogs\\\/palomitas-de-maiz\\\/author\\\/jlpanero\\\/\"}]}<\/script>\n<!-- \/ Yoast SEO plugin. -->","yoast_head_json":{"title":"Oscars 2019: \u2018Green Book\u2019 gana la pel\u00edcula y Cuar\u00f3n el director","description":"Oscars 2019: \u2018Green Book\u2019 gana la pel\u00edcula y Cuar\u00f3n el director: Son los resultados finales de la 91 gala de cine celebrada en Los \u00c1ngeles","robots":{"index":"index","follow":"follow","max-snippet":"max-snippet:-1","max-image-preview":"max-image-preview:large","max-video-preview":"max-video-preview:-1"},"canonical":"https:\/\/www.cope.es\/blogs\/palomitas-de-maiz\/2019\/02\/25\/oscars-2019-green-book-gana-la-pelicula-y-cuaron-el-director-roma\/","og_locale":"es_ES","og_type":"article","og_title":"Oscars 2019: \u2018Green Book\u2019 gana la pel\u00edcula y Cuar\u00f3n el director","og_description":"Oscars 2019: \u2018Green Book\u2019 gana la pel\u00edcula y Cuar\u00f3n el director: Son los resultados finales de la 91 gala de cine celebrada en Los \u00c1ngeles","og_url":"https:\/\/www.cope.es\/blogs\/palomitas-de-maiz\/2019\/02\/25\/oscars-2019-green-book-gana-la-pelicula-y-cuaron-el-director-roma\/","og_site_name":"Palomitas de Ma\u00edz","article_publisher":"https:\/\/www.facebook.com\/cope\/","article_author":"https:\/\/www.facebook.com\/palomitero\/","article_published_time":"2019-02-25T07:32:10+00:00","article_modified_time":"2019-02-25T07:58:00+00:00","og_image":[{"width":725,"height":407,"url":"https:\/\/www.cope.es\/blogs\/palomitas-de-maiz\/wp-content\/uploads\/sites\/6\/2019\/02\/green-book-y-roma.jpg","type":"image\/jpeg"}],"author":"Jos\u00e9 Luis Panero","twitter_card":"summary_large_image","twitter_creator":"@PALOMITERO","twitter_site":"@cope_es","twitter_misc":{"Escrito por":"Jos\u00e9 Luis Panero","Tiempo de lectura":"5 minutos"},"schema":{"@context":"https:\/\/schema.org","@graph":[{"@type":"Article","@id":"https:\/\/www.cope.es\/blogs\/palomitas-de-maiz\/2019\/02\/25\/oscars-2019-green-book-gana-la-pelicula-y-cuaron-el-director-roma\/#article","isPartOf":{"@id":"https:\/\/www.cope.es\/blogs\/palomitas-de-maiz\/2019\/02\/25\/oscars-2019-green-book-gana-la-pelicula-y-cuaron-el-director-roma\/"},"author":{"name":"Jos\u00e9 Luis Panero","@id":"https:\/\/www.cope.es\/blogs\/palomitas-de-maiz\/#\/schema\/person\/9fb256f63733c964d19b06de1ca3c9ef"},"headline":"Oscars 2019: \u2018Green Book\u2019 se alza con el premio a la mejor pel\u00edcula (Peter Farrelly) y Alfonso Cuar\u00f3n con el de mejor director (Roma)","datePublished":"2019-02-25T07:32:10+00:00","dateModified":"2019-02-25T07:58:00+00:00","mainEntityOfPage":{"@id":"https:\/\/www.cope.es\/blogs\/palomitas-de-maiz\/2019\/02\/25\/oscars-2019-green-book-gana-la-pelicula-y-cuaron-el-director-roma\/"},"wordCount":962,"commentCount":0,"image":{"@id":"https:\/\/www.cope.es\/blogs\/palomitas-de-maiz\/2019\/02\/25\/oscars-2019-green-book-gana-la-pelicula-y-cuaron-el-director-roma\/#primaryimage"},"thumbnailUrl":"https:\/\/www.cope.es\/blogs\/palomitas-de-maiz\/wp-content\/uploads\/sites\/6\/2019\/02\/green-book-y-roma.jpg","keywords":["Alfonso Cuar\u00f3n","Angela Bassett","bao","Becky Neiman-Cobb","bohemian rhapsody","ceremonia","cine","Domee Shi","Emma Stone","gala","glenn close","green book","guillermo del toro","gui\u00f3n adaptado","gui\u00f3n original","javier bardem","la favorita","Mahershala Ali","Manuel Burke","mejor director","mejor pelicula","netflix","olivia colman","pel\u00edcula en lengua no inglesa","pel\u00edcula extranjera","peter farrelly","premios oscar","Rachel Weisz","rami malek","regina king","roma"],"articleSection":["actores","actualidad","Cine","Hollywood","industria","Oscar","Premios de Cine","premios oscar"],"inLanguage":"es","potentialAction":[{"@type":"CommentAction","name":"Comment","target":["https:\/\/www.cope.es\/blogs\/palomitas-de-maiz\/2019\/02\/25\/oscars-2019-green-book-gana-la-pelicula-y-cuaron-el-director-roma\/#respond"]}]},{"@type":"WebPage","@id":"https:\/\/www.cope.es\/blogs\/palomitas-de-maiz\/2019\/02\/25\/oscars-2019-green-book-gana-la-pelicula-y-cuaron-el-director-roma\/","url":"https:\/\/www.cope.es\/blogs\/palomitas-de-maiz\/2019\/02\/25\/oscars-2019-green-book-gana-la-pelicula-y-cuaron-el-director-roma\/","name":"Oscars 2019: \u2018Green Book\u2019 gana la pel\u00edcula y Cuar\u00f3n el director","isPartOf":{"@id":"https:\/\/www.cope.es\/blogs\/palomitas-de-maiz\/#website"},"primaryImageOfPage":{"@id":"https:\/\/www.cope.es\/blogs\/palomitas-de-maiz\/2019\/02\/25\/oscars-2019-green-book-gana-la-pelicula-y-cuaron-el-director-roma\/#primaryimage"},"image":{"@id":"https:\/\/www.cope.es\/blogs\/palomitas-de-maiz\/2019\/02\/25\/oscars-2019-green-book-gana-la-pelicula-y-cuaron-el-director-roma\/#primaryimage"},"thumbnailUrl":"https:\/\/www.cope.es\/blogs\/palomitas-de-maiz\/wp-content\/uploads\/sites\/6\/2019\/02\/green-book-y-roma.jpg","datePublished":"2019-02-25T07:32:10+00:00","dateModified":"2019-02-25T07:58:00+00:00","author":{"@id":"https:\/\/www.cope.es\/blogs\/palomitas-de-maiz\/#\/schema\/person\/9fb256f63733c964d19b06de1ca3c9ef"},"description":"Oscars 2019: \u2018Green Book\u2019 gana la pel\u00edcula y Cuar\u00f3n el director: Son los resultados finales de la 91 gala de cine celebrada en Los \u00c1ngeles","breadcrumb":{"@id":"https:\/\/www.cope.es\/blogs\/palomitas-de-maiz\/2019\/02\/25\/oscars-2019-green-book-gana-la-pelicula-y-cuaron-el-director-roma\/#breadcrumb"},"inLanguage":"es","potentialAction":[{"@type":"ReadAction","target":["https:\/\/www.cope.es\/blogs\/palomitas-de-maiz\/2019\/02\/25\/oscars-2019-green-book-gana-la-pelicula-y-cuaron-el-director-roma\/"]}]},{"@type":"ImageObject","inLanguage":"es","@id":"https:\/\/www.cope.es\/blogs\/palomitas-de-maiz\/2019\/02\/25\/oscars-2019-green-book-gana-la-pelicula-y-cuaron-el-director-roma\/#primaryimage","url":"https:\/\/www.cope.es\/blogs\/palomitas-de-maiz\/wp-content\/uploads\/sites\/6\/2019\/02\/green-book-y-roma.jpg","contentUrl":"https:\/\/www.cope.es\/blogs\/palomitas-de-maiz\/wp-content\/uploads\/sites\/6\/2019\/02\/green-book-y-roma.jpg","width":725,"height":407,"caption":"http:\/\/www.cope.es\/blogs\/palomitas-de-maiz\/2019\/02\/25\/oscars-2019-green-book-gana-la-pelicula-y-cuaron-el-director-roma\/"},{"@type":"BreadcrumbList","@id":"https:\/\/www.cope.es\/blogs\/palomitas-de-maiz\/2019\/02\/25\/oscars-2019-green-book-gana-la-pelicula-y-cuaron-el-director-roma\/#breadcrumb","itemListElement":[{"@type":"ListItem","position":1,"name":"Portada","item":"https:\/\/www.cope.es\/blogs\/palomitas-de-maiz\/"},{"@type":"ListItem","position":2,"name":"Oscars 2019: \u2018Green Book\u2019 se alza con el premio a la mejor pel\u00edcula (Peter Farrelly) y Alfonso Cuar\u00f3n con el de mejor director (Roma)"}]},{"@type":"WebSite","@id":"https:\/\/www.cope.es\/blogs\/palomitas-de-maiz\/#website","url":"https:\/\/www.cope.es\/blogs\/palomitas-de-maiz\/","name":"Palomitas de Ma\u00edz","description":"Blog decano de cine de COPE","potentialAction":[{"@type":"SearchAction","target":{"@type":"EntryPoint","urlTemplate":"https:\/\/www.cope.es\/blogs\/palomitas-de-maiz\/?s={search_term_string}"},"query-input":{"@type":"PropertyValueSpecification","valueRequired":true,"valueName":"search_term_string"}}],"inLanguage":"es"},{"@type":"Person","@id":"https:\/\/www.cope.es\/blogs\/palomitas-de-maiz\/#\/schema\/person\/9fb256f63733c964d19b06de1ca3c9ef","name":"Jos\u00e9 Luis Panero","image":{"@type":"ImageObject","inLanguage":"es","@id":"https:\/\/secure.gravatar.com\/avatar\/2ef93951eab3cee25932a7219e566376cbf6ddedde3aa3098e7a971991a3ef12?s=96&d=mm&r=g","url":"https:\/\/secure.gravatar.com\/avatar\/2ef93951eab3cee25932a7219e566376cbf6ddedde3aa3098e7a971991a3ef12?s=96&d=mm&r=g","contentUrl":"https:\/\/secure.gravatar.com\/avatar\/2ef93951eab3cee25932a7219e566376cbf6ddedde3aa3098e7a971991a3ef12?s=96&d=mm&r=g","caption":"Jos\u00e9 Luis Panero"},"description":"Licenciado en Periodismo y en Comunicaci\u00f3n Audiovisual. Tras m\u00e1s de cuatro a\u00f1os en el diario 'La Gaceta de Los Negocios' y el programa f\u00edlmico 'Pantalla Grande', es cr\u00edtico de cine en 'Ciudad Nueva', 'Pantalla 90', 'COPE' o 'Aleteia' y cr\u00edtico de teatro en 'Hoy en la city'. Ha sido coguionista y ayudante de direcci\u00f3n de cine, ponente en los coloquios de cine del foro FNAC y profesor universitario en diferentes cursos de Periodismo Social. Desde 2003 es miembro del C\u00edrculo de Escritores Cinematogr\u00e1ficos (CEC). En 2008 fund\u00f3 en 'COPE' su blog de cine 'Palomitas de Ma\u00edz'. En 2017 fue nombrado Jurado Oficial del Festival Internacional de Cine de Fuengirola (M\u00e1laga) y ese a\u00f1o la instituci\u00f3n educativa Trinity College-Liceo Serrano le distingui\u00f3 con el nombramiento de 'Profesor de Honor' del centro y miembro ilustre del claustro de profesores. En 2019 fue nombrado Jurado Oficial del Festival Internacional de Cine de Vera (Almer\u00eda). En 2020 fue nombrado Jurado Oficial del Festival Internacional de Cine de Terror de La Mar Bella (Marbella). Como int\u00e9rprete ha sido galardonado con el Premio al Actor Principal del I Festival Nacional UNIR de teatro. Desde 2020 es acad\u00e9mico de las Artes Esc\u00e9nicas de Espa\u00f1a. En 2023 fue nombrado Jurado Oficial de los 'Premios Tal\u00eda' en su I Edici\u00f3n. Y miembro de ASHUMES (Asociaci\u00f3n del Humorismo Espa\u00f1ol) a partir de 2022. En 2023 fue nombrado Jurado Oficial de la II Edici\u00f3n de los 'Premios Godot'.","sameAs":["http:\/\/www.cope.es","https:\/\/www.facebook.com\/palomitero\/","https:\/\/www.instagram.com\/joseluispanero\/","https:\/\/www.linkedin.com\/in\/jos-luis-panero-gonzlez-barosa-7722a716\/","https:\/\/x.com\/PALOMITERO","https:\/\/www.youtube.com\/channel\/UCQYaNGiETUXUPXjYu9p3lNw\/videos?","https:\/\/es.wikipedia.org\/wiki\/Jos_Luis_Panero_Gonzlez-Barosa"],"url":"https:\/\/www.cope.es\/blogs\/palomitas-de-maiz\/author\/jlpanero\/"}]}},"amp_enabled":true,"_links":{"self":[{"href":"https:\/\/www.cope.es\/blogs\/palomitas-de-maiz\/wp-json\/wp\/v2\/posts\/3116","targetHints":{"allow":["GET"]}}],"collection":[{"href":"https:\/\/www.cope.es\/blogs\/palomitas-de-maiz\/wp-json\/wp\/v2\/posts"}],"about":[{"href":"https:\/\/www.cope.es\/blogs\/palomitas-de-maiz\/wp-json\/wp\/v2\/types\/post"}],"author":[{"embeddable":true,"href":"https:\/\/www.cope.es\/blogs\/palomitas-de-maiz\/wp-json\/wp\/v2\/users\/6"}],"replies":[{"embeddable":true,"href":"https:\/\/www.cope.es\/blogs\/palomitas-de-maiz\/wp-json\/wp\/v2\/comments?post=3116"}],"version-history":[{"count":2,"href":"https:\/\/www.cope.es\/blogs\/palomitas-de-maiz\/wp-json\/wp\/v2\/posts\/3116\/revisions"}],"predecessor-version":[{"id":3136,"href":"https:\/\/www.cope.es\/blogs\/palomitas-de-maiz\/wp-json\/wp\/v2\/posts\/3116\/revisions\/3136"}],"wp:featuredmedia":[{"embeddable":true,"href":"https:\/\/www.cope.es\/blogs\/palomitas-de-maiz\/wp-json\/wp\/v2\/media\/3117"}],"wp:attachment":[{"href":"https:\/\/www.cope.es\/blogs\/palomitas-de-maiz\/wp-json\/wp\/v2\/media?parent=3116"}],"wp:term":[{"taxonomy":"category","embeddable":true,"href":"https:\/\/www.cope.es\/blogs\/palomitas-de-maiz\/wp-json\/wp\/v2\/categories?post=3116"},{"taxonomy":"post_tag","embeddable":true,"href":"https:\/\/www.cope.es\/blogs\/palomitas-de-maiz\/wp-json\/wp\/v2\/tags?post=3116"}],"curies":[{"name":"wp","href":"https:\/\/api.w.org\/{rel}","templated":true}]}}