{"id":2626,"date":"2018-11-15T01:28:58","date_gmt":"2018-11-15T00:28:58","guid":{"rendered":"http:\/\/www.cope.es\/blogs\/palomitas-de-maiz\/?p=2626"},"modified":"2018-11-15T01:37:56","modified_gmt":"2018-11-15T00:37:56","slug":"guadarrama-acoge-a-dos-lorca-representada-por-ateneo-de-pozuelo","status":"publish","type":"post","link":"https:\/\/www.cope.es\/blogs\/palomitas-de-maiz\/2018\/11\/15\/guadarrama-acoge-a-dos-lorca-representada-por-ateneo-de-pozuelo\/","title":{"rendered":"\u2018Dos Lorca\u2019 viaja con el grupo teatral del \u2018Ateneo de Pozuelo\u2019 hasta Guadarrama"},"content":{"rendered":"<p>\u00a1Mis queridos palomiteros! Guadarrama acoge a\u00a0\u2018<strong>Dos Lorca<\/strong>\u2019, representada por \u2018Ateneo de Pozuelo\u2019. Esta Asociaci\u00f3n Cultural, <a href=\"https:\/\/www.cope.es\/blogs\/palomitas-de-maiz\/2018\/10\/04\/ateneo-de-pozuelo-representara-la-tortuga-de-darwin-en-educarte-juan-mayorga\/\">a la que ya nos hemos referido en otras ocasiones<\/a>, <strong>pondr\u00e1 en escena la po\u00e9tica funci\u00f3n el pr\u00f3ximo s\u00e1bado 17 de noviembre a las 20 horas en el Centro Cultural La Torre<\/strong>. Montaje, por cierto, que <a href=\"https:\/\/www.cope.es\/blogs\/palomitas-de-maiz\/2018\/09\/22\/ateneo-de-pozuelo-representa-hoy-dos-lorcas-en-el-mira-xix-festival-teatro-jose-maria-rodero\/\">el grupo escenific\u00f3 en la inauguraci\u00f3n del XIX Festival de Teatro \u2018Jos\u00e9 Mar\u00eda Rodero\u2019<\/a> en el <a href=\"https:\/\/cultura.pozuelodealarcon.org\/node\/3983\">Espacio Mira<\/a>. Dirige <strong>Alicia S\u00e1nchez<\/strong>.<\/p>\n<figure id=\"attachment_2629\" aria-describedby=\"caption-attachment-2629\" style=\"width: 725px\" class=\"wp-caption aligncenter\"><img loading=\"lazy\" decoding=\"async\" width=\"725\" height=\"1059\" class=\"wp-image-2629 size-full\" src=\"http:\/\/www.cope.es\/blogs\/palomitas-de-maiz\/wp-content\/uploads\/sites\/6\/2018\/11\/doslorcacartel.jpg\" alt=\"Cartel promocional de 'Dos Lorca' | Guadarrama acoge a \u2018Dos Lorca\u2019, representada por \u2018Ateneo de Pozuelo\u2019\" srcset=\"https:\/\/www.cope.es\/blogs\/palomitas-de-maiz\/wp-content\/uploads\/sites\/6\/2018\/11\/doslorcacartel.jpg 725w, https:\/\/www.cope.es\/blogs\/palomitas-de-maiz\/wp-content\/uploads\/sites\/6\/2018\/11\/doslorcacartel-205x300.jpg 205w, https:\/\/www.cope.es\/blogs\/palomitas-de-maiz\/wp-content\/uploads\/sites\/6\/2018\/11\/doslorcacartel-701x1024.jpg 701w\" sizes=\"auto, (max-width: 725px) 100vw, 725px\" \/><figcaption id=\"caption-attachment-2629\" class=\"wp-caption-text\"><strong>Cartel promocional<\/strong> de &#8216;<em>Dos Lorca<\/em>&#8216; | Guadarrama acoge a \u2018Dos Lorca\u2019, representada por \u2018Ateneo de Pozuelo\u2019<\/figcaption><\/figure>\n<p>El espect\u00e1culo previsto pone el acento en la figura de uno de los poetas espa\u00f1oles m\u00e1s admirados, dentro y fuera de nuestras fronteras. Una propuesta teatral muy bien tra\u00edda puesto que\u00a0<a href=\"https:\/\/www.cope.es\/blogs\/palomitas-de-maiz\/2018\/06\/05\/federico-garcia-lorca-cumple-120-anos-la-barraca-esta-de-fiesta\/\">en este 2018 celebramos el 120 cumplea\u00f1os de <strong>Federico Garc\u00eda Lorca<\/strong><\/a>, hombre de fe, escritor, ensayista, m\u00fasico, dramaturgo y tal vez <strong>uno de los mejores inventores de palabras<\/strong> que haya existido nunca, por citar s\u00f3lo algunos de sus rasgos m\u00e1s relevantes.<\/p>\n<figure id=\"attachment_2635\" aria-describedby=\"caption-attachment-2635\" style=\"width: 725px\" class=\"wp-caption aligncenter\"><img loading=\"lazy\" decoding=\"async\" width=\"725\" height=\"355\" class=\"wp-image-2635 size-full\" src=\"http:\/\/www.cope.es\/blogs\/palomitas-de-maiz\/wp-content\/uploads\/sites\/6\/2018\/11\/Retablillo-de-don-crist\u00f3bal.jpg\" alt=\"Una escena simp\u00e1tica de El retablillo de don Crist\u00f3bal | Guadarrama acoge a \u2018Dos Lorca\u2019, representada por \u2018Ateneo de Pozuelo\u2019\" srcset=\"https:\/\/www.cope.es\/blogs\/palomitas-de-maiz\/wp-content\/uploads\/sites\/6\/2018\/11\/Retablillo-de-don-crist\u00f3bal.jpg 725w, https:\/\/www.cope.es\/blogs\/palomitas-de-maiz\/wp-content\/uploads\/sites\/6\/2018\/11\/Retablillo-de-don-crist\u00f3bal-300x147.jpg 300w, https:\/\/www.cope.es\/blogs\/palomitas-de-maiz\/wp-content\/uploads\/sites\/6\/2018\/11\/Retablillo-de-don-crist\u00f3bal-604x295.jpg 604w\" sizes=\"auto, (max-width: 725px) 100vw, 725px\" \/><figcaption id=\"caption-attachment-2635\" class=\"wp-caption-text\">Una <strong>escena simp\u00e1tica<\/strong> de <em>El retablillo de don Crist\u00f3bal<\/em> | Guadarrama acoge a \u2018Dos Lorca\u2019, representada por \u2018Ateneo de Pozuelo\u2019<\/figcaption><\/figure>\n<p>Para la ocasi\u00f3n, \u2018<strong>Dos Lorca<\/strong>\u2019 fusiona con acierto en un \u00fanico espect\u00e1culo, valga la redundancia, el drama po\u00e9tico\u00a0<em>Amor de don Perlimpl\u00edn con Belisa en su jard\u00edn<\/em>\u00a0(1933), primero, y despu\u00e9s la farsa escrita para gui\u00f1ol,\u00a0<em>El retablillo de don Crist\u00f3bal<\/em>\u00a0(1930). De hecho, la idea argumental com\u00fan que une a estos simp\u00e1ticos montajes son los amores que se prodigan entre un hombre mayor y una jovencita.<\/p>\n<h2>Guadarrama acoge a\u00a0\u2018<strong>Dos Lorca<\/strong>\u2019, representada por \u2018Ateneo de Pozuelo\u2019: una propuesta \u00fanica para recordar el 120 cumplea\u00f1os de Federico Garc\u00eda Lorca<\/h2>\n<figure id=\"attachment_2631\" aria-describedby=\"caption-attachment-2631\" style=\"width: 725px\" class=\"wp-caption aligncenter\"><img loading=\"lazy\" decoding=\"async\" width=\"725\" height=\"1005\" class=\"wp-image-2631 size-full\" src=\"http:\/\/www.cope.es\/blogs\/palomitas-de-maiz\/wp-content\/uploads\/sites\/6\/2018\/11\/programademanodoslorca-1.jpg\" alt=\"Programa de mano de 'Dos Lorca' | Guadarrama acoge a \u2018Dos Lorca\u2019, representada por \u2018Ateneo de Pozuelo\u2019\" srcset=\"https:\/\/www.cope.es\/blogs\/palomitas-de-maiz\/wp-content\/uploads\/sites\/6\/2018\/11\/programademanodoslorca-1.jpg 725w, https:\/\/www.cope.es\/blogs\/palomitas-de-maiz\/wp-content\/uploads\/sites\/6\/2018\/11\/programademanodoslorca-1-216x300.jpg 216w\" sizes=\"auto, (max-width: 725px) 100vw, 725px\" \/><figcaption id=\"caption-attachment-2631\" class=\"wp-caption-text\"><strong>Programa de mano<\/strong> de &#8216;<em>Dos Lorca<\/em>&#8216; | Guadarrama acoge a \u2018Dos Lorca\u2019, representada por \u2018Ateneo de Pozuelo\u2019<\/figcaption><\/figure>\n<p><strong>En la primera obra<\/strong>, dividida en cuatro cuadros, <strong>el protagonista<\/strong>, un hombre anciano que no conoc\u00eda el amor, <strong>se enamora de la joven con la que se cas\u00f3 por fuerza<\/strong>. Sin embargo ella siente amor hacia otro hombre. La trama conforma una tierna pero desgarrada\u00a0tragicomedia.<\/p>\n<figure id=\"attachment_2633\" aria-describedby=\"caption-attachment-2633\" style=\"width: 725px\" class=\"wp-caption aligncenter\"><img loading=\"lazy\" decoding=\"async\" width=\"725\" height=\"1186\" class=\"wp-image-2633 size-full\" src=\"http:\/\/www.cope.es\/blogs\/palomitas-de-maiz\/wp-content\/uploads\/sites\/6\/2018\/11\/amor-don-perlimplin.jpg\" alt=\"Amor de don Perlimpl\u00edn con Belisa en su jard\u00edn | Guadarrama acoge a \u2018Dos Lorca\u2019, representada por \u2018Ateneo de Pozuelo\u2019\" srcset=\"https:\/\/www.cope.es\/blogs\/palomitas-de-maiz\/wp-content\/uploads\/sites\/6\/2018\/11\/amor-don-perlimplin.jpg 725w, https:\/\/www.cope.es\/blogs\/palomitas-de-maiz\/wp-content\/uploads\/sites\/6\/2018\/11\/amor-don-perlimplin-183x300.jpg 183w, https:\/\/www.cope.es\/blogs\/palomitas-de-maiz\/wp-content\/uploads\/sites\/6\/2018\/11\/amor-don-perlimplin-626x1024.jpg 626w\" sizes=\"auto, (max-width: 725px) 100vw, 725px\" \/><figcaption id=\"caption-attachment-2633\" class=\"wp-caption-text\"><em>Amor de don Perlimpl\u00edn con Belisa en su jard\u00edn<\/em> | Guadarrama acoge a \u2018Dos Lorca\u2019, representada por \u2018Ateneo de Pozuelo\u2019<\/figcaption><\/figure>\n<p><strong>En la segunda pieza<\/strong>, se cuenta que <strong>Don Crist\u00f3bal<\/strong>\u00a0es un hombre adinerado, bruto y malencarado, siempre con la cachiporra en mano, que <strong>busca una chica joven y guapa para desposarla<\/strong>.<\/p>\n<p>Sus deseos coinciden con los de la madre de\u00a0Do\u00f1a Rosita, que aspira a encontrar un buen pretendiente para su hija. Llegados a ese punto, ambos acuerdan llevar a t\u00e9rmino sus fines, para desgracia del resto de personajes.<\/p>\n<figure id=\"attachment_2634\" aria-describedby=\"caption-attachment-2634\" style=\"width: 725px\" class=\"wp-caption aligncenter\"><img loading=\"lazy\" decoding=\"async\" width=\"725\" height=\"1096\" class=\"wp-image-2634 size-full\" src=\"http:\/\/www.cope.es\/blogs\/palomitas-de-maiz\/wp-content\/uploads\/sites\/6\/2018\/11\/los-titeres-de-cachiporra.jpg\" alt=\"El retablillo de don Crist\u00f3bal | Guadarrama acoge a \u2018Dos Lorca\u2019, representada por \u2018Ateneo de Pozuelo\u2019\" srcset=\"https:\/\/www.cope.es\/blogs\/palomitas-de-maiz\/wp-content\/uploads\/sites\/6\/2018\/11\/los-titeres-de-cachiporra.jpg 725w, https:\/\/www.cope.es\/blogs\/palomitas-de-maiz\/wp-content\/uploads\/sites\/6\/2018\/11\/los-titeres-de-cachiporra-198x300.jpg 198w, https:\/\/www.cope.es\/blogs\/palomitas-de-maiz\/wp-content\/uploads\/sites\/6\/2018\/11\/los-titeres-de-cachiporra-677x1024.jpg 677w\" sizes=\"auto, (max-width: 725px) 100vw, 725px\" \/><figcaption id=\"caption-attachment-2634\" class=\"wp-caption-text\"><em>El retablillo de don Crist\u00f3bal<\/em> | Guadarrama acoge a \u2018Dos Lorca\u2019, representada por \u2018Ateneo de Pozuelo\u2019<\/figcaption><\/figure>\n<p>\u2018<strong>Dos Lorca<\/strong>\u2019 est\u00e1 orientada para <strong>todos los p\u00fablicos<\/strong> (preferentemente j\u00f3venes y adultos), su duraci\u00f3n es de <strong>60 minutos<\/strong>, la entrada son <strong>3 \u20ac<\/strong> y la taquilla abrir\u00e1 una hora antes del inicio de la actuaci\u00f3n.<\/p>\n<p>\u00bfTe ver\u00e9 por all\u00ed? \u00a1No te puedes perder este obr\u00f3n, palomitero!<\/p>\n","protected":false},"excerpt":{"rendered":"<p>\u00a1Mis queridos palomiteros! Guadarrama acoge a\u00a0\u2018Dos Lorca\u2019, representada por \u2018Ateneo de Pozuelo\u2019. Esta Asociaci\u00f3n Cultural, a la que ya nos hemos referido en otras ocasiones, pondr\u00e1 en escena la po\u00e9tica funci\u00f3n el pr\u00f3ximo s\u00e1bado 17 de noviembre a las 20 horas en el Centro Cultural La Torre. Montaje, por cierto, que el grupo escenific\u00f3 en [&hellip;]<\/p>\n","protected":false},"author":6,"featured_media":2627,"comment_status":"open","ping_status":"open","sticky":false,"template":"","format":"standard","meta":{"footnotes":""},"categories":[336,49,1720,288],"tags":[2736,2560,2551,293,2738,2735,2739,2552,2740,1721,294,2737,634,298],"class_list":["post-2626","post","type-post","status-publish","format-standard","has-post-thumbnail","hentry","category-actualidad","category-cine","category-federico-garcia-lorca","category-teatro","tag-17-de-noviembre","tag-alicia-sanchez","tag-amor-de-don-perlimplin-con-belisa-en-su-jardin","tag-ateneo-de-pozuelo","tag-centro-cultural-la-torre","tag-dos-lorca","tag-drama-poetico","tag-el-retablillo-de-don-cristobal","tag-farsa-para-guinol","tag-federico-garcia-lorca","tag-grupo-de-teatro","tag-guadarrama","tag-teatro","tag-todos-los-publicos"],"yoast_head":"<!-- This site is optimized with the Yoast SEO plugin v27.4 - https:\/\/yoast.com\/product\/yoast-seo-wordpress\/ -->\n<title>Guadarrama acoge a \u2018Dos Lorca\u2019, representada por \u2018Ateneo de Pozuelo\u2019<\/title>\n<meta name=\"description\" content=\"Guadarrama acoge a \u2018Dos Lorca\u2019, representada por \u2018Ateneo de Pozuelo\u2019. El espect\u00e1culo pone el acento en uno de los poetas espa\u00f1oles m\u00e1s admirados en el mundo\" \/>\n<meta name=\"robots\" content=\"index, follow, max-snippet:-1, max-image-preview:large, max-video-preview:-1\" \/>\n<link rel=\"canonical\" href=\"https:\/\/www.cope.es\/blogs\/palomitas-de-maiz\/2018\/11\/15\/guadarrama-acoge-a-dos-lorca-representada-por-ateneo-de-pozuelo\/\" \/>\n<meta property=\"og:locale\" content=\"es_ES\" \/>\n<meta property=\"og:type\" content=\"article\" \/>\n<meta property=\"og:title\" content=\"Guadarrama acoge a \u2018Dos Lorca\u2019, representada por \u2018Ateneo de Pozuelo\u2019\" \/>\n<meta property=\"og:description\" content=\"Guadarrama acoge a \u2018Dos Lorca\u2019, representada por \u2018Ateneo de Pozuelo\u2019. El espect\u00e1culo pone el acento en uno de los poetas espa\u00f1oles m\u00e1s admirados en el mundo\" \/>\n<meta property=\"og:url\" content=\"https:\/\/www.cope.es\/blogs\/palomitas-de-maiz\/2018\/11\/15\/guadarrama-acoge-a-dos-lorca-representada-por-ateneo-de-pozuelo\/\" \/>\n<meta property=\"og:site_name\" content=\"Palomitas de Ma\u00edz\" \/>\n<meta property=\"article:publisher\" content=\"https:\/\/www.facebook.com\/cope\/\" \/>\n<meta property=\"article:author\" content=\"https:\/\/www.facebook.com\/palomitero\/\" \/>\n<meta property=\"article:published_time\" content=\"2018-11-15T00:28:58+00:00\" \/>\n<meta property=\"article:modified_time\" content=\"2018-11-15T00:37:56+00:00\" \/>\n<meta property=\"og:image\" content=\"https:\/\/www.cope.es\/blogs\/palomitas-de-maiz\/wp-content\/uploads\/sites\/6\/2018\/11\/doslorca.jpg\" \/>\n\t<meta property=\"og:image:width\" content=\"720\" \/>\n\t<meta property=\"og:image:height\" content=\"404\" \/>\n\t<meta property=\"og:image:type\" content=\"image\/jpeg\" \/>\n<meta name=\"author\" content=\"Jos\u00e9 Luis Panero\" \/>\n<meta name=\"twitter:card\" content=\"summary_large_image\" \/>\n<meta name=\"twitter:creator\" content=\"@PALOMITERO\" \/>\n<meta name=\"twitter:site\" content=\"@cope_es\" \/>\n<meta name=\"twitter:label1\" content=\"Escrito por\" \/>\n\t<meta name=\"twitter:data1\" content=\"Jos\u00e9 Luis Panero\" \/>\n\t<meta name=\"twitter:label2\" content=\"Tiempo de lectura\" \/>\n\t<meta name=\"twitter:data2\" content=\"3 minutos\" \/>\n<script type=\"application\/ld+json\" class=\"yoast-schema-graph\">{\"@context\":\"https:\\\/\\\/schema.org\",\"@graph\":[{\"@type\":\"Article\",\"@id\":\"https:\\\/\\\/www.cope.es\\\/blogs\\\/palomitas-de-maiz\\\/2018\\\/11\\\/15\\\/guadarrama-acoge-a-dos-lorca-representada-por-ateneo-de-pozuelo\\\/#article\",\"isPartOf\":{\"@id\":\"https:\\\/\\\/www.cope.es\\\/blogs\\\/palomitas-de-maiz\\\/2018\\\/11\\\/15\\\/guadarrama-acoge-a-dos-lorca-representada-por-ateneo-de-pozuelo\\\/\"},\"author\":{\"name\":\"Jos\u00e9 Luis Panero\",\"@id\":\"https:\\\/\\\/www.cope.es\\\/blogs\\\/palomitas-de-maiz\\\/#\\\/schema\\\/person\\\/9fb256f63733c964d19b06de1ca3c9ef\"},\"headline\":\"\u2018Dos Lorca\u2019 viaja con el grupo teatral del \u2018Ateneo de Pozuelo\u2019 hasta Guadarrama\",\"datePublished\":\"2018-11-15T00:28:58+00:00\",\"dateModified\":\"2018-11-15T00:37:56+00:00\",\"mainEntityOfPage\":{\"@id\":\"https:\\\/\\\/www.cope.es\\\/blogs\\\/palomitas-de-maiz\\\/2018\\\/11\\\/15\\\/guadarrama-acoge-a-dos-lorca-representada-por-ateneo-de-pozuelo\\\/\"},\"wordCount\":560,\"commentCount\":0,\"image\":{\"@id\":\"https:\\\/\\\/www.cope.es\\\/blogs\\\/palomitas-de-maiz\\\/2018\\\/11\\\/15\\\/guadarrama-acoge-a-dos-lorca-representada-por-ateneo-de-pozuelo\\\/#primaryimage\"},\"thumbnailUrl\":\"https:\\\/\\\/www.cope.es\\\/blogs\\\/palomitas-de-maiz\\\/wp-content\\\/uploads\\\/sites\\\/6\\\/2018\\\/11\\\/doslorca.jpg\",\"keywords\":[\"17 de noviembre\",\"alicia s\u00e1nchez\",\"amor de don perlimpl\u00edn con belisa en su jard\u00edn\",\"ateneo de pozuelo\",\"centro cultural la torre\",\"dos lorca\",\"drama po\u00e9tico\",\"el retablillo de don crist\u00f3bal\",\"farsa para gui\u00f1ol\",\"Federico Garc\u00eda Lorca\",\"grupo de teatro\",\"guadarrama\",\"teatro\",\"todos los p\u00fablicos\"],\"articleSection\":[\"actualidad\",\"Cine\",\"Federico Garc\u00eda Lorca\",\"Teatro\"],\"inLanguage\":\"es\",\"potentialAction\":[{\"@type\":\"CommentAction\",\"name\":\"Comment\",\"target\":[\"https:\\\/\\\/www.cope.es\\\/blogs\\\/palomitas-de-maiz\\\/2018\\\/11\\\/15\\\/guadarrama-acoge-a-dos-lorca-representada-por-ateneo-de-pozuelo\\\/#respond\"]}]},{\"@type\":\"WebPage\",\"@id\":\"https:\\\/\\\/www.cope.es\\\/blogs\\\/palomitas-de-maiz\\\/2018\\\/11\\\/15\\\/guadarrama-acoge-a-dos-lorca-representada-por-ateneo-de-pozuelo\\\/\",\"url\":\"https:\\\/\\\/www.cope.es\\\/blogs\\\/palomitas-de-maiz\\\/2018\\\/11\\\/15\\\/guadarrama-acoge-a-dos-lorca-representada-por-ateneo-de-pozuelo\\\/\",\"name\":\"Guadarrama acoge a \u2018Dos Lorca\u2019, representada por \u2018Ateneo de Pozuelo\u2019\",\"isPartOf\":{\"@id\":\"https:\\\/\\\/www.cope.es\\\/blogs\\\/palomitas-de-maiz\\\/#website\"},\"primaryImageOfPage\":{\"@id\":\"https:\\\/\\\/www.cope.es\\\/blogs\\\/palomitas-de-maiz\\\/2018\\\/11\\\/15\\\/guadarrama-acoge-a-dos-lorca-representada-por-ateneo-de-pozuelo\\\/#primaryimage\"},\"image\":{\"@id\":\"https:\\\/\\\/www.cope.es\\\/blogs\\\/palomitas-de-maiz\\\/2018\\\/11\\\/15\\\/guadarrama-acoge-a-dos-lorca-representada-por-ateneo-de-pozuelo\\\/#primaryimage\"},\"thumbnailUrl\":\"https:\\\/\\\/www.cope.es\\\/blogs\\\/palomitas-de-maiz\\\/wp-content\\\/uploads\\\/sites\\\/6\\\/2018\\\/11\\\/doslorca.jpg\",\"datePublished\":\"2018-11-15T00:28:58+00:00\",\"dateModified\":\"2018-11-15T00:37:56+00:00\",\"author\":{\"@id\":\"https:\\\/\\\/www.cope.es\\\/blogs\\\/palomitas-de-maiz\\\/#\\\/schema\\\/person\\\/9fb256f63733c964d19b06de1ca3c9ef\"},\"description\":\"Guadarrama acoge a \u2018Dos Lorca\u2019, representada por \u2018Ateneo de Pozuelo\u2019. El espect\u00e1culo pone el acento en uno de los poetas espa\u00f1oles m\u00e1s admirados en el mundo\",\"breadcrumb\":{\"@id\":\"https:\\\/\\\/www.cope.es\\\/blogs\\\/palomitas-de-maiz\\\/2018\\\/11\\\/15\\\/guadarrama-acoge-a-dos-lorca-representada-por-ateneo-de-pozuelo\\\/#breadcrumb\"},\"inLanguage\":\"es\",\"potentialAction\":[{\"@type\":\"ReadAction\",\"target\":[\"https:\\\/\\\/www.cope.es\\\/blogs\\\/palomitas-de-maiz\\\/2018\\\/11\\\/15\\\/guadarrama-acoge-a-dos-lorca-representada-por-ateneo-de-pozuelo\\\/\"]}]},{\"@type\":\"ImageObject\",\"inLanguage\":\"es\",\"@id\":\"https:\\\/\\\/www.cope.es\\\/blogs\\\/palomitas-de-maiz\\\/2018\\\/11\\\/15\\\/guadarrama-acoge-a-dos-lorca-representada-por-ateneo-de-pozuelo\\\/#primaryimage\",\"url\":\"https:\\\/\\\/www.cope.es\\\/blogs\\\/palomitas-de-maiz\\\/wp-content\\\/uploads\\\/sites\\\/6\\\/2018\\\/11\\\/doslorca.jpg\",\"contentUrl\":\"https:\\\/\\\/www.cope.es\\\/blogs\\\/palomitas-de-maiz\\\/wp-content\\\/uploads\\\/sites\\\/6\\\/2018\\\/11\\\/doslorca.jpg\",\"width\":720,\"height\":404,\"caption\":\"https:\\\/\\\/www.cope.es\\\/blogs\\\/palomitas-de-maiz\\\/2018\\\/11\\\/15\\\/guadarrama-acoge-a-dos-lorca-representada-por-ateneo-de-pozuelo\\\/\"},{\"@type\":\"BreadcrumbList\",\"@id\":\"https:\\\/\\\/www.cope.es\\\/blogs\\\/palomitas-de-maiz\\\/2018\\\/11\\\/15\\\/guadarrama-acoge-a-dos-lorca-representada-por-ateneo-de-pozuelo\\\/#breadcrumb\",\"itemListElement\":[{\"@type\":\"ListItem\",\"position\":1,\"name\":\"Portada\",\"item\":\"https:\\\/\\\/www.cope.es\\\/blogs\\\/palomitas-de-maiz\\\/\"},{\"@type\":\"ListItem\",\"position\":2,\"name\":\"\u2018Dos Lorca\u2019 viaja con el grupo teatral del \u2018Ateneo de Pozuelo\u2019 hasta Guadarrama\"}]},{\"@type\":\"WebSite\",\"@id\":\"https:\\\/\\\/www.cope.es\\\/blogs\\\/palomitas-de-maiz\\\/#website\",\"url\":\"https:\\\/\\\/www.cope.es\\\/blogs\\\/palomitas-de-maiz\\\/\",\"name\":\"Palomitas de Ma\u00edz\",\"description\":\"Blog decano de cine de COPE\",\"potentialAction\":[{\"@type\":\"SearchAction\",\"target\":{\"@type\":\"EntryPoint\",\"urlTemplate\":\"https:\\\/\\\/www.cope.es\\\/blogs\\\/palomitas-de-maiz\\\/?s={search_term_string}\"},\"query-input\":{\"@type\":\"PropertyValueSpecification\",\"valueRequired\":true,\"valueName\":\"search_term_string\"}}],\"inLanguage\":\"es\"},{\"@type\":\"Person\",\"@id\":\"https:\\\/\\\/www.cope.es\\\/blogs\\\/palomitas-de-maiz\\\/#\\\/schema\\\/person\\\/9fb256f63733c964d19b06de1ca3c9ef\",\"name\":\"Jos\u00e9 Luis Panero\",\"image\":{\"@type\":\"ImageObject\",\"inLanguage\":\"es\",\"@id\":\"https:\\\/\\\/secure.gravatar.com\\\/avatar\\\/2ef93951eab3cee25932a7219e566376cbf6ddedde3aa3098e7a971991a3ef12?s=96&d=mm&r=g\",\"url\":\"https:\\\/\\\/secure.gravatar.com\\\/avatar\\\/2ef93951eab3cee25932a7219e566376cbf6ddedde3aa3098e7a971991a3ef12?s=96&d=mm&r=g\",\"contentUrl\":\"https:\\\/\\\/secure.gravatar.com\\\/avatar\\\/2ef93951eab3cee25932a7219e566376cbf6ddedde3aa3098e7a971991a3ef12?s=96&d=mm&r=g\",\"caption\":\"Jos\u00e9 Luis Panero\"},\"description\":\"Licenciado en Periodismo y en Comunicaci\u00f3n Audiovisual. Tras m\u00e1s de cuatro a\u00f1os en el diario 'La Gaceta de Los Negocios' y el programa f\u00edlmico 'Pantalla Grande', es cr\u00edtico de cine en 'Ciudad Nueva', 'Pantalla 90', 'COPE' o 'Aleteia' y cr\u00edtico de teatro en 'Hoy en la city'. Ha sido coguionista y ayudante de direcci\u00f3n de cine, ponente en los coloquios de cine del foro FNAC y profesor universitario en diferentes cursos de Periodismo Social. Desde 2003 es miembro del C\u00edrculo de Escritores Cinematogr\u00e1ficos (CEC). En 2008 fund\u00f3 en 'COPE' su blog de cine 'Palomitas de Ma\u00edz'. En 2017 fue nombrado Jurado Oficial del Festival Internacional de Cine de Fuengirola (M\u00e1laga) y ese a\u00f1o la instituci\u00f3n educativa Trinity College-Liceo Serrano le distingui\u00f3 con el nombramiento de 'Profesor de Honor' del centro y miembro ilustre del claustro de profesores. En 2019 fue nombrado Jurado Oficial del Festival Internacional de Cine de Vera (Almer\u00eda). En 2020 fue nombrado Jurado Oficial del Festival Internacional de Cine de Terror de La Mar Bella (Marbella). Como int\u00e9rprete ha sido galardonado con el Premio al Actor Principal del I Festival Nacional UNIR de teatro. Desde 2020 es acad\u00e9mico de las Artes Esc\u00e9nicas de Espa\u00f1a. En 2023 fue nombrado Jurado Oficial de los 'Premios Tal\u00eda' en su I Edici\u00f3n. Y miembro de ASHUMES (Asociaci\u00f3n del Humorismo Espa\u00f1ol) a partir de 2022. En 2023 fue nombrado Jurado Oficial de la II Edici\u00f3n de los 'Premios Godot'.\",\"sameAs\":[\"http:\\\/\\\/www.cope.es\",\"https:\\\/\\\/www.facebook.com\\\/palomitero\\\/\",\"https:\\\/\\\/www.instagram.com\\\/joseluispanero\\\/\",\"https:\\\/\\\/www.linkedin.com\\\/in\\\/jos-luis-panero-gonzlez-barosa-7722a716\\\/\",\"https:\\\/\\\/x.com\\\/PALOMITERO\",\"https:\\\/\\\/www.youtube.com\\\/channel\\\/UCQYaNGiETUXUPXjYu9p3lNw\\\/videos?\",\"https:\\\/\\\/es.wikipedia.org\\\/wiki\\\/Jos_Luis_Panero_Gonzlez-Barosa\"],\"url\":\"https:\\\/\\\/www.cope.es\\\/blogs\\\/palomitas-de-maiz\\\/author\\\/jlpanero\\\/\"}]}<\/script>\n<!-- \/ Yoast SEO plugin. -->","yoast_head_json":{"title":"Guadarrama acoge a \u2018Dos Lorca\u2019, representada por \u2018Ateneo de Pozuelo\u2019","description":"Guadarrama acoge a \u2018Dos Lorca\u2019, representada por \u2018Ateneo de Pozuelo\u2019. El espect\u00e1culo pone el acento en uno de los poetas espa\u00f1oles m\u00e1s admirados en el mundo","robots":{"index":"index","follow":"follow","max-snippet":"max-snippet:-1","max-image-preview":"max-image-preview:large","max-video-preview":"max-video-preview:-1"},"canonical":"https:\/\/www.cope.es\/blogs\/palomitas-de-maiz\/2018\/11\/15\/guadarrama-acoge-a-dos-lorca-representada-por-ateneo-de-pozuelo\/","og_locale":"es_ES","og_type":"article","og_title":"Guadarrama acoge a \u2018Dos Lorca\u2019, representada por \u2018Ateneo de Pozuelo\u2019","og_description":"Guadarrama acoge a \u2018Dos Lorca\u2019, representada por \u2018Ateneo de Pozuelo\u2019. El espect\u00e1culo pone el acento en uno de los poetas espa\u00f1oles m\u00e1s admirados en el mundo","og_url":"https:\/\/www.cope.es\/blogs\/palomitas-de-maiz\/2018\/11\/15\/guadarrama-acoge-a-dos-lorca-representada-por-ateneo-de-pozuelo\/","og_site_name":"Palomitas de Ma\u00edz","article_publisher":"https:\/\/www.facebook.com\/cope\/","article_author":"https:\/\/www.facebook.com\/palomitero\/","article_published_time":"2018-11-15T00:28:58+00:00","article_modified_time":"2018-11-15T00:37:56+00:00","og_image":[{"width":720,"height":404,"url":"https:\/\/www.cope.es\/blogs\/palomitas-de-maiz\/wp-content\/uploads\/sites\/6\/2018\/11\/doslorca.jpg","type":"image\/jpeg"}],"author":"Jos\u00e9 Luis Panero","twitter_card":"summary_large_image","twitter_creator":"@PALOMITERO","twitter_site":"@cope_es","twitter_misc":{"Escrito por":"Jos\u00e9 Luis Panero","Tiempo de lectura":"3 minutos"},"schema":{"@context":"https:\/\/schema.org","@graph":[{"@type":"Article","@id":"https:\/\/www.cope.es\/blogs\/palomitas-de-maiz\/2018\/11\/15\/guadarrama-acoge-a-dos-lorca-representada-por-ateneo-de-pozuelo\/#article","isPartOf":{"@id":"https:\/\/www.cope.es\/blogs\/palomitas-de-maiz\/2018\/11\/15\/guadarrama-acoge-a-dos-lorca-representada-por-ateneo-de-pozuelo\/"},"author":{"name":"Jos\u00e9 Luis Panero","@id":"https:\/\/www.cope.es\/blogs\/palomitas-de-maiz\/#\/schema\/person\/9fb256f63733c964d19b06de1ca3c9ef"},"headline":"\u2018Dos Lorca\u2019 viaja con el grupo teatral del \u2018Ateneo de Pozuelo\u2019 hasta Guadarrama","datePublished":"2018-11-15T00:28:58+00:00","dateModified":"2018-11-15T00:37:56+00:00","mainEntityOfPage":{"@id":"https:\/\/www.cope.es\/blogs\/palomitas-de-maiz\/2018\/11\/15\/guadarrama-acoge-a-dos-lorca-representada-por-ateneo-de-pozuelo\/"},"wordCount":560,"commentCount":0,"image":{"@id":"https:\/\/www.cope.es\/blogs\/palomitas-de-maiz\/2018\/11\/15\/guadarrama-acoge-a-dos-lorca-representada-por-ateneo-de-pozuelo\/#primaryimage"},"thumbnailUrl":"https:\/\/www.cope.es\/blogs\/palomitas-de-maiz\/wp-content\/uploads\/sites\/6\/2018\/11\/doslorca.jpg","keywords":["17 de noviembre","alicia s\u00e1nchez","amor de don perlimpl\u00edn con belisa en su jard\u00edn","ateneo de pozuelo","centro cultural la torre","dos lorca","drama po\u00e9tico","el retablillo de don crist\u00f3bal","farsa para gui\u00f1ol","Federico Garc\u00eda Lorca","grupo de teatro","guadarrama","teatro","todos los p\u00fablicos"],"articleSection":["actualidad","Cine","Federico Garc\u00eda Lorca","Teatro"],"inLanguage":"es","potentialAction":[{"@type":"CommentAction","name":"Comment","target":["https:\/\/www.cope.es\/blogs\/palomitas-de-maiz\/2018\/11\/15\/guadarrama-acoge-a-dos-lorca-representada-por-ateneo-de-pozuelo\/#respond"]}]},{"@type":"WebPage","@id":"https:\/\/www.cope.es\/blogs\/palomitas-de-maiz\/2018\/11\/15\/guadarrama-acoge-a-dos-lorca-representada-por-ateneo-de-pozuelo\/","url":"https:\/\/www.cope.es\/blogs\/palomitas-de-maiz\/2018\/11\/15\/guadarrama-acoge-a-dos-lorca-representada-por-ateneo-de-pozuelo\/","name":"Guadarrama acoge a \u2018Dos Lorca\u2019, representada por \u2018Ateneo de Pozuelo\u2019","isPartOf":{"@id":"https:\/\/www.cope.es\/blogs\/palomitas-de-maiz\/#website"},"primaryImageOfPage":{"@id":"https:\/\/www.cope.es\/blogs\/palomitas-de-maiz\/2018\/11\/15\/guadarrama-acoge-a-dos-lorca-representada-por-ateneo-de-pozuelo\/#primaryimage"},"image":{"@id":"https:\/\/www.cope.es\/blogs\/palomitas-de-maiz\/2018\/11\/15\/guadarrama-acoge-a-dos-lorca-representada-por-ateneo-de-pozuelo\/#primaryimage"},"thumbnailUrl":"https:\/\/www.cope.es\/blogs\/palomitas-de-maiz\/wp-content\/uploads\/sites\/6\/2018\/11\/doslorca.jpg","datePublished":"2018-11-15T00:28:58+00:00","dateModified":"2018-11-15T00:37:56+00:00","author":{"@id":"https:\/\/www.cope.es\/blogs\/palomitas-de-maiz\/#\/schema\/person\/9fb256f63733c964d19b06de1ca3c9ef"},"description":"Guadarrama acoge a \u2018Dos Lorca\u2019, representada por \u2018Ateneo de Pozuelo\u2019. El espect\u00e1culo pone el acento en uno de los poetas espa\u00f1oles m\u00e1s admirados en el mundo","breadcrumb":{"@id":"https:\/\/www.cope.es\/blogs\/palomitas-de-maiz\/2018\/11\/15\/guadarrama-acoge-a-dos-lorca-representada-por-ateneo-de-pozuelo\/#breadcrumb"},"inLanguage":"es","potentialAction":[{"@type":"ReadAction","target":["https:\/\/www.cope.es\/blogs\/palomitas-de-maiz\/2018\/11\/15\/guadarrama-acoge-a-dos-lorca-representada-por-ateneo-de-pozuelo\/"]}]},{"@type":"ImageObject","inLanguage":"es","@id":"https:\/\/www.cope.es\/blogs\/palomitas-de-maiz\/2018\/11\/15\/guadarrama-acoge-a-dos-lorca-representada-por-ateneo-de-pozuelo\/#primaryimage","url":"https:\/\/www.cope.es\/blogs\/palomitas-de-maiz\/wp-content\/uploads\/sites\/6\/2018\/11\/doslorca.jpg","contentUrl":"https:\/\/www.cope.es\/blogs\/palomitas-de-maiz\/wp-content\/uploads\/sites\/6\/2018\/11\/doslorca.jpg","width":720,"height":404,"caption":"https:\/\/www.cope.es\/blogs\/palomitas-de-maiz\/2018\/11\/15\/guadarrama-acoge-a-dos-lorca-representada-por-ateneo-de-pozuelo\/"},{"@type":"BreadcrumbList","@id":"https:\/\/www.cope.es\/blogs\/palomitas-de-maiz\/2018\/11\/15\/guadarrama-acoge-a-dos-lorca-representada-por-ateneo-de-pozuelo\/#breadcrumb","itemListElement":[{"@type":"ListItem","position":1,"name":"Portada","item":"https:\/\/www.cope.es\/blogs\/palomitas-de-maiz\/"},{"@type":"ListItem","position":2,"name":"\u2018Dos Lorca\u2019 viaja con el grupo teatral del \u2018Ateneo de Pozuelo\u2019 hasta Guadarrama"}]},{"@type":"WebSite","@id":"https:\/\/www.cope.es\/blogs\/palomitas-de-maiz\/#website","url":"https:\/\/www.cope.es\/blogs\/palomitas-de-maiz\/","name":"Palomitas de Ma\u00edz","description":"Blog decano de cine de COPE","potentialAction":[{"@type":"SearchAction","target":{"@type":"EntryPoint","urlTemplate":"https:\/\/www.cope.es\/blogs\/palomitas-de-maiz\/?s={search_term_string}"},"query-input":{"@type":"PropertyValueSpecification","valueRequired":true,"valueName":"search_term_string"}}],"inLanguage":"es"},{"@type":"Person","@id":"https:\/\/www.cope.es\/blogs\/palomitas-de-maiz\/#\/schema\/person\/9fb256f63733c964d19b06de1ca3c9ef","name":"Jos\u00e9 Luis Panero","image":{"@type":"ImageObject","inLanguage":"es","@id":"https:\/\/secure.gravatar.com\/avatar\/2ef93951eab3cee25932a7219e566376cbf6ddedde3aa3098e7a971991a3ef12?s=96&d=mm&r=g","url":"https:\/\/secure.gravatar.com\/avatar\/2ef93951eab3cee25932a7219e566376cbf6ddedde3aa3098e7a971991a3ef12?s=96&d=mm&r=g","contentUrl":"https:\/\/secure.gravatar.com\/avatar\/2ef93951eab3cee25932a7219e566376cbf6ddedde3aa3098e7a971991a3ef12?s=96&d=mm&r=g","caption":"Jos\u00e9 Luis Panero"},"description":"Licenciado en Periodismo y en Comunicaci\u00f3n Audiovisual. Tras m\u00e1s de cuatro a\u00f1os en el diario 'La Gaceta de Los Negocios' y el programa f\u00edlmico 'Pantalla Grande', es cr\u00edtico de cine en 'Ciudad Nueva', 'Pantalla 90', 'COPE' o 'Aleteia' y cr\u00edtico de teatro en 'Hoy en la city'. Ha sido coguionista y ayudante de direcci\u00f3n de cine, ponente en los coloquios de cine del foro FNAC y profesor universitario en diferentes cursos de Periodismo Social. Desde 2003 es miembro del C\u00edrculo de Escritores Cinematogr\u00e1ficos (CEC). En 2008 fund\u00f3 en 'COPE' su blog de cine 'Palomitas de Ma\u00edz'. En 2017 fue nombrado Jurado Oficial del Festival Internacional de Cine de Fuengirola (M\u00e1laga) y ese a\u00f1o la instituci\u00f3n educativa Trinity College-Liceo Serrano le distingui\u00f3 con el nombramiento de 'Profesor de Honor' del centro y miembro ilustre del claustro de profesores. En 2019 fue nombrado Jurado Oficial del Festival Internacional de Cine de Vera (Almer\u00eda). En 2020 fue nombrado Jurado Oficial del Festival Internacional de Cine de Terror de La Mar Bella (Marbella). Como int\u00e9rprete ha sido galardonado con el Premio al Actor Principal del I Festival Nacional UNIR de teatro. Desde 2020 es acad\u00e9mico de las Artes Esc\u00e9nicas de Espa\u00f1a. En 2023 fue nombrado Jurado Oficial de los 'Premios Tal\u00eda' en su I Edici\u00f3n. Y miembro de ASHUMES (Asociaci\u00f3n del Humorismo Espa\u00f1ol) a partir de 2022. En 2023 fue nombrado Jurado Oficial de la II Edici\u00f3n de los 'Premios Godot'.","sameAs":["http:\/\/www.cope.es","https:\/\/www.facebook.com\/palomitero\/","https:\/\/www.instagram.com\/joseluispanero\/","https:\/\/www.linkedin.com\/in\/jos-luis-panero-gonzlez-barosa-7722a716\/","https:\/\/x.com\/PALOMITERO","https:\/\/www.youtube.com\/channel\/UCQYaNGiETUXUPXjYu9p3lNw\/videos?","https:\/\/es.wikipedia.org\/wiki\/Jos_Luis_Panero_Gonzlez-Barosa"],"url":"https:\/\/www.cope.es\/blogs\/palomitas-de-maiz\/author\/jlpanero\/"}]}},"amp_enabled":true,"_links":{"self":[{"href":"https:\/\/www.cope.es\/blogs\/palomitas-de-maiz\/wp-json\/wp\/v2\/posts\/2626","targetHints":{"allow":["GET"]}}],"collection":[{"href":"https:\/\/www.cope.es\/blogs\/palomitas-de-maiz\/wp-json\/wp\/v2\/posts"}],"about":[{"href":"https:\/\/www.cope.es\/blogs\/palomitas-de-maiz\/wp-json\/wp\/v2\/types\/post"}],"author":[{"embeddable":true,"href":"https:\/\/www.cope.es\/blogs\/palomitas-de-maiz\/wp-json\/wp\/v2\/users\/6"}],"replies":[{"embeddable":true,"href":"https:\/\/www.cope.es\/blogs\/palomitas-de-maiz\/wp-json\/wp\/v2\/comments?post=2626"}],"version-history":[{"count":2,"href":"https:\/\/www.cope.es\/blogs\/palomitas-de-maiz\/wp-json\/wp\/v2\/posts\/2626\/revisions"}],"predecessor-version":[{"id":2639,"href":"https:\/\/www.cope.es\/blogs\/palomitas-de-maiz\/wp-json\/wp\/v2\/posts\/2626\/revisions\/2639"}],"wp:featuredmedia":[{"embeddable":true,"href":"https:\/\/www.cope.es\/blogs\/palomitas-de-maiz\/wp-json\/wp\/v2\/media\/2627"}],"wp:attachment":[{"href":"https:\/\/www.cope.es\/blogs\/palomitas-de-maiz\/wp-json\/wp\/v2\/media?parent=2626"}],"wp:term":[{"taxonomy":"category","embeddable":true,"href":"https:\/\/www.cope.es\/blogs\/palomitas-de-maiz\/wp-json\/wp\/v2\/categories?post=2626"},{"taxonomy":"post_tag","embeddable":true,"href":"https:\/\/www.cope.es\/blogs\/palomitas-de-maiz\/wp-json\/wp\/v2\/tags?post=2626"}],"curies":[{"name":"wp","href":"https:\/\/api.w.org\/{rel}","templated":true}]}}