{"id":1949,"date":"2018-07-04T14:24:19","date_gmt":"2018-07-04T12:24:19","guid":{"rendered":"http:\/\/www.cope.es\/blogs\/palomitas-de-maiz\/?p=1949"},"modified":"2018-07-04T14:34:44","modified_gmt":"2018-07-04T12:34:44","slug":"critica-pelicula-martin-scorsese-defiende-la-persecucion-de-los-cristianos-con-silencio","status":"publish","type":"post","link":"https:\/\/www.cope.es\/blogs\/palomitas-de-maiz\/2018\/07\/04\/critica-pelicula-martin-scorsese-defiende-la-persecucion-de-los-cristianos-con-silencio\/","title":{"rendered":"Martin Scorsese defiende la persecuci\u00f3n de los cristianos con \u2018Silencio\u2019"},"content":{"rendered":"<p>\u00a1Mis queridos palomiteros! <strong>Martin Scorsese<\/strong> defiende la persecuci\u00f3n de los cristianos con \u2018Silencio\u2019. D\u00eda s\u00ed y d\u00eda tambi\u00e9n las noticias que nos llegan sobre los <a href=\"http:\/\/www.cope.es\/blogs\/palomitas-de-maiz\/2018\/03\/31\/sabado-santo-jesus-de-nazaret-el-cine-de-la-semana-santa\/\">perseguidos por su fe<\/a> son desalentadoras. Sin embargo, <a href=\"http:\/\/www.cope.es\/blogs\/palomitas-de-maiz\/2018\/01\/27\/prohibido-hablar-dios-cine-ah-no-ahora-rentable\/\">el cine ha querido hacerse eco de la lacra<\/a> a trav\u00e9s del filme del cineasta neoyorkino.<\/p>\n<figure id=\"attachment_1954\" aria-describedby=\"caption-attachment-1954\" style=\"width: 725px\" class=\"wp-caption aligncenter\"><img loading=\"lazy\" decoding=\"async\" width=\"725\" height=\"1036\" class=\"wp-image-1954 size-full\" src=\"http:\/\/www.cope.es\/blogs\/palomitas-de-maiz\/wp-content\/uploads\/sites\/6\/2018\/07\/Silencio_Poster.jpg\" alt=\"Cartel promocional del filme Silencio | Martin Scorsese defiende la persecuci\u00f3n de los cristianos con \u2018Silencio\u2019\" srcset=\"https:\/\/www.cope.es\/blogs\/palomitas-de-maiz\/wp-content\/uploads\/sites\/6\/2018\/07\/Silencio_Poster.jpg 725w, https:\/\/www.cope.es\/blogs\/palomitas-de-maiz\/wp-content\/uploads\/sites\/6\/2018\/07\/Silencio_Poster-210x300.jpg 210w, https:\/\/www.cope.es\/blogs\/palomitas-de-maiz\/wp-content\/uploads\/sites\/6\/2018\/07\/Silencio_Poster-717x1024.jpg 717w\" sizes=\"auto, (max-width: 725px) 100vw, 725px\" \/><figcaption id=\"caption-attachment-1954\" class=\"wp-caption-text\"><strong>Cartel promocional<\/strong> del filme <em>Silencio<\/em> | Martin Scorsese defiende la persecuci\u00f3n de los cristianos con \u2018Silencio\u2019<\/figcaption><\/figure>\n<p>En todo ello ha contribuido <a href=\"https:\/\/www.deaplaneta.com\/\" target=\"_blank\"><strong>DeA Planeta<\/strong><\/a>, quien distribuy\u00f3 en Espa\u00f1a <em>Silencio<\/em>, drama hist\u00f3rico sobre la persecuci\u00f3n de los cristianos en Jap\u00f3n que ha atajado el reconocido y oscarizado director de cine de 75 a\u00f1os, <strong>Martin Scorsese<\/strong> (<a href=\"https:\/\/www.imdb.com\/title\/tt0407887\/\" target=\"_blank\"><em>Infiltrados<\/em><\/a>, 2006).<\/p>\n<p><iframe loading=\"lazy\" width=\"508\" height=\"381\" src=\"https:\/\/www.youtube.com\/embed\/VSKapBl__oU?start=47&#038;feature=oembed\" frameborder=\"0\" allow=\"autoplay; encrypted-media\" allowfullscreen><\/iframe><\/p>\n<p>El filme se ambienta en la segunda mitad del siglo XVII. Dos sacerdotes jesuitas portugueses emprenden un viaje hasta Jap\u00f3n para encontrar a su mentor, un misionero\u00a0 que, seg\u00fan se rumorea, ha renunciado a su fe tras ser perseguido y torturado.\u00a0En su periplo, ambos prelados experimentar\u00e1n la violencia con que los japoneses reciben a los cristianos.<\/p>\n<p><iframe loading=\"lazy\" width=\"675\" height=\"380\" src=\"https:\/\/www.youtube.com\/embed\/YbbzaS8rcak?feature=oembed\" frameborder=\"0\" allow=\"autoplay; encrypted-media\" allowfullscreen><\/iframe><\/p>\n<h2>Martin Scorsese defiende la persecuci\u00f3n de los cristianos con \u2018Silencio\u2019, inspirado en la novela hom\u00f3nima del escritor cat\u00f3lico japon\u00e9s\u00a0Shusaku Endo<\/h2>\n<figure id=\"attachment_1956\" aria-describedby=\"caption-attachment-1956\" style=\"width: 725px\" class=\"wp-caption aligncenter\"><img loading=\"lazy\" decoding=\"async\" width=\"725\" height=\"483\" class=\"wp-image-1956 size-full\" src=\"http:\/\/www.cope.es\/blogs\/palomitas-de-maiz\/wp-content\/uploads\/sites\/6\/2018\/07\/scorsese.jpg\" alt=\"Martin Scorsese | Martin Scorsese defiende la persecuci\u00f3n de los cristianos con \u2018Silencio\u2019\" srcset=\"https:\/\/www.cope.es\/blogs\/palomitas-de-maiz\/wp-content\/uploads\/sites\/6\/2018\/07\/scorsese.jpg 725w, https:\/\/www.cope.es\/blogs\/palomitas-de-maiz\/wp-content\/uploads\/sites\/6\/2018\/07\/scorsese-300x200.jpg 300w, https:\/\/www.cope.es\/blogs\/palomitas-de-maiz\/wp-content\/uploads\/sites\/6\/2018\/07\/scorsese-408x272.jpg 408w\" sizes=\"auto, (max-width: 725px) 100vw, 725px\" \/><figcaption id=\"caption-attachment-1956\" class=\"wp-caption-text\"><strong>Martin Scorsese<\/strong> | Martin Scorsese defiende la persecuci\u00f3n de los cristianos con \u2018Silencio\u2019<\/figcaption><\/figure>\n<p>Scorsese ha hecho su exploraci\u00f3n m\u00e1s enfocada y minuciosa sobre un tema que ha ido rumiando durante a\u00f1os, en concreto desde 2004. En este caso, ha basado el gui\u00f3n de la pel\u00edcula en la novela<strong>\u00a0<\/strong><em>Silencio<\/em>,<em>\u00a0<\/em>del escritor cat\u00f3lico japon\u00e9s<strong> <a href=\"https:\/\/www.imdb.com\/name\/nm0256870\/?ref_=fn_al_nm_1\" target=\"_blank\">Shusaku Endo<\/a>\u00a0<\/strong>(1923-1997), que<strong>\u00a0<\/strong>escribi\u00f3 la historia tras\u00a0estudiar la literatura cristiana francesa\u00a0de algunos autores conversos como <strong><a href=\"https:\/\/www.biografiasyvidas.com\/biografia\/c\/claudel.htm\" target=\"_blank\">Paul Claudel<\/a> <\/strong>o <strong><a href=\"https:\/\/www.biografiasyvidas.com\/biografia\/m\/mounier_emmanuel.htm\" target=\"_blank\">Emmanuel Mounier<\/a><\/strong>.<\/p>\n<figure id=\"attachment_1957\" aria-describedby=\"caption-attachment-1957\" style=\"width: 725px\" class=\"wp-caption aligncenter\"><img loading=\"lazy\" decoding=\"async\" width=\"725\" height=\"483\" class=\"wp-image-1957 size-full\" src=\"http:\/\/www.cope.es\/blogs\/palomitas-de-maiz\/wp-content\/uploads\/sites\/6\/2018\/07\/adam-driver.jpg\" alt=\"Adam Driver | Martin Scorsese defiende la persecuci\u00f3n de los cristianos con \u2018Silencio\u2019\" srcset=\"https:\/\/www.cope.es\/blogs\/palomitas-de-maiz\/wp-content\/uploads\/sites\/6\/2018\/07\/adam-driver.jpg 725w, https:\/\/www.cope.es\/blogs\/palomitas-de-maiz\/wp-content\/uploads\/sites\/6\/2018\/07\/adam-driver-300x200.jpg 300w, https:\/\/www.cope.es\/blogs\/palomitas-de-maiz\/wp-content\/uploads\/sites\/6\/2018\/07\/adam-driver-408x272.jpg 408w\" sizes=\"auto, (max-width: 725px) 100vw, 725px\" \/><figcaption id=\"caption-attachment-1957\" class=\"wp-caption-text\"><strong>Adam Driver<\/strong> | Martin Scorsese defiende la persecuci\u00f3n de los cristianos con \u2018Silencio\u2019<\/figcaption><\/figure>\n<p>Por su parte, la cinta desarrolla un bello viaje espiritual, atractivo y austero, e incluso podr\u00edamos decir que en este silencio de Dios -o la sordera del hombre- est\u00e1 bien expuesto el desaf\u00edo de las creencias y el misterioso y ambiguo hero\u00edsmo que aparece reflejado en la humillaci\u00f3n de sus protagonistas.<\/p>\n<figure id=\"attachment_1958\" aria-describedby=\"caption-attachment-1958\" style=\"width: 725px\" class=\"wp-caption aligncenter\"><img loading=\"lazy\" decoding=\"async\" width=\"725\" height=\"483\" class=\"wp-image-1958 size-full\" src=\"http:\/\/www.cope.es\/blogs\/palomitas-de-maiz\/wp-content\/uploads\/sites\/6\/2018\/07\/andrew-Garfield.jpg\" alt=\"Andrew Garfield | Martin Scorsese defiende la persecuci\u00f3n de los cristianos con \u2018Silencio\u2019\" srcset=\"https:\/\/www.cope.es\/blogs\/palomitas-de-maiz\/wp-content\/uploads\/sites\/6\/2018\/07\/andrew-Garfield.jpg 725w, https:\/\/www.cope.es\/blogs\/palomitas-de-maiz\/wp-content\/uploads\/sites\/6\/2018\/07\/andrew-Garfield-300x200.jpg 300w, https:\/\/www.cope.es\/blogs\/palomitas-de-maiz\/wp-content\/uploads\/sites\/6\/2018\/07\/andrew-Garfield-408x272.jpg 408w\" sizes=\"auto, (max-width: 725px) 100vw, 725px\" \/><figcaption id=\"caption-attachment-1958\" class=\"wp-caption-text\"><strong>Andrew Garfield<\/strong> | Martin Scorsese defiende la persecuci\u00f3n de los cristianos con \u2018Silencio\u2019<\/figcaption><\/figure>\n<p>Adem\u00e1s, hay un intenso debate sobre la oposici\u00f3n del cristianismo y el budismo, de Europa y Asia, y sobre el relativismo de la fe. Y, probablemente, gracias a su ambici\u00f3n y alcance, y a su a menudo grandeza dram\u00e1tica, el filme ha sabido abordar la crisis de los evangelistas cristianos con resistencia, seriedad y un gusto comparable al del director brit\u00e1nico <a href=\"https:\/\/www.imdb.com\/name\/nm0000180\/?ref_=fn_al_nm_1\" target=\"_blank\"><strong>David Lean<\/strong><\/a>, m\u00e1s en sus formas que en el fondo.<\/p>\n<figure id=\"attachment_1959\" aria-describedby=\"caption-attachment-1959\" style=\"width: 725px\" class=\"wp-caption aligncenter\"><img loading=\"lazy\" decoding=\"async\" width=\"725\" height=\"483\" class=\"wp-image-1959 size-full\" src=\"http:\/\/www.cope.es\/blogs\/palomitas-de-maiz\/wp-content\/uploads\/sites\/6\/2018\/07\/liam-neeson.jpg\" alt=\"Liam Neeson | Martin Scorsese defiende la persecuci\u00f3n de los cristianos con \u2018Silencio\u2019\" srcset=\"https:\/\/www.cope.es\/blogs\/palomitas-de-maiz\/wp-content\/uploads\/sites\/6\/2018\/07\/liam-neeson.jpg 725w, https:\/\/www.cope.es\/blogs\/palomitas-de-maiz\/wp-content\/uploads\/sites\/6\/2018\/07\/liam-neeson-300x200.jpg 300w, https:\/\/www.cope.es\/blogs\/palomitas-de-maiz\/wp-content\/uploads\/sites\/6\/2018\/07\/liam-neeson-408x272.jpg 408w\" sizes=\"auto, (max-width: 725px) 100vw, 725px\" \/><figcaption id=\"caption-attachment-1959\" class=\"wp-caption-text\"><strong>Liam Neeson<\/strong> | Martin Scorsese defiende la persecuci\u00f3n de los cristianos con \u2018Silencio\u2019<\/figcaption><\/figure>\n<p>Rodada con un estilo cl\u00e1sico y contenido, <em>Silencio<\/em> no sobresale cinematogr\u00e1ficamente pero cuenta con un reparto de nivel -encabezado por <strong><a href=\"https:\/\/www.imdb.com\/name\/nm0000553\/#producer\" target=\"_blank\">Liam Neeson<\/a><\/strong>, <strong><a href=\"https:\/\/www.imdb.com\/name\/nm3485845\/?ref_=fn_al_nm_1\" target=\"_blank\">Adam Driver<\/a><\/strong> y <strong><a href=\"https:\/\/www.imdb.com\/name\/nm1940449\/?ref_=fn_al_nm_1\" target=\"_blank\">Andrew Garfield<\/a><\/strong>-, aunque los int\u00e9rpretes que m\u00e1s brillan son los japonenes.<\/p>\n<p><iframe loading=\"lazy\" width=\"675\" height=\"380\" src=\"https:\/\/www.youtube.com\/embed\/CRyN--J6LuQ?start=1&#038;feature=oembed\" frameborder=\"0\" allow=\"autoplay; encrypted-media\" allowfullscreen><\/iframe><\/p>\n","protected":false},"excerpt":{"rendered":"<p>\u00a1Mis queridos palomiteros! Martin Scorsese defiende la persecuci\u00f3n de los cristianos con \u2018Silencio\u2019. D\u00eda s\u00ed y d\u00eda tambi\u00e9n las noticias que nos llegan sobre los perseguidos por su fe son desalentadoras. Sin embargo, el cine ha querido hacerse eco de la lacra a trav\u00e9s del filme del cineasta neoyorkino. En todo ello ha contribuido DeA [&hellip;]<\/p>\n","protected":false},"author":6,"featured_media":1951,"comment_status":"open","ping_status":"open","sticky":false,"template":"","format":"standard","meta":{"footnotes":""},"categories":[49,88,1985,942,387],"tags":[1340,1994,1490,1992,1987,1991,1995,1989,1993,163,40,1990,1986,1988,162],"class_list":["post-1949","post","type-post","status-publish","format-standard","has-post-thumbnail","hentry","category-cine","category-critica-de-cine","category-martin-scorsese","category-oscar","category-valores","tag-adam-driver","tag-andrew-garfield","tag-catolicos","tag-david-lean","tag-dea-planeta","tag-emmanuel-mounier","tag-evangelistas-cristianos","tag-infiltrados","tag-liam-neeson","tag-martin-scorsese","tag-novela","tag-paul-claudel","tag-persecucion-cristianos","tag-shusaku-endo","tag-silencio"],"yoast_head":"<!-- This site is optimized with the Yoast SEO plugin v27.4 - https:\/\/yoast.com\/product\/yoast-seo-wordpress\/ -->\n<title>Martin Scorsese defiende la persecuci\u00f3n de los cristianos con \u2018Silencio\u2019<\/title>\n<meta name=\"description\" content=\"Martin Scorsese defiende la persecuci\u00f3n de los cristianos con \u2018Silencio\u2019. D\u00eda s\u00ed y d\u00eda tambi\u00e9n las noticias que nos llegan sobre los perseguidos por su fe son desalentadoras. Sin embargo, el cine ha querido hacerse eco de la lacra a trav\u00e9s del filme del cineasta neoyorkino.\" \/>\n<meta name=\"robots\" content=\"index, follow, max-snippet:-1, max-image-preview:large, max-video-preview:-1\" \/>\n<link rel=\"canonical\" href=\"https:\/\/www.cope.es\/blogs\/palomitas-de-maiz\/2018\/07\/04\/critica-pelicula-martin-scorsese-defiende-la-persecucion-de-los-cristianos-con-silencio\/\" \/>\n<meta property=\"og:locale\" content=\"es_ES\" \/>\n<meta property=\"og:type\" content=\"article\" \/>\n<meta property=\"og:title\" content=\"Martin Scorsese defiende la persecuci\u00f3n de los cristianos con \u2018Silencio\u2019\" \/>\n<meta property=\"og:description\" content=\"Martin Scorsese defiende la persecuci\u00f3n de los cristianos con \u2018Silencio\u2019. D\u00eda s\u00ed y d\u00eda tambi\u00e9n las noticias que nos llegan sobre los perseguidos por su fe son desalentadoras. Sin embargo, el cine ha querido hacerse eco de la lacra a trav\u00e9s del filme del cineasta neoyorkino.\" \/>\n<meta property=\"og:url\" content=\"https:\/\/www.cope.es\/blogs\/palomitas-de-maiz\/2018\/07\/04\/critica-pelicula-martin-scorsese-defiende-la-persecucion-de-los-cristianos-con-silencio\/\" \/>\n<meta property=\"og:site_name\" content=\"Palomitas de Ma\u00edz\" \/>\n<meta property=\"article:publisher\" content=\"https:\/\/www.facebook.com\/cope\/\" \/>\n<meta property=\"article:author\" content=\"https:\/\/www.facebook.com\/palomitero\/\" \/>\n<meta property=\"article:published_time\" content=\"2018-07-04T12:24:19+00:00\" \/>\n<meta property=\"article:modified_time\" content=\"2018-07-04T12:34:44+00:00\" \/>\n<meta property=\"og:image\" content=\"https:\/\/www.cope.es\/blogs\/palomitas-de-maiz\/wp-content\/uploads\/sites\/6\/2018\/07\/cartel-silencio.jpg\" \/>\n\t<meta property=\"og:image:width\" content=\"725\" \/>\n\t<meta property=\"og:image:height\" content=\"365\" \/>\n\t<meta property=\"og:image:type\" content=\"image\/jpeg\" \/>\n<meta name=\"author\" content=\"Jos\u00e9 Luis Panero\" \/>\n<meta name=\"twitter:card\" content=\"summary_large_image\" \/>\n<meta name=\"twitter:creator\" content=\"@PALOMITERO\" \/>\n<meta name=\"twitter:site\" content=\"@cope_es\" \/>\n<meta name=\"twitter:label1\" content=\"Escrito por\" \/>\n\t<meta name=\"twitter:data1\" content=\"Jos\u00e9 Luis Panero\" \/>\n\t<meta name=\"twitter:label2\" content=\"Tiempo de lectura\" \/>\n\t<meta name=\"twitter:data2\" content=\"3 minutos\" \/>\n<script type=\"application\/ld+json\" class=\"yoast-schema-graph\">{\"@context\":\"https:\\\/\\\/schema.org\",\"@graph\":[{\"@type\":\"Article\",\"@id\":\"https:\\\/\\\/www.cope.es\\\/blogs\\\/palomitas-de-maiz\\\/2018\\\/07\\\/04\\\/critica-pelicula-martin-scorsese-defiende-la-persecucion-de-los-cristianos-con-silencio\\\/#article\",\"isPartOf\":{\"@id\":\"https:\\\/\\\/www.cope.es\\\/blogs\\\/palomitas-de-maiz\\\/2018\\\/07\\\/04\\\/critica-pelicula-martin-scorsese-defiende-la-persecucion-de-los-cristianos-con-silencio\\\/\"},\"author\":{\"name\":\"Jos\u00e9 Luis Panero\",\"@id\":\"https:\\\/\\\/www.cope.es\\\/blogs\\\/palomitas-de-maiz\\\/#\\\/schema\\\/person\\\/9fb256f63733c964d19b06de1ca3c9ef\"},\"headline\":\"Martin Scorsese defiende la persecuci\u00f3n de los cristianos con \u2018Silencio\u2019\",\"datePublished\":\"2018-07-04T12:24:19+00:00\",\"dateModified\":\"2018-07-04T12:34:44+00:00\",\"mainEntityOfPage\":{\"@id\":\"https:\\\/\\\/www.cope.es\\\/blogs\\\/palomitas-de-maiz\\\/2018\\\/07\\\/04\\\/critica-pelicula-martin-scorsese-defiende-la-persecucion-de-los-cristianos-con-silencio\\\/\"},\"wordCount\":567,\"commentCount\":0,\"image\":{\"@id\":\"https:\\\/\\\/www.cope.es\\\/blogs\\\/palomitas-de-maiz\\\/2018\\\/07\\\/04\\\/critica-pelicula-martin-scorsese-defiende-la-persecucion-de-los-cristianos-con-silencio\\\/#primaryimage\"},\"thumbnailUrl\":\"https:\\\/\\\/www.cope.es\\\/blogs\\\/palomitas-de-maiz\\\/wp-content\\\/uploads\\\/sites\\\/6\\\/2018\\\/07\\\/cartel-silencio.jpg\",\"keywords\":[\"adam driver\",\"Andrew Garfield\",\"cat\u00f3licos\",\"david lean\",\"DeA Planeta\",\"Emmanuel Mounier\",\"evangelistas cristianos\",\"infiltrados\",\"Liam Neeson\",\"martin scorsese\",\"novela\",\"Paul Claudel\",\"persecucion cristianos\",\"Shusaku Endo\",\"silencio\"],\"articleSection\":[\"Cine\",\"Cr\u00edtica de Cine\",\"Martin Scorsese\",\"Oscar\",\"Valores\"],\"inLanguage\":\"es\",\"potentialAction\":[{\"@type\":\"CommentAction\",\"name\":\"Comment\",\"target\":[\"https:\\\/\\\/www.cope.es\\\/blogs\\\/palomitas-de-maiz\\\/2018\\\/07\\\/04\\\/critica-pelicula-martin-scorsese-defiende-la-persecucion-de-los-cristianos-con-silencio\\\/#respond\"]}]},{\"@type\":\"WebPage\",\"@id\":\"https:\\\/\\\/www.cope.es\\\/blogs\\\/palomitas-de-maiz\\\/2018\\\/07\\\/04\\\/critica-pelicula-martin-scorsese-defiende-la-persecucion-de-los-cristianos-con-silencio\\\/\",\"url\":\"https:\\\/\\\/www.cope.es\\\/blogs\\\/palomitas-de-maiz\\\/2018\\\/07\\\/04\\\/critica-pelicula-martin-scorsese-defiende-la-persecucion-de-los-cristianos-con-silencio\\\/\",\"name\":\"Martin Scorsese defiende la persecuci\u00f3n de los cristianos con \u2018Silencio\u2019\",\"isPartOf\":{\"@id\":\"https:\\\/\\\/www.cope.es\\\/blogs\\\/palomitas-de-maiz\\\/#website\"},\"primaryImageOfPage\":{\"@id\":\"https:\\\/\\\/www.cope.es\\\/blogs\\\/palomitas-de-maiz\\\/2018\\\/07\\\/04\\\/critica-pelicula-martin-scorsese-defiende-la-persecucion-de-los-cristianos-con-silencio\\\/#primaryimage\"},\"image\":{\"@id\":\"https:\\\/\\\/www.cope.es\\\/blogs\\\/palomitas-de-maiz\\\/2018\\\/07\\\/04\\\/critica-pelicula-martin-scorsese-defiende-la-persecucion-de-los-cristianos-con-silencio\\\/#primaryimage\"},\"thumbnailUrl\":\"https:\\\/\\\/www.cope.es\\\/blogs\\\/palomitas-de-maiz\\\/wp-content\\\/uploads\\\/sites\\\/6\\\/2018\\\/07\\\/cartel-silencio.jpg\",\"datePublished\":\"2018-07-04T12:24:19+00:00\",\"dateModified\":\"2018-07-04T12:34:44+00:00\",\"author\":{\"@id\":\"https:\\\/\\\/www.cope.es\\\/blogs\\\/palomitas-de-maiz\\\/#\\\/schema\\\/person\\\/9fb256f63733c964d19b06de1ca3c9ef\"},\"description\":\"Martin Scorsese defiende la persecuci\u00f3n de los cristianos con \u2018Silencio\u2019. D\u00eda s\u00ed y d\u00eda tambi\u00e9n las noticias que nos llegan sobre los perseguidos por su fe son desalentadoras. Sin embargo, el cine ha querido hacerse eco de la lacra a trav\u00e9s del filme del cineasta neoyorkino.\",\"breadcrumb\":{\"@id\":\"https:\\\/\\\/www.cope.es\\\/blogs\\\/palomitas-de-maiz\\\/2018\\\/07\\\/04\\\/critica-pelicula-martin-scorsese-defiende-la-persecucion-de-los-cristianos-con-silencio\\\/#breadcrumb\"},\"inLanguage\":\"es\",\"potentialAction\":[{\"@type\":\"ReadAction\",\"target\":[\"https:\\\/\\\/www.cope.es\\\/blogs\\\/palomitas-de-maiz\\\/2018\\\/07\\\/04\\\/critica-pelicula-martin-scorsese-defiende-la-persecucion-de-los-cristianos-con-silencio\\\/\"]}]},{\"@type\":\"ImageObject\",\"inLanguage\":\"es\",\"@id\":\"https:\\\/\\\/www.cope.es\\\/blogs\\\/palomitas-de-maiz\\\/2018\\\/07\\\/04\\\/critica-pelicula-martin-scorsese-defiende-la-persecucion-de-los-cristianos-con-silencio\\\/#primaryimage\",\"url\":\"https:\\\/\\\/www.cope.es\\\/blogs\\\/palomitas-de-maiz\\\/wp-content\\\/uploads\\\/sites\\\/6\\\/2018\\\/07\\\/cartel-silencio.jpg\",\"contentUrl\":\"https:\\\/\\\/www.cope.es\\\/blogs\\\/palomitas-de-maiz\\\/wp-content\\\/uploads\\\/sites\\\/6\\\/2018\\\/07\\\/cartel-silencio.jpg\",\"width\":725,\"height\":365,\"caption\":\"http:\\\/\\\/www.cope.es\\\/blogs\\\/palomitas-de-maiz\\\/2018\\\/07\\\/04\\\/critica-pelicula-martin-scorsese-defiende-la-persecucion-de-los-cristianos-con-silencio\\\/\"},{\"@type\":\"BreadcrumbList\",\"@id\":\"https:\\\/\\\/www.cope.es\\\/blogs\\\/palomitas-de-maiz\\\/2018\\\/07\\\/04\\\/critica-pelicula-martin-scorsese-defiende-la-persecucion-de-los-cristianos-con-silencio\\\/#breadcrumb\",\"itemListElement\":[{\"@type\":\"ListItem\",\"position\":1,\"name\":\"Portada\",\"item\":\"https:\\\/\\\/www.cope.es\\\/blogs\\\/palomitas-de-maiz\\\/\"},{\"@type\":\"ListItem\",\"position\":2,\"name\":\"Martin Scorsese defiende la persecuci\u00f3n de los cristianos con \u2018Silencio\u2019\"}]},{\"@type\":\"WebSite\",\"@id\":\"https:\\\/\\\/www.cope.es\\\/blogs\\\/palomitas-de-maiz\\\/#website\",\"url\":\"https:\\\/\\\/www.cope.es\\\/blogs\\\/palomitas-de-maiz\\\/\",\"name\":\"Palomitas de Ma\u00edz\",\"description\":\"Blog decano de cine de COPE\",\"potentialAction\":[{\"@type\":\"SearchAction\",\"target\":{\"@type\":\"EntryPoint\",\"urlTemplate\":\"https:\\\/\\\/www.cope.es\\\/blogs\\\/palomitas-de-maiz\\\/?s={search_term_string}\"},\"query-input\":{\"@type\":\"PropertyValueSpecification\",\"valueRequired\":true,\"valueName\":\"search_term_string\"}}],\"inLanguage\":\"es\"},{\"@type\":\"Person\",\"@id\":\"https:\\\/\\\/www.cope.es\\\/blogs\\\/palomitas-de-maiz\\\/#\\\/schema\\\/person\\\/9fb256f63733c964d19b06de1ca3c9ef\",\"name\":\"Jos\u00e9 Luis Panero\",\"image\":{\"@type\":\"ImageObject\",\"inLanguage\":\"es\",\"@id\":\"https:\\\/\\\/secure.gravatar.com\\\/avatar\\\/2ef93951eab3cee25932a7219e566376cbf6ddedde3aa3098e7a971991a3ef12?s=96&d=mm&r=g\",\"url\":\"https:\\\/\\\/secure.gravatar.com\\\/avatar\\\/2ef93951eab3cee25932a7219e566376cbf6ddedde3aa3098e7a971991a3ef12?s=96&d=mm&r=g\",\"contentUrl\":\"https:\\\/\\\/secure.gravatar.com\\\/avatar\\\/2ef93951eab3cee25932a7219e566376cbf6ddedde3aa3098e7a971991a3ef12?s=96&d=mm&r=g\",\"caption\":\"Jos\u00e9 Luis Panero\"},\"description\":\"Licenciado en Periodismo y en Comunicaci\u00f3n Audiovisual. Tras m\u00e1s de cuatro a\u00f1os en el diario 'La Gaceta de Los Negocios' y el programa f\u00edlmico 'Pantalla Grande', es cr\u00edtico de cine en 'Ciudad Nueva', 'Pantalla 90', 'COPE' o 'Aleteia' y cr\u00edtico de teatro en 'Hoy en la city'. Ha sido coguionista y ayudante de direcci\u00f3n de cine, ponente en los coloquios de cine del foro FNAC y profesor universitario en diferentes cursos de Periodismo Social. Desde 2003 es miembro del C\u00edrculo de Escritores Cinematogr\u00e1ficos (CEC). En 2008 fund\u00f3 en 'COPE' su blog de cine 'Palomitas de Ma\u00edz'. En 2017 fue nombrado Jurado Oficial del Festival Internacional de Cine de Fuengirola (M\u00e1laga) y ese a\u00f1o la instituci\u00f3n educativa Trinity College-Liceo Serrano le distingui\u00f3 con el nombramiento de 'Profesor de Honor' del centro y miembro ilustre del claustro de profesores. En 2019 fue nombrado Jurado Oficial del Festival Internacional de Cine de Vera (Almer\u00eda). En 2020 fue nombrado Jurado Oficial del Festival Internacional de Cine de Terror de La Mar Bella (Marbella). Como int\u00e9rprete ha sido galardonado con el Premio al Actor Principal del I Festival Nacional UNIR de teatro. Desde 2020 es acad\u00e9mico de las Artes Esc\u00e9nicas de Espa\u00f1a. En 2023 fue nombrado Jurado Oficial de los 'Premios Tal\u00eda' en su I Edici\u00f3n. Y miembro de ASHUMES (Asociaci\u00f3n del Humorismo Espa\u00f1ol) a partir de 2022. En 2023 fue nombrado Jurado Oficial de la II Edici\u00f3n de los 'Premios Godot'.\",\"sameAs\":[\"http:\\\/\\\/www.cope.es\",\"https:\\\/\\\/www.facebook.com\\\/palomitero\\\/\",\"https:\\\/\\\/www.instagram.com\\\/joseluispanero\\\/\",\"https:\\\/\\\/www.linkedin.com\\\/in\\\/jos-luis-panero-gonzlez-barosa-7722a716\\\/\",\"https:\\\/\\\/x.com\\\/PALOMITERO\",\"https:\\\/\\\/www.youtube.com\\\/channel\\\/UCQYaNGiETUXUPXjYu9p3lNw\\\/videos?\",\"https:\\\/\\\/es.wikipedia.org\\\/wiki\\\/Jos_Luis_Panero_Gonzlez-Barosa\"],\"url\":\"https:\\\/\\\/www.cope.es\\\/blogs\\\/palomitas-de-maiz\\\/author\\\/jlpanero\\\/\"}]}<\/script>\n<!-- \/ Yoast SEO plugin. -->","yoast_head_json":{"title":"Martin Scorsese defiende la persecuci\u00f3n de los cristianos con \u2018Silencio\u2019","description":"Martin Scorsese defiende la persecuci\u00f3n de los cristianos con \u2018Silencio\u2019. D\u00eda s\u00ed y d\u00eda tambi\u00e9n las noticias que nos llegan sobre los perseguidos por su fe son desalentadoras. Sin embargo, el cine ha querido hacerse eco de la lacra a trav\u00e9s del filme del cineasta neoyorkino.","robots":{"index":"index","follow":"follow","max-snippet":"max-snippet:-1","max-image-preview":"max-image-preview:large","max-video-preview":"max-video-preview:-1"},"canonical":"https:\/\/www.cope.es\/blogs\/palomitas-de-maiz\/2018\/07\/04\/critica-pelicula-martin-scorsese-defiende-la-persecucion-de-los-cristianos-con-silencio\/","og_locale":"es_ES","og_type":"article","og_title":"Martin Scorsese defiende la persecuci\u00f3n de los cristianos con \u2018Silencio\u2019","og_description":"Martin Scorsese defiende la persecuci\u00f3n de los cristianos con \u2018Silencio\u2019. D\u00eda s\u00ed y d\u00eda tambi\u00e9n las noticias que nos llegan sobre los perseguidos por su fe son desalentadoras. Sin embargo, el cine ha querido hacerse eco de la lacra a trav\u00e9s del filme del cineasta neoyorkino.","og_url":"https:\/\/www.cope.es\/blogs\/palomitas-de-maiz\/2018\/07\/04\/critica-pelicula-martin-scorsese-defiende-la-persecucion-de-los-cristianos-con-silencio\/","og_site_name":"Palomitas de Ma\u00edz","article_publisher":"https:\/\/www.facebook.com\/cope\/","article_author":"https:\/\/www.facebook.com\/palomitero\/","article_published_time":"2018-07-04T12:24:19+00:00","article_modified_time":"2018-07-04T12:34:44+00:00","og_image":[{"width":725,"height":365,"url":"https:\/\/www.cope.es\/blogs\/palomitas-de-maiz\/wp-content\/uploads\/sites\/6\/2018\/07\/cartel-silencio.jpg","type":"image\/jpeg"}],"author":"Jos\u00e9 Luis Panero","twitter_card":"summary_large_image","twitter_creator":"@PALOMITERO","twitter_site":"@cope_es","twitter_misc":{"Escrito por":"Jos\u00e9 Luis Panero","Tiempo de lectura":"3 minutos"},"schema":{"@context":"https:\/\/schema.org","@graph":[{"@type":"Article","@id":"https:\/\/www.cope.es\/blogs\/palomitas-de-maiz\/2018\/07\/04\/critica-pelicula-martin-scorsese-defiende-la-persecucion-de-los-cristianos-con-silencio\/#article","isPartOf":{"@id":"https:\/\/www.cope.es\/blogs\/palomitas-de-maiz\/2018\/07\/04\/critica-pelicula-martin-scorsese-defiende-la-persecucion-de-los-cristianos-con-silencio\/"},"author":{"name":"Jos\u00e9 Luis Panero","@id":"https:\/\/www.cope.es\/blogs\/palomitas-de-maiz\/#\/schema\/person\/9fb256f63733c964d19b06de1ca3c9ef"},"headline":"Martin Scorsese defiende la persecuci\u00f3n de los cristianos con \u2018Silencio\u2019","datePublished":"2018-07-04T12:24:19+00:00","dateModified":"2018-07-04T12:34:44+00:00","mainEntityOfPage":{"@id":"https:\/\/www.cope.es\/blogs\/palomitas-de-maiz\/2018\/07\/04\/critica-pelicula-martin-scorsese-defiende-la-persecucion-de-los-cristianos-con-silencio\/"},"wordCount":567,"commentCount":0,"image":{"@id":"https:\/\/www.cope.es\/blogs\/palomitas-de-maiz\/2018\/07\/04\/critica-pelicula-martin-scorsese-defiende-la-persecucion-de-los-cristianos-con-silencio\/#primaryimage"},"thumbnailUrl":"https:\/\/www.cope.es\/blogs\/palomitas-de-maiz\/wp-content\/uploads\/sites\/6\/2018\/07\/cartel-silencio.jpg","keywords":["adam driver","Andrew Garfield","cat\u00f3licos","david lean","DeA Planeta","Emmanuel Mounier","evangelistas cristianos","infiltrados","Liam Neeson","martin scorsese","novela","Paul Claudel","persecucion cristianos","Shusaku Endo","silencio"],"articleSection":["Cine","Cr\u00edtica de Cine","Martin Scorsese","Oscar","Valores"],"inLanguage":"es","potentialAction":[{"@type":"CommentAction","name":"Comment","target":["https:\/\/www.cope.es\/blogs\/palomitas-de-maiz\/2018\/07\/04\/critica-pelicula-martin-scorsese-defiende-la-persecucion-de-los-cristianos-con-silencio\/#respond"]}]},{"@type":"WebPage","@id":"https:\/\/www.cope.es\/blogs\/palomitas-de-maiz\/2018\/07\/04\/critica-pelicula-martin-scorsese-defiende-la-persecucion-de-los-cristianos-con-silencio\/","url":"https:\/\/www.cope.es\/blogs\/palomitas-de-maiz\/2018\/07\/04\/critica-pelicula-martin-scorsese-defiende-la-persecucion-de-los-cristianos-con-silencio\/","name":"Martin Scorsese defiende la persecuci\u00f3n de los cristianos con \u2018Silencio\u2019","isPartOf":{"@id":"https:\/\/www.cope.es\/blogs\/palomitas-de-maiz\/#website"},"primaryImageOfPage":{"@id":"https:\/\/www.cope.es\/blogs\/palomitas-de-maiz\/2018\/07\/04\/critica-pelicula-martin-scorsese-defiende-la-persecucion-de-los-cristianos-con-silencio\/#primaryimage"},"image":{"@id":"https:\/\/www.cope.es\/blogs\/palomitas-de-maiz\/2018\/07\/04\/critica-pelicula-martin-scorsese-defiende-la-persecucion-de-los-cristianos-con-silencio\/#primaryimage"},"thumbnailUrl":"https:\/\/www.cope.es\/blogs\/palomitas-de-maiz\/wp-content\/uploads\/sites\/6\/2018\/07\/cartel-silencio.jpg","datePublished":"2018-07-04T12:24:19+00:00","dateModified":"2018-07-04T12:34:44+00:00","author":{"@id":"https:\/\/www.cope.es\/blogs\/palomitas-de-maiz\/#\/schema\/person\/9fb256f63733c964d19b06de1ca3c9ef"},"description":"Martin Scorsese defiende la persecuci\u00f3n de los cristianos con \u2018Silencio\u2019. D\u00eda s\u00ed y d\u00eda tambi\u00e9n las noticias que nos llegan sobre los perseguidos por su fe son desalentadoras. Sin embargo, el cine ha querido hacerse eco de la lacra a trav\u00e9s del filme del cineasta neoyorkino.","breadcrumb":{"@id":"https:\/\/www.cope.es\/blogs\/palomitas-de-maiz\/2018\/07\/04\/critica-pelicula-martin-scorsese-defiende-la-persecucion-de-los-cristianos-con-silencio\/#breadcrumb"},"inLanguage":"es","potentialAction":[{"@type":"ReadAction","target":["https:\/\/www.cope.es\/blogs\/palomitas-de-maiz\/2018\/07\/04\/critica-pelicula-martin-scorsese-defiende-la-persecucion-de-los-cristianos-con-silencio\/"]}]},{"@type":"ImageObject","inLanguage":"es","@id":"https:\/\/www.cope.es\/blogs\/palomitas-de-maiz\/2018\/07\/04\/critica-pelicula-martin-scorsese-defiende-la-persecucion-de-los-cristianos-con-silencio\/#primaryimage","url":"https:\/\/www.cope.es\/blogs\/palomitas-de-maiz\/wp-content\/uploads\/sites\/6\/2018\/07\/cartel-silencio.jpg","contentUrl":"https:\/\/www.cope.es\/blogs\/palomitas-de-maiz\/wp-content\/uploads\/sites\/6\/2018\/07\/cartel-silencio.jpg","width":725,"height":365,"caption":"http:\/\/www.cope.es\/blogs\/palomitas-de-maiz\/2018\/07\/04\/critica-pelicula-martin-scorsese-defiende-la-persecucion-de-los-cristianos-con-silencio\/"},{"@type":"BreadcrumbList","@id":"https:\/\/www.cope.es\/blogs\/palomitas-de-maiz\/2018\/07\/04\/critica-pelicula-martin-scorsese-defiende-la-persecucion-de-los-cristianos-con-silencio\/#breadcrumb","itemListElement":[{"@type":"ListItem","position":1,"name":"Portada","item":"https:\/\/www.cope.es\/blogs\/palomitas-de-maiz\/"},{"@type":"ListItem","position":2,"name":"Martin Scorsese defiende la persecuci\u00f3n de los cristianos con \u2018Silencio\u2019"}]},{"@type":"WebSite","@id":"https:\/\/www.cope.es\/blogs\/palomitas-de-maiz\/#website","url":"https:\/\/www.cope.es\/blogs\/palomitas-de-maiz\/","name":"Palomitas de Ma\u00edz","description":"Blog decano de cine de COPE","potentialAction":[{"@type":"SearchAction","target":{"@type":"EntryPoint","urlTemplate":"https:\/\/www.cope.es\/blogs\/palomitas-de-maiz\/?s={search_term_string}"},"query-input":{"@type":"PropertyValueSpecification","valueRequired":true,"valueName":"search_term_string"}}],"inLanguage":"es"},{"@type":"Person","@id":"https:\/\/www.cope.es\/blogs\/palomitas-de-maiz\/#\/schema\/person\/9fb256f63733c964d19b06de1ca3c9ef","name":"Jos\u00e9 Luis Panero","image":{"@type":"ImageObject","inLanguage":"es","@id":"https:\/\/secure.gravatar.com\/avatar\/2ef93951eab3cee25932a7219e566376cbf6ddedde3aa3098e7a971991a3ef12?s=96&d=mm&r=g","url":"https:\/\/secure.gravatar.com\/avatar\/2ef93951eab3cee25932a7219e566376cbf6ddedde3aa3098e7a971991a3ef12?s=96&d=mm&r=g","contentUrl":"https:\/\/secure.gravatar.com\/avatar\/2ef93951eab3cee25932a7219e566376cbf6ddedde3aa3098e7a971991a3ef12?s=96&d=mm&r=g","caption":"Jos\u00e9 Luis Panero"},"description":"Licenciado en Periodismo y en Comunicaci\u00f3n Audiovisual. Tras m\u00e1s de cuatro a\u00f1os en el diario 'La Gaceta de Los Negocios' y el programa f\u00edlmico 'Pantalla Grande', es cr\u00edtico de cine en 'Ciudad Nueva', 'Pantalla 90', 'COPE' o 'Aleteia' y cr\u00edtico de teatro en 'Hoy en la city'. Ha sido coguionista y ayudante de direcci\u00f3n de cine, ponente en los coloquios de cine del foro FNAC y profesor universitario en diferentes cursos de Periodismo Social. Desde 2003 es miembro del C\u00edrculo de Escritores Cinematogr\u00e1ficos (CEC). En 2008 fund\u00f3 en 'COPE' su blog de cine 'Palomitas de Ma\u00edz'. En 2017 fue nombrado Jurado Oficial del Festival Internacional de Cine de Fuengirola (M\u00e1laga) y ese a\u00f1o la instituci\u00f3n educativa Trinity College-Liceo Serrano le distingui\u00f3 con el nombramiento de 'Profesor de Honor' del centro y miembro ilustre del claustro de profesores. En 2019 fue nombrado Jurado Oficial del Festival Internacional de Cine de Vera (Almer\u00eda). En 2020 fue nombrado Jurado Oficial del Festival Internacional de Cine de Terror de La Mar Bella (Marbella). Como int\u00e9rprete ha sido galardonado con el Premio al Actor Principal del I Festival Nacional UNIR de teatro. Desde 2020 es acad\u00e9mico de las Artes Esc\u00e9nicas de Espa\u00f1a. En 2023 fue nombrado Jurado Oficial de los 'Premios Tal\u00eda' en su I Edici\u00f3n. Y miembro de ASHUMES (Asociaci\u00f3n del Humorismo Espa\u00f1ol) a partir de 2022. En 2023 fue nombrado Jurado Oficial de la II Edici\u00f3n de los 'Premios Godot'.","sameAs":["http:\/\/www.cope.es","https:\/\/www.facebook.com\/palomitero\/","https:\/\/www.instagram.com\/joseluispanero\/","https:\/\/www.linkedin.com\/in\/jos-luis-panero-gonzlez-barosa-7722a716\/","https:\/\/x.com\/PALOMITERO","https:\/\/www.youtube.com\/channel\/UCQYaNGiETUXUPXjYu9p3lNw\/videos?","https:\/\/es.wikipedia.org\/wiki\/Jos_Luis_Panero_Gonzlez-Barosa"],"url":"https:\/\/www.cope.es\/blogs\/palomitas-de-maiz\/author\/jlpanero\/"}]}},"amp_enabled":true,"_links":{"self":[{"href":"https:\/\/www.cope.es\/blogs\/palomitas-de-maiz\/wp-json\/wp\/v2\/posts\/1949","targetHints":{"allow":["GET"]}}],"collection":[{"href":"https:\/\/www.cope.es\/blogs\/palomitas-de-maiz\/wp-json\/wp\/v2\/posts"}],"about":[{"href":"https:\/\/www.cope.es\/blogs\/palomitas-de-maiz\/wp-json\/wp\/v2\/types\/post"}],"author":[{"embeddable":true,"href":"https:\/\/www.cope.es\/blogs\/palomitas-de-maiz\/wp-json\/wp\/v2\/users\/6"}],"replies":[{"embeddable":true,"href":"https:\/\/www.cope.es\/blogs\/palomitas-de-maiz\/wp-json\/wp\/v2\/comments?post=1949"}],"version-history":[{"count":2,"href":"https:\/\/www.cope.es\/blogs\/palomitas-de-maiz\/wp-json\/wp\/v2\/posts\/1949\/revisions"}],"predecessor-version":[{"id":1963,"href":"https:\/\/www.cope.es\/blogs\/palomitas-de-maiz\/wp-json\/wp\/v2\/posts\/1949\/revisions\/1963"}],"wp:featuredmedia":[{"embeddable":true,"href":"https:\/\/www.cope.es\/blogs\/palomitas-de-maiz\/wp-json\/wp\/v2\/media\/1951"}],"wp:attachment":[{"href":"https:\/\/www.cope.es\/blogs\/palomitas-de-maiz\/wp-json\/wp\/v2\/media?parent=1949"}],"wp:term":[{"taxonomy":"category","embeddable":true,"href":"https:\/\/www.cope.es\/blogs\/palomitas-de-maiz\/wp-json\/wp\/v2\/categories?post=1949"},{"taxonomy":"post_tag","embeddable":true,"href":"https:\/\/www.cope.es\/blogs\/palomitas-de-maiz\/wp-json\/wp\/v2\/tags?post=1949"}],"curies":[{"name":"wp","href":"https:\/\/api.w.org\/{rel}","templated":true}]}}