{"id":1857,"date":"2018-06-27T02:54:10","date_gmt":"2018-06-27T00:54:10","guid":{"rendered":"http:\/\/www.cope.es\/blogs\/palomitas-de-maiz\/?p=1857"},"modified":"2018-06-27T02:58:09","modified_gmt":"2018-06-27T00:58:09","slug":"la-ley-de-eutanasia-de-pedro-sanchez-reaviva-el-debate-en-el-cine-aborto","status":"publish","type":"post","link":"https:\/\/www.cope.es\/blogs\/palomitas-de-maiz\/2018\/06\/27\/la-ley-de-eutanasia-de-pedro-sanchez-reaviva-el-debate-en-el-cine-aborto\/","title":{"rendered":"Y ser\u00e9is como dioses. La ley de eutanasia de Pedro S\u00e1nchez reaviva el debate en el cine"},"content":{"rendered":"<p>\u00a1Mis queridos palomiteros! La eutanasia de S\u00e1nchez reaviva el debate en el cine. Desde el domingo pasado vivo en un sin vivir. Y ni es un juego de palabras ni Espa\u00f1a debiera sacar pecho. Y es que el pasado 24 de junio, el hombre de los 84 diputados, convertido en presidente del Gobierno, a la saz\u00f3n Pedro S\u00e1nchez, ofreci\u00f3 una entrevista al diario <a href=\"https:\/\/politica.elpais.com\/politica\/2018\/06\/23\/actualidad\/1529773600_203119.html\">El Pa\u00eds<\/a>. Atenci\u00f3n a la pregunta y a la respuesta de marras:<\/p>\n<ul>\n<li>\u00bfHabr\u00e1 eutanasia en Espa\u00f1a antes del final de la legislatura?<\/li>\n<li>Ese va a ser tambi\u00e9n uno de mis principales compromisos. Yo quiero que esta legislatura acabe con una <a href=\"http:\/\/www.cope.es\/noticias\/tarde\/congreso-debate-comienza-tramitarse-ley-del-psoe-sobre-eutanasia_232146\">ley de eutanasia<\/a> en nuestro pa\u00eds y que sea reconocido como un servicio por parte de la sanidad p\u00fablica, un servicio fundamental.<\/li>\n<\/ul>\n<figure id=\"attachment_1861\" aria-describedby=\"caption-attachment-1861\" style=\"width: 725px\" class=\"wp-caption aligncenter\"><img loading=\"lazy\" decoding=\"async\" width=\"725\" height=\"1032\" class=\"wp-image-1861 size-full\" src=\"http:\/\/www.cope.es\/blogs\/palomitas-de-maiz\/wp-content\/uploads\/sites\/6\/2018\/06\/lasalasdelavida.jpg\" alt=\"Cartel promocional del documental espa\u00f1ol Las alas de la vida | La eutanasia de S\u00e1nchez reaviva el debate en el cine\" srcset=\"https:\/\/www.cope.es\/blogs\/palomitas-de-maiz\/wp-content\/uploads\/sites\/6\/2018\/06\/lasalasdelavida.jpg 725w, https:\/\/www.cope.es\/blogs\/palomitas-de-maiz\/wp-content\/uploads\/sites\/6\/2018\/06\/lasalasdelavida-211x300.jpg 211w, https:\/\/www.cope.es\/blogs\/palomitas-de-maiz\/wp-content\/uploads\/sites\/6\/2018\/06\/lasalasdelavida-719x1024.jpg 719w\" sizes=\"auto, (max-width: 725px) 100vw, 725px\" \/><figcaption id=\"caption-attachment-1861\" class=\"wp-caption-text\">Cartel promocional del documental espa\u00f1ol <em>Las alas de la vida<\/em> | La eutanasia de S\u00e1nchez reaviva el debate en el cine<\/figcaption><\/figure>\n<p>A m\u00ed s\u00f3lo la propuesta me parece una temeridad y la urgencia de la respuesta de S\u00e1nchez una salida de pata de banco, que al final es otro fiel reflejo de la densa cadena de gestos que tiene preparada para ganarse al respetable.<\/p>\n<p><iframe loading=\"lazy\" width=\"675\" height=\"380\" src=\"https:\/\/www.youtube.com\/embed\/ad57IQaK_Dw?feature=oembed\" frameborder=\"0\" allow=\"autoplay; encrypted-media\" allowfullscreen><\/iframe><\/p>\n<h2>La eutanasia de S\u00e1nchez reaviva el debate en el cine: \u00bfun servicio fundamental legalizar el asesinato porque uno ya se ha cansado de vivir?<\/h2>\n<figure id=\"attachment_1862\" aria-describedby=\"caption-attachment-1862\" style=\"width: 725px\" class=\"wp-caption aligncenter\"><img loading=\"lazy\" decoding=\"async\" width=\"725\" height=\"989\" class=\"wp-image-1862 size-full\" src=\"http:\/\/www.cope.es\/blogs\/palomitas-de-maiz\/wp-content\/uploads\/sites\/6\/2018\/06\/acompa\u00f1ar-a-morir.jpg\" alt=\"Cartel promocional del filme suizo Acompa\u00f1ar a morir | La eutanasia de S\u00e1nchez reaviva el debate en el cine\" srcset=\"https:\/\/www.cope.es\/blogs\/palomitas-de-maiz\/wp-content\/uploads\/sites\/6\/2018\/06\/acompa\u00f1ar-a-morir.jpg 725w, https:\/\/www.cope.es\/blogs\/palomitas-de-maiz\/wp-content\/uploads\/sites\/6\/2018\/06\/acompa\u00f1ar-a-morir-220x300.jpg 220w\" sizes=\"auto, (max-width: 725px) 100vw, 725px\" \/><figcaption id=\"caption-attachment-1862\" class=\"wp-caption-text\">Cartel promocional del filme suizo<em> Acompa\u00f1ar a morir<\/em> | La eutanasia de S\u00e1nchez reaviva el debate en el cine<\/figcaption><\/figure>\n<p>Ser\u00e1 que como yo de ni\u00f1o he estado m\u00e1s cerca de la lira que de la guitarra, le tengo un gran aprecio a la vida, me aferro a ella y espero no encontrarme con pseudo seres que por arte de birlibirloque decidan por mi vida. Naturalmente, no es algo que tenga que ver con la izquierda o la derecha espa\u00f1olas, sino con la conciencia. Y <a href=\"http:\/\/www.cope.es\/blogs\/palomitas-de-maiz\/2018\/04\/25\/jeff-bezos-amazon-video-desprecia-las-peliculas-cristianas-y-netflix-no\/\">en cuanto a conciencias deformadas, \u00bfqui\u00e9n soy yo para opinar?<\/a><\/p>\n<h2>&#8220;Tengo un gran aprecio a la vida, me aferro a ella y espero no encontrarme con pseudo seres que por arte de birlibirloque decidan por mi vida&#8221;<\/h2>\n<p><iframe loading=\"lazy\" width=\"675\" height=\"380\" src=\"https:\/\/www.youtube.com\/embed\/dpxBkTGgUbY?feature=oembed\" frameborder=\"0\" allow=\"autoplay; encrypted-media\" allowfullscreen><\/iframe><\/p>\n<p>Estamos al frente de d\u00edas grises en tiempos de rojos. Mal augurio. El cine, sin embargo, desde hace no muchos a\u00f1os est\u00e1 obligado a dar un pu\u00f1etazo en la mesa para dar una respuesta pro-vida, tambi\u00e9n frente al otro gran drama actual de nuestra historia reciente, es decir, el aborto, <a href=\"https:\/\/www.actuall.com\/criterio\/democracia\/el-gabinete-de-sanchez-aborto-eutanasia-agenda-lgtbi-y-laicismo\/\">tema que S\u00e1nchez no ha dejado tampoco al margen<\/a>.<\/p>\n<figure id=\"attachment_1863\" aria-describedby=\"caption-attachment-1863\" style=\"width: 725px\" class=\"wp-caption aligncenter\"><img loading=\"lazy\" decoding=\"async\" width=\"725\" height=\"1017\" class=\"wp-image-1863 size-full\" src=\"http:\/\/www.cope.es\/blogs\/palomitas-de-maiz\/wp-content\/uploads\/sites\/6\/2018\/06\/laescafandraylamariposa.jpg\" alt=\"Cartel promocional de la pel\u00edcula francesa La escafandra y la mariposa | La eutanasia de S\u00e1nchez reaviva el debate en el cine\" srcset=\"https:\/\/www.cope.es\/blogs\/palomitas-de-maiz\/wp-content\/uploads\/sites\/6\/2018\/06\/laescafandraylamariposa.jpg 725w, https:\/\/www.cope.es\/blogs\/palomitas-de-maiz\/wp-content\/uploads\/sites\/6\/2018\/06\/laescafandraylamariposa-214x300.jpg 214w\" sizes=\"auto, (max-width: 725px) 100vw, 725px\" \/><figcaption id=\"caption-attachment-1863\" class=\"wp-caption-text\">Cartel promocional de la pel\u00edcula francesa <em>La escafandra y la mariposa<\/em> | La eutanasia de S\u00e1nchez reaviva el debate en el cine<\/figcaption><\/figure>\n<p>Seg\u00fan el productor y cineasta brit\u00e1nico <a href=\"https:\/\/es.wikipedia.org\/wiki\/David_Puttnam\" target=\"_blank\"><strong>David Puttnam<\/strong><\/a>, \u201cde ninguna manera el cine debe ocultar los problemas sociales, los dramas o el sufrimiento, si no que, por el contrario, es su deber moral darlos a conocer y demostrar que estos s\u00ed se pueden superar.<\/p>\n<p>Se deber\u00eda impulsar al espectador a actuar de forma constructiva y a dar siempre lo mejor de s\u00ed mismo; incentivarlo a convertirse en un \u201ch\u00e9roe\u201d que derribe los obst\u00e1culos, capaz de vencer las complejidades de la vida y que no huye de manera cobarde. Retratar, en el fondo, la grandeza del esp\u00edritu humano, su trascendencia, la ilusi\u00f3n, las virtudes, la confianza en la condici\u00f3n humana y en la persona en s\u00ed misma\u201d.<\/p>\n<figure id=\"attachment_1864\" aria-describedby=\"caption-attachment-1864\" style=\"width: 725px\" class=\"wp-caption aligncenter\"><img loading=\"lazy\" decoding=\"async\" width=\"725\" height=\"1028\" class=\"wp-image-1864 size-full\" src=\"http:\/\/www.cope.es\/blogs\/palomitas-de-maiz\/wp-content\/uploads\/sites\/6\/2018\/06\/lasinvasionesbarbaras.jpg\" alt=\"Cartel promocional de la cinta canadiense Las invasiones b\u00e1rbaras | La eutanasia de S\u00e1nchez reaviva el debate en el cine\" srcset=\"https:\/\/www.cope.es\/blogs\/palomitas-de-maiz\/wp-content\/uploads\/sites\/6\/2018\/06\/lasinvasionesbarbaras.jpg 725w, https:\/\/www.cope.es\/blogs\/palomitas-de-maiz\/wp-content\/uploads\/sites\/6\/2018\/06\/lasinvasionesbarbaras-212x300.jpg 212w, https:\/\/www.cope.es\/blogs\/palomitas-de-maiz\/wp-content\/uploads\/sites\/6\/2018\/06\/lasinvasionesbarbaras-722x1024.jpg 722w\" sizes=\"auto, (max-width: 725px) 100vw, 725px\" \/><figcaption id=\"caption-attachment-1864\" class=\"wp-caption-text\">Cartel promocional de la cinta canadiense <em>Las invasiones b\u00e1rbaras<\/em> | La eutanasia de S\u00e1nchez reaviva el debate en el cine<\/figcaption><\/figure>\n<h2>Estamos al frente de d\u00edas grises en tiempos de rojos. Mal augurio<\/h2>\n<p>Es casi una visi\u00f3n id\u00edlica de acuerdo con los tiempos modernos. Pero me parece una declaraci\u00f3n demoledora.<\/p>\n<p>En cuanto al aborto, esa lacra de la que se habla con tanta ligereza, destacamos algunas pel\u00edculas que rechazan de cuajo la <strong>vida del no nacido<\/strong>:<\/p>\n<ul>\n<li><em>Colegas<\/em>\u00a0(1982) cuenta la historia de dos hermanos, Antonio y Rosario y el novio de \u00e9sta, Jos\u00e9, que deben de enfrentarse diariamente a las dificultades que les produce su extracci\u00f3n social humilde. Ninguno cuenta con empleo y las escasas oportunidades que se les presentan para lograrlo hacen que se fortalezcan los lazos que les unen.<\/li>\n<li><em>Las normas de la casa de la sidra<\/em>\u00a0(1999), cuyo drama tiene por protagonista a Homer, un ni\u00f1o hu\u00e9rfano que ha crecido en el orfanato de St. Cloud\u2019s, bajo la poco convencional y tierna tutela del Dr. Wilbur Larch. Ahora, a medida que se va haciendo un hombre, empieza a dudar de los m\u00e9todos de su tutor y desea explorar el mundo por su cuenta.<\/li>\n<li><em>El crimen del padre Amaro\u00a0<\/em>(2002) o\u00a0<em>El secreto de Vera Drake<\/em>\u00a0(2004) tambi\u00e9n se suman a esta clasificaci\u00f3n entre una larga lista.<\/li>\n<\/ul>\n<figure id=\"attachment_1865\" aria-describedby=\"caption-attachment-1865\" style=\"width: 725px\" class=\"wp-caption aligncenter\"><img loading=\"lazy\" decoding=\"async\" width=\"725\" height=\"970\" class=\"wp-image-1865 size-full\" src=\"http:\/\/www.cope.es\/blogs\/palomitas-de-maiz\/wp-content\/uploads\/sites\/6\/2018\/06\/million.jpg\" alt=\"Cartel promocional del filme americano Million dollar baby | La eutanasia de S\u00e1nchez reaviva el debate en el cine\" srcset=\"https:\/\/www.cope.es\/blogs\/palomitas-de-maiz\/wp-content\/uploads\/sites\/6\/2018\/06\/million.jpg 725w, https:\/\/www.cope.es\/blogs\/palomitas-de-maiz\/wp-content\/uploads\/sites\/6\/2018\/06\/million-224x300.jpg 224w\" sizes=\"auto, (max-width: 725px) 100vw, 725px\" \/><figcaption id=\"caption-attachment-1865\" class=\"wp-caption-text\">Cartel promocional del filme americano <em>Million dollar baby<\/em> | La eutanasia de S\u00e1nchez reaviva el debate en el cine<\/figcaption><\/figure>\n<p>Sin embargo, tambi\u00e9n hay otras producciones que no s\u00f3lo <strong>apuestan por la vida<\/strong> sino que proponen salidas muy positivas. Son los casos, por ejemplo, de\u00a0<em>Solas<\/em>\u00a0(1999),\u00a0<em>Comprom\u00e9tete (Casomai)\u00a0<\/em>(2002),\u00a0<em>Juno<\/em>\u00a0(2007) o\u00a0<em>4 meses, 3 semanas, 2 d\u00edas\u00a0<\/em>(2007).<\/p>\n<h2>Se deber\u00eda impulsar al espectador a actuar de forma constructiva y a dar siempre lo mejor de s\u00ed mismo; incentivarlo a convertirse en un \u201ch\u00e9roe\u201d<\/h2>\n<p>Por su parte, la <strong>eutanasia<\/strong> tambi\u00e9n ha mostrado en el cine su lado m\u00e1s pesimista a trav\u00e9s de pel\u00edculas tramposas como\u00a0<em>Las invasiones b\u00e1rbaras\u00a0<\/em>(2003),\u00a0<em>Million dollar baby\u00a0<\/em>(2004) o\u00a0<em>Mar adentro\u00a0<\/em>(2004), pero, por fortuna, contra ese combate pelean otros filmes para <strong>defender la vida<\/strong>:\u00a0<em>Acompa\u00f1ar a morir<\/em>\u00a0(2007),<em>\u00a0Las alas de la vida\u00a0<\/em>(2006) o\u00a0<em>La escafandra y la mariposa\u00a0<\/em>(2007).<\/p>\n<figure id=\"attachment_1866\" aria-describedby=\"caption-attachment-1866\" style=\"width: 725px\" class=\"wp-caption aligncenter\"><img loading=\"lazy\" decoding=\"async\" width=\"725\" height=\"1037\" class=\"wp-image-1866 size-full\" src=\"http:\/\/www.cope.es\/blogs\/palomitas-de-maiz\/wp-content\/uploads\/sites\/6\/2018\/06\/maradentro.jpg\" alt=\"Cartel promocional de la pel\u00edcula espa\u00f1ola Mar adentro | La eutanasia de S\u00e1nchez reaviva el debate en el cine\" srcset=\"https:\/\/www.cope.es\/blogs\/palomitas-de-maiz\/wp-content\/uploads\/sites\/6\/2018\/06\/maradentro.jpg 725w, https:\/\/www.cope.es\/blogs\/palomitas-de-maiz\/wp-content\/uploads\/sites\/6\/2018\/06\/maradentro-210x300.jpg 210w, https:\/\/www.cope.es\/blogs\/palomitas-de-maiz\/wp-content\/uploads\/sites\/6\/2018\/06\/maradentro-716x1024.jpg 716w\" sizes=\"auto, (max-width: 725px) 100vw, 725px\" \/><figcaption id=\"caption-attachment-1866\" class=\"wp-caption-text\">Cartel promocional de la pel\u00edcula espa\u00f1ola <em>Mar adentro<\/em> | La eutanasia de S\u00e1nchez reaviva el debate en el cine<\/figcaption><\/figure>\n<p>Podremos concluir que <strong>el cine<\/strong>, al igual que la televisi\u00f3n, <strong>contribuye a la construcci\u00f3n de los hombres y mujeres de nuestro tiempo<\/strong>, por lo que es fundamental que cada uno de los que forman parte de esa gran industria se hagan conscientes de que ejercen una influencia directa en el desarrollo y actitudes de nuestra sociedad, y que mientras m\u00e1s presentaciones de elementos sin sentido realicen, m\u00e1s contribuir\u00e1n a la confusi\u00f3n moral de los individuos y a su deformaci\u00f3n de la realidad.<\/p>\n<p>El desaf\u00edo entonces est\u00e1 en realizar una obra donde la responsabilidad social y los elementos esenciales del cine se complementen, es decir, dar la oportunidad y el espacio para que la persona humana sea capaz de descubrir el valor y el sentido de su existencia.<\/p>\n<p><iframe loading=\"lazy\" width=\"508\" height=\"381\" src=\"https:\/\/www.youtube.com\/embed\/RLYRha-8vas?feature=oembed\" frameborder=\"0\" allow=\"autoplay; encrypted-media\" allowfullscreen><\/iframe><\/p>\n","protected":false},"excerpt":{"rendered":"<p>\u00a1Mis queridos palomiteros! La eutanasia de S\u00e1nchez reaviva el debate en el cine. Desde el domingo pasado vivo en un sin vivir. Y ni es un juego de palabras ni Espa\u00f1a debiera sacar pecho. Y es que el pasado 24 de junio, el hombre de los 84 diputados, convertido en presidente del Gobierno, a la [&hellip;]<\/p>\n","protected":false},"author":6,"featured_media":1860,"comment_status":"open","ping_status":"open","sticky":false,"template":"","format":"standard","meta":{"footnotes":""},"categories":[1874,336,49,1875],"tags":[1454,1878,1891,1887,44,1881,1886,1880,1894,1883,1884,1888,1893,1892,1889,1882,1879,1876,1067,1890,1877,1885],"class_list":["post-1857","post","type-post","status-publish","format-standard","has-post-thumbnail","hentry","category-aborto","category-actualidad","category-cine","category-eutanasia","tag-4-meses-3-semanas-2-dias","tag-aborto","tag-acompanar-a-morir","tag-casomai","tag-cine","tag-colegas","tag-comprometete","tag-david-puttnam","tag-debate","tag-el-crimen-del-padre-amaro","tag-el-secreto-de-vera-drake","tag-juno","tag-la-escafandra-y-la-mariposa","tag-las-alas-de-la-vida","tag-las-invasiones-barbaras","tag-las-normas-de-la-casa-de-la-sidra","tag-legislatura","tag-ley-eutanasia","tag-mar-adentro","tag-million-dollar-baby","tag-pedro-sanchez","tag-solas"],"yoast_head":"<!-- This site is optimized with the Yoast SEO plugin v27.4 - https:\/\/yoast.com\/product\/yoast-seo-wordpress\/ -->\n<title>La ley de eutanasia de Pedro S\u00e1nchez reaviva el debate en el cine<\/title>\n<meta name=\"description\" content=\"La eutanasia de S\u00e1nchez reaviva el debate en el cine. Estamos al frente de d\u00edas grises en tiempos de rojos. Naturalmente, no es algo que tenga que ver con la izquierda o la derecha espa\u00f1olas, sino con la conciencia.\" \/>\n<meta name=\"robots\" content=\"index, follow, max-snippet:-1, max-image-preview:large, max-video-preview:-1\" \/>\n<link rel=\"canonical\" href=\"https:\/\/www.cope.es\/blogs\/palomitas-de-maiz\/2018\/06\/27\/la-ley-de-eutanasia-de-pedro-sanchez-reaviva-el-debate-en-el-cine-aborto\/\" \/>\n<meta property=\"og:locale\" content=\"es_ES\" \/>\n<meta property=\"og:type\" content=\"article\" \/>\n<meta property=\"og:title\" content=\"La ley de eutanasia de Pedro S\u00e1nchez reaviva el debate en el cine\" \/>\n<meta property=\"og:description\" content=\"La eutanasia de S\u00e1nchez reaviva el debate en el cine. Estamos al frente de d\u00edas grises en tiempos de rojos. Naturalmente, no es algo que tenga que ver con la izquierda o la derecha espa\u00f1olas, sino con la conciencia.\" \/>\n<meta property=\"og:url\" content=\"https:\/\/www.cope.es\/blogs\/palomitas-de-maiz\/2018\/06\/27\/la-ley-de-eutanasia-de-pedro-sanchez-reaviva-el-debate-en-el-cine-aborto\/\" \/>\n<meta property=\"og:site_name\" content=\"Palomitas de Ma\u00edz\" \/>\n<meta property=\"article:publisher\" content=\"https:\/\/www.facebook.com\/cope\/\" \/>\n<meta property=\"article:author\" content=\"https:\/\/www.facebook.com\/palomitero\/\" \/>\n<meta property=\"article:published_time\" content=\"2018-06-27T00:54:10+00:00\" \/>\n<meta property=\"article:modified_time\" content=\"2018-06-27T00:58:09+00:00\" \/>\n<meta property=\"og:image\" content=\"https:\/\/www.cope.es\/blogs\/palomitas-de-maiz\/wp-content\/uploads\/sites\/6\/2018\/06\/cartel-las-alas-de-la-vida.jpg\" \/>\n\t<meta property=\"og:image:width\" content=\"724\" \/>\n\t<meta property=\"og:image:height\" content=\"415\" \/>\n\t<meta property=\"og:image:type\" content=\"image\/jpeg\" \/>\n<meta name=\"author\" content=\"Jos\u00e9 Luis Panero\" \/>\n<meta name=\"twitter:card\" content=\"summary_large_image\" \/>\n<meta name=\"twitter:creator\" content=\"@PALOMITERO\" \/>\n<meta name=\"twitter:site\" content=\"@cope_es\" \/>\n<meta name=\"twitter:label1\" content=\"Escrito por\" \/>\n\t<meta name=\"twitter:data1\" content=\"Jos\u00e9 Luis Panero\" \/>\n\t<meta name=\"twitter:label2\" content=\"Tiempo de lectura\" \/>\n\t<meta name=\"twitter:data2\" content=\"6 minutos\" \/>\n<script type=\"application\/ld+json\" class=\"yoast-schema-graph\">{\"@context\":\"https:\\\/\\\/schema.org\",\"@graph\":[{\"@type\":\"Article\",\"@id\":\"https:\\\/\\\/www.cope.es\\\/blogs\\\/palomitas-de-maiz\\\/2018\\\/06\\\/27\\\/la-ley-de-eutanasia-de-pedro-sanchez-reaviva-el-debate-en-el-cine-aborto\\\/#article\",\"isPartOf\":{\"@id\":\"https:\\\/\\\/www.cope.es\\\/blogs\\\/palomitas-de-maiz\\\/2018\\\/06\\\/27\\\/la-ley-de-eutanasia-de-pedro-sanchez-reaviva-el-debate-en-el-cine-aborto\\\/\"},\"author\":{\"name\":\"Jos\u00e9 Luis Panero\",\"@id\":\"https:\\\/\\\/www.cope.es\\\/blogs\\\/palomitas-de-maiz\\\/#\\\/schema\\\/person\\\/9fb256f63733c964d19b06de1ca3c9ef\"},\"headline\":\"Y ser\u00e9is como dioses. La ley de eutanasia de Pedro S\u00e1nchez reaviva el debate en el cine\",\"datePublished\":\"2018-06-27T00:54:10+00:00\",\"dateModified\":\"2018-06-27T00:58:09+00:00\",\"mainEntityOfPage\":{\"@id\":\"https:\\\/\\\/www.cope.es\\\/blogs\\\/palomitas-de-maiz\\\/2018\\\/06\\\/27\\\/la-ley-de-eutanasia-de-pedro-sanchez-reaviva-el-debate-en-el-cine-aborto\\\/\"},\"wordCount\":1176,\"commentCount\":0,\"image\":{\"@id\":\"https:\\\/\\\/www.cope.es\\\/blogs\\\/palomitas-de-maiz\\\/2018\\\/06\\\/27\\\/la-ley-de-eutanasia-de-pedro-sanchez-reaviva-el-debate-en-el-cine-aborto\\\/#primaryimage\"},\"thumbnailUrl\":\"https:\\\/\\\/www.cope.es\\\/blogs\\\/palomitas-de-maiz\\\/wp-content\\\/uploads\\\/sites\\\/6\\\/2018\\\/06\\\/cartel-las-alas-de-la-vida.jpg\",\"keywords\":[\"4 meses 3 semanas 2 d\u00edas\",\"aborto\",\"Acompa\u00f1ar a morir\",\"casomai\",\"cine\",\"Colegas\",\"comprometete\",\"david puttnam\",\"debate\",\"El crimen del padre Amaro\",\"El secreto de Vera Drake\",\"juno\",\"La escafandra y la mariposa\",\"Las alas de la vida\",\"Las invasiones b\u00e1rbaras\",\"Las normas de la casa de la sidra\",\"legislatura\",\"ley eutanasia\",\"mar adentro\",\"Million dollar baby\",\"pedro s\u00e1nchez\",\"solas\"],\"articleSection\":[\"aborto\",\"actualidad\",\"Cine\",\"eutanasia\"],\"inLanguage\":\"es\",\"potentialAction\":[{\"@type\":\"CommentAction\",\"name\":\"Comment\",\"target\":[\"https:\\\/\\\/www.cope.es\\\/blogs\\\/palomitas-de-maiz\\\/2018\\\/06\\\/27\\\/la-ley-de-eutanasia-de-pedro-sanchez-reaviva-el-debate-en-el-cine-aborto\\\/#respond\"]}]},{\"@type\":\"WebPage\",\"@id\":\"https:\\\/\\\/www.cope.es\\\/blogs\\\/palomitas-de-maiz\\\/2018\\\/06\\\/27\\\/la-ley-de-eutanasia-de-pedro-sanchez-reaviva-el-debate-en-el-cine-aborto\\\/\",\"url\":\"https:\\\/\\\/www.cope.es\\\/blogs\\\/palomitas-de-maiz\\\/2018\\\/06\\\/27\\\/la-ley-de-eutanasia-de-pedro-sanchez-reaviva-el-debate-en-el-cine-aborto\\\/\",\"name\":\"La ley de eutanasia de Pedro S\u00e1nchez reaviva el debate en el cine\",\"isPartOf\":{\"@id\":\"https:\\\/\\\/www.cope.es\\\/blogs\\\/palomitas-de-maiz\\\/#website\"},\"primaryImageOfPage\":{\"@id\":\"https:\\\/\\\/www.cope.es\\\/blogs\\\/palomitas-de-maiz\\\/2018\\\/06\\\/27\\\/la-ley-de-eutanasia-de-pedro-sanchez-reaviva-el-debate-en-el-cine-aborto\\\/#primaryimage\"},\"image\":{\"@id\":\"https:\\\/\\\/www.cope.es\\\/blogs\\\/palomitas-de-maiz\\\/2018\\\/06\\\/27\\\/la-ley-de-eutanasia-de-pedro-sanchez-reaviva-el-debate-en-el-cine-aborto\\\/#primaryimage\"},\"thumbnailUrl\":\"https:\\\/\\\/www.cope.es\\\/blogs\\\/palomitas-de-maiz\\\/wp-content\\\/uploads\\\/sites\\\/6\\\/2018\\\/06\\\/cartel-las-alas-de-la-vida.jpg\",\"datePublished\":\"2018-06-27T00:54:10+00:00\",\"dateModified\":\"2018-06-27T00:58:09+00:00\",\"author\":{\"@id\":\"https:\\\/\\\/www.cope.es\\\/blogs\\\/palomitas-de-maiz\\\/#\\\/schema\\\/person\\\/9fb256f63733c964d19b06de1ca3c9ef\"},\"description\":\"La eutanasia de S\u00e1nchez reaviva el debate en el cine. Estamos al frente de d\u00edas grises en tiempos de rojos. Naturalmente, no es algo que tenga que ver con la izquierda o la derecha espa\u00f1olas, sino con la conciencia.\",\"breadcrumb\":{\"@id\":\"https:\\\/\\\/www.cope.es\\\/blogs\\\/palomitas-de-maiz\\\/2018\\\/06\\\/27\\\/la-ley-de-eutanasia-de-pedro-sanchez-reaviva-el-debate-en-el-cine-aborto\\\/#breadcrumb\"},\"inLanguage\":\"es\",\"potentialAction\":[{\"@type\":\"ReadAction\",\"target\":[\"https:\\\/\\\/www.cope.es\\\/blogs\\\/palomitas-de-maiz\\\/2018\\\/06\\\/27\\\/la-ley-de-eutanasia-de-pedro-sanchez-reaviva-el-debate-en-el-cine-aborto\\\/\"]}]},{\"@type\":\"ImageObject\",\"inLanguage\":\"es\",\"@id\":\"https:\\\/\\\/www.cope.es\\\/blogs\\\/palomitas-de-maiz\\\/2018\\\/06\\\/27\\\/la-ley-de-eutanasia-de-pedro-sanchez-reaviva-el-debate-en-el-cine-aborto\\\/#primaryimage\",\"url\":\"https:\\\/\\\/www.cope.es\\\/blogs\\\/palomitas-de-maiz\\\/wp-content\\\/uploads\\\/sites\\\/6\\\/2018\\\/06\\\/cartel-las-alas-de-la-vida.jpg\",\"contentUrl\":\"https:\\\/\\\/www.cope.es\\\/blogs\\\/palomitas-de-maiz\\\/wp-content\\\/uploads\\\/sites\\\/6\\\/2018\\\/06\\\/cartel-las-alas-de-la-vida.jpg\",\"width\":724,\"height\":415,\"caption\":\"http:\\\/\\\/www.cope.es\\\/blogs\\\/palomitas-de-maiz\\\/2018\\\/06\\\/27\\\/la-ley-de-eutanasia-de-pedro-sanchez-reaviva-el-debate-en-el-cine-aborto\\\/\"},{\"@type\":\"BreadcrumbList\",\"@id\":\"https:\\\/\\\/www.cope.es\\\/blogs\\\/palomitas-de-maiz\\\/2018\\\/06\\\/27\\\/la-ley-de-eutanasia-de-pedro-sanchez-reaviva-el-debate-en-el-cine-aborto\\\/#breadcrumb\",\"itemListElement\":[{\"@type\":\"ListItem\",\"position\":1,\"name\":\"Portada\",\"item\":\"https:\\\/\\\/www.cope.es\\\/blogs\\\/palomitas-de-maiz\\\/\"},{\"@type\":\"ListItem\",\"position\":2,\"name\":\"Y ser\u00e9is como dioses. La ley de eutanasia de Pedro S\u00e1nchez reaviva el debate en el cine\"}]},{\"@type\":\"WebSite\",\"@id\":\"https:\\\/\\\/www.cope.es\\\/blogs\\\/palomitas-de-maiz\\\/#website\",\"url\":\"https:\\\/\\\/www.cope.es\\\/blogs\\\/palomitas-de-maiz\\\/\",\"name\":\"Palomitas de Ma\u00edz\",\"description\":\"Blog decano de cine de COPE\",\"potentialAction\":[{\"@type\":\"SearchAction\",\"target\":{\"@type\":\"EntryPoint\",\"urlTemplate\":\"https:\\\/\\\/www.cope.es\\\/blogs\\\/palomitas-de-maiz\\\/?s={search_term_string}\"},\"query-input\":{\"@type\":\"PropertyValueSpecification\",\"valueRequired\":true,\"valueName\":\"search_term_string\"}}],\"inLanguage\":\"es\"},{\"@type\":\"Person\",\"@id\":\"https:\\\/\\\/www.cope.es\\\/blogs\\\/palomitas-de-maiz\\\/#\\\/schema\\\/person\\\/9fb256f63733c964d19b06de1ca3c9ef\",\"name\":\"Jos\u00e9 Luis Panero\",\"image\":{\"@type\":\"ImageObject\",\"inLanguage\":\"es\",\"@id\":\"https:\\\/\\\/secure.gravatar.com\\\/avatar\\\/2ef93951eab3cee25932a7219e566376cbf6ddedde3aa3098e7a971991a3ef12?s=96&d=mm&r=g\",\"url\":\"https:\\\/\\\/secure.gravatar.com\\\/avatar\\\/2ef93951eab3cee25932a7219e566376cbf6ddedde3aa3098e7a971991a3ef12?s=96&d=mm&r=g\",\"contentUrl\":\"https:\\\/\\\/secure.gravatar.com\\\/avatar\\\/2ef93951eab3cee25932a7219e566376cbf6ddedde3aa3098e7a971991a3ef12?s=96&d=mm&r=g\",\"caption\":\"Jos\u00e9 Luis Panero\"},\"description\":\"Licenciado en Periodismo y en Comunicaci\u00f3n Audiovisual. Tras m\u00e1s de cuatro a\u00f1os en el diario 'La Gaceta de Los Negocios' y el programa f\u00edlmico 'Pantalla Grande', es cr\u00edtico de cine en 'Ciudad Nueva', 'Pantalla 90', 'COPE' o 'Aleteia' y cr\u00edtico de teatro en 'Hoy en la city'. Ha sido coguionista y ayudante de direcci\u00f3n de cine, ponente en los coloquios de cine del foro FNAC y profesor universitario en diferentes cursos de Periodismo Social. Desde 2003 es miembro del C\u00edrculo de Escritores Cinematogr\u00e1ficos (CEC). En 2008 fund\u00f3 en 'COPE' su blog de cine 'Palomitas de Ma\u00edz'. En 2017 fue nombrado Jurado Oficial del Festival Internacional de Cine de Fuengirola (M\u00e1laga) y ese a\u00f1o la instituci\u00f3n educativa Trinity College-Liceo Serrano le distingui\u00f3 con el nombramiento de 'Profesor de Honor' del centro y miembro ilustre del claustro de profesores. En 2019 fue nombrado Jurado Oficial del Festival Internacional de Cine de Vera (Almer\u00eda). En 2020 fue nombrado Jurado Oficial del Festival Internacional de Cine de Terror de La Mar Bella (Marbella). Como int\u00e9rprete ha sido galardonado con el Premio al Actor Principal del I Festival Nacional UNIR de teatro. Desde 2020 es acad\u00e9mico de las Artes Esc\u00e9nicas de Espa\u00f1a. En 2023 fue nombrado Jurado Oficial de los 'Premios Tal\u00eda' en su I Edici\u00f3n. Y miembro de ASHUMES (Asociaci\u00f3n del Humorismo Espa\u00f1ol) a partir de 2022. En 2023 fue nombrado Jurado Oficial de la II Edici\u00f3n de los 'Premios Godot'.\",\"sameAs\":[\"http:\\\/\\\/www.cope.es\",\"https:\\\/\\\/www.facebook.com\\\/palomitero\\\/\",\"https:\\\/\\\/www.instagram.com\\\/joseluispanero\\\/\",\"https:\\\/\\\/www.linkedin.com\\\/in\\\/jos-luis-panero-gonzlez-barosa-7722a716\\\/\",\"https:\\\/\\\/x.com\\\/PALOMITERO\",\"https:\\\/\\\/www.youtube.com\\\/channel\\\/UCQYaNGiETUXUPXjYu9p3lNw\\\/videos?\",\"https:\\\/\\\/es.wikipedia.org\\\/wiki\\\/Jos_Luis_Panero_Gonzlez-Barosa\"],\"url\":\"https:\\\/\\\/www.cope.es\\\/blogs\\\/palomitas-de-maiz\\\/author\\\/jlpanero\\\/\"}]}<\/script>\n<!-- \/ Yoast SEO plugin. -->","yoast_head_json":{"title":"La ley de eutanasia de Pedro S\u00e1nchez reaviva el debate en el cine","description":"La eutanasia de S\u00e1nchez reaviva el debate en el cine. Estamos al frente de d\u00edas grises en tiempos de rojos. Naturalmente, no es algo que tenga que ver con la izquierda o la derecha espa\u00f1olas, sino con la conciencia.","robots":{"index":"index","follow":"follow","max-snippet":"max-snippet:-1","max-image-preview":"max-image-preview:large","max-video-preview":"max-video-preview:-1"},"canonical":"https:\/\/www.cope.es\/blogs\/palomitas-de-maiz\/2018\/06\/27\/la-ley-de-eutanasia-de-pedro-sanchez-reaviva-el-debate-en-el-cine-aborto\/","og_locale":"es_ES","og_type":"article","og_title":"La ley de eutanasia de Pedro S\u00e1nchez reaviva el debate en el cine","og_description":"La eutanasia de S\u00e1nchez reaviva el debate en el cine. Estamos al frente de d\u00edas grises en tiempos de rojos. Naturalmente, no es algo que tenga que ver con la izquierda o la derecha espa\u00f1olas, sino con la conciencia.","og_url":"https:\/\/www.cope.es\/blogs\/palomitas-de-maiz\/2018\/06\/27\/la-ley-de-eutanasia-de-pedro-sanchez-reaviva-el-debate-en-el-cine-aborto\/","og_site_name":"Palomitas de Ma\u00edz","article_publisher":"https:\/\/www.facebook.com\/cope\/","article_author":"https:\/\/www.facebook.com\/palomitero\/","article_published_time":"2018-06-27T00:54:10+00:00","article_modified_time":"2018-06-27T00:58:09+00:00","og_image":[{"width":724,"height":415,"url":"https:\/\/www.cope.es\/blogs\/palomitas-de-maiz\/wp-content\/uploads\/sites\/6\/2018\/06\/cartel-las-alas-de-la-vida.jpg","type":"image\/jpeg"}],"author":"Jos\u00e9 Luis Panero","twitter_card":"summary_large_image","twitter_creator":"@PALOMITERO","twitter_site":"@cope_es","twitter_misc":{"Escrito por":"Jos\u00e9 Luis Panero","Tiempo de lectura":"6 minutos"},"schema":{"@context":"https:\/\/schema.org","@graph":[{"@type":"Article","@id":"https:\/\/www.cope.es\/blogs\/palomitas-de-maiz\/2018\/06\/27\/la-ley-de-eutanasia-de-pedro-sanchez-reaviva-el-debate-en-el-cine-aborto\/#article","isPartOf":{"@id":"https:\/\/www.cope.es\/blogs\/palomitas-de-maiz\/2018\/06\/27\/la-ley-de-eutanasia-de-pedro-sanchez-reaviva-el-debate-en-el-cine-aborto\/"},"author":{"name":"Jos\u00e9 Luis Panero","@id":"https:\/\/www.cope.es\/blogs\/palomitas-de-maiz\/#\/schema\/person\/9fb256f63733c964d19b06de1ca3c9ef"},"headline":"Y ser\u00e9is como dioses. La ley de eutanasia de Pedro S\u00e1nchez reaviva el debate en el cine","datePublished":"2018-06-27T00:54:10+00:00","dateModified":"2018-06-27T00:58:09+00:00","mainEntityOfPage":{"@id":"https:\/\/www.cope.es\/blogs\/palomitas-de-maiz\/2018\/06\/27\/la-ley-de-eutanasia-de-pedro-sanchez-reaviva-el-debate-en-el-cine-aborto\/"},"wordCount":1176,"commentCount":0,"image":{"@id":"https:\/\/www.cope.es\/blogs\/palomitas-de-maiz\/2018\/06\/27\/la-ley-de-eutanasia-de-pedro-sanchez-reaviva-el-debate-en-el-cine-aborto\/#primaryimage"},"thumbnailUrl":"https:\/\/www.cope.es\/blogs\/palomitas-de-maiz\/wp-content\/uploads\/sites\/6\/2018\/06\/cartel-las-alas-de-la-vida.jpg","keywords":["4 meses 3 semanas 2 d\u00edas","aborto","Acompa\u00f1ar a morir","casomai","cine","Colegas","comprometete","david puttnam","debate","El crimen del padre Amaro","El secreto de Vera Drake","juno","La escafandra y la mariposa","Las alas de la vida","Las invasiones b\u00e1rbaras","Las normas de la casa de la sidra","legislatura","ley eutanasia","mar adentro","Million dollar baby","pedro s\u00e1nchez","solas"],"articleSection":["aborto","actualidad","Cine","eutanasia"],"inLanguage":"es","potentialAction":[{"@type":"CommentAction","name":"Comment","target":["https:\/\/www.cope.es\/blogs\/palomitas-de-maiz\/2018\/06\/27\/la-ley-de-eutanasia-de-pedro-sanchez-reaviva-el-debate-en-el-cine-aborto\/#respond"]}]},{"@type":"WebPage","@id":"https:\/\/www.cope.es\/blogs\/palomitas-de-maiz\/2018\/06\/27\/la-ley-de-eutanasia-de-pedro-sanchez-reaviva-el-debate-en-el-cine-aborto\/","url":"https:\/\/www.cope.es\/blogs\/palomitas-de-maiz\/2018\/06\/27\/la-ley-de-eutanasia-de-pedro-sanchez-reaviva-el-debate-en-el-cine-aborto\/","name":"La ley de eutanasia de Pedro S\u00e1nchez reaviva el debate en el cine","isPartOf":{"@id":"https:\/\/www.cope.es\/blogs\/palomitas-de-maiz\/#website"},"primaryImageOfPage":{"@id":"https:\/\/www.cope.es\/blogs\/palomitas-de-maiz\/2018\/06\/27\/la-ley-de-eutanasia-de-pedro-sanchez-reaviva-el-debate-en-el-cine-aborto\/#primaryimage"},"image":{"@id":"https:\/\/www.cope.es\/blogs\/palomitas-de-maiz\/2018\/06\/27\/la-ley-de-eutanasia-de-pedro-sanchez-reaviva-el-debate-en-el-cine-aborto\/#primaryimage"},"thumbnailUrl":"https:\/\/www.cope.es\/blogs\/palomitas-de-maiz\/wp-content\/uploads\/sites\/6\/2018\/06\/cartel-las-alas-de-la-vida.jpg","datePublished":"2018-06-27T00:54:10+00:00","dateModified":"2018-06-27T00:58:09+00:00","author":{"@id":"https:\/\/www.cope.es\/blogs\/palomitas-de-maiz\/#\/schema\/person\/9fb256f63733c964d19b06de1ca3c9ef"},"description":"La eutanasia de S\u00e1nchez reaviva el debate en el cine. Estamos al frente de d\u00edas grises en tiempos de rojos. Naturalmente, no es algo que tenga que ver con la izquierda o la derecha espa\u00f1olas, sino con la conciencia.","breadcrumb":{"@id":"https:\/\/www.cope.es\/blogs\/palomitas-de-maiz\/2018\/06\/27\/la-ley-de-eutanasia-de-pedro-sanchez-reaviva-el-debate-en-el-cine-aborto\/#breadcrumb"},"inLanguage":"es","potentialAction":[{"@type":"ReadAction","target":["https:\/\/www.cope.es\/blogs\/palomitas-de-maiz\/2018\/06\/27\/la-ley-de-eutanasia-de-pedro-sanchez-reaviva-el-debate-en-el-cine-aborto\/"]}]},{"@type":"ImageObject","inLanguage":"es","@id":"https:\/\/www.cope.es\/blogs\/palomitas-de-maiz\/2018\/06\/27\/la-ley-de-eutanasia-de-pedro-sanchez-reaviva-el-debate-en-el-cine-aborto\/#primaryimage","url":"https:\/\/www.cope.es\/blogs\/palomitas-de-maiz\/wp-content\/uploads\/sites\/6\/2018\/06\/cartel-las-alas-de-la-vida.jpg","contentUrl":"https:\/\/www.cope.es\/blogs\/palomitas-de-maiz\/wp-content\/uploads\/sites\/6\/2018\/06\/cartel-las-alas-de-la-vida.jpg","width":724,"height":415,"caption":"http:\/\/www.cope.es\/blogs\/palomitas-de-maiz\/2018\/06\/27\/la-ley-de-eutanasia-de-pedro-sanchez-reaviva-el-debate-en-el-cine-aborto\/"},{"@type":"BreadcrumbList","@id":"https:\/\/www.cope.es\/blogs\/palomitas-de-maiz\/2018\/06\/27\/la-ley-de-eutanasia-de-pedro-sanchez-reaviva-el-debate-en-el-cine-aborto\/#breadcrumb","itemListElement":[{"@type":"ListItem","position":1,"name":"Portada","item":"https:\/\/www.cope.es\/blogs\/palomitas-de-maiz\/"},{"@type":"ListItem","position":2,"name":"Y ser\u00e9is como dioses. La ley de eutanasia de Pedro S\u00e1nchez reaviva el debate en el cine"}]},{"@type":"WebSite","@id":"https:\/\/www.cope.es\/blogs\/palomitas-de-maiz\/#website","url":"https:\/\/www.cope.es\/blogs\/palomitas-de-maiz\/","name":"Palomitas de Ma\u00edz","description":"Blog decano de cine de COPE","potentialAction":[{"@type":"SearchAction","target":{"@type":"EntryPoint","urlTemplate":"https:\/\/www.cope.es\/blogs\/palomitas-de-maiz\/?s={search_term_string}"},"query-input":{"@type":"PropertyValueSpecification","valueRequired":true,"valueName":"search_term_string"}}],"inLanguage":"es"},{"@type":"Person","@id":"https:\/\/www.cope.es\/blogs\/palomitas-de-maiz\/#\/schema\/person\/9fb256f63733c964d19b06de1ca3c9ef","name":"Jos\u00e9 Luis Panero","image":{"@type":"ImageObject","inLanguage":"es","@id":"https:\/\/secure.gravatar.com\/avatar\/2ef93951eab3cee25932a7219e566376cbf6ddedde3aa3098e7a971991a3ef12?s=96&d=mm&r=g","url":"https:\/\/secure.gravatar.com\/avatar\/2ef93951eab3cee25932a7219e566376cbf6ddedde3aa3098e7a971991a3ef12?s=96&d=mm&r=g","contentUrl":"https:\/\/secure.gravatar.com\/avatar\/2ef93951eab3cee25932a7219e566376cbf6ddedde3aa3098e7a971991a3ef12?s=96&d=mm&r=g","caption":"Jos\u00e9 Luis Panero"},"description":"Licenciado en Periodismo y en Comunicaci\u00f3n Audiovisual. Tras m\u00e1s de cuatro a\u00f1os en el diario 'La Gaceta de Los Negocios' y el programa f\u00edlmico 'Pantalla Grande', es cr\u00edtico de cine en 'Ciudad Nueva', 'Pantalla 90', 'COPE' o 'Aleteia' y cr\u00edtico de teatro en 'Hoy en la city'. Ha sido coguionista y ayudante de direcci\u00f3n de cine, ponente en los coloquios de cine del foro FNAC y profesor universitario en diferentes cursos de Periodismo Social. Desde 2003 es miembro del C\u00edrculo de Escritores Cinematogr\u00e1ficos (CEC). En 2008 fund\u00f3 en 'COPE' su blog de cine 'Palomitas de Ma\u00edz'. En 2017 fue nombrado Jurado Oficial del Festival Internacional de Cine de Fuengirola (M\u00e1laga) y ese a\u00f1o la instituci\u00f3n educativa Trinity College-Liceo Serrano le distingui\u00f3 con el nombramiento de 'Profesor de Honor' del centro y miembro ilustre del claustro de profesores. En 2019 fue nombrado Jurado Oficial del Festival Internacional de Cine de Vera (Almer\u00eda). En 2020 fue nombrado Jurado Oficial del Festival Internacional de Cine de Terror de La Mar Bella (Marbella). Como int\u00e9rprete ha sido galardonado con el Premio al Actor Principal del I Festival Nacional UNIR de teatro. Desde 2020 es acad\u00e9mico de las Artes Esc\u00e9nicas de Espa\u00f1a. En 2023 fue nombrado Jurado Oficial de los 'Premios Tal\u00eda' en su I Edici\u00f3n. Y miembro de ASHUMES (Asociaci\u00f3n del Humorismo Espa\u00f1ol) a partir de 2022. En 2023 fue nombrado Jurado Oficial de la II Edici\u00f3n de los 'Premios Godot'.","sameAs":["http:\/\/www.cope.es","https:\/\/www.facebook.com\/palomitero\/","https:\/\/www.instagram.com\/joseluispanero\/","https:\/\/www.linkedin.com\/in\/jos-luis-panero-gonzlez-barosa-7722a716\/","https:\/\/x.com\/PALOMITERO","https:\/\/www.youtube.com\/channel\/UCQYaNGiETUXUPXjYu9p3lNw\/videos?","https:\/\/es.wikipedia.org\/wiki\/Jos_Luis_Panero_Gonzlez-Barosa"],"url":"https:\/\/www.cope.es\/blogs\/palomitas-de-maiz\/author\/jlpanero\/"}]}},"amp_enabled":true,"_links":{"self":[{"href":"https:\/\/www.cope.es\/blogs\/palomitas-de-maiz\/wp-json\/wp\/v2\/posts\/1857","targetHints":{"allow":["GET"]}}],"collection":[{"href":"https:\/\/www.cope.es\/blogs\/palomitas-de-maiz\/wp-json\/wp\/v2\/posts"}],"about":[{"href":"https:\/\/www.cope.es\/blogs\/palomitas-de-maiz\/wp-json\/wp\/v2\/types\/post"}],"author":[{"embeddable":true,"href":"https:\/\/www.cope.es\/blogs\/palomitas-de-maiz\/wp-json\/wp\/v2\/users\/6"}],"replies":[{"embeddable":true,"href":"https:\/\/www.cope.es\/blogs\/palomitas-de-maiz\/wp-json\/wp\/v2\/comments?post=1857"}],"version-history":[{"count":2,"href":"https:\/\/www.cope.es\/blogs\/palomitas-de-maiz\/wp-json\/wp\/v2\/posts\/1857\/revisions"}],"predecessor-version":[{"id":1873,"href":"https:\/\/www.cope.es\/blogs\/palomitas-de-maiz\/wp-json\/wp\/v2\/posts\/1857\/revisions\/1873"}],"wp:featuredmedia":[{"embeddable":true,"href":"https:\/\/www.cope.es\/blogs\/palomitas-de-maiz\/wp-json\/wp\/v2\/media\/1860"}],"wp:attachment":[{"href":"https:\/\/www.cope.es\/blogs\/palomitas-de-maiz\/wp-json\/wp\/v2\/media?parent=1857"}],"wp:term":[{"taxonomy":"category","embeddable":true,"href":"https:\/\/www.cope.es\/blogs\/palomitas-de-maiz\/wp-json\/wp\/v2\/categories?post=1857"},{"taxonomy":"post_tag","embeddable":true,"href":"https:\/\/www.cope.es\/blogs\/palomitas-de-maiz\/wp-json\/wp\/v2\/tags?post=1857"}],"curies":[{"name":"wp","href":"https:\/\/api.w.org\/{rel}","templated":true}]}}