{"id":1761,"date":"2018-06-16T00:51:57","date_gmt":"2018-06-15T22:51:57","guid":{"rendered":"http:\/\/www.cope.es\/blogs\/palomitas-de-maiz\/?p=1761"},"modified":"2018-06-16T00:53:53","modified_gmt":"2018-06-15T22:53:53","slug":"benavente-sede-del-museo-del-comic-mas-grande-de-europa","status":"publish","type":"post","link":"https:\/\/www.cope.es\/blogs\/palomitas-de-maiz\/2018\/06\/16\/benavente-sede-del-museo-del-comic-mas-grande-de-europa\/","title":{"rendered":"Benavente aspira a convertirse en sede del Museo del C\u00f3mic m\u00e1s grande de Europa"},"content":{"rendered":"<p>\u00a1Mis queridos palomiteros!\u00a0Benavente, sede del Museo del C\u00f3mic m\u00e1s grande de Europa. La localidad castellanoleonesa\u00a0&#8211;<a href=\"http:\/\/www.imagenesantiguas.es\/index.php?page=shop.browse&amp;category_id=849&amp;vmcchk=1&amp;option=com_virtuemart&amp;Itemid=1\">convertida en ciudad gracias al trabajo de don <strong>Serapio Gonz\u00e1lez Mato<\/strong>, notario de Madrid<\/a>&#8211; ya tiene un objetivo m\u00e1s en su haber -matadores de toros incluidos, como es el caso de don <strong>Jos\u00e9 Mar\u00eda For\u00e9s<\/strong>-, y no es cambiar la bifurcaci\u00f3n que te lleva o a Galicia o a Le\u00f3n, sino tener un\u00a0<strong>Museo del C\u00f3mic<\/strong>. Pero no uno cualquiera, sino el primer y \u00fanico museo del c\u00f3mic en Espa\u00f1a y el m\u00e1s grande de toda Europa. Si las cosas se hacen que sean para hacerlas bien desde el principio.<\/p>\n<h2>Benavente, sede del Museo del C\u00f3mic m\u00e1s grande de Europa: \u00bfalguien lo imagin\u00f3 alguna vez?<\/h2>\n<figure id=\"attachment_1765\" aria-describedby=\"caption-attachment-1765\" style=\"width: 725px\" class=\"wp-caption aligncenter\"><img loading=\"lazy\" decoding=\"async\" width=\"725\" height=\"435\" class=\"wp-image-1765 size-full\" src=\"http:\/\/www.cope.es\/blogs\/palomitas-de-maiz\/wp-content\/uploads\/sites\/6\/2018\/06\/comicbenaventea-1.jpg\" alt=\"\u00bfQui\u00e9nes son los superh\u00e9roes? | Benavente, sede del Museo del C\u00f3mic m\u00e1s grande de Europa\" srcset=\"https:\/\/www.cope.es\/blogs\/palomitas-de-maiz\/wp-content\/uploads\/sites\/6\/2018\/06\/comicbenaventea-1.jpg 725w, https:\/\/www.cope.es\/blogs\/palomitas-de-maiz\/wp-content\/uploads\/sites\/6\/2018\/06\/comicbenaventea-1-300x180.jpg 300w\" sizes=\"auto, (max-width: 725px) 100vw, 725px\" \/><figcaption id=\"caption-attachment-1765\" class=\"wp-caption-text\">\u00bfQui\u00e9nes son los<strong> superh\u00e9roes<\/strong>? | Benavente, sede del Museo del C\u00f3mic m\u00e1s grande de Europa<\/figcaption><\/figure>\n<p>Para eso se ha puesto en marcha una campa\u00f1a de recogida de fondos a trav\u00e9s de <strong>crowdfunding<\/strong>, en la que puedes financiar la creaci\u00f3n de este ambicioso proyecto recibiendo diferentes tipos de recompensas: desde camisetas a botellas de vino, vajilla, bustos de <a href=\"http:\/\/www.cope.es\/blogs\/palomitas-de-maiz\/2018\/05\/17\/vengadores-infinity-war-numero-1-en-taquilla-en-espana\/\">superh\u00e9roes patrios<\/a>, maletas personalizadas o figuras tematizadas a tama\u00f1o real de algunos de los personajes de c\u00f3mic m\u00e1s ic\u00f3nicos.<\/p>\n<p>Para alcanzar el objetivo se han de recaudar<strong> 400.000 \u20ac<\/strong>, una tarea nada sencilla pero no imposible.<\/p>\n<h2>Ya era hora de que alguien buscase el modo de dar salida a una demanda tan popular como necesaria para el bien cultural de todos los espa\u00f1oles<\/h2>\n<p>Como detallan los impulsores, <a href=\"https:\/\/museodelcomicdebenavente.wordpress.com\/recompensas-financiacion\/\">tanto en la web<\/a> como <a href=\"https:\/\/www.gofundme.com\/museo-del-comic-de-benavente\">en el espacio creado para aportar dinero<\/a>, las instalaciones dar\u00e1n cabida a espacios para Talleres de lectura y dibujo, zonas de firmas y presentaciones de libros de autores e ilustradores de \u00e1mbito nacional e internacional, una tienda de merchandising y souvenirs, un restaurante tem\u00e1tico y, evidentemente, una gran librer\u00eda donde poder adquirir las \u00faltimas novedades del universo comiquero.<\/p>\n<figure id=\"attachment_1767\" aria-describedby=\"caption-attachment-1767\" style=\"width: 725px\" class=\"wp-caption aligncenter\"><img loading=\"lazy\" decoding=\"async\" width=\"725\" height=\"447\" class=\"wp-image-1767 size-full\" src=\"http:\/\/www.cope.es\/blogs\/palomitas-de-maiz\/wp-content\/uploads\/sites\/6\/2018\/06\/guerrerodelantifaz.jpg\" alt=\"Vi\u00f1eta de Furia de los Titanes | Benavente, sede del Museo del C\u00f3mic m\u00e1s grande de Europa\" srcset=\"https:\/\/www.cope.es\/blogs\/palomitas-de-maiz\/wp-content\/uploads\/sites\/6\/2018\/06\/guerrerodelantifaz.jpg 725w, https:\/\/www.cope.es\/blogs\/palomitas-de-maiz\/wp-content\/uploads\/sites\/6\/2018\/06\/guerrerodelantifaz-300x185.jpg 300w, https:\/\/www.cope.es\/blogs\/palomitas-de-maiz\/wp-content\/uploads\/sites\/6\/2018\/06\/guerrerodelantifaz-450x277.jpg 450w\" sizes=\"auto, (max-width: 725px) 100vw, 725px\" \/><figcaption id=\"caption-attachment-1767\" class=\"wp-caption-text\">Vi\u00f1eta de <em>Furia de los Titanes<\/em> | Benavente, sede del Museo del C\u00f3mic m\u00e1s grande de Europa<\/figcaption><\/figure>\n<p>\u00bf<a href=\"http:\/\/www.cope.es\/blogs\/palomitas-de-maiz\/2018\/01\/28\/la-nueva-mision-los-superheroes-salvar-al-cine\/\">No hab\u00edamos quedado en que los superh\u00e9roes salvar\u00edan al cine<\/a>? \u00bfCre\u00e9is que existe alg\u00fan benaventano que no haya conseguido lo que se ha propuesto? Yo no. S\u00f3lo hay que echarle bemoles. Como ellos.<\/p>\n<p><iframe loading=\"lazy\" width=\"675\" height=\"380\" src=\"https:\/\/www.youtube.com\/embed\/hjmZ7U7KU-o?feature=oembed\" frameborder=\"0\" allow=\"autoplay; encrypted-media\" allowfullscreen><\/iframe><\/p>\n","protected":false},"excerpt":{"rendered":"<p>\u00a1Mis queridos palomiteros!\u00a0Benavente, sede del Museo del C\u00f3mic m\u00e1s grande de Europa. La localidad castellanoleonesa\u00a0&#8211;convertida en ciudad gracias al trabajo de don Serapio Gonz\u00e1lez Mato, notario de Madrid&#8211; ya tiene un objetivo m\u00e1s en su haber -matadores de toros incluidos, como es el caso de don Jos\u00e9 Mar\u00eda For\u00e9s-, y no es cambiar la bifurcaci\u00f3n [&hellip;]<\/p>\n","protected":false},"author":6,"featured_media":1763,"comment_status":"open","ping_status":"open","sticky":false,"template":"","format":"standard","meta":{"footnotes":""},"categories":[336,49,1804,56],"tags":[1805,58,1810,886,1809,1807,1808,1806,57],"class_list":["post-1761","post","type-post","status-publish","format-standard","has-post-thumbnail","hentry","category-actualidad","category-cine","category-comic","category-superheroes","tag-benavente","tag-comic","tag-crowdfunding","tag-espana","tag-europa","tag-jose-maria-fores","tag-museo-del-comic","tag-serapio-gonzalez-mato","tag-superheroes"],"yoast_head":"<!-- This site is optimized with the Yoast SEO plugin v27.4 - https:\/\/yoast.com\/product\/yoast-seo-wordpress\/ -->\n<title>Benavente, sede del Museo del C\u00f3mic m\u00e1s grande de Europa<\/title>\n<meta name=\"description\" content=\"Benavente, sede del Museo del C\u00f3mic m\u00e1s grande de Europa. La localidad castellanoleonesa\u00a0-convertida en ciudad gracias al trabajo de don Serapio Gonz\u00e1lez Mato, notario de Madrid- ya tiene un objetivo m\u00e1s en su haber y no es cambiar la bifurcaci\u00f3n que te lleva o a Galicia o a Le\u00f3n, sino tener un\u00a0Museo del C\u00f3mic.\" \/>\n<meta name=\"robots\" content=\"index, follow, max-snippet:-1, max-image-preview:large, max-video-preview:-1\" \/>\n<link rel=\"canonical\" href=\"https:\/\/www.cope.es\/blogs\/palomitas-de-maiz\/2018\/06\/16\/benavente-sede-del-museo-del-comic-mas-grande-de-europa\/\" \/>\n<meta property=\"og:locale\" content=\"es_ES\" \/>\n<meta property=\"og:type\" content=\"article\" \/>\n<meta property=\"og:title\" content=\"Benavente, sede del Museo del C\u00f3mic m\u00e1s grande de Europa\" \/>\n<meta property=\"og:description\" content=\"Benavente, sede del Museo del C\u00f3mic m\u00e1s grande de Europa. La localidad castellanoleonesa\u00a0-convertida en ciudad gracias al trabajo de don Serapio Gonz\u00e1lez Mato, notario de Madrid- ya tiene un objetivo m\u00e1s en su haber y no es cambiar la bifurcaci\u00f3n que te lleva o a Galicia o a Le\u00f3n, sino tener un\u00a0Museo del C\u00f3mic.\" \/>\n<meta property=\"og:url\" content=\"https:\/\/www.cope.es\/blogs\/palomitas-de-maiz\/2018\/06\/16\/benavente-sede-del-museo-del-comic-mas-grande-de-europa\/\" \/>\n<meta property=\"og:site_name\" content=\"Palomitas de Ma\u00edz\" \/>\n<meta property=\"article:publisher\" content=\"https:\/\/www.facebook.com\/cope\/\" \/>\n<meta property=\"article:author\" content=\"https:\/\/www.facebook.com\/palomitero\/\" \/>\n<meta property=\"article:published_time\" content=\"2018-06-15T22:51:57+00:00\" \/>\n<meta property=\"article:modified_time\" content=\"2018-06-15T22:53:53+00:00\" \/>\n<meta property=\"og:image\" content=\"https:\/\/www.cope.es\/blogs\/palomitas-de-maiz\/wp-content\/uploads\/sites\/6\/2018\/06\/comicbenavente.jpg\" \/>\n\t<meta property=\"og:image:width\" content=\"725\" \/>\n\t<meta property=\"og:image:height\" content=\"374\" \/>\n\t<meta property=\"og:image:type\" content=\"image\/jpeg\" \/>\n<meta name=\"author\" content=\"Jos\u00e9 Luis Panero\" \/>\n<meta name=\"twitter:card\" content=\"summary_large_image\" \/>\n<meta name=\"twitter:creator\" content=\"@PALOMITERO\" \/>\n<meta name=\"twitter:site\" content=\"@cope_es\" \/>\n<meta name=\"twitter:label1\" content=\"Escrito por\" \/>\n\t<meta name=\"twitter:data1\" content=\"Jos\u00e9 Luis Panero\" \/>\n\t<meta name=\"twitter:label2\" content=\"Tiempo de lectura\" \/>\n\t<meta name=\"twitter:data2\" content=\"2 minutos\" \/>\n<script type=\"application\/ld+json\" class=\"yoast-schema-graph\">{\"@context\":\"https:\\\/\\\/schema.org\",\"@graph\":[{\"@type\":\"Article\",\"@id\":\"https:\\\/\\\/www.cope.es\\\/blogs\\\/palomitas-de-maiz\\\/2018\\\/06\\\/16\\\/benavente-sede-del-museo-del-comic-mas-grande-de-europa\\\/#article\",\"isPartOf\":{\"@id\":\"https:\\\/\\\/www.cope.es\\\/blogs\\\/palomitas-de-maiz\\\/2018\\\/06\\\/16\\\/benavente-sede-del-museo-del-comic-mas-grande-de-europa\\\/\"},\"author\":{\"name\":\"Jos\u00e9 Luis Panero\",\"@id\":\"https:\\\/\\\/www.cope.es\\\/blogs\\\/palomitas-de-maiz\\\/#\\\/schema\\\/person\\\/9fb256f63733c964d19b06de1ca3c9ef\"},\"headline\":\"Benavente aspira a convertirse en sede del Museo del C\u00f3mic m\u00e1s grande de Europa\",\"datePublished\":\"2018-06-15T22:51:57+00:00\",\"dateModified\":\"2018-06-15T22:53:53+00:00\",\"mainEntityOfPage\":{\"@id\":\"https:\\\/\\\/www.cope.es\\\/blogs\\\/palomitas-de-maiz\\\/2018\\\/06\\\/16\\\/benavente-sede-del-museo-del-comic-mas-grande-de-europa\\\/\"},\"wordCount\":432,\"commentCount\":0,\"image\":{\"@id\":\"https:\\\/\\\/www.cope.es\\\/blogs\\\/palomitas-de-maiz\\\/2018\\\/06\\\/16\\\/benavente-sede-del-museo-del-comic-mas-grande-de-europa\\\/#primaryimage\"},\"thumbnailUrl\":\"https:\\\/\\\/www.cope.es\\\/blogs\\\/palomitas-de-maiz\\\/wp-content\\\/uploads\\\/sites\\\/6\\\/2018\\\/06\\\/comicbenavente.jpg\",\"keywords\":[\"benavente\",\"c\u00f3mic\",\"crowdfunding\",\"espa\u00f1a\",\"europa\",\"jos\u00e9 mar\u00eda for\u00e9s\",\"museo del c\u00f3mic\",\"serapio gonzalez mato\",\"superh\u00e9roes\"],\"articleSection\":[\"actualidad\",\"Cine\",\"c\u00f3mic\",\"Superh\u00e9roes\"],\"inLanguage\":\"es\",\"potentialAction\":[{\"@type\":\"CommentAction\",\"name\":\"Comment\",\"target\":[\"https:\\\/\\\/www.cope.es\\\/blogs\\\/palomitas-de-maiz\\\/2018\\\/06\\\/16\\\/benavente-sede-del-museo-del-comic-mas-grande-de-europa\\\/#respond\"]}]},{\"@type\":\"WebPage\",\"@id\":\"https:\\\/\\\/www.cope.es\\\/blogs\\\/palomitas-de-maiz\\\/2018\\\/06\\\/16\\\/benavente-sede-del-museo-del-comic-mas-grande-de-europa\\\/\",\"url\":\"https:\\\/\\\/www.cope.es\\\/blogs\\\/palomitas-de-maiz\\\/2018\\\/06\\\/16\\\/benavente-sede-del-museo-del-comic-mas-grande-de-europa\\\/\",\"name\":\"Benavente, sede del Museo del C\u00f3mic m\u00e1s grande de Europa\",\"isPartOf\":{\"@id\":\"https:\\\/\\\/www.cope.es\\\/blogs\\\/palomitas-de-maiz\\\/#website\"},\"primaryImageOfPage\":{\"@id\":\"https:\\\/\\\/www.cope.es\\\/blogs\\\/palomitas-de-maiz\\\/2018\\\/06\\\/16\\\/benavente-sede-del-museo-del-comic-mas-grande-de-europa\\\/#primaryimage\"},\"image\":{\"@id\":\"https:\\\/\\\/www.cope.es\\\/blogs\\\/palomitas-de-maiz\\\/2018\\\/06\\\/16\\\/benavente-sede-del-museo-del-comic-mas-grande-de-europa\\\/#primaryimage\"},\"thumbnailUrl\":\"https:\\\/\\\/www.cope.es\\\/blogs\\\/palomitas-de-maiz\\\/wp-content\\\/uploads\\\/sites\\\/6\\\/2018\\\/06\\\/comicbenavente.jpg\",\"datePublished\":\"2018-06-15T22:51:57+00:00\",\"dateModified\":\"2018-06-15T22:53:53+00:00\",\"author\":{\"@id\":\"https:\\\/\\\/www.cope.es\\\/blogs\\\/palomitas-de-maiz\\\/#\\\/schema\\\/person\\\/9fb256f63733c964d19b06de1ca3c9ef\"},\"description\":\"Benavente, sede del Museo del C\u00f3mic m\u00e1s grande de Europa. La localidad castellanoleonesa\u00a0-convertida en ciudad gracias al trabajo de don Serapio Gonz\u00e1lez Mato, notario de Madrid- ya tiene un objetivo m\u00e1s en su haber y no es cambiar la bifurcaci\u00f3n que te lleva o a Galicia o a Le\u00f3n, sino tener un\u00a0Museo del C\u00f3mic.\",\"breadcrumb\":{\"@id\":\"https:\\\/\\\/www.cope.es\\\/blogs\\\/palomitas-de-maiz\\\/2018\\\/06\\\/16\\\/benavente-sede-del-museo-del-comic-mas-grande-de-europa\\\/#breadcrumb\"},\"inLanguage\":\"es\",\"potentialAction\":[{\"@type\":\"ReadAction\",\"target\":[\"https:\\\/\\\/www.cope.es\\\/blogs\\\/palomitas-de-maiz\\\/2018\\\/06\\\/16\\\/benavente-sede-del-museo-del-comic-mas-grande-de-europa\\\/\"]}]},{\"@type\":\"ImageObject\",\"inLanguage\":\"es\",\"@id\":\"https:\\\/\\\/www.cope.es\\\/blogs\\\/palomitas-de-maiz\\\/2018\\\/06\\\/16\\\/benavente-sede-del-museo-del-comic-mas-grande-de-europa\\\/#primaryimage\",\"url\":\"https:\\\/\\\/www.cope.es\\\/blogs\\\/palomitas-de-maiz\\\/wp-content\\\/uploads\\\/sites\\\/6\\\/2018\\\/06\\\/comicbenavente.jpg\",\"contentUrl\":\"https:\\\/\\\/www.cope.es\\\/blogs\\\/palomitas-de-maiz\\\/wp-content\\\/uploads\\\/sites\\\/6\\\/2018\\\/06\\\/comicbenavente.jpg\",\"width\":725,\"height\":374,\"caption\":\"http:\\\/\\\/www.cope.es\\\/blogs\\\/palomitas-de-maiz\\\/2018\\\/06\\\/16\\\/benavente-sede-del-museo-del-comic-mas-grande-de-europa\\\/\"},{\"@type\":\"BreadcrumbList\",\"@id\":\"https:\\\/\\\/www.cope.es\\\/blogs\\\/palomitas-de-maiz\\\/2018\\\/06\\\/16\\\/benavente-sede-del-museo-del-comic-mas-grande-de-europa\\\/#breadcrumb\",\"itemListElement\":[{\"@type\":\"ListItem\",\"position\":1,\"name\":\"Portada\",\"item\":\"https:\\\/\\\/www.cope.es\\\/blogs\\\/palomitas-de-maiz\\\/\"},{\"@type\":\"ListItem\",\"position\":2,\"name\":\"Benavente aspira a convertirse en sede del Museo del C\u00f3mic m\u00e1s grande de Europa\"}]},{\"@type\":\"WebSite\",\"@id\":\"https:\\\/\\\/www.cope.es\\\/blogs\\\/palomitas-de-maiz\\\/#website\",\"url\":\"https:\\\/\\\/www.cope.es\\\/blogs\\\/palomitas-de-maiz\\\/\",\"name\":\"Palomitas de Ma\u00edz\",\"description\":\"Blog decano de cine de COPE\",\"potentialAction\":[{\"@type\":\"SearchAction\",\"target\":{\"@type\":\"EntryPoint\",\"urlTemplate\":\"https:\\\/\\\/www.cope.es\\\/blogs\\\/palomitas-de-maiz\\\/?s={search_term_string}\"},\"query-input\":{\"@type\":\"PropertyValueSpecification\",\"valueRequired\":true,\"valueName\":\"search_term_string\"}}],\"inLanguage\":\"es\"},{\"@type\":\"Person\",\"@id\":\"https:\\\/\\\/www.cope.es\\\/blogs\\\/palomitas-de-maiz\\\/#\\\/schema\\\/person\\\/9fb256f63733c964d19b06de1ca3c9ef\",\"name\":\"Jos\u00e9 Luis Panero\",\"image\":{\"@type\":\"ImageObject\",\"inLanguage\":\"es\",\"@id\":\"https:\\\/\\\/secure.gravatar.com\\\/avatar\\\/2ef93951eab3cee25932a7219e566376cbf6ddedde3aa3098e7a971991a3ef12?s=96&d=mm&r=g\",\"url\":\"https:\\\/\\\/secure.gravatar.com\\\/avatar\\\/2ef93951eab3cee25932a7219e566376cbf6ddedde3aa3098e7a971991a3ef12?s=96&d=mm&r=g\",\"contentUrl\":\"https:\\\/\\\/secure.gravatar.com\\\/avatar\\\/2ef93951eab3cee25932a7219e566376cbf6ddedde3aa3098e7a971991a3ef12?s=96&d=mm&r=g\",\"caption\":\"Jos\u00e9 Luis Panero\"},\"description\":\"Licenciado en Periodismo y en Comunicaci\u00f3n Audiovisual. Tras m\u00e1s de cuatro a\u00f1os en el diario 'La Gaceta de Los Negocios' y el programa f\u00edlmico 'Pantalla Grande', es cr\u00edtico de cine en 'Ciudad Nueva', 'Pantalla 90', 'COPE' o 'Aleteia' y cr\u00edtico de teatro en 'Hoy en la city'. Ha sido coguionista y ayudante de direcci\u00f3n de cine, ponente en los coloquios de cine del foro FNAC y profesor universitario en diferentes cursos de Periodismo Social. Desde 2003 es miembro del C\u00edrculo de Escritores Cinematogr\u00e1ficos (CEC). En 2008 fund\u00f3 en 'COPE' su blog de cine 'Palomitas de Ma\u00edz'. En 2017 fue nombrado Jurado Oficial del Festival Internacional de Cine de Fuengirola (M\u00e1laga) y ese a\u00f1o la instituci\u00f3n educativa Trinity College-Liceo Serrano le distingui\u00f3 con el nombramiento de 'Profesor de Honor' del centro y miembro ilustre del claustro de profesores. En 2019 fue nombrado Jurado Oficial del Festival Internacional de Cine de Vera (Almer\u00eda). En 2020 fue nombrado Jurado Oficial del Festival Internacional de Cine de Terror de La Mar Bella (Marbella). Como int\u00e9rprete ha sido galardonado con el Premio al Actor Principal del I Festival Nacional UNIR de teatro. Desde 2020 es acad\u00e9mico de las Artes Esc\u00e9nicas de Espa\u00f1a. En 2023 fue nombrado Jurado Oficial de los 'Premios Tal\u00eda' en su I Edici\u00f3n. Y miembro de ASHUMES (Asociaci\u00f3n del Humorismo Espa\u00f1ol) a partir de 2022. En 2023 fue nombrado Jurado Oficial de la II Edici\u00f3n de los 'Premios Godot'.\",\"sameAs\":[\"http:\\\/\\\/www.cope.es\",\"https:\\\/\\\/www.facebook.com\\\/palomitero\\\/\",\"https:\\\/\\\/www.instagram.com\\\/joseluispanero\\\/\",\"https:\\\/\\\/www.linkedin.com\\\/in\\\/jos-luis-panero-gonzlez-barosa-7722a716\\\/\",\"https:\\\/\\\/x.com\\\/PALOMITERO\",\"https:\\\/\\\/www.youtube.com\\\/channel\\\/UCQYaNGiETUXUPXjYu9p3lNw\\\/videos?\",\"https:\\\/\\\/es.wikipedia.org\\\/wiki\\\/Jos_Luis_Panero_Gonzlez-Barosa\"],\"url\":\"https:\\\/\\\/www.cope.es\\\/blogs\\\/palomitas-de-maiz\\\/author\\\/jlpanero\\\/\"}]}<\/script>\n<!-- \/ Yoast SEO plugin. -->","yoast_head_json":{"title":"Benavente, sede del Museo del C\u00f3mic m\u00e1s grande de Europa","description":"Benavente, sede del Museo del C\u00f3mic m\u00e1s grande de Europa. La localidad castellanoleonesa\u00a0-convertida en ciudad gracias al trabajo de don Serapio Gonz\u00e1lez Mato, notario de Madrid- ya tiene un objetivo m\u00e1s en su haber y no es cambiar la bifurcaci\u00f3n que te lleva o a Galicia o a Le\u00f3n, sino tener un\u00a0Museo del C\u00f3mic.","robots":{"index":"index","follow":"follow","max-snippet":"max-snippet:-1","max-image-preview":"max-image-preview:large","max-video-preview":"max-video-preview:-1"},"canonical":"https:\/\/www.cope.es\/blogs\/palomitas-de-maiz\/2018\/06\/16\/benavente-sede-del-museo-del-comic-mas-grande-de-europa\/","og_locale":"es_ES","og_type":"article","og_title":"Benavente, sede del Museo del C\u00f3mic m\u00e1s grande de Europa","og_description":"Benavente, sede del Museo del C\u00f3mic m\u00e1s grande de Europa. La localidad castellanoleonesa\u00a0-convertida en ciudad gracias al trabajo de don Serapio Gonz\u00e1lez Mato, notario de Madrid- ya tiene un objetivo m\u00e1s en su haber y no es cambiar la bifurcaci\u00f3n que te lleva o a Galicia o a Le\u00f3n, sino tener un\u00a0Museo del C\u00f3mic.","og_url":"https:\/\/www.cope.es\/blogs\/palomitas-de-maiz\/2018\/06\/16\/benavente-sede-del-museo-del-comic-mas-grande-de-europa\/","og_site_name":"Palomitas de Ma\u00edz","article_publisher":"https:\/\/www.facebook.com\/cope\/","article_author":"https:\/\/www.facebook.com\/palomitero\/","article_published_time":"2018-06-15T22:51:57+00:00","article_modified_time":"2018-06-15T22:53:53+00:00","og_image":[{"width":725,"height":374,"url":"https:\/\/www.cope.es\/blogs\/palomitas-de-maiz\/wp-content\/uploads\/sites\/6\/2018\/06\/comicbenavente.jpg","type":"image\/jpeg"}],"author":"Jos\u00e9 Luis Panero","twitter_card":"summary_large_image","twitter_creator":"@PALOMITERO","twitter_site":"@cope_es","twitter_misc":{"Escrito por":"Jos\u00e9 Luis Panero","Tiempo de lectura":"2 minutos"},"schema":{"@context":"https:\/\/schema.org","@graph":[{"@type":"Article","@id":"https:\/\/www.cope.es\/blogs\/palomitas-de-maiz\/2018\/06\/16\/benavente-sede-del-museo-del-comic-mas-grande-de-europa\/#article","isPartOf":{"@id":"https:\/\/www.cope.es\/blogs\/palomitas-de-maiz\/2018\/06\/16\/benavente-sede-del-museo-del-comic-mas-grande-de-europa\/"},"author":{"name":"Jos\u00e9 Luis Panero","@id":"https:\/\/www.cope.es\/blogs\/palomitas-de-maiz\/#\/schema\/person\/9fb256f63733c964d19b06de1ca3c9ef"},"headline":"Benavente aspira a convertirse en sede del Museo del C\u00f3mic m\u00e1s grande de Europa","datePublished":"2018-06-15T22:51:57+00:00","dateModified":"2018-06-15T22:53:53+00:00","mainEntityOfPage":{"@id":"https:\/\/www.cope.es\/blogs\/palomitas-de-maiz\/2018\/06\/16\/benavente-sede-del-museo-del-comic-mas-grande-de-europa\/"},"wordCount":432,"commentCount":0,"image":{"@id":"https:\/\/www.cope.es\/blogs\/palomitas-de-maiz\/2018\/06\/16\/benavente-sede-del-museo-del-comic-mas-grande-de-europa\/#primaryimage"},"thumbnailUrl":"https:\/\/www.cope.es\/blogs\/palomitas-de-maiz\/wp-content\/uploads\/sites\/6\/2018\/06\/comicbenavente.jpg","keywords":["benavente","c\u00f3mic","crowdfunding","espa\u00f1a","europa","jos\u00e9 mar\u00eda for\u00e9s","museo del c\u00f3mic","serapio gonzalez mato","superh\u00e9roes"],"articleSection":["actualidad","Cine","c\u00f3mic","Superh\u00e9roes"],"inLanguage":"es","potentialAction":[{"@type":"CommentAction","name":"Comment","target":["https:\/\/www.cope.es\/blogs\/palomitas-de-maiz\/2018\/06\/16\/benavente-sede-del-museo-del-comic-mas-grande-de-europa\/#respond"]}]},{"@type":"WebPage","@id":"https:\/\/www.cope.es\/blogs\/palomitas-de-maiz\/2018\/06\/16\/benavente-sede-del-museo-del-comic-mas-grande-de-europa\/","url":"https:\/\/www.cope.es\/blogs\/palomitas-de-maiz\/2018\/06\/16\/benavente-sede-del-museo-del-comic-mas-grande-de-europa\/","name":"Benavente, sede del Museo del C\u00f3mic m\u00e1s grande de Europa","isPartOf":{"@id":"https:\/\/www.cope.es\/blogs\/palomitas-de-maiz\/#website"},"primaryImageOfPage":{"@id":"https:\/\/www.cope.es\/blogs\/palomitas-de-maiz\/2018\/06\/16\/benavente-sede-del-museo-del-comic-mas-grande-de-europa\/#primaryimage"},"image":{"@id":"https:\/\/www.cope.es\/blogs\/palomitas-de-maiz\/2018\/06\/16\/benavente-sede-del-museo-del-comic-mas-grande-de-europa\/#primaryimage"},"thumbnailUrl":"https:\/\/www.cope.es\/blogs\/palomitas-de-maiz\/wp-content\/uploads\/sites\/6\/2018\/06\/comicbenavente.jpg","datePublished":"2018-06-15T22:51:57+00:00","dateModified":"2018-06-15T22:53:53+00:00","author":{"@id":"https:\/\/www.cope.es\/blogs\/palomitas-de-maiz\/#\/schema\/person\/9fb256f63733c964d19b06de1ca3c9ef"},"description":"Benavente, sede del Museo del C\u00f3mic m\u00e1s grande de Europa. La localidad castellanoleonesa\u00a0-convertida en ciudad gracias al trabajo de don Serapio Gonz\u00e1lez Mato, notario de Madrid- ya tiene un objetivo m\u00e1s en su haber y no es cambiar la bifurcaci\u00f3n que te lleva o a Galicia o a Le\u00f3n, sino tener un\u00a0Museo del C\u00f3mic.","breadcrumb":{"@id":"https:\/\/www.cope.es\/blogs\/palomitas-de-maiz\/2018\/06\/16\/benavente-sede-del-museo-del-comic-mas-grande-de-europa\/#breadcrumb"},"inLanguage":"es","potentialAction":[{"@type":"ReadAction","target":["https:\/\/www.cope.es\/blogs\/palomitas-de-maiz\/2018\/06\/16\/benavente-sede-del-museo-del-comic-mas-grande-de-europa\/"]}]},{"@type":"ImageObject","inLanguage":"es","@id":"https:\/\/www.cope.es\/blogs\/palomitas-de-maiz\/2018\/06\/16\/benavente-sede-del-museo-del-comic-mas-grande-de-europa\/#primaryimage","url":"https:\/\/www.cope.es\/blogs\/palomitas-de-maiz\/wp-content\/uploads\/sites\/6\/2018\/06\/comicbenavente.jpg","contentUrl":"https:\/\/www.cope.es\/blogs\/palomitas-de-maiz\/wp-content\/uploads\/sites\/6\/2018\/06\/comicbenavente.jpg","width":725,"height":374,"caption":"http:\/\/www.cope.es\/blogs\/palomitas-de-maiz\/2018\/06\/16\/benavente-sede-del-museo-del-comic-mas-grande-de-europa\/"},{"@type":"BreadcrumbList","@id":"https:\/\/www.cope.es\/blogs\/palomitas-de-maiz\/2018\/06\/16\/benavente-sede-del-museo-del-comic-mas-grande-de-europa\/#breadcrumb","itemListElement":[{"@type":"ListItem","position":1,"name":"Portada","item":"https:\/\/www.cope.es\/blogs\/palomitas-de-maiz\/"},{"@type":"ListItem","position":2,"name":"Benavente aspira a convertirse en sede del Museo del C\u00f3mic m\u00e1s grande de Europa"}]},{"@type":"WebSite","@id":"https:\/\/www.cope.es\/blogs\/palomitas-de-maiz\/#website","url":"https:\/\/www.cope.es\/blogs\/palomitas-de-maiz\/","name":"Palomitas de Ma\u00edz","description":"Blog decano de cine de COPE","potentialAction":[{"@type":"SearchAction","target":{"@type":"EntryPoint","urlTemplate":"https:\/\/www.cope.es\/blogs\/palomitas-de-maiz\/?s={search_term_string}"},"query-input":{"@type":"PropertyValueSpecification","valueRequired":true,"valueName":"search_term_string"}}],"inLanguage":"es"},{"@type":"Person","@id":"https:\/\/www.cope.es\/blogs\/palomitas-de-maiz\/#\/schema\/person\/9fb256f63733c964d19b06de1ca3c9ef","name":"Jos\u00e9 Luis Panero","image":{"@type":"ImageObject","inLanguage":"es","@id":"https:\/\/secure.gravatar.com\/avatar\/2ef93951eab3cee25932a7219e566376cbf6ddedde3aa3098e7a971991a3ef12?s=96&d=mm&r=g","url":"https:\/\/secure.gravatar.com\/avatar\/2ef93951eab3cee25932a7219e566376cbf6ddedde3aa3098e7a971991a3ef12?s=96&d=mm&r=g","contentUrl":"https:\/\/secure.gravatar.com\/avatar\/2ef93951eab3cee25932a7219e566376cbf6ddedde3aa3098e7a971991a3ef12?s=96&d=mm&r=g","caption":"Jos\u00e9 Luis Panero"},"description":"Licenciado en Periodismo y en Comunicaci\u00f3n Audiovisual. Tras m\u00e1s de cuatro a\u00f1os en el diario 'La Gaceta de Los Negocios' y el programa f\u00edlmico 'Pantalla Grande', es cr\u00edtico de cine en 'Ciudad Nueva', 'Pantalla 90', 'COPE' o 'Aleteia' y cr\u00edtico de teatro en 'Hoy en la city'. Ha sido coguionista y ayudante de direcci\u00f3n de cine, ponente en los coloquios de cine del foro FNAC y profesor universitario en diferentes cursos de Periodismo Social. Desde 2003 es miembro del C\u00edrculo de Escritores Cinematogr\u00e1ficos (CEC). En 2008 fund\u00f3 en 'COPE' su blog de cine 'Palomitas de Ma\u00edz'. En 2017 fue nombrado Jurado Oficial del Festival Internacional de Cine de Fuengirola (M\u00e1laga) y ese a\u00f1o la instituci\u00f3n educativa Trinity College-Liceo Serrano le distingui\u00f3 con el nombramiento de 'Profesor de Honor' del centro y miembro ilustre del claustro de profesores. En 2019 fue nombrado Jurado Oficial del Festival Internacional de Cine de Vera (Almer\u00eda). En 2020 fue nombrado Jurado Oficial del Festival Internacional de Cine de Terror de La Mar Bella (Marbella). Como int\u00e9rprete ha sido galardonado con el Premio al Actor Principal del I Festival Nacional UNIR de teatro. Desde 2020 es acad\u00e9mico de las Artes Esc\u00e9nicas de Espa\u00f1a. En 2023 fue nombrado Jurado Oficial de los 'Premios Tal\u00eda' en su I Edici\u00f3n. Y miembro de ASHUMES (Asociaci\u00f3n del Humorismo Espa\u00f1ol) a partir de 2022. En 2023 fue nombrado Jurado Oficial de la II Edici\u00f3n de los 'Premios Godot'.","sameAs":["http:\/\/www.cope.es","https:\/\/www.facebook.com\/palomitero\/","https:\/\/www.instagram.com\/joseluispanero\/","https:\/\/www.linkedin.com\/in\/jos-luis-panero-gonzlez-barosa-7722a716\/","https:\/\/x.com\/PALOMITERO","https:\/\/www.youtube.com\/channel\/UCQYaNGiETUXUPXjYu9p3lNw\/videos?","https:\/\/es.wikipedia.org\/wiki\/Jos_Luis_Panero_Gonzlez-Barosa"],"url":"https:\/\/www.cope.es\/blogs\/palomitas-de-maiz\/author\/jlpanero\/"}]}},"amp_enabled":true,"_links":{"self":[{"href":"https:\/\/www.cope.es\/blogs\/palomitas-de-maiz\/wp-json\/wp\/v2\/posts\/1761","targetHints":{"allow":["GET"]}}],"collection":[{"href":"https:\/\/www.cope.es\/blogs\/palomitas-de-maiz\/wp-json\/wp\/v2\/posts"}],"about":[{"href":"https:\/\/www.cope.es\/blogs\/palomitas-de-maiz\/wp-json\/wp\/v2\/types\/post"}],"author":[{"embeddable":true,"href":"https:\/\/www.cope.es\/blogs\/palomitas-de-maiz\/wp-json\/wp\/v2\/users\/6"}],"replies":[{"embeddable":true,"href":"https:\/\/www.cope.es\/blogs\/palomitas-de-maiz\/wp-json\/wp\/v2\/comments?post=1761"}],"version-history":[{"count":2,"href":"https:\/\/www.cope.es\/blogs\/palomitas-de-maiz\/wp-json\/wp\/v2\/posts\/1761\/revisions"}],"predecessor-version":[{"id":1772,"href":"https:\/\/www.cope.es\/blogs\/palomitas-de-maiz\/wp-json\/wp\/v2\/posts\/1761\/revisions\/1772"}],"wp:featuredmedia":[{"embeddable":true,"href":"https:\/\/www.cope.es\/blogs\/palomitas-de-maiz\/wp-json\/wp\/v2\/media\/1763"}],"wp:attachment":[{"href":"https:\/\/www.cope.es\/blogs\/palomitas-de-maiz\/wp-json\/wp\/v2\/media?parent=1761"}],"wp:term":[{"taxonomy":"category","embeddable":true,"href":"https:\/\/www.cope.es\/blogs\/palomitas-de-maiz\/wp-json\/wp\/v2\/categories?post=1761"},{"taxonomy":"post_tag","embeddable":true,"href":"https:\/\/www.cope.es\/blogs\/palomitas-de-maiz\/wp-json\/wp\/v2\/tags?post=1761"}],"curies":[{"name":"wp","href":"https:\/\/api.w.org\/{rel}","templated":true}]}}