{"id":1539,"date":"2018-05-28T18:34:54","date_gmt":"2018-05-28T16:34:54","guid":{"rendered":"http:\/\/www.cope.es\/blogs\/palomitas-de-maiz\/?p=1539"},"modified":"2018-05-28T18:40:59","modified_gmt":"2018-05-28T16:40:59","slug":"ediciones-catedra-lanza-tres-grandes-titulos-de-cine-y-television-el-mes-de-mayo","status":"publish","type":"post","link":"https:\/\/www.cope.es\/blogs\/palomitas-de-maiz\/2018\/05\/28\/ediciones-catedra-lanza-tres-grandes-titulos-de-cine-y-television-el-mes-de-mayo\/","title":{"rendered":"C\u00e1tedra lanza tres grandes t\u00edtulos de cine y televisi\u00f3n el mes de mayo"},"content":{"rendered":"<p>\u00a1Mis queridos palomiteros!\u00a0C\u00e1tedra lanza tres grandes t\u00edtulos de cine y televisi\u00f3n. El mes pasado nos hac\u00edamos eco dos potentes lanzamientos de la selecta y cuidada <strong><a href=\"https:\/\/www.catedra.com\/\">editorial C\u00e1tedra<\/a><\/strong>. Uno de ellos versaba sobre las <a href=\"http:\/\/www.cope.es\/blogs\/palomitas-de-maiz\/2018\/04\/11\/las-peliculas-que-vio-franco-y-que-no-todos-pudieron-disfrutar-de-jose-maria-caparros-y-magi-crusells\/\">pel\u00edculas que vio <strong>Franco<\/strong><\/a> y el otro pon\u00eda el acento sobre el <a href=\"http:\/\/www.cope.es\/blogs\/palomitas-de-maiz\/2018\/04\/23\/23-de-abril-dia-del-libro-bunuel-y-hitchcock-juntos-en-arte-y-cultura-visual-felix-fanes-editorial-catedra\/\">arte y la cultura visual<\/a>. Ahora, en el umbral del mes de junio, quiero hacerme eco de otros tres grandes t\u00edtulos de cine y televisi\u00f3n, que \u00a0esta prol\u00edfica editorial ha puesto en las estanter\u00edas, dentro de su personal y exquisito sello <strong>Signo e Imagen<\/strong> en el casi concluido mes de mayo, que por fin he podido saborear y que vivamente animo a su lectura.<\/p>\n<h2>C\u00e1tedra lanza tres grandes t\u00edtulos de cine y televisi\u00f3n: de Luis Bu\u00f1uel al perfil er\u00f3tico de la actriz en la \u00e9poca de los fascismos. \u00bfY te lo vas a perder?<\/h2>\n<p>El primer trabajo de cine es <em>Luis Bu\u00f1uel. Correspondencia escogida<\/em>. Edici\u00f3n de <strong>Jo Evans<\/strong> y <strong>Breixo Viejo<\/strong> (17 de mayo). El siguiente volumen de cine se titula <em>El cuerpo er\u00f3tico de la actriz bajo los fascismos<\/em>. <em>Espa\u00f1a, Italia, Alemania (1939-1945)<\/em>, de <strong>Nuria Bou <\/strong>y <strong>Xavier P\u00e9rez<\/strong> (17 de mayo) \u2014desde este espacio nos hemos referido tambi\u00e9n a la visi\u00f3n de <a href=\"http:\/\/www.cope.es\/blogs\/palomitas-de-maiz\/2018\/03\/29\/brujas-y-santas-la-mujer-en-la-filmografia-de-alfred-hitchcock-iii\/\">la mujer en el cine de Hitchcock<\/a> ampliamente\u2014. Y\u00a0cerrar\u00eda la propuesta literaria, <em>Una televisi\u00f3n con dos cadenas.\u00a0La programaci\u00f3n en Espa\u00f1a (1936-1990)<\/em>, a cargo\u00a0<strong>Julio Montero<\/strong> (dir.) (24 de mayo).<\/p>\n<h2>C\u00e1tedra lanza tres grandes t\u00edtulos de cine y televisi\u00f3n el mes de mayo, imprescindibles para cualquier amante del s\u00e9ptimo arte<\/h2>\n<p><strong><em>Luis Bu\u00f1uel. Correspondencia escogida<\/em><\/strong><\/p>\n<figure id=\"attachment_1541\" aria-describedby=\"caption-attachment-1541\" style=\"width: 725px\" class=\"wp-caption aligncenter\"><img loading=\"lazy\" decoding=\"async\" width=\"725\" height=\"1047\" class=\"wp-image-1541 size-full\" src=\"http:\/\/www.cope.es\/blogs\/palomitas-de-maiz\/wp-content\/uploads\/sites\/6\/2018\/05\/luisbunuelcorrespondenciaescogida.jpg\" alt=\"Portada promocional del volumen Luis Bu\u00f1uel. Correspondencia escogida | C\u00e1tedra lanza tres grandes t\u00edtulos de cine y televisi\u00f3n \" srcset=\"https:\/\/www.cope.es\/blogs\/palomitas-de-maiz\/wp-content\/uploads\/sites\/6\/2018\/05\/luisbunuelcorrespondenciaescogida.jpg 725w, https:\/\/www.cope.es\/blogs\/palomitas-de-maiz\/wp-content\/uploads\/sites\/6\/2018\/05\/luisbunuelcorrespondenciaescogida-208x300.jpg 208w, https:\/\/www.cope.es\/blogs\/palomitas-de-maiz\/wp-content\/uploads\/sites\/6\/2018\/05\/luisbunuelcorrespondenciaescogida-709x1024.jpg 709w\" sizes=\"auto, (max-width: 725px) 100vw, 725px\" \/><figcaption id=\"caption-attachment-1541\" class=\"wp-caption-text\">Portada promocional del volumen <em>Luis Bu\u00f1uel. Correspondencia escogida<\/em> | C\u00e1tedra lanza tres grandes t\u00edtulos de cine y televisi\u00f3n<\/figcaption><\/figure>\n<p>Durante estas \u00faltimas d\u00e9cadas, los estudios cr\u00edticos sobre el cineasta <strong><a href=\"https:\/\/es.wikipedia.org\/wiki\/Luis_Bu%C3%B1uel\">Luis Bu\u00f1uel<\/a><\/strong> (1900-1983) han dependido de un n\u00famero limitado de fuentes primarias\u00a0\u2014sus memorias y libros de conversaciones\u2014\u00a0que, con mejor o peor suerte, han marcado el estado actual de nuestro conocimiento sobre su obra.<\/p>\n<p>Frente a dicha tendencia,\u00a0<em>Correspondencia escogida<\/em> ofrece una nueva fuente de informaci\u00f3n original al presentar casi un millar de cartas escritas y recibidas por Bu\u00f1uel a lo largo de su extensa trayectoria profesional. Jo Evans y Breixo Viejo no s\u00f3lo han compilado, debidamente anotadas, las cartas del cineasta que hasta ahora se hab\u00edan publicado de forma dispersa, sino que han seleccionado adem\u00e1s cientos de misivas in\u00e9ditas, procedentes de archivos p\u00fablicos y privados en Espa\u00f1a, Francia, Italia, Inglaterra, M\u00e9xico y Estados Unidos.<\/p>\n<p>A trav\u00e9s de su epistolario, la figura de Bu\u00f1uel reaparece aqu\u00ed con voz propia y bajo una nueva perspectiva\u00a0que se aleja por igual de an\u00e9cdotas estereotipadas y\u00a0falsas mitoman\u00edas. El cineasta se presenta como protagonista principal\u00a0del cine po\u00e9tico y transgresor de su tiempo, desde\u00a0<em>Un perro andaluz<\/em>\u00a0(1929)\u00a0hasta\u00a0<em>Ese oscuro objeto del deseo<\/em> (1977), a trav\u00e9s de geograf\u00edas y sistemas de producci\u00f3n muy diversos.<\/p>\n<p><iframe loading=\"lazy\" width=\"508\" height=\"381\" src=\"https:\/\/www.youtube.com\/embed\/vQB7gtaV83A?feature=oembed\" frameborder=\"0\" allow=\"autoplay; encrypted-media\" allowfullscreen><\/iframe><\/p>\n<h2>La figura de Bu\u00f1uel reaparece aqu\u00ed con voz propia y bajo una nueva perspectiva\u00a0que se aleja por igual de an\u00e9cdotas estereotipadas<\/h2>\n<p>Pero este Bu\u00f1uel epistolar es, adem\u00e1s, interlocutor privilegiado de un grupo de creadores\u00a0\u2014directores,\u00a0productores, actores, guionistas\u2014\u00a0con los que intercambia esenciales reflexiones sobre el arte cinematogr\u00e1fico: es dicho\u00a0car\u00e1cter polif\u00f3nico de\u00a0<em>Correspondencia escogida<\/em> el que, parad\u00f3jicamente, desaf\u00eda\u00a0el enfoque individualista al que nos tiene acostumbrados la teor\u00eda del autor.<\/p>\n<p><iframe loading=\"lazy\" width=\"675\" height=\"380\" src=\"https:\/\/www.youtube.com\/embed\/o7xTjeLG5SM?feature=oembed\" frameborder=\"0\" allow=\"autoplay; encrypted-media\" allowfullscreen><\/iframe><\/p>\n<p><strong><em>El cuerpo er\u00f3tico de la actriz bajo los fascismos. Espa\u00f1a, Italia, Alemania (1939-1945)<\/em><\/strong><\/p>\n<figure id=\"attachment_1545\" aria-describedby=\"caption-attachment-1545\" style=\"width: 725px\" class=\"wp-caption aligncenter\"><img loading=\"lazy\" decoding=\"async\" width=\"725\" height=\"890\" class=\"wp-image-1545 size-full\" src=\"http:\/\/www.cope.es\/blogs\/palomitas-de-maiz\/wp-content\/uploads\/sites\/6\/2018\/05\/el-cuerpo-er\u00f3tico-de-la-actriz.jpg\" alt=\"Portada del volumen El cuerpo er\u00f3tico de la actriz bajo los fascismos | C\u00e1tedra lanza tres grandes t\u00edtulos de cine y televisi\u00f3n \" srcset=\"https:\/\/www.cope.es\/blogs\/palomitas-de-maiz\/wp-content\/uploads\/sites\/6\/2018\/05\/el-cuerpo-er\u00f3tico-de-la-actriz.jpg 725w, https:\/\/www.cope.es\/blogs\/palomitas-de-maiz\/wp-content\/uploads\/sites\/6\/2018\/05\/el-cuerpo-er\u00f3tico-de-la-actriz-244x300.jpg 244w\" sizes=\"auto, (max-width: 725px) 100vw, 725px\" \/><figcaption id=\"caption-attachment-1545\" class=\"wp-caption-text\">Portada del volumen <em>El cuerpo er\u00f3tico de la actriz bajo los fascismos<\/em> | C\u00e1tedra lanza tres grandes t\u00edtulos de cine y televisi\u00f3n<\/figcaption><\/figure>\n<p>Las mujeres que constituyen la materia de este libro fueron las estrellas femeninas m\u00e1s importantes de las cinematograf\u00edas espa\u00f1ola, italiana y alemana durante los a\u00f1os de la Segunda Guerra Mundial (1939-1945), en los que el nuevo r\u00e9gimen totalitario en Espa\u00f1a coexiste con el nazismo alem\u00e1n y el fascismo italiano.<\/p>\n<p>En las tres dictaduras la censura ejerci\u00f3 un severo control no s\u00f3lo sobre los contenidos pol\u00edticos, sino tambi\u00e9n sobre el erotismo y la sexualidad. Las \u201cstars\u201d femeninas de los fascismos trabajaron en connivencia, m\u00e1s o menos expl\u00edcita, con la ideolog\u00eda de los Estados en los que desarrollaron su filmograf\u00eda, pero su cuerpo habl\u00f3 (desde las im\u00e1genes) ofreciendo mensajes a menudo contradictorios con la moral imperante.<\/p>\n<h2>Las \u201cstars\u201d femeninas de los fascismos trabajaron en connivencia, m\u00e1s o menos expl\u00edcita, con la ideolog\u00eda de los Estados en los que desarrollaron su filmograf\u00eda<\/h2>\n<p>Este libro propone un estudio de la gestualidad de dichos cuerpos, y se interroga sobre la tensi\u00f3n subyacente entre feminidad servil y feminidad liberada, entre sexualidad negada y afirmaci\u00f3n er\u00f3tica. A lo largo de sus p\u00e1ginas, se desgrana con minuciosidad la relaci\u00f3n entre actuaci\u00f3n e imaginario er\u00f3tico en las filmograf\u00edas de <strong><a href=\"https:\/\/es.wikipedia.org\/wiki\/Imperio_Argentina\">Imperio Argentina<\/a><\/strong>, <strong><a href=\"https:\/\/es.wikipedia.org\/wiki\/Estrellita_Castro\">Estrellita Castro<\/a><\/strong>, <strong><a href=\"https:\/\/es.wikipedia.org\/wiki\/Ana_Mariscal\">Ana Mariscal<\/a><\/strong>, <strong><a href=\"https:\/\/es.wikipedia.org\/wiki\/Conchita_Montenegro\">Conchita Montenegro<\/a><\/strong>, <strong><a href=\"https:\/\/es.wikipedia.org\/wiki\/Conchita_Montes\">Conchita Montes<\/a><\/strong>, <strong><a href=\"https:\/\/es.wikipedia.org\/wiki\/Mercedes_Vecino\">Mercedes Vecino<\/a><\/strong> y <strong><a href=\"https:\/\/es.wikipedia.org\/wiki\/Amparo_Rivelles\">Amparo Rivelles<\/a><\/strong> para la cinematograf\u00eda espa\u00f1ola. Para el contexto italiano se cuenta con <strong><a href=\"https:\/\/es.wikipedia.org\/wiki\/Clara_Calamai\">Clara Calamai<\/a><\/strong>, <strong><a href=\"https:\/\/es.wikipedia.org\/wiki\/Luisa_Ferida\">Luisa Ferida<\/a><\/strong>, <strong><a href=\"https:\/\/es.wikipedia.org\/wiki\/Anna_Magnani\">Anna Magnani<\/a><\/strong>, <strong><a href=\"https:\/\/es.wikipedia.org\/wiki\/Isa_Miranda\">Isa Miranda<\/a><\/strong>, <strong><a href=\"https:\/\/es.wikipedia.org\/wiki\/Assia_Noris\">Assia Noris<\/a><\/strong> y <strong><a href=\"https:\/\/es.wikipedia.org\/wiki\/Alida_Valli\">Alida Valli<\/a><\/strong>. Finalmente, el caso alem\u00e1n pondr\u00eda de relieve a las actrices <strong><a href=\"https:\/\/es.wikipedia.org\/wiki\/Zarah_Leander\">Zarah Leander<\/a><\/strong>, <strong><a href=\"https:\/\/es.wikipedia.org\/wiki\/Marika_R%C3%B6kk\">Marika R\u00f6kk<\/a><\/strong> y <strong><a href=\"https:\/\/es.wikipedia.org\/wiki\/Kristina_S%C3%B6derbaum\">Kristina S\u00f6derbaum<\/a><\/strong>.<\/p>\n<p><strong><em>Una televisi\u00f3n con dos cadenas.\u00a0La programaci\u00f3n en Espa\u00f1a (1936-1990)<\/em><\/strong><\/p>\n<figure id=\"attachment_1546\" aria-describedby=\"caption-attachment-1546\" style=\"width: 725px\" class=\"wp-caption aligncenter\"><img loading=\"lazy\" decoding=\"async\" width=\"725\" height=\"889\" class=\"wp-image-1546 size-full\" src=\"http:\/\/www.cope.es\/blogs\/palomitas-de-maiz\/wp-content\/uploads\/sites\/6\/2018\/05\/una-television-con-dos-cadenas.jpg\" alt=\"Portada del volumen Una televisi\u00f3n con dos cadenas | C\u00e1tedra lanza tres grandes t\u00edtulos de cine y televisi\u00f3n \" srcset=\"https:\/\/www.cope.es\/blogs\/palomitas-de-maiz\/wp-content\/uploads\/sites\/6\/2018\/05\/una-television-con-dos-cadenas.jpg 725w, https:\/\/www.cope.es\/blogs\/palomitas-de-maiz\/wp-content\/uploads\/sites\/6\/2018\/05\/una-television-con-dos-cadenas-245x300.jpg 245w\" sizes=\"auto, (max-width: 725px) 100vw, 725px\" \/><figcaption id=\"caption-attachment-1546\" class=\"wp-caption-text\">Portada del volumen <em>Una televisi\u00f3n con dos cadenas<\/em> | C\u00e1tedra lanza tres grandes t\u00edtulos de cine y televisi\u00f3n<\/figcaption><\/figure>\n<p>Este libro no tiene antecedentes en la bibliograf\u00eda espa\u00f1ola, por lo que ha de convertirse, sin duda alguna, en un referente obligado para cualquier lector interesado en la historia de la televisi\u00f3n. Hasta este momento no se hab\u00eda abordado de modo sistem\u00e1tico y completo la investigaci\u00f3n de la programaci\u00f3n y de los programas televisivos en Espa\u00f1a.<\/p>\n<p>As\u00ed las cosas, los espectadores que visionaban aquella televisi\u00f3n que empez\u00f3 a emitir en 1956 y que, recordemos, era la \u00fanica para toda Espa\u00f1a, fueron construyendo su imaginario con las im\u00e1genes que presentaba su receptor de los avatares de aquellos a\u00f1os.<\/p>\n<h2>Las aportaciones que componen este volumen responden a un trabajo de investigaci\u00f3n sistem\u00e1tico y riguroso<\/h2>\n<p>Todo ello pertenece ya a su memoria y su biograf\u00eda. Las aportaciones que componen este volumen responden a un trabajo de investigaci\u00f3n sistem\u00e1tico y riguroso. Con \u00e9l se rompe tambi\u00e9n el mito de la falta de fuentes para construir la historia del origen y primer desarrollo de la televisi\u00f3n.<\/p>\n<p>Por otro lado, se han consultado los abundantes fondos documentales del Archivo de la Administraci\u00f3n de Alcal\u00e1 de Henares, se han visionado las inabarcables grabaciones de programas y publicidad que se conservan en <strong><a href=\"https:\/\/es.wikipedia.org\/wiki\/Estudios_de_Prado_del_Rey\">Prado del Rey<\/a><\/strong>, se han revisado muchas de las muy abundantes referencias de la prensa generalista y las revistas especializadas; por no hablar de archivos particulares, memorias y entrevistas a protagonistas.<\/p>\n<p>Lujo literario al alcance de todos. \u00a1Estos libros tienen que estar en vuestras estanter\u00edas, palomiteros!<\/p>\n","protected":false},"excerpt":{"rendered":"<p>\u00a1Mis queridos palomiteros!\u00a0C\u00e1tedra lanza tres grandes t\u00edtulos de cine y televisi\u00f3n. El mes pasado nos hac\u00edamos eco dos potentes lanzamientos de la selecta y cuidada editorial C\u00e1tedra. Uno de ellos versaba sobre las pel\u00edculas que vio Franco y el otro pon\u00eda el acento sobre el arte y la cultura visual. Ahora, en el umbral del [&hellip;]<\/p>\n","protected":false},"author":6,"featured_media":1547,"comment_status":"open","ping_status":"open","sticky":false,"template":"","format":"standard","meta":{"footnotes":""},"categories":[336,49,830,831],"tags":[1591,1585,1581,1588,1590,1571,1586,1582,1583,1566,1567,836,1572,1578,1595,1580,1579,1589,1570,1574,1594,1573,842,1587,1593,1584,1575,1565,839,1569,1577,1568,1576,1592],"class_list":["post-1539","post","type-post","status-publish","format-standard","has-post-thumbnail","hentry","category-actualidad","category-cine","category-ediciones-catedra","category-libros-de-cine","tag-alida-valli","tag-amparo-rivelles","tag-ana-mariscal","tag-anna-magnani","tag-assia-noris","tag-breixo-viejo","tag-clara-calamai","tag-conchita-montenegro","tag-conchita-montes","tag-correspondencia-escogida","tag-ediciones-catedra","tag-editorial-catedra","tag-el-cuerpo-erotico-de-la-actriz-bajo-los-fascismos-espana","tag-ese-oscuro-objeto-del-deseo","tag-espana-italia-alemania-1939-1945","tag-estrellita-castro","tag-imperio-argentina","tag-isa-miranda","tag-jo-evans","tag-julio-montero","tag-kristina-soderbaum","tag-la-programacion-en-espana-1936-1990","tag-luis-bunuel","tag-luisa-ferida","tag-marika-rokk","tag-mercedes-vecino","tag-nuria-bou","tag-prado-del-rey","tag-signo-e-imagen","tag-trabajo","tag-un-perro-andaluz","tag-volumen","tag-xavier-perez","tag-zarah-leander"],"yoast_head":"<!-- This site is optimized with the Yoast SEO plugin v27.4 - https:\/\/yoast.com\/product\/yoast-seo-wordpress\/ -->\n<title>C\u00e1tedra lanza tres grandes t\u00edtulos de cine y televisi\u00f3n el mes de mayo<\/title>\n<meta name=\"description\" content=\"Ediciones C\u00e1tedra lanza tres grandes t\u00edtulos de cine y televisi\u00f3n. El mes pasado nos hac\u00edamos eco dos potentes lanzamientos de la selecta y cuidada editorial C\u00e1tedra. Uno de ellos versaba sobre las pel\u00edculas que vio Franco y el otro pon\u00eda el acento sobre el arte y la cultura visual.\" \/>\n<meta name=\"robots\" content=\"index, follow, max-snippet:-1, max-image-preview:large, max-video-preview:-1\" \/>\n<link rel=\"canonical\" href=\"https:\/\/www.cope.es\/blogs\/palomitas-de-maiz\/2018\/05\/28\/ediciones-catedra-lanza-tres-grandes-titulos-de-cine-y-television-el-mes-de-mayo\/\" \/>\n<meta property=\"og:locale\" content=\"es_ES\" \/>\n<meta property=\"og:type\" content=\"article\" \/>\n<meta property=\"og:title\" content=\"C\u00e1tedra lanza tres grandes t\u00edtulos de cine y televisi\u00f3n el mes de mayo\" \/>\n<meta property=\"og:description\" content=\"Ediciones C\u00e1tedra lanza tres grandes t\u00edtulos de cine y televisi\u00f3n. El mes pasado nos hac\u00edamos eco dos potentes lanzamientos de la selecta y cuidada editorial C\u00e1tedra. Uno de ellos versaba sobre las pel\u00edculas que vio Franco y el otro pon\u00eda el acento sobre el arte y la cultura visual.\" \/>\n<meta property=\"og:url\" content=\"https:\/\/www.cope.es\/blogs\/palomitas-de-maiz\/2018\/05\/28\/ediciones-catedra-lanza-tres-grandes-titulos-de-cine-y-television-el-mes-de-mayo\/\" \/>\n<meta property=\"og:site_name\" content=\"Palomitas de Ma\u00edz\" \/>\n<meta property=\"article:publisher\" content=\"https:\/\/www.facebook.com\/cope\/\" \/>\n<meta property=\"article:author\" content=\"https:\/\/www.facebook.com\/palomitero\/\" \/>\n<meta property=\"article:published_time\" content=\"2018-05-28T16:34:54+00:00\" \/>\n<meta property=\"article:modified_time\" content=\"2018-05-28T16:40:59+00:00\" \/>\n<meta property=\"og:image\" content=\"https:\/\/www.cope.es\/blogs\/palomitas-de-maiz\/wp-content\/uploads\/sites\/6\/2018\/05\/catedramayo2018.jpg\" \/>\n\t<meta property=\"og:image:width\" content=\"725\" \/>\n\t<meta property=\"og:image:height\" content=\"319\" \/>\n\t<meta property=\"og:image:type\" content=\"image\/jpeg\" \/>\n<meta name=\"author\" content=\"Jos\u00e9 Luis Panero\" \/>\n<meta name=\"twitter:card\" content=\"summary_large_image\" \/>\n<meta name=\"twitter:creator\" content=\"@PALOMITERO\" \/>\n<meta name=\"twitter:site\" content=\"@cope_es\" \/>\n<meta name=\"twitter:label1\" content=\"Escrito por\" \/>\n\t<meta name=\"twitter:data1\" content=\"Jos\u00e9 Luis Panero\" \/>\n\t<meta name=\"twitter:label2\" content=\"Tiempo de lectura\" \/>\n\t<meta name=\"twitter:data2\" content=\"6 minutos\" \/>\n<script type=\"application\/ld+json\" class=\"yoast-schema-graph\">{\"@context\":\"https:\\\/\\\/schema.org\",\"@graph\":[{\"@type\":\"Article\",\"@id\":\"https:\\\/\\\/www.cope.es\\\/blogs\\\/palomitas-de-maiz\\\/2018\\\/05\\\/28\\\/ediciones-catedra-lanza-tres-grandes-titulos-de-cine-y-television-el-mes-de-mayo\\\/#article\",\"isPartOf\":{\"@id\":\"https:\\\/\\\/www.cope.es\\\/blogs\\\/palomitas-de-maiz\\\/2018\\\/05\\\/28\\\/ediciones-catedra-lanza-tres-grandes-titulos-de-cine-y-television-el-mes-de-mayo\\\/\"},\"author\":{\"name\":\"Jos\u00e9 Luis Panero\",\"@id\":\"https:\\\/\\\/www.cope.es\\\/blogs\\\/palomitas-de-maiz\\\/#\\\/schema\\\/person\\\/9fb256f63733c964d19b06de1ca3c9ef\"},\"headline\":\"C\u00e1tedra lanza tres grandes t\u00edtulos de cine y televisi\u00f3n el mes de mayo\",\"datePublished\":\"2018-05-28T16:34:54+00:00\",\"dateModified\":\"2018-05-28T16:40:59+00:00\",\"mainEntityOfPage\":{\"@id\":\"https:\\\/\\\/www.cope.es\\\/blogs\\\/palomitas-de-maiz\\\/2018\\\/05\\\/28\\\/ediciones-catedra-lanza-tres-grandes-titulos-de-cine-y-television-el-mes-de-mayo\\\/\"},\"wordCount\":1267,\"commentCount\":0,\"image\":{\"@id\":\"https:\\\/\\\/www.cope.es\\\/blogs\\\/palomitas-de-maiz\\\/2018\\\/05\\\/28\\\/ediciones-catedra-lanza-tres-grandes-titulos-de-cine-y-television-el-mes-de-mayo\\\/#primaryimage\"},\"thumbnailUrl\":\"https:\\\/\\\/www.cope.es\\\/blogs\\\/palomitas-de-maiz\\\/wp-content\\\/uploads\\\/sites\\\/6\\\/2018\\\/05\\\/catedramayo2018.jpg\",\"keywords\":[\"Alida Valli\",\"Amparo Rivelles\",\"Ana Mariscal\",\"Anna Magnani\",\"Assia Noris\",\"Breixo Viejo\",\"Clara Calamai\",\"Conchita Montenegro\",\"Conchita Montes\",\"correspondencia escogida\",\"ediciones c\u00e1tedra\",\"editorial catedra\",\"El cuerpo er\u00f3tico de la actriz bajo los fascismos Espa\u00f1a\",\"ese oscuro objeto del deseo\",\"Espa\u00f1a Italia Alemania (1939-1945)\",\"Estrellita Castro\",\"Imperio Argentina\",\"Isa Miranda\",\"Jo Evans\",\"Julio Montero\",\"Kristina S\u00f6derbaum\",\"La programaci\u00f3n en Espa\u00f1a (1936-1990)\",\"luis bu\u00f1uel\",\"Luisa Ferida\",\"Marika R\u00f6kk\",\"Mercedes Vecino\",\"Nuria Bou\",\"Prado del Rey\",\"signo e imagen\",\"trabajo\",\"Un perro andaluz\",\"volumen\",\"Xavier P\u00e9rez\",\"Zarah Leander\"],\"articleSection\":[\"actualidad\",\"Cine\",\"ediciones c\u00e1tedra\",\"libros de cine\"],\"inLanguage\":\"es\",\"potentialAction\":[{\"@type\":\"CommentAction\",\"name\":\"Comment\",\"target\":[\"https:\\\/\\\/www.cope.es\\\/blogs\\\/palomitas-de-maiz\\\/2018\\\/05\\\/28\\\/ediciones-catedra-lanza-tres-grandes-titulos-de-cine-y-television-el-mes-de-mayo\\\/#respond\"]}]},{\"@type\":\"WebPage\",\"@id\":\"https:\\\/\\\/www.cope.es\\\/blogs\\\/palomitas-de-maiz\\\/2018\\\/05\\\/28\\\/ediciones-catedra-lanza-tres-grandes-titulos-de-cine-y-television-el-mes-de-mayo\\\/\",\"url\":\"https:\\\/\\\/www.cope.es\\\/blogs\\\/palomitas-de-maiz\\\/2018\\\/05\\\/28\\\/ediciones-catedra-lanza-tres-grandes-titulos-de-cine-y-television-el-mes-de-mayo\\\/\",\"name\":\"C\u00e1tedra lanza tres grandes t\u00edtulos de cine y televisi\u00f3n el mes de mayo\",\"isPartOf\":{\"@id\":\"https:\\\/\\\/www.cope.es\\\/blogs\\\/palomitas-de-maiz\\\/#website\"},\"primaryImageOfPage\":{\"@id\":\"https:\\\/\\\/www.cope.es\\\/blogs\\\/palomitas-de-maiz\\\/2018\\\/05\\\/28\\\/ediciones-catedra-lanza-tres-grandes-titulos-de-cine-y-television-el-mes-de-mayo\\\/#primaryimage\"},\"image\":{\"@id\":\"https:\\\/\\\/www.cope.es\\\/blogs\\\/palomitas-de-maiz\\\/2018\\\/05\\\/28\\\/ediciones-catedra-lanza-tres-grandes-titulos-de-cine-y-television-el-mes-de-mayo\\\/#primaryimage\"},\"thumbnailUrl\":\"https:\\\/\\\/www.cope.es\\\/blogs\\\/palomitas-de-maiz\\\/wp-content\\\/uploads\\\/sites\\\/6\\\/2018\\\/05\\\/catedramayo2018.jpg\",\"datePublished\":\"2018-05-28T16:34:54+00:00\",\"dateModified\":\"2018-05-28T16:40:59+00:00\",\"author\":{\"@id\":\"https:\\\/\\\/www.cope.es\\\/blogs\\\/palomitas-de-maiz\\\/#\\\/schema\\\/person\\\/9fb256f63733c964d19b06de1ca3c9ef\"},\"description\":\"Ediciones C\u00e1tedra lanza tres grandes t\u00edtulos de cine y televisi\u00f3n. El mes pasado nos hac\u00edamos eco dos potentes lanzamientos de la selecta y cuidada editorial C\u00e1tedra. Uno de ellos versaba sobre las pel\u00edculas que vio Franco y el otro pon\u00eda el acento sobre el arte y la cultura visual.\",\"breadcrumb\":{\"@id\":\"https:\\\/\\\/www.cope.es\\\/blogs\\\/palomitas-de-maiz\\\/2018\\\/05\\\/28\\\/ediciones-catedra-lanza-tres-grandes-titulos-de-cine-y-television-el-mes-de-mayo\\\/#breadcrumb\"},\"inLanguage\":\"es\",\"potentialAction\":[{\"@type\":\"ReadAction\",\"target\":[\"https:\\\/\\\/www.cope.es\\\/blogs\\\/palomitas-de-maiz\\\/2018\\\/05\\\/28\\\/ediciones-catedra-lanza-tres-grandes-titulos-de-cine-y-television-el-mes-de-mayo\\\/\"]}]},{\"@type\":\"ImageObject\",\"inLanguage\":\"es\",\"@id\":\"https:\\\/\\\/www.cope.es\\\/blogs\\\/palomitas-de-maiz\\\/2018\\\/05\\\/28\\\/ediciones-catedra-lanza-tres-grandes-titulos-de-cine-y-television-el-mes-de-mayo\\\/#primaryimage\",\"url\":\"https:\\\/\\\/www.cope.es\\\/blogs\\\/palomitas-de-maiz\\\/wp-content\\\/uploads\\\/sites\\\/6\\\/2018\\\/05\\\/catedramayo2018.jpg\",\"contentUrl\":\"https:\\\/\\\/www.cope.es\\\/blogs\\\/palomitas-de-maiz\\\/wp-content\\\/uploads\\\/sites\\\/6\\\/2018\\\/05\\\/catedramayo2018.jpg\",\"width\":725,\"height\":319,\"caption\":\"http:\\\/\\\/www.cope.es\\\/blogs\\\/palomitas-de-maiz\\\/2018\\\/05\\\/28\\\/ediciones-catedra-lanza-tres-grandes-titulos-de-cine-y-television-el-mes-de-mayo\\\/\"},{\"@type\":\"BreadcrumbList\",\"@id\":\"https:\\\/\\\/www.cope.es\\\/blogs\\\/palomitas-de-maiz\\\/2018\\\/05\\\/28\\\/ediciones-catedra-lanza-tres-grandes-titulos-de-cine-y-television-el-mes-de-mayo\\\/#breadcrumb\",\"itemListElement\":[{\"@type\":\"ListItem\",\"position\":1,\"name\":\"Portada\",\"item\":\"https:\\\/\\\/www.cope.es\\\/blogs\\\/palomitas-de-maiz\\\/\"},{\"@type\":\"ListItem\",\"position\":2,\"name\":\"C\u00e1tedra lanza tres grandes t\u00edtulos de cine y televisi\u00f3n el mes de mayo\"}]},{\"@type\":\"WebSite\",\"@id\":\"https:\\\/\\\/www.cope.es\\\/blogs\\\/palomitas-de-maiz\\\/#website\",\"url\":\"https:\\\/\\\/www.cope.es\\\/blogs\\\/palomitas-de-maiz\\\/\",\"name\":\"Palomitas de Ma\u00edz\",\"description\":\"Blog decano de cine de COPE\",\"potentialAction\":[{\"@type\":\"SearchAction\",\"target\":{\"@type\":\"EntryPoint\",\"urlTemplate\":\"https:\\\/\\\/www.cope.es\\\/blogs\\\/palomitas-de-maiz\\\/?s={search_term_string}\"},\"query-input\":{\"@type\":\"PropertyValueSpecification\",\"valueRequired\":true,\"valueName\":\"search_term_string\"}}],\"inLanguage\":\"es\"},{\"@type\":\"Person\",\"@id\":\"https:\\\/\\\/www.cope.es\\\/blogs\\\/palomitas-de-maiz\\\/#\\\/schema\\\/person\\\/9fb256f63733c964d19b06de1ca3c9ef\",\"name\":\"Jos\u00e9 Luis Panero\",\"image\":{\"@type\":\"ImageObject\",\"inLanguage\":\"es\",\"@id\":\"https:\\\/\\\/secure.gravatar.com\\\/avatar\\\/2ef93951eab3cee25932a7219e566376cbf6ddedde3aa3098e7a971991a3ef12?s=96&d=mm&r=g\",\"url\":\"https:\\\/\\\/secure.gravatar.com\\\/avatar\\\/2ef93951eab3cee25932a7219e566376cbf6ddedde3aa3098e7a971991a3ef12?s=96&d=mm&r=g\",\"contentUrl\":\"https:\\\/\\\/secure.gravatar.com\\\/avatar\\\/2ef93951eab3cee25932a7219e566376cbf6ddedde3aa3098e7a971991a3ef12?s=96&d=mm&r=g\",\"caption\":\"Jos\u00e9 Luis Panero\"},\"description\":\"Licenciado en Periodismo y en Comunicaci\u00f3n Audiovisual. Tras m\u00e1s de cuatro a\u00f1os en el diario 'La Gaceta de Los Negocios' y el programa f\u00edlmico 'Pantalla Grande', es cr\u00edtico de cine en 'Ciudad Nueva', 'Pantalla 90', 'COPE' o 'Aleteia' y cr\u00edtico de teatro en 'Hoy en la city'. Ha sido coguionista y ayudante de direcci\u00f3n de cine, ponente en los coloquios de cine del foro FNAC y profesor universitario en diferentes cursos de Periodismo Social. Desde 2003 es miembro del C\u00edrculo de Escritores Cinematogr\u00e1ficos (CEC). En 2008 fund\u00f3 en 'COPE' su blog de cine 'Palomitas de Ma\u00edz'. En 2017 fue nombrado Jurado Oficial del Festival Internacional de Cine de Fuengirola (M\u00e1laga) y ese a\u00f1o la instituci\u00f3n educativa Trinity College-Liceo Serrano le distingui\u00f3 con el nombramiento de 'Profesor de Honor' del centro y miembro ilustre del claustro de profesores. En 2019 fue nombrado Jurado Oficial del Festival Internacional de Cine de Vera (Almer\u00eda). En 2020 fue nombrado Jurado Oficial del Festival Internacional de Cine de Terror de La Mar Bella (Marbella). Como int\u00e9rprete ha sido galardonado con el Premio al Actor Principal del I Festival Nacional UNIR de teatro. Desde 2020 es acad\u00e9mico de las Artes Esc\u00e9nicas de Espa\u00f1a. En 2023 fue nombrado Jurado Oficial de los 'Premios Tal\u00eda' en su I Edici\u00f3n. Y miembro de ASHUMES (Asociaci\u00f3n del Humorismo Espa\u00f1ol) a partir de 2022. En 2023 fue nombrado Jurado Oficial de la II Edici\u00f3n de los 'Premios Godot'.\",\"sameAs\":[\"http:\\\/\\\/www.cope.es\",\"https:\\\/\\\/www.facebook.com\\\/palomitero\\\/\",\"https:\\\/\\\/www.instagram.com\\\/joseluispanero\\\/\",\"https:\\\/\\\/www.linkedin.com\\\/in\\\/jos-luis-panero-gonzlez-barosa-7722a716\\\/\",\"https:\\\/\\\/x.com\\\/PALOMITERO\",\"https:\\\/\\\/www.youtube.com\\\/channel\\\/UCQYaNGiETUXUPXjYu9p3lNw\\\/videos?\",\"https:\\\/\\\/es.wikipedia.org\\\/wiki\\\/Jos_Luis_Panero_Gonzlez-Barosa\"],\"url\":\"https:\\\/\\\/www.cope.es\\\/blogs\\\/palomitas-de-maiz\\\/author\\\/jlpanero\\\/\"}]}<\/script>\n<!-- \/ Yoast SEO plugin. -->","yoast_head_json":{"title":"C\u00e1tedra lanza tres grandes t\u00edtulos de cine y televisi\u00f3n el mes de mayo","description":"Ediciones C\u00e1tedra lanza tres grandes t\u00edtulos de cine y televisi\u00f3n. El mes pasado nos hac\u00edamos eco dos potentes lanzamientos de la selecta y cuidada editorial C\u00e1tedra. Uno de ellos versaba sobre las pel\u00edculas que vio Franco y el otro pon\u00eda el acento sobre el arte y la cultura visual.","robots":{"index":"index","follow":"follow","max-snippet":"max-snippet:-1","max-image-preview":"max-image-preview:large","max-video-preview":"max-video-preview:-1"},"canonical":"https:\/\/www.cope.es\/blogs\/palomitas-de-maiz\/2018\/05\/28\/ediciones-catedra-lanza-tres-grandes-titulos-de-cine-y-television-el-mes-de-mayo\/","og_locale":"es_ES","og_type":"article","og_title":"C\u00e1tedra lanza tres grandes t\u00edtulos de cine y televisi\u00f3n el mes de mayo","og_description":"Ediciones C\u00e1tedra lanza tres grandes t\u00edtulos de cine y televisi\u00f3n. El mes pasado nos hac\u00edamos eco dos potentes lanzamientos de la selecta y cuidada editorial C\u00e1tedra. Uno de ellos versaba sobre las pel\u00edculas que vio Franco y el otro pon\u00eda el acento sobre el arte y la cultura visual.","og_url":"https:\/\/www.cope.es\/blogs\/palomitas-de-maiz\/2018\/05\/28\/ediciones-catedra-lanza-tres-grandes-titulos-de-cine-y-television-el-mes-de-mayo\/","og_site_name":"Palomitas de Ma\u00edz","article_publisher":"https:\/\/www.facebook.com\/cope\/","article_author":"https:\/\/www.facebook.com\/palomitero\/","article_published_time":"2018-05-28T16:34:54+00:00","article_modified_time":"2018-05-28T16:40:59+00:00","og_image":[{"width":725,"height":319,"url":"https:\/\/www.cope.es\/blogs\/palomitas-de-maiz\/wp-content\/uploads\/sites\/6\/2018\/05\/catedramayo2018.jpg","type":"image\/jpeg"}],"author":"Jos\u00e9 Luis Panero","twitter_card":"summary_large_image","twitter_creator":"@PALOMITERO","twitter_site":"@cope_es","twitter_misc":{"Escrito por":"Jos\u00e9 Luis Panero","Tiempo de lectura":"6 minutos"},"schema":{"@context":"https:\/\/schema.org","@graph":[{"@type":"Article","@id":"https:\/\/www.cope.es\/blogs\/palomitas-de-maiz\/2018\/05\/28\/ediciones-catedra-lanza-tres-grandes-titulos-de-cine-y-television-el-mes-de-mayo\/#article","isPartOf":{"@id":"https:\/\/www.cope.es\/blogs\/palomitas-de-maiz\/2018\/05\/28\/ediciones-catedra-lanza-tres-grandes-titulos-de-cine-y-television-el-mes-de-mayo\/"},"author":{"name":"Jos\u00e9 Luis Panero","@id":"https:\/\/www.cope.es\/blogs\/palomitas-de-maiz\/#\/schema\/person\/9fb256f63733c964d19b06de1ca3c9ef"},"headline":"C\u00e1tedra lanza tres grandes t\u00edtulos de cine y televisi\u00f3n el mes de mayo","datePublished":"2018-05-28T16:34:54+00:00","dateModified":"2018-05-28T16:40:59+00:00","mainEntityOfPage":{"@id":"https:\/\/www.cope.es\/blogs\/palomitas-de-maiz\/2018\/05\/28\/ediciones-catedra-lanza-tres-grandes-titulos-de-cine-y-television-el-mes-de-mayo\/"},"wordCount":1267,"commentCount":0,"image":{"@id":"https:\/\/www.cope.es\/blogs\/palomitas-de-maiz\/2018\/05\/28\/ediciones-catedra-lanza-tres-grandes-titulos-de-cine-y-television-el-mes-de-mayo\/#primaryimage"},"thumbnailUrl":"https:\/\/www.cope.es\/blogs\/palomitas-de-maiz\/wp-content\/uploads\/sites\/6\/2018\/05\/catedramayo2018.jpg","keywords":["Alida Valli","Amparo Rivelles","Ana Mariscal","Anna Magnani","Assia Noris","Breixo Viejo","Clara Calamai","Conchita Montenegro","Conchita Montes","correspondencia escogida","ediciones c\u00e1tedra","editorial catedra","El cuerpo er\u00f3tico de la actriz bajo los fascismos Espa\u00f1a","ese oscuro objeto del deseo","Espa\u00f1a Italia Alemania (1939-1945)","Estrellita Castro","Imperio Argentina","Isa Miranda","Jo Evans","Julio Montero","Kristina S\u00f6derbaum","La programaci\u00f3n en Espa\u00f1a (1936-1990)","luis bu\u00f1uel","Luisa Ferida","Marika R\u00f6kk","Mercedes Vecino","Nuria Bou","Prado del Rey","signo e imagen","trabajo","Un perro andaluz","volumen","Xavier P\u00e9rez","Zarah Leander"],"articleSection":["actualidad","Cine","ediciones c\u00e1tedra","libros de cine"],"inLanguage":"es","potentialAction":[{"@type":"CommentAction","name":"Comment","target":["https:\/\/www.cope.es\/blogs\/palomitas-de-maiz\/2018\/05\/28\/ediciones-catedra-lanza-tres-grandes-titulos-de-cine-y-television-el-mes-de-mayo\/#respond"]}]},{"@type":"WebPage","@id":"https:\/\/www.cope.es\/blogs\/palomitas-de-maiz\/2018\/05\/28\/ediciones-catedra-lanza-tres-grandes-titulos-de-cine-y-television-el-mes-de-mayo\/","url":"https:\/\/www.cope.es\/blogs\/palomitas-de-maiz\/2018\/05\/28\/ediciones-catedra-lanza-tres-grandes-titulos-de-cine-y-television-el-mes-de-mayo\/","name":"C\u00e1tedra lanza tres grandes t\u00edtulos de cine y televisi\u00f3n el mes de mayo","isPartOf":{"@id":"https:\/\/www.cope.es\/blogs\/palomitas-de-maiz\/#website"},"primaryImageOfPage":{"@id":"https:\/\/www.cope.es\/blogs\/palomitas-de-maiz\/2018\/05\/28\/ediciones-catedra-lanza-tres-grandes-titulos-de-cine-y-television-el-mes-de-mayo\/#primaryimage"},"image":{"@id":"https:\/\/www.cope.es\/blogs\/palomitas-de-maiz\/2018\/05\/28\/ediciones-catedra-lanza-tres-grandes-titulos-de-cine-y-television-el-mes-de-mayo\/#primaryimage"},"thumbnailUrl":"https:\/\/www.cope.es\/blogs\/palomitas-de-maiz\/wp-content\/uploads\/sites\/6\/2018\/05\/catedramayo2018.jpg","datePublished":"2018-05-28T16:34:54+00:00","dateModified":"2018-05-28T16:40:59+00:00","author":{"@id":"https:\/\/www.cope.es\/blogs\/palomitas-de-maiz\/#\/schema\/person\/9fb256f63733c964d19b06de1ca3c9ef"},"description":"Ediciones C\u00e1tedra lanza tres grandes t\u00edtulos de cine y televisi\u00f3n. El mes pasado nos hac\u00edamos eco dos potentes lanzamientos de la selecta y cuidada editorial C\u00e1tedra. Uno de ellos versaba sobre las pel\u00edculas que vio Franco y el otro pon\u00eda el acento sobre el arte y la cultura visual.","breadcrumb":{"@id":"https:\/\/www.cope.es\/blogs\/palomitas-de-maiz\/2018\/05\/28\/ediciones-catedra-lanza-tres-grandes-titulos-de-cine-y-television-el-mes-de-mayo\/#breadcrumb"},"inLanguage":"es","potentialAction":[{"@type":"ReadAction","target":["https:\/\/www.cope.es\/blogs\/palomitas-de-maiz\/2018\/05\/28\/ediciones-catedra-lanza-tres-grandes-titulos-de-cine-y-television-el-mes-de-mayo\/"]}]},{"@type":"ImageObject","inLanguage":"es","@id":"https:\/\/www.cope.es\/blogs\/palomitas-de-maiz\/2018\/05\/28\/ediciones-catedra-lanza-tres-grandes-titulos-de-cine-y-television-el-mes-de-mayo\/#primaryimage","url":"https:\/\/www.cope.es\/blogs\/palomitas-de-maiz\/wp-content\/uploads\/sites\/6\/2018\/05\/catedramayo2018.jpg","contentUrl":"https:\/\/www.cope.es\/blogs\/palomitas-de-maiz\/wp-content\/uploads\/sites\/6\/2018\/05\/catedramayo2018.jpg","width":725,"height":319,"caption":"http:\/\/www.cope.es\/blogs\/palomitas-de-maiz\/2018\/05\/28\/ediciones-catedra-lanza-tres-grandes-titulos-de-cine-y-television-el-mes-de-mayo\/"},{"@type":"BreadcrumbList","@id":"https:\/\/www.cope.es\/blogs\/palomitas-de-maiz\/2018\/05\/28\/ediciones-catedra-lanza-tres-grandes-titulos-de-cine-y-television-el-mes-de-mayo\/#breadcrumb","itemListElement":[{"@type":"ListItem","position":1,"name":"Portada","item":"https:\/\/www.cope.es\/blogs\/palomitas-de-maiz\/"},{"@type":"ListItem","position":2,"name":"C\u00e1tedra lanza tres grandes t\u00edtulos de cine y televisi\u00f3n el mes de mayo"}]},{"@type":"WebSite","@id":"https:\/\/www.cope.es\/blogs\/palomitas-de-maiz\/#website","url":"https:\/\/www.cope.es\/blogs\/palomitas-de-maiz\/","name":"Palomitas de Ma\u00edz","description":"Blog decano de cine de COPE","potentialAction":[{"@type":"SearchAction","target":{"@type":"EntryPoint","urlTemplate":"https:\/\/www.cope.es\/blogs\/palomitas-de-maiz\/?s={search_term_string}"},"query-input":{"@type":"PropertyValueSpecification","valueRequired":true,"valueName":"search_term_string"}}],"inLanguage":"es"},{"@type":"Person","@id":"https:\/\/www.cope.es\/blogs\/palomitas-de-maiz\/#\/schema\/person\/9fb256f63733c964d19b06de1ca3c9ef","name":"Jos\u00e9 Luis Panero","image":{"@type":"ImageObject","inLanguage":"es","@id":"https:\/\/secure.gravatar.com\/avatar\/2ef93951eab3cee25932a7219e566376cbf6ddedde3aa3098e7a971991a3ef12?s=96&d=mm&r=g","url":"https:\/\/secure.gravatar.com\/avatar\/2ef93951eab3cee25932a7219e566376cbf6ddedde3aa3098e7a971991a3ef12?s=96&d=mm&r=g","contentUrl":"https:\/\/secure.gravatar.com\/avatar\/2ef93951eab3cee25932a7219e566376cbf6ddedde3aa3098e7a971991a3ef12?s=96&d=mm&r=g","caption":"Jos\u00e9 Luis Panero"},"description":"Licenciado en Periodismo y en Comunicaci\u00f3n Audiovisual. Tras m\u00e1s de cuatro a\u00f1os en el diario 'La Gaceta de Los Negocios' y el programa f\u00edlmico 'Pantalla Grande', es cr\u00edtico de cine en 'Ciudad Nueva', 'Pantalla 90', 'COPE' o 'Aleteia' y cr\u00edtico de teatro en 'Hoy en la city'. Ha sido coguionista y ayudante de direcci\u00f3n de cine, ponente en los coloquios de cine del foro FNAC y profesor universitario en diferentes cursos de Periodismo Social. Desde 2003 es miembro del C\u00edrculo de Escritores Cinematogr\u00e1ficos (CEC). En 2008 fund\u00f3 en 'COPE' su blog de cine 'Palomitas de Ma\u00edz'. En 2017 fue nombrado Jurado Oficial del Festival Internacional de Cine de Fuengirola (M\u00e1laga) y ese a\u00f1o la instituci\u00f3n educativa Trinity College-Liceo Serrano le distingui\u00f3 con el nombramiento de 'Profesor de Honor' del centro y miembro ilustre del claustro de profesores. En 2019 fue nombrado Jurado Oficial del Festival Internacional de Cine de Vera (Almer\u00eda). En 2020 fue nombrado Jurado Oficial del Festival Internacional de Cine de Terror de La Mar Bella (Marbella). Como int\u00e9rprete ha sido galardonado con el Premio al Actor Principal del I Festival Nacional UNIR de teatro. Desde 2020 es acad\u00e9mico de las Artes Esc\u00e9nicas de Espa\u00f1a. En 2023 fue nombrado Jurado Oficial de los 'Premios Tal\u00eda' en su I Edici\u00f3n. Y miembro de ASHUMES (Asociaci\u00f3n del Humorismo Espa\u00f1ol) a partir de 2022. En 2023 fue nombrado Jurado Oficial de la II Edici\u00f3n de los 'Premios Godot'.","sameAs":["http:\/\/www.cope.es","https:\/\/www.facebook.com\/palomitero\/","https:\/\/www.instagram.com\/joseluispanero\/","https:\/\/www.linkedin.com\/in\/jos-luis-panero-gonzlez-barosa-7722a716\/","https:\/\/x.com\/PALOMITERO","https:\/\/www.youtube.com\/channel\/UCQYaNGiETUXUPXjYu9p3lNw\/videos?","https:\/\/es.wikipedia.org\/wiki\/Jos_Luis_Panero_Gonzlez-Barosa"],"url":"https:\/\/www.cope.es\/blogs\/palomitas-de-maiz\/author\/jlpanero\/"}]}},"amp_enabled":true,"_links":{"self":[{"href":"https:\/\/www.cope.es\/blogs\/palomitas-de-maiz\/wp-json\/wp\/v2\/posts\/1539","targetHints":{"allow":["GET"]}}],"collection":[{"href":"https:\/\/www.cope.es\/blogs\/palomitas-de-maiz\/wp-json\/wp\/v2\/posts"}],"about":[{"href":"https:\/\/www.cope.es\/blogs\/palomitas-de-maiz\/wp-json\/wp\/v2\/types\/post"}],"author":[{"embeddable":true,"href":"https:\/\/www.cope.es\/blogs\/palomitas-de-maiz\/wp-json\/wp\/v2\/users\/6"}],"replies":[{"embeddable":true,"href":"https:\/\/www.cope.es\/blogs\/palomitas-de-maiz\/wp-json\/wp\/v2\/comments?post=1539"}],"version-history":[{"count":2,"href":"https:\/\/www.cope.es\/blogs\/palomitas-de-maiz\/wp-json\/wp\/v2\/posts\/1539\/revisions"}],"predecessor-version":[{"id":1551,"href":"https:\/\/www.cope.es\/blogs\/palomitas-de-maiz\/wp-json\/wp\/v2\/posts\/1539\/revisions\/1551"}],"wp:featuredmedia":[{"embeddable":true,"href":"https:\/\/www.cope.es\/blogs\/palomitas-de-maiz\/wp-json\/wp\/v2\/media\/1547"}],"wp:attachment":[{"href":"https:\/\/www.cope.es\/blogs\/palomitas-de-maiz\/wp-json\/wp\/v2\/media?parent=1539"}],"wp:term":[{"taxonomy":"category","embeddable":true,"href":"https:\/\/www.cope.es\/blogs\/palomitas-de-maiz\/wp-json\/wp\/v2\/categories?post=1539"},{"taxonomy":"post_tag","embeddable":true,"href":"https:\/\/www.cope.es\/blogs\/palomitas-de-maiz\/wp-json\/wp\/v2\/tags?post=1539"}],"curies":[{"name":"wp","href":"https:\/\/api.w.org\/{rel}","templated":true}]}}