{"id":1227,"date":"2018-05-03T07:12:42","date_gmt":"2018-05-03T05:12:42","guid":{"rendered":"http:\/\/www.cope.es\/blogs\/palomitas-de-maiz\/?p=1227"},"modified":"2018-05-03T07:14:53","modified_gmt":"2018-05-03T05:14:53","slug":"arranca-documentamadrid-xv-edicion-festival-internacional-de-cine-documental-madrid","status":"publish","type":"post","link":"https:\/\/www.cope.es\/blogs\/palomitas-de-maiz\/2018\/05\/03\/arranca-documentamadrid-xv-edicion-festival-internacional-de-cine-documental-madrid\/","title":{"rendered":"Arranca DocumentaMadrid. XV edici\u00f3n del Festival Internacional de Cine Documental de Madrid"},"content":{"rendered":"<p>\u00a1Mis queridos palomiteros! Hoy,\u00a0jueves 3 de mayo\u00a0a las\u00a019:30 h.,\u00a0arranca DocumentaMadrid. XV edici\u00f3n Festival Internacional de Cine Documental, que se celebrar\u00e1 del 3 al 13 de mayo de 2018.\u00a0<strong>DocumentaMadrid<\/strong> sirve como un punto de encuentro anual entre los creadores, profesionales y el p\u00fablico al que dirigen sus obras.<\/p>\n<p>La pasada edici\u00f3n cont\u00f3 con 4 nuevas secciones competitivas sumando un total de 6: Competici\u00f3n Largometraje\u00a0y Cortometraje Internacional, Competici\u00f3n Largometraje y Cortometraje Nacional, Competici\u00f3n Largometraje y Cortometraje\u00a0Fugas, esta \u00faltima dedicada al cine m\u00e1s innovador y arriesgado.<\/p>\n<figure id=\"attachment_1234\" aria-describedby=\"caption-attachment-1234\" style=\"width: 725px\" class=\"wp-caption aligncenter\"><img loading=\"lazy\" decoding=\"async\" width=\"725\" height=\"1087\" class=\"wp-image-1234 size-full\" src=\"http:\/\/www.cope.es\/blogs\/palomitas-de-maiz\/wp-content\/uploads\/sites\/6\/2018\/05\/DOCUMENTAMADRID_CARTELES.jpg\" alt=\"Cartel promocional de DocumentaMadrid 2018. XV Festival Internacional de Cine Documental\" srcset=\"https:\/\/www.cope.es\/blogs\/palomitas-de-maiz\/wp-content\/uploads\/sites\/6\/2018\/05\/DOCUMENTAMADRID_CARTELES.jpg 725w, https:\/\/www.cope.es\/blogs\/palomitas-de-maiz\/wp-content\/uploads\/sites\/6\/2018\/05\/DOCUMENTAMADRID_CARTELES-200x300.jpg 200w, https:\/\/www.cope.es\/blogs\/palomitas-de-maiz\/wp-content\/uploads\/sites\/6\/2018\/05\/DOCUMENTAMADRID_CARTELES-683x1024.jpg 683w\" sizes=\"auto, (max-width: 725px) 100vw, 725px\" \/><figcaption id=\"caption-attachment-1234\" class=\"wp-caption-text\">Cartel promocional de <strong>DocumentaMadrid<\/strong> 2018. XV Festival Internacional de Cine Documental<\/figcaption><\/figure>\n<p>Se trata de un festival donde los cineastas compiten por el\u00a0Premio Cineteca Madrid\u00a0de P\u00fablico\u00a0al Mejor Largometraje y al Mejor Cortometraje de todas las Secciones Competitivas, que consiste en la exhibici\u00f3n de las pel\u00edculas ganadoras en Cineteca Madrid y su distribuci\u00f3n en otros distritos de la ciudad.<\/p>\n<h2>Se rendir\u00e1 homenaje al cineasta estadounidense\u00a0Ross McElwee,\u00a0quien recoger\u00e1 el trofeo que el festival le otorga en reconocimiento a su trayectoria<\/h2>\n<p>Invitados como\u00a0<strong>Laila Pakalnina<\/strong>\u00a0o\u00a0<strong>Ross McElwee<\/strong>, cineastas nacionales e internacionales\u00a0y numerosos rostros de la Cultura en nuestro pa\u00eds estar\u00e1n presentes en el acto\u00a0inaugural, que culminar\u00e1 con la proyecci\u00f3n del largometraje\u00a0<a href=\"https:\/\/linkedin.us1.list-manage.com\/track\/click?u=2a1e52babb666ceae5df1d0f5&amp;id=5d5420a03f&amp;e=7146b52da1\"><em>Ant\u00edgona<\/em>,\u00a0<\/a>del mexicano\u00a0<strong>Pedro Gonz\u00e1lez Rubio<\/strong>.<\/p>\n<p><iframe loading=\"lazy\" width=\"675\" height=\"380\" src=\"https:\/\/www.youtube.com\/embed\/xse4BZqRznM?feature=oembed\" frameborder=\"0\" allow=\"autoplay; encrypted-media\" allowfullscreen><\/iframe><\/p>\n<p><strong>Andrea Guzm\u00e1n<\/strong> y <strong>David Varela<\/strong>, codirectores art\u00edsticos del festival, dar\u00e1n la bienvenida a la XV edici\u00f3n acompa\u00f1ados por la cineasta letona\u00a0<a href=\"https:\/\/linkedin.us1.list-manage.com\/track\/click?u=2a1e52babb666ceae5df1d0f5&amp;id=f96af5c7b9&amp;e=7146b52da1\">Laila Pakalnina,\u00a0<\/a>protagonista de una de las retrospectivas m\u00e1s esperadas de esta edici\u00f3n, y la representante de la Embajadora de Letonia, <strong>El\u012bna Saldovere<\/strong>.<\/p>\n<p>Durante el acto, se rendir\u00e1 homenaje al cineasta estadounidense\u00a0<a href=\"https:\/\/linkedin.us1.list-manage.com\/track\/click?u=2a1e52babb666ceae5df1d0f5&amp;id=268444246f&amp;e=7146b52da1\">Ross McElwee,<\/a>\u00a0quien recoger\u00e1 el trofeo que el festival le otorga en reconocimiento a su trayectoria. Tambi\u00e9n intervendr\u00e1 en el acto\u00a0<strong>Antonio Delgado<\/strong>, creador y primer director del festival de 2004 a 2012 y\u00a0<strong>Yolanda Pividal<\/strong>,\u00a0coordinadora art\u00edstica de <a href=\"https:\/\/www.cinetecamadrid.com\/\">Cineteca<\/a> Madrid.<\/p>\n<p>Durante los pr\u00f3ximos d\u00edas el cine de lo real inundar\u00e1 cada rinc\u00f3n de la ciudad de Madrid, con proyecciones en Cineteca Madrid, <a href=\"https:\/\/www.mecd.gob.es\/cultura\/areas\/cine\/mc\/fe\/cine-dore\/programacion.html\">Filmoteca Espa\u00f1ola-Cine Dor\u00e9<\/a>, <a href=\"http:\/\/www.casamerica.es\/\">Casa de Am\u00e9rica<\/a>, <a href=\"https:\/\/es.wikipedia.org\/wiki\/Casa_del_Reloj\">Casa del Reloj<\/a>, <a href=\"http:\/\/salaequis.es\/\">Sala Equis<\/a> y ocho centros culturales repartidos por la ciudad.<\/p>\n<p>Adem\u00e1s, el festival servir\u00e1 como punto de encuentro de invitados especiales\u00a0como el brasile\u00f1o\u00a0<a href=\"https:\/\/linkedin.us1.list-manage.com\/track\/click?u=2a1e52babb666ceae5df1d0f5&amp;id=a8c7b19f72&amp;e=7146b52da1\">Joao Moreira Salles<\/a>\u00a0o el estadounidense\u00a0<a href=\"https:\/\/linkedin.us1.list-manage.com\/track\/click?u=2a1e52babb666ceae5df1d0f5&amp;id=d8847e6300&amp;e=7146b52da1\">Ross McElwee,<\/a>\u00a0sin contar con m\u00e1s de ochenta\u00a0profesionales y cineastas de todo el mundo\u00a0que compartir\u00e1n, un a\u00f1o m\u00e1s, el festival impulsado por el <a href=\"http:\/\/www.madrid.es\/portal\/site\/munimadrid\">Ayuntamiento de Madrid<\/a>.<\/p>\n<p><iframe loading=\"lazy\" width=\"675\" height=\"380\" src=\"https:\/\/www.youtube.com\/embed\/IMf0gmiz3Kc?feature=oembed\" frameborder=\"0\" allow=\"autoplay; encrypted-media\" allowfullscreen><\/iframe><\/p>\n<p>\u00a1Espero verte por all\u00ed, palomitero!<\/p>\n","protected":false},"excerpt":{"rendered":"<p>\u00a1Mis queridos palomiteros! Hoy,\u00a0jueves 3 de mayo\u00a0a las\u00a019:30 h.,\u00a0arranca DocumentaMadrid. XV edici\u00f3n Festival Internacional de Cine Documental, que se celebrar\u00e1 del 3 al 13 de mayo de 2018.\u00a0DocumentaMadrid sirve como un punto de encuentro anual entre los creadores, profesionales y el p\u00fablico al que dirigen sus obras. La pasada edici\u00f3n cont\u00f3 con 4 nuevas secciones [&hellip;]<\/p>\n","protected":false},"author":6,"featured_media":1238,"comment_status":"open","ping_status":"open","sticky":false,"template":"","format":"standard","meta":{"footnotes":""},"categories":[336,49,1247,1231,611],"tags":[1238,1236,1241,1244,413,1243,1239,331,1232,1240,969,1246,1234,1237,1235,1245,1233,1242],"class_list":["post-1227","post","type-post","status-publish","format-standard","has-post-thumbnail","hentry","category-actualidad","category-cine","category-cine-documental","category-documentamadrid","category-estreno","tag-andrea-guzman","tag-antigona","tag-antonio-delgado","tag-casa-de-america","tag-casa-del-reloj","tag-cineteca","tag-david-varela","tag-documental","tag-documentamadrid","tag-elina-saldovere","tag-filmoteca","tag-joao-moreira-salles","tag-laila-pakalnina","tag-pedro-gonzalez-rubio","tag-ross-mcelwee","tag-sala-equis","tag-xv-festival-internacional-de-cine","tag-yolanda-pividal"],"yoast_head":"<!-- This site is optimized with the Yoast SEO plugin v27.4 - https:\/\/yoast.com\/product\/yoast-seo-wordpress\/ -->\n<title>DocumentaMadrid. XV edici\u00f3n Festival Internacional de Cine Documental<\/title>\n<meta name=\"description\" content=\"Hoy,\u00a0jueves 3 de mayo\u00a0a las\u00a019:30 h.,\u00a0arranca DocumentaMadrid. XV edici\u00f3n Festival Internacional de Cine Documental, que se celebrar\u00e1 del 3 al 13 de mayo de 2018.\u00a0DocumentaMadrid sirve como un punto de encuentro anual entre los creadores, profesionales y el p\u00fablico al que dirigen sus obras.\" \/>\n<meta name=\"robots\" content=\"index, follow, max-snippet:-1, max-image-preview:large, max-video-preview:-1\" \/>\n<link rel=\"canonical\" href=\"https:\/\/www.cope.es\/blogs\/palomitas-de-maiz\/2018\/05\/03\/arranca-documentamadrid-xv-edicion-festival-internacional-de-cine-documental-madrid\/\" \/>\n<meta property=\"og:locale\" content=\"es_ES\" \/>\n<meta property=\"og:type\" content=\"article\" \/>\n<meta property=\"og:title\" content=\"DocumentaMadrid. XV edici\u00f3n Festival Internacional de Cine Documental\" \/>\n<meta property=\"og:description\" content=\"Hoy,\u00a0jueves 3 de mayo\u00a0a las\u00a019:30 h.,\u00a0arranca DocumentaMadrid. XV edici\u00f3n Festival Internacional de Cine Documental, que se celebrar\u00e1 del 3 al 13 de mayo de 2018.\u00a0DocumentaMadrid sirve como un punto de encuentro anual entre los creadores, profesionales y el p\u00fablico al que dirigen sus obras.\" \/>\n<meta property=\"og:url\" content=\"https:\/\/www.cope.es\/blogs\/palomitas-de-maiz\/2018\/05\/03\/arranca-documentamadrid-xv-edicion-festival-internacional-de-cine-documental-madrid\/\" \/>\n<meta property=\"og:site_name\" content=\"Palomitas de Ma\u00edz\" \/>\n<meta property=\"article:publisher\" content=\"https:\/\/www.facebook.com\/cope\/\" \/>\n<meta property=\"article:author\" content=\"https:\/\/www.facebook.com\/palomitero\/\" \/>\n<meta property=\"article:published_time\" content=\"2018-05-03T05:12:42+00:00\" \/>\n<meta property=\"article:modified_time\" content=\"2018-05-03T05:14:53+00:00\" \/>\n<meta property=\"og:image\" content=\"https:\/\/www.cope.es\/blogs\/palomitas-de-maiz\/wp-content\/uploads\/sites\/6\/2018\/05\/carteldocumentamadrid2018-2.jpg\" \/>\n\t<meta property=\"og:image:width\" content=\"725\" \/>\n\t<meta property=\"og:image:height\" content=\"356\" \/>\n\t<meta property=\"og:image:type\" content=\"image\/jpeg\" \/>\n<meta name=\"author\" content=\"Jos\u00e9 Luis Panero\" \/>\n<meta name=\"twitter:card\" content=\"summary_large_image\" \/>\n<meta name=\"twitter:creator\" content=\"@PALOMITERO\" \/>\n<meta name=\"twitter:site\" content=\"@cope_es\" \/>\n<meta name=\"twitter:label1\" content=\"Escrito por\" \/>\n\t<meta name=\"twitter:data1\" content=\"Jos\u00e9 Luis Panero\" \/>\n\t<meta name=\"twitter:label2\" content=\"Tiempo de lectura\" \/>\n\t<meta name=\"twitter:data2\" content=\"2 minutos\" \/>\n<script type=\"application\/ld+json\" class=\"yoast-schema-graph\">{\"@context\":\"https:\\\/\\\/schema.org\",\"@graph\":[{\"@type\":\"Article\",\"@id\":\"https:\\\/\\\/www.cope.es\\\/blogs\\\/palomitas-de-maiz\\\/2018\\\/05\\\/03\\\/arranca-documentamadrid-xv-edicion-festival-internacional-de-cine-documental-madrid\\\/#article\",\"isPartOf\":{\"@id\":\"https:\\\/\\\/www.cope.es\\\/blogs\\\/palomitas-de-maiz\\\/2018\\\/05\\\/03\\\/arranca-documentamadrid-xv-edicion-festival-internacional-de-cine-documental-madrid\\\/\"},\"author\":{\"name\":\"Jos\u00e9 Luis Panero\",\"@id\":\"https:\\\/\\\/www.cope.es\\\/blogs\\\/palomitas-de-maiz\\\/#\\\/schema\\\/person\\\/9fb256f63733c964d19b06de1ca3c9ef\"},\"headline\":\"Arranca DocumentaMadrid. XV edici\u00f3n del Festival Internacional de Cine Documental de Madrid\",\"datePublished\":\"2018-05-03T05:12:42+00:00\",\"dateModified\":\"2018-05-03T05:14:53+00:00\",\"mainEntityOfPage\":{\"@id\":\"https:\\\/\\\/www.cope.es\\\/blogs\\\/palomitas-de-maiz\\\/2018\\\/05\\\/03\\\/arranca-documentamadrid-xv-edicion-festival-internacional-de-cine-documental-madrid\\\/\"},\"wordCount\":466,\"commentCount\":0,\"image\":{\"@id\":\"https:\\\/\\\/www.cope.es\\\/blogs\\\/palomitas-de-maiz\\\/2018\\\/05\\\/03\\\/arranca-documentamadrid-xv-edicion-festival-internacional-de-cine-documental-madrid\\\/#primaryimage\"},\"thumbnailUrl\":\"https:\\\/\\\/www.cope.es\\\/blogs\\\/palomitas-de-maiz\\\/wp-content\\\/uploads\\\/sites\\\/6\\\/2018\\\/05\\\/carteldocumentamadrid2018-2.jpg\",\"keywords\":[\"Andrea Guzm\u00e1n\",\"ant\u00edgona\",\"Antonio Delgado\",\"casa de am\u00e9rica\",\"casa del reloj\",\"cineteca\",\"David Varela\",\"documental\",\"documentamadrid\",\"el\u012bna Saldovere\",\"filmoteca\",\"Joao Moreira Salles\",\"Laila Pakalnina\",\"pedro gonz\u00e1lez rubio\",\"Ross McElwee\",\"sala equis\",\"xv festival internacional de cine\",\"Yolanda Pividal\"],\"articleSection\":[\"actualidad\",\"Cine\",\"Cine Documental\",\"documentamadrid\",\"estreno\"],\"inLanguage\":\"es\",\"potentialAction\":[{\"@type\":\"CommentAction\",\"name\":\"Comment\",\"target\":[\"https:\\\/\\\/www.cope.es\\\/blogs\\\/palomitas-de-maiz\\\/2018\\\/05\\\/03\\\/arranca-documentamadrid-xv-edicion-festival-internacional-de-cine-documental-madrid\\\/#respond\"]}]},{\"@type\":\"WebPage\",\"@id\":\"https:\\\/\\\/www.cope.es\\\/blogs\\\/palomitas-de-maiz\\\/2018\\\/05\\\/03\\\/arranca-documentamadrid-xv-edicion-festival-internacional-de-cine-documental-madrid\\\/\",\"url\":\"https:\\\/\\\/www.cope.es\\\/blogs\\\/palomitas-de-maiz\\\/2018\\\/05\\\/03\\\/arranca-documentamadrid-xv-edicion-festival-internacional-de-cine-documental-madrid\\\/\",\"name\":\"DocumentaMadrid. XV edici\u00f3n Festival Internacional de Cine Documental\",\"isPartOf\":{\"@id\":\"https:\\\/\\\/www.cope.es\\\/blogs\\\/palomitas-de-maiz\\\/#website\"},\"primaryImageOfPage\":{\"@id\":\"https:\\\/\\\/www.cope.es\\\/blogs\\\/palomitas-de-maiz\\\/2018\\\/05\\\/03\\\/arranca-documentamadrid-xv-edicion-festival-internacional-de-cine-documental-madrid\\\/#primaryimage\"},\"image\":{\"@id\":\"https:\\\/\\\/www.cope.es\\\/blogs\\\/palomitas-de-maiz\\\/2018\\\/05\\\/03\\\/arranca-documentamadrid-xv-edicion-festival-internacional-de-cine-documental-madrid\\\/#primaryimage\"},\"thumbnailUrl\":\"https:\\\/\\\/www.cope.es\\\/blogs\\\/palomitas-de-maiz\\\/wp-content\\\/uploads\\\/sites\\\/6\\\/2018\\\/05\\\/carteldocumentamadrid2018-2.jpg\",\"datePublished\":\"2018-05-03T05:12:42+00:00\",\"dateModified\":\"2018-05-03T05:14:53+00:00\",\"author\":{\"@id\":\"https:\\\/\\\/www.cope.es\\\/blogs\\\/palomitas-de-maiz\\\/#\\\/schema\\\/person\\\/9fb256f63733c964d19b06de1ca3c9ef\"},\"description\":\"Hoy,\u00a0jueves 3 de mayo\u00a0a las\u00a019:30 h.,\u00a0arranca DocumentaMadrid. XV edici\u00f3n Festival Internacional de Cine Documental, que se celebrar\u00e1 del 3 al 13 de mayo de 2018.\u00a0DocumentaMadrid sirve como un punto de encuentro anual entre los creadores, profesionales y el p\u00fablico al que dirigen sus obras.\",\"breadcrumb\":{\"@id\":\"https:\\\/\\\/www.cope.es\\\/blogs\\\/palomitas-de-maiz\\\/2018\\\/05\\\/03\\\/arranca-documentamadrid-xv-edicion-festival-internacional-de-cine-documental-madrid\\\/#breadcrumb\"},\"inLanguage\":\"es\",\"potentialAction\":[{\"@type\":\"ReadAction\",\"target\":[\"https:\\\/\\\/www.cope.es\\\/blogs\\\/palomitas-de-maiz\\\/2018\\\/05\\\/03\\\/arranca-documentamadrid-xv-edicion-festival-internacional-de-cine-documental-madrid\\\/\"]}]},{\"@type\":\"ImageObject\",\"inLanguage\":\"es\",\"@id\":\"https:\\\/\\\/www.cope.es\\\/blogs\\\/palomitas-de-maiz\\\/2018\\\/05\\\/03\\\/arranca-documentamadrid-xv-edicion-festival-internacional-de-cine-documental-madrid\\\/#primaryimage\",\"url\":\"https:\\\/\\\/www.cope.es\\\/blogs\\\/palomitas-de-maiz\\\/wp-content\\\/uploads\\\/sites\\\/6\\\/2018\\\/05\\\/carteldocumentamadrid2018-2.jpg\",\"contentUrl\":\"https:\\\/\\\/www.cope.es\\\/blogs\\\/palomitas-de-maiz\\\/wp-content\\\/uploads\\\/sites\\\/6\\\/2018\\\/05\\\/carteldocumentamadrid2018-2.jpg\",\"width\":725,\"height\":356,\"caption\":\"http:\\\/\\\/www.cope.es\\\/blogs\\\/palomitas-de-maiz\\\/2018\\\/05\\\/03\\\/arranca-documentamadrid-xv-edicion-festival-internacional-de-cine-documental-madrid\\\/\"},{\"@type\":\"BreadcrumbList\",\"@id\":\"https:\\\/\\\/www.cope.es\\\/blogs\\\/palomitas-de-maiz\\\/2018\\\/05\\\/03\\\/arranca-documentamadrid-xv-edicion-festival-internacional-de-cine-documental-madrid\\\/#breadcrumb\",\"itemListElement\":[{\"@type\":\"ListItem\",\"position\":1,\"name\":\"Portada\",\"item\":\"https:\\\/\\\/www.cope.es\\\/blogs\\\/palomitas-de-maiz\\\/\"},{\"@type\":\"ListItem\",\"position\":2,\"name\":\"Arranca DocumentaMadrid. XV edici\u00f3n del Festival Internacional de Cine Documental de Madrid\"}]},{\"@type\":\"WebSite\",\"@id\":\"https:\\\/\\\/www.cope.es\\\/blogs\\\/palomitas-de-maiz\\\/#website\",\"url\":\"https:\\\/\\\/www.cope.es\\\/blogs\\\/palomitas-de-maiz\\\/\",\"name\":\"Palomitas de Ma\u00edz\",\"description\":\"Blog decano de cine de COPE\",\"potentialAction\":[{\"@type\":\"SearchAction\",\"target\":{\"@type\":\"EntryPoint\",\"urlTemplate\":\"https:\\\/\\\/www.cope.es\\\/blogs\\\/palomitas-de-maiz\\\/?s={search_term_string}\"},\"query-input\":{\"@type\":\"PropertyValueSpecification\",\"valueRequired\":true,\"valueName\":\"search_term_string\"}}],\"inLanguage\":\"es\"},{\"@type\":\"Person\",\"@id\":\"https:\\\/\\\/www.cope.es\\\/blogs\\\/palomitas-de-maiz\\\/#\\\/schema\\\/person\\\/9fb256f63733c964d19b06de1ca3c9ef\",\"name\":\"Jos\u00e9 Luis Panero\",\"image\":{\"@type\":\"ImageObject\",\"inLanguage\":\"es\",\"@id\":\"https:\\\/\\\/secure.gravatar.com\\\/avatar\\\/2ef93951eab3cee25932a7219e566376cbf6ddedde3aa3098e7a971991a3ef12?s=96&d=mm&r=g\",\"url\":\"https:\\\/\\\/secure.gravatar.com\\\/avatar\\\/2ef93951eab3cee25932a7219e566376cbf6ddedde3aa3098e7a971991a3ef12?s=96&d=mm&r=g\",\"contentUrl\":\"https:\\\/\\\/secure.gravatar.com\\\/avatar\\\/2ef93951eab3cee25932a7219e566376cbf6ddedde3aa3098e7a971991a3ef12?s=96&d=mm&r=g\",\"caption\":\"Jos\u00e9 Luis Panero\"},\"description\":\"Licenciado en Periodismo y en Comunicaci\u00f3n Audiovisual. Tras m\u00e1s de cuatro a\u00f1os en el diario 'La Gaceta de Los Negocios' y el programa f\u00edlmico 'Pantalla Grande', es cr\u00edtico de cine en 'Ciudad Nueva', 'Pantalla 90', 'COPE' o 'Aleteia' y cr\u00edtico de teatro en 'Hoy en la city'. Ha sido coguionista y ayudante de direcci\u00f3n de cine, ponente en los coloquios de cine del foro FNAC y profesor universitario en diferentes cursos de Periodismo Social. Desde 2003 es miembro del C\u00edrculo de Escritores Cinematogr\u00e1ficos (CEC). En 2008 fund\u00f3 en 'COPE' su blog de cine 'Palomitas de Ma\u00edz'. En 2017 fue nombrado Jurado Oficial del Festival Internacional de Cine de Fuengirola (M\u00e1laga) y ese a\u00f1o la instituci\u00f3n educativa Trinity College-Liceo Serrano le distingui\u00f3 con el nombramiento de 'Profesor de Honor' del centro y miembro ilustre del claustro de profesores. En 2019 fue nombrado Jurado Oficial del Festival Internacional de Cine de Vera (Almer\u00eda). En 2020 fue nombrado Jurado Oficial del Festival Internacional de Cine de Terror de La Mar Bella (Marbella). Como int\u00e9rprete ha sido galardonado con el Premio al Actor Principal del I Festival Nacional UNIR de teatro. Desde 2020 es acad\u00e9mico de las Artes Esc\u00e9nicas de Espa\u00f1a. En 2023 fue nombrado Jurado Oficial de los 'Premios Tal\u00eda' en su I Edici\u00f3n. Y miembro de ASHUMES (Asociaci\u00f3n del Humorismo Espa\u00f1ol) a partir de 2022. En 2023 fue nombrado Jurado Oficial de la II Edici\u00f3n de los 'Premios Godot'.\",\"sameAs\":[\"http:\\\/\\\/www.cope.es\",\"https:\\\/\\\/www.facebook.com\\\/palomitero\\\/\",\"https:\\\/\\\/www.instagram.com\\\/joseluispanero\\\/\",\"https:\\\/\\\/www.linkedin.com\\\/in\\\/jos-luis-panero-gonzlez-barosa-7722a716\\\/\",\"https:\\\/\\\/x.com\\\/PALOMITERO\",\"https:\\\/\\\/www.youtube.com\\\/channel\\\/UCQYaNGiETUXUPXjYu9p3lNw\\\/videos?\",\"https:\\\/\\\/es.wikipedia.org\\\/wiki\\\/Jos_Luis_Panero_Gonzlez-Barosa\"],\"url\":\"https:\\\/\\\/www.cope.es\\\/blogs\\\/palomitas-de-maiz\\\/author\\\/jlpanero\\\/\"}]}<\/script>\n<!-- \/ Yoast SEO plugin. -->","yoast_head_json":{"title":"DocumentaMadrid. XV edici\u00f3n Festival Internacional de Cine Documental","description":"Hoy,\u00a0jueves 3 de mayo\u00a0a las\u00a019:30 h.,\u00a0arranca DocumentaMadrid. XV edici\u00f3n Festival Internacional de Cine Documental, que se celebrar\u00e1 del 3 al 13 de mayo de 2018.\u00a0DocumentaMadrid sirve como un punto de encuentro anual entre los creadores, profesionales y el p\u00fablico al que dirigen sus obras.","robots":{"index":"index","follow":"follow","max-snippet":"max-snippet:-1","max-image-preview":"max-image-preview:large","max-video-preview":"max-video-preview:-1"},"canonical":"https:\/\/www.cope.es\/blogs\/palomitas-de-maiz\/2018\/05\/03\/arranca-documentamadrid-xv-edicion-festival-internacional-de-cine-documental-madrid\/","og_locale":"es_ES","og_type":"article","og_title":"DocumentaMadrid. XV edici\u00f3n Festival Internacional de Cine Documental","og_description":"Hoy,\u00a0jueves 3 de mayo\u00a0a las\u00a019:30 h.,\u00a0arranca DocumentaMadrid. XV edici\u00f3n Festival Internacional de Cine Documental, que se celebrar\u00e1 del 3 al 13 de mayo de 2018.\u00a0DocumentaMadrid sirve como un punto de encuentro anual entre los creadores, profesionales y el p\u00fablico al que dirigen sus obras.","og_url":"https:\/\/www.cope.es\/blogs\/palomitas-de-maiz\/2018\/05\/03\/arranca-documentamadrid-xv-edicion-festival-internacional-de-cine-documental-madrid\/","og_site_name":"Palomitas de Ma\u00edz","article_publisher":"https:\/\/www.facebook.com\/cope\/","article_author":"https:\/\/www.facebook.com\/palomitero\/","article_published_time":"2018-05-03T05:12:42+00:00","article_modified_time":"2018-05-03T05:14:53+00:00","og_image":[{"width":725,"height":356,"url":"https:\/\/www.cope.es\/blogs\/palomitas-de-maiz\/wp-content\/uploads\/sites\/6\/2018\/05\/carteldocumentamadrid2018-2.jpg","type":"image\/jpeg"}],"author":"Jos\u00e9 Luis Panero","twitter_card":"summary_large_image","twitter_creator":"@PALOMITERO","twitter_site":"@cope_es","twitter_misc":{"Escrito por":"Jos\u00e9 Luis Panero","Tiempo de lectura":"2 minutos"},"schema":{"@context":"https:\/\/schema.org","@graph":[{"@type":"Article","@id":"https:\/\/www.cope.es\/blogs\/palomitas-de-maiz\/2018\/05\/03\/arranca-documentamadrid-xv-edicion-festival-internacional-de-cine-documental-madrid\/#article","isPartOf":{"@id":"https:\/\/www.cope.es\/blogs\/palomitas-de-maiz\/2018\/05\/03\/arranca-documentamadrid-xv-edicion-festival-internacional-de-cine-documental-madrid\/"},"author":{"name":"Jos\u00e9 Luis Panero","@id":"https:\/\/www.cope.es\/blogs\/palomitas-de-maiz\/#\/schema\/person\/9fb256f63733c964d19b06de1ca3c9ef"},"headline":"Arranca DocumentaMadrid. XV edici\u00f3n del Festival Internacional de Cine Documental de Madrid","datePublished":"2018-05-03T05:12:42+00:00","dateModified":"2018-05-03T05:14:53+00:00","mainEntityOfPage":{"@id":"https:\/\/www.cope.es\/blogs\/palomitas-de-maiz\/2018\/05\/03\/arranca-documentamadrid-xv-edicion-festival-internacional-de-cine-documental-madrid\/"},"wordCount":466,"commentCount":0,"image":{"@id":"https:\/\/www.cope.es\/blogs\/palomitas-de-maiz\/2018\/05\/03\/arranca-documentamadrid-xv-edicion-festival-internacional-de-cine-documental-madrid\/#primaryimage"},"thumbnailUrl":"https:\/\/www.cope.es\/blogs\/palomitas-de-maiz\/wp-content\/uploads\/sites\/6\/2018\/05\/carteldocumentamadrid2018-2.jpg","keywords":["Andrea Guzm\u00e1n","ant\u00edgona","Antonio Delgado","casa de am\u00e9rica","casa del reloj","cineteca","David Varela","documental","documentamadrid","el\u012bna Saldovere","filmoteca","Joao Moreira Salles","Laila Pakalnina","pedro gonz\u00e1lez rubio","Ross McElwee","sala equis","xv festival internacional de cine","Yolanda Pividal"],"articleSection":["actualidad","Cine","Cine Documental","documentamadrid","estreno"],"inLanguage":"es","potentialAction":[{"@type":"CommentAction","name":"Comment","target":["https:\/\/www.cope.es\/blogs\/palomitas-de-maiz\/2018\/05\/03\/arranca-documentamadrid-xv-edicion-festival-internacional-de-cine-documental-madrid\/#respond"]}]},{"@type":"WebPage","@id":"https:\/\/www.cope.es\/blogs\/palomitas-de-maiz\/2018\/05\/03\/arranca-documentamadrid-xv-edicion-festival-internacional-de-cine-documental-madrid\/","url":"https:\/\/www.cope.es\/blogs\/palomitas-de-maiz\/2018\/05\/03\/arranca-documentamadrid-xv-edicion-festival-internacional-de-cine-documental-madrid\/","name":"DocumentaMadrid. XV edici\u00f3n Festival Internacional de Cine Documental","isPartOf":{"@id":"https:\/\/www.cope.es\/blogs\/palomitas-de-maiz\/#website"},"primaryImageOfPage":{"@id":"https:\/\/www.cope.es\/blogs\/palomitas-de-maiz\/2018\/05\/03\/arranca-documentamadrid-xv-edicion-festival-internacional-de-cine-documental-madrid\/#primaryimage"},"image":{"@id":"https:\/\/www.cope.es\/blogs\/palomitas-de-maiz\/2018\/05\/03\/arranca-documentamadrid-xv-edicion-festival-internacional-de-cine-documental-madrid\/#primaryimage"},"thumbnailUrl":"https:\/\/www.cope.es\/blogs\/palomitas-de-maiz\/wp-content\/uploads\/sites\/6\/2018\/05\/carteldocumentamadrid2018-2.jpg","datePublished":"2018-05-03T05:12:42+00:00","dateModified":"2018-05-03T05:14:53+00:00","author":{"@id":"https:\/\/www.cope.es\/blogs\/palomitas-de-maiz\/#\/schema\/person\/9fb256f63733c964d19b06de1ca3c9ef"},"description":"Hoy,\u00a0jueves 3 de mayo\u00a0a las\u00a019:30 h.,\u00a0arranca DocumentaMadrid. XV edici\u00f3n Festival Internacional de Cine Documental, que se celebrar\u00e1 del 3 al 13 de mayo de 2018.\u00a0DocumentaMadrid sirve como un punto de encuentro anual entre los creadores, profesionales y el p\u00fablico al que dirigen sus obras.","breadcrumb":{"@id":"https:\/\/www.cope.es\/blogs\/palomitas-de-maiz\/2018\/05\/03\/arranca-documentamadrid-xv-edicion-festival-internacional-de-cine-documental-madrid\/#breadcrumb"},"inLanguage":"es","potentialAction":[{"@type":"ReadAction","target":["https:\/\/www.cope.es\/blogs\/palomitas-de-maiz\/2018\/05\/03\/arranca-documentamadrid-xv-edicion-festival-internacional-de-cine-documental-madrid\/"]}]},{"@type":"ImageObject","inLanguage":"es","@id":"https:\/\/www.cope.es\/blogs\/palomitas-de-maiz\/2018\/05\/03\/arranca-documentamadrid-xv-edicion-festival-internacional-de-cine-documental-madrid\/#primaryimage","url":"https:\/\/www.cope.es\/blogs\/palomitas-de-maiz\/wp-content\/uploads\/sites\/6\/2018\/05\/carteldocumentamadrid2018-2.jpg","contentUrl":"https:\/\/www.cope.es\/blogs\/palomitas-de-maiz\/wp-content\/uploads\/sites\/6\/2018\/05\/carteldocumentamadrid2018-2.jpg","width":725,"height":356,"caption":"http:\/\/www.cope.es\/blogs\/palomitas-de-maiz\/2018\/05\/03\/arranca-documentamadrid-xv-edicion-festival-internacional-de-cine-documental-madrid\/"},{"@type":"BreadcrumbList","@id":"https:\/\/www.cope.es\/blogs\/palomitas-de-maiz\/2018\/05\/03\/arranca-documentamadrid-xv-edicion-festival-internacional-de-cine-documental-madrid\/#breadcrumb","itemListElement":[{"@type":"ListItem","position":1,"name":"Portada","item":"https:\/\/www.cope.es\/blogs\/palomitas-de-maiz\/"},{"@type":"ListItem","position":2,"name":"Arranca DocumentaMadrid. XV edici\u00f3n del Festival Internacional de Cine Documental de Madrid"}]},{"@type":"WebSite","@id":"https:\/\/www.cope.es\/blogs\/palomitas-de-maiz\/#website","url":"https:\/\/www.cope.es\/blogs\/palomitas-de-maiz\/","name":"Palomitas de Ma\u00edz","description":"Blog decano de cine de COPE","potentialAction":[{"@type":"SearchAction","target":{"@type":"EntryPoint","urlTemplate":"https:\/\/www.cope.es\/blogs\/palomitas-de-maiz\/?s={search_term_string}"},"query-input":{"@type":"PropertyValueSpecification","valueRequired":true,"valueName":"search_term_string"}}],"inLanguage":"es"},{"@type":"Person","@id":"https:\/\/www.cope.es\/blogs\/palomitas-de-maiz\/#\/schema\/person\/9fb256f63733c964d19b06de1ca3c9ef","name":"Jos\u00e9 Luis Panero","image":{"@type":"ImageObject","inLanguage":"es","@id":"https:\/\/secure.gravatar.com\/avatar\/2ef93951eab3cee25932a7219e566376cbf6ddedde3aa3098e7a971991a3ef12?s=96&d=mm&r=g","url":"https:\/\/secure.gravatar.com\/avatar\/2ef93951eab3cee25932a7219e566376cbf6ddedde3aa3098e7a971991a3ef12?s=96&d=mm&r=g","contentUrl":"https:\/\/secure.gravatar.com\/avatar\/2ef93951eab3cee25932a7219e566376cbf6ddedde3aa3098e7a971991a3ef12?s=96&d=mm&r=g","caption":"Jos\u00e9 Luis Panero"},"description":"Licenciado en Periodismo y en Comunicaci\u00f3n Audiovisual. Tras m\u00e1s de cuatro a\u00f1os en el diario 'La Gaceta de Los Negocios' y el programa f\u00edlmico 'Pantalla Grande', es cr\u00edtico de cine en 'Ciudad Nueva', 'Pantalla 90', 'COPE' o 'Aleteia' y cr\u00edtico de teatro en 'Hoy en la city'. Ha sido coguionista y ayudante de direcci\u00f3n de cine, ponente en los coloquios de cine del foro FNAC y profesor universitario en diferentes cursos de Periodismo Social. Desde 2003 es miembro del C\u00edrculo de Escritores Cinematogr\u00e1ficos (CEC). En 2008 fund\u00f3 en 'COPE' su blog de cine 'Palomitas de Ma\u00edz'. En 2017 fue nombrado Jurado Oficial del Festival Internacional de Cine de Fuengirola (M\u00e1laga) y ese a\u00f1o la instituci\u00f3n educativa Trinity College-Liceo Serrano le distingui\u00f3 con el nombramiento de 'Profesor de Honor' del centro y miembro ilustre del claustro de profesores. En 2019 fue nombrado Jurado Oficial del Festival Internacional de Cine de Vera (Almer\u00eda). En 2020 fue nombrado Jurado Oficial del Festival Internacional de Cine de Terror de La Mar Bella (Marbella). Como int\u00e9rprete ha sido galardonado con el Premio al Actor Principal del I Festival Nacional UNIR de teatro. Desde 2020 es acad\u00e9mico de las Artes Esc\u00e9nicas de Espa\u00f1a. En 2023 fue nombrado Jurado Oficial de los 'Premios Tal\u00eda' en su I Edici\u00f3n. Y miembro de ASHUMES (Asociaci\u00f3n del Humorismo Espa\u00f1ol) a partir de 2022. En 2023 fue nombrado Jurado Oficial de la II Edici\u00f3n de los 'Premios Godot'.","sameAs":["http:\/\/www.cope.es","https:\/\/www.facebook.com\/palomitero\/","https:\/\/www.instagram.com\/joseluispanero\/","https:\/\/www.linkedin.com\/in\/jos-luis-panero-gonzlez-barosa-7722a716\/","https:\/\/x.com\/PALOMITERO","https:\/\/www.youtube.com\/channel\/UCQYaNGiETUXUPXjYu9p3lNw\/videos?","https:\/\/es.wikipedia.org\/wiki\/Jos_Luis_Panero_Gonzlez-Barosa"],"url":"https:\/\/www.cope.es\/blogs\/palomitas-de-maiz\/author\/jlpanero\/"}]}},"amp_enabled":true,"_links":{"self":[{"href":"https:\/\/www.cope.es\/blogs\/palomitas-de-maiz\/wp-json\/wp\/v2\/posts\/1227","targetHints":{"allow":["GET"]}}],"collection":[{"href":"https:\/\/www.cope.es\/blogs\/palomitas-de-maiz\/wp-json\/wp\/v2\/posts"}],"about":[{"href":"https:\/\/www.cope.es\/blogs\/palomitas-de-maiz\/wp-json\/wp\/v2\/types\/post"}],"author":[{"embeddable":true,"href":"https:\/\/www.cope.es\/blogs\/palomitas-de-maiz\/wp-json\/wp\/v2\/users\/6"}],"replies":[{"embeddable":true,"href":"https:\/\/www.cope.es\/blogs\/palomitas-de-maiz\/wp-json\/wp\/v2\/comments?post=1227"}],"version-history":[{"count":2,"href":"https:\/\/www.cope.es\/blogs\/palomitas-de-maiz\/wp-json\/wp\/v2\/posts\/1227\/revisions"}],"predecessor-version":[{"id":1241,"href":"https:\/\/www.cope.es\/blogs\/palomitas-de-maiz\/wp-json\/wp\/v2\/posts\/1227\/revisions\/1241"}],"wp:featuredmedia":[{"embeddable":true,"href":"https:\/\/www.cope.es\/blogs\/palomitas-de-maiz\/wp-json\/wp\/v2\/media\/1238"}],"wp:attachment":[{"href":"https:\/\/www.cope.es\/blogs\/palomitas-de-maiz\/wp-json\/wp\/v2\/media?parent=1227"}],"wp:term":[{"taxonomy":"category","embeddable":true,"href":"https:\/\/www.cope.es\/blogs\/palomitas-de-maiz\/wp-json\/wp\/v2\/categories?post=1227"},{"taxonomy":"post_tag","embeddable":true,"href":"https:\/\/www.cope.es\/blogs\/palomitas-de-maiz\/wp-json\/wp\/v2\/tags?post=1227"}],"curies":[{"name":"wp","href":"https:\/\/api.w.org\/{rel}","templated":true}]}}