{"id":1214,"date":"2018-05-03T00:38:20","date_gmt":"2018-05-02T22:38:20","guid":{"rendered":"http:\/\/www.cope.es\/blogs\/palomitas-de-maiz\/?p=1214"},"modified":"2018-05-03T00:43:29","modified_gmt":"2018-05-02T22:43:29","slug":"disolucion-de-eta-mirada-del-nacionalismo-vasco-en-el-cine","status":"publish","type":"post","link":"https:\/\/www.cope.es\/blogs\/palomitas-de-maiz\/2018\/05\/03\/disolucion-de-eta-mirada-del-nacionalismo-vasco-en-el-cine\/","title":{"rendered":"\u00bfDisoluci\u00f3n de ETA?: Repasamos la historia del nacionalismo vasco a trav\u00e9s del cine"},"content":{"rendered":"<p>\u00a1Mis queridos palomiteros!\u00a0\u00bfDisoluci\u00f3n de ETA?: mirada del nacionalismo vasco en el cine. Se mire por donde se mire, <a href=\"http:\/\/www.cope.es\/noticias\/actualidad\/eta-anuncia-disolucion-una-carta_210149\">ayer fue un d\u00eda en el que la banda que ha sembrado el terror, dec\u00eda poner fin a sus actividades<\/a>. Servidor toma las palabras de los voceros con papel de fumar. El caso es que me ha parecido oportuno traer a estas pantallas, sin querer ser redundante, el libro\u00a0<em>Creadores de sombras. ETA y el nacionalismo vasco a trav\u00e9s del cine<\/em>, firmado por el catedr\u00e1tico de historia contempor\u00e1nea <strong>Santiago de Pablo<\/strong>, que ha editado\u00a0<a href=\"https:\/\/www.tecnos.es\/\" target=\"_blank\"><strong>Tecnos<\/strong><\/a>.<\/p>\n<figure id=\"attachment_1219\" aria-describedby=\"caption-attachment-1219\" style=\"width: 725px\" class=\"wp-caption aligncenter\"><img loading=\"lazy\" decoding=\"async\" width=\"725\" height=\"1038\" class=\"wp-image-1219 size-full\" src=\"http:\/\/www.cope.es\/blogs\/palomitas-de-maiz\/wp-content\/uploads\/sites\/6\/2018\/05\/portada-creadores-de-sombras.jpg\" alt=\"Portada del libro Creadores de sombras, de Santiago de Pablo y editado por Tecnos. \u00bfDisoluci\u00f3n de ETA?: mirada del nacionalismo vasco en el cine\" srcset=\"https:\/\/www.cope.es\/blogs\/palomitas-de-maiz\/wp-content\/uploads\/sites\/6\/2018\/05\/portada-creadores-de-sombras.jpg 725w, https:\/\/www.cope.es\/blogs\/palomitas-de-maiz\/wp-content\/uploads\/sites\/6\/2018\/05\/portada-creadores-de-sombras-210x300.jpg 210w, https:\/\/www.cope.es\/blogs\/palomitas-de-maiz\/wp-content\/uploads\/sites\/6\/2018\/05\/portada-creadores-de-sombras-715x1024.jpg 715w\" sizes=\"auto, (max-width: 725px) 100vw, 725px\" \/><figcaption id=\"caption-attachment-1219\" class=\"wp-caption-text\">Portada del libro <em>Creadores de sombras<\/em>, de <strong>Santiago de Pablo<\/strong> y editado por <strong>Tecnos<\/strong>. \u00bfDisoluci\u00f3n de ETA?: mirada del nacionalismo vasco en el cine<\/figcaption><\/figure>\n<h2>\u00bfDisoluci\u00f3n de ETA?: mirada del nacionalismo vasco en el cine.\u00a0Adem\u00e1s de las pel\u00edculas estrenadas en pantalla grande hay que sumar m\u00e1s de veinte largometrajes para televisi\u00f3n y v\u00eddeo<\/h2>\n<p>Este denso volumen (528 p\u00e1ginas) se centra en el modo en que el cine ha tratado la historia de <a href=\"https:\/\/es.wikipedia.org\/wiki\/Euskadi_Ta_Askatasuna\" target=\"_blank\"><strong>ETA<\/strong><\/a> desde sus or\u00edgenes hasta la actualidad. Adem\u00e1s de las pel\u00edculas estrenadas en pantalla grande hay que sumar m\u00e1s de veinte largometrajes para televisi\u00f3n y v\u00eddeo, as\u00ed como un n\u00famero a\u00fan mayor de cortometrajes. Ello supone un importante corpus audiovisual en torno a ETA, los <a href=\"https:\/\/es.wikipedia.org\/wiki\/Grupos_Antiterroristas_de_Liberaci%C3%B3n\" target=\"_blank\"><strong>GAL<\/strong><\/a> y otros aspectos de la violencia vasca, que nunca antes se hab\u00edan estudiado de modo tan riguroso.<\/p>\n<figure id=\"attachment_1220\" aria-describedby=\"caption-attachment-1220\" style=\"width: 725px\" class=\"wp-caption aligncenter\"><img loading=\"lazy\" decoding=\"async\" width=\"725\" height=\"409\" class=\"wp-image-1220 size-full\" src=\"http:\/\/www.cope.es\/blogs\/palomitas-de-maiz\/wp-content\/uploads\/sites\/6\/2018\/05\/santiago-de-pablo.jpg\" alt=\"Santiago de Pablo, catedr\u00e1tico de Historia Contempor\u00e1nea. \u00bfDisoluci\u00f3n de ETA?: mirada del nacionalismo vasco en el cine\" srcset=\"https:\/\/www.cope.es\/blogs\/palomitas-de-maiz\/wp-content\/uploads\/sites\/6\/2018\/05\/santiago-de-pablo.jpg 725w, https:\/\/www.cope.es\/blogs\/palomitas-de-maiz\/wp-content\/uploads\/sites\/6\/2018\/05\/santiago-de-pablo-300x169.jpg 300w\" sizes=\"auto, (max-width: 725px) 100vw, 725px\" \/><figcaption id=\"caption-attachment-1220\" class=\"wp-caption-text\"><strong>Santiago de Pablo<\/strong>, catedr\u00e1tico de Historia Contempor\u00e1nea. \u00bfDisoluci\u00f3n de ETA?: mirada del nacionalismo vasco en el cine<\/figcaption><\/figure>\n<p>El enfoque de este cine se ha modificado con el paso del tiempo, desde las visiones m\u00e1s o menos complacientes de la Transici\u00f3n -cuando todav\u00eda muchos ve\u00edan a ETA como un mero grupo de luchadores contra la dictadura del <a href=\"http:\/\/www.cope.es\/blogs\/palomitas-de-maiz\/2018\/04\/11\/las-peliculas-que-vio-franco-y-que-no-todos-pudieron-disfrutar-de-jose-maria-caparros-y-magi-crusells\/\">general <strong>Franco<\/strong><\/a>&#8211; hasta la denuncia y la apertura a las v\u00edctimas de tiempos recientes.<\/p>\n<p><iframe loading=\"lazy\" width=\"508\" height=\"381\" src=\"https:\/\/www.youtube.com\/embed\/23AljT8B6gI?feature=oembed\" frameborder=\"0\" allow=\"autoplay; encrypted-media\" allowfullscreen><\/iframe><\/p>\n<p>De este modo, el libro saca a la luz algunas pel\u00edculas casi desconocidas, junto a otras exitosas u objeto de interminables pol\u00e9micas: <a href=\"https:\/\/es.wikipedia.org\/wiki\/Operaci%C3%B3n_Ogro_(pel%C3%ADcula)\" target=\"_blank\"><em>Operaci\u00f3n Ogro<\/em><\/a> (1979), <a href=\"https:\/\/es.wikipedia.org\/wiki\/El_proceso_de_Burgos\" target=\"_blank\"><em>El proceso de Burgos<\/em><\/a> (1979), <a href=\"https:\/\/es.wikipedia.org\/wiki\/La_muerte_de_Mikel\" target=\"_blank\"><em>La muerte de Mikel<\/em> <\/a>(1983), <a href=\"https:\/\/es.wikipedia.org\/wiki\/D%C3%ADas_contados_(pel%C3%ADcula_de_1994)\" target=\"_blank\"><em>D\u00edas contados<\/em><\/a> (1994), <a href=\"https:\/\/es.wikipedia.org\/wiki\/Yoyes_(pel%C3%ADcula)\" target=\"_blank\"><em>Yoyes<\/em><\/a> (2000), <a href=\"https:\/\/es.wikipedia.org\/wiki\/La_pelota_vasca,_la_piel_contra_la_piedra\" target=\"_blank\"><em>La pelota vasca: La piel contra la piedra<\/em><\/a> (2003), <a href=\"https:\/\/es.wikipedia.org\/wiki\/Trece_entre_mil\" target=\"_blank\"><em>Trece entre mil<\/em><\/a> (2005), <a href=\"https:\/\/es.wikipedia.org\/wiki\/Todos_estamos_invitados\" target=\"_blank\"><em>Todos estamos invitados<\/em><\/a> (2008), <a href=\"https:\/\/es.wikipedia.org\/wiki\/Caso_Lasa_y_Zabala\" target=\"_blank\"><em>Lasa y Zabala<\/em><\/a> (2014) o incluso las referencias a la cuesti\u00f3n vasca en <a href=\"https:\/\/es.wikipedia.org\/wiki\/Ocho_apellidos_vascos\" target=\"_blank\"><em>Ocho apellidos vascos<\/em><\/a> (2014) y otras rarezas.<\/p>\n<p><iframe loading=\"lazy\" width=\"508\" height=\"381\" src=\"https:\/\/www.youtube.com\/embed\/FZ5RSpUu-uk?feature=oembed\" frameborder=\"0\" allow=\"autoplay; encrypted-media\" allowfullscreen><\/iframe><\/p>\n","protected":false},"excerpt":{"rendered":"<p>\u00a1Mis queridos palomiteros!\u00a0\u00bfDisoluci\u00f3n de ETA?: mirada del nacionalismo vasco en el cine. Se mire por donde se mire, ayer fue un d\u00eda en el que la banda que ha sembrado el terror, dec\u00eda poner fin a sus actividades. Servidor toma las palabras de los voceros con papel de fumar. El caso es que me ha [&hellip;]<\/p>\n","protected":false},"author":6,"featured_media":1218,"comment_status":"open","ping_status":"open","sticky":false,"template":"","format":"standard","meta":{"footnotes":""},"categories":[336,49,1211,831,1191],"tags":[44,1217,1224,1213,1222,1212,834,1218,1223,1078,1226,1229,1214,1230,1221,1215,1216,1228,1220,1227,1219,1225],"class_list":["post-1214","post","type-post","status-publish","format-standard","has-post-thumbnail","hentry","category-actualidad","category-cine","category-eta","category-libros-de-cine","category-terror","tag-cine","tag-creadores-de-sombras","tag-dias-contados","tag-disolucion","tag-el-proceso-de-burgos","tag-eta","tag-franco","tag-gal","tag-la-muerte-de-mikel","tag-la-pelota-vasca","tag-la-piel-contra-la-piedra","tag-lasa-y-zabala","tag-nacionalismo-vasco","tag-ocho-apellidos-vascos","tag-operacion-ogro","tag-santiago-de-pablo","tag-tecnos","tag-todos-estamos-invitados","tag-transicion","tag-trece-entre-mil","tag-violencia-vasca","tag-yoyes"],"yoast_head":"<!-- This site is optimized with the Yoast SEO plugin v27.4 - https:\/\/yoast.com\/product\/yoast-seo-wordpress\/ -->\n<title>\u00bfDisoluci\u00f3n de ETA?: mirada del nacionalismo vasco en el cine<\/title>\n<meta name=\"description\" content=\"\u00bfDisoluci\u00f3n de ETA?: mirada del nacionalismo vasco en el cine. Ayer, la banda que ha sembrado el terror, dec\u00eda poner fin a sus actividades. Y me ha parecido oportuno traer a estas pantallas el libro\u00a0Creadores de sombras. ETA y el nacionalismo vasco a trav\u00e9s del cine, de Santiago de Pablo y editado\u00a0por Tecnos.\" \/>\n<meta name=\"robots\" content=\"index, follow, max-snippet:-1, max-image-preview:large, max-video-preview:-1\" \/>\n<link rel=\"canonical\" href=\"https:\/\/www.cope.es\/blogs\/palomitas-de-maiz\/2018\/05\/03\/disolucion-de-eta-mirada-del-nacionalismo-vasco-en-el-cine\/\" \/>\n<meta property=\"og:locale\" content=\"es_ES\" \/>\n<meta property=\"og:type\" content=\"article\" \/>\n<meta property=\"og:title\" content=\"\u00bfDisoluci\u00f3n de ETA?: mirada del nacionalismo vasco en el cine\" \/>\n<meta property=\"og:description\" content=\"\u00bfDisoluci\u00f3n de ETA?: mirada del nacionalismo vasco en el cine. Ayer, la banda que ha sembrado el terror, dec\u00eda poner fin a sus actividades. Y me ha parecido oportuno traer a estas pantallas el libro\u00a0Creadores de sombras. ETA y el nacionalismo vasco a trav\u00e9s del cine, de Santiago de Pablo y editado\u00a0por Tecnos.\" \/>\n<meta property=\"og:url\" content=\"https:\/\/www.cope.es\/blogs\/palomitas-de-maiz\/2018\/05\/03\/disolucion-de-eta-mirada-del-nacionalismo-vasco-en-el-cine\/\" \/>\n<meta property=\"og:site_name\" content=\"Palomitas de Ma\u00edz\" \/>\n<meta property=\"article:publisher\" content=\"https:\/\/www.facebook.com\/cope\/\" \/>\n<meta property=\"article:author\" content=\"https:\/\/www.facebook.com\/palomitero\/\" \/>\n<meta property=\"article:published_time\" content=\"2018-05-02T22:38:20+00:00\" \/>\n<meta property=\"article:modified_time\" content=\"2018-05-02T22:43:29+00:00\" \/>\n<meta property=\"og:image\" content=\"https:\/\/www.cope.es\/blogs\/palomitas-de-maiz\/wp-content\/uploads\/sites\/6\/2018\/05\/creadores-de-sombras.jpg\" \/>\n\t<meta property=\"og:image:width\" content=\"724\" \/>\n\t<meta property=\"og:image:height\" content=\"357\" \/>\n\t<meta property=\"og:image:type\" content=\"image\/jpeg\" \/>\n<meta name=\"author\" content=\"Jos\u00e9 Luis Panero\" \/>\n<meta name=\"twitter:card\" content=\"summary_large_image\" \/>\n<meta name=\"twitter:creator\" content=\"@PALOMITERO\" \/>\n<meta name=\"twitter:site\" content=\"@cope_es\" \/>\n<meta name=\"twitter:label1\" content=\"Escrito por\" \/>\n\t<meta name=\"twitter:data1\" content=\"Jos\u00e9 Luis Panero\" \/>\n\t<meta name=\"twitter:label2\" content=\"Tiempo de lectura\" \/>\n\t<meta name=\"twitter:data2\" content=\"2 minutos\" \/>\n<script type=\"application\/ld+json\" class=\"yoast-schema-graph\">{\"@context\":\"https:\\\/\\\/schema.org\",\"@graph\":[{\"@type\":\"Article\",\"@id\":\"https:\\\/\\\/www.cope.es\\\/blogs\\\/palomitas-de-maiz\\\/2018\\\/05\\\/03\\\/disolucion-de-eta-mirada-del-nacionalismo-vasco-en-el-cine\\\/#article\",\"isPartOf\":{\"@id\":\"https:\\\/\\\/www.cope.es\\\/blogs\\\/palomitas-de-maiz\\\/2018\\\/05\\\/03\\\/disolucion-de-eta-mirada-del-nacionalismo-vasco-en-el-cine\\\/\"},\"author\":{\"name\":\"Jos\u00e9 Luis Panero\",\"@id\":\"https:\\\/\\\/www.cope.es\\\/blogs\\\/palomitas-de-maiz\\\/#\\\/schema\\\/person\\\/9fb256f63733c964d19b06de1ca3c9ef\"},\"headline\":\"\u00bfDisoluci\u00f3n de ETA?: Repasamos la historia del nacionalismo vasco a trav\u00e9s del cine\",\"datePublished\":\"2018-05-02T22:38:20+00:00\",\"dateModified\":\"2018-05-02T22:43:29+00:00\",\"mainEntityOfPage\":{\"@id\":\"https:\\\/\\\/www.cope.es\\\/blogs\\\/palomitas-de-maiz\\\/2018\\\/05\\\/03\\\/disolucion-de-eta-mirada-del-nacionalismo-vasco-en-el-cine\\\/\"},\"wordCount\":448,\"commentCount\":0,\"image\":{\"@id\":\"https:\\\/\\\/www.cope.es\\\/blogs\\\/palomitas-de-maiz\\\/2018\\\/05\\\/03\\\/disolucion-de-eta-mirada-del-nacionalismo-vasco-en-el-cine\\\/#primaryimage\"},\"thumbnailUrl\":\"https:\\\/\\\/www.cope.es\\\/blogs\\\/palomitas-de-maiz\\\/wp-content\\\/uploads\\\/sites\\\/6\\\/2018\\\/05\\\/creadores-de-sombras.jpg\",\"keywords\":[\"cine\",\"creadores de sombras\",\"D\u00edas contados\",\"disolucion\",\"El proceso de Burgos\",\"eta\",\"franco\",\"gal\",\"La muerte de Mikel\",\"la pelota vasca\",\"La piel contra la piedra\",\"Lasa y Zabala\",\"nacionalismo vasco\",\"Ocho apellidos vascos\",\"Operaci\u00f3n Ogro\",\"santiago de pablo\",\"tecnos\",\"Todos estamos invitados\",\"transicion\",\"Trece entre mil\",\"violencia vasca\",\"Yoyes\"],\"articleSection\":[\"actualidad\",\"Cine\",\"eta\",\"libros de cine\",\"terror\"],\"inLanguage\":\"es\",\"potentialAction\":[{\"@type\":\"CommentAction\",\"name\":\"Comment\",\"target\":[\"https:\\\/\\\/www.cope.es\\\/blogs\\\/palomitas-de-maiz\\\/2018\\\/05\\\/03\\\/disolucion-de-eta-mirada-del-nacionalismo-vasco-en-el-cine\\\/#respond\"]}]},{\"@type\":\"WebPage\",\"@id\":\"https:\\\/\\\/www.cope.es\\\/blogs\\\/palomitas-de-maiz\\\/2018\\\/05\\\/03\\\/disolucion-de-eta-mirada-del-nacionalismo-vasco-en-el-cine\\\/\",\"url\":\"https:\\\/\\\/www.cope.es\\\/blogs\\\/palomitas-de-maiz\\\/2018\\\/05\\\/03\\\/disolucion-de-eta-mirada-del-nacionalismo-vasco-en-el-cine\\\/\",\"name\":\"\u00bfDisoluci\u00f3n de ETA?: mirada del nacionalismo vasco en el cine\",\"isPartOf\":{\"@id\":\"https:\\\/\\\/www.cope.es\\\/blogs\\\/palomitas-de-maiz\\\/#website\"},\"primaryImageOfPage\":{\"@id\":\"https:\\\/\\\/www.cope.es\\\/blogs\\\/palomitas-de-maiz\\\/2018\\\/05\\\/03\\\/disolucion-de-eta-mirada-del-nacionalismo-vasco-en-el-cine\\\/#primaryimage\"},\"image\":{\"@id\":\"https:\\\/\\\/www.cope.es\\\/blogs\\\/palomitas-de-maiz\\\/2018\\\/05\\\/03\\\/disolucion-de-eta-mirada-del-nacionalismo-vasco-en-el-cine\\\/#primaryimage\"},\"thumbnailUrl\":\"https:\\\/\\\/www.cope.es\\\/blogs\\\/palomitas-de-maiz\\\/wp-content\\\/uploads\\\/sites\\\/6\\\/2018\\\/05\\\/creadores-de-sombras.jpg\",\"datePublished\":\"2018-05-02T22:38:20+00:00\",\"dateModified\":\"2018-05-02T22:43:29+00:00\",\"author\":{\"@id\":\"https:\\\/\\\/www.cope.es\\\/blogs\\\/palomitas-de-maiz\\\/#\\\/schema\\\/person\\\/9fb256f63733c964d19b06de1ca3c9ef\"},\"description\":\"\u00bfDisoluci\u00f3n de ETA?: mirada del nacionalismo vasco en el cine. Ayer, la banda que ha sembrado el terror, dec\u00eda poner fin a sus actividades. Y me ha parecido oportuno traer a estas pantallas el libro\u00a0Creadores de sombras. ETA y el nacionalismo vasco a trav\u00e9s del cine, de Santiago de Pablo y editado\u00a0por Tecnos.\",\"breadcrumb\":{\"@id\":\"https:\\\/\\\/www.cope.es\\\/blogs\\\/palomitas-de-maiz\\\/2018\\\/05\\\/03\\\/disolucion-de-eta-mirada-del-nacionalismo-vasco-en-el-cine\\\/#breadcrumb\"},\"inLanguage\":\"es\",\"potentialAction\":[{\"@type\":\"ReadAction\",\"target\":[\"https:\\\/\\\/www.cope.es\\\/blogs\\\/palomitas-de-maiz\\\/2018\\\/05\\\/03\\\/disolucion-de-eta-mirada-del-nacionalismo-vasco-en-el-cine\\\/\"]}]},{\"@type\":\"ImageObject\",\"inLanguage\":\"es\",\"@id\":\"https:\\\/\\\/www.cope.es\\\/blogs\\\/palomitas-de-maiz\\\/2018\\\/05\\\/03\\\/disolucion-de-eta-mirada-del-nacionalismo-vasco-en-el-cine\\\/#primaryimage\",\"url\":\"https:\\\/\\\/www.cope.es\\\/blogs\\\/palomitas-de-maiz\\\/wp-content\\\/uploads\\\/sites\\\/6\\\/2018\\\/05\\\/creadores-de-sombras.jpg\",\"contentUrl\":\"https:\\\/\\\/www.cope.es\\\/blogs\\\/palomitas-de-maiz\\\/wp-content\\\/uploads\\\/sites\\\/6\\\/2018\\\/05\\\/creadores-de-sombras.jpg\",\"width\":724,\"height\":357,\"caption\":\"http:\\\/\\\/www.cope.es\\\/blogs\\\/palomitas-de-maiz\\\/2018\\\/05\\\/03\\\/disolucion-de-eta-mirada-del-nacionalismo-vasco-en-el-cine\\\/\"},{\"@type\":\"BreadcrumbList\",\"@id\":\"https:\\\/\\\/www.cope.es\\\/blogs\\\/palomitas-de-maiz\\\/2018\\\/05\\\/03\\\/disolucion-de-eta-mirada-del-nacionalismo-vasco-en-el-cine\\\/#breadcrumb\",\"itemListElement\":[{\"@type\":\"ListItem\",\"position\":1,\"name\":\"Portada\",\"item\":\"https:\\\/\\\/www.cope.es\\\/blogs\\\/palomitas-de-maiz\\\/\"},{\"@type\":\"ListItem\",\"position\":2,\"name\":\"\u00bfDisoluci\u00f3n de ETA?: Repasamos la historia del nacionalismo vasco a trav\u00e9s del cine\"}]},{\"@type\":\"WebSite\",\"@id\":\"https:\\\/\\\/www.cope.es\\\/blogs\\\/palomitas-de-maiz\\\/#website\",\"url\":\"https:\\\/\\\/www.cope.es\\\/blogs\\\/palomitas-de-maiz\\\/\",\"name\":\"Palomitas de Ma\u00edz\",\"description\":\"Blog decano de cine de COPE\",\"potentialAction\":[{\"@type\":\"SearchAction\",\"target\":{\"@type\":\"EntryPoint\",\"urlTemplate\":\"https:\\\/\\\/www.cope.es\\\/blogs\\\/palomitas-de-maiz\\\/?s={search_term_string}\"},\"query-input\":{\"@type\":\"PropertyValueSpecification\",\"valueRequired\":true,\"valueName\":\"search_term_string\"}}],\"inLanguage\":\"es\"},{\"@type\":\"Person\",\"@id\":\"https:\\\/\\\/www.cope.es\\\/blogs\\\/palomitas-de-maiz\\\/#\\\/schema\\\/person\\\/9fb256f63733c964d19b06de1ca3c9ef\",\"name\":\"Jos\u00e9 Luis Panero\",\"image\":{\"@type\":\"ImageObject\",\"inLanguage\":\"es\",\"@id\":\"https:\\\/\\\/secure.gravatar.com\\\/avatar\\\/2ef93951eab3cee25932a7219e566376cbf6ddedde3aa3098e7a971991a3ef12?s=96&d=mm&r=g\",\"url\":\"https:\\\/\\\/secure.gravatar.com\\\/avatar\\\/2ef93951eab3cee25932a7219e566376cbf6ddedde3aa3098e7a971991a3ef12?s=96&d=mm&r=g\",\"contentUrl\":\"https:\\\/\\\/secure.gravatar.com\\\/avatar\\\/2ef93951eab3cee25932a7219e566376cbf6ddedde3aa3098e7a971991a3ef12?s=96&d=mm&r=g\",\"caption\":\"Jos\u00e9 Luis Panero\"},\"description\":\"Licenciado en Periodismo y en Comunicaci\u00f3n Audiovisual. Tras m\u00e1s de cuatro a\u00f1os en el diario 'La Gaceta de Los Negocios' y el programa f\u00edlmico 'Pantalla Grande', es cr\u00edtico de cine en 'Ciudad Nueva', 'Pantalla 90', 'COPE' o 'Aleteia' y cr\u00edtico de teatro en 'Hoy en la city'. Ha sido coguionista y ayudante de direcci\u00f3n de cine, ponente en los coloquios de cine del foro FNAC y profesor universitario en diferentes cursos de Periodismo Social. Desde 2003 es miembro del C\u00edrculo de Escritores Cinematogr\u00e1ficos (CEC). En 2008 fund\u00f3 en 'COPE' su blog de cine 'Palomitas de Ma\u00edz'. En 2017 fue nombrado Jurado Oficial del Festival Internacional de Cine de Fuengirola (M\u00e1laga) y ese a\u00f1o la instituci\u00f3n educativa Trinity College-Liceo Serrano le distingui\u00f3 con el nombramiento de 'Profesor de Honor' del centro y miembro ilustre del claustro de profesores. En 2019 fue nombrado Jurado Oficial del Festival Internacional de Cine de Vera (Almer\u00eda). En 2020 fue nombrado Jurado Oficial del Festival Internacional de Cine de Terror de La Mar Bella (Marbella). Como int\u00e9rprete ha sido galardonado con el Premio al Actor Principal del I Festival Nacional UNIR de teatro. Desde 2020 es acad\u00e9mico de las Artes Esc\u00e9nicas de Espa\u00f1a. En 2023 fue nombrado Jurado Oficial de los 'Premios Tal\u00eda' en su I Edici\u00f3n. Y miembro de ASHUMES (Asociaci\u00f3n del Humorismo Espa\u00f1ol) a partir de 2022. En 2023 fue nombrado Jurado Oficial de la II Edici\u00f3n de los 'Premios Godot'.\",\"sameAs\":[\"http:\\\/\\\/www.cope.es\",\"https:\\\/\\\/www.facebook.com\\\/palomitero\\\/\",\"https:\\\/\\\/www.instagram.com\\\/joseluispanero\\\/\",\"https:\\\/\\\/www.linkedin.com\\\/in\\\/jos-luis-panero-gonzlez-barosa-7722a716\\\/\",\"https:\\\/\\\/x.com\\\/PALOMITERO\",\"https:\\\/\\\/www.youtube.com\\\/channel\\\/UCQYaNGiETUXUPXjYu9p3lNw\\\/videos?\",\"https:\\\/\\\/es.wikipedia.org\\\/wiki\\\/Jos_Luis_Panero_Gonzlez-Barosa\"],\"url\":\"https:\\\/\\\/www.cope.es\\\/blogs\\\/palomitas-de-maiz\\\/author\\\/jlpanero\\\/\"}]}<\/script>\n<!-- \/ Yoast SEO plugin. -->","yoast_head_json":{"title":"\u00bfDisoluci\u00f3n de ETA?: mirada del nacionalismo vasco en el cine","description":"\u00bfDisoluci\u00f3n de ETA?: mirada del nacionalismo vasco en el cine. Ayer, la banda que ha sembrado el terror, dec\u00eda poner fin a sus actividades. Y me ha parecido oportuno traer a estas pantallas el libro\u00a0Creadores de sombras. ETA y el nacionalismo vasco a trav\u00e9s del cine, de Santiago de Pablo y editado\u00a0por Tecnos.","robots":{"index":"index","follow":"follow","max-snippet":"max-snippet:-1","max-image-preview":"max-image-preview:large","max-video-preview":"max-video-preview:-1"},"canonical":"https:\/\/www.cope.es\/blogs\/palomitas-de-maiz\/2018\/05\/03\/disolucion-de-eta-mirada-del-nacionalismo-vasco-en-el-cine\/","og_locale":"es_ES","og_type":"article","og_title":"\u00bfDisoluci\u00f3n de ETA?: mirada del nacionalismo vasco en el cine","og_description":"\u00bfDisoluci\u00f3n de ETA?: mirada del nacionalismo vasco en el cine. Ayer, la banda que ha sembrado el terror, dec\u00eda poner fin a sus actividades. Y me ha parecido oportuno traer a estas pantallas el libro\u00a0Creadores de sombras. ETA y el nacionalismo vasco a trav\u00e9s del cine, de Santiago de Pablo y editado\u00a0por Tecnos.","og_url":"https:\/\/www.cope.es\/blogs\/palomitas-de-maiz\/2018\/05\/03\/disolucion-de-eta-mirada-del-nacionalismo-vasco-en-el-cine\/","og_site_name":"Palomitas de Ma\u00edz","article_publisher":"https:\/\/www.facebook.com\/cope\/","article_author":"https:\/\/www.facebook.com\/palomitero\/","article_published_time":"2018-05-02T22:38:20+00:00","article_modified_time":"2018-05-02T22:43:29+00:00","og_image":[{"width":724,"height":357,"url":"https:\/\/www.cope.es\/blogs\/palomitas-de-maiz\/wp-content\/uploads\/sites\/6\/2018\/05\/creadores-de-sombras.jpg","type":"image\/jpeg"}],"author":"Jos\u00e9 Luis Panero","twitter_card":"summary_large_image","twitter_creator":"@PALOMITERO","twitter_site":"@cope_es","twitter_misc":{"Escrito por":"Jos\u00e9 Luis Panero","Tiempo de lectura":"2 minutos"},"schema":{"@context":"https:\/\/schema.org","@graph":[{"@type":"Article","@id":"https:\/\/www.cope.es\/blogs\/palomitas-de-maiz\/2018\/05\/03\/disolucion-de-eta-mirada-del-nacionalismo-vasco-en-el-cine\/#article","isPartOf":{"@id":"https:\/\/www.cope.es\/blogs\/palomitas-de-maiz\/2018\/05\/03\/disolucion-de-eta-mirada-del-nacionalismo-vasco-en-el-cine\/"},"author":{"name":"Jos\u00e9 Luis Panero","@id":"https:\/\/www.cope.es\/blogs\/palomitas-de-maiz\/#\/schema\/person\/9fb256f63733c964d19b06de1ca3c9ef"},"headline":"\u00bfDisoluci\u00f3n de ETA?: Repasamos la historia del nacionalismo vasco a trav\u00e9s del cine","datePublished":"2018-05-02T22:38:20+00:00","dateModified":"2018-05-02T22:43:29+00:00","mainEntityOfPage":{"@id":"https:\/\/www.cope.es\/blogs\/palomitas-de-maiz\/2018\/05\/03\/disolucion-de-eta-mirada-del-nacionalismo-vasco-en-el-cine\/"},"wordCount":448,"commentCount":0,"image":{"@id":"https:\/\/www.cope.es\/blogs\/palomitas-de-maiz\/2018\/05\/03\/disolucion-de-eta-mirada-del-nacionalismo-vasco-en-el-cine\/#primaryimage"},"thumbnailUrl":"https:\/\/www.cope.es\/blogs\/palomitas-de-maiz\/wp-content\/uploads\/sites\/6\/2018\/05\/creadores-de-sombras.jpg","keywords":["cine","creadores de sombras","D\u00edas contados","disolucion","El proceso de Burgos","eta","franco","gal","La muerte de Mikel","la pelota vasca","La piel contra la piedra","Lasa y Zabala","nacionalismo vasco","Ocho apellidos vascos","Operaci\u00f3n Ogro","santiago de pablo","tecnos","Todos estamos invitados","transicion","Trece entre mil","violencia vasca","Yoyes"],"articleSection":["actualidad","Cine","eta","libros de cine","terror"],"inLanguage":"es","potentialAction":[{"@type":"CommentAction","name":"Comment","target":["https:\/\/www.cope.es\/blogs\/palomitas-de-maiz\/2018\/05\/03\/disolucion-de-eta-mirada-del-nacionalismo-vasco-en-el-cine\/#respond"]}]},{"@type":"WebPage","@id":"https:\/\/www.cope.es\/blogs\/palomitas-de-maiz\/2018\/05\/03\/disolucion-de-eta-mirada-del-nacionalismo-vasco-en-el-cine\/","url":"https:\/\/www.cope.es\/blogs\/palomitas-de-maiz\/2018\/05\/03\/disolucion-de-eta-mirada-del-nacionalismo-vasco-en-el-cine\/","name":"\u00bfDisoluci\u00f3n de ETA?: mirada del nacionalismo vasco en el cine","isPartOf":{"@id":"https:\/\/www.cope.es\/blogs\/palomitas-de-maiz\/#website"},"primaryImageOfPage":{"@id":"https:\/\/www.cope.es\/blogs\/palomitas-de-maiz\/2018\/05\/03\/disolucion-de-eta-mirada-del-nacionalismo-vasco-en-el-cine\/#primaryimage"},"image":{"@id":"https:\/\/www.cope.es\/blogs\/palomitas-de-maiz\/2018\/05\/03\/disolucion-de-eta-mirada-del-nacionalismo-vasco-en-el-cine\/#primaryimage"},"thumbnailUrl":"https:\/\/www.cope.es\/blogs\/palomitas-de-maiz\/wp-content\/uploads\/sites\/6\/2018\/05\/creadores-de-sombras.jpg","datePublished":"2018-05-02T22:38:20+00:00","dateModified":"2018-05-02T22:43:29+00:00","author":{"@id":"https:\/\/www.cope.es\/blogs\/palomitas-de-maiz\/#\/schema\/person\/9fb256f63733c964d19b06de1ca3c9ef"},"description":"\u00bfDisoluci\u00f3n de ETA?: mirada del nacionalismo vasco en el cine. Ayer, la banda que ha sembrado el terror, dec\u00eda poner fin a sus actividades. Y me ha parecido oportuno traer a estas pantallas el libro\u00a0Creadores de sombras. ETA y el nacionalismo vasco a trav\u00e9s del cine, de Santiago de Pablo y editado\u00a0por Tecnos.","breadcrumb":{"@id":"https:\/\/www.cope.es\/blogs\/palomitas-de-maiz\/2018\/05\/03\/disolucion-de-eta-mirada-del-nacionalismo-vasco-en-el-cine\/#breadcrumb"},"inLanguage":"es","potentialAction":[{"@type":"ReadAction","target":["https:\/\/www.cope.es\/blogs\/palomitas-de-maiz\/2018\/05\/03\/disolucion-de-eta-mirada-del-nacionalismo-vasco-en-el-cine\/"]}]},{"@type":"ImageObject","inLanguage":"es","@id":"https:\/\/www.cope.es\/blogs\/palomitas-de-maiz\/2018\/05\/03\/disolucion-de-eta-mirada-del-nacionalismo-vasco-en-el-cine\/#primaryimage","url":"https:\/\/www.cope.es\/blogs\/palomitas-de-maiz\/wp-content\/uploads\/sites\/6\/2018\/05\/creadores-de-sombras.jpg","contentUrl":"https:\/\/www.cope.es\/blogs\/palomitas-de-maiz\/wp-content\/uploads\/sites\/6\/2018\/05\/creadores-de-sombras.jpg","width":724,"height":357,"caption":"http:\/\/www.cope.es\/blogs\/palomitas-de-maiz\/2018\/05\/03\/disolucion-de-eta-mirada-del-nacionalismo-vasco-en-el-cine\/"},{"@type":"BreadcrumbList","@id":"https:\/\/www.cope.es\/blogs\/palomitas-de-maiz\/2018\/05\/03\/disolucion-de-eta-mirada-del-nacionalismo-vasco-en-el-cine\/#breadcrumb","itemListElement":[{"@type":"ListItem","position":1,"name":"Portada","item":"https:\/\/www.cope.es\/blogs\/palomitas-de-maiz\/"},{"@type":"ListItem","position":2,"name":"\u00bfDisoluci\u00f3n de ETA?: Repasamos la historia del nacionalismo vasco a trav\u00e9s del cine"}]},{"@type":"WebSite","@id":"https:\/\/www.cope.es\/blogs\/palomitas-de-maiz\/#website","url":"https:\/\/www.cope.es\/blogs\/palomitas-de-maiz\/","name":"Palomitas de Ma\u00edz","description":"Blog decano de cine de COPE","potentialAction":[{"@type":"SearchAction","target":{"@type":"EntryPoint","urlTemplate":"https:\/\/www.cope.es\/blogs\/palomitas-de-maiz\/?s={search_term_string}"},"query-input":{"@type":"PropertyValueSpecification","valueRequired":true,"valueName":"search_term_string"}}],"inLanguage":"es"},{"@type":"Person","@id":"https:\/\/www.cope.es\/blogs\/palomitas-de-maiz\/#\/schema\/person\/9fb256f63733c964d19b06de1ca3c9ef","name":"Jos\u00e9 Luis Panero","image":{"@type":"ImageObject","inLanguage":"es","@id":"https:\/\/secure.gravatar.com\/avatar\/2ef93951eab3cee25932a7219e566376cbf6ddedde3aa3098e7a971991a3ef12?s=96&d=mm&r=g","url":"https:\/\/secure.gravatar.com\/avatar\/2ef93951eab3cee25932a7219e566376cbf6ddedde3aa3098e7a971991a3ef12?s=96&d=mm&r=g","contentUrl":"https:\/\/secure.gravatar.com\/avatar\/2ef93951eab3cee25932a7219e566376cbf6ddedde3aa3098e7a971991a3ef12?s=96&d=mm&r=g","caption":"Jos\u00e9 Luis Panero"},"description":"Licenciado en Periodismo y en Comunicaci\u00f3n Audiovisual. Tras m\u00e1s de cuatro a\u00f1os en el diario 'La Gaceta de Los Negocios' y el programa f\u00edlmico 'Pantalla Grande', es cr\u00edtico de cine en 'Ciudad Nueva', 'Pantalla 90', 'COPE' o 'Aleteia' y cr\u00edtico de teatro en 'Hoy en la city'. Ha sido coguionista y ayudante de direcci\u00f3n de cine, ponente en los coloquios de cine del foro FNAC y profesor universitario en diferentes cursos de Periodismo Social. Desde 2003 es miembro del C\u00edrculo de Escritores Cinematogr\u00e1ficos (CEC). En 2008 fund\u00f3 en 'COPE' su blog de cine 'Palomitas de Ma\u00edz'. En 2017 fue nombrado Jurado Oficial del Festival Internacional de Cine de Fuengirola (M\u00e1laga) y ese a\u00f1o la instituci\u00f3n educativa Trinity College-Liceo Serrano le distingui\u00f3 con el nombramiento de 'Profesor de Honor' del centro y miembro ilustre del claustro de profesores. En 2019 fue nombrado Jurado Oficial del Festival Internacional de Cine de Vera (Almer\u00eda). En 2020 fue nombrado Jurado Oficial del Festival Internacional de Cine de Terror de La Mar Bella (Marbella). Como int\u00e9rprete ha sido galardonado con el Premio al Actor Principal del I Festival Nacional UNIR de teatro. Desde 2020 es acad\u00e9mico de las Artes Esc\u00e9nicas de Espa\u00f1a. En 2023 fue nombrado Jurado Oficial de los 'Premios Tal\u00eda' en su I Edici\u00f3n. Y miembro de ASHUMES (Asociaci\u00f3n del Humorismo Espa\u00f1ol) a partir de 2022. En 2023 fue nombrado Jurado Oficial de la II Edici\u00f3n de los 'Premios Godot'.","sameAs":["http:\/\/www.cope.es","https:\/\/www.facebook.com\/palomitero\/","https:\/\/www.instagram.com\/joseluispanero\/","https:\/\/www.linkedin.com\/in\/jos-luis-panero-gonzlez-barosa-7722a716\/","https:\/\/x.com\/PALOMITERO","https:\/\/www.youtube.com\/channel\/UCQYaNGiETUXUPXjYu9p3lNw\/videos?","https:\/\/es.wikipedia.org\/wiki\/Jos_Luis_Panero_Gonzlez-Barosa"],"url":"https:\/\/www.cope.es\/blogs\/palomitas-de-maiz\/author\/jlpanero\/"}]}},"amp_enabled":true,"_links":{"self":[{"href":"https:\/\/www.cope.es\/blogs\/palomitas-de-maiz\/wp-json\/wp\/v2\/posts\/1214","targetHints":{"allow":["GET"]}}],"collection":[{"href":"https:\/\/www.cope.es\/blogs\/palomitas-de-maiz\/wp-json\/wp\/v2\/posts"}],"about":[{"href":"https:\/\/www.cope.es\/blogs\/palomitas-de-maiz\/wp-json\/wp\/v2\/types\/post"}],"author":[{"embeddable":true,"href":"https:\/\/www.cope.es\/blogs\/palomitas-de-maiz\/wp-json\/wp\/v2\/users\/6"}],"replies":[{"embeddable":true,"href":"https:\/\/www.cope.es\/blogs\/palomitas-de-maiz\/wp-json\/wp\/v2\/comments?post=1214"}],"version-history":[{"count":2,"href":"https:\/\/www.cope.es\/blogs\/palomitas-de-maiz\/wp-json\/wp\/v2\/posts\/1214\/revisions"}],"predecessor-version":[{"id":1226,"href":"https:\/\/www.cope.es\/blogs\/palomitas-de-maiz\/wp-json\/wp\/v2\/posts\/1214\/revisions\/1226"}],"wp:featuredmedia":[{"embeddable":true,"href":"https:\/\/www.cope.es\/blogs\/palomitas-de-maiz\/wp-json\/wp\/v2\/media\/1218"}],"wp:attachment":[{"href":"https:\/\/www.cope.es\/blogs\/palomitas-de-maiz\/wp-json\/wp\/v2\/media?parent=1214"}],"wp:term":[{"taxonomy":"category","embeddable":true,"href":"https:\/\/www.cope.es\/blogs\/palomitas-de-maiz\/wp-json\/wp\/v2\/categories?post=1214"},{"taxonomy":"post_tag","embeddable":true,"href":"https:\/\/www.cope.es\/blogs\/palomitas-de-maiz\/wp-json\/wp\/v2\/tags?post=1214"}],"curies":[{"name":"wp","href":"https:\/\/api.w.org\/{rel}","templated":true}]}}