{"id":11932,"date":"2024-10-17T14:00:47","date_gmt":"2024-10-17T12:00:47","guid":{"rendered":"http:\/\/www.cope.es\/blogs\/palomitas-de-maiz\/?p=11932"},"modified":"2024-10-17T14:00:47","modified_gmt":"2024-10-17T12:00:47","slug":"5-pelis-en-el-dia-internacional-de-la-erradicacion-de-la-pobreza","status":"publish","type":"post","link":"https:\/\/www.cope.es\/blogs\/palomitas-de-maiz\/2024\/10\/17\/5-pelis-en-el-dia-internacional-de-la-erradicacion-de-la-pobreza\/","title":{"rendered":"5 motivos de cine para conmemorar el D\u00eda Internacional contra la Erradicaci\u00f3n de la Pobreza"},"content":{"rendered":"<p>\u00a1Mis queridos palomiteros! 5 pelis en el D\u00eda Internacional de la Erradicaci\u00f3n de la Pobreza.<\/p>\n<p>Hoy, como cada 17 de octubre, recordamos al <strong>D\u00eda Internacional contra la Erradicaci\u00f3n de la Pobreza<\/strong>, que fue reconocido por las\u00a0Naciones Unidas\u00a0en 1992, pero la primera celebraci\u00f3n de dicho d\u00eda tuvo lugar en\u00a0Par\u00eds en 1987, cuando m\u00e1s de 100.000 personas se reunieron en la\u00a0plaza del Trocadero\u00a0para manifestarse a favor de los\u00a0Derechos humanos\u00a0y la libertad en honor a las v\u00edctimas de la pobreza, el hambre, la violencia y el miedo.<\/p>\n<p>Y, por todo ello, <strong>el cine no iba a quedarse al margen<\/strong>. Ha dado voz a esta sucesi\u00f3n de cat\u00e1strofes, incluso anteponiendo la felicidad en sus historias, a pesar de que su contexto sea de extrema gravedad. Naturalmente, la producci\u00f3n de t\u00edtulos cinematogr\u00e1ficos al uso es inmensa. Hoy nos vamos a centrar en cinco de ellos que expresan con suficiencia los sinsabores de quienes est\u00e1n instalados en el rostro del desproporcionado reparto de la justicia.<\/p>\n<h2>5 pelis en el D\u00eda Internacional de la Erradicaci\u00f3n de la Pobreza<\/h2>\n<p><strong><em>Slumdog Millonaire<\/em> (Danny Boyle, 2008)<\/strong><\/p>\n<p>La pel\u00edcula se alz\u00f3 con 8 de los 10 Oscar a los que aspiraba. Rodada casi en su totalidad en Bombay, est\u00e1 protagonizada por actores hind\u00faes. Basada en la novela\u00a0Q &amp; A, de\u00a0<strong><a href=\"https:\/\/es.wikipedia.org\/wiki\/Vikas_Swarup\" target=\"_blank\">Vikas Swarup<\/a><\/strong>, sigue los pasos de Jamal Malik. Se trata de un joven que est\u00e1 a un paso de ganar 20 millones de rupias en el concurso\u00a0<em>\u00bfQui\u00e9n quiere ser millonario?<\/em><\/p>\n<p>El hecho de que <strong>ni jueces, ni m\u00e9dicos, ni profesores\u00a0pasaran nunca de las 60.000\u00a0levanta suspicacias<\/strong>. Nadie sabe c\u00f3mo Jamal ha llegado tan lejos en el show.<\/p>\n<p><em>Slumdog Millionaire<\/em>\u00a0es un filme que provoca sensaciones, que\u00a0conmueve, emociona, alegra.\u00a0Y entristece tambi\u00e9n de una escena a otra, de una aventura de Jamal a la siguiente. Por si no fuera suficiente, Boyle ha logrado el espectacular milagro de extraer de la miseria, fantas\u00eda, y de \u00e9sta, ilusi\u00f3n y esperanza.<\/p>\n<p>Por otro lado,<strong> la cinta cuenta con un\u00a0guion sobresaliente, una narraci\u00f3n din\u00e1mica<\/strong>, vibrante, inmaculada. Adem\u00e1s de un ritmo arrollador, una est\u00e9tica atractiva, una banda sonora impactante. O unos actores en su salsa, un director convencido de la potencia de su obra\u2026<\/p>\n<p>Son todos los ingredientes de esta f\u00e1bula moderna memorable, que <strong>pasa de la denuncia social al documental<\/strong>. Y del\u00a0thriller\u00a0de acci\u00f3n m\u00e1s trepidante al drama \u00edntimo e intimista. Sin olvidarse, c\u00f3mo no, de la comedia rom\u00e1ntica, la aventura, e incluso el musical.<\/p>\n<p>Naturalmente, y como es l\u00f3gico, a todo ello se asocian de manera autom\u00e1tica multitud de\u00a0planteamientos en torno a la dualidad moral\u00a0o la esperanza de futuro. Y de este modo queda sutilmente equilibrada la balanza entre<strong> mera acci\u00f3n y discurso reflexivo<\/strong>. Una joya para ver m\u00e1s de una vez. M\u00e1xime en los tiempos actuales.<\/p>\n<p><iframe loading=\"lazy\" title=\"SLUMDOG MILLIONAIRE - Trailer espa\u00f1ol\" width=\"675\" height=\"380\" src=\"https:\/\/www.youtube.com\/embed\/QygldUZhhO8?feature=oembed\" frameborder=\"0\" allow=\"accelerometer; autoplay; clipboard-write; encrypted-media; gyroscope; picture-in-picture; web-share\" referrerpolicy=\"strict-origin-when-cross-origin\" allowfullscreen><\/iframe><\/p>\n<p><strong><em>Joseph, el rebelde<\/em> (Caroline Glorion, 2011)<\/strong><\/p>\n<p>La pel\u00edcula est\u00e1 ambientada en los a\u00f1os 50, en el barrio de chabolas de Noisy le Grand a las puertas de Par\u00eds. Un pu\u00f1ado de familias <strong>sobreviven en refugios improvisados<\/strong> entre la pobreza extrema y la violencia cotidiana.<\/p>\n<p>Joseph Wresinski decide instalarse en medio de aquellos a los que llama \u201csu pueblo\u201d. Entre estas familias, est\u00e1 la de Jacques. Su vida se va a transformar a trav\u00e9s de su encuentro con Joseph Wresinski. La suya y tambi\u00e9n la de aquellos que se van a unir al combate de este cura que revolucion\u00f3 con su acci\u00f3n la lucha contra la pobreza extrema de su tiempo.<\/p>\n<p><strong>Un combate contra la asistencia y la caridad<\/strong> que, seg\u00fan sus palabras, \u201chunden a los pobres neg\u00e1ndoles la dignidad\u201d. La opci\u00f3n radical de Wresinski coincide con el nacimiento de la Uni\u00f3n Europea, fundada tambi\u00e9n en Par\u00eds, con la firma del Tratado de la CECA en 1951.<\/p>\n<p><iframe loading=\"lazy\" title=\"Cin\u00e9ma : Joseph l&#039;insoumis - Cin\u00e9ma (25\/02\/2017)\" width=\"675\" height=\"380\" src=\"https:\/\/www.youtube.com\/embed\/Q0kc8aoiG28?feature=oembed\" frameborder=\"0\" allow=\"accelerometer; autoplay; clipboard-write; encrypted-media; gyroscope; picture-in-picture; web-share\" referrerpolicy=\"strict-origin-when-cross-origin\" allowfullscreen><\/iframe><\/p>\n<p><strong><em>Dheepan<\/em> (Jacques Audiard, 2015) <\/strong><\/p>\n<p>Rodado en 2004 y distribuido en cines por\u00a0<strong><a href=\"http:\/\/www.cope.es\/blogs\/palomitas-de-maiz\/2023\/01\/27\/critica-decision-to-leave-romantico-thriller-al-mejor-estilo-de-hitchcock\/\">V\u00e9rtigo Films<\/a><\/strong>, el filme fue escrito y dirigido por este afamado autor galo, responsable de\u00a0<em>Lee mis labios<\/em>\u00a0(2001),<em>\u00a0Un profeta<\/em>\u00a0(2009) o\u00a0<em>De \u00f3xido y hueso<\/em> (2012), que merecidamente recibi\u00f3 hace nueve a\u00f1os en Cannes la Palma de Oro, es decir, el m\u00e1ximo galard\u00f3n.<\/p>\n<p><strong>La pel\u00edcula es la adaptaci\u00f3n libre<\/strong> de <em>Las<\/em> <em>cartas persas<\/em>\u00a0de\u00a0Montesquieu. En ella se explica que para huir de la guerra en Sri Lanka, un ex-combatiente, una joven y una ni\u00f1a se hacen pasar por una familia tradicional, pese a no conocerse de nada. Refugiados en los conflictivos suburbios de una ciudad de Francia, tratar\u00e1n de construir una nueva vida juntos.<\/p>\n<p>La mayor parte de las pel\u00edculas\u00a0que presentan el tema de la inmigraci\u00f3n como eje central de la trama <strong>denuncian el sufrimiento de los exiliados\u00a0y resaltan la hipocres\u00eda de una sociedad occidental acostumbrada a mirar para otro lado<\/strong>. El objetivo de todas ellas es bueno:\u00a0despertar conciencias. \u00bfEn qu\u00e9 radica el triunfo de\u00a0<em>Dheepan<\/em>\u00a0frente a muchas de ellas? En su renuncia al victimismo facil\u00f3n y al estereotipo.<\/p>\n<p>Adem\u00e1s,<strong>\u00a0Audiard establece una analog\u00eda entre el comportamiento violento de dos sectores culturales muy diferentes\u00a0en situaciones igualmente distintas<\/strong>: la Guerra Civil de Sri Lanka, donde los ciudadanos luchaban contra la discriminaci\u00f3n y el sistema de castas, y la guerra de bandas rivales en los suburbios parisinos. Y es que en este tratado sobre el hombre y la violencia debemos apuntar que si \u00e9sta se manifiesta abiertamente no es como componente morboso sino como consecuencia.<\/p>\n<p>La pel\u00edcula en su conjunto es una\u00a0obra s\u00f3lida, cre\u00edble, desbordante de autenticidad\u00a0y sentimiento, al estilo del mejor\u00a0<strong><a href=\"http:\/\/www.cope.es\/blogs\/palomitas-de-maiz\/2020\/06\/12\/yo-daniel-blake-ken-loach-insiste-en-denunciar-la-injusticia-social-critica-cine-caramel-films\/\">Ken Loach<\/a><\/strong>, de ambig\u00fcedades y preguntas sobre la humanidad y el civismo. Los personajes de\u00a0<em>Dheepan<\/em>\u00a0no son buenos o malos, son personas hipot\u00e9ticas tal cual las han hecho las circunstancias de sus vidas, reprochables o desagradables hasta lo insoportable, pero humanas. Y eso es algo muy grande.<\/p>\n<p><iframe loading=\"lazy\" title=\"DHEEPAN - Tr\u00e1iler Espa\u00f1ol\" width=\"675\" height=\"380\" src=\"https:\/\/www.youtube.com\/embed\/c231h55Ohak?feature=oembed\" frameborder=\"0\" allow=\"accelerometer; autoplay; clipboard-write; encrypted-media; gyroscope; picture-in-picture; web-share\" referrerpolicy=\"strict-origin-when-cross-origin\" allowfullscreen><\/iframe><\/p>\n<p><strong><em>Yo, Daniel Blake<\/em> (Ken Loach, 2016)<\/strong><\/p>\n<p>Esta s\u00f3lida cr\u00f3nica social cuenta con un guion de su colaborador habitual, el escoc\u00e9s\u00a0<strong>Paul Laverty<\/strong>, y la modesta producci\u00f3n goza de una excelente factura t\u00e9cnica que pone el acento en la edificante historia del ser humano. Daniel Blake es un veterano carpintero que debido a una\u00a0enfermedad cardiaca se ve en la obligaci\u00f3n de cesar su trabajo. Pero su pesadilla empieza cuando la administraci\u00f3n le niega\u00a0el subsidio de invalidez.<\/p>\n<p>Es cierto que <strong>la etapa transgresora de Ken Loach ya pas\u00f3<\/strong>. Pero\u00a0\u00e9l ha desgastado su vida defendiendo a la clase social menos favorecida. Por ello, no tendr\u00eda tanto sentido hablar de transgresi\u00f3n para referirnos a su cine, como de resistencia. Y es que su discurso cinematogr\u00e1fico redunda en una tenacidad admirable. No en vano se le conoce habitualmente como el\u00a0padre del cine social.<\/p>\n<p>Con\u00a0<em>Yo, Daniel Blake<\/em>, Loach <strong>vuelve a orientar su arte hacia la experiencia de lo real,<\/strong> utilizando al cine como herramienta pol\u00edtica definitiva. De hecho, Daniel Blake\u00a0representa el compromiso social, pol\u00edtico e hist\u00f3rico\u00a0que este realizador mantiene hacia sus personajes, seres acosados a diario por las injusticias burocr\u00e1ticas, y al tiempo compone un teatro del proletariado cuya manifestaci\u00f3n se enfrenta a la cultura popular dominante y estereotipada. <strong>Adem\u00e1s,\u00a0Ken Loach\u00a0se apoya en una amplia variedad de elementos narrativos y en otras t\u00e9cnicas de filmaci\u00f3n convencionales<\/strong> que le han permitido empatizar con sus personajes de modo muy especial.<\/p>\n<p>Por si no fuera suficiente, tambi\u00e9n\u00a0convierte el espacio urbano en un contexto fundamental para el desarrollo de las relaciones humanas. Y si algo queda demostrado en\u00a0<em>Yo, Daniel Blake<\/em>, es que la uni\u00f3n del pueblo es la \u00fanica manera de hacerse o\u00edr ante las injusticias.<\/p>\n<p><iframe loading=\"lazy\" title=\"YO, DANIEL BLAKE - Trailer espa\u00f1ol\" width=\"675\" height=\"380\" src=\"https:\/\/www.youtube.com\/embed\/LgENRwsvKAg?feature=oembed\" frameborder=\"0\" allow=\"accelerometer; autoplay; clipboard-write; encrypted-media; gyroscope; picture-in-picture; web-share\" referrerpolicy=\"strict-origin-when-cross-origin\" allowfullscreen><\/iframe><\/p>\n<p><strong><em>Un asunto de familia<\/em> (Hirokazu Koreeda, 2018)<\/strong><\/p>\n<p>Hermosa y at\u00edpica f\u00e1bula sobre los lazos familiares.<strong> El filme arranca con la historia de Osamu, cabeza de familia, quien no tiene recursos econ\u00f3micos para sacarla adelante<\/strong>. Para poder sobrevivir se dedica a hacer todo tipo de hurtos que le sirva para conseguir comida y los v\u00edveres necesarios.<\/p>\n<p>Tras uno de estos robos, Osamu y su hijo Shota se encuentran a Yuri, una ni\u00f1a abandonada en la calle y muerta de fr\u00edo. Inicialmente, la esposa de Osamu, Nobuyo, no quiere que se quede con ellos, pero la ni\u00f1a demuestra ser muy dulce y terminan por aceptarla como un miembro m\u00e1s de la familia.<\/p>\n<p>Sin embargo, <strong>la investigaci\u00f3n sobre la joven desaparecida<\/strong>, dado que no han considerado que su acci\u00f3n suponga un secuestro, pondr\u00e1 en peligro a su familia de acogida.<\/p>\n<p>Desde su vital\u00a0<em>De tal padre tal hijo<\/em>\u00a0(2013), en la que <a href=\"http:\/\/www.cope.es\/blogs\/palomitas-de-maiz\/2019\/12\/24\/entrevista-a-hirokazu-kore-eda-la-honestidad-no-siempre-lo-justifica-todo-la-verdad\/\"><strong>Koreeda<\/strong><\/a> (<strong>entrevista<\/strong>) empieza a explorar con hondura dram\u00e1tica a la familia, el director japon\u00e9s vuelve a reivindicar ahora la cultura de la familia, la cultura del encuentro, con todas sus aristas, precisamente por la importancia que le otorga a la relaci\u00f3n padre-madre-hijos.<\/p>\n<p>Y esta vez lo hace mostrando sin remilgos su <strong>oposici\u00f3n frente a la injusticia social<\/strong>, algo que ya apreciamos en <em>Nadie sabe<\/em>\u00a0(2004), otro de sus grandes dramas sociales sobre el tema. En\u00a0<em>Un asunto de familia<\/em>, el director de\u00a0<em>Nuestra hermana peque\u00f1a<\/em>\u00a0(2015) demuestra que la generosidad, la donaci\u00f3n al otro, la entrega, pueden renacer incluso en situaciones de indigencia y necesidad. De hecho, es en este punto donde\u00a0Koreeda plantea un modelo de familia arriesgado pero edificante, que antes el cine no hab\u00eda plasmado.<\/p>\n<p><strong>Otra de las virtudes\u00a0<\/strong>de\u00a0<em>Un asunto de familia<\/em>\u00a0-adem\u00e1s de su\u00a0evocadora puesta en escena\u00a0y su representativa banda sonora-<strong>\u00a0son sus personajes\u00a0por c\u00f3mo est\u00e1n construidos sus complejos perfiles<\/strong> -con\u00a0di\u00e1logos s\u00f3lidos- y que talento derrochan los actores que los interpretan, ni\u00f1os incluidos. Y todo ello queda coronado por la autenticidad que desprende el filme, por asimilar con naturalidad los reveses con que se presenta la vida y concluir que la familia los asume y adem\u00e1s no deja de ser feliz por ello.<\/p>\n<p>Nos hemos equivocado al creer que tras\u00a0<em>Despu\u00e9s de la tormenta<\/em>\u00a0(2016) Koreeda lo hab\u00eda dicho ya todo sobre la familia. Lo que est\u00e1 muy claro es que el significado de<strong>\u00a0la paternidad en el siglo XXI a\u00fan tiene muchas v\u00edas de expansi\u00f3n y pronunciamiento<\/strong>.<\/p>\n<p><iframe loading=\"lazy\" title=\"UN ASUNTO DE FAMILIA Tr\u00e1iler con subt\u00edtulos en espa\u00f1ol\" width=\"675\" height=\"380\" src=\"https:\/\/www.youtube.com\/embed\/6gVR1QkI8dU?feature=oembed\" frameborder=\"0\" allow=\"accelerometer; autoplay; clipboard-write; encrypted-media; gyroscope; picture-in-picture; web-share\" referrerpolicy=\"strict-origin-when-cross-origin\" allowfullscreen><\/iframe><\/p>\n","protected":false},"excerpt":{"rendered":"<p>\u00a1Mis queridos palomiteros! 5 pelis en el D\u00eda Internacional de la Erradicaci\u00f3n de la Pobreza. Hoy, como cada 17 de octubre, recordamos al D\u00eda Internacional contra la Erradicaci\u00f3n de la Pobreza, que fue reconocido por las\u00a0Naciones Unidas\u00a0en 1992, pero la primera celebraci\u00f3n de dicho d\u00eda tuvo lugar en\u00a0Par\u00eds en 1987, cuando m\u00e1s de 100.000 personas [&hellip;]<\/p>\n","protected":false},"author":6,"featured_media":11934,"comment_status":"open","ping_status":"open","sticky":false,"template":"","format":"standard","meta":{"footnotes":""},"categories":[336,49],"tags":[12895,4401,12893,44,519,12899,6488,12894,12896,12900,2805,2352,12892,6501,12901,12897,8,7763,525,12898,1448,1370,6513],"class_list":["post-11932","post","type-post","status-publish","format-standard","has-post-thumbnail","hentry","category-actualidad","category-cine","tag-17-de-octubre","tag-actualidad","tag-caroline-glorion","tag-cine","tag-danny-boyle","tag-derechos-humanos","tag-dheepan","tag-dia-internacional-de-la-erradicacion-de-la-pobreza","tag-erradicacion","tag-hambre","tag-hirokazu-koreeda","tag-jacques-audiard","tag-joseph-el-rebelde","tag-ken-loach","tag-miedo","tag-naciones-unidas","tag-peliculas","tag-pobreza","tag-slumdog-millonaire","tag-trocadero","tag-un-asunto-de-familia","tag-violencia","tag-yo-daniel-blake"],"yoast_head":"<!-- This site is optimized with the Yoast SEO plugin v27.4 - https:\/\/yoast.com\/product\/yoast-seo-wordpress\/ -->\n<title>5 pelis en el D\u00eda Internacional de la Erradicaci\u00f3n de la Pobreza<\/title>\n<meta name=\"description\" content=\"Blog de cine y teatro. Blogs COPE. 5 pelis en el D\u00eda Internacional de la Erradicaci\u00f3n de la Pobreza. Cinco historias solidarias de renombre\" \/>\n<meta name=\"robots\" content=\"index, follow, max-snippet:-1, max-image-preview:large, max-video-preview:-1\" \/>\n<link rel=\"canonical\" href=\"https:\/\/www.cope.es\/blogs\/palomitas-de-maiz\/2024\/10\/17\/5-pelis-en-el-dia-internacional-de-la-erradicacion-de-la-pobreza\/\" \/>\n<meta property=\"og:locale\" content=\"es_ES\" \/>\n<meta property=\"og:type\" content=\"article\" \/>\n<meta property=\"og:title\" content=\"5 pelis en el D\u00eda Internacional de la Erradicaci\u00f3n de la Pobreza\" \/>\n<meta property=\"og:description\" content=\"Blog de cine y teatro. Blogs COPE. 5 pelis en el D\u00eda Internacional de la Erradicaci\u00f3n de la Pobreza. Cinco historias solidarias de renombre\" \/>\n<meta property=\"og:url\" content=\"https:\/\/www.cope.es\/blogs\/palomitas-de-maiz\/2024\/10\/17\/5-pelis-en-el-dia-internacional-de-la-erradicacion-de-la-pobreza\/\" \/>\n<meta property=\"og:site_name\" content=\"Palomitas de Ma\u00edz\" \/>\n<meta property=\"article:publisher\" content=\"https:\/\/www.facebook.com\/cope\/\" \/>\n<meta property=\"article:author\" content=\"https:\/\/www.facebook.com\/palomitero\/\" \/>\n<meta property=\"article:published_time\" content=\"2024-10-17T12:00:47+00:00\" \/>\n<meta property=\"og:image\" content=\"https:\/\/www.cope.es\/blogs\/palomitas-de-maiz\/wp-content\/uploads\/sites\/6\/2024\/10\/las-tortugas-tambi\u00e9n-vuelan-portada.jpg\" \/>\n\t<meta property=\"og:image:width\" content=\"725\" \/>\n\t<meta property=\"og:image:height\" content=\"387\" \/>\n\t<meta property=\"og:image:type\" content=\"image\/jpeg\" \/>\n<meta name=\"author\" content=\"Jos\u00e9 Luis Panero\" \/>\n<meta name=\"twitter:card\" content=\"summary_large_image\" \/>\n<meta name=\"twitter:creator\" content=\"@PALOMITERO\" \/>\n<meta name=\"twitter:site\" content=\"@cope_es\" \/>\n<meta name=\"twitter:label1\" content=\"Escrito por\" \/>\n\t<meta name=\"twitter:data1\" content=\"Jos\u00e9 Luis Panero\" \/>\n\t<meta name=\"twitter:label2\" content=\"Tiempo de lectura\" \/>\n\t<meta name=\"twitter:data2\" content=\"9 minutos\" \/>\n<script type=\"application\/ld+json\" class=\"yoast-schema-graph\">{\"@context\":\"https:\\\/\\\/schema.org\",\"@graph\":[{\"@type\":\"Article\",\"@id\":\"https:\\\/\\\/www.cope.es\\\/blogs\\\/palomitas-de-maiz\\\/2024\\\/10\\\/17\\\/5-pelis-en-el-dia-internacional-de-la-erradicacion-de-la-pobreza\\\/#article\",\"isPartOf\":{\"@id\":\"https:\\\/\\\/www.cope.es\\\/blogs\\\/palomitas-de-maiz\\\/2024\\\/10\\\/17\\\/5-pelis-en-el-dia-internacional-de-la-erradicacion-de-la-pobreza\\\/\"},\"author\":{\"name\":\"Jos\u00e9 Luis Panero\",\"@id\":\"https:\\\/\\\/www.cope.es\\\/blogs\\\/palomitas-de-maiz\\\/#\\\/schema\\\/person\\\/9fb256f63733c964d19b06de1ca3c9ef\"},\"headline\":\"5 motivos de cine para conmemorar el D\u00eda Internacional contra la Erradicaci\u00f3n de la Pobreza\",\"datePublished\":\"2024-10-17T12:00:47+00:00\",\"mainEntityOfPage\":{\"@id\":\"https:\\\/\\\/www.cope.es\\\/blogs\\\/palomitas-de-maiz\\\/2024\\\/10\\\/17\\\/5-pelis-en-el-dia-internacional-de-la-erradicacion-de-la-pobreza\\\/\"},\"wordCount\":1801,\"commentCount\":0,\"image\":{\"@id\":\"https:\\\/\\\/www.cope.es\\\/blogs\\\/palomitas-de-maiz\\\/2024\\\/10\\\/17\\\/5-pelis-en-el-dia-internacional-de-la-erradicacion-de-la-pobreza\\\/#primaryimage\"},\"thumbnailUrl\":\"https:\\\/\\\/www.cope.es\\\/blogs\\\/palomitas-de-maiz\\\/wp-content\\\/uploads\\\/sites\\\/6\\\/2024\\\/10\\\/las-tortugas-tambi\u00e9n-vuelan-portada.jpg\",\"keywords\":[\"17 de octubre\",\"actualidad\",\"Caroline Glorion\",\"cine\",\"Danny Boyle\",\"derechos humanos\",\"Dheepan\",\"dia internacional de la erradicaci\u00f3n de la pobreza\",\"erradicaci\u00f3n\",\"hambre\",\"Hirokazu Koreeda\",\"jacques audiard\",\"joseph el rebelde\",\"ken loach\",\"miedo\",\"naciones unidas\",\"pel\u00edculas\",\"Pobreza\",\"slumdog millonaire\",\"trocadero\",\"Un asunto de familia\",\"violencia\",\"Yo Daniel Blake\"],\"articleSection\":[\"actualidad\",\"Cine\"],\"inLanguage\":\"es\",\"potentialAction\":[{\"@type\":\"CommentAction\",\"name\":\"Comment\",\"target\":[\"https:\\\/\\\/www.cope.es\\\/blogs\\\/palomitas-de-maiz\\\/2024\\\/10\\\/17\\\/5-pelis-en-el-dia-internacional-de-la-erradicacion-de-la-pobreza\\\/#respond\"]}]},{\"@type\":\"WebPage\",\"@id\":\"https:\\\/\\\/www.cope.es\\\/blogs\\\/palomitas-de-maiz\\\/2024\\\/10\\\/17\\\/5-pelis-en-el-dia-internacional-de-la-erradicacion-de-la-pobreza\\\/\",\"url\":\"https:\\\/\\\/www.cope.es\\\/blogs\\\/palomitas-de-maiz\\\/2024\\\/10\\\/17\\\/5-pelis-en-el-dia-internacional-de-la-erradicacion-de-la-pobreza\\\/\",\"name\":\"5 pelis en el D\u00eda Internacional de la Erradicaci\u00f3n de la Pobreza\",\"isPartOf\":{\"@id\":\"https:\\\/\\\/www.cope.es\\\/blogs\\\/palomitas-de-maiz\\\/#website\"},\"primaryImageOfPage\":{\"@id\":\"https:\\\/\\\/www.cope.es\\\/blogs\\\/palomitas-de-maiz\\\/2024\\\/10\\\/17\\\/5-pelis-en-el-dia-internacional-de-la-erradicacion-de-la-pobreza\\\/#primaryimage\"},\"image\":{\"@id\":\"https:\\\/\\\/www.cope.es\\\/blogs\\\/palomitas-de-maiz\\\/2024\\\/10\\\/17\\\/5-pelis-en-el-dia-internacional-de-la-erradicacion-de-la-pobreza\\\/#primaryimage\"},\"thumbnailUrl\":\"https:\\\/\\\/www.cope.es\\\/blogs\\\/palomitas-de-maiz\\\/wp-content\\\/uploads\\\/sites\\\/6\\\/2024\\\/10\\\/las-tortugas-tambi\u00e9n-vuelan-portada.jpg\",\"datePublished\":\"2024-10-17T12:00:47+00:00\",\"author\":{\"@id\":\"https:\\\/\\\/www.cope.es\\\/blogs\\\/palomitas-de-maiz\\\/#\\\/schema\\\/person\\\/9fb256f63733c964d19b06de1ca3c9ef\"},\"description\":\"Blog de cine y teatro. Blogs COPE. 5 pelis en el D\u00eda Internacional de la Erradicaci\u00f3n de la Pobreza. Cinco historias solidarias de renombre\",\"breadcrumb\":{\"@id\":\"https:\\\/\\\/www.cope.es\\\/blogs\\\/palomitas-de-maiz\\\/2024\\\/10\\\/17\\\/5-pelis-en-el-dia-internacional-de-la-erradicacion-de-la-pobreza\\\/#breadcrumb\"},\"inLanguage\":\"es\",\"potentialAction\":[{\"@type\":\"ReadAction\",\"target\":[\"https:\\\/\\\/www.cope.es\\\/blogs\\\/palomitas-de-maiz\\\/2024\\\/10\\\/17\\\/5-pelis-en-el-dia-internacional-de-la-erradicacion-de-la-pobreza\\\/\"]}]},{\"@type\":\"ImageObject\",\"inLanguage\":\"es\",\"@id\":\"https:\\\/\\\/www.cope.es\\\/blogs\\\/palomitas-de-maiz\\\/2024\\\/10\\\/17\\\/5-pelis-en-el-dia-internacional-de-la-erradicacion-de-la-pobreza\\\/#primaryimage\",\"url\":\"https:\\\/\\\/www.cope.es\\\/blogs\\\/palomitas-de-maiz\\\/wp-content\\\/uploads\\\/sites\\\/6\\\/2024\\\/10\\\/las-tortugas-tambi\u00e9n-vuelan-portada.jpg\",\"contentUrl\":\"https:\\\/\\\/www.cope.es\\\/blogs\\\/palomitas-de-maiz\\\/wp-content\\\/uploads\\\/sites\\\/6\\\/2024\\\/10\\\/las-tortugas-tambi\u00e9n-vuelan-portada.jpg\",\"width\":725,\"height\":387},{\"@type\":\"BreadcrumbList\",\"@id\":\"https:\\\/\\\/www.cope.es\\\/blogs\\\/palomitas-de-maiz\\\/2024\\\/10\\\/17\\\/5-pelis-en-el-dia-internacional-de-la-erradicacion-de-la-pobreza\\\/#breadcrumb\",\"itemListElement\":[{\"@type\":\"ListItem\",\"position\":1,\"name\":\"Portada\",\"item\":\"https:\\\/\\\/www.cope.es\\\/blogs\\\/palomitas-de-maiz\\\/\"},{\"@type\":\"ListItem\",\"position\":2,\"name\":\"5 motivos de cine para conmemorar el D\u00eda Internacional contra la Erradicaci\u00f3n de la Pobreza\"}]},{\"@type\":\"WebSite\",\"@id\":\"https:\\\/\\\/www.cope.es\\\/blogs\\\/palomitas-de-maiz\\\/#website\",\"url\":\"https:\\\/\\\/www.cope.es\\\/blogs\\\/palomitas-de-maiz\\\/\",\"name\":\"Palomitas de Ma\u00edz\",\"description\":\"Blog decano de cine de COPE\",\"potentialAction\":[{\"@type\":\"SearchAction\",\"target\":{\"@type\":\"EntryPoint\",\"urlTemplate\":\"https:\\\/\\\/www.cope.es\\\/blogs\\\/palomitas-de-maiz\\\/?s={search_term_string}\"},\"query-input\":{\"@type\":\"PropertyValueSpecification\",\"valueRequired\":true,\"valueName\":\"search_term_string\"}}],\"inLanguage\":\"es\"},{\"@type\":\"Person\",\"@id\":\"https:\\\/\\\/www.cope.es\\\/blogs\\\/palomitas-de-maiz\\\/#\\\/schema\\\/person\\\/9fb256f63733c964d19b06de1ca3c9ef\",\"name\":\"Jos\u00e9 Luis Panero\",\"image\":{\"@type\":\"ImageObject\",\"inLanguage\":\"es\",\"@id\":\"https:\\\/\\\/secure.gravatar.com\\\/avatar\\\/2ef93951eab3cee25932a7219e566376cbf6ddedde3aa3098e7a971991a3ef12?s=96&d=mm&r=g\",\"url\":\"https:\\\/\\\/secure.gravatar.com\\\/avatar\\\/2ef93951eab3cee25932a7219e566376cbf6ddedde3aa3098e7a971991a3ef12?s=96&d=mm&r=g\",\"contentUrl\":\"https:\\\/\\\/secure.gravatar.com\\\/avatar\\\/2ef93951eab3cee25932a7219e566376cbf6ddedde3aa3098e7a971991a3ef12?s=96&d=mm&r=g\",\"caption\":\"Jos\u00e9 Luis Panero\"},\"description\":\"Licenciado en Periodismo y en Comunicaci\u00f3n Audiovisual. Tras m\u00e1s de cuatro a\u00f1os en el diario 'La Gaceta de Los Negocios' y el programa f\u00edlmico 'Pantalla Grande', es cr\u00edtico de cine en 'Ciudad Nueva', 'Pantalla 90', 'COPE' o 'Aleteia' y cr\u00edtico de teatro en 'Hoy en la city'. Ha sido coguionista y ayudante de direcci\u00f3n de cine, ponente en los coloquios de cine del foro FNAC y profesor universitario en diferentes cursos de Periodismo Social. Desde 2003 es miembro del C\u00edrculo de Escritores Cinematogr\u00e1ficos (CEC). En 2008 fund\u00f3 en 'COPE' su blog de cine 'Palomitas de Ma\u00edz'. En 2017 fue nombrado Jurado Oficial del Festival Internacional de Cine de Fuengirola (M\u00e1laga) y ese a\u00f1o la instituci\u00f3n educativa Trinity College-Liceo Serrano le distingui\u00f3 con el nombramiento de 'Profesor de Honor' del centro y miembro ilustre del claustro de profesores. En 2019 fue nombrado Jurado Oficial del Festival Internacional de Cine de Vera (Almer\u00eda). En 2020 fue nombrado Jurado Oficial del Festival Internacional de Cine de Terror de La Mar Bella (Marbella). Como int\u00e9rprete ha sido galardonado con el Premio al Actor Principal del I Festival Nacional UNIR de teatro. Desde 2020 es acad\u00e9mico de las Artes Esc\u00e9nicas de Espa\u00f1a. En 2023 fue nombrado Jurado Oficial de los 'Premios Tal\u00eda' en su I Edici\u00f3n. Y miembro de ASHUMES (Asociaci\u00f3n del Humorismo Espa\u00f1ol) a partir de 2022. En 2023 fue nombrado Jurado Oficial de la II Edici\u00f3n de los 'Premios Godot'.\",\"sameAs\":[\"http:\\\/\\\/www.cope.es\",\"https:\\\/\\\/www.facebook.com\\\/palomitero\\\/\",\"https:\\\/\\\/www.instagram.com\\\/joseluispanero\\\/\",\"https:\\\/\\\/www.linkedin.com\\\/in\\\/jos-luis-panero-gonzlez-barosa-7722a716\\\/\",\"https:\\\/\\\/x.com\\\/PALOMITERO\",\"https:\\\/\\\/www.youtube.com\\\/channel\\\/UCQYaNGiETUXUPXjYu9p3lNw\\\/videos?\",\"https:\\\/\\\/es.wikipedia.org\\\/wiki\\\/Jos_Luis_Panero_Gonzlez-Barosa\"],\"url\":\"https:\\\/\\\/www.cope.es\\\/blogs\\\/palomitas-de-maiz\\\/author\\\/jlpanero\\\/\"}]}<\/script>\n<!-- \/ Yoast SEO plugin. -->","yoast_head_json":{"title":"5 pelis en el D\u00eda Internacional de la Erradicaci\u00f3n de la Pobreza","description":"Blog de cine y teatro. Blogs COPE. 5 pelis en el D\u00eda Internacional de la Erradicaci\u00f3n de la Pobreza. Cinco historias solidarias de renombre","robots":{"index":"index","follow":"follow","max-snippet":"max-snippet:-1","max-image-preview":"max-image-preview:large","max-video-preview":"max-video-preview:-1"},"canonical":"https:\/\/www.cope.es\/blogs\/palomitas-de-maiz\/2024\/10\/17\/5-pelis-en-el-dia-internacional-de-la-erradicacion-de-la-pobreza\/","og_locale":"es_ES","og_type":"article","og_title":"5 pelis en el D\u00eda Internacional de la Erradicaci\u00f3n de la Pobreza","og_description":"Blog de cine y teatro. Blogs COPE. 5 pelis en el D\u00eda Internacional de la Erradicaci\u00f3n de la Pobreza. Cinco historias solidarias de renombre","og_url":"https:\/\/www.cope.es\/blogs\/palomitas-de-maiz\/2024\/10\/17\/5-pelis-en-el-dia-internacional-de-la-erradicacion-de-la-pobreza\/","og_site_name":"Palomitas de Ma\u00edz","article_publisher":"https:\/\/www.facebook.com\/cope\/","article_author":"https:\/\/www.facebook.com\/palomitero\/","article_published_time":"2024-10-17T12:00:47+00:00","og_image":[{"width":725,"height":387,"url":"https:\/\/www.cope.es\/blogs\/palomitas-de-maiz\/wp-content\/uploads\/sites\/6\/2024\/10\/las-tortugas-tambi\u00e9n-vuelan-portada.jpg","type":"image\/jpeg"}],"author":"Jos\u00e9 Luis Panero","twitter_card":"summary_large_image","twitter_creator":"@PALOMITERO","twitter_site":"@cope_es","twitter_misc":{"Escrito por":"Jos\u00e9 Luis Panero","Tiempo de lectura":"9 minutos"},"schema":{"@context":"https:\/\/schema.org","@graph":[{"@type":"Article","@id":"https:\/\/www.cope.es\/blogs\/palomitas-de-maiz\/2024\/10\/17\/5-pelis-en-el-dia-internacional-de-la-erradicacion-de-la-pobreza\/#article","isPartOf":{"@id":"https:\/\/www.cope.es\/blogs\/palomitas-de-maiz\/2024\/10\/17\/5-pelis-en-el-dia-internacional-de-la-erradicacion-de-la-pobreza\/"},"author":{"name":"Jos\u00e9 Luis Panero","@id":"https:\/\/www.cope.es\/blogs\/palomitas-de-maiz\/#\/schema\/person\/9fb256f63733c964d19b06de1ca3c9ef"},"headline":"5 motivos de cine para conmemorar el D\u00eda Internacional contra la Erradicaci\u00f3n de la Pobreza","datePublished":"2024-10-17T12:00:47+00:00","mainEntityOfPage":{"@id":"https:\/\/www.cope.es\/blogs\/palomitas-de-maiz\/2024\/10\/17\/5-pelis-en-el-dia-internacional-de-la-erradicacion-de-la-pobreza\/"},"wordCount":1801,"commentCount":0,"image":{"@id":"https:\/\/www.cope.es\/blogs\/palomitas-de-maiz\/2024\/10\/17\/5-pelis-en-el-dia-internacional-de-la-erradicacion-de-la-pobreza\/#primaryimage"},"thumbnailUrl":"https:\/\/www.cope.es\/blogs\/palomitas-de-maiz\/wp-content\/uploads\/sites\/6\/2024\/10\/las-tortugas-tambi\u00e9n-vuelan-portada.jpg","keywords":["17 de octubre","actualidad","Caroline Glorion","cine","Danny Boyle","derechos humanos","Dheepan","dia internacional de la erradicaci\u00f3n de la pobreza","erradicaci\u00f3n","hambre","Hirokazu Koreeda","jacques audiard","joseph el rebelde","ken loach","miedo","naciones unidas","pel\u00edculas","Pobreza","slumdog millonaire","trocadero","Un asunto de familia","violencia","Yo Daniel Blake"],"articleSection":["actualidad","Cine"],"inLanguage":"es","potentialAction":[{"@type":"CommentAction","name":"Comment","target":["https:\/\/www.cope.es\/blogs\/palomitas-de-maiz\/2024\/10\/17\/5-pelis-en-el-dia-internacional-de-la-erradicacion-de-la-pobreza\/#respond"]}]},{"@type":"WebPage","@id":"https:\/\/www.cope.es\/blogs\/palomitas-de-maiz\/2024\/10\/17\/5-pelis-en-el-dia-internacional-de-la-erradicacion-de-la-pobreza\/","url":"https:\/\/www.cope.es\/blogs\/palomitas-de-maiz\/2024\/10\/17\/5-pelis-en-el-dia-internacional-de-la-erradicacion-de-la-pobreza\/","name":"5 pelis en el D\u00eda Internacional de la Erradicaci\u00f3n de la Pobreza","isPartOf":{"@id":"https:\/\/www.cope.es\/blogs\/palomitas-de-maiz\/#website"},"primaryImageOfPage":{"@id":"https:\/\/www.cope.es\/blogs\/palomitas-de-maiz\/2024\/10\/17\/5-pelis-en-el-dia-internacional-de-la-erradicacion-de-la-pobreza\/#primaryimage"},"image":{"@id":"https:\/\/www.cope.es\/blogs\/palomitas-de-maiz\/2024\/10\/17\/5-pelis-en-el-dia-internacional-de-la-erradicacion-de-la-pobreza\/#primaryimage"},"thumbnailUrl":"https:\/\/www.cope.es\/blogs\/palomitas-de-maiz\/wp-content\/uploads\/sites\/6\/2024\/10\/las-tortugas-tambi\u00e9n-vuelan-portada.jpg","datePublished":"2024-10-17T12:00:47+00:00","author":{"@id":"https:\/\/www.cope.es\/blogs\/palomitas-de-maiz\/#\/schema\/person\/9fb256f63733c964d19b06de1ca3c9ef"},"description":"Blog de cine y teatro. Blogs COPE. 5 pelis en el D\u00eda Internacional de la Erradicaci\u00f3n de la Pobreza. Cinco historias solidarias de renombre","breadcrumb":{"@id":"https:\/\/www.cope.es\/blogs\/palomitas-de-maiz\/2024\/10\/17\/5-pelis-en-el-dia-internacional-de-la-erradicacion-de-la-pobreza\/#breadcrumb"},"inLanguage":"es","potentialAction":[{"@type":"ReadAction","target":["https:\/\/www.cope.es\/blogs\/palomitas-de-maiz\/2024\/10\/17\/5-pelis-en-el-dia-internacional-de-la-erradicacion-de-la-pobreza\/"]}]},{"@type":"ImageObject","inLanguage":"es","@id":"https:\/\/www.cope.es\/blogs\/palomitas-de-maiz\/2024\/10\/17\/5-pelis-en-el-dia-internacional-de-la-erradicacion-de-la-pobreza\/#primaryimage","url":"https:\/\/www.cope.es\/blogs\/palomitas-de-maiz\/wp-content\/uploads\/sites\/6\/2024\/10\/las-tortugas-tambi\u00e9n-vuelan-portada.jpg","contentUrl":"https:\/\/www.cope.es\/blogs\/palomitas-de-maiz\/wp-content\/uploads\/sites\/6\/2024\/10\/las-tortugas-tambi\u00e9n-vuelan-portada.jpg","width":725,"height":387},{"@type":"BreadcrumbList","@id":"https:\/\/www.cope.es\/blogs\/palomitas-de-maiz\/2024\/10\/17\/5-pelis-en-el-dia-internacional-de-la-erradicacion-de-la-pobreza\/#breadcrumb","itemListElement":[{"@type":"ListItem","position":1,"name":"Portada","item":"https:\/\/www.cope.es\/blogs\/palomitas-de-maiz\/"},{"@type":"ListItem","position":2,"name":"5 motivos de cine para conmemorar el D\u00eda Internacional contra la Erradicaci\u00f3n de la Pobreza"}]},{"@type":"WebSite","@id":"https:\/\/www.cope.es\/blogs\/palomitas-de-maiz\/#website","url":"https:\/\/www.cope.es\/blogs\/palomitas-de-maiz\/","name":"Palomitas de Ma\u00edz","description":"Blog decano de cine de COPE","potentialAction":[{"@type":"SearchAction","target":{"@type":"EntryPoint","urlTemplate":"https:\/\/www.cope.es\/blogs\/palomitas-de-maiz\/?s={search_term_string}"},"query-input":{"@type":"PropertyValueSpecification","valueRequired":true,"valueName":"search_term_string"}}],"inLanguage":"es"},{"@type":"Person","@id":"https:\/\/www.cope.es\/blogs\/palomitas-de-maiz\/#\/schema\/person\/9fb256f63733c964d19b06de1ca3c9ef","name":"Jos\u00e9 Luis Panero","image":{"@type":"ImageObject","inLanguage":"es","@id":"https:\/\/secure.gravatar.com\/avatar\/2ef93951eab3cee25932a7219e566376cbf6ddedde3aa3098e7a971991a3ef12?s=96&d=mm&r=g","url":"https:\/\/secure.gravatar.com\/avatar\/2ef93951eab3cee25932a7219e566376cbf6ddedde3aa3098e7a971991a3ef12?s=96&d=mm&r=g","contentUrl":"https:\/\/secure.gravatar.com\/avatar\/2ef93951eab3cee25932a7219e566376cbf6ddedde3aa3098e7a971991a3ef12?s=96&d=mm&r=g","caption":"Jos\u00e9 Luis Panero"},"description":"Licenciado en Periodismo y en Comunicaci\u00f3n Audiovisual. Tras m\u00e1s de cuatro a\u00f1os en el diario 'La Gaceta de Los Negocios' y el programa f\u00edlmico 'Pantalla Grande', es cr\u00edtico de cine en 'Ciudad Nueva', 'Pantalla 90', 'COPE' o 'Aleteia' y cr\u00edtico de teatro en 'Hoy en la city'. Ha sido coguionista y ayudante de direcci\u00f3n de cine, ponente en los coloquios de cine del foro FNAC y profesor universitario en diferentes cursos de Periodismo Social. Desde 2003 es miembro del C\u00edrculo de Escritores Cinematogr\u00e1ficos (CEC). En 2008 fund\u00f3 en 'COPE' su blog de cine 'Palomitas de Ma\u00edz'. En 2017 fue nombrado Jurado Oficial del Festival Internacional de Cine de Fuengirola (M\u00e1laga) y ese a\u00f1o la instituci\u00f3n educativa Trinity College-Liceo Serrano le distingui\u00f3 con el nombramiento de 'Profesor de Honor' del centro y miembro ilustre del claustro de profesores. En 2019 fue nombrado Jurado Oficial del Festival Internacional de Cine de Vera (Almer\u00eda). En 2020 fue nombrado Jurado Oficial del Festival Internacional de Cine de Terror de La Mar Bella (Marbella). Como int\u00e9rprete ha sido galardonado con el Premio al Actor Principal del I Festival Nacional UNIR de teatro. Desde 2020 es acad\u00e9mico de las Artes Esc\u00e9nicas de Espa\u00f1a. En 2023 fue nombrado Jurado Oficial de los 'Premios Tal\u00eda' en su I Edici\u00f3n. Y miembro de ASHUMES (Asociaci\u00f3n del Humorismo Espa\u00f1ol) a partir de 2022. En 2023 fue nombrado Jurado Oficial de la II Edici\u00f3n de los 'Premios Godot'.","sameAs":["http:\/\/www.cope.es","https:\/\/www.facebook.com\/palomitero\/","https:\/\/www.instagram.com\/joseluispanero\/","https:\/\/www.linkedin.com\/in\/jos-luis-panero-gonzlez-barosa-7722a716\/","https:\/\/x.com\/PALOMITERO","https:\/\/www.youtube.com\/channel\/UCQYaNGiETUXUPXjYu9p3lNw\/videos?","https:\/\/es.wikipedia.org\/wiki\/Jos_Luis_Panero_Gonzlez-Barosa"],"url":"https:\/\/www.cope.es\/blogs\/palomitas-de-maiz\/author\/jlpanero\/"}]}},"amp_enabled":true,"_links":{"self":[{"href":"https:\/\/www.cope.es\/blogs\/palomitas-de-maiz\/wp-json\/wp\/v2\/posts\/11932","targetHints":{"allow":["GET"]}}],"collection":[{"href":"https:\/\/www.cope.es\/blogs\/palomitas-de-maiz\/wp-json\/wp\/v2\/posts"}],"about":[{"href":"https:\/\/www.cope.es\/blogs\/palomitas-de-maiz\/wp-json\/wp\/v2\/types\/post"}],"author":[{"embeddable":true,"href":"https:\/\/www.cope.es\/blogs\/palomitas-de-maiz\/wp-json\/wp\/v2\/users\/6"}],"replies":[{"embeddable":true,"href":"https:\/\/www.cope.es\/blogs\/palomitas-de-maiz\/wp-json\/wp\/v2\/comments?post=11932"}],"version-history":[{"count":1,"href":"https:\/\/www.cope.es\/blogs\/palomitas-de-maiz\/wp-json\/wp\/v2\/posts\/11932\/revisions"}],"predecessor-version":[{"id":11935,"href":"https:\/\/www.cope.es\/blogs\/palomitas-de-maiz\/wp-json\/wp\/v2\/posts\/11932\/revisions\/11935"}],"wp:featuredmedia":[{"embeddable":true,"href":"https:\/\/www.cope.es\/blogs\/palomitas-de-maiz\/wp-json\/wp\/v2\/media\/11934"}],"wp:attachment":[{"href":"https:\/\/www.cope.es\/blogs\/palomitas-de-maiz\/wp-json\/wp\/v2\/media?parent=11932"}],"wp:term":[{"taxonomy":"category","embeddable":true,"href":"https:\/\/www.cope.es\/blogs\/palomitas-de-maiz\/wp-json\/wp\/v2\/categories?post=11932"},{"taxonomy":"post_tag","embeddable":true,"href":"https:\/\/www.cope.es\/blogs\/palomitas-de-maiz\/wp-json\/wp\/v2\/tags?post=11932"}],"curies":[{"name":"wp","href":"https:\/\/api.w.org\/{rel}","templated":true}]}}