{"id":11871,"date":"2024-10-12T13:16:09","date_gmt":"2024-10-12T11:16:09","guid":{"rendered":"http:\/\/www.cope.es\/blogs\/palomitas-de-maiz\/?p=11871"},"modified":"2024-10-12T14:48:11","modified_gmt":"2024-10-12T12:48:11","slug":"entrevista-a-celeste-cerezo-la-danza-es-medicina-para-el-alma-ballet-espanol","status":"publish","type":"post","link":"https:\/\/www.cope.es\/blogs\/palomitas-de-maiz\/2024\/10\/12\/entrevista-a-celeste-cerezo-la-danza-es-medicina-para-el-alma-ballet-espanol\/","title":{"rendered":"Entrevista a Celeste Cerezo, bailarina del ballet espa\u00f1ol de la Comunidad de Madrid: \u201cMichael Jackson es esencia viva de la danza\u201d"},"content":{"rendered":"<p>\u00a1Mis queridos palomiteros!: Entrevista a Celeste Cerezo: &#8220;La danza es medicina para el alma&#8221;.<\/p>\n<p>A sus tempranos 26 a\u00f1os, <strong><a href=\"https:\/\/www.instagram.com\/celestecerezo_\/\" target=\"_blank\">Celeste Cerezo<\/a><\/strong> es ya una destacada bailarina del panorama art\u00edstico contempor\u00e1neo &#8211;<strong>a tenor del impresionante curr\u00edculo que posee<\/strong>-, cuya trayectoria profesional pasa por alternar la danza con la publicidad, el modelaje, la interpretaci\u00f3n y la docencia. <strong>Ha formado parte de compa\u00f1\u00edas de gran renombre<\/strong>, dentro y fuera de nuestras fronteras y, por c\u00f3mo se expresa, tiene una actitud de aprendizaje contin\u00faa, apasionada.<\/p>\n<p>Entre sus muchos m\u00e9ritos, ha cosechado el <strong>Premio fin de grado con menci\u00f3n de honor en el Conservatorio Profesional de Danza Fortea de Madrid<\/strong> y ha recibido el primer premio en el concurso Nuevos Talentos Madrid Cultural 2005.<\/p>\n<p>Es una <strong>persona disciplinada, paciente, amable, servicial y simp\u00e1tica<\/strong>. Tal dechado de virtudes tiene que darse a\u00fan m\u00e1s a conocer, precisamente ahora<em>, <\/em>dado que hoy, 12 de octubre, estrena un doble espect\u00e1culo en los <strong><a href=\"http:\/\/www.cope.es\/blogs\/palomitas-de-maiz\/2021\/01\/04\/danza-cine-musica-fordlandia-en-los-teatros-del-canal-con-lucia-lacarra-y-matthew-golding\/\">Teatros del Canal<\/a><\/strong>: <a href=\"http:\/\/www.cope.es\/blogs\/palomitas-de-maiz\/wp-content\/uploads\/sites\/6\/2024\/10\/PROGRAMA_CANAL_BECM-estreno-octubre.pdf\"><em>Suite Espa\u00f1ola, op. 47<\/em>,\u00a0de <strong>Isaac Alb\u00e9niz<\/strong> y <em>Epifan\u00eda de lo Flamenco<\/em>, con m\u00fasica a cargo de <strong>Juan Requena<\/strong><\/a>.<em>\u00a0<\/em>Pasen y lean.<\/p>\n<h2>Entrevista a Celeste Cerezo: &#8220;La danza es medicina para el alma&#8221;<\/h2>\n<figure id=\"attachment_11874\" aria-describedby=\"caption-attachment-11874\" style=\"width: 725px\" class=\"wp-caption aligncenter\"><img loading=\"lazy\" decoding=\"async\" width=\"725\" height=\"483\" class=\"wp-image-11874 size-full\" src=\"http:\/\/www.cope.es\/blogs\/palomitas-de-maiz\/wp-content\/uploads\/sites\/6\/2024\/10\/celeste-cerezo-1.jpg\" alt=\"Entrevista a Celeste Cerezo: &quot;La danza es medicina para el alma&quot;\" srcset=\"https:\/\/www.cope.es\/blogs\/palomitas-de-maiz\/wp-content\/uploads\/sites\/6\/2024\/10\/celeste-cerezo-1.jpg 725w, https:\/\/www.cope.es\/blogs\/palomitas-de-maiz\/wp-content\/uploads\/sites\/6\/2024\/10\/celeste-cerezo-1-300x200.jpg 300w, https:\/\/www.cope.es\/blogs\/palomitas-de-maiz\/wp-content\/uploads\/sites\/6\/2024\/10\/celeste-cerezo-1-408x272.jpg 408w\" sizes=\"auto, (max-width: 725px) 100vw, 725px\" \/><figcaption id=\"caption-attachment-11874\" class=\"wp-caption-text\"><strong>Entrevista a Celeste Cerezo: &#8220;La danza es medicina para el alma&#8221;<\/strong><\/figcaption><\/figure>\n<p><strong>\u00bfC\u00f3mo fueron sus inicios en el mundo de la danza?<\/strong><\/p>\n<p>Todo comenz\u00f3 diciendo esta frase: \u201cMam\u00e1 quiero ir a baile\u201d, y <strong>gracias a tener la enorme suerte de contar con una madre que siempre me ha escuchado y ha confiado en m\u00ed<\/strong>,\u00a0 hizo todo lo que estuvo en su mano a\u00fan teniendo simplemente 3 a\u00f1os y medio y partiendo de la base de que la edad de acceso a las clases extraescolares de danza es de 4 a\u00f1os.<\/p>\n<p>Mi madre consigui\u00f3 convencer a la profesora para que me diera la oportunidad de asistir a una clase, y si ve\u00eda que daba problemas o no val\u00eda, podr\u00eda sacarme en cualquier momento y ella estar\u00eda ah\u00ed esperando para recogerme. El suceso fue inesperado, mi madre despu\u00e9s de esperar toda la hora de clase y sin noticias, vio c\u00f3mo sali\u00f3 la profesora del aula y le dijo: \u201cPor favor <strong>deja a tu hija, le encanta bailar y tiene condiciones<\/strong>\u201d. Ah\u00ed comenz\u00f3 esta gran aventura y desde entonces no he parado.<\/p>\n<p>A los 8 a\u00f1os en el colegio la profesora le confirm\u00f3 a mi madre que val\u00eda para bailar y que por favor me llevara al Conservatorio. Una vez m\u00e1s mi madre supo escuchar y confiar e hizo lo que la profesora le coment\u00f3. No sin antes preguntarme primero si deseaba aprender a bailar de verdad, a nivel profesional, y mi respuesta siempre fue un tremendo S\u00cd.<strong> Con 9 a\u00f1os, el d\u00eda de mi cumplea\u00f1os, hice la prueba de acceso al Conservatorio Profesional de Danza Fortea<\/strong>, donde directamente me subieron un curso y comenz\u00f3 mi carrera oficial de bailarina.<\/p>\n<h2>\u201cMichael Jackson es esencia viva de la danza\u201d<\/h2>\n<p><strong>\u00bfQu\u00e9 mensaje quiere transmitir al espectador con su trabajo?<\/strong><\/p>\n<p>Podr\u00eda decir que tengo varios mensajes para dar al espectador con mi trabajo:<\/p>\n<p>&#8211; El primero ser\u00eda transportarle a un lugar de belleza, on\u00edrico y fuera de la realidad donde consiga hacerle olvidar donde est\u00e1, y <strong>que olvide todos sus problemas durante el tiempo que dure la representaci\u00f3n<\/strong>.<\/p>\n<p>&#8211; El segundo es hacer ver que la danza no es un hobby, sino una profesi\u00f3n y muy dura. Es un deporte de \u00e9lite con la peque\u00f1a o gran diferencia de que en la danza tienes que disimular el dolor, el sufrimiento y la complejidad con sonrisas, una gran interpretaci\u00f3n y haciendo que todo parezca f\u00e1cil, pero que el espectador no se confunda, y entienda que <strong>hay un gran sacrificio y esfuerzo detr\u00e1s que es lo que permite que se llegue a ese nivel de belleza<\/strong> y lo m\u00e1s cercano a la perfecci\u00f3n visual para su disfrute.<\/p>\n<p>-Y por \u00faltimo, mostrar que la danza es curaci\u00f3n para el alma, que ir al teatro y apoyar la cultura es importante e inspirador, que <strong>la danza espa\u00f1ola es \u00fanica en el mundo, y que verla a un nivel de \u00e9lite puede hacer que la valoren m\u00e1s, hablen de ella y tenga mayor repercusi\u00f3n para que m\u00e1s gente pueda descubrirla<\/strong>. Porque por desgracia en Espa\u00f1a m\u00e1s del 70% de los propios espa\u00f1oles no tienen ni idea de lo que es la danza espa\u00f1ola y nunca han ido a verla, cuando en el extranjero en cambio pagan lo que haga falta para poder disfrutarla y la valoran como el gran tesoro que es. En resumen, el tercer mensaje que quiero hacerles llegar es que abran los ojos, y se den cuenta del diamante que tenemos en este pa\u00eds y que tan mal valorado est\u00e1.<\/p>\n<figure id=\"attachment_11875\" aria-describedby=\"caption-attachment-11875\" style=\"width: 725px\" class=\"wp-caption aligncenter\"><img loading=\"lazy\" decoding=\"async\" width=\"725\" height=\"725\" class=\"wp-image-11875 size-full\" src=\"http:\/\/www.cope.es\/blogs\/palomitas-de-maiz\/wp-content\/uploads\/sites\/6\/2024\/10\/celeste-cerezo-2.jpg\" alt=\"Entrevista a Celeste Cerezo: &quot;La danza es medicina para el alma&quot;\" srcset=\"https:\/\/www.cope.es\/blogs\/palomitas-de-maiz\/wp-content\/uploads\/sites\/6\/2024\/10\/celeste-cerezo-2.jpg 725w, https:\/\/www.cope.es\/blogs\/palomitas-de-maiz\/wp-content\/uploads\/sites\/6\/2024\/10\/celeste-cerezo-2-300x300.jpg 300w, https:\/\/www.cope.es\/blogs\/palomitas-de-maiz\/wp-content\/uploads\/sites\/6\/2024\/10\/celeste-cerezo-2-150x150.jpg 150w, https:\/\/www.cope.es\/blogs\/palomitas-de-maiz\/wp-content\/uploads\/sites\/6\/2024\/10\/celeste-cerezo-2-170x170.jpg 170w, https:\/\/www.cope.es\/blogs\/palomitas-de-maiz\/wp-content\/uploads\/sites\/6\/2024\/10\/celeste-cerezo-2-73x73.jpg 73w, https:\/\/www.cope.es\/blogs\/palomitas-de-maiz\/wp-content\/uploads\/sites\/6\/2024\/10\/celeste-cerezo-2-108x108.jpg 108w\" sizes=\"auto, (max-width: 725px) 100vw, 725px\" \/><figcaption id=\"caption-attachment-11875\" class=\"wp-caption-text\"><strong>Entrevista a Celeste Cerezo: &#8220;La danza es medicina para el alma&#8221;<\/strong><\/figcaption><\/figure>\n<p><strong>Hasta ahora, \u00bfcu\u00e1l ha sido el mayor de sus retos?<\/strong><\/p>\n<p>Ha habido much\u00edsimos retos por el camino, pero la experiencia te va colocando en los momentos y te va ense\u00f1ando para ir solvent\u00e1ndolos. Probablemente ahora est\u00e9 superando uno de los retos m\u00e1s bellos, ya que <strong>me encuentro en un punto muy dulce de mi carrera como bailarina<\/strong>. Este reto al que me enfrento es el siguiente: Ser capaz de dejar de ejecutar con la perfecci\u00f3n absoluta que siempre busco e intentar sacar mi esencia desde la verdad de cada movimiento, siendo consciente de lo que hago en cada paso y sobre todo saber por qu\u00e9 y con qu\u00e9 intenci\u00f3n lo hago.<\/p>\n<p>Esto si te paras a pensarlo es tremendamente complicado ya que en una coreograf\u00eda, hay m\u00e1s de 100 pasos de danza, cada uno con su intenci\u00f3n y su porqu\u00e9 de existir. Es un gran reto pero que, con el feedback de mis maestros y con mi sensaci\u00f3n corporal estoy encontrando una nueva Celeste bailarina m\u00e1s profunda, m\u00e1s adulta y con m\u00e1s verdad en su danza. Es decir, sigo creciendo y evolucionando, y eso es lo que hace que siga dedic\u00e1ndome a lo que me apasiona. <strong>Tengo p\u00e1nico a estancarme<\/strong> y creo que en este caso, ese p\u00e1nico es maravilloso ya que todo el rato me impulsa al auto descubrimiento y a la mejora constante: KAIZEN\u2026<\/p>\n<figure id=\"attachment_11876\" aria-describedby=\"caption-attachment-11876\" style=\"width: 725px\" class=\"wp-caption aligncenter\"><img loading=\"lazy\" decoding=\"async\" width=\"725\" height=\"1087\" class=\"wp-image-11876 size-full\" src=\"http:\/\/www.cope.es\/blogs\/palomitas-de-maiz\/wp-content\/uploads\/sites\/6\/2024\/10\/celeste-cerezo-3.jpg\" alt=\"Entrevista a Celeste Cerezo: &quot;La danza es medicina para el alma&quot;\" srcset=\"https:\/\/www.cope.es\/blogs\/palomitas-de-maiz\/wp-content\/uploads\/sites\/6\/2024\/10\/celeste-cerezo-3.jpg 725w, https:\/\/www.cope.es\/blogs\/palomitas-de-maiz\/wp-content\/uploads\/sites\/6\/2024\/10\/celeste-cerezo-3-200x300.jpg 200w, https:\/\/www.cope.es\/blogs\/palomitas-de-maiz\/wp-content\/uploads\/sites\/6\/2024\/10\/celeste-cerezo-3-683x1024.jpg 683w\" sizes=\"auto, (max-width: 725px) 100vw, 725px\" \/><figcaption id=\"caption-attachment-11876\" class=\"wp-caption-text\"><strong>Entrevista a Celeste Cerezo: &#8220;La danza es medicina para el alma&#8221;<\/strong><\/figcaption><\/figure>\n<h2>\u201cLa danza deber\u00eda ser asignatura obligatoria en las escuelas\u201d<\/h2>\n<p><strong>\u00bfC\u00f3mo definir\u00eda su trabajo?<\/strong><\/p>\n<p>Algo as\u00ed como <strong>una profesi\u00f3n donde debes estar abierto a ser t\u00fa<\/strong>; piensa que trabajas durante toda tu vida delante de un espejo donde ves tu cuerpo transformarse, donde no todos los d\u00edas te ves bien, donde unos d\u00edas el cuerpo est\u00e1 incre\u00edble y otros te preguntas si te acaban de dar el cuerpo de otra persona porque te sientes sin condiciones para bailar.<\/p>\n<p>Es una profesi\u00f3n fuera de lo normal, donde tu estado de \u00e1nimo afecta al trabajo, donde tienes que ser actriz para interpretar lo que te pidan, disciplinada para que los d\u00edas donde no tienes fuerza ni energ\u00eda aprietes la m\u00e1quina y te esfuerces m\u00e1s en vez de vaguear\u2026 <strong>Tienes que ser paciente y luchar constantemente contra el ego, ser compa\u00f1era<\/strong>, ya que la mayor\u00eda de las veces se baila en grupo y eso requiere de respeto y humildad por el bien de todos y no siempre es f\u00e1cil.<\/p>\n<p>Un trabajo dif\u00edcil de definir, ya que se viven muchas fases. Yo adoro la fase de las giras cuando viajas por el mundo y encima de disfrutar lo que haces sobre diferentes escenarios, tienes el regalo de poder conocer pa\u00edses distintos, que a m\u00ed personalmente me alimentan el alma, ya que viajar es la segunda cosa que m\u00e1s me gusta hacer en la vida.<\/p>\n<figure id=\"attachment_11878\" aria-describedby=\"caption-attachment-11878\" style=\"width: 725px\" class=\"wp-caption aligncenter\"><img loading=\"lazy\" decoding=\"async\" width=\"725\" height=\"966\" class=\"wp-image-11878 size-full\" src=\"http:\/\/www.cope.es\/blogs\/palomitas-de-maiz\/wp-content\/uploads\/sites\/6\/2024\/10\/celeste-cerezo-5.jpg\" alt=\"Entrevista a Celeste Cerezo: &quot;La danza es medicina para el alma&quot;\" srcset=\"https:\/\/www.cope.es\/blogs\/palomitas-de-maiz\/wp-content\/uploads\/sites\/6\/2024\/10\/celeste-cerezo-5.jpg 725w, https:\/\/www.cope.es\/blogs\/palomitas-de-maiz\/wp-content\/uploads\/sites\/6\/2024\/10\/celeste-cerezo-5-225x300.jpg 225w\" sizes=\"auto, (max-width: 725px) 100vw, 725px\" \/><figcaption id=\"caption-attachment-11878\" class=\"wp-caption-text\"><strong>Entrevista a Celeste Cerezo: &#8220;La danza es medicina para el alma&#8221;<\/strong><\/figcaption><\/figure>\n<p><strong>\u00bfCu\u00e1ndo se jubila un artista?<\/strong><\/p>\n<p>Esta cuesti\u00f3n es muy relativa, ya que cada artista es un mundo. <strong>En el gremio de la danza y concretamente en la danza espa\u00f1ola, la media de abandono de un escenario y ponerte quiz\u00e1s a dar formaci\u00f3n o adentrarte en otro campo donde ya no seas t\u00fa la bailarina, sino otros, est\u00e1 sobre los 40 a\u00f1os<\/strong>. Pero como digo depende much\u00edsimo del artista. Hay bailarines que contin\u00faan con su carrera art\u00edstica con 50 a\u00f1os y otros que abandonan el barco con 30 o menos. Es muy, muy variable y no hay una edad exacta. Es cierto que como todos sabemos, ser artista en Espa\u00f1a y vivir de ello es tremendamente complejo y cuanto mayor te haces m\u00e1s dif\u00edcil es, puesto que las nuevas generaciones vienen con muy buena preparaci\u00f3n y pisando fuerte\u2026<\/p>\n<h2>\u201cSe necesitan ayudas para sacar adelante proyectos, apoyo para las nuevas generaciones y espacios donde poder ensayar y formarse\u201d<\/h2>\n<p><strong>Si pudiera dar marcha atr\u00e1s, \u00bfqu\u00e9 cambiar\u00eda?<\/strong><\/p>\n<p>Como se suele decir, y as\u00ed siento de verdad que es, no cambiar\u00eda nada porque no ser\u00eda entonces quien soy ahora y no estar\u00eda donde estoy. S\u00ed que quiz\u00e1s me habr\u00eda gustado aprender ciertas cosas antes, pero es que todo llega en su justo momento para que lo aprendas cuando realmente lo necesitas. <strong>Para eso est\u00e1n las tablas, para aprender y llev\u00e1rtelas contigo al siguiente nivel<\/strong>. Gracias al proceso que he vivido estoy en el punto que he contado antes y no puedo estar m\u00e1s agradecida y feliz, as\u00ed que sinceramente no cambiar\u00eda nada. La vida est\u00e1 perfectamente dise\u00f1ada para que cada cosa llegue en el momento que debe llegar o as\u00ed es como lo veo yo.<\/p>\n<figure id=\"attachment_11879\" aria-describedby=\"caption-attachment-11879\" style=\"width: 725px\" class=\"wp-caption aligncenter\"><img loading=\"lazy\" decoding=\"async\" width=\"725\" height=\"906\" class=\"wp-image-11879 size-full\" src=\"http:\/\/www.cope.es\/blogs\/palomitas-de-maiz\/wp-content\/uploads\/sites\/6\/2024\/10\/celeste-cerezo-6.jpg\" alt=\"Entrevista a Celeste Cerezo: &quot;La danza es medicina para el alma&quot;\" srcset=\"https:\/\/www.cope.es\/blogs\/palomitas-de-maiz\/wp-content\/uploads\/sites\/6\/2024\/10\/celeste-cerezo-6.jpg 725w, https:\/\/www.cope.es\/blogs\/palomitas-de-maiz\/wp-content\/uploads\/sites\/6\/2024\/10\/celeste-cerezo-6-240x300.jpg 240w\" sizes=\"auto, (max-width: 725px) 100vw, 725px\" \/><figcaption id=\"caption-attachment-11879\" class=\"wp-caption-text\"><strong>Entrevista a Celeste Cerezo: &#8220;La danza es medicina para el alma&#8221;<\/strong><\/figcaption><\/figure>\n<p><strong>\u00bfQu\u00e9 opina sobre los premios?<\/strong><\/p>\n<p>Creo que tienen doble cara. Hablar\u00e9 primero de la positiva. Los premios ayudan a los artistas a dar visibilidad a sus trabajos y a s\u00ed mismos; permiten tener ayudas econ\u00f3micas para aflorar nuevos proyectos y mueven la danza y le dan visibilidad. Pero creo que tiene tambi\u00e9n una gran cara negativa, ya que pienso que entre los artistas no se puede competir, no hay un artista igual que el otro, y que el arte es relativo: <strong>lo que a unos les puede gustar m\u00e1s a otros quiz\u00e1s les guste menos y nada est\u00e1 mal ni bien, es arte<\/strong>.<\/p>\n<p>Y a m\u00ed me ha pasado de competir contra bailarines de estilos totalmente diferentes al m\u00edo y realmente eso no tiene ni pies ni cabeza. Que una bailarina de danza espa\u00f1ola compita con un bailar\u00edn de contempor\u00e1neo, dime t\u00fa que l\u00f3gica tiene. <strong>Cada uno tiene una t\u00e9cnica y una esencia absolutamente diferente<\/strong>. No tiene ni pies ni cabeza. Otra cosa es que a lo mejor compitan tres personas en danza espa\u00f1ola, eso quiz\u00e1s lo pod\u00eda llegar a entender aunque igualmente no le veo mucho sentido ya que cada una puede bailar una pieza diferente y ser todas preciosas en sus esencias.<\/p>\n<p>En resumen: creo que los premios y las valoraciones de los mismos son muy subjetivos y much\u00edsimos est\u00e1n influenciados por contactos, enchufes o porque te conocen en la carrera\u2026 Es un campo bastante desequilibrado y que no siempre es justo. Yo por eso <strong>apenas participo en premios ni competiciones<\/strong>\u2026<\/p>\n<figure id=\"attachment_11880\" aria-describedby=\"caption-attachment-11880\" style=\"width: 725px\" class=\"wp-caption aligncenter\"><img loading=\"lazy\" decoding=\"async\" width=\"725\" height=\"725\" class=\"wp-image-11880 size-full\" src=\"http:\/\/www.cope.es\/blogs\/palomitas-de-maiz\/wp-content\/uploads\/sites\/6\/2024\/10\/celeste-cerezo-7.jpg\" alt=\"Entrevista a Celeste Cerezo: &quot;La danza es medicina para el alma&quot;\" srcset=\"https:\/\/www.cope.es\/blogs\/palomitas-de-maiz\/wp-content\/uploads\/sites\/6\/2024\/10\/celeste-cerezo-7.jpg 725w, https:\/\/www.cope.es\/blogs\/palomitas-de-maiz\/wp-content\/uploads\/sites\/6\/2024\/10\/celeste-cerezo-7-300x300.jpg 300w, https:\/\/www.cope.es\/blogs\/palomitas-de-maiz\/wp-content\/uploads\/sites\/6\/2024\/10\/celeste-cerezo-7-150x150.jpg 150w, https:\/\/www.cope.es\/blogs\/palomitas-de-maiz\/wp-content\/uploads\/sites\/6\/2024\/10\/celeste-cerezo-7-170x170.jpg 170w, https:\/\/www.cope.es\/blogs\/palomitas-de-maiz\/wp-content\/uploads\/sites\/6\/2024\/10\/celeste-cerezo-7-73x73.jpg 73w, https:\/\/www.cope.es\/blogs\/palomitas-de-maiz\/wp-content\/uploads\/sites\/6\/2024\/10\/celeste-cerezo-7-108x108.jpg 108w\" sizes=\"auto, (max-width: 725px) 100vw, 725px\" \/><figcaption id=\"caption-attachment-11880\" class=\"wp-caption-text\"><strong>Entrevista a Celeste Cerezo: &#8220;La danza es medicina para el alma&#8221;<\/strong><\/figcaption><\/figure>\n<h2>\u201cDesear\u00eda con todo mi coraz\u00f3n que la danza espa\u00f1ola inunde el planeta con su arte y alimente el alma de todas las personas del mundo\u201d<\/h2>\n<p><strong>\u00bfCu\u00e1l es su percepci\u00f3n sobre la danza fuera de nuestras fronteras?<\/strong><\/p>\n<p>La palabra puede ser FASCINACI\u00d3N. Siento que tanto nuestra danza como la que puede haber fuera de nuestras fronteras es fascinante y hace vibrar. Tambi\u00e9n siento que en el extranjero las personas se quedan fascinadas con la danza espa\u00f1ola y la valoran como si de un tesoro se tratara.<\/p>\n<p><strong>Cuando viajo fuera de Espa\u00f1a y veo las danzas de otros pa\u00edses, tambi\u00e9n me quedo absolutamente enamorada del talento y variedad que hay en todo el mundo<\/strong>. La danza fue de las primeras formas que tuvo el ser humano de comunicarse y poder expresar los sentimientos y cuando bailas te liberas, y si no me crees compru\u00e9balo t\u00fa mismo en casa. Dale al play a esa canci\u00f3n que tanto te gusta y deja que el cuerpo hable solo, ver\u00e1s qu\u00e9 magia m\u00e1s maravillosa sucede\u2026<\/p>\n<p>Realmente creo que la danza es medicina para el alma y el cuerpo, y es necesario e incluso deber\u00eda ser obligatorio que se bailara un ratito al d\u00eda para generar dopamina, oxitocina y serotonina e ir enchufados de felicidad todo el d\u00eda. Piensa por un momento, cada pa\u00eds tiene su danza, se baila en TODO EL MUNDO. Por algo ser\u00e1\u2026<\/p>\n<figure id=\"attachment_11881\" aria-describedby=\"caption-attachment-11881\" style=\"width: 725px\" class=\"wp-caption aligncenter\"><img loading=\"lazy\" decoding=\"async\" width=\"725\" height=\"725\" class=\"wp-image-11881 size-full\" src=\"http:\/\/www.cope.es\/blogs\/palomitas-de-maiz\/wp-content\/uploads\/sites\/6\/2024\/10\/celeste-cerezo-8.jpg\" alt=\"Entrevista a Celeste Cerezo: &quot;La danza es medicina para el alma&quot;\" srcset=\"https:\/\/www.cope.es\/blogs\/palomitas-de-maiz\/wp-content\/uploads\/sites\/6\/2024\/10\/celeste-cerezo-8.jpg 725w, https:\/\/www.cope.es\/blogs\/palomitas-de-maiz\/wp-content\/uploads\/sites\/6\/2024\/10\/celeste-cerezo-8-300x300.jpg 300w, https:\/\/www.cope.es\/blogs\/palomitas-de-maiz\/wp-content\/uploads\/sites\/6\/2024\/10\/celeste-cerezo-8-150x150.jpg 150w, https:\/\/www.cope.es\/blogs\/palomitas-de-maiz\/wp-content\/uploads\/sites\/6\/2024\/10\/celeste-cerezo-8-170x170.jpg 170w, https:\/\/www.cope.es\/blogs\/palomitas-de-maiz\/wp-content\/uploads\/sites\/6\/2024\/10\/celeste-cerezo-8-73x73.jpg 73w, https:\/\/www.cope.es\/blogs\/palomitas-de-maiz\/wp-content\/uploads\/sites\/6\/2024\/10\/celeste-cerezo-8-108x108.jpg 108w\" sizes=\"auto, (max-width: 725px) 100vw, 725px\" \/><figcaption id=\"caption-attachment-11881\" class=\"wp-caption-text\"><strong>Entrevista a Celeste Cerezo: &#8220;La danza es medicina para el alma&#8221;<\/strong><\/figcaption><\/figure>\n<p><strong>\u00bfA qu\u00e9 artistas admira?<\/strong><\/p>\n<p>Hay much\u00edsimos artistas a los que admirar, pero si me tuviera que quedar con dos ser\u00edan <strong>Carmen Amaya<\/strong> y el rey del pop,<strong> Michael Jackson<\/strong>.<\/p>\n<p>&#8211; Carmen Amaya, porque fue de las primeras bailarinas\/bailaoras en plantarse un pantal\u00f3n y adaptar a la mujer los movimientos y esencias del hombre bailar\u00edn, cosa que me encanta porque siento que en mi danza hay mucho de ella y de esta revoluci\u00f3n que trajo fusionando lo femenino con lo masculino, y as\u00ed realmente siento que es la danza de Celeste, tengo partes muy femeninas y otras muy masculinas, como todo ser humano, y como soy yo en mi vida tambi\u00e9n y poder mostrarlo con mi danza. <strong>Tener un referente como Carmen Amaya hace que este en mi top 1 de artistas a los que admiro<\/strong>.<\/p>\n<p>&#8211; Y en segundo lugar el maravilloso Michael Jackson. Seguro que choca mucho porque no es ning\u00fan bailar\u00edn de danza espa\u00f1ola pero es para m\u00ed pura inspiraci\u00f3n. Un hombre que invent\u00f3 su propia forma de bailar, con un sello \u00fanico y personal, con una t\u00e9cnica asombrosamente compleja, con un estilo caracter\u00edstico y sin miedo a mostrarle el mundo qui\u00e9n era y lo que hac\u00eda.<\/p>\n<p><strong>Alguien que sin duda tanto con sus canciones como con sus movimientos entr\u00f3 en mi vida y en mi cabeza<\/strong> y me ha inspirado siempre para aventurarme a investigar y ser yo misma. Me qued\u00e9 con ganas de verle en directo, dado que falleci\u00f3 cuando yo ten\u00eda tan solo 11 a\u00f1os. Pero como sabemos, est\u00e1 a\u00fan muy presente y solo muere quien se olvida. Para m\u00ed es esencia viva de la danza.<\/p>\n<figure id=\"attachment_11882\" aria-describedby=\"caption-attachment-11882\" style=\"width: 725px\" class=\"wp-caption aligncenter\"><img loading=\"lazy\" decoding=\"async\" width=\"725\" height=\"1087\" class=\"wp-image-11882 size-full\" src=\"http:\/\/www.cope.es\/blogs\/palomitas-de-maiz\/wp-content\/uploads\/sites\/6\/2024\/10\/celeste-cerezo-9.jpg\" alt=\"Entrevista a Celeste Cerezo: &quot;La danza es medicina para el alma&quot;\" srcset=\"https:\/\/www.cope.es\/blogs\/palomitas-de-maiz\/wp-content\/uploads\/sites\/6\/2024\/10\/celeste-cerezo-9.jpg 725w, https:\/\/www.cope.es\/blogs\/palomitas-de-maiz\/wp-content\/uploads\/sites\/6\/2024\/10\/celeste-cerezo-9-200x300.jpg 200w, https:\/\/www.cope.es\/blogs\/palomitas-de-maiz\/wp-content\/uploads\/sites\/6\/2024\/10\/celeste-cerezo-9-683x1024.jpg 683w\" sizes=\"auto, (max-width: 725px) 100vw, 725px\" \/><figcaption id=\"caption-attachment-11882\" class=\"wp-caption-text\"><strong>Entrevista a Celeste Cerezo: &#8220;La danza es medicina para el alma&#8221;<\/strong><\/figcaption><\/figure>\n<h2>Hay much\u00edsimos artistas a los que admirar, pero si me tuviera que quedar con dos ser\u00edan Carmen Amaya y el rey del pop, Michael Jackson<\/h2>\n<p><strong>\u00bfCon qu\u00e9 core\u00f3grafo le gustar\u00eda trabajar?<\/strong><\/p>\n<p>Gracias a Dios he trabajado y estoy trabajando con core\u00f3grafos que siempre hab\u00eda deseado. Ahora mismo no tengo a nadie en mi punto de mira, ya que estoy apasionada aprendiendo y observando a mi director,<strong> Jes\u00fas Carmona<\/strong>, que me fascina y que es una persona genio de la danza.<\/p>\n<p><strong>Ha nacido con unas condiciones brillantes para bailar<\/strong>, me deja asombrada y estoy aprendiendo much\u00edsimo de \u00e9l, del equipo que le rodea y de mis compa\u00f1eros. Pero si tuviera que elegir a alg\u00fan core\u00f3grafo me encantar\u00eda que fuera del mundo del folklore espa\u00f1ol, puesto que apenas hay personas que lo ense\u00f1en bien y es precioso. O tambi\u00e9n con <strong>Blanca Li<\/strong>, que me resulta una mujer s\u00faper interesante, talentosa. Tuve la oportunidad de conocerla brevemente en un par de trabajos en los que particip\u00e9 con ella, pero supondr\u00eda adentrarme en un campo m\u00e1s contempor\u00e1neo y abrirme a un nuevo mundo que no s\u00e9 al 100% cuanto podr\u00eda ofrecer aqu\u00ed.<\/p>\n<figure id=\"attachment_11884\" aria-describedby=\"caption-attachment-11884\" style=\"width: 725px\" class=\"wp-caption aligncenter\"><img loading=\"lazy\" decoding=\"async\" width=\"725\" height=\"326\" class=\"wp-image-11884 size-full\" src=\"http:\/\/www.cope.es\/blogs\/palomitas-de-maiz\/wp-content\/uploads\/sites\/6\/2024\/10\/celeste-cerezo-10.jpg\" alt=\"Celeste Cerezo con la compa\u00f1\u00eda de Antonio M\u00e1rquez\" srcset=\"https:\/\/www.cope.es\/blogs\/palomitas-de-maiz\/wp-content\/uploads\/sites\/6\/2024\/10\/celeste-cerezo-10.jpg 725w, https:\/\/www.cope.es\/blogs\/palomitas-de-maiz\/wp-content\/uploads\/sites\/6\/2024\/10\/celeste-cerezo-10-300x135.jpg 300w\" sizes=\"auto, (max-width: 725px) 100vw, 725px\" \/><figcaption id=\"caption-attachment-11884\" class=\"wp-caption-text\"><strong>Celeste Cerezo con la compa\u00f1\u00eda de Antonio M\u00e1rquez<\/strong><\/figcaption><\/figure>\n<p><strong>\u00bfQu\u00e9 se debe mejorar en el mundo de la danza?<\/strong><\/p>\n<p>Deber\u00eda ser asignatura obligatoria en las escuelas. Creo que ahora se va a implementar, pero de lo que estoy tremendamente feliz es de que se le d\u00e9 el valor y la importancia que se merece cuando los ni\u00f1os son muy peque\u00f1os. <strong>Es importante tambi\u00e9n que se inculque a los adolescentes<\/strong>. Tambi\u00e9n creo que tendr\u00edamos que tener mucha m\u00e1s visibilidad y apoyo por parte de los medios de comunicaci\u00f3n, programas, festivales, etc., porque como comentaba anteriormente la danza espa\u00f1ola, que es mi sector espec\u00edfico, es absolutamente desconocido y como siga por este camino terminar\u00e1 desapareciendo y ya adelanto que ser\u00eda una gran desgracia.<\/p>\n<p>Adem\u00e1s <strong>se necesitan ayudas para sacar adelante proyectos<\/strong>, apoyo para las nuevas generaciones y espacios donde poder ensayar y formarse. Centros, residencias para bailarines o alg\u00fan tipo de comunidad que permita que sea m\u00e1s f\u00e1cil poder dedicarse a esta profesi\u00f3n. Por supuesto, de las cosas m\u00e1s importantes que se deben mejorar en el sector de la danza es que se pague a los bailarines como debe ser, por su trabajo y todo el esfuerzo dedicado, no miserias o incluso que te pidan que lo hagas gratis.<\/p>\n<p>Eso es VERGONZOSO y muy pero que muy TRISTE. <strong>La danza es una profesi\u00f3n como otra cualquiera y debe retribuirse tan bien como sucede en otros sectores<\/strong>. No por ser artistas se nos debe tratar como si nuestro trabajo no fuera el que es. UNA PROFESI\u00d3N M\u00c1S.<\/p>\n<figure id=\"attachment_11885\" aria-describedby=\"caption-attachment-11885\" style=\"width: 725px\" class=\"wp-caption aligncenter\"><img loading=\"lazy\" decoding=\"async\" width=\"725\" height=\"581\" class=\"wp-image-11885 size-full\" src=\"http:\/\/www.cope.es\/blogs\/palomitas-de-maiz\/wp-content\/uploads\/sites\/6\/2024\/10\/celeste-cerezo-11.jpg\" alt=\"Celeste Cerezo con el ballet de Antonio Najarro\" srcset=\"https:\/\/www.cope.es\/blogs\/palomitas-de-maiz\/wp-content\/uploads\/sites\/6\/2024\/10\/celeste-cerezo-11.jpg 725w, https:\/\/www.cope.es\/blogs\/palomitas-de-maiz\/wp-content\/uploads\/sites\/6\/2024\/10\/celeste-cerezo-11-300x240.jpg 300w\" sizes=\"auto, (max-width: 725px) 100vw, 725px\" \/><figcaption id=\"caption-attachment-11885\" class=\"wp-caption-text\"><strong>Celeste Cerezo con el ballet de Antonio Najarro<\/strong><\/figcaption><\/figure>\n<p><strong>\u00bfQu\u00e9 opina de la situaci\u00f3n de la Cultura en Espa\u00f1a?<\/strong><\/p>\n<p>En Espa\u00f1a hay tremendos artistas con un talento descomunal, pero no tienen el suficiente apoyo ni facilidades para brillar como deber\u00edan. A\u00fan as\u00ed, siento que estamos entrando en una fase donde la cultura est\u00e1 de moda, donde la gente est\u00e1 volviendo a ir al teatro, a los museos y a mil sitios m\u00e1s.<\/p>\n<p>Ahora puedo hablar desde mi sector; hay un boom de trabajo muy bueno y muchos de ellos bien remunerados, gracias a Dios, aunque hay otros que a\u00fan siguen siendo precarios. Hay que ense\u00f1ar sobre todo a los j\u00f3venes bailarines que esos trabajos no se acepten, porque si no le estar\u00e1n haciendo un flaco favor a su gremio y a su propio futuro\u2026<strong> Estoy feliz, no obstante, porque se est\u00e1n haciendo grandes avances en la cultura<\/strong> y creo que vamos por buen camino, pero tambi\u00e9n creo que a\u00fan nos falta mucho para llegar a valorar el arte en Espa\u00f1a como lo hacen en el extranjero, que es absolutamente asombroso y ADMIRABLE.<\/p>\n<p><strong>\u00bfC\u00f3mo imagina la danza dentro de unos a\u00f1os?<\/strong><\/p>\n<p>Me encantar\u00eda que se pusiera de moda, me encantar\u00eda que bailar en cualquier momento o lugar no pareciera extra\u00f1o sino muy normal. Me har\u00eda tremendamente feliz saber que la mayor\u00eda de personas asisten a clases de danza y son felices, que aprenden a expresarse con el cuerpo y que la tasa de problemas, tanto de salud f\u00edsica como mentales, se reducen gracias a esta iniciativa de bailar para sanar.<\/p>\n<p>Desear\u00eda con todo mi coraz\u00f3n que la danza espa\u00f1ola inunde el planeta con su arte y alimente el alma de todas las personas del mundo, sobre todo en Espa\u00f1a. <strong>Que la gente sepa qu\u00e9 es la danza espa\u00f1ola<\/strong> y no parezca que les est\u00e1s hablando de un extraterrestre. Ser\u00eda fascinante llegar a ese punto on\u00edrico.<\/p>\n<p><strong>\u00bfQu\u00e9 importancia ti<\/strong><strong>enen las RRSS en su trabajo?<\/strong><\/p>\n<p>Una suerte y una GRAN IMPORTANCIA en mi profesi\u00f3n. Digo suerte porque es como un medio de comuicaci\u00f3n, que est\u00e1 en la palma de tu mano, y con el que puedes hacer llegar tu trabajo a cualquier persona. A m\u00ed <strong>las RRSS me han permitido acceder a trabajos que se me han ofrecido a trav\u00e9s de estas plataformas<\/strong>.<\/p>\n<p>Es la nueva carta de presentaci\u00f3n\/Curr\u00edculum Vitae del artista del siglo XXI y <strong>me parece brillante que todos tengamos acceso a ellas<\/strong> y podamos generar el material que queramos a nuestra esencia y manera. Es una v\u00eda de pronunciamiento muy importante en mi trabajo y sin ellas es muy dif\u00edcil crecer en visibilidad.<\/p>\n<p>Por otro lado, <strong>me encantar\u00eda que me acompa\u00f1aseis en este ilusionante trabajo en los Teatros del Canal, en la Sala Roja, donde el espect\u00e1culo permanecer\u00e1 hasta el 27 de octubre<\/strong>. Despu\u00e9s, el equipo saldr\u00e1 de gira. Muchas gracias.<\/p>\n<figure id=\"attachment_11887\" aria-describedby=\"caption-attachment-11887\" style=\"width: 725px\" class=\"wp-caption aligncenter\"><img loading=\"lazy\" decoding=\"async\" width=\"725\" height=\"1087\" class=\"wp-image-11887 size-full\" src=\"http:\/\/www.cope.es\/blogs\/palomitas-de-maiz\/wp-content\/uploads\/sites\/6\/2024\/10\/celeste-cerezo-13.jpg\" alt=\"Celeste Cerezo en una de sus m\u00faltiples interpretaciones\" srcset=\"https:\/\/www.cope.es\/blogs\/palomitas-de-maiz\/wp-content\/uploads\/sites\/6\/2024\/10\/celeste-cerezo-13.jpg 725w, https:\/\/www.cope.es\/blogs\/palomitas-de-maiz\/wp-content\/uploads\/sites\/6\/2024\/10\/celeste-cerezo-13-200x300.jpg 200w, https:\/\/www.cope.es\/blogs\/palomitas-de-maiz\/wp-content\/uploads\/sites\/6\/2024\/10\/celeste-cerezo-13-683x1024.jpg 683w\" sizes=\"auto, (max-width: 725px) 100vw, 725px\" \/><figcaption id=\"caption-attachment-11887\" class=\"wp-caption-text\"><strong>Celeste Cerezo en una de sus m\u00faltiples interpretaciones<\/strong><\/figcaption><\/figure>\n","protected":false},"excerpt":{"rendered":"<p>\u00a1Mis queridos palomiteros!: Entrevista a Celeste Cerezo: &#8220;La danza es medicina para el alma&#8221;. A sus tempranos 26 a\u00f1os, Celeste Cerezo es ya una destacada bailarina del panorama art\u00edstico contempor\u00e1neo &#8211;a tenor del impresionante curr\u00edculo que posee-, cuya trayectoria profesional pasa por alternar la danza con la publicidad, el modelaje, la interpretaci\u00f3n y la docencia. [&hellip;]<\/p>\n","protected":false},"author":6,"featured_media":11872,"comment_status":"open","ping_status":"open","sticky":false,"template":"","format":"standard","meta":{"footnotes":""},"categories":[336,320,611,12821],"tags":[12871,12872,12870,4653,2419,335,12874,711,12873,12876,12875,8546],"class_list":["post-11871","post","type-post","status-publish","format-standard","has-post-thumbnail","hentry","category-actualidad","category-entrevista","category-estreno","category-teatros-del-canal","tag-ballet","tag-ballet-espanol","tag-celeste-cerezo","tag-comunidad-de-madrid","tag-danza","tag-entrevista","tag-epifania-de-lo-flamenco","tag-estreno","tag-isaac-albeniz","tag-juan-requena","tag-suite-espanola-op-47","tag-teatros-del-canal"],"yoast_head":"<!-- This site is optimized with the Yoast SEO plugin v27.4 - https:\/\/yoast.com\/product\/yoast-seo-wordpress\/ -->\n<title>Entrevista a Celeste Cerezo: &quot;La danza es medicina para el alma&quot;<\/title>\n<meta name=\"description\" content=\"Blog de cine y teatro. Blogs COPE. Entrevista a Celeste Cerezo: &quot;La danza es medicina para el alma&quot;. Hoy estrena trabajo en Teatros del Canal\" \/>\n<meta name=\"robots\" content=\"index, follow, max-snippet:-1, max-image-preview:large, max-video-preview:-1\" \/>\n<link rel=\"canonical\" href=\"https:\/\/www.cope.es\/blogs\/palomitas-de-maiz\/2024\/10\/12\/entrevista-a-celeste-cerezo-la-danza-es-medicina-para-el-alma-ballet-espanol\/\" \/>\n<meta property=\"og:locale\" content=\"es_ES\" \/>\n<meta property=\"og:type\" content=\"article\" \/>\n<meta property=\"og:title\" content=\"Entrevista a Celeste Cerezo: &quot;La danza es medicina para el alma&quot;\" \/>\n<meta property=\"og:description\" content=\"Blog de cine y teatro. Blogs COPE. Entrevista a Celeste Cerezo: &quot;La danza es medicina para el alma&quot;. Hoy estrena trabajo en Teatros del Canal\" \/>\n<meta property=\"og:url\" content=\"https:\/\/www.cope.es\/blogs\/palomitas-de-maiz\/2024\/10\/12\/entrevista-a-celeste-cerezo-la-danza-es-medicina-para-el-alma-ballet-espanol\/\" \/>\n<meta property=\"og:site_name\" content=\"Palomitas de Ma\u00edz\" \/>\n<meta property=\"article:publisher\" content=\"https:\/\/www.facebook.com\/cope\/\" \/>\n<meta property=\"article:author\" content=\"https:\/\/www.facebook.com\/palomitero\/\" \/>\n<meta property=\"article:published_time\" content=\"2024-10-12T11:16:09+00:00\" \/>\n<meta property=\"article:modified_time\" content=\"2024-10-12T12:48:11+00:00\" \/>\n<meta property=\"og:image\" content=\"https:\/\/www.cope.es\/blogs\/palomitas-de-maiz\/wp-content\/uploads\/sites\/6\/2024\/10\/celeste-cerezo-portada.jpg\" \/>\n\t<meta property=\"og:image:width\" content=\"725\" \/>\n\t<meta property=\"og:image:height\" content=\"376\" \/>\n\t<meta property=\"og:image:type\" content=\"image\/jpeg\" \/>\n<meta name=\"author\" content=\"Jos\u00e9 Luis Panero\" \/>\n<meta name=\"twitter:card\" content=\"summary_large_image\" \/>\n<meta name=\"twitter:creator\" content=\"@PALOMITERO\" \/>\n<meta name=\"twitter:site\" content=\"@cope_es\" \/>\n<meta name=\"twitter:label1\" content=\"Escrito por\" \/>\n\t<meta name=\"twitter:data1\" content=\"Jos\u00e9 Luis Panero\" \/>\n\t<meta name=\"twitter:label2\" content=\"Tiempo de lectura\" \/>\n\t<meta name=\"twitter:data2\" content=\"18 minutos\" \/>\n<script type=\"application\/ld+json\" class=\"yoast-schema-graph\">{\"@context\":\"https:\\\/\\\/schema.org\",\"@graph\":[{\"@type\":\"Article\",\"@id\":\"https:\\\/\\\/www.cope.es\\\/blogs\\\/palomitas-de-maiz\\\/2024\\\/10\\\/12\\\/entrevista-a-celeste-cerezo-la-danza-es-medicina-para-el-alma-ballet-espanol\\\/#article\",\"isPartOf\":{\"@id\":\"https:\\\/\\\/www.cope.es\\\/blogs\\\/palomitas-de-maiz\\\/2024\\\/10\\\/12\\\/entrevista-a-celeste-cerezo-la-danza-es-medicina-para-el-alma-ballet-espanol\\\/\"},\"author\":{\"name\":\"Jos\u00e9 Luis Panero\",\"@id\":\"https:\\\/\\\/www.cope.es\\\/blogs\\\/palomitas-de-maiz\\\/#\\\/schema\\\/person\\\/9fb256f63733c964d19b06de1ca3c9ef\"},\"headline\":\"Entrevista a Celeste Cerezo, bailarina del ballet espa\u00f1ol de la Comunidad de Madrid: \u201cMichael Jackson es esencia viva de la danza\u201d\",\"datePublished\":\"2024-10-12T11:16:09+00:00\",\"dateModified\":\"2024-10-12T12:48:11+00:00\",\"mainEntityOfPage\":{\"@id\":\"https:\\\/\\\/www.cope.es\\\/blogs\\\/palomitas-de-maiz\\\/2024\\\/10\\\/12\\\/entrevista-a-celeste-cerezo-la-danza-es-medicina-para-el-alma-ballet-espanol\\\/\"},\"wordCount\":3590,\"commentCount\":0,\"image\":{\"@id\":\"https:\\\/\\\/www.cope.es\\\/blogs\\\/palomitas-de-maiz\\\/2024\\\/10\\\/12\\\/entrevista-a-celeste-cerezo-la-danza-es-medicina-para-el-alma-ballet-espanol\\\/#primaryimage\"},\"thumbnailUrl\":\"https:\\\/\\\/www.cope.es\\\/blogs\\\/palomitas-de-maiz\\\/wp-content\\\/uploads\\\/sites\\\/6\\\/2024\\\/10\\\/celeste-cerezo-portada.jpg\",\"keywords\":[\"ballet\",\"ballet espa\u00f1ol\",\"celeste cerezo\",\"comunidad de madrid\",\"danza\",\"entrevista\",\"Epifan\u00eda de lo Flamenco\",\"Estreno\",\"isaac alb\u00e9niz\",\"juan requena\",\"Suite Espa\u00f1ola op 47\",\"teatros del canal\"],\"articleSection\":[\"actualidad\",\"Entrevista\",\"estreno\",\"teatros del canal\"],\"inLanguage\":\"es\",\"potentialAction\":[{\"@type\":\"CommentAction\",\"name\":\"Comment\",\"target\":[\"https:\\\/\\\/www.cope.es\\\/blogs\\\/palomitas-de-maiz\\\/2024\\\/10\\\/12\\\/entrevista-a-celeste-cerezo-la-danza-es-medicina-para-el-alma-ballet-espanol\\\/#respond\"]}]},{\"@type\":\"WebPage\",\"@id\":\"https:\\\/\\\/www.cope.es\\\/blogs\\\/palomitas-de-maiz\\\/2024\\\/10\\\/12\\\/entrevista-a-celeste-cerezo-la-danza-es-medicina-para-el-alma-ballet-espanol\\\/\",\"url\":\"https:\\\/\\\/www.cope.es\\\/blogs\\\/palomitas-de-maiz\\\/2024\\\/10\\\/12\\\/entrevista-a-celeste-cerezo-la-danza-es-medicina-para-el-alma-ballet-espanol\\\/\",\"name\":\"Entrevista a Celeste Cerezo: \\\"La danza es medicina para el alma\\\"\",\"isPartOf\":{\"@id\":\"https:\\\/\\\/www.cope.es\\\/blogs\\\/palomitas-de-maiz\\\/#website\"},\"primaryImageOfPage\":{\"@id\":\"https:\\\/\\\/www.cope.es\\\/blogs\\\/palomitas-de-maiz\\\/2024\\\/10\\\/12\\\/entrevista-a-celeste-cerezo-la-danza-es-medicina-para-el-alma-ballet-espanol\\\/#primaryimage\"},\"image\":{\"@id\":\"https:\\\/\\\/www.cope.es\\\/blogs\\\/palomitas-de-maiz\\\/2024\\\/10\\\/12\\\/entrevista-a-celeste-cerezo-la-danza-es-medicina-para-el-alma-ballet-espanol\\\/#primaryimage\"},\"thumbnailUrl\":\"https:\\\/\\\/www.cope.es\\\/blogs\\\/palomitas-de-maiz\\\/wp-content\\\/uploads\\\/sites\\\/6\\\/2024\\\/10\\\/celeste-cerezo-portada.jpg\",\"datePublished\":\"2024-10-12T11:16:09+00:00\",\"dateModified\":\"2024-10-12T12:48:11+00:00\",\"author\":{\"@id\":\"https:\\\/\\\/www.cope.es\\\/blogs\\\/palomitas-de-maiz\\\/#\\\/schema\\\/person\\\/9fb256f63733c964d19b06de1ca3c9ef\"},\"description\":\"Blog de cine y teatro. Blogs COPE. Entrevista a Celeste Cerezo: \\\"La danza es medicina para el alma\\\". Hoy estrena trabajo en Teatros del Canal\",\"breadcrumb\":{\"@id\":\"https:\\\/\\\/www.cope.es\\\/blogs\\\/palomitas-de-maiz\\\/2024\\\/10\\\/12\\\/entrevista-a-celeste-cerezo-la-danza-es-medicina-para-el-alma-ballet-espanol\\\/#breadcrumb\"},\"inLanguage\":\"es\",\"potentialAction\":[{\"@type\":\"ReadAction\",\"target\":[\"https:\\\/\\\/www.cope.es\\\/blogs\\\/palomitas-de-maiz\\\/2024\\\/10\\\/12\\\/entrevista-a-celeste-cerezo-la-danza-es-medicina-para-el-alma-ballet-espanol\\\/\"]}]},{\"@type\":\"ImageObject\",\"inLanguage\":\"es\",\"@id\":\"https:\\\/\\\/www.cope.es\\\/blogs\\\/palomitas-de-maiz\\\/2024\\\/10\\\/12\\\/entrevista-a-celeste-cerezo-la-danza-es-medicina-para-el-alma-ballet-espanol\\\/#primaryimage\",\"url\":\"https:\\\/\\\/www.cope.es\\\/blogs\\\/palomitas-de-maiz\\\/wp-content\\\/uploads\\\/sites\\\/6\\\/2024\\\/10\\\/celeste-cerezo-portada.jpg\",\"contentUrl\":\"https:\\\/\\\/www.cope.es\\\/blogs\\\/palomitas-de-maiz\\\/wp-content\\\/uploads\\\/sites\\\/6\\\/2024\\\/10\\\/celeste-cerezo-portada.jpg\",\"width\":725,\"height\":376},{\"@type\":\"BreadcrumbList\",\"@id\":\"https:\\\/\\\/www.cope.es\\\/blogs\\\/palomitas-de-maiz\\\/2024\\\/10\\\/12\\\/entrevista-a-celeste-cerezo-la-danza-es-medicina-para-el-alma-ballet-espanol\\\/#breadcrumb\",\"itemListElement\":[{\"@type\":\"ListItem\",\"position\":1,\"name\":\"Portada\",\"item\":\"https:\\\/\\\/www.cope.es\\\/blogs\\\/palomitas-de-maiz\\\/\"},{\"@type\":\"ListItem\",\"position\":2,\"name\":\"Entrevista a Celeste Cerezo, bailarina del ballet espa\u00f1ol de la Comunidad de Madrid: \u201cMichael Jackson es esencia viva de la danza\u201d\"}]},{\"@type\":\"WebSite\",\"@id\":\"https:\\\/\\\/www.cope.es\\\/blogs\\\/palomitas-de-maiz\\\/#website\",\"url\":\"https:\\\/\\\/www.cope.es\\\/blogs\\\/palomitas-de-maiz\\\/\",\"name\":\"Palomitas de Ma\u00edz\",\"description\":\"Blog decano de cine de COPE\",\"potentialAction\":[{\"@type\":\"SearchAction\",\"target\":{\"@type\":\"EntryPoint\",\"urlTemplate\":\"https:\\\/\\\/www.cope.es\\\/blogs\\\/palomitas-de-maiz\\\/?s={search_term_string}\"},\"query-input\":{\"@type\":\"PropertyValueSpecification\",\"valueRequired\":true,\"valueName\":\"search_term_string\"}}],\"inLanguage\":\"es\"},{\"@type\":\"Person\",\"@id\":\"https:\\\/\\\/www.cope.es\\\/blogs\\\/palomitas-de-maiz\\\/#\\\/schema\\\/person\\\/9fb256f63733c964d19b06de1ca3c9ef\",\"name\":\"Jos\u00e9 Luis Panero\",\"image\":{\"@type\":\"ImageObject\",\"inLanguage\":\"es\",\"@id\":\"https:\\\/\\\/secure.gravatar.com\\\/avatar\\\/2ef93951eab3cee25932a7219e566376cbf6ddedde3aa3098e7a971991a3ef12?s=96&d=mm&r=g\",\"url\":\"https:\\\/\\\/secure.gravatar.com\\\/avatar\\\/2ef93951eab3cee25932a7219e566376cbf6ddedde3aa3098e7a971991a3ef12?s=96&d=mm&r=g\",\"contentUrl\":\"https:\\\/\\\/secure.gravatar.com\\\/avatar\\\/2ef93951eab3cee25932a7219e566376cbf6ddedde3aa3098e7a971991a3ef12?s=96&d=mm&r=g\",\"caption\":\"Jos\u00e9 Luis Panero\"},\"description\":\"Licenciado en Periodismo y en Comunicaci\u00f3n Audiovisual. Tras m\u00e1s de cuatro a\u00f1os en el diario 'La Gaceta de Los Negocios' y el programa f\u00edlmico 'Pantalla Grande', es cr\u00edtico de cine en 'Ciudad Nueva', 'Pantalla 90', 'COPE' o 'Aleteia' y cr\u00edtico de teatro en 'Hoy en la city'. Ha sido coguionista y ayudante de direcci\u00f3n de cine, ponente en los coloquios de cine del foro FNAC y profesor universitario en diferentes cursos de Periodismo Social. Desde 2003 es miembro del C\u00edrculo de Escritores Cinematogr\u00e1ficos (CEC). En 2008 fund\u00f3 en 'COPE' su blog de cine 'Palomitas de Ma\u00edz'. En 2017 fue nombrado Jurado Oficial del Festival Internacional de Cine de Fuengirola (M\u00e1laga) y ese a\u00f1o la instituci\u00f3n educativa Trinity College-Liceo Serrano le distingui\u00f3 con el nombramiento de 'Profesor de Honor' del centro y miembro ilustre del claustro de profesores. En 2019 fue nombrado Jurado Oficial del Festival Internacional de Cine de Vera (Almer\u00eda). En 2020 fue nombrado Jurado Oficial del Festival Internacional de Cine de Terror de La Mar Bella (Marbella). Como int\u00e9rprete ha sido galardonado con el Premio al Actor Principal del I Festival Nacional UNIR de teatro. Desde 2020 es acad\u00e9mico de las Artes Esc\u00e9nicas de Espa\u00f1a. En 2023 fue nombrado Jurado Oficial de los 'Premios Tal\u00eda' en su I Edici\u00f3n. Y miembro de ASHUMES (Asociaci\u00f3n del Humorismo Espa\u00f1ol) a partir de 2022. En 2023 fue nombrado Jurado Oficial de la II Edici\u00f3n de los 'Premios Godot'.\",\"sameAs\":[\"http:\\\/\\\/www.cope.es\",\"https:\\\/\\\/www.facebook.com\\\/palomitero\\\/\",\"https:\\\/\\\/www.instagram.com\\\/joseluispanero\\\/\",\"https:\\\/\\\/www.linkedin.com\\\/in\\\/jos-luis-panero-gonzlez-barosa-7722a716\\\/\",\"https:\\\/\\\/x.com\\\/PALOMITERO\",\"https:\\\/\\\/www.youtube.com\\\/channel\\\/UCQYaNGiETUXUPXjYu9p3lNw\\\/videos?\",\"https:\\\/\\\/es.wikipedia.org\\\/wiki\\\/Jos_Luis_Panero_Gonzlez-Barosa\"],\"url\":\"https:\\\/\\\/www.cope.es\\\/blogs\\\/palomitas-de-maiz\\\/author\\\/jlpanero\\\/\"}]}<\/script>\n<!-- \/ Yoast SEO plugin. -->","yoast_head_json":{"title":"Entrevista a Celeste Cerezo: \"La danza es medicina para el alma\"","description":"Blog de cine y teatro. Blogs COPE. Entrevista a Celeste Cerezo: \"La danza es medicina para el alma\". Hoy estrena trabajo en Teatros del Canal","robots":{"index":"index","follow":"follow","max-snippet":"max-snippet:-1","max-image-preview":"max-image-preview:large","max-video-preview":"max-video-preview:-1"},"canonical":"https:\/\/www.cope.es\/blogs\/palomitas-de-maiz\/2024\/10\/12\/entrevista-a-celeste-cerezo-la-danza-es-medicina-para-el-alma-ballet-espanol\/","og_locale":"es_ES","og_type":"article","og_title":"Entrevista a Celeste Cerezo: \"La danza es medicina para el alma\"","og_description":"Blog de cine y teatro. Blogs COPE. Entrevista a Celeste Cerezo: \"La danza es medicina para el alma\". Hoy estrena trabajo en Teatros del Canal","og_url":"https:\/\/www.cope.es\/blogs\/palomitas-de-maiz\/2024\/10\/12\/entrevista-a-celeste-cerezo-la-danza-es-medicina-para-el-alma-ballet-espanol\/","og_site_name":"Palomitas de Ma\u00edz","article_publisher":"https:\/\/www.facebook.com\/cope\/","article_author":"https:\/\/www.facebook.com\/palomitero\/","article_published_time":"2024-10-12T11:16:09+00:00","article_modified_time":"2024-10-12T12:48:11+00:00","og_image":[{"width":725,"height":376,"url":"https:\/\/www.cope.es\/blogs\/palomitas-de-maiz\/wp-content\/uploads\/sites\/6\/2024\/10\/celeste-cerezo-portada.jpg","type":"image\/jpeg"}],"author":"Jos\u00e9 Luis Panero","twitter_card":"summary_large_image","twitter_creator":"@PALOMITERO","twitter_site":"@cope_es","twitter_misc":{"Escrito por":"Jos\u00e9 Luis Panero","Tiempo de lectura":"18 minutos"},"schema":{"@context":"https:\/\/schema.org","@graph":[{"@type":"Article","@id":"https:\/\/www.cope.es\/blogs\/palomitas-de-maiz\/2024\/10\/12\/entrevista-a-celeste-cerezo-la-danza-es-medicina-para-el-alma-ballet-espanol\/#article","isPartOf":{"@id":"https:\/\/www.cope.es\/blogs\/palomitas-de-maiz\/2024\/10\/12\/entrevista-a-celeste-cerezo-la-danza-es-medicina-para-el-alma-ballet-espanol\/"},"author":{"name":"Jos\u00e9 Luis Panero","@id":"https:\/\/www.cope.es\/blogs\/palomitas-de-maiz\/#\/schema\/person\/9fb256f63733c964d19b06de1ca3c9ef"},"headline":"Entrevista a Celeste Cerezo, bailarina del ballet espa\u00f1ol de la Comunidad de Madrid: \u201cMichael Jackson es esencia viva de la danza\u201d","datePublished":"2024-10-12T11:16:09+00:00","dateModified":"2024-10-12T12:48:11+00:00","mainEntityOfPage":{"@id":"https:\/\/www.cope.es\/blogs\/palomitas-de-maiz\/2024\/10\/12\/entrevista-a-celeste-cerezo-la-danza-es-medicina-para-el-alma-ballet-espanol\/"},"wordCount":3590,"commentCount":0,"image":{"@id":"https:\/\/www.cope.es\/blogs\/palomitas-de-maiz\/2024\/10\/12\/entrevista-a-celeste-cerezo-la-danza-es-medicina-para-el-alma-ballet-espanol\/#primaryimage"},"thumbnailUrl":"https:\/\/www.cope.es\/blogs\/palomitas-de-maiz\/wp-content\/uploads\/sites\/6\/2024\/10\/celeste-cerezo-portada.jpg","keywords":["ballet","ballet espa\u00f1ol","celeste cerezo","comunidad de madrid","danza","entrevista","Epifan\u00eda de lo Flamenco","Estreno","isaac alb\u00e9niz","juan requena","Suite Espa\u00f1ola op 47","teatros del canal"],"articleSection":["actualidad","Entrevista","estreno","teatros del canal"],"inLanguage":"es","potentialAction":[{"@type":"CommentAction","name":"Comment","target":["https:\/\/www.cope.es\/blogs\/palomitas-de-maiz\/2024\/10\/12\/entrevista-a-celeste-cerezo-la-danza-es-medicina-para-el-alma-ballet-espanol\/#respond"]}]},{"@type":"WebPage","@id":"https:\/\/www.cope.es\/blogs\/palomitas-de-maiz\/2024\/10\/12\/entrevista-a-celeste-cerezo-la-danza-es-medicina-para-el-alma-ballet-espanol\/","url":"https:\/\/www.cope.es\/blogs\/palomitas-de-maiz\/2024\/10\/12\/entrevista-a-celeste-cerezo-la-danza-es-medicina-para-el-alma-ballet-espanol\/","name":"Entrevista a Celeste Cerezo: \"La danza es medicina para el alma\"","isPartOf":{"@id":"https:\/\/www.cope.es\/blogs\/palomitas-de-maiz\/#website"},"primaryImageOfPage":{"@id":"https:\/\/www.cope.es\/blogs\/palomitas-de-maiz\/2024\/10\/12\/entrevista-a-celeste-cerezo-la-danza-es-medicina-para-el-alma-ballet-espanol\/#primaryimage"},"image":{"@id":"https:\/\/www.cope.es\/blogs\/palomitas-de-maiz\/2024\/10\/12\/entrevista-a-celeste-cerezo-la-danza-es-medicina-para-el-alma-ballet-espanol\/#primaryimage"},"thumbnailUrl":"https:\/\/www.cope.es\/blogs\/palomitas-de-maiz\/wp-content\/uploads\/sites\/6\/2024\/10\/celeste-cerezo-portada.jpg","datePublished":"2024-10-12T11:16:09+00:00","dateModified":"2024-10-12T12:48:11+00:00","author":{"@id":"https:\/\/www.cope.es\/blogs\/palomitas-de-maiz\/#\/schema\/person\/9fb256f63733c964d19b06de1ca3c9ef"},"description":"Blog de cine y teatro. Blogs COPE. Entrevista a Celeste Cerezo: \"La danza es medicina para el alma\". Hoy estrena trabajo en Teatros del Canal","breadcrumb":{"@id":"https:\/\/www.cope.es\/blogs\/palomitas-de-maiz\/2024\/10\/12\/entrevista-a-celeste-cerezo-la-danza-es-medicina-para-el-alma-ballet-espanol\/#breadcrumb"},"inLanguage":"es","potentialAction":[{"@type":"ReadAction","target":["https:\/\/www.cope.es\/blogs\/palomitas-de-maiz\/2024\/10\/12\/entrevista-a-celeste-cerezo-la-danza-es-medicina-para-el-alma-ballet-espanol\/"]}]},{"@type":"ImageObject","inLanguage":"es","@id":"https:\/\/www.cope.es\/blogs\/palomitas-de-maiz\/2024\/10\/12\/entrevista-a-celeste-cerezo-la-danza-es-medicina-para-el-alma-ballet-espanol\/#primaryimage","url":"https:\/\/www.cope.es\/blogs\/palomitas-de-maiz\/wp-content\/uploads\/sites\/6\/2024\/10\/celeste-cerezo-portada.jpg","contentUrl":"https:\/\/www.cope.es\/blogs\/palomitas-de-maiz\/wp-content\/uploads\/sites\/6\/2024\/10\/celeste-cerezo-portada.jpg","width":725,"height":376},{"@type":"BreadcrumbList","@id":"https:\/\/www.cope.es\/blogs\/palomitas-de-maiz\/2024\/10\/12\/entrevista-a-celeste-cerezo-la-danza-es-medicina-para-el-alma-ballet-espanol\/#breadcrumb","itemListElement":[{"@type":"ListItem","position":1,"name":"Portada","item":"https:\/\/www.cope.es\/blogs\/palomitas-de-maiz\/"},{"@type":"ListItem","position":2,"name":"Entrevista a Celeste Cerezo, bailarina del ballet espa\u00f1ol de la Comunidad de Madrid: \u201cMichael Jackson es esencia viva de la danza\u201d"}]},{"@type":"WebSite","@id":"https:\/\/www.cope.es\/blogs\/palomitas-de-maiz\/#website","url":"https:\/\/www.cope.es\/blogs\/palomitas-de-maiz\/","name":"Palomitas de Ma\u00edz","description":"Blog decano de cine de COPE","potentialAction":[{"@type":"SearchAction","target":{"@type":"EntryPoint","urlTemplate":"https:\/\/www.cope.es\/blogs\/palomitas-de-maiz\/?s={search_term_string}"},"query-input":{"@type":"PropertyValueSpecification","valueRequired":true,"valueName":"search_term_string"}}],"inLanguage":"es"},{"@type":"Person","@id":"https:\/\/www.cope.es\/blogs\/palomitas-de-maiz\/#\/schema\/person\/9fb256f63733c964d19b06de1ca3c9ef","name":"Jos\u00e9 Luis Panero","image":{"@type":"ImageObject","inLanguage":"es","@id":"https:\/\/secure.gravatar.com\/avatar\/2ef93951eab3cee25932a7219e566376cbf6ddedde3aa3098e7a971991a3ef12?s=96&d=mm&r=g","url":"https:\/\/secure.gravatar.com\/avatar\/2ef93951eab3cee25932a7219e566376cbf6ddedde3aa3098e7a971991a3ef12?s=96&d=mm&r=g","contentUrl":"https:\/\/secure.gravatar.com\/avatar\/2ef93951eab3cee25932a7219e566376cbf6ddedde3aa3098e7a971991a3ef12?s=96&d=mm&r=g","caption":"Jos\u00e9 Luis Panero"},"description":"Licenciado en Periodismo y en Comunicaci\u00f3n Audiovisual. Tras m\u00e1s de cuatro a\u00f1os en el diario 'La Gaceta de Los Negocios' y el programa f\u00edlmico 'Pantalla Grande', es cr\u00edtico de cine en 'Ciudad Nueva', 'Pantalla 90', 'COPE' o 'Aleteia' y cr\u00edtico de teatro en 'Hoy en la city'. Ha sido coguionista y ayudante de direcci\u00f3n de cine, ponente en los coloquios de cine del foro FNAC y profesor universitario en diferentes cursos de Periodismo Social. Desde 2003 es miembro del C\u00edrculo de Escritores Cinematogr\u00e1ficos (CEC). En 2008 fund\u00f3 en 'COPE' su blog de cine 'Palomitas de Ma\u00edz'. En 2017 fue nombrado Jurado Oficial del Festival Internacional de Cine de Fuengirola (M\u00e1laga) y ese a\u00f1o la instituci\u00f3n educativa Trinity College-Liceo Serrano le distingui\u00f3 con el nombramiento de 'Profesor de Honor' del centro y miembro ilustre del claustro de profesores. En 2019 fue nombrado Jurado Oficial del Festival Internacional de Cine de Vera (Almer\u00eda). En 2020 fue nombrado Jurado Oficial del Festival Internacional de Cine de Terror de La Mar Bella (Marbella). Como int\u00e9rprete ha sido galardonado con el Premio al Actor Principal del I Festival Nacional UNIR de teatro. Desde 2020 es acad\u00e9mico de las Artes Esc\u00e9nicas de Espa\u00f1a. En 2023 fue nombrado Jurado Oficial de los 'Premios Tal\u00eda' en su I Edici\u00f3n. Y miembro de ASHUMES (Asociaci\u00f3n del Humorismo Espa\u00f1ol) a partir de 2022. En 2023 fue nombrado Jurado Oficial de la II Edici\u00f3n de los 'Premios Godot'.","sameAs":["http:\/\/www.cope.es","https:\/\/www.facebook.com\/palomitero\/","https:\/\/www.instagram.com\/joseluispanero\/","https:\/\/www.linkedin.com\/in\/jos-luis-panero-gonzlez-barosa-7722a716\/","https:\/\/x.com\/PALOMITERO","https:\/\/www.youtube.com\/channel\/UCQYaNGiETUXUPXjYu9p3lNw\/videos?","https:\/\/es.wikipedia.org\/wiki\/Jos_Luis_Panero_Gonzlez-Barosa"],"url":"https:\/\/www.cope.es\/blogs\/palomitas-de-maiz\/author\/jlpanero\/"}]}},"amp_enabled":true,"_links":{"self":[{"href":"https:\/\/www.cope.es\/blogs\/palomitas-de-maiz\/wp-json\/wp\/v2\/posts\/11871","targetHints":{"allow":["GET"]}}],"collection":[{"href":"https:\/\/www.cope.es\/blogs\/palomitas-de-maiz\/wp-json\/wp\/v2\/posts"}],"about":[{"href":"https:\/\/www.cope.es\/blogs\/palomitas-de-maiz\/wp-json\/wp\/v2\/types\/post"}],"author":[{"embeddable":true,"href":"https:\/\/www.cope.es\/blogs\/palomitas-de-maiz\/wp-json\/wp\/v2\/users\/6"}],"replies":[{"embeddable":true,"href":"https:\/\/www.cope.es\/blogs\/palomitas-de-maiz\/wp-json\/wp\/v2\/comments?post=11871"}],"version-history":[{"count":2,"href":"https:\/\/www.cope.es\/blogs\/palomitas-de-maiz\/wp-json\/wp\/v2\/posts\/11871\/revisions"}],"predecessor-version":[{"id":11895,"href":"https:\/\/www.cope.es\/blogs\/palomitas-de-maiz\/wp-json\/wp\/v2\/posts\/11871\/revisions\/11895"}],"wp:featuredmedia":[{"embeddable":true,"href":"https:\/\/www.cope.es\/blogs\/palomitas-de-maiz\/wp-json\/wp\/v2\/media\/11872"}],"wp:attachment":[{"href":"https:\/\/www.cope.es\/blogs\/palomitas-de-maiz\/wp-json\/wp\/v2\/media?parent=11871"}],"wp:term":[{"taxonomy":"category","embeddable":true,"href":"https:\/\/www.cope.es\/blogs\/palomitas-de-maiz\/wp-json\/wp\/v2\/categories?post=11871"},{"taxonomy":"post_tag","embeddable":true,"href":"https:\/\/www.cope.es\/blogs\/palomitas-de-maiz\/wp-json\/wp\/v2\/tags?post=11871"}],"curies":[{"name":"wp","href":"https:\/\/api.w.org\/{rel}","templated":true}]}}