{"id":11660,"date":"2024-08-22T14:20:26","date_gmt":"2024-08-22T12:20:26","guid":{"rendered":"http:\/\/www.cope.es\/blogs\/palomitas-de-maiz\/?p=11660"},"modified":"2024-08-22T14:20:26","modified_gmt":"2024-08-22T12:20:26","slug":"kneecap-filmin-presenta-el-trailer-de-este-imprescindible-biopic-musical","status":"publish","type":"post","link":"https:\/\/www.cope.es\/blogs\/palomitas-de-maiz\/2024\/08\/22\/kneecap-filmin-presenta-el-trailer-de-este-imprescindible-biopic-musical\/","title":{"rendered":"Michael Fassbender se une al reparto de \u2018Kneecap\u2019, atractivo biopic sobre el grupo musical, que Filmin llevar\u00e1 a los cines en septiembre"},"content":{"rendered":"<p>\u00a1Mis queridos palomiteros! \u2018Kneecap\u2019: Filmin presenta el tr\u00e1iler de este imprescindible biopic musical.<\/p>\n<p><strong><a href=\"https:\/\/www.filmin.es\/catalogo\" target=\"_blank\">Filmin<\/a><\/strong> -exclusiva plataforma de visionado online de cine independiente, <a href=\"http:\/\/www.cope.es\/blogs\/palomitas-de-maiz\/2024\/08\/14\/las-semillas-del-mal-filmin-estrena-impactante-serie-con-tono-de-thriller\/\">de la que ya he informado en otras ocasiones<\/a>&#8211; <strong>presenta en exclusiva el tr\u00e1iler de\u00a0<em>Kneecap<\/em><\/strong>, la pel\u00edcula que <strong>se estrenar\u00e1 en\u00a0cines\u00a0el pr\u00f3ximo\u00a020 de septiembre<\/strong>\u00a0distribuida por Filmin.<\/p>\n<p><iframe loading=\"lazy\" title=\"Kneecap (ESTRENO EN CINES 20\/09) - Tr\u00e1iler (VOSE) | Filmin\" width=\"675\" height=\"380\" src=\"https:\/\/www.youtube.com\/embed\/flWm8ucaKaM?feature=oembed\" frameborder=\"0\" allow=\"accelerometer; autoplay; clipboard-write; encrypted-media; gyroscope; picture-in-picture; web-share\" referrerpolicy=\"strict-origin-when-cross-origin\" allowfullscreen><\/iframe><\/p>\n<p>&nbsp;<\/p>\n<p>Se trata de la <strong>historia real <\/strong>sobre c\u00f3mo un tr\u00edo de raperos an\u00e1rquicos de Belfast (Irlanda) se convirti\u00f3 en el m\u00e1ximo referente del movimiento civil por salvar\u00a0la lengua irlandesa.<\/p>\n<h2>\u2018Kneecap\u2019: Filmin presenta el tr\u00e1iler de este imprescindible biopic musical<\/h2>\n<p>La aventura, por su parte, un <strong>biopic cargado de\u00a0humor, sexo y drogas<\/strong>, est\u00e1\u00a0interpretada por los integrantes reales\u00a0de la banda &#8211;<strong>Mo Chara, M\u00f3gla\u00ed Bap y DJ Pr\u00f3va\u00ed<\/strong>-, acompa\u00f1ados por\u00a0<strong>Michael Fassbender\u00a0<\/strong>(<em>Shame<\/em>) en la piel de un carism\u00e1tico padre convertido en m\u00e1rtir pol\u00edtico.<\/p>\n<h2>\u00bfDe qu\u00e9 va <em>Kneecap<\/em>?<\/h2>\n<p>Dirigida y escrita por\u00a0<strong>Rich Peppiatt<\/strong>, de ascendencia irlandesa, <em>Kneecap<\/em> narra en primera persona el inesperado salto a la fama de esta banda\u00a0formada\u00a0por dos amigos de la infancia y\u00a0camellos\u00a0de clase obrera (<strong>Naoise \u00d3 Caireall\u00e1in<\/strong>\u00a0y\u00a0<strong>Liam \u00d3g \u00d3 Hannaidh<\/strong>) que hacen equipo con un profesor de m\u00fasica (<strong>JJ \u00d3 Dochartaigh<\/strong>) para formar un grupo que rapea en ga\u00e9lico irland\u00e9s.<\/p>\n<figure id=\"attachment_11664\" aria-describedby=\"caption-attachment-11664\" style=\"width: 725px\" class=\"wp-caption aligncenter\"><img loading=\"lazy\" decoding=\"async\" width=\"725\" height=\"303\" class=\"wp-image-11664 size-full\" src=\"http:\/\/www.cope.es\/blogs\/palomitas-de-maiz\/wp-content\/uploads\/sites\/6\/2024\/08\/Kneecap-4.jpg\" alt=\"\u2018Kneecap\u2019: Filmin presenta el tr\u00e1iler de este imprescindible biopic musical\" srcset=\"https:\/\/www.cope.es\/blogs\/palomitas-de-maiz\/wp-content\/uploads\/sites\/6\/2024\/08\/Kneecap-4.jpg 725w, https:\/\/www.cope.es\/blogs\/palomitas-de-maiz\/wp-content\/uploads\/sites\/6\/2024\/08\/Kneecap-4-300x125.jpg 300w\" sizes=\"auto, (max-width: 725px) 100vw, 725px\" \/><figcaption id=\"caption-attachment-11664\" class=\"wp-caption-text\"><strong>\u2018Kneecap\u2019: Filmin presenta el tr\u00e1iler de este imprescindible biopic musical<\/strong><\/figcaption><\/figure>\n<p>El primer encuentro entre\u00a0estos\u00a0tres figuras tiene lugar en la sala de interrogatorios de la c\u00e1rcel tras el arresto por desobediencia a la autoridad de Naoise, quien se niega a hablar en ingl\u00e9s y la polic\u00eda debe recurrir a JJ como int\u00e9rprete, su trabajo secundario. Es entonces cuando JJ lee en el diario personal de Naoise <strong>grandes rimas cargadas de\u00a0discurso pol\u00edtico<\/strong>\u00a0y fragmentos de canciones sin producir, y da comienzo su irreverente y singular historia.<\/p>\n<figure id=\"attachment_11665\" aria-describedby=\"caption-attachment-11665\" style=\"width: 725px\" class=\"wp-caption aligncenter\"><img loading=\"lazy\" decoding=\"async\" width=\"725\" height=\"303\" class=\"wp-image-11665 size-full\" src=\"http:\/\/www.cope.es\/blogs\/palomitas-de-maiz\/wp-content\/uploads\/sites\/6\/2024\/08\/Kneecap-3.jpg\" alt=\"\u2018Kneecap\u2019: Filmin presenta el tr\u00e1iler de este imprescindible biopic musical\" srcset=\"https:\/\/www.cope.es\/blogs\/palomitas-de-maiz\/wp-content\/uploads\/sites\/6\/2024\/08\/Kneecap-3.jpg 725w, https:\/\/www.cope.es\/blogs\/palomitas-de-maiz\/wp-content\/uploads\/sites\/6\/2024\/08\/Kneecap-3-300x125.jpg 300w\" sizes=\"auto, (max-width: 725px) 100vw, 725px\" \/><figcaption id=\"caption-attachment-11665\" class=\"wp-caption-text\"><strong>\u2018Kneecap\u2019: Filmin presenta el tr\u00e1iler de este imprescindible biopic musical<\/strong><\/figcaption><\/figure>\n<p>No solo de cuestiones pol\u00edticas hablan sus letras, tambi\u00e9n de drogas y de violencia en un tono que celebra el concepto <em>Thug Life<\/em>. Es as\u00ed como el grupo se alza ante el poder establecido y conservador del sistema y ofrece representaci\u00f3n a los j\u00f3venes\u00a0comprometidos con el idioma irland\u00e9s\u00a0que quieren reivindicar su herencia cultural nacional.<\/p>\n<p>Por su lado, <strong>el filme tuvo su estreno mundial en el\u00a0Festival de Sundance<\/strong>\u00a0donde, adem\u00e1s de ser la primera pel\u00edcula en lengua irlandesa proyectada en el festival, <strong>logr\u00f3 el Premio del P\u00fablico<\/strong> y tuvo su premiere nacional en el\u00a0Atl\u00e0ntida Mallorca Film Fest\u00a0(Palma).<\/p>\n<figure id=\"attachment_11666\" aria-describedby=\"caption-attachment-11666\" style=\"width: 725px\" class=\"wp-caption aligncenter\"><img loading=\"lazy\" decoding=\"async\" width=\"725\" height=\"303\" class=\"wp-image-11666 size-full\" src=\"http:\/\/www.cope.es\/blogs\/palomitas-de-maiz\/wp-content\/uploads\/sites\/6\/2024\/08\/Kneecap-2.jpg\" alt=\"\u2018Kneecap\u2019: Filmin presenta el tr\u00e1iler de este imprescindible biopic musical\" srcset=\"https:\/\/www.cope.es\/blogs\/palomitas-de-maiz\/wp-content\/uploads\/sites\/6\/2024\/08\/Kneecap-2.jpg 725w, https:\/\/www.cope.es\/blogs\/palomitas-de-maiz\/wp-content\/uploads\/sites\/6\/2024\/08\/Kneecap-2-300x125.jpg 300w\" sizes=\"auto, (max-width: 725px) 100vw, 725px\" \/><figcaption id=\"caption-attachment-11666\" class=\"wp-caption-text\"><strong>\u2018Kneecap\u2019: Filmin presenta el tr\u00e1iler de este imprescindible biopic musical<\/strong><\/figcaption><\/figure>\n<h2>Opini\u00f3n de la cr\u00edtica especializada:<\/h2>\n<p>En Sundance recogi\u00f3 excelentes rese\u00f1as de la cr\u00edtica especializada, como la de <em>Screen Daily<\/em> que dice as\u00ed: \u201cSe podr\u00eda decir que\u00a0<em>Kneecap<\/em>\u00a0es la bomba y encajar\u00eda a la perfecci\u00f3n con el tono de la pel\u00edcula. (\u2026) Si los\u00a0bad trips\u00a0de ketamina, las bromas sobre terroristas y las nalgas pintadas con <em>Brits Out<\/em> (Brit\u00e1nicos Fuera) son lo tuyo,\u00a0<em>Kneecap<\/em>\u00a0es la pel\u00edcula perfecta para ti\u201d.<\/p>\n<figure id=\"attachment_11667\" aria-describedby=\"caption-attachment-11667\" style=\"width: 725px\" class=\"wp-caption aligncenter\"><img loading=\"lazy\" decoding=\"async\" width=\"725\" height=\"303\" class=\"wp-image-11667 size-full\" src=\"http:\/\/www.cope.es\/blogs\/palomitas-de-maiz\/wp-content\/uploads\/sites\/6\/2024\/08\/Kneecap-1.jpg\" alt=\"Ic\u00f3nico fotograma del filme\" srcset=\"https:\/\/www.cope.es\/blogs\/palomitas-de-maiz\/wp-content\/uploads\/sites\/6\/2024\/08\/Kneecap-1.jpg 725w, https:\/\/www.cope.es\/blogs\/palomitas-de-maiz\/wp-content\/uploads\/sites\/6\/2024\/08\/Kneecap-1-300x125.jpg 300w\" sizes=\"auto, (max-width: 725px) 100vw, 725px\" \/><figcaption id=\"caption-attachment-11667\" class=\"wp-caption-text\"><strong>Ic\u00f3nico fotograma del filme<\/strong><\/figcaption><\/figure>\n<p>Asimismo, los medios han destacado las sobresalientes actuaciones de los int\u00e9rpretes y se ha comparado a la pel\u00edcula con t\u00edtulos como <em>8 Millas<\/em> o <em>Trainspotting<\/em>,\u00a0predestin\u00e1ndola a convertirse en una pel\u00edcula de culto.<\/p>\n<p>Por \u00faltimo, ha arrasado en\u00a0<strong>Galway\u00a0Film Fleadh<\/strong>, el festival de cine de referencia en Irlanda, consiguiendo los tres m\u00e1ximos galardones: a la Mejor Pel\u00edcula, a la Mejor Pel\u00edcula en Irland\u00e9s y el Premio del P\u00fablico, un r\u00e9cord nunca antes logrado en los 36 a\u00f1os de recorrido del festival.<\/p>\n<figure id=\"attachment_11663\" aria-describedby=\"caption-attachment-11663\" style=\"width: 725px\" class=\"wp-caption aligncenter\"><img loading=\"lazy\" decoding=\"async\" width=\"725\" height=\"543\" class=\"wp-image-11663 size-full\" src=\"http:\/\/www.cope.es\/blogs\/palomitas-de-maiz\/wp-content\/uploads\/sites\/6\/2024\/08\/Kneecap-cartel.jpg\" alt=\"Cartel promocional del biopic musical Kneecap\" srcset=\"https:\/\/www.cope.es\/blogs\/palomitas-de-maiz\/wp-content\/uploads\/sites\/6\/2024\/08\/Kneecap-cartel.jpg 725w, https:\/\/www.cope.es\/blogs\/palomitas-de-maiz\/wp-content\/uploads\/sites\/6\/2024\/08\/Kneecap-cartel-300x225.jpg 300w\" sizes=\"auto, (max-width: 725px) 100vw, 725px\" \/><figcaption id=\"caption-attachment-11663\" class=\"wp-caption-text\"><strong>Cartel promocional del biopic musical <em>Kneecap<\/em><\/strong><\/figcaption><\/figure>\n","protected":false},"excerpt":{"rendered":"<p>\u00a1Mis queridos palomiteros! \u2018Kneecap\u2019: Filmin presenta el tr\u00e1iler de este imprescindible biopic musical. Filmin -exclusiva plataforma de visionado online de cine independiente, de la que ya he informado en otras ocasiones&#8211; presenta en exclusiva el tr\u00e1iler de\u00a0Kneecap, la pel\u00edcula que se estrenar\u00e1 en\u00a0cines\u00a0el pr\u00f3ximo\u00a020 de septiembre\u00a0distribuida por Filmin. &nbsp; Se trata de la historia real [&hellip;]<\/p>\n","protected":false},"author":6,"featured_media":11661,"comment_status":"open","ping_status":"open","sticky":false,"template":"","format":"standard","meta":{"footnotes":""},"categories":[336,3515,611,776],"tags":[7953,4401,12768,12773,2018,4285,2583,10329,238,12774,12776,711,485,12766,12772,12767,12764,12765,12775,12763,12770,12762,3260,12771,12769,7571],"class_list":["post-11660","post","type-post","status-publish","format-standard","has-post-thumbnail","hentry","category-actualidad","category-biopic","category-estreno","category-filmin","tag-20-de-septiembre","tag-actualidad","tag-adam-best","tag-atlantida-mallorca-film-fest","tag-biopic","tag-cartelera","tag-cines","tag-diversion","tag-drama","tag-drama-irlandes","tag-drama-musical","tag-estreno","tag-filmin","tag-fionnuala-flaherty","tag-galway-film-fleadh","tag-jessica-reynolds","tag-jj-o-dochartaigh","tag-josie-walker","tag-kneecap","tag-liam-og-o-hannaidh","tag-michael-fassbender","tag-naoise-o-caireallain","tag-ocio","tag-rich-peppiatt","tag-simone-kirby","tag-sundance"],"yoast_head":"<!-- This site is optimized with the Yoast SEO plugin v27.4 - https:\/\/yoast.com\/product\/yoast-seo-wordpress\/ -->\n<title>\u2018Kneecap\u2019: Filmin presenta el tr\u00e1iler de este imprescindible biopic musical<\/title>\n<meta name=\"description\" content=\"Blog de cine y teatro. Blogs COPE. \u2018Kneecap\u2019: Filmin presenta el tr\u00e1iler de este imprescindible biopic musical, visceral y con un gran elenco\" \/>\n<meta name=\"robots\" content=\"index, follow, max-snippet:-1, max-image-preview:large, max-video-preview:-1\" \/>\n<link rel=\"canonical\" href=\"https:\/\/www.cope.es\/blogs\/palomitas-de-maiz\/2024\/08\/22\/kneecap-filmin-presenta-el-trailer-de-este-imprescindible-biopic-musical\/\" \/>\n<meta property=\"og:locale\" content=\"es_ES\" \/>\n<meta property=\"og:type\" content=\"article\" \/>\n<meta property=\"og:title\" content=\"\u2018Kneecap\u2019: Filmin presenta el tr\u00e1iler de este imprescindible biopic musical\" \/>\n<meta property=\"og:description\" content=\"Blog de cine y teatro. Blogs COPE. \u2018Kneecap\u2019: Filmin presenta el tr\u00e1iler de este imprescindible biopic musical, visceral y con un gran elenco\" \/>\n<meta property=\"og:url\" content=\"https:\/\/www.cope.es\/blogs\/palomitas-de-maiz\/2024\/08\/22\/kneecap-filmin-presenta-el-trailer-de-este-imprescindible-biopic-musical\/\" \/>\n<meta property=\"og:site_name\" content=\"Palomitas de Ma\u00edz\" \/>\n<meta property=\"article:publisher\" content=\"https:\/\/www.facebook.com\/cope\/\" \/>\n<meta property=\"article:author\" content=\"https:\/\/www.facebook.com\/palomitero\/\" \/>\n<meta property=\"article:published_time\" content=\"2024-08-22T12:20:26+00:00\" \/>\n<meta property=\"og:image\" content=\"https:\/\/www.cope.es\/blogs\/palomitas-de-maiz\/wp-content\/uploads\/sites\/6\/2024\/08\/Kneecap-cartel-portada.jpg\" \/>\n\t<meta property=\"og:image:width\" content=\"725\" \/>\n\t<meta property=\"og:image:height\" content=\"393\" \/>\n\t<meta property=\"og:image:type\" content=\"image\/jpeg\" \/>\n<meta name=\"author\" content=\"Jos\u00e9 Luis Panero\" \/>\n<meta name=\"twitter:card\" content=\"summary_large_image\" \/>\n<meta name=\"twitter:creator\" content=\"@PALOMITERO\" \/>\n<meta name=\"twitter:site\" content=\"@cope_es\" \/>\n<meta name=\"twitter:label1\" content=\"Escrito por\" \/>\n\t<meta name=\"twitter:data1\" content=\"Jos\u00e9 Luis Panero\" \/>\n\t<meta name=\"twitter:label2\" content=\"Tiempo de lectura\" \/>\n\t<meta name=\"twitter:data2\" content=\"3 minutos\" \/>\n<script type=\"application\/ld+json\" class=\"yoast-schema-graph\">{\"@context\":\"https:\\\/\\\/schema.org\",\"@graph\":[{\"@type\":\"Article\",\"@id\":\"https:\\\/\\\/www.cope.es\\\/blogs\\\/palomitas-de-maiz\\\/2024\\\/08\\\/22\\\/kneecap-filmin-presenta-el-trailer-de-este-imprescindible-biopic-musical\\\/#article\",\"isPartOf\":{\"@id\":\"https:\\\/\\\/www.cope.es\\\/blogs\\\/palomitas-de-maiz\\\/2024\\\/08\\\/22\\\/kneecap-filmin-presenta-el-trailer-de-este-imprescindible-biopic-musical\\\/\"},\"author\":{\"name\":\"Jos\u00e9 Luis Panero\",\"@id\":\"https:\\\/\\\/www.cope.es\\\/blogs\\\/palomitas-de-maiz\\\/#\\\/schema\\\/person\\\/9fb256f63733c964d19b06de1ca3c9ef\"},\"headline\":\"Michael Fassbender se une al reparto de \u2018Kneecap\u2019, atractivo biopic sobre el grupo musical, que Filmin llevar\u00e1 a los cines en septiembre\",\"datePublished\":\"2024-08-22T12:20:26+00:00\",\"mainEntityOfPage\":{\"@id\":\"https:\\\/\\\/www.cope.es\\\/blogs\\\/palomitas-de-maiz\\\/2024\\\/08\\\/22\\\/kneecap-filmin-presenta-el-trailer-de-este-imprescindible-biopic-musical\\\/\"},\"wordCount\":695,\"commentCount\":0,\"image\":{\"@id\":\"https:\\\/\\\/www.cope.es\\\/blogs\\\/palomitas-de-maiz\\\/2024\\\/08\\\/22\\\/kneecap-filmin-presenta-el-trailer-de-este-imprescindible-biopic-musical\\\/#primaryimage\"},\"thumbnailUrl\":\"https:\\\/\\\/www.cope.es\\\/blogs\\\/palomitas-de-maiz\\\/wp-content\\\/uploads\\\/sites\\\/6\\\/2024\\\/08\\\/Kneecap-cartel-portada.jpg\",\"keywords\":[\"20 de septiEmbre\",\"actualidad\",\"Adam Best\",\"Atl\u00e0ntida Mallorca Film Fest\",\"biopic\",\"cartelera\",\"cines\",\"diversi\u00f3n\",\"drama\",\"drama irland\u00e9s\",\"drama musical\",\"Estreno\",\"filmin\",\"Fionnuala Flaherty\",\"Galway Film Fleadh\",\"Jessica Reynolds\",\"JJ \u00d3 Dochartaigh\",\"Josie Walker\",\"Kneecap\",\"Liam \u00d3g \u00d3 Hannaidh\",\"Michael Fassbender\",\"Naoise \u00d3 Caireall\u00e1in\",\"ocio\",\"Rich Peppiatt\",\"Simone Kirby\",\"sundance\"],\"articleSection\":[\"actualidad\",\"biopic\",\"estreno\",\"Filmin\"],\"inLanguage\":\"es\",\"potentialAction\":[{\"@type\":\"CommentAction\",\"name\":\"Comment\",\"target\":[\"https:\\\/\\\/www.cope.es\\\/blogs\\\/palomitas-de-maiz\\\/2024\\\/08\\\/22\\\/kneecap-filmin-presenta-el-trailer-de-este-imprescindible-biopic-musical\\\/#respond\"]}]},{\"@type\":\"WebPage\",\"@id\":\"https:\\\/\\\/www.cope.es\\\/blogs\\\/palomitas-de-maiz\\\/2024\\\/08\\\/22\\\/kneecap-filmin-presenta-el-trailer-de-este-imprescindible-biopic-musical\\\/\",\"url\":\"https:\\\/\\\/www.cope.es\\\/blogs\\\/palomitas-de-maiz\\\/2024\\\/08\\\/22\\\/kneecap-filmin-presenta-el-trailer-de-este-imprescindible-biopic-musical\\\/\",\"name\":\"\u2018Kneecap\u2019: Filmin presenta el tr\u00e1iler de este imprescindible biopic musical\",\"isPartOf\":{\"@id\":\"https:\\\/\\\/www.cope.es\\\/blogs\\\/palomitas-de-maiz\\\/#website\"},\"primaryImageOfPage\":{\"@id\":\"https:\\\/\\\/www.cope.es\\\/blogs\\\/palomitas-de-maiz\\\/2024\\\/08\\\/22\\\/kneecap-filmin-presenta-el-trailer-de-este-imprescindible-biopic-musical\\\/#primaryimage\"},\"image\":{\"@id\":\"https:\\\/\\\/www.cope.es\\\/blogs\\\/palomitas-de-maiz\\\/2024\\\/08\\\/22\\\/kneecap-filmin-presenta-el-trailer-de-este-imprescindible-biopic-musical\\\/#primaryimage\"},\"thumbnailUrl\":\"https:\\\/\\\/www.cope.es\\\/blogs\\\/palomitas-de-maiz\\\/wp-content\\\/uploads\\\/sites\\\/6\\\/2024\\\/08\\\/Kneecap-cartel-portada.jpg\",\"datePublished\":\"2024-08-22T12:20:26+00:00\",\"author\":{\"@id\":\"https:\\\/\\\/www.cope.es\\\/blogs\\\/palomitas-de-maiz\\\/#\\\/schema\\\/person\\\/9fb256f63733c964d19b06de1ca3c9ef\"},\"description\":\"Blog de cine y teatro. Blogs COPE. \u2018Kneecap\u2019: Filmin presenta el tr\u00e1iler de este imprescindible biopic musical, visceral y con un gran elenco\",\"breadcrumb\":{\"@id\":\"https:\\\/\\\/www.cope.es\\\/blogs\\\/palomitas-de-maiz\\\/2024\\\/08\\\/22\\\/kneecap-filmin-presenta-el-trailer-de-este-imprescindible-biopic-musical\\\/#breadcrumb\"},\"inLanguage\":\"es\",\"potentialAction\":[{\"@type\":\"ReadAction\",\"target\":[\"https:\\\/\\\/www.cope.es\\\/blogs\\\/palomitas-de-maiz\\\/2024\\\/08\\\/22\\\/kneecap-filmin-presenta-el-trailer-de-este-imprescindible-biopic-musical\\\/\"]}]},{\"@type\":\"ImageObject\",\"inLanguage\":\"es\",\"@id\":\"https:\\\/\\\/www.cope.es\\\/blogs\\\/palomitas-de-maiz\\\/2024\\\/08\\\/22\\\/kneecap-filmin-presenta-el-trailer-de-este-imprescindible-biopic-musical\\\/#primaryimage\",\"url\":\"https:\\\/\\\/www.cope.es\\\/blogs\\\/palomitas-de-maiz\\\/wp-content\\\/uploads\\\/sites\\\/6\\\/2024\\\/08\\\/Kneecap-cartel-portada.jpg\",\"contentUrl\":\"https:\\\/\\\/www.cope.es\\\/blogs\\\/palomitas-de-maiz\\\/wp-content\\\/uploads\\\/sites\\\/6\\\/2024\\\/08\\\/Kneecap-cartel-portada.jpg\",\"width\":725,\"height\":393},{\"@type\":\"BreadcrumbList\",\"@id\":\"https:\\\/\\\/www.cope.es\\\/blogs\\\/palomitas-de-maiz\\\/2024\\\/08\\\/22\\\/kneecap-filmin-presenta-el-trailer-de-este-imprescindible-biopic-musical\\\/#breadcrumb\",\"itemListElement\":[{\"@type\":\"ListItem\",\"position\":1,\"name\":\"Portada\",\"item\":\"https:\\\/\\\/www.cope.es\\\/blogs\\\/palomitas-de-maiz\\\/\"},{\"@type\":\"ListItem\",\"position\":2,\"name\":\"Michael Fassbender se une al reparto de \u2018Kneecap\u2019, atractivo biopic sobre el grupo musical, que Filmin llevar\u00e1 a los cines en septiembre\"}]},{\"@type\":\"WebSite\",\"@id\":\"https:\\\/\\\/www.cope.es\\\/blogs\\\/palomitas-de-maiz\\\/#website\",\"url\":\"https:\\\/\\\/www.cope.es\\\/blogs\\\/palomitas-de-maiz\\\/\",\"name\":\"Palomitas de Ma\u00edz\",\"description\":\"Blog decano de cine de COPE\",\"potentialAction\":[{\"@type\":\"SearchAction\",\"target\":{\"@type\":\"EntryPoint\",\"urlTemplate\":\"https:\\\/\\\/www.cope.es\\\/blogs\\\/palomitas-de-maiz\\\/?s={search_term_string}\"},\"query-input\":{\"@type\":\"PropertyValueSpecification\",\"valueRequired\":true,\"valueName\":\"search_term_string\"}}],\"inLanguage\":\"es\"},{\"@type\":\"Person\",\"@id\":\"https:\\\/\\\/www.cope.es\\\/blogs\\\/palomitas-de-maiz\\\/#\\\/schema\\\/person\\\/9fb256f63733c964d19b06de1ca3c9ef\",\"name\":\"Jos\u00e9 Luis Panero\",\"image\":{\"@type\":\"ImageObject\",\"inLanguage\":\"es\",\"@id\":\"https:\\\/\\\/secure.gravatar.com\\\/avatar\\\/2ef93951eab3cee25932a7219e566376cbf6ddedde3aa3098e7a971991a3ef12?s=96&d=mm&r=g\",\"url\":\"https:\\\/\\\/secure.gravatar.com\\\/avatar\\\/2ef93951eab3cee25932a7219e566376cbf6ddedde3aa3098e7a971991a3ef12?s=96&d=mm&r=g\",\"contentUrl\":\"https:\\\/\\\/secure.gravatar.com\\\/avatar\\\/2ef93951eab3cee25932a7219e566376cbf6ddedde3aa3098e7a971991a3ef12?s=96&d=mm&r=g\",\"caption\":\"Jos\u00e9 Luis Panero\"},\"description\":\"Licenciado en Periodismo y en Comunicaci\u00f3n Audiovisual. Tras m\u00e1s de cuatro a\u00f1os en el diario 'La Gaceta de Los Negocios' y el programa f\u00edlmico 'Pantalla Grande', es cr\u00edtico de cine en 'Ciudad Nueva', 'Pantalla 90', 'COPE' o 'Aleteia' y cr\u00edtico de teatro en 'Hoy en la city'. Ha sido coguionista y ayudante de direcci\u00f3n de cine, ponente en los coloquios de cine del foro FNAC y profesor universitario en diferentes cursos de Periodismo Social. Desde 2003 es miembro del C\u00edrculo de Escritores Cinematogr\u00e1ficos (CEC). En 2008 fund\u00f3 en 'COPE' su blog de cine 'Palomitas de Ma\u00edz'. En 2017 fue nombrado Jurado Oficial del Festival Internacional de Cine de Fuengirola (M\u00e1laga) y ese a\u00f1o la instituci\u00f3n educativa Trinity College-Liceo Serrano le distingui\u00f3 con el nombramiento de 'Profesor de Honor' del centro y miembro ilustre del claustro de profesores. En 2019 fue nombrado Jurado Oficial del Festival Internacional de Cine de Vera (Almer\u00eda). En 2020 fue nombrado Jurado Oficial del Festival Internacional de Cine de Terror de La Mar Bella (Marbella). Como int\u00e9rprete ha sido galardonado con el Premio al Actor Principal del I Festival Nacional UNIR de teatro. Desde 2020 es acad\u00e9mico de las Artes Esc\u00e9nicas de Espa\u00f1a. En 2023 fue nombrado Jurado Oficial de los 'Premios Tal\u00eda' en su I Edici\u00f3n. Y miembro de ASHUMES (Asociaci\u00f3n del Humorismo Espa\u00f1ol) a partir de 2022. En 2023 fue nombrado Jurado Oficial de la II Edici\u00f3n de los 'Premios Godot'.\",\"sameAs\":[\"http:\\\/\\\/www.cope.es\",\"https:\\\/\\\/www.facebook.com\\\/palomitero\\\/\",\"https:\\\/\\\/www.instagram.com\\\/joseluispanero\\\/\",\"https:\\\/\\\/www.linkedin.com\\\/in\\\/jos-luis-panero-gonzlez-barosa-7722a716\\\/\",\"https:\\\/\\\/x.com\\\/PALOMITERO\",\"https:\\\/\\\/www.youtube.com\\\/channel\\\/UCQYaNGiETUXUPXjYu9p3lNw\\\/videos?\",\"https:\\\/\\\/es.wikipedia.org\\\/wiki\\\/Jos_Luis_Panero_Gonzlez-Barosa\"],\"url\":\"https:\\\/\\\/www.cope.es\\\/blogs\\\/palomitas-de-maiz\\\/author\\\/jlpanero\\\/\"}]}<\/script>\n<!-- \/ Yoast SEO plugin. -->","yoast_head_json":{"title":"\u2018Kneecap\u2019: Filmin presenta el tr\u00e1iler de este imprescindible biopic musical","description":"Blog de cine y teatro. Blogs COPE. \u2018Kneecap\u2019: Filmin presenta el tr\u00e1iler de este imprescindible biopic musical, visceral y con un gran elenco","robots":{"index":"index","follow":"follow","max-snippet":"max-snippet:-1","max-image-preview":"max-image-preview:large","max-video-preview":"max-video-preview:-1"},"canonical":"https:\/\/www.cope.es\/blogs\/palomitas-de-maiz\/2024\/08\/22\/kneecap-filmin-presenta-el-trailer-de-este-imprescindible-biopic-musical\/","og_locale":"es_ES","og_type":"article","og_title":"\u2018Kneecap\u2019: Filmin presenta el tr\u00e1iler de este imprescindible biopic musical","og_description":"Blog de cine y teatro. Blogs COPE. \u2018Kneecap\u2019: Filmin presenta el tr\u00e1iler de este imprescindible biopic musical, visceral y con un gran elenco","og_url":"https:\/\/www.cope.es\/blogs\/palomitas-de-maiz\/2024\/08\/22\/kneecap-filmin-presenta-el-trailer-de-este-imprescindible-biopic-musical\/","og_site_name":"Palomitas de Ma\u00edz","article_publisher":"https:\/\/www.facebook.com\/cope\/","article_author":"https:\/\/www.facebook.com\/palomitero\/","article_published_time":"2024-08-22T12:20:26+00:00","og_image":[{"width":725,"height":393,"url":"https:\/\/www.cope.es\/blogs\/palomitas-de-maiz\/wp-content\/uploads\/sites\/6\/2024\/08\/Kneecap-cartel-portada.jpg","type":"image\/jpeg"}],"author":"Jos\u00e9 Luis Panero","twitter_card":"summary_large_image","twitter_creator":"@PALOMITERO","twitter_site":"@cope_es","twitter_misc":{"Escrito por":"Jos\u00e9 Luis Panero","Tiempo de lectura":"3 minutos"},"schema":{"@context":"https:\/\/schema.org","@graph":[{"@type":"Article","@id":"https:\/\/www.cope.es\/blogs\/palomitas-de-maiz\/2024\/08\/22\/kneecap-filmin-presenta-el-trailer-de-este-imprescindible-biopic-musical\/#article","isPartOf":{"@id":"https:\/\/www.cope.es\/blogs\/palomitas-de-maiz\/2024\/08\/22\/kneecap-filmin-presenta-el-trailer-de-este-imprescindible-biopic-musical\/"},"author":{"name":"Jos\u00e9 Luis Panero","@id":"https:\/\/www.cope.es\/blogs\/palomitas-de-maiz\/#\/schema\/person\/9fb256f63733c964d19b06de1ca3c9ef"},"headline":"Michael Fassbender se une al reparto de \u2018Kneecap\u2019, atractivo biopic sobre el grupo musical, que Filmin llevar\u00e1 a los cines en septiembre","datePublished":"2024-08-22T12:20:26+00:00","mainEntityOfPage":{"@id":"https:\/\/www.cope.es\/blogs\/palomitas-de-maiz\/2024\/08\/22\/kneecap-filmin-presenta-el-trailer-de-este-imprescindible-biopic-musical\/"},"wordCount":695,"commentCount":0,"image":{"@id":"https:\/\/www.cope.es\/blogs\/palomitas-de-maiz\/2024\/08\/22\/kneecap-filmin-presenta-el-trailer-de-este-imprescindible-biopic-musical\/#primaryimage"},"thumbnailUrl":"https:\/\/www.cope.es\/blogs\/palomitas-de-maiz\/wp-content\/uploads\/sites\/6\/2024\/08\/Kneecap-cartel-portada.jpg","keywords":["20 de septiEmbre","actualidad","Adam Best","Atl\u00e0ntida Mallorca Film Fest","biopic","cartelera","cines","diversi\u00f3n","drama","drama irland\u00e9s","drama musical","Estreno","filmin","Fionnuala Flaherty","Galway Film Fleadh","Jessica Reynolds","JJ \u00d3 Dochartaigh","Josie Walker","Kneecap","Liam \u00d3g \u00d3 Hannaidh","Michael Fassbender","Naoise \u00d3 Caireall\u00e1in","ocio","Rich Peppiatt","Simone Kirby","sundance"],"articleSection":["actualidad","biopic","estreno","Filmin"],"inLanguage":"es","potentialAction":[{"@type":"CommentAction","name":"Comment","target":["https:\/\/www.cope.es\/blogs\/palomitas-de-maiz\/2024\/08\/22\/kneecap-filmin-presenta-el-trailer-de-este-imprescindible-biopic-musical\/#respond"]}]},{"@type":"WebPage","@id":"https:\/\/www.cope.es\/blogs\/palomitas-de-maiz\/2024\/08\/22\/kneecap-filmin-presenta-el-trailer-de-este-imprescindible-biopic-musical\/","url":"https:\/\/www.cope.es\/blogs\/palomitas-de-maiz\/2024\/08\/22\/kneecap-filmin-presenta-el-trailer-de-este-imprescindible-biopic-musical\/","name":"\u2018Kneecap\u2019: Filmin presenta el tr\u00e1iler de este imprescindible biopic musical","isPartOf":{"@id":"https:\/\/www.cope.es\/blogs\/palomitas-de-maiz\/#website"},"primaryImageOfPage":{"@id":"https:\/\/www.cope.es\/blogs\/palomitas-de-maiz\/2024\/08\/22\/kneecap-filmin-presenta-el-trailer-de-este-imprescindible-biopic-musical\/#primaryimage"},"image":{"@id":"https:\/\/www.cope.es\/blogs\/palomitas-de-maiz\/2024\/08\/22\/kneecap-filmin-presenta-el-trailer-de-este-imprescindible-biopic-musical\/#primaryimage"},"thumbnailUrl":"https:\/\/www.cope.es\/blogs\/palomitas-de-maiz\/wp-content\/uploads\/sites\/6\/2024\/08\/Kneecap-cartel-portada.jpg","datePublished":"2024-08-22T12:20:26+00:00","author":{"@id":"https:\/\/www.cope.es\/blogs\/palomitas-de-maiz\/#\/schema\/person\/9fb256f63733c964d19b06de1ca3c9ef"},"description":"Blog de cine y teatro. Blogs COPE. \u2018Kneecap\u2019: Filmin presenta el tr\u00e1iler de este imprescindible biopic musical, visceral y con un gran elenco","breadcrumb":{"@id":"https:\/\/www.cope.es\/blogs\/palomitas-de-maiz\/2024\/08\/22\/kneecap-filmin-presenta-el-trailer-de-este-imprescindible-biopic-musical\/#breadcrumb"},"inLanguage":"es","potentialAction":[{"@type":"ReadAction","target":["https:\/\/www.cope.es\/blogs\/palomitas-de-maiz\/2024\/08\/22\/kneecap-filmin-presenta-el-trailer-de-este-imprescindible-biopic-musical\/"]}]},{"@type":"ImageObject","inLanguage":"es","@id":"https:\/\/www.cope.es\/blogs\/palomitas-de-maiz\/2024\/08\/22\/kneecap-filmin-presenta-el-trailer-de-este-imprescindible-biopic-musical\/#primaryimage","url":"https:\/\/www.cope.es\/blogs\/palomitas-de-maiz\/wp-content\/uploads\/sites\/6\/2024\/08\/Kneecap-cartel-portada.jpg","contentUrl":"https:\/\/www.cope.es\/blogs\/palomitas-de-maiz\/wp-content\/uploads\/sites\/6\/2024\/08\/Kneecap-cartel-portada.jpg","width":725,"height":393},{"@type":"BreadcrumbList","@id":"https:\/\/www.cope.es\/blogs\/palomitas-de-maiz\/2024\/08\/22\/kneecap-filmin-presenta-el-trailer-de-este-imprescindible-biopic-musical\/#breadcrumb","itemListElement":[{"@type":"ListItem","position":1,"name":"Portada","item":"https:\/\/www.cope.es\/blogs\/palomitas-de-maiz\/"},{"@type":"ListItem","position":2,"name":"Michael Fassbender se une al reparto de \u2018Kneecap\u2019, atractivo biopic sobre el grupo musical, que Filmin llevar\u00e1 a los cines en septiembre"}]},{"@type":"WebSite","@id":"https:\/\/www.cope.es\/blogs\/palomitas-de-maiz\/#website","url":"https:\/\/www.cope.es\/blogs\/palomitas-de-maiz\/","name":"Palomitas de Ma\u00edz","description":"Blog decano de cine de COPE","potentialAction":[{"@type":"SearchAction","target":{"@type":"EntryPoint","urlTemplate":"https:\/\/www.cope.es\/blogs\/palomitas-de-maiz\/?s={search_term_string}"},"query-input":{"@type":"PropertyValueSpecification","valueRequired":true,"valueName":"search_term_string"}}],"inLanguage":"es"},{"@type":"Person","@id":"https:\/\/www.cope.es\/blogs\/palomitas-de-maiz\/#\/schema\/person\/9fb256f63733c964d19b06de1ca3c9ef","name":"Jos\u00e9 Luis Panero","image":{"@type":"ImageObject","inLanguage":"es","@id":"https:\/\/secure.gravatar.com\/avatar\/2ef93951eab3cee25932a7219e566376cbf6ddedde3aa3098e7a971991a3ef12?s=96&d=mm&r=g","url":"https:\/\/secure.gravatar.com\/avatar\/2ef93951eab3cee25932a7219e566376cbf6ddedde3aa3098e7a971991a3ef12?s=96&d=mm&r=g","contentUrl":"https:\/\/secure.gravatar.com\/avatar\/2ef93951eab3cee25932a7219e566376cbf6ddedde3aa3098e7a971991a3ef12?s=96&d=mm&r=g","caption":"Jos\u00e9 Luis Panero"},"description":"Licenciado en Periodismo y en Comunicaci\u00f3n Audiovisual. Tras m\u00e1s de cuatro a\u00f1os en el diario 'La Gaceta de Los Negocios' y el programa f\u00edlmico 'Pantalla Grande', es cr\u00edtico de cine en 'Ciudad Nueva', 'Pantalla 90', 'COPE' o 'Aleteia' y cr\u00edtico de teatro en 'Hoy en la city'. Ha sido coguionista y ayudante de direcci\u00f3n de cine, ponente en los coloquios de cine del foro FNAC y profesor universitario en diferentes cursos de Periodismo Social. Desde 2003 es miembro del C\u00edrculo de Escritores Cinematogr\u00e1ficos (CEC). En 2008 fund\u00f3 en 'COPE' su blog de cine 'Palomitas de Ma\u00edz'. En 2017 fue nombrado Jurado Oficial del Festival Internacional de Cine de Fuengirola (M\u00e1laga) y ese a\u00f1o la instituci\u00f3n educativa Trinity College-Liceo Serrano le distingui\u00f3 con el nombramiento de 'Profesor de Honor' del centro y miembro ilustre del claustro de profesores. En 2019 fue nombrado Jurado Oficial del Festival Internacional de Cine de Vera (Almer\u00eda). En 2020 fue nombrado Jurado Oficial del Festival Internacional de Cine de Terror de La Mar Bella (Marbella). Como int\u00e9rprete ha sido galardonado con el Premio al Actor Principal del I Festival Nacional UNIR de teatro. Desde 2020 es acad\u00e9mico de las Artes Esc\u00e9nicas de Espa\u00f1a. En 2023 fue nombrado Jurado Oficial de los 'Premios Tal\u00eda' en su I Edici\u00f3n. Y miembro de ASHUMES (Asociaci\u00f3n del Humorismo Espa\u00f1ol) a partir de 2022. En 2023 fue nombrado Jurado Oficial de la II Edici\u00f3n de los 'Premios Godot'.","sameAs":["http:\/\/www.cope.es","https:\/\/www.facebook.com\/palomitero\/","https:\/\/www.instagram.com\/joseluispanero\/","https:\/\/www.linkedin.com\/in\/jos-luis-panero-gonzlez-barosa-7722a716\/","https:\/\/x.com\/PALOMITERO","https:\/\/www.youtube.com\/channel\/UCQYaNGiETUXUPXjYu9p3lNw\/videos?","https:\/\/es.wikipedia.org\/wiki\/Jos_Luis_Panero_Gonzlez-Barosa"],"url":"https:\/\/www.cope.es\/blogs\/palomitas-de-maiz\/author\/jlpanero\/"}]}},"amp_enabled":true,"_links":{"self":[{"href":"https:\/\/www.cope.es\/blogs\/palomitas-de-maiz\/wp-json\/wp\/v2\/posts\/11660","targetHints":{"allow":["GET"]}}],"collection":[{"href":"https:\/\/www.cope.es\/blogs\/palomitas-de-maiz\/wp-json\/wp\/v2\/posts"}],"about":[{"href":"https:\/\/www.cope.es\/blogs\/palomitas-de-maiz\/wp-json\/wp\/v2\/types\/post"}],"author":[{"embeddable":true,"href":"https:\/\/www.cope.es\/blogs\/palomitas-de-maiz\/wp-json\/wp\/v2\/users\/6"}],"replies":[{"embeddable":true,"href":"https:\/\/www.cope.es\/blogs\/palomitas-de-maiz\/wp-json\/wp\/v2\/comments?post=11660"}],"version-history":[{"count":1,"href":"https:\/\/www.cope.es\/blogs\/palomitas-de-maiz\/wp-json\/wp\/v2\/posts\/11660\/revisions"}],"predecessor-version":[{"id":11668,"href":"https:\/\/www.cope.es\/blogs\/palomitas-de-maiz\/wp-json\/wp\/v2\/posts\/11660\/revisions\/11668"}],"wp:featuredmedia":[{"embeddable":true,"href":"https:\/\/www.cope.es\/blogs\/palomitas-de-maiz\/wp-json\/wp\/v2\/media\/11661"}],"wp:attachment":[{"href":"https:\/\/www.cope.es\/blogs\/palomitas-de-maiz\/wp-json\/wp\/v2\/media?parent=11660"}],"wp:term":[{"taxonomy":"category","embeddable":true,"href":"https:\/\/www.cope.es\/blogs\/palomitas-de-maiz\/wp-json\/wp\/v2\/categories?post=11660"},{"taxonomy":"post_tag","embeddable":true,"href":"https:\/\/www.cope.es\/blogs\/palomitas-de-maiz\/wp-json\/wp\/v2\/tags?post=11660"}],"curies":[{"name":"wp","href":"https:\/\/api.w.org\/{rel}","templated":true}]}}