{"id":11055,"date":"2024-02-01T00:01:58","date_gmt":"2024-01-31T23:01:58","guid":{"rendered":"http:\/\/www.cope.es\/blogs\/palomitas-de-maiz\/?p=11055"},"modified":"2024-02-02T13:57:22","modified_gmt":"2024-02-02T12:57:22","slug":"entrevista-a-david-helling-su-unico-hijo-dios-me-salvo-en-irak","status":"publish","type":"post","link":"https:\/\/www.cope.es\/blogs\/palomitas-de-maiz\/2024\/02\/01\/entrevista-a-david-helling-su-unico-hijo-dios-me-salvo-en-irak\/","title":{"rendered":"Entrevistamos a David Helling, autor del excelente filme hist\u00f3rico \u2018Su \u00fanico hijo, a cargo de los productores de \u2018The Chosen\u2019"},"content":{"rendered":"<p>\u00a1Mis queridos palomiteros! Entrevista a David Helling (\u2018Su \u00fanico hijo\u2019): \u201cDios me salv\u00f3 en Irak\u201d.<\/p>\n<p>Hace siete meses llegaba a los cines espa\u00f1oles, gracias a <strong><a href=\"http:\/\/www.cope.es\/blogs\/palomitas-de-maiz\/2023\/08\/16\/critica-la-vendee-llegara-a-los-cines-espanoles-gracias-a-bosco-films\/\">Bosco Films<\/a><\/strong>, el drama hist\u00f3rico <em>Su \u00fanico hijo<\/em>, dirigido por el joven cineasta americano de 36 a\u00f1os, David Helling, bregado y comprometido con el cine religioso desde hace a\u00f1os, <strong>lo cual supone un soplo de aire fresco en el casi des\u00e9rtico<\/strong> plantel de directores de cine que hacen cine religioso por vocaci\u00f3n.<\/p>\n<p>El largometraje -gestionado desde <strong>Angel Studios<\/strong>, la productora de <em>The Chosen<\/em>, <a href=\"http:\/\/www.cope.es\/blogs\/palomitas-de-maiz\/2024\/01\/11\/the-chosen-llega-a-espana-la-cuarta-temporada-de-una-serie-de-record-a-contracorriente-films\/\">tan de moda ahora con el arranque de la cuarta temporada de la serie<\/a>&#8211; narra, con verosimilitud milim\u00e9trica, el episodio de Abraham y su hijo Isaac, que cuenta con una factura visual impecable y unos di\u00e1logos muy bien trazados. Pasen y lean.<\/p>\n<p><iframe loading=\"lazy\" title=\"\ud83d\udc11 SU \u00daNICO HIJO | Trailer Oficial Espa\u00f1ol\" width=\"675\" height=\"380\" src=\"https:\/\/www.youtube.com\/embed\/3v4IFyCAnuE?feature=oembed\" frameborder=\"0\" allow=\"accelerometer; autoplay; clipboard-write; encrypted-media; gyroscope; picture-in-picture; web-share\" allowfullscreen><\/iframe><\/p>\n<h2>Entrevista a David Helling (\u2018Su \u00fanico hijo\u2019): \u201cDios me salv\u00f3 en Irak\u201d<\/h2>\n<p><strong>\u00bfDe ex marine a director de cine? \u00bfPero qu\u00e9 es lo que est\u00e1 ocurriendo en su vida?<\/strong><\/p>\n<p>As\u00ed es. <strong><a href=\"https:\/\/www.imdb.com\/name\/nm5278287\/\" target=\"_blank\">Ha sido un cambio interesante<\/a><\/strong> a las pel\u00edculas independientes. Los dos son trabajos muy duros y con mucho trabajo por hacer.<\/p>\n<p><strong>\u00bfCu\u00e1l es el origen de esta historia?<\/strong><\/p>\n<p>Mi deseo era hacer pel\u00edculas que contaran este tipo de historias. Naci\u00f3 cuando fui marino en Irak. Empec\u00e9 rodando cortos de personajes hist\u00f3ricos de la Biblia que tambi\u00e9n contaban historias as\u00ed. <strong>Durante 10 a\u00f1os<\/strong>. En Los \u00c1ngeles ten\u00eda muchas conversaciones con amigos m\u00edos, diferentes personas y dem\u00e1s sobre temas de fe, de Biblia, y una y otra vez hab\u00eda un punto de controversia que funcionaba como un muro de contenci\u00f3n que hac\u00eda que muchas personas justificaran su incredulidad hacia Dios y hacia la Biblia. Eso era la historia de Abraham e Isaac.<\/p>\n<p><img loading=\"lazy\" decoding=\"async\" width=\"725\" height=\"483\" class=\"wp-image-11059 size-full\" src=\"http:\/\/www.cope.es\/blogs\/palomitas-de-maiz\/wp-content\/uploads\/sites\/6\/2024\/02\/su-unico-hijo-1.jpg\" alt=\"Entrevista a David Helling (\u2018Su \u00fanico hijo\u2019): \u201cDios me salv\u00f3 en Irak\u201d\" srcset=\"https:\/\/www.cope.es\/blogs\/palomitas-de-maiz\/wp-content\/uploads\/sites\/6\/2024\/02\/su-unico-hijo-1.jpg 725w, https:\/\/www.cope.es\/blogs\/palomitas-de-maiz\/wp-content\/uploads\/sites\/6\/2024\/02\/su-unico-hijo-1-300x200.jpg 300w, https:\/\/www.cope.es\/blogs\/palomitas-de-maiz\/wp-content\/uploads\/sites\/6\/2024\/02\/su-unico-hijo-1-408x272.jpg 408w\" sizes=\"auto, (max-width: 725px) 100vw, 725px\" \/><\/p>\n<p><strong>Dec\u00edan que c\u00f3mo pod\u00eda ser que eso lo hubiese hecho Dios<\/strong>, como que ah\u00ed empezaba su argumento de por qu\u00e9 no cre\u00edan en Dios, por este tipo de historias. De esta manera, el hecho de que ellos usaran como argumento esta historia de Abraham e Isaac en contra de Dios, porque no cre\u00edan, me hizo querer ilustrar este acontecimiento para poder explic\u00e1rselo mejor, para poder responder por qu\u00e9 Dios lo permiti\u00f3 y qu\u00e9 tiene que ver eso con sus vidas.<\/p>\n<p>De alg\u00fan modo <strong>deseaba que <em>Su \u00fanico hijo<\/em> les pudiese interpelar<\/strong>. Y ahora, en los cines, no s\u00f3lo a los no creyentes, sino tambi\u00e9n que pueda ayudar a esas personas que tienen fe para poder comprender m\u00e1s ese episodio del Antiguo Testamento, a menudo olvidado.<\/p>\n<p><strong>\u00bfEn ese proceso de documentaci\u00f3n ha contado con asesores religiosos?<\/strong><\/p>\n<p>Me nutr\u00ed mucho de sermones, de diferentes lecturas y de personas que conocen muy bien la Biblia. <strong>Tambi\u00e9n consult\u00e9 a sacerdotes con formaci\u00f3n s\u00f3lida sobre el tema y busqu\u00e9 muchas referencias arqueol\u00f3gicas<\/strong>, referencias hist\u00f3ricas y no s\u00f3lo de Abraham y su contexto, sino tambi\u00e9n de la cultura en la que se mov\u00eda. Todo ello me fue ayudando a construir ese mundo en el que nos adentramos cuando vemos la pel\u00edcula.<\/p>\n<p><strong>Ud. es autor de otros cinco cortometrajes de marcada tendencia cristiana. \u00bfQu\u00e9 le empuj\u00f3 a rodar cine de estas caracter\u00edsticas y en qui\u00e9n est\u00e1 inspirado?<\/strong><\/p>\n<p>En mi tiempo como marino en Irak fue donde Dios me cogi\u00f3 el coraz\u00f3n y me llev\u00f3 hacia \u00c9l, me hizo ver el sentido de la palabra, de la escritura, y ah\u00ed fue cuando me di cuenta de que estaba viva. <strong>A medida que le\u00eda sobre el tema me daba cuenta de que esas personas eran reales<\/strong>, de que esas historias eran reales. Incluso pod\u00eda visualizarlas juntas. As\u00ed que decid\u00ed plasmarlas en el papel.<\/p>\n<p>Por otro lado, en cuanto a mis referencias, mis influencias, mis modelos de cine a seguir, cuando estudiaba cine en California tuve el privilegio de asistir y ser parte de una Iglesia, que ten\u00eda por vocaci\u00f3n formar disc\u00edpulos. Eso me marc\u00f3 mucho. Por mencionar a un importante referente recordar\u00e9 las vivencias junto al Pastor <strong>John Mc Arthur<\/strong>.<\/p>\n<p><img loading=\"lazy\" decoding=\"async\" width=\"725\" height=\"483\" class=\"wp-image-11060 size-full\" src=\"http:\/\/www.cope.es\/blogs\/palomitas-de-maiz\/wp-content\/uploads\/sites\/6\/2024\/02\/su-unico-hijo-2.jpg\" alt=\"Entrevista a David Helling (\u2018Su \u00fanico hijo\u2019): \u201cDios me salv\u00f3 en Irak\u201d\" srcset=\"https:\/\/www.cope.es\/blogs\/palomitas-de-maiz\/wp-content\/uploads\/sites\/6\/2024\/02\/su-unico-hijo-2.jpg 725w, https:\/\/www.cope.es\/blogs\/palomitas-de-maiz\/wp-content\/uploads\/sites\/6\/2024\/02\/su-unico-hijo-2-300x200.jpg 300w, https:\/\/www.cope.es\/blogs\/palomitas-de-maiz\/wp-content\/uploads\/sites\/6\/2024\/02\/su-unico-hijo-2-408x272.jpg 408w\" sizes=\"auto, (max-width: 725px) 100vw, 725px\" \/><\/p>\n<p><strong>\u00bfQu\u00e9 le parece haber hecho historia con esta pel\u00edcula en su debut en el largometraje, en relaci\u00f3n con \u2018The Chosen\u2019? \u00bfPor qu\u00e9 ha apostado por la financiaci\u00f3n v\u00eda crowdfunding? \u00bfConsidera que este es un nuevo modelo de hacer cine de \u00e9xito ya que muchas productoras ningunean el producto religioso?<\/strong><\/p>\n<p>En cuanto a la primera pregunta, la experiencia me est\u00e1 pareciendo incre\u00edble. De hecho, a\u00fan no me creo que est\u00e9 siendo real. Yo he sufrido mucho en la vida, <strong>tengo much\u00edsimas luchas y prefiero tener los pies en la tierra<\/strong>. Estoy s\u00faper agradecido a Dios por esta oportunidad que me ha dado. Con <em>Su \u00fanico hijo<\/em> he pretendido tocar corazones y as\u00ed dar a conocer ese plan de redenci\u00f3n que es a lo que Dios nos lleva.<\/p>\n<h2>Con este modelo de crowdfunding se abre la posibilidad de que haya proyectos m\u00e1s diversos y al final somos nosotros los que decidimos lo que queremos ver<\/h2>\n<p>Respecto a la segunda pregunta, para que quede m\u00e1s claro la pel\u00edcula est\u00e1 terminada antes de que la descubriese <strong>Angel Studios<\/strong>. Como tal, el filme no se hizo v\u00eda crowdfunding. Sin embargo, lo que s\u00ed hizo Angel Studios es un crowdfunding para todo lo relacionado con prensa y publicidad, que est\u00e1 en la parte de marketing de la pel\u00edcula porque al final es lo m\u00e1s caro. <strong>Esta es la primera pel\u00edcula que ha hecho un crowdfunding para poder llevar la cinta a las salas<\/strong>.<\/p>\n<p>Si quer\u00edamos que <em>Su \u00fanico hijo<\/em> llegase a los cines ten\u00edamos que conseguir dinero para asumir estos gastos. Esto es muy bueno, porque cuando una persona pone dinero en algo, porque le encanta, luego motiva a much\u00edsima gente de su alrededor, familiares, amigos\u2026 a que vayan a ver la pel\u00edcula. <strong>Angel Studios son unos genios con esto y han hecho una labor tremenda<\/strong>, de intentar con los m\u00ednimos gastos poder llegar a m\u00e1s gente, a la mayor cantidad de personas posible.<\/p>\n<p>De la \u00faltima pregunta, puedo decir que con esto del crowdfunding se abre una gran oportunidad para los directores de cine y para los proyectos que quieran hacer este tipo de contenidos. Hollywood funciona de otra manera. All\u00ed ellos ponen dinero en lo que les interesa y entonces las masas consumen lo que unos pocos han decidido.<\/p>\n<p><strong>Con este modelo de crowdfunding se abre la posibilidad de que haya proyectos m\u00e1s diversos y al final somos nosotros los que decidimos lo que queremos ver<\/strong>. No solo son unos pocos ejecutivos en Hollywood los que deciden qu\u00e9 es lo que va a ver el resto del mundo, sino que ahora es el mundo el que decide qu\u00e9 es lo que quiere ver, apuesta por ello y a partir de ah\u00ed se lanzan los proyectos.<\/p>\n<p><img loading=\"lazy\" decoding=\"async\" width=\"725\" height=\"517\" class=\"wp-image-11061 size-full\" src=\"http:\/\/www.cope.es\/blogs\/palomitas-de-maiz\/wp-content\/uploads\/sites\/6\/2024\/02\/su-unico-hijo-3.jpg\" alt=\"Entrevista a David Helling (\u2018Su \u00fanico hijo\u2019): \u201cDios me salv\u00f3 en Irak\u201d\" srcset=\"https:\/\/www.cope.es\/blogs\/palomitas-de-maiz\/wp-content\/uploads\/sites\/6\/2024\/02\/su-unico-hijo-3.jpg 725w, https:\/\/www.cope.es\/blogs\/palomitas-de-maiz\/wp-content\/uploads\/sites\/6\/2024\/02\/su-unico-hijo-3-300x214.jpg 300w\" sizes=\"auto, (max-width: 725px) 100vw, 725px\" \/><\/p>\n<p><strong>Para evitar injerencias, \u00bfen esta pel\u00edcula ha decidido ser un hombre orquesta al asumir el trabajo de guionista y montador, adem\u00e1s de director, quiz\u00e1s para evitar conflictos en el proceso del rodaje? <\/strong><\/p>\n<p>En realidad fue una cuesti\u00f3n, no tanto para evitar injerencias, sino por una cuesti\u00f3n de presupuesto para intentar no gastar m\u00e1s dinero. Al final yo <strong>he sido el encargado de la escritura, la edici\u00f3n, los efectos especiales y la producci\u00f3n<\/strong>. Aunque tambi\u00e9n me he encargado del vestuario y de las localizaciones. Y lo he gestionado as\u00ed porque <em>Su \u00fanico hijo<\/em> es una pel\u00edcula muy especial en tanto en cuanto en esta industria del cine hay mucha gente que no cree.<\/p>\n<h2>S\u00ed que puedo decir c\u00f3mo me gustar\u00eda que influenciara la pel\u00edcula o inspirara a otros<\/h2>\n<p>Y para m\u00ed era muy importante que hubiese armon\u00eda en todo. Porque <strong>para m\u00ed era muy importante que todo estuviese prendado del Evangelio<\/strong>, prendado de la palabra de Dios. Por otro lado, cuando se estaba escribiendo la aventura ya visualizaba c\u00f3mo iba a ser la edici\u00f3n. Y esa falta de presupuesto fue una oportunidad que me ha permitido tener una visi\u00f3n igual m\u00e1s integral de todo.<\/p>\n<p><strong>\u00bfQu\u00e9 ha aprendido durante el proceso de filmaci\u00f3n de \u2018Su \u00fanico hijo\u2019 y qu\u00e9 aporta a otras pel\u00edculas de cine religioso?<\/strong><\/p>\n<p>He aprendido un mont\u00f3n en este camino, much\u00edsimo, y de unas formas en las que nunca hab\u00eda pensado, sobre todo la importancia de vivir esa espera en el Se\u00f1or. Y justo estos han sido los a\u00f1os m\u00e1s duros de mi vida. De lo que m\u00e1s me he concienciado es del valor de la espera y de decir que lo \u00fanico que tengo es el Se\u00f1or y su palabra, y lo dem\u00e1s es que es de \u00c9l y no me pertenece nada.<\/p>\n<p>Asimismo <strong>he descubierto m\u00e1s a Abraham y he podido profundizar en \u00e9l<\/strong>. Al conocerle con m\u00e1s profundidad, me ha ayudado y ense\u00f1ado cosas nuevas: el sentido de la obediencia, por ejemplo. Tambi\u00e9n siento que he crecido much\u00edsimo en el conocimiento de la Gracia de Dios y en ser perseverante. No puedo responder propiamente de d\u00f3nde viene la influencia que he podido volcar en <em>Su \u00fanico hijo<\/em>, pero <strong>s\u00ed que puedo decir c\u00f3mo me gustar\u00eda que influenciara la pel\u00edcula o inspirara a otros<\/strong>, por ejemplo, a trav\u00e9s de las ganas que pueden imprimirle aquellos que quieren rodar este tipo de cine tan comprometido.<\/p>\n<p>Y que fueran realmente m\u00e1s fieles a los textos, a la Biblia, al Evangelio, porque hay much\u00edsimas pel\u00edculas que son muy buenas, pero que hacen aguas por sus fallos de rigor hist\u00f3rico.<\/p>\n<p><strong>Voy a hacer un poco de abogado del diablo. Hay especialistas en cine religioso que aseguran que este tipo de cine est\u00e1 en franca decadencia. \u00bfQu\u00e9 les dir\u00eda a todas estas personas?<\/strong><\/p>\n<p>En parte es verdad. Y ese ha sido el caldo de cultivo durante toda la historia. Eso se debe a que la verdad del Evangelio siempre ha ido en contra de los postulados del mundo actual. Es donde se lee en Juan 1:4-9: \u201cLa luz en las tinieblas resplandece y las tinieblas no prevalecer\u00e1n mientras haya luz\u201d.<\/p>\n<p>No estoy nada preocupado por los que dicen eso porque mientras que el Se\u00f1or me quiera para hacer estas pel\u00edculas de contenido religioso, y que tienen que ver con la Biblia, seguir\u00e9 trabajando en ellas. <strong>El demonio no puede parar el Evangelio<\/strong>, al final la verdad del Evangelio siempre sale a la luz. Incluso si yo desapareciese, u otras personas que hacen este tipo de contenido, el Se\u00f1or siempre se las ingeniar\u00eda para hacer resurgir y poder dar luz al mundo a trav\u00e9s del Evangelio.<\/p>\n<p><strong>Por \u00faltimo, \u00bfconoce el cine espa\u00f1ol? <\/strong><\/p>\n<p>No he visto cine espa\u00f1ol, me suena un poco <strong><a href=\"http:\/\/www.cope.es\/blogs\/palomitas-de-maiz\/2018\/02\/16\/la-forma-del-agua-guillermo-del-toro-impecable-en-su-fabula-acuatica\/\">Guillermo del Toro<\/a><\/strong>, pero aun as\u00ed tengo la certeza de que es un cine que est\u00e1 en auge, que cada va a llegar a m\u00e1s sitios y me consta que la calidad es muy alta y muy buena.<\/p>\n<h2>Web: <a href=\"https:\/\/suunicohijolapelicula.com\/\">https:\/\/suunicohijolapelicula.com\/<\/a><\/h2>\n<p><img loading=\"lazy\" decoding=\"async\" width=\"725\" height=\"1025\" class=\"wp-image-11062 size-full\" src=\"http:\/\/www.cope.es\/blogs\/palomitas-de-maiz\/wp-content\/uploads\/sites\/6\/2024\/02\/su-unico-hijo-cartel.jpg\" alt=\"Cartel promocional del filme | Entrevista a David Helling (\u2018Su \u00fanico hijo\u2019): \u201cDios me salv\u00f3 en Irak\u201d\" srcset=\"https:\/\/www.cope.es\/blogs\/palomitas-de-maiz\/wp-content\/uploads\/sites\/6\/2024\/02\/su-unico-hijo-cartel.jpg 725w, https:\/\/www.cope.es\/blogs\/palomitas-de-maiz\/wp-content\/uploads\/sites\/6\/2024\/02\/su-unico-hijo-cartel-212x300.jpg 212w\" sizes=\"auto, (max-width: 725px) 100vw, 725px\" \/><\/p>\n","protected":false},"excerpt":{"rendered":"<p>\u00a1Mis queridos palomiteros! Entrevista a David Helling (\u2018Su \u00fanico hijo\u2019): \u201cDios me salv\u00f3 en Irak\u201d. Hace siete meses llegaba a los cines espa\u00f1oles, gracias a Bosco Films, el drama hist\u00f3rico Su \u00fanico hijo, dirigido por el joven cineasta americano de 36 a\u00f1os, David Helling, bregado y comprometido con el cine religioso desde hace a\u00f1os, lo [&hellip;]<\/p>\n","protected":false},"author":6,"featured_media":11058,"comment_status":"open","ping_status":"open","sticky":false,"template":"","format":"standard","meta":{"footnotes":""},"categories":[336,11891,49,5446,304,320,387],"tags":[12121,12118,325,54,7187,5543,1810,12119,43,335,1687,12123,12122,12124,12120,9088],"class_list":["post-11055","post","type-post","status-publish","format-standard","has-post-thumbnail","hentry","category-actualidad","category-bosco-films","category-cine","category-cine-de-autor","category-cine-religioso","category-entrevista","category-valores","tag-abraham","tag-angel-studios","tag-bosco-films","tag-cine-religioso","tag-cine-y-valores","tag-conversion","tag-crowdfunding","tag-david-helling","tag-dios","tag-entrevista","tag-fe","tag-irak","tag-isaac","tag-marine","tag-su-unico-hijo","tag-the-chosen"],"yoast_head":"<!-- This site is optimized with the Yoast SEO plugin v27.4 - https:\/\/yoast.com\/product\/yoast-seo-wordpress\/ -->\n<title>Entrevista a David Helling (\u2018Su \u00fanico hijo\u2019): \u201cDios me salv\u00f3 en Irak\u201d<\/title>\n<meta name=\"description\" content=\"Blog de cine y teatro. Blogs COPE. Entrevista a David Helling (\u2018Su \u00fanico hijo\u2019): \u201cDios me salv\u00f3 en Irak\u201d. Interesante y honda \u00e9pica religiosa\" \/>\n<meta name=\"robots\" content=\"index, follow, max-snippet:-1, max-image-preview:large, max-video-preview:-1\" \/>\n<link rel=\"canonical\" href=\"https:\/\/www.cope.es\/blogs\/palomitas-de-maiz\/2024\/02\/01\/entrevista-a-david-helling-su-unico-hijo-dios-me-salvo-en-irak\/\" \/>\n<meta property=\"og:locale\" content=\"es_ES\" \/>\n<meta property=\"og:type\" content=\"article\" \/>\n<meta property=\"og:title\" content=\"Entrevista a David Helling (\u2018Su \u00fanico hijo\u2019): \u201cDios me salv\u00f3 en Irak\u201d\" \/>\n<meta property=\"og:description\" content=\"Blog de cine y teatro. Blogs COPE. Entrevista a David Helling (\u2018Su \u00fanico hijo\u2019): \u201cDios me salv\u00f3 en Irak\u201d. Interesante y honda \u00e9pica religiosa\" \/>\n<meta property=\"og:url\" content=\"https:\/\/www.cope.es\/blogs\/palomitas-de-maiz\/2024\/02\/01\/entrevista-a-david-helling-su-unico-hijo-dios-me-salvo-en-irak\/\" \/>\n<meta property=\"og:site_name\" content=\"Palomitas de Ma\u00edz\" \/>\n<meta property=\"article:publisher\" content=\"https:\/\/www.facebook.com\/cope\/\" \/>\n<meta property=\"article:author\" content=\"https:\/\/www.facebook.com\/palomitero\/\" \/>\n<meta property=\"article:published_time\" content=\"2024-01-31T23:01:58+00:00\" \/>\n<meta property=\"article:modified_time\" content=\"2024-02-02T12:57:22+00:00\" \/>\n<meta property=\"og:image\" content=\"https:\/\/www.cope.es\/blogs\/palomitas-de-maiz\/wp-content\/uploads\/sites\/6\/2024\/02\/davidelling-1.jpg\" \/>\n\t<meta property=\"og:image:width\" content=\"717\" \/>\n\t<meta property=\"og:image:height\" content=\"429\" \/>\n\t<meta property=\"og:image:type\" content=\"image\/jpeg\" \/>\n<meta name=\"author\" content=\"Jos\u00e9 Luis Panero\" \/>\n<meta name=\"twitter:card\" content=\"summary_large_image\" \/>\n<meta name=\"twitter:creator\" content=\"@PALOMITERO\" \/>\n<meta name=\"twitter:site\" content=\"@cope_es\" \/>\n<meta name=\"twitter:label1\" content=\"Escrito por\" \/>\n\t<meta name=\"twitter:data1\" content=\"Jos\u00e9 Luis Panero\" \/>\n\t<meta name=\"twitter:label2\" content=\"Tiempo de lectura\" \/>\n\t<meta name=\"twitter:data2\" content=\"9 minutos\" \/>\n<script type=\"application\/ld+json\" class=\"yoast-schema-graph\">{\"@context\":\"https:\\\/\\\/schema.org\",\"@graph\":[{\"@type\":\"Article\",\"@id\":\"https:\\\/\\\/www.cope.es\\\/blogs\\\/palomitas-de-maiz\\\/2024\\\/02\\\/01\\\/entrevista-a-david-helling-su-unico-hijo-dios-me-salvo-en-irak\\\/#article\",\"isPartOf\":{\"@id\":\"https:\\\/\\\/www.cope.es\\\/blogs\\\/palomitas-de-maiz\\\/2024\\\/02\\\/01\\\/entrevista-a-david-helling-su-unico-hijo-dios-me-salvo-en-irak\\\/\"},\"author\":{\"name\":\"Jos\u00e9 Luis Panero\",\"@id\":\"https:\\\/\\\/www.cope.es\\\/blogs\\\/palomitas-de-maiz\\\/#\\\/schema\\\/person\\\/9fb256f63733c964d19b06de1ca3c9ef\"},\"headline\":\"Entrevistamos a David Helling, autor del excelente filme hist\u00f3rico \u2018Su \u00fanico hijo, a cargo de los productores de \u2018The Chosen\u2019\",\"datePublished\":\"2024-01-31T23:01:58+00:00\",\"dateModified\":\"2024-02-02T12:57:22+00:00\",\"mainEntityOfPage\":{\"@id\":\"https:\\\/\\\/www.cope.es\\\/blogs\\\/palomitas-de-maiz\\\/2024\\\/02\\\/01\\\/entrevista-a-david-helling-su-unico-hijo-dios-me-salvo-en-irak\\\/\"},\"wordCount\":1904,\"commentCount\":0,\"image\":{\"@id\":\"https:\\\/\\\/www.cope.es\\\/blogs\\\/palomitas-de-maiz\\\/2024\\\/02\\\/01\\\/entrevista-a-david-helling-su-unico-hijo-dios-me-salvo-en-irak\\\/#primaryimage\"},\"thumbnailUrl\":\"https:\\\/\\\/www.cope.es\\\/blogs\\\/palomitas-de-maiz\\\/wp-content\\\/uploads\\\/sites\\\/6\\\/2024\\\/02\\\/davidelling-1.jpg\",\"keywords\":[\"abraham\",\"angel studios\",\"bosco films\",\"cine religioso\",\"cine y valores\",\"conversi\u00f3n\",\"crowdfunding\",\"david helling\",\"dios\",\"entrevista\",\"fe\",\"irak\",\"isaac\",\"marine\",\"su \u00fanico hijo\",\"the chosen\"],\"articleSection\":[\"actualidad\",\"bosco films\",\"Cine\",\"cine de autor\",\"Cine religioso\",\"Entrevista\",\"Valores\"],\"inLanguage\":\"es\",\"potentialAction\":[{\"@type\":\"CommentAction\",\"name\":\"Comment\",\"target\":[\"https:\\\/\\\/www.cope.es\\\/blogs\\\/palomitas-de-maiz\\\/2024\\\/02\\\/01\\\/entrevista-a-david-helling-su-unico-hijo-dios-me-salvo-en-irak\\\/#respond\"]}]},{\"@type\":\"WebPage\",\"@id\":\"https:\\\/\\\/www.cope.es\\\/blogs\\\/palomitas-de-maiz\\\/2024\\\/02\\\/01\\\/entrevista-a-david-helling-su-unico-hijo-dios-me-salvo-en-irak\\\/\",\"url\":\"https:\\\/\\\/www.cope.es\\\/blogs\\\/palomitas-de-maiz\\\/2024\\\/02\\\/01\\\/entrevista-a-david-helling-su-unico-hijo-dios-me-salvo-en-irak\\\/\",\"name\":\"Entrevista a David Helling (\u2018Su \u00fanico hijo\u2019): \u201cDios me salv\u00f3 en Irak\u201d\",\"isPartOf\":{\"@id\":\"https:\\\/\\\/www.cope.es\\\/blogs\\\/palomitas-de-maiz\\\/#website\"},\"primaryImageOfPage\":{\"@id\":\"https:\\\/\\\/www.cope.es\\\/blogs\\\/palomitas-de-maiz\\\/2024\\\/02\\\/01\\\/entrevista-a-david-helling-su-unico-hijo-dios-me-salvo-en-irak\\\/#primaryimage\"},\"image\":{\"@id\":\"https:\\\/\\\/www.cope.es\\\/blogs\\\/palomitas-de-maiz\\\/2024\\\/02\\\/01\\\/entrevista-a-david-helling-su-unico-hijo-dios-me-salvo-en-irak\\\/#primaryimage\"},\"thumbnailUrl\":\"https:\\\/\\\/www.cope.es\\\/blogs\\\/palomitas-de-maiz\\\/wp-content\\\/uploads\\\/sites\\\/6\\\/2024\\\/02\\\/davidelling-1.jpg\",\"datePublished\":\"2024-01-31T23:01:58+00:00\",\"dateModified\":\"2024-02-02T12:57:22+00:00\",\"author\":{\"@id\":\"https:\\\/\\\/www.cope.es\\\/blogs\\\/palomitas-de-maiz\\\/#\\\/schema\\\/person\\\/9fb256f63733c964d19b06de1ca3c9ef\"},\"description\":\"Blog de cine y teatro. Blogs COPE. Entrevista a David Helling (\u2018Su \u00fanico hijo\u2019): \u201cDios me salv\u00f3 en Irak\u201d. Interesante y honda \u00e9pica religiosa\",\"breadcrumb\":{\"@id\":\"https:\\\/\\\/www.cope.es\\\/blogs\\\/palomitas-de-maiz\\\/2024\\\/02\\\/01\\\/entrevista-a-david-helling-su-unico-hijo-dios-me-salvo-en-irak\\\/#breadcrumb\"},\"inLanguage\":\"es\",\"potentialAction\":[{\"@type\":\"ReadAction\",\"target\":[\"https:\\\/\\\/www.cope.es\\\/blogs\\\/palomitas-de-maiz\\\/2024\\\/02\\\/01\\\/entrevista-a-david-helling-su-unico-hijo-dios-me-salvo-en-irak\\\/\"]}]},{\"@type\":\"ImageObject\",\"inLanguage\":\"es\",\"@id\":\"https:\\\/\\\/www.cope.es\\\/blogs\\\/palomitas-de-maiz\\\/2024\\\/02\\\/01\\\/entrevista-a-david-helling-su-unico-hijo-dios-me-salvo-en-irak\\\/#primaryimage\",\"url\":\"https:\\\/\\\/www.cope.es\\\/blogs\\\/palomitas-de-maiz\\\/wp-content\\\/uploads\\\/sites\\\/6\\\/2024\\\/02\\\/davidelling-1.jpg\",\"contentUrl\":\"https:\\\/\\\/www.cope.es\\\/blogs\\\/palomitas-de-maiz\\\/wp-content\\\/uploads\\\/sites\\\/6\\\/2024\\\/02\\\/davidelling-1.jpg\",\"width\":717,\"height\":429},{\"@type\":\"BreadcrumbList\",\"@id\":\"https:\\\/\\\/www.cope.es\\\/blogs\\\/palomitas-de-maiz\\\/2024\\\/02\\\/01\\\/entrevista-a-david-helling-su-unico-hijo-dios-me-salvo-en-irak\\\/#breadcrumb\",\"itemListElement\":[{\"@type\":\"ListItem\",\"position\":1,\"name\":\"Portada\",\"item\":\"https:\\\/\\\/www.cope.es\\\/blogs\\\/palomitas-de-maiz\\\/\"},{\"@type\":\"ListItem\",\"position\":2,\"name\":\"Entrevistamos a David Helling, autor del excelente filme hist\u00f3rico \u2018Su \u00fanico hijo, a cargo de los productores de \u2018The Chosen\u2019\"}]},{\"@type\":\"WebSite\",\"@id\":\"https:\\\/\\\/www.cope.es\\\/blogs\\\/palomitas-de-maiz\\\/#website\",\"url\":\"https:\\\/\\\/www.cope.es\\\/blogs\\\/palomitas-de-maiz\\\/\",\"name\":\"Palomitas de Ma\u00edz\",\"description\":\"Blog decano de cine de COPE\",\"potentialAction\":[{\"@type\":\"SearchAction\",\"target\":{\"@type\":\"EntryPoint\",\"urlTemplate\":\"https:\\\/\\\/www.cope.es\\\/blogs\\\/palomitas-de-maiz\\\/?s={search_term_string}\"},\"query-input\":{\"@type\":\"PropertyValueSpecification\",\"valueRequired\":true,\"valueName\":\"search_term_string\"}}],\"inLanguage\":\"es\"},{\"@type\":\"Person\",\"@id\":\"https:\\\/\\\/www.cope.es\\\/blogs\\\/palomitas-de-maiz\\\/#\\\/schema\\\/person\\\/9fb256f63733c964d19b06de1ca3c9ef\",\"name\":\"Jos\u00e9 Luis Panero\",\"image\":{\"@type\":\"ImageObject\",\"inLanguage\":\"es\",\"@id\":\"https:\\\/\\\/secure.gravatar.com\\\/avatar\\\/2ef93951eab3cee25932a7219e566376cbf6ddedde3aa3098e7a971991a3ef12?s=96&d=mm&r=g\",\"url\":\"https:\\\/\\\/secure.gravatar.com\\\/avatar\\\/2ef93951eab3cee25932a7219e566376cbf6ddedde3aa3098e7a971991a3ef12?s=96&d=mm&r=g\",\"contentUrl\":\"https:\\\/\\\/secure.gravatar.com\\\/avatar\\\/2ef93951eab3cee25932a7219e566376cbf6ddedde3aa3098e7a971991a3ef12?s=96&d=mm&r=g\",\"caption\":\"Jos\u00e9 Luis Panero\"},\"description\":\"Licenciado en Periodismo y en Comunicaci\u00f3n Audiovisual. Tras m\u00e1s de cuatro a\u00f1os en el diario 'La Gaceta de Los Negocios' y el programa f\u00edlmico 'Pantalla Grande', es cr\u00edtico de cine en 'Ciudad Nueva', 'Pantalla 90', 'COPE' o 'Aleteia' y cr\u00edtico de teatro en 'Hoy en la city'. Ha sido coguionista y ayudante de direcci\u00f3n de cine, ponente en los coloquios de cine del foro FNAC y profesor universitario en diferentes cursos de Periodismo Social. Desde 2003 es miembro del C\u00edrculo de Escritores Cinematogr\u00e1ficos (CEC). En 2008 fund\u00f3 en 'COPE' su blog de cine 'Palomitas de Ma\u00edz'. En 2017 fue nombrado Jurado Oficial del Festival Internacional de Cine de Fuengirola (M\u00e1laga) y ese a\u00f1o la instituci\u00f3n educativa Trinity College-Liceo Serrano le distingui\u00f3 con el nombramiento de 'Profesor de Honor' del centro y miembro ilustre del claustro de profesores. En 2019 fue nombrado Jurado Oficial del Festival Internacional de Cine de Vera (Almer\u00eda). En 2020 fue nombrado Jurado Oficial del Festival Internacional de Cine de Terror de La Mar Bella (Marbella). Como int\u00e9rprete ha sido galardonado con el Premio al Actor Principal del I Festival Nacional UNIR de teatro. Desde 2020 es acad\u00e9mico de las Artes Esc\u00e9nicas de Espa\u00f1a. En 2023 fue nombrado Jurado Oficial de los 'Premios Tal\u00eda' en su I Edici\u00f3n. Y miembro de ASHUMES (Asociaci\u00f3n del Humorismo Espa\u00f1ol) a partir de 2022. En 2023 fue nombrado Jurado Oficial de la II Edici\u00f3n de los 'Premios Godot'.\",\"sameAs\":[\"http:\\\/\\\/www.cope.es\",\"https:\\\/\\\/www.facebook.com\\\/palomitero\\\/\",\"https:\\\/\\\/www.instagram.com\\\/joseluispanero\\\/\",\"https:\\\/\\\/www.linkedin.com\\\/in\\\/jos-luis-panero-gonzlez-barosa-7722a716\\\/\",\"https:\\\/\\\/x.com\\\/PALOMITERO\",\"https:\\\/\\\/www.youtube.com\\\/channel\\\/UCQYaNGiETUXUPXjYu9p3lNw\\\/videos?\",\"https:\\\/\\\/es.wikipedia.org\\\/wiki\\\/Jos_Luis_Panero_Gonzlez-Barosa\"],\"url\":\"https:\\\/\\\/www.cope.es\\\/blogs\\\/palomitas-de-maiz\\\/author\\\/jlpanero\\\/\"}]}<\/script>\n<!-- \/ Yoast SEO plugin. -->","yoast_head_json":{"title":"Entrevista a David Helling (\u2018Su \u00fanico hijo\u2019): \u201cDios me salv\u00f3 en Irak\u201d","description":"Blog de cine y teatro. Blogs COPE. Entrevista a David Helling (\u2018Su \u00fanico hijo\u2019): \u201cDios me salv\u00f3 en Irak\u201d. Interesante y honda \u00e9pica religiosa","robots":{"index":"index","follow":"follow","max-snippet":"max-snippet:-1","max-image-preview":"max-image-preview:large","max-video-preview":"max-video-preview:-1"},"canonical":"https:\/\/www.cope.es\/blogs\/palomitas-de-maiz\/2024\/02\/01\/entrevista-a-david-helling-su-unico-hijo-dios-me-salvo-en-irak\/","og_locale":"es_ES","og_type":"article","og_title":"Entrevista a David Helling (\u2018Su \u00fanico hijo\u2019): \u201cDios me salv\u00f3 en Irak\u201d","og_description":"Blog de cine y teatro. Blogs COPE. Entrevista a David Helling (\u2018Su \u00fanico hijo\u2019): \u201cDios me salv\u00f3 en Irak\u201d. Interesante y honda \u00e9pica religiosa","og_url":"https:\/\/www.cope.es\/blogs\/palomitas-de-maiz\/2024\/02\/01\/entrevista-a-david-helling-su-unico-hijo-dios-me-salvo-en-irak\/","og_site_name":"Palomitas de Ma\u00edz","article_publisher":"https:\/\/www.facebook.com\/cope\/","article_author":"https:\/\/www.facebook.com\/palomitero\/","article_published_time":"2024-01-31T23:01:58+00:00","article_modified_time":"2024-02-02T12:57:22+00:00","og_image":[{"width":717,"height":429,"url":"https:\/\/www.cope.es\/blogs\/palomitas-de-maiz\/wp-content\/uploads\/sites\/6\/2024\/02\/davidelling-1.jpg","type":"image\/jpeg"}],"author":"Jos\u00e9 Luis Panero","twitter_card":"summary_large_image","twitter_creator":"@PALOMITERO","twitter_site":"@cope_es","twitter_misc":{"Escrito por":"Jos\u00e9 Luis Panero","Tiempo de lectura":"9 minutos"},"schema":{"@context":"https:\/\/schema.org","@graph":[{"@type":"Article","@id":"https:\/\/www.cope.es\/blogs\/palomitas-de-maiz\/2024\/02\/01\/entrevista-a-david-helling-su-unico-hijo-dios-me-salvo-en-irak\/#article","isPartOf":{"@id":"https:\/\/www.cope.es\/blogs\/palomitas-de-maiz\/2024\/02\/01\/entrevista-a-david-helling-su-unico-hijo-dios-me-salvo-en-irak\/"},"author":{"name":"Jos\u00e9 Luis Panero","@id":"https:\/\/www.cope.es\/blogs\/palomitas-de-maiz\/#\/schema\/person\/9fb256f63733c964d19b06de1ca3c9ef"},"headline":"Entrevistamos a David Helling, autor del excelente filme hist\u00f3rico \u2018Su \u00fanico hijo, a cargo de los productores de \u2018The Chosen\u2019","datePublished":"2024-01-31T23:01:58+00:00","dateModified":"2024-02-02T12:57:22+00:00","mainEntityOfPage":{"@id":"https:\/\/www.cope.es\/blogs\/palomitas-de-maiz\/2024\/02\/01\/entrevista-a-david-helling-su-unico-hijo-dios-me-salvo-en-irak\/"},"wordCount":1904,"commentCount":0,"image":{"@id":"https:\/\/www.cope.es\/blogs\/palomitas-de-maiz\/2024\/02\/01\/entrevista-a-david-helling-su-unico-hijo-dios-me-salvo-en-irak\/#primaryimage"},"thumbnailUrl":"https:\/\/www.cope.es\/blogs\/palomitas-de-maiz\/wp-content\/uploads\/sites\/6\/2024\/02\/davidelling-1.jpg","keywords":["abraham","angel studios","bosco films","cine religioso","cine y valores","conversi\u00f3n","crowdfunding","david helling","dios","entrevista","fe","irak","isaac","marine","su \u00fanico hijo","the chosen"],"articleSection":["actualidad","bosco films","Cine","cine de autor","Cine religioso","Entrevista","Valores"],"inLanguage":"es","potentialAction":[{"@type":"CommentAction","name":"Comment","target":["https:\/\/www.cope.es\/blogs\/palomitas-de-maiz\/2024\/02\/01\/entrevista-a-david-helling-su-unico-hijo-dios-me-salvo-en-irak\/#respond"]}]},{"@type":"WebPage","@id":"https:\/\/www.cope.es\/blogs\/palomitas-de-maiz\/2024\/02\/01\/entrevista-a-david-helling-su-unico-hijo-dios-me-salvo-en-irak\/","url":"https:\/\/www.cope.es\/blogs\/palomitas-de-maiz\/2024\/02\/01\/entrevista-a-david-helling-su-unico-hijo-dios-me-salvo-en-irak\/","name":"Entrevista a David Helling (\u2018Su \u00fanico hijo\u2019): \u201cDios me salv\u00f3 en Irak\u201d","isPartOf":{"@id":"https:\/\/www.cope.es\/blogs\/palomitas-de-maiz\/#website"},"primaryImageOfPage":{"@id":"https:\/\/www.cope.es\/blogs\/palomitas-de-maiz\/2024\/02\/01\/entrevista-a-david-helling-su-unico-hijo-dios-me-salvo-en-irak\/#primaryimage"},"image":{"@id":"https:\/\/www.cope.es\/blogs\/palomitas-de-maiz\/2024\/02\/01\/entrevista-a-david-helling-su-unico-hijo-dios-me-salvo-en-irak\/#primaryimage"},"thumbnailUrl":"https:\/\/www.cope.es\/blogs\/palomitas-de-maiz\/wp-content\/uploads\/sites\/6\/2024\/02\/davidelling-1.jpg","datePublished":"2024-01-31T23:01:58+00:00","dateModified":"2024-02-02T12:57:22+00:00","author":{"@id":"https:\/\/www.cope.es\/blogs\/palomitas-de-maiz\/#\/schema\/person\/9fb256f63733c964d19b06de1ca3c9ef"},"description":"Blog de cine y teatro. Blogs COPE. Entrevista a David Helling (\u2018Su \u00fanico hijo\u2019): \u201cDios me salv\u00f3 en Irak\u201d. Interesante y honda \u00e9pica religiosa","breadcrumb":{"@id":"https:\/\/www.cope.es\/blogs\/palomitas-de-maiz\/2024\/02\/01\/entrevista-a-david-helling-su-unico-hijo-dios-me-salvo-en-irak\/#breadcrumb"},"inLanguage":"es","potentialAction":[{"@type":"ReadAction","target":["https:\/\/www.cope.es\/blogs\/palomitas-de-maiz\/2024\/02\/01\/entrevista-a-david-helling-su-unico-hijo-dios-me-salvo-en-irak\/"]}]},{"@type":"ImageObject","inLanguage":"es","@id":"https:\/\/www.cope.es\/blogs\/palomitas-de-maiz\/2024\/02\/01\/entrevista-a-david-helling-su-unico-hijo-dios-me-salvo-en-irak\/#primaryimage","url":"https:\/\/www.cope.es\/blogs\/palomitas-de-maiz\/wp-content\/uploads\/sites\/6\/2024\/02\/davidelling-1.jpg","contentUrl":"https:\/\/www.cope.es\/blogs\/palomitas-de-maiz\/wp-content\/uploads\/sites\/6\/2024\/02\/davidelling-1.jpg","width":717,"height":429},{"@type":"BreadcrumbList","@id":"https:\/\/www.cope.es\/blogs\/palomitas-de-maiz\/2024\/02\/01\/entrevista-a-david-helling-su-unico-hijo-dios-me-salvo-en-irak\/#breadcrumb","itemListElement":[{"@type":"ListItem","position":1,"name":"Portada","item":"https:\/\/www.cope.es\/blogs\/palomitas-de-maiz\/"},{"@type":"ListItem","position":2,"name":"Entrevistamos a David Helling, autor del excelente filme hist\u00f3rico \u2018Su \u00fanico hijo, a cargo de los productores de \u2018The Chosen\u2019"}]},{"@type":"WebSite","@id":"https:\/\/www.cope.es\/blogs\/palomitas-de-maiz\/#website","url":"https:\/\/www.cope.es\/blogs\/palomitas-de-maiz\/","name":"Palomitas de Ma\u00edz","description":"Blog decano de cine de COPE","potentialAction":[{"@type":"SearchAction","target":{"@type":"EntryPoint","urlTemplate":"https:\/\/www.cope.es\/blogs\/palomitas-de-maiz\/?s={search_term_string}"},"query-input":{"@type":"PropertyValueSpecification","valueRequired":true,"valueName":"search_term_string"}}],"inLanguage":"es"},{"@type":"Person","@id":"https:\/\/www.cope.es\/blogs\/palomitas-de-maiz\/#\/schema\/person\/9fb256f63733c964d19b06de1ca3c9ef","name":"Jos\u00e9 Luis Panero","image":{"@type":"ImageObject","inLanguage":"es","@id":"https:\/\/secure.gravatar.com\/avatar\/2ef93951eab3cee25932a7219e566376cbf6ddedde3aa3098e7a971991a3ef12?s=96&d=mm&r=g","url":"https:\/\/secure.gravatar.com\/avatar\/2ef93951eab3cee25932a7219e566376cbf6ddedde3aa3098e7a971991a3ef12?s=96&d=mm&r=g","contentUrl":"https:\/\/secure.gravatar.com\/avatar\/2ef93951eab3cee25932a7219e566376cbf6ddedde3aa3098e7a971991a3ef12?s=96&d=mm&r=g","caption":"Jos\u00e9 Luis Panero"},"description":"Licenciado en Periodismo y en Comunicaci\u00f3n Audiovisual. Tras m\u00e1s de cuatro a\u00f1os en el diario 'La Gaceta de Los Negocios' y el programa f\u00edlmico 'Pantalla Grande', es cr\u00edtico de cine en 'Ciudad Nueva', 'Pantalla 90', 'COPE' o 'Aleteia' y cr\u00edtico de teatro en 'Hoy en la city'. Ha sido coguionista y ayudante de direcci\u00f3n de cine, ponente en los coloquios de cine del foro FNAC y profesor universitario en diferentes cursos de Periodismo Social. Desde 2003 es miembro del C\u00edrculo de Escritores Cinematogr\u00e1ficos (CEC). En 2008 fund\u00f3 en 'COPE' su blog de cine 'Palomitas de Ma\u00edz'. En 2017 fue nombrado Jurado Oficial del Festival Internacional de Cine de Fuengirola (M\u00e1laga) y ese a\u00f1o la instituci\u00f3n educativa Trinity College-Liceo Serrano le distingui\u00f3 con el nombramiento de 'Profesor de Honor' del centro y miembro ilustre del claustro de profesores. En 2019 fue nombrado Jurado Oficial del Festival Internacional de Cine de Vera (Almer\u00eda). En 2020 fue nombrado Jurado Oficial del Festival Internacional de Cine de Terror de La Mar Bella (Marbella). Como int\u00e9rprete ha sido galardonado con el Premio al Actor Principal del I Festival Nacional UNIR de teatro. Desde 2020 es acad\u00e9mico de las Artes Esc\u00e9nicas de Espa\u00f1a. En 2023 fue nombrado Jurado Oficial de los 'Premios Tal\u00eda' en su I Edici\u00f3n. Y miembro de ASHUMES (Asociaci\u00f3n del Humorismo Espa\u00f1ol) a partir de 2022. En 2023 fue nombrado Jurado Oficial de la II Edici\u00f3n de los 'Premios Godot'.","sameAs":["http:\/\/www.cope.es","https:\/\/www.facebook.com\/palomitero\/","https:\/\/www.instagram.com\/joseluispanero\/","https:\/\/www.linkedin.com\/in\/jos-luis-panero-gonzlez-barosa-7722a716\/","https:\/\/x.com\/PALOMITERO","https:\/\/www.youtube.com\/channel\/UCQYaNGiETUXUPXjYu9p3lNw\/videos?","https:\/\/es.wikipedia.org\/wiki\/Jos_Luis_Panero_Gonzlez-Barosa"],"url":"https:\/\/www.cope.es\/blogs\/palomitas-de-maiz\/author\/jlpanero\/"}]}},"amp_enabled":true,"_links":{"self":[{"href":"https:\/\/www.cope.es\/blogs\/palomitas-de-maiz\/wp-json\/wp\/v2\/posts\/11055","targetHints":{"allow":["GET"]}}],"collection":[{"href":"https:\/\/www.cope.es\/blogs\/palomitas-de-maiz\/wp-json\/wp\/v2\/posts"}],"about":[{"href":"https:\/\/www.cope.es\/blogs\/palomitas-de-maiz\/wp-json\/wp\/v2\/types\/post"}],"author":[{"embeddable":true,"href":"https:\/\/www.cope.es\/blogs\/palomitas-de-maiz\/wp-json\/wp\/v2\/users\/6"}],"replies":[{"embeddable":true,"href":"https:\/\/www.cope.es\/blogs\/palomitas-de-maiz\/wp-json\/wp\/v2\/comments?post=11055"}],"version-history":[{"count":2,"href":"https:\/\/www.cope.es\/blogs\/palomitas-de-maiz\/wp-json\/wp\/v2\/posts\/11055\/revisions"}],"predecessor-version":[{"id":11064,"href":"https:\/\/www.cope.es\/blogs\/palomitas-de-maiz\/wp-json\/wp\/v2\/posts\/11055\/revisions\/11064"}],"wp:featuredmedia":[{"embeddable":true,"href":"https:\/\/www.cope.es\/blogs\/palomitas-de-maiz\/wp-json\/wp\/v2\/media\/11058"}],"wp:attachment":[{"href":"https:\/\/www.cope.es\/blogs\/palomitas-de-maiz\/wp-json\/wp\/v2\/media?parent=11055"}],"wp:term":[{"taxonomy":"category","embeddable":true,"href":"https:\/\/www.cope.es\/blogs\/palomitas-de-maiz\/wp-json\/wp\/v2\/categories?post=11055"},{"taxonomy":"post_tag","embeddable":true,"href":"https:\/\/www.cope.es\/blogs\/palomitas-de-maiz\/wp-json\/wp\/v2\/tags?post=11055"}],"curies":[{"name":"wp","href":"https:\/\/api.w.org\/{rel}","templated":true}]}}