{"id":578,"date":"2018-03-27T17:17:49","date_gmt":"2018-03-27T15:17:49","guid":{"rendered":"http:\/\/www.cope.es\/blogs\/merinadas-deportivas\/?p=578"},"modified":"2019-03-26T17:35:42","modified_gmt":"2019-03-26T16:35:42","slug":"pionero-josue-brachi","status":"publish","type":"post","link":"https:\/\/www.cope.es\/blogs\/merinadas-deportivas\/2018\/03\/27\/pionero-josue-brachi\/","title":{"rendered":"Pionero Josu\u00e9 Brachi"},"content":{"rendered":"<h2>El sevillano Josu\u00e9 Brachi abre otra puerta de par en par para el deporte espa\u00f1ol. Oro europeo en halterofilia que lo convierte en pionero.<\/h2>\n<p>El deporte espa\u00f1ol ha sumado un nombre m\u00e1s a su lista de pioneros. Hasta el 26 de marzo de 2018, ning\u00fan hombre espa\u00f1ol hab\u00eda sido capaz de ganar un oro europeo en halterofilia. El protagonista se llama Josu\u00e9 Brachi, naci\u00f3 en Sevilla casi un mes despu\u00e9s de los Juegos Ol\u00edmpicos de Barcelona, el 8 de septiembre de 1992. Desde que ten\u00eda 13 a\u00f1os no ha dejado de levantar pesas. Brachi se ha convertido en este \u00faltimo ciclo ol\u00edmpico, en la referencia de la halterofilia masculina de Espa\u00f1a. Bronce mundial en arrancada en 2017 y oro europeo en el total ol\u00edmpico en 2018.<\/p>\n<p>&nbsp;<\/p>\n<p><img loading=\"lazy\" decoding=\"async\" width=\"1200\" height=\"1697\" class=\"aligncenter wp-image-588 size-full\" src=\"http:\/\/www.cope.es\/blogs\/merinadas-deportivas\/wp-content\/uploads\/sites\/14\/2018\/03\/post-1522101614-josue-brachi-un-nuevo-pionero.jpg\" alt=\"\" srcset=\"https:\/\/www.cope.es\/blogs\/merinadas-deportivas\/wp-content\/uploads\/sites\/14\/2018\/03\/post-1522101614-josue-brachi-un-nuevo-pionero.jpg 1200w, https:\/\/www.cope.es\/blogs\/merinadas-deportivas\/wp-content\/uploads\/sites\/14\/2018\/03\/post-1522101614-josue-brachi-un-nuevo-pionero-212x300.jpg 212w, https:\/\/www.cope.es\/blogs\/merinadas-deportivas\/wp-content\/uploads\/sites\/14\/2018\/03\/post-1522101614-josue-brachi-un-nuevo-pionero-768x1086.jpg 768w, https:\/\/www.cope.es\/blogs\/merinadas-deportivas\/wp-content\/uploads\/sites\/14\/2018\/03\/post-1522101614-josue-brachi-un-nuevo-pionero-724x1024.jpg 724w\" sizes=\"auto, (max-width: 1200px) 100vw, 1200px\" \/><\/p>\n<p>El Campeonato de Europa de Bucarest (Rumania) , quedar\u00e1 marcado para siempre en su memoria. Oro en el total ol\u00edmpico y en arrancada y plata en dos tiempos. Dos levantamientos v\u00e1lidos y un kilo m\u00e1s que su principal rival (el italiano Scarantino) le han hecho entrar en la historia del deporte y la halterofilia espa\u00f1ola por la puerta grande.<\/p>\n<p><img loading=\"lazy\" decoding=\"async\" width=\"724\" height=\"1024\" class=\"aligncenter wp-image-582 size-large\" src=\"http:\/\/www.cope.es\/blogs\/merinadas-deportivas\/wp-content\/uploads\/sites\/14\/2018\/03\/IMG_20180327_102219-724x1024.jpg\" alt=\"\" srcset=\"https:\/\/www.cope.es\/blogs\/merinadas-deportivas\/wp-content\/uploads\/sites\/14\/2018\/03\/IMG_20180327_102219-724x1024.jpg 724w, https:\/\/www.cope.es\/blogs\/merinadas-deportivas\/wp-content\/uploads\/sites\/14\/2018\/03\/IMG_20180327_102219-212x300.jpg 212w, https:\/\/www.cope.es\/blogs\/merinadas-deportivas\/wp-content\/uploads\/sites\/14\/2018\/03\/IMG_20180327_102219-768x1086.jpg 768w, https:\/\/www.cope.es\/blogs\/merinadas-deportivas\/wp-content\/uploads\/sites\/14\/2018\/03\/IMG_20180327_102219.jpg 842w\" sizes=\"auto, (max-width: 724px) 100vw, 724px\" \/><\/p>\n<p>Levantar 254 kilos sumando la arrancada y el dos tiempos, cuando pesas apenas 56 y mides 156cm. Eso es lo que ha hecho el halter\u00f3filo sevillano para abrir otra puerta que estaba cerrada con llave en el deporte espa\u00f1ol. Diciendo aqu\u00ed estoy yo. Agradeciendo a todos los que han cre\u00eddo en \u00e9l. So\u00f1ando, por qu\u00e9 no, con una medalla ol\u00edmpica en Tokio 2020. De momento est\u00e1 preparando un buen camino para lograrlo. En Bucarest, le han bastado sus primeros intentos en arrancada y dos tiempos para colgarse el oro.<\/p>\n<blockquote class=\"twitter-tweet\" data-width=\"550\" data-dnt=\"true\">\n<p lang=\"es\" dir=\"ltr\">\ud83c\udfcb\u200d\u2642\ud83d\udcaa \u00a1<a href=\"https:\/\/twitter.com\/josuebrachi?ref_src=twsrc%5Etfw\">@josuebrachi<\/a> se coloca en cabeza! Levanta 116 kg en su primer intento en la arrancada <a href=\"https:\/\/twitter.com\/hashtag\/HalteEuro18?src=hash&amp;ref_src=twsrc%5Etfw\">#HalteEuro18<\/a><br \/>\ud83c\udf99 <a href=\"https:\/\/twitter.com\/EmilMarquiegui?ref_src=twsrc%5Etfw\">@EmilMarquiegui<\/a> <a href=\"https:\/\/twitter.com\/fedehalter?ref_src=twsrc%5Etfw\">@fedehalter<\/a> <a href=\"https:\/\/t.co\/vNGX78HtTB\">https:\/\/t.co\/vNGX78HtTB<\/a> <a href=\"https:\/\/t.co\/b0BCgzeTO9\">pic.twitter.com\/b0BCgzeTO9<\/a><\/p>\n<p>&mdash; Eurosport.es (@Eurosport_ES) <a href=\"https:\/\/twitter.com\/Eurosport_ES\/status\/978332468926332928?ref_src=twsrc%5Etfw\">March 26, 2018<\/a><\/p><\/blockquote>\n<p><script async src=\"https:\/\/platform.twitter.com\/widgets.js\" charset=\"utf-8\"><\/script><\/p>\n<blockquote class=\"twitter-tweet\" data-width=\"550\" data-dnt=\"true\">\n<p lang=\"es\" dir=\"ltr\">\ud83c\uddea\ud83c\udde6\ud83c\udfcb\u200d\u2642\ud83d\udcaa \u00a1Josu\u00e9 Brachi  (<a href=\"https:\/\/twitter.com\/josuebrachi?ref_src=twsrc%5Etfw\">@josuebrachi<\/a>)   se coloca primero en el total! Levanta 138 kg en el dos tiempos e iguala a su rival italiano.<\/p>\n<p>\u00a1Vamos!<a href=\"https:\/\/twitter.com\/hashtag\/HalteEuro18?src=hash&amp;ref_src=twsrc%5Etfw\">#HalteEuro18<\/a><br \/>\ud83c\udf99 <a href=\"https:\/\/twitter.com\/EmilMarquiegui?ref_src=twsrc%5Etfw\">@EmilMarquiegui<\/a>  <a href=\"https:\/\/twitter.com\/fedehalter?ref_src=twsrc%5Etfw\">@fedehalter<\/a> <a href=\"https:\/\/twitter.com\/COE_es?ref_src=twsrc%5Etfw\">@COE_es<\/a>  <a href=\"https:\/\/t.co\/vNGX78HtTB\">https:\/\/t.co\/vNGX78HtTB<\/a> <a href=\"https:\/\/t.co\/76vJkuQBEp\">pic.twitter.com\/76vJkuQBEp<\/a><\/p>\n<p>&mdash; Eurosport.es (@Eurosport_ES) <a href=\"https:\/\/twitter.com\/Eurosport_ES\/status\/978341679198433280?ref_src=twsrc%5Etfw\">March 26, 2018<\/a><\/p><\/blockquote>\n<p><script async src=\"https:\/\/platform.twitter.com\/widgets.js\" charset=\"utf-8\"><\/script><\/p>\n<p>Dice Josu\u00e9 Brachi que su familia ha sido muy importante. Que junto con sus entrenadores, Manuel Bermejo y Rosario Mu\u00f1oz, han sido sus pilares en lo que lleva de carrera deportiva. Dedica entre seis y siete horas diarias de su vida a la halterofilia. &#8220;De peque\u00f1o me dijeron que hiciera lo que hiciera, ten\u00eda que ser el mejor&#8221; de momento ya es el n\u00famero uno del continente europeo con veinticinco a\u00f1os.<\/p>\n<p><img loading=\"lazy\" decoding=\"async\" width=\"1024\" height=\"576\" class=\"aligncenter wp-image-583 size-large\" src=\"http:\/\/www.cope.es\/blogs\/merinadas-deportivas\/wp-content\/uploads\/sites\/14\/2018\/03\/IMG_20180326_205137-1024x576.jpg\" alt=\"\" srcset=\"https:\/\/www.cope.es\/blogs\/merinadas-deportivas\/wp-content\/uploads\/sites\/14\/2018\/03\/IMG_20180326_205137-1024x576.jpg 1024w, https:\/\/www.cope.es\/blogs\/merinadas-deportivas\/wp-content\/uploads\/sites\/14\/2018\/03\/IMG_20180326_205137-300x169.jpg 300w, https:\/\/www.cope.es\/blogs\/merinadas-deportivas\/wp-content\/uploads\/sites\/14\/2018\/03\/IMG_20180326_205137-768x432.jpg 768w\" sizes=\"auto, (max-width: 1024px) 100vw, 1024px\" \/><\/p>\n<p>En una entrevista en Radio Marca ha confesado que tiene la misma almohada desde que era peque\u00f1o. Que se la lleva a todas partes porque le hace sentir como en casa cuando est\u00e1 fuera de ella. Como si no hubiera salido de Sevilla. Ojal\u00e1 que este oro europeo sirva para que tengamos su nombre presente. Para que lo sintamos en nuestras casas como referente de la halterofilia masculina espa\u00f1ola. Lo que no le quita nadie ya, es que siempre ser\u00e1 el primer espa\u00f1ol en subir a lo m\u00e1s alto del podio europeo en toda la historia. Un pionero.<\/p>\n<h6>FOTOS: @SpheraSports @Tokio2020_ESP @fedehalter<\/h6>\n","protected":false},"excerpt":{"rendered":"<p>El sevillano Josu\u00e9 Brachi abre otra puerta de par en par para el deporte espa\u00f1ol. Oro europeo en halterofilia que lo convierte en pionero. El deporte espa\u00f1ol ha sumado un nombre m\u00e1s a su lista de pioneros. Hasta el 26 de marzo de 2018, ning\u00fan hombre espa\u00f1ol hab\u00eda sido capaz de ganar un oro europeo [&hellip;]<\/p>\n","protected":false},"author":14,"featured_media":584,"comment_status":"open","ping_status":"open","sticky":false,"template":"","format":"standard","meta":{"footnotes":""},"categories":[13,1366],"tags":[1368,4,7,82,1367,87],"class_list":["post-578","post","type-post","status-publish","format-standard","has-post-thumbnail","hentry","category-deportes","category-opinion","tag-bucarest-2018","tag-campeonato-de-europa","tag-gold-medal","tag-halterofilia","tag-josue-brachi","tag-weightlifting"],"yoast_head":"<!-- This site is optimized with the Yoast SEO plugin v27.4 - https:\/\/yoast.com\/product\/yoast-seo-wordpress\/ -->\n<title>Pionero Josu\u00e9 Brachi - Las Merinadas Deportivas de Edu<\/title>\n<meta name=\"robots\" content=\"index, follow, max-snippet:-1, max-image-preview:large, max-video-preview:-1\" \/>\n<link rel=\"canonical\" href=\"https:\/\/www.cope.es\/blogs\/merinadas-deportivas\/2018\/03\/27\/pionero-josue-brachi\/\" \/>\n<meta property=\"og:locale\" content=\"es_ES\" \/>\n<meta property=\"og:type\" content=\"article\" \/>\n<meta property=\"og:title\" content=\"Pionero Josu\u00e9 Brachi - Las Merinadas Deportivas de Edu\" \/>\n<meta property=\"og:description\" content=\"El sevillano Josu\u00e9 Brachi abre otra puerta de par en par para el deporte espa\u00f1ol. Oro europeo en halterofilia que lo convierte en pionero. El deporte espa\u00f1ol ha sumado un nombre m\u00e1s a su lista de pioneros. Hasta el 26 de marzo de 2018, ning\u00fan hombre espa\u00f1ol hab\u00eda sido capaz de ganar un oro europeo [&hellip;]\" \/>\n<meta property=\"og:url\" content=\"https:\/\/www.cope.es\/blogs\/merinadas-deportivas\/2018\/03\/27\/pionero-josue-brachi\/\" \/>\n<meta property=\"og:site_name\" content=\"Las Merinadas Deportivas de Edu\" \/>\n<meta property=\"article:publisher\" content=\"https:\/\/www.facebook.com\/cope\/\" \/>\n<meta property=\"article:author\" content=\"https:\/\/www.facebook.com\/edumerino32\" \/>\n<meta property=\"article:published_time\" content=\"2018-03-27T15:17:49+00:00\" \/>\n<meta property=\"article:modified_time\" content=\"2019-03-26T16:35:42+00:00\" \/>\n<meta property=\"og:image\" content=\"https:\/\/www.cope.es\/blogs\/merinadas-deportivas\/wp-content\/uploads\/sites\/14\/2018\/03\/IMG_20180327_110326.jpg\" \/>\n\t<meta property=\"og:image:width\" content=\"1280\" \/>\n\t<meta property=\"og:image:height\" content=\"853\" \/>\n\t<meta property=\"og:image:type\" content=\"image\/jpeg\" \/>\n<meta name=\"author\" content=\"Eduardo Merino\" \/>\n<meta name=\"twitter:card\" content=\"summary_large_image\" \/>\n<meta name=\"twitter:creator\" content=\"@EDUMERINOSPORTS\" \/>\n<meta name=\"twitter:site\" content=\"@cope_es\" \/>\n<meta name=\"twitter:label1\" content=\"Escrito por\" \/>\n\t<meta name=\"twitter:data1\" content=\"Eduardo Merino\" \/>\n\t<meta name=\"twitter:label2\" content=\"Tiempo de lectura\" \/>\n\t<meta name=\"twitter:data2\" content=\"2 minutos\" \/>\n<script type=\"application\/ld+json\" class=\"yoast-schema-graph\">{\"@context\":\"https:\\\/\\\/schema.org\",\"@graph\":[{\"@type\":\"Article\",\"@id\":\"https:\\\/\\\/www.cope.es\\\/blogs\\\/merinadas-deportivas\\\/2018\\\/03\\\/27\\\/pionero-josue-brachi\\\/#article\",\"isPartOf\":{\"@id\":\"https:\\\/\\\/www.cope.es\\\/blogs\\\/merinadas-deportivas\\\/2018\\\/03\\\/27\\\/pionero-josue-brachi\\\/\"},\"author\":{\"name\":\"Eduardo Merino\",\"@id\":\"https:\\\/\\\/www.cope.es\\\/blogs\\\/merinadas-deportivas\\\/#\\\/schema\\\/person\\\/feae8281472d7d9c51077a2bfa896a18\"},\"headline\":\"Pionero Josu\u00e9 Brachi\",\"datePublished\":\"2018-03-27T15:17:49+00:00\",\"dateModified\":\"2019-03-26T16:35:42+00:00\",\"mainEntityOfPage\":{\"@id\":\"https:\\\/\\\/www.cope.es\\\/blogs\\\/merinadas-deportivas\\\/2018\\\/03\\\/27\\\/pionero-josue-brachi\\\/\"},\"wordCount\":484,\"commentCount\":0,\"image\":{\"@id\":\"https:\\\/\\\/www.cope.es\\\/blogs\\\/merinadas-deportivas\\\/2018\\\/03\\\/27\\\/pionero-josue-brachi\\\/#primaryimage\"},\"thumbnailUrl\":\"https:\\\/\\\/www.cope.es\\\/blogs\\\/merinadas-deportivas\\\/wp-content\\\/uploads\\\/sites\\\/14\\\/2018\\\/03\\\/IMG_20180327_110326.jpg\",\"keywords\":[\"Bucarest 2018\",\"Campeonato de Europa\",\"Gold medal\",\"Halterofilia\",\"Josu\u00e9 Brachi\",\"weightlifting\"],\"articleSection\":[\"deportes\",\"opini\u00f3n\"],\"inLanguage\":\"es\",\"potentialAction\":[{\"@type\":\"CommentAction\",\"name\":\"Comment\",\"target\":[\"https:\\\/\\\/www.cope.es\\\/blogs\\\/merinadas-deportivas\\\/2018\\\/03\\\/27\\\/pionero-josue-brachi\\\/#respond\"]}]},{\"@type\":\"WebPage\",\"@id\":\"https:\\\/\\\/www.cope.es\\\/blogs\\\/merinadas-deportivas\\\/2018\\\/03\\\/27\\\/pionero-josue-brachi\\\/\",\"url\":\"https:\\\/\\\/www.cope.es\\\/blogs\\\/merinadas-deportivas\\\/2018\\\/03\\\/27\\\/pionero-josue-brachi\\\/\",\"name\":\"Pionero Josu\u00e9 Brachi - Las Merinadas Deportivas de Edu\",\"isPartOf\":{\"@id\":\"https:\\\/\\\/www.cope.es\\\/blogs\\\/merinadas-deportivas\\\/#website\"},\"primaryImageOfPage\":{\"@id\":\"https:\\\/\\\/www.cope.es\\\/blogs\\\/merinadas-deportivas\\\/2018\\\/03\\\/27\\\/pionero-josue-brachi\\\/#primaryimage\"},\"image\":{\"@id\":\"https:\\\/\\\/www.cope.es\\\/blogs\\\/merinadas-deportivas\\\/2018\\\/03\\\/27\\\/pionero-josue-brachi\\\/#primaryimage\"},\"thumbnailUrl\":\"https:\\\/\\\/www.cope.es\\\/blogs\\\/merinadas-deportivas\\\/wp-content\\\/uploads\\\/sites\\\/14\\\/2018\\\/03\\\/IMG_20180327_110326.jpg\",\"datePublished\":\"2018-03-27T15:17:49+00:00\",\"dateModified\":\"2019-03-26T16:35:42+00:00\",\"author\":{\"@id\":\"https:\\\/\\\/www.cope.es\\\/blogs\\\/merinadas-deportivas\\\/#\\\/schema\\\/person\\\/feae8281472d7d9c51077a2bfa896a18\"},\"breadcrumb\":{\"@id\":\"https:\\\/\\\/www.cope.es\\\/blogs\\\/merinadas-deportivas\\\/2018\\\/03\\\/27\\\/pionero-josue-brachi\\\/#breadcrumb\"},\"inLanguage\":\"es\",\"potentialAction\":[{\"@type\":\"ReadAction\",\"target\":[\"https:\\\/\\\/www.cope.es\\\/blogs\\\/merinadas-deportivas\\\/2018\\\/03\\\/27\\\/pionero-josue-brachi\\\/\"]}]},{\"@type\":\"ImageObject\",\"inLanguage\":\"es\",\"@id\":\"https:\\\/\\\/www.cope.es\\\/blogs\\\/merinadas-deportivas\\\/2018\\\/03\\\/27\\\/pionero-josue-brachi\\\/#primaryimage\",\"url\":\"https:\\\/\\\/www.cope.es\\\/blogs\\\/merinadas-deportivas\\\/wp-content\\\/uploads\\\/sites\\\/14\\\/2018\\\/03\\\/IMG_20180327_110326.jpg\",\"contentUrl\":\"https:\\\/\\\/www.cope.es\\\/blogs\\\/merinadas-deportivas\\\/wp-content\\\/uploads\\\/sites\\\/14\\\/2018\\\/03\\\/IMG_20180327_110326.jpg\",\"width\":1280,\"height\":853},{\"@type\":\"BreadcrumbList\",\"@id\":\"https:\\\/\\\/www.cope.es\\\/blogs\\\/merinadas-deportivas\\\/2018\\\/03\\\/27\\\/pionero-josue-brachi\\\/#breadcrumb\",\"itemListElement\":[{\"@type\":\"ListItem\",\"position\":1,\"name\":\"Portada\",\"item\":\"https:\\\/\\\/www.cope.es\\\/blogs\\\/merinadas-deportivas\\\/\"},{\"@type\":\"ListItem\",\"position\":2,\"name\":\"Pionero Josu\u00e9 Brachi\"}]},{\"@type\":\"WebSite\",\"@id\":\"https:\\\/\\\/www.cope.es\\\/blogs\\\/merinadas-deportivas\\\/#website\",\"url\":\"https:\\\/\\\/www.cope.es\\\/blogs\\\/merinadas-deportivas\\\/\",\"name\":\"Las Merinadas Deportivas de Edu\",\"description\":\"Blog de deportes de  COPE\",\"potentialAction\":[{\"@type\":\"SearchAction\",\"target\":{\"@type\":\"EntryPoint\",\"urlTemplate\":\"https:\\\/\\\/www.cope.es\\\/blogs\\\/merinadas-deportivas\\\/?s={search_term_string}\"},\"query-input\":{\"@type\":\"PropertyValueSpecification\",\"valueRequired\":true,\"valueName\":\"search_term_string\"}}],\"inLanguage\":\"es\"},{\"@type\":\"Person\",\"@id\":\"https:\\\/\\\/www.cope.es\\\/blogs\\\/merinadas-deportivas\\\/#\\\/schema\\\/person\\\/feae8281472d7d9c51077a2bfa896a18\",\"name\":\"Eduardo Merino\",\"image\":{\"@type\":\"ImageObject\",\"inLanguage\":\"es\",\"@id\":\"https:\\\/\\\/secure.gravatar.com\\\/avatar\\\/1b689633847b6f17c03b3f9c4c239a399bd200259cca7376eb4a783247b45d2f?s=96&d=mm&r=g\",\"url\":\"https:\\\/\\\/secure.gravatar.com\\\/avatar\\\/1b689633847b6f17c03b3f9c4c239a399bd200259cca7376eb4a783247b45d2f?s=96&d=mm&r=g\",\"contentUrl\":\"https:\\\/\\\/secure.gravatar.com\\\/avatar\\\/1b689633847b6f17c03b3f9c4c239a399bd200259cca7376eb4a783247b45d2f?s=96&d=mm&r=g\",\"caption\":\"Eduardo Merino\"},\"description\":\"Un d\u00eda de verano de 2012 decid\u00ed embarcarme en esta aventura. Hab\u00edan terminado los Juegos Ol\u00edmpicos de Londres 2012 y comenc\u00e9 a escribir. El blog naci\u00f3 un 14 de agosto en la piscina de mi urbanizaci\u00f3n, as\u00ed de f\u00e1cil. En un principio se llam\u00f3 'Las Merinadas de Edu', haciendo un juego de palabras con mi nombre y mi primer apellido. Durante el primer a\u00f1o cab\u00eda de todo, actualidad, opiniones, reflexiones personales y mucho deporte. Lo que m\u00e1s me gusta en este mundo es el deporte, a parte de la radio, donde trabajo desde hace trece a\u00f1os. Por eso, llego el d\u00eda en que el blog se convirti\u00f3 en Las Merinadas Deportivas de Edu. Solo informaci\u00f3n deportiva, tratando actualidad e historia del deporte, de todo el deporte. Apoyando los \u00e9xitos de los deportistas espa\u00f1oles y destacando los logros de los n\u00fameros uno de cada disciplina. Espero que disfrutes de la visita. \u00a1Viva el deporte!\",\"sameAs\":[\"http:\\\/\\\/www.cadena100.es\",\"https:\\\/\\\/www.facebook.com\\\/edumerino32\",\"https:\\\/\\\/x.com\\\/EDUMERINOSPORTS\"],\"url\":\"https:\\\/\\\/www.cope.es\\\/blogs\\\/merinadas-deportivas\\\/author\\\/emerino\\\/\"}]}<\/script>\n<!-- \/ Yoast SEO plugin. -->","yoast_head_json":{"title":"Pionero Josu\u00e9 Brachi - Las Merinadas Deportivas de Edu","robots":{"index":"index","follow":"follow","max-snippet":"max-snippet:-1","max-image-preview":"max-image-preview:large","max-video-preview":"max-video-preview:-1"},"canonical":"https:\/\/www.cope.es\/blogs\/merinadas-deportivas\/2018\/03\/27\/pionero-josue-brachi\/","og_locale":"es_ES","og_type":"article","og_title":"Pionero Josu\u00e9 Brachi - Las Merinadas Deportivas de Edu","og_description":"El sevillano Josu\u00e9 Brachi abre otra puerta de par en par para el deporte espa\u00f1ol. Oro europeo en halterofilia que lo convierte en pionero. El deporte espa\u00f1ol ha sumado un nombre m\u00e1s a su lista de pioneros. Hasta el 26 de marzo de 2018, ning\u00fan hombre espa\u00f1ol hab\u00eda sido capaz de ganar un oro europeo [&hellip;]","og_url":"https:\/\/www.cope.es\/blogs\/merinadas-deportivas\/2018\/03\/27\/pionero-josue-brachi\/","og_site_name":"Las Merinadas Deportivas de Edu","article_publisher":"https:\/\/www.facebook.com\/cope\/","article_author":"https:\/\/www.facebook.com\/edumerino32","article_published_time":"2018-03-27T15:17:49+00:00","article_modified_time":"2019-03-26T16:35:42+00:00","og_image":[{"width":1280,"height":853,"url":"https:\/\/www.cope.es\/blogs\/merinadas-deportivas\/wp-content\/uploads\/sites\/14\/2018\/03\/IMG_20180327_110326.jpg","type":"image\/jpeg"}],"author":"Eduardo Merino","twitter_card":"summary_large_image","twitter_creator":"@EDUMERINOSPORTS","twitter_site":"@cope_es","twitter_misc":{"Escrito por":"Eduardo Merino","Tiempo de lectura":"2 minutos"},"schema":{"@context":"https:\/\/schema.org","@graph":[{"@type":"Article","@id":"https:\/\/www.cope.es\/blogs\/merinadas-deportivas\/2018\/03\/27\/pionero-josue-brachi\/#article","isPartOf":{"@id":"https:\/\/www.cope.es\/blogs\/merinadas-deportivas\/2018\/03\/27\/pionero-josue-brachi\/"},"author":{"name":"Eduardo Merino","@id":"https:\/\/www.cope.es\/blogs\/merinadas-deportivas\/#\/schema\/person\/feae8281472d7d9c51077a2bfa896a18"},"headline":"Pionero Josu\u00e9 Brachi","datePublished":"2018-03-27T15:17:49+00:00","dateModified":"2019-03-26T16:35:42+00:00","mainEntityOfPage":{"@id":"https:\/\/www.cope.es\/blogs\/merinadas-deportivas\/2018\/03\/27\/pionero-josue-brachi\/"},"wordCount":484,"commentCount":0,"image":{"@id":"https:\/\/www.cope.es\/blogs\/merinadas-deportivas\/2018\/03\/27\/pionero-josue-brachi\/#primaryimage"},"thumbnailUrl":"https:\/\/www.cope.es\/blogs\/merinadas-deportivas\/wp-content\/uploads\/sites\/14\/2018\/03\/IMG_20180327_110326.jpg","keywords":["Bucarest 2018","Campeonato de Europa","Gold medal","Halterofilia","Josu\u00e9 Brachi","weightlifting"],"articleSection":["deportes","opini\u00f3n"],"inLanguage":"es","potentialAction":[{"@type":"CommentAction","name":"Comment","target":["https:\/\/www.cope.es\/blogs\/merinadas-deportivas\/2018\/03\/27\/pionero-josue-brachi\/#respond"]}]},{"@type":"WebPage","@id":"https:\/\/www.cope.es\/blogs\/merinadas-deportivas\/2018\/03\/27\/pionero-josue-brachi\/","url":"https:\/\/www.cope.es\/blogs\/merinadas-deportivas\/2018\/03\/27\/pionero-josue-brachi\/","name":"Pionero Josu\u00e9 Brachi - Las Merinadas Deportivas de Edu","isPartOf":{"@id":"https:\/\/www.cope.es\/blogs\/merinadas-deportivas\/#website"},"primaryImageOfPage":{"@id":"https:\/\/www.cope.es\/blogs\/merinadas-deportivas\/2018\/03\/27\/pionero-josue-brachi\/#primaryimage"},"image":{"@id":"https:\/\/www.cope.es\/blogs\/merinadas-deportivas\/2018\/03\/27\/pionero-josue-brachi\/#primaryimage"},"thumbnailUrl":"https:\/\/www.cope.es\/blogs\/merinadas-deportivas\/wp-content\/uploads\/sites\/14\/2018\/03\/IMG_20180327_110326.jpg","datePublished":"2018-03-27T15:17:49+00:00","dateModified":"2019-03-26T16:35:42+00:00","author":{"@id":"https:\/\/www.cope.es\/blogs\/merinadas-deportivas\/#\/schema\/person\/feae8281472d7d9c51077a2bfa896a18"},"breadcrumb":{"@id":"https:\/\/www.cope.es\/blogs\/merinadas-deportivas\/2018\/03\/27\/pionero-josue-brachi\/#breadcrumb"},"inLanguage":"es","potentialAction":[{"@type":"ReadAction","target":["https:\/\/www.cope.es\/blogs\/merinadas-deportivas\/2018\/03\/27\/pionero-josue-brachi\/"]}]},{"@type":"ImageObject","inLanguage":"es","@id":"https:\/\/www.cope.es\/blogs\/merinadas-deportivas\/2018\/03\/27\/pionero-josue-brachi\/#primaryimage","url":"https:\/\/www.cope.es\/blogs\/merinadas-deportivas\/wp-content\/uploads\/sites\/14\/2018\/03\/IMG_20180327_110326.jpg","contentUrl":"https:\/\/www.cope.es\/blogs\/merinadas-deportivas\/wp-content\/uploads\/sites\/14\/2018\/03\/IMG_20180327_110326.jpg","width":1280,"height":853},{"@type":"BreadcrumbList","@id":"https:\/\/www.cope.es\/blogs\/merinadas-deportivas\/2018\/03\/27\/pionero-josue-brachi\/#breadcrumb","itemListElement":[{"@type":"ListItem","position":1,"name":"Portada","item":"https:\/\/www.cope.es\/blogs\/merinadas-deportivas\/"},{"@type":"ListItem","position":2,"name":"Pionero Josu\u00e9 Brachi"}]},{"@type":"WebSite","@id":"https:\/\/www.cope.es\/blogs\/merinadas-deportivas\/#website","url":"https:\/\/www.cope.es\/blogs\/merinadas-deportivas\/","name":"Las Merinadas Deportivas de Edu","description":"Blog de deportes de  COPE","potentialAction":[{"@type":"SearchAction","target":{"@type":"EntryPoint","urlTemplate":"https:\/\/www.cope.es\/blogs\/merinadas-deportivas\/?s={search_term_string}"},"query-input":{"@type":"PropertyValueSpecification","valueRequired":true,"valueName":"search_term_string"}}],"inLanguage":"es"},{"@type":"Person","@id":"https:\/\/www.cope.es\/blogs\/merinadas-deportivas\/#\/schema\/person\/feae8281472d7d9c51077a2bfa896a18","name":"Eduardo Merino","image":{"@type":"ImageObject","inLanguage":"es","@id":"https:\/\/secure.gravatar.com\/avatar\/1b689633847b6f17c03b3f9c4c239a399bd200259cca7376eb4a783247b45d2f?s=96&d=mm&r=g","url":"https:\/\/secure.gravatar.com\/avatar\/1b689633847b6f17c03b3f9c4c239a399bd200259cca7376eb4a783247b45d2f?s=96&d=mm&r=g","contentUrl":"https:\/\/secure.gravatar.com\/avatar\/1b689633847b6f17c03b3f9c4c239a399bd200259cca7376eb4a783247b45d2f?s=96&d=mm&r=g","caption":"Eduardo Merino"},"description":"Un d\u00eda de verano de 2012 decid\u00ed embarcarme en esta aventura. Hab\u00edan terminado los Juegos Ol\u00edmpicos de Londres 2012 y comenc\u00e9 a escribir. El blog naci\u00f3 un 14 de agosto en la piscina de mi urbanizaci\u00f3n, as\u00ed de f\u00e1cil. En un principio se llam\u00f3 'Las Merinadas de Edu', haciendo un juego de palabras con mi nombre y mi primer apellido. Durante el primer a\u00f1o cab\u00eda de todo, actualidad, opiniones, reflexiones personales y mucho deporte. Lo que m\u00e1s me gusta en este mundo es el deporte, a parte de la radio, donde trabajo desde hace trece a\u00f1os. Por eso, llego el d\u00eda en que el blog se convirti\u00f3 en Las Merinadas Deportivas de Edu. Solo informaci\u00f3n deportiva, tratando actualidad e historia del deporte, de todo el deporte. Apoyando los \u00e9xitos de los deportistas espa\u00f1oles y destacando los logros de los n\u00fameros uno de cada disciplina. Espero que disfrutes de la visita. \u00a1Viva el deporte!","sameAs":["http:\/\/www.cadena100.es","https:\/\/www.facebook.com\/edumerino32","https:\/\/x.com\/EDUMERINOSPORTS"],"url":"https:\/\/www.cope.es\/blogs\/merinadas-deportivas\/author\/emerino\/"}]}},"amp_enabled":true,"_links":{"self":[{"href":"https:\/\/www.cope.es\/blogs\/merinadas-deportivas\/wp-json\/wp\/v2\/posts\/578","targetHints":{"allow":["GET"]}}],"collection":[{"href":"https:\/\/www.cope.es\/blogs\/merinadas-deportivas\/wp-json\/wp\/v2\/posts"}],"about":[{"href":"https:\/\/www.cope.es\/blogs\/merinadas-deportivas\/wp-json\/wp\/v2\/types\/post"}],"author":[{"embeddable":true,"href":"https:\/\/www.cope.es\/blogs\/merinadas-deportivas\/wp-json\/wp\/v2\/users\/14"}],"replies":[{"embeddable":true,"href":"https:\/\/www.cope.es\/blogs\/merinadas-deportivas\/wp-json\/wp\/v2\/comments?post=578"}],"version-history":[{"count":2,"href":"https:\/\/www.cope.es\/blogs\/merinadas-deportivas\/wp-json\/wp\/v2\/posts\/578\/revisions"}],"predecessor-version":[{"id":2458,"href":"https:\/\/www.cope.es\/blogs\/merinadas-deportivas\/wp-json\/wp\/v2\/posts\/578\/revisions\/2458"}],"wp:featuredmedia":[{"embeddable":true,"href":"https:\/\/www.cope.es\/blogs\/merinadas-deportivas\/wp-json\/wp\/v2\/media\/584"}],"wp:attachment":[{"href":"https:\/\/www.cope.es\/blogs\/merinadas-deportivas\/wp-json\/wp\/v2\/media?parent=578"}],"wp:term":[{"taxonomy":"category","embeddable":true,"href":"https:\/\/www.cope.es\/blogs\/merinadas-deportivas\/wp-json\/wp\/v2\/categories?post=578"},{"taxonomy":"post_tag","embeddable":true,"href":"https:\/\/www.cope.es\/blogs\/merinadas-deportivas\/wp-json\/wp\/v2\/tags?post=578"}],"curies":[{"name":"wp","href":"https:\/\/api.w.org\/{rel}","templated":true}]}}