{"id":4083,"date":"2020-02-24T19:33:54","date_gmt":"2020-02-24T18:33:54","guid":{"rendered":"http:\/\/www.cope.es\/blogs\/merinadas-deportivas\/?p=4083"},"modified":"2020-02-24T20:27:32","modified_gmt":"2020-02-24T19:27:32","slug":"cuidemos-a-maria-vicente","status":"publish","type":"post","link":"https:\/\/www.cope.es\/blogs\/merinadas-deportivas\/2020\/02\/24\/cuidemos-a-maria-vicente\/","title":{"rendered":"Cuidemos a Mar\u00eda Vicente"},"content":{"rendered":"<p style=\"text-align: left;padding-left: 30px\"><img loading=\"lazy\" decoding=\"async\" width=\"819\" height=\"1024\" class=\"aligncenter size-large wp-image-4085\" src=\"http:\/\/www.cope.es\/blogs\/merinadas-deportivas\/wp-content\/uploads\/sites\/14\/2020\/02\/inCollage_20200223_184913160-819x1024.jpg\" alt=\"\" srcset=\"https:\/\/www.cope.es\/blogs\/merinadas-deportivas\/wp-content\/uploads\/sites\/14\/2020\/02\/inCollage_20200223_184913160-819x1024.jpg 819w, https:\/\/www.cope.es\/blogs\/merinadas-deportivas\/wp-content\/uploads\/sites\/14\/2020\/02\/inCollage_20200223_184913160-240x300.jpg 240w, https:\/\/www.cope.es\/blogs\/merinadas-deportivas\/wp-content\/uploads\/sites\/14\/2020\/02\/inCollage_20200223_184913160-768x960.jpg 768w, https:\/\/www.cope.es\/blogs\/merinadas-deportivas\/wp-content\/uploads\/sites\/14\/2020\/02\/inCollage_20200223_184913160.jpg 1920w\" sizes=\"auto, (max-width: 819px) 100vw, 819px\" \/><\/p>\n<p>Ella tambi\u00e9n estaba ah\u00ed. Observando y aplaudiendo a la venezolana Yulimar Rojas mientras bat\u00eda el r\u00e9cord mundial de triple salto en Gallur. Se llama Mar\u00eda Vicente (28 de marzo de 2001, L&#8217;Hospitalet de Llobregat, Barcelona) y es una de las grandes atletas del presente y del futuro del atletismo espa\u00f1ol. En el Meeting de Madrid anim\u00f3 como si fuera alguien del p\u00fablico, a la plusmarquista mundial de triple salto bajo techo, antes y durante la consecuci\u00f3n del r\u00e9cord del mundo. &#8220;Estoy muy contenta por haberlo vivido en primera fila, tan cerca, fue brutal. El p\u00fablico de Gallur es genial, con una atm\u00f3sfera incre\u00edble. Ojal\u00e1 sea as\u00ed siempre y se contagie en m\u00e1s pistas&#8221; dijo en una entrevista al diario As.<\/p>\n<h2>Mar\u00eda es una estrella<\/h2>\n<p><span style=\"font-weight: 400\">Es una de las maravillas que nos ofrece el atletismo en cada meeting, Europeos, Mundiales o Juegos Ol\u00edmpicos. El fair play y el apoyo a los rivales es muy dif\u00edcil de ver en otros deportes. El atletismo es compa\u00f1erismo, buen rollo y saber estar. Caracter\u00edsticas que tiene Mar\u00eda Vicente. He podido comprobarlo en dos ocasiones.\u00a0<\/span><\/p>\n<p><img loading=\"lazy\" decoding=\"async\" width=\"750\" height=\"581\" class=\"aligncenter size-large wp-image-4087\" src=\"http:\/\/www.cope.es\/blogs\/merinadas-deportivas\/wp-content\/uploads\/sites\/14\/2020\/02\/maria-vicente-es-el-cometa-halley-record-del-mundo-de-un-heptatlon-que-le-es-poco.jpg\" alt=\"\" srcset=\"https:\/\/www.cope.es\/blogs\/merinadas-deportivas\/wp-content\/uploads\/sites\/14\/2020\/02\/maria-vicente-es-el-cometa-halley-record-del-mundo-de-un-heptatlon-que-le-es-poco.jpg 750w, https:\/\/www.cope.es\/blogs\/merinadas-deportivas\/wp-content\/uploads\/sites\/14\/2020\/02\/maria-vicente-es-el-cometa-halley-record-del-mundo-de-un-heptatlon-que-le-es-poco-300x232.jpg 300w\" sizes=\"auto, (max-width: 750px) 100vw, 750px\" \/><\/p>\n<p><span style=\"font-weight: 400\">En Vallehermoso (agosto de 2019) y en Gallur (febrero de 2020). Es una aut\u00e9ntica estrella del atletismo espa\u00f1ol. Todo el mundo la conoce, la quiere y desea que le vaya bonito en cada competici\u00f3n\u00a0 Liderar el atletismo femenino espa\u00f1ol est\u00e1 en sus manos en la pr\u00f3xima d\u00e9cada.\u00a0<\/span><\/p>\n<h2>Sin prisa pero sin pausa<\/h2>\n<p><span style=\"font-weight: 400\">Por eso hay que ir paso a paso con ella, sin prisa pero sin pausa. Cuidemos a Mar\u00eda Vicente. No adelantemos acontecimientos ni busquemos marcas imposibles para una mujer que afortunadamente tiene los pies en el suelo. Gracias a su forma de ser y a las ense\u00f1anzas que ha recibido de su madre y de su entrenador.<\/span><\/p>\n<p><span style=\"font-weight: 400\">En Gallur no le fue bien en la competici\u00f3n de triple salto. Salt\u00f3 13,37, acerc\u00e1ndose a su marca personal, pero no fue suficiente. Estuvo lesionada parte de la pretemporada de pista cubierta. Se suele defender bien en esa prueba, aunque su disciplina principal es el heptatl\u00f3n. Poco a poco va cogiendo sitio en la \u00e9lite del atletismo nacional.\u00a0<\/span><\/p>\n<p><span style=\"font-weight: 400\">Todo apunta a que sus Juegos Ol\u00edmpicos seran los de Par\u00eds 2024 y los de Los \u00c1ngeles 2028. Da gusto verla competir y su progresi\u00f3n es magn\u00edfica.\u00a0<\/span><span style=\"font-weight: 400\">Campeona del mundo juvenil en 2017. Oro en el Europeo sub-18 en 2018. Una medalla de oro que lleg\u00f3 acompa\u00f1ada de un r\u00e9cord del mundo espectacular.\u00a0 Adem\u00e1s tambi\u00e9n fue oro en triple salto en aquel campeonato. En los Juegos Ol\u00edmpicos de la Juventud celebrados en Buenos Aires (Argentina) fue subcampeona en triple salto. En el Europeo sub-20 de 2019 tambi\u00e9n se colg\u00f3 un oro en la combinada.<\/span><\/p>\n<p><img loading=\"lazy\" decoding=\"async\" width=\"1024\" height=\"576\" class=\"aligncenter size-large wp-image-4088\" src=\"http:\/\/www.cope.es\/blogs\/merinadas-deportivas\/wp-content\/uploads\/sites\/14\/2020\/02\/1528057239_040694_1528057308_noticia_normal-1024x576.jpg\" alt=\"\" srcset=\"https:\/\/www.cope.es\/blogs\/merinadas-deportivas\/wp-content\/uploads\/sites\/14\/2020\/02\/1528057239_040694_1528057308_noticia_normal-1024x576.jpg 1024w, https:\/\/www.cope.es\/blogs\/merinadas-deportivas\/wp-content\/uploads\/sites\/14\/2020\/02\/1528057239_040694_1528057308_noticia_normal-300x169.jpg 300w, https:\/\/www.cope.es\/blogs\/merinadas-deportivas\/wp-content\/uploads\/sites\/14\/2020\/02\/1528057239_040694_1528057308_noticia_normal-768x432.jpg 768w, https:\/\/www.cope.es\/blogs\/merinadas-deportivas\/wp-content\/uploads\/sites\/14\/2020\/02\/1528057239_040694_1528057308_noticia_normal.jpg 1200w\" sizes=\"auto, (max-width: 1024px) 100vw, 1024px\" \/><\/p>\n<p><span style=\"font-weight: 400\">Mar\u00eda Vicente tiene un sue\u00f1o: ganar la triple corona en heptatl\u00f3n: Juegos Ol\u00edmpicos, Mundial y Europeo. Es un diamante. Solo falta seguir puli\u00e9ndolo para que pueda cumplir sus objetivos y alcance la cima del atletismo espa\u00f1ol. El presente y el futuro del heptatl\u00f3n son suyos.\u00a0<\/span><\/p>\n<h2 style=\"text-align: left\">Las pr\u00f3ximas citas al aire libre<\/h2>\n<p style=\"text-align: left\">Citas de Mar\u00eda Vicente en 2020 al aire libre: el Campeonato Iberoamericano en Tenerife, del 22 al 24 de mayo, el Mundial Sub-20 en Nairobi (Kenia) del 7 al 12 de julio y el Europeo de Par\u00eds, del 26 al 30 de agosto.<\/p>\n<h5 style=\"text-align: left\">Fotos: EFE, AP, Getty Images<\/h5>\n","protected":false},"excerpt":{"rendered":"<p>Ella tambi\u00e9n estaba ah\u00ed. Observando y aplaudiendo a la venezolana Yulimar Rojas mientras bat\u00eda el r\u00e9cord mundial de triple salto en Gallur. Se llama Mar\u00eda Vicente (28 de marzo de 2001, L&#8217;Hospitalet de Llobregat, Barcelona) y es una de las grandes atletas del presente y del futuro del atletismo espa\u00f1ol. En el Meeting de Madrid [&hellip;]<\/p>\n","protected":false},"author":14,"featured_media":4086,"comment_status":"open","ping_status":"open","sticky":false,"template":"","format":"standard","meta":{"footnotes":""},"categories":[1502,1493,1577,13,1565,1366],"tags":[114,98,49,1717,1409,534],"class_list":["post-4083","post","type-post","status-publish","format-standard","has-post-thumbnail","hentry","category-atletismo","category-deporte-espanol","category-deporte-femenino","category-deportes","category-maria-vicente","category-opinion","tag-athletics","tag-atletismo","tag-deporte-femenino","tag-heptatlon","tag-maria-vicente","tag-triple-salto"],"yoast_head":"<!-- This site is optimized with the Yoast SEO plugin v27.4 - https:\/\/yoast.com\/product\/yoast-seo-wordpress\/ -->\n<title>Cuidemos a Mar\u00eda Vicente - Las Merinadas Deportivas de Edu<\/title>\n<meta name=\"robots\" content=\"index, follow, max-snippet:-1, max-image-preview:large, max-video-preview:-1\" \/>\n<link rel=\"canonical\" href=\"https:\/\/www.cope.es\/blogs\/merinadas-deportivas\/2020\/02\/24\/cuidemos-a-maria-vicente\/\" \/>\n<meta property=\"og:locale\" content=\"es_ES\" \/>\n<meta property=\"og:type\" content=\"article\" \/>\n<meta property=\"og:title\" content=\"Cuidemos a Mar\u00eda Vicente - Las Merinadas Deportivas de Edu\" \/>\n<meta property=\"og:description\" content=\"Ella tambi\u00e9n estaba ah\u00ed. Observando y aplaudiendo a la venezolana Yulimar Rojas mientras bat\u00eda el r\u00e9cord mundial de triple salto en Gallur. Se llama Mar\u00eda Vicente (28 de marzo de 2001, L&#8217;Hospitalet de Llobregat, Barcelona) y es una de las grandes atletas del presente y del futuro del atletismo espa\u00f1ol. En el Meeting de Madrid [&hellip;]\" \/>\n<meta property=\"og:url\" content=\"https:\/\/www.cope.es\/blogs\/merinadas-deportivas\/2020\/02\/24\/cuidemos-a-maria-vicente\/\" \/>\n<meta property=\"og:site_name\" content=\"Las Merinadas Deportivas de Edu\" \/>\n<meta property=\"article:publisher\" content=\"https:\/\/www.facebook.com\/cope\/\" \/>\n<meta property=\"article:author\" content=\"https:\/\/www.facebook.com\/edumerino32\" \/>\n<meta property=\"article:published_time\" content=\"2020-02-24T18:33:54+00:00\" \/>\n<meta property=\"article:modified_time\" content=\"2020-02-24T19:27:32+00:00\" \/>\n<meta property=\"og:image\" content=\"https:\/\/www.cope.es\/blogs\/merinadas-deportivas\/wp-content\/uploads\/sites\/14\/2020\/02\/1162978274_20190719155846481-kbSB-U463589419622eF-992x558@LaVanguardia-Web.jpg\" \/>\n\t<meta property=\"og:image:width\" content=\"984\" \/>\n\t<meta property=\"og:image:height\" content=\"558\" \/>\n\t<meta property=\"og:image:type\" content=\"image\/jpeg\" \/>\n<meta name=\"author\" content=\"Eduardo Merino\" \/>\n<meta name=\"twitter:card\" content=\"summary_large_image\" \/>\n<meta name=\"twitter:creator\" content=\"@EDUMERINOSPORTS\" \/>\n<meta name=\"twitter:site\" content=\"@cope_es\" \/>\n<meta name=\"twitter:label1\" content=\"Escrito por\" \/>\n\t<meta name=\"twitter:data1\" content=\"Eduardo Merino\" \/>\n\t<meta name=\"twitter:label2\" content=\"Tiempo de lectura\" \/>\n\t<meta name=\"twitter:data2\" content=\"3 minutos\" \/>\n<script type=\"application\/ld+json\" class=\"yoast-schema-graph\">{\"@context\":\"https:\\\/\\\/schema.org\",\"@graph\":[{\"@type\":\"Article\",\"@id\":\"https:\\\/\\\/www.cope.es\\\/blogs\\\/merinadas-deportivas\\\/2020\\\/02\\\/24\\\/cuidemos-a-maria-vicente\\\/#article\",\"isPartOf\":{\"@id\":\"https:\\\/\\\/www.cope.es\\\/blogs\\\/merinadas-deportivas\\\/2020\\\/02\\\/24\\\/cuidemos-a-maria-vicente\\\/\"},\"author\":{\"name\":\"Eduardo Merino\",\"@id\":\"https:\\\/\\\/www.cope.es\\\/blogs\\\/merinadas-deportivas\\\/#\\\/schema\\\/person\\\/feae8281472d7d9c51077a2bfa896a18\"},\"headline\":\"Cuidemos a Mar\u00eda Vicente\",\"datePublished\":\"2020-02-24T18:33:54+00:00\",\"dateModified\":\"2020-02-24T19:27:32+00:00\",\"mainEntityOfPage\":{\"@id\":\"https:\\\/\\\/www.cope.es\\\/blogs\\\/merinadas-deportivas\\\/2020\\\/02\\\/24\\\/cuidemos-a-maria-vicente\\\/\"},\"wordCount\":576,\"commentCount\":0,\"image\":{\"@id\":\"https:\\\/\\\/www.cope.es\\\/blogs\\\/merinadas-deportivas\\\/2020\\\/02\\\/24\\\/cuidemos-a-maria-vicente\\\/#primaryimage\"},\"thumbnailUrl\":\"https:\\\/\\\/www.cope.es\\\/blogs\\\/merinadas-deportivas\\\/wp-content\\\/uploads\\\/sites\\\/14\\\/2020\\\/02\\\/1162978274_20190719155846481-kbSB-U463589419622eF-992x558@LaVanguardia-Web.jpg\",\"keywords\":[\"athletics\",\"atletismo\",\"deporte femenino\",\"heptatl\u00f3n\",\"Mar\u00eda Vicente\",\"triple salto\"],\"articleSection\":[\"Atletismo\",\"deporte espa\u00f1ol\",\"Deporte Femenino\",\"deportes\",\"Mar\u00eda Vicente\",\"opini\u00f3n\"],\"inLanguage\":\"es\",\"potentialAction\":[{\"@type\":\"CommentAction\",\"name\":\"Comment\",\"target\":[\"https:\\\/\\\/www.cope.es\\\/blogs\\\/merinadas-deportivas\\\/2020\\\/02\\\/24\\\/cuidemos-a-maria-vicente\\\/#respond\"]}]},{\"@type\":\"WebPage\",\"@id\":\"https:\\\/\\\/www.cope.es\\\/blogs\\\/merinadas-deportivas\\\/2020\\\/02\\\/24\\\/cuidemos-a-maria-vicente\\\/\",\"url\":\"https:\\\/\\\/www.cope.es\\\/blogs\\\/merinadas-deportivas\\\/2020\\\/02\\\/24\\\/cuidemos-a-maria-vicente\\\/\",\"name\":\"Cuidemos a Mar\u00eda Vicente - Las Merinadas Deportivas de Edu\",\"isPartOf\":{\"@id\":\"https:\\\/\\\/www.cope.es\\\/blogs\\\/merinadas-deportivas\\\/#website\"},\"primaryImageOfPage\":{\"@id\":\"https:\\\/\\\/www.cope.es\\\/blogs\\\/merinadas-deportivas\\\/2020\\\/02\\\/24\\\/cuidemos-a-maria-vicente\\\/#primaryimage\"},\"image\":{\"@id\":\"https:\\\/\\\/www.cope.es\\\/blogs\\\/merinadas-deportivas\\\/2020\\\/02\\\/24\\\/cuidemos-a-maria-vicente\\\/#primaryimage\"},\"thumbnailUrl\":\"https:\\\/\\\/www.cope.es\\\/blogs\\\/merinadas-deportivas\\\/wp-content\\\/uploads\\\/sites\\\/14\\\/2020\\\/02\\\/1162978274_20190719155846481-kbSB-U463589419622eF-992x558@LaVanguardia-Web.jpg\",\"datePublished\":\"2020-02-24T18:33:54+00:00\",\"dateModified\":\"2020-02-24T19:27:32+00:00\",\"author\":{\"@id\":\"https:\\\/\\\/www.cope.es\\\/blogs\\\/merinadas-deportivas\\\/#\\\/schema\\\/person\\\/feae8281472d7d9c51077a2bfa896a18\"},\"breadcrumb\":{\"@id\":\"https:\\\/\\\/www.cope.es\\\/blogs\\\/merinadas-deportivas\\\/2020\\\/02\\\/24\\\/cuidemos-a-maria-vicente\\\/#breadcrumb\"},\"inLanguage\":\"es\",\"potentialAction\":[{\"@type\":\"ReadAction\",\"target\":[\"https:\\\/\\\/www.cope.es\\\/blogs\\\/merinadas-deportivas\\\/2020\\\/02\\\/24\\\/cuidemos-a-maria-vicente\\\/\"]}]},{\"@type\":\"ImageObject\",\"inLanguage\":\"es\",\"@id\":\"https:\\\/\\\/www.cope.es\\\/blogs\\\/merinadas-deportivas\\\/2020\\\/02\\\/24\\\/cuidemos-a-maria-vicente\\\/#primaryimage\",\"url\":\"https:\\\/\\\/www.cope.es\\\/blogs\\\/merinadas-deportivas\\\/wp-content\\\/uploads\\\/sites\\\/14\\\/2020\\\/02\\\/1162978274_20190719155846481-kbSB-U463589419622eF-992x558@LaVanguardia-Web.jpg\",\"contentUrl\":\"https:\\\/\\\/www.cope.es\\\/blogs\\\/merinadas-deportivas\\\/wp-content\\\/uploads\\\/sites\\\/14\\\/2020\\\/02\\\/1162978274_20190719155846481-kbSB-U463589419622eF-992x558@LaVanguardia-Web.jpg\",\"width\":984,\"height\":558},{\"@type\":\"BreadcrumbList\",\"@id\":\"https:\\\/\\\/www.cope.es\\\/blogs\\\/merinadas-deportivas\\\/2020\\\/02\\\/24\\\/cuidemos-a-maria-vicente\\\/#breadcrumb\",\"itemListElement\":[{\"@type\":\"ListItem\",\"position\":1,\"name\":\"Portada\",\"item\":\"https:\\\/\\\/www.cope.es\\\/blogs\\\/merinadas-deportivas\\\/\"},{\"@type\":\"ListItem\",\"position\":2,\"name\":\"Cuidemos a Mar\u00eda Vicente\"}]},{\"@type\":\"WebSite\",\"@id\":\"https:\\\/\\\/www.cope.es\\\/blogs\\\/merinadas-deportivas\\\/#website\",\"url\":\"https:\\\/\\\/www.cope.es\\\/blogs\\\/merinadas-deportivas\\\/\",\"name\":\"Las Merinadas Deportivas de Edu\",\"description\":\"Blog de deportes de  COPE\",\"potentialAction\":[{\"@type\":\"SearchAction\",\"target\":{\"@type\":\"EntryPoint\",\"urlTemplate\":\"https:\\\/\\\/www.cope.es\\\/blogs\\\/merinadas-deportivas\\\/?s={search_term_string}\"},\"query-input\":{\"@type\":\"PropertyValueSpecification\",\"valueRequired\":true,\"valueName\":\"search_term_string\"}}],\"inLanguage\":\"es\"},{\"@type\":\"Person\",\"@id\":\"https:\\\/\\\/www.cope.es\\\/blogs\\\/merinadas-deportivas\\\/#\\\/schema\\\/person\\\/feae8281472d7d9c51077a2bfa896a18\",\"name\":\"Eduardo Merino\",\"image\":{\"@type\":\"ImageObject\",\"inLanguage\":\"es\",\"@id\":\"https:\\\/\\\/secure.gravatar.com\\\/avatar\\\/1b689633847b6f17c03b3f9c4c239a399bd200259cca7376eb4a783247b45d2f?s=96&d=mm&r=g\",\"url\":\"https:\\\/\\\/secure.gravatar.com\\\/avatar\\\/1b689633847b6f17c03b3f9c4c239a399bd200259cca7376eb4a783247b45d2f?s=96&d=mm&r=g\",\"contentUrl\":\"https:\\\/\\\/secure.gravatar.com\\\/avatar\\\/1b689633847b6f17c03b3f9c4c239a399bd200259cca7376eb4a783247b45d2f?s=96&d=mm&r=g\",\"caption\":\"Eduardo Merino\"},\"description\":\"Un d\u00eda de verano de 2012 decid\u00ed embarcarme en esta aventura. Hab\u00edan terminado los Juegos Ol\u00edmpicos de Londres 2012 y comenc\u00e9 a escribir. El blog naci\u00f3 un 14 de agosto en la piscina de mi urbanizaci\u00f3n, as\u00ed de f\u00e1cil. En un principio se llam\u00f3 'Las Merinadas de Edu', haciendo un juego de palabras con mi nombre y mi primer apellido. Durante el primer a\u00f1o cab\u00eda de todo, actualidad, opiniones, reflexiones personales y mucho deporte. Lo que m\u00e1s me gusta en este mundo es el deporte, a parte de la radio, donde trabajo desde hace trece a\u00f1os. Por eso, llego el d\u00eda en que el blog se convirti\u00f3 en Las Merinadas Deportivas de Edu. Solo informaci\u00f3n deportiva, tratando actualidad e historia del deporte, de todo el deporte. Apoyando los \u00e9xitos de los deportistas espa\u00f1oles y destacando los logros de los n\u00fameros uno de cada disciplina. Espero que disfrutes de la visita. \u00a1Viva el deporte!\",\"sameAs\":[\"http:\\\/\\\/www.cadena100.es\",\"https:\\\/\\\/www.facebook.com\\\/edumerino32\",\"https:\\\/\\\/x.com\\\/EDUMERINOSPORTS\"],\"url\":\"https:\\\/\\\/www.cope.es\\\/blogs\\\/merinadas-deportivas\\\/author\\\/emerino\\\/\"}]}<\/script>\n<!-- \/ Yoast SEO plugin. -->","yoast_head_json":{"title":"Cuidemos a Mar\u00eda Vicente - Las Merinadas Deportivas de Edu","robots":{"index":"index","follow":"follow","max-snippet":"max-snippet:-1","max-image-preview":"max-image-preview:large","max-video-preview":"max-video-preview:-1"},"canonical":"https:\/\/www.cope.es\/blogs\/merinadas-deportivas\/2020\/02\/24\/cuidemos-a-maria-vicente\/","og_locale":"es_ES","og_type":"article","og_title":"Cuidemos a Mar\u00eda Vicente - Las Merinadas Deportivas de Edu","og_description":"Ella tambi\u00e9n estaba ah\u00ed. Observando y aplaudiendo a la venezolana Yulimar Rojas mientras bat\u00eda el r\u00e9cord mundial de triple salto en Gallur. Se llama Mar\u00eda Vicente (28 de marzo de 2001, L&#8217;Hospitalet de Llobregat, Barcelona) y es una de las grandes atletas del presente y del futuro del atletismo espa\u00f1ol. En el Meeting de Madrid [&hellip;]","og_url":"https:\/\/www.cope.es\/blogs\/merinadas-deportivas\/2020\/02\/24\/cuidemos-a-maria-vicente\/","og_site_name":"Las Merinadas Deportivas de Edu","article_publisher":"https:\/\/www.facebook.com\/cope\/","article_author":"https:\/\/www.facebook.com\/edumerino32","article_published_time":"2020-02-24T18:33:54+00:00","article_modified_time":"2020-02-24T19:27:32+00:00","og_image":[{"width":984,"height":558,"url":"https:\/\/www.cope.es\/blogs\/merinadas-deportivas\/wp-content\/uploads\/sites\/14\/2020\/02\/1162978274_20190719155846481-kbSB-U463589419622eF-992x558@LaVanguardia-Web.jpg","type":"image\/jpeg"}],"author":"Eduardo Merino","twitter_card":"summary_large_image","twitter_creator":"@EDUMERINOSPORTS","twitter_site":"@cope_es","twitter_misc":{"Escrito por":"Eduardo Merino","Tiempo de lectura":"3 minutos"},"schema":{"@context":"https:\/\/schema.org","@graph":[{"@type":"Article","@id":"https:\/\/www.cope.es\/blogs\/merinadas-deportivas\/2020\/02\/24\/cuidemos-a-maria-vicente\/#article","isPartOf":{"@id":"https:\/\/www.cope.es\/blogs\/merinadas-deportivas\/2020\/02\/24\/cuidemos-a-maria-vicente\/"},"author":{"name":"Eduardo Merino","@id":"https:\/\/www.cope.es\/blogs\/merinadas-deportivas\/#\/schema\/person\/feae8281472d7d9c51077a2bfa896a18"},"headline":"Cuidemos a Mar\u00eda Vicente","datePublished":"2020-02-24T18:33:54+00:00","dateModified":"2020-02-24T19:27:32+00:00","mainEntityOfPage":{"@id":"https:\/\/www.cope.es\/blogs\/merinadas-deportivas\/2020\/02\/24\/cuidemos-a-maria-vicente\/"},"wordCount":576,"commentCount":0,"image":{"@id":"https:\/\/www.cope.es\/blogs\/merinadas-deportivas\/2020\/02\/24\/cuidemos-a-maria-vicente\/#primaryimage"},"thumbnailUrl":"https:\/\/www.cope.es\/blogs\/merinadas-deportivas\/wp-content\/uploads\/sites\/14\/2020\/02\/1162978274_20190719155846481-kbSB-U463589419622eF-992x558@LaVanguardia-Web.jpg","keywords":["athletics","atletismo","deporte femenino","heptatl\u00f3n","Mar\u00eda Vicente","triple salto"],"articleSection":["Atletismo","deporte espa\u00f1ol","Deporte Femenino","deportes","Mar\u00eda Vicente","opini\u00f3n"],"inLanguage":"es","potentialAction":[{"@type":"CommentAction","name":"Comment","target":["https:\/\/www.cope.es\/blogs\/merinadas-deportivas\/2020\/02\/24\/cuidemos-a-maria-vicente\/#respond"]}]},{"@type":"WebPage","@id":"https:\/\/www.cope.es\/blogs\/merinadas-deportivas\/2020\/02\/24\/cuidemos-a-maria-vicente\/","url":"https:\/\/www.cope.es\/blogs\/merinadas-deportivas\/2020\/02\/24\/cuidemos-a-maria-vicente\/","name":"Cuidemos a Mar\u00eda Vicente - Las Merinadas Deportivas de Edu","isPartOf":{"@id":"https:\/\/www.cope.es\/blogs\/merinadas-deportivas\/#website"},"primaryImageOfPage":{"@id":"https:\/\/www.cope.es\/blogs\/merinadas-deportivas\/2020\/02\/24\/cuidemos-a-maria-vicente\/#primaryimage"},"image":{"@id":"https:\/\/www.cope.es\/blogs\/merinadas-deportivas\/2020\/02\/24\/cuidemos-a-maria-vicente\/#primaryimage"},"thumbnailUrl":"https:\/\/www.cope.es\/blogs\/merinadas-deportivas\/wp-content\/uploads\/sites\/14\/2020\/02\/1162978274_20190719155846481-kbSB-U463589419622eF-992x558@LaVanguardia-Web.jpg","datePublished":"2020-02-24T18:33:54+00:00","dateModified":"2020-02-24T19:27:32+00:00","author":{"@id":"https:\/\/www.cope.es\/blogs\/merinadas-deportivas\/#\/schema\/person\/feae8281472d7d9c51077a2bfa896a18"},"breadcrumb":{"@id":"https:\/\/www.cope.es\/blogs\/merinadas-deportivas\/2020\/02\/24\/cuidemos-a-maria-vicente\/#breadcrumb"},"inLanguage":"es","potentialAction":[{"@type":"ReadAction","target":["https:\/\/www.cope.es\/blogs\/merinadas-deportivas\/2020\/02\/24\/cuidemos-a-maria-vicente\/"]}]},{"@type":"ImageObject","inLanguage":"es","@id":"https:\/\/www.cope.es\/blogs\/merinadas-deportivas\/2020\/02\/24\/cuidemos-a-maria-vicente\/#primaryimage","url":"https:\/\/www.cope.es\/blogs\/merinadas-deportivas\/wp-content\/uploads\/sites\/14\/2020\/02\/1162978274_20190719155846481-kbSB-U463589419622eF-992x558@LaVanguardia-Web.jpg","contentUrl":"https:\/\/www.cope.es\/blogs\/merinadas-deportivas\/wp-content\/uploads\/sites\/14\/2020\/02\/1162978274_20190719155846481-kbSB-U463589419622eF-992x558@LaVanguardia-Web.jpg","width":984,"height":558},{"@type":"BreadcrumbList","@id":"https:\/\/www.cope.es\/blogs\/merinadas-deportivas\/2020\/02\/24\/cuidemos-a-maria-vicente\/#breadcrumb","itemListElement":[{"@type":"ListItem","position":1,"name":"Portada","item":"https:\/\/www.cope.es\/blogs\/merinadas-deportivas\/"},{"@type":"ListItem","position":2,"name":"Cuidemos a Mar\u00eda Vicente"}]},{"@type":"WebSite","@id":"https:\/\/www.cope.es\/blogs\/merinadas-deportivas\/#website","url":"https:\/\/www.cope.es\/blogs\/merinadas-deportivas\/","name":"Las Merinadas Deportivas de Edu","description":"Blog de deportes de  COPE","potentialAction":[{"@type":"SearchAction","target":{"@type":"EntryPoint","urlTemplate":"https:\/\/www.cope.es\/blogs\/merinadas-deportivas\/?s={search_term_string}"},"query-input":{"@type":"PropertyValueSpecification","valueRequired":true,"valueName":"search_term_string"}}],"inLanguage":"es"},{"@type":"Person","@id":"https:\/\/www.cope.es\/blogs\/merinadas-deportivas\/#\/schema\/person\/feae8281472d7d9c51077a2bfa896a18","name":"Eduardo Merino","image":{"@type":"ImageObject","inLanguage":"es","@id":"https:\/\/secure.gravatar.com\/avatar\/1b689633847b6f17c03b3f9c4c239a399bd200259cca7376eb4a783247b45d2f?s=96&d=mm&r=g","url":"https:\/\/secure.gravatar.com\/avatar\/1b689633847b6f17c03b3f9c4c239a399bd200259cca7376eb4a783247b45d2f?s=96&d=mm&r=g","contentUrl":"https:\/\/secure.gravatar.com\/avatar\/1b689633847b6f17c03b3f9c4c239a399bd200259cca7376eb4a783247b45d2f?s=96&d=mm&r=g","caption":"Eduardo Merino"},"description":"Un d\u00eda de verano de 2012 decid\u00ed embarcarme en esta aventura. Hab\u00edan terminado los Juegos Ol\u00edmpicos de Londres 2012 y comenc\u00e9 a escribir. El blog naci\u00f3 un 14 de agosto en la piscina de mi urbanizaci\u00f3n, as\u00ed de f\u00e1cil. En un principio se llam\u00f3 'Las Merinadas de Edu', haciendo un juego de palabras con mi nombre y mi primer apellido. Durante el primer a\u00f1o cab\u00eda de todo, actualidad, opiniones, reflexiones personales y mucho deporte. Lo que m\u00e1s me gusta en este mundo es el deporte, a parte de la radio, donde trabajo desde hace trece a\u00f1os. Por eso, llego el d\u00eda en que el blog se convirti\u00f3 en Las Merinadas Deportivas de Edu. Solo informaci\u00f3n deportiva, tratando actualidad e historia del deporte, de todo el deporte. Apoyando los \u00e9xitos de los deportistas espa\u00f1oles y destacando los logros de los n\u00fameros uno de cada disciplina. Espero que disfrutes de la visita. \u00a1Viva el deporte!","sameAs":["http:\/\/www.cadena100.es","https:\/\/www.facebook.com\/edumerino32","https:\/\/x.com\/EDUMERINOSPORTS"],"url":"https:\/\/www.cope.es\/blogs\/merinadas-deportivas\/author\/emerino\/"}]}},"amp_enabled":true,"_links":{"self":[{"href":"https:\/\/www.cope.es\/blogs\/merinadas-deportivas\/wp-json\/wp\/v2\/posts\/4083","targetHints":{"allow":["GET"]}}],"collection":[{"href":"https:\/\/www.cope.es\/blogs\/merinadas-deportivas\/wp-json\/wp\/v2\/posts"}],"about":[{"href":"https:\/\/www.cope.es\/blogs\/merinadas-deportivas\/wp-json\/wp\/v2\/types\/post"}],"author":[{"embeddable":true,"href":"https:\/\/www.cope.es\/blogs\/merinadas-deportivas\/wp-json\/wp\/v2\/users\/14"}],"replies":[{"embeddable":true,"href":"https:\/\/www.cope.es\/blogs\/merinadas-deportivas\/wp-json\/wp\/v2\/comments?post=4083"}],"version-history":[{"count":3,"href":"https:\/\/www.cope.es\/blogs\/merinadas-deportivas\/wp-json\/wp\/v2\/posts\/4083\/revisions"}],"predecessor-version":[{"id":4093,"href":"https:\/\/www.cope.es\/blogs\/merinadas-deportivas\/wp-json\/wp\/v2\/posts\/4083\/revisions\/4093"}],"wp:featuredmedia":[{"embeddable":true,"href":"https:\/\/www.cope.es\/blogs\/merinadas-deportivas\/wp-json\/wp\/v2\/media\/4086"}],"wp:attachment":[{"href":"https:\/\/www.cope.es\/blogs\/merinadas-deportivas\/wp-json\/wp\/v2\/media?parent=4083"}],"wp:term":[{"taxonomy":"category","embeddable":true,"href":"https:\/\/www.cope.es\/blogs\/merinadas-deportivas\/wp-json\/wp\/v2\/categories?post=4083"},{"taxonomy":"post_tag","embeddable":true,"href":"https:\/\/www.cope.es\/blogs\/merinadas-deportivas\/wp-json\/wp\/v2\/tags?post=4083"}],"curies":[{"name":"wp","href":"https:\/\/api.w.org\/{rel}","templated":true}]}}