{"id":3073,"date":"2019-07-23T19:45:00","date_gmt":"2019-07-23T17:45:00","guid":{"rendered":"http:\/\/www.cope.es\/blogs\/merinadas-deportivas\/?p=3073"},"modified":"2019-07-23T18:16:43","modified_gmt":"2019-07-23T16:16:43","slug":"el-oro-que-cambio-el-baloncesto-espanol","status":"publish","type":"post","link":"https:\/\/www.cope.es\/blogs\/merinadas-deportivas\/2019\/07\/23\/el-oro-que-cambio-el-baloncesto-espanol\/","title":{"rendered":"El oro que cambi\u00f3 el baloncesto espa\u00f1ol"},"content":{"rendered":"<p><img loading=\"lazy\" decoding=\"async\" width=\"1024\" height=\"576\" class=\"aligncenter wp-image-3075 size-large\" src=\"http:\/\/www.cope.es\/blogs\/merinadas-deportivas\/wp-content\/uploads\/sites\/14\/2019\/07\/Deportes_106750742_2022299_1706x960-1024x576.jpg\" alt=\"\" srcset=\"https:\/\/www.cope.es\/blogs\/merinadas-deportivas\/wp-content\/uploads\/sites\/14\/2019\/07\/Deportes_106750742_2022299_1706x960-1024x576.jpg 1024w, https:\/\/www.cope.es\/blogs\/merinadas-deportivas\/wp-content\/uploads\/sites\/14\/2019\/07\/Deportes_106750742_2022299_1706x960-300x169.jpg 300w, https:\/\/www.cope.es\/blogs\/merinadas-deportivas\/wp-content\/uploads\/sites\/14\/2019\/07\/Deportes_106750742_2022299_1706x960-768x432.jpg 768w, https:\/\/www.cope.es\/blogs\/merinadas-deportivas\/wp-content\/uploads\/sites\/14\/2019\/07\/Deportes_106750742_2022299_1706x960.jpg 1706w\" sizes=\"auto, (max-width: 1024px) 100vw, 1024px\" \/><\/p>\n<p><span style=\"font-weight: 400\">Los que me conocen lo saben de sobra. Mi amor por el deporte se convierte muchas veces en obsesi\u00f3n. Hasta tal punto que recuerdo muchos de los acontecimientos de mi vida personal gracias a efem\u00e9rides deportivas. Me sirve para ejercitar la memoria y tambi\u00e9n para emocionarme rememorando acontecimientos hist\u00f3ricos del deporte espa\u00f1ol. <\/span><\/p>\n<p><span style=\"font-weight: 400\">El 25 de julio de 1999 se produjo un momento m\u00e1gico, inolvidable, para la eternidad. Ese d\u00eda la selecci\u00f3n junior de baloncesto gan\u00f3 un oro que cambi\u00f3 para siempre el deporte de la canasta en Espa\u00f1a.\u00a0<\/span><\/p>\n<p><img loading=\"lazy\" decoding=\"async\" width=\"1024\" height=\"640\" class=\"aligncenter wp-image-3078 size-large\" src=\"http:\/\/www.cope.es\/blogs\/merinadas-deportivas\/wp-content\/uploads\/sites\/14\/2019\/07\/gu\u00edas-del-camino-1-1080x675-1024x640.jpg\" alt=\"\" srcset=\"https:\/\/www.cope.es\/blogs\/merinadas-deportivas\/wp-content\/uploads\/sites\/14\/2019\/07\/gu\u00edas-del-camino-1-1080x675-1024x640.jpg 1024w, https:\/\/www.cope.es\/blogs\/merinadas-deportivas\/wp-content\/uploads\/sites\/14\/2019\/07\/gu\u00edas-del-camino-1-1080x675-300x188.jpg 300w, https:\/\/www.cope.es\/blogs\/merinadas-deportivas\/wp-content\/uploads\/sites\/14\/2019\/07\/gu\u00edas-del-camino-1-1080x675-768x480.jpg 768w, https:\/\/www.cope.es\/blogs\/merinadas-deportivas\/wp-content\/uploads\/sites\/14\/2019\/07\/gu\u00edas-del-camino-1-1080x675-727x455.jpg 727w, https:\/\/www.cope.es\/blogs\/merinadas-deportivas\/wp-content\/uploads\/sites\/14\/2019\/07\/gu\u00edas-del-camino-1-1080x675.jpg 1080w\" sizes=\"auto, (max-width: 1024px) 100vw, 1024px\" \/><br \/>\n<span style=\"font-weight: 400\">El 16 de julio salimos de Madrid camino de O Cebreiro (Lugo). Ah\u00ed comenzaba nuestro Camino de Santiago. \u00cdbamos a recorrer Galicia entera andando. Unos 170 kil\u00f3metros para ganar el Jubileo. A\u00f1o especial el 99. El \u00faltimo antes de mi mayor\u00eda de edad con el cambio de n\u00famero. El objetivo era llegar a Santiago de Compostela el d\u00eda 23 y pasar los siguientes dos d\u00edas en la ciudad gallega. As\u00ed lo hicimos. Sin duda es una de las mejores experiencias de mi vida. Si alg\u00fan d\u00eda vuelvo a hacer el Camino ya no ser\u00e1 igual, pero seguro que ser\u00e1 especial. Se lo recomiendo al que no lo haya hecho. Sea creyente o no. El Camino de Santiago es de todos y para todos.\u00a0<\/span><\/p>\n<h2>El d\u00eda de Santiago<\/h2>\n<p><span style=\"font-weight: 400\">25 de julio, d\u00eda de Santiago Apostol, la selecci\u00f3n\u00a0 j\u00fanior de baloncesto iba a jugar en Lisboa un partido tremendamente importante. Varios de los que hicimos el Camino ya \u00e9ramos aficionados al basket. De hecho en aquella \u00e9poca jug\u00e1bamos en el equipo de nuestro antiguo colegio. Con la fiesta que ten\u00edamos se nos pas\u00f3 por completo que Espa\u00f1a se la jugaba contra Estados Unidos.\u00a0<\/span><\/p>\n<p><img loading=\"lazy\" decoding=\"async\" width=\"990\" height=\"627\" class=\"aligncenter wp-image-3077 size-full\" src=\"http:\/\/www.cope.es\/blogs\/merinadas-deportivas\/wp-content\/uploads\/sites\/14\/2019\/07\/14693958142115.jpg\" alt=\"\" srcset=\"https:\/\/www.cope.es\/blogs\/merinadas-deportivas\/wp-content\/uploads\/sites\/14\/2019\/07\/14693958142115.jpg 990w, https:\/\/www.cope.es\/blogs\/merinadas-deportivas\/wp-content\/uploads\/sites\/14\/2019\/07\/14693958142115-300x190.jpg 300w, https:\/\/www.cope.es\/blogs\/merinadas-deportivas\/wp-content\/uploads\/sites\/14\/2019\/07\/14693958142115-768x486.jpg 768w\" sizes=\"auto, (max-width: 990px) 100vw, 990px\" \/><\/p>\n<p><span style=\"font-weight: 400\">Al d\u00eda siguiente, en la estaci\u00f3n de trenes de Santiago, vimos la portada de Marca. Espa\u00f1a hab\u00eda sido campeona del mundo j\u00fanior. Por primera vez en la historia, nuestro pa\u00eds era el mejor en baloncesto. Piel de gallina. El presente pintaba muy bien. El futuro se vislumbraba mejor a\u00fan. Ganaron a Estados Unidos 87 a 94. Pero el resultado fue lo de menos. Ese d\u00eda nacieron los Juniors de Oro. El or\u00edgen de una generaci\u00f3n \u00fanica e irrepetible que no ha parado de ganar medallas durante pr\u00e1cticamente dos d\u00e9cadas. Una aut\u00e9ntica familia que ha sido ejemplo dentro y fuera de las canchas.\u00a0<\/span><\/p>\n<h2><strong>Doce h\u00e9roes de Lisboa<\/strong><\/h2>\n<p><span style=\"font-weight: 400\">Estos son los nombres de los doce h\u00e9roes de Lisboa entrenados por \u201cCharly\u201d Sainz de Aja: Francesc Cabeza, Berni Rodr\u00edguez, Carlos Cabezas, Juan Carlos Navarro, Julio Alberto Gonz\u00e1lez, Felipe Reyes, Souleymane Drame, Antonio Bueno, F\u00e9lix Herr\u00e1iz, Germ\u00e1n Gabriel, Ra\u00fal L\u00f3pez y Pau Gasol.<\/span><\/p>\n<p><span style=\"font-weight: 400\">Varios de ellos han jugado en uno o varios equipos de la NBA y han hecho que la generaci\u00f3n de oro nacida en Lisboa 99 siga creciendo con nuevos miembros que han ido enriqueciendo el paso del baloncesto espa\u00f1ol por los grandes campeonatos. Los principales representantes de este enorme equipazo han sido\u00a0 Pau Gasol y Juan Carlos Navarro. Fueron los mejores del mundo en categor\u00eda junior en 1999 y despu\u00e9s han conquistado Europa y el mundo en la selecci\u00f3n absoluta. Rozando incluso la victoria ol\u00edmpica contra la todopoderosa selecci\u00f3n de Estados Unidos en los Juegos de Pek\u00edn 2008 y en los de Londres 2012.<\/span><\/p>\n<h2><strong>No volveremos a ver nada igual<\/strong><\/h2>\n<p><span style=\"font-weight: 400\">Dos platas (2008 y 2012) y un bronce ol\u00edmpico (2016). Un oro en el Mundial absoluto de 2006. Tres oros (2009, 2011 y 2015), dos platas (2003 y 2007) y dos bronces (2013 y 2017) en Campeonatos de Europa. Los resultados hablan por si solos. Posiblemente no volvamos a ver nada igual.\u00a0<\/span><\/p>\n<p><span style=\"font-weight: 400\">Me arrepiento de no haber podido ver aquella final de Lisboa en directo. Pero gracias a Youtube, que en 1999 ni exist\u00eda, podemos verla todas las veces que queramos. Gracias eternas a Gasol, Navarro, Reyes y compa\u00f1\u00eda por habernos regalado tantos a\u00f1os de gran baloncesto. El 25 de julio de 1999 lo recordaremos toda nuestra vida. El d\u00eda que fuimos los mejores del mundo por primera vez.\u00a0<\/span><\/p>\n<p><iframe loading=\"lazy\" width=\"508\" height=\"381\" src=\"https:\/\/www.youtube.com\/embed\/m2g2Mv8bad4?feature=oembed\" frameborder=\"0\" allow=\"accelerometer; autoplay; encrypted-media; gyroscope; picture-in-picture\" allowfullscreen><\/iframe><\/p>\n<p>&nbsp;<\/p>\n<h5>Fotos:\u00a0www.pivotworld9.com, marca.com<\/h5>\n","protected":false},"excerpt":{"rendered":"<p>Los que me conocen lo saben de sobra. Mi amor por el deporte se convierte muchas veces en obsesi\u00f3n. Hasta tal punto que recuerdo muchos de los acontecimientos de mi vida personal gracias a efem\u00e9rides deportivas. Me sirve para ejercitar la memoria y tambi\u00e9n para emocionarme rememorando acontecimientos hist\u00f3ricos del deporte espa\u00f1ol. El 25 de [&hellip;]<\/p>\n","protected":false},"author":14,"featured_media":3076,"comment_status":"open","ping_status":"open","sticky":false,"template":"","format":"standard","meta":{"footnotes":""},"categories":[1524,1493,13,1970,1900,1366],"tags":[365,139,979,495,1971,448],"class_list":["post-3073","post","type-post","status-publish","format-standard","has-post-thumbnail","hentry","category-baloncesto","category-deporte-espanol","category-deportes","category-juniors-de-oro","category-nba-2","category-opinion","tag-baloncesto","tag-campeonato-del-mundo-junior","tag-juniors-de-oro","tag-juniors-de-oro-lisboa","tag-lisboa-1999","tag-nba"],"yoast_head":"<!-- This site is optimized with the Yoast SEO plugin v27.4 - https:\/\/yoast.com\/product\/yoast-seo-wordpress\/ -->\n<title>El oro que cambi\u00f3 el baloncesto espa\u00f1ol - Las Merinadas Deportivas de Edu<\/title>\n<meta name=\"robots\" content=\"index, follow, max-snippet:-1, max-image-preview:large, max-video-preview:-1\" \/>\n<link rel=\"canonical\" href=\"https:\/\/www.cope.es\/blogs\/merinadas-deportivas\/2019\/07\/23\/el-oro-que-cambio-el-baloncesto-espanol\/\" \/>\n<meta property=\"og:locale\" content=\"es_ES\" \/>\n<meta property=\"og:type\" content=\"article\" \/>\n<meta property=\"og:title\" content=\"El oro que cambi\u00f3 el baloncesto espa\u00f1ol - Las Merinadas Deportivas de Edu\" \/>\n<meta property=\"og:description\" content=\"Los que me conocen lo saben de sobra. Mi amor por el deporte se convierte muchas veces en obsesi\u00f3n. Hasta tal punto que recuerdo muchos de los acontecimientos de mi vida personal gracias a efem\u00e9rides deportivas. Me sirve para ejercitar la memoria y tambi\u00e9n para emocionarme rememorando acontecimientos hist\u00f3ricos del deporte espa\u00f1ol. El 25 de [&hellip;]\" \/>\n<meta property=\"og:url\" content=\"https:\/\/www.cope.es\/blogs\/merinadas-deportivas\/2019\/07\/23\/el-oro-que-cambio-el-baloncesto-espanol\/\" \/>\n<meta property=\"og:site_name\" content=\"Las Merinadas Deportivas de Edu\" \/>\n<meta property=\"article:publisher\" content=\"https:\/\/www.facebook.com\/cope\/\" \/>\n<meta property=\"article:author\" content=\"https:\/\/www.facebook.com\/edumerino32\" \/>\n<meta property=\"article:published_time\" content=\"2019-07-23T17:45:00+00:00\" \/>\n<meta property=\"og:image\" content=\"https:\/\/www.cope.es\/blogs\/merinadas-deportivas\/wp-content\/uploads\/sites\/14\/2019\/07\/15009707774321-e1563898313749.jpg\" \/>\n\t<meta property=\"og:image:width\" content=\"990\" \/>\n\t<meta property=\"og:image:height\" content=\"425\" \/>\n\t<meta property=\"og:image:type\" content=\"image\/jpeg\" \/>\n<meta name=\"author\" content=\"Eduardo Merino\" \/>\n<meta name=\"twitter:card\" content=\"summary_large_image\" \/>\n<meta name=\"twitter:creator\" content=\"@EDUMERINOSPORTS\" \/>\n<meta name=\"twitter:site\" content=\"@cope_es\" \/>\n<meta name=\"twitter:label1\" content=\"Escrito por\" \/>\n\t<meta name=\"twitter:data1\" content=\"Eduardo Merino\" \/>\n\t<meta name=\"twitter:label2\" content=\"Tiempo de lectura\" \/>\n\t<meta name=\"twitter:data2\" content=\"4 minutos\" \/>\n<script type=\"application\/ld+json\" class=\"yoast-schema-graph\">{\"@context\":\"https:\\\/\\\/schema.org\",\"@graph\":[{\"@type\":\"Article\",\"@id\":\"https:\\\/\\\/www.cope.es\\\/blogs\\\/merinadas-deportivas\\\/2019\\\/07\\\/23\\\/el-oro-que-cambio-el-baloncesto-espanol\\\/#article\",\"isPartOf\":{\"@id\":\"https:\\\/\\\/www.cope.es\\\/blogs\\\/merinadas-deportivas\\\/2019\\\/07\\\/23\\\/el-oro-que-cambio-el-baloncesto-espanol\\\/\"},\"author\":{\"name\":\"Eduardo Merino\",\"@id\":\"https:\\\/\\\/www.cope.es\\\/blogs\\\/merinadas-deportivas\\\/#\\\/schema\\\/person\\\/feae8281472d7d9c51077a2bfa896a18\"},\"headline\":\"El oro que cambi\u00f3 el baloncesto espa\u00f1ol\",\"datePublished\":\"2019-07-23T17:45:00+00:00\",\"mainEntityOfPage\":{\"@id\":\"https:\\\/\\\/www.cope.es\\\/blogs\\\/merinadas-deportivas\\\/2019\\\/07\\\/23\\\/el-oro-que-cambio-el-baloncesto-espanol\\\/\"},\"wordCount\":714,\"commentCount\":0,\"image\":{\"@id\":\"https:\\\/\\\/www.cope.es\\\/blogs\\\/merinadas-deportivas\\\/2019\\\/07\\\/23\\\/el-oro-que-cambio-el-baloncesto-espanol\\\/#primaryimage\"},\"thumbnailUrl\":\"https:\\\/\\\/www.cope.es\\\/blogs\\\/merinadas-deportivas\\\/wp-content\\\/uploads\\\/sites\\\/14\\\/2019\\\/07\\\/15009707774321-e1563898313749.jpg\",\"keywords\":[\"baloncesto\",\"Campeonato del Mundo Junior\",\"Juniors de oro\",\"Juniors de oro Lisboa\",\"Lisboa 1999\",\"NBA\"],\"articleSection\":[\"Baloncesto\",\"deporte espa\u00f1ol\",\"deportes\",\"Juniors de Oro\",\"\u00d1BA\",\"opini\u00f3n\"],\"inLanguage\":\"es\",\"potentialAction\":[{\"@type\":\"CommentAction\",\"name\":\"Comment\",\"target\":[\"https:\\\/\\\/www.cope.es\\\/blogs\\\/merinadas-deportivas\\\/2019\\\/07\\\/23\\\/el-oro-que-cambio-el-baloncesto-espanol\\\/#respond\"]}]},{\"@type\":\"WebPage\",\"@id\":\"https:\\\/\\\/www.cope.es\\\/blogs\\\/merinadas-deportivas\\\/2019\\\/07\\\/23\\\/el-oro-que-cambio-el-baloncesto-espanol\\\/\",\"url\":\"https:\\\/\\\/www.cope.es\\\/blogs\\\/merinadas-deportivas\\\/2019\\\/07\\\/23\\\/el-oro-que-cambio-el-baloncesto-espanol\\\/\",\"name\":\"El oro que cambi\u00f3 el baloncesto espa\u00f1ol - Las Merinadas Deportivas de Edu\",\"isPartOf\":{\"@id\":\"https:\\\/\\\/www.cope.es\\\/blogs\\\/merinadas-deportivas\\\/#website\"},\"primaryImageOfPage\":{\"@id\":\"https:\\\/\\\/www.cope.es\\\/blogs\\\/merinadas-deportivas\\\/2019\\\/07\\\/23\\\/el-oro-que-cambio-el-baloncesto-espanol\\\/#primaryimage\"},\"image\":{\"@id\":\"https:\\\/\\\/www.cope.es\\\/blogs\\\/merinadas-deportivas\\\/2019\\\/07\\\/23\\\/el-oro-que-cambio-el-baloncesto-espanol\\\/#primaryimage\"},\"thumbnailUrl\":\"https:\\\/\\\/www.cope.es\\\/blogs\\\/merinadas-deportivas\\\/wp-content\\\/uploads\\\/sites\\\/14\\\/2019\\\/07\\\/15009707774321-e1563898313749.jpg\",\"datePublished\":\"2019-07-23T17:45:00+00:00\",\"author\":{\"@id\":\"https:\\\/\\\/www.cope.es\\\/blogs\\\/merinadas-deportivas\\\/#\\\/schema\\\/person\\\/feae8281472d7d9c51077a2bfa896a18\"},\"breadcrumb\":{\"@id\":\"https:\\\/\\\/www.cope.es\\\/blogs\\\/merinadas-deportivas\\\/2019\\\/07\\\/23\\\/el-oro-que-cambio-el-baloncesto-espanol\\\/#breadcrumb\"},\"inLanguage\":\"es\",\"potentialAction\":[{\"@type\":\"ReadAction\",\"target\":[\"https:\\\/\\\/www.cope.es\\\/blogs\\\/merinadas-deportivas\\\/2019\\\/07\\\/23\\\/el-oro-que-cambio-el-baloncesto-espanol\\\/\"]}]},{\"@type\":\"ImageObject\",\"inLanguage\":\"es\",\"@id\":\"https:\\\/\\\/www.cope.es\\\/blogs\\\/merinadas-deportivas\\\/2019\\\/07\\\/23\\\/el-oro-que-cambio-el-baloncesto-espanol\\\/#primaryimage\",\"url\":\"https:\\\/\\\/www.cope.es\\\/blogs\\\/merinadas-deportivas\\\/wp-content\\\/uploads\\\/sites\\\/14\\\/2019\\\/07\\\/15009707774321-e1563898313749.jpg\",\"contentUrl\":\"https:\\\/\\\/www.cope.es\\\/blogs\\\/merinadas-deportivas\\\/wp-content\\\/uploads\\\/sites\\\/14\\\/2019\\\/07\\\/15009707774321-e1563898313749.jpg\",\"width\":990,\"height\":425},{\"@type\":\"BreadcrumbList\",\"@id\":\"https:\\\/\\\/www.cope.es\\\/blogs\\\/merinadas-deportivas\\\/2019\\\/07\\\/23\\\/el-oro-que-cambio-el-baloncesto-espanol\\\/#breadcrumb\",\"itemListElement\":[{\"@type\":\"ListItem\",\"position\":1,\"name\":\"Portada\",\"item\":\"https:\\\/\\\/www.cope.es\\\/blogs\\\/merinadas-deportivas\\\/\"},{\"@type\":\"ListItem\",\"position\":2,\"name\":\"El oro que cambi\u00f3 el baloncesto espa\u00f1ol\"}]},{\"@type\":\"WebSite\",\"@id\":\"https:\\\/\\\/www.cope.es\\\/blogs\\\/merinadas-deportivas\\\/#website\",\"url\":\"https:\\\/\\\/www.cope.es\\\/blogs\\\/merinadas-deportivas\\\/\",\"name\":\"Las Merinadas Deportivas de Edu\",\"description\":\"Blog de deportes de  COPE\",\"potentialAction\":[{\"@type\":\"SearchAction\",\"target\":{\"@type\":\"EntryPoint\",\"urlTemplate\":\"https:\\\/\\\/www.cope.es\\\/blogs\\\/merinadas-deportivas\\\/?s={search_term_string}\"},\"query-input\":{\"@type\":\"PropertyValueSpecification\",\"valueRequired\":true,\"valueName\":\"search_term_string\"}}],\"inLanguage\":\"es\"},{\"@type\":\"Person\",\"@id\":\"https:\\\/\\\/www.cope.es\\\/blogs\\\/merinadas-deportivas\\\/#\\\/schema\\\/person\\\/feae8281472d7d9c51077a2bfa896a18\",\"name\":\"Eduardo Merino\",\"image\":{\"@type\":\"ImageObject\",\"inLanguage\":\"es\",\"@id\":\"https:\\\/\\\/secure.gravatar.com\\\/avatar\\\/1b689633847b6f17c03b3f9c4c239a399bd200259cca7376eb4a783247b45d2f?s=96&d=mm&r=g\",\"url\":\"https:\\\/\\\/secure.gravatar.com\\\/avatar\\\/1b689633847b6f17c03b3f9c4c239a399bd200259cca7376eb4a783247b45d2f?s=96&d=mm&r=g\",\"contentUrl\":\"https:\\\/\\\/secure.gravatar.com\\\/avatar\\\/1b689633847b6f17c03b3f9c4c239a399bd200259cca7376eb4a783247b45d2f?s=96&d=mm&r=g\",\"caption\":\"Eduardo Merino\"},\"description\":\"Un d\u00eda de verano de 2012 decid\u00ed embarcarme en esta aventura. Hab\u00edan terminado los Juegos Ol\u00edmpicos de Londres 2012 y comenc\u00e9 a escribir. El blog naci\u00f3 un 14 de agosto en la piscina de mi urbanizaci\u00f3n, as\u00ed de f\u00e1cil. En un principio se llam\u00f3 'Las Merinadas de Edu', haciendo un juego de palabras con mi nombre y mi primer apellido. Durante el primer a\u00f1o cab\u00eda de todo, actualidad, opiniones, reflexiones personales y mucho deporte. Lo que m\u00e1s me gusta en este mundo es el deporte, a parte de la radio, donde trabajo desde hace trece a\u00f1os. Por eso, llego el d\u00eda en que el blog se convirti\u00f3 en Las Merinadas Deportivas de Edu. Solo informaci\u00f3n deportiva, tratando actualidad e historia del deporte, de todo el deporte. Apoyando los \u00e9xitos de los deportistas espa\u00f1oles y destacando los logros de los n\u00fameros uno de cada disciplina. Espero que disfrutes de la visita. \u00a1Viva el deporte!\",\"sameAs\":[\"http:\\\/\\\/www.cadena100.es\",\"https:\\\/\\\/www.facebook.com\\\/edumerino32\",\"https:\\\/\\\/x.com\\\/EDUMERINOSPORTS\"],\"url\":\"https:\\\/\\\/www.cope.es\\\/blogs\\\/merinadas-deportivas\\\/author\\\/emerino\\\/\"}]}<\/script>\n<!-- \/ Yoast SEO plugin. -->","yoast_head_json":{"title":"El oro que cambi\u00f3 el baloncesto espa\u00f1ol - Las Merinadas Deportivas de Edu","robots":{"index":"index","follow":"follow","max-snippet":"max-snippet:-1","max-image-preview":"max-image-preview:large","max-video-preview":"max-video-preview:-1"},"canonical":"https:\/\/www.cope.es\/blogs\/merinadas-deportivas\/2019\/07\/23\/el-oro-que-cambio-el-baloncesto-espanol\/","og_locale":"es_ES","og_type":"article","og_title":"El oro que cambi\u00f3 el baloncesto espa\u00f1ol - Las Merinadas Deportivas de Edu","og_description":"Los que me conocen lo saben de sobra. Mi amor por el deporte se convierte muchas veces en obsesi\u00f3n. Hasta tal punto que recuerdo muchos de los acontecimientos de mi vida personal gracias a efem\u00e9rides deportivas. Me sirve para ejercitar la memoria y tambi\u00e9n para emocionarme rememorando acontecimientos hist\u00f3ricos del deporte espa\u00f1ol. El 25 de [&hellip;]","og_url":"https:\/\/www.cope.es\/blogs\/merinadas-deportivas\/2019\/07\/23\/el-oro-que-cambio-el-baloncesto-espanol\/","og_site_name":"Las Merinadas Deportivas de Edu","article_publisher":"https:\/\/www.facebook.com\/cope\/","article_author":"https:\/\/www.facebook.com\/edumerino32","article_published_time":"2019-07-23T17:45:00+00:00","og_image":[{"width":990,"height":425,"url":"https:\/\/www.cope.es\/blogs\/merinadas-deportivas\/wp-content\/uploads\/sites\/14\/2019\/07\/15009707774321-e1563898313749.jpg","type":"image\/jpeg"}],"author":"Eduardo Merino","twitter_card":"summary_large_image","twitter_creator":"@EDUMERINOSPORTS","twitter_site":"@cope_es","twitter_misc":{"Escrito por":"Eduardo Merino","Tiempo de lectura":"4 minutos"},"schema":{"@context":"https:\/\/schema.org","@graph":[{"@type":"Article","@id":"https:\/\/www.cope.es\/blogs\/merinadas-deportivas\/2019\/07\/23\/el-oro-que-cambio-el-baloncesto-espanol\/#article","isPartOf":{"@id":"https:\/\/www.cope.es\/blogs\/merinadas-deportivas\/2019\/07\/23\/el-oro-que-cambio-el-baloncesto-espanol\/"},"author":{"name":"Eduardo Merino","@id":"https:\/\/www.cope.es\/blogs\/merinadas-deportivas\/#\/schema\/person\/feae8281472d7d9c51077a2bfa896a18"},"headline":"El oro que cambi\u00f3 el baloncesto espa\u00f1ol","datePublished":"2019-07-23T17:45:00+00:00","mainEntityOfPage":{"@id":"https:\/\/www.cope.es\/blogs\/merinadas-deportivas\/2019\/07\/23\/el-oro-que-cambio-el-baloncesto-espanol\/"},"wordCount":714,"commentCount":0,"image":{"@id":"https:\/\/www.cope.es\/blogs\/merinadas-deportivas\/2019\/07\/23\/el-oro-que-cambio-el-baloncesto-espanol\/#primaryimage"},"thumbnailUrl":"https:\/\/www.cope.es\/blogs\/merinadas-deportivas\/wp-content\/uploads\/sites\/14\/2019\/07\/15009707774321-e1563898313749.jpg","keywords":["baloncesto","Campeonato del Mundo Junior","Juniors de oro","Juniors de oro Lisboa","Lisboa 1999","NBA"],"articleSection":["Baloncesto","deporte espa\u00f1ol","deportes","Juniors de Oro","\u00d1BA","opini\u00f3n"],"inLanguage":"es","potentialAction":[{"@type":"CommentAction","name":"Comment","target":["https:\/\/www.cope.es\/blogs\/merinadas-deportivas\/2019\/07\/23\/el-oro-que-cambio-el-baloncesto-espanol\/#respond"]}]},{"@type":"WebPage","@id":"https:\/\/www.cope.es\/blogs\/merinadas-deportivas\/2019\/07\/23\/el-oro-que-cambio-el-baloncesto-espanol\/","url":"https:\/\/www.cope.es\/blogs\/merinadas-deportivas\/2019\/07\/23\/el-oro-que-cambio-el-baloncesto-espanol\/","name":"El oro que cambi\u00f3 el baloncesto espa\u00f1ol - Las Merinadas Deportivas de Edu","isPartOf":{"@id":"https:\/\/www.cope.es\/blogs\/merinadas-deportivas\/#website"},"primaryImageOfPage":{"@id":"https:\/\/www.cope.es\/blogs\/merinadas-deportivas\/2019\/07\/23\/el-oro-que-cambio-el-baloncesto-espanol\/#primaryimage"},"image":{"@id":"https:\/\/www.cope.es\/blogs\/merinadas-deportivas\/2019\/07\/23\/el-oro-que-cambio-el-baloncesto-espanol\/#primaryimage"},"thumbnailUrl":"https:\/\/www.cope.es\/blogs\/merinadas-deportivas\/wp-content\/uploads\/sites\/14\/2019\/07\/15009707774321-e1563898313749.jpg","datePublished":"2019-07-23T17:45:00+00:00","author":{"@id":"https:\/\/www.cope.es\/blogs\/merinadas-deportivas\/#\/schema\/person\/feae8281472d7d9c51077a2bfa896a18"},"breadcrumb":{"@id":"https:\/\/www.cope.es\/blogs\/merinadas-deportivas\/2019\/07\/23\/el-oro-que-cambio-el-baloncesto-espanol\/#breadcrumb"},"inLanguage":"es","potentialAction":[{"@type":"ReadAction","target":["https:\/\/www.cope.es\/blogs\/merinadas-deportivas\/2019\/07\/23\/el-oro-que-cambio-el-baloncesto-espanol\/"]}]},{"@type":"ImageObject","inLanguage":"es","@id":"https:\/\/www.cope.es\/blogs\/merinadas-deportivas\/2019\/07\/23\/el-oro-que-cambio-el-baloncesto-espanol\/#primaryimage","url":"https:\/\/www.cope.es\/blogs\/merinadas-deportivas\/wp-content\/uploads\/sites\/14\/2019\/07\/15009707774321-e1563898313749.jpg","contentUrl":"https:\/\/www.cope.es\/blogs\/merinadas-deportivas\/wp-content\/uploads\/sites\/14\/2019\/07\/15009707774321-e1563898313749.jpg","width":990,"height":425},{"@type":"BreadcrumbList","@id":"https:\/\/www.cope.es\/blogs\/merinadas-deportivas\/2019\/07\/23\/el-oro-que-cambio-el-baloncesto-espanol\/#breadcrumb","itemListElement":[{"@type":"ListItem","position":1,"name":"Portada","item":"https:\/\/www.cope.es\/blogs\/merinadas-deportivas\/"},{"@type":"ListItem","position":2,"name":"El oro que cambi\u00f3 el baloncesto espa\u00f1ol"}]},{"@type":"WebSite","@id":"https:\/\/www.cope.es\/blogs\/merinadas-deportivas\/#website","url":"https:\/\/www.cope.es\/blogs\/merinadas-deportivas\/","name":"Las Merinadas Deportivas de Edu","description":"Blog de deportes de  COPE","potentialAction":[{"@type":"SearchAction","target":{"@type":"EntryPoint","urlTemplate":"https:\/\/www.cope.es\/blogs\/merinadas-deportivas\/?s={search_term_string}"},"query-input":{"@type":"PropertyValueSpecification","valueRequired":true,"valueName":"search_term_string"}}],"inLanguage":"es"},{"@type":"Person","@id":"https:\/\/www.cope.es\/blogs\/merinadas-deportivas\/#\/schema\/person\/feae8281472d7d9c51077a2bfa896a18","name":"Eduardo Merino","image":{"@type":"ImageObject","inLanguage":"es","@id":"https:\/\/secure.gravatar.com\/avatar\/1b689633847b6f17c03b3f9c4c239a399bd200259cca7376eb4a783247b45d2f?s=96&d=mm&r=g","url":"https:\/\/secure.gravatar.com\/avatar\/1b689633847b6f17c03b3f9c4c239a399bd200259cca7376eb4a783247b45d2f?s=96&d=mm&r=g","contentUrl":"https:\/\/secure.gravatar.com\/avatar\/1b689633847b6f17c03b3f9c4c239a399bd200259cca7376eb4a783247b45d2f?s=96&d=mm&r=g","caption":"Eduardo Merino"},"description":"Un d\u00eda de verano de 2012 decid\u00ed embarcarme en esta aventura. Hab\u00edan terminado los Juegos Ol\u00edmpicos de Londres 2012 y comenc\u00e9 a escribir. El blog naci\u00f3 un 14 de agosto en la piscina de mi urbanizaci\u00f3n, as\u00ed de f\u00e1cil. En un principio se llam\u00f3 'Las Merinadas de Edu', haciendo un juego de palabras con mi nombre y mi primer apellido. Durante el primer a\u00f1o cab\u00eda de todo, actualidad, opiniones, reflexiones personales y mucho deporte. Lo que m\u00e1s me gusta en este mundo es el deporte, a parte de la radio, donde trabajo desde hace trece a\u00f1os. Por eso, llego el d\u00eda en que el blog se convirti\u00f3 en Las Merinadas Deportivas de Edu. Solo informaci\u00f3n deportiva, tratando actualidad e historia del deporte, de todo el deporte. Apoyando los \u00e9xitos de los deportistas espa\u00f1oles y destacando los logros de los n\u00fameros uno de cada disciplina. Espero que disfrutes de la visita. \u00a1Viva el deporte!","sameAs":["http:\/\/www.cadena100.es","https:\/\/www.facebook.com\/edumerino32","https:\/\/x.com\/EDUMERINOSPORTS"],"url":"https:\/\/www.cope.es\/blogs\/merinadas-deportivas\/author\/emerino\/"}]}},"amp_enabled":true,"_links":{"self":[{"href":"https:\/\/www.cope.es\/blogs\/merinadas-deportivas\/wp-json\/wp\/v2\/posts\/3073","targetHints":{"allow":["GET"]}}],"collection":[{"href":"https:\/\/www.cope.es\/blogs\/merinadas-deportivas\/wp-json\/wp\/v2\/posts"}],"about":[{"href":"https:\/\/www.cope.es\/blogs\/merinadas-deportivas\/wp-json\/wp\/v2\/types\/post"}],"author":[{"embeddable":true,"href":"https:\/\/www.cope.es\/blogs\/merinadas-deportivas\/wp-json\/wp\/v2\/users\/14"}],"replies":[{"embeddable":true,"href":"https:\/\/www.cope.es\/blogs\/merinadas-deportivas\/wp-json\/wp\/v2\/comments?post=3073"}],"version-history":[{"count":1,"href":"https:\/\/www.cope.es\/blogs\/merinadas-deportivas\/wp-json\/wp\/v2\/posts\/3073\/revisions"}],"predecessor-version":[{"id":3079,"href":"https:\/\/www.cope.es\/blogs\/merinadas-deportivas\/wp-json\/wp\/v2\/posts\/3073\/revisions\/3079"}],"wp:featuredmedia":[{"embeddable":true,"href":"https:\/\/www.cope.es\/blogs\/merinadas-deportivas\/wp-json\/wp\/v2\/media\/3076"}],"wp:attachment":[{"href":"https:\/\/www.cope.es\/blogs\/merinadas-deportivas\/wp-json\/wp\/v2\/media?parent=3073"}],"wp:term":[{"taxonomy":"category","embeddable":true,"href":"https:\/\/www.cope.es\/blogs\/merinadas-deportivas\/wp-json\/wp\/v2\/categories?post=3073"},{"taxonomy":"post_tag","embeddable":true,"href":"https:\/\/www.cope.es\/blogs\/merinadas-deportivas\/wp-json\/wp\/v2\/tags?post=3073"}],"curies":[{"name":"wp","href":"https:\/\/api.w.org\/{rel}","templated":true}]}}