{"id":2857,"date":"2019-06-03T19:40:11","date_gmt":"2019-06-03T17:40:11","guid":{"rendered":"http:\/\/www.cope.es\/blogs\/merinadas-deportivas\/?p=2857"},"modified":"2019-06-03T19:26:47","modified_gmt":"2019-06-03T17:26:47","slug":"pasaporte-a-tokio-2020-el-sueno-de-aina-cid-y-virginia-diaz-en-remo","status":"publish","type":"post","link":"https:\/\/www.cope.es\/blogs\/merinadas-deportivas\/2019\/06\/03\/pasaporte-a-tokio-2020-el-sueno-de-aina-cid-y-virginia-diaz-en-remo\/","title":{"rendered":"Pasaporte a Tokio 2020: el sue\u00f1o de Aina Cid y Virginia D\u00edaz en remo"},"content":{"rendered":"<p><img loading=\"lazy\" decoding=\"async\" width=\"819\" height=\"1024\" class=\"aligncenter wp-image-2858 size-large\" src=\"http:\/\/www.cope.es\/blogs\/merinadas-deportivas\/wp-content\/uploads\/sites\/14\/2019\/06\/inCollage_20190603_174436790-819x1024.jpg\" alt=\"\" srcset=\"https:\/\/www.cope.es\/blogs\/merinadas-deportivas\/wp-content\/uploads\/sites\/14\/2019\/06\/inCollage_20190603_174436790-819x1024.jpg 819w, https:\/\/www.cope.es\/blogs\/merinadas-deportivas\/wp-content\/uploads\/sites\/14\/2019\/06\/inCollage_20190603_174436790-240x300.jpg 240w, https:\/\/www.cope.es\/blogs\/merinadas-deportivas\/wp-content\/uploads\/sites\/14\/2019\/06\/inCollage_20190603_174436790-768x960.jpg 768w, https:\/\/www.cope.es\/blogs\/merinadas-deportivas\/wp-content\/uploads\/sites\/14\/2019\/06\/inCollage_20190603_174436790.jpg 1920w\" sizes=\"auto, (max-width: 819px) 100vw, 819px\" \/><\/p>\n<p><strong>Aina Cid<\/strong> (Amposta, Tarragona, 1994) no se cansa de hacer historia y quiere m\u00e1s. En el Campeonato de Europa de remo celebrado en el lago Rot de Lucerna (Suiza) ha confirmado que el <a href=\"https:\/\/www.cope.es\/blogs\/merinadas-deportivas\/2018\/09\/15\/remando-hacia-la-historia\/\"><strong>bronce mundial de septiembre de 2018<\/strong><\/a> no fue fruto de la casualidad. La medalla de oro conquistada junto a <strong>Virginia D\u00edaz<\/strong> (Astillero, Santander, 1991) sit\u00faa al dos sin timonel espa\u00f1ol, con licencia para so\u00f1ar con algo grande en los Juegos de Tokio 2020.<\/p>\n<p>En los \u00faltimos meses, Cid ha vivido de todo. El 15 de septiembre logr\u00f3 junto a Anna Boada la medalla de bronce en el Campeonato del Mundo de Plovdiv (Bulgaria). Una medalla hist\u00f3rica. Se cumpl\u00edan doce a\u00f1os desde que Espa\u00f1a ganase una medalla en un Mundial y veintiocho desde que el remo espa\u00f1ol gan\u00f3 metal en una prueba ol\u00edmpica. En la Gala de la Federaci\u00f3n Espa\u00f1ola de Remo de finales de marzo, Boada anunci\u00f3 su retirada a los 26 a\u00f1os debido a una depresi\u00f3n. El sue\u00f1o ol\u00edmpico de Cid y Boada se quedaba a medias.<\/p>\n<h2>Cambio de pareja con grandes resultados<\/h2>\n<p>La Federaci\u00f3n Espa\u00f1ola de Remo busc\u00f3 una r\u00e1pida soluci\u00f3n y la encontr\u00f3 en Virginia D\u00edaz antes de que Boada anunciase su retirada. Mientras esperaban su recuperaci\u00f3n, decidieron que Cid y D\u00edaz ser\u00edan el 2 sin timonel espa\u00f1ol camino de Tokio.<\/p>\n<p>Con el cambio de pareja, el resultado no ha podido ser m\u00e1s satisfactorio. Tarraconense y santanderina se han proclamado campeonas de Europa. Se trata del primer oro del remo espa\u00f1ol en un Europeo. Un excelente resultado que confirma la buena racha del 2 sin timonel femenino y que nos hace so\u00f1ar de cara a los pr\u00f3ximos Juegos Ol\u00edmpicos. Cid y D\u00edaz llegaban a la final tras haber ganado su serie y en semifinales.<\/p>\n<p><img loading=\"lazy\" decoding=\"async\" width=\"1024\" height=\"726\" class=\"aligncenter wp-image-2859 size-large\" src=\"http:\/\/www.cope.es\/blogs\/merinadas-deportivas\/wp-content\/uploads\/sites\/14\/2019\/06\/IMG_20190602_112513-1024x726.jpg\" alt=\"\" srcset=\"https:\/\/www.cope.es\/blogs\/merinadas-deportivas\/wp-content\/uploads\/sites\/14\/2019\/06\/IMG_20190602_112513-1024x726.jpg 1024w, https:\/\/www.cope.es\/blogs\/merinadas-deportivas\/wp-content\/uploads\/sites\/14\/2019\/06\/IMG_20190602_112513-300x213.jpg 300w, https:\/\/www.cope.es\/blogs\/merinadas-deportivas\/wp-content\/uploads\/sites\/14\/2019\/06\/IMG_20190602_112513-768x544.jpg 768w, https:\/\/www.cope.es\/blogs\/merinadas-deportivas\/wp-content\/uploads\/sites\/14\/2019\/06\/IMG_20190602_112513.jpg 1158w\" sizes=\"auto, (max-width: 1024px) 100vw, 1024px\" \/><\/p>\n<p>El oro lleg\u00f3 tras una regata muy emocionante. La pareja rumana domin\u00f3 en los primeros quinientos metros. Todo pod\u00eda pasar. Las espa\u00f1olas iban terceras en los pasos por los 500, 1.000 y 1.500 metros. Pero se trata de llegar en primer lugar a los 2.000 metros de recorrido. Dicho y hecho. Cid y D\u00edaz remontaron y ya no se les escap\u00f3 el oro en el \u00faltimo medio kil\u00f3metro. Las espa\u00f1olas ganaron con un tiempo de 7:14.140 . Las rumanas <strong>Adriana Ailincai y Maria Tivodariu<\/strong> fueron plata con 7:15.520 y el bronce fue para las italianas <strong>Kiri Tontodonati y Aisha Rocek<\/strong> con 7:16.220. En el \u00faltimo Mundial, la pareja espa\u00f1ola acab\u00f3 en tercera posici\u00f3n tras Canad\u00e1 y Nueva Zelanda.<\/p>\n<h2>&#8220;El objetivo sigue siendo Tokio&#8221;<\/h2>\n<p>\u201cEstoy en una nube, pero el objetivo sigue siendo Tokio\u201d ha dicho Aina Cid tras convertirse en campeona de Europa. \u201cHa sido muy emocionante, hemos peleado para estar aqu\u00ed y lo hemos disfrutado\u201d. \u201cEstamos muy felices. Conseguir algo tan grande como esto en tan poco tiempo es incre\u00edble\u201d. \u201cHace dos meses no hubi\u00e9ramos cre\u00eddo que \u00e9ramos capaces de ganar. Hemos remado muy tranquilas todas las regatas\u201d.<\/p>\n<p><img loading=\"lazy\" decoding=\"async\" width=\"650\" height=\"655\" class=\"aligncenter wp-image-2861 size-full\" src=\"http:\/\/www.cope.es\/blogs\/merinadas-deportivas\/wp-content\/uploads\/sites\/14\/2019\/06\/IMG_20190602_122259.png\" alt=\"\" srcset=\"https:\/\/www.cope.es\/blogs\/merinadas-deportivas\/wp-content\/uploads\/sites\/14\/2019\/06\/IMG_20190602_122259.png 650w, https:\/\/www.cope.es\/blogs\/merinadas-deportivas\/wp-content\/uploads\/sites\/14\/2019\/06\/IMG_20190602_122259-150x150.png 150w, https:\/\/www.cope.es\/blogs\/merinadas-deportivas\/wp-content\/uploads\/sites\/14\/2019\/06\/IMG_20190602_122259-298x300.png 298w, https:\/\/www.cope.es\/blogs\/merinadas-deportivas\/wp-content\/uploads\/sites\/14\/2019\/06\/IMG_20190602_122259-170x170.png 170w, https:\/\/www.cope.es\/blogs\/merinadas-deportivas\/wp-content\/uploads\/sites\/14\/2019\/06\/IMG_20190602_122259-73x73.png 73w, https:\/\/www.cope.es\/blogs\/merinadas-deportivas\/wp-content\/uploads\/sites\/14\/2019\/06\/IMG_20190602_122259-108x108.png 108w\" sizes=\"auto, (max-width: 650px) 100vw, 650px\" \/><\/p>\n<p>Alegr\u00eda l\u00f3gica tras la medalla de oro. Pero a la vez humildad y con los pies en el suelo: &#8220;Toca seguir trabajando. El camino a Tokio es muy largo y esto nos indica que estamos en una buena l\u00ednea&#8221;. Tienen raz\u00f3n, queda mucho para llegar a los Juegos de Tokio. El Canal de Regatas de Ottensheim (Austria) y las aguas del r\u00edo Danubio acoger\u00e1n el Mundial entre el 25 de agosto y el 1 de septiembre de 2019. Conceder\u00e1 la mayor\u00eda de las plazas ol\u00edmpicas, especialmente en las embarcaciones de dos, cuatro y ocho tripulantes. Cita clave para que contin\u00fae el sue\u00f1o ol\u00edmpico de Aina Cid y Virginia D\u00edaz.<\/p>\n","protected":false},"excerpt":{"rendered":"<p>Aina Cid (Amposta, Tarragona, 1994) no se cansa de hacer historia y quiere m\u00e1s. En el Campeonato de Europa de remo celebrado en el lago Rot de Lucerna (Suiza) ha confirmado que el bronce mundial de septiembre de 2018 no fue fruto de la casualidad. La medalla de oro conquistada junto a Virginia D\u00edaz (Astillero, [&hellip;]<\/p>\n","protected":false},"author":14,"featured_media":2860,"comment_status":"open","ping_status":"open","sticky":false,"template":"","format":"standard","meta":{"footnotes":""},"categories":[1909,1493,1577,13,1500,1555,1366,1659,1550,1910],"tags":[1441,1440,49,46,1912,7,723,724,288,1911],"class_list":["post-2857","post","type-post","status-publish","format-standard","has-post-thumbnail","hentry","category-aina-cid","category-deporte-espanol","category-deporte-femenino","category-deportes","category-juegos-olimpicos","category-olimpismo","category-opinion","category-pasaporte-a-tokio-2020","category-remo","category-virginia-diaz","tag-aina-cid","tag-anna-boada","tag-deporte-femenino","tag-deportes","tag-europeo-de-remo","tag-gold-medal","tag-remo","tag-rowing","tag-sports","tag-virginia-diaz"],"yoast_head":"<!-- This site is optimized with the Yoast SEO plugin v27.4 - https:\/\/yoast.com\/product\/yoast-seo-wordpress\/ -->\n<title>Pasaporte a Tokio 2020: el sue\u00f1o de Aina Cid y Virginia D\u00edaz en remo - Las Merinadas Deportivas de Edu<\/title>\n<meta name=\"robots\" content=\"index, follow, max-snippet:-1, max-image-preview:large, max-video-preview:-1\" \/>\n<link rel=\"canonical\" href=\"https:\/\/www.cope.es\/blogs\/merinadas-deportivas\/2019\/06\/03\/pasaporte-a-tokio-2020-el-sueno-de-aina-cid-y-virginia-diaz-en-remo\/\" \/>\n<meta property=\"og:locale\" content=\"es_ES\" \/>\n<meta property=\"og:type\" content=\"article\" \/>\n<meta property=\"og:title\" content=\"Pasaporte a Tokio 2020: el sue\u00f1o de Aina Cid y Virginia D\u00edaz en remo - Las Merinadas Deportivas de Edu\" \/>\n<meta property=\"og:description\" content=\"Aina Cid (Amposta, Tarragona, 1994) no se cansa de hacer historia y quiere m\u00e1s. En el Campeonato de Europa de remo celebrado en el lago Rot de Lucerna (Suiza) ha confirmado que el bronce mundial de septiembre de 2018 no fue fruto de la casualidad. La medalla de oro conquistada junto a Virginia D\u00edaz (Astillero, [&hellip;]\" \/>\n<meta property=\"og:url\" content=\"https:\/\/www.cope.es\/blogs\/merinadas-deportivas\/2019\/06\/03\/pasaporte-a-tokio-2020-el-sueno-de-aina-cid-y-virginia-diaz-en-remo\/\" \/>\n<meta property=\"og:site_name\" content=\"Las Merinadas Deportivas de Edu\" \/>\n<meta property=\"article:publisher\" content=\"https:\/\/www.facebook.com\/cope\/\" \/>\n<meta property=\"article:author\" content=\"https:\/\/www.facebook.com\/edumerino32\" \/>\n<meta property=\"article:published_time\" content=\"2019-06-03T17:40:11+00:00\" \/>\n<meta property=\"og:image\" content=\"https:\/\/www.cope.es\/blogs\/merinadas-deportivas\/wp-content\/uploads\/sites\/14\/2019\/06\/IMG_20190602_154748.jpg\" \/>\n\t<meta property=\"og:image:width\" content=\"2048\" \/>\n\t<meta property=\"og:image:height\" content=\"1536\" \/>\n\t<meta property=\"og:image:type\" content=\"image\/jpeg\" \/>\n<meta name=\"author\" content=\"Eduardo Merino\" \/>\n<meta name=\"twitter:card\" content=\"summary_large_image\" \/>\n<meta name=\"twitter:creator\" content=\"@EDUMERINOSPORTS\" \/>\n<meta name=\"twitter:site\" content=\"@cope_es\" \/>\n<meta name=\"twitter:label1\" content=\"Escrito por\" \/>\n\t<meta name=\"twitter:data1\" content=\"Eduardo Merino\" \/>\n\t<meta name=\"twitter:label2\" content=\"Tiempo de lectura\" \/>\n\t<meta name=\"twitter:data2\" content=\"3 minutos\" \/>\n<script type=\"application\/ld+json\" class=\"yoast-schema-graph\">{\"@context\":\"https:\\\/\\\/schema.org\",\"@graph\":[{\"@type\":\"Article\",\"@id\":\"https:\\\/\\\/www.cope.es\\\/blogs\\\/merinadas-deportivas\\\/2019\\\/06\\\/03\\\/pasaporte-a-tokio-2020-el-sueno-de-aina-cid-y-virginia-diaz-en-remo\\\/#article\",\"isPartOf\":{\"@id\":\"https:\\\/\\\/www.cope.es\\\/blogs\\\/merinadas-deportivas\\\/2019\\\/06\\\/03\\\/pasaporte-a-tokio-2020-el-sueno-de-aina-cid-y-virginia-diaz-en-remo\\\/\"},\"author\":{\"name\":\"Eduardo Merino\",\"@id\":\"https:\\\/\\\/www.cope.es\\\/blogs\\\/merinadas-deportivas\\\/#\\\/schema\\\/person\\\/feae8281472d7d9c51077a2bfa896a18\"},\"headline\":\"Pasaporte a Tokio 2020: el sue\u00f1o de Aina Cid y Virginia D\u00edaz en remo\",\"datePublished\":\"2019-06-03T17:40:11+00:00\",\"mainEntityOfPage\":{\"@id\":\"https:\\\/\\\/www.cope.es\\\/blogs\\\/merinadas-deportivas\\\/2019\\\/06\\\/03\\\/pasaporte-a-tokio-2020-el-sueno-de-aina-cid-y-virginia-diaz-en-remo\\\/\"},\"wordCount\":638,\"commentCount\":0,\"image\":{\"@id\":\"https:\\\/\\\/www.cope.es\\\/blogs\\\/merinadas-deportivas\\\/2019\\\/06\\\/03\\\/pasaporte-a-tokio-2020-el-sueno-de-aina-cid-y-virginia-diaz-en-remo\\\/#primaryimage\"},\"thumbnailUrl\":\"https:\\\/\\\/www.cope.es\\\/blogs\\\/merinadas-deportivas\\\/wp-content\\\/uploads\\\/sites\\\/14\\\/2019\\\/06\\\/IMG_20190602_154748.jpg\",\"keywords\":[\"Aina Cid\",\"Anna Boada\",\"deporte femenino\",\"deportes\",\"Europeo de remo\",\"Gold medal\",\"remo\",\"rowing\",\"sports\",\"Virginia D\u00edaz\"],\"articleSection\":[\"Aina Cid\",\"deporte espa\u00f1ol\",\"Deporte Femenino\",\"deportes\",\"Juegos Ol\u00edmpicos\",\"Olimpismo\",\"opini\u00f3n\",\"Pasaporte a Tokio 2020\",\"Remo\",\"Virginia D\u00edaz\"],\"inLanguage\":\"es\",\"potentialAction\":[{\"@type\":\"CommentAction\",\"name\":\"Comment\",\"target\":[\"https:\\\/\\\/www.cope.es\\\/blogs\\\/merinadas-deportivas\\\/2019\\\/06\\\/03\\\/pasaporte-a-tokio-2020-el-sueno-de-aina-cid-y-virginia-diaz-en-remo\\\/#respond\"]}]},{\"@type\":\"WebPage\",\"@id\":\"https:\\\/\\\/www.cope.es\\\/blogs\\\/merinadas-deportivas\\\/2019\\\/06\\\/03\\\/pasaporte-a-tokio-2020-el-sueno-de-aina-cid-y-virginia-diaz-en-remo\\\/\",\"url\":\"https:\\\/\\\/www.cope.es\\\/blogs\\\/merinadas-deportivas\\\/2019\\\/06\\\/03\\\/pasaporte-a-tokio-2020-el-sueno-de-aina-cid-y-virginia-diaz-en-remo\\\/\",\"name\":\"Pasaporte a Tokio 2020: el sue\u00f1o de Aina Cid y Virginia D\u00edaz en remo - Las Merinadas Deportivas de Edu\",\"isPartOf\":{\"@id\":\"https:\\\/\\\/www.cope.es\\\/blogs\\\/merinadas-deportivas\\\/#website\"},\"primaryImageOfPage\":{\"@id\":\"https:\\\/\\\/www.cope.es\\\/blogs\\\/merinadas-deportivas\\\/2019\\\/06\\\/03\\\/pasaporte-a-tokio-2020-el-sueno-de-aina-cid-y-virginia-diaz-en-remo\\\/#primaryimage\"},\"image\":{\"@id\":\"https:\\\/\\\/www.cope.es\\\/blogs\\\/merinadas-deportivas\\\/2019\\\/06\\\/03\\\/pasaporte-a-tokio-2020-el-sueno-de-aina-cid-y-virginia-diaz-en-remo\\\/#primaryimage\"},\"thumbnailUrl\":\"https:\\\/\\\/www.cope.es\\\/blogs\\\/merinadas-deportivas\\\/wp-content\\\/uploads\\\/sites\\\/14\\\/2019\\\/06\\\/IMG_20190602_154748.jpg\",\"datePublished\":\"2019-06-03T17:40:11+00:00\",\"author\":{\"@id\":\"https:\\\/\\\/www.cope.es\\\/blogs\\\/merinadas-deportivas\\\/#\\\/schema\\\/person\\\/feae8281472d7d9c51077a2bfa896a18\"},\"breadcrumb\":{\"@id\":\"https:\\\/\\\/www.cope.es\\\/blogs\\\/merinadas-deportivas\\\/2019\\\/06\\\/03\\\/pasaporte-a-tokio-2020-el-sueno-de-aina-cid-y-virginia-diaz-en-remo\\\/#breadcrumb\"},\"inLanguage\":\"es\",\"potentialAction\":[{\"@type\":\"ReadAction\",\"target\":[\"https:\\\/\\\/www.cope.es\\\/blogs\\\/merinadas-deportivas\\\/2019\\\/06\\\/03\\\/pasaporte-a-tokio-2020-el-sueno-de-aina-cid-y-virginia-diaz-en-remo\\\/\"]}]},{\"@type\":\"ImageObject\",\"inLanguage\":\"es\",\"@id\":\"https:\\\/\\\/www.cope.es\\\/blogs\\\/merinadas-deportivas\\\/2019\\\/06\\\/03\\\/pasaporte-a-tokio-2020-el-sueno-de-aina-cid-y-virginia-diaz-en-remo\\\/#primaryimage\",\"url\":\"https:\\\/\\\/www.cope.es\\\/blogs\\\/merinadas-deportivas\\\/wp-content\\\/uploads\\\/sites\\\/14\\\/2019\\\/06\\\/IMG_20190602_154748.jpg\",\"contentUrl\":\"https:\\\/\\\/www.cope.es\\\/blogs\\\/merinadas-deportivas\\\/wp-content\\\/uploads\\\/sites\\\/14\\\/2019\\\/06\\\/IMG_20190602_154748.jpg\",\"width\":2048,\"height\":1536},{\"@type\":\"BreadcrumbList\",\"@id\":\"https:\\\/\\\/www.cope.es\\\/blogs\\\/merinadas-deportivas\\\/2019\\\/06\\\/03\\\/pasaporte-a-tokio-2020-el-sueno-de-aina-cid-y-virginia-diaz-en-remo\\\/#breadcrumb\",\"itemListElement\":[{\"@type\":\"ListItem\",\"position\":1,\"name\":\"Portada\",\"item\":\"https:\\\/\\\/www.cope.es\\\/blogs\\\/merinadas-deportivas\\\/\"},{\"@type\":\"ListItem\",\"position\":2,\"name\":\"Pasaporte a Tokio 2020: el sue\u00f1o de Aina Cid y Virginia D\u00edaz en remo\"}]},{\"@type\":\"WebSite\",\"@id\":\"https:\\\/\\\/www.cope.es\\\/blogs\\\/merinadas-deportivas\\\/#website\",\"url\":\"https:\\\/\\\/www.cope.es\\\/blogs\\\/merinadas-deportivas\\\/\",\"name\":\"Las Merinadas Deportivas de Edu\",\"description\":\"Blog de deportes de  COPE\",\"potentialAction\":[{\"@type\":\"SearchAction\",\"target\":{\"@type\":\"EntryPoint\",\"urlTemplate\":\"https:\\\/\\\/www.cope.es\\\/blogs\\\/merinadas-deportivas\\\/?s={search_term_string}\"},\"query-input\":{\"@type\":\"PropertyValueSpecification\",\"valueRequired\":true,\"valueName\":\"search_term_string\"}}],\"inLanguage\":\"es\"},{\"@type\":\"Person\",\"@id\":\"https:\\\/\\\/www.cope.es\\\/blogs\\\/merinadas-deportivas\\\/#\\\/schema\\\/person\\\/feae8281472d7d9c51077a2bfa896a18\",\"name\":\"Eduardo Merino\",\"image\":{\"@type\":\"ImageObject\",\"inLanguage\":\"es\",\"@id\":\"https:\\\/\\\/secure.gravatar.com\\\/avatar\\\/1b689633847b6f17c03b3f9c4c239a399bd200259cca7376eb4a783247b45d2f?s=96&d=mm&r=g\",\"url\":\"https:\\\/\\\/secure.gravatar.com\\\/avatar\\\/1b689633847b6f17c03b3f9c4c239a399bd200259cca7376eb4a783247b45d2f?s=96&d=mm&r=g\",\"contentUrl\":\"https:\\\/\\\/secure.gravatar.com\\\/avatar\\\/1b689633847b6f17c03b3f9c4c239a399bd200259cca7376eb4a783247b45d2f?s=96&d=mm&r=g\",\"caption\":\"Eduardo Merino\"},\"description\":\"Un d\u00eda de verano de 2012 decid\u00ed embarcarme en esta aventura. Hab\u00edan terminado los Juegos Ol\u00edmpicos de Londres 2012 y comenc\u00e9 a escribir. El blog naci\u00f3 un 14 de agosto en la piscina de mi urbanizaci\u00f3n, as\u00ed de f\u00e1cil. En un principio se llam\u00f3 'Las Merinadas de Edu', haciendo un juego de palabras con mi nombre y mi primer apellido. Durante el primer a\u00f1o cab\u00eda de todo, actualidad, opiniones, reflexiones personales y mucho deporte. Lo que m\u00e1s me gusta en este mundo es el deporte, a parte de la radio, donde trabajo desde hace trece a\u00f1os. Por eso, llego el d\u00eda en que el blog se convirti\u00f3 en Las Merinadas Deportivas de Edu. Solo informaci\u00f3n deportiva, tratando actualidad e historia del deporte, de todo el deporte. Apoyando los \u00e9xitos de los deportistas espa\u00f1oles y destacando los logros de los n\u00fameros uno de cada disciplina. Espero que disfrutes de la visita. \u00a1Viva el deporte!\",\"sameAs\":[\"http:\\\/\\\/www.cadena100.es\",\"https:\\\/\\\/www.facebook.com\\\/edumerino32\",\"https:\\\/\\\/x.com\\\/EDUMERINOSPORTS\"],\"url\":\"https:\\\/\\\/www.cope.es\\\/blogs\\\/merinadas-deportivas\\\/author\\\/emerino\\\/\"}]}<\/script>\n<!-- \/ Yoast SEO plugin. -->","yoast_head_json":{"title":"Pasaporte a Tokio 2020: el sue\u00f1o de Aina Cid y Virginia D\u00edaz en remo - Las Merinadas Deportivas de Edu","robots":{"index":"index","follow":"follow","max-snippet":"max-snippet:-1","max-image-preview":"max-image-preview:large","max-video-preview":"max-video-preview:-1"},"canonical":"https:\/\/www.cope.es\/blogs\/merinadas-deportivas\/2019\/06\/03\/pasaporte-a-tokio-2020-el-sueno-de-aina-cid-y-virginia-diaz-en-remo\/","og_locale":"es_ES","og_type":"article","og_title":"Pasaporte a Tokio 2020: el sue\u00f1o de Aina Cid y Virginia D\u00edaz en remo - Las Merinadas Deportivas de Edu","og_description":"Aina Cid (Amposta, Tarragona, 1994) no se cansa de hacer historia y quiere m\u00e1s. En el Campeonato de Europa de remo celebrado en el lago Rot de Lucerna (Suiza) ha confirmado que el bronce mundial de septiembre de 2018 no fue fruto de la casualidad. La medalla de oro conquistada junto a Virginia D\u00edaz (Astillero, [&hellip;]","og_url":"https:\/\/www.cope.es\/blogs\/merinadas-deportivas\/2019\/06\/03\/pasaporte-a-tokio-2020-el-sueno-de-aina-cid-y-virginia-diaz-en-remo\/","og_site_name":"Las Merinadas Deportivas de Edu","article_publisher":"https:\/\/www.facebook.com\/cope\/","article_author":"https:\/\/www.facebook.com\/edumerino32","article_published_time":"2019-06-03T17:40:11+00:00","og_image":[{"width":2048,"height":1536,"url":"https:\/\/www.cope.es\/blogs\/merinadas-deportivas\/wp-content\/uploads\/sites\/14\/2019\/06\/IMG_20190602_154748.jpg","type":"image\/jpeg"}],"author":"Eduardo Merino","twitter_card":"summary_large_image","twitter_creator":"@EDUMERINOSPORTS","twitter_site":"@cope_es","twitter_misc":{"Escrito por":"Eduardo Merino","Tiempo de lectura":"3 minutos"},"schema":{"@context":"https:\/\/schema.org","@graph":[{"@type":"Article","@id":"https:\/\/www.cope.es\/blogs\/merinadas-deportivas\/2019\/06\/03\/pasaporte-a-tokio-2020-el-sueno-de-aina-cid-y-virginia-diaz-en-remo\/#article","isPartOf":{"@id":"https:\/\/www.cope.es\/blogs\/merinadas-deportivas\/2019\/06\/03\/pasaporte-a-tokio-2020-el-sueno-de-aina-cid-y-virginia-diaz-en-remo\/"},"author":{"name":"Eduardo Merino","@id":"https:\/\/www.cope.es\/blogs\/merinadas-deportivas\/#\/schema\/person\/feae8281472d7d9c51077a2bfa896a18"},"headline":"Pasaporte a Tokio 2020: el sue\u00f1o de Aina Cid y Virginia D\u00edaz en remo","datePublished":"2019-06-03T17:40:11+00:00","mainEntityOfPage":{"@id":"https:\/\/www.cope.es\/blogs\/merinadas-deportivas\/2019\/06\/03\/pasaporte-a-tokio-2020-el-sueno-de-aina-cid-y-virginia-diaz-en-remo\/"},"wordCount":638,"commentCount":0,"image":{"@id":"https:\/\/www.cope.es\/blogs\/merinadas-deportivas\/2019\/06\/03\/pasaporte-a-tokio-2020-el-sueno-de-aina-cid-y-virginia-diaz-en-remo\/#primaryimage"},"thumbnailUrl":"https:\/\/www.cope.es\/blogs\/merinadas-deportivas\/wp-content\/uploads\/sites\/14\/2019\/06\/IMG_20190602_154748.jpg","keywords":["Aina Cid","Anna Boada","deporte femenino","deportes","Europeo de remo","Gold medal","remo","rowing","sports","Virginia D\u00edaz"],"articleSection":["Aina Cid","deporte espa\u00f1ol","Deporte Femenino","deportes","Juegos Ol\u00edmpicos","Olimpismo","opini\u00f3n","Pasaporte a Tokio 2020","Remo","Virginia D\u00edaz"],"inLanguage":"es","potentialAction":[{"@type":"CommentAction","name":"Comment","target":["https:\/\/www.cope.es\/blogs\/merinadas-deportivas\/2019\/06\/03\/pasaporte-a-tokio-2020-el-sueno-de-aina-cid-y-virginia-diaz-en-remo\/#respond"]}]},{"@type":"WebPage","@id":"https:\/\/www.cope.es\/blogs\/merinadas-deportivas\/2019\/06\/03\/pasaporte-a-tokio-2020-el-sueno-de-aina-cid-y-virginia-diaz-en-remo\/","url":"https:\/\/www.cope.es\/blogs\/merinadas-deportivas\/2019\/06\/03\/pasaporte-a-tokio-2020-el-sueno-de-aina-cid-y-virginia-diaz-en-remo\/","name":"Pasaporte a Tokio 2020: el sue\u00f1o de Aina Cid y Virginia D\u00edaz en remo - Las Merinadas Deportivas de Edu","isPartOf":{"@id":"https:\/\/www.cope.es\/blogs\/merinadas-deportivas\/#website"},"primaryImageOfPage":{"@id":"https:\/\/www.cope.es\/blogs\/merinadas-deportivas\/2019\/06\/03\/pasaporte-a-tokio-2020-el-sueno-de-aina-cid-y-virginia-diaz-en-remo\/#primaryimage"},"image":{"@id":"https:\/\/www.cope.es\/blogs\/merinadas-deportivas\/2019\/06\/03\/pasaporte-a-tokio-2020-el-sueno-de-aina-cid-y-virginia-diaz-en-remo\/#primaryimage"},"thumbnailUrl":"https:\/\/www.cope.es\/blogs\/merinadas-deportivas\/wp-content\/uploads\/sites\/14\/2019\/06\/IMG_20190602_154748.jpg","datePublished":"2019-06-03T17:40:11+00:00","author":{"@id":"https:\/\/www.cope.es\/blogs\/merinadas-deportivas\/#\/schema\/person\/feae8281472d7d9c51077a2bfa896a18"},"breadcrumb":{"@id":"https:\/\/www.cope.es\/blogs\/merinadas-deportivas\/2019\/06\/03\/pasaporte-a-tokio-2020-el-sueno-de-aina-cid-y-virginia-diaz-en-remo\/#breadcrumb"},"inLanguage":"es","potentialAction":[{"@type":"ReadAction","target":["https:\/\/www.cope.es\/blogs\/merinadas-deportivas\/2019\/06\/03\/pasaporte-a-tokio-2020-el-sueno-de-aina-cid-y-virginia-diaz-en-remo\/"]}]},{"@type":"ImageObject","inLanguage":"es","@id":"https:\/\/www.cope.es\/blogs\/merinadas-deportivas\/2019\/06\/03\/pasaporte-a-tokio-2020-el-sueno-de-aina-cid-y-virginia-diaz-en-remo\/#primaryimage","url":"https:\/\/www.cope.es\/blogs\/merinadas-deportivas\/wp-content\/uploads\/sites\/14\/2019\/06\/IMG_20190602_154748.jpg","contentUrl":"https:\/\/www.cope.es\/blogs\/merinadas-deportivas\/wp-content\/uploads\/sites\/14\/2019\/06\/IMG_20190602_154748.jpg","width":2048,"height":1536},{"@type":"BreadcrumbList","@id":"https:\/\/www.cope.es\/blogs\/merinadas-deportivas\/2019\/06\/03\/pasaporte-a-tokio-2020-el-sueno-de-aina-cid-y-virginia-diaz-en-remo\/#breadcrumb","itemListElement":[{"@type":"ListItem","position":1,"name":"Portada","item":"https:\/\/www.cope.es\/blogs\/merinadas-deportivas\/"},{"@type":"ListItem","position":2,"name":"Pasaporte a Tokio 2020: el sue\u00f1o de Aina Cid y Virginia D\u00edaz en remo"}]},{"@type":"WebSite","@id":"https:\/\/www.cope.es\/blogs\/merinadas-deportivas\/#website","url":"https:\/\/www.cope.es\/blogs\/merinadas-deportivas\/","name":"Las Merinadas Deportivas de Edu","description":"Blog de deportes de  COPE","potentialAction":[{"@type":"SearchAction","target":{"@type":"EntryPoint","urlTemplate":"https:\/\/www.cope.es\/blogs\/merinadas-deportivas\/?s={search_term_string}"},"query-input":{"@type":"PropertyValueSpecification","valueRequired":true,"valueName":"search_term_string"}}],"inLanguage":"es"},{"@type":"Person","@id":"https:\/\/www.cope.es\/blogs\/merinadas-deportivas\/#\/schema\/person\/feae8281472d7d9c51077a2bfa896a18","name":"Eduardo Merino","image":{"@type":"ImageObject","inLanguage":"es","@id":"https:\/\/secure.gravatar.com\/avatar\/1b689633847b6f17c03b3f9c4c239a399bd200259cca7376eb4a783247b45d2f?s=96&d=mm&r=g","url":"https:\/\/secure.gravatar.com\/avatar\/1b689633847b6f17c03b3f9c4c239a399bd200259cca7376eb4a783247b45d2f?s=96&d=mm&r=g","contentUrl":"https:\/\/secure.gravatar.com\/avatar\/1b689633847b6f17c03b3f9c4c239a399bd200259cca7376eb4a783247b45d2f?s=96&d=mm&r=g","caption":"Eduardo Merino"},"description":"Un d\u00eda de verano de 2012 decid\u00ed embarcarme en esta aventura. Hab\u00edan terminado los Juegos Ol\u00edmpicos de Londres 2012 y comenc\u00e9 a escribir. El blog naci\u00f3 un 14 de agosto en la piscina de mi urbanizaci\u00f3n, as\u00ed de f\u00e1cil. En un principio se llam\u00f3 'Las Merinadas de Edu', haciendo un juego de palabras con mi nombre y mi primer apellido. Durante el primer a\u00f1o cab\u00eda de todo, actualidad, opiniones, reflexiones personales y mucho deporte. Lo que m\u00e1s me gusta en este mundo es el deporte, a parte de la radio, donde trabajo desde hace trece a\u00f1os. Por eso, llego el d\u00eda en que el blog se convirti\u00f3 en Las Merinadas Deportivas de Edu. Solo informaci\u00f3n deportiva, tratando actualidad e historia del deporte, de todo el deporte. Apoyando los \u00e9xitos de los deportistas espa\u00f1oles y destacando los logros de los n\u00fameros uno de cada disciplina. Espero que disfrutes de la visita. \u00a1Viva el deporte!","sameAs":["http:\/\/www.cadena100.es","https:\/\/www.facebook.com\/edumerino32","https:\/\/x.com\/EDUMERINOSPORTS"],"url":"https:\/\/www.cope.es\/blogs\/merinadas-deportivas\/author\/emerino\/"}]}},"amp_enabled":true,"_links":{"self":[{"href":"https:\/\/www.cope.es\/blogs\/merinadas-deportivas\/wp-json\/wp\/v2\/posts\/2857","targetHints":{"allow":["GET"]}}],"collection":[{"href":"https:\/\/www.cope.es\/blogs\/merinadas-deportivas\/wp-json\/wp\/v2\/posts"}],"about":[{"href":"https:\/\/www.cope.es\/blogs\/merinadas-deportivas\/wp-json\/wp\/v2\/types\/post"}],"author":[{"embeddable":true,"href":"https:\/\/www.cope.es\/blogs\/merinadas-deportivas\/wp-json\/wp\/v2\/users\/14"}],"replies":[{"embeddable":true,"href":"https:\/\/www.cope.es\/blogs\/merinadas-deportivas\/wp-json\/wp\/v2\/comments?post=2857"}],"version-history":[{"count":1,"href":"https:\/\/www.cope.es\/blogs\/merinadas-deportivas\/wp-json\/wp\/v2\/posts\/2857\/revisions"}],"predecessor-version":[{"id":2862,"href":"https:\/\/www.cope.es\/blogs\/merinadas-deportivas\/wp-json\/wp\/v2\/posts\/2857\/revisions\/2862"}],"wp:featuredmedia":[{"embeddable":true,"href":"https:\/\/www.cope.es\/blogs\/merinadas-deportivas\/wp-json\/wp\/v2\/media\/2860"}],"wp:attachment":[{"href":"https:\/\/www.cope.es\/blogs\/merinadas-deportivas\/wp-json\/wp\/v2\/media?parent=2857"}],"wp:term":[{"taxonomy":"category","embeddable":true,"href":"https:\/\/www.cope.es\/blogs\/merinadas-deportivas\/wp-json\/wp\/v2\/categories?post=2857"},{"taxonomy":"post_tag","embeddable":true,"href":"https:\/\/www.cope.es\/blogs\/merinadas-deportivas\/wp-json\/wp\/v2\/tags?post=2857"}],"curies":[{"name":"wp","href":"https:\/\/api.w.org\/{rel}","templated":true}]}}