{"id":2792,"date":"2019-05-16T19:30:21","date_gmt":"2019-05-16T17:30:21","guid":{"rendered":"http:\/\/www.cope.es\/blogs\/merinadas-deportivas\/?p=2792"},"modified":"2019-05-16T18:53:36","modified_gmt":"2019-05-16T16:53:36","slug":"pasaporte-a-tokio-2020-xammar-y-rodriguez-apuntan-alto","status":"publish","type":"post","link":"https:\/\/www.cope.es\/blogs\/merinadas-deportivas\/2019\/05\/16\/pasaporte-a-tokio-2020-xammar-y-rodriguez-apuntan-alto\/","title":{"rendered":"Pasaporte a Tokio 2020: Xammar y Rodr\u00edguez apuntan alto"},"content":{"rendered":"<p><img loading=\"lazy\" decoding=\"async\" width=\"819\" height=\"1024\" class=\"aligncenter wp-image-2793 size-large\" src=\"http:\/\/www.cope.es\/blogs\/merinadas-deportivas\/wp-content\/uploads\/sites\/14\/2019\/05\/inCollage_20190516_183429405-819x1024.jpg\" alt=\"\" srcset=\"https:\/\/www.cope.es\/blogs\/merinadas-deportivas\/wp-content\/uploads\/sites\/14\/2019\/05\/inCollage_20190516_183429405-819x1024.jpg 819w, https:\/\/www.cope.es\/blogs\/merinadas-deportivas\/wp-content\/uploads\/sites\/14\/2019\/05\/inCollage_20190516_183429405-240x300.jpg 240w, https:\/\/www.cope.es\/blogs\/merinadas-deportivas\/wp-content\/uploads\/sites\/14\/2019\/05\/inCollage_20190516_183429405-768x960.jpg 768w, https:\/\/www.cope.es\/blogs\/merinadas-deportivas\/wp-content\/uploads\/sites\/14\/2019\/05\/inCollage_20190516_183429405.jpg 1920w\" sizes=\"auto, (max-width: 819px) 100vw, 819px\" \/><\/p>\n<p><span style=\"font-weight: 400\">Fueron los primeros espa\u00f1oles que consiguieron la plaza ol\u00edmpica (para el pa\u00eds) para los Juegos de Tokio 2020. Lo lograron en agosto de 2018 tras acabar terceros en el Campeonato del Mundo. Los regatistas <strong>Jordi Xammar y Nicol\u00e1s Rodr\u00edguez<\/strong> no tienen asegurada su presencia en tierras japonesas, pero todo apunta a que ser\u00e1n la pareja elegida. La que representar\u00e1 a Espa\u00f1a en la clase 470 de vela. Barcelon\u00e9s y vigu\u00e9s est\u00e1n demostrando de sobra que, de ser los elegidos para ir a Tokio, van a luchar por algo grande. <\/span><\/p>\n<p><span style=\"font-weight: 400\">Son los recientes subcampeones de Europa. \u201cEsta medalla nos demuestra que la l\u00ednea de trabajo que estamos siguiendo est\u00e1 dando sus frutos y que nuestro nivel es el id\u00f3neo para pelear con los mejores del mundo\u201d. Seguiremos trabajando para volver m\u00e1s fuertes de cara al mundial\u201d han comentado tras la plata en el Campeonato de Europa de Sanremo. <\/span><\/p>\n<h2>Campeones desde ni\u00f1os<\/h2>\n<p><img loading=\"lazy\" decoding=\"async\" width=\"620\" height=\"350\" class=\"aligncenter wp-image-2795 size-full\" src=\"http:\/\/www.cope.es\/blogs\/merinadas-deportivas\/wp-content\/uploads\/sites\/14\/2019\/05\/ep_los_regatistas_espanoles_jordi_xammarnicolas_rodriguez_620x350.jpg\" alt=\"\" srcset=\"https:\/\/www.cope.es\/blogs\/merinadas-deportivas\/wp-content\/uploads\/sites\/14\/2019\/05\/ep_los_regatistas_espanoles_jordi_xammarnicolas_rodriguez_620x350.jpg 620w, https:\/\/www.cope.es\/blogs\/merinadas-deportivas\/wp-content\/uploads\/sites\/14\/2019\/05\/ep_los_regatistas_espanoles_jordi_xammarnicolas_rodriguez_620x350-300x169.jpg 300w\" sizes=\"auto, (max-width: 620px) 100vw, 620px\" \/><\/p>\n<p><span style=\"font-weight: 400\">Jordi Xammar (Barcelona 1993) ya sabe lo que es participar en unos Juegos Ol\u00edmpicos. En R\u00edo 2016 form\u00f3 pareja en el 470 con <strong>Joan Herp<\/strong>. Acabaron duod\u00e9cimos. Nada mal para ser su primer participaci\u00f3n ol\u00edmpica. Anteriormente hab\u00eda sido cinco veces campe\u00f3n del mundo junior. Xammar comenz\u00f3 a competir en la vela a los seis a\u00f1os en la clase Optimist. A los 15 a\u00f1os pas\u00f3 a competir en 420. A los dieciocho comenz\u00f3 a navegar en la clase actual. En la que le ha dado las mayores alegr\u00edas junto a Rodr\u00edguez. <\/span><\/p>\n<p><span style=\"font-weight: 400\">Nicol\u00e1s Rodr\u00edguez (Vigo 1991). Recibi\u00f3 la llamada m\u00e1s importante de su vida dos d\u00edas despu\u00e9s de la finalizaci\u00f3n de los Juegos de R\u00edo. Era Jordi Xammar, que le convenci\u00f3 para que fuera su pareja de barco camino a Tokio 2020. Comenz\u00f3 en la vela un poco m\u00e1s tarde que Xammar, a los ocho a\u00f1os. Gan\u00f3 campeonatos gallegos en Optimist y de Espa\u00f1a en 420. En 2013 se uni\u00f3 como tripulante a Nahuel Rodr\u00edguez. Poco despu\u00e9s emigr\u00f3 a Holanda donde trabaj\u00f3 como dentista. All\u00ed recibi\u00f3 la llamada de Xammar.<\/span><\/p>\n<p><img loading=\"lazy\" decoding=\"async\" width=\"1024\" height=\"751\" class=\"aligncenter wp-image-2794 size-large\" src=\"http:\/\/www.cope.es\/blogs\/merinadas-deportivas\/wp-content\/uploads\/sites\/14\/2019\/05\/IMG_20180814_105109-1024x751.jpg\" alt=\"\" srcset=\"https:\/\/www.cope.es\/blogs\/merinadas-deportivas\/wp-content\/uploads\/sites\/14\/2019\/05\/IMG_20180814_105109-1024x751.jpg 1024w, https:\/\/www.cope.es\/blogs\/merinadas-deportivas\/wp-content\/uploads\/sites\/14\/2019\/05\/IMG_20180814_105109-300x220.jpg 300w, https:\/\/www.cope.es\/blogs\/merinadas-deportivas\/wp-content\/uploads\/sites\/14\/2019\/05\/IMG_20180814_105109-768x563.jpg 768w, https:\/\/www.cope.es\/blogs\/merinadas-deportivas\/wp-content\/uploads\/sites\/14\/2019\/05\/IMG_20180814_105109.jpg 1200w\" sizes=\"auto, (max-width: 1024px) 100vw, 1024px\" \/><\/p>\n<h2>De rivales a pareja ganadora<\/h2>\n<p><span style=\"font-weight: 400\">En categor\u00edas inferiores, fueron rivales y se conoc\u00edan de campeonatos de 420, donde se repartieron las victorias en varias ocasiones. El destino los uni\u00f3 para siempre en agosto de 2016 y las medallas no han parado de llegar.<\/span><\/p>\n<p><span style=\"font-weight: 400\">El 13 de mayo de 2017 consiguieron un bronce en el Campeonato de Europa celebrado en M\u00f3naco. Se trat\u00f3 de la primera medalla que consegu\u00edan ambos en categor\u00eda absoluta.<\/span> <span style=\"font-weight: 400\">El oro fue para los suecos <strong>Carl-Fredrik Fock y Marcus Dackhmmar<\/strong>, los franceses <strong>Guillaume Pirouelle y Jeremie Mion<\/strong> subieron al segundo escal\u00f3n del podio.<\/span><\/p>\n<p><span style=\"font-weight: 400\">9 de agosto de 2018. Xammar y Rodr\u00edguez lograron la plaza ol\u00edmpica para Espa\u00f1a con medalla de bronce incluida, en Aarhus (Dinamarca). Solo los franceses <strong>Kevin Pepponet y Jeremie Mion,<\/strong> campeones del mundo y los japoneses <strong>Tatsuya Isozaki y Akira Takayanagi<\/strong>, medalla de plata, superaron al d\u00fao espa\u00f1ol. <\/span><\/p>\n<p><span style=\"font-weight: 400\">14 de mayo de 2019. Barcelon\u00e9s y Vigu\u00e9s suben un escal\u00f3n con respecto al Europeo de 2017 y se cuelgan la medalla de plata en Sanremo (Italia). El oro fue para los suecos <strong>Dahlberg y Bergstr\u00f6s<\/strong> y el bronce para los franceses <strong>Kevin Peponnet y Jeremie Mion<\/strong>.<\/span><\/p>\n<h2>Agosto en Jap\u00f3n<\/h2>\n<p><img loading=\"lazy\" decoding=\"async\" width=\"1024\" height=\"638\" class=\"aligncenter wp-image-2796 size-large\" src=\"http:\/\/www.cope.es\/blogs\/merinadas-deportivas\/wp-content\/uploads\/sites\/14\/2019\/05\/c1b70d965ca504aa751ddb62ad69c63f_photo_647x1024-1024x638.jpg\" alt=\"\" srcset=\"https:\/\/www.cope.es\/blogs\/merinadas-deportivas\/wp-content\/uploads\/sites\/14\/2019\/05\/c1b70d965ca504aa751ddb62ad69c63f_photo_647x1024.jpg 1024w, https:\/\/www.cope.es\/blogs\/merinadas-deportivas\/wp-content\/uploads\/sites\/14\/2019\/05\/c1b70d965ca504aa751ddb62ad69c63f_photo_647x1024-300x187.jpg 300w, https:\/\/www.cope.es\/blogs\/merinadas-deportivas\/wp-content\/uploads\/sites\/14\/2019\/05\/c1b70d965ca504aa751ddb62ad69c63f_photo_647x1024-768x479.jpg 768w, https:\/\/www.cope.es\/blogs\/merinadas-deportivas\/wp-content\/uploads\/sites\/14\/2019\/05\/c1b70d965ca504aa751ddb62ad69c63f_photo_647x1024-570x354.jpg 570w\" sizes=\"auto, (max-width: 1024px) 100vw, 1024px\" \/><\/p>\n<p><span style=\"font-weight: 400\">Xammar y Rodr\u00edguez son terceros en el r\u00e1nking mundial y se tendr\u00e1n que jugar la plaza ol\u00edmpica contra <strong>Jos\u00e9 Manuel Ruiz y Gabriel Utrera<\/strong>. El Mundial de Jap\u00f3n del mes de agosto dictar\u00e1 sentencia, aunque todos los caminos llevan a los subcampeones de Europa. El Campeonato del Mundo de 470 se celebrar\u00e1 en Enoshima (Jap\u00f3n) del 2 al 9 de agosto. Sede de la vela en Tokio 2020 y del Test Event que tendr\u00e1 lugar del 15 al 22 de agosto de este 2019. <\/span><\/p>\n<p><span style=\"font-weight: 400\">Enoshima tambi\u00e9n ser\u00e1 la sede una Copa del Mundo con fechas del 25 de agosto al 1 de septiembre. Ser\u00e1 un mes de agosto en el que Xammar y Rodr\u00edguez podr\u00e1n conocer muy bien el lugar que les puede llevar a la gloria ol\u00edmpica en 2020. Ojal\u00e1 consigan la cuarta medalla ol\u00edmpica espa\u00f1ola en el 470 masculino. Los precedentes nos llevan a Montreal 1976 donde <strong>Gorostegui y Millet<\/strong> fueron plata. En Los \u00c1ngeles 1984 , <strong>Doreste y Molin<\/strong>a se colgaron la medalla de oro. Barcelona 92 coron\u00f3 a <strong>Calafat y S\u00e1nchez Lun<\/strong>a con otro oro para recordar.\u00a0<\/span><\/p>\n<p>&nbsp;<\/p>\n","protected":false},"excerpt":{"rendered":"<p>Fueron los primeros espa\u00f1oles que consiguieron la plaza ol\u00edmpica (para el pa\u00eds) para los Juegos de Tokio 2020. Lo lograron en agosto de 2018 tras acabar terceros en el Campeonato del Mundo. Los regatistas Jordi Xammar y Nicol\u00e1s Rodr\u00edguez no tienen asegurada su presencia en tierras japonesas, pero todo apunta a que ser\u00e1n la pareja [&hellip;]<\/p>\n","protected":false},"author":14,"featured_media":2797,"comment_status":"open","ping_status":"open","sticky":false,"template":"","format":"standard","meta":{"footnotes":""},"categories":[1493,13,1891,1500,1555,1366,1659,1660,1733],"tags":[916,1894,45,630,148,1893,102,181,1121,179,1892],"class_list":["post-2792","post","type-post","status-publish","format-standard","has-post-thumbnail","hentry","category-deporte-espanol","category-deportes","category-jordi-xammar-y-nicolas-rodriguez","category-juegos-olimpicos","category-olimpismo","category-opinion","category-pasaporte-a-tokio-2020","category-tokio-2020","category-vela","tag-916","tag-470-masculino","tag-jjoo","tag-jordi-xammar","tag-juegos-olimpicos","tag-nicolas-rodriguez","tag-olympics","tag-sailing","tag-tokio-2020","tag-vela","tag-xammar-y-rodriguez"],"yoast_head":"<!-- This site is optimized with the Yoast SEO plugin v27.4 - https:\/\/yoast.com\/product\/yoast-seo-wordpress\/ -->\n<title>Pasaporte a Tokio 2020: Xammar y Rodr\u00edguez apuntan alto - Las Merinadas Deportivas de Edu<\/title>\n<meta name=\"robots\" content=\"index, follow, max-snippet:-1, max-image-preview:large, max-video-preview:-1\" \/>\n<link rel=\"canonical\" href=\"https:\/\/www.cope.es\/blogs\/merinadas-deportivas\/2019\/05\/16\/pasaporte-a-tokio-2020-xammar-y-rodriguez-apuntan-alto\/\" \/>\n<meta property=\"og:locale\" content=\"es_ES\" \/>\n<meta property=\"og:type\" content=\"article\" \/>\n<meta property=\"og:title\" content=\"Pasaporte a Tokio 2020: Xammar y Rodr\u00edguez apuntan alto - Las Merinadas Deportivas de Edu\" \/>\n<meta property=\"og:description\" content=\"Fueron los primeros espa\u00f1oles que consiguieron la plaza ol\u00edmpica (para el pa\u00eds) para los Juegos de Tokio 2020. Lo lograron en agosto de 2018 tras acabar terceros en el Campeonato del Mundo. Los regatistas Jordi Xammar y Nicol\u00e1s Rodr\u00edguez no tienen asegurada su presencia en tierras japonesas, pero todo apunta a que ser\u00e1n la pareja [&hellip;]\" \/>\n<meta property=\"og:url\" content=\"https:\/\/www.cope.es\/blogs\/merinadas-deportivas\/2019\/05\/16\/pasaporte-a-tokio-2020-xammar-y-rodriguez-apuntan-alto\/\" \/>\n<meta property=\"og:site_name\" content=\"Las Merinadas Deportivas de Edu\" \/>\n<meta property=\"article:publisher\" content=\"https:\/\/www.facebook.com\/cope\/\" \/>\n<meta property=\"article:author\" content=\"https:\/\/www.facebook.com\/edumerino32\" \/>\n<meta property=\"article:published_time\" content=\"2019-05-16T17:30:21+00:00\" \/>\n<meta property=\"og:image\" content=\"https:\/\/www.cope.es\/blogs\/merinadas-deportivas\/wp-content\/uploads\/sites\/14\/2019\/05\/inCollage_20190516_183456936.jpg\" \/>\n\t<meta property=\"og:image:width\" content=\"2400\" \/>\n\t<meta property=\"og:image:height\" content=\"1920\" \/>\n\t<meta property=\"og:image:type\" content=\"image\/jpeg\" \/>\n<meta name=\"author\" content=\"Eduardo Merino\" \/>\n<meta name=\"twitter:card\" content=\"summary_large_image\" \/>\n<meta name=\"twitter:creator\" content=\"@EDUMERINOSPORTS\" \/>\n<meta name=\"twitter:site\" content=\"@cope_es\" \/>\n<meta name=\"twitter:label1\" content=\"Escrito por\" \/>\n\t<meta name=\"twitter:data1\" content=\"Eduardo Merino\" \/>\n\t<meta name=\"twitter:label2\" content=\"Tiempo de lectura\" \/>\n\t<meta name=\"twitter:data2\" content=\"4 minutos\" \/>\n<script type=\"application\/ld+json\" class=\"yoast-schema-graph\">{\"@context\":\"https:\\\/\\\/schema.org\",\"@graph\":[{\"@type\":\"Article\",\"@id\":\"https:\\\/\\\/www.cope.es\\\/blogs\\\/merinadas-deportivas\\\/2019\\\/05\\\/16\\\/pasaporte-a-tokio-2020-xammar-y-rodriguez-apuntan-alto\\\/#article\",\"isPartOf\":{\"@id\":\"https:\\\/\\\/www.cope.es\\\/blogs\\\/merinadas-deportivas\\\/2019\\\/05\\\/16\\\/pasaporte-a-tokio-2020-xammar-y-rodriguez-apuntan-alto\\\/\"},\"author\":{\"name\":\"Eduardo Merino\",\"@id\":\"https:\\\/\\\/www.cope.es\\\/blogs\\\/merinadas-deportivas\\\/#\\\/schema\\\/person\\\/feae8281472d7d9c51077a2bfa896a18\"},\"headline\":\"Pasaporte a Tokio 2020: Xammar y Rodr\u00edguez apuntan alto\",\"datePublished\":\"2019-05-16T17:30:21+00:00\",\"mainEntityOfPage\":{\"@id\":\"https:\\\/\\\/www.cope.es\\\/blogs\\\/merinadas-deportivas\\\/2019\\\/05\\\/16\\\/pasaporte-a-tokio-2020-xammar-y-rodriguez-apuntan-alto\\\/\"},\"wordCount\":743,\"commentCount\":0,\"image\":{\"@id\":\"https:\\\/\\\/www.cope.es\\\/blogs\\\/merinadas-deportivas\\\/2019\\\/05\\\/16\\\/pasaporte-a-tokio-2020-xammar-y-rodriguez-apuntan-alto\\\/#primaryimage\"},\"thumbnailUrl\":\"https:\\\/\\\/www.cope.es\\\/blogs\\\/merinadas-deportivas\\\/wp-content\\\/uploads\\\/sites\\\/14\\\/2019\\\/05\\\/inCollage_20190516_183456936.jpg\",\"keywords\":[\"470\",\"470 masculino\",\"JJOO\",\"Jordi Xammar\",\"Juegos Ol\u00edmpicos\",\"Nicol\u00e1s Rodr\u00edguez\",\"olympics\",\"sailing\",\"Tokio 2020\",\"Vela\",\"Xammar y Rodr\u00edguez\"],\"articleSection\":[\"deporte espa\u00f1ol\",\"deportes\",\"Jordi Xammar y Nicol\u00e1s Rodr\u00edguez\",\"Juegos Ol\u00edmpicos\",\"Olimpismo\",\"opini\u00f3n\",\"Pasaporte a Tokio 2020\",\"Tokio 2020\",\"Vela\"],\"inLanguage\":\"es\",\"potentialAction\":[{\"@type\":\"CommentAction\",\"name\":\"Comment\",\"target\":[\"https:\\\/\\\/www.cope.es\\\/blogs\\\/merinadas-deportivas\\\/2019\\\/05\\\/16\\\/pasaporte-a-tokio-2020-xammar-y-rodriguez-apuntan-alto\\\/#respond\"]}]},{\"@type\":\"WebPage\",\"@id\":\"https:\\\/\\\/www.cope.es\\\/blogs\\\/merinadas-deportivas\\\/2019\\\/05\\\/16\\\/pasaporte-a-tokio-2020-xammar-y-rodriguez-apuntan-alto\\\/\",\"url\":\"https:\\\/\\\/www.cope.es\\\/blogs\\\/merinadas-deportivas\\\/2019\\\/05\\\/16\\\/pasaporte-a-tokio-2020-xammar-y-rodriguez-apuntan-alto\\\/\",\"name\":\"Pasaporte a Tokio 2020: Xammar y Rodr\u00edguez apuntan alto - Las Merinadas Deportivas de Edu\",\"isPartOf\":{\"@id\":\"https:\\\/\\\/www.cope.es\\\/blogs\\\/merinadas-deportivas\\\/#website\"},\"primaryImageOfPage\":{\"@id\":\"https:\\\/\\\/www.cope.es\\\/blogs\\\/merinadas-deportivas\\\/2019\\\/05\\\/16\\\/pasaporte-a-tokio-2020-xammar-y-rodriguez-apuntan-alto\\\/#primaryimage\"},\"image\":{\"@id\":\"https:\\\/\\\/www.cope.es\\\/blogs\\\/merinadas-deportivas\\\/2019\\\/05\\\/16\\\/pasaporte-a-tokio-2020-xammar-y-rodriguez-apuntan-alto\\\/#primaryimage\"},\"thumbnailUrl\":\"https:\\\/\\\/www.cope.es\\\/blogs\\\/merinadas-deportivas\\\/wp-content\\\/uploads\\\/sites\\\/14\\\/2019\\\/05\\\/inCollage_20190516_183456936.jpg\",\"datePublished\":\"2019-05-16T17:30:21+00:00\",\"author\":{\"@id\":\"https:\\\/\\\/www.cope.es\\\/blogs\\\/merinadas-deportivas\\\/#\\\/schema\\\/person\\\/feae8281472d7d9c51077a2bfa896a18\"},\"breadcrumb\":{\"@id\":\"https:\\\/\\\/www.cope.es\\\/blogs\\\/merinadas-deportivas\\\/2019\\\/05\\\/16\\\/pasaporte-a-tokio-2020-xammar-y-rodriguez-apuntan-alto\\\/#breadcrumb\"},\"inLanguage\":\"es\",\"potentialAction\":[{\"@type\":\"ReadAction\",\"target\":[\"https:\\\/\\\/www.cope.es\\\/blogs\\\/merinadas-deportivas\\\/2019\\\/05\\\/16\\\/pasaporte-a-tokio-2020-xammar-y-rodriguez-apuntan-alto\\\/\"]}]},{\"@type\":\"ImageObject\",\"inLanguage\":\"es\",\"@id\":\"https:\\\/\\\/www.cope.es\\\/blogs\\\/merinadas-deportivas\\\/2019\\\/05\\\/16\\\/pasaporte-a-tokio-2020-xammar-y-rodriguez-apuntan-alto\\\/#primaryimage\",\"url\":\"https:\\\/\\\/www.cope.es\\\/blogs\\\/merinadas-deportivas\\\/wp-content\\\/uploads\\\/sites\\\/14\\\/2019\\\/05\\\/inCollage_20190516_183456936.jpg\",\"contentUrl\":\"https:\\\/\\\/www.cope.es\\\/blogs\\\/merinadas-deportivas\\\/wp-content\\\/uploads\\\/sites\\\/14\\\/2019\\\/05\\\/inCollage_20190516_183456936.jpg\",\"width\":2400,\"height\":1920},{\"@type\":\"BreadcrumbList\",\"@id\":\"https:\\\/\\\/www.cope.es\\\/blogs\\\/merinadas-deportivas\\\/2019\\\/05\\\/16\\\/pasaporte-a-tokio-2020-xammar-y-rodriguez-apuntan-alto\\\/#breadcrumb\",\"itemListElement\":[{\"@type\":\"ListItem\",\"position\":1,\"name\":\"Portada\",\"item\":\"https:\\\/\\\/www.cope.es\\\/blogs\\\/merinadas-deportivas\\\/\"},{\"@type\":\"ListItem\",\"position\":2,\"name\":\"Pasaporte a Tokio 2020: Xammar y Rodr\u00edguez apuntan alto\"}]},{\"@type\":\"WebSite\",\"@id\":\"https:\\\/\\\/www.cope.es\\\/blogs\\\/merinadas-deportivas\\\/#website\",\"url\":\"https:\\\/\\\/www.cope.es\\\/blogs\\\/merinadas-deportivas\\\/\",\"name\":\"Las Merinadas Deportivas de Edu\",\"description\":\"Blog de deportes de  COPE\",\"potentialAction\":[{\"@type\":\"SearchAction\",\"target\":{\"@type\":\"EntryPoint\",\"urlTemplate\":\"https:\\\/\\\/www.cope.es\\\/blogs\\\/merinadas-deportivas\\\/?s={search_term_string}\"},\"query-input\":{\"@type\":\"PropertyValueSpecification\",\"valueRequired\":true,\"valueName\":\"search_term_string\"}}],\"inLanguage\":\"es\"},{\"@type\":\"Person\",\"@id\":\"https:\\\/\\\/www.cope.es\\\/blogs\\\/merinadas-deportivas\\\/#\\\/schema\\\/person\\\/feae8281472d7d9c51077a2bfa896a18\",\"name\":\"Eduardo Merino\",\"image\":{\"@type\":\"ImageObject\",\"inLanguage\":\"es\",\"@id\":\"https:\\\/\\\/secure.gravatar.com\\\/avatar\\\/1b689633847b6f17c03b3f9c4c239a399bd200259cca7376eb4a783247b45d2f?s=96&d=mm&r=g\",\"url\":\"https:\\\/\\\/secure.gravatar.com\\\/avatar\\\/1b689633847b6f17c03b3f9c4c239a399bd200259cca7376eb4a783247b45d2f?s=96&d=mm&r=g\",\"contentUrl\":\"https:\\\/\\\/secure.gravatar.com\\\/avatar\\\/1b689633847b6f17c03b3f9c4c239a399bd200259cca7376eb4a783247b45d2f?s=96&d=mm&r=g\",\"caption\":\"Eduardo Merino\"},\"description\":\"Un d\u00eda de verano de 2012 decid\u00ed embarcarme en esta aventura. Hab\u00edan terminado los Juegos Ol\u00edmpicos de Londres 2012 y comenc\u00e9 a escribir. El blog naci\u00f3 un 14 de agosto en la piscina de mi urbanizaci\u00f3n, as\u00ed de f\u00e1cil. En un principio se llam\u00f3 'Las Merinadas de Edu', haciendo un juego de palabras con mi nombre y mi primer apellido. Durante el primer a\u00f1o cab\u00eda de todo, actualidad, opiniones, reflexiones personales y mucho deporte. Lo que m\u00e1s me gusta en este mundo es el deporte, a parte de la radio, donde trabajo desde hace trece a\u00f1os. Por eso, llego el d\u00eda en que el blog se convirti\u00f3 en Las Merinadas Deportivas de Edu. Solo informaci\u00f3n deportiva, tratando actualidad e historia del deporte, de todo el deporte. Apoyando los \u00e9xitos de los deportistas espa\u00f1oles y destacando los logros de los n\u00fameros uno de cada disciplina. Espero que disfrutes de la visita. \u00a1Viva el deporte!\",\"sameAs\":[\"http:\\\/\\\/www.cadena100.es\",\"https:\\\/\\\/www.facebook.com\\\/edumerino32\",\"https:\\\/\\\/x.com\\\/EDUMERINOSPORTS\"],\"url\":\"https:\\\/\\\/www.cope.es\\\/blogs\\\/merinadas-deportivas\\\/author\\\/emerino\\\/\"}]}<\/script>\n<!-- \/ Yoast SEO plugin. -->","yoast_head_json":{"title":"Pasaporte a Tokio 2020: Xammar y Rodr\u00edguez apuntan alto - Las Merinadas Deportivas de Edu","robots":{"index":"index","follow":"follow","max-snippet":"max-snippet:-1","max-image-preview":"max-image-preview:large","max-video-preview":"max-video-preview:-1"},"canonical":"https:\/\/www.cope.es\/blogs\/merinadas-deportivas\/2019\/05\/16\/pasaporte-a-tokio-2020-xammar-y-rodriguez-apuntan-alto\/","og_locale":"es_ES","og_type":"article","og_title":"Pasaporte a Tokio 2020: Xammar y Rodr\u00edguez apuntan alto - Las Merinadas Deportivas de Edu","og_description":"Fueron los primeros espa\u00f1oles que consiguieron la plaza ol\u00edmpica (para el pa\u00eds) para los Juegos de Tokio 2020. Lo lograron en agosto de 2018 tras acabar terceros en el Campeonato del Mundo. Los regatistas Jordi Xammar y Nicol\u00e1s Rodr\u00edguez no tienen asegurada su presencia en tierras japonesas, pero todo apunta a que ser\u00e1n la pareja [&hellip;]","og_url":"https:\/\/www.cope.es\/blogs\/merinadas-deportivas\/2019\/05\/16\/pasaporte-a-tokio-2020-xammar-y-rodriguez-apuntan-alto\/","og_site_name":"Las Merinadas Deportivas de Edu","article_publisher":"https:\/\/www.facebook.com\/cope\/","article_author":"https:\/\/www.facebook.com\/edumerino32","article_published_time":"2019-05-16T17:30:21+00:00","og_image":[{"width":2400,"height":1920,"url":"https:\/\/www.cope.es\/blogs\/merinadas-deportivas\/wp-content\/uploads\/sites\/14\/2019\/05\/inCollage_20190516_183456936.jpg","type":"image\/jpeg"}],"author":"Eduardo Merino","twitter_card":"summary_large_image","twitter_creator":"@EDUMERINOSPORTS","twitter_site":"@cope_es","twitter_misc":{"Escrito por":"Eduardo Merino","Tiempo de lectura":"4 minutos"},"schema":{"@context":"https:\/\/schema.org","@graph":[{"@type":"Article","@id":"https:\/\/www.cope.es\/blogs\/merinadas-deportivas\/2019\/05\/16\/pasaporte-a-tokio-2020-xammar-y-rodriguez-apuntan-alto\/#article","isPartOf":{"@id":"https:\/\/www.cope.es\/blogs\/merinadas-deportivas\/2019\/05\/16\/pasaporte-a-tokio-2020-xammar-y-rodriguez-apuntan-alto\/"},"author":{"name":"Eduardo Merino","@id":"https:\/\/www.cope.es\/blogs\/merinadas-deportivas\/#\/schema\/person\/feae8281472d7d9c51077a2bfa896a18"},"headline":"Pasaporte a Tokio 2020: Xammar y Rodr\u00edguez apuntan alto","datePublished":"2019-05-16T17:30:21+00:00","mainEntityOfPage":{"@id":"https:\/\/www.cope.es\/blogs\/merinadas-deportivas\/2019\/05\/16\/pasaporte-a-tokio-2020-xammar-y-rodriguez-apuntan-alto\/"},"wordCount":743,"commentCount":0,"image":{"@id":"https:\/\/www.cope.es\/blogs\/merinadas-deportivas\/2019\/05\/16\/pasaporte-a-tokio-2020-xammar-y-rodriguez-apuntan-alto\/#primaryimage"},"thumbnailUrl":"https:\/\/www.cope.es\/blogs\/merinadas-deportivas\/wp-content\/uploads\/sites\/14\/2019\/05\/inCollage_20190516_183456936.jpg","keywords":["470","470 masculino","JJOO","Jordi Xammar","Juegos Ol\u00edmpicos","Nicol\u00e1s Rodr\u00edguez","olympics","sailing","Tokio 2020","Vela","Xammar y Rodr\u00edguez"],"articleSection":["deporte espa\u00f1ol","deportes","Jordi Xammar y Nicol\u00e1s Rodr\u00edguez","Juegos Ol\u00edmpicos","Olimpismo","opini\u00f3n","Pasaporte a Tokio 2020","Tokio 2020","Vela"],"inLanguage":"es","potentialAction":[{"@type":"CommentAction","name":"Comment","target":["https:\/\/www.cope.es\/blogs\/merinadas-deportivas\/2019\/05\/16\/pasaporte-a-tokio-2020-xammar-y-rodriguez-apuntan-alto\/#respond"]}]},{"@type":"WebPage","@id":"https:\/\/www.cope.es\/blogs\/merinadas-deportivas\/2019\/05\/16\/pasaporte-a-tokio-2020-xammar-y-rodriguez-apuntan-alto\/","url":"https:\/\/www.cope.es\/blogs\/merinadas-deportivas\/2019\/05\/16\/pasaporte-a-tokio-2020-xammar-y-rodriguez-apuntan-alto\/","name":"Pasaporte a Tokio 2020: Xammar y Rodr\u00edguez apuntan alto - Las Merinadas Deportivas de Edu","isPartOf":{"@id":"https:\/\/www.cope.es\/blogs\/merinadas-deportivas\/#website"},"primaryImageOfPage":{"@id":"https:\/\/www.cope.es\/blogs\/merinadas-deportivas\/2019\/05\/16\/pasaporte-a-tokio-2020-xammar-y-rodriguez-apuntan-alto\/#primaryimage"},"image":{"@id":"https:\/\/www.cope.es\/blogs\/merinadas-deportivas\/2019\/05\/16\/pasaporte-a-tokio-2020-xammar-y-rodriguez-apuntan-alto\/#primaryimage"},"thumbnailUrl":"https:\/\/www.cope.es\/blogs\/merinadas-deportivas\/wp-content\/uploads\/sites\/14\/2019\/05\/inCollage_20190516_183456936.jpg","datePublished":"2019-05-16T17:30:21+00:00","author":{"@id":"https:\/\/www.cope.es\/blogs\/merinadas-deportivas\/#\/schema\/person\/feae8281472d7d9c51077a2bfa896a18"},"breadcrumb":{"@id":"https:\/\/www.cope.es\/blogs\/merinadas-deportivas\/2019\/05\/16\/pasaporte-a-tokio-2020-xammar-y-rodriguez-apuntan-alto\/#breadcrumb"},"inLanguage":"es","potentialAction":[{"@type":"ReadAction","target":["https:\/\/www.cope.es\/blogs\/merinadas-deportivas\/2019\/05\/16\/pasaporte-a-tokio-2020-xammar-y-rodriguez-apuntan-alto\/"]}]},{"@type":"ImageObject","inLanguage":"es","@id":"https:\/\/www.cope.es\/blogs\/merinadas-deportivas\/2019\/05\/16\/pasaporte-a-tokio-2020-xammar-y-rodriguez-apuntan-alto\/#primaryimage","url":"https:\/\/www.cope.es\/blogs\/merinadas-deportivas\/wp-content\/uploads\/sites\/14\/2019\/05\/inCollage_20190516_183456936.jpg","contentUrl":"https:\/\/www.cope.es\/blogs\/merinadas-deportivas\/wp-content\/uploads\/sites\/14\/2019\/05\/inCollage_20190516_183456936.jpg","width":2400,"height":1920},{"@type":"BreadcrumbList","@id":"https:\/\/www.cope.es\/blogs\/merinadas-deportivas\/2019\/05\/16\/pasaporte-a-tokio-2020-xammar-y-rodriguez-apuntan-alto\/#breadcrumb","itemListElement":[{"@type":"ListItem","position":1,"name":"Portada","item":"https:\/\/www.cope.es\/blogs\/merinadas-deportivas\/"},{"@type":"ListItem","position":2,"name":"Pasaporte a Tokio 2020: Xammar y Rodr\u00edguez apuntan alto"}]},{"@type":"WebSite","@id":"https:\/\/www.cope.es\/blogs\/merinadas-deportivas\/#website","url":"https:\/\/www.cope.es\/blogs\/merinadas-deportivas\/","name":"Las Merinadas Deportivas de Edu","description":"Blog de deportes de  COPE","potentialAction":[{"@type":"SearchAction","target":{"@type":"EntryPoint","urlTemplate":"https:\/\/www.cope.es\/blogs\/merinadas-deportivas\/?s={search_term_string}"},"query-input":{"@type":"PropertyValueSpecification","valueRequired":true,"valueName":"search_term_string"}}],"inLanguage":"es"},{"@type":"Person","@id":"https:\/\/www.cope.es\/blogs\/merinadas-deportivas\/#\/schema\/person\/feae8281472d7d9c51077a2bfa896a18","name":"Eduardo Merino","image":{"@type":"ImageObject","inLanguage":"es","@id":"https:\/\/secure.gravatar.com\/avatar\/1b689633847b6f17c03b3f9c4c239a399bd200259cca7376eb4a783247b45d2f?s=96&d=mm&r=g","url":"https:\/\/secure.gravatar.com\/avatar\/1b689633847b6f17c03b3f9c4c239a399bd200259cca7376eb4a783247b45d2f?s=96&d=mm&r=g","contentUrl":"https:\/\/secure.gravatar.com\/avatar\/1b689633847b6f17c03b3f9c4c239a399bd200259cca7376eb4a783247b45d2f?s=96&d=mm&r=g","caption":"Eduardo Merino"},"description":"Un d\u00eda de verano de 2012 decid\u00ed embarcarme en esta aventura. Hab\u00edan terminado los Juegos Ol\u00edmpicos de Londres 2012 y comenc\u00e9 a escribir. El blog naci\u00f3 un 14 de agosto en la piscina de mi urbanizaci\u00f3n, as\u00ed de f\u00e1cil. En un principio se llam\u00f3 'Las Merinadas de Edu', haciendo un juego de palabras con mi nombre y mi primer apellido. Durante el primer a\u00f1o cab\u00eda de todo, actualidad, opiniones, reflexiones personales y mucho deporte. Lo que m\u00e1s me gusta en este mundo es el deporte, a parte de la radio, donde trabajo desde hace trece a\u00f1os. Por eso, llego el d\u00eda en que el blog se convirti\u00f3 en Las Merinadas Deportivas de Edu. Solo informaci\u00f3n deportiva, tratando actualidad e historia del deporte, de todo el deporte. Apoyando los \u00e9xitos de los deportistas espa\u00f1oles y destacando los logros de los n\u00fameros uno de cada disciplina. Espero que disfrutes de la visita. \u00a1Viva el deporte!","sameAs":["http:\/\/www.cadena100.es","https:\/\/www.facebook.com\/edumerino32","https:\/\/x.com\/EDUMERINOSPORTS"],"url":"https:\/\/www.cope.es\/blogs\/merinadas-deportivas\/author\/emerino\/"}]}},"amp_enabled":true,"_links":{"self":[{"href":"https:\/\/www.cope.es\/blogs\/merinadas-deportivas\/wp-json\/wp\/v2\/posts\/2792","targetHints":{"allow":["GET"]}}],"collection":[{"href":"https:\/\/www.cope.es\/blogs\/merinadas-deportivas\/wp-json\/wp\/v2\/posts"}],"about":[{"href":"https:\/\/www.cope.es\/blogs\/merinadas-deportivas\/wp-json\/wp\/v2\/types\/post"}],"author":[{"embeddable":true,"href":"https:\/\/www.cope.es\/blogs\/merinadas-deportivas\/wp-json\/wp\/v2\/users\/14"}],"replies":[{"embeddable":true,"href":"https:\/\/www.cope.es\/blogs\/merinadas-deportivas\/wp-json\/wp\/v2\/comments?post=2792"}],"version-history":[{"count":1,"href":"https:\/\/www.cope.es\/blogs\/merinadas-deportivas\/wp-json\/wp\/v2\/posts\/2792\/revisions"}],"predecessor-version":[{"id":2798,"href":"https:\/\/www.cope.es\/blogs\/merinadas-deportivas\/wp-json\/wp\/v2\/posts\/2792\/revisions\/2798"}],"wp:featuredmedia":[{"embeddable":true,"href":"https:\/\/www.cope.es\/blogs\/merinadas-deportivas\/wp-json\/wp\/v2\/media\/2797"}],"wp:attachment":[{"href":"https:\/\/www.cope.es\/blogs\/merinadas-deportivas\/wp-json\/wp\/v2\/media?parent=2792"}],"wp:term":[{"taxonomy":"category","embeddable":true,"href":"https:\/\/www.cope.es\/blogs\/merinadas-deportivas\/wp-json\/wp\/v2\/categories?post=2792"},{"taxonomy":"post_tag","embeddable":true,"href":"https:\/\/www.cope.es\/blogs\/merinadas-deportivas\/wp-json\/wp\/v2\/tags?post=2792"}],"curies":[{"name":"wp","href":"https:\/\/api.w.org\/{rel}","templated":true}]}}