{"id":2536,"date":"2019-04-11T20:18:05","date_gmt":"2019-04-11T18:18:05","guid":{"rendered":"http:\/\/www.cope.es\/blogs\/merinadas-deportivas\/?p=2536"},"modified":"2019-04-12T06:40:13","modified_gmt":"2019-04-12T04:40:13","slug":"lydia-valentin-subcampeona-de-europa-en-batumi","status":"publish","type":"post","link":"https:\/\/www.cope.es\/blogs\/merinadas-deportivas\/2019\/04\/11\/lydia-valentin-subcampeona-de-europa-en-batumi\/","title":{"rendered":"Lydia Valent\u00edn, subcampeona de Europa en Batumi"},"content":{"rendered":"<p><img loading=\"lazy\" decoding=\"async\" width=\"1024\" height=\"683\" class=\"aligncenter wp-image-2537 size-large\" src=\"http:\/\/www.cope.es\/blogs\/merinadas-deportivas\/wp-content\/uploads\/sites\/14\/2019\/04\/IMG_20190411_192612-1024x683.jpg\" alt=\"\" srcset=\"https:\/\/www.cope.es\/blogs\/merinadas-deportivas\/wp-content\/uploads\/sites\/14\/2019\/04\/IMG_20190411_192612-1024x683.jpg 1024w, https:\/\/www.cope.es\/blogs\/merinadas-deportivas\/wp-content\/uploads\/sites\/14\/2019\/04\/IMG_20190411_192612-300x200.jpg 300w, https:\/\/www.cope.es\/blogs\/merinadas-deportivas\/wp-content\/uploads\/sites\/14\/2019\/04\/IMG_20190411_192612-768x512.jpg 768w, https:\/\/www.cope.es\/blogs\/merinadas-deportivas\/wp-content\/uploads\/sites\/14\/2019\/04\/IMG_20190411_192612-408x272.jpg 408w\" sizes=\"auto, (max-width: 1024px) 100vw, 1024px\" \/><\/p>\n<p>&nbsp;<\/p>\n<p><span style=\"font-weight: 400\">De nuevo en el podio. Esta vez ha sido en Batumi (Georgia) donde <strong>Lydia Valent\u00edn<\/strong> se ha proclamado subcampeona de Europa. Estrenaba categor\u00eda (76kg) y no ha logrado ser oro en el total ol\u00edmpico. S\u00ed ha podido serlo en arrancada. La triple medallista ol\u00edmpica aumenta su bot\u00edn de medallas mirando a los pr\u00f3ximos Juegos de Tokio 2020, donde llegar\u00e1 con 35 primaveras. Ojal\u00e1 contin\u00fae muchos a\u00f1os m\u00e1s. Verla competir es una maravilla. La tetracampeona de Europa no se cansa de ganar medallas en todos los lugares donde compite.<\/span><\/p>\n<p><img loading=\"lazy\" decoding=\"async\" width=\"1024\" height=\"683\" class=\"aligncenter wp-image-2547 size-large\" src=\"http:\/\/www.cope.es\/blogs\/merinadas-deportivas\/wp-content\/uploads\/sites\/14\/2019\/04\/IMG_20190411_201546-1024x683.jpg\" alt=\"\" srcset=\"https:\/\/www.cope.es\/blogs\/merinadas-deportivas\/wp-content\/uploads\/sites\/14\/2019\/04\/IMG_20190411_201546-1024x683.jpg 1024w, https:\/\/www.cope.es\/blogs\/merinadas-deportivas\/wp-content\/uploads\/sites\/14\/2019\/04\/IMG_20190411_201546-300x200.jpg 300w, https:\/\/www.cope.es\/blogs\/merinadas-deportivas\/wp-content\/uploads\/sites\/14\/2019\/04\/IMG_20190411_201546-768x512.jpg 768w, https:\/\/www.cope.es\/blogs\/merinadas-deportivas\/wp-content\/uploads\/sites\/14\/2019\/04\/IMG_20190411_201546-408x272.jpg 408w\" sizes=\"auto, (max-width: 1024px) 100vw, 1024px\" \/><\/p>\n<p>En Batumi ha sido la mejor en arrancada. Le ha sobrado un intento para colgarse la medalla de oro. 108 kilos le han bastado para encabezar la clasificaci\u00f3n. En el tercer levantamiento no ha podido con los 110. Seria tras el primer intento y sonriente y dibujando su coraz\u00f3n caracter\u00edstico al saberse ganadora despu\u00e9s del segundo.<\/p>\n<p>&nbsp;<\/p>\n<blockquote class=\"twitter-tweet\" data-width=\"550\" data-dnt=\"true\">\n<p lang=\"es\" dir=\"ltr\">\ud83e\udd47\ud83c\uddea\ud83c\uddfa \u00a1\u00a1Lydia Valent\u00edn, campeona de Europa en arrancada!! <\/p>\n<p>\ud83d\udcaa\ud83d\udcaa Levant\u00f3 108 kg en <a href=\"https:\/\/twitter.com\/hashtag\/Batumi2019?src=hash&amp;ref_src=twsrc%5Etfw\">#Batumi2019<\/a> en su segundo intento. \u00a1Ahora a por los dos tiempos!<\/p>\n<p>\ud83c\uddea\ud83c\uddf8 \u00a1Vamos <a href=\"https:\/\/twitter.com\/lydikit?ref_src=twsrc%5Etfw\">@lydikit<\/a>, <a href=\"https:\/\/twitter.com\/fedehalter?ref_src=twsrc%5Etfw\">@fedehalter<\/a>!!  <\/p>\n<p>Sigue el Europeo de halterofilia en <a href=\"https:\/\/twitter.com\/Eurosport_ES?ref_src=twsrc%5Etfw\">@Eurosport_ES<\/a> y <a href=\"https:\/\/t.co\/fLW7LTy0zL\">https:\/\/t.co\/fLW7LTy0zL<\/a> <a href=\"https:\/\/t.co\/CE7CFi59Ta\">pic.twitter.com\/CE7CFi59Ta<\/a><\/p>\n<p>&mdash; Eurosport.es (@Eurosport_ES) <a href=\"https:\/\/twitter.com\/Eurosport_ES\/status\/1116388843253567488?ref_src=twsrc%5Etfw\">April 11, 2019<\/a><\/p><\/blockquote>\n<p><script async src=\"https:\/\/platform.twitter.com\/widgets.js\" charset=\"utf-8\"><\/script><\/p>\n<p>En dos tiempos ha levantado 130 kilos en su primer intento, 133 en el segundo y no ha podido con los 136 en el tercero. Plata por levantar un kilo menos que la ganadora.<\/p>\n<blockquote class=\"twitter-tweet\" data-width=\"550\" data-dnt=\"true\">\n<p lang=\"es\" dir=\"ltr\">\ud83c\uddea\ud83c\uddf8\ud83c\udfc6\ud83c\uddea\ud83c\uddfa \u00a1\u00a1LYDIA VALENT\u00cdN, SUBCAMPEONA DE EUROPA DE HALTEROFILIA!!<\/p>\n<p>\ud83e\udd47\ud83e\udd48\ud83e\udd48 Gan\u00f3 el oro en arrancada, gana la plata en dos tiempos y en el total ol\u00edmpico.<\/p>\n<p>\ud83d\udcaa \u00a1\u00a1ENHORABUENA, <a href=\"https:\/\/twitter.com\/lydikit?ref_src=twsrc%5Etfw\">@lydikit<\/a>!! \ud83d\udc4f\ud83d\udc4f<\/p>\n<p>Sigue el Europeo de halterofilia en <a href=\"https:\/\/twitter.com\/Eurosport_ES?ref_src=twsrc%5Etfw\">@Eurosport_ES<\/a> y <a href=\"https:\/\/t.co\/fLW7LTy0zL\">https:\/\/t.co\/fLW7LTy0zL<\/a> <a href=\"https:\/\/t.co\/ZZs4y6AdYs\">pic.twitter.com\/ZZs4y6AdYs<\/a><\/p>\n<p>&mdash; Eurosport.es (@Eurosport_ES) <a href=\"https:\/\/twitter.com\/Eurosport_ES\/status\/1116400125860040705?ref_src=twsrc%5Etfw\">April 11, 2019<\/a><\/p><\/blockquote>\n<p><script async src=\"https:\/\/platform.twitter.com\/widgets.js\" charset=\"utf-8\"><\/script><\/p>\n<p><span style=\"font-weight: 400\">Mantenerse entre las mejores a\u00f1o tras a\u00f1o en la halterofilia, solo est\u00e1 al alcance de mujeres como la berciana. De 2007 a 2019 siempre ha ganado medalla europea con la excepci\u00f3n de 2010 donde acab\u00f3 en cuarto lugar y de 2016 a\u00f1o en el que no pudo participar por lesi\u00f3n. La bicampeona del mundo es insaciable. Tras el oro en el Campeonato del Mundo en noviembre de 2018, donde lleg\u00f3 lesionada, tuvo que parar y la preparaci\u00f3n para el Europeo ha sido m\u00e1s corta de lo habitual. Eso no le ha impedido volver a estar entre las mejores.\u00a0<\/span><\/p>\n<h2>Once podio europeos<\/h2>\n<p><span style=\"font-weight: 400\">Suma once medallas europeas en el total ol\u00edmpico: cuatro oros, cuatro platas y tres bronces. Un palmar\u00e9s que ser\u00e1 pr\u00e1cticamente imposible de igualar por alguna espa\u00f1ola en el futuro y que es la envidia de medio mundo. Lydia Valent\u00edn es un regalo ca\u00eddo del cielo. Un milagro que descubri\u00f3 a Espa\u00f1a la halterofilia. Un deporte que en 2017 contaba con 2.571 licencias.<\/span><\/p>\n<p><span style=\"font-weight: 400\">Aunque anteriormente hubo grandes campeones tanto en categor\u00eda masculina como femenina (su amiga <strong>Estefan\u00eda Juan<\/strong> fue campeona de Europa en tres ocasiones) ella es la principal responsable de que la halterofilia sea reconocida por mucha m\u00e1s gente que cuando se colg\u00f3 su primera medalla all\u00e1 por 2007. Continuar en el podio doce a\u00f1os despu\u00e9s la sit\u00faa entre las m\u00e1s grandes de la historia de su deporte.<\/span><\/p>\n<h2>Campeona de todo<\/h2>\n<p><span style=\"font-weight: 400\">Cuatro veces campeona de Europa, dos veces campeona del mundo, oro, plata y bronce ol\u00edmpicos. \u00bfQu\u00e9 m\u00e1s se le puede pedir a Lydia Valent\u00edn? Lo ha ganado todo. Forma parte del selecto club de deportistas espa\u00f1oles<a href=\"https:\/\/www.cope.es\/blogs\/merinadas-deportivas\/2017\/09\/23\/campeones-de-todo\/\"><strong> ganadores de la triple corona<\/strong><\/a>. <\/span><\/p>\n<p><span style=\"font-weight: 400\">La pr\u00f3xima gran cita para la mejor halter\u00f3fila espa\u00f1ola de todos los tiempos llegar\u00e1 en septiembre. Del 16 al 25 de ese mes se celebra el Mundial de Pattaya (Tailandia) donde intentar\u00e1 el m\u00e1s dif\u00edcil todav\u00eda: ser tricampeona del mundo. Se acerca la traca final de su carrera deportiva y ah\u00ed sigue con un rendimiento excepcional.<\/span><\/p>\n<p><img loading=\"lazy\" decoding=\"async\" width=\"1024\" height=\"658\" class=\"aligncenter wp-image-2545 size-large\" src=\"http:\/\/www.cope.es\/blogs\/merinadas-deportivas\/wp-content\/uploads\/sites\/14\/2019\/04\/LAS-MEDALLAS-DE-LYDIA-VALENT\u00cdN_002-1-1024x658.jpg\" alt=\"\" srcset=\"https:\/\/www.cope.es\/blogs\/merinadas-deportivas\/wp-content\/uploads\/sites\/14\/2019\/04\/LAS-MEDALLAS-DE-LYDIA-VALENT\u00cdN_002-1-1024x658.jpg 1024w, https:\/\/www.cope.es\/blogs\/merinadas-deportivas\/wp-content\/uploads\/sites\/14\/2019\/04\/LAS-MEDALLAS-DE-LYDIA-VALENT\u00cdN_002-1-300x193.jpg 300w, https:\/\/www.cope.es\/blogs\/merinadas-deportivas\/wp-content\/uploads\/sites\/14\/2019\/04\/LAS-MEDALLAS-DE-LYDIA-VALENT\u00cdN_002-1-768x494.jpg 768w, https:\/\/www.cope.es\/blogs\/merinadas-deportivas\/wp-content\/uploads\/sites\/14\/2019\/04\/LAS-MEDALLAS-DE-LYDIA-VALENT\u00cdN_002-1.jpg 1467w\" sizes=\"auto, (max-width: 1024px) 100vw, 1024px\" \/><\/p>\n<h5><strong>FOTOS: @fedehalter<\/strong><\/h5>\n<p>&nbsp;<\/p>\n","protected":false},"excerpt":{"rendered":"<p>&nbsp; De nuevo en el podio. Esta vez ha sido en Batumi (Georgia) donde Lydia Valent\u00edn se ha proclamado subcampeona de Europa. Estrenaba categor\u00eda (76kg) y no ha logrado ser oro en el total ol\u00edmpico. S\u00ed ha podido serlo en arrancada. La triple medallista ol\u00edmpica aumenta su bot\u00edn de medallas mirando a los pr\u00f3ximos Juegos [&hellip;]<\/p>\n","protected":false},"author":14,"featured_media":2544,"comment_status":"open","ping_status":"open","sticky":false,"template":"","format":"standard","meta":{"footnotes":""},"categories":[1493,1577,13,1513,1512],"tags":[49,82,83,87],"class_list":["post-2536","post","type-post","status-publish","format-standard","has-post-thumbnail","hentry","category-deporte-espanol","category-deporte-femenino","category-deportes","category-halterofilia","category-lydia-valentin","tag-deporte-femenino","tag-halterofilia","tag-lydia-valentin","tag-weightlifting"],"yoast_head":"<!-- This site is optimized with the Yoast SEO plugin v27.4 - https:\/\/yoast.com\/product\/yoast-seo-wordpress\/ -->\n<title>Lydia Valent\u00edn, subcampeona de Europa en Batumi - Las Merinadas Deportivas de Edu<\/title>\n<meta name=\"robots\" content=\"index, follow, max-snippet:-1, max-image-preview:large, max-video-preview:-1\" \/>\n<link rel=\"canonical\" href=\"https:\/\/www.cope.es\/blogs\/merinadas-deportivas\/2019\/04\/11\/lydia-valentin-subcampeona-de-europa-en-batumi\/\" \/>\n<meta property=\"og:locale\" content=\"es_ES\" \/>\n<meta property=\"og:type\" content=\"article\" \/>\n<meta property=\"og:title\" content=\"Lydia Valent\u00edn, subcampeona de Europa en Batumi - Las Merinadas Deportivas de Edu\" \/>\n<meta property=\"og:description\" content=\"&nbsp; De nuevo en el podio. Esta vez ha sido en Batumi (Georgia) donde Lydia Valent\u00edn se ha proclamado subcampeona de Europa. Estrenaba categor\u00eda (76kg) y no ha logrado ser oro en el total ol\u00edmpico. S\u00ed ha podido serlo en arrancada. La triple medallista ol\u00edmpica aumenta su bot\u00edn de medallas mirando a los pr\u00f3ximos Juegos [&hellip;]\" \/>\n<meta property=\"og:url\" content=\"https:\/\/www.cope.es\/blogs\/merinadas-deportivas\/2019\/04\/11\/lydia-valentin-subcampeona-de-europa-en-batumi\/\" \/>\n<meta property=\"og:site_name\" content=\"Las Merinadas Deportivas de Edu\" \/>\n<meta property=\"article:publisher\" content=\"https:\/\/www.facebook.com\/cope\/\" \/>\n<meta property=\"article:author\" content=\"https:\/\/www.facebook.com\/edumerino32\" \/>\n<meta property=\"article:published_time\" content=\"2019-04-11T18:18:05+00:00\" \/>\n<meta property=\"article:modified_time\" content=\"2019-04-12T04:40:13+00:00\" \/>\n<meta property=\"og:image\" content=\"https:\/\/www.cope.es\/blogs\/merinadas-deportivas\/wp-content\/uploads\/sites\/14\/2019\/04\/IMG_20190411_192615-2.jpg\" \/>\n\t<meta property=\"og:image:width\" content=\"4096\" \/>\n\t<meta property=\"og:image:height\" content=\"2730\" \/>\n\t<meta property=\"og:image:type\" content=\"image\/jpeg\" \/>\n<meta name=\"author\" content=\"Eduardo Merino\" \/>\n<meta name=\"twitter:card\" content=\"summary_large_image\" \/>\n<meta name=\"twitter:creator\" content=\"@EDUMERINOSPORTS\" \/>\n<meta name=\"twitter:site\" content=\"@cope_es\" \/>\n<meta name=\"twitter:label1\" content=\"Escrito por\" \/>\n\t<meta name=\"twitter:data1\" content=\"Eduardo Merino\" \/>\n\t<meta name=\"twitter:label2\" content=\"Tiempo de lectura\" \/>\n\t<meta name=\"twitter:data2\" content=\"3 minutos\" \/>\n<script type=\"application\/ld+json\" class=\"yoast-schema-graph\">{\"@context\":\"https:\\\/\\\/schema.org\",\"@graph\":[{\"@type\":\"Article\",\"@id\":\"https:\\\/\\\/www.cope.es\\\/blogs\\\/merinadas-deportivas\\\/2019\\\/04\\\/11\\\/lydia-valentin-subcampeona-de-europa-en-batumi\\\/#article\",\"isPartOf\":{\"@id\":\"https:\\\/\\\/www.cope.es\\\/blogs\\\/merinadas-deportivas\\\/2019\\\/04\\\/11\\\/lydia-valentin-subcampeona-de-europa-en-batumi\\\/\"},\"author\":{\"name\":\"Eduardo Merino\",\"@id\":\"https:\\\/\\\/www.cope.es\\\/blogs\\\/merinadas-deportivas\\\/#\\\/schema\\\/person\\\/feae8281472d7d9c51077a2bfa896a18\"},\"headline\":\"Lydia Valent\u00edn, subcampeona de Europa en Batumi\",\"datePublished\":\"2019-04-11T18:18:05+00:00\",\"dateModified\":\"2019-04-12T04:40:13+00:00\",\"mainEntityOfPage\":{\"@id\":\"https:\\\/\\\/www.cope.es\\\/blogs\\\/merinadas-deportivas\\\/2019\\\/04\\\/11\\\/lydia-valentin-subcampeona-de-europa-en-batumi\\\/\"},\"wordCount\":559,\"commentCount\":0,\"image\":{\"@id\":\"https:\\\/\\\/www.cope.es\\\/blogs\\\/merinadas-deportivas\\\/2019\\\/04\\\/11\\\/lydia-valentin-subcampeona-de-europa-en-batumi\\\/#primaryimage\"},\"thumbnailUrl\":\"https:\\\/\\\/www.cope.es\\\/blogs\\\/merinadas-deportivas\\\/wp-content\\\/uploads\\\/sites\\\/14\\\/2019\\\/04\\\/IMG_20190411_192615-2.jpg\",\"keywords\":[\"deporte femenino\",\"Halterofilia\",\"Lydia Valent\u00edn\",\"weightlifting\"],\"articleSection\":[\"deporte espa\u00f1ol\",\"Deporte Femenino\",\"deportes\",\"Halterofilia\",\"Lydia Valent\u00edn\"],\"inLanguage\":\"es\",\"potentialAction\":[{\"@type\":\"CommentAction\",\"name\":\"Comment\",\"target\":[\"https:\\\/\\\/www.cope.es\\\/blogs\\\/merinadas-deportivas\\\/2019\\\/04\\\/11\\\/lydia-valentin-subcampeona-de-europa-en-batumi\\\/#respond\"]}]},{\"@type\":\"WebPage\",\"@id\":\"https:\\\/\\\/www.cope.es\\\/blogs\\\/merinadas-deportivas\\\/2019\\\/04\\\/11\\\/lydia-valentin-subcampeona-de-europa-en-batumi\\\/\",\"url\":\"https:\\\/\\\/www.cope.es\\\/blogs\\\/merinadas-deportivas\\\/2019\\\/04\\\/11\\\/lydia-valentin-subcampeona-de-europa-en-batumi\\\/\",\"name\":\"Lydia Valent\u00edn, subcampeona de Europa en Batumi - Las Merinadas Deportivas de Edu\",\"isPartOf\":{\"@id\":\"https:\\\/\\\/www.cope.es\\\/blogs\\\/merinadas-deportivas\\\/#website\"},\"primaryImageOfPage\":{\"@id\":\"https:\\\/\\\/www.cope.es\\\/blogs\\\/merinadas-deportivas\\\/2019\\\/04\\\/11\\\/lydia-valentin-subcampeona-de-europa-en-batumi\\\/#primaryimage\"},\"image\":{\"@id\":\"https:\\\/\\\/www.cope.es\\\/blogs\\\/merinadas-deportivas\\\/2019\\\/04\\\/11\\\/lydia-valentin-subcampeona-de-europa-en-batumi\\\/#primaryimage\"},\"thumbnailUrl\":\"https:\\\/\\\/www.cope.es\\\/blogs\\\/merinadas-deportivas\\\/wp-content\\\/uploads\\\/sites\\\/14\\\/2019\\\/04\\\/IMG_20190411_192615-2.jpg\",\"datePublished\":\"2019-04-11T18:18:05+00:00\",\"dateModified\":\"2019-04-12T04:40:13+00:00\",\"author\":{\"@id\":\"https:\\\/\\\/www.cope.es\\\/blogs\\\/merinadas-deportivas\\\/#\\\/schema\\\/person\\\/feae8281472d7d9c51077a2bfa896a18\"},\"breadcrumb\":{\"@id\":\"https:\\\/\\\/www.cope.es\\\/blogs\\\/merinadas-deportivas\\\/2019\\\/04\\\/11\\\/lydia-valentin-subcampeona-de-europa-en-batumi\\\/#breadcrumb\"},\"inLanguage\":\"es\",\"potentialAction\":[{\"@type\":\"ReadAction\",\"target\":[\"https:\\\/\\\/www.cope.es\\\/blogs\\\/merinadas-deportivas\\\/2019\\\/04\\\/11\\\/lydia-valentin-subcampeona-de-europa-en-batumi\\\/\"]}]},{\"@type\":\"ImageObject\",\"inLanguage\":\"es\",\"@id\":\"https:\\\/\\\/www.cope.es\\\/blogs\\\/merinadas-deportivas\\\/2019\\\/04\\\/11\\\/lydia-valentin-subcampeona-de-europa-en-batumi\\\/#primaryimage\",\"url\":\"https:\\\/\\\/www.cope.es\\\/blogs\\\/merinadas-deportivas\\\/wp-content\\\/uploads\\\/sites\\\/14\\\/2019\\\/04\\\/IMG_20190411_192615-2.jpg\",\"contentUrl\":\"https:\\\/\\\/www.cope.es\\\/blogs\\\/merinadas-deportivas\\\/wp-content\\\/uploads\\\/sites\\\/14\\\/2019\\\/04\\\/IMG_20190411_192615-2.jpg\",\"width\":4096,\"height\":2730},{\"@type\":\"BreadcrumbList\",\"@id\":\"https:\\\/\\\/www.cope.es\\\/blogs\\\/merinadas-deportivas\\\/2019\\\/04\\\/11\\\/lydia-valentin-subcampeona-de-europa-en-batumi\\\/#breadcrumb\",\"itemListElement\":[{\"@type\":\"ListItem\",\"position\":1,\"name\":\"Portada\",\"item\":\"https:\\\/\\\/www.cope.es\\\/blogs\\\/merinadas-deportivas\\\/\"},{\"@type\":\"ListItem\",\"position\":2,\"name\":\"Lydia Valent\u00edn, subcampeona de Europa en Batumi\"}]},{\"@type\":\"WebSite\",\"@id\":\"https:\\\/\\\/www.cope.es\\\/blogs\\\/merinadas-deportivas\\\/#website\",\"url\":\"https:\\\/\\\/www.cope.es\\\/blogs\\\/merinadas-deportivas\\\/\",\"name\":\"Las Merinadas Deportivas de Edu\",\"description\":\"Blog de deportes de  COPE\",\"potentialAction\":[{\"@type\":\"SearchAction\",\"target\":{\"@type\":\"EntryPoint\",\"urlTemplate\":\"https:\\\/\\\/www.cope.es\\\/blogs\\\/merinadas-deportivas\\\/?s={search_term_string}\"},\"query-input\":{\"@type\":\"PropertyValueSpecification\",\"valueRequired\":true,\"valueName\":\"search_term_string\"}}],\"inLanguage\":\"es\"},{\"@type\":\"Person\",\"@id\":\"https:\\\/\\\/www.cope.es\\\/blogs\\\/merinadas-deportivas\\\/#\\\/schema\\\/person\\\/feae8281472d7d9c51077a2bfa896a18\",\"name\":\"Eduardo Merino\",\"image\":{\"@type\":\"ImageObject\",\"inLanguage\":\"es\",\"@id\":\"https:\\\/\\\/secure.gravatar.com\\\/avatar\\\/1b689633847b6f17c03b3f9c4c239a399bd200259cca7376eb4a783247b45d2f?s=96&d=mm&r=g\",\"url\":\"https:\\\/\\\/secure.gravatar.com\\\/avatar\\\/1b689633847b6f17c03b3f9c4c239a399bd200259cca7376eb4a783247b45d2f?s=96&d=mm&r=g\",\"contentUrl\":\"https:\\\/\\\/secure.gravatar.com\\\/avatar\\\/1b689633847b6f17c03b3f9c4c239a399bd200259cca7376eb4a783247b45d2f?s=96&d=mm&r=g\",\"caption\":\"Eduardo Merino\"},\"description\":\"Un d\u00eda de verano de 2012 decid\u00ed embarcarme en esta aventura. Hab\u00edan terminado los Juegos Ol\u00edmpicos de Londres 2012 y comenc\u00e9 a escribir. El blog naci\u00f3 un 14 de agosto en la piscina de mi urbanizaci\u00f3n, as\u00ed de f\u00e1cil. En un principio se llam\u00f3 'Las Merinadas de Edu', haciendo un juego de palabras con mi nombre y mi primer apellido. Durante el primer a\u00f1o cab\u00eda de todo, actualidad, opiniones, reflexiones personales y mucho deporte. Lo que m\u00e1s me gusta en este mundo es el deporte, a parte de la radio, donde trabajo desde hace trece a\u00f1os. Por eso, llego el d\u00eda en que el blog se convirti\u00f3 en Las Merinadas Deportivas de Edu. Solo informaci\u00f3n deportiva, tratando actualidad e historia del deporte, de todo el deporte. Apoyando los \u00e9xitos de los deportistas espa\u00f1oles y destacando los logros de los n\u00fameros uno de cada disciplina. Espero que disfrutes de la visita. \u00a1Viva el deporte!\",\"sameAs\":[\"http:\\\/\\\/www.cadena100.es\",\"https:\\\/\\\/www.facebook.com\\\/edumerino32\",\"https:\\\/\\\/x.com\\\/EDUMERINOSPORTS\"],\"url\":\"https:\\\/\\\/www.cope.es\\\/blogs\\\/merinadas-deportivas\\\/author\\\/emerino\\\/\"}]}<\/script>\n<!-- \/ Yoast SEO plugin. -->","yoast_head_json":{"title":"Lydia Valent\u00edn, subcampeona de Europa en Batumi - Las Merinadas Deportivas de Edu","robots":{"index":"index","follow":"follow","max-snippet":"max-snippet:-1","max-image-preview":"max-image-preview:large","max-video-preview":"max-video-preview:-1"},"canonical":"https:\/\/www.cope.es\/blogs\/merinadas-deportivas\/2019\/04\/11\/lydia-valentin-subcampeona-de-europa-en-batumi\/","og_locale":"es_ES","og_type":"article","og_title":"Lydia Valent\u00edn, subcampeona de Europa en Batumi - Las Merinadas Deportivas de Edu","og_description":"&nbsp; De nuevo en el podio. Esta vez ha sido en Batumi (Georgia) donde Lydia Valent\u00edn se ha proclamado subcampeona de Europa. Estrenaba categor\u00eda (76kg) y no ha logrado ser oro en el total ol\u00edmpico. S\u00ed ha podido serlo en arrancada. La triple medallista ol\u00edmpica aumenta su bot\u00edn de medallas mirando a los pr\u00f3ximos Juegos [&hellip;]","og_url":"https:\/\/www.cope.es\/blogs\/merinadas-deportivas\/2019\/04\/11\/lydia-valentin-subcampeona-de-europa-en-batumi\/","og_site_name":"Las Merinadas Deportivas de Edu","article_publisher":"https:\/\/www.facebook.com\/cope\/","article_author":"https:\/\/www.facebook.com\/edumerino32","article_published_time":"2019-04-11T18:18:05+00:00","article_modified_time":"2019-04-12T04:40:13+00:00","og_image":[{"width":4096,"height":2730,"url":"https:\/\/www.cope.es\/blogs\/merinadas-deportivas\/wp-content\/uploads\/sites\/14\/2019\/04\/IMG_20190411_192615-2.jpg","type":"image\/jpeg"}],"author":"Eduardo Merino","twitter_card":"summary_large_image","twitter_creator":"@EDUMERINOSPORTS","twitter_site":"@cope_es","twitter_misc":{"Escrito por":"Eduardo Merino","Tiempo de lectura":"3 minutos"},"schema":{"@context":"https:\/\/schema.org","@graph":[{"@type":"Article","@id":"https:\/\/www.cope.es\/blogs\/merinadas-deportivas\/2019\/04\/11\/lydia-valentin-subcampeona-de-europa-en-batumi\/#article","isPartOf":{"@id":"https:\/\/www.cope.es\/blogs\/merinadas-deportivas\/2019\/04\/11\/lydia-valentin-subcampeona-de-europa-en-batumi\/"},"author":{"name":"Eduardo Merino","@id":"https:\/\/www.cope.es\/blogs\/merinadas-deportivas\/#\/schema\/person\/feae8281472d7d9c51077a2bfa896a18"},"headline":"Lydia Valent\u00edn, subcampeona de Europa en Batumi","datePublished":"2019-04-11T18:18:05+00:00","dateModified":"2019-04-12T04:40:13+00:00","mainEntityOfPage":{"@id":"https:\/\/www.cope.es\/blogs\/merinadas-deportivas\/2019\/04\/11\/lydia-valentin-subcampeona-de-europa-en-batumi\/"},"wordCount":559,"commentCount":0,"image":{"@id":"https:\/\/www.cope.es\/blogs\/merinadas-deportivas\/2019\/04\/11\/lydia-valentin-subcampeona-de-europa-en-batumi\/#primaryimage"},"thumbnailUrl":"https:\/\/www.cope.es\/blogs\/merinadas-deportivas\/wp-content\/uploads\/sites\/14\/2019\/04\/IMG_20190411_192615-2.jpg","keywords":["deporte femenino","Halterofilia","Lydia Valent\u00edn","weightlifting"],"articleSection":["deporte espa\u00f1ol","Deporte Femenino","deportes","Halterofilia","Lydia Valent\u00edn"],"inLanguage":"es","potentialAction":[{"@type":"CommentAction","name":"Comment","target":["https:\/\/www.cope.es\/blogs\/merinadas-deportivas\/2019\/04\/11\/lydia-valentin-subcampeona-de-europa-en-batumi\/#respond"]}]},{"@type":"WebPage","@id":"https:\/\/www.cope.es\/blogs\/merinadas-deportivas\/2019\/04\/11\/lydia-valentin-subcampeona-de-europa-en-batumi\/","url":"https:\/\/www.cope.es\/blogs\/merinadas-deportivas\/2019\/04\/11\/lydia-valentin-subcampeona-de-europa-en-batumi\/","name":"Lydia Valent\u00edn, subcampeona de Europa en Batumi - Las Merinadas Deportivas de Edu","isPartOf":{"@id":"https:\/\/www.cope.es\/blogs\/merinadas-deportivas\/#website"},"primaryImageOfPage":{"@id":"https:\/\/www.cope.es\/blogs\/merinadas-deportivas\/2019\/04\/11\/lydia-valentin-subcampeona-de-europa-en-batumi\/#primaryimage"},"image":{"@id":"https:\/\/www.cope.es\/blogs\/merinadas-deportivas\/2019\/04\/11\/lydia-valentin-subcampeona-de-europa-en-batumi\/#primaryimage"},"thumbnailUrl":"https:\/\/www.cope.es\/blogs\/merinadas-deportivas\/wp-content\/uploads\/sites\/14\/2019\/04\/IMG_20190411_192615-2.jpg","datePublished":"2019-04-11T18:18:05+00:00","dateModified":"2019-04-12T04:40:13+00:00","author":{"@id":"https:\/\/www.cope.es\/blogs\/merinadas-deportivas\/#\/schema\/person\/feae8281472d7d9c51077a2bfa896a18"},"breadcrumb":{"@id":"https:\/\/www.cope.es\/blogs\/merinadas-deportivas\/2019\/04\/11\/lydia-valentin-subcampeona-de-europa-en-batumi\/#breadcrumb"},"inLanguage":"es","potentialAction":[{"@type":"ReadAction","target":["https:\/\/www.cope.es\/blogs\/merinadas-deportivas\/2019\/04\/11\/lydia-valentin-subcampeona-de-europa-en-batumi\/"]}]},{"@type":"ImageObject","inLanguage":"es","@id":"https:\/\/www.cope.es\/blogs\/merinadas-deportivas\/2019\/04\/11\/lydia-valentin-subcampeona-de-europa-en-batumi\/#primaryimage","url":"https:\/\/www.cope.es\/blogs\/merinadas-deportivas\/wp-content\/uploads\/sites\/14\/2019\/04\/IMG_20190411_192615-2.jpg","contentUrl":"https:\/\/www.cope.es\/blogs\/merinadas-deportivas\/wp-content\/uploads\/sites\/14\/2019\/04\/IMG_20190411_192615-2.jpg","width":4096,"height":2730},{"@type":"BreadcrumbList","@id":"https:\/\/www.cope.es\/blogs\/merinadas-deportivas\/2019\/04\/11\/lydia-valentin-subcampeona-de-europa-en-batumi\/#breadcrumb","itemListElement":[{"@type":"ListItem","position":1,"name":"Portada","item":"https:\/\/www.cope.es\/blogs\/merinadas-deportivas\/"},{"@type":"ListItem","position":2,"name":"Lydia Valent\u00edn, subcampeona de Europa en Batumi"}]},{"@type":"WebSite","@id":"https:\/\/www.cope.es\/blogs\/merinadas-deportivas\/#website","url":"https:\/\/www.cope.es\/blogs\/merinadas-deportivas\/","name":"Las Merinadas Deportivas de Edu","description":"Blog de deportes de  COPE","potentialAction":[{"@type":"SearchAction","target":{"@type":"EntryPoint","urlTemplate":"https:\/\/www.cope.es\/blogs\/merinadas-deportivas\/?s={search_term_string}"},"query-input":{"@type":"PropertyValueSpecification","valueRequired":true,"valueName":"search_term_string"}}],"inLanguage":"es"},{"@type":"Person","@id":"https:\/\/www.cope.es\/blogs\/merinadas-deportivas\/#\/schema\/person\/feae8281472d7d9c51077a2bfa896a18","name":"Eduardo Merino","image":{"@type":"ImageObject","inLanguage":"es","@id":"https:\/\/secure.gravatar.com\/avatar\/1b689633847b6f17c03b3f9c4c239a399bd200259cca7376eb4a783247b45d2f?s=96&d=mm&r=g","url":"https:\/\/secure.gravatar.com\/avatar\/1b689633847b6f17c03b3f9c4c239a399bd200259cca7376eb4a783247b45d2f?s=96&d=mm&r=g","contentUrl":"https:\/\/secure.gravatar.com\/avatar\/1b689633847b6f17c03b3f9c4c239a399bd200259cca7376eb4a783247b45d2f?s=96&d=mm&r=g","caption":"Eduardo Merino"},"description":"Un d\u00eda de verano de 2012 decid\u00ed embarcarme en esta aventura. Hab\u00edan terminado los Juegos Ol\u00edmpicos de Londres 2012 y comenc\u00e9 a escribir. El blog naci\u00f3 un 14 de agosto en la piscina de mi urbanizaci\u00f3n, as\u00ed de f\u00e1cil. En un principio se llam\u00f3 'Las Merinadas de Edu', haciendo un juego de palabras con mi nombre y mi primer apellido. Durante el primer a\u00f1o cab\u00eda de todo, actualidad, opiniones, reflexiones personales y mucho deporte. Lo que m\u00e1s me gusta en este mundo es el deporte, a parte de la radio, donde trabajo desde hace trece a\u00f1os. Por eso, llego el d\u00eda en que el blog se convirti\u00f3 en Las Merinadas Deportivas de Edu. Solo informaci\u00f3n deportiva, tratando actualidad e historia del deporte, de todo el deporte. Apoyando los \u00e9xitos de los deportistas espa\u00f1oles y destacando los logros de los n\u00fameros uno de cada disciplina. Espero que disfrutes de la visita. \u00a1Viva el deporte!","sameAs":["http:\/\/www.cadena100.es","https:\/\/www.facebook.com\/edumerino32","https:\/\/x.com\/EDUMERINOSPORTS"],"url":"https:\/\/www.cope.es\/blogs\/merinadas-deportivas\/author\/emerino\/"}]}},"amp_enabled":true,"_links":{"self":[{"href":"https:\/\/www.cope.es\/blogs\/merinadas-deportivas\/wp-json\/wp\/v2\/posts\/2536","targetHints":{"allow":["GET"]}}],"collection":[{"href":"https:\/\/www.cope.es\/blogs\/merinadas-deportivas\/wp-json\/wp\/v2\/posts"}],"about":[{"href":"https:\/\/www.cope.es\/blogs\/merinadas-deportivas\/wp-json\/wp\/v2\/types\/post"}],"author":[{"embeddable":true,"href":"https:\/\/www.cope.es\/blogs\/merinadas-deportivas\/wp-json\/wp\/v2\/users\/14"}],"replies":[{"embeddable":true,"href":"https:\/\/www.cope.es\/blogs\/merinadas-deportivas\/wp-json\/wp\/v2\/comments?post=2536"}],"version-history":[{"count":3,"href":"https:\/\/www.cope.es\/blogs\/merinadas-deportivas\/wp-json\/wp\/v2\/posts\/2536\/revisions"}],"predecessor-version":[{"id":2551,"href":"https:\/\/www.cope.es\/blogs\/merinadas-deportivas\/wp-json\/wp\/v2\/posts\/2536\/revisions\/2551"}],"wp:featuredmedia":[{"embeddable":true,"href":"https:\/\/www.cope.es\/blogs\/merinadas-deportivas\/wp-json\/wp\/v2\/media\/2544"}],"wp:attachment":[{"href":"https:\/\/www.cope.es\/blogs\/merinadas-deportivas\/wp-json\/wp\/v2\/media?parent=2536"}],"wp:term":[{"taxonomy":"category","embeddable":true,"href":"https:\/\/www.cope.es\/blogs\/merinadas-deportivas\/wp-json\/wp\/v2\/categories?post=2536"},{"taxonomy":"post_tag","embeddable":true,"href":"https:\/\/www.cope.es\/blogs\/merinadas-deportivas\/wp-json\/wp\/v2\/tags?post=2536"}],"curies":[{"name":"wp","href":"https:\/\/api.w.org\/{rel}","templated":true}]}}