{"id":2374,"date":"2019-03-14T19:20:14","date_gmt":"2019-03-14T18:20:14","guid":{"rendered":"http:\/\/www.cope.es\/blogs\/merinadas-deportivas\/?p=2374"},"modified":"2019-03-14T18:33:28","modified_gmt":"2019-03-14T17:33:28","slug":"echevarria-batira-tarde-o-temprano-el-record-mundial-de-longitud","status":"publish","type":"post","link":"https:\/\/www.cope.es\/blogs\/merinadas-deportivas\/2019\/03\/14\/echevarria-batira-tarde-o-temprano-el-record-mundial-de-longitud\/","title":{"rendered":"Echevarr\u00eda batir\u00e1 tarde o temprano el r\u00e9cord mundial de longitud"},"content":{"rendered":"<p><img loading=\"lazy\" decoding=\"async\" width=\"600\" height=\"400\" class=\"aligncenter wp-image-2375 size-full\" src=\"http:\/\/www.cope.es\/blogs\/merinadas-deportivas\/wp-content\/uploads\/sites\/14\/2019\/03\/dd35aa5e-f56a-4c0e-b354-994053a48c99.png\" alt=\"\" srcset=\"https:\/\/www.cope.es\/blogs\/merinadas-deportivas\/wp-content\/uploads\/sites\/14\/2019\/03\/dd35aa5e-f56a-4c0e-b354-994053a48c99.png 600w, https:\/\/www.cope.es\/blogs\/merinadas-deportivas\/wp-content\/uploads\/sites\/14\/2019\/03\/dd35aa5e-f56a-4c0e-b354-994053a48c99-300x200.png 300w, https:\/\/www.cope.es\/blogs\/merinadas-deportivas\/wp-content\/uploads\/sites\/14\/2019\/03\/dd35aa5e-f56a-4c0e-b354-994053a48c99-408x272.png 408w\" sizes=\"auto, (max-width: 600px) 100vw, 600px\" \/><\/p>\n<p><span style=\"font-weight: 400\">El 29 de julio de 1995, <strong>Juan Miguel Echevarr\u00eda<\/strong> (Camag\u00fcey, Cuba, 1998) estaba lejos de venir al mundo. Ese d\u00eda <strong>Iv\u00e1n Pedroso<\/strong>, tambi\u00e9n cubano, bati\u00f3 el r\u00e9cord del mundo de salto de longitud. Solo hab\u00edan pasado tres a\u00f1os y once meses de los estratosf\u00e9ricos 8m95cm, con los que <strong>Mike Powell<\/strong> bati\u00f3 el <strong><a href=\"https:\/\/www.cope.es\/blogs\/merinadas-deportivas\/2016\/02\/15\/powell-lewis-y-un-record-insuperable\/\">r\u00e9cord mundial en el Campeonato del Mundo de Tokio<\/a><\/strong>. Pedroso salt\u00f3 8m96cm en Sestriere (Italia) con un viento favorable de 1,2 m\/s. Despu\u00e9s se supo que un entrenador italiano se hab\u00eda situado delante del aparato de medici\u00f3n y que realmente el viento era superior a 3,0 m\/s. Lo que signific\u00f3 que la marca no fue homologada y la IAAF (Federaci\u00f3n Internacional de Atletismo) ha dejado el salto como inexistente. <\/span><\/p>\n<h2>Mike Powell y su reinado sin fin<\/h2>\n<p><iframe loading=\"lazy\" width=\"675\" height=\"380\" src=\"https:\/\/www.youtube.com\/embed\/mT_Dm1LKpRk?feature=oembed\" frameborder=\"0\" allow=\"accelerometer; autoplay; encrypted-media; gyroscope; picture-in-picture\" allowfullscreen><\/iframe><\/p>\n<p><span style=\"font-weight: 400\">La plusmarca mundial de longitud sigue perteneciendo a Mike Powell casi tres d\u00e9cadas despu\u00e9s. Pero todo apunta a que el veintea\u00f1ero Echevarr\u00eda, tarde o temprano se pondr\u00e1 al frente de la clasificaci\u00f3n. Los nueve metros, otra de las barreras que no ha logrado sobrepasar el hombre, est\u00e1n muy cerca de conseguirse. El atleta cubano ha saltado recientemente 8m92cm en su pa\u00eds. El viento fue ilegal (+3,3m\/s) y es cierto que, al ver las im\u00e1genes, la medici\u00f3n deja muchas dudas. Pero no es la primera vez que Echevarr\u00eda salta cerca de los 9 metros y es el mayor candidato a destronar al estadounidense Powell.<\/span><\/p>\n<p><img loading=\"lazy\" decoding=\"async\" width=\"800\" height=\"449\" class=\"aligncenter wp-image-2379 size-full\" src=\"http:\/\/www.cope.es\/blogs\/merinadas-deportivas\/wp-content\/uploads\/sites\/14\/2019\/03\/echevarria-salto.jpg\" alt=\"\" srcset=\"https:\/\/www.cope.es\/blogs\/merinadas-deportivas\/wp-content\/uploads\/sites\/14\/2019\/03\/echevarria-salto.jpg 800w, https:\/\/www.cope.es\/blogs\/merinadas-deportivas\/wp-content\/uploads\/sites\/14\/2019\/03\/echevarria-salto-300x168.jpg 300w, https:\/\/www.cope.es\/blogs\/merinadas-deportivas\/wp-content\/uploads\/sites\/14\/2019\/03\/echevarria-salto-768x431.jpg 768w\" sizes=\"auto, (max-width: 800px) 100vw, 800px\" \/><\/p>\n<p><span style=\"font-weight: 400\">Los 8m92cm colocan a Echevarr\u00eda como el segundo atleta que ha saltado m\u00e1s lejos y es la cuarta mejor marca de siempre. Mike Powell es el plusmarquista mundial y tiene adem\u00e1s otros dos saltos enormes.\u00a0 Sestriere 1992, a m\u00e1s de 2.000 metros de altitud roz\u00f3 los nueve metros (8m99cm) con un viento ilegal de 4,4m\/s. En 1994, tambi\u00e9n en \u00a0Sestriere, se fue hasta los 8m95cm (igualando su r\u00e9cord) con 3,9 m\/s. <\/span><\/p>\n<h2>Muy cerca de los 8.90 de Bob Beamon<\/h2>\n<p><img loading=\"lazy\" decoding=\"async\" width=\"624\" height=\"385\" class=\"aligncenter wp-image-2376 size-full\" src=\"http:\/\/www.cope.es\/blogs\/merinadas-deportivas\/wp-content\/uploads\/sites\/14\/2019\/03\/echevarria-salto-kHoF-U6015208798FAE-624x385@Diario-Vasco.jpg\" alt=\"\" srcset=\"https:\/\/www.cope.es\/blogs\/merinadas-deportivas\/wp-content\/uploads\/sites\/14\/2019\/03\/echevarria-salto-kHoF-U6015208798FAE-624x385@Diario-Vasco.jpg 624w, https:\/\/www.cope.es\/blogs\/merinadas-deportivas\/wp-content\/uploads\/sites\/14\/2019\/03\/echevarria-salto-kHoF-U6015208798FAE-624x385@Diario-Vasco-300x185.jpg 300w, https:\/\/www.cope.es\/blogs\/merinadas-deportivas\/wp-content\/uploads\/sites\/14\/2019\/03\/echevarria-salto-kHoF-U6015208798FAE-624x385@Diario-Vasco-450x277.jpg 450w\" sizes=\"auto, (max-width: 624px) 100vw, 624px\" \/><\/p>\n<p><span style=\"font-weight: 400\">En la prueba de la Diamond League celebrada en Estocolmo en 2018, salt\u00f3 8m83cm. El viento fue ilegal por muy poco, 2,1m\/s. El l\u00edmite legal es de 2,0m\/s. En 2018 se proclam\u00f3 campe\u00f3n del mundo de longitud bajo techo en Birmingham con una marca de 8m46cm.<\/span><\/p>\n<p><iframe loading=\"lazy\" width=\"675\" height=\"380\" src=\"https:\/\/www.youtube.com\/embed\/rbCkk3Rgu6o?feature=oembed\" frameborder=\"0\" allow=\"accelerometer; autoplay; encrypted-media; gyroscope; picture-in-picture\" allowfullscreen><\/iframe><\/p>\n<p><span style=\"font-weight: 400\">El mejor salto legal al aire libre de Echevarr\u00eda es de 8m68cm con la \u201cayuda\u201d de 1,7m\/s de viento. Lo logr\u00f3 el 30 de junio de 2018 en Bad Langensalza (Alemania)<\/span><span style=\"font-weight: 400\">.<\/span><span style=\"font-weight: 400\"> Se trata de la d\u00e9cima mejor marca mundial legal de todos los tiempos. El sudafricano <strong>Luvo Manyonga<\/strong>, uno de sus grandes rivales, tiene la duod\u00e9cima mejor marca de la historia con 8m65cm.<\/span><\/p>\n<p><iframe loading=\"lazy\" width=\"675\" height=\"380\" src=\"https:\/\/www.youtube.com\/embed\/5NS3lQYu52o?feature=oembed\" frameborder=\"0\" allow=\"accelerometer; autoplay; encrypted-media; gyroscope; picture-in-picture\" allowfullscreen><\/iframe><\/p>\n<p><span style=\"font-weight: 400\">Mike Powell bati\u00f3 el r\u00e9cord mundial cuando ten\u00eda 27 a\u00f1os, Iv\u00e1n Pedroso salt\u00f3 un cent\u00edmetro m\u00e1s con 22, aunque la marca no aparezca reflejada en ninguna parte. La estrella de la longitud actual tiene 20. Todo el tiempo del mundo para lograr una haza\u00f1a que se est\u00e1 prolongando demasiado.<\/span><\/p>\n<p><img loading=\"lazy\" decoding=\"async\" width=\"1024\" height=\"609\" class=\"aligncenter wp-image-2382 size-large\" src=\"http:\/\/www.cope.es\/blogs\/merinadas-deportivas\/wp-content\/uploads\/sites\/14\/2019\/03\/Echevarr\u00eda-batir\u00e1-tarde-o-temprano-el-r\u00e9cord-mundial-de-longitud_001-1024x609.jpg\" alt=\"\" srcset=\"https:\/\/www.cope.es\/blogs\/merinadas-deportivas\/wp-content\/uploads\/sites\/14\/2019\/03\/Echevarr\u00eda-batir\u00e1-tarde-o-temprano-el-r\u00e9cord-mundial-de-longitud_001-1024x609.jpg 1024w, https:\/\/www.cope.es\/blogs\/merinadas-deportivas\/wp-content\/uploads\/sites\/14\/2019\/03\/Echevarr\u00eda-batir\u00e1-tarde-o-temprano-el-r\u00e9cord-mundial-de-longitud_001-300x178.jpg 300w, https:\/\/www.cope.es\/blogs\/merinadas-deportivas\/wp-content\/uploads\/sites\/14\/2019\/03\/Echevarr\u00eda-batir\u00e1-tarde-o-temprano-el-r\u00e9cord-mundial-de-longitud_001-768x457.jpg 768w, https:\/\/www.cope.es\/blogs\/merinadas-deportivas\/wp-content\/uploads\/sites\/14\/2019\/03\/Echevarr\u00eda-batir\u00e1-tarde-o-temprano-el-r\u00e9cord-mundial-de-longitud_001.jpg 1249w\" sizes=\"auto, (max-width: 1024px) 100vw, 1024px\" \/><\/p>\n<p>&nbsp;<\/p>\n<p><img loading=\"lazy\" decoding=\"async\" width=\"1024\" height=\"373\" class=\"aligncenter wp-image-2384 size-large\" src=\"http:\/\/www.cope.es\/blogs\/merinadas-deportivas\/wp-content\/uploads\/sites\/14\/2019\/03\/Echevarr\u00eda-batir\u00e1-tarde-o-temprano-el-r\u00e9cord-mundial-de-longitud_002-1024x373.jpg\" alt=\"\" srcset=\"https:\/\/www.cope.es\/blogs\/merinadas-deportivas\/wp-content\/uploads\/sites\/14\/2019\/03\/Echevarr\u00eda-batir\u00e1-tarde-o-temprano-el-r\u00e9cord-mundial-de-longitud_002-1024x373.jpg 1024w, https:\/\/www.cope.es\/blogs\/merinadas-deportivas\/wp-content\/uploads\/sites\/14\/2019\/03\/Echevarr\u00eda-batir\u00e1-tarde-o-temprano-el-r\u00e9cord-mundial-de-longitud_002-300x109.jpg 300w, https:\/\/www.cope.es\/blogs\/merinadas-deportivas\/wp-content\/uploads\/sites\/14\/2019\/03\/Echevarr\u00eda-batir\u00e1-tarde-o-temprano-el-r\u00e9cord-mundial-de-longitud_002-768x280.jpg 768w, https:\/\/www.cope.es\/blogs\/merinadas-deportivas\/wp-content\/uploads\/sites\/14\/2019\/03\/Echevarr\u00eda-batir\u00e1-tarde-o-temprano-el-r\u00e9cord-mundial-de-longitud_002.jpg 1251w\" sizes=\"auto, (max-width: 1024px) 100vw, 1024px\" \/><\/p>\n<h5><strong>Fotos: deporcuba.com , cubadebate y AFP<\/strong><\/h5>\n","protected":false},"excerpt":{"rendered":"<p>El 29 de julio de 1995, Juan Miguel Echevarr\u00eda (Camag\u00fcey, Cuba, 1998) estaba lejos de venir al mundo. Ese d\u00eda Iv\u00e1n Pedroso, tambi\u00e9n cubano, bati\u00f3 el r\u00e9cord del mundo de salto de longitud. Solo hab\u00edan pasado tres a\u00f1os y once meses de los estratosf\u00e9ricos 8m95cm, con los que Mike Powell bati\u00f3 el r\u00e9cord mundial en [&hellip;]<\/p>\n","protected":false},"author":14,"featured_media":2376,"comment_status":"open","ping_status":"open","sticky":false,"template":"","format":"standard","meta":{"footnotes":""},"categories":[1502,13,1780,1366],"tags":[114,98,1781,404,405],"class_list":["post-2374","post","type-post","status-publish","format-standard","has-post-thumbnail","hentry","category-atletismo","category-deportes","category-juan-miguel-echevarria","category-opinion","tag-athletics","tag-atletismo","tag-juan-miguel-echevarria","tag-long-jump","tag-salto-de-longitud"],"yoast_head":"<!-- This site is optimized with the Yoast SEO plugin v27.4 - https:\/\/yoast.com\/product\/yoast-seo-wordpress\/ -->\n<title>Echevarr\u00eda batir\u00e1 tarde o temprano el r\u00e9cord mundial de longitud - Las Merinadas Deportivas de Edu<\/title>\n<meta name=\"robots\" content=\"index, follow, max-snippet:-1, max-image-preview:large, max-video-preview:-1\" \/>\n<link rel=\"canonical\" href=\"https:\/\/www.cope.es\/blogs\/merinadas-deportivas\/2019\/03\/14\/echevarria-batira-tarde-o-temprano-el-record-mundial-de-longitud\/\" \/>\n<meta property=\"og:locale\" content=\"es_ES\" \/>\n<meta property=\"og:type\" content=\"article\" \/>\n<meta property=\"og:title\" content=\"Echevarr\u00eda batir\u00e1 tarde o temprano el r\u00e9cord mundial de longitud - Las Merinadas Deportivas de Edu\" \/>\n<meta property=\"og:description\" content=\"El 29 de julio de 1995, Juan Miguel Echevarr\u00eda (Camag\u00fcey, Cuba, 1998) estaba lejos de venir al mundo. Ese d\u00eda Iv\u00e1n Pedroso, tambi\u00e9n cubano, bati\u00f3 el r\u00e9cord del mundo de salto de longitud. Solo hab\u00edan pasado tres a\u00f1os y once meses de los estratosf\u00e9ricos 8m95cm, con los que Mike Powell bati\u00f3 el r\u00e9cord mundial en [&hellip;]\" \/>\n<meta property=\"og:url\" content=\"https:\/\/www.cope.es\/blogs\/merinadas-deportivas\/2019\/03\/14\/echevarria-batira-tarde-o-temprano-el-record-mundial-de-longitud\/\" \/>\n<meta property=\"og:site_name\" content=\"Las Merinadas Deportivas de Edu\" \/>\n<meta property=\"article:publisher\" content=\"https:\/\/www.facebook.com\/cope\/\" \/>\n<meta property=\"article:author\" content=\"https:\/\/www.facebook.com\/edumerino32\" \/>\n<meta property=\"article:published_time\" content=\"2019-03-14T18:20:14+00:00\" \/>\n<meta property=\"og:image\" content=\"https:\/\/www.cope.es\/blogs\/merinadas-deportivas\/wp-content\/uploads\/sites\/14\/2019\/03\/echevarria-salto-kHoF-U6015208798FAE-624x385@Diario-Vasco.jpg\" \/>\n\t<meta property=\"og:image:width\" content=\"624\" \/>\n\t<meta property=\"og:image:height\" content=\"385\" \/>\n\t<meta property=\"og:image:type\" content=\"image\/jpeg\" \/>\n<meta name=\"author\" content=\"Eduardo Merino\" \/>\n<meta name=\"twitter:card\" content=\"summary_large_image\" \/>\n<meta name=\"twitter:creator\" content=\"@EDUMERINOSPORTS\" \/>\n<meta name=\"twitter:site\" content=\"@cope_es\" \/>\n<meta name=\"twitter:label1\" content=\"Escrito por\" \/>\n\t<meta name=\"twitter:data1\" content=\"Eduardo Merino\" \/>\n\t<meta name=\"twitter:label2\" content=\"Tiempo de lectura\" \/>\n\t<meta name=\"twitter:data2\" content=\"3 minutos\" \/>\n<script type=\"application\/ld+json\" class=\"yoast-schema-graph\">{\"@context\":\"https:\\\/\\\/schema.org\",\"@graph\":[{\"@type\":\"Article\",\"@id\":\"https:\\\/\\\/www.cope.es\\\/blogs\\\/merinadas-deportivas\\\/2019\\\/03\\\/14\\\/echevarria-batira-tarde-o-temprano-el-record-mundial-de-longitud\\\/#article\",\"isPartOf\":{\"@id\":\"https:\\\/\\\/www.cope.es\\\/blogs\\\/merinadas-deportivas\\\/2019\\\/03\\\/14\\\/echevarria-batira-tarde-o-temprano-el-record-mundial-de-longitud\\\/\"},\"author\":{\"name\":\"Eduardo Merino\",\"@id\":\"https:\\\/\\\/www.cope.es\\\/blogs\\\/merinadas-deportivas\\\/#\\\/schema\\\/person\\\/feae8281472d7d9c51077a2bfa896a18\"},\"headline\":\"Echevarr\u00eda batir\u00e1 tarde o temprano el r\u00e9cord mundial de longitud\",\"datePublished\":\"2019-03-14T18:20:14+00:00\",\"mainEntityOfPage\":{\"@id\":\"https:\\\/\\\/www.cope.es\\\/blogs\\\/merinadas-deportivas\\\/2019\\\/03\\\/14\\\/echevarria-batira-tarde-o-temprano-el-record-mundial-de-longitud\\\/\"},\"wordCount\":556,\"commentCount\":0,\"image\":{\"@id\":\"https:\\\/\\\/www.cope.es\\\/blogs\\\/merinadas-deportivas\\\/2019\\\/03\\\/14\\\/echevarria-batira-tarde-o-temprano-el-record-mundial-de-longitud\\\/#primaryimage\"},\"thumbnailUrl\":\"https:\\\/\\\/www.cope.es\\\/blogs\\\/merinadas-deportivas\\\/wp-content\\\/uploads\\\/sites\\\/14\\\/2019\\\/03\\\/echevarria-salto-kHoF-U6015208798FAE-624x385@Diario-Vasco.jpg\",\"keywords\":[\"athletics\",\"atletismo\",\"Juan Miguel Echevarr\u00eda\",\"long jump\",\"salto de longitud\"],\"articleSection\":[\"Atletismo\",\"deportes\",\"Juan Miguel Echevarr\u00eda\",\"opini\u00f3n\"],\"inLanguage\":\"es\",\"potentialAction\":[{\"@type\":\"CommentAction\",\"name\":\"Comment\",\"target\":[\"https:\\\/\\\/www.cope.es\\\/blogs\\\/merinadas-deportivas\\\/2019\\\/03\\\/14\\\/echevarria-batira-tarde-o-temprano-el-record-mundial-de-longitud\\\/#respond\"]}]},{\"@type\":\"WebPage\",\"@id\":\"https:\\\/\\\/www.cope.es\\\/blogs\\\/merinadas-deportivas\\\/2019\\\/03\\\/14\\\/echevarria-batira-tarde-o-temprano-el-record-mundial-de-longitud\\\/\",\"url\":\"https:\\\/\\\/www.cope.es\\\/blogs\\\/merinadas-deportivas\\\/2019\\\/03\\\/14\\\/echevarria-batira-tarde-o-temprano-el-record-mundial-de-longitud\\\/\",\"name\":\"Echevarr\u00eda batir\u00e1 tarde o temprano el r\u00e9cord mundial de longitud - Las Merinadas Deportivas de Edu\",\"isPartOf\":{\"@id\":\"https:\\\/\\\/www.cope.es\\\/blogs\\\/merinadas-deportivas\\\/#website\"},\"primaryImageOfPage\":{\"@id\":\"https:\\\/\\\/www.cope.es\\\/blogs\\\/merinadas-deportivas\\\/2019\\\/03\\\/14\\\/echevarria-batira-tarde-o-temprano-el-record-mundial-de-longitud\\\/#primaryimage\"},\"image\":{\"@id\":\"https:\\\/\\\/www.cope.es\\\/blogs\\\/merinadas-deportivas\\\/2019\\\/03\\\/14\\\/echevarria-batira-tarde-o-temprano-el-record-mundial-de-longitud\\\/#primaryimage\"},\"thumbnailUrl\":\"https:\\\/\\\/www.cope.es\\\/blogs\\\/merinadas-deportivas\\\/wp-content\\\/uploads\\\/sites\\\/14\\\/2019\\\/03\\\/echevarria-salto-kHoF-U6015208798FAE-624x385@Diario-Vasco.jpg\",\"datePublished\":\"2019-03-14T18:20:14+00:00\",\"author\":{\"@id\":\"https:\\\/\\\/www.cope.es\\\/blogs\\\/merinadas-deportivas\\\/#\\\/schema\\\/person\\\/feae8281472d7d9c51077a2bfa896a18\"},\"breadcrumb\":{\"@id\":\"https:\\\/\\\/www.cope.es\\\/blogs\\\/merinadas-deportivas\\\/2019\\\/03\\\/14\\\/echevarria-batira-tarde-o-temprano-el-record-mundial-de-longitud\\\/#breadcrumb\"},\"inLanguage\":\"es\",\"potentialAction\":[{\"@type\":\"ReadAction\",\"target\":[\"https:\\\/\\\/www.cope.es\\\/blogs\\\/merinadas-deportivas\\\/2019\\\/03\\\/14\\\/echevarria-batira-tarde-o-temprano-el-record-mundial-de-longitud\\\/\"]}]},{\"@type\":\"ImageObject\",\"inLanguage\":\"es\",\"@id\":\"https:\\\/\\\/www.cope.es\\\/blogs\\\/merinadas-deportivas\\\/2019\\\/03\\\/14\\\/echevarria-batira-tarde-o-temprano-el-record-mundial-de-longitud\\\/#primaryimage\",\"url\":\"https:\\\/\\\/www.cope.es\\\/blogs\\\/merinadas-deportivas\\\/wp-content\\\/uploads\\\/sites\\\/14\\\/2019\\\/03\\\/echevarria-salto-kHoF-U6015208798FAE-624x385@Diario-Vasco.jpg\",\"contentUrl\":\"https:\\\/\\\/www.cope.es\\\/blogs\\\/merinadas-deportivas\\\/wp-content\\\/uploads\\\/sites\\\/14\\\/2019\\\/03\\\/echevarria-salto-kHoF-U6015208798FAE-624x385@Diario-Vasco.jpg\",\"width\":624,\"height\":385},{\"@type\":\"BreadcrumbList\",\"@id\":\"https:\\\/\\\/www.cope.es\\\/blogs\\\/merinadas-deportivas\\\/2019\\\/03\\\/14\\\/echevarria-batira-tarde-o-temprano-el-record-mundial-de-longitud\\\/#breadcrumb\",\"itemListElement\":[{\"@type\":\"ListItem\",\"position\":1,\"name\":\"Portada\",\"item\":\"https:\\\/\\\/www.cope.es\\\/blogs\\\/merinadas-deportivas\\\/\"},{\"@type\":\"ListItem\",\"position\":2,\"name\":\"Echevarr\u00eda batir\u00e1 tarde o temprano el r\u00e9cord mundial de longitud\"}]},{\"@type\":\"WebSite\",\"@id\":\"https:\\\/\\\/www.cope.es\\\/blogs\\\/merinadas-deportivas\\\/#website\",\"url\":\"https:\\\/\\\/www.cope.es\\\/blogs\\\/merinadas-deportivas\\\/\",\"name\":\"Las Merinadas Deportivas de Edu\",\"description\":\"Blog de deportes de  COPE\",\"potentialAction\":[{\"@type\":\"SearchAction\",\"target\":{\"@type\":\"EntryPoint\",\"urlTemplate\":\"https:\\\/\\\/www.cope.es\\\/blogs\\\/merinadas-deportivas\\\/?s={search_term_string}\"},\"query-input\":{\"@type\":\"PropertyValueSpecification\",\"valueRequired\":true,\"valueName\":\"search_term_string\"}}],\"inLanguage\":\"es\"},{\"@type\":\"Person\",\"@id\":\"https:\\\/\\\/www.cope.es\\\/blogs\\\/merinadas-deportivas\\\/#\\\/schema\\\/person\\\/feae8281472d7d9c51077a2bfa896a18\",\"name\":\"Eduardo Merino\",\"image\":{\"@type\":\"ImageObject\",\"inLanguage\":\"es\",\"@id\":\"https:\\\/\\\/secure.gravatar.com\\\/avatar\\\/1b689633847b6f17c03b3f9c4c239a399bd200259cca7376eb4a783247b45d2f?s=96&d=mm&r=g\",\"url\":\"https:\\\/\\\/secure.gravatar.com\\\/avatar\\\/1b689633847b6f17c03b3f9c4c239a399bd200259cca7376eb4a783247b45d2f?s=96&d=mm&r=g\",\"contentUrl\":\"https:\\\/\\\/secure.gravatar.com\\\/avatar\\\/1b689633847b6f17c03b3f9c4c239a399bd200259cca7376eb4a783247b45d2f?s=96&d=mm&r=g\",\"caption\":\"Eduardo Merino\"},\"description\":\"Un d\u00eda de verano de 2012 decid\u00ed embarcarme en esta aventura. Hab\u00edan terminado los Juegos Ol\u00edmpicos de Londres 2012 y comenc\u00e9 a escribir. El blog naci\u00f3 un 14 de agosto en la piscina de mi urbanizaci\u00f3n, as\u00ed de f\u00e1cil. En un principio se llam\u00f3 'Las Merinadas de Edu', haciendo un juego de palabras con mi nombre y mi primer apellido. Durante el primer a\u00f1o cab\u00eda de todo, actualidad, opiniones, reflexiones personales y mucho deporte. Lo que m\u00e1s me gusta en este mundo es el deporte, a parte de la radio, donde trabajo desde hace trece a\u00f1os. Por eso, llego el d\u00eda en que el blog se convirti\u00f3 en Las Merinadas Deportivas de Edu. Solo informaci\u00f3n deportiva, tratando actualidad e historia del deporte, de todo el deporte. Apoyando los \u00e9xitos de los deportistas espa\u00f1oles y destacando los logros de los n\u00fameros uno de cada disciplina. Espero que disfrutes de la visita. \u00a1Viva el deporte!\",\"sameAs\":[\"http:\\\/\\\/www.cadena100.es\",\"https:\\\/\\\/www.facebook.com\\\/edumerino32\",\"https:\\\/\\\/x.com\\\/EDUMERINOSPORTS\"],\"url\":\"https:\\\/\\\/www.cope.es\\\/blogs\\\/merinadas-deportivas\\\/author\\\/emerino\\\/\"}]}<\/script>\n<!-- \/ Yoast SEO plugin. -->","yoast_head_json":{"title":"Echevarr\u00eda batir\u00e1 tarde o temprano el r\u00e9cord mundial de longitud - Las Merinadas Deportivas de Edu","robots":{"index":"index","follow":"follow","max-snippet":"max-snippet:-1","max-image-preview":"max-image-preview:large","max-video-preview":"max-video-preview:-1"},"canonical":"https:\/\/www.cope.es\/blogs\/merinadas-deportivas\/2019\/03\/14\/echevarria-batira-tarde-o-temprano-el-record-mundial-de-longitud\/","og_locale":"es_ES","og_type":"article","og_title":"Echevarr\u00eda batir\u00e1 tarde o temprano el r\u00e9cord mundial de longitud - Las Merinadas Deportivas de Edu","og_description":"El 29 de julio de 1995, Juan Miguel Echevarr\u00eda (Camag\u00fcey, Cuba, 1998) estaba lejos de venir al mundo. Ese d\u00eda Iv\u00e1n Pedroso, tambi\u00e9n cubano, bati\u00f3 el r\u00e9cord del mundo de salto de longitud. Solo hab\u00edan pasado tres a\u00f1os y once meses de los estratosf\u00e9ricos 8m95cm, con los que Mike Powell bati\u00f3 el r\u00e9cord mundial en [&hellip;]","og_url":"https:\/\/www.cope.es\/blogs\/merinadas-deportivas\/2019\/03\/14\/echevarria-batira-tarde-o-temprano-el-record-mundial-de-longitud\/","og_site_name":"Las Merinadas Deportivas de Edu","article_publisher":"https:\/\/www.facebook.com\/cope\/","article_author":"https:\/\/www.facebook.com\/edumerino32","article_published_time":"2019-03-14T18:20:14+00:00","og_image":[{"width":624,"height":385,"url":"https:\/\/www.cope.es\/blogs\/merinadas-deportivas\/wp-content\/uploads\/sites\/14\/2019\/03\/echevarria-salto-kHoF-U6015208798FAE-624x385@Diario-Vasco.jpg","type":"image\/jpeg"}],"author":"Eduardo Merino","twitter_card":"summary_large_image","twitter_creator":"@EDUMERINOSPORTS","twitter_site":"@cope_es","twitter_misc":{"Escrito por":"Eduardo Merino","Tiempo de lectura":"3 minutos"},"schema":{"@context":"https:\/\/schema.org","@graph":[{"@type":"Article","@id":"https:\/\/www.cope.es\/blogs\/merinadas-deportivas\/2019\/03\/14\/echevarria-batira-tarde-o-temprano-el-record-mundial-de-longitud\/#article","isPartOf":{"@id":"https:\/\/www.cope.es\/blogs\/merinadas-deportivas\/2019\/03\/14\/echevarria-batira-tarde-o-temprano-el-record-mundial-de-longitud\/"},"author":{"name":"Eduardo Merino","@id":"https:\/\/www.cope.es\/blogs\/merinadas-deportivas\/#\/schema\/person\/feae8281472d7d9c51077a2bfa896a18"},"headline":"Echevarr\u00eda batir\u00e1 tarde o temprano el r\u00e9cord mundial de longitud","datePublished":"2019-03-14T18:20:14+00:00","mainEntityOfPage":{"@id":"https:\/\/www.cope.es\/blogs\/merinadas-deportivas\/2019\/03\/14\/echevarria-batira-tarde-o-temprano-el-record-mundial-de-longitud\/"},"wordCount":556,"commentCount":0,"image":{"@id":"https:\/\/www.cope.es\/blogs\/merinadas-deportivas\/2019\/03\/14\/echevarria-batira-tarde-o-temprano-el-record-mundial-de-longitud\/#primaryimage"},"thumbnailUrl":"https:\/\/www.cope.es\/blogs\/merinadas-deportivas\/wp-content\/uploads\/sites\/14\/2019\/03\/echevarria-salto-kHoF-U6015208798FAE-624x385@Diario-Vasco.jpg","keywords":["athletics","atletismo","Juan Miguel Echevarr\u00eda","long jump","salto de longitud"],"articleSection":["Atletismo","deportes","Juan Miguel Echevarr\u00eda","opini\u00f3n"],"inLanguage":"es","potentialAction":[{"@type":"CommentAction","name":"Comment","target":["https:\/\/www.cope.es\/blogs\/merinadas-deportivas\/2019\/03\/14\/echevarria-batira-tarde-o-temprano-el-record-mundial-de-longitud\/#respond"]}]},{"@type":"WebPage","@id":"https:\/\/www.cope.es\/blogs\/merinadas-deportivas\/2019\/03\/14\/echevarria-batira-tarde-o-temprano-el-record-mundial-de-longitud\/","url":"https:\/\/www.cope.es\/blogs\/merinadas-deportivas\/2019\/03\/14\/echevarria-batira-tarde-o-temprano-el-record-mundial-de-longitud\/","name":"Echevarr\u00eda batir\u00e1 tarde o temprano el r\u00e9cord mundial de longitud - Las Merinadas Deportivas de Edu","isPartOf":{"@id":"https:\/\/www.cope.es\/blogs\/merinadas-deportivas\/#website"},"primaryImageOfPage":{"@id":"https:\/\/www.cope.es\/blogs\/merinadas-deportivas\/2019\/03\/14\/echevarria-batira-tarde-o-temprano-el-record-mundial-de-longitud\/#primaryimage"},"image":{"@id":"https:\/\/www.cope.es\/blogs\/merinadas-deportivas\/2019\/03\/14\/echevarria-batira-tarde-o-temprano-el-record-mundial-de-longitud\/#primaryimage"},"thumbnailUrl":"https:\/\/www.cope.es\/blogs\/merinadas-deportivas\/wp-content\/uploads\/sites\/14\/2019\/03\/echevarria-salto-kHoF-U6015208798FAE-624x385@Diario-Vasco.jpg","datePublished":"2019-03-14T18:20:14+00:00","author":{"@id":"https:\/\/www.cope.es\/blogs\/merinadas-deportivas\/#\/schema\/person\/feae8281472d7d9c51077a2bfa896a18"},"breadcrumb":{"@id":"https:\/\/www.cope.es\/blogs\/merinadas-deportivas\/2019\/03\/14\/echevarria-batira-tarde-o-temprano-el-record-mundial-de-longitud\/#breadcrumb"},"inLanguage":"es","potentialAction":[{"@type":"ReadAction","target":["https:\/\/www.cope.es\/blogs\/merinadas-deportivas\/2019\/03\/14\/echevarria-batira-tarde-o-temprano-el-record-mundial-de-longitud\/"]}]},{"@type":"ImageObject","inLanguage":"es","@id":"https:\/\/www.cope.es\/blogs\/merinadas-deportivas\/2019\/03\/14\/echevarria-batira-tarde-o-temprano-el-record-mundial-de-longitud\/#primaryimage","url":"https:\/\/www.cope.es\/blogs\/merinadas-deportivas\/wp-content\/uploads\/sites\/14\/2019\/03\/echevarria-salto-kHoF-U6015208798FAE-624x385@Diario-Vasco.jpg","contentUrl":"https:\/\/www.cope.es\/blogs\/merinadas-deportivas\/wp-content\/uploads\/sites\/14\/2019\/03\/echevarria-salto-kHoF-U6015208798FAE-624x385@Diario-Vasco.jpg","width":624,"height":385},{"@type":"BreadcrumbList","@id":"https:\/\/www.cope.es\/blogs\/merinadas-deportivas\/2019\/03\/14\/echevarria-batira-tarde-o-temprano-el-record-mundial-de-longitud\/#breadcrumb","itemListElement":[{"@type":"ListItem","position":1,"name":"Portada","item":"https:\/\/www.cope.es\/blogs\/merinadas-deportivas\/"},{"@type":"ListItem","position":2,"name":"Echevarr\u00eda batir\u00e1 tarde o temprano el r\u00e9cord mundial de longitud"}]},{"@type":"WebSite","@id":"https:\/\/www.cope.es\/blogs\/merinadas-deportivas\/#website","url":"https:\/\/www.cope.es\/blogs\/merinadas-deportivas\/","name":"Las Merinadas Deportivas de Edu","description":"Blog de deportes de  COPE","potentialAction":[{"@type":"SearchAction","target":{"@type":"EntryPoint","urlTemplate":"https:\/\/www.cope.es\/blogs\/merinadas-deportivas\/?s={search_term_string}"},"query-input":{"@type":"PropertyValueSpecification","valueRequired":true,"valueName":"search_term_string"}}],"inLanguage":"es"},{"@type":"Person","@id":"https:\/\/www.cope.es\/blogs\/merinadas-deportivas\/#\/schema\/person\/feae8281472d7d9c51077a2bfa896a18","name":"Eduardo Merino","image":{"@type":"ImageObject","inLanguage":"es","@id":"https:\/\/secure.gravatar.com\/avatar\/1b689633847b6f17c03b3f9c4c239a399bd200259cca7376eb4a783247b45d2f?s=96&d=mm&r=g","url":"https:\/\/secure.gravatar.com\/avatar\/1b689633847b6f17c03b3f9c4c239a399bd200259cca7376eb4a783247b45d2f?s=96&d=mm&r=g","contentUrl":"https:\/\/secure.gravatar.com\/avatar\/1b689633847b6f17c03b3f9c4c239a399bd200259cca7376eb4a783247b45d2f?s=96&d=mm&r=g","caption":"Eduardo Merino"},"description":"Un d\u00eda de verano de 2012 decid\u00ed embarcarme en esta aventura. Hab\u00edan terminado los Juegos Ol\u00edmpicos de Londres 2012 y comenc\u00e9 a escribir. El blog naci\u00f3 un 14 de agosto en la piscina de mi urbanizaci\u00f3n, as\u00ed de f\u00e1cil. En un principio se llam\u00f3 'Las Merinadas de Edu', haciendo un juego de palabras con mi nombre y mi primer apellido. Durante el primer a\u00f1o cab\u00eda de todo, actualidad, opiniones, reflexiones personales y mucho deporte. Lo que m\u00e1s me gusta en este mundo es el deporte, a parte de la radio, donde trabajo desde hace trece a\u00f1os. Por eso, llego el d\u00eda en que el blog se convirti\u00f3 en Las Merinadas Deportivas de Edu. Solo informaci\u00f3n deportiva, tratando actualidad e historia del deporte, de todo el deporte. Apoyando los \u00e9xitos de los deportistas espa\u00f1oles y destacando los logros de los n\u00fameros uno de cada disciplina. Espero que disfrutes de la visita. \u00a1Viva el deporte!","sameAs":["http:\/\/www.cadena100.es","https:\/\/www.facebook.com\/edumerino32","https:\/\/x.com\/EDUMERINOSPORTS"],"url":"https:\/\/www.cope.es\/blogs\/merinadas-deportivas\/author\/emerino\/"}]}},"amp_enabled":true,"_links":{"self":[{"href":"https:\/\/www.cope.es\/blogs\/merinadas-deportivas\/wp-json\/wp\/v2\/posts\/2374","targetHints":{"allow":["GET"]}}],"collection":[{"href":"https:\/\/www.cope.es\/blogs\/merinadas-deportivas\/wp-json\/wp\/v2\/posts"}],"about":[{"href":"https:\/\/www.cope.es\/blogs\/merinadas-deportivas\/wp-json\/wp\/v2\/types\/post"}],"author":[{"embeddable":true,"href":"https:\/\/www.cope.es\/blogs\/merinadas-deportivas\/wp-json\/wp\/v2\/users\/14"}],"replies":[{"embeddable":true,"href":"https:\/\/www.cope.es\/blogs\/merinadas-deportivas\/wp-json\/wp\/v2\/comments?post=2374"}],"version-history":[{"count":2,"href":"https:\/\/www.cope.es\/blogs\/merinadas-deportivas\/wp-json\/wp\/v2\/posts\/2374\/revisions"}],"predecessor-version":[{"id":2385,"href":"https:\/\/www.cope.es\/blogs\/merinadas-deportivas\/wp-json\/wp\/v2\/posts\/2374\/revisions\/2385"}],"wp:featuredmedia":[{"embeddable":true,"href":"https:\/\/www.cope.es\/blogs\/merinadas-deportivas\/wp-json\/wp\/v2\/media\/2376"}],"wp:attachment":[{"href":"https:\/\/www.cope.es\/blogs\/merinadas-deportivas\/wp-json\/wp\/v2\/media?parent=2374"}],"wp:term":[{"taxonomy":"category","embeddable":true,"href":"https:\/\/www.cope.es\/blogs\/merinadas-deportivas\/wp-json\/wp\/v2\/categories?post=2374"},{"taxonomy":"post_tag","embeddable":true,"href":"https:\/\/www.cope.es\/blogs\/merinadas-deportivas\/wp-json\/wp\/v2\/tags?post=2374"}],"curies":[{"name":"wp","href":"https:\/\/api.w.org\/{rel}","templated":true}]}}