{"id":2151,"date":"2019-02-14T18:40:03","date_gmt":"2019-02-14T17:40:03","guid":{"rendered":"http:\/\/www.cope.es\/blogs\/merinadas-deportivas\/?p=2151"},"modified":"2019-02-14T18:44:32","modified_gmt":"2019-02-14T17:44:32","slug":"fernando-echavarri-deja-la-vela-olimpica-con-un-palmares-sensacional","status":"publish","type":"post","link":"https:\/\/www.cope.es\/blogs\/merinadas-deportivas\/2019\/02\/14\/fernando-echavarri-deja-la-vela-olimpica-con-un-palmares-sensacional\/","title":{"rendered":"Fernando Ech\u00e1varri deja la vela ol\u00edmpica con un palmar\u00e9s sensacional"},"content":{"rendered":"<p><img loading=\"lazy\" decoding=\"async\" width=\"819\" height=\"1024\" class=\"aligncenter wp-image-2153 size-large\" src=\"http:\/\/www.cope.es\/blogs\/merinadas-deportivas\/wp-content\/uploads\/sites\/14\/2019\/02\/inCollage_20190214_181053169-819x1024.jpg\" alt=\"\" srcset=\"https:\/\/www.cope.es\/blogs\/merinadas-deportivas\/wp-content\/uploads\/sites\/14\/2019\/02\/inCollage_20190214_181053169-819x1024.jpg 819w, https:\/\/www.cope.es\/blogs\/merinadas-deportivas\/wp-content\/uploads\/sites\/14\/2019\/02\/inCollage_20190214_181053169-240x300.jpg 240w, https:\/\/www.cope.es\/blogs\/merinadas-deportivas\/wp-content\/uploads\/sites\/14\/2019\/02\/inCollage_20190214_181053169-768x960.jpg 768w, https:\/\/www.cope.es\/blogs\/merinadas-deportivas\/wp-content\/uploads\/sites\/14\/2019\/02\/inCollage_20190214_181053169.jpg 1920w\" sizes=\"auto, (max-width: 819px) 100vw, 819px\" \/><\/p>\n<p><span style=\"font-weight: 400\">\u201cRenunciar a Tokio 2020 ha sido una decisi\u00f3n dur\u00edsima\u201d. Son palabras de uno de los mejores regatistas que ha tenido Espa\u00f1a. <strong>Fernando Ech\u00e1varri Erasun<\/strong> (Santander, 1972) ha anunciado su retirada como deportista ol\u00edmpico. Ni m\u00e1s ni menos que veinticinco a\u00f1os en la \u00e9lite. Ha participado en tres Juegos Ol\u00edmpicos. Campe\u00f3n en Pek\u00edn 2008 en la clase Tornado junto a <strong>Ant\u00f3n Paz<\/strong>. Ambos fueron diploma al acabar en octavo puesto en Atenas 2004. En R\u00edo 2016 acab\u00f3 en und\u00e9cimo lugar junto a <strong>Tara Pacheco<\/strong> en la clase mixta Nacra 17.<\/span><\/p>\n<p><span style=\"font-weight: 400\">El regatista c\u00e1ntabro deja la vela ol\u00edmpica por un proyecto nuevo que le impide poder dedicarse totalmente a los Juegos de Tokio 2020. \u201cEs un proyecto en el que estoy muy involucrado\u201d. Junto a Tara Pacheco, estos dos \u00faltimos a\u00f1os han sido gloriosos y sab\u00edamos los dos que si quer\u00edamos hacer medalla en Tokio ten\u00edamos que dedicarnos al cien por cien. Yo estaba dedicando mucho tiempo a otro proyecto&#8221; ha dicho en su homenaje en el Comit\u00e9 Ol\u00edmpico Espa\u00f1ol. &#8220;Quiero apoyar a Tara para que siga nuestra senda, tiene mucho potencial y me quedo tranquilo\u201d. <\/span><\/p>\n<h2>En el club de la triple corona<\/h2>\n<p><span style=\"font-weight: 400\">Ech\u00e1varri forma parte del grupo de los veintid\u00f3s elegidos del deporte espa\u00f1ol. <a href=\"https:\/\/www.cope.es\/blogs\/merinadas-deportivas\/2017\/09\/23\/campeones-de-todo\/\"><strong>El selecto club de deportistas que lo han ganado todo<\/strong><\/a>. De 2005 a 2008 consigui\u00f3 la triple corona junto a Ant\u00f3n Paz en la clase Tornado. Campeones de Europa en 2005, campeones del mundo en 2005 y 2007 y campeones ol\u00edmpicos en Pek\u00edn 2008 donde dominaron la clasificaci\u00f3n de principio a fin. Paz ha agradecido a Ech\u00e1varri la confianza que tuvo en \u00e9l desde el principio, cuando consiguieron el sue\u00f1o de estar en unos Juegos y ganar el oro ol\u00edmpico. &#8220;Darte la enhorabuena por ese gran bagaje que has dejado en la vela espa\u00f1ola. Un abrazo fuerte a ti, a toda esa gente que te ha apoyado y que ha estado estos a\u00f1os colaborando y ayudando. Seguro que nos seguimos viendo en el mundo de la vela&#8221; ha dicho el regatista nacido en Madrid. <\/span><\/p>\n<h2>Un oro con brazaletes negros<\/h2>\n<p><span style=\"font-weight: 400\">El oro de Pek\u00edn 2008 signific\u00f3 el segundo de Espa\u00f1a en la clase Tornado , siendo el primero el de Le\u00f3n Ballester en los Juegos de Atlanta 1996. Ech\u00e1varri y Paz se resarc\u00edan as\u00ed del octavo lugar de cuatro a\u00f1os atr\u00e1s. La alegr\u00eda en el podio estuvo empa\u00f1ada por el dolor que se estaba viviendo en Espa\u00f1a a causa del accidente de avi\u00f3n de Spanair. Ambos regatistas quisieron dedicar su t\u00edtulo a las v\u00edctimas de Barajas y a sus familiares.\u201cPor un lado es un gran d\u00eda para nosotros, pero por otro un d\u00eda de tristeza por todos los muertos. Les damos el p\u00e9same desde Qingdao\u201d. Subieron a lo m\u00e1s alto del podio ol\u00edmpico con brazaletes negros.<\/span><\/p>\n<p><iframe loading=\"lazy\" src=\"https:\/\/www.youtube.com\/embed\/3XiCqjuPFVo\" width=\"560\" height=\"315\" frameborder=\"0\"><\/iframe><\/p>\n<p><span style=\"font-weight: 400\">Cuando lleg\u00f3 el so\u00f1ado oro ol\u00edmpico el 21 de agosto de 2008 , Ech\u00e1varri y Paz llevaban una d\u00e9cada navegando juntos en la clase Tornado. Adem\u00e1s del Europeo, los dos mundiales y de ser campeones ol\u00edmpicos, en 2005 les concedieron el premio ISAF World Sailor of the Year Award. Campeones europeos y del mundo y adem\u00e1s mejores navegantes del a\u00f1o merecidamente. <\/span><\/p>\n<h2>De Tornado a Nacra 17<\/h2>\n<p><span style=\"font-weight: 400\">El palmar\u00e9s de Ech\u00e1varri no termina ah\u00ed. A\u00f1o m\u00e1s tarde emprendi\u00f3 un nuevo rumbo con Tara Pacheco en la clase Nacra 17. Junto a la regatista canaria ha obtenido dos excelentes resultados, subcampeones de Europa y del mundo en 2017. <\/span><\/p>\n<p><span style=\"font-weight: 400\">La retirada de Ech\u00e1varri ya la quisieran muchos deportistas. Deja la vela ol\u00edmpica con excelentes resultados. En los \u00faltimos quince campeonatos internacionales se ha subido al podio en trece ocasiones. La vela le va a echar mucho de menos. <\/span><\/p>\n<p><img loading=\"lazy\" decoding=\"async\" width=\"1024\" height=\"333\" class=\"aligncenter wp-image-2155 size-large\" src=\"http:\/\/www.cope.es\/blogs\/merinadas-deportivas\/wp-content\/uploads\/sites\/14\/2019\/02\/Screenshot_20190214-072232-1024x333.png\" alt=\"\" srcset=\"https:\/\/www.cope.es\/blogs\/merinadas-deportivas\/wp-content\/uploads\/sites\/14\/2019\/02\/Screenshot_20190214-072232-1024x333.png 1024w, https:\/\/www.cope.es\/blogs\/merinadas-deportivas\/wp-content\/uploads\/sites\/14\/2019\/02\/Screenshot_20190214-072232-300x98.png 300w, https:\/\/www.cope.es\/blogs\/merinadas-deportivas\/wp-content\/uploads\/sites\/14\/2019\/02\/Screenshot_20190214-072232-768x250.png 768w, https:\/\/www.cope.es\/blogs\/merinadas-deportivas\/wp-content\/uploads\/sites\/14\/2019\/02\/Screenshot_20190214-072232.png 1406w\" sizes=\"auto, (max-width: 1024px) 100vw, 1024px\" \/><\/p>\n","protected":false},"excerpt":{"rendered":"<p>\u201cRenunciar a Tokio 2020 ha sido una decisi\u00f3n dur\u00edsima\u201d. Son palabras de uno de los mejores regatistas que ha tenido Espa\u00f1a. Fernando Ech\u00e1varri Erasun (Santander, 1972) ha anunciado su retirada como deportista ol\u00edmpico. Ni m\u00e1s ni menos que veinticinco a\u00f1os en la \u00e9lite. Ha participado en tres Juegos Ol\u00edmpicos. Campe\u00f3n en Pek\u00edn 2008 en la [&hellip;]<\/p>\n","protected":false},"author":14,"featured_media":2154,"comment_status":"open","ping_status":"open","sticky":false,"template":"","format":"standard","meta":{"footnotes":""},"categories":[1493,13,1734,1500,1555,1366,1733],"tags":[631,1736,1735,1737,181,1738,179],"class_list":["post-2151","post","type-post","status-publish","format-standard","has-post-thumbnail","hentry","category-deporte-espanol","category-deportes","category-fernando-echavarri","category-juegos-olimpicos","category-olimpismo","category-opinion","category-vela","tag-anton-paz","tag-clase-tornado","tag-fernando-echavarri","tag-nacra-17","tag-sailing","tag-tara-pacheco","tag-vela"],"yoast_head":"<!-- This site is optimized with the Yoast SEO plugin v27.4 - https:\/\/yoast.com\/product\/yoast-seo-wordpress\/ -->\n<title>Fernando Ech\u00e1varri deja la vela ol\u00edmpica con un palmar\u00e9s sensacional - Las Merinadas Deportivas de Edu<\/title>\n<meta name=\"robots\" content=\"index, follow, max-snippet:-1, max-image-preview:large, max-video-preview:-1\" \/>\n<link rel=\"canonical\" href=\"https:\/\/www.cope.es\/blogs\/merinadas-deportivas\/2019\/02\/14\/fernando-echavarri-deja-la-vela-olimpica-con-un-palmares-sensacional\/\" \/>\n<meta property=\"og:locale\" content=\"es_ES\" \/>\n<meta property=\"og:type\" content=\"article\" \/>\n<meta property=\"og:title\" content=\"Fernando Ech\u00e1varri deja la vela ol\u00edmpica con un palmar\u00e9s sensacional - Las Merinadas Deportivas de Edu\" \/>\n<meta property=\"og:description\" content=\"\u201cRenunciar a Tokio 2020 ha sido una decisi\u00f3n dur\u00edsima\u201d. Son palabras de uno de los mejores regatistas que ha tenido Espa\u00f1a. Fernando Ech\u00e1varri Erasun (Santander, 1972) ha anunciado su retirada como deportista ol\u00edmpico. Ni m\u00e1s ni menos que veinticinco a\u00f1os en la \u00e9lite. Ha participado en tres Juegos Ol\u00edmpicos. Campe\u00f3n en Pek\u00edn 2008 en la [&hellip;]\" \/>\n<meta property=\"og:url\" content=\"https:\/\/www.cope.es\/blogs\/merinadas-deportivas\/2019\/02\/14\/fernando-echavarri-deja-la-vela-olimpica-con-un-palmares-sensacional\/\" \/>\n<meta property=\"og:site_name\" content=\"Las Merinadas Deportivas de Edu\" \/>\n<meta property=\"article:publisher\" content=\"https:\/\/www.facebook.com\/cope\/\" \/>\n<meta property=\"article:author\" content=\"https:\/\/www.facebook.com\/edumerino32\" \/>\n<meta property=\"article:published_time\" content=\"2019-02-14T17:40:03+00:00\" \/>\n<meta property=\"article:modified_time\" content=\"2019-02-14T17:44:32+00:00\" \/>\n<meta property=\"og:image\" content=\"https:\/\/www.cope.es\/blogs\/merinadas-deportivas\/wp-content\/uploads\/sites\/14\/2019\/02\/inCollage_20190214_181121499.jpg\" \/>\n\t<meta property=\"og:image:width\" content=\"2400\" \/>\n\t<meta property=\"og:image:height\" content=\"1920\" \/>\n\t<meta property=\"og:image:type\" content=\"image\/jpeg\" \/>\n<meta name=\"author\" content=\"Eduardo Merino\" \/>\n<meta name=\"twitter:card\" content=\"summary_large_image\" \/>\n<meta name=\"twitter:creator\" content=\"@EDUMERINOSPORTS\" \/>\n<meta name=\"twitter:site\" content=\"@cope_es\" \/>\n<meta name=\"twitter:label1\" content=\"Escrito por\" \/>\n\t<meta name=\"twitter:data1\" content=\"Eduardo Merino\" \/>\n\t<meta name=\"twitter:label2\" content=\"Tiempo de lectura\" \/>\n\t<meta name=\"twitter:data2\" content=\"3 minutos\" \/>\n<script type=\"application\/ld+json\" class=\"yoast-schema-graph\">{\"@context\":\"https:\\\/\\\/schema.org\",\"@graph\":[{\"@type\":\"Article\",\"@id\":\"https:\\\/\\\/www.cope.es\\\/blogs\\\/merinadas-deportivas\\\/2019\\\/02\\\/14\\\/fernando-echavarri-deja-la-vela-olimpica-con-un-palmares-sensacional\\\/#article\",\"isPartOf\":{\"@id\":\"https:\\\/\\\/www.cope.es\\\/blogs\\\/merinadas-deportivas\\\/2019\\\/02\\\/14\\\/fernando-echavarri-deja-la-vela-olimpica-con-un-palmares-sensacional\\\/\"},\"author\":{\"name\":\"Eduardo Merino\",\"@id\":\"https:\\\/\\\/www.cope.es\\\/blogs\\\/merinadas-deportivas\\\/#\\\/schema\\\/person\\\/feae8281472d7d9c51077a2bfa896a18\"},\"headline\":\"Fernando Ech\u00e1varri deja la vela ol\u00edmpica con un palmar\u00e9s sensacional\",\"datePublished\":\"2019-02-14T17:40:03+00:00\",\"dateModified\":\"2019-02-14T17:44:32+00:00\",\"mainEntityOfPage\":{\"@id\":\"https:\\\/\\\/www.cope.es\\\/blogs\\\/merinadas-deportivas\\\/2019\\\/02\\\/14\\\/fernando-echavarri-deja-la-vela-olimpica-con-un-palmares-sensacional\\\/\"},\"wordCount\":659,\"commentCount\":0,\"image\":{\"@id\":\"https:\\\/\\\/www.cope.es\\\/blogs\\\/merinadas-deportivas\\\/2019\\\/02\\\/14\\\/fernando-echavarri-deja-la-vela-olimpica-con-un-palmares-sensacional\\\/#primaryimage\"},\"thumbnailUrl\":\"https:\\\/\\\/www.cope.es\\\/blogs\\\/merinadas-deportivas\\\/wp-content\\\/uploads\\\/sites\\\/14\\\/2019\\\/02\\\/inCollage_20190214_181121499.jpg\",\"keywords\":[\"Ant\u00f3n Paz\",\"Clase Tornado\",\"Fernando Ech\u00e1varri\",\"Nacra 17\",\"sailing\",\"Tara Pacheco\",\"Vela\"],\"articleSection\":[\"deporte espa\u00f1ol\",\"deportes\",\"Fernando Ech\u00e1varri\",\"Juegos Ol\u00edmpicos\",\"Olimpismo\",\"opini\u00f3n\",\"Vela\"],\"inLanguage\":\"es\",\"potentialAction\":[{\"@type\":\"CommentAction\",\"name\":\"Comment\",\"target\":[\"https:\\\/\\\/www.cope.es\\\/blogs\\\/merinadas-deportivas\\\/2019\\\/02\\\/14\\\/fernando-echavarri-deja-la-vela-olimpica-con-un-palmares-sensacional\\\/#respond\"]}]},{\"@type\":\"WebPage\",\"@id\":\"https:\\\/\\\/www.cope.es\\\/blogs\\\/merinadas-deportivas\\\/2019\\\/02\\\/14\\\/fernando-echavarri-deja-la-vela-olimpica-con-un-palmares-sensacional\\\/\",\"url\":\"https:\\\/\\\/www.cope.es\\\/blogs\\\/merinadas-deportivas\\\/2019\\\/02\\\/14\\\/fernando-echavarri-deja-la-vela-olimpica-con-un-palmares-sensacional\\\/\",\"name\":\"Fernando Ech\u00e1varri deja la vela ol\u00edmpica con un palmar\u00e9s sensacional - Las Merinadas Deportivas de Edu\",\"isPartOf\":{\"@id\":\"https:\\\/\\\/www.cope.es\\\/blogs\\\/merinadas-deportivas\\\/#website\"},\"primaryImageOfPage\":{\"@id\":\"https:\\\/\\\/www.cope.es\\\/blogs\\\/merinadas-deportivas\\\/2019\\\/02\\\/14\\\/fernando-echavarri-deja-la-vela-olimpica-con-un-palmares-sensacional\\\/#primaryimage\"},\"image\":{\"@id\":\"https:\\\/\\\/www.cope.es\\\/blogs\\\/merinadas-deportivas\\\/2019\\\/02\\\/14\\\/fernando-echavarri-deja-la-vela-olimpica-con-un-palmares-sensacional\\\/#primaryimage\"},\"thumbnailUrl\":\"https:\\\/\\\/www.cope.es\\\/blogs\\\/merinadas-deportivas\\\/wp-content\\\/uploads\\\/sites\\\/14\\\/2019\\\/02\\\/inCollage_20190214_181121499.jpg\",\"datePublished\":\"2019-02-14T17:40:03+00:00\",\"dateModified\":\"2019-02-14T17:44:32+00:00\",\"author\":{\"@id\":\"https:\\\/\\\/www.cope.es\\\/blogs\\\/merinadas-deportivas\\\/#\\\/schema\\\/person\\\/feae8281472d7d9c51077a2bfa896a18\"},\"breadcrumb\":{\"@id\":\"https:\\\/\\\/www.cope.es\\\/blogs\\\/merinadas-deportivas\\\/2019\\\/02\\\/14\\\/fernando-echavarri-deja-la-vela-olimpica-con-un-palmares-sensacional\\\/#breadcrumb\"},\"inLanguage\":\"es\",\"potentialAction\":[{\"@type\":\"ReadAction\",\"target\":[\"https:\\\/\\\/www.cope.es\\\/blogs\\\/merinadas-deportivas\\\/2019\\\/02\\\/14\\\/fernando-echavarri-deja-la-vela-olimpica-con-un-palmares-sensacional\\\/\"]}]},{\"@type\":\"ImageObject\",\"inLanguage\":\"es\",\"@id\":\"https:\\\/\\\/www.cope.es\\\/blogs\\\/merinadas-deportivas\\\/2019\\\/02\\\/14\\\/fernando-echavarri-deja-la-vela-olimpica-con-un-palmares-sensacional\\\/#primaryimage\",\"url\":\"https:\\\/\\\/www.cope.es\\\/blogs\\\/merinadas-deportivas\\\/wp-content\\\/uploads\\\/sites\\\/14\\\/2019\\\/02\\\/inCollage_20190214_181121499.jpg\",\"contentUrl\":\"https:\\\/\\\/www.cope.es\\\/blogs\\\/merinadas-deportivas\\\/wp-content\\\/uploads\\\/sites\\\/14\\\/2019\\\/02\\\/inCollage_20190214_181121499.jpg\",\"width\":2400,\"height\":1920},{\"@type\":\"BreadcrumbList\",\"@id\":\"https:\\\/\\\/www.cope.es\\\/blogs\\\/merinadas-deportivas\\\/2019\\\/02\\\/14\\\/fernando-echavarri-deja-la-vela-olimpica-con-un-palmares-sensacional\\\/#breadcrumb\",\"itemListElement\":[{\"@type\":\"ListItem\",\"position\":1,\"name\":\"Portada\",\"item\":\"https:\\\/\\\/www.cope.es\\\/blogs\\\/merinadas-deportivas\\\/\"},{\"@type\":\"ListItem\",\"position\":2,\"name\":\"Fernando Ech\u00e1varri deja la vela ol\u00edmpica con un palmar\u00e9s sensacional\"}]},{\"@type\":\"WebSite\",\"@id\":\"https:\\\/\\\/www.cope.es\\\/blogs\\\/merinadas-deportivas\\\/#website\",\"url\":\"https:\\\/\\\/www.cope.es\\\/blogs\\\/merinadas-deportivas\\\/\",\"name\":\"Las Merinadas Deportivas de Edu\",\"description\":\"Blog de deportes de  COPE\",\"potentialAction\":[{\"@type\":\"SearchAction\",\"target\":{\"@type\":\"EntryPoint\",\"urlTemplate\":\"https:\\\/\\\/www.cope.es\\\/blogs\\\/merinadas-deportivas\\\/?s={search_term_string}\"},\"query-input\":{\"@type\":\"PropertyValueSpecification\",\"valueRequired\":true,\"valueName\":\"search_term_string\"}}],\"inLanguage\":\"es\"},{\"@type\":\"Person\",\"@id\":\"https:\\\/\\\/www.cope.es\\\/blogs\\\/merinadas-deportivas\\\/#\\\/schema\\\/person\\\/feae8281472d7d9c51077a2bfa896a18\",\"name\":\"Eduardo Merino\",\"image\":{\"@type\":\"ImageObject\",\"inLanguage\":\"es\",\"@id\":\"https:\\\/\\\/secure.gravatar.com\\\/avatar\\\/1b689633847b6f17c03b3f9c4c239a399bd200259cca7376eb4a783247b45d2f?s=96&d=mm&r=g\",\"url\":\"https:\\\/\\\/secure.gravatar.com\\\/avatar\\\/1b689633847b6f17c03b3f9c4c239a399bd200259cca7376eb4a783247b45d2f?s=96&d=mm&r=g\",\"contentUrl\":\"https:\\\/\\\/secure.gravatar.com\\\/avatar\\\/1b689633847b6f17c03b3f9c4c239a399bd200259cca7376eb4a783247b45d2f?s=96&d=mm&r=g\",\"caption\":\"Eduardo Merino\"},\"description\":\"Un d\u00eda de verano de 2012 decid\u00ed embarcarme en esta aventura. Hab\u00edan terminado los Juegos Ol\u00edmpicos de Londres 2012 y comenc\u00e9 a escribir. El blog naci\u00f3 un 14 de agosto en la piscina de mi urbanizaci\u00f3n, as\u00ed de f\u00e1cil. En un principio se llam\u00f3 'Las Merinadas de Edu', haciendo un juego de palabras con mi nombre y mi primer apellido. Durante el primer a\u00f1o cab\u00eda de todo, actualidad, opiniones, reflexiones personales y mucho deporte. Lo que m\u00e1s me gusta en este mundo es el deporte, a parte de la radio, donde trabajo desde hace trece a\u00f1os. Por eso, llego el d\u00eda en que el blog se convirti\u00f3 en Las Merinadas Deportivas de Edu. Solo informaci\u00f3n deportiva, tratando actualidad e historia del deporte, de todo el deporte. Apoyando los \u00e9xitos de los deportistas espa\u00f1oles y destacando los logros de los n\u00fameros uno de cada disciplina. Espero que disfrutes de la visita. \u00a1Viva el deporte!\",\"sameAs\":[\"http:\\\/\\\/www.cadena100.es\",\"https:\\\/\\\/www.facebook.com\\\/edumerino32\",\"https:\\\/\\\/x.com\\\/EDUMERINOSPORTS\"],\"url\":\"https:\\\/\\\/www.cope.es\\\/blogs\\\/merinadas-deportivas\\\/author\\\/emerino\\\/\"}]}<\/script>\n<!-- \/ Yoast SEO plugin. -->","yoast_head_json":{"title":"Fernando Ech\u00e1varri deja la vela ol\u00edmpica con un palmar\u00e9s sensacional - Las Merinadas Deportivas de Edu","robots":{"index":"index","follow":"follow","max-snippet":"max-snippet:-1","max-image-preview":"max-image-preview:large","max-video-preview":"max-video-preview:-1"},"canonical":"https:\/\/www.cope.es\/blogs\/merinadas-deportivas\/2019\/02\/14\/fernando-echavarri-deja-la-vela-olimpica-con-un-palmares-sensacional\/","og_locale":"es_ES","og_type":"article","og_title":"Fernando Ech\u00e1varri deja la vela ol\u00edmpica con un palmar\u00e9s sensacional - Las Merinadas Deportivas de Edu","og_description":"\u201cRenunciar a Tokio 2020 ha sido una decisi\u00f3n dur\u00edsima\u201d. Son palabras de uno de los mejores regatistas que ha tenido Espa\u00f1a. Fernando Ech\u00e1varri Erasun (Santander, 1972) ha anunciado su retirada como deportista ol\u00edmpico. Ni m\u00e1s ni menos que veinticinco a\u00f1os en la \u00e9lite. Ha participado en tres Juegos Ol\u00edmpicos. Campe\u00f3n en Pek\u00edn 2008 en la [&hellip;]","og_url":"https:\/\/www.cope.es\/blogs\/merinadas-deportivas\/2019\/02\/14\/fernando-echavarri-deja-la-vela-olimpica-con-un-palmares-sensacional\/","og_site_name":"Las Merinadas Deportivas de Edu","article_publisher":"https:\/\/www.facebook.com\/cope\/","article_author":"https:\/\/www.facebook.com\/edumerino32","article_published_time":"2019-02-14T17:40:03+00:00","article_modified_time":"2019-02-14T17:44:32+00:00","og_image":[{"width":2400,"height":1920,"url":"https:\/\/www.cope.es\/blogs\/merinadas-deportivas\/wp-content\/uploads\/sites\/14\/2019\/02\/inCollage_20190214_181121499.jpg","type":"image\/jpeg"}],"author":"Eduardo Merino","twitter_card":"summary_large_image","twitter_creator":"@EDUMERINOSPORTS","twitter_site":"@cope_es","twitter_misc":{"Escrito por":"Eduardo Merino","Tiempo de lectura":"3 minutos"},"schema":{"@context":"https:\/\/schema.org","@graph":[{"@type":"Article","@id":"https:\/\/www.cope.es\/blogs\/merinadas-deportivas\/2019\/02\/14\/fernando-echavarri-deja-la-vela-olimpica-con-un-palmares-sensacional\/#article","isPartOf":{"@id":"https:\/\/www.cope.es\/blogs\/merinadas-deportivas\/2019\/02\/14\/fernando-echavarri-deja-la-vela-olimpica-con-un-palmares-sensacional\/"},"author":{"name":"Eduardo Merino","@id":"https:\/\/www.cope.es\/blogs\/merinadas-deportivas\/#\/schema\/person\/feae8281472d7d9c51077a2bfa896a18"},"headline":"Fernando Ech\u00e1varri deja la vela ol\u00edmpica con un palmar\u00e9s sensacional","datePublished":"2019-02-14T17:40:03+00:00","dateModified":"2019-02-14T17:44:32+00:00","mainEntityOfPage":{"@id":"https:\/\/www.cope.es\/blogs\/merinadas-deportivas\/2019\/02\/14\/fernando-echavarri-deja-la-vela-olimpica-con-un-palmares-sensacional\/"},"wordCount":659,"commentCount":0,"image":{"@id":"https:\/\/www.cope.es\/blogs\/merinadas-deportivas\/2019\/02\/14\/fernando-echavarri-deja-la-vela-olimpica-con-un-palmares-sensacional\/#primaryimage"},"thumbnailUrl":"https:\/\/www.cope.es\/blogs\/merinadas-deportivas\/wp-content\/uploads\/sites\/14\/2019\/02\/inCollage_20190214_181121499.jpg","keywords":["Ant\u00f3n Paz","Clase Tornado","Fernando Ech\u00e1varri","Nacra 17","sailing","Tara Pacheco","Vela"],"articleSection":["deporte espa\u00f1ol","deportes","Fernando Ech\u00e1varri","Juegos Ol\u00edmpicos","Olimpismo","opini\u00f3n","Vela"],"inLanguage":"es","potentialAction":[{"@type":"CommentAction","name":"Comment","target":["https:\/\/www.cope.es\/blogs\/merinadas-deportivas\/2019\/02\/14\/fernando-echavarri-deja-la-vela-olimpica-con-un-palmares-sensacional\/#respond"]}]},{"@type":"WebPage","@id":"https:\/\/www.cope.es\/blogs\/merinadas-deportivas\/2019\/02\/14\/fernando-echavarri-deja-la-vela-olimpica-con-un-palmares-sensacional\/","url":"https:\/\/www.cope.es\/blogs\/merinadas-deportivas\/2019\/02\/14\/fernando-echavarri-deja-la-vela-olimpica-con-un-palmares-sensacional\/","name":"Fernando Ech\u00e1varri deja la vela ol\u00edmpica con un palmar\u00e9s sensacional - Las Merinadas Deportivas de Edu","isPartOf":{"@id":"https:\/\/www.cope.es\/blogs\/merinadas-deportivas\/#website"},"primaryImageOfPage":{"@id":"https:\/\/www.cope.es\/blogs\/merinadas-deportivas\/2019\/02\/14\/fernando-echavarri-deja-la-vela-olimpica-con-un-palmares-sensacional\/#primaryimage"},"image":{"@id":"https:\/\/www.cope.es\/blogs\/merinadas-deportivas\/2019\/02\/14\/fernando-echavarri-deja-la-vela-olimpica-con-un-palmares-sensacional\/#primaryimage"},"thumbnailUrl":"https:\/\/www.cope.es\/blogs\/merinadas-deportivas\/wp-content\/uploads\/sites\/14\/2019\/02\/inCollage_20190214_181121499.jpg","datePublished":"2019-02-14T17:40:03+00:00","dateModified":"2019-02-14T17:44:32+00:00","author":{"@id":"https:\/\/www.cope.es\/blogs\/merinadas-deportivas\/#\/schema\/person\/feae8281472d7d9c51077a2bfa896a18"},"breadcrumb":{"@id":"https:\/\/www.cope.es\/blogs\/merinadas-deportivas\/2019\/02\/14\/fernando-echavarri-deja-la-vela-olimpica-con-un-palmares-sensacional\/#breadcrumb"},"inLanguage":"es","potentialAction":[{"@type":"ReadAction","target":["https:\/\/www.cope.es\/blogs\/merinadas-deportivas\/2019\/02\/14\/fernando-echavarri-deja-la-vela-olimpica-con-un-palmares-sensacional\/"]}]},{"@type":"ImageObject","inLanguage":"es","@id":"https:\/\/www.cope.es\/blogs\/merinadas-deportivas\/2019\/02\/14\/fernando-echavarri-deja-la-vela-olimpica-con-un-palmares-sensacional\/#primaryimage","url":"https:\/\/www.cope.es\/blogs\/merinadas-deportivas\/wp-content\/uploads\/sites\/14\/2019\/02\/inCollage_20190214_181121499.jpg","contentUrl":"https:\/\/www.cope.es\/blogs\/merinadas-deportivas\/wp-content\/uploads\/sites\/14\/2019\/02\/inCollage_20190214_181121499.jpg","width":2400,"height":1920},{"@type":"BreadcrumbList","@id":"https:\/\/www.cope.es\/blogs\/merinadas-deportivas\/2019\/02\/14\/fernando-echavarri-deja-la-vela-olimpica-con-un-palmares-sensacional\/#breadcrumb","itemListElement":[{"@type":"ListItem","position":1,"name":"Portada","item":"https:\/\/www.cope.es\/blogs\/merinadas-deportivas\/"},{"@type":"ListItem","position":2,"name":"Fernando Ech\u00e1varri deja la vela ol\u00edmpica con un palmar\u00e9s sensacional"}]},{"@type":"WebSite","@id":"https:\/\/www.cope.es\/blogs\/merinadas-deportivas\/#website","url":"https:\/\/www.cope.es\/blogs\/merinadas-deportivas\/","name":"Las Merinadas Deportivas de Edu","description":"Blog de deportes de  COPE","potentialAction":[{"@type":"SearchAction","target":{"@type":"EntryPoint","urlTemplate":"https:\/\/www.cope.es\/blogs\/merinadas-deportivas\/?s={search_term_string}"},"query-input":{"@type":"PropertyValueSpecification","valueRequired":true,"valueName":"search_term_string"}}],"inLanguage":"es"},{"@type":"Person","@id":"https:\/\/www.cope.es\/blogs\/merinadas-deportivas\/#\/schema\/person\/feae8281472d7d9c51077a2bfa896a18","name":"Eduardo Merino","image":{"@type":"ImageObject","inLanguage":"es","@id":"https:\/\/secure.gravatar.com\/avatar\/1b689633847b6f17c03b3f9c4c239a399bd200259cca7376eb4a783247b45d2f?s=96&d=mm&r=g","url":"https:\/\/secure.gravatar.com\/avatar\/1b689633847b6f17c03b3f9c4c239a399bd200259cca7376eb4a783247b45d2f?s=96&d=mm&r=g","contentUrl":"https:\/\/secure.gravatar.com\/avatar\/1b689633847b6f17c03b3f9c4c239a399bd200259cca7376eb4a783247b45d2f?s=96&d=mm&r=g","caption":"Eduardo Merino"},"description":"Un d\u00eda de verano de 2012 decid\u00ed embarcarme en esta aventura. Hab\u00edan terminado los Juegos Ol\u00edmpicos de Londres 2012 y comenc\u00e9 a escribir. El blog naci\u00f3 un 14 de agosto en la piscina de mi urbanizaci\u00f3n, as\u00ed de f\u00e1cil. En un principio se llam\u00f3 'Las Merinadas de Edu', haciendo un juego de palabras con mi nombre y mi primer apellido. Durante el primer a\u00f1o cab\u00eda de todo, actualidad, opiniones, reflexiones personales y mucho deporte. Lo que m\u00e1s me gusta en este mundo es el deporte, a parte de la radio, donde trabajo desde hace trece a\u00f1os. Por eso, llego el d\u00eda en que el blog se convirti\u00f3 en Las Merinadas Deportivas de Edu. Solo informaci\u00f3n deportiva, tratando actualidad e historia del deporte, de todo el deporte. Apoyando los \u00e9xitos de los deportistas espa\u00f1oles y destacando los logros de los n\u00fameros uno de cada disciplina. Espero que disfrutes de la visita. \u00a1Viva el deporte!","sameAs":["http:\/\/www.cadena100.es","https:\/\/www.facebook.com\/edumerino32","https:\/\/x.com\/EDUMERINOSPORTS"],"url":"https:\/\/www.cope.es\/blogs\/merinadas-deportivas\/author\/emerino\/"}]}},"amp_enabled":true,"_links":{"self":[{"href":"https:\/\/www.cope.es\/blogs\/merinadas-deportivas\/wp-json\/wp\/v2\/posts\/2151","targetHints":{"allow":["GET"]}}],"collection":[{"href":"https:\/\/www.cope.es\/blogs\/merinadas-deportivas\/wp-json\/wp\/v2\/posts"}],"about":[{"href":"https:\/\/www.cope.es\/blogs\/merinadas-deportivas\/wp-json\/wp\/v2\/types\/post"}],"author":[{"embeddable":true,"href":"https:\/\/www.cope.es\/blogs\/merinadas-deportivas\/wp-json\/wp\/v2\/users\/14"}],"replies":[{"embeddable":true,"href":"https:\/\/www.cope.es\/blogs\/merinadas-deportivas\/wp-json\/wp\/v2\/comments?post=2151"}],"version-history":[{"count":1,"href":"https:\/\/www.cope.es\/blogs\/merinadas-deportivas\/wp-json\/wp\/v2\/posts\/2151\/revisions"}],"predecessor-version":[{"id":2156,"href":"https:\/\/www.cope.es\/blogs\/merinadas-deportivas\/wp-json\/wp\/v2\/posts\/2151\/revisions\/2156"}],"wp:featuredmedia":[{"embeddable":true,"href":"https:\/\/www.cope.es\/blogs\/merinadas-deportivas\/wp-json\/wp\/v2\/media\/2154"}],"wp:attachment":[{"href":"https:\/\/www.cope.es\/blogs\/merinadas-deportivas\/wp-json\/wp\/v2\/media?parent=2151"}],"wp:term":[{"taxonomy":"category","embeddable":true,"href":"https:\/\/www.cope.es\/blogs\/merinadas-deportivas\/wp-json\/wp\/v2\/categories?post=2151"},{"taxonomy":"post_tag","embeddable":true,"href":"https:\/\/www.cope.es\/blogs\/merinadas-deportivas\/wp-json\/wp\/v2\/tags?post=2151"}],"curies":[{"name":"wp","href":"https:\/\/api.w.org\/{rel}","templated":true}]}}