{"id":2062,"date":"2019-01-29T20:03:40","date_gmt":"2019-01-29T19:03:40","guid":{"rendered":"http:\/\/www.cope.es\/blogs\/merinadas-deportivas\/?p=2062"},"modified":"2019-01-29T20:14:07","modified_gmt":"2019-01-29T19:14:07","slug":"caro-javi-rafa-y-los-demas","status":"publish","type":"post","link":"https:\/\/www.cope.es\/blogs\/merinadas-deportivas\/2019\/01\/29\/caro-javi-rafa-y-los-demas\/","title":{"rendered":"Caro, Javi, Rafa y los dem\u00e1s"},"content":{"rendered":"<p><img loading=\"lazy\" decoding=\"async\" width=\"819\" height=\"1024\" class=\"aligncenter wp-image-2072 size-large\" src=\"http:\/\/www.cope.es\/blogs\/merinadas-deportivas\/wp-content\/uploads\/sites\/14\/2019\/01\/inCollage_20190129_201123182-819x1024.jpg\" alt=\"\" srcset=\"https:\/\/www.cope.es\/blogs\/merinadas-deportivas\/wp-content\/uploads\/sites\/14\/2019\/01\/inCollage_20190129_201123182-819x1024.jpg 819w, https:\/\/www.cope.es\/blogs\/merinadas-deportivas\/wp-content\/uploads\/sites\/14\/2019\/01\/inCollage_20190129_201123182-240x300.jpg 240w, https:\/\/www.cope.es\/blogs\/merinadas-deportivas\/wp-content\/uploads\/sites\/14\/2019\/01\/inCollage_20190129_201123182-768x960.jpg 768w, https:\/\/www.cope.es\/blogs\/merinadas-deportivas\/wp-content\/uploads\/sites\/14\/2019\/01\/inCollage_20190129_201123182.jpg 1920w\" sizes=\"auto, (max-width: 819px) 100vw, 819px\" \/><\/p>\n<p><span style=\"font-weight: 400\">El deporte espa\u00f1ol ha comenzado con fuerza el a\u00f1o preol\u00edmpico. El pasado fin de semana ha estado lleno de \u00e9xitos. Han competido casi a la vez, estrellas como <strong>Carolina Mar\u00edn, Javier Fern\u00e1ndez o Rafa Nadal<\/strong>. Nunca m\u00e1s coincidir\u00e1 este tr\u00edo que tantas alegr\u00edas nos ha dado. \u00a0Debemos sentirnos afortunados y orgullosos de tener tan grandes competidores. Es cierto que se han producido varias derrotas, pero han llegado en finales. Recordaremos siempre el s\u00e9ptimo oro europeo consecutivo de Javier Fern\u00e1ndez, que deja un vac\u00edo deportivo y personal enorme. En Minsk (Bielorrusia) ha puesto la \u00faltima piedra de un edificio gigante, que ha ido construyendo en los \u00faltimos doce a\u00f1os en el patinaje art\u00edstico sobre hielo.<\/span><\/p>\n<p><span style=\"font-weight: 400\">Adem\u00e1s del oro del patinador madrile\u00f1o, se han producido grandes resultados en tenis, b\u00e1dminton, atletismo, k\u00e1rate, golf, esgrima, automovilismo o snowboard. Ah\u00ed va un peque\u00f1o resumen de lo que ha ocurrido, son Caro, Javi, Rafa y los dem\u00e1s. <\/span><\/p>\n<h2><img loading=\"lazy\" decoding=\"async\" width=\"897\" height=\"600\" class=\"aligncenter wp-image-2067 size-full\" src=\"http:\/\/www.cope.es\/blogs\/merinadas-deportivas\/wp-content\/uploads\/sites\/14\/2019\/01\/IMG_20190128_192034.jpg\" alt=\"\" srcset=\"https:\/\/www.cope.es\/blogs\/merinadas-deportivas\/wp-content\/uploads\/sites\/14\/2019\/01\/IMG_20190128_192034.jpg 897w, https:\/\/www.cope.es\/blogs\/merinadas-deportivas\/wp-content\/uploads\/sites\/14\/2019\/01\/IMG_20190128_192034-300x201.jpg 300w, https:\/\/www.cope.es\/blogs\/merinadas-deportivas\/wp-content\/uploads\/sites\/14\/2019\/01\/IMG_20190128_192034-768x514.jpg 768w, https:\/\/www.cope.es\/blogs\/merinadas-deportivas\/wp-content\/uploads\/sites\/14\/2019\/01\/IMG_20190128_192034-408x272.jpg 408w\" sizes=\"auto, (max-width: 897px) 100vw, 897px\" \/><br \/>\n<span style=\"font-weight: 400\">Caro<\/span><\/h2>\n<p><span style=\"font-weight: 400\"><strong>Carolina Mar\u00edn<\/strong> ha llegado a su segunda final del a\u00f1o en Indonesia. Dos de dos. La semana anterior se ba\u00f1\u00f3 en plata en Malasia. L\u00e1stima <strong><a href=\"https:\/\/www.cope.es\/blogs\/merinadas-deportivas\/2019\/01\/28\/la-lesion-de-carolina-marin-le-duele-a-espana-entera\/\">su grave lesi\u00f3n en la rodilla derecha<\/a><\/strong> cuando se encaminaba hacia la victoria. La han operado con \u00e9xito y comienza un largo per\u00edodo de \u00a0recuperaci\u00f3n. \u201cYa me han operado y ha salido todo muy bien. S\u00f3lo era el ligamento cruzado y ya estoy en recuperaci\u00f3n. Agradeceros a todos los mensajes que me mand\u00e1is d\u00eda a d\u00eda y vamos a por todas. Pronto volver\u00e9\u201d ha escrito la jugadora de b\u00e1dminton a trav\u00e9s de sus redes sociales.<\/span><\/p>\n<h2><img loading=\"lazy\" decoding=\"async\" width=\"998\" height=\"618\" class=\"aligncenter wp-image-2068 size-full\" src=\"http:\/\/www.cope.es\/blogs\/merinadas-deportivas\/wp-content\/uploads\/sites\/14\/2019\/01\/Screenshot_20190126-163410.png\" alt=\"\" srcset=\"https:\/\/www.cope.es\/blogs\/merinadas-deportivas\/wp-content\/uploads\/sites\/14\/2019\/01\/Screenshot_20190126-163410.png 998w, https:\/\/www.cope.es\/blogs\/merinadas-deportivas\/wp-content\/uploads\/sites\/14\/2019\/01\/Screenshot_20190126-163410-300x186.png 300w, https:\/\/www.cope.es\/blogs\/merinadas-deportivas\/wp-content\/uploads\/sites\/14\/2019\/01\/Screenshot_20190126-163410-768x476.png 768w, https:\/\/www.cope.es\/blogs\/merinadas-deportivas\/wp-content\/uploads\/sites\/14\/2019\/01\/Screenshot_20190126-163410-570x354.png 570w\" sizes=\"auto, (max-width: 998px) 100vw, 998px\" \/><br \/>\n<span style=\"font-weight: 400\">Javi<\/span><\/h2>\n<p><span style=\"font-weight: 400\"><strong>Javier Fern\u00e1ndez<\/strong>. <a href=\"https:\/\/www.cope.es\/blogs\/merinadas-deportivas\/2019\/01\/26\/javier-fernandez-asi-en-la-tierra-como-en-el-hielo\/\"><strong>S\u00e9ptimo oro europeo consecutiv<\/strong><\/a>o en patinaje art\u00edstico sobre hielo. Tras ganar en Minsk, se ha despedido en Madrid, su ciudad natal. &#8220;Hago un llamamiento a quienes tengan un sue\u00f1o, sean mayores o peque\u00f1os. Os animo a perseguir vuestros sue\u00f1os, por imposible que parezca se cumplen e incluso la realidad supera lo so\u00f1ado, como a m\u00ed me ha ocurrido\u201d.<\/span><\/p>\n<p>&nbsp;<\/p>\n<p><img loading=\"lazy\" decoding=\"async\" width=\"868\" height=\"1024\" class=\"aligncenter wp-image-2069 size-large\" src=\"http:\/\/www.cope.es\/blogs\/merinadas-deportivas\/wp-content\/uploads\/sites\/14\/2019\/01\/Screenshot_20190124-151813-868x1024.png\" alt=\"\" srcset=\"https:\/\/www.cope.es\/blogs\/merinadas-deportivas\/wp-content\/uploads\/sites\/14\/2019\/01\/Screenshot_20190124-151813-868x1024.png 868w, https:\/\/www.cope.es\/blogs\/merinadas-deportivas\/wp-content\/uploads\/sites\/14\/2019\/01\/Screenshot_20190124-151813-254x300.png 254w, https:\/\/www.cope.es\/blogs\/merinadas-deportivas\/wp-content\/uploads\/sites\/14\/2019\/01\/Screenshot_20190124-151813-768x906.png 768w, https:\/\/www.cope.es\/blogs\/merinadas-deportivas\/wp-content\/uploads\/sites\/14\/2019\/01\/Screenshot_20190124-151813.png 1070w\" sizes=\"auto, (max-width: 868px) 100vw, 868px\" \/><\/p>\n<h2><span style=\"font-weight: 400\">Rafa<\/span><\/h2>\n<p><span style=\"font-weight: 400\"><strong>Rafael Nadal<\/strong>. Finalista del Open de Australia de tenis. Llegar a la final ha sido todo un triunfo, tras haber estado lesionado a finales de 2018. Ha sido derrotado por el serbio Novak Djokovic, pero ha ganado con un discurso maravilloso: \u201cS\u00f3lo puedo decir una cosa: voy a seguir luchando duro, voy a seguir trabajando duro para ser un mejor jugador&#8221;<\/span><\/p>\n<h2><span style=\"font-weight: 400\">Los dem\u00e1s<\/span><\/h2>\n<p><img loading=\"lazy\" decoding=\"async\" width=\"1024\" height=\"743\" class=\"aligncenter wp-image-2065 size-large\" src=\"http:\/\/www.cope.es\/blogs\/merinadas-deportivas\/wp-content\/uploads\/sites\/14\/2019\/01\/IMG_20190127_171931-1024x743.jpg\" alt=\"\" srcset=\"https:\/\/www.cope.es\/blogs\/merinadas-deportivas\/wp-content\/uploads\/sites\/14\/2019\/01\/IMG_20190127_171931-1024x743.jpg 1024w, https:\/\/www.cope.es\/blogs\/merinadas-deportivas\/wp-content\/uploads\/sites\/14\/2019\/01\/IMG_20190127_171931-300x218.jpg 300w, https:\/\/www.cope.es\/blogs\/merinadas-deportivas\/wp-content\/uploads\/sites\/14\/2019\/01\/IMG_20190127_171931-768x558.jpg 768w, https:\/\/www.cope.es\/blogs\/merinadas-deportivas\/wp-content\/uploads\/sites\/14\/2019\/01\/IMG_20190127_171931.jpg 2007w\" sizes=\"auto, (max-width: 1024px) 100vw, 1024px\" \/><\/p>\n<p><span style=\"font-weight: 400\"><strong>Yulen Pereira<\/strong> ha sido plata en el Grand Prix de Doha (Catar) de esgrima. El espadista espa\u00f1ol solo ha ca\u00eddo en la gran final ante el franc\u00e9s <strong>Yannick Borel<\/strong>, n\u00famero uno mundial. Se trata de su primera medalla en un Grand Prix de la Federaci\u00f3n Internacional.<\/span><\/p>\n<p><span style=\"font-weight: 400\"><strong>Dami\u00e1n Quintero y Sandra S\u00e1nchez<\/strong> y el equipo masculino de katas han sido plata en el Open de Par\u00eds de K\u00e1rate. El golf tambi\u00e9n ha cosechado buenos resultados. <strong>Jon Rahm<\/strong> ha sido quinto en el Farmers Insurance Open y <strong>Sergio Garc\u00eda y \u00c1lvaro Quir\u00f3s<\/strong> han sido terceros en Dubai. <\/span><\/p>\n<p><span style=\"font-weight: 400\"><strong>Mar\u00eda Vicente<\/strong>. La gran perla del atletismo espa\u00f1ol se ha vuelto a superar a s\u00ed misma. En Cardiff ha batido el r\u00e9cord de Espa\u00f1a sub-20 de pentatl\u00f3n y ha conseguido la Mejor Marca Espa\u00f1ola sub-23 con un total de 4.216 puntos. Suma ya 42 plusmarcas nacionales. Tambi\u00e9n en tierras inglesas, y en heptatl\u00f3n, <strong>Jorge Ure\u00f1a<\/strong> ha sido el vencedor.<\/span><\/p>\n<p><strong>Orlando Ortega<\/strong>. El subcampe\u00f3n ol\u00edmpico de 110 metros vallas ha arrasado en Francia. Ha ganado en Nantes el s\u00e1bado y en Par\u00eds el domingo en 60 metros vallas. Pronto llegar\u00e1 el Europeo de pista cubierta de Glasgow (entre el 1 el 3 de marzo). El atleta espa\u00f1ol ser\u00e1 uno de los favoritos.<\/p>\n<p><span style=\"font-weight: 400\"><strong>Queralt Castellet<\/strong> ha vuelto a hacer historia en snowboard. Es la primera espa\u00f1ola que ha logrado una medalla (de plata) en los X Games de invierno celebrados en la estaci\u00f3n de Aspen (Estados Unidos). La rider catalana ha sido plata en la modalidad de superpipe, solo por detr\u00e1s de Chloe Kim, la campeona ol\u00edmpica de half pipe.<\/span><\/p>\n<p><iframe loading=\"lazy\" width=\"675\" height=\"380\" src=\"https:\/\/www.youtube.com\/embed\/k0j6fpCFXfQ?feature=oembed\" frameborder=\"0\" allow=\"accelerometer; autoplay; encrypted-media; gyroscope; picture-in-picture\" allowfullscreen><\/iframe><\/p>\n<p><span style=\"font-weight: 400\"><strong>Fernando Alonso<\/strong> ha ganado las 24 horas de Daytona. No hay reto que se le escape al piloto asturiano. Campe\u00f3n del mundo de F\u00f3rmula 1 en dos ocasiones, campe\u00f3n de las 24 horas de Le Mans. Solo le faltan las 500 millas de Indian\u00e1polis. \u201cEl objetivo es hacer algo sin precedentes en el automovilismo\u201d. \u201cNo es parte de la triple corona, pero si gano Indian\u00e1polis.. \u00a1esta ser\u00e1 la cu\u00e1druple corona!\u201d, ha dicho Alonso. <\/span><\/p>\n","protected":false},"excerpt":{"rendered":"<p>El deporte espa\u00f1ol ha comenzado con fuerza el a\u00f1o preol\u00edmpico. El pasado fin de semana ha estado lleno de \u00e9xitos. Han competido casi a la vez, estrellas como Carolina Mar\u00edn, Javier Fern\u00e1ndez o Rafa Nadal. Nunca m\u00e1s coincidir\u00e1 este tr\u00edo que tantas alegr\u00edas nos ha dado. \u00a0Debemos sentirnos afortunados y orgullosos de tener tan grandes [&hellip;]<\/p>\n","protected":false},"author":14,"featured_media":2063,"comment_status":"open","ping_status":"open","sticky":false,"template":"","format":"standard","meta":{"footnotes":""},"categories":[1493,13,1366],"tags":[1703,199,1701,274,17,1702,1409,1704,740,99,1569,56,1700],"class_list":["post-2062","post","type-post","status-publish","format-standard","has-post-thumbnail","hentry","category-deporte-espanol","category-deportes","category-opinion","tag-alvaro-quiros","tag-carolina-marin","tag-damian-quintero","tag-fernando-alonso","tag-javier-fernandez","tag-jon-rahm","tag-maria-vicente","tag-orlando-ortega","tag-queralt-castellet","tag-rafa-nadal","tag-sandra-sanchez","tag-sergio-garcia","tag-yulen-pereira"],"yoast_head":"<!-- This site is optimized with the Yoast SEO plugin v27.4 - https:\/\/yoast.com\/product\/yoast-seo-wordpress\/ -->\n<title>Caro, Javi, Rafa y los dem\u00e1s - Las Merinadas Deportivas de Edu<\/title>\n<meta name=\"robots\" content=\"index, follow, max-snippet:-1, max-image-preview:large, max-video-preview:-1\" \/>\n<link rel=\"canonical\" href=\"https:\/\/www.cope.es\/blogs\/merinadas-deportivas\/2019\/01\/29\/caro-javi-rafa-y-los-demas\/\" \/>\n<meta property=\"og:locale\" content=\"es_ES\" \/>\n<meta property=\"og:type\" content=\"article\" \/>\n<meta property=\"og:title\" content=\"Caro, Javi, Rafa y los dem\u00e1s - Las Merinadas Deportivas de Edu\" \/>\n<meta property=\"og:description\" content=\"El deporte espa\u00f1ol ha comenzado con fuerza el a\u00f1o preol\u00edmpico. El pasado fin de semana ha estado lleno de \u00e9xitos. Han competido casi a la vez, estrellas como Carolina Mar\u00edn, Javier Fern\u00e1ndez o Rafa Nadal. Nunca m\u00e1s coincidir\u00e1 este tr\u00edo que tantas alegr\u00edas nos ha dado. \u00a0Debemos sentirnos afortunados y orgullosos de tener tan grandes [&hellip;]\" \/>\n<meta property=\"og:url\" content=\"https:\/\/www.cope.es\/blogs\/merinadas-deportivas\/2019\/01\/29\/caro-javi-rafa-y-los-demas\/\" \/>\n<meta property=\"og:site_name\" content=\"Las Merinadas Deportivas de Edu\" \/>\n<meta property=\"article:publisher\" content=\"https:\/\/www.facebook.com\/cope\/\" \/>\n<meta property=\"article:author\" content=\"https:\/\/www.facebook.com\/edumerino32\" \/>\n<meta property=\"article:published_time\" content=\"2019-01-29T19:03:40+00:00\" \/>\n<meta property=\"article:modified_time\" content=\"2019-01-29T19:14:07+00:00\" \/>\n<meta property=\"og:image\" content=\"https:\/\/www.cope.es\/blogs\/merinadas-deportivas\/wp-content\/uploads\/sites\/14\/2019\/01\/inCollage_20190129_190359596-e1548785744840.jpg\" \/>\n\t<meta property=\"og:image:width\" content=\"2316\" \/>\n\t<meta property=\"og:image:height\" content=\"1278\" \/>\n\t<meta property=\"og:image:type\" content=\"image\/jpeg\" \/>\n<meta name=\"author\" content=\"Eduardo Merino\" \/>\n<meta name=\"twitter:card\" content=\"summary_large_image\" \/>\n<meta name=\"twitter:creator\" content=\"@EDUMERINOSPORTS\" \/>\n<meta name=\"twitter:site\" content=\"@cope_es\" \/>\n<meta name=\"twitter:label1\" content=\"Escrito por\" \/>\n\t<meta name=\"twitter:data1\" content=\"Eduardo Merino\" \/>\n\t<meta name=\"twitter:label2\" content=\"Tiempo de lectura\" \/>\n\t<meta name=\"twitter:data2\" content=\"4 minutos\" \/>\n<script type=\"application\/ld+json\" class=\"yoast-schema-graph\">{\"@context\":\"https:\\\/\\\/schema.org\",\"@graph\":[{\"@type\":\"Article\",\"@id\":\"https:\\\/\\\/www.cope.es\\\/blogs\\\/merinadas-deportivas\\\/2019\\\/01\\\/29\\\/caro-javi-rafa-y-los-demas\\\/#article\",\"isPartOf\":{\"@id\":\"https:\\\/\\\/www.cope.es\\\/blogs\\\/merinadas-deportivas\\\/2019\\\/01\\\/29\\\/caro-javi-rafa-y-los-demas\\\/\"},\"author\":{\"name\":\"Eduardo Merino\",\"@id\":\"https:\\\/\\\/www.cope.es\\\/blogs\\\/merinadas-deportivas\\\/#\\\/schema\\\/person\\\/feae8281472d7d9c51077a2bfa896a18\"},\"headline\":\"Caro, Javi, Rafa y los dem\u00e1s\",\"datePublished\":\"2019-01-29T19:03:40+00:00\",\"dateModified\":\"2019-01-29T19:14:07+00:00\",\"mainEntityOfPage\":{\"@id\":\"https:\\\/\\\/www.cope.es\\\/blogs\\\/merinadas-deportivas\\\/2019\\\/01\\\/29\\\/caro-javi-rafa-y-los-demas\\\/\"},\"wordCount\":798,\"commentCount\":0,\"image\":{\"@id\":\"https:\\\/\\\/www.cope.es\\\/blogs\\\/merinadas-deportivas\\\/2019\\\/01\\\/29\\\/caro-javi-rafa-y-los-demas\\\/#primaryimage\"},\"thumbnailUrl\":\"https:\\\/\\\/www.cope.es\\\/blogs\\\/merinadas-deportivas\\\/wp-content\\\/uploads\\\/sites\\\/14\\\/2019\\\/01\\\/inCollage_20190129_190359596-e1548785744840.jpg\",\"keywords\":[\"\u00c1lvaro Quir\u00f3s\",\"Carolina Mar\u00edn\",\"Dami\u00e1n Quintero\",\"Fernando Alonso\",\"Javier Fern\u00e1ndez\",\"Jon Rahm\",\"Mar\u00eda Vicente\",\"Orlando Ortega\",\"Queralt Castellet\",\"Rafa Nadal\",\"Sandra S\u00e1nchez\",\"Sergio Garc\u00eda\",\"Yulen Pereira\"],\"articleSection\":[\"deporte espa\u00f1ol\",\"deportes\",\"opini\u00f3n\"],\"inLanguage\":\"es\",\"potentialAction\":[{\"@type\":\"CommentAction\",\"name\":\"Comment\",\"target\":[\"https:\\\/\\\/www.cope.es\\\/blogs\\\/merinadas-deportivas\\\/2019\\\/01\\\/29\\\/caro-javi-rafa-y-los-demas\\\/#respond\"]}]},{\"@type\":\"WebPage\",\"@id\":\"https:\\\/\\\/www.cope.es\\\/blogs\\\/merinadas-deportivas\\\/2019\\\/01\\\/29\\\/caro-javi-rafa-y-los-demas\\\/\",\"url\":\"https:\\\/\\\/www.cope.es\\\/blogs\\\/merinadas-deportivas\\\/2019\\\/01\\\/29\\\/caro-javi-rafa-y-los-demas\\\/\",\"name\":\"Caro, Javi, Rafa y los dem\u00e1s - Las Merinadas Deportivas de Edu\",\"isPartOf\":{\"@id\":\"https:\\\/\\\/www.cope.es\\\/blogs\\\/merinadas-deportivas\\\/#website\"},\"primaryImageOfPage\":{\"@id\":\"https:\\\/\\\/www.cope.es\\\/blogs\\\/merinadas-deportivas\\\/2019\\\/01\\\/29\\\/caro-javi-rafa-y-los-demas\\\/#primaryimage\"},\"image\":{\"@id\":\"https:\\\/\\\/www.cope.es\\\/blogs\\\/merinadas-deportivas\\\/2019\\\/01\\\/29\\\/caro-javi-rafa-y-los-demas\\\/#primaryimage\"},\"thumbnailUrl\":\"https:\\\/\\\/www.cope.es\\\/blogs\\\/merinadas-deportivas\\\/wp-content\\\/uploads\\\/sites\\\/14\\\/2019\\\/01\\\/inCollage_20190129_190359596-e1548785744840.jpg\",\"datePublished\":\"2019-01-29T19:03:40+00:00\",\"dateModified\":\"2019-01-29T19:14:07+00:00\",\"author\":{\"@id\":\"https:\\\/\\\/www.cope.es\\\/blogs\\\/merinadas-deportivas\\\/#\\\/schema\\\/person\\\/feae8281472d7d9c51077a2bfa896a18\"},\"breadcrumb\":{\"@id\":\"https:\\\/\\\/www.cope.es\\\/blogs\\\/merinadas-deportivas\\\/2019\\\/01\\\/29\\\/caro-javi-rafa-y-los-demas\\\/#breadcrumb\"},\"inLanguage\":\"es\",\"potentialAction\":[{\"@type\":\"ReadAction\",\"target\":[\"https:\\\/\\\/www.cope.es\\\/blogs\\\/merinadas-deportivas\\\/2019\\\/01\\\/29\\\/caro-javi-rafa-y-los-demas\\\/\"]}]},{\"@type\":\"ImageObject\",\"inLanguage\":\"es\",\"@id\":\"https:\\\/\\\/www.cope.es\\\/blogs\\\/merinadas-deportivas\\\/2019\\\/01\\\/29\\\/caro-javi-rafa-y-los-demas\\\/#primaryimage\",\"url\":\"https:\\\/\\\/www.cope.es\\\/blogs\\\/merinadas-deportivas\\\/wp-content\\\/uploads\\\/sites\\\/14\\\/2019\\\/01\\\/inCollage_20190129_190359596-e1548785744840.jpg\",\"contentUrl\":\"https:\\\/\\\/www.cope.es\\\/blogs\\\/merinadas-deportivas\\\/wp-content\\\/uploads\\\/sites\\\/14\\\/2019\\\/01\\\/inCollage_20190129_190359596-e1548785744840.jpg\",\"width\":2316,\"height\":1278},{\"@type\":\"BreadcrumbList\",\"@id\":\"https:\\\/\\\/www.cope.es\\\/blogs\\\/merinadas-deportivas\\\/2019\\\/01\\\/29\\\/caro-javi-rafa-y-los-demas\\\/#breadcrumb\",\"itemListElement\":[{\"@type\":\"ListItem\",\"position\":1,\"name\":\"Portada\",\"item\":\"https:\\\/\\\/www.cope.es\\\/blogs\\\/merinadas-deportivas\\\/\"},{\"@type\":\"ListItem\",\"position\":2,\"name\":\"Caro, Javi, Rafa y los dem\u00e1s\"}]},{\"@type\":\"WebSite\",\"@id\":\"https:\\\/\\\/www.cope.es\\\/blogs\\\/merinadas-deportivas\\\/#website\",\"url\":\"https:\\\/\\\/www.cope.es\\\/blogs\\\/merinadas-deportivas\\\/\",\"name\":\"Las Merinadas Deportivas de Edu\",\"description\":\"Blog de deportes de  COPE\",\"potentialAction\":[{\"@type\":\"SearchAction\",\"target\":{\"@type\":\"EntryPoint\",\"urlTemplate\":\"https:\\\/\\\/www.cope.es\\\/blogs\\\/merinadas-deportivas\\\/?s={search_term_string}\"},\"query-input\":{\"@type\":\"PropertyValueSpecification\",\"valueRequired\":true,\"valueName\":\"search_term_string\"}}],\"inLanguage\":\"es\"},{\"@type\":\"Person\",\"@id\":\"https:\\\/\\\/www.cope.es\\\/blogs\\\/merinadas-deportivas\\\/#\\\/schema\\\/person\\\/feae8281472d7d9c51077a2bfa896a18\",\"name\":\"Eduardo Merino\",\"image\":{\"@type\":\"ImageObject\",\"inLanguage\":\"es\",\"@id\":\"https:\\\/\\\/secure.gravatar.com\\\/avatar\\\/1b689633847b6f17c03b3f9c4c239a399bd200259cca7376eb4a783247b45d2f?s=96&d=mm&r=g\",\"url\":\"https:\\\/\\\/secure.gravatar.com\\\/avatar\\\/1b689633847b6f17c03b3f9c4c239a399bd200259cca7376eb4a783247b45d2f?s=96&d=mm&r=g\",\"contentUrl\":\"https:\\\/\\\/secure.gravatar.com\\\/avatar\\\/1b689633847b6f17c03b3f9c4c239a399bd200259cca7376eb4a783247b45d2f?s=96&d=mm&r=g\",\"caption\":\"Eduardo Merino\"},\"description\":\"Un d\u00eda de verano de 2012 decid\u00ed embarcarme en esta aventura. Hab\u00edan terminado los Juegos Ol\u00edmpicos de Londres 2012 y comenc\u00e9 a escribir. El blog naci\u00f3 un 14 de agosto en la piscina de mi urbanizaci\u00f3n, as\u00ed de f\u00e1cil. En un principio se llam\u00f3 'Las Merinadas de Edu', haciendo un juego de palabras con mi nombre y mi primer apellido. Durante el primer a\u00f1o cab\u00eda de todo, actualidad, opiniones, reflexiones personales y mucho deporte. Lo que m\u00e1s me gusta en este mundo es el deporte, a parte de la radio, donde trabajo desde hace trece a\u00f1os. Por eso, llego el d\u00eda en que el blog se convirti\u00f3 en Las Merinadas Deportivas de Edu. Solo informaci\u00f3n deportiva, tratando actualidad e historia del deporte, de todo el deporte. Apoyando los \u00e9xitos de los deportistas espa\u00f1oles y destacando los logros de los n\u00fameros uno de cada disciplina. Espero que disfrutes de la visita. \u00a1Viva el deporte!\",\"sameAs\":[\"http:\\\/\\\/www.cadena100.es\",\"https:\\\/\\\/www.facebook.com\\\/edumerino32\",\"https:\\\/\\\/x.com\\\/EDUMERINOSPORTS\"],\"url\":\"https:\\\/\\\/www.cope.es\\\/blogs\\\/merinadas-deportivas\\\/author\\\/emerino\\\/\"}]}<\/script>\n<!-- \/ Yoast SEO plugin. -->","yoast_head_json":{"title":"Caro, Javi, Rafa y los dem\u00e1s - Las Merinadas Deportivas de Edu","robots":{"index":"index","follow":"follow","max-snippet":"max-snippet:-1","max-image-preview":"max-image-preview:large","max-video-preview":"max-video-preview:-1"},"canonical":"https:\/\/www.cope.es\/blogs\/merinadas-deportivas\/2019\/01\/29\/caro-javi-rafa-y-los-demas\/","og_locale":"es_ES","og_type":"article","og_title":"Caro, Javi, Rafa y los dem\u00e1s - Las Merinadas Deportivas de Edu","og_description":"El deporte espa\u00f1ol ha comenzado con fuerza el a\u00f1o preol\u00edmpico. El pasado fin de semana ha estado lleno de \u00e9xitos. Han competido casi a la vez, estrellas como Carolina Mar\u00edn, Javier Fern\u00e1ndez o Rafa Nadal. Nunca m\u00e1s coincidir\u00e1 este tr\u00edo que tantas alegr\u00edas nos ha dado. \u00a0Debemos sentirnos afortunados y orgullosos de tener tan grandes [&hellip;]","og_url":"https:\/\/www.cope.es\/blogs\/merinadas-deportivas\/2019\/01\/29\/caro-javi-rafa-y-los-demas\/","og_site_name":"Las Merinadas Deportivas de Edu","article_publisher":"https:\/\/www.facebook.com\/cope\/","article_author":"https:\/\/www.facebook.com\/edumerino32","article_published_time":"2019-01-29T19:03:40+00:00","article_modified_time":"2019-01-29T19:14:07+00:00","og_image":[{"width":2316,"height":1278,"url":"https:\/\/www.cope.es\/blogs\/merinadas-deportivas\/wp-content\/uploads\/sites\/14\/2019\/01\/inCollage_20190129_190359596-e1548785744840.jpg","type":"image\/jpeg"}],"author":"Eduardo Merino","twitter_card":"summary_large_image","twitter_creator":"@EDUMERINOSPORTS","twitter_site":"@cope_es","twitter_misc":{"Escrito por":"Eduardo Merino","Tiempo de lectura":"4 minutos"},"schema":{"@context":"https:\/\/schema.org","@graph":[{"@type":"Article","@id":"https:\/\/www.cope.es\/blogs\/merinadas-deportivas\/2019\/01\/29\/caro-javi-rafa-y-los-demas\/#article","isPartOf":{"@id":"https:\/\/www.cope.es\/blogs\/merinadas-deportivas\/2019\/01\/29\/caro-javi-rafa-y-los-demas\/"},"author":{"name":"Eduardo Merino","@id":"https:\/\/www.cope.es\/blogs\/merinadas-deportivas\/#\/schema\/person\/feae8281472d7d9c51077a2bfa896a18"},"headline":"Caro, Javi, Rafa y los dem\u00e1s","datePublished":"2019-01-29T19:03:40+00:00","dateModified":"2019-01-29T19:14:07+00:00","mainEntityOfPage":{"@id":"https:\/\/www.cope.es\/blogs\/merinadas-deportivas\/2019\/01\/29\/caro-javi-rafa-y-los-demas\/"},"wordCount":798,"commentCount":0,"image":{"@id":"https:\/\/www.cope.es\/blogs\/merinadas-deportivas\/2019\/01\/29\/caro-javi-rafa-y-los-demas\/#primaryimage"},"thumbnailUrl":"https:\/\/www.cope.es\/blogs\/merinadas-deportivas\/wp-content\/uploads\/sites\/14\/2019\/01\/inCollage_20190129_190359596-e1548785744840.jpg","keywords":["\u00c1lvaro Quir\u00f3s","Carolina Mar\u00edn","Dami\u00e1n Quintero","Fernando Alonso","Javier Fern\u00e1ndez","Jon Rahm","Mar\u00eda Vicente","Orlando Ortega","Queralt Castellet","Rafa Nadal","Sandra S\u00e1nchez","Sergio Garc\u00eda","Yulen Pereira"],"articleSection":["deporte espa\u00f1ol","deportes","opini\u00f3n"],"inLanguage":"es","potentialAction":[{"@type":"CommentAction","name":"Comment","target":["https:\/\/www.cope.es\/blogs\/merinadas-deportivas\/2019\/01\/29\/caro-javi-rafa-y-los-demas\/#respond"]}]},{"@type":"WebPage","@id":"https:\/\/www.cope.es\/blogs\/merinadas-deportivas\/2019\/01\/29\/caro-javi-rafa-y-los-demas\/","url":"https:\/\/www.cope.es\/blogs\/merinadas-deportivas\/2019\/01\/29\/caro-javi-rafa-y-los-demas\/","name":"Caro, Javi, Rafa y los dem\u00e1s - Las Merinadas Deportivas de Edu","isPartOf":{"@id":"https:\/\/www.cope.es\/blogs\/merinadas-deportivas\/#website"},"primaryImageOfPage":{"@id":"https:\/\/www.cope.es\/blogs\/merinadas-deportivas\/2019\/01\/29\/caro-javi-rafa-y-los-demas\/#primaryimage"},"image":{"@id":"https:\/\/www.cope.es\/blogs\/merinadas-deportivas\/2019\/01\/29\/caro-javi-rafa-y-los-demas\/#primaryimage"},"thumbnailUrl":"https:\/\/www.cope.es\/blogs\/merinadas-deportivas\/wp-content\/uploads\/sites\/14\/2019\/01\/inCollage_20190129_190359596-e1548785744840.jpg","datePublished":"2019-01-29T19:03:40+00:00","dateModified":"2019-01-29T19:14:07+00:00","author":{"@id":"https:\/\/www.cope.es\/blogs\/merinadas-deportivas\/#\/schema\/person\/feae8281472d7d9c51077a2bfa896a18"},"breadcrumb":{"@id":"https:\/\/www.cope.es\/blogs\/merinadas-deportivas\/2019\/01\/29\/caro-javi-rafa-y-los-demas\/#breadcrumb"},"inLanguage":"es","potentialAction":[{"@type":"ReadAction","target":["https:\/\/www.cope.es\/blogs\/merinadas-deportivas\/2019\/01\/29\/caro-javi-rafa-y-los-demas\/"]}]},{"@type":"ImageObject","inLanguage":"es","@id":"https:\/\/www.cope.es\/blogs\/merinadas-deportivas\/2019\/01\/29\/caro-javi-rafa-y-los-demas\/#primaryimage","url":"https:\/\/www.cope.es\/blogs\/merinadas-deportivas\/wp-content\/uploads\/sites\/14\/2019\/01\/inCollage_20190129_190359596-e1548785744840.jpg","contentUrl":"https:\/\/www.cope.es\/blogs\/merinadas-deportivas\/wp-content\/uploads\/sites\/14\/2019\/01\/inCollage_20190129_190359596-e1548785744840.jpg","width":2316,"height":1278},{"@type":"BreadcrumbList","@id":"https:\/\/www.cope.es\/blogs\/merinadas-deportivas\/2019\/01\/29\/caro-javi-rafa-y-los-demas\/#breadcrumb","itemListElement":[{"@type":"ListItem","position":1,"name":"Portada","item":"https:\/\/www.cope.es\/blogs\/merinadas-deportivas\/"},{"@type":"ListItem","position":2,"name":"Caro, Javi, Rafa y los dem\u00e1s"}]},{"@type":"WebSite","@id":"https:\/\/www.cope.es\/blogs\/merinadas-deportivas\/#website","url":"https:\/\/www.cope.es\/blogs\/merinadas-deportivas\/","name":"Las Merinadas Deportivas de Edu","description":"Blog de deportes de  COPE","potentialAction":[{"@type":"SearchAction","target":{"@type":"EntryPoint","urlTemplate":"https:\/\/www.cope.es\/blogs\/merinadas-deportivas\/?s={search_term_string}"},"query-input":{"@type":"PropertyValueSpecification","valueRequired":true,"valueName":"search_term_string"}}],"inLanguage":"es"},{"@type":"Person","@id":"https:\/\/www.cope.es\/blogs\/merinadas-deportivas\/#\/schema\/person\/feae8281472d7d9c51077a2bfa896a18","name":"Eduardo Merino","image":{"@type":"ImageObject","inLanguage":"es","@id":"https:\/\/secure.gravatar.com\/avatar\/1b689633847b6f17c03b3f9c4c239a399bd200259cca7376eb4a783247b45d2f?s=96&d=mm&r=g","url":"https:\/\/secure.gravatar.com\/avatar\/1b689633847b6f17c03b3f9c4c239a399bd200259cca7376eb4a783247b45d2f?s=96&d=mm&r=g","contentUrl":"https:\/\/secure.gravatar.com\/avatar\/1b689633847b6f17c03b3f9c4c239a399bd200259cca7376eb4a783247b45d2f?s=96&d=mm&r=g","caption":"Eduardo Merino"},"description":"Un d\u00eda de verano de 2012 decid\u00ed embarcarme en esta aventura. Hab\u00edan terminado los Juegos Ol\u00edmpicos de Londres 2012 y comenc\u00e9 a escribir. El blog naci\u00f3 un 14 de agosto en la piscina de mi urbanizaci\u00f3n, as\u00ed de f\u00e1cil. En un principio se llam\u00f3 'Las Merinadas de Edu', haciendo un juego de palabras con mi nombre y mi primer apellido. Durante el primer a\u00f1o cab\u00eda de todo, actualidad, opiniones, reflexiones personales y mucho deporte. Lo que m\u00e1s me gusta en este mundo es el deporte, a parte de la radio, donde trabajo desde hace trece a\u00f1os. Por eso, llego el d\u00eda en que el blog se convirti\u00f3 en Las Merinadas Deportivas de Edu. Solo informaci\u00f3n deportiva, tratando actualidad e historia del deporte, de todo el deporte. Apoyando los \u00e9xitos de los deportistas espa\u00f1oles y destacando los logros de los n\u00fameros uno de cada disciplina. Espero que disfrutes de la visita. \u00a1Viva el deporte!","sameAs":["http:\/\/www.cadena100.es","https:\/\/www.facebook.com\/edumerino32","https:\/\/x.com\/EDUMERINOSPORTS"],"url":"https:\/\/www.cope.es\/blogs\/merinadas-deportivas\/author\/emerino\/"}]}},"amp_enabled":true,"_links":{"self":[{"href":"https:\/\/www.cope.es\/blogs\/merinadas-deportivas\/wp-json\/wp\/v2\/posts\/2062","targetHints":{"allow":["GET"]}}],"collection":[{"href":"https:\/\/www.cope.es\/blogs\/merinadas-deportivas\/wp-json\/wp\/v2\/posts"}],"about":[{"href":"https:\/\/www.cope.es\/blogs\/merinadas-deportivas\/wp-json\/wp\/v2\/types\/post"}],"author":[{"embeddable":true,"href":"https:\/\/www.cope.es\/blogs\/merinadas-deportivas\/wp-json\/wp\/v2\/users\/14"}],"replies":[{"embeddable":true,"href":"https:\/\/www.cope.es\/blogs\/merinadas-deportivas\/wp-json\/wp\/v2\/comments?post=2062"}],"version-history":[{"count":2,"href":"https:\/\/www.cope.es\/blogs\/merinadas-deportivas\/wp-json\/wp\/v2\/posts\/2062\/revisions"}],"predecessor-version":[{"id":2073,"href":"https:\/\/www.cope.es\/blogs\/merinadas-deportivas\/wp-json\/wp\/v2\/posts\/2062\/revisions\/2073"}],"wp:featuredmedia":[{"embeddable":true,"href":"https:\/\/www.cope.es\/blogs\/merinadas-deportivas\/wp-json\/wp\/v2\/media\/2063"}],"wp:attachment":[{"href":"https:\/\/www.cope.es\/blogs\/merinadas-deportivas\/wp-json\/wp\/v2\/media?parent=2062"}],"wp:term":[{"taxonomy":"category","embeddable":true,"href":"https:\/\/www.cope.es\/blogs\/merinadas-deportivas\/wp-json\/wp\/v2\/categories?post=2062"},{"taxonomy":"post_tag","embeddable":true,"href":"https:\/\/www.cope.es\/blogs\/merinadas-deportivas\/wp-json\/wp\/v2\/tags?post=2062"}],"curies":[{"name":"wp","href":"https:\/\/api.w.org\/{rel}","templated":true}]}}