{"id":1944,"date":"2019-01-12T13:41:17","date_gmt":"2019-01-12T12:41:17","guid":{"rendered":"http:\/\/www.cope.es\/blogs\/merinadas-deportivas\/?p=1944"},"modified":"2019-01-12T13:41:17","modified_gmt":"2019-01-12T12:41:17","slug":"thank-you-for-all-andy","status":"publish","type":"post","link":"https:\/\/www.cope.es\/blogs\/merinadas-deportivas\/2019\/01\/12\/thank-you-for-all-andy\/","title":{"rendered":"Thank you for all, Andy"},"content":{"rendered":"<p><img loading=\"lazy\" decoding=\"async\" width=\"1024\" height=\"682\" class=\"aligncenter wp-image-1945 size-large\" src=\"http:\/\/www.cope.es\/blogs\/merinadas-deportivas\/wp-content\/uploads\/sites\/14\/2019\/01\/methode_times_prod_web_bin_3452c6bc-1591-11e9-94cd-1357d20693b3-1024x682.jpg\" alt=\"\" srcset=\"https:\/\/www.cope.es\/blogs\/merinadas-deportivas\/wp-content\/uploads\/sites\/14\/2019\/01\/methode_times_prod_web_bin_3452c6bc-1591-11e9-94cd-1357d20693b3-1024x682.jpg 1024w, https:\/\/www.cope.es\/blogs\/merinadas-deportivas\/wp-content\/uploads\/sites\/14\/2019\/01\/methode_times_prod_web_bin_3452c6bc-1591-11e9-94cd-1357d20693b3-300x200.jpg 300w, https:\/\/www.cope.es\/blogs\/merinadas-deportivas\/wp-content\/uploads\/sites\/14\/2019\/01\/methode_times_prod_web_bin_3452c6bc-1591-11e9-94cd-1357d20693b3-768x512.jpg 768w, https:\/\/www.cope.es\/blogs\/merinadas-deportivas\/wp-content\/uploads\/sites\/14\/2019\/01\/methode_times_prod_web_bin_3452c6bc-1591-11e9-94cd-1357d20693b3-408x272.jpg 408w, https:\/\/www.cope.es\/blogs\/merinadas-deportivas\/wp-content\/uploads\/sites\/14\/2019\/01\/methode_times_prod_web_bin_3452c6bc-1591-11e9-94cd-1357d20693b3.jpg 1138w\" sizes=\"auto, (max-width: 1024px) 100vw, 1024px\" \/><\/p>\n<p><span style=\"font-weight: 400\">Su cadera le ha obligado a marcharse. <strong>Andy Murray<\/strong> (Glasgow, Escocia, 15 de mayo de 1987) se retira demasiado pronto. Su lucha y su sufrimiento contra los dolores llega al final. Cuando llegue su \u00faltimo partido oficial, solo tendr\u00e1 treinta y dos a\u00f1os. Se retirar\u00e1 en Wimbledon, en casa, donde ha ganado en dos ocasiones. Aunque no es seguro que pueda llegar hasta all\u00ed. Adem\u00e1s de esos dos t\u00edtulos de Grand Slam, conseguidos en 2013 y 2016, ha sido capaz de ganar el US Open en 2012. Finalista de Roland Garros en 2016 y cinco veces del Abierto de Australia, donde ha anunciado el desenlace de su carrera como tenista. Alcanz\u00f3 la ronda definitiva en 2010,2011, 2013, 2015 y 2016. <\/span><\/p>\n<p><img loading=\"lazy\" decoding=\"async\" width=\"750\" height=\"474\" class=\"aligncenter wp-image-1946 size-full\" src=\"http:\/\/www.cope.es\/blogs\/merinadas-deportivas\/wp-content\/uploads\/sites\/14\/2019\/01\/the_times.750.jpg\" alt=\"\" srcset=\"https:\/\/www.cope.es\/blogs\/merinadas-deportivas\/wp-content\/uploads\/sites\/14\/2019\/01\/the_times.750.jpg 750w, https:\/\/www.cope.es\/blogs\/merinadas-deportivas\/wp-content\/uploads\/sites\/14\/2019\/01\/the_times.750-300x190.jpg 300w\" sizes=\"auto, (max-width: 750px) 100vw, 750px\" \/><\/p>\n<p><span style=\"font-weight: 400\">Todo ello en la misma \u00e9poca en la que han dominado el tenis, <strong>Roger Federer, Rafa Nadal y Novak Djokovic<\/strong>. Nunca sabremos qu\u00e9 hubiera conseguido el brit\u00e1nico de no haber coincido con esos tres enormes deportistas. Los cuatro, han formado la mejor generaci\u00f3n de tenistas de todos los tiempos. Aunque los logros de Murray no alcancen al resto, su juego y ambici\u00f3n han estado a la par. De eso no hay ninguna duda.<\/span><\/p>\n<p><img loading=\"lazy\" decoding=\"async\" width=\"649\" height=\"1024\" class=\"alignnone wp-image-1947 size-large\" src=\"http:\/\/www.cope.es\/blogs\/merinadas-deportivas\/wp-content\/uploads\/sites\/14\/2019\/01\/daily_telegraph.750-1-649x1024.jpg\" alt=\"\" srcset=\"https:\/\/www.cope.es\/blogs\/merinadas-deportivas\/wp-content\/uploads\/sites\/14\/2019\/01\/daily_telegraph.750-1-649x1024.jpg 649w, https:\/\/www.cope.es\/blogs\/merinadas-deportivas\/wp-content\/uploads\/sites\/14\/2019\/01\/daily_telegraph.750-1-190x300.jpg 190w, https:\/\/www.cope.es\/blogs\/merinadas-deportivas\/wp-content\/uploads\/sites\/14\/2019\/01\/daily_telegraph.750-1.jpg 750w\" sizes=\"auto, (max-width: 649px) 100vw, 649px\" \/><\/p>\n<h2>El \u00fanico bicampe\u00f3n ol\u00edmpico individual<\/h2>\n<p><span style=\"font-weight: 400\">Andy Murray se va como el \u00fanico tenista capaz de ganar dos oros ol\u00edmpicos individuales. Lo consigui\u00f3 consecutivamente, en Londres 2012 y R\u00edo 2016. En la capital inglesa gan\u00f3 al rey de la hierba, Roger Federer. En R\u00edo, venci\u00f3 al argentino Juan Mart\u00edn Del Potro, que hab\u00eda derrotado en semifinales a Rafa Nadal. Cuando veamos un partido de tenis ol\u00edmpico, siempre nos acordaremos de Murray. El escoc\u00e9s tambi\u00e9n ha sido subcampe\u00f3n ol\u00edmpico en dobles mixto junto a Laura Robson. Perdieron en la final de Londres 2012 contra los bielorrusos Azarenka y Mirny. <\/span><\/p>\n<p><img loading=\"lazy\" decoding=\"async\" width=\"660\" height=\"400\" class=\"aligncenter wp-image-1948 size-full\" src=\"http:\/\/www.cope.es\/blogs\/merinadas-deportivas\/wp-content\/uploads\/sites\/14\/2019\/01\/14712281737680.jpg\" alt=\"\" srcset=\"https:\/\/www.cope.es\/blogs\/merinadas-deportivas\/wp-content\/uploads\/sites\/14\/2019\/01\/14712281737680.jpg 660w, https:\/\/www.cope.es\/blogs\/merinadas-deportivas\/wp-content\/uploads\/sites\/14\/2019\/01\/14712281737680-300x182.jpg 300w\" sizes=\"auto, (max-width: 660px) 100vw, 660px\" \/><\/p>\n<p><span style=\"font-weight: 400\">Murray ha logrado catorce Masters 1000. Es el quinto jugador que m\u00e1s ha ganado estos torneos. Solo los \u201ctres magn\u00edficos\u201d y <strong>Andre Agassi<\/strong> le han superado. Adem\u00e1s ha llegado a la final en siete ocasiones y en doce a las semifinales. A la altura de los m\u00e1s grandes. Capaz de darle a Gran Breta\u00f1a una Copa Davis en 2015, tras casi ochenta a\u00f1os esperando. Su primer Wimbledon lleg\u00f3 setenta y siete a\u00f1os despu\u00e9s de la victoria de otro brit\u00e1nico. <\/span><\/p>\n<p><img loading=\"lazy\" decoding=\"async\" width=\"621\" height=\"1024\" class=\"aligncenter wp-image-1949 size-large\" src=\"http:\/\/www.cope.es\/blogs\/merinadas-deportivas\/wp-content\/uploads\/sites\/14\/2019\/01\/herald.750-621x1024.jpg\" alt=\"\" srcset=\"https:\/\/www.cope.es\/blogs\/merinadas-deportivas\/wp-content\/uploads\/sites\/14\/2019\/01\/herald.750-621x1024.jpg 621w, https:\/\/www.cope.es\/blogs\/merinadas-deportivas\/wp-content\/uploads\/sites\/14\/2019\/01\/herald.750-182x300.jpg 182w, https:\/\/www.cope.es\/blogs\/merinadas-deportivas\/wp-content\/uploads\/sites\/14\/2019\/01\/herald.750.jpg 750w\" sizes=\"auto, (max-width: 621px) 100vw, 621px\" \/><\/p>\n<p><span style=\"font-weight: 400\">Podr\u00edamos decir que 2016 fue el mejor a\u00f1o de su carrera deportiva. Campe\u00f3n en Wimbledon, oro ol\u00edmpico y finalista en Roland Garros y en Australia y colof\u00f3n final como Maestro ganando a Djokovic. Un a\u00f1o por el que mereci\u00f3 el primer puesto del r\u00e1nking. Lleg\u00f3 el 7 de noviembre de aquella m\u00e1gica temporada. Ha sido n\u00famero mundial durante cuarenta y una semanas. <\/span><\/p>\n<p><img loading=\"lazy\" decoding=\"async\" width=\"723\" height=\"1024\" class=\"aligncenter wp-image-1950 size-large\" src=\"http:\/\/www.cope.es\/blogs\/merinadas-deportivas\/wp-content\/uploads\/sites\/14\/2019\/01\/IMG_20190112_084313-723x1024.jpg\" alt=\"\" srcset=\"https:\/\/www.cope.es\/blogs\/merinadas-deportivas\/wp-content\/uploads\/sites\/14\/2019\/01\/IMG_20190112_084313-723x1024.jpg 723w, https:\/\/www.cope.es\/blogs\/merinadas-deportivas\/wp-content\/uploads\/sites\/14\/2019\/01\/IMG_20190112_084313-212x300.jpg 212w, https:\/\/www.cope.es\/blogs\/merinadas-deportivas\/wp-content\/uploads\/sites\/14\/2019\/01\/IMG_20190112_084313-768x1087.jpg 768w, https:\/\/www.cope.es\/blogs\/merinadas-deportivas\/wp-content\/uploads\/sites\/14\/2019\/01\/IMG_20190112_084313.jpg 1130w\" sizes=\"auto, (max-width: 723px) 100vw, 723px\" \/><\/p>\n<p><span style=\"font-weight: 400\">El mundo del tenis se entristece con su marcha. Murray deja muchos recuerdos ten\u00edsticos y tambi\u00e9n personales. Ha defendido los derechos de la mujeres y ha demostrado su caballerosidad dentro y fuera de las pistas. Ha luchado por la igualdad de premios entre hombres y mujeres, destacando la importancia de estas \u00faltimas en su vida.<\/span><\/p>\n<h2>Un ejemplo dentro y fuera de las pistas<\/h2>\n<p><span style=\"font-weight: 400\">\u201cComenc\u00e9 a jugar tenis por mi madre, he tenido una relaci\u00f3n muy cercana con mis abuelas y siempre he estado rodeado de mujeres. Encuentro m\u00e1s f\u00e1cil hablar con ellas, me resulta m\u00e1s f\u00e1cil abrirme ante ellas&#8221; ha declarado el tenista brit\u00e1nico.&#8221;\u00bfMe he convertido en feminista? Bueno, si ser feminista es sobre la lucha para que las mujeres sean tratadas como los hombres entonces s\u00ed, supongo que lo soy&#8221;. Murray se cas\u00f3 en 2015 con Kim Sears y tienen una hija llamada Sophia. Todo un ejemplo de lo que deber ser un deportista de alto nivel. Gracias por todo, Andy. Thank you for all.<\/span><\/p>\n<p><iframe loading=\"lazy\" src=\"https:\/\/www.youtube.com\/embed\/YPUhGNmW4Pc\" width=\"560\" height=\"315\" frameborder=\"0\"><\/iframe><\/p>\n<p>&nbsp;<\/p>\n<p><iframe loading=\"lazy\" width=\"675\" height=\"380\" src=\"https:\/\/www.youtube.com\/embed\/mgVJazH8khA?feature=oembed\" frameborder=\"0\" allow=\"accelerometer; autoplay; encrypted-media; gyroscope; picture-in-picture\" allowfullscreen><\/iframe><\/p>\n<p><iframe loading=\"lazy\" width=\"675\" height=\"380\" src=\"https:\/\/www.youtube.com\/embed\/zD162uH4i8U?feature=oembed\" frameborder=\"0\" allow=\"accelerometer; autoplay; encrypted-media; gyroscope; picture-in-picture\" allowfullscreen><\/iframe><\/p>\n<p><iframe loading=\"lazy\" width=\"675\" height=\"380\" src=\"https:\/\/www.youtube.com\/embed\/XOsdLxdsHT4?feature=oembed\" frameborder=\"0\" allow=\"accelerometer; autoplay; encrypted-media; gyroscope; picture-in-picture\" allowfullscreen><\/iframe><\/p>\n<p>&nbsp;<\/p>\n<p><iframe loading=\"lazy\" width=\"675\" height=\"380\" src=\"https:\/\/www.youtube.com\/embed\/TpXmoK1aWs4?feature=oembed\" frameborder=\"0\" allow=\"accelerometer; autoplay; encrypted-media; gyroscope; picture-in-picture\" allowfullscreen><\/iframe><\/p>\n<p>&nbsp;<\/p>\n<p><iframe loading=\"lazy\" width=\"675\" height=\"380\" src=\"https:\/\/www.youtube.com\/embed\/Gu3tls_3iS8?feature=oembed\" frameborder=\"0\" allow=\"accelerometer; autoplay; encrypted-media; gyroscope; picture-in-picture\" allowfullscreen><\/iframe><\/p>\n","protected":false},"excerpt":{"rendered":"<p>Su cadera le ha obligado a marcharse. Andy Murray (Glasgow, Escocia, 15 de mayo de 1987) se retira demasiado pronto. Su lucha y su sufrimiento contra los dolores llega al final. Cuando llegue su \u00faltimo partido oficial, solo tendr\u00e1 treinta y dos a\u00f1os. Se retirar\u00e1 en Wimbledon, en casa, donde ha ganado en dos ocasiones. [&hellip;]<\/p>\n","protected":false},"author":14,"featured_media":1957,"comment_status":"open","ping_status":"open","sticky":false,"template":"","format":"standard","meta":{"footnotes":""},"categories":[1680,13,1500,1555,1366,1607],"tags":[1681,1682,867,46,7,118,296,288,93,251,1683,1403],"class_list":["post-1944","post","type-post","status-publish","format-standard","has-post-thumbnail","hentry","category-andy-murray","category-deportes","category-juegos-olimpicos","category-olimpismo","category-opinion","category-tenis","tag-andy-murray","tag-australian-open","tag-copa-davis","tag-deportes","tag-gold-medal","tag-olympic-champion","tag-roland-garros","tag-sports","tag-tenis","tag-tennis","tag-us-open","tag-wimbledon"],"yoast_head":"<!-- This site is optimized with the Yoast SEO plugin v27.4 - https:\/\/yoast.com\/product\/yoast-seo-wordpress\/ -->\n<title>Thank you for all, Andy - Las Merinadas Deportivas de Edu<\/title>\n<meta name=\"robots\" content=\"index, follow, max-snippet:-1, max-image-preview:large, max-video-preview:-1\" \/>\n<link rel=\"canonical\" href=\"https:\/\/www.cope.es\/blogs\/merinadas-deportivas\/2019\/01\/12\/thank-you-for-all-andy\/\" \/>\n<meta property=\"og:locale\" content=\"es_ES\" \/>\n<meta property=\"og:type\" content=\"article\" \/>\n<meta property=\"og:title\" content=\"Thank you for all, Andy - Las Merinadas Deportivas de Edu\" \/>\n<meta property=\"og:description\" content=\"Su cadera le ha obligado a marcharse. Andy Murray (Glasgow, Escocia, 15 de mayo de 1987) se retira demasiado pronto. Su lucha y su sufrimiento contra los dolores llega al final. Cuando llegue su \u00faltimo partido oficial, solo tendr\u00e1 treinta y dos a\u00f1os. Se retirar\u00e1 en Wimbledon, en casa, donde ha ganado en dos ocasiones. [&hellip;]\" \/>\n<meta property=\"og:url\" content=\"https:\/\/www.cope.es\/blogs\/merinadas-deportivas\/2019\/01\/12\/thank-you-for-all-andy\/\" \/>\n<meta property=\"og:site_name\" content=\"Las Merinadas Deportivas de Edu\" \/>\n<meta property=\"article:publisher\" content=\"https:\/\/www.facebook.com\/cope\/\" \/>\n<meta property=\"article:author\" content=\"https:\/\/www.facebook.com\/edumerino32\" \/>\n<meta property=\"article:published_time\" content=\"2019-01-12T12:41:17+00:00\" \/>\n<meta property=\"og:image\" content=\"https:\/\/www.cope.es\/blogs\/merinadas-deportivas\/wp-content\/uploads\/sites\/14\/2019\/01\/methode_times_prod_web_bin_a1c2f364-15ac-11e9-94cd-1357d20693b3.jpg\" \/>\n\t<meta property=\"og:image:width\" content=\"1138\" \/>\n\t<meta property=\"og:image:height\" content=\"758\" \/>\n\t<meta property=\"og:image:type\" content=\"image\/jpeg\" \/>\n<meta name=\"author\" content=\"Eduardo Merino\" \/>\n<meta name=\"twitter:card\" content=\"summary_large_image\" \/>\n<meta name=\"twitter:creator\" content=\"@EDUMERINOSPORTS\" \/>\n<meta name=\"twitter:site\" content=\"@cope_es\" \/>\n<meta name=\"twitter:label1\" content=\"Escrito por\" \/>\n\t<meta name=\"twitter:data1\" content=\"Eduardo Merino\" \/>\n\t<meta name=\"twitter:label2\" content=\"Tiempo de lectura\" \/>\n\t<meta name=\"twitter:data2\" content=\"3 minutos\" \/>\n<script type=\"application\/ld+json\" class=\"yoast-schema-graph\">{\"@context\":\"https:\\\/\\\/schema.org\",\"@graph\":[{\"@type\":\"Article\",\"@id\":\"https:\\\/\\\/www.cope.es\\\/blogs\\\/merinadas-deportivas\\\/2019\\\/01\\\/12\\\/thank-you-for-all-andy\\\/#article\",\"isPartOf\":{\"@id\":\"https:\\\/\\\/www.cope.es\\\/blogs\\\/merinadas-deportivas\\\/2019\\\/01\\\/12\\\/thank-you-for-all-andy\\\/\"},\"author\":{\"name\":\"Eduardo Merino\",\"@id\":\"https:\\\/\\\/www.cope.es\\\/blogs\\\/merinadas-deportivas\\\/#\\\/schema\\\/person\\\/feae8281472d7d9c51077a2bfa896a18\"},\"headline\":\"Thank you for all, Andy\",\"datePublished\":\"2019-01-12T12:41:17+00:00\",\"mainEntityOfPage\":{\"@id\":\"https:\\\/\\\/www.cope.es\\\/blogs\\\/merinadas-deportivas\\\/2019\\\/01\\\/12\\\/thank-you-for-all-andy\\\/\"},\"wordCount\":674,\"commentCount\":0,\"image\":{\"@id\":\"https:\\\/\\\/www.cope.es\\\/blogs\\\/merinadas-deportivas\\\/2019\\\/01\\\/12\\\/thank-you-for-all-andy\\\/#primaryimage\"},\"thumbnailUrl\":\"https:\\\/\\\/www.cope.es\\\/blogs\\\/merinadas-deportivas\\\/wp-content\\\/uploads\\\/sites\\\/14\\\/2019\\\/01\\\/methode_times_prod_web_bin_a1c2f364-15ac-11e9-94cd-1357d20693b3.jpg\",\"keywords\":[\"Andy Murray\",\"Australian Open\",\"Copa Davis\",\"deportes\",\"Gold medal\",\"Olympic Champion\",\"Roland Garros\",\"sports\",\"tenis\",\"tennis\",\"US Open\",\"Wimbledon\"],\"articleSection\":[\"Andy Murray\",\"deportes\",\"Juegos Ol\u00edmpicos\",\"Olimpismo\",\"opini\u00f3n\",\"tenis\"],\"inLanguage\":\"es\",\"potentialAction\":[{\"@type\":\"CommentAction\",\"name\":\"Comment\",\"target\":[\"https:\\\/\\\/www.cope.es\\\/blogs\\\/merinadas-deportivas\\\/2019\\\/01\\\/12\\\/thank-you-for-all-andy\\\/#respond\"]}]},{\"@type\":\"WebPage\",\"@id\":\"https:\\\/\\\/www.cope.es\\\/blogs\\\/merinadas-deportivas\\\/2019\\\/01\\\/12\\\/thank-you-for-all-andy\\\/\",\"url\":\"https:\\\/\\\/www.cope.es\\\/blogs\\\/merinadas-deportivas\\\/2019\\\/01\\\/12\\\/thank-you-for-all-andy\\\/\",\"name\":\"Thank you for all, Andy - Las Merinadas Deportivas de Edu\",\"isPartOf\":{\"@id\":\"https:\\\/\\\/www.cope.es\\\/blogs\\\/merinadas-deportivas\\\/#website\"},\"primaryImageOfPage\":{\"@id\":\"https:\\\/\\\/www.cope.es\\\/blogs\\\/merinadas-deportivas\\\/2019\\\/01\\\/12\\\/thank-you-for-all-andy\\\/#primaryimage\"},\"image\":{\"@id\":\"https:\\\/\\\/www.cope.es\\\/blogs\\\/merinadas-deportivas\\\/2019\\\/01\\\/12\\\/thank-you-for-all-andy\\\/#primaryimage\"},\"thumbnailUrl\":\"https:\\\/\\\/www.cope.es\\\/blogs\\\/merinadas-deportivas\\\/wp-content\\\/uploads\\\/sites\\\/14\\\/2019\\\/01\\\/methode_times_prod_web_bin_a1c2f364-15ac-11e9-94cd-1357d20693b3.jpg\",\"datePublished\":\"2019-01-12T12:41:17+00:00\",\"author\":{\"@id\":\"https:\\\/\\\/www.cope.es\\\/blogs\\\/merinadas-deportivas\\\/#\\\/schema\\\/person\\\/feae8281472d7d9c51077a2bfa896a18\"},\"breadcrumb\":{\"@id\":\"https:\\\/\\\/www.cope.es\\\/blogs\\\/merinadas-deportivas\\\/2019\\\/01\\\/12\\\/thank-you-for-all-andy\\\/#breadcrumb\"},\"inLanguage\":\"es\",\"potentialAction\":[{\"@type\":\"ReadAction\",\"target\":[\"https:\\\/\\\/www.cope.es\\\/blogs\\\/merinadas-deportivas\\\/2019\\\/01\\\/12\\\/thank-you-for-all-andy\\\/\"]}]},{\"@type\":\"ImageObject\",\"inLanguage\":\"es\",\"@id\":\"https:\\\/\\\/www.cope.es\\\/blogs\\\/merinadas-deportivas\\\/2019\\\/01\\\/12\\\/thank-you-for-all-andy\\\/#primaryimage\",\"url\":\"https:\\\/\\\/www.cope.es\\\/blogs\\\/merinadas-deportivas\\\/wp-content\\\/uploads\\\/sites\\\/14\\\/2019\\\/01\\\/methode_times_prod_web_bin_a1c2f364-15ac-11e9-94cd-1357d20693b3.jpg\",\"contentUrl\":\"https:\\\/\\\/www.cope.es\\\/blogs\\\/merinadas-deportivas\\\/wp-content\\\/uploads\\\/sites\\\/14\\\/2019\\\/01\\\/methode_times_prod_web_bin_a1c2f364-15ac-11e9-94cd-1357d20693b3.jpg\",\"width\":1138,\"height\":758},{\"@type\":\"BreadcrumbList\",\"@id\":\"https:\\\/\\\/www.cope.es\\\/blogs\\\/merinadas-deportivas\\\/2019\\\/01\\\/12\\\/thank-you-for-all-andy\\\/#breadcrumb\",\"itemListElement\":[{\"@type\":\"ListItem\",\"position\":1,\"name\":\"Portada\",\"item\":\"https:\\\/\\\/www.cope.es\\\/blogs\\\/merinadas-deportivas\\\/\"},{\"@type\":\"ListItem\",\"position\":2,\"name\":\"Thank you for all, Andy\"}]},{\"@type\":\"WebSite\",\"@id\":\"https:\\\/\\\/www.cope.es\\\/blogs\\\/merinadas-deportivas\\\/#website\",\"url\":\"https:\\\/\\\/www.cope.es\\\/blogs\\\/merinadas-deportivas\\\/\",\"name\":\"Las Merinadas Deportivas de Edu\",\"description\":\"Blog de deportes de  COPE\",\"potentialAction\":[{\"@type\":\"SearchAction\",\"target\":{\"@type\":\"EntryPoint\",\"urlTemplate\":\"https:\\\/\\\/www.cope.es\\\/blogs\\\/merinadas-deportivas\\\/?s={search_term_string}\"},\"query-input\":{\"@type\":\"PropertyValueSpecification\",\"valueRequired\":true,\"valueName\":\"search_term_string\"}}],\"inLanguage\":\"es\"},{\"@type\":\"Person\",\"@id\":\"https:\\\/\\\/www.cope.es\\\/blogs\\\/merinadas-deportivas\\\/#\\\/schema\\\/person\\\/feae8281472d7d9c51077a2bfa896a18\",\"name\":\"Eduardo Merino\",\"image\":{\"@type\":\"ImageObject\",\"inLanguage\":\"es\",\"@id\":\"https:\\\/\\\/secure.gravatar.com\\\/avatar\\\/1b689633847b6f17c03b3f9c4c239a399bd200259cca7376eb4a783247b45d2f?s=96&d=mm&r=g\",\"url\":\"https:\\\/\\\/secure.gravatar.com\\\/avatar\\\/1b689633847b6f17c03b3f9c4c239a399bd200259cca7376eb4a783247b45d2f?s=96&d=mm&r=g\",\"contentUrl\":\"https:\\\/\\\/secure.gravatar.com\\\/avatar\\\/1b689633847b6f17c03b3f9c4c239a399bd200259cca7376eb4a783247b45d2f?s=96&d=mm&r=g\",\"caption\":\"Eduardo Merino\"},\"description\":\"Un d\u00eda de verano de 2012 decid\u00ed embarcarme en esta aventura. Hab\u00edan terminado los Juegos Ol\u00edmpicos de Londres 2012 y comenc\u00e9 a escribir. El blog naci\u00f3 un 14 de agosto en la piscina de mi urbanizaci\u00f3n, as\u00ed de f\u00e1cil. En un principio se llam\u00f3 'Las Merinadas de Edu', haciendo un juego de palabras con mi nombre y mi primer apellido. Durante el primer a\u00f1o cab\u00eda de todo, actualidad, opiniones, reflexiones personales y mucho deporte. Lo que m\u00e1s me gusta en este mundo es el deporte, a parte de la radio, donde trabajo desde hace trece a\u00f1os. Por eso, llego el d\u00eda en que el blog se convirti\u00f3 en Las Merinadas Deportivas de Edu. Solo informaci\u00f3n deportiva, tratando actualidad e historia del deporte, de todo el deporte. Apoyando los \u00e9xitos de los deportistas espa\u00f1oles y destacando los logros de los n\u00fameros uno de cada disciplina. Espero que disfrutes de la visita. \u00a1Viva el deporte!\",\"sameAs\":[\"http:\\\/\\\/www.cadena100.es\",\"https:\\\/\\\/www.facebook.com\\\/edumerino32\",\"https:\\\/\\\/x.com\\\/EDUMERINOSPORTS\"],\"url\":\"https:\\\/\\\/www.cope.es\\\/blogs\\\/merinadas-deportivas\\\/author\\\/emerino\\\/\"}]}<\/script>\n<!-- \/ Yoast SEO plugin. -->","yoast_head_json":{"title":"Thank you for all, Andy - Las Merinadas Deportivas de Edu","robots":{"index":"index","follow":"follow","max-snippet":"max-snippet:-1","max-image-preview":"max-image-preview:large","max-video-preview":"max-video-preview:-1"},"canonical":"https:\/\/www.cope.es\/blogs\/merinadas-deportivas\/2019\/01\/12\/thank-you-for-all-andy\/","og_locale":"es_ES","og_type":"article","og_title":"Thank you for all, Andy - Las Merinadas Deportivas de Edu","og_description":"Su cadera le ha obligado a marcharse. Andy Murray (Glasgow, Escocia, 15 de mayo de 1987) se retira demasiado pronto. Su lucha y su sufrimiento contra los dolores llega al final. Cuando llegue su \u00faltimo partido oficial, solo tendr\u00e1 treinta y dos a\u00f1os. Se retirar\u00e1 en Wimbledon, en casa, donde ha ganado en dos ocasiones. [&hellip;]","og_url":"https:\/\/www.cope.es\/blogs\/merinadas-deportivas\/2019\/01\/12\/thank-you-for-all-andy\/","og_site_name":"Las Merinadas Deportivas de Edu","article_publisher":"https:\/\/www.facebook.com\/cope\/","article_author":"https:\/\/www.facebook.com\/edumerino32","article_published_time":"2019-01-12T12:41:17+00:00","og_image":[{"width":1138,"height":758,"url":"https:\/\/www.cope.es\/blogs\/merinadas-deportivas\/wp-content\/uploads\/sites\/14\/2019\/01\/methode_times_prod_web_bin_a1c2f364-15ac-11e9-94cd-1357d20693b3.jpg","type":"image\/jpeg"}],"author":"Eduardo Merino","twitter_card":"summary_large_image","twitter_creator":"@EDUMERINOSPORTS","twitter_site":"@cope_es","twitter_misc":{"Escrito por":"Eduardo Merino","Tiempo de lectura":"3 minutos"},"schema":{"@context":"https:\/\/schema.org","@graph":[{"@type":"Article","@id":"https:\/\/www.cope.es\/blogs\/merinadas-deportivas\/2019\/01\/12\/thank-you-for-all-andy\/#article","isPartOf":{"@id":"https:\/\/www.cope.es\/blogs\/merinadas-deportivas\/2019\/01\/12\/thank-you-for-all-andy\/"},"author":{"name":"Eduardo Merino","@id":"https:\/\/www.cope.es\/blogs\/merinadas-deportivas\/#\/schema\/person\/feae8281472d7d9c51077a2bfa896a18"},"headline":"Thank you for all, Andy","datePublished":"2019-01-12T12:41:17+00:00","mainEntityOfPage":{"@id":"https:\/\/www.cope.es\/blogs\/merinadas-deportivas\/2019\/01\/12\/thank-you-for-all-andy\/"},"wordCount":674,"commentCount":0,"image":{"@id":"https:\/\/www.cope.es\/blogs\/merinadas-deportivas\/2019\/01\/12\/thank-you-for-all-andy\/#primaryimage"},"thumbnailUrl":"https:\/\/www.cope.es\/blogs\/merinadas-deportivas\/wp-content\/uploads\/sites\/14\/2019\/01\/methode_times_prod_web_bin_a1c2f364-15ac-11e9-94cd-1357d20693b3.jpg","keywords":["Andy Murray","Australian Open","Copa Davis","deportes","Gold medal","Olympic Champion","Roland Garros","sports","tenis","tennis","US Open","Wimbledon"],"articleSection":["Andy Murray","deportes","Juegos Ol\u00edmpicos","Olimpismo","opini\u00f3n","tenis"],"inLanguage":"es","potentialAction":[{"@type":"CommentAction","name":"Comment","target":["https:\/\/www.cope.es\/blogs\/merinadas-deportivas\/2019\/01\/12\/thank-you-for-all-andy\/#respond"]}]},{"@type":"WebPage","@id":"https:\/\/www.cope.es\/blogs\/merinadas-deportivas\/2019\/01\/12\/thank-you-for-all-andy\/","url":"https:\/\/www.cope.es\/blogs\/merinadas-deportivas\/2019\/01\/12\/thank-you-for-all-andy\/","name":"Thank you for all, Andy - Las Merinadas Deportivas de Edu","isPartOf":{"@id":"https:\/\/www.cope.es\/blogs\/merinadas-deportivas\/#website"},"primaryImageOfPage":{"@id":"https:\/\/www.cope.es\/blogs\/merinadas-deportivas\/2019\/01\/12\/thank-you-for-all-andy\/#primaryimage"},"image":{"@id":"https:\/\/www.cope.es\/blogs\/merinadas-deportivas\/2019\/01\/12\/thank-you-for-all-andy\/#primaryimage"},"thumbnailUrl":"https:\/\/www.cope.es\/blogs\/merinadas-deportivas\/wp-content\/uploads\/sites\/14\/2019\/01\/methode_times_prod_web_bin_a1c2f364-15ac-11e9-94cd-1357d20693b3.jpg","datePublished":"2019-01-12T12:41:17+00:00","author":{"@id":"https:\/\/www.cope.es\/blogs\/merinadas-deportivas\/#\/schema\/person\/feae8281472d7d9c51077a2bfa896a18"},"breadcrumb":{"@id":"https:\/\/www.cope.es\/blogs\/merinadas-deportivas\/2019\/01\/12\/thank-you-for-all-andy\/#breadcrumb"},"inLanguage":"es","potentialAction":[{"@type":"ReadAction","target":["https:\/\/www.cope.es\/blogs\/merinadas-deportivas\/2019\/01\/12\/thank-you-for-all-andy\/"]}]},{"@type":"ImageObject","inLanguage":"es","@id":"https:\/\/www.cope.es\/blogs\/merinadas-deportivas\/2019\/01\/12\/thank-you-for-all-andy\/#primaryimage","url":"https:\/\/www.cope.es\/blogs\/merinadas-deportivas\/wp-content\/uploads\/sites\/14\/2019\/01\/methode_times_prod_web_bin_a1c2f364-15ac-11e9-94cd-1357d20693b3.jpg","contentUrl":"https:\/\/www.cope.es\/blogs\/merinadas-deportivas\/wp-content\/uploads\/sites\/14\/2019\/01\/methode_times_prod_web_bin_a1c2f364-15ac-11e9-94cd-1357d20693b3.jpg","width":1138,"height":758},{"@type":"BreadcrumbList","@id":"https:\/\/www.cope.es\/blogs\/merinadas-deportivas\/2019\/01\/12\/thank-you-for-all-andy\/#breadcrumb","itemListElement":[{"@type":"ListItem","position":1,"name":"Portada","item":"https:\/\/www.cope.es\/blogs\/merinadas-deportivas\/"},{"@type":"ListItem","position":2,"name":"Thank you for all, Andy"}]},{"@type":"WebSite","@id":"https:\/\/www.cope.es\/blogs\/merinadas-deportivas\/#website","url":"https:\/\/www.cope.es\/blogs\/merinadas-deportivas\/","name":"Las Merinadas Deportivas de Edu","description":"Blog de deportes de  COPE","potentialAction":[{"@type":"SearchAction","target":{"@type":"EntryPoint","urlTemplate":"https:\/\/www.cope.es\/blogs\/merinadas-deportivas\/?s={search_term_string}"},"query-input":{"@type":"PropertyValueSpecification","valueRequired":true,"valueName":"search_term_string"}}],"inLanguage":"es"},{"@type":"Person","@id":"https:\/\/www.cope.es\/blogs\/merinadas-deportivas\/#\/schema\/person\/feae8281472d7d9c51077a2bfa896a18","name":"Eduardo Merino","image":{"@type":"ImageObject","inLanguage":"es","@id":"https:\/\/secure.gravatar.com\/avatar\/1b689633847b6f17c03b3f9c4c239a399bd200259cca7376eb4a783247b45d2f?s=96&d=mm&r=g","url":"https:\/\/secure.gravatar.com\/avatar\/1b689633847b6f17c03b3f9c4c239a399bd200259cca7376eb4a783247b45d2f?s=96&d=mm&r=g","contentUrl":"https:\/\/secure.gravatar.com\/avatar\/1b689633847b6f17c03b3f9c4c239a399bd200259cca7376eb4a783247b45d2f?s=96&d=mm&r=g","caption":"Eduardo Merino"},"description":"Un d\u00eda de verano de 2012 decid\u00ed embarcarme en esta aventura. Hab\u00edan terminado los Juegos Ol\u00edmpicos de Londres 2012 y comenc\u00e9 a escribir. El blog naci\u00f3 un 14 de agosto en la piscina de mi urbanizaci\u00f3n, as\u00ed de f\u00e1cil. En un principio se llam\u00f3 'Las Merinadas de Edu', haciendo un juego de palabras con mi nombre y mi primer apellido. Durante el primer a\u00f1o cab\u00eda de todo, actualidad, opiniones, reflexiones personales y mucho deporte. Lo que m\u00e1s me gusta en este mundo es el deporte, a parte de la radio, donde trabajo desde hace trece a\u00f1os. Por eso, llego el d\u00eda en que el blog se convirti\u00f3 en Las Merinadas Deportivas de Edu. Solo informaci\u00f3n deportiva, tratando actualidad e historia del deporte, de todo el deporte. Apoyando los \u00e9xitos de los deportistas espa\u00f1oles y destacando los logros de los n\u00fameros uno de cada disciplina. Espero que disfrutes de la visita. \u00a1Viva el deporte!","sameAs":["http:\/\/www.cadena100.es","https:\/\/www.facebook.com\/edumerino32","https:\/\/x.com\/EDUMERINOSPORTS"],"url":"https:\/\/www.cope.es\/blogs\/merinadas-deportivas\/author\/emerino\/"}]}},"amp_enabled":true,"_links":{"self":[{"href":"https:\/\/www.cope.es\/blogs\/merinadas-deportivas\/wp-json\/wp\/v2\/posts\/1944","targetHints":{"allow":["GET"]}}],"collection":[{"href":"https:\/\/www.cope.es\/blogs\/merinadas-deportivas\/wp-json\/wp\/v2\/posts"}],"about":[{"href":"https:\/\/www.cope.es\/blogs\/merinadas-deportivas\/wp-json\/wp\/v2\/types\/post"}],"author":[{"embeddable":true,"href":"https:\/\/www.cope.es\/blogs\/merinadas-deportivas\/wp-json\/wp\/v2\/users\/14"}],"replies":[{"embeddable":true,"href":"https:\/\/www.cope.es\/blogs\/merinadas-deportivas\/wp-json\/wp\/v2\/comments?post=1944"}],"version-history":[{"count":2,"href":"https:\/\/www.cope.es\/blogs\/merinadas-deportivas\/wp-json\/wp\/v2\/posts\/1944\/revisions"}],"predecessor-version":[{"id":1958,"href":"https:\/\/www.cope.es\/blogs\/merinadas-deportivas\/wp-json\/wp\/v2\/posts\/1944\/revisions\/1958"}],"wp:featuredmedia":[{"embeddable":true,"href":"https:\/\/www.cope.es\/blogs\/merinadas-deportivas\/wp-json\/wp\/v2\/media\/1957"}],"wp:attachment":[{"href":"https:\/\/www.cope.es\/blogs\/merinadas-deportivas\/wp-json\/wp\/v2\/media?parent=1944"}],"wp:term":[{"taxonomy":"category","embeddable":true,"href":"https:\/\/www.cope.es\/blogs\/merinadas-deportivas\/wp-json\/wp\/v2\/categories?post=1944"},{"taxonomy":"post_tag","embeddable":true,"href":"https:\/\/www.cope.es\/blogs\/merinadas-deportivas\/wp-json\/wp\/v2\/tags?post=1944"}],"curies":[{"name":"wp","href":"https:\/\/api.w.org\/{rel}","templated":true}]}}