{"id":1151,"date":"2018-09-16T09:48:44","date_gmt":"2018-09-16T07:48:44","guid":{"rendered":"http:\/\/www.cope.es\/blogs\/merinadas-deportivas\/?p=1151"},"modified":"2018-11-10T17:39:35","modified_gmt":"2018-11-10T16:39:35","slug":"mario-mola-camina-hacia-la-leyenda","status":"publish","type":"post","link":"https:\/\/www.cope.es\/blogs\/merinadas-deportivas\/2018\/09\/16\/mario-mola-camina-hacia-la-leyenda\/","title":{"rendered":"Mario Mola camina hacia la leyenda"},"content":{"rendered":"<p>&nbsp;<\/p>\n<p><img loading=\"lazy\" decoding=\"async\" width=\"819\" height=\"1024\" class=\"aligncenter wp-image-1199 size-large\" src=\"http:\/\/www.cope.es\/blogs\/merinadas-deportivas\/wp-content\/uploads\/sites\/14\/2018\/09\/IMG_20180917_074217_856-819x1024.jpg\" alt=\"\" srcset=\"https:\/\/www.cope.es\/blogs\/merinadas-deportivas\/wp-content\/uploads\/sites\/14\/2018\/09\/IMG_20180917_074217_856-819x1024.jpg 819w, https:\/\/www.cope.es\/blogs\/merinadas-deportivas\/wp-content\/uploads\/sites\/14\/2018\/09\/IMG_20180917_074217_856-240x300.jpg 240w, https:\/\/www.cope.es\/blogs\/merinadas-deportivas\/wp-content\/uploads\/sites\/14\/2018\/09\/IMG_20180917_074217_856-768x960.jpg 768w, https:\/\/www.cope.es\/blogs\/merinadas-deportivas\/wp-content\/uploads\/sites\/14\/2018\/09\/IMG_20180917_074217_856.jpg 1920w\" sizes=\"auto, (max-width: 819px) 100vw, 819px\" \/><\/p>\n<p>&#8220;Para mantener el nivel hay que buscar la perfecci\u00f3n&#8221; dec\u00eda Mario Mola en una entrevista en el diario Marca. Casi perfecta, as\u00ed ha sido el a\u00f1o 2018 para el mejor triatleta de la actualidad que suma su tercer entorchado consecutivo en las Series Mundiales de triatl\u00f3n. Esta vez la gloria ha llegado en Gold Coast (Australia) despu\u00e9s de haber dominado la temporada de manera espectacular y de dar lecciones de su deporte por todo el planeta. No ha bajado del cuarto puesto en ninguna de las ocho pruebas disputadas. Ha ganado cuatro, ha sido subcampe\u00f3n en tres. Mejores resultados a\u00fan que en los dos Mundiales anteriores.<\/p>\n<p><img loading=\"lazy\" decoding=\"async\" width=\"1024\" height=\"576\" class=\"aligncenter wp-image-1160 size-large\" src=\"http:\/\/www.cope.es\/blogs\/merinadas-deportivas\/wp-content\/uploads\/sites\/14\/2018\/09\/IMG_20180916_092908-1024x576.jpg\" alt=\"\" srcset=\"https:\/\/www.cope.es\/blogs\/merinadas-deportivas\/wp-content\/uploads\/sites\/14\/2018\/09\/IMG_20180916_092908-1024x576.jpg 1024w, https:\/\/www.cope.es\/blogs\/merinadas-deportivas\/wp-content\/uploads\/sites\/14\/2018\/09\/IMG_20180916_092908-300x169.jpg 300w, https:\/\/www.cope.es\/blogs\/merinadas-deportivas\/wp-content\/uploads\/sites\/14\/2018\/09\/IMG_20180916_092908-768x432.jpg 768w\" sizes=\"auto, (max-width: 1024px) 100vw, 1024px\" \/><\/p>\n<p>El triatleta mallorqu\u00edn va sumando oros a su carrera y cada vez est\u00e1 m\u00e1s cerca de los cuatro ganados por el brit\u00e1nico Simon Lessing y de su amigo, el espa\u00f1ol Javier G\u00f3mez Noya, el \u00fanico triatleta que ha sido capaz de ganar cinco Mundiales de triatl\u00f3n. Cozumel 2016, Rotterdam 2017 y Gold Coast 2018 ya tienen el nombre inscrito de Mario Mola, que iguala a G\u00f3mez Noya al convertise en tricampe\u00f3n de manera consecutiva. Parece f\u00e1cil, pero no lo es. Trabajo, trabajo y m\u00e1s trabajo.<\/p>\n<p>El gallego lo hizo de 2013 a 2015.\u00a0 De los \u00faltimos 11 Mundiales de triatl\u00f3n celebrados, ocho llevan nombre espa\u00f1ol, seis seguidos. Dominio aplastante. El triatl\u00f3n espa\u00f1ol goza de una excelente salud. Tiene presente y tambi\u00e9n futuro.<\/p>\n<p><img loading=\"lazy\" decoding=\"async\" width=\"1024\" height=\"556\" class=\"aligncenter wp-image-1161 size-large\" src=\"http:\/\/www.cope.es\/blogs\/merinadas-deportivas\/wp-content\/uploads\/sites\/14\/2018\/09\/IMG_20180916_091201-1024x556.jpg\" alt=\"\" srcset=\"https:\/\/www.cope.es\/blogs\/merinadas-deportivas\/wp-content\/uploads\/sites\/14\/2018\/09\/IMG_20180916_091201-1024x556.jpg 1024w, https:\/\/www.cope.es\/blogs\/merinadas-deportivas\/wp-content\/uploads\/sites\/14\/2018\/09\/IMG_20180916_091201-300x163.jpg 300w, https:\/\/www.cope.es\/blogs\/merinadas-deportivas\/wp-content\/uploads\/sites\/14\/2018\/09\/IMG_20180916_091201-768x417.jpg 768w, https:\/\/www.cope.es\/blogs\/merinadas-deportivas\/wp-content\/uploads\/sites\/14\/2018\/09\/IMG_20180916_091201.jpg 1673w\" sizes=\"auto, (max-width: 1024px) 100vw, 1024px\" \/><\/p>\n<h2>Mario Mola domina las Series Mundiales desde hace tres a\u00f1os<\/h2>\n<p>Mario Mola entrena cada d\u00eda con el objetivo de ser mejor triatleta. Desde 2009 cuando fue campe\u00f3n del mundo junior (tambi\u00e9n en Gold Coast) no ha dejado de mejorar. Cuenta que la clave para mantener la motivaci\u00f3n es el hambre y las ganas de seguir compitiendo y se mira en el espejo del tenista Rafa Nadal para superarse. Con el oro de 2018 suma su sexta medalla consecutiva. Fue bronce en 2013, plata en 2014 y 2015 y oro en los tres \u00faltimos a\u00f1os. La era Mola contin\u00faa y no se vislumbra su final.<\/p>\n<p>El triatleta balear ha mejorado con el paso del tiempo en las tres disciplinas que componen su deporte. En la carrera a pie es sin duda el mejor. En 2018 hemos visto en m\u00e1s de una ocasi\u00f3n como ha remontando a sus rivales cuando todo parec\u00eda perdido tras la nataci\u00f3n y el ciclismo. Pero donde se ha visto una mejor\u00eda evidente ha sido en el agua. Como el mismo indica en una entrevista en el diario As &#8220;ahora salgo siempre con opciones de disputar y eso es un paso al frente que he dado&#8221;.<\/p>\n<p><img loading=\"lazy\" decoding=\"async\" width=\"1024\" height=\"514\" class=\"alignnone wp-image-1157 size-large\" src=\"http:\/\/www.cope.es\/blogs\/merinadas-deportivas\/wp-content\/uploads\/sites\/14\/2018\/09\/MARIO-MOLA-2018_001-1-1024x514.jpg\" alt=\"\" srcset=\"https:\/\/www.cope.es\/blogs\/merinadas-deportivas\/wp-content\/uploads\/sites\/14\/2018\/09\/MARIO-MOLA-2018_001-1-1024x514.jpg 1024w, https:\/\/www.cope.es\/blogs\/merinadas-deportivas\/wp-content\/uploads\/sites\/14\/2018\/09\/MARIO-MOLA-2018_001-1-300x150.jpg 300w, https:\/\/www.cope.es\/blogs\/merinadas-deportivas\/wp-content\/uploads\/sites\/14\/2018\/09\/MARIO-MOLA-2018_001-1-768x385.jpg 768w, https:\/\/www.cope.es\/blogs\/merinadas-deportivas\/wp-content\/uploads\/sites\/14\/2018\/09\/MARIO-MOLA-2018_001-1.jpg 1240w\" sizes=\"auto, (max-width: 1024px) 100vw, 1024px\" \/><\/p>\n<p><img loading=\"lazy\" decoding=\"async\" width=\"1024\" height=\"679\" class=\"alignnone wp-image-1156 size-large\" src=\"http:\/\/www.cope.es\/blogs\/merinadas-deportivas\/wp-content\/uploads\/sites\/14\/2018\/09\/MARIO-MOLA-2018_002-1-1024x679.jpg\" alt=\"\" srcset=\"https:\/\/www.cope.es\/blogs\/merinadas-deportivas\/wp-content\/uploads\/sites\/14\/2018\/09\/MARIO-MOLA-2018_002-1-1024x679.jpg 1024w, https:\/\/www.cope.es\/blogs\/merinadas-deportivas\/wp-content\/uploads\/sites\/14\/2018\/09\/MARIO-MOLA-2018_002-1-300x199.jpg 300w, https:\/\/www.cope.es\/blogs\/merinadas-deportivas\/wp-content\/uploads\/sites\/14\/2018\/09\/MARIO-MOLA-2018_002-1-768x510.jpg 768w, https:\/\/www.cope.es\/blogs\/merinadas-deportivas\/wp-content\/uploads\/sites\/14\/2018\/09\/MARIO-MOLA-2018_002-1-408x272.jpg 408w, https:\/\/www.cope.es\/blogs\/merinadas-deportivas\/wp-content\/uploads\/sites\/14\/2018\/09\/MARIO-MOLA-2018_002-1.jpg 1239w\" sizes=\"auto, (max-width: 1024px) 100vw, 1024px\" \/><\/p>\n","protected":false},"excerpt":{"rendered":"<p>&nbsp; &#8220;Para mantener el nivel hay que buscar la perfecci\u00f3n&#8221; dec\u00eda Mario Mola en una entrevista en el diario Marca. Casi perfecta, as\u00ed ha sido el a\u00f1o 2018 para el mejor triatleta de la actualidad que suma su tercer entorchado consecutivo en las Series Mundiales de triatl\u00f3n. Esta vez la gloria ha llegado en Gold [&hellip;]<\/p>\n","protected":false},"author":14,"featured_media":1160,"comment_status":"open","ping_status":"open","sticky":false,"template":"","format":"standard","meta":{"footnotes":""},"categories":[13,1549,1366],"tags":[1443,7,129,501,130,131,1444,1445,1446],"class_list":["post-1151","post","type-post","status-publish","format-standard","has-post-thumbnail","hentry","category-deportes","category-mario-mola","category-opinion","tag-gold-coast","tag-gold-medal","tag-mario-mola","tag-series-mundiales","tag-triathlon","tag-triatlon","tag-tricampeon-del-mundo","tag-wts","tag-wtsgoldcoast"],"yoast_head":"<!-- This site is optimized with the Yoast SEO plugin v27.4 - https:\/\/yoast.com\/product\/yoast-seo-wordpress\/ -->\n<title>Mario Mola camina hacia la leyenda - Las Merinadas Deportivas de Edu<\/title>\n<meta name=\"robots\" content=\"index, follow, max-snippet:-1, max-image-preview:large, max-video-preview:-1\" \/>\n<link rel=\"canonical\" href=\"https:\/\/www.cope.es\/blogs\/merinadas-deportivas\/2018\/09\/16\/mario-mola-camina-hacia-la-leyenda\/\" \/>\n<meta property=\"og:locale\" content=\"es_ES\" \/>\n<meta property=\"og:type\" content=\"article\" \/>\n<meta property=\"og:title\" content=\"Mario Mola camina hacia la leyenda - Las Merinadas Deportivas de Edu\" \/>\n<meta property=\"og:description\" content=\"&nbsp; &#8220;Para mantener el nivel hay que buscar la perfecci\u00f3n&#8221; dec\u00eda Mario Mola en una entrevista en el diario Marca. Casi perfecta, as\u00ed ha sido el a\u00f1o 2018 para el mejor triatleta de la actualidad que suma su tercer entorchado consecutivo en las Series Mundiales de triatl\u00f3n. Esta vez la gloria ha llegado en Gold [&hellip;]\" \/>\n<meta property=\"og:url\" content=\"https:\/\/www.cope.es\/blogs\/merinadas-deportivas\/2018\/09\/16\/mario-mola-camina-hacia-la-leyenda\/\" \/>\n<meta property=\"og:site_name\" content=\"Las Merinadas Deportivas de Edu\" \/>\n<meta property=\"article:publisher\" content=\"https:\/\/www.facebook.com\/cope\/\" \/>\n<meta property=\"article:author\" content=\"https:\/\/www.facebook.com\/edumerino32\" \/>\n<meta property=\"article:published_time\" content=\"2018-09-16T07:48:44+00:00\" \/>\n<meta property=\"article:modified_time\" content=\"2018-11-10T16:39:35+00:00\" \/>\n<meta property=\"og:image\" content=\"https:\/\/www.cope.es\/blogs\/merinadas-deportivas\/wp-content\/uploads\/sites\/14\/2018\/09\/IMG_20180916_092908.jpg\" \/>\n\t<meta property=\"og:image:width\" content=\"4000\" \/>\n\t<meta property=\"og:image:height\" content=\"2250\" \/>\n\t<meta property=\"og:image:type\" content=\"image\/jpeg\" \/>\n<meta name=\"author\" content=\"Eduardo Merino\" \/>\n<meta name=\"twitter:card\" content=\"summary_large_image\" \/>\n<meta name=\"twitter:creator\" content=\"@EDUMERINOSPORTS\" \/>\n<meta name=\"twitter:site\" content=\"@cope_es\" \/>\n<meta name=\"twitter:label1\" content=\"Escrito por\" \/>\n\t<meta name=\"twitter:data1\" content=\"Eduardo Merino\" \/>\n\t<meta name=\"twitter:label2\" content=\"Tiempo de lectura\" \/>\n\t<meta name=\"twitter:data2\" content=\"2 minutos\" \/>\n<script type=\"application\/ld+json\" class=\"yoast-schema-graph\">{\"@context\":\"https:\\\/\\\/schema.org\",\"@graph\":[{\"@type\":\"Article\",\"@id\":\"https:\\\/\\\/www.cope.es\\\/blogs\\\/merinadas-deportivas\\\/2018\\\/09\\\/16\\\/mario-mola-camina-hacia-la-leyenda\\\/#article\",\"isPartOf\":{\"@id\":\"https:\\\/\\\/www.cope.es\\\/blogs\\\/merinadas-deportivas\\\/2018\\\/09\\\/16\\\/mario-mola-camina-hacia-la-leyenda\\\/\"},\"author\":{\"name\":\"Eduardo Merino\",\"@id\":\"https:\\\/\\\/www.cope.es\\\/blogs\\\/merinadas-deportivas\\\/#\\\/schema\\\/person\\\/feae8281472d7d9c51077a2bfa896a18\"},\"headline\":\"Mario Mola camina hacia la leyenda\",\"datePublished\":\"2018-09-16T07:48:44+00:00\",\"dateModified\":\"2018-11-10T16:39:35+00:00\",\"mainEntityOfPage\":{\"@id\":\"https:\\\/\\\/www.cope.es\\\/blogs\\\/merinadas-deportivas\\\/2018\\\/09\\\/16\\\/mario-mola-camina-hacia-la-leyenda\\\/\"},\"wordCount\":454,\"commentCount\":0,\"image\":{\"@id\":\"https:\\\/\\\/www.cope.es\\\/blogs\\\/merinadas-deportivas\\\/2018\\\/09\\\/16\\\/mario-mola-camina-hacia-la-leyenda\\\/#primaryimage\"},\"thumbnailUrl\":\"https:\\\/\\\/www.cope.es\\\/blogs\\\/merinadas-deportivas\\\/wp-content\\\/uploads\\\/sites\\\/14\\\/2018\\\/09\\\/IMG_20180916_092908.jpg\",\"keywords\":[\"Gold Coast\",\"Gold medal\",\"Mario Mola\",\"Series Mundiales\",\"triathlon\",\"Triatl\u00f3n\",\"Tricampe\u00f3n del mundo\",\"WTS\",\"WTSGoldCoast\"],\"articleSection\":[\"deportes\",\"Mario Mola\",\"opini\u00f3n\"],\"inLanguage\":\"es\",\"potentialAction\":[{\"@type\":\"CommentAction\",\"name\":\"Comment\",\"target\":[\"https:\\\/\\\/www.cope.es\\\/blogs\\\/merinadas-deportivas\\\/2018\\\/09\\\/16\\\/mario-mola-camina-hacia-la-leyenda\\\/#respond\"]}]},{\"@type\":\"WebPage\",\"@id\":\"https:\\\/\\\/www.cope.es\\\/blogs\\\/merinadas-deportivas\\\/2018\\\/09\\\/16\\\/mario-mola-camina-hacia-la-leyenda\\\/\",\"url\":\"https:\\\/\\\/www.cope.es\\\/blogs\\\/merinadas-deportivas\\\/2018\\\/09\\\/16\\\/mario-mola-camina-hacia-la-leyenda\\\/\",\"name\":\"Mario Mola camina hacia la leyenda - Las Merinadas Deportivas de Edu\",\"isPartOf\":{\"@id\":\"https:\\\/\\\/www.cope.es\\\/blogs\\\/merinadas-deportivas\\\/#website\"},\"primaryImageOfPage\":{\"@id\":\"https:\\\/\\\/www.cope.es\\\/blogs\\\/merinadas-deportivas\\\/2018\\\/09\\\/16\\\/mario-mola-camina-hacia-la-leyenda\\\/#primaryimage\"},\"image\":{\"@id\":\"https:\\\/\\\/www.cope.es\\\/blogs\\\/merinadas-deportivas\\\/2018\\\/09\\\/16\\\/mario-mola-camina-hacia-la-leyenda\\\/#primaryimage\"},\"thumbnailUrl\":\"https:\\\/\\\/www.cope.es\\\/blogs\\\/merinadas-deportivas\\\/wp-content\\\/uploads\\\/sites\\\/14\\\/2018\\\/09\\\/IMG_20180916_092908.jpg\",\"datePublished\":\"2018-09-16T07:48:44+00:00\",\"dateModified\":\"2018-11-10T16:39:35+00:00\",\"author\":{\"@id\":\"https:\\\/\\\/www.cope.es\\\/blogs\\\/merinadas-deportivas\\\/#\\\/schema\\\/person\\\/feae8281472d7d9c51077a2bfa896a18\"},\"breadcrumb\":{\"@id\":\"https:\\\/\\\/www.cope.es\\\/blogs\\\/merinadas-deportivas\\\/2018\\\/09\\\/16\\\/mario-mola-camina-hacia-la-leyenda\\\/#breadcrumb\"},\"inLanguage\":\"es\",\"potentialAction\":[{\"@type\":\"ReadAction\",\"target\":[\"https:\\\/\\\/www.cope.es\\\/blogs\\\/merinadas-deportivas\\\/2018\\\/09\\\/16\\\/mario-mola-camina-hacia-la-leyenda\\\/\"]}]},{\"@type\":\"ImageObject\",\"inLanguage\":\"es\",\"@id\":\"https:\\\/\\\/www.cope.es\\\/blogs\\\/merinadas-deportivas\\\/2018\\\/09\\\/16\\\/mario-mola-camina-hacia-la-leyenda\\\/#primaryimage\",\"url\":\"https:\\\/\\\/www.cope.es\\\/blogs\\\/merinadas-deportivas\\\/wp-content\\\/uploads\\\/sites\\\/14\\\/2018\\\/09\\\/IMG_20180916_092908.jpg\",\"contentUrl\":\"https:\\\/\\\/www.cope.es\\\/blogs\\\/merinadas-deportivas\\\/wp-content\\\/uploads\\\/sites\\\/14\\\/2018\\\/09\\\/IMG_20180916_092908.jpg\",\"width\":4000,\"height\":2250},{\"@type\":\"BreadcrumbList\",\"@id\":\"https:\\\/\\\/www.cope.es\\\/blogs\\\/merinadas-deportivas\\\/2018\\\/09\\\/16\\\/mario-mola-camina-hacia-la-leyenda\\\/#breadcrumb\",\"itemListElement\":[{\"@type\":\"ListItem\",\"position\":1,\"name\":\"Portada\",\"item\":\"https:\\\/\\\/www.cope.es\\\/blogs\\\/merinadas-deportivas\\\/\"},{\"@type\":\"ListItem\",\"position\":2,\"name\":\"Mario Mola camina hacia la leyenda\"}]},{\"@type\":\"WebSite\",\"@id\":\"https:\\\/\\\/www.cope.es\\\/blogs\\\/merinadas-deportivas\\\/#website\",\"url\":\"https:\\\/\\\/www.cope.es\\\/blogs\\\/merinadas-deportivas\\\/\",\"name\":\"Las Merinadas Deportivas de Edu\",\"description\":\"Blog de deportes de  COPE\",\"potentialAction\":[{\"@type\":\"SearchAction\",\"target\":{\"@type\":\"EntryPoint\",\"urlTemplate\":\"https:\\\/\\\/www.cope.es\\\/blogs\\\/merinadas-deportivas\\\/?s={search_term_string}\"},\"query-input\":{\"@type\":\"PropertyValueSpecification\",\"valueRequired\":true,\"valueName\":\"search_term_string\"}}],\"inLanguage\":\"es\"},{\"@type\":\"Person\",\"@id\":\"https:\\\/\\\/www.cope.es\\\/blogs\\\/merinadas-deportivas\\\/#\\\/schema\\\/person\\\/feae8281472d7d9c51077a2bfa896a18\",\"name\":\"Eduardo Merino\",\"image\":{\"@type\":\"ImageObject\",\"inLanguage\":\"es\",\"@id\":\"https:\\\/\\\/secure.gravatar.com\\\/avatar\\\/1b689633847b6f17c03b3f9c4c239a399bd200259cca7376eb4a783247b45d2f?s=96&d=mm&r=g\",\"url\":\"https:\\\/\\\/secure.gravatar.com\\\/avatar\\\/1b689633847b6f17c03b3f9c4c239a399bd200259cca7376eb4a783247b45d2f?s=96&d=mm&r=g\",\"contentUrl\":\"https:\\\/\\\/secure.gravatar.com\\\/avatar\\\/1b689633847b6f17c03b3f9c4c239a399bd200259cca7376eb4a783247b45d2f?s=96&d=mm&r=g\",\"caption\":\"Eduardo Merino\"},\"description\":\"Un d\u00eda de verano de 2012 decid\u00ed embarcarme en esta aventura. Hab\u00edan terminado los Juegos Ol\u00edmpicos de Londres 2012 y comenc\u00e9 a escribir. El blog naci\u00f3 un 14 de agosto en la piscina de mi urbanizaci\u00f3n, as\u00ed de f\u00e1cil. En un principio se llam\u00f3 'Las Merinadas de Edu', haciendo un juego de palabras con mi nombre y mi primer apellido. Durante el primer a\u00f1o cab\u00eda de todo, actualidad, opiniones, reflexiones personales y mucho deporte. Lo que m\u00e1s me gusta en este mundo es el deporte, a parte de la radio, donde trabajo desde hace trece a\u00f1os. Por eso, llego el d\u00eda en que el blog se convirti\u00f3 en Las Merinadas Deportivas de Edu. Solo informaci\u00f3n deportiva, tratando actualidad e historia del deporte, de todo el deporte. Apoyando los \u00e9xitos de los deportistas espa\u00f1oles y destacando los logros de los n\u00fameros uno de cada disciplina. Espero que disfrutes de la visita. \u00a1Viva el deporte!\",\"sameAs\":[\"http:\\\/\\\/www.cadena100.es\",\"https:\\\/\\\/www.facebook.com\\\/edumerino32\",\"https:\\\/\\\/x.com\\\/EDUMERINOSPORTS\"],\"url\":\"https:\\\/\\\/www.cope.es\\\/blogs\\\/merinadas-deportivas\\\/author\\\/emerino\\\/\"}]}<\/script>\n<!-- \/ Yoast SEO plugin. -->","yoast_head_json":{"title":"Mario Mola camina hacia la leyenda - Las Merinadas Deportivas de Edu","robots":{"index":"index","follow":"follow","max-snippet":"max-snippet:-1","max-image-preview":"max-image-preview:large","max-video-preview":"max-video-preview:-1"},"canonical":"https:\/\/www.cope.es\/blogs\/merinadas-deportivas\/2018\/09\/16\/mario-mola-camina-hacia-la-leyenda\/","og_locale":"es_ES","og_type":"article","og_title":"Mario Mola camina hacia la leyenda - Las Merinadas Deportivas de Edu","og_description":"&nbsp; &#8220;Para mantener el nivel hay que buscar la perfecci\u00f3n&#8221; dec\u00eda Mario Mola en una entrevista en el diario Marca. Casi perfecta, as\u00ed ha sido el a\u00f1o 2018 para el mejor triatleta de la actualidad que suma su tercer entorchado consecutivo en las Series Mundiales de triatl\u00f3n. Esta vez la gloria ha llegado en Gold [&hellip;]","og_url":"https:\/\/www.cope.es\/blogs\/merinadas-deportivas\/2018\/09\/16\/mario-mola-camina-hacia-la-leyenda\/","og_site_name":"Las Merinadas Deportivas de Edu","article_publisher":"https:\/\/www.facebook.com\/cope\/","article_author":"https:\/\/www.facebook.com\/edumerino32","article_published_time":"2018-09-16T07:48:44+00:00","article_modified_time":"2018-11-10T16:39:35+00:00","og_image":[{"width":4000,"height":2250,"url":"https:\/\/www.cope.es\/blogs\/merinadas-deportivas\/wp-content\/uploads\/sites\/14\/2018\/09\/IMG_20180916_092908.jpg","type":"image\/jpeg"}],"author":"Eduardo Merino","twitter_card":"summary_large_image","twitter_creator":"@EDUMERINOSPORTS","twitter_site":"@cope_es","twitter_misc":{"Escrito por":"Eduardo Merino","Tiempo de lectura":"2 minutos"},"schema":{"@context":"https:\/\/schema.org","@graph":[{"@type":"Article","@id":"https:\/\/www.cope.es\/blogs\/merinadas-deportivas\/2018\/09\/16\/mario-mola-camina-hacia-la-leyenda\/#article","isPartOf":{"@id":"https:\/\/www.cope.es\/blogs\/merinadas-deportivas\/2018\/09\/16\/mario-mola-camina-hacia-la-leyenda\/"},"author":{"name":"Eduardo Merino","@id":"https:\/\/www.cope.es\/blogs\/merinadas-deportivas\/#\/schema\/person\/feae8281472d7d9c51077a2bfa896a18"},"headline":"Mario Mola camina hacia la leyenda","datePublished":"2018-09-16T07:48:44+00:00","dateModified":"2018-11-10T16:39:35+00:00","mainEntityOfPage":{"@id":"https:\/\/www.cope.es\/blogs\/merinadas-deportivas\/2018\/09\/16\/mario-mola-camina-hacia-la-leyenda\/"},"wordCount":454,"commentCount":0,"image":{"@id":"https:\/\/www.cope.es\/blogs\/merinadas-deportivas\/2018\/09\/16\/mario-mola-camina-hacia-la-leyenda\/#primaryimage"},"thumbnailUrl":"https:\/\/www.cope.es\/blogs\/merinadas-deportivas\/wp-content\/uploads\/sites\/14\/2018\/09\/IMG_20180916_092908.jpg","keywords":["Gold Coast","Gold medal","Mario Mola","Series Mundiales","triathlon","Triatl\u00f3n","Tricampe\u00f3n del mundo","WTS","WTSGoldCoast"],"articleSection":["deportes","Mario Mola","opini\u00f3n"],"inLanguage":"es","potentialAction":[{"@type":"CommentAction","name":"Comment","target":["https:\/\/www.cope.es\/blogs\/merinadas-deportivas\/2018\/09\/16\/mario-mola-camina-hacia-la-leyenda\/#respond"]}]},{"@type":"WebPage","@id":"https:\/\/www.cope.es\/blogs\/merinadas-deportivas\/2018\/09\/16\/mario-mola-camina-hacia-la-leyenda\/","url":"https:\/\/www.cope.es\/blogs\/merinadas-deportivas\/2018\/09\/16\/mario-mola-camina-hacia-la-leyenda\/","name":"Mario Mola camina hacia la leyenda - Las Merinadas Deportivas de Edu","isPartOf":{"@id":"https:\/\/www.cope.es\/blogs\/merinadas-deportivas\/#website"},"primaryImageOfPage":{"@id":"https:\/\/www.cope.es\/blogs\/merinadas-deportivas\/2018\/09\/16\/mario-mola-camina-hacia-la-leyenda\/#primaryimage"},"image":{"@id":"https:\/\/www.cope.es\/blogs\/merinadas-deportivas\/2018\/09\/16\/mario-mola-camina-hacia-la-leyenda\/#primaryimage"},"thumbnailUrl":"https:\/\/www.cope.es\/blogs\/merinadas-deportivas\/wp-content\/uploads\/sites\/14\/2018\/09\/IMG_20180916_092908.jpg","datePublished":"2018-09-16T07:48:44+00:00","dateModified":"2018-11-10T16:39:35+00:00","author":{"@id":"https:\/\/www.cope.es\/blogs\/merinadas-deportivas\/#\/schema\/person\/feae8281472d7d9c51077a2bfa896a18"},"breadcrumb":{"@id":"https:\/\/www.cope.es\/blogs\/merinadas-deportivas\/2018\/09\/16\/mario-mola-camina-hacia-la-leyenda\/#breadcrumb"},"inLanguage":"es","potentialAction":[{"@type":"ReadAction","target":["https:\/\/www.cope.es\/blogs\/merinadas-deportivas\/2018\/09\/16\/mario-mola-camina-hacia-la-leyenda\/"]}]},{"@type":"ImageObject","inLanguage":"es","@id":"https:\/\/www.cope.es\/blogs\/merinadas-deportivas\/2018\/09\/16\/mario-mola-camina-hacia-la-leyenda\/#primaryimage","url":"https:\/\/www.cope.es\/blogs\/merinadas-deportivas\/wp-content\/uploads\/sites\/14\/2018\/09\/IMG_20180916_092908.jpg","contentUrl":"https:\/\/www.cope.es\/blogs\/merinadas-deportivas\/wp-content\/uploads\/sites\/14\/2018\/09\/IMG_20180916_092908.jpg","width":4000,"height":2250},{"@type":"BreadcrumbList","@id":"https:\/\/www.cope.es\/blogs\/merinadas-deportivas\/2018\/09\/16\/mario-mola-camina-hacia-la-leyenda\/#breadcrumb","itemListElement":[{"@type":"ListItem","position":1,"name":"Portada","item":"https:\/\/www.cope.es\/blogs\/merinadas-deportivas\/"},{"@type":"ListItem","position":2,"name":"Mario Mola camina hacia la leyenda"}]},{"@type":"WebSite","@id":"https:\/\/www.cope.es\/blogs\/merinadas-deportivas\/#website","url":"https:\/\/www.cope.es\/blogs\/merinadas-deportivas\/","name":"Las Merinadas Deportivas de Edu","description":"Blog de deportes de  COPE","potentialAction":[{"@type":"SearchAction","target":{"@type":"EntryPoint","urlTemplate":"https:\/\/www.cope.es\/blogs\/merinadas-deportivas\/?s={search_term_string}"},"query-input":{"@type":"PropertyValueSpecification","valueRequired":true,"valueName":"search_term_string"}}],"inLanguage":"es"},{"@type":"Person","@id":"https:\/\/www.cope.es\/blogs\/merinadas-deportivas\/#\/schema\/person\/feae8281472d7d9c51077a2bfa896a18","name":"Eduardo Merino","image":{"@type":"ImageObject","inLanguage":"es","@id":"https:\/\/secure.gravatar.com\/avatar\/1b689633847b6f17c03b3f9c4c239a399bd200259cca7376eb4a783247b45d2f?s=96&d=mm&r=g","url":"https:\/\/secure.gravatar.com\/avatar\/1b689633847b6f17c03b3f9c4c239a399bd200259cca7376eb4a783247b45d2f?s=96&d=mm&r=g","contentUrl":"https:\/\/secure.gravatar.com\/avatar\/1b689633847b6f17c03b3f9c4c239a399bd200259cca7376eb4a783247b45d2f?s=96&d=mm&r=g","caption":"Eduardo Merino"},"description":"Un d\u00eda de verano de 2012 decid\u00ed embarcarme en esta aventura. Hab\u00edan terminado los Juegos Ol\u00edmpicos de Londres 2012 y comenc\u00e9 a escribir. El blog naci\u00f3 un 14 de agosto en la piscina de mi urbanizaci\u00f3n, as\u00ed de f\u00e1cil. En un principio se llam\u00f3 'Las Merinadas de Edu', haciendo un juego de palabras con mi nombre y mi primer apellido. Durante el primer a\u00f1o cab\u00eda de todo, actualidad, opiniones, reflexiones personales y mucho deporte. Lo que m\u00e1s me gusta en este mundo es el deporte, a parte de la radio, donde trabajo desde hace trece a\u00f1os. Por eso, llego el d\u00eda en que el blog se convirti\u00f3 en Las Merinadas Deportivas de Edu. Solo informaci\u00f3n deportiva, tratando actualidad e historia del deporte, de todo el deporte. Apoyando los \u00e9xitos de los deportistas espa\u00f1oles y destacando los logros de los n\u00fameros uno de cada disciplina. Espero que disfrutes de la visita. \u00a1Viva el deporte!","sameAs":["http:\/\/www.cadena100.es","https:\/\/www.facebook.com\/edumerino32","https:\/\/x.com\/EDUMERINOSPORTS"],"url":"https:\/\/www.cope.es\/blogs\/merinadas-deportivas\/author\/emerino\/"}]}},"amp_enabled":true,"_links":{"self":[{"href":"https:\/\/www.cope.es\/blogs\/merinadas-deportivas\/wp-json\/wp\/v2\/posts\/1151","targetHints":{"allow":["GET"]}}],"collection":[{"href":"https:\/\/www.cope.es\/blogs\/merinadas-deportivas\/wp-json\/wp\/v2\/posts"}],"about":[{"href":"https:\/\/www.cope.es\/blogs\/merinadas-deportivas\/wp-json\/wp\/v2\/types\/post"}],"author":[{"embeddable":true,"href":"https:\/\/www.cope.es\/blogs\/merinadas-deportivas\/wp-json\/wp\/v2\/users\/14"}],"replies":[{"embeddable":true,"href":"https:\/\/www.cope.es\/blogs\/merinadas-deportivas\/wp-json\/wp\/v2\/comments?post=1151"}],"version-history":[{"count":2,"href":"https:\/\/www.cope.es\/blogs\/merinadas-deportivas\/wp-json\/wp\/v2\/posts\/1151\/revisions"}],"predecessor-version":[{"id":1200,"href":"https:\/\/www.cope.es\/blogs\/merinadas-deportivas\/wp-json\/wp\/v2\/posts\/1151\/revisions\/1200"}],"wp:featuredmedia":[{"embeddable":true,"href":"https:\/\/www.cope.es\/blogs\/merinadas-deportivas\/wp-json\/wp\/v2\/media\/1160"}],"wp:attachment":[{"href":"https:\/\/www.cope.es\/blogs\/merinadas-deportivas\/wp-json\/wp\/v2\/media?parent=1151"}],"wp:term":[{"taxonomy":"category","embeddable":true,"href":"https:\/\/www.cope.es\/blogs\/merinadas-deportivas\/wp-json\/wp\/v2\/categories?post=1151"},{"taxonomy":"post_tag","embeddable":true,"href":"https:\/\/www.cope.es\/blogs\/merinadas-deportivas\/wp-json\/wp\/v2\/tags?post=1151"}],"curies":[{"name":"wp","href":"https:\/\/api.w.org\/{rel}","templated":true}]}}