{"id":159,"date":"2018-09-11T11:29:17","date_gmt":"2018-09-11T09:29:17","guid":{"rendered":"http:\/\/www.cope.es\/blogs\/libros-a-pie-de-calle\/?p=159"},"modified":"2018-09-11T11:29:17","modified_gmt":"2018-09-11T09:29:17","slug":"la-frontera-salvaje","status":"publish","type":"post","link":"https:\/\/www.cope.es\/blogs\/libros-a-pie-de-calle\/2018\/09\/11\/la-frontera-salvaje\/","title":{"rendered":"&#8216;LA FRONTERA SALVAJE&#8217;"},"content":{"rendered":"<p>Llega septiembre, vuelta a la rutina despu\u00e9s de un verano plagado de wapit\u00edes, bisontes y caballos salvajes. Recorriendo los paisajes que forman los valles ba\u00f1ados por el r\u00edo Arkansas,el Canadian y el Red. Un periodo estival el m\u00edo muy bot\u00e1nico y cineg\u00e9tico al cruce de <strong>&#8216;La Frontera Salvaje&#8217; de la mano de Washington Irving<\/strong>. Un relato cuyo t\u00edtulo original, &#8216;A tour in the prairies&#8217;, in\u00e9dito en castellano desde su publicaci\u00f3n en 1835, que, ahora, podemos disfrutar gracias a la impecable traducci\u00f3n de Manuel Peinado y a la editorial <a href=\"http:\/\/erratanaturae.com\/\" target=\"_blank\">Errata Naturae<\/a>.<\/p>\n<p>En &#8216;La Frontera Salvaje&#8217;, este escritor rom\u00e1ntico amante de la cultura espa\u00f1ola, entre otras, se une a la expedici\u00f3n de un comisionado americano por cazaderos indios con la intenci\u00f3n de poner fin a las guerras entre las diferentes tribus. Unas correr\u00edas que comienzan en Fort Gibson, Oklahoma, y que seguro animar\u00e1n tu invierno como lo hicieron con mi verano. Un relato que puede ser concebido como <strong>novela de aventuras, cr\u00f3nica de viajes, o como diario<\/strong>, por separado, o como una mezcla homog\u00e9nea en la que es dif\u00edcil identificar los ingredientes. Desde luego las descripciones son dignas de la mejor literatura y se convierten en testigo de su inestimable experiencia n\u00f3mada alrededor del mundo.<\/p>\n<p>Osages, creeks o pawnis eran las tribus que moraban esas tierras salvajes y que Irving inspeccion\u00f3 en la primera mitad del siglo XIX, acompa\u00f1ado de un elenco de personajes de lo m\u00e1s peculiar. Los m\u00e1s destacados, Beatte, un salvaje osage con sobrada experiencia en las actividades m\u00e1s primarias desarrolladas por el ser humano; y Tonish, un hombrecillo oportunista que hac\u00eda tan exagerado alarde de sus aptitudes que dej\u00f3 muy claro la poca val\u00eda que realmente pod\u00eda aportar a esta intr\u00e9pida expedici\u00f3n.<br \/>\n&nbsp;<\/p>\n<p style=\"text-align: center\">\u201c<i>Deber\u00edamos viajar a caballo, como hac\u00edan los cazadores, con la menor carga posible. (\u2026) Cada uno de nosotros dispondr\u00eda de una piel de oso y de un par de mantas a guisa de cama (\u2026). Nos aprovisionamos de harina, caf\u00e9 y az\u00facar, junto con una peque\u00f1a cantidad de carne de cerdo salada para emergencias; para nuestra subsistencia cotidiana depender\u00edamos principalmente de la caza\u201d<\/i><\/p>\n<p>&nbsp;<\/p>\n<p>De esta pr\u00e1ctica es de lo que m\u00e1s descubrir\u00e1s en &#8216;La Frontera Salvaje&#8217;. De c\u00f3mo los mejores monteros formaban para acosar a las manadas de bisontes, una de las presa m\u00e1s codiciadas entre los salvajes. Precisamente es en este asunto donde mejor se percibe el respeto y la empat\u00eda de Irving por lo salvaje. Un <strong>debate moral entre la necesidad m\u00e1s b\u00e1sica del ser humano<\/strong>, de saciar el reclamo de su vientre, <strong>y la privaci\u00f3n de vida y libertad<\/strong> a los seres que habitan los bosques del Lejano Oeste.<br \/>\n&nbsp;<\/p>\n<p style=\"text-align: center\">\u201c<i>Apunt\u00e9 mi rifle tres veces pero me falt\u00f3 valor para disparar; la pobre cierva parec\u00eda tan triste que consigui\u00f3 que mi coraz\u00f3n se ablandara. (\u2026) Eleg\u00ed un bisonte y, con un disparo afortunado, lo derrib\u00e9 en el acto. (\u2026) En absoluto soy un cazador; me hab\u00eda dejado llevar hasta aquella haza\u00f1a ins\u00f3lita por la grandeza de las presas y empujado por la emoci\u00f3n de una persecuci\u00f3n arriesgada. En aquel momento, cuando la emoci\u00f3n se hab\u00eda terminado, no pod\u00eda dejar de sentir una gran tristeza por el pobre animal que se desangraba a mis pies\u201d<\/i><\/p>\n<p>&nbsp;<\/p>\n<p>Una aventura por la Frontera que te sumerge en la <strong>soledad que sent\u00edan los hombres acostumbrados a la civilizaci\u00f3n<\/strong> ante la inmensidad de las praderas y su silencio; roto \u00fanicamente por sus m\u00e1s fieros moradores. Las leyendas m\u00e1s aterradoras de las tribus indias, su cultura, sus creencias y su organizaci\u00f3n social. El miedo a lo desconocido y las ansias de ser ind\u00edgena durante un peque\u00f1o lapso de tiempo.<\/p>\n<p>Todo esto en unas tierras que habitaron o recorrieron personajes como Buffalo Bill o Toro Sentado y que tantas pel\u00edculas han inspirado. En este caso &#8216;La Frontera Salvaje&#8217; es una historia exenta de fantas\u00eda; <strong>las vivencias reales de una persona que pis\u00f3 m\u00e1s de un continente<\/strong> y que, despu\u00e9s, dej\u00f3 escritas para la posteridad en unas cr\u00f3nicas que atrapan de la misma forma que la mejor novela de ficci\u00f3n.<br \/>\n&nbsp;<\/p>\n<p><img loading=\"lazy\" decoding=\"async\" width=\"196\" height=\"300\" class=\"alignnone size-medium wp-image-164\" src=\"http:\/\/www.cope.es\/blogs\/libros-a-pie-de-calle\/wp-content\/uploads\/sites\/24\/2018\/09\/LA-FRONTERA-SALVAJE-1-196x300.jpg\" alt=\"Portada 'La Frontera Salvaje'\" srcset=\"https:\/\/www.cope.es\/blogs\/libros-a-pie-de-calle\/wp-content\/uploads\/sites\/24\/2018\/09\/LA-FRONTERA-SALVAJE-1-196x300.jpg 196w, https:\/\/www.cope.es\/blogs\/libros-a-pie-de-calle\/wp-content\/uploads\/sites\/24\/2018\/09\/LA-FRONTERA-SALVAJE-1-768x1179.jpg 768w, https:\/\/www.cope.es\/blogs\/libros-a-pie-de-calle\/wp-content\/uploads\/sites\/24\/2018\/09\/LA-FRONTERA-SALVAJE-1-667x1024.jpg 667w, https:\/\/www.cope.es\/blogs\/libros-a-pie-de-calle\/wp-content\/uploads\/sites\/24\/2018\/09\/LA-FRONTERA-SALVAJE-1.jpg 782w\" sizes=\"auto, (max-width: 196px) 100vw, 196px\" \/><br \/>\n&nbsp;<\/p>\n<p><b>Autor: <\/b>Washington Irving<\/p>\n<p><b>Editorial: <\/b><a href=\"http:\/\/erratanaturae.com\/\" target=\"_blank\">Errata Naturae<\/a><\/p>\n<p><b>Fecha de Publicaci\u00f3n: <\/b>2018<\/p>\n<p><b>N\u00famero de p\u00e1ginas: <\/b>264<\/p>\n<p><b>Precio: <\/b>19,50 \u20ac<\/p>\n<p>Puedes ojear <a href=\"http:\/\/erratanaturae.com\/hades\/wp-content\/uploads\/\/La-frontera-salvaje_extracto.pdf\" target=\"_blank\">aqu\u00ed<\/a> las primeras p\u00e1ginas de la novela<br \/>\n&nbsp;<\/p>\n<p><a href=\"http:\/\/www.cope.es\/blogs\/libros-a-pie-de-calle\/2018\/06\/22\/chica-de-campo-memorias-de-edna-obrien\/\" target=\"_blank\"><strong>\u00a1A leer!<\/strong><\/a><\/p>\n","protected":false},"excerpt":{"rendered":"<p>Llega septiembre, vuelta a la rutina despu\u00e9s de un verano plagado de wapit\u00edes, bisontes y caballos salvajes. Recorriendo los paisajes que forman los valles ba\u00f1ados por el r\u00edo Arkansas,el Canadian y el Red. Un periodo estival el m\u00edo muy bot\u00e1nico y cineg\u00e9tico al cruce de &#8216;La Frontera Salvaje&#8217; de la mano de Washington Irving. Un [&hellip;]<\/p>\n","protected":false},"author":26,"featured_media":162,"comment_status":"open","ping_status":"open","sticky":false,"template":"","format":"standard","meta":{"footnotes":""},"categories":[7],"tags":[5,36,37,35,13],"class_list":["post-159","post","type-post","status-publish","format-standard","has-post-thumbnail","hentry","category-literatura","tag-cope","tag-errata-naturae","tag-irving","tag-la-frontera-salvaje","tag-libros"],"yoast_head":"<!-- This site is optimized with the Yoast SEO plugin v27.4 - https:\/\/yoast.com\/product\/yoast-seo-wordpress\/ -->\n<title>&#039;LA FRONTERA SALVAJE&#039; - Libros a pie de calle<\/title>\n<meta name=\"description\" content=\"&#039;La Frontera Salvaje&#039; constituye una cuidada descripci\u00f3n de la inmesidad de una regi\u00f3n donde el \u00fanico impacto humano es el de las tribus indias que la moran\" \/>\n<meta name=\"robots\" content=\"index, follow, max-snippet:-1, max-image-preview:large, max-video-preview:-1\" \/>\n<link rel=\"canonical\" href=\"https:\/\/www.cope.es\/blogs\/libros-a-pie-de-calle\/2018\/09\/11\/la-frontera-salvaje\/\" \/>\n<meta property=\"og:locale\" content=\"es_ES\" \/>\n<meta property=\"og:type\" content=\"article\" \/>\n<meta property=\"og:title\" content=\"&#039;LA FRONTERA SALVAJE&#039; - Libros a pie de calle\" \/>\n<meta property=\"og:description\" content=\"&#039;La Frontera Salvaje&#039; constituye una cuidada descripci\u00f3n de la inmesidad de una regi\u00f3n donde el \u00fanico impacto humano es el de las tribus indias que la moran\" \/>\n<meta property=\"og:url\" content=\"https:\/\/www.cope.es\/blogs\/libros-a-pie-de-calle\/2018\/09\/11\/la-frontera-salvaje\/\" \/>\n<meta property=\"og:site_name\" content=\"Libros a pie de calle\" \/>\n<meta property=\"article:publisher\" content=\"https:\/\/www.facebook.com\/cope\/\" \/>\n<meta property=\"article:published_time\" content=\"2018-09-11T09:29:17+00:00\" \/>\n<meta property=\"og:image\" content=\"https:\/\/www.cope.es\/blogs\/libros-a-pie-de-calle\/wp-content\/uploads\/sites\/24\/2018\/09\/LA-FRONTERA-SALVAJE-e1536657427870.jpg\" \/>\n\t<meta property=\"og:image:width\" content=\"702\" \/>\n\t<meta property=\"og:image:height\" content=\"387\" \/>\n\t<meta property=\"og:image:type\" content=\"image\/jpeg\" \/>\n<meta name=\"author\" content=\"Andrea Carrasco\" \/>\n<meta name=\"twitter:card\" content=\"summary_large_image\" \/>\n<meta name=\"twitter:creator\" content=\"@andreadeep\" \/>\n<meta name=\"twitter:site\" content=\"@cope_es\" \/>\n<meta name=\"twitter:label1\" content=\"Escrito por\" \/>\n\t<meta name=\"twitter:data1\" content=\"Andrea Carrasco\" \/>\n\t<meta name=\"twitter:label2\" content=\"Tiempo de lectura\" \/>\n\t<meta name=\"twitter:data2\" content=\"4 minutos\" \/>\n<script type=\"application\/ld+json\" class=\"yoast-schema-graph\">{\"@context\":\"https:\\\/\\\/schema.org\",\"@graph\":[{\"@type\":\"Article\",\"@id\":\"https:\\\/\\\/www.cope.es\\\/blogs\\\/libros-a-pie-de-calle\\\/2018\\\/09\\\/11\\\/la-frontera-salvaje\\\/#article\",\"isPartOf\":{\"@id\":\"https:\\\/\\\/www.cope.es\\\/blogs\\\/libros-a-pie-de-calle\\\/2018\\\/09\\\/11\\\/la-frontera-salvaje\\\/\"},\"author\":{\"name\":\"Andrea Carrasco\",\"@id\":\"https:\\\/\\\/www.cope.es\\\/blogs\\\/libros-a-pie-de-calle\\\/#\\\/schema\\\/person\\\/5e9443d197d7946282c74f928ef9b7bd\"},\"headline\":\"&#8216;LA FRONTERA SALVAJE&#8217;\",\"datePublished\":\"2018-09-11T09:29:17+00:00\",\"mainEntityOfPage\":{\"@id\":\"https:\\\/\\\/www.cope.es\\\/blogs\\\/libros-a-pie-de-calle\\\/2018\\\/09\\\/11\\\/la-frontera-salvaje\\\/\"},\"wordCount\":769,\"commentCount\":0,\"image\":{\"@id\":\"https:\\\/\\\/www.cope.es\\\/blogs\\\/libros-a-pie-de-calle\\\/2018\\\/09\\\/11\\\/la-frontera-salvaje\\\/#primaryimage\"},\"thumbnailUrl\":\"https:\\\/\\\/www.cope.es\\\/blogs\\\/libros-a-pie-de-calle\\\/wp-content\\\/uploads\\\/sites\\\/24\\\/2018\\\/09\\\/LA-FRONTERA-SALVAJE-e1536657427870.jpg\",\"keywords\":[\"cope\",\"Errata Naturae\",\"Irving\",\"La Frontera Salvaje\",\"Libros\"],\"articleSection\":[\"LITERATURA\"],\"inLanguage\":\"es\",\"potentialAction\":[{\"@type\":\"CommentAction\",\"name\":\"Comment\",\"target\":[\"https:\\\/\\\/www.cope.es\\\/blogs\\\/libros-a-pie-de-calle\\\/2018\\\/09\\\/11\\\/la-frontera-salvaje\\\/#respond\"]}]},{\"@type\":\"WebPage\",\"@id\":\"https:\\\/\\\/www.cope.es\\\/blogs\\\/libros-a-pie-de-calle\\\/2018\\\/09\\\/11\\\/la-frontera-salvaje\\\/\",\"url\":\"https:\\\/\\\/www.cope.es\\\/blogs\\\/libros-a-pie-de-calle\\\/2018\\\/09\\\/11\\\/la-frontera-salvaje\\\/\",\"name\":\"'LA FRONTERA SALVAJE' - Libros a pie de calle\",\"isPartOf\":{\"@id\":\"https:\\\/\\\/www.cope.es\\\/blogs\\\/libros-a-pie-de-calle\\\/#website\"},\"primaryImageOfPage\":{\"@id\":\"https:\\\/\\\/www.cope.es\\\/blogs\\\/libros-a-pie-de-calle\\\/2018\\\/09\\\/11\\\/la-frontera-salvaje\\\/#primaryimage\"},\"image\":{\"@id\":\"https:\\\/\\\/www.cope.es\\\/blogs\\\/libros-a-pie-de-calle\\\/2018\\\/09\\\/11\\\/la-frontera-salvaje\\\/#primaryimage\"},\"thumbnailUrl\":\"https:\\\/\\\/www.cope.es\\\/blogs\\\/libros-a-pie-de-calle\\\/wp-content\\\/uploads\\\/sites\\\/24\\\/2018\\\/09\\\/LA-FRONTERA-SALVAJE-e1536657427870.jpg\",\"datePublished\":\"2018-09-11T09:29:17+00:00\",\"author\":{\"@id\":\"https:\\\/\\\/www.cope.es\\\/blogs\\\/libros-a-pie-de-calle\\\/#\\\/schema\\\/person\\\/5e9443d197d7946282c74f928ef9b7bd\"},\"description\":\"'La Frontera Salvaje' constituye una cuidada descripci\u00f3n de la inmesidad de una regi\u00f3n donde el \u00fanico impacto humano es el de las tribus indias que la moran\",\"breadcrumb\":{\"@id\":\"https:\\\/\\\/www.cope.es\\\/blogs\\\/libros-a-pie-de-calle\\\/2018\\\/09\\\/11\\\/la-frontera-salvaje\\\/#breadcrumb\"},\"inLanguage\":\"es\",\"potentialAction\":[{\"@type\":\"ReadAction\",\"target\":[\"https:\\\/\\\/www.cope.es\\\/blogs\\\/libros-a-pie-de-calle\\\/2018\\\/09\\\/11\\\/la-frontera-salvaje\\\/\"]}]},{\"@type\":\"ImageObject\",\"inLanguage\":\"es\",\"@id\":\"https:\\\/\\\/www.cope.es\\\/blogs\\\/libros-a-pie-de-calle\\\/2018\\\/09\\\/11\\\/la-frontera-salvaje\\\/#primaryimage\",\"url\":\"https:\\\/\\\/www.cope.es\\\/blogs\\\/libros-a-pie-de-calle\\\/wp-content\\\/uploads\\\/sites\\\/24\\\/2018\\\/09\\\/LA-FRONTERA-SALVAJE-e1536657427870.jpg\",\"contentUrl\":\"https:\\\/\\\/www.cope.es\\\/blogs\\\/libros-a-pie-de-calle\\\/wp-content\\\/uploads\\\/sites\\\/24\\\/2018\\\/09\\\/LA-FRONTERA-SALVAJE-e1536657427870.jpg\",\"width\":702,\"height\":387,\"caption\":\"Portada 'La Frontera Salvaje'\"},{\"@type\":\"BreadcrumbList\",\"@id\":\"https:\\\/\\\/www.cope.es\\\/blogs\\\/libros-a-pie-de-calle\\\/2018\\\/09\\\/11\\\/la-frontera-salvaje\\\/#breadcrumb\",\"itemListElement\":[{\"@type\":\"ListItem\",\"position\":1,\"name\":\"Portada\",\"item\":\"https:\\\/\\\/www.cope.es\\\/blogs\\\/libros-a-pie-de-calle\\\/\"},{\"@type\":\"ListItem\",\"position\":2,\"name\":\"&#8216;LA FRONTERA SALVAJE&#8217;\"}]},{\"@type\":\"WebSite\",\"@id\":\"https:\\\/\\\/www.cope.es\\\/blogs\\\/libros-a-pie-de-calle\\\/#website\",\"url\":\"https:\\\/\\\/www.cope.es\\\/blogs\\\/libros-a-pie-de-calle\\\/\",\"name\":\"Libros a pie de calle\",\"description\":\"Blog de libros, cultura y literatura en COPE\",\"potentialAction\":[{\"@type\":\"SearchAction\",\"target\":{\"@type\":\"EntryPoint\",\"urlTemplate\":\"https:\\\/\\\/www.cope.es\\\/blogs\\\/libros-a-pie-de-calle\\\/?s={search_term_string}\"},\"query-input\":{\"@type\":\"PropertyValueSpecification\",\"valueRequired\":true,\"valueName\":\"search_term_string\"}}],\"inLanguage\":\"es\"},{\"@type\":\"Person\",\"@id\":\"https:\\\/\\\/www.cope.es\\\/blogs\\\/libros-a-pie-de-calle\\\/#\\\/schema\\\/person\\\/5e9443d197d7946282c74f928ef9b7bd\",\"name\":\"Andrea Carrasco\",\"image\":{\"@type\":\"ImageObject\",\"inLanguage\":\"es\",\"@id\":\"https:\\\/\\\/secure.gravatar.com\\\/avatar\\\/27da09de93f89d1022253e1de77c579889d70559389f98802e0c599f1e1cf976?s=96&d=mm&r=g\",\"url\":\"https:\\\/\\\/secure.gravatar.com\\\/avatar\\\/27da09de93f89d1022253e1de77c579889d70559389f98802e0c599f1e1cf976?s=96&d=mm&r=g\",\"contentUrl\":\"https:\\\/\\\/secure.gravatar.com\\\/avatar\\\/27da09de93f89d1022253e1de77c579889d70559389f98802e0c599f1e1cf976?s=96&d=mm&r=g\",\"caption\":\"Andrea Carrasco\"},\"description\":\"Nac\u00ed en C\u00e1diz y asusto con mi acento gallego. Estudi\u00e9 Periodismo en la UCM despu\u00e9s de fracasar en un intento de licenciarme en Qu\u00edmicas por la USC. Tambi\u00e9n curs\u00e9 el M\u00e1ster de esta cadena. Mis tutores siempre me orientaron a seguir la rama de las letras por mi pasi\u00f3n lectora, aunque nunca hice caso por ser una tozuda. Ten\u00edan raz\u00f3n. No pretendo convencer a nadie de que se lea este o aquel libro, simplemente contar el por qu\u00e9 creo que pueden gustar. No soy cr\u00edtica de nada, solo cuento mi experiencia al acabar un libro. \u00a1Vamos a leer!\",\"sameAs\":[\"http:\\\/\\\/www.cope.es\",\"https:\\\/\\\/x.com\\\/andreadeep\"],\"url\":\"https:\\\/\\\/www.cope.es\\\/blogs\\\/libros-a-pie-de-calle\\\/author\\\/acarrasco\\\/\"}]}<\/script>\n<!-- \/ Yoast SEO plugin. -->","yoast_head_json":{"title":"'LA FRONTERA SALVAJE' - Libros a pie de calle","description":"'La Frontera Salvaje' constituye una cuidada descripci\u00f3n de la inmesidad de una regi\u00f3n donde el \u00fanico impacto humano es el de las tribus indias que la moran","robots":{"index":"index","follow":"follow","max-snippet":"max-snippet:-1","max-image-preview":"max-image-preview:large","max-video-preview":"max-video-preview:-1"},"canonical":"https:\/\/www.cope.es\/blogs\/libros-a-pie-de-calle\/2018\/09\/11\/la-frontera-salvaje\/","og_locale":"es_ES","og_type":"article","og_title":"'LA FRONTERA SALVAJE' - Libros a pie de calle","og_description":"'La Frontera Salvaje' constituye una cuidada descripci\u00f3n de la inmesidad de una regi\u00f3n donde el \u00fanico impacto humano es el de las tribus indias que la moran","og_url":"https:\/\/www.cope.es\/blogs\/libros-a-pie-de-calle\/2018\/09\/11\/la-frontera-salvaje\/","og_site_name":"Libros a pie de calle","article_publisher":"https:\/\/www.facebook.com\/cope\/","article_published_time":"2018-09-11T09:29:17+00:00","og_image":[{"width":702,"height":387,"url":"https:\/\/www.cope.es\/blogs\/libros-a-pie-de-calle\/wp-content\/uploads\/sites\/24\/2018\/09\/LA-FRONTERA-SALVAJE-e1536657427870.jpg","type":"image\/jpeg"}],"author":"Andrea Carrasco","twitter_card":"summary_large_image","twitter_creator":"@andreadeep","twitter_site":"@cope_es","twitter_misc":{"Escrito por":"Andrea Carrasco","Tiempo de lectura":"4 minutos"},"schema":{"@context":"https:\/\/schema.org","@graph":[{"@type":"Article","@id":"https:\/\/www.cope.es\/blogs\/libros-a-pie-de-calle\/2018\/09\/11\/la-frontera-salvaje\/#article","isPartOf":{"@id":"https:\/\/www.cope.es\/blogs\/libros-a-pie-de-calle\/2018\/09\/11\/la-frontera-salvaje\/"},"author":{"name":"Andrea Carrasco","@id":"https:\/\/www.cope.es\/blogs\/libros-a-pie-de-calle\/#\/schema\/person\/5e9443d197d7946282c74f928ef9b7bd"},"headline":"&#8216;LA FRONTERA SALVAJE&#8217;","datePublished":"2018-09-11T09:29:17+00:00","mainEntityOfPage":{"@id":"https:\/\/www.cope.es\/blogs\/libros-a-pie-de-calle\/2018\/09\/11\/la-frontera-salvaje\/"},"wordCount":769,"commentCount":0,"image":{"@id":"https:\/\/www.cope.es\/blogs\/libros-a-pie-de-calle\/2018\/09\/11\/la-frontera-salvaje\/#primaryimage"},"thumbnailUrl":"https:\/\/www.cope.es\/blogs\/libros-a-pie-de-calle\/wp-content\/uploads\/sites\/24\/2018\/09\/LA-FRONTERA-SALVAJE-e1536657427870.jpg","keywords":["cope","Errata Naturae","Irving","La Frontera Salvaje","Libros"],"articleSection":["LITERATURA"],"inLanguage":"es","potentialAction":[{"@type":"CommentAction","name":"Comment","target":["https:\/\/www.cope.es\/blogs\/libros-a-pie-de-calle\/2018\/09\/11\/la-frontera-salvaje\/#respond"]}]},{"@type":"WebPage","@id":"https:\/\/www.cope.es\/blogs\/libros-a-pie-de-calle\/2018\/09\/11\/la-frontera-salvaje\/","url":"https:\/\/www.cope.es\/blogs\/libros-a-pie-de-calle\/2018\/09\/11\/la-frontera-salvaje\/","name":"'LA FRONTERA SALVAJE' - Libros a pie de calle","isPartOf":{"@id":"https:\/\/www.cope.es\/blogs\/libros-a-pie-de-calle\/#website"},"primaryImageOfPage":{"@id":"https:\/\/www.cope.es\/blogs\/libros-a-pie-de-calle\/2018\/09\/11\/la-frontera-salvaje\/#primaryimage"},"image":{"@id":"https:\/\/www.cope.es\/blogs\/libros-a-pie-de-calle\/2018\/09\/11\/la-frontera-salvaje\/#primaryimage"},"thumbnailUrl":"https:\/\/www.cope.es\/blogs\/libros-a-pie-de-calle\/wp-content\/uploads\/sites\/24\/2018\/09\/LA-FRONTERA-SALVAJE-e1536657427870.jpg","datePublished":"2018-09-11T09:29:17+00:00","author":{"@id":"https:\/\/www.cope.es\/blogs\/libros-a-pie-de-calle\/#\/schema\/person\/5e9443d197d7946282c74f928ef9b7bd"},"description":"'La Frontera Salvaje' constituye una cuidada descripci\u00f3n de la inmesidad de una regi\u00f3n donde el \u00fanico impacto humano es el de las tribus indias que la moran","breadcrumb":{"@id":"https:\/\/www.cope.es\/blogs\/libros-a-pie-de-calle\/2018\/09\/11\/la-frontera-salvaje\/#breadcrumb"},"inLanguage":"es","potentialAction":[{"@type":"ReadAction","target":["https:\/\/www.cope.es\/blogs\/libros-a-pie-de-calle\/2018\/09\/11\/la-frontera-salvaje\/"]}]},{"@type":"ImageObject","inLanguage":"es","@id":"https:\/\/www.cope.es\/blogs\/libros-a-pie-de-calle\/2018\/09\/11\/la-frontera-salvaje\/#primaryimage","url":"https:\/\/www.cope.es\/blogs\/libros-a-pie-de-calle\/wp-content\/uploads\/sites\/24\/2018\/09\/LA-FRONTERA-SALVAJE-e1536657427870.jpg","contentUrl":"https:\/\/www.cope.es\/blogs\/libros-a-pie-de-calle\/wp-content\/uploads\/sites\/24\/2018\/09\/LA-FRONTERA-SALVAJE-e1536657427870.jpg","width":702,"height":387,"caption":"Portada 'La Frontera Salvaje'"},{"@type":"BreadcrumbList","@id":"https:\/\/www.cope.es\/blogs\/libros-a-pie-de-calle\/2018\/09\/11\/la-frontera-salvaje\/#breadcrumb","itemListElement":[{"@type":"ListItem","position":1,"name":"Portada","item":"https:\/\/www.cope.es\/blogs\/libros-a-pie-de-calle\/"},{"@type":"ListItem","position":2,"name":"&#8216;LA FRONTERA SALVAJE&#8217;"}]},{"@type":"WebSite","@id":"https:\/\/www.cope.es\/blogs\/libros-a-pie-de-calle\/#website","url":"https:\/\/www.cope.es\/blogs\/libros-a-pie-de-calle\/","name":"Libros a pie de calle","description":"Blog de libros, cultura y literatura en COPE","potentialAction":[{"@type":"SearchAction","target":{"@type":"EntryPoint","urlTemplate":"https:\/\/www.cope.es\/blogs\/libros-a-pie-de-calle\/?s={search_term_string}"},"query-input":{"@type":"PropertyValueSpecification","valueRequired":true,"valueName":"search_term_string"}}],"inLanguage":"es"},{"@type":"Person","@id":"https:\/\/www.cope.es\/blogs\/libros-a-pie-de-calle\/#\/schema\/person\/5e9443d197d7946282c74f928ef9b7bd","name":"Andrea Carrasco","image":{"@type":"ImageObject","inLanguage":"es","@id":"https:\/\/secure.gravatar.com\/avatar\/27da09de93f89d1022253e1de77c579889d70559389f98802e0c599f1e1cf976?s=96&d=mm&r=g","url":"https:\/\/secure.gravatar.com\/avatar\/27da09de93f89d1022253e1de77c579889d70559389f98802e0c599f1e1cf976?s=96&d=mm&r=g","contentUrl":"https:\/\/secure.gravatar.com\/avatar\/27da09de93f89d1022253e1de77c579889d70559389f98802e0c599f1e1cf976?s=96&d=mm&r=g","caption":"Andrea Carrasco"},"description":"Nac\u00ed en C\u00e1diz y asusto con mi acento gallego. Estudi\u00e9 Periodismo en la UCM despu\u00e9s de fracasar en un intento de licenciarme en Qu\u00edmicas por la USC. Tambi\u00e9n curs\u00e9 el M\u00e1ster de esta cadena. Mis tutores siempre me orientaron a seguir la rama de las letras por mi pasi\u00f3n lectora, aunque nunca hice caso por ser una tozuda. Ten\u00edan raz\u00f3n. No pretendo convencer a nadie de que se lea este o aquel libro, simplemente contar el por qu\u00e9 creo que pueden gustar. No soy cr\u00edtica de nada, solo cuento mi experiencia al acabar un libro. \u00a1Vamos a leer!","sameAs":["http:\/\/www.cope.es","https:\/\/x.com\/andreadeep"],"url":"https:\/\/www.cope.es\/blogs\/libros-a-pie-de-calle\/author\/acarrasco\/"}]}},"amp_enabled":true,"_links":{"self":[{"href":"https:\/\/www.cope.es\/blogs\/libros-a-pie-de-calle\/wp-json\/wp\/v2\/posts\/159","targetHints":{"allow":["GET"]}}],"collection":[{"href":"https:\/\/www.cope.es\/blogs\/libros-a-pie-de-calle\/wp-json\/wp\/v2\/posts"}],"about":[{"href":"https:\/\/www.cope.es\/blogs\/libros-a-pie-de-calle\/wp-json\/wp\/v2\/types\/post"}],"author":[{"embeddable":true,"href":"https:\/\/www.cope.es\/blogs\/libros-a-pie-de-calle\/wp-json\/wp\/v2\/users\/26"}],"replies":[{"embeddable":true,"href":"https:\/\/www.cope.es\/blogs\/libros-a-pie-de-calle\/wp-json\/wp\/v2\/comments?post=159"}],"version-history":[{"count":2,"href":"https:\/\/www.cope.es\/blogs\/libros-a-pie-de-calle\/wp-json\/wp\/v2\/posts\/159\/revisions"}],"predecessor-version":[{"id":167,"href":"https:\/\/www.cope.es\/blogs\/libros-a-pie-de-calle\/wp-json\/wp\/v2\/posts\/159\/revisions\/167"}],"wp:featuredmedia":[{"embeddable":true,"href":"https:\/\/www.cope.es\/blogs\/libros-a-pie-de-calle\/wp-json\/wp\/v2\/media\/162"}],"wp:attachment":[{"href":"https:\/\/www.cope.es\/blogs\/libros-a-pie-de-calle\/wp-json\/wp\/v2\/media?parent=159"}],"wp:term":[{"taxonomy":"category","embeddable":true,"href":"https:\/\/www.cope.es\/blogs\/libros-a-pie-de-calle\/wp-json\/wp\/v2\/categories?post=159"},{"taxonomy":"post_tag","embeddable":true,"href":"https:\/\/www.cope.es\/blogs\/libros-a-pie-de-calle\/wp-json\/wp\/v2\/tags?post=159"}],"curies":[{"name":"wp","href":"https:\/\/api.w.org\/{rel}","templated":true}]}}