{"id":408,"date":"2023-01-02T15:03:32","date_gmt":"2023-01-02T14:03:32","guid":{"rendered":"http:\/\/www.cope.es\/blogs\/la-llama-viva\/?p=408"},"modified":"2023-01-02T15:03:32","modified_gmt":"2023-01-02T14:03:32","slug":"la-promesa","status":"publish","type":"post","link":"https:\/\/www.cope.es\/blogs\/la-llama-viva\/2023\/01\/02\/la-promesa\/","title":{"rendered":"La promesa"},"content":{"rendered":"<p><img loading=\"lazy\" decoding=\"async\" width=\"300\" height=\"131\" class=\"alignnone size-medium wp-image-409\" src=\"http:\/\/www.cope.es\/blogs\/la-llama-viva\/wp-content\/uploads\/sites\/36\/2023\/01\/belen-cope-300x131.jpg\" alt=\"\" srcset=\"https:\/\/www.cope.es\/blogs\/la-llama-viva\/wp-content\/uploads\/sites\/36\/2023\/01\/belen-cope-300x131.jpg 300w, https:\/\/www.cope.es\/blogs\/la-llama-viva\/wp-content\/uploads\/sites\/36\/2023\/01\/belen-cope-768x336.jpg 768w, https:\/\/www.cope.es\/blogs\/la-llama-viva\/wp-content\/uploads\/sites\/36\/2023\/01\/belen-cope-370x160.jpg 370w, https:\/\/www.cope.es\/blogs\/la-llama-viva\/wp-content\/uploads\/sites\/36\/2023\/01\/belen-cope.jpg 928w\" sizes=\"auto, (max-width: 300px) 100vw, 300px\" \/><\/p>\n<p>Todos los espa\u00f1oles tienen la esperanza de que les toque. Hay colas para comprar los d\u00e9cimos y hasta vienen de provincias para comprarle a Do\u00f1a Manolita. Tambi\u00e9n se preparan los men\u00fas de Noche Buena y Navidad: pavo, cochinillo o cordero.<br \/>\nPap\u00e1 Noel llega con regalos que se ponen al pie del \u00e1rbol. Para los peque\u00f1os es un misterio: \u2026\u201d\u00bfpor d\u00f3nde han entrado en nuestra casa, pap\u00e1\u2026?\u201d<br \/>\nPero la Navidad es mucho m\u00e1s. El Hijo de Dios se hace hombre en el seno de Mar\u00eda. Cuando se lo anunci\u00f3 el \u00e1ngel: \u201cTendr\u00e1s un hijo y le pondr\u00e1s por nombre Jes\u00fas y ser\u00e1 llamado Hijo del Alt\u00edsimo y su reino no tendr\u00e1 fin. Ella contest\u00f3: \u201cH\u00e1gase tu voluntad\u201d. Y naci\u00f3 en Bel\u00e9n de Jud\u00e1 en un establo entre una mula y un buey y llegaron reyes de oriente para adorarlo.<br \/>\nEl 24 de diciembre en el mundo a las doce de la noche suenan las campanas para recordarnos que Dios est\u00e1 con nosotros.<\/p>\n","protected":false},"excerpt":{"rendered":"<p>Todos los espa\u00f1oles tienen la esperanza de que les toque. Hay colas para comprar los d\u00e9cimos y hasta vienen de provincias para comprarle a Do\u00f1a Manolita. Tambi\u00e9n se preparan los men\u00fas de Noche Buena y Navidad: pavo, cochinillo o cordero. Pap\u00e1 Noel llega con regalos que se ponen al pie del \u00e1rbol. Para los peque\u00f1os [&hellip;]<\/p>\n","protected":false},"author":50,"featured_media":0,"comment_status":"open","ping_status":"open","sticky":false,"template":"","format":"standard","meta":{"footnotes":""},"categories":[1],"tags":[],"class_list":["post-408","post","type-post","status-publish","format-standard","hentry","category-sin-categoria"],"yoast_head":"<!-- This site is optimized with the Yoast SEO plugin v27.4 - https:\/\/yoast.com\/product\/yoast-seo-wordpress\/ -->\n<title>La promesa - La llama Viva<\/title>\n<meta name=\"robots\" content=\"index, follow, max-snippet:-1, max-image-preview:large, max-video-preview:-1\" \/>\n<link rel=\"canonical\" href=\"https:\/\/www.cope.es\/blogs\/la-llama-viva\/2023\/01\/02\/la-promesa\/\" \/>\n<meta property=\"og:locale\" content=\"es_ES\" \/>\n<meta property=\"og:type\" content=\"article\" \/>\n<meta property=\"og:title\" content=\"La promesa - La llama Viva\" \/>\n<meta property=\"og:description\" content=\"Todos los espa\u00f1oles tienen la esperanza de que les toque. Hay colas para comprar los d\u00e9cimos y hasta vienen de provincias para comprarle a Do\u00f1a Manolita. Tambi\u00e9n se preparan los men\u00fas de Noche Buena y Navidad: pavo, cochinillo o cordero. Pap\u00e1 Noel llega con regalos que se ponen al pie del \u00e1rbol. Para los peque\u00f1os [&hellip;]\" \/>\n<meta property=\"og:url\" content=\"https:\/\/www.cope.es\/blogs\/la-llama-viva\/2023\/01\/02\/la-promesa\/\" \/>\n<meta property=\"og:site_name\" content=\"La llama Viva\" \/>\n<meta property=\"article:publisher\" content=\"https:\/\/www.facebook.com\/cope\/\" \/>\n<meta property=\"article:published_time\" content=\"2023-01-02T14:03:32+00:00\" \/>\n<meta property=\"og:image\" content=\"http:\/\/www.cope.es\/blogs\/la-llama-viva\/wp-content\/uploads\/sites\/36\/2023\/01\/belen-cope-300x131.jpg\" \/>\n<meta name=\"author\" content=\"Carmen de Alvear\" \/>\n<meta name=\"twitter:card\" content=\"summary_large_image\" \/>\n<meta name=\"twitter:creator\" content=\"@cope_es\" \/>\n<meta name=\"twitter:site\" content=\"@cope_es\" \/>\n<meta name=\"twitter:label1\" content=\"Escrito por\" \/>\n\t<meta name=\"twitter:data1\" content=\"Carmen de Alvear\" \/>\n\t<meta name=\"twitter:label2\" content=\"Tiempo de lectura\" \/>\n\t<meta name=\"twitter:data2\" content=\"1 minuto\" \/>\n<script type=\"application\/ld+json\" class=\"yoast-schema-graph\">{\"@context\":\"https:\\\/\\\/schema.org\",\"@graph\":[{\"@type\":\"Article\",\"@id\":\"https:\\\/\\\/www.cope.es\\\/blogs\\\/la-llama-viva\\\/2023\\\/01\\\/02\\\/la-promesa\\\/#article\",\"isPartOf\":{\"@id\":\"https:\\\/\\\/www.cope.es\\\/blogs\\\/la-llama-viva\\\/2023\\\/01\\\/02\\\/la-promesa\\\/\"},\"author\":{\"name\":\"Carmen de Alvear\",\"@id\":\"https:\\\/\\\/www.cope.es\\\/blogs\\\/la-llama-viva\\\/#\\\/schema\\\/person\\\/bbd13ba7605b7b12dd4e0a6553a2e40d\"},\"headline\":\"La promesa\",\"datePublished\":\"2023-01-02T14:03:32+00:00\",\"mainEntityOfPage\":{\"@id\":\"https:\\\/\\\/www.cope.es\\\/blogs\\\/la-llama-viva\\\/2023\\\/01\\\/02\\\/la-promesa\\\/\"},\"wordCount\":177,\"commentCount\":1,\"image\":{\"@id\":\"https:\\\/\\\/www.cope.es\\\/blogs\\\/la-llama-viva\\\/2023\\\/01\\\/02\\\/la-promesa\\\/#primaryimage\"},\"thumbnailUrl\":\"http:\\\/\\\/www.cope.es\\\/blogs\\\/la-llama-viva\\\/wp-content\\\/uploads\\\/sites\\\/36\\\/2023\\\/01\\\/belen-cope-300x131.jpg\",\"inLanguage\":\"es\",\"potentialAction\":[{\"@type\":\"CommentAction\",\"name\":\"Comment\",\"target\":[\"https:\\\/\\\/www.cope.es\\\/blogs\\\/la-llama-viva\\\/2023\\\/01\\\/02\\\/la-promesa\\\/#respond\"]}]},{\"@type\":\"WebPage\",\"@id\":\"https:\\\/\\\/www.cope.es\\\/blogs\\\/la-llama-viva\\\/2023\\\/01\\\/02\\\/la-promesa\\\/\",\"url\":\"https:\\\/\\\/www.cope.es\\\/blogs\\\/la-llama-viva\\\/2023\\\/01\\\/02\\\/la-promesa\\\/\",\"name\":\"La promesa - La llama Viva\",\"isPartOf\":{\"@id\":\"https:\\\/\\\/www.cope.es\\\/blogs\\\/la-llama-viva\\\/#website\"},\"primaryImageOfPage\":{\"@id\":\"https:\\\/\\\/www.cope.es\\\/blogs\\\/la-llama-viva\\\/2023\\\/01\\\/02\\\/la-promesa\\\/#primaryimage\"},\"image\":{\"@id\":\"https:\\\/\\\/www.cope.es\\\/blogs\\\/la-llama-viva\\\/2023\\\/01\\\/02\\\/la-promesa\\\/#primaryimage\"},\"thumbnailUrl\":\"http:\\\/\\\/www.cope.es\\\/blogs\\\/la-llama-viva\\\/wp-content\\\/uploads\\\/sites\\\/36\\\/2023\\\/01\\\/belen-cope-300x131.jpg\",\"datePublished\":\"2023-01-02T14:03:32+00:00\",\"author\":{\"@id\":\"https:\\\/\\\/www.cope.es\\\/blogs\\\/la-llama-viva\\\/#\\\/schema\\\/person\\\/bbd13ba7605b7b12dd4e0a6553a2e40d\"},\"breadcrumb\":{\"@id\":\"https:\\\/\\\/www.cope.es\\\/blogs\\\/la-llama-viva\\\/2023\\\/01\\\/02\\\/la-promesa\\\/#breadcrumb\"},\"inLanguage\":\"es\",\"potentialAction\":[{\"@type\":\"ReadAction\",\"target\":[\"https:\\\/\\\/www.cope.es\\\/blogs\\\/la-llama-viva\\\/2023\\\/01\\\/02\\\/la-promesa\\\/\"]}]},{\"@type\":\"ImageObject\",\"inLanguage\":\"es\",\"@id\":\"https:\\\/\\\/www.cope.es\\\/blogs\\\/la-llama-viva\\\/2023\\\/01\\\/02\\\/la-promesa\\\/#primaryimage\",\"url\":\"https:\\\/\\\/www.cope.es\\\/blogs\\\/la-llama-viva\\\/wp-content\\\/uploads\\\/sites\\\/36\\\/2023\\\/01\\\/belen-cope.jpg\",\"contentUrl\":\"https:\\\/\\\/www.cope.es\\\/blogs\\\/la-llama-viva\\\/wp-content\\\/uploads\\\/sites\\\/36\\\/2023\\\/01\\\/belen-cope.jpg\",\"width\":928,\"height\":406},{\"@type\":\"BreadcrumbList\",\"@id\":\"https:\\\/\\\/www.cope.es\\\/blogs\\\/la-llama-viva\\\/2023\\\/01\\\/02\\\/la-promesa\\\/#breadcrumb\",\"itemListElement\":[{\"@type\":\"ListItem\",\"position\":1,\"name\":\"Portada\",\"item\":\"https:\\\/\\\/www.cope.es\\\/blogs\\\/la-llama-viva\\\/\"},{\"@type\":\"ListItem\",\"position\":2,\"name\":\"La promesa\"}]},{\"@type\":\"WebSite\",\"@id\":\"https:\\\/\\\/www.cope.es\\\/blogs\\\/la-llama-viva\\\/#website\",\"url\":\"https:\\\/\\\/www.cope.es\\\/blogs\\\/la-llama-viva\\\/\",\"name\":\"La llama Viva\",\"description\":\"La llama Viva el blog de Carmen de Alvear\",\"potentialAction\":[{\"@type\":\"SearchAction\",\"target\":{\"@type\":\"EntryPoint\",\"urlTemplate\":\"https:\\\/\\\/www.cope.es\\\/blogs\\\/la-llama-viva\\\/?s={search_term_string}\"},\"query-input\":{\"@type\":\"PropertyValueSpecification\",\"valueRequired\":true,\"valueName\":\"search_term_string\"}}],\"inLanguage\":\"es\"},{\"@type\":\"Person\",\"@id\":\"https:\\\/\\\/www.cope.es\\\/blogs\\\/la-llama-viva\\\/#\\\/schema\\\/person\\\/bbd13ba7605b7b12dd4e0a6553a2e40d\",\"name\":\"Carmen de Alvear\",\"image\":{\"@type\":\"ImageObject\",\"inLanguage\":\"es\",\"@id\":\"https:\\\/\\\/secure.gravatar.com\\\/avatar\\\/5b6ba86c00b812d2447be2ab85a817d6424fc2a146e43b3e1d85a50429212e03?s=96&d=mm&r=g\",\"url\":\"https:\\\/\\\/secure.gravatar.com\\\/avatar\\\/5b6ba86c00b812d2447be2ab85a817d6424fc2a146e43b3e1d85a50429212e03?s=96&d=mm&r=g\",\"contentUrl\":\"https:\\\/\\\/secure.gravatar.com\\\/avatar\\\/5b6ba86c00b812d2447be2ab85a817d6424fc2a146e43b3e1d85a50429212e03?s=96&d=mm&r=g\",\"caption\":\"Carmen de Alvear\"},\"description\":\"Espa\u00f1ola, casada, madre de 8 hijos, 15 nietos y una biznieta. Estudios: Enfermera diplomada, licenciada en Periodismo en Madrid, t\u00e9cnica en Medios Audiovisuales por la Universidad Aut\u00f3noma de Madrid. Experta en temas de Familia y Educaci\u00f3n con numerosas acreditaciones. Profesor Honorario del Curso de Altos Estudios Internacionales. Actividades: Entre los a\u00f1os 1951 y 1976 escribi\u00f3 en el Diario Baleares, en Blanco y Negro, en HOLA, Diario Pueblo y dirigi\u00f3 y realiz\u00f3 un programa en Radio Toledo. Colabor\u00f3 en Gaceta Ilustrada y en Iglesia en Madrid. Entre 1977 y 1980 dirigi\u00f3 el Departamento de Prensa de la Feria Internacional de Inform\u00e1tica: SIMO. Ha pronunciado m\u00e1s de 2.000 conferencias sobre temas de Educaci\u00f3n, Familia y Sociedad, en Espa\u00f1a, Italia, Portugal, B\u00e9lgica, Francia, Rusia y distintos pa\u00edses de Am\u00e9rica. Ha participado en muchos debates y mesas redondas de radio y televisi\u00f3n. Ha publicado art\u00edculos y documentos sobre Derechos de Familia, Libertad de Ense\u00f1anza y Pacto Escolar. Ha sido promotora y coautora de los documentos: \u201cLibertad de Ense\u00f1anza para Todos\u201d, a\u00f1o 1977 que fue traducido a varios idiomas y \u201cLa Libertad de Ense\u00f1anza en el Derecho Internacional y en los pa\u00edses miembros de la Comunidad Europea\u201d, a\u00f1o 1977. Es autora del cap\u00edtulo de \u201cEducaci\u00f3n\u201d en el libro \u201cDiez a\u00f1os despu\u00e9s de Franco\u201d (Ed. Planeta). Ha convocado y organizado manifestaciones p\u00fablicas en todas las provincias de Espa\u00f1a a favor de la Ense\u00f1anza y del Pacto Escolar, destacando la del Palacio de los Deportes de 1977, la Casa de Campo, 1979, la Plaza de Toros de Madrid, 1980, que culminaron con tres manifestaciones multitudinarias en Madrid: dos en el a\u00f1o 1983 y en 1984 la \u00faltima, con un mill\u00f3n de personas. Como Presidenta de la Uni\u00f3n Iberoamericana de Padres y Alumnos (UNIAPA) ha organizado 7 congresos sobre Educaci\u00f3n en distintos pa\u00edses de Iberoam\u00e9rica., dos en M\u00e9xico, en Colombia, Bolivia, Venezuela, Chile, Uruguay y Panam\u00e1. En 1989 firm\u00f3 un Acuerdo con la Organizaci\u00f3n Sovi\u00e9tica para la Paz para colaborar en la venida a Espa\u00f1a de profesores y alumnos de ese pa\u00eds. De 1989 a 1995 visitan Espa\u00f1a m\u00e1s de 2.000 alumnos y profesores sovi\u00e9ticos, que se hospedan en casas de familias espa\u00f1olas. Ha participado en congresos de Pedagog\u00eda en Mosc\u00fa, Dubn\u00e1, Kazajst\u00e1n, Lituania, San Petersburgo y en Alemania, B\u00e9lgica, Holanda, Italia, Irlanda, Francia, Inglaterra, Portugal, Dinamarca, Grecia, M\u00f3naco y Suecia. Ha recibido las distinciones siguientes: Encomienda de la Cruz de Alfonso X el Sabio, concedida por el Ministerio de Educaci\u00f3n, Dama de la Orden de San Gregorio Magno, dada por su Santidad el Papa Juan Pablo II, y Medalla de Oro de la Uni\u00f3n Iberoamericana de la Asociaci\u00f3n de Padres de Alumnos, UNIAPA. En el treinta aniversario de la Fundaci\u00f3n Independiente le hicieron un reconocimiento al servicio y compromiso prestado a la Fundaci\u00f3n Independiente y a la Sociedad Civil Espa\u00f1ola los \u00faltimos a\u00f1os.\",\"sameAs\":[\"https:\\\/\\\/www.cope.es\"],\"url\":\"https:\\\/\\\/www.cope.es\\\/blogs\\\/la-llama-viva\\\/author\\\/cdealvear\\\/\"}]}<\/script>\n<!-- \/ Yoast SEO plugin. -->","yoast_head_json":{"title":"La promesa - La llama Viva","robots":{"index":"index","follow":"follow","max-snippet":"max-snippet:-1","max-image-preview":"max-image-preview:large","max-video-preview":"max-video-preview:-1"},"canonical":"https:\/\/www.cope.es\/blogs\/la-llama-viva\/2023\/01\/02\/la-promesa\/","og_locale":"es_ES","og_type":"article","og_title":"La promesa - La llama Viva","og_description":"Todos los espa\u00f1oles tienen la esperanza de que les toque. Hay colas para comprar los d\u00e9cimos y hasta vienen de provincias para comprarle a Do\u00f1a Manolita. Tambi\u00e9n se preparan los men\u00fas de Noche Buena y Navidad: pavo, cochinillo o cordero. Pap\u00e1 Noel llega con regalos que se ponen al pie del \u00e1rbol. Para los peque\u00f1os [&hellip;]","og_url":"https:\/\/www.cope.es\/blogs\/la-llama-viva\/2023\/01\/02\/la-promesa\/","og_site_name":"La llama Viva","article_publisher":"https:\/\/www.facebook.com\/cope\/","article_published_time":"2023-01-02T14:03:32+00:00","og_image":[{"url":"http:\/\/www.cope.es\/blogs\/la-llama-viva\/wp-content\/uploads\/sites\/36\/2023\/01\/belen-cope-300x131.jpg","type":"","width":"","height":""}],"author":"Carmen de Alvear","twitter_card":"summary_large_image","twitter_creator":"@cope_es","twitter_site":"@cope_es","twitter_misc":{"Escrito por":"Carmen de Alvear","Tiempo de lectura":"1 minuto"},"schema":{"@context":"https:\/\/schema.org","@graph":[{"@type":"Article","@id":"https:\/\/www.cope.es\/blogs\/la-llama-viva\/2023\/01\/02\/la-promesa\/#article","isPartOf":{"@id":"https:\/\/www.cope.es\/blogs\/la-llama-viva\/2023\/01\/02\/la-promesa\/"},"author":{"name":"Carmen de Alvear","@id":"https:\/\/www.cope.es\/blogs\/la-llama-viva\/#\/schema\/person\/bbd13ba7605b7b12dd4e0a6553a2e40d"},"headline":"La promesa","datePublished":"2023-01-02T14:03:32+00:00","mainEntityOfPage":{"@id":"https:\/\/www.cope.es\/blogs\/la-llama-viva\/2023\/01\/02\/la-promesa\/"},"wordCount":177,"commentCount":1,"image":{"@id":"https:\/\/www.cope.es\/blogs\/la-llama-viva\/2023\/01\/02\/la-promesa\/#primaryimage"},"thumbnailUrl":"http:\/\/www.cope.es\/blogs\/la-llama-viva\/wp-content\/uploads\/sites\/36\/2023\/01\/belen-cope-300x131.jpg","inLanguage":"es","potentialAction":[{"@type":"CommentAction","name":"Comment","target":["https:\/\/www.cope.es\/blogs\/la-llama-viva\/2023\/01\/02\/la-promesa\/#respond"]}]},{"@type":"WebPage","@id":"https:\/\/www.cope.es\/blogs\/la-llama-viva\/2023\/01\/02\/la-promesa\/","url":"https:\/\/www.cope.es\/blogs\/la-llama-viva\/2023\/01\/02\/la-promesa\/","name":"La promesa - La llama Viva","isPartOf":{"@id":"https:\/\/www.cope.es\/blogs\/la-llama-viva\/#website"},"primaryImageOfPage":{"@id":"https:\/\/www.cope.es\/blogs\/la-llama-viva\/2023\/01\/02\/la-promesa\/#primaryimage"},"image":{"@id":"https:\/\/www.cope.es\/blogs\/la-llama-viva\/2023\/01\/02\/la-promesa\/#primaryimage"},"thumbnailUrl":"http:\/\/www.cope.es\/blogs\/la-llama-viva\/wp-content\/uploads\/sites\/36\/2023\/01\/belen-cope-300x131.jpg","datePublished":"2023-01-02T14:03:32+00:00","author":{"@id":"https:\/\/www.cope.es\/blogs\/la-llama-viva\/#\/schema\/person\/bbd13ba7605b7b12dd4e0a6553a2e40d"},"breadcrumb":{"@id":"https:\/\/www.cope.es\/blogs\/la-llama-viva\/2023\/01\/02\/la-promesa\/#breadcrumb"},"inLanguage":"es","potentialAction":[{"@type":"ReadAction","target":["https:\/\/www.cope.es\/blogs\/la-llama-viva\/2023\/01\/02\/la-promesa\/"]}]},{"@type":"ImageObject","inLanguage":"es","@id":"https:\/\/www.cope.es\/blogs\/la-llama-viva\/2023\/01\/02\/la-promesa\/#primaryimage","url":"https:\/\/www.cope.es\/blogs\/la-llama-viva\/wp-content\/uploads\/sites\/36\/2023\/01\/belen-cope.jpg","contentUrl":"https:\/\/www.cope.es\/blogs\/la-llama-viva\/wp-content\/uploads\/sites\/36\/2023\/01\/belen-cope.jpg","width":928,"height":406},{"@type":"BreadcrumbList","@id":"https:\/\/www.cope.es\/blogs\/la-llama-viva\/2023\/01\/02\/la-promesa\/#breadcrumb","itemListElement":[{"@type":"ListItem","position":1,"name":"Portada","item":"https:\/\/www.cope.es\/blogs\/la-llama-viva\/"},{"@type":"ListItem","position":2,"name":"La promesa"}]},{"@type":"WebSite","@id":"https:\/\/www.cope.es\/blogs\/la-llama-viva\/#website","url":"https:\/\/www.cope.es\/blogs\/la-llama-viva\/","name":"La llama Viva","description":"La llama Viva el blog de Carmen de Alvear","potentialAction":[{"@type":"SearchAction","target":{"@type":"EntryPoint","urlTemplate":"https:\/\/www.cope.es\/blogs\/la-llama-viva\/?s={search_term_string}"},"query-input":{"@type":"PropertyValueSpecification","valueRequired":true,"valueName":"search_term_string"}}],"inLanguage":"es"},{"@type":"Person","@id":"https:\/\/www.cope.es\/blogs\/la-llama-viva\/#\/schema\/person\/bbd13ba7605b7b12dd4e0a6553a2e40d","name":"Carmen de Alvear","image":{"@type":"ImageObject","inLanguage":"es","@id":"https:\/\/secure.gravatar.com\/avatar\/5b6ba86c00b812d2447be2ab85a817d6424fc2a146e43b3e1d85a50429212e03?s=96&d=mm&r=g","url":"https:\/\/secure.gravatar.com\/avatar\/5b6ba86c00b812d2447be2ab85a817d6424fc2a146e43b3e1d85a50429212e03?s=96&d=mm&r=g","contentUrl":"https:\/\/secure.gravatar.com\/avatar\/5b6ba86c00b812d2447be2ab85a817d6424fc2a146e43b3e1d85a50429212e03?s=96&d=mm&r=g","caption":"Carmen de Alvear"},"description":"Espa\u00f1ola, casada, madre de 8 hijos, 15 nietos y una biznieta. Estudios: Enfermera diplomada, licenciada en Periodismo en Madrid, t\u00e9cnica en Medios Audiovisuales por la Universidad Aut\u00f3noma de Madrid. Experta en temas de Familia y Educaci\u00f3n con numerosas acreditaciones. Profesor Honorario del Curso de Altos Estudios Internacionales. Actividades: Entre los a\u00f1os 1951 y 1976 escribi\u00f3 en el Diario Baleares, en Blanco y Negro, en HOLA, Diario Pueblo y dirigi\u00f3 y realiz\u00f3 un programa en Radio Toledo. Colabor\u00f3 en Gaceta Ilustrada y en Iglesia en Madrid. Entre 1977 y 1980 dirigi\u00f3 el Departamento de Prensa de la Feria Internacional de Inform\u00e1tica: SIMO. Ha pronunciado m\u00e1s de 2.000 conferencias sobre temas de Educaci\u00f3n, Familia y Sociedad, en Espa\u00f1a, Italia, Portugal, B\u00e9lgica, Francia, Rusia y distintos pa\u00edses de Am\u00e9rica. Ha participado en muchos debates y mesas redondas de radio y televisi\u00f3n. Ha publicado art\u00edculos y documentos sobre Derechos de Familia, Libertad de Ense\u00f1anza y Pacto Escolar. Ha sido promotora y coautora de los documentos: \u201cLibertad de Ense\u00f1anza para Todos\u201d, a\u00f1o 1977 que fue traducido a varios idiomas y \u201cLa Libertad de Ense\u00f1anza en el Derecho Internacional y en los pa\u00edses miembros de la Comunidad Europea\u201d, a\u00f1o 1977. Es autora del cap\u00edtulo de \u201cEducaci\u00f3n\u201d en el libro \u201cDiez a\u00f1os despu\u00e9s de Franco\u201d (Ed. Planeta). Ha convocado y organizado manifestaciones p\u00fablicas en todas las provincias de Espa\u00f1a a favor de la Ense\u00f1anza y del Pacto Escolar, destacando la del Palacio de los Deportes de 1977, la Casa de Campo, 1979, la Plaza de Toros de Madrid, 1980, que culminaron con tres manifestaciones multitudinarias en Madrid: dos en el a\u00f1o 1983 y en 1984 la \u00faltima, con un mill\u00f3n de personas. Como Presidenta de la Uni\u00f3n Iberoamericana de Padres y Alumnos (UNIAPA) ha organizado 7 congresos sobre Educaci\u00f3n en distintos pa\u00edses de Iberoam\u00e9rica., dos en M\u00e9xico, en Colombia, Bolivia, Venezuela, Chile, Uruguay y Panam\u00e1. En 1989 firm\u00f3 un Acuerdo con la Organizaci\u00f3n Sovi\u00e9tica para la Paz para colaborar en la venida a Espa\u00f1a de profesores y alumnos de ese pa\u00eds. De 1989 a 1995 visitan Espa\u00f1a m\u00e1s de 2.000 alumnos y profesores sovi\u00e9ticos, que se hospedan en casas de familias espa\u00f1olas. Ha participado en congresos de Pedagog\u00eda en Mosc\u00fa, Dubn\u00e1, Kazajst\u00e1n, Lituania, San Petersburgo y en Alemania, B\u00e9lgica, Holanda, Italia, Irlanda, Francia, Inglaterra, Portugal, Dinamarca, Grecia, M\u00f3naco y Suecia. Ha recibido las distinciones siguientes: Encomienda de la Cruz de Alfonso X el Sabio, concedida por el Ministerio de Educaci\u00f3n, Dama de la Orden de San Gregorio Magno, dada por su Santidad el Papa Juan Pablo II, y Medalla de Oro de la Uni\u00f3n Iberoamericana de la Asociaci\u00f3n de Padres de Alumnos, UNIAPA. En el treinta aniversario de la Fundaci\u00f3n Independiente le hicieron un reconocimiento al servicio y compromiso prestado a la Fundaci\u00f3n Independiente y a la Sociedad Civil Espa\u00f1ola los \u00faltimos a\u00f1os.","sameAs":["https:\/\/www.cope.es"],"url":"https:\/\/www.cope.es\/blogs\/la-llama-viva\/author\/cdealvear\/"}]}},"amp_enabled":true,"_links":{"self":[{"href":"https:\/\/www.cope.es\/blogs\/la-llama-viva\/wp-json\/wp\/v2\/posts\/408","targetHints":{"allow":["GET"]}}],"collection":[{"href":"https:\/\/www.cope.es\/blogs\/la-llama-viva\/wp-json\/wp\/v2\/posts"}],"about":[{"href":"https:\/\/www.cope.es\/blogs\/la-llama-viva\/wp-json\/wp\/v2\/types\/post"}],"author":[{"embeddable":true,"href":"https:\/\/www.cope.es\/blogs\/la-llama-viva\/wp-json\/wp\/v2\/users\/50"}],"replies":[{"embeddable":true,"href":"https:\/\/www.cope.es\/blogs\/la-llama-viva\/wp-json\/wp\/v2\/comments?post=408"}],"version-history":[{"count":1,"href":"https:\/\/www.cope.es\/blogs\/la-llama-viva\/wp-json\/wp\/v2\/posts\/408\/revisions"}],"predecessor-version":[{"id":410,"href":"https:\/\/www.cope.es\/blogs\/la-llama-viva\/wp-json\/wp\/v2\/posts\/408\/revisions\/410"}],"wp:attachment":[{"href":"https:\/\/www.cope.es\/blogs\/la-llama-viva\/wp-json\/wp\/v2\/media?parent=408"}],"wp:term":[{"taxonomy":"category","embeddable":true,"href":"https:\/\/www.cope.es\/blogs\/la-llama-viva\/wp-json\/wp\/v2\/categories?post=408"},{"taxonomy":"post_tag","embeddable":true,"href":"https:\/\/www.cope.es\/blogs\/la-llama-viva\/wp-json\/wp\/v2\/tags?post=408"}],"curies":[{"name":"wp","href":"https:\/\/api.w.org\/{rel}","templated":true}]}}