{"id":320,"date":"2022-03-14T14:04:52","date_gmt":"2022-03-14T13:04:52","guid":{"rendered":"http:\/\/www.cope.es\/blogs\/la-llama-viva\/?p=320"},"modified":"2022-03-14T14:04:52","modified_gmt":"2022-03-14T13:04:52","slug":"los-cuatro-jinetes-del-apocalipsis","status":"publish","type":"post","link":"https:\/\/www.cope.es\/blogs\/la-llama-viva\/2022\/03\/14\/los-cuatro-jinetes-del-apocalipsis\/","title":{"rendered":"Los cuatro jinetes del apocalipsis"},"content":{"rendered":"<p><img loading=\"lazy\" decoding=\"async\" width=\"300\" height=\"200\" class=\"wp-image-321 alignleft\" src=\"http:\/\/www.cope.es\/blogs\/la-llama-viva\/wp-content\/uploads\/sites\/36\/2022\/03\/PUTIN-PARA-ALVEAR-300x200.jpg\" alt=\"\" srcset=\"https:\/\/www.cope.es\/blogs\/la-llama-viva\/wp-content\/uploads\/sites\/36\/2022\/03\/PUTIN-PARA-ALVEAR-300x200.jpg 300w, https:\/\/www.cope.es\/blogs\/la-llama-viva\/wp-content\/uploads\/sites\/36\/2022\/03\/PUTIN-PARA-ALVEAR-768x511.jpg 768w, https:\/\/www.cope.es\/blogs\/la-llama-viva\/wp-content\/uploads\/sites\/36\/2022\/03\/PUTIN-PARA-ALVEAR-408x272.jpg 408w, https:\/\/www.cope.es\/blogs\/la-llama-viva\/wp-content\/uploads\/sites\/36\/2022\/03\/PUTIN-PARA-ALVEAR.jpg 976w\" sizes=\"auto, (max-width: 300px) 100vw, 300px\" \/><\/p>\n<p>Cabalgan junto a los tanques al mando de <strong>un cerebro desequilibrado<\/strong> de ojos fijos y cara aplastada.<\/p>\n<p>Ha invadido Ucrania para destruirla y <strong>lo est\u00e1 consiguiendo<\/strong>. Ha mentido cuando dijo que sus bombas solo atacar\u00edan objetivos militares pero los proyectiles caen sobre la poblaci\u00f3n civil, que huye con lo puesto hacia las fronteras para poner a salvo a sus hijos.<\/p>\n<p>Cientos de fallecidos quedan atr\u00e1s, <strong>atrapados en sus casas<\/strong>. Los que no pueden huir se refugian como pueden en los s\u00f3tanos de los edificios. No hay comida, no hay medicamentos\u2026 Los m\u00e9dicos y las enfermeras hacen lo que pueden para salvar a los heridos.<\/p>\n<p>El \u00e9xodo es el mayor de este siglo en Europa. El presidente de Ucrania se mantiene firme animando a los hombres a defender su patria. En las fronteras j\u00f3venes y mayores se preparan para luchar. Es un pueblo valiente.<\/p>\n<p>Ni la OTAN ni Naciones Unidas pueden intervenir con sus tropas. Su ayuda consiste en enviar a las fronteras de Ucrania armas y medicamentos. Han intentado el di\u00e1logo para acabar con la guerra. Las principales empresas y bancos que operaban en Mosc\u00fa se han marchado. La poblaci\u00f3n rusa empieza a no tener comida y los que se manifiestan contra la guerra acaban en la c\u00e1rcel.<\/p>\n<p>En todos los pa\u00edses las calles se llenan de manifestantes contra una guerra que amenaza a la humanidad.<\/p>\n<h3><strong>Es David contra Goliat<\/strong><\/h3>\n<p>La sinraz\u00f3n del d\u00e9spota contra un mundo que quiere convivir en paz. Muchos hombres se quedan en Ucrania. A sus 97 a\u00f1os, el tenista m\u00e1s longevo del mundo sigue en su pa\u00eds y les dice a los que le invitan a marcharse: \u201cEsta es mi tierra y me quedo con mis hijos dispuesto a todo. Si hace falta morir\u00e9 por mi patria.\u201d<\/p>\n<p>&nbsp;<\/p>\n","protected":false},"excerpt":{"rendered":"<p>Cabalgan junto a los tanques al mando de un cerebro desequilibrado de ojos fijos y cara aplastada. Ha invadido Ucrania para destruirla y lo est\u00e1 consiguiendo. Ha mentido cuando dijo que sus bombas solo atacar\u00edan objetivos militares pero los proyectiles caen sobre la poblaci\u00f3n civil, que huye con lo puesto hacia las fronteras para poner [&hellip;]<\/p>\n","protected":false},"author":50,"featured_media":0,"comment_status":"open","ping_status":"open","sticky":false,"template":"","format":"standard","meta":{"footnotes":""},"categories":[1],"tags":[],"class_list":["post-320","post","type-post","status-publish","format-standard","hentry","category-sin-categoria"],"yoast_head":"<!-- This site is optimized with the Yoast SEO plugin v27.4 - https:\/\/yoast.com\/product\/yoast-seo-wordpress\/ -->\n<title>Los cuatro jinetes del apocalipsis - La llama Viva<\/title>\n<meta name=\"robots\" content=\"index, follow, max-snippet:-1, max-image-preview:large, max-video-preview:-1\" \/>\n<link rel=\"canonical\" href=\"https:\/\/www.cope.es\/blogs\/la-llama-viva\/2022\/03\/14\/los-cuatro-jinetes-del-apocalipsis\/\" \/>\n<meta property=\"og:locale\" content=\"es_ES\" \/>\n<meta property=\"og:type\" content=\"article\" \/>\n<meta property=\"og:title\" content=\"Los cuatro jinetes del apocalipsis - La llama Viva\" \/>\n<meta property=\"og:description\" content=\"Cabalgan junto a los tanques al mando de un cerebro desequilibrado de ojos fijos y cara aplastada. Ha invadido Ucrania para destruirla y lo est\u00e1 consiguiendo. Ha mentido cuando dijo que sus bombas solo atacar\u00edan objetivos militares pero los proyectiles caen sobre la poblaci\u00f3n civil, que huye con lo puesto hacia las fronteras para poner [&hellip;]\" \/>\n<meta property=\"og:url\" content=\"https:\/\/www.cope.es\/blogs\/la-llama-viva\/2022\/03\/14\/los-cuatro-jinetes-del-apocalipsis\/\" \/>\n<meta property=\"og:site_name\" content=\"La llama Viva\" \/>\n<meta property=\"article:publisher\" content=\"https:\/\/www.facebook.com\/cope\/\" \/>\n<meta property=\"article:published_time\" content=\"2022-03-14T13:04:52+00:00\" \/>\n<meta property=\"og:image\" content=\"http:\/\/www.cope.es\/blogs\/la-llama-viva\/wp-content\/uploads\/sites\/36\/2022\/03\/PUTIN-PARA-ALVEAR-300x200.jpg\" \/>\n<meta name=\"author\" content=\"Carmen de Alvear\" \/>\n<meta name=\"twitter:card\" content=\"summary_large_image\" \/>\n<meta name=\"twitter:creator\" content=\"@cope_es\" \/>\n<meta name=\"twitter:site\" content=\"@cope_es\" \/>\n<meta name=\"twitter:label1\" content=\"Escrito por\" \/>\n\t<meta name=\"twitter:data1\" content=\"Carmen de Alvear\" \/>\n\t<meta name=\"twitter:label2\" content=\"Tiempo de lectura\" \/>\n\t<meta name=\"twitter:data2\" content=\"2 minutos\" \/>\n<script type=\"application\/ld+json\" class=\"yoast-schema-graph\">{\"@context\":\"https:\\\/\\\/schema.org\",\"@graph\":[{\"@type\":\"Article\",\"@id\":\"https:\\\/\\\/www.cope.es\\\/blogs\\\/la-llama-viva\\\/2022\\\/03\\\/14\\\/los-cuatro-jinetes-del-apocalipsis\\\/#article\",\"isPartOf\":{\"@id\":\"https:\\\/\\\/www.cope.es\\\/blogs\\\/la-llama-viva\\\/2022\\\/03\\\/14\\\/los-cuatro-jinetes-del-apocalipsis\\\/\"},\"author\":{\"name\":\"Carmen de Alvear\",\"@id\":\"https:\\\/\\\/www.cope.es\\\/blogs\\\/la-llama-viva\\\/#\\\/schema\\\/person\\\/bbd13ba7605b7b12dd4e0a6553a2e40d\"},\"headline\":\"Los cuatro jinetes del apocalipsis\",\"datePublished\":\"2022-03-14T13:04:52+00:00\",\"mainEntityOfPage\":{\"@id\":\"https:\\\/\\\/www.cope.es\\\/blogs\\\/la-llama-viva\\\/2022\\\/03\\\/14\\\/los-cuatro-jinetes-del-apocalipsis\\\/\"},\"wordCount\":312,\"commentCount\":0,\"image\":{\"@id\":\"https:\\\/\\\/www.cope.es\\\/blogs\\\/la-llama-viva\\\/2022\\\/03\\\/14\\\/los-cuatro-jinetes-del-apocalipsis\\\/#primaryimage\"},\"thumbnailUrl\":\"http:\\\/\\\/www.cope.es\\\/blogs\\\/la-llama-viva\\\/wp-content\\\/uploads\\\/sites\\\/36\\\/2022\\\/03\\\/PUTIN-PARA-ALVEAR-300x200.jpg\",\"inLanguage\":\"es\",\"potentialAction\":[{\"@type\":\"CommentAction\",\"name\":\"Comment\",\"target\":[\"https:\\\/\\\/www.cope.es\\\/blogs\\\/la-llama-viva\\\/2022\\\/03\\\/14\\\/los-cuatro-jinetes-del-apocalipsis\\\/#respond\"]}]},{\"@type\":\"WebPage\",\"@id\":\"https:\\\/\\\/www.cope.es\\\/blogs\\\/la-llama-viva\\\/2022\\\/03\\\/14\\\/los-cuatro-jinetes-del-apocalipsis\\\/\",\"url\":\"https:\\\/\\\/www.cope.es\\\/blogs\\\/la-llama-viva\\\/2022\\\/03\\\/14\\\/los-cuatro-jinetes-del-apocalipsis\\\/\",\"name\":\"Los cuatro jinetes del apocalipsis - La llama Viva\",\"isPartOf\":{\"@id\":\"https:\\\/\\\/www.cope.es\\\/blogs\\\/la-llama-viva\\\/#website\"},\"primaryImageOfPage\":{\"@id\":\"https:\\\/\\\/www.cope.es\\\/blogs\\\/la-llama-viva\\\/2022\\\/03\\\/14\\\/los-cuatro-jinetes-del-apocalipsis\\\/#primaryimage\"},\"image\":{\"@id\":\"https:\\\/\\\/www.cope.es\\\/blogs\\\/la-llama-viva\\\/2022\\\/03\\\/14\\\/los-cuatro-jinetes-del-apocalipsis\\\/#primaryimage\"},\"thumbnailUrl\":\"http:\\\/\\\/www.cope.es\\\/blogs\\\/la-llama-viva\\\/wp-content\\\/uploads\\\/sites\\\/36\\\/2022\\\/03\\\/PUTIN-PARA-ALVEAR-300x200.jpg\",\"datePublished\":\"2022-03-14T13:04:52+00:00\",\"author\":{\"@id\":\"https:\\\/\\\/www.cope.es\\\/blogs\\\/la-llama-viva\\\/#\\\/schema\\\/person\\\/bbd13ba7605b7b12dd4e0a6553a2e40d\"},\"breadcrumb\":{\"@id\":\"https:\\\/\\\/www.cope.es\\\/blogs\\\/la-llama-viva\\\/2022\\\/03\\\/14\\\/los-cuatro-jinetes-del-apocalipsis\\\/#breadcrumb\"},\"inLanguage\":\"es\",\"potentialAction\":[{\"@type\":\"ReadAction\",\"target\":[\"https:\\\/\\\/www.cope.es\\\/blogs\\\/la-llama-viva\\\/2022\\\/03\\\/14\\\/los-cuatro-jinetes-del-apocalipsis\\\/\"]}]},{\"@type\":\"ImageObject\",\"inLanguage\":\"es\",\"@id\":\"https:\\\/\\\/www.cope.es\\\/blogs\\\/la-llama-viva\\\/2022\\\/03\\\/14\\\/los-cuatro-jinetes-del-apocalipsis\\\/#primaryimage\",\"url\":\"https:\\\/\\\/www.cope.es\\\/blogs\\\/la-llama-viva\\\/wp-content\\\/uploads\\\/sites\\\/36\\\/2022\\\/03\\\/PUTIN-PARA-ALVEAR.jpg\",\"contentUrl\":\"https:\\\/\\\/www.cope.es\\\/blogs\\\/la-llama-viva\\\/wp-content\\\/uploads\\\/sites\\\/36\\\/2022\\\/03\\\/PUTIN-PARA-ALVEAR.jpg\",\"width\":976,\"height\":650},{\"@type\":\"BreadcrumbList\",\"@id\":\"https:\\\/\\\/www.cope.es\\\/blogs\\\/la-llama-viva\\\/2022\\\/03\\\/14\\\/los-cuatro-jinetes-del-apocalipsis\\\/#breadcrumb\",\"itemListElement\":[{\"@type\":\"ListItem\",\"position\":1,\"name\":\"Portada\",\"item\":\"https:\\\/\\\/www.cope.es\\\/blogs\\\/la-llama-viva\\\/\"},{\"@type\":\"ListItem\",\"position\":2,\"name\":\"Los cuatro jinetes del apocalipsis\"}]},{\"@type\":\"WebSite\",\"@id\":\"https:\\\/\\\/www.cope.es\\\/blogs\\\/la-llama-viva\\\/#website\",\"url\":\"https:\\\/\\\/www.cope.es\\\/blogs\\\/la-llama-viva\\\/\",\"name\":\"La llama Viva\",\"description\":\"La llama Viva el blog de Carmen de Alvear\",\"potentialAction\":[{\"@type\":\"SearchAction\",\"target\":{\"@type\":\"EntryPoint\",\"urlTemplate\":\"https:\\\/\\\/www.cope.es\\\/blogs\\\/la-llama-viva\\\/?s={search_term_string}\"},\"query-input\":{\"@type\":\"PropertyValueSpecification\",\"valueRequired\":true,\"valueName\":\"search_term_string\"}}],\"inLanguage\":\"es\"},{\"@type\":\"Person\",\"@id\":\"https:\\\/\\\/www.cope.es\\\/blogs\\\/la-llama-viva\\\/#\\\/schema\\\/person\\\/bbd13ba7605b7b12dd4e0a6553a2e40d\",\"name\":\"Carmen de Alvear\",\"image\":{\"@type\":\"ImageObject\",\"inLanguage\":\"es\",\"@id\":\"https:\\\/\\\/secure.gravatar.com\\\/avatar\\\/5b6ba86c00b812d2447be2ab85a817d6424fc2a146e43b3e1d85a50429212e03?s=96&d=mm&r=g\",\"url\":\"https:\\\/\\\/secure.gravatar.com\\\/avatar\\\/5b6ba86c00b812d2447be2ab85a817d6424fc2a146e43b3e1d85a50429212e03?s=96&d=mm&r=g\",\"contentUrl\":\"https:\\\/\\\/secure.gravatar.com\\\/avatar\\\/5b6ba86c00b812d2447be2ab85a817d6424fc2a146e43b3e1d85a50429212e03?s=96&d=mm&r=g\",\"caption\":\"Carmen de Alvear\"},\"description\":\"Espa\u00f1ola, casada, madre de 8 hijos, 15 nietos y una biznieta. Estudios: Enfermera diplomada, licenciada en Periodismo en Madrid, t\u00e9cnica en Medios Audiovisuales por la Universidad Aut\u00f3noma de Madrid. Experta en temas de Familia y Educaci\u00f3n con numerosas acreditaciones. Profesor Honorario del Curso de Altos Estudios Internacionales. Actividades: Entre los a\u00f1os 1951 y 1976 escribi\u00f3 en el Diario Baleares, en Blanco y Negro, en HOLA, Diario Pueblo y dirigi\u00f3 y realiz\u00f3 un programa en Radio Toledo. Colabor\u00f3 en Gaceta Ilustrada y en Iglesia en Madrid. Entre 1977 y 1980 dirigi\u00f3 el Departamento de Prensa de la Feria Internacional de Inform\u00e1tica: SIMO. Ha pronunciado m\u00e1s de 2.000 conferencias sobre temas de Educaci\u00f3n, Familia y Sociedad, en Espa\u00f1a, Italia, Portugal, B\u00e9lgica, Francia, Rusia y distintos pa\u00edses de Am\u00e9rica. Ha participado en muchos debates y mesas redondas de radio y televisi\u00f3n. Ha publicado art\u00edculos y documentos sobre Derechos de Familia, Libertad de Ense\u00f1anza y Pacto Escolar. Ha sido promotora y coautora de los documentos: \u201cLibertad de Ense\u00f1anza para Todos\u201d, a\u00f1o 1977 que fue traducido a varios idiomas y \u201cLa Libertad de Ense\u00f1anza en el Derecho Internacional y en los pa\u00edses miembros de la Comunidad Europea\u201d, a\u00f1o 1977. Es autora del cap\u00edtulo de \u201cEducaci\u00f3n\u201d en el libro \u201cDiez a\u00f1os despu\u00e9s de Franco\u201d (Ed. Planeta). Ha convocado y organizado manifestaciones p\u00fablicas en todas las provincias de Espa\u00f1a a favor de la Ense\u00f1anza y del Pacto Escolar, destacando la del Palacio de los Deportes de 1977, la Casa de Campo, 1979, la Plaza de Toros de Madrid, 1980, que culminaron con tres manifestaciones multitudinarias en Madrid: dos en el a\u00f1o 1983 y en 1984 la \u00faltima, con un mill\u00f3n de personas. Como Presidenta de la Uni\u00f3n Iberoamericana de Padres y Alumnos (UNIAPA) ha organizado 7 congresos sobre Educaci\u00f3n en distintos pa\u00edses de Iberoam\u00e9rica., dos en M\u00e9xico, en Colombia, Bolivia, Venezuela, Chile, Uruguay y Panam\u00e1. En 1989 firm\u00f3 un Acuerdo con la Organizaci\u00f3n Sovi\u00e9tica para la Paz para colaborar en la venida a Espa\u00f1a de profesores y alumnos de ese pa\u00eds. De 1989 a 1995 visitan Espa\u00f1a m\u00e1s de 2.000 alumnos y profesores sovi\u00e9ticos, que se hospedan en casas de familias espa\u00f1olas. Ha participado en congresos de Pedagog\u00eda en Mosc\u00fa, Dubn\u00e1, Kazajst\u00e1n, Lituania, San Petersburgo y en Alemania, B\u00e9lgica, Holanda, Italia, Irlanda, Francia, Inglaterra, Portugal, Dinamarca, Grecia, M\u00f3naco y Suecia. Ha recibido las distinciones siguientes: Encomienda de la Cruz de Alfonso X el Sabio, concedida por el Ministerio de Educaci\u00f3n, Dama de la Orden de San Gregorio Magno, dada por su Santidad el Papa Juan Pablo II, y Medalla de Oro de la Uni\u00f3n Iberoamericana de la Asociaci\u00f3n de Padres de Alumnos, UNIAPA. En el treinta aniversario de la Fundaci\u00f3n Independiente le hicieron un reconocimiento al servicio y compromiso prestado a la Fundaci\u00f3n Independiente y a la Sociedad Civil Espa\u00f1ola los \u00faltimos a\u00f1os.\",\"sameAs\":[\"https:\\\/\\\/www.cope.es\"],\"url\":\"https:\\\/\\\/www.cope.es\\\/blogs\\\/la-llama-viva\\\/author\\\/cdealvear\\\/\"}]}<\/script>\n<!-- \/ Yoast SEO plugin. -->","yoast_head_json":{"title":"Los cuatro jinetes del apocalipsis - La llama Viva","robots":{"index":"index","follow":"follow","max-snippet":"max-snippet:-1","max-image-preview":"max-image-preview:large","max-video-preview":"max-video-preview:-1"},"canonical":"https:\/\/www.cope.es\/blogs\/la-llama-viva\/2022\/03\/14\/los-cuatro-jinetes-del-apocalipsis\/","og_locale":"es_ES","og_type":"article","og_title":"Los cuatro jinetes del apocalipsis - La llama Viva","og_description":"Cabalgan junto a los tanques al mando de un cerebro desequilibrado de ojos fijos y cara aplastada. Ha invadido Ucrania para destruirla y lo est\u00e1 consiguiendo. Ha mentido cuando dijo que sus bombas solo atacar\u00edan objetivos militares pero los proyectiles caen sobre la poblaci\u00f3n civil, que huye con lo puesto hacia las fronteras para poner [&hellip;]","og_url":"https:\/\/www.cope.es\/blogs\/la-llama-viva\/2022\/03\/14\/los-cuatro-jinetes-del-apocalipsis\/","og_site_name":"La llama Viva","article_publisher":"https:\/\/www.facebook.com\/cope\/","article_published_time":"2022-03-14T13:04:52+00:00","og_image":[{"url":"http:\/\/www.cope.es\/blogs\/la-llama-viva\/wp-content\/uploads\/sites\/36\/2022\/03\/PUTIN-PARA-ALVEAR-300x200.jpg","type":"","width":"","height":""}],"author":"Carmen de Alvear","twitter_card":"summary_large_image","twitter_creator":"@cope_es","twitter_site":"@cope_es","twitter_misc":{"Escrito por":"Carmen de Alvear","Tiempo de lectura":"2 minutos"},"schema":{"@context":"https:\/\/schema.org","@graph":[{"@type":"Article","@id":"https:\/\/www.cope.es\/blogs\/la-llama-viva\/2022\/03\/14\/los-cuatro-jinetes-del-apocalipsis\/#article","isPartOf":{"@id":"https:\/\/www.cope.es\/blogs\/la-llama-viva\/2022\/03\/14\/los-cuatro-jinetes-del-apocalipsis\/"},"author":{"name":"Carmen de Alvear","@id":"https:\/\/www.cope.es\/blogs\/la-llama-viva\/#\/schema\/person\/bbd13ba7605b7b12dd4e0a6553a2e40d"},"headline":"Los cuatro jinetes del apocalipsis","datePublished":"2022-03-14T13:04:52+00:00","mainEntityOfPage":{"@id":"https:\/\/www.cope.es\/blogs\/la-llama-viva\/2022\/03\/14\/los-cuatro-jinetes-del-apocalipsis\/"},"wordCount":312,"commentCount":0,"image":{"@id":"https:\/\/www.cope.es\/blogs\/la-llama-viva\/2022\/03\/14\/los-cuatro-jinetes-del-apocalipsis\/#primaryimage"},"thumbnailUrl":"http:\/\/www.cope.es\/blogs\/la-llama-viva\/wp-content\/uploads\/sites\/36\/2022\/03\/PUTIN-PARA-ALVEAR-300x200.jpg","inLanguage":"es","potentialAction":[{"@type":"CommentAction","name":"Comment","target":["https:\/\/www.cope.es\/blogs\/la-llama-viva\/2022\/03\/14\/los-cuatro-jinetes-del-apocalipsis\/#respond"]}]},{"@type":"WebPage","@id":"https:\/\/www.cope.es\/blogs\/la-llama-viva\/2022\/03\/14\/los-cuatro-jinetes-del-apocalipsis\/","url":"https:\/\/www.cope.es\/blogs\/la-llama-viva\/2022\/03\/14\/los-cuatro-jinetes-del-apocalipsis\/","name":"Los cuatro jinetes del apocalipsis - La llama Viva","isPartOf":{"@id":"https:\/\/www.cope.es\/blogs\/la-llama-viva\/#website"},"primaryImageOfPage":{"@id":"https:\/\/www.cope.es\/blogs\/la-llama-viva\/2022\/03\/14\/los-cuatro-jinetes-del-apocalipsis\/#primaryimage"},"image":{"@id":"https:\/\/www.cope.es\/blogs\/la-llama-viva\/2022\/03\/14\/los-cuatro-jinetes-del-apocalipsis\/#primaryimage"},"thumbnailUrl":"http:\/\/www.cope.es\/blogs\/la-llama-viva\/wp-content\/uploads\/sites\/36\/2022\/03\/PUTIN-PARA-ALVEAR-300x200.jpg","datePublished":"2022-03-14T13:04:52+00:00","author":{"@id":"https:\/\/www.cope.es\/blogs\/la-llama-viva\/#\/schema\/person\/bbd13ba7605b7b12dd4e0a6553a2e40d"},"breadcrumb":{"@id":"https:\/\/www.cope.es\/blogs\/la-llama-viva\/2022\/03\/14\/los-cuatro-jinetes-del-apocalipsis\/#breadcrumb"},"inLanguage":"es","potentialAction":[{"@type":"ReadAction","target":["https:\/\/www.cope.es\/blogs\/la-llama-viva\/2022\/03\/14\/los-cuatro-jinetes-del-apocalipsis\/"]}]},{"@type":"ImageObject","inLanguage":"es","@id":"https:\/\/www.cope.es\/blogs\/la-llama-viva\/2022\/03\/14\/los-cuatro-jinetes-del-apocalipsis\/#primaryimage","url":"https:\/\/www.cope.es\/blogs\/la-llama-viva\/wp-content\/uploads\/sites\/36\/2022\/03\/PUTIN-PARA-ALVEAR.jpg","contentUrl":"https:\/\/www.cope.es\/blogs\/la-llama-viva\/wp-content\/uploads\/sites\/36\/2022\/03\/PUTIN-PARA-ALVEAR.jpg","width":976,"height":650},{"@type":"BreadcrumbList","@id":"https:\/\/www.cope.es\/blogs\/la-llama-viva\/2022\/03\/14\/los-cuatro-jinetes-del-apocalipsis\/#breadcrumb","itemListElement":[{"@type":"ListItem","position":1,"name":"Portada","item":"https:\/\/www.cope.es\/blogs\/la-llama-viva\/"},{"@type":"ListItem","position":2,"name":"Los cuatro jinetes del apocalipsis"}]},{"@type":"WebSite","@id":"https:\/\/www.cope.es\/blogs\/la-llama-viva\/#website","url":"https:\/\/www.cope.es\/blogs\/la-llama-viva\/","name":"La llama Viva","description":"La llama Viva el blog de Carmen de Alvear","potentialAction":[{"@type":"SearchAction","target":{"@type":"EntryPoint","urlTemplate":"https:\/\/www.cope.es\/blogs\/la-llama-viva\/?s={search_term_string}"},"query-input":{"@type":"PropertyValueSpecification","valueRequired":true,"valueName":"search_term_string"}}],"inLanguage":"es"},{"@type":"Person","@id":"https:\/\/www.cope.es\/blogs\/la-llama-viva\/#\/schema\/person\/bbd13ba7605b7b12dd4e0a6553a2e40d","name":"Carmen de Alvear","image":{"@type":"ImageObject","inLanguage":"es","@id":"https:\/\/secure.gravatar.com\/avatar\/5b6ba86c00b812d2447be2ab85a817d6424fc2a146e43b3e1d85a50429212e03?s=96&d=mm&r=g","url":"https:\/\/secure.gravatar.com\/avatar\/5b6ba86c00b812d2447be2ab85a817d6424fc2a146e43b3e1d85a50429212e03?s=96&d=mm&r=g","contentUrl":"https:\/\/secure.gravatar.com\/avatar\/5b6ba86c00b812d2447be2ab85a817d6424fc2a146e43b3e1d85a50429212e03?s=96&d=mm&r=g","caption":"Carmen de Alvear"},"description":"Espa\u00f1ola, casada, madre de 8 hijos, 15 nietos y una biznieta. Estudios: Enfermera diplomada, licenciada en Periodismo en Madrid, t\u00e9cnica en Medios Audiovisuales por la Universidad Aut\u00f3noma de Madrid. Experta en temas de Familia y Educaci\u00f3n con numerosas acreditaciones. Profesor Honorario del Curso de Altos Estudios Internacionales. Actividades: Entre los a\u00f1os 1951 y 1976 escribi\u00f3 en el Diario Baleares, en Blanco y Negro, en HOLA, Diario Pueblo y dirigi\u00f3 y realiz\u00f3 un programa en Radio Toledo. Colabor\u00f3 en Gaceta Ilustrada y en Iglesia en Madrid. Entre 1977 y 1980 dirigi\u00f3 el Departamento de Prensa de la Feria Internacional de Inform\u00e1tica: SIMO. Ha pronunciado m\u00e1s de 2.000 conferencias sobre temas de Educaci\u00f3n, Familia y Sociedad, en Espa\u00f1a, Italia, Portugal, B\u00e9lgica, Francia, Rusia y distintos pa\u00edses de Am\u00e9rica. Ha participado en muchos debates y mesas redondas de radio y televisi\u00f3n. Ha publicado art\u00edculos y documentos sobre Derechos de Familia, Libertad de Ense\u00f1anza y Pacto Escolar. Ha sido promotora y coautora de los documentos: \u201cLibertad de Ense\u00f1anza para Todos\u201d, a\u00f1o 1977 que fue traducido a varios idiomas y \u201cLa Libertad de Ense\u00f1anza en el Derecho Internacional y en los pa\u00edses miembros de la Comunidad Europea\u201d, a\u00f1o 1977. Es autora del cap\u00edtulo de \u201cEducaci\u00f3n\u201d en el libro \u201cDiez a\u00f1os despu\u00e9s de Franco\u201d (Ed. Planeta). Ha convocado y organizado manifestaciones p\u00fablicas en todas las provincias de Espa\u00f1a a favor de la Ense\u00f1anza y del Pacto Escolar, destacando la del Palacio de los Deportes de 1977, la Casa de Campo, 1979, la Plaza de Toros de Madrid, 1980, que culminaron con tres manifestaciones multitudinarias en Madrid: dos en el a\u00f1o 1983 y en 1984 la \u00faltima, con un mill\u00f3n de personas. Como Presidenta de la Uni\u00f3n Iberoamericana de Padres y Alumnos (UNIAPA) ha organizado 7 congresos sobre Educaci\u00f3n en distintos pa\u00edses de Iberoam\u00e9rica., dos en M\u00e9xico, en Colombia, Bolivia, Venezuela, Chile, Uruguay y Panam\u00e1. En 1989 firm\u00f3 un Acuerdo con la Organizaci\u00f3n Sovi\u00e9tica para la Paz para colaborar en la venida a Espa\u00f1a de profesores y alumnos de ese pa\u00eds. De 1989 a 1995 visitan Espa\u00f1a m\u00e1s de 2.000 alumnos y profesores sovi\u00e9ticos, que se hospedan en casas de familias espa\u00f1olas. Ha participado en congresos de Pedagog\u00eda en Mosc\u00fa, Dubn\u00e1, Kazajst\u00e1n, Lituania, San Petersburgo y en Alemania, B\u00e9lgica, Holanda, Italia, Irlanda, Francia, Inglaterra, Portugal, Dinamarca, Grecia, M\u00f3naco y Suecia. Ha recibido las distinciones siguientes: Encomienda de la Cruz de Alfonso X el Sabio, concedida por el Ministerio de Educaci\u00f3n, Dama de la Orden de San Gregorio Magno, dada por su Santidad el Papa Juan Pablo II, y Medalla de Oro de la Uni\u00f3n Iberoamericana de la Asociaci\u00f3n de Padres de Alumnos, UNIAPA. En el treinta aniversario de la Fundaci\u00f3n Independiente le hicieron un reconocimiento al servicio y compromiso prestado a la Fundaci\u00f3n Independiente y a la Sociedad Civil Espa\u00f1ola los \u00faltimos a\u00f1os.","sameAs":["https:\/\/www.cope.es"],"url":"https:\/\/www.cope.es\/blogs\/la-llama-viva\/author\/cdealvear\/"}]}},"amp_enabled":true,"_links":{"self":[{"href":"https:\/\/www.cope.es\/blogs\/la-llama-viva\/wp-json\/wp\/v2\/posts\/320","targetHints":{"allow":["GET"]}}],"collection":[{"href":"https:\/\/www.cope.es\/blogs\/la-llama-viva\/wp-json\/wp\/v2\/posts"}],"about":[{"href":"https:\/\/www.cope.es\/blogs\/la-llama-viva\/wp-json\/wp\/v2\/types\/post"}],"author":[{"embeddable":true,"href":"https:\/\/www.cope.es\/blogs\/la-llama-viva\/wp-json\/wp\/v2\/users\/50"}],"replies":[{"embeddable":true,"href":"https:\/\/www.cope.es\/blogs\/la-llama-viva\/wp-json\/wp\/v2\/comments?post=320"}],"version-history":[{"count":2,"href":"https:\/\/www.cope.es\/blogs\/la-llama-viva\/wp-json\/wp\/v2\/posts\/320\/revisions"}],"predecessor-version":[{"id":323,"href":"https:\/\/www.cope.es\/blogs\/la-llama-viva\/wp-json\/wp\/v2\/posts\/320\/revisions\/323"}],"wp:attachment":[{"href":"https:\/\/www.cope.es\/blogs\/la-llama-viva\/wp-json\/wp\/v2\/media?parent=320"}],"wp:term":[{"taxonomy":"category","embeddable":true,"href":"https:\/\/www.cope.es\/blogs\/la-llama-viva\/wp-json\/wp\/v2\/categories?post=320"},{"taxonomy":"post_tag","embeddable":true,"href":"https:\/\/www.cope.es\/blogs\/la-llama-viva\/wp-json\/wp\/v2\/tags?post=320"}],"curies":[{"name":"wp","href":"https:\/\/api.w.org\/{rel}","templated":true}]}}