{"id":739,"date":"2023-02-15T14:15:42","date_gmt":"2023-02-15T13:15:42","guid":{"rendered":"http:\/\/www.cope.es\/blogs\/excelencia-literaria\/?p=739"},"modified":"2023-02-15T14:19:15","modified_gmt":"2023-02-15T13:19:15","slug":"el-norte","status":"publish","type":"post","link":"https:\/\/www.cope.es\/blogs\/excelencia-literaria\/2023\/02\/15\/el-norte\/","title":{"rendered":"El Norte"},"content":{"rendered":"<p style=\"text-align: center\"><img loading=\"lazy\" decoding=\"async\" width=\"150\" height=\"150\" class=\"alignnone wp-image-743 size-thumbnail\" src=\"http:\/\/www.cope.es\/blogs\/excelencia-literaria\/wp-content\/uploads\/sites\/16\/2023\/02\/Isabel-Ros-1-150x150.jpg\" alt=\"\" srcset=\"https:\/\/www.cope.es\/blogs\/excelencia-literaria\/wp-content\/uploads\/sites\/16\/2023\/02\/Isabel-Ros-1-150x150.jpg 150w, https:\/\/www.cope.es\/blogs\/excelencia-literaria\/wp-content\/uploads\/sites\/16\/2023\/02\/Isabel-Ros-1-170x170.jpg 170w, https:\/\/www.cope.es\/blogs\/excelencia-literaria\/wp-content\/uploads\/sites\/16\/2023\/02\/Isabel-Ros-1-73x73.jpg 73w, https:\/\/www.cope.es\/blogs\/excelencia-literaria\/wp-content\/uploads\/sites\/16\/2023\/02\/Isabel-Ros-1-108x108.jpg 108w\" sizes=\"auto, (max-width: 150px) 100vw, 150px\" \/><\/p>\n<p style=\"text-align: center\">Isabel Ros, ganadora de la XII edici\u00f3n<\/p>\n<p style=\"text-align: center\">www.excelencialiteraria.com<\/p>\n<p>&nbsp;<\/p>\n<p>&nbsp;<\/p>\n<p><em>\u00bfQu\u00e9 imagen te transmite calma y placidez?<\/em><\/p>\n<p><em>\u00bfCu\u00e1l es tu recuerdo m\u00e1s feliz?<\/em><\/p>\n<p>Para Sandra, la respuesta a estas dos preguntas siempre era la misma: el \u00faltimo verano que pas\u00f3 con su madre, a orillas del mar Cant\u00e1brico. Fueron un par de semanas plenas, que disfrutaron hasta la \u00faltima gota.<\/p>\n<p>Siempre hab\u00edan estado las dos juntas y solas. Y siempre se hab\u00edan llevado muy bien, incluso cuando la adolescencia hizo estragos en el car\u00e1cter de Sandra.<\/p>\n<p>Sol\u00edan pasar el verano en la ciudad, pero aprovechaban los pocos d\u00edas de vacaciones de la madre para hacer un viaje. Sin variaci\u00f3n, iban al Norte, que les atra\u00eda como un im\u00e1n al hierro.<\/p>\n<p>Desde que Sandra termin\u00f3 sus estudios y consigui\u00f3 una plaza en un hospital para ejercer la enfermer\u00eda, hac\u00edan lo imposible en agosto por hacer coincidir sus d\u00edas feriados. Viv\u00edan juntas, pero los compromisos profesionales y sociales hab\u00edan provocado que sus momentos compartidos fueran escasos. Aun as\u00ed, nunca dejaron de encontrar hueco en sus agendas para hacer <em>planes de chicas<\/em>, que tanto les divert\u00edan.<\/p>\n<p>De peque\u00f1a, Sandra hab\u00eda sentido envidia de sus amigas, que pod\u00edan permitirse esos momentos de diversi\u00f3n exclusiva con sus hermanas. Ella no pod\u00eda, porque no las ten\u00eda.\u00a0Un d\u00eda no aguant\u00f3 m\u00e1s y rompi\u00f3 a llorar. A partir de entonces, su madre instituy\u00f3, resuelta y conocedora de lo que su hija necesitaba, que las noches de los s\u00e1bados saldr\u00edan juntas por la ciudad para hacer realidad esos planes propios de las mujeres, como si no pasaran juntas todos los momentos de la semana.<\/p>\n<p>Desde que falleci\u00f3, Sandra ten\u00eda un recuerdo grabado a fuego. Ocurri\u00f3 una noche de finales de agosto, en el Norte, donde tambi\u00e9n viv\u00edan la costumbre de aquellas diversiones exclusivas para chicas. Se rieron tanto, que su madre se atragant\u00f3 con el vino tinto; casi las echaron de la terraza en la que se hab\u00edan sentado, por escandalosas. S\u00ed, le gustaba que el recuerdo m\u00e1s frecuente de su madre tuviera el sonido de su risa.\u00a0Por eso, cuando le preguntaban por el momento m\u00e1s feliz de su vida, aseguraba, sin dudarlo un instante y con el dibujo de una sonrisa:<\/p>\n<p>\u2013Emborracharme de carcajadas con mam\u00e1.<\/p>\n<p>Despu\u00e9s miraba al cielo y le gui\u00f1aba un ojo a una nube.<\/p>\n","protected":false},"excerpt":{"rendered":"<p>Isabel Ros, ganadora de la XII edici\u00f3n www.excelencialiteraria.com &nbsp; &nbsp; \u00bfQu\u00e9 imagen te transmite calma y placidez? \u00bfCu\u00e1l es tu recuerdo m\u00e1s feliz? Para Sandra, la respuesta a estas dos preguntas siempre era la misma: el \u00faltimo verano que pas\u00f3 con su madre, a orillas del mar Cant\u00e1brico. Fueron un par de semanas plenas, que [&hellip;]<\/p>\n","protected":false},"author":16,"featured_media":0,"comment_status":"open","ping_status":"open","sticky":false,"template":"","format":"standard","meta":{"footnotes":""},"categories":[3],"tags":[104,103,101,16,100,102,105,106],"class_list":["post-739","post","type-post","status-publish","format-standard","hentry","category-relato","tag-hija","tag-madre","tag-mar","tag-memoria","tag-norte","tag-oceano","tag-recuerdo","tag-risa"],"yoast_head":"<!-- This site is optimized with the Yoast SEO plugin v27.4 - https:\/\/yoast.com\/product\/yoast-seo-wordpress\/ -->\n<title>El Norte - Excelencia Literaria<\/title>\n<meta name=\"robots\" content=\"index, follow, max-snippet:-1, max-image-preview:large, max-video-preview:-1\" \/>\n<link rel=\"canonical\" href=\"https:\/\/www.cope.es\/blogs\/excelencia-literaria\/2023\/02\/15\/el-norte\/\" \/>\n<meta property=\"og:locale\" content=\"es_ES\" \/>\n<meta property=\"og:type\" content=\"article\" \/>\n<meta property=\"og:title\" content=\"El Norte - Excelencia Literaria\" \/>\n<meta property=\"og:description\" content=\"Isabel Ros, ganadora de la XII edici\u00f3n www.excelencialiteraria.com &nbsp; &nbsp; \u00bfQu\u00e9 imagen te transmite calma y placidez? \u00bfCu\u00e1l es tu recuerdo m\u00e1s feliz? Para Sandra, la respuesta a estas dos preguntas siempre era la misma: el \u00faltimo verano que pas\u00f3 con su madre, a orillas del mar Cant\u00e1brico. Fueron un par de semanas plenas, que [&hellip;]\" \/>\n<meta property=\"og:url\" content=\"https:\/\/www.cope.es\/blogs\/excelencia-literaria\/2023\/02\/15\/el-norte\/\" \/>\n<meta property=\"og:site_name\" content=\"Excelencia Literaria\" \/>\n<meta property=\"article:publisher\" content=\"https:\/\/www.facebook.com\/cope\/\" \/>\n<meta property=\"article:published_time\" content=\"2023-02-15T13:15:42+00:00\" \/>\n<meta property=\"article:modified_time\" content=\"2023-02-15T13:19:15+00:00\" \/>\n<meta property=\"og:image\" content=\"http:\/\/www.cope.es\/blogs\/excelencia-literaria\/wp-content\/uploads\/sites\/16\/2023\/02\/Isabel-Ros-1-150x150.jpg\" \/>\n<meta name=\"author\" content=\"Excelencia Literaria\" \/>\n<meta name=\"twitter:card\" content=\"summary_large_image\" \/>\n<meta name=\"twitter:creator\" content=\"@cope_es\" \/>\n<meta name=\"twitter:site\" content=\"@cope_es\" \/>\n<meta name=\"twitter:label1\" content=\"Escrito por\" \/>\n\t<meta name=\"twitter:data1\" content=\"Excelencia Literaria\" \/>\n\t<meta name=\"twitter:label2\" content=\"Tiempo de lectura\" \/>\n\t<meta name=\"twitter:data2\" content=\"2 minutos\" \/>\n<script type=\"application\/ld+json\" class=\"yoast-schema-graph\">{\"@context\":\"https:\\\/\\\/schema.org\",\"@graph\":[{\"@type\":\"Article\",\"@id\":\"https:\\\/\\\/www.cope.es\\\/blogs\\\/excelencia-literaria\\\/2023\\\/02\\\/15\\\/el-norte\\\/#article\",\"isPartOf\":{\"@id\":\"https:\\\/\\\/www.cope.es\\\/blogs\\\/excelencia-literaria\\\/2023\\\/02\\\/15\\\/el-norte\\\/\"},\"author\":{\"name\":\"Excelencia Literaria\",\"@id\":\"https:\\\/\\\/www.cope.es\\\/blogs\\\/excelencia-literaria\\\/#\\\/schema\\\/person\\\/c368ebd3446f6a5bbf0f8cd15b24fbb8\"},\"headline\":\"El Norte\",\"datePublished\":\"2023-02-15T13:15:42+00:00\",\"dateModified\":\"2023-02-15T13:19:15+00:00\",\"mainEntityOfPage\":{\"@id\":\"https:\\\/\\\/www.cope.es\\\/blogs\\\/excelencia-literaria\\\/2023\\\/02\\\/15\\\/el-norte\\\/\"},\"wordCount\":422,\"commentCount\":0,\"image\":{\"@id\":\"https:\\\/\\\/www.cope.es\\\/blogs\\\/excelencia-literaria\\\/2023\\\/02\\\/15\\\/el-norte\\\/#primaryimage\"},\"thumbnailUrl\":\"http:\\\/\\\/www.cope.es\\\/blogs\\\/excelencia-literaria\\\/wp-content\\\/uploads\\\/sites\\\/16\\\/2023\\\/02\\\/Isabel-Ros-1-150x150.jpg\",\"keywords\":[\"hija\",\"madre\",\"mar\",\"memoria\",\"Norte\",\"oc\u00e9ano\",\"recuerdo\",\"risa\"],\"articleSection\":[\"RELATO\"],\"inLanguage\":\"es\",\"potentialAction\":[{\"@type\":\"CommentAction\",\"name\":\"Comment\",\"target\":[\"https:\\\/\\\/www.cope.es\\\/blogs\\\/excelencia-literaria\\\/2023\\\/02\\\/15\\\/el-norte\\\/#respond\"]}]},{\"@type\":\"WebPage\",\"@id\":\"https:\\\/\\\/www.cope.es\\\/blogs\\\/excelencia-literaria\\\/2023\\\/02\\\/15\\\/el-norte\\\/\",\"url\":\"https:\\\/\\\/www.cope.es\\\/blogs\\\/excelencia-literaria\\\/2023\\\/02\\\/15\\\/el-norte\\\/\",\"name\":\"El Norte - Excelencia Literaria\",\"isPartOf\":{\"@id\":\"https:\\\/\\\/www.cope.es\\\/blogs\\\/excelencia-literaria\\\/#website\"},\"primaryImageOfPage\":{\"@id\":\"https:\\\/\\\/www.cope.es\\\/blogs\\\/excelencia-literaria\\\/2023\\\/02\\\/15\\\/el-norte\\\/#primaryimage\"},\"image\":{\"@id\":\"https:\\\/\\\/www.cope.es\\\/blogs\\\/excelencia-literaria\\\/2023\\\/02\\\/15\\\/el-norte\\\/#primaryimage\"},\"thumbnailUrl\":\"http:\\\/\\\/www.cope.es\\\/blogs\\\/excelencia-literaria\\\/wp-content\\\/uploads\\\/sites\\\/16\\\/2023\\\/02\\\/Isabel-Ros-1-150x150.jpg\",\"datePublished\":\"2023-02-15T13:15:42+00:00\",\"dateModified\":\"2023-02-15T13:19:15+00:00\",\"author\":{\"@id\":\"https:\\\/\\\/www.cope.es\\\/blogs\\\/excelencia-literaria\\\/#\\\/schema\\\/person\\\/c368ebd3446f6a5bbf0f8cd15b24fbb8\"},\"breadcrumb\":{\"@id\":\"https:\\\/\\\/www.cope.es\\\/blogs\\\/excelencia-literaria\\\/2023\\\/02\\\/15\\\/el-norte\\\/#breadcrumb\"},\"inLanguage\":\"es\",\"potentialAction\":[{\"@type\":\"ReadAction\",\"target\":[\"https:\\\/\\\/www.cope.es\\\/blogs\\\/excelencia-literaria\\\/2023\\\/02\\\/15\\\/el-norte\\\/\"]}]},{\"@type\":\"ImageObject\",\"inLanguage\":\"es\",\"@id\":\"https:\\\/\\\/www.cope.es\\\/blogs\\\/excelencia-literaria\\\/2023\\\/02\\\/15\\\/el-norte\\\/#primaryimage\",\"url\":\"https:\\\/\\\/www.cope.es\\\/blogs\\\/excelencia-literaria\\\/wp-content\\\/uploads\\\/sites\\\/16\\\/2023\\\/02\\\/Isabel-Ros-1.jpg\",\"contentUrl\":\"https:\\\/\\\/www.cope.es\\\/blogs\\\/excelencia-literaria\\\/wp-content\\\/uploads\\\/sites\\\/16\\\/2023\\\/02\\\/Isabel-Ros-1.jpg\",\"width\":1772,\"height\":2183},{\"@type\":\"BreadcrumbList\",\"@id\":\"https:\\\/\\\/www.cope.es\\\/blogs\\\/excelencia-literaria\\\/2023\\\/02\\\/15\\\/el-norte\\\/#breadcrumb\",\"itemListElement\":[{\"@type\":\"ListItem\",\"position\":1,\"name\":\"Portada\",\"item\":\"https:\\\/\\\/www.cope.es\\\/blogs\\\/excelencia-literaria\\\/\"},{\"@type\":\"ListItem\",\"position\":2,\"name\":\"El Norte\"}]},{\"@type\":\"WebSite\",\"@id\":\"https:\\\/\\\/www.cope.es\\\/blogs\\\/excelencia-literaria\\\/#website\",\"url\":\"https:\\\/\\\/www.cope.es\\\/blogs\\\/excelencia-literaria\\\/\",\"name\":\"Excelencia Literaria\",\"description\":\"Excelencia Literaria Blog de COPE\",\"potentialAction\":[{\"@type\":\"SearchAction\",\"target\":{\"@type\":\"EntryPoint\",\"urlTemplate\":\"https:\\\/\\\/www.cope.es\\\/blogs\\\/excelencia-literaria\\\/?s={search_term_string}\"},\"query-input\":{\"@type\":\"PropertyValueSpecification\",\"valueRequired\":true,\"valueName\":\"search_term_string\"}}],\"inLanguage\":\"es\"},{\"@type\":\"Person\",\"@id\":\"https:\\\/\\\/www.cope.es\\\/blogs\\\/excelencia-literaria\\\/#\\\/schema\\\/person\\\/c368ebd3446f6a5bbf0f8cd15b24fbb8\",\"name\":\"Excelencia Literaria\",\"image\":{\"@type\":\"ImageObject\",\"inLanguage\":\"es\",\"@id\":\"https:\\\/\\\/secure.gravatar.com\\\/avatar\\\/a0a6ea7bd8564af10694e2f248a569071b0aa81d28933765d3c3cd0c8db0382f?s=96&d=mm&r=g\",\"url\":\"https:\\\/\\\/secure.gravatar.com\\\/avatar\\\/a0a6ea7bd8564af10694e2f248a569071b0aa81d28933765d3c3cd0c8db0382f?s=96&d=mm&r=g\",\"contentUrl\":\"https:\\\/\\\/secure.gravatar.com\\\/avatar\\\/a0a6ea7bd8564af10694e2f248a569071b0aa81d28933765d3c3cd0c8db0382f?s=96&d=mm&r=g\",\"caption\":\"Excelencia Literaria\"},\"description\":\"Excelencia Literaria es un programa del escritor Miguel Aranguren, que desde 2003 busca -\u00a1y encuentra!- escritores j\u00f3venes por los colegios de Espa\u00f1a, M\u00e9xico y Per\u00fa (www.excelencialiteraria.com), a los que propone iluminar la cultura de una manera positiva, optimista y ligada siempre a la calidad. Cada curso, un Jurado de alto nivel elige a los mejores entre seiscientos participantes, a los que el proyecto les ofrece publicar sus relatos y art\u00edculos en los medios de comunicaci\u00f3n asociados a Excelencia Literaria. En este caso, es la Cadena COPE la que les abre las puertas a trav\u00e9s de este blog.\",\"sameAs\":[\"http:\\\/\\\/www.excelencialiteraria.com\"],\"url\":\"https:\\\/\\\/www.cope.es\\\/blogs\\\/excelencia-literaria\\\/author\\\/maranguren\\\/\"}]}<\/script>\n<!-- \/ Yoast SEO plugin. -->","yoast_head_json":{"title":"El Norte - Excelencia Literaria","robots":{"index":"index","follow":"follow","max-snippet":"max-snippet:-1","max-image-preview":"max-image-preview:large","max-video-preview":"max-video-preview:-1"},"canonical":"https:\/\/www.cope.es\/blogs\/excelencia-literaria\/2023\/02\/15\/el-norte\/","og_locale":"es_ES","og_type":"article","og_title":"El Norte - Excelencia Literaria","og_description":"Isabel Ros, ganadora de la XII edici\u00f3n www.excelencialiteraria.com &nbsp; &nbsp; \u00bfQu\u00e9 imagen te transmite calma y placidez? \u00bfCu\u00e1l es tu recuerdo m\u00e1s feliz? Para Sandra, la respuesta a estas dos preguntas siempre era la misma: el \u00faltimo verano que pas\u00f3 con su madre, a orillas del mar Cant\u00e1brico. Fueron un par de semanas plenas, que [&hellip;]","og_url":"https:\/\/www.cope.es\/blogs\/excelencia-literaria\/2023\/02\/15\/el-norte\/","og_site_name":"Excelencia Literaria","article_publisher":"https:\/\/www.facebook.com\/cope\/","article_published_time":"2023-02-15T13:15:42+00:00","article_modified_time":"2023-02-15T13:19:15+00:00","og_image":[{"url":"http:\/\/www.cope.es\/blogs\/excelencia-literaria\/wp-content\/uploads\/sites\/16\/2023\/02\/Isabel-Ros-1-150x150.jpg","type":"","width":"","height":""}],"author":"Excelencia Literaria","twitter_card":"summary_large_image","twitter_creator":"@cope_es","twitter_site":"@cope_es","twitter_misc":{"Escrito por":"Excelencia Literaria","Tiempo de lectura":"2 minutos"},"schema":{"@context":"https:\/\/schema.org","@graph":[{"@type":"Article","@id":"https:\/\/www.cope.es\/blogs\/excelencia-literaria\/2023\/02\/15\/el-norte\/#article","isPartOf":{"@id":"https:\/\/www.cope.es\/blogs\/excelencia-literaria\/2023\/02\/15\/el-norte\/"},"author":{"name":"Excelencia Literaria","@id":"https:\/\/www.cope.es\/blogs\/excelencia-literaria\/#\/schema\/person\/c368ebd3446f6a5bbf0f8cd15b24fbb8"},"headline":"El Norte","datePublished":"2023-02-15T13:15:42+00:00","dateModified":"2023-02-15T13:19:15+00:00","mainEntityOfPage":{"@id":"https:\/\/www.cope.es\/blogs\/excelencia-literaria\/2023\/02\/15\/el-norte\/"},"wordCount":422,"commentCount":0,"image":{"@id":"https:\/\/www.cope.es\/blogs\/excelencia-literaria\/2023\/02\/15\/el-norte\/#primaryimage"},"thumbnailUrl":"http:\/\/www.cope.es\/blogs\/excelencia-literaria\/wp-content\/uploads\/sites\/16\/2023\/02\/Isabel-Ros-1-150x150.jpg","keywords":["hija","madre","mar","memoria","Norte","oc\u00e9ano","recuerdo","risa"],"articleSection":["RELATO"],"inLanguage":"es","potentialAction":[{"@type":"CommentAction","name":"Comment","target":["https:\/\/www.cope.es\/blogs\/excelencia-literaria\/2023\/02\/15\/el-norte\/#respond"]}]},{"@type":"WebPage","@id":"https:\/\/www.cope.es\/blogs\/excelencia-literaria\/2023\/02\/15\/el-norte\/","url":"https:\/\/www.cope.es\/blogs\/excelencia-literaria\/2023\/02\/15\/el-norte\/","name":"El Norte - Excelencia Literaria","isPartOf":{"@id":"https:\/\/www.cope.es\/blogs\/excelencia-literaria\/#website"},"primaryImageOfPage":{"@id":"https:\/\/www.cope.es\/blogs\/excelencia-literaria\/2023\/02\/15\/el-norte\/#primaryimage"},"image":{"@id":"https:\/\/www.cope.es\/blogs\/excelencia-literaria\/2023\/02\/15\/el-norte\/#primaryimage"},"thumbnailUrl":"http:\/\/www.cope.es\/blogs\/excelencia-literaria\/wp-content\/uploads\/sites\/16\/2023\/02\/Isabel-Ros-1-150x150.jpg","datePublished":"2023-02-15T13:15:42+00:00","dateModified":"2023-02-15T13:19:15+00:00","author":{"@id":"https:\/\/www.cope.es\/blogs\/excelencia-literaria\/#\/schema\/person\/c368ebd3446f6a5bbf0f8cd15b24fbb8"},"breadcrumb":{"@id":"https:\/\/www.cope.es\/blogs\/excelencia-literaria\/2023\/02\/15\/el-norte\/#breadcrumb"},"inLanguage":"es","potentialAction":[{"@type":"ReadAction","target":["https:\/\/www.cope.es\/blogs\/excelencia-literaria\/2023\/02\/15\/el-norte\/"]}]},{"@type":"ImageObject","inLanguage":"es","@id":"https:\/\/www.cope.es\/blogs\/excelencia-literaria\/2023\/02\/15\/el-norte\/#primaryimage","url":"https:\/\/www.cope.es\/blogs\/excelencia-literaria\/wp-content\/uploads\/sites\/16\/2023\/02\/Isabel-Ros-1.jpg","contentUrl":"https:\/\/www.cope.es\/blogs\/excelencia-literaria\/wp-content\/uploads\/sites\/16\/2023\/02\/Isabel-Ros-1.jpg","width":1772,"height":2183},{"@type":"BreadcrumbList","@id":"https:\/\/www.cope.es\/blogs\/excelencia-literaria\/2023\/02\/15\/el-norte\/#breadcrumb","itemListElement":[{"@type":"ListItem","position":1,"name":"Portada","item":"https:\/\/www.cope.es\/blogs\/excelencia-literaria\/"},{"@type":"ListItem","position":2,"name":"El Norte"}]},{"@type":"WebSite","@id":"https:\/\/www.cope.es\/blogs\/excelencia-literaria\/#website","url":"https:\/\/www.cope.es\/blogs\/excelencia-literaria\/","name":"Excelencia Literaria","description":"Excelencia Literaria Blog de COPE","potentialAction":[{"@type":"SearchAction","target":{"@type":"EntryPoint","urlTemplate":"https:\/\/www.cope.es\/blogs\/excelencia-literaria\/?s={search_term_string}"},"query-input":{"@type":"PropertyValueSpecification","valueRequired":true,"valueName":"search_term_string"}}],"inLanguage":"es"},{"@type":"Person","@id":"https:\/\/www.cope.es\/blogs\/excelencia-literaria\/#\/schema\/person\/c368ebd3446f6a5bbf0f8cd15b24fbb8","name":"Excelencia Literaria","image":{"@type":"ImageObject","inLanguage":"es","@id":"https:\/\/secure.gravatar.com\/avatar\/a0a6ea7bd8564af10694e2f248a569071b0aa81d28933765d3c3cd0c8db0382f?s=96&d=mm&r=g","url":"https:\/\/secure.gravatar.com\/avatar\/a0a6ea7bd8564af10694e2f248a569071b0aa81d28933765d3c3cd0c8db0382f?s=96&d=mm&r=g","contentUrl":"https:\/\/secure.gravatar.com\/avatar\/a0a6ea7bd8564af10694e2f248a569071b0aa81d28933765d3c3cd0c8db0382f?s=96&d=mm&r=g","caption":"Excelencia Literaria"},"description":"Excelencia Literaria es un programa del escritor Miguel Aranguren, que desde 2003 busca -\u00a1y encuentra!- escritores j\u00f3venes por los colegios de Espa\u00f1a, M\u00e9xico y Per\u00fa (www.excelencialiteraria.com), a los que propone iluminar la cultura de una manera positiva, optimista y ligada siempre a la calidad. Cada curso, un Jurado de alto nivel elige a los mejores entre seiscientos participantes, a los que el proyecto les ofrece publicar sus relatos y art\u00edculos en los medios de comunicaci\u00f3n asociados a Excelencia Literaria. En este caso, es la Cadena COPE la que les abre las puertas a trav\u00e9s de este blog.","sameAs":["http:\/\/www.excelencialiteraria.com"],"url":"https:\/\/www.cope.es\/blogs\/excelencia-literaria\/author\/maranguren\/"}]}},"amp_enabled":true,"_links":{"self":[{"href":"https:\/\/www.cope.es\/blogs\/excelencia-literaria\/wp-json\/wp\/v2\/posts\/739","targetHints":{"allow":["GET"]}}],"collection":[{"href":"https:\/\/www.cope.es\/blogs\/excelencia-literaria\/wp-json\/wp\/v2\/posts"}],"about":[{"href":"https:\/\/www.cope.es\/blogs\/excelencia-literaria\/wp-json\/wp\/v2\/types\/post"}],"author":[{"embeddable":true,"href":"https:\/\/www.cope.es\/blogs\/excelencia-literaria\/wp-json\/wp\/v2\/users\/16"}],"replies":[{"embeddable":true,"href":"https:\/\/www.cope.es\/blogs\/excelencia-literaria\/wp-json\/wp\/v2\/comments?post=739"}],"version-history":[{"count":2,"href":"https:\/\/www.cope.es\/blogs\/excelencia-literaria\/wp-json\/wp\/v2\/posts\/739\/revisions"}],"predecessor-version":[{"id":745,"href":"https:\/\/www.cope.es\/blogs\/excelencia-literaria\/wp-json\/wp\/v2\/posts\/739\/revisions\/745"}],"wp:attachment":[{"href":"https:\/\/www.cope.es\/blogs\/excelencia-literaria\/wp-json\/wp\/v2\/media?parent=739"}],"wp:term":[{"taxonomy":"category","embeddable":true,"href":"https:\/\/www.cope.es\/blogs\/excelencia-literaria\/wp-json\/wp\/v2\/categories?post=739"},{"taxonomy":"post_tag","embeddable":true,"href":"https:\/\/www.cope.es\/blogs\/excelencia-literaria\/wp-json\/wp\/v2\/tags?post=739"}],"curies":[{"name":"wp","href":"https:\/\/api.w.org\/{rel}","templated":true}]}}