{"id":49,"date":"2018-09-26T18:22:03","date_gmt":"2018-09-26T16:22:03","guid":{"rendered":"http:\/\/www.cope.es\/blogs\/excelencia-literaria\/?p=49"},"modified":"2018-09-26T18:22:03","modified_gmt":"2018-09-26T16:22:03","slug":"historia-de-dos","status":"publish","type":"post","link":"https:\/\/www.cope.es\/blogs\/excelencia-literaria\/2018\/09\/26\/historia-de-dos\/","title":{"rendered":"Historia de dos"},"content":{"rendered":"<p><strong>Beatriz Silva<\/strong><\/p>\n<p><strong>Ganadora de la XII edici\u00f3n<\/strong><\/p>\n<p><strong>www.excelencialiteraria.com<\/strong><\/p>\n<p><img loading=\"lazy\" decoding=\"async\" width=\"300\" height=\"169\" class=\"alignnone size-medium wp-image-50\" src=\"http:\/\/www.cope.es\/blogs\/excelencia-literaria\/wp-content\/uploads\/sites\/16\/2018\/09\/adult-anger-angry-356147-300x169.jpg\" alt=\"\" srcset=\"https:\/\/www.cope.es\/blogs\/excelencia-literaria\/wp-content\/uploads\/sites\/16\/2018\/09\/adult-anger-angry-356147-300x169.jpg 300w, https:\/\/www.cope.es\/blogs\/excelencia-literaria\/wp-content\/uploads\/sites\/16\/2018\/09\/adult-anger-angry-356147-768x431.jpg 768w, https:\/\/www.cope.es\/blogs\/excelencia-literaria\/wp-content\/uploads\/sites\/16\/2018\/09\/adult-anger-angry-356147-1024x575.jpg 1024w\" sizes=\"auto, (max-width: 300px) 100vw, 300px\" \/><\/p>\n<p>Adri\u00e1n. No me gusta mi nombre, y menos ahora que lo oigo en las burlas de Gabriel y en las risas de mis compa\u00f1eros provocadas por dichas gracias. Me gustar\u00eda ser capaz de parar el tiempo o de romper el despertador\u2026 Cualquiera de las dos opciones es buena, pero como cada ma\u00f1ana a las ocho en punto, es mi deber cargar con la mochila a rebosar de inseguridades y calzarme los zapatos de la marca angustia.<\/p>\n<p>Gabriel es el chico m\u00e1s alto de clase. Su sola presencia me intimida. Corren rumores de que a su padre lo encarcelaron por agredir a su mujer cuando \u00e9l solo ten\u00eda cinco a\u00f1os. Es un tanto agresivo. Cuando clava sus ojos verdes en m\u00ed, me entran sudores y tengo el impulso de echar a correr. Pienso que mi vida ser\u00eda m\u00e1s sencilla sin su existencia. \u00c9l reclama mi puntualidad antes de clase para acarrearle la mochila y me exige la copia de mis deberes. Luego yo le doy mi almuerzo a cambio de que no me moleste a la hora de la comida. Es un buen trato, o eso creo.<\/p>\n<p>En el aula me corresponde el pupitre de la esquina, con el que me he ido familiarizando. No suelo llamar la atenci\u00f3n, pero cualquier gesto o peque\u00f1o movimiento que haga Gabriel lo utiliza en mi contra. Ya no puedo hacer m\u00e1s que pasarme la hora entera de la lecci\u00f3n cabizbajo, con la cara hundida entre los codos para, en cuanto suena la campana, salir corriendo al ba\u00f1o hasta el inicio de la siguiente clase.<\/p>\n<p>Hoy Gabriel me ha arrojado el bocadillo del almuerzo a mis pies y me ha escupido. No le gusta el chorizo. Acto seguido me ha comenzado a soltar tal cantidad de insultos, que mis o\u00eddos se cansaban de escucharlo. Poco a poco la gente iba agolp\u00e1ndose a nuestro alrededor, comentando la escena y caldeando el ambiente. En estos casos me encantar\u00eda contar con un amigo de verdad que saliera en mi defensa, pero Gabriel se encarg\u00f3 de quitarme los pocos que ten\u00eda.<\/p>\n<p>Ahora mismo estoy haciendo o\u00eddos sordos a sus insultos, aunque veo a pocos cent\u00edmetros de m\u00ed su cara roja de rabia y la vena hinchada de su frente mientras farfulla y grita como un poseso. La escena me resulta graciosa y, sin poder evitarlo, una peque\u00f1a sonrisa nace en la comisura de mis labios. Mi visi\u00f3n de la cara de Gabriel queda sustituida por un pu\u00f1o que, segundos despu\u00e9s, impacta sobre mi rostro. Otro bofet\u00f3n resuena en mi mejilla. Noto el sabor de la sangre y la furia se acrecienta en mi interior. Ahora la gente calla. A mis compa\u00f1eros se les podr\u00eda confundir con estatuas p\u00e1lidas en medio del patio. Para mi desgracia, Gabriel contin\u00faa utilizando mi cara como si de un saco de boxeo se tratara. Un profesor que descubre la escena acude corriendo a separar a Gabriel de m\u00ed, mientras este sigue lanzando pullas y pu\u00f1etazos al aire.<\/p>\n<p>\u00abNo pasa nada, estoy bien\u00bb, le miento al director cuando me pregunta si quiero poner una denuncia o colaborar en la redacci\u00f3n de una incidencia sobre Gabriel. \u00abEn serio, no es necesario. Ya me voy\u00bb, vuelvo a mentirle. Si Gabriel se enterara, estoy seguro de que me matar\u00eda, literalmente, y adem\u00e1s no tengo ganas de un nuevo enfrentamiento. Estoy agotado.<\/p>\n<p>Si supierais cu\u00e1ntas veces he pensado en quitarme la vida\u2026 acabar con todos mis problemas, acallar las voces, olvidarme de Gabriel, de sus ofensas, librarme de todo su desprecio, groser\u00eda, dureza, agresividad, violencia\u2026 Pero tengo demasiado miedo. Un terror calado en m\u00ed, agarrado a mis huesos e incrustado en cada fibra de mi ser. Quiero desprenderme de \u00e9l, de la sensaci\u00f3n de sentirme impotente, de los temblores y del sudor de manos, de las l\u00e1grimas\u2026 Simplemente no puedo, y me detesto por ello.<\/p>\n<p>Acabo la noche acurrucado en la cama y contando los minutos que faltan para el amanecer. Me gustar\u00eda ser capaz de parar el tiempo o de romper el despertador. Cualquiera de las dos opciones suena tan bien\u2026<\/p>\n<p>***<\/p>\n<p>Gabriel. \u00daltimamente oigo demasiado mi nombre retumbando por los pasillos de casa. No quiero salir de mi cuarto, ni mucho menos enfrentarme a la cara avinagrada de mi padre y a sus constantes insultos, pero si hay algo que deteste m\u00e1s que ir al colegio es quedarme a solas con \u00e9l. As\u00ed que cruzo r\u00e1pidamente la distancia que separa mi habitaci\u00f3n de la puerta principal, resuelto a marcharme. Pienso que lo he conseguido y me dispongo a cerrarla cuando\u2026 \u00ab\u00a1Gabriel!\u00bb. Es su voz ronca y cansada. Me llama desde la cocina. Temerosamente asomo la cabeza. Se encuentra inclinado sobre la mesa, con el pelo desali\u00f1ado y unas cuantas latas de cerveza vac\u00edas y esparcidas sobre un mont\u00f3n de papeles.<\/p>\n<p>\u2014Gabriel, \u00bfacaso te pensabas ir a la escuela sin desayunar? In\u00fatil\u2026 Haz el favor de no hacer ninguna estupidez. Quiero ver ahora mismo c\u00f3mo te bebes un vaso de leche\u2026 \u00a1Y tr\u00e1eme una cerveza!<\/p>\n<p>Con manos temblorosas saco la leche y la cerveza de la nevera y cojo un vaso. De camino a la mesa tropiezo con una lata vac\u00eda y el vaso se me desliza por las manos, rompi\u00e9ndose con estr\u00e9pito contra el suelo. El ruido parece despertar a mi padre de su estado de sopor. Se incorpora r\u00e1pidamente. Acto seguido, un pie impacta en mis costillas y un dolor agudo comienza a extenderse por mi cuerpo. Retrocedo r\u00e1pidamente y le veo acercarse amenazante. Su cara encarnada parece exhalar humo. Pienso que se podr\u00eda encender una hoguera en su frente.<\/p>\n<p>No soy capaz de mirarlo a los ojos; me quedar\u00eda paralizado. De momento prefiero acurrucarme contra la pared y apartar la vista mientras \u00e9l continua grit\u00e1ndome y peg\u00e1ndome.<\/p>\n<p>\u2014\u00a1Maldito in\u00fatil y desagradecido! \u00a1Ojal\u00e1 tu madre nunca me hubiera dejado con semejante idiota!&#8230; \u00a1Vete de una vez, antes de que me arrepienta!<\/p>\n<p>Atemorizado, huyo de casa sin detenerme a coger de nuevo la mochila. No hay tiempo para esa trivialidad. Mi \u00fanico objetivo ahora es correr lejos de casa, lejos de \u00e9l mientras pienso en todas esas familias felices, como de cuento, en la suerte que tienen\u2026 Adri\u00e1n, ese est\u00fapido, no sabe lo afortunado que es por contar con unos padres como los suyos. Me da rabia.<\/p>\n<p>Noto mis piernas fatigadas, pero sigo corriendo mientras la ira se acrecienta en mi interior. Por eso, cuando llego al colegio soy un hurac\u00e1n que arrasa con todo a su paso. Intento calmarme\u2026 sin embargo, cuando veo a Adri\u00e1n en su pupitre vuelvo a pensar en sus padres y en el m\u00edo, y la c\u00f3lera vuelve a prenderse dentro de m\u00ed.<\/p>\n<p>Es la hora del patio y Adri\u00e1n est\u00e1 ante de m\u00ed, asustado. Con una mano me tiende su bocadillo. \u00abEs de chorizo, otra vez\u2026 No me lo creo\u00bb. Irritado, le lanzo el bocadillo a la cara y le escupo.<\/p>\n<p>\u2014Lo has hecho adrede\u2026 Sabes que me da asco el chorizo.<\/p>\n<p>Parece que el asunto le hace gracia porque suelta una risita. Ese gesto me envuelve de indignaci\u00f3n y la vista se me nubla de odio. En unos segundos me encuentro encima de \u00e9l, golpe\u00e1ndole intensamente. En su cara visualizo el rostro del hombre que ha convertido mi vida en un infierno. Lo veo borracho, mir\u00e1ndome con los ojos hinchados y la mirada desafiante. Por un momento me siento poderoso, invencible. Me dejo llevar por el odio hasta perder el dominio de mis actos. Un profesor acude r\u00e1pidamente y me separa de\u00a0Adri\u00e1n, me sujeta fuertemente mientras me debato en vano en el aire en un intento de escabullirme y librarme de mi opresor.<\/p>\n<p>Horas despu\u00e9s estoy tumbado sobre la cama. Unas l\u00e1grimas de furia y exasperaci\u00f3n echan a correr por mis mejillas.<\/p>\n<p>\u00abNo puedo m\u00e1s\u2026 no puedo m\u00e1s\u2026\u00bb.<\/p>\n<p>Es la verdad; estoy cansado de que mi cuerpo se encoja cada vez que paso por la puerta de la cocina, cada vez que escucho su voz\u2026 Estoy cansado de la sensaci\u00f3n de fr\u00edo que me invade cuando le oigo llamarme, y del terror diario. El miedo domina mis actos, dirige mi vida. El miedo hace que encuentre placer en golpear a Adri\u00e1n; lo odio, le odio, me odio\u2026<\/p>\n<p>***<\/p>\n<p>En el <em>bullying<\/em>no hay solo una v\u00edctima y un agresor. Es m\u00e1s que eso. Es una historia de dos que nos afecta a todos, ya seamos meras estatuas p\u00e1lidas, un padre borracho y agresivo o un profesor pacifista.<\/p>\n<p>Si eres espectador de los abusos, no te conviertas en piedra ni permitas que tu coraz\u00f3n se vuelva duro. Aplica la ley de Newton: acci\u00f3n y reacci\u00f3n. No te quedes de brazos cruzados.<\/p>\n<p>Si tu papel es el de agresor, lleva siempre contigo una cinta m\u00e9trica. Mide con ella las consecuencias y el tama\u00f1o de tus actos y ponte en los zapatos del otro. Tal vez no sean de la marca angustia, pero te aseguro que no te sentir\u00e1s muy c\u00f3modo.<\/p>\n<p>Si de la v\u00edctima te tratas\u2026 tengo un peque\u00f1o mensaje para ti. Es sencillo. Val\u00f3rate, comun\u00edcate, defi\u00e9ndete\u2026 No pienses en romper el despertador como la \u00fanica opci\u00f3n para escapar de todo. Ten en cuenta, adem\u00e1s, que tu piel no es un papel. No la cortes. Y que tu cara no es una m\u00e1scara. No te escondas. Ni tu volumen, ni tu altura, ni la talla de tu ropa componen un libro. No te juzgues. Ni tu vida es una pel\u00edcula. Por lo tanto, no la acabes.<\/p>\n<p>&nbsp;<\/p>\n<p>&nbsp;<\/p>\n<p>&nbsp;<\/p>\n<p>&nbsp;<\/p>\n<p>&nbsp;<\/p>\n","protected":false},"excerpt":{"rendered":"<p>Beatriz Silva Ganadora de la XII edici\u00f3n www.excelencialiteraria.com Adri\u00e1n. No me gusta mi nombre, y menos ahora que lo oigo en las burlas de Gabriel y en las risas de mis compa\u00f1eros provocadas por dichas gracias. Me gustar\u00eda ser capaz de parar el tiempo o de romper el despertador\u2026 Cualquiera de las dos opciones es [&hellip;]<\/p>\n","protected":false},"author":16,"featured_media":0,"comment_status":"open","ping_status":"open","sticky":false,"template":"","format":"standard","meta":{"footnotes":""},"categories":[1],"tags":[],"class_list":["post-49","post","type-post","status-publish","format-standard","hentry","category-sin-categoria"],"yoast_head":"<!-- This site is optimized with the Yoast SEO plugin v27.4 - https:\/\/yoast.com\/product\/yoast-seo-wordpress\/ -->\n<title>Historia de dos - Excelencia Literaria<\/title>\n<meta name=\"robots\" content=\"index, follow, max-snippet:-1, max-image-preview:large, max-video-preview:-1\" \/>\n<link rel=\"canonical\" href=\"https:\/\/www.cope.es\/blogs\/excelencia-literaria\/2018\/09\/26\/historia-de-dos\/\" \/>\n<meta property=\"og:locale\" content=\"es_ES\" \/>\n<meta property=\"og:type\" content=\"article\" \/>\n<meta property=\"og:title\" content=\"Historia de dos - Excelencia Literaria\" \/>\n<meta property=\"og:description\" content=\"Beatriz Silva Ganadora de la XII edici\u00f3n www.excelencialiteraria.com Adri\u00e1n. No me gusta mi nombre, y menos ahora que lo oigo en las burlas de Gabriel y en las risas de mis compa\u00f1eros provocadas por dichas gracias. Me gustar\u00eda ser capaz de parar el tiempo o de romper el despertador\u2026 Cualquiera de las dos opciones es [&hellip;]\" \/>\n<meta property=\"og:url\" content=\"https:\/\/www.cope.es\/blogs\/excelencia-literaria\/2018\/09\/26\/historia-de-dos\/\" \/>\n<meta property=\"og:site_name\" content=\"Excelencia Literaria\" \/>\n<meta property=\"article:publisher\" content=\"https:\/\/www.facebook.com\/cope\/\" \/>\n<meta property=\"article:published_time\" content=\"2018-09-26T16:22:03+00:00\" \/>\n<meta property=\"og:image\" content=\"http:\/\/www.cope.es\/blogs\/excelencia-literaria\/wp-content\/uploads\/sites\/16\/2018\/09\/adult-anger-angry-356147-300x169.jpg\" \/>\n<meta name=\"author\" content=\"Excelencia Literaria\" \/>\n<meta name=\"twitter:card\" content=\"summary_large_image\" \/>\n<meta name=\"twitter:creator\" content=\"@cope_es\" \/>\n<meta name=\"twitter:site\" content=\"@cope_es\" \/>\n<meta name=\"twitter:label1\" content=\"Escrito por\" \/>\n\t<meta name=\"twitter:data1\" content=\"Excelencia Literaria\" \/>\n\t<meta name=\"twitter:label2\" content=\"Tiempo de lectura\" \/>\n\t<meta name=\"twitter:data2\" content=\"8 minutos\" \/>\n<script type=\"application\/ld+json\" class=\"yoast-schema-graph\">{\"@context\":\"https:\\\/\\\/schema.org\",\"@graph\":[{\"@type\":\"Article\",\"@id\":\"https:\\\/\\\/www.cope.es\\\/blogs\\\/excelencia-literaria\\\/2018\\\/09\\\/26\\\/historia-de-dos\\\/#article\",\"isPartOf\":{\"@id\":\"https:\\\/\\\/www.cope.es\\\/blogs\\\/excelencia-literaria\\\/2018\\\/09\\\/26\\\/historia-de-dos\\\/\"},\"author\":{\"name\":\"Excelencia Literaria\",\"@id\":\"https:\\\/\\\/www.cope.es\\\/blogs\\\/excelencia-literaria\\\/#\\\/schema\\\/person\\\/c368ebd3446f6a5bbf0f8cd15b24fbb8\"},\"headline\":\"Historia de dos\",\"datePublished\":\"2018-09-26T16:22:03+00:00\",\"mainEntityOfPage\":{\"@id\":\"https:\\\/\\\/www.cope.es\\\/blogs\\\/excelencia-literaria\\\/2018\\\/09\\\/26\\\/historia-de-dos\\\/\"},\"wordCount\":1677,\"commentCount\":0,\"image\":{\"@id\":\"https:\\\/\\\/www.cope.es\\\/blogs\\\/excelencia-literaria\\\/2018\\\/09\\\/26\\\/historia-de-dos\\\/#primaryimage\"},\"thumbnailUrl\":\"http:\\\/\\\/www.cope.es\\\/blogs\\\/excelencia-literaria\\\/wp-content\\\/uploads\\\/sites\\\/16\\\/2018\\\/09\\\/adult-anger-angry-356147-300x169.jpg\",\"inLanguage\":\"es\",\"potentialAction\":[{\"@type\":\"CommentAction\",\"name\":\"Comment\",\"target\":[\"https:\\\/\\\/www.cope.es\\\/blogs\\\/excelencia-literaria\\\/2018\\\/09\\\/26\\\/historia-de-dos\\\/#respond\"]}]},{\"@type\":\"WebPage\",\"@id\":\"https:\\\/\\\/www.cope.es\\\/blogs\\\/excelencia-literaria\\\/2018\\\/09\\\/26\\\/historia-de-dos\\\/\",\"url\":\"https:\\\/\\\/www.cope.es\\\/blogs\\\/excelencia-literaria\\\/2018\\\/09\\\/26\\\/historia-de-dos\\\/\",\"name\":\"Historia de dos - Excelencia Literaria\",\"isPartOf\":{\"@id\":\"https:\\\/\\\/www.cope.es\\\/blogs\\\/excelencia-literaria\\\/#website\"},\"primaryImageOfPage\":{\"@id\":\"https:\\\/\\\/www.cope.es\\\/blogs\\\/excelencia-literaria\\\/2018\\\/09\\\/26\\\/historia-de-dos\\\/#primaryimage\"},\"image\":{\"@id\":\"https:\\\/\\\/www.cope.es\\\/blogs\\\/excelencia-literaria\\\/2018\\\/09\\\/26\\\/historia-de-dos\\\/#primaryimage\"},\"thumbnailUrl\":\"http:\\\/\\\/www.cope.es\\\/blogs\\\/excelencia-literaria\\\/wp-content\\\/uploads\\\/sites\\\/16\\\/2018\\\/09\\\/adult-anger-angry-356147-300x169.jpg\",\"datePublished\":\"2018-09-26T16:22:03+00:00\",\"author\":{\"@id\":\"https:\\\/\\\/www.cope.es\\\/blogs\\\/excelencia-literaria\\\/#\\\/schema\\\/person\\\/c368ebd3446f6a5bbf0f8cd15b24fbb8\"},\"breadcrumb\":{\"@id\":\"https:\\\/\\\/www.cope.es\\\/blogs\\\/excelencia-literaria\\\/2018\\\/09\\\/26\\\/historia-de-dos\\\/#breadcrumb\"},\"inLanguage\":\"es\",\"potentialAction\":[{\"@type\":\"ReadAction\",\"target\":[\"https:\\\/\\\/www.cope.es\\\/blogs\\\/excelencia-literaria\\\/2018\\\/09\\\/26\\\/historia-de-dos\\\/\"]}]},{\"@type\":\"ImageObject\",\"inLanguage\":\"es\",\"@id\":\"https:\\\/\\\/www.cope.es\\\/blogs\\\/excelencia-literaria\\\/2018\\\/09\\\/26\\\/historia-de-dos\\\/#primaryimage\",\"url\":\"https:\\\/\\\/www.cope.es\\\/blogs\\\/excelencia-literaria\\\/wp-content\\\/uploads\\\/sites\\\/16\\\/2018\\\/09\\\/adult-anger-angry-356147.jpg\",\"contentUrl\":\"https:\\\/\\\/www.cope.es\\\/blogs\\\/excelencia-literaria\\\/wp-content\\\/uploads\\\/sites\\\/16\\\/2018\\\/09\\\/adult-anger-angry-356147.jpg\",\"width\":5184,\"height\":2912},{\"@type\":\"BreadcrumbList\",\"@id\":\"https:\\\/\\\/www.cope.es\\\/blogs\\\/excelencia-literaria\\\/2018\\\/09\\\/26\\\/historia-de-dos\\\/#breadcrumb\",\"itemListElement\":[{\"@type\":\"ListItem\",\"position\":1,\"name\":\"Portada\",\"item\":\"https:\\\/\\\/www.cope.es\\\/blogs\\\/excelencia-literaria\\\/\"},{\"@type\":\"ListItem\",\"position\":2,\"name\":\"Historia de dos\"}]},{\"@type\":\"WebSite\",\"@id\":\"https:\\\/\\\/www.cope.es\\\/blogs\\\/excelencia-literaria\\\/#website\",\"url\":\"https:\\\/\\\/www.cope.es\\\/blogs\\\/excelencia-literaria\\\/\",\"name\":\"Excelencia Literaria\",\"description\":\"Excelencia Literaria Blog de COPE\",\"potentialAction\":[{\"@type\":\"SearchAction\",\"target\":{\"@type\":\"EntryPoint\",\"urlTemplate\":\"https:\\\/\\\/www.cope.es\\\/blogs\\\/excelencia-literaria\\\/?s={search_term_string}\"},\"query-input\":{\"@type\":\"PropertyValueSpecification\",\"valueRequired\":true,\"valueName\":\"search_term_string\"}}],\"inLanguage\":\"es\"},{\"@type\":\"Person\",\"@id\":\"https:\\\/\\\/www.cope.es\\\/blogs\\\/excelencia-literaria\\\/#\\\/schema\\\/person\\\/c368ebd3446f6a5bbf0f8cd15b24fbb8\",\"name\":\"Excelencia Literaria\",\"image\":{\"@type\":\"ImageObject\",\"inLanguage\":\"es\",\"@id\":\"https:\\\/\\\/secure.gravatar.com\\\/avatar\\\/a0a6ea7bd8564af10694e2f248a569071b0aa81d28933765d3c3cd0c8db0382f?s=96&d=mm&r=g\",\"url\":\"https:\\\/\\\/secure.gravatar.com\\\/avatar\\\/a0a6ea7bd8564af10694e2f248a569071b0aa81d28933765d3c3cd0c8db0382f?s=96&d=mm&r=g\",\"contentUrl\":\"https:\\\/\\\/secure.gravatar.com\\\/avatar\\\/a0a6ea7bd8564af10694e2f248a569071b0aa81d28933765d3c3cd0c8db0382f?s=96&d=mm&r=g\",\"caption\":\"Excelencia Literaria\"},\"description\":\"Excelencia Literaria es un programa del escritor Miguel Aranguren, que desde 2003 busca -\u00a1y encuentra!- escritores j\u00f3venes por los colegios de Espa\u00f1a, M\u00e9xico y Per\u00fa (www.excelencialiteraria.com), a los que propone iluminar la cultura de una manera positiva, optimista y ligada siempre a la calidad. Cada curso, un Jurado de alto nivel elige a los mejores entre seiscientos participantes, a los que el proyecto les ofrece publicar sus relatos y art\u00edculos en los medios de comunicaci\u00f3n asociados a Excelencia Literaria. En este caso, es la Cadena COPE la que les abre las puertas a trav\u00e9s de este blog.\",\"sameAs\":[\"http:\\\/\\\/www.excelencialiteraria.com\"],\"url\":\"https:\\\/\\\/www.cope.es\\\/blogs\\\/excelencia-literaria\\\/author\\\/maranguren\\\/\"}]}<\/script>\n<!-- \/ Yoast SEO plugin. -->","yoast_head_json":{"title":"Historia de dos - Excelencia Literaria","robots":{"index":"index","follow":"follow","max-snippet":"max-snippet:-1","max-image-preview":"max-image-preview:large","max-video-preview":"max-video-preview:-1"},"canonical":"https:\/\/www.cope.es\/blogs\/excelencia-literaria\/2018\/09\/26\/historia-de-dos\/","og_locale":"es_ES","og_type":"article","og_title":"Historia de dos - Excelencia Literaria","og_description":"Beatriz Silva Ganadora de la XII edici\u00f3n www.excelencialiteraria.com Adri\u00e1n. No me gusta mi nombre, y menos ahora que lo oigo en las burlas de Gabriel y en las risas de mis compa\u00f1eros provocadas por dichas gracias. Me gustar\u00eda ser capaz de parar el tiempo o de romper el despertador\u2026 Cualquiera de las dos opciones es [&hellip;]","og_url":"https:\/\/www.cope.es\/blogs\/excelencia-literaria\/2018\/09\/26\/historia-de-dos\/","og_site_name":"Excelencia Literaria","article_publisher":"https:\/\/www.facebook.com\/cope\/","article_published_time":"2018-09-26T16:22:03+00:00","og_image":[{"url":"http:\/\/www.cope.es\/blogs\/excelencia-literaria\/wp-content\/uploads\/sites\/16\/2018\/09\/adult-anger-angry-356147-300x169.jpg","type":"","width":"","height":""}],"author":"Excelencia Literaria","twitter_card":"summary_large_image","twitter_creator":"@cope_es","twitter_site":"@cope_es","twitter_misc":{"Escrito por":"Excelencia Literaria","Tiempo de lectura":"8 minutos"},"schema":{"@context":"https:\/\/schema.org","@graph":[{"@type":"Article","@id":"https:\/\/www.cope.es\/blogs\/excelencia-literaria\/2018\/09\/26\/historia-de-dos\/#article","isPartOf":{"@id":"https:\/\/www.cope.es\/blogs\/excelencia-literaria\/2018\/09\/26\/historia-de-dos\/"},"author":{"name":"Excelencia Literaria","@id":"https:\/\/www.cope.es\/blogs\/excelencia-literaria\/#\/schema\/person\/c368ebd3446f6a5bbf0f8cd15b24fbb8"},"headline":"Historia de dos","datePublished":"2018-09-26T16:22:03+00:00","mainEntityOfPage":{"@id":"https:\/\/www.cope.es\/blogs\/excelencia-literaria\/2018\/09\/26\/historia-de-dos\/"},"wordCount":1677,"commentCount":0,"image":{"@id":"https:\/\/www.cope.es\/blogs\/excelencia-literaria\/2018\/09\/26\/historia-de-dos\/#primaryimage"},"thumbnailUrl":"http:\/\/www.cope.es\/blogs\/excelencia-literaria\/wp-content\/uploads\/sites\/16\/2018\/09\/adult-anger-angry-356147-300x169.jpg","inLanguage":"es","potentialAction":[{"@type":"CommentAction","name":"Comment","target":["https:\/\/www.cope.es\/blogs\/excelencia-literaria\/2018\/09\/26\/historia-de-dos\/#respond"]}]},{"@type":"WebPage","@id":"https:\/\/www.cope.es\/blogs\/excelencia-literaria\/2018\/09\/26\/historia-de-dos\/","url":"https:\/\/www.cope.es\/blogs\/excelencia-literaria\/2018\/09\/26\/historia-de-dos\/","name":"Historia de dos - Excelencia Literaria","isPartOf":{"@id":"https:\/\/www.cope.es\/blogs\/excelencia-literaria\/#website"},"primaryImageOfPage":{"@id":"https:\/\/www.cope.es\/blogs\/excelencia-literaria\/2018\/09\/26\/historia-de-dos\/#primaryimage"},"image":{"@id":"https:\/\/www.cope.es\/blogs\/excelencia-literaria\/2018\/09\/26\/historia-de-dos\/#primaryimage"},"thumbnailUrl":"http:\/\/www.cope.es\/blogs\/excelencia-literaria\/wp-content\/uploads\/sites\/16\/2018\/09\/adult-anger-angry-356147-300x169.jpg","datePublished":"2018-09-26T16:22:03+00:00","author":{"@id":"https:\/\/www.cope.es\/blogs\/excelencia-literaria\/#\/schema\/person\/c368ebd3446f6a5bbf0f8cd15b24fbb8"},"breadcrumb":{"@id":"https:\/\/www.cope.es\/blogs\/excelencia-literaria\/2018\/09\/26\/historia-de-dos\/#breadcrumb"},"inLanguage":"es","potentialAction":[{"@type":"ReadAction","target":["https:\/\/www.cope.es\/blogs\/excelencia-literaria\/2018\/09\/26\/historia-de-dos\/"]}]},{"@type":"ImageObject","inLanguage":"es","@id":"https:\/\/www.cope.es\/blogs\/excelencia-literaria\/2018\/09\/26\/historia-de-dos\/#primaryimage","url":"https:\/\/www.cope.es\/blogs\/excelencia-literaria\/wp-content\/uploads\/sites\/16\/2018\/09\/adult-anger-angry-356147.jpg","contentUrl":"https:\/\/www.cope.es\/blogs\/excelencia-literaria\/wp-content\/uploads\/sites\/16\/2018\/09\/adult-anger-angry-356147.jpg","width":5184,"height":2912},{"@type":"BreadcrumbList","@id":"https:\/\/www.cope.es\/blogs\/excelencia-literaria\/2018\/09\/26\/historia-de-dos\/#breadcrumb","itemListElement":[{"@type":"ListItem","position":1,"name":"Portada","item":"https:\/\/www.cope.es\/blogs\/excelencia-literaria\/"},{"@type":"ListItem","position":2,"name":"Historia de dos"}]},{"@type":"WebSite","@id":"https:\/\/www.cope.es\/blogs\/excelencia-literaria\/#website","url":"https:\/\/www.cope.es\/blogs\/excelencia-literaria\/","name":"Excelencia Literaria","description":"Excelencia Literaria Blog de COPE","potentialAction":[{"@type":"SearchAction","target":{"@type":"EntryPoint","urlTemplate":"https:\/\/www.cope.es\/blogs\/excelencia-literaria\/?s={search_term_string}"},"query-input":{"@type":"PropertyValueSpecification","valueRequired":true,"valueName":"search_term_string"}}],"inLanguage":"es"},{"@type":"Person","@id":"https:\/\/www.cope.es\/blogs\/excelencia-literaria\/#\/schema\/person\/c368ebd3446f6a5bbf0f8cd15b24fbb8","name":"Excelencia Literaria","image":{"@type":"ImageObject","inLanguage":"es","@id":"https:\/\/secure.gravatar.com\/avatar\/a0a6ea7bd8564af10694e2f248a569071b0aa81d28933765d3c3cd0c8db0382f?s=96&d=mm&r=g","url":"https:\/\/secure.gravatar.com\/avatar\/a0a6ea7bd8564af10694e2f248a569071b0aa81d28933765d3c3cd0c8db0382f?s=96&d=mm&r=g","contentUrl":"https:\/\/secure.gravatar.com\/avatar\/a0a6ea7bd8564af10694e2f248a569071b0aa81d28933765d3c3cd0c8db0382f?s=96&d=mm&r=g","caption":"Excelencia Literaria"},"description":"Excelencia Literaria es un programa del escritor Miguel Aranguren, que desde 2003 busca -\u00a1y encuentra!- escritores j\u00f3venes por los colegios de Espa\u00f1a, M\u00e9xico y Per\u00fa (www.excelencialiteraria.com), a los que propone iluminar la cultura de una manera positiva, optimista y ligada siempre a la calidad. Cada curso, un Jurado de alto nivel elige a los mejores entre seiscientos participantes, a los que el proyecto les ofrece publicar sus relatos y art\u00edculos en los medios de comunicaci\u00f3n asociados a Excelencia Literaria. En este caso, es la Cadena COPE la que les abre las puertas a trav\u00e9s de este blog.","sameAs":["http:\/\/www.excelencialiteraria.com"],"url":"https:\/\/www.cope.es\/blogs\/excelencia-literaria\/author\/maranguren\/"}]}},"amp_enabled":true,"_links":{"self":[{"href":"https:\/\/www.cope.es\/blogs\/excelencia-literaria\/wp-json\/wp\/v2\/posts\/49","targetHints":{"allow":["GET"]}}],"collection":[{"href":"https:\/\/www.cope.es\/blogs\/excelencia-literaria\/wp-json\/wp\/v2\/posts"}],"about":[{"href":"https:\/\/www.cope.es\/blogs\/excelencia-literaria\/wp-json\/wp\/v2\/types\/post"}],"author":[{"embeddable":true,"href":"https:\/\/www.cope.es\/blogs\/excelencia-literaria\/wp-json\/wp\/v2\/users\/16"}],"replies":[{"embeddable":true,"href":"https:\/\/www.cope.es\/blogs\/excelencia-literaria\/wp-json\/wp\/v2\/comments?post=49"}],"version-history":[{"count":1,"href":"https:\/\/www.cope.es\/blogs\/excelencia-literaria\/wp-json\/wp\/v2\/posts\/49\/revisions"}],"predecessor-version":[{"id":51,"href":"https:\/\/www.cope.es\/blogs\/excelencia-literaria\/wp-json\/wp\/v2\/posts\/49\/revisions\/51"}],"wp:attachment":[{"href":"https:\/\/www.cope.es\/blogs\/excelencia-literaria\/wp-json\/wp\/v2\/media?parent=49"}],"wp:term":[{"taxonomy":"category","embeddable":true,"href":"https:\/\/www.cope.es\/blogs\/excelencia-literaria\/wp-json\/wp\/v2\/categories?post=49"},{"taxonomy":"post_tag","embeddable":true,"href":"https:\/\/www.cope.es\/blogs\/excelencia-literaria\/wp-json\/wp\/v2\/tags?post=49"}],"curies":[{"name":"wp","href":"https:\/\/api.w.org\/{rel}","templated":true}]}}