{"id":416,"date":"2021-01-15T12:05:25","date_gmt":"2021-01-15T11:05:25","guid":{"rendered":"http:\/\/www.cope.es\/blogs\/excelencia-literaria\/?p=416"},"modified":"2021-01-15T12:05:25","modified_gmt":"2021-01-15T11:05:25","slug":"en-las-nubes","status":"publish","type":"post","link":"https:\/\/www.cope.es\/blogs\/excelencia-literaria\/2021\/01\/15\/en-las-nubes\/","title":{"rendered":"En las nubes"},"content":{"rendered":"<p style=\"text-align: right\">Jes\u00fas Montalb\u00e1n<\/p>\n<p style=\"text-align: right\">Ganador de la XV edici\u00f3n<\/p>\n<p style=\"text-align: right\">www.excelencialiteraria.com<img loading=\"lazy\" decoding=\"async\" width=\"300\" height=\"300\" class=\"wp-image-417 size-medium alignleft\" src=\"http:\/\/www.cope.es\/blogs\/excelencia-literaria\/wp-content\/uploads\/sites\/16\/2021\/01\/gettyimages-670019300-612x612-1-300x300.jpg\" alt=\"\" srcset=\"https:\/\/www.cope.es\/blogs\/excelencia-literaria\/wp-content\/uploads\/sites\/16\/2021\/01\/gettyimages-670019300-612x612-1-300x300.jpg 300w, https:\/\/www.cope.es\/blogs\/excelencia-literaria\/wp-content\/uploads\/sites\/16\/2021\/01\/gettyimages-670019300-612x612-1-150x150.jpg 150w, https:\/\/www.cope.es\/blogs\/excelencia-literaria\/wp-content\/uploads\/sites\/16\/2021\/01\/gettyimages-670019300-612x612-1-170x170.jpg 170w, https:\/\/www.cope.es\/blogs\/excelencia-literaria\/wp-content\/uploads\/sites\/16\/2021\/01\/gettyimages-670019300-612x612-1-73x73.jpg 73w, https:\/\/www.cope.es\/blogs\/excelencia-literaria\/wp-content\/uploads\/sites\/16\/2021\/01\/gettyimages-670019300-612x612-1-108x108.jpg 108w, https:\/\/www.cope.es\/blogs\/excelencia-literaria\/wp-content\/uploads\/sites\/16\/2021\/01\/gettyimages-670019300-612x612-1.jpg 612w\" sizes=\"auto, (max-width: 300px) 100vw, 300px\" \/><\/p>\n<p>&nbsp;<\/p>\n<p>Aquello era una orgia de cart\u00edlago, flemas y p\u00faas. Un capricho obsceno de la vida. Comunicarse con esa mole de carne amorfa era imposible; aunque le gritara segu\u00eda resollando a trav\u00e9s de los pliegues de su piel. Sin embargo estaba seguro de que me entend\u00eda.<\/p>\n<p>Bajo la fina membrana que ten\u00eda por piel, se formaron geometr\u00edas imposibles, grotescas, propias de una mente enferma. Pese a lo que me dictaba la conciencia, me qued\u00e9 hipnotizado y segu\u00ed con la mirada la estela que dejaban los seres y lugares que se dibujaban en su carne, sobrecogido ante aquel espect\u00e1culo visceral.<\/p>\n<p>Cuando volv\u00ed en m\u00ed, consult\u00e9 la hora en mi Casio de pulsera: las tres de la madrugada\u2026 A mi difunta t\u00eda abuela Teresa le hubiese dado un vah\u00eddo de saber que me acostaba a esa horas entre semana.<\/p>\n<p>No intente comunicarme con aquel ser de nuevo, sino que gir\u00e9 sobre mis talones y me dirig\u00ed de vuelta a la habitaci\u00f3n. Entonces un calor abrasador me quem\u00f3 la mano, como aquella vez con la pistola de silicona. La criatura me envolv\u00eda el brazo con un tent\u00e1culo carnoso que se enrosc\u00f3 en mi garganta. Me qued\u00e9 paralizado. Aunque intent\u00e9 gritar, solo consegu\u00ed trazar una mueca de p\u00e1nico. Recuerdo cada maldito segundo, mi impotencia ante aquella fuerza inhumana y destructora de la voluntad. Me deje llevar, como si fuese un mu\u00f1eco.<\/p>\n<p>Sus lenguas reptaron a trav\u00e9s de mis orificios nasales y de mi boca. En aquel momento me ceg\u00f3 un estallido. Mi cuerpo se encontraba en el pasillo, pero ve\u00eda a trav\u00e9s de unos ojos extra\u00f1os. Un mar de nubes se despleg\u00f3 ante m\u00ed y me embarg\u00f3 una paz total. En un instante un orbe de luz se elev\u00f3 vigoroso, y el tintineo de sus destellos me sumi\u00f3 en un estado let\u00e1rgico mientras ascend\u00eda. \u00a1Qu\u00e9 sosiego! Hab\u00eda visto la verdad en el volumen de las nubes; se me hab\u00eda revelado un conocimiento sobrenatural en las curvas de la esfera dorada.<\/p>\n<p>Cog\u00ed aire con una profunda inspiraci\u00f3n. El visitante se hab\u00eda disuelto, no hab\u00eda rastro de huellas ni secreciones. Me levant\u00e9 sin apenas fuerzas y me dirig\u00ed al ba\u00f1o.<\/p>\n<p>Podr\u00eda creerse que aquella noche tuve pesadillas por lo ocurrido. Todo lo contrario; dorm\u00ed del tir\u00f3n.<\/p>\n<p>Pasaron varios d\u00edas hasta que record\u00e9 el encuentro en el que, suspendido sobre las nubes, pose\u00ed por unos segundos el conocimiento \u00faltimo de la belleza en todo su esplendor. Parec\u00eda ir\u00f3nico: lo que se me hab\u00eda borrado de la memoria, de pronto la ocupaba a todas horas, repitiendose en bucle, sin descanso.<\/p>\n<p>La vida me parec\u00eda mon\u00f3tona, los antiguos proyectos me resultaban como manualidades de preescolar, y las clases se me hac\u00edan eternas. No me val\u00eda la pena pararme a hablar con amigos, pues no ten\u00eda ning\u00fan inter\u00e9s en sus vidas. Sab\u00eda que hablaban de m\u00ed en cuanto yo sal\u00eda del aula. Me daba igual si se mofaban. Hab\u00eda decidido reservar mi secreto. \u00bfC\u00f3mo explicarles aquellos cuerpos y pol\u00edgonos, ajenos a la l\u00f3gica eucl\u00eddea, que brotaron de su dermis? Nada estaba a su altura, ni siquiera las fiestas o las chicas. &lt;&lt;Deja las drogas, cabr\u00f3n&gt;&gt;, me hubiesen contestado seguido de unas risas embotelladas. En realidad hab\u00eda empezado a probar LSD y ald-52 a escondidas, pero el \u00e1cido solo me sacaba de la apat\u00eda durante unas horas. Despu\u00e9s volv\u00eda la angustia.<\/p>\n<p>Me sent\u00eda cansado. Dorm\u00eda muy poco. Las noches me las pasaba de guardia, asomado a la puerta por si \u00e9l volv\u00eda y ten\u00eda la bondad de materializarse en el pasillo. No tuve \u00e9xito. Tan solo logr\u00e9 asustar con mi aspecto de zombi a alg\u00fan compa\u00f1ero del colegio mayor que, a media noche, me encontraba de camino al ba\u00f1o.<\/p>\n<p>Cuando me vence la fatiga, una voz me llama desde el fondo del pasillo. Me dicta instrucciones de c\u00f3mo dirigirme al \u00e9xtasis y me habla de su futuro peregrinaje al plano tridimensional. Solo en esos momentos descanso.<\/p>\n<p><img loading=\"lazy\" decoding=\"async\" width=\"300\" height=\"200\" class=\"alignnone wp-image-249 size-medium\" src=\"http:\/\/www.cope.es\/blogs\/excelencia-literaria\/wp-content\/uploads\/sites\/16\/2020\/02\/Jes\u00fas-Montalb\u00e1n-300x200.jpg\" alt=\"\" srcset=\"https:\/\/www.cope.es\/blogs\/excelencia-literaria\/wp-content\/uploads\/sites\/16\/2020\/02\/Jes\u00fas-Montalb\u00e1n-300x200.jpg 300w, https:\/\/www.cope.es\/blogs\/excelencia-literaria\/wp-content\/uploads\/sites\/16\/2020\/02\/Jes\u00fas-Montalb\u00e1n-768x512.jpg 768w, https:\/\/www.cope.es\/blogs\/excelencia-literaria\/wp-content\/uploads\/sites\/16\/2020\/02\/Jes\u00fas-Montalb\u00e1n-1024x683.jpg 1024w, https:\/\/www.cope.es\/blogs\/excelencia-literaria\/wp-content\/uploads\/sites\/16\/2020\/02\/Jes\u00fas-Montalb\u00e1n-408x272.jpg 408w\" sizes=\"auto, (max-width: 300px) 100vw, 300px\" \/>\u00a0(Jes\u00fas Montalb\u00e1n)<\/p>\n","protected":false},"excerpt":{"rendered":"<p>Jes\u00fas Montalb\u00e1n Ganador de la XV edici\u00f3n www.excelencialiteraria.com &nbsp; Aquello era una orgia de cart\u00edlago, flemas y p\u00faas. Un capricho obsceno de la vida. Comunicarse con esa mole de carne amorfa era imposible; aunque le gritara segu\u00eda resollando a trav\u00e9s de los pliegues de su piel. Sin embargo estaba seguro de que me entend\u00eda. Bajo [&hellip;]<\/p>\n","protected":false},"author":16,"featured_media":0,"comment_status":"open","ping_status":"open","sticky":false,"template":"","format":"standard","meta":{"footnotes":""},"categories":[1],"tags":[],"class_list":["post-416","post","type-post","status-publish","format-standard","hentry","category-sin-categoria"],"yoast_head":"<!-- This site is optimized with the Yoast SEO plugin v27.4 - https:\/\/yoast.com\/product\/yoast-seo-wordpress\/ -->\n<title>En las nubes - Excelencia Literaria<\/title>\n<meta name=\"robots\" content=\"index, follow, max-snippet:-1, max-image-preview:large, max-video-preview:-1\" \/>\n<link rel=\"canonical\" href=\"https:\/\/www.cope.es\/blogs\/excelencia-literaria\/2021\/01\/15\/en-las-nubes\/\" \/>\n<meta property=\"og:locale\" content=\"es_ES\" \/>\n<meta property=\"og:type\" content=\"article\" \/>\n<meta property=\"og:title\" content=\"En las nubes - Excelencia Literaria\" \/>\n<meta property=\"og:description\" content=\"Jes\u00fas Montalb\u00e1n Ganador de la XV edici\u00f3n www.excelencialiteraria.com &nbsp; Aquello era una orgia de cart\u00edlago, flemas y p\u00faas. Un capricho obsceno de la vida. Comunicarse con esa mole de carne amorfa era imposible; aunque le gritara segu\u00eda resollando a trav\u00e9s de los pliegues de su piel. Sin embargo estaba seguro de que me entend\u00eda. Bajo [&hellip;]\" \/>\n<meta property=\"og:url\" content=\"https:\/\/www.cope.es\/blogs\/excelencia-literaria\/2021\/01\/15\/en-las-nubes\/\" \/>\n<meta property=\"og:site_name\" content=\"Excelencia Literaria\" \/>\n<meta property=\"article:publisher\" content=\"https:\/\/www.facebook.com\/cope\/\" \/>\n<meta property=\"article:published_time\" content=\"2021-01-15T11:05:25+00:00\" \/>\n<meta property=\"og:image\" content=\"http:\/\/www.cope.es\/blogs\/excelencia-literaria\/wp-content\/uploads\/sites\/16\/2021\/01\/gettyimages-670019300-612x612-1-300x300.jpg\" \/>\n<meta name=\"author\" content=\"Excelencia Literaria\" \/>\n<meta name=\"twitter:card\" content=\"summary_large_image\" \/>\n<meta name=\"twitter:creator\" content=\"@cope_es\" \/>\n<meta name=\"twitter:site\" content=\"@cope_es\" \/>\n<meta name=\"twitter:label1\" content=\"Escrito por\" \/>\n\t<meta name=\"twitter:data1\" content=\"Excelencia Literaria\" \/>\n\t<meta name=\"twitter:label2\" content=\"Tiempo de lectura\" \/>\n\t<meta name=\"twitter:data2\" content=\"4 minutos\" \/>\n<script type=\"application\/ld+json\" class=\"yoast-schema-graph\">{\"@context\":\"https:\\\/\\\/schema.org\",\"@graph\":[{\"@type\":\"Article\",\"@id\":\"https:\\\/\\\/www.cope.es\\\/blogs\\\/excelencia-literaria\\\/2021\\\/01\\\/15\\\/en-las-nubes\\\/#article\",\"isPartOf\":{\"@id\":\"https:\\\/\\\/www.cope.es\\\/blogs\\\/excelencia-literaria\\\/2021\\\/01\\\/15\\\/en-las-nubes\\\/\"},\"author\":{\"name\":\"Excelencia Literaria\",\"@id\":\"https:\\\/\\\/www.cope.es\\\/blogs\\\/excelencia-literaria\\\/#\\\/schema\\\/person\\\/c368ebd3446f6a5bbf0f8cd15b24fbb8\"},\"headline\":\"En las nubes\",\"datePublished\":\"2021-01-15T11:05:25+00:00\",\"mainEntityOfPage\":{\"@id\":\"https:\\\/\\\/www.cope.es\\\/blogs\\\/excelencia-literaria\\\/2021\\\/01\\\/15\\\/en-las-nubes\\\/\"},\"wordCount\":729,\"commentCount\":0,\"image\":{\"@id\":\"https:\\\/\\\/www.cope.es\\\/blogs\\\/excelencia-literaria\\\/2021\\\/01\\\/15\\\/en-las-nubes\\\/#primaryimage\"},\"thumbnailUrl\":\"http:\\\/\\\/www.cope.es\\\/blogs\\\/excelencia-literaria\\\/wp-content\\\/uploads\\\/sites\\\/16\\\/2021\\\/01\\\/gettyimages-670019300-612x612-1-300x300.jpg\",\"inLanguage\":\"es\",\"potentialAction\":[{\"@type\":\"CommentAction\",\"name\":\"Comment\",\"target\":[\"https:\\\/\\\/www.cope.es\\\/blogs\\\/excelencia-literaria\\\/2021\\\/01\\\/15\\\/en-las-nubes\\\/#respond\"]}]},{\"@type\":\"WebPage\",\"@id\":\"https:\\\/\\\/www.cope.es\\\/blogs\\\/excelencia-literaria\\\/2021\\\/01\\\/15\\\/en-las-nubes\\\/\",\"url\":\"https:\\\/\\\/www.cope.es\\\/blogs\\\/excelencia-literaria\\\/2021\\\/01\\\/15\\\/en-las-nubes\\\/\",\"name\":\"En las nubes - Excelencia Literaria\",\"isPartOf\":{\"@id\":\"https:\\\/\\\/www.cope.es\\\/blogs\\\/excelencia-literaria\\\/#website\"},\"primaryImageOfPage\":{\"@id\":\"https:\\\/\\\/www.cope.es\\\/blogs\\\/excelencia-literaria\\\/2021\\\/01\\\/15\\\/en-las-nubes\\\/#primaryimage\"},\"image\":{\"@id\":\"https:\\\/\\\/www.cope.es\\\/blogs\\\/excelencia-literaria\\\/2021\\\/01\\\/15\\\/en-las-nubes\\\/#primaryimage\"},\"thumbnailUrl\":\"http:\\\/\\\/www.cope.es\\\/blogs\\\/excelencia-literaria\\\/wp-content\\\/uploads\\\/sites\\\/16\\\/2021\\\/01\\\/gettyimages-670019300-612x612-1-300x300.jpg\",\"datePublished\":\"2021-01-15T11:05:25+00:00\",\"author\":{\"@id\":\"https:\\\/\\\/www.cope.es\\\/blogs\\\/excelencia-literaria\\\/#\\\/schema\\\/person\\\/c368ebd3446f6a5bbf0f8cd15b24fbb8\"},\"breadcrumb\":{\"@id\":\"https:\\\/\\\/www.cope.es\\\/blogs\\\/excelencia-literaria\\\/2021\\\/01\\\/15\\\/en-las-nubes\\\/#breadcrumb\"},\"inLanguage\":\"es\",\"potentialAction\":[{\"@type\":\"ReadAction\",\"target\":[\"https:\\\/\\\/www.cope.es\\\/blogs\\\/excelencia-literaria\\\/2021\\\/01\\\/15\\\/en-las-nubes\\\/\"]}]},{\"@type\":\"ImageObject\",\"inLanguage\":\"es\",\"@id\":\"https:\\\/\\\/www.cope.es\\\/blogs\\\/excelencia-literaria\\\/2021\\\/01\\\/15\\\/en-las-nubes\\\/#primaryimage\",\"url\":\"https:\\\/\\\/www.cope.es\\\/blogs\\\/excelencia-literaria\\\/wp-content\\\/uploads\\\/sites\\\/16\\\/2021\\\/01\\\/gettyimages-670019300-612x612-1.jpg\",\"contentUrl\":\"https:\\\/\\\/www.cope.es\\\/blogs\\\/excelencia-literaria\\\/wp-content\\\/uploads\\\/sites\\\/16\\\/2021\\\/01\\\/gettyimages-670019300-612x612-1.jpg\",\"width\":612,\"height\":612},{\"@type\":\"BreadcrumbList\",\"@id\":\"https:\\\/\\\/www.cope.es\\\/blogs\\\/excelencia-literaria\\\/2021\\\/01\\\/15\\\/en-las-nubes\\\/#breadcrumb\",\"itemListElement\":[{\"@type\":\"ListItem\",\"position\":1,\"name\":\"Portada\",\"item\":\"https:\\\/\\\/www.cope.es\\\/blogs\\\/excelencia-literaria\\\/\"},{\"@type\":\"ListItem\",\"position\":2,\"name\":\"En las nubes\"}]},{\"@type\":\"WebSite\",\"@id\":\"https:\\\/\\\/www.cope.es\\\/blogs\\\/excelencia-literaria\\\/#website\",\"url\":\"https:\\\/\\\/www.cope.es\\\/blogs\\\/excelencia-literaria\\\/\",\"name\":\"Excelencia Literaria\",\"description\":\"Excelencia Literaria Blog de COPE\",\"potentialAction\":[{\"@type\":\"SearchAction\",\"target\":{\"@type\":\"EntryPoint\",\"urlTemplate\":\"https:\\\/\\\/www.cope.es\\\/blogs\\\/excelencia-literaria\\\/?s={search_term_string}\"},\"query-input\":{\"@type\":\"PropertyValueSpecification\",\"valueRequired\":true,\"valueName\":\"search_term_string\"}}],\"inLanguage\":\"es\"},{\"@type\":\"Person\",\"@id\":\"https:\\\/\\\/www.cope.es\\\/blogs\\\/excelencia-literaria\\\/#\\\/schema\\\/person\\\/c368ebd3446f6a5bbf0f8cd15b24fbb8\",\"name\":\"Excelencia Literaria\",\"image\":{\"@type\":\"ImageObject\",\"inLanguage\":\"es\",\"@id\":\"https:\\\/\\\/secure.gravatar.com\\\/avatar\\\/a0a6ea7bd8564af10694e2f248a569071b0aa81d28933765d3c3cd0c8db0382f?s=96&d=mm&r=g\",\"url\":\"https:\\\/\\\/secure.gravatar.com\\\/avatar\\\/a0a6ea7bd8564af10694e2f248a569071b0aa81d28933765d3c3cd0c8db0382f?s=96&d=mm&r=g\",\"contentUrl\":\"https:\\\/\\\/secure.gravatar.com\\\/avatar\\\/a0a6ea7bd8564af10694e2f248a569071b0aa81d28933765d3c3cd0c8db0382f?s=96&d=mm&r=g\",\"caption\":\"Excelencia Literaria\"},\"description\":\"Excelencia Literaria es un programa del escritor Miguel Aranguren, que desde 2003 busca -\u00a1y encuentra!- escritores j\u00f3venes por los colegios de Espa\u00f1a, M\u00e9xico y Per\u00fa (www.excelencialiteraria.com), a los que propone iluminar la cultura de una manera positiva, optimista y ligada siempre a la calidad. Cada curso, un Jurado de alto nivel elige a los mejores entre seiscientos participantes, a los que el proyecto les ofrece publicar sus relatos y art\u00edculos en los medios de comunicaci\u00f3n asociados a Excelencia Literaria. En este caso, es la Cadena COPE la que les abre las puertas a trav\u00e9s de este blog.\",\"sameAs\":[\"http:\\\/\\\/www.excelencialiteraria.com\"],\"url\":\"https:\\\/\\\/www.cope.es\\\/blogs\\\/excelencia-literaria\\\/author\\\/maranguren\\\/\"}]}<\/script>\n<!-- \/ Yoast SEO plugin. -->","yoast_head_json":{"title":"En las nubes - Excelencia Literaria","robots":{"index":"index","follow":"follow","max-snippet":"max-snippet:-1","max-image-preview":"max-image-preview:large","max-video-preview":"max-video-preview:-1"},"canonical":"https:\/\/www.cope.es\/blogs\/excelencia-literaria\/2021\/01\/15\/en-las-nubes\/","og_locale":"es_ES","og_type":"article","og_title":"En las nubes - Excelencia Literaria","og_description":"Jes\u00fas Montalb\u00e1n Ganador de la XV edici\u00f3n www.excelencialiteraria.com &nbsp; Aquello era una orgia de cart\u00edlago, flemas y p\u00faas. Un capricho obsceno de la vida. Comunicarse con esa mole de carne amorfa era imposible; aunque le gritara segu\u00eda resollando a trav\u00e9s de los pliegues de su piel. Sin embargo estaba seguro de que me entend\u00eda. Bajo [&hellip;]","og_url":"https:\/\/www.cope.es\/blogs\/excelencia-literaria\/2021\/01\/15\/en-las-nubes\/","og_site_name":"Excelencia Literaria","article_publisher":"https:\/\/www.facebook.com\/cope\/","article_published_time":"2021-01-15T11:05:25+00:00","og_image":[{"url":"http:\/\/www.cope.es\/blogs\/excelencia-literaria\/wp-content\/uploads\/sites\/16\/2021\/01\/gettyimages-670019300-612x612-1-300x300.jpg","type":"","width":"","height":""}],"author":"Excelencia Literaria","twitter_card":"summary_large_image","twitter_creator":"@cope_es","twitter_site":"@cope_es","twitter_misc":{"Escrito por":"Excelencia Literaria","Tiempo de lectura":"4 minutos"},"schema":{"@context":"https:\/\/schema.org","@graph":[{"@type":"Article","@id":"https:\/\/www.cope.es\/blogs\/excelencia-literaria\/2021\/01\/15\/en-las-nubes\/#article","isPartOf":{"@id":"https:\/\/www.cope.es\/blogs\/excelencia-literaria\/2021\/01\/15\/en-las-nubes\/"},"author":{"name":"Excelencia Literaria","@id":"https:\/\/www.cope.es\/blogs\/excelencia-literaria\/#\/schema\/person\/c368ebd3446f6a5bbf0f8cd15b24fbb8"},"headline":"En las nubes","datePublished":"2021-01-15T11:05:25+00:00","mainEntityOfPage":{"@id":"https:\/\/www.cope.es\/blogs\/excelencia-literaria\/2021\/01\/15\/en-las-nubes\/"},"wordCount":729,"commentCount":0,"image":{"@id":"https:\/\/www.cope.es\/blogs\/excelencia-literaria\/2021\/01\/15\/en-las-nubes\/#primaryimage"},"thumbnailUrl":"http:\/\/www.cope.es\/blogs\/excelencia-literaria\/wp-content\/uploads\/sites\/16\/2021\/01\/gettyimages-670019300-612x612-1-300x300.jpg","inLanguage":"es","potentialAction":[{"@type":"CommentAction","name":"Comment","target":["https:\/\/www.cope.es\/blogs\/excelencia-literaria\/2021\/01\/15\/en-las-nubes\/#respond"]}]},{"@type":"WebPage","@id":"https:\/\/www.cope.es\/blogs\/excelencia-literaria\/2021\/01\/15\/en-las-nubes\/","url":"https:\/\/www.cope.es\/blogs\/excelencia-literaria\/2021\/01\/15\/en-las-nubes\/","name":"En las nubes - Excelencia Literaria","isPartOf":{"@id":"https:\/\/www.cope.es\/blogs\/excelencia-literaria\/#website"},"primaryImageOfPage":{"@id":"https:\/\/www.cope.es\/blogs\/excelencia-literaria\/2021\/01\/15\/en-las-nubes\/#primaryimage"},"image":{"@id":"https:\/\/www.cope.es\/blogs\/excelencia-literaria\/2021\/01\/15\/en-las-nubes\/#primaryimage"},"thumbnailUrl":"http:\/\/www.cope.es\/blogs\/excelencia-literaria\/wp-content\/uploads\/sites\/16\/2021\/01\/gettyimages-670019300-612x612-1-300x300.jpg","datePublished":"2021-01-15T11:05:25+00:00","author":{"@id":"https:\/\/www.cope.es\/blogs\/excelencia-literaria\/#\/schema\/person\/c368ebd3446f6a5bbf0f8cd15b24fbb8"},"breadcrumb":{"@id":"https:\/\/www.cope.es\/blogs\/excelencia-literaria\/2021\/01\/15\/en-las-nubes\/#breadcrumb"},"inLanguage":"es","potentialAction":[{"@type":"ReadAction","target":["https:\/\/www.cope.es\/blogs\/excelencia-literaria\/2021\/01\/15\/en-las-nubes\/"]}]},{"@type":"ImageObject","inLanguage":"es","@id":"https:\/\/www.cope.es\/blogs\/excelencia-literaria\/2021\/01\/15\/en-las-nubes\/#primaryimage","url":"https:\/\/www.cope.es\/blogs\/excelencia-literaria\/wp-content\/uploads\/sites\/16\/2021\/01\/gettyimages-670019300-612x612-1.jpg","contentUrl":"https:\/\/www.cope.es\/blogs\/excelencia-literaria\/wp-content\/uploads\/sites\/16\/2021\/01\/gettyimages-670019300-612x612-1.jpg","width":612,"height":612},{"@type":"BreadcrumbList","@id":"https:\/\/www.cope.es\/blogs\/excelencia-literaria\/2021\/01\/15\/en-las-nubes\/#breadcrumb","itemListElement":[{"@type":"ListItem","position":1,"name":"Portada","item":"https:\/\/www.cope.es\/blogs\/excelencia-literaria\/"},{"@type":"ListItem","position":2,"name":"En las nubes"}]},{"@type":"WebSite","@id":"https:\/\/www.cope.es\/blogs\/excelencia-literaria\/#website","url":"https:\/\/www.cope.es\/blogs\/excelencia-literaria\/","name":"Excelencia Literaria","description":"Excelencia Literaria Blog de COPE","potentialAction":[{"@type":"SearchAction","target":{"@type":"EntryPoint","urlTemplate":"https:\/\/www.cope.es\/blogs\/excelencia-literaria\/?s={search_term_string}"},"query-input":{"@type":"PropertyValueSpecification","valueRequired":true,"valueName":"search_term_string"}}],"inLanguage":"es"},{"@type":"Person","@id":"https:\/\/www.cope.es\/blogs\/excelencia-literaria\/#\/schema\/person\/c368ebd3446f6a5bbf0f8cd15b24fbb8","name":"Excelencia Literaria","image":{"@type":"ImageObject","inLanguage":"es","@id":"https:\/\/secure.gravatar.com\/avatar\/a0a6ea7bd8564af10694e2f248a569071b0aa81d28933765d3c3cd0c8db0382f?s=96&d=mm&r=g","url":"https:\/\/secure.gravatar.com\/avatar\/a0a6ea7bd8564af10694e2f248a569071b0aa81d28933765d3c3cd0c8db0382f?s=96&d=mm&r=g","contentUrl":"https:\/\/secure.gravatar.com\/avatar\/a0a6ea7bd8564af10694e2f248a569071b0aa81d28933765d3c3cd0c8db0382f?s=96&d=mm&r=g","caption":"Excelencia Literaria"},"description":"Excelencia Literaria es un programa del escritor Miguel Aranguren, que desde 2003 busca -\u00a1y encuentra!- escritores j\u00f3venes por los colegios de Espa\u00f1a, M\u00e9xico y Per\u00fa (www.excelencialiteraria.com), a los que propone iluminar la cultura de una manera positiva, optimista y ligada siempre a la calidad. Cada curso, un Jurado de alto nivel elige a los mejores entre seiscientos participantes, a los que el proyecto les ofrece publicar sus relatos y art\u00edculos en los medios de comunicaci\u00f3n asociados a Excelencia Literaria. En este caso, es la Cadena COPE la que les abre las puertas a trav\u00e9s de este blog.","sameAs":["http:\/\/www.excelencialiteraria.com"],"url":"https:\/\/www.cope.es\/blogs\/excelencia-literaria\/author\/maranguren\/"}]}},"amp_enabled":true,"_links":{"self":[{"href":"https:\/\/www.cope.es\/blogs\/excelencia-literaria\/wp-json\/wp\/v2\/posts\/416","targetHints":{"allow":["GET"]}}],"collection":[{"href":"https:\/\/www.cope.es\/blogs\/excelencia-literaria\/wp-json\/wp\/v2\/posts"}],"about":[{"href":"https:\/\/www.cope.es\/blogs\/excelencia-literaria\/wp-json\/wp\/v2\/types\/post"}],"author":[{"embeddable":true,"href":"https:\/\/www.cope.es\/blogs\/excelencia-literaria\/wp-json\/wp\/v2\/users\/16"}],"replies":[{"embeddable":true,"href":"https:\/\/www.cope.es\/blogs\/excelencia-literaria\/wp-json\/wp\/v2\/comments?post=416"}],"version-history":[{"count":1,"href":"https:\/\/www.cope.es\/blogs\/excelencia-literaria\/wp-json\/wp\/v2\/posts\/416\/revisions"}],"predecessor-version":[{"id":418,"href":"https:\/\/www.cope.es\/blogs\/excelencia-literaria\/wp-json\/wp\/v2\/posts\/416\/revisions\/418"}],"wp:attachment":[{"href":"https:\/\/www.cope.es\/blogs\/excelencia-literaria\/wp-json\/wp\/v2\/media?parent=416"}],"wp:term":[{"taxonomy":"category","embeddable":true,"href":"https:\/\/www.cope.es\/blogs\/excelencia-literaria\/wp-json\/wp\/v2\/categories?post=416"},{"taxonomy":"post_tag","embeddable":true,"href":"https:\/\/www.cope.es\/blogs\/excelencia-literaria\/wp-json\/wp\/v2\/tags?post=416"}],"curies":[{"name":"wp","href":"https:\/\/api.w.org\/{rel}","templated":true}]}}