{"id":228,"date":"2019-12-23T11:45:05","date_gmt":"2019-12-23T10:45:05","guid":{"rendered":"http:\/\/www.cope.es\/blogs\/excelencia-literaria\/?p=228"},"modified":"2019-12-23T11:45:05","modified_gmt":"2019-12-23T10:45:05","slug":"la-infantecracia","status":"publish","type":"post","link":"https:\/\/www.cope.es\/blogs\/excelencia-literaria\/2019\/12\/23\/la-infantecracia\/","title":{"rendered":"La infantecracia"},"content":{"rendered":"<p>Francisco Javier Merino<\/p>\n<p>Ganador de la X edici\u00f3n<\/p>\n<p>www.excelencialiteraria.com<\/p>\n<p>&nbsp;<\/p>\n<p><img loading=\"lazy\" decoding=\"async\" width=\"275\" height=\"183\" class=\"size-full wp-image-229 aligncenter\" src=\"http:\/\/www.cope.es\/blogs\/excelencia-literaria\/wp-content\/uploads\/sites\/16\/2019\/12\/Unknown.jpg\" alt=\"\" \/><\/p>\n<p>&nbsp;<\/p>\n<p>La Cumbre del Clima celebrada en Madrid, en diciembre de 2019, pasar\u00e1 a la historia como la Cumbre Thunberg, en honor a la ni\u00f1a sueca de diecis\u00e9is a\u00f1os que, de la noche a la ma\u00f1ana, pas\u00f3 de ser una estudiante de escuela a la mayor experta en lucha contra el cambio clim\u00e1tico. Me resulta irrisorio ver a pol\u00edticos aceptar lecciones sobre medio ambiente de una ni\u00f1a que ni siquiera ha conoce las nociones b\u00e1sicas sobre Geograf\u00eda que recibimos los estudiantes de Letras en Segundo de Bachillerato.<\/p>\n<p>Pero no es el caso m\u00e1s precoz&#8230; &lt;&lt;Tengo ocho a\u00f1os y soy transexual&gt;&gt;. As\u00ed se present\u00f3 Elsa en la tribuna de la Asamblea de Extremadura. Muchos se preguntan qu\u00e9 sexo consta en su DNI. Seguramente todav\u00eda ninguno, porque no es obligatorio tener expedido el DNI hasta los catorce a\u00f1os. Pero que no se ofendan ni Elsa ni sus padres: con ocho a\u00f1os nadie deber\u00eda proclamarse transexual, ni homosexual ni heterosexual. Simplemente se deber\u00eda ser ni\u00f1o. O ni\u00f1a. La infancia debe disfrutarse al tiempo que se van adquiriendo los conocimientos que van formando a la persona, conocimientos que quiz\u00e1s en un futuro puedan servir para dar discursos desde un atril. Si un pol\u00edtico acepta lecciones sobre algo tan complejo por parte de Elsa a sus ocho a\u00f1os, deber\u00eda dimitir por incompetente.<\/p>\n<p>Podr\u00eda pensar alg\u00fan despistado que este es un art\u00edculo contra los ni\u00f1os. Ni mucho menos. Con lo que nos gustaba que nos prestasen atenci\u00f3n de peque\u00f1os, \u00bfqui\u00e9n no se hubiera subido a una tribuna de haber tenido la oportunidad? La culpa, por tanto, no es de Greta ni de Elsa, sino de estos pol\u00edticos que lejos de liderar a la sociedad, se est\u00e1n convirtiendo en una carga para la misma.<\/p>\n<p>Parece que la pol\u00edtica de los argumentos ha sido expulsada por la de &lt;&lt;esto es as\u00ed porque lo digo yo&gt;&gt; (&lt;&lt;todos contaminamos, porque lo digo yo&gt;&gt;, &lt;&lt;a todos los ni\u00f1os hay que someterlos a la teor\u00eda de g\u00e9nero, porque lo digo yo&gt;&gt;). Y si este brillante argumento todav\u00eda no resulta convincente a los ciudadanos, el pol\u00edtico tiene el truco del ni\u00f1o al que pone encima de un caj\u00f3n para compensar su escasa altura, frente al que hace como si escuchara atentamente su discurso, impartido desde el puesto de los representantes de la soberan\u00eda.<\/p>\n<p>Afortunadamente no todos los pol\u00edticos son as\u00ed. Algunos quedan que todav\u00eda son capaces de ofrecer buenos argumentos, aunque sean silenciados por los gritos de Greta Thunberg y compa\u00f1\u00eda. Pero estemos antentos, pues nos encontramos en una fase de transici\u00f3n: de la democracia a la <em>infantecracia<\/em>.<\/p>\n<p>&nbsp;<\/p>\n<p><img loading=\"lazy\" decoding=\"async\" width=\"399\" height=\"420\" class=\" wp-image-230 alignright\" src=\"http:\/\/www.cope.es\/blogs\/excelencia-literaria\/wp-content\/uploads\/sites\/16\/2019\/12\/foto-Javier-Merino.jpg\" alt=\"\" srcset=\"https:\/\/www.cope.es\/blogs\/excelencia-literaria\/wp-content\/uploads\/sites\/16\/2019\/12\/foto-Javier-Merino.jpg 399w, https:\/\/www.cope.es\/blogs\/excelencia-literaria\/wp-content\/uploads\/sites\/16\/2019\/12\/foto-Javier-Merino-285x300.jpg 285w, https:\/\/www.cope.es\/blogs\/excelencia-literaria\/wp-content\/uploads\/sites\/16\/2019\/12\/foto-Javier-Merino-218x230.jpg 218w\" sizes=\"auto, (max-width: 399px) 100vw, 399px\" \/><\/p>\n<p>&nbsp;<\/p>\n","protected":false},"excerpt":{"rendered":"<p>Francisco Javier Merino Ganador de la X edici\u00f3n www.excelencialiteraria.com &nbsp; &nbsp; La Cumbre del Clima celebrada en Madrid, en diciembre de 2019, pasar\u00e1 a la historia como la Cumbre Thunberg, en honor a la ni\u00f1a sueca de diecis\u00e9is a\u00f1os que, de la noche a la ma\u00f1ana, pas\u00f3 de ser una estudiante de escuela a la [&hellip;]<\/p>\n","protected":false},"author":16,"featured_media":0,"comment_status":"open","ping_status":"open","sticky":false,"template":"","format":"standard","meta":{"footnotes":""},"categories":[1],"tags":[],"class_list":["post-228","post","type-post","status-publish","format-standard","hentry","category-sin-categoria"],"yoast_head":"<!-- This site is optimized with the Yoast SEO plugin v27.4 - https:\/\/yoast.com\/product\/yoast-seo-wordpress\/ -->\n<title>La infantecracia - Excelencia Literaria<\/title>\n<meta name=\"robots\" content=\"index, follow, max-snippet:-1, max-image-preview:large, max-video-preview:-1\" \/>\n<link rel=\"canonical\" href=\"https:\/\/www.cope.es\/blogs\/excelencia-literaria\/2019\/12\/23\/la-infantecracia\/\" \/>\n<meta property=\"og:locale\" content=\"es_ES\" \/>\n<meta property=\"og:type\" content=\"article\" \/>\n<meta property=\"og:title\" content=\"La infantecracia - Excelencia Literaria\" \/>\n<meta property=\"og:description\" content=\"Francisco Javier Merino Ganador de la X edici\u00f3n www.excelencialiteraria.com &nbsp; &nbsp; La Cumbre del Clima celebrada en Madrid, en diciembre de 2019, pasar\u00e1 a la historia como la Cumbre Thunberg, en honor a la ni\u00f1a sueca de diecis\u00e9is a\u00f1os que, de la noche a la ma\u00f1ana, pas\u00f3 de ser una estudiante de escuela a la [&hellip;]\" \/>\n<meta property=\"og:url\" content=\"https:\/\/www.cope.es\/blogs\/excelencia-literaria\/2019\/12\/23\/la-infantecracia\/\" \/>\n<meta property=\"og:site_name\" content=\"Excelencia Literaria\" \/>\n<meta property=\"article:publisher\" content=\"https:\/\/www.facebook.com\/cope\/\" \/>\n<meta property=\"article:published_time\" content=\"2019-12-23T10:45:05+00:00\" \/>\n<meta property=\"og:image\" content=\"http:\/\/www.cope.es\/blogs\/excelencia-literaria\/wp-content\/uploads\/sites\/16\/2019\/12\/Unknown.jpg\" \/>\n<meta name=\"author\" content=\"Excelencia Literaria\" \/>\n<meta name=\"twitter:card\" content=\"summary_large_image\" \/>\n<meta name=\"twitter:creator\" content=\"@cope_es\" \/>\n<meta name=\"twitter:site\" content=\"@cope_es\" \/>\n<meta name=\"twitter:label1\" content=\"Escrito por\" \/>\n\t<meta name=\"twitter:data1\" content=\"Excelencia Literaria\" \/>\n\t<meta name=\"twitter:label2\" content=\"Tiempo de lectura\" \/>\n\t<meta name=\"twitter:data2\" content=\"2 minutos\" \/>\n<script type=\"application\/ld+json\" class=\"yoast-schema-graph\">{\"@context\":\"https:\\\/\\\/schema.org\",\"@graph\":[{\"@type\":\"Article\",\"@id\":\"https:\\\/\\\/www.cope.es\\\/blogs\\\/excelencia-literaria\\\/2019\\\/12\\\/23\\\/la-infantecracia\\\/#article\",\"isPartOf\":{\"@id\":\"https:\\\/\\\/www.cope.es\\\/blogs\\\/excelencia-literaria\\\/2019\\\/12\\\/23\\\/la-infantecracia\\\/\"},\"author\":{\"name\":\"Excelencia Literaria\",\"@id\":\"https:\\\/\\\/www.cope.es\\\/blogs\\\/excelencia-literaria\\\/#\\\/schema\\\/person\\\/c368ebd3446f6a5bbf0f8cd15b24fbb8\"},\"headline\":\"La infantecracia\",\"datePublished\":\"2019-12-23T10:45:05+00:00\",\"mainEntityOfPage\":{\"@id\":\"https:\\\/\\\/www.cope.es\\\/blogs\\\/excelencia-literaria\\\/2019\\\/12\\\/23\\\/la-infantecracia\\\/\"},\"wordCount\":501,\"commentCount\":0,\"image\":{\"@id\":\"https:\\\/\\\/www.cope.es\\\/blogs\\\/excelencia-literaria\\\/2019\\\/12\\\/23\\\/la-infantecracia\\\/#primaryimage\"},\"thumbnailUrl\":\"http:\\\/\\\/www.cope.es\\\/blogs\\\/excelencia-literaria\\\/wp-content\\\/uploads\\\/sites\\\/16\\\/2019\\\/12\\\/Unknown.jpg\",\"inLanguage\":\"es\",\"potentialAction\":[{\"@type\":\"CommentAction\",\"name\":\"Comment\",\"target\":[\"https:\\\/\\\/www.cope.es\\\/blogs\\\/excelencia-literaria\\\/2019\\\/12\\\/23\\\/la-infantecracia\\\/#respond\"]}]},{\"@type\":\"WebPage\",\"@id\":\"https:\\\/\\\/www.cope.es\\\/blogs\\\/excelencia-literaria\\\/2019\\\/12\\\/23\\\/la-infantecracia\\\/\",\"url\":\"https:\\\/\\\/www.cope.es\\\/blogs\\\/excelencia-literaria\\\/2019\\\/12\\\/23\\\/la-infantecracia\\\/\",\"name\":\"La infantecracia - Excelencia Literaria\",\"isPartOf\":{\"@id\":\"https:\\\/\\\/www.cope.es\\\/blogs\\\/excelencia-literaria\\\/#website\"},\"primaryImageOfPage\":{\"@id\":\"https:\\\/\\\/www.cope.es\\\/blogs\\\/excelencia-literaria\\\/2019\\\/12\\\/23\\\/la-infantecracia\\\/#primaryimage\"},\"image\":{\"@id\":\"https:\\\/\\\/www.cope.es\\\/blogs\\\/excelencia-literaria\\\/2019\\\/12\\\/23\\\/la-infantecracia\\\/#primaryimage\"},\"thumbnailUrl\":\"http:\\\/\\\/www.cope.es\\\/blogs\\\/excelencia-literaria\\\/wp-content\\\/uploads\\\/sites\\\/16\\\/2019\\\/12\\\/Unknown.jpg\",\"datePublished\":\"2019-12-23T10:45:05+00:00\",\"author\":{\"@id\":\"https:\\\/\\\/www.cope.es\\\/blogs\\\/excelencia-literaria\\\/#\\\/schema\\\/person\\\/c368ebd3446f6a5bbf0f8cd15b24fbb8\"},\"breadcrumb\":{\"@id\":\"https:\\\/\\\/www.cope.es\\\/blogs\\\/excelencia-literaria\\\/2019\\\/12\\\/23\\\/la-infantecracia\\\/#breadcrumb\"},\"inLanguage\":\"es\",\"potentialAction\":[{\"@type\":\"ReadAction\",\"target\":[\"https:\\\/\\\/www.cope.es\\\/blogs\\\/excelencia-literaria\\\/2019\\\/12\\\/23\\\/la-infantecracia\\\/\"]}]},{\"@type\":\"ImageObject\",\"inLanguage\":\"es\",\"@id\":\"https:\\\/\\\/www.cope.es\\\/blogs\\\/excelencia-literaria\\\/2019\\\/12\\\/23\\\/la-infantecracia\\\/#primaryimage\",\"url\":\"https:\\\/\\\/www.cope.es\\\/blogs\\\/excelencia-literaria\\\/wp-content\\\/uploads\\\/sites\\\/16\\\/2019\\\/12\\\/Unknown.jpg\",\"contentUrl\":\"https:\\\/\\\/www.cope.es\\\/blogs\\\/excelencia-literaria\\\/wp-content\\\/uploads\\\/sites\\\/16\\\/2019\\\/12\\\/Unknown.jpg\",\"width\":275,\"height\":183},{\"@type\":\"BreadcrumbList\",\"@id\":\"https:\\\/\\\/www.cope.es\\\/blogs\\\/excelencia-literaria\\\/2019\\\/12\\\/23\\\/la-infantecracia\\\/#breadcrumb\",\"itemListElement\":[{\"@type\":\"ListItem\",\"position\":1,\"name\":\"Portada\",\"item\":\"https:\\\/\\\/www.cope.es\\\/blogs\\\/excelencia-literaria\\\/\"},{\"@type\":\"ListItem\",\"position\":2,\"name\":\"La infantecracia\"}]},{\"@type\":\"WebSite\",\"@id\":\"https:\\\/\\\/www.cope.es\\\/blogs\\\/excelencia-literaria\\\/#website\",\"url\":\"https:\\\/\\\/www.cope.es\\\/blogs\\\/excelencia-literaria\\\/\",\"name\":\"Excelencia Literaria\",\"description\":\"Excelencia Literaria Blog de COPE\",\"potentialAction\":[{\"@type\":\"SearchAction\",\"target\":{\"@type\":\"EntryPoint\",\"urlTemplate\":\"https:\\\/\\\/www.cope.es\\\/blogs\\\/excelencia-literaria\\\/?s={search_term_string}\"},\"query-input\":{\"@type\":\"PropertyValueSpecification\",\"valueRequired\":true,\"valueName\":\"search_term_string\"}}],\"inLanguage\":\"es\"},{\"@type\":\"Person\",\"@id\":\"https:\\\/\\\/www.cope.es\\\/blogs\\\/excelencia-literaria\\\/#\\\/schema\\\/person\\\/c368ebd3446f6a5bbf0f8cd15b24fbb8\",\"name\":\"Excelencia Literaria\",\"image\":{\"@type\":\"ImageObject\",\"inLanguage\":\"es\",\"@id\":\"https:\\\/\\\/secure.gravatar.com\\\/avatar\\\/a0a6ea7bd8564af10694e2f248a569071b0aa81d28933765d3c3cd0c8db0382f?s=96&d=mm&r=g\",\"url\":\"https:\\\/\\\/secure.gravatar.com\\\/avatar\\\/a0a6ea7bd8564af10694e2f248a569071b0aa81d28933765d3c3cd0c8db0382f?s=96&d=mm&r=g\",\"contentUrl\":\"https:\\\/\\\/secure.gravatar.com\\\/avatar\\\/a0a6ea7bd8564af10694e2f248a569071b0aa81d28933765d3c3cd0c8db0382f?s=96&d=mm&r=g\",\"caption\":\"Excelencia Literaria\"},\"description\":\"Excelencia Literaria es un programa del escritor Miguel Aranguren, que desde 2003 busca -\u00a1y encuentra!- escritores j\u00f3venes por los colegios de Espa\u00f1a, M\u00e9xico y Per\u00fa (www.excelencialiteraria.com), a los que propone iluminar la cultura de una manera positiva, optimista y ligada siempre a la calidad. Cada curso, un Jurado de alto nivel elige a los mejores entre seiscientos participantes, a los que el proyecto les ofrece publicar sus relatos y art\u00edculos en los medios de comunicaci\u00f3n asociados a Excelencia Literaria. En este caso, es la Cadena COPE la que les abre las puertas a trav\u00e9s de este blog.\",\"sameAs\":[\"http:\\\/\\\/www.excelencialiteraria.com\"],\"url\":\"https:\\\/\\\/www.cope.es\\\/blogs\\\/excelencia-literaria\\\/author\\\/maranguren\\\/\"}]}<\/script>\n<!-- \/ Yoast SEO plugin. -->","yoast_head_json":{"title":"La infantecracia - Excelencia Literaria","robots":{"index":"index","follow":"follow","max-snippet":"max-snippet:-1","max-image-preview":"max-image-preview:large","max-video-preview":"max-video-preview:-1"},"canonical":"https:\/\/www.cope.es\/blogs\/excelencia-literaria\/2019\/12\/23\/la-infantecracia\/","og_locale":"es_ES","og_type":"article","og_title":"La infantecracia - Excelencia Literaria","og_description":"Francisco Javier Merino Ganador de la X edici\u00f3n www.excelencialiteraria.com &nbsp; &nbsp; La Cumbre del Clima celebrada en Madrid, en diciembre de 2019, pasar\u00e1 a la historia como la Cumbre Thunberg, en honor a la ni\u00f1a sueca de diecis\u00e9is a\u00f1os que, de la noche a la ma\u00f1ana, pas\u00f3 de ser una estudiante de escuela a la [&hellip;]","og_url":"https:\/\/www.cope.es\/blogs\/excelencia-literaria\/2019\/12\/23\/la-infantecracia\/","og_site_name":"Excelencia Literaria","article_publisher":"https:\/\/www.facebook.com\/cope\/","article_published_time":"2019-12-23T10:45:05+00:00","og_image":[{"url":"http:\/\/www.cope.es\/blogs\/excelencia-literaria\/wp-content\/uploads\/sites\/16\/2019\/12\/Unknown.jpg","type":"","width":"","height":""}],"author":"Excelencia Literaria","twitter_card":"summary_large_image","twitter_creator":"@cope_es","twitter_site":"@cope_es","twitter_misc":{"Escrito por":"Excelencia Literaria","Tiempo de lectura":"2 minutos"},"schema":{"@context":"https:\/\/schema.org","@graph":[{"@type":"Article","@id":"https:\/\/www.cope.es\/blogs\/excelencia-literaria\/2019\/12\/23\/la-infantecracia\/#article","isPartOf":{"@id":"https:\/\/www.cope.es\/blogs\/excelencia-literaria\/2019\/12\/23\/la-infantecracia\/"},"author":{"name":"Excelencia Literaria","@id":"https:\/\/www.cope.es\/blogs\/excelencia-literaria\/#\/schema\/person\/c368ebd3446f6a5bbf0f8cd15b24fbb8"},"headline":"La infantecracia","datePublished":"2019-12-23T10:45:05+00:00","mainEntityOfPage":{"@id":"https:\/\/www.cope.es\/blogs\/excelencia-literaria\/2019\/12\/23\/la-infantecracia\/"},"wordCount":501,"commentCount":0,"image":{"@id":"https:\/\/www.cope.es\/blogs\/excelencia-literaria\/2019\/12\/23\/la-infantecracia\/#primaryimage"},"thumbnailUrl":"http:\/\/www.cope.es\/blogs\/excelencia-literaria\/wp-content\/uploads\/sites\/16\/2019\/12\/Unknown.jpg","inLanguage":"es","potentialAction":[{"@type":"CommentAction","name":"Comment","target":["https:\/\/www.cope.es\/blogs\/excelencia-literaria\/2019\/12\/23\/la-infantecracia\/#respond"]}]},{"@type":"WebPage","@id":"https:\/\/www.cope.es\/blogs\/excelencia-literaria\/2019\/12\/23\/la-infantecracia\/","url":"https:\/\/www.cope.es\/blogs\/excelencia-literaria\/2019\/12\/23\/la-infantecracia\/","name":"La infantecracia - Excelencia Literaria","isPartOf":{"@id":"https:\/\/www.cope.es\/blogs\/excelencia-literaria\/#website"},"primaryImageOfPage":{"@id":"https:\/\/www.cope.es\/blogs\/excelencia-literaria\/2019\/12\/23\/la-infantecracia\/#primaryimage"},"image":{"@id":"https:\/\/www.cope.es\/blogs\/excelencia-literaria\/2019\/12\/23\/la-infantecracia\/#primaryimage"},"thumbnailUrl":"http:\/\/www.cope.es\/blogs\/excelencia-literaria\/wp-content\/uploads\/sites\/16\/2019\/12\/Unknown.jpg","datePublished":"2019-12-23T10:45:05+00:00","author":{"@id":"https:\/\/www.cope.es\/blogs\/excelencia-literaria\/#\/schema\/person\/c368ebd3446f6a5bbf0f8cd15b24fbb8"},"breadcrumb":{"@id":"https:\/\/www.cope.es\/blogs\/excelencia-literaria\/2019\/12\/23\/la-infantecracia\/#breadcrumb"},"inLanguage":"es","potentialAction":[{"@type":"ReadAction","target":["https:\/\/www.cope.es\/blogs\/excelencia-literaria\/2019\/12\/23\/la-infantecracia\/"]}]},{"@type":"ImageObject","inLanguage":"es","@id":"https:\/\/www.cope.es\/blogs\/excelencia-literaria\/2019\/12\/23\/la-infantecracia\/#primaryimage","url":"https:\/\/www.cope.es\/blogs\/excelencia-literaria\/wp-content\/uploads\/sites\/16\/2019\/12\/Unknown.jpg","contentUrl":"https:\/\/www.cope.es\/blogs\/excelencia-literaria\/wp-content\/uploads\/sites\/16\/2019\/12\/Unknown.jpg","width":275,"height":183},{"@type":"BreadcrumbList","@id":"https:\/\/www.cope.es\/blogs\/excelencia-literaria\/2019\/12\/23\/la-infantecracia\/#breadcrumb","itemListElement":[{"@type":"ListItem","position":1,"name":"Portada","item":"https:\/\/www.cope.es\/blogs\/excelencia-literaria\/"},{"@type":"ListItem","position":2,"name":"La infantecracia"}]},{"@type":"WebSite","@id":"https:\/\/www.cope.es\/blogs\/excelencia-literaria\/#website","url":"https:\/\/www.cope.es\/blogs\/excelencia-literaria\/","name":"Excelencia Literaria","description":"Excelencia Literaria Blog de COPE","potentialAction":[{"@type":"SearchAction","target":{"@type":"EntryPoint","urlTemplate":"https:\/\/www.cope.es\/blogs\/excelencia-literaria\/?s={search_term_string}"},"query-input":{"@type":"PropertyValueSpecification","valueRequired":true,"valueName":"search_term_string"}}],"inLanguage":"es"},{"@type":"Person","@id":"https:\/\/www.cope.es\/blogs\/excelencia-literaria\/#\/schema\/person\/c368ebd3446f6a5bbf0f8cd15b24fbb8","name":"Excelencia Literaria","image":{"@type":"ImageObject","inLanguage":"es","@id":"https:\/\/secure.gravatar.com\/avatar\/a0a6ea7bd8564af10694e2f248a569071b0aa81d28933765d3c3cd0c8db0382f?s=96&d=mm&r=g","url":"https:\/\/secure.gravatar.com\/avatar\/a0a6ea7bd8564af10694e2f248a569071b0aa81d28933765d3c3cd0c8db0382f?s=96&d=mm&r=g","contentUrl":"https:\/\/secure.gravatar.com\/avatar\/a0a6ea7bd8564af10694e2f248a569071b0aa81d28933765d3c3cd0c8db0382f?s=96&d=mm&r=g","caption":"Excelencia Literaria"},"description":"Excelencia Literaria es un programa del escritor Miguel Aranguren, que desde 2003 busca -\u00a1y encuentra!- escritores j\u00f3venes por los colegios de Espa\u00f1a, M\u00e9xico y Per\u00fa (www.excelencialiteraria.com), a los que propone iluminar la cultura de una manera positiva, optimista y ligada siempre a la calidad. Cada curso, un Jurado de alto nivel elige a los mejores entre seiscientos participantes, a los que el proyecto les ofrece publicar sus relatos y art\u00edculos en los medios de comunicaci\u00f3n asociados a Excelencia Literaria. En este caso, es la Cadena COPE la que les abre las puertas a trav\u00e9s de este blog.","sameAs":["http:\/\/www.excelencialiteraria.com"],"url":"https:\/\/www.cope.es\/blogs\/excelencia-literaria\/author\/maranguren\/"}]}},"amp_enabled":true,"_links":{"self":[{"href":"https:\/\/www.cope.es\/blogs\/excelencia-literaria\/wp-json\/wp\/v2\/posts\/228","targetHints":{"allow":["GET"]}}],"collection":[{"href":"https:\/\/www.cope.es\/blogs\/excelencia-literaria\/wp-json\/wp\/v2\/posts"}],"about":[{"href":"https:\/\/www.cope.es\/blogs\/excelencia-literaria\/wp-json\/wp\/v2\/types\/post"}],"author":[{"embeddable":true,"href":"https:\/\/www.cope.es\/blogs\/excelencia-literaria\/wp-json\/wp\/v2\/users\/16"}],"replies":[{"embeddable":true,"href":"https:\/\/www.cope.es\/blogs\/excelencia-literaria\/wp-json\/wp\/v2\/comments?post=228"}],"version-history":[{"count":1,"href":"https:\/\/www.cope.es\/blogs\/excelencia-literaria\/wp-json\/wp\/v2\/posts\/228\/revisions"}],"predecessor-version":[{"id":231,"href":"https:\/\/www.cope.es\/blogs\/excelencia-literaria\/wp-json\/wp\/v2\/posts\/228\/revisions\/231"}],"wp:attachment":[{"href":"https:\/\/www.cope.es\/blogs\/excelencia-literaria\/wp-json\/wp\/v2\/media?parent=228"}],"wp:term":[{"taxonomy":"category","embeddable":true,"href":"https:\/\/www.cope.es\/blogs\/excelencia-literaria\/wp-json\/wp\/v2\/categories?post=228"},{"taxonomy":"post_tag","embeddable":true,"href":"https:\/\/www.cope.es\/blogs\/excelencia-literaria\/wp-json\/wp\/v2\/tags?post=228"}],"curies":[{"name":"wp","href":"https:\/\/api.w.org\/{rel}","templated":true}]}}