{"id":21,"date":"2018-08-01T12:43:20","date_gmt":"2018-08-01T12:43:20","guid":{"rendered":"http:\/\/www.cope.es\/blogs\/el-rincon-de-la-moda\/?p=21"},"modified":"2018-08-01T12:43:20","modified_gmt":"2018-08-01T12:43:20","slug":"blake-lively-una-estrella-que-brilla-en-la-alfombra-roja","status":"publish","type":"post","link":"https:\/\/www.cope.es\/blogs\/el-rincon-de-la-moda\/2018\/08\/01\/blake-lively-una-estrella-que-brilla-en-la-alfombra-roja\/","title":{"rendered":"Blake Lively, una estrella que brilla en la alfombra roja"},"content":{"rendered":"<p><span style=\"font-weight: 400\">Once a\u00f1os han pasado desde que<strong> Serena Van der Woodsen<\/strong> llegase a la peque\u00f1a pantalla, y la <\/span><em><span style=\"font-weight: 400\">it girl\u00a0<\/span><\/em><span style=\"font-weight: 400\">del momento,<strong> Blake Lively<\/strong>, fue la encargada de encarnar al personaje de <strong><em>Gossip Girl<\/em><\/strong>. La californiana comenz\u00f3 a protagonizar numerosas portadas de revistas y anuncios; convirtiendo su estilo en una referencia dentro del mundo de la moda. <\/span><\/p>\n<p><span style=\"font-weight: 400\">Al igual que el personaje que la catapult\u00f3 a la fama, Lively deja en cada alfombra roja que pisa lecciones de estilo. En la pasada <strong>Gala MET<\/strong> enamor\u00f3 al p\u00fablico con un vestido de<strong> Versace<\/strong>, compuesto por una falda que daba paso a otra sobrefalda de color burdeos y un corpi\u00f1o dorado. Y no es la primera vez que se pone en manos de la firma italiana para este evento. El a\u00f1o anterior optaba por un vestido dorado de cadenas con una cola de plumas azules.<\/span><\/p>\n<blockquote class=\"instagram-media\" data-instgrm-captioned data-instgrm-permalink=\"https:\/\/www.instagram.com\/p\/BiinjufAWOb\/?utm_source=ig_embed\" data-instgrm-version=\"9\" style=\" background:#FFF; border:0; border-radius:3px; box-shadow:0 0 1px 0 rgba(0,0,0,0.5),0 1px 10px 0 rgba(0,0,0,0.15); margin: 1px; max-width:658px; min-width:326px; padding:0; width:99.375%; width:-webkit-calc(100% - 2px); width:calc(100% - 2px);\">\n<div style=\"padding:8px;\">\n<div style=\" background:#F8F8F8; line-height:0; margin-top:40px; padding:50.0% 0; text-align:center; width:100%;\">\n<div style=\" background:url(data:image\/png;base64,iVBORw0KGgoAAAANSUhEUgAAACwAAAAsCAMAAAApWqozAAAABGdBTUEAALGPC\/xhBQAAAAFzUkdCAK7OHOkAAAAMUExURczMzPf399fX1+bm5mzY9AMAAADiSURBVDjLvZXbEsMgCES5\/P8\/t9FuRVCRmU73JWlzosgSIIZURCjo\/ad+EQJJB4Hv8BFt+IDpQoCx1wjOSBFhh2XssxEIYn3ulI\/6MNReE07UIWJEv8UEOWDS88LY97kqyTliJKKtuYBbruAyVh5wOHiXmpi5we58Ek028czwyuQdLKPG1Bkb4NnM+VeAnfHqn1k4+GPT6uGQcvu2h2OVuIf\/gWUFyy8OWEpdyZSa3aVCqpVoVvzZZ2VTnn2wU8qzVjDDetO90GSy9mVLqtgYSy231MxrY6I2gGqjrTY0L8fxCxfCBbhWrsYYAAAAAElFTkSuQmCC); display:block; height:44px; margin:0 auto -44px; position:relative; top:-22px; width:44px;\"><\/div>\n<\/div>\n<p style=\" margin:8px 0 0 0; padding:0 4px;\"> <a href=\"https:\/\/www.instagram.com\/p\/BiinjufAWOb\/?utm_source=ig_embed\" style=\" color:#000; font-family:Arial,sans-serif; font-size:14px; font-style:normal; font-weight:normal; line-height:17px; text-decoration:none; word-wrap:break-word;\" target=\"_blank\">Winter is coming \ud83c\udff0\ud83d\udc09\u2744\ufe0f\ud83d\udc3a\ud83c\udff0<\/a><\/p>\n<p style=\" color:#c9c8cd; font-family:Arial,sans-serif; font-size:14px; line-height:17px; margin-bottom:0; margin-top:8px; overflow:hidden; padding:8px 0 7px; text-align:center; text-overflow:ellipsis; white-space:nowrap;\">A post shared by <a href=\"https:\/\/www.instagram.com\/blakelively\/?utm_source=ig_embed\" style=\" color:#c9c8cd; font-family:Arial,sans-serif; font-size:14px; font-style:normal; font-weight:normal; line-height:17px;\" target=\"_blank\"> Blake Lively<\/a> (@blakelively) on <time style=\" font-family:Arial,sans-serif; font-size:14px; line-height:17px;\" datetime=\"2018-05-09T03:03:29+00:00\">May 8, 2018 at 8:03pm PDT<\/time><\/p>\n<\/div>\n<\/blockquote>\n<p><script async defer src=\"\/\/www.instagram.com\/embed.js\"><\/script><\/p>\n<p><span style=\"font-weight: 400\">La hemos visto llevar un traje de pantal\u00f3n, de cuadros, \u00a0como nadie y sorprender, una vez m\u00e1s, en la alfombra roja con un vestido-americana, con camisa blanca y pajarita, que nos podr\u00eda servir para cualquier cena de empresa, por ejemplo. El vestido-americana era de la firma <strong>Sonia Rykel<\/strong>, la camisa de <strong>Aritzia<\/strong>. <\/span><\/p>\n<blockquote class=\"instagram-media\" data-instgrm-captioned data-instgrm-permalink=\"https:\/\/www.instagram.com\/p\/BiD3N5CAOox\/?utm_source=ig_embed\" data-instgrm-version=\"9\" style=\" background:#FFF; border:0; border-radius:3px; box-shadow:0 0 1px 0 rgba(0,0,0,0.5),0 1px 10px 0 rgba(0,0,0,0.15); margin: 1px; max-width:658px; min-width:326px; padding:0; width:99.375%; width:-webkit-calc(100% - 2px); width:calc(100% - 2px);\">\n<div style=\"padding:8px;\">\n<div style=\" background:#F8F8F8; line-height:0; margin-top:40px; padding:50.0% 0; text-align:center; width:100%;\">\n<div style=\" background:url(data:image\/png;base64,iVBORw0KGgoAAAANSUhEUgAAACwAAAAsCAMAAAApWqozAAAABGdBTUEAALGPC\/xhBQAAAAFzUkdCAK7OHOkAAAAMUExURczMzPf399fX1+bm5mzY9AMAAADiSURBVDjLvZXbEsMgCES5\/P8\/t9FuRVCRmU73JWlzosgSIIZURCjo\/ad+EQJJB4Hv8BFt+IDpQoCx1wjOSBFhh2XssxEIYn3ulI\/6MNReE07UIWJEv8UEOWDS88LY97kqyTliJKKtuYBbruAyVh5wOHiXmpi5we58Ek028czwyuQdLKPG1Bkb4NnM+VeAnfHqn1k4+GPT6uGQcvu2h2OVuIf\/gWUFyy8OWEpdyZSa3aVCqpVoVvzZZ2VTnn2wU8qzVjDDetO90GSy9mVLqtgYSy231MxrY6I2gGqjrTY0L8fxCxfCBbhWrsYYAAAAAElFTkSuQmCC); display:block; height:44px; margin:0 auto -44px; position:relative; top:-22px; width:44px;\"><\/div>\n<\/div>\n<p style=\" margin:8px 0 0 0; padding:0 4px;\"> <a href=\"https:\/\/www.instagram.com\/p\/BiD3N5CAOox\/?utm_source=ig_embed\" style=\" color:#000; font-family:Arial,sans-serif; font-size:14px; font-style:normal; font-weight:normal; line-height:17px; text-decoration:none; word-wrap:break-word;\" target=\"_blank\">&#8230;Who wore it better?<\/a><\/p>\n<p style=\" color:#c9c8cd; font-family:Arial,sans-serif; font-size:14px; line-height:17px; margin-bottom:0; margin-top:8px; overflow:hidden; padding:8px 0 7px; text-align:center; text-overflow:ellipsis; white-space:nowrap;\">A post shared by <a href=\"https:\/\/www.instagram.com\/blakelively\/?utm_source=ig_embed\" style=\" color:#c9c8cd; font-family:Arial,sans-serif; font-size:14px; font-style:normal; font-weight:normal; line-height:17px;\" target=\"_blank\"> Blake Lively<\/a> (@blakelively) on <time style=\" font-family:Arial,sans-serif; font-size:14px; line-height:17px;\" datetime=\"2018-04-27T04:23:52+00:00\">Apr 26, 2018 at 9:23pm PDT<\/time><\/p>\n<\/div>\n<\/blockquote>\n<p><script async defer src=\"\/\/www.instagram.com\/embed.js\"><\/script><\/p>\n<p><span style=\"font-weight: 400\">Sin necesidad de asesores de moda a Blake Lively se la rifan los grandes dise\u00f1adores: <strong>Versace<\/strong>, <strong>\u00d3scar de la Renta<\/strong> o<strong> Chanel<\/strong> la han vestido para numerosos eventos y entre los imprescindibles de su armario est\u00e1n<strong> Karl Lagerfeld<\/strong> y <strong>Frida Giannini<\/strong>, adem\u00e1s de <strong>Christian Louboutin<\/strong>. <\/span><\/p>\n<p><span style=\"font-weight: 400\">Pero Lively a parte de caracterizarse por su estilo lo hace tambi\u00e9n por su humor. Estos \u00faltimos a\u00f1os es habitual ver las bromas que se gastan ella y su marido, el actor Ryan Reynolds, en las redes sociales. Lo que est\u00e1 claro es que, la que era la chica de moda en Gossip Girl, super\u00f3 la ficci\u00f3n, convirtiendo a Blake Lively en una de las mujeres de moda de Hollywood y que en cada aparici\u00f3n en la alfombra roja deja una clase de estilo. <\/span><\/p>\n<p>&nbsp;<\/p>\n","protected":false},"excerpt":{"rendered":"<p>Once a\u00f1os han pasado desde que Serena Van der Woodsen llegase a la peque\u00f1a pantalla, y la it girl\u00a0del momento, Blake Lively, fue la encargada de encarnar al personaje de Gossip Girl. La californiana comenz\u00f3 a protagonizar numerosas portadas de revistas y anuncios; convirtiendo su estilo en una referencia dentro del mundo de la moda. [&hellip;]<\/p>\n","protected":false},"author":29,"featured_media":25,"comment_status":"open","ping_status":"open","sticky":false,"template":"","format":"standard","meta":{"footnotes":""},"categories":[3],"tags":[18,13,16,14,17,15],"class_list":["post-21","post","type-post","status-publish","format-standard","has-post-thumbnail","hentry","category-moda","tag-aritzia","tag-blake-lively","tag-gala-met","tag-gossip-girl","tag-sonia-rykel","tag-versace"],"yoast_head":"<!-- This site is optimized with the Yoast SEO plugin v27.4 - https:\/\/yoast.com\/product\/yoast-seo-wordpress\/ -->\n<title>Blake Lively, una estrella que brilla en la alfombra roja - El rinc\u00f3n de la moda<\/title>\n<meta name=\"robots\" content=\"index, follow, max-snippet:-1, max-image-preview:large, max-video-preview:-1\" \/>\n<link rel=\"canonical\" href=\"https:\/\/www.cope.es\/blogs\/el-rincon-de-la-moda\/2018\/08\/01\/blake-lively-una-estrella-que-brilla-en-la-alfombra-roja\/\" \/>\n<meta property=\"og:locale\" content=\"es_ES\" \/>\n<meta property=\"og:type\" content=\"article\" \/>\n<meta property=\"og:title\" content=\"Blake Lively, una estrella que brilla en la alfombra roja - El rinc\u00f3n de la moda\" \/>\n<meta property=\"og:description\" content=\"Once a\u00f1os han pasado desde que Serena Van der Woodsen llegase a la peque\u00f1a pantalla, y la it girl\u00a0del momento, Blake Lively, fue la encargada de encarnar al personaje de Gossip Girl. La californiana comenz\u00f3 a protagonizar numerosas portadas de revistas y anuncios; convirtiendo su estilo en una referencia dentro del mundo de la moda. [&hellip;]\" \/>\n<meta property=\"og:url\" content=\"https:\/\/www.cope.es\/blogs\/el-rincon-de-la-moda\/2018\/08\/01\/blake-lively-una-estrella-que-brilla-en-la-alfombra-roja\/\" \/>\n<meta property=\"og:site_name\" content=\"El rinc\u00f3n de la moda\" \/>\n<meta property=\"article:publisher\" content=\"https:\/\/www.facebook.com\/cope\/\" \/>\n<meta property=\"article:published_time\" content=\"2018-08-01T12:43:20+00:00\" \/>\n<meta property=\"og:image\" content=\"https:\/\/www.cope.es\/blogs\/el-rincon-de-la-moda\/wp-content\/uploads\/sites\/26\/2018\/08\/Captura.png\" \/>\n\t<meta property=\"og:image:width\" content=\"469\" \/>\n\t<meta property=\"og:image:height\" content=\"409\" \/>\n\t<meta property=\"og:image:type\" content=\"image\/png\" \/>\n<meta name=\"author\" content=\"Susana Alonso Mu\u00f1oz\" \/>\n<meta name=\"twitter:card\" content=\"summary_large_image\" \/>\n<meta name=\"twitter:creator\" content=\"@cope_es\" \/>\n<meta name=\"twitter:site\" content=\"@cope_es\" \/>\n<meta name=\"twitter:label1\" content=\"Escrito por\" \/>\n\t<meta name=\"twitter:data1\" content=\"Susana Alonso Mu\u00f1oz\" \/>\n\t<meta name=\"twitter:label2\" content=\"Tiempo de lectura\" \/>\n\t<meta name=\"twitter:data2\" content=\"2 minutos\" \/>\n<script type=\"application\/ld+json\" class=\"yoast-schema-graph\">{\"@context\":\"https:\\\/\\\/schema.org\",\"@graph\":[{\"@type\":\"Article\",\"@id\":\"https:\\\/\\\/www.cope.es\\\/blogs\\\/el-rincon-de-la-moda\\\/2018\\\/08\\\/01\\\/blake-lively-una-estrella-que-brilla-en-la-alfombra-roja\\\/#article\",\"isPartOf\":{\"@id\":\"https:\\\/\\\/www.cope.es\\\/blogs\\\/el-rincon-de-la-moda\\\/2018\\\/08\\\/01\\\/blake-lively-una-estrella-que-brilla-en-la-alfombra-roja\\\/\"},\"author\":{\"name\":\"Susana Alonso Mu\u00f1oz\",\"@id\":\"https:\\\/\\\/www.cope.es\\\/blogs\\\/el-rincon-de-la-moda\\\/#\\\/schema\\\/person\\\/e35f85725ba1ee2057dac85fa8ba256a\"},\"headline\":\"Blake Lively, una estrella que brilla en la alfombra roja\",\"datePublished\":\"2018-08-01T12:43:20+00:00\",\"mainEntityOfPage\":{\"@id\":\"https:\\\/\\\/www.cope.es\\\/blogs\\\/el-rincon-de-la-moda\\\/2018\\\/08\\\/01\\\/blake-lively-una-estrella-que-brilla-en-la-alfombra-roja\\\/\"},\"wordCount\":367,\"commentCount\":2,\"image\":{\"@id\":\"https:\\\/\\\/www.cope.es\\\/blogs\\\/el-rincon-de-la-moda\\\/2018\\\/08\\\/01\\\/blake-lively-una-estrella-que-brilla-en-la-alfombra-roja\\\/#primaryimage\"},\"thumbnailUrl\":\"https:\\\/\\\/www.cope.es\\\/blogs\\\/el-rincon-de-la-moda\\\/wp-content\\\/uploads\\\/sites\\\/26\\\/2018\\\/08\\\/Captura.png\",\"keywords\":[\"Aritzia\",\"Blake Lively\",\"Gala Met\",\"Gossip Girl\",\"Sonia Rykel\",\"Versace\"],\"articleSection\":[\"moda\"],\"inLanguage\":\"es\",\"potentialAction\":[{\"@type\":\"CommentAction\",\"name\":\"Comment\",\"target\":[\"https:\\\/\\\/www.cope.es\\\/blogs\\\/el-rincon-de-la-moda\\\/2018\\\/08\\\/01\\\/blake-lively-una-estrella-que-brilla-en-la-alfombra-roja\\\/#respond\"]}]},{\"@type\":\"WebPage\",\"@id\":\"https:\\\/\\\/www.cope.es\\\/blogs\\\/el-rincon-de-la-moda\\\/2018\\\/08\\\/01\\\/blake-lively-una-estrella-que-brilla-en-la-alfombra-roja\\\/\",\"url\":\"https:\\\/\\\/www.cope.es\\\/blogs\\\/el-rincon-de-la-moda\\\/2018\\\/08\\\/01\\\/blake-lively-una-estrella-que-brilla-en-la-alfombra-roja\\\/\",\"name\":\"Blake Lively, una estrella que brilla en la alfombra roja - El rinc\u00f3n de la moda\",\"isPartOf\":{\"@id\":\"https:\\\/\\\/www.cope.es\\\/blogs\\\/el-rincon-de-la-moda\\\/#website\"},\"primaryImageOfPage\":{\"@id\":\"https:\\\/\\\/www.cope.es\\\/blogs\\\/el-rincon-de-la-moda\\\/2018\\\/08\\\/01\\\/blake-lively-una-estrella-que-brilla-en-la-alfombra-roja\\\/#primaryimage\"},\"image\":{\"@id\":\"https:\\\/\\\/www.cope.es\\\/blogs\\\/el-rincon-de-la-moda\\\/2018\\\/08\\\/01\\\/blake-lively-una-estrella-que-brilla-en-la-alfombra-roja\\\/#primaryimage\"},\"thumbnailUrl\":\"https:\\\/\\\/www.cope.es\\\/blogs\\\/el-rincon-de-la-moda\\\/wp-content\\\/uploads\\\/sites\\\/26\\\/2018\\\/08\\\/Captura.png\",\"datePublished\":\"2018-08-01T12:43:20+00:00\",\"author\":{\"@id\":\"https:\\\/\\\/www.cope.es\\\/blogs\\\/el-rincon-de-la-moda\\\/#\\\/schema\\\/person\\\/e35f85725ba1ee2057dac85fa8ba256a\"},\"breadcrumb\":{\"@id\":\"https:\\\/\\\/www.cope.es\\\/blogs\\\/el-rincon-de-la-moda\\\/2018\\\/08\\\/01\\\/blake-lively-una-estrella-que-brilla-en-la-alfombra-roja\\\/#breadcrumb\"},\"inLanguage\":\"es\",\"potentialAction\":[{\"@type\":\"ReadAction\",\"target\":[\"https:\\\/\\\/www.cope.es\\\/blogs\\\/el-rincon-de-la-moda\\\/2018\\\/08\\\/01\\\/blake-lively-una-estrella-que-brilla-en-la-alfombra-roja\\\/\"]}]},{\"@type\":\"ImageObject\",\"inLanguage\":\"es\",\"@id\":\"https:\\\/\\\/www.cope.es\\\/blogs\\\/el-rincon-de-la-moda\\\/2018\\\/08\\\/01\\\/blake-lively-una-estrella-que-brilla-en-la-alfombra-roja\\\/#primaryimage\",\"url\":\"https:\\\/\\\/www.cope.es\\\/blogs\\\/el-rincon-de-la-moda\\\/wp-content\\\/uploads\\\/sites\\\/26\\\/2018\\\/08\\\/Captura.png\",\"contentUrl\":\"https:\\\/\\\/www.cope.es\\\/blogs\\\/el-rincon-de-la-moda\\\/wp-content\\\/uploads\\\/sites\\\/26\\\/2018\\\/08\\\/Captura.png\",\"width\":469,\"height\":409},{\"@type\":\"BreadcrumbList\",\"@id\":\"https:\\\/\\\/www.cope.es\\\/blogs\\\/el-rincon-de-la-moda\\\/2018\\\/08\\\/01\\\/blake-lively-una-estrella-que-brilla-en-la-alfombra-roja\\\/#breadcrumb\",\"itemListElement\":[{\"@type\":\"ListItem\",\"position\":1,\"name\":\"Portada\",\"item\":\"https:\\\/\\\/www.cope.es\\\/blogs\\\/el-rincon-de-la-moda\\\/\"},{\"@type\":\"ListItem\",\"position\":2,\"name\":\"Blake Lively, una estrella que brilla en la alfombra roja\"}]},{\"@type\":\"WebSite\",\"@id\":\"https:\\\/\\\/www.cope.es\\\/blogs\\\/el-rincon-de-la-moda\\\/#website\",\"url\":\"https:\\\/\\\/www.cope.es\\\/blogs\\\/el-rincon-de-la-moda\\\/\",\"name\":\"El rinc\u00f3n de la moda\",\"description\":\"Otro sitio m\u00e1s de Blogs de COPE\",\"potentialAction\":[{\"@type\":\"SearchAction\",\"target\":{\"@type\":\"EntryPoint\",\"urlTemplate\":\"https:\\\/\\\/www.cope.es\\\/blogs\\\/el-rincon-de-la-moda\\\/?s={search_term_string}\"},\"query-input\":{\"@type\":\"PropertyValueSpecification\",\"valueRequired\":true,\"valueName\":\"search_term_string\"}}],\"inLanguage\":\"es\"},{\"@type\":\"Person\",\"@id\":\"https:\\\/\\\/www.cope.es\\\/blogs\\\/el-rincon-de-la-moda\\\/#\\\/schema\\\/person\\\/e35f85725ba1ee2057dac85fa8ba256a\",\"name\":\"Susana Alonso Mu\u00f1oz\",\"image\":{\"@type\":\"ImageObject\",\"inLanguage\":\"es\",\"@id\":\"https:\\\/\\\/secure.gravatar.com\\\/avatar\\\/65c171c92b6eb13b71a2ee4a9f69c34dceb3bf35db62a812d0d6d93e947ec04e?s=96&d=mm&r=g\",\"url\":\"https:\\\/\\\/secure.gravatar.com\\\/avatar\\\/65c171c92b6eb13b71a2ee4a9f69c34dceb3bf35db62a812d0d6d93e947ec04e?s=96&d=mm&r=g\",\"contentUrl\":\"https:\\\/\\\/secure.gravatar.com\\\/avatar\\\/65c171c92b6eb13b71a2ee4a9f69c34dceb3bf35db62a812d0d6d93e947ec04e?s=96&d=mm&r=g\",\"caption\":\"Susana Alonso Mu\u00f1oz\"},\"description\":\"Lo que se pretende en este blog no es solo hacer un recorrido por las tendencias del momento, sino tambi\u00e9n acercarnos a los diferentes dise\u00f1adores que est\u00e1n triunfando actualmente, como es el ejemplo de Juan Vidal, Mar\u00eda Estrada, Palomo Spain o Mois\u00e9s Nieto, los cuales est\u00e1n desfilando estos d\u00edas en la Madrid Mercedes Fashion Week. Pero no solo nos quedaremos en el mundo de los grandes dise\u00f1adores, sino que tambi\u00e9n nos acercaremos al universo de las Instagramers, que se han convertido en un gran escaparate para muchas marcas. Los dos ejemplos m\u00e1s claros de esto son Mar\u00eda Pombo y Dulceida, e incluso, la segunda finalista de Operaci\u00f3n Triunfo, Aitana. Y hablar de moda va ligado a las grandes pasarelas y a los eventos del a\u00f1o, como es el caso del \u201cVictoria\u00b4s Secret Fashion Show\u201d. As\u00ed que se har\u00eda dependiendo del momento alguna entrada dedicada a este tipo de eventos. Ahora bien, siendo un blog de moda el proyecto que se presenta hay que hablar de los grandes iconos de este campo. Otra de las cosas que se pretende en las entradas que se escriban es recordar a figuras que marcaron una \u00e9poca, como fueron Audrey Herpburn, Marilyn Monroe o Coco Chanel, entre otras muchas. En resumen, lo que se busca en \u201cEl rinc\u00f3n de la moda\u201d es estar al d\u00eda de las \u00faltimas tendencias, descubrir a los grandes dise\u00f1adores de la industria, c\u00f3mo es el mundo de las intagramers y recordar a viejos iconos que marcaron una \u00e9poca. En estos \u00faltimos a\u00f1os he realizado pr\u00e1cticas en diferentes secciones de la Cadena Cope, pasando por deportes, informativos (secci\u00f3n de nacional), el magazine de fin de semana. Actualmente formo parte del equipo de Cope M\u00e1s Madrid. \u00bfY por qu\u00e9 propongo \u201cEl rinc\u00f3n de la moda\u201d? Porque el mundo del textil est\u00e1 entre mis gustos y leer sobre ello. Adem\u00e1s, en numerosas p\u00e1ginas webs de revistas, como es el caso de Vogue o Telva, encontramos ya espacios dedicados a blogs con esta tem\u00e1tica. Finalmente, la moda, a d\u00eda de hoy, se encuentra en primera l\u00ednea no solo entre las mujeres, sino tambi\u00e9n entre los hombres.\",\"sameAs\":[\"https:\\\/\\\/www.cope.es\"],\"url\":\"https:\\\/\\\/www.cope.es\\\/blogs\\\/el-rincon-de-la-moda\\\/author\\\/salonso\\\/\"}]}<\/script>\n<!-- \/ Yoast SEO plugin. -->","yoast_head_json":{"title":"Blake Lively, una estrella que brilla en la alfombra roja - El rinc\u00f3n de la moda","robots":{"index":"index","follow":"follow","max-snippet":"max-snippet:-1","max-image-preview":"max-image-preview:large","max-video-preview":"max-video-preview:-1"},"canonical":"https:\/\/www.cope.es\/blogs\/el-rincon-de-la-moda\/2018\/08\/01\/blake-lively-una-estrella-que-brilla-en-la-alfombra-roja\/","og_locale":"es_ES","og_type":"article","og_title":"Blake Lively, una estrella que brilla en la alfombra roja - El rinc\u00f3n de la moda","og_description":"Once a\u00f1os han pasado desde que Serena Van der Woodsen llegase a la peque\u00f1a pantalla, y la it girl\u00a0del momento, Blake Lively, fue la encargada de encarnar al personaje de Gossip Girl. La californiana comenz\u00f3 a protagonizar numerosas portadas de revistas y anuncios; convirtiendo su estilo en una referencia dentro del mundo de la moda. [&hellip;]","og_url":"https:\/\/www.cope.es\/blogs\/el-rincon-de-la-moda\/2018\/08\/01\/blake-lively-una-estrella-que-brilla-en-la-alfombra-roja\/","og_site_name":"El rinc\u00f3n de la moda","article_publisher":"https:\/\/www.facebook.com\/cope\/","article_published_time":"2018-08-01T12:43:20+00:00","og_image":[{"width":469,"height":409,"url":"https:\/\/www.cope.es\/blogs\/el-rincon-de-la-moda\/wp-content\/uploads\/sites\/26\/2018\/08\/Captura.png","type":"image\/png"}],"author":"Susana Alonso Mu\u00f1oz","twitter_card":"summary_large_image","twitter_creator":"@cope_es","twitter_site":"@cope_es","twitter_misc":{"Escrito por":"Susana Alonso Mu\u00f1oz","Tiempo de lectura":"2 minutos"},"schema":{"@context":"https:\/\/schema.org","@graph":[{"@type":"Article","@id":"https:\/\/www.cope.es\/blogs\/el-rincon-de-la-moda\/2018\/08\/01\/blake-lively-una-estrella-que-brilla-en-la-alfombra-roja\/#article","isPartOf":{"@id":"https:\/\/www.cope.es\/blogs\/el-rincon-de-la-moda\/2018\/08\/01\/blake-lively-una-estrella-que-brilla-en-la-alfombra-roja\/"},"author":{"name":"Susana Alonso Mu\u00f1oz","@id":"https:\/\/www.cope.es\/blogs\/el-rincon-de-la-moda\/#\/schema\/person\/e35f85725ba1ee2057dac85fa8ba256a"},"headline":"Blake Lively, una estrella que brilla en la alfombra roja","datePublished":"2018-08-01T12:43:20+00:00","mainEntityOfPage":{"@id":"https:\/\/www.cope.es\/blogs\/el-rincon-de-la-moda\/2018\/08\/01\/blake-lively-una-estrella-que-brilla-en-la-alfombra-roja\/"},"wordCount":367,"commentCount":2,"image":{"@id":"https:\/\/www.cope.es\/blogs\/el-rincon-de-la-moda\/2018\/08\/01\/blake-lively-una-estrella-que-brilla-en-la-alfombra-roja\/#primaryimage"},"thumbnailUrl":"https:\/\/www.cope.es\/blogs\/el-rincon-de-la-moda\/wp-content\/uploads\/sites\/26\/2018\/08\/Captura.png","keywords":["Aritzia","Blake Lively","Gala Met","Gossip Girl","Sonia Rykel","Versace"],"articleSection":["moda"],"inLanguage":"es","potentialAction":[{"@type":"CommentAction","name":"Comment","target":["https:\/\/www.cope.es\/blogs\/el-rincon-de-la-moda\/2018\/08\/01\/blake-lively-una-estrella-que-brilla-en-la-alfombra-roja\/#respond"]}]},{"@type":"WebPage","@id":"https:\/\/www.cope.es\/blogs\/el-rincon-de-la-moda\/2018\/08\/01\/blake-lively-una-estrella-que-brilla-en-la-alfombra-roja\/","url":"https:\/\/www.cope.es\/blogs\/el-rincon-de-la-moda\/2018\/08\/01\/blake-lively-una-estrella-que-brilla-en-la-alfombra-roja\/","name":"Blake Lively, una estrella que brilla en la alfombra roja - El rinc\u00f3n de la moda","isPartOf":{"@id":"https:\/\/www.cope.es\/blogs\/el-rincon-de-la-moda\/#website"},"primaryImageOfPage":{"@id":"https:\/\/www.cope.es\/blogs\/el-rincon-de-la-moda\/2018\/08\/01\/blake-lively-una-estrella-que-brilla-en-la-alfombra-roja\/#primaryimage"},"image":{"@id":"https:\/\/www.cope.es\/blogs\/el-rincon-de-la-moda\/2018\/08\/01\/blake-lively-una-estrella-que-brilla-en-la-alfombra-roja\/#primaryimage"},"thumbnailUrl":"https:\/\/www.cope.es\/blogs\/el-rincon-de-la-moda\/wp-content\/uploads\/sites\/26\/2018\/08\/Captura.png","datePublished":"2018-08-01T12:43:20+00:00","author":{"@id":"https:\/\/www.cope.es\/blogs\/el-rincon-de-la-moda\/#\/schema\/person\/e35f85725ba1ee2057dac85fa8ba256a"},"breadcrumb":{"@id":"https:\/\/www.cope.es\/blogs\/el-rincon-de-la-moda\/2018\/08\/01\/blake-lively-una-estrella-que-brilla-en-la-alfombra-roja\/#breadcrumb"},"inLanguage":"es","potentialAction":[{"@type":"ReadAction","target":["https:\/\/www.cope.es\/blogs\/el-rincon-de-la-moda\/2018\/08\/01\/blake-lively-una-estrella-que-brilla-en-la-alfombra-roja\/"]}]},{"@type":"ImageObject","inLanguage":"es","@id":"https:\/\/www.cope.es\/blogs\/el-rincon-de-la-moda\/2018\/08\/01\/blake-lively-una-estrella-que-brilla-en-la-alfombra-roja\/#primaryimage","url":"https:\/\/www.cope.es\/blogs\/el-rincon-de-la-moda\/wp-content\/uploads\/sites\/26\/2018\/08\/Captura.png","contentUrl":"https:\/\/www.cope.es\/blogs\/el-rincon-de-la-moda\/wp-content\/uploads\/sites\/26\/2018\/08\/Captura.png","width":469,"height":409},{"@type":"BreadcrumbList","@id":"https:\/\/www.cope.es\/blogs\/el-rincon-de-la-moda\/2018\/08\/01\/blake-lively-una-estrella-que-brilla-en-la-alfombra-roja\/#breadcrumb","itemListElement":[{"@type":"ListItem","position":1,"name":"Portada","item":"https:\/\/www.cope.es\/blogs\/el-rincon-de-la-moda\/"},{"@type":"ListItem","position":2,"name":"Blake Lively, una estrella que brilla en la alfombra roja"}]},{"@type":"WebSite","@id":"https:\/\/www.cope.es\/blogs\/el-rincon-de-la-moda\/#website","url":"https:\/\/www.cope.es\/blogs\/el-rincon-de-la-moda\/","name":"El rinc\u00f3n de la moda","description":"Otro sitio m\u00e1s de Blogs de COPE","potentialAction":[{"@type":"SearchAction","target":{"@type":"EntryPoint","urlTemplate":"https:\/\/www.cope.es\/blogs\/el-rincon-de-la-moda\/?s={search_term_string}"},"query-input":{"@type":"PropertyValueSpecification","valueRequired":true,"valueName":"search_term_string"}}],"inLanguage":"es"},{"@type":"Person","@id":"https:\/\/www.cope.es\/blogs\/el-rincon-de-la-moda\/#\/schema\/person\/e35f85725ba1ee2057dac85fa8ba256a","name":"Susana Alonso Mu\u00f1oz","image":{"@type":"ImageObject","inLanguage":"es","@id":"https:\/\/secure.gravatar.com\/avatar\/65c171c92b6eb13b71a2ee4a9f69c34dceb3bf35db62a812d0d6d93e947ec04e?s=96&d=mm&r=g","url":"https:\/\/secure.gravatar.com\/avatar\/65c171c92b6eb13b71a2ee4a9f69c34dceb3bf35db62a812d0d6d93e947ec04e?s=96&d=mm&r=g","contentUrl":"https:\/\/secure.gravatar.com\/avatar\/65c171c92b6eb13b71a2ee4a9f69c34dceb3bf35db62a812d0d6d93e947ec04e?s=96&d=mm&r=g","caption":"Susana Alonso Mu\u00f1oz"},"description":"Lo que se pretende en este blog no es solo hacer un recorrido por las tendencias del momento, sino tambi\u00e9n acercarnos a los diferentes dise\u00f1adores que est\u00e1n triunfando actualmente, como es el ejemplo de Juan Vidal, Mar\u00eda Estrada, Palomo Spain o Mois\u00e9s Nieto, los cuales est\u00e1n desfilando estos d\u00edas en la Madrid Mercedes Fashion Week. Pero no solo nos quedaremos en el mundo de los grandes dise\u00f1adores, sino que tambi\u00e9n nos acercaremos al universo de las Instagramers, que se han convertido en un gran escaparate para muchas marcas. Los dos ejemplos m\u00e1s claros de esto son Mar\u00eda Pombo y Dulceida, e incluso, la segunda finalista de Operaci\u00f3n Triunfo, Aitana. Y hablar de moda va ligado a las grandes pasarelas y a los eventos del a\u00f1o, como es el caso del \u201cVictoria\u00b4s Secret Fashion Show\u201d. As\u00ed que se har\u00eda dependiendo del momento alguna entrada dedicada a este tipo de eventos. Ahora bien, siendo un blog de moda el proyecto que se presenta hay que hablar de los grandes iconos de este campo. Otra de las cosas que se pretende en las entradas que se escriban es recordar a figuras que marcaron una \u00e9poca, como fueron Audrey Herpburn, Marilyn Monroe o Coco Chanel, entre otras muchas. En resumen, lo que se busca en \u201cEl rinc\u00f3n de la moda\u201d es estar al d\u00eda de las \u00faltimas tendencias, descubrir a los grandes dise\u00f1adores de la industria, c\u00f3mo es el mundo de las intagramers y recordar a viejos iconos que marcaron una \u00e9poca. En estos \u00faltimos a\u00f1os he realizado pr\u00e1cticas en diferentes secciones de la Cadena Cope, pasando por deportes, informativos (secci\u00f3n de nacional), el magazine de fin de semana. Actualmente formo parte del equipo de Cope M\u00e1s Madrid. \u00bfY por qu\u00e9 propongo \u201cEl rinc\u00f3n de la moda\u201d? Porque el mundo del textil est\u00e1 entre mis gustos y leer sobre ello. Adem\u00e1s, en numerosas p\u00e1ginas webs de revistas, como es el caso de Vogue o Telva, encontramos ya espacios dedicados a blogs con esta tem\u00e1tica. Finalmente, la moda, a d\u00eda de hoy, se encuentra en primera l\u00ednea no solo entre las mujeres, sino tambi\u00e9n entre los hombres.","sameAs":["https:\/\/www.cope.es"],"url":"https:\/\/www.cope.es\/blogs\/el-rincon-de-la-moda\/author\/salonso\/"}]}},"amp_enabled":true,"_links":{"self":[{"href":"https:\/\/www.cope.es\/blogs\/el-rincon-de-la-moda\/wp-json\/wp\/v2\/posts\/21","targetHints":{"allow":["GET"]}}],"collection":[{"href":"https:\/\/www.cope.es\/blogs\/el-rincon-de-la-moda\/wp-json\/wp\/v2\/posts"}],"about":[{"href":"https:\/\/www.cope.es\/blogs\/el-rincon-de-la-moda\/wp-json\/wp\/v2\/types\/post"}],"author":[{"embeddable":true,"href":"https:\/\/www.cope.es\/blogs\/el-rincon-de-la-moda\/wp-json\/wp\/v2\/users\/29"}],"replies":[{"embeddable":true,"href":"https:\/\/www.cope.es\/blogs\/el-rincon-de-la-moda\/wp-json\/wp\/v2\/comments?post=21"}],"version-history":[{"count":2,"href":"https:\/\/www.cope.es\/blogs\/el-rincon-de-la-moda\/wp-json\/wp\/v2\/posts\/21\/revisions"}],"predecessor-version":[{"id":31,"href":"https:\/\/www.cope.es\/blogs\/el-rincon-de-la-moda\/wp-json\/wp\/v2\/posts\/21\/revisions\/31"}],"wp:featuredmedia":[{"embeddable":true,"href":"https:\/\/www.cope.es\/blogs\/el-rincon-de-la-moda\/wp-json\/wp\/v2\/media\/25"}],"wp:attachment":[{"href":"https:\/\/www.cope.es\/blogs\/el-rincon-de-la-moda\/wp-json\/wp\/v2\/media?parent=21"}],"wp:term":[{"taxonomy":"category","embeddable":true,"href":"https:\/\/www.cope.es\/blogs\/el-rincon-de-la-moda\/wp-json\/wp\/v2\/categories?post=21"},{"taxonomy":"post_tag","embeddable":true,"href":"https:\/\/www.cope.es\/blogs\/el-rincon-de-la-moda\/wp-json\/wp\/v2\/tags?post=21"}],"curies":[{"name":"wp","href":"https:\/\/api.w.org\/{rel}","templated":true}]}}