{"id":959,"date":"2019-10-16T09:22:48","date_gmt":"2019-10-16T07:22:48","guid":{"rendered":"http:\/\/www.cope.es\/blogs\/derosca\/?p=959"},"modified":"2019-10-16T09:22:48","modified_gmt":"2019-10-16T07:22:48","slug":"menos-de-100-dias-para-el-comienzo-del-europeo-masculino-2020","status":"publish","type":"post","link":"https:\/\/www.cope.es\/blogs\/derosca\/2019\/10\/16\/menos-de-100-dias-para-el-comienzo-del-europeo-masculino-2020\/","title":{"rendered":"Menos de 100 d\u00edas para el comienzo del Europeo Masculino 2020"},"content":{"rendered":"<p><span style=\"font-family: Arial, sans-serif\">El eslogan para el pr\u00f3ximo Europeo Masculino 2020 que comenzar\u00e1 el pr\u00f3ximo 9 de Enero es \u201cDream. Win. Remember\u201d (Sue\u00f1o. Ganar. Recuerda). Ya faltan menos de 100 d\u00edas para que comience el hist\u00f3rico campeonato en tres pa\u00edses como Suecia, Austria y Noruega y tambi\u00e9n tendr\u00e1 la novedad de ver competir a 24 naciones por primera vez. <\/span><\/p>\n<p><span style=\"font-family: Arial, sans-serif\">Cada federaci\u00f3n organizadora del evento espera que sea un torneo para recordar en todos los sentidos. Las entradas para poder asistir a los partidos pr\u00e1cticamente est\u00e1n ya agotadas y con un n\u00famero r\u00e9cord de espectadores en todo el mundo.<\/span><\/p>\n<p><span style=\"font-family: Arial, sans-serif\">En Suecia, que ser\u00e1 la sede en donde se albergar\u00e1n los partidos de la Fase Principal y Preliminar en las ciudades de Gotemburgo y Malm\u00f6, adem\u00e1s de las Semifinales y la Final en Estocolmo (del 24 al 26 de Enero) ya se han vendido el 80 por ciento de las entradas para la Fase Principal del torneo. Dos tercios de las entradas para los partidos de la Fase Principal en la ciudad de Malm\u00f6 han sido compradas por aficionados daneses, que esperan ser testigos de que su equipo Campe\u00f3n Ol\u00edmpico y Mundial se enfrente a sus vecinos los suecos en la Fase Principal. Con las entradas vendi\u00e9ndose de manera vertiginosa tambi\u00e9n se anima a los aficionados de todos los equipos a comprar ahora antes de que sea tarde.<\/span><\/p>\n<p><span style=\"font-family: Arial, sans-serif\">En Austria, organizador en su d\u00eda del Europeo Masculino 2010, y despu\u00e9s de ese gran \u00e9xito, la naci\u00f3n espera que un n\u00famero a\u00fan mayor de aficionados se congregue en las ciudades de Graz y de Viena en donde ya varias categor\u00edas de entradas se han agotado. Es muy probable que los partidos de la Fase Principal en la capital Viena tambi\u00e9n sean muy solicitados, especialmente si los anfitriones Austria y Croacia, Alemania y Espa\u00f1a consiguen la clasificaci\u00f3n en sus partidos de la Fase Preliminar. Seguramente que el aforo dentro del estadio Stadthalle sea escaso para los aficionados ya que se espera que un gran n\u00famero de seguidores de dichas naciones viajen a Viena.<\/span><\/p>\n<p><span style=\"font-family: Arial, sans-serif\">Por su parte en Noruega, donde se vana a disputar 12 partidos de la Fase Preliminar en Trondheim, las ventas de entradas est\u00e1n aumentando semana a semana a medida que se acerca el inicio del torneo. La Federaci\u00f3n de Noruega ya est\u00e1 viendo el impacto real y positivo que puede tener organizar un Europeo. Recodemos que Noruega, que organiz\u00f3 por \u00faltima vez un Europeo Masculino en 2008, ha visto un interesante aumento en el n\u00famero de personas que juegan balonmano en la actualidad. Solo 3.000 jugadores m\u00e1s con licencia en el \u00faltimo a\u00f1o, mientras que el n\u00famero total de jugadores con federados ahora es de 20.000 m\u00e1s que hace cinco a\u00f1os.<\/span><\/p>\n<p><span style=\"color: #02171d\"><span style=\"font-family: Arial, sans-serif\"><span>Seguirnos en twitter:\u00a0<\/span><\/span><\/span><span style=\"color: #000080\"><span><u><a href=\"https:\/\/twitter.com\/\"><span style=\"color: #0000ff\"><span style=\"font-family: Arial, sans-serif\"><span>https:\/\/twitter.com\/#!\/deroscacope<\/span><\/span><\/span><\/a><\/u><\/span><\/span><\/p>\n","protected":false},"excerpt":{"rendered":"<p>El eslogan para el pr\u00f3ximo Europeo Masculino 2020 que comenzar\u00e1 el pr\u00f3ximo 9 de Enero es \u201cDream. Win. Remember\u201d (Sue\u00f1o. Ganar. Recuerda). Ya faltan menos de 100 d\u00edas para que comience el hist\u00f3rico campeonato en tres pa\u00edses como Suecia, Austria y Noruega y tambi\u00e9n tendr\u00e1 la novedad de ver competir a 24 naciones por primera [&hellip;]<\/p>\n","protected":false},"author":23,"featured_media":960,"comment_status":"open","ping_status":"open","sticky":false,"template":"","format":"standard","meta":{"footnotes":""},"categories":[3],"tags":[],"class_list":["post-959","post","type-post","status-publish","format-standard","has-post-thumbnail","hentry","category-balonmano"],"yoast_head":"<!-- This site is optimized with the Yoast SEO plugin v27.4 - https:\/\/yoast.com\/product\/yoast-seo-wordpress\/ -->\n<title>Menos de 100 d\u00edas para el comienzo del Europeo Masculino 2020 - Derosca<\/title>\n<meta name=\"robots\" content=\"index, follow, max-snippet:-1, max-image-preview:large, max-video-preview:-1\" \/>\n<link rel=\"canonical\" href=\"https:\/\/www.cope.es\/blogs\/derosca\/2019\/10\/16\/menos-de-100-dias-para-el-comienzo-del-europeo-masculino-2020\/\" \/>\n<meta property=\"og:locale\" content=\"es_ES\" \/>\n<meta property=\"og:type\" content=\"article\" \/>\n<meta property=\"og:title\" content=\"Menos de 100 d\u00edas para el comienzo del Europeo Masculino 2020 - Derosca\" \/>\n<meta property=\"og:description\" content=\"El eslogan para el pr\u00f3ximo Europeo Masculino 2020 que comenzar\u00e1 el pr\u00f3ximo 9 de Enero es \u201cDream. Win. Remember\u201d (Sue\u00f1o. Ganar. Recuerda). Ya faltan menos de 100 d\u00edas para que comience el hist\u00f3rico campeonato en tres pa\u00edses como Suecia, Austria y Noruega y tambi\u00e9n tendr\u00e1 la novedad de ver competir a 24 naciones por primera [&hellip;]\" \/>\n<meta property=\"og:url\" content=\"https:\/\/www.cope.es\/blogs\/derosca\/2019\/10\/16\/menos-de-100-dias-para-el-comienzo-del-europeo-masculino-2020\/\" \/>\n<meta property=\"og:site_name\" content=\"Derosca\" \/>\n<meta property=\"article:publisher\" content=\"https:\/\/www.facebook.com\/cope\/\" \/>\n<meta property=\"article:published_time\" content=\"2019-10-16T07:22:48+00:00\" \/>\n<meta property=\"og:image\" content=\"https:\/\/www.cope.es\/blogs\/derosca\/wp-content\/uploads\/sites\/22\/2019\/10\/ehfeuro2020_565.jpg\" \/>\n\t<meta property=\"og:image:width\" content=\"680\" \/>\n\t<meta property=\"og:image:height\" content=\"341\" \/>\n\t<meta property=\"og:image:type\" content=\"image\/jpeg\" \/>\n<meta name=\"author\" content=\"Luis Malvar\" \/>\n<meta name=\"twitter:card\" content=\"summary_large_image\" \/>\n<meta name=\"twitter:creator\" content=\"@cope_es\" \/>\n<meta name=\"twitter:site\" content=\"@cope_es\" \/>\n<meta name=\"twitter:label1\" content=\"Escrito por\" \/>\n\t<meta name=\"twitter:data1\" content=\"Luis Malvar\" \/>\n\t<meta name=\"twitter:label2\" content=\"Tiempo de lectura\" \/>\n\t<meta name=\"twitter:data2\" content=\"2 minutos\" \/>\n<script type=\"application\/ld+json\" class=\"yoast-schema-graph\">{\"@context\":\"https:\\\/\\\/schema.org\",\"@graph\":[{\"@type\":\"Article\",\"@id\":\"https:\\\/\\\/www.cope.es\\\/blogs\\\/derosca\\\/2019\\\/10\\\/16\\\/menos-de-100-dias-para-el-comienzo-del-europeo-masculino-2020\\\/#article\",\"isPartOf\":{\"@id\":\"https:\\\/\\\/www.cope.es\\\/blogs\\\/derosca\\\/2019\\\/10\\\/16\\\/menos-de-100-dias-para-el-comienzo-del-europeo-masculino-2020\\\/\"},\"author\":{\"name\":\"Luis Malvar\",\"@id\":\"https:\\\/\\\/www.cope.es\\\/blogs\\\/derosca\\\/#\\\/schema\\\/person\\\/02d6fa6fa8d8db60f83303875a4ff77f\"},\"headline\":\"Menos de 100 d\u00edas para el comienzo del Europeo Masculino 2020\",\"datePublished\":\"2019-10-16T07:22:48+00:00\",\"mainEntityOfPage\":{\"@id\":\"https:\\\/\\\/www.cope.es\\\/blogs\\\/derosca\\\/2019\\\/10\\\/16\\\/menos-de-100-dias-para-el-comienzo-del-europeo-masculino-2020\\\/\"},\"wordCount\":488,\"commentCount\":0,\"image\":{\"@id\":\"https:\\\/\\\/www.cope.es\\\/blogs\\\/derosca\\\/2019\\\/10\\\/16\\\/menos-de-100-dias-para-el-comienzo-del-europeo-masculino-2020\\\/#primaryimage\"},\"thumbnailUrl\":\"https:\\\/\\\/www.cope.es\\\/blogs\\\/derosca\\\/wp-content\\\/uploads\\\/sites\\\/22\\\/2019\\\/10\\\/ehfeuro2020_565.jpg\",\"articleSection\":[\"Balonmano\"],\"inLanguage\":\"es\",\"potentialAction\":[{\"@type\":\"CommentAction\",\"name\":\"Comment\",\"target\":[\"https:\\\/\\\/www.cope.es\\\/blogs\\\/derosca\\\/2019\\\/10\\\/16\\\/menos-de-100-dias-para-el-comienzo-del-europeo-masculino-2020\\\/#respond\"]}]},{\"@type\":\"WebPage\",\"@id\":\"https:\\\/\\\/www.cope.es\\\/blogs\\\/derosca\\\/2019\\\/10\\\/16\\\/menos-de-100-dias-para-el-comienzo-del-europeo-masculino-2020\\\/\",\"url\":\"https:\\\/\\\/www.cope.es\\\/blogs\\\/derosca\\\/2019\\\/10\\\/16\\\/menos-de-100-dias-para-el-comienzo-del-europeo-masculino-2020\\\/\",\"name\":\"Menos de 100 d\u00edas para el comienzo del Europeo Masculino 2020 - Derosca\",\"isPartOf\":{\"@id\":\"https:\\\/\\\/www.cope.es\\\/blogs\\\/derosca\\\/#website\"},\"primaryImageOfPage\":{\"@id\":\"https:\\\/\\\/www.cope.es\\\/blogs\\\/derosca\\\/2019\\\/10\\\/16\\\/menos-de-100-dias-para-el-comienzo-del-europeo-masculino-2020\\\/#primaryimage\"},\"image\":{\"@id\":\"https:\\\/\\\/www.cope.es\\\/blogs\\\/derosca\\\/2019\\\/10\\\/16\\\/menos-de-100-dias-para-el-comienzo-del-europeo-masculino-2020\\\/#primaryimage\"},\"thumbnailUrl\":\"https:\\\/\\\/www.cope.es\\\/blogs\\\/derosca\\\/wp-content\\\/uploads\\\/sites\\\/22\\\/2019\\\/10\\\/ehfeuro2020_565.jpg\",\"datePublished\":\"2019-10-16T07:22:48+00:00\",\"author\":{\"@id\":\"https:\\\/\\\/www.cope.es\\\/blogs\\\/derosca\\\/#\\\/schema\\\/person\\\/02d6fa6fa8d8db60f83303875a4ff77f\"},\"breadcrumb\":{\"@id\":\"https:\\\/\\\/www.cope.es\\\/blogs\\\/derosca\\\/2019\\\/10\\\/16\\\/menos-de-100-dias-para-el-comienzo-del-europeo-masculino-2020\\\/#breadcrumb\"},\"inLanguage\":\"es\",\"potentialAction\":[{\"@type\":\"ReadAction\",\"target\":[\"https:\\\/\\\/www.cope.es\\\/blogs\\\/derosca\\\/2019\\\/10\\\/16\\\/menos-de-100-dias-para-el-comienzo-del-europeo-masculino-2020\\\/\"]}]},{\"@type\":\"ImageObject\",\"inLanguage\":\"es\",\"@id\":\"https:\\\/\\\/www.cope.es\\\/blogs\\\/derosca\\\/2019\\\/10\\\/16\\\/menos-de-100-dias-para-el-comienzo-del-europeo-masculino-2020\\\/#primaryimage\",\"url\":\"https:\\\/\\\/www.cope.es\\\/blogs\\\/derosca\\\/wp-content\\\/uploads\\\/sites\\\/22\\\/2019\\\/10\\\/ehfeuro2020_565.jpg\",\"contentUrl\":\"https:\\\/\\\/www.cope.es\\\/blogs\\\/derosca\\\/wp-content\\\/uploads\\\/sites\\\/22\\\/2019\\\/10\\\/ehfeuro2020_565.jpg\",\"width\":680,\"height\":341,\"caption\":\"Roger Kenny Photography at the Portrait Room Delgany Co Wicklow Ireland\"},{\"@type\":\"BreadcrumbList\",\"@id\":\"https:\\\/\\\/www.cope.es\\\/blogs\\\/derosca\\\/2019\\\/10\\\/16\\\/menos-de-100-dias-para-el-comienzo-del-europeo-masculino-2020\\\/#breadcrumb\",\"itemListElement\":[{\"@type\":\"ListItem\",\"position\":1,\"name\":\"Portada\",\"item\":\"https:\\\/\\\/www.cope.es\\\/blogs\\\/derosca\\\/\"},{\"@type\":\"ListItem\",\"position\":2,\"name\":\"Menos de 100 d\u00edas para el comienzo del Europeo Masculino 2020\"}]},{\"@type\":\"WebSite\",\"@id\":\"https:\\\/\\\/www.cope.es\\\/blogs\\\/derosca\\\/#website\",\"url\":\"https:\\\/\\\/www.cope.es\\\/blogs\\\/derosca\\\/\",\"name\":\"Derosca\",\"description\":\"Blog de balonmano COPE\",\"potentialAction\":[{\"@type\":\"SearchAction\",\"target\":{\"@type\":\"EntryPoint\",\"urlTemplate\":\"https:\\\/\\\/www.cope.es\\\/blogs\\\/derosca\\\/?s={search_term_string}\"},\"query-input\":{\"@type\":\"PropertyValueSpecification\",\"valueRequired\":true,\"valueName\":\"search_term_string\"}}],\"inLanguage\":\"es\"},{\"@type\":\"Person\",\"@id\":\"https:\\\/\\\/www.cope.es\\\/blogs\\\/derosca\\\/#\\\/schema\\\/person\\\/02d6fa6fa8d8db60f83303875a4ff77f\",\"name\":\"Luis Malvar\",\"image\":{\"@type\":\"ImageObject\",\"inLanguage\":\"es\",\"@id\":\"https:\\\/\\\/secure.gravatar.com\\\/avatar\\\/23cd47dec2904689b3ccd32d1dd3e86c7cbf60dcf7376c68854f761a4939534f?s=96&d=mm&r=g\",\"url\":\"https:\\\/\\\/secure.gravatar.com\\\/avatar\\\/23cd47dec2904689b3ccd32d1dd3e86c7cbf60dcf7376c68854f761a4939534f?s=96&d=mm&r=g\",\"contentUrl\":\"https:\\\/\\\/secure.gravatar.com\\\/avatar\\\/23cd47dec2904689b3ccd32d1dd3e86c7cbf60dcf7376c68854f761a4939534f?s=96&d=mm&r=g\",\"caption\":\"Luis Malvar\"},\"description\":\"Comenc\u00e9 la andadura del Blog Derosca all\u00e1 por el 22 de Mayo de 2008. Un blog en el que se trata de llevar a los numerosos aficionados y amantes del mundo del balonmano toda la actualidad de nuestro apasionante deporte. Una ventana que sirve para dar luz a las innumerables noticias que genera el balonmano y que habitualmente no tienen reflejo en los medios de comunicaci\u00f3n. Sin lugar a dudas el Blog Derosca cuenta con un apartado que tiene a gala contar con miles de seguidores como es \u201cMis Pajaritos\u201d en donde se relatan y narran todas las intrahistorias que se generan en el balonmano espa\u00f1ol y que incomoda a m\u00e1s de uno que salgan a la luz.!Gracias por seguirnos durante todos estos a\u00f1os\u00a1\",\"sameAs\":[\"http:\\\/\\\/www.cope.es\",\"lmalvar\"],\"url\":\"https:\\\/\\\/www.cope.es\\\/blogs\\\/derosca\\\/author\\\/lmalvar\\\/\"}]}<\/script>\n<!-- \/ Yoast SEO plugin. -->","yoast_head_json":{"title":"Menos de 100 d\u00edas para el comienzo del Europeo Masculino 2020 - Derosca","robots":{"index":"index","follow":"follow","max-snippet":"max-snippet:-1","max-image-preview":"max-image-preview:large","max-video-preview":"max-video-preview:-1"},"canonical":"https:\/\/www.cope.es\/blogs\/derosca\/2019\/10\/16\/menos-de-100-dias-para-el-comienzo-del-europeo-masculino-2020\/","og_locale":"es_ES","og_type":"article","og_title":"Menos de 100 d\u00edas para el comienzo del Europeo Masculino 2020 - Derosca","og_description":"El eslogan para el pr\u00f3ximo Europeo Masculino 2020 que comenzar\u00e1 el pr\u00f3ximo 9 de Enero es \u201cDream. Win. Remember\u201d (Sue\u00f1o. Ganar. Recuerda). Ya faltan menos de 100 d\u00edas para que comience el hist\u00f3rico campeonato en tres pa\u00edses como Suecia, Austria y Noruega y tambi\u00e9n tendr\u00e1 la novedad de ver competir a 24 naciones por primera [&hellip;]","og_url":"https:\/\/www.cope.es\/blogs\/derosca\/2019\/10\/16\/menos-de-100-dias-para-el-comienzo-del-europeo-masculino-2020\/","og_site_name":"Derosca","article_publisher":"https:\/\/www.facebook.com\/cope\/","article_published_time":"2019-10-16T07:22:48+00:00","og_image":[{"width":680,"height":341,"url":"https:\/\/www.cope.es\/blogs\/derosca\/wp-content\/uploads\/sites\/22\/2019\/10\/ehfeuro2020_565.jpg","type":"image\/jpeg"}],"author":"Luis Malvar","twitter_card":"summary_large_image","twitter_creator":"@cope_es","twitter_site":"@cope_es","twitter_misc":{"Escrito por":"Luis Malvar","Tiempo de lectura":"2 minutos"},"schema":{"@context":"https:\/\/schema.org","@graph":[{"@type":"Article","@id":"https:\/\/www.cope.es\/blogs\/derosca\/2019\/10\/16\/menos-de-100-dias-para-el-comienzo-del-europeo-masculino-2020\/#article","isPartOf":{"@id":"https:\/\/www.cope.es\/blogs\/derosca\/2019\/10\/16\/menos-de-100-dias-para-el-comienzo-del-europeo-masculino-2020\/"},"author":{"name":"Luis Malvar","@id":"https:\/\/www.cope.es\/blogs\/derosca\/#\/schema\/person\/02d6fa6fa8d8db60f83303875a4ff77f"},"headline":"Menos de 100 d\u00edas para el comienzo del Europeo Masculino 2020","datePublished":"2019-10-16T07:22:48+00:00","mainEntityOfPage":{"@id":"https:\/\/www.cope.es\/blogs\/derosca\/2019\/10\/16\/menos-de-100-dias-para-el-comienzo-del-europeo-masculino-2020\/"},"wordCount":488,"commentCount":0,"image":{"@id":"https:\/\/www.cope.es\/blogs\/derosca\/2019\/10\/16\/menos-de-100-dias-para-el-comienzo-del-europeo-masculino-2020\/#primaryimage"},"thumbnailUrl":"https:\/\/www.cope.es\/blogs\/derosca\/wp-content\/uploads\/sites\/22\/2019\/10\/ehfeuro2020_565.jpg","articleSection":["Balonmano"],"inLanguage":"es","potentialAction":[{"@type":"CommentAction","name":"Comment","target":["https:\/\/www.cope.es\/blogs\/derosca\/2019\/10\/16\/menos-de-100-dias-para-el-comienzo-del-europeo-masculino-2020\/#respond"]}]},{"@type":"WebPage","@id":"https:\/\/www.cope.es\/blogs\/derosca\/2019\/10\/16\/menos-de-100-dias-para-el-comienzo-del-europeo-masculino-2020\/","url":"https:\/\/www.cope.es\/blogs\/derosca\/2019\/10\/16\/menos-de-100-dias-para-el-comienzo-del-europeo-masculino-2020\/","name":"Menos de 100 d\u00edas para el comienzo del Europeo Masculino 2020 - Derosca","isPartOf":{"@id":"https:\/\/www.cope.es\/blogs\/derosca\/#website"},"primaryImageOfPage":{"@id":"https:\/\/www.cope.es\/blogs\/derosca\/2019\/10\/16\/menos-de-100-dias-para-el-comienzo-del-europeo-masculino-2020\/#primaryimage"},"image":{"@id":"https:\/\/www.cope.es\/blogs\/derosca\/2019\/10\/16\/menos-de-100-dias-para-el-comienzo-del-europeo-masculino-2020\/#primaryimage"},"thumbnailUrl":"https:\/\/www.cope.es\/blogs\/derosca\/wp-content\/uploads\/sites\/22\/2019\/10\/ehfeuro2020_565.jpg","datePublished":"2019-10-16T07:22:48+00:00","author":{"@id":"https:\/\/www.cope.es\/blogs\/derosca\/#\/schema\/person\/02d6fa6fa8d8db60f83303875a4ff77f"},"breadcrumb":{"@id":"https:\/\/www.cope.es\/blogs\/derosca\/2019\/10\/16\/menos-de-100-dias-para-el-comienzo-del-europeo-masculino-2020\/#breadcrumb"},"inLanguage":"es","potentialAction":[{"@type":"ReadAction","target":["https:\/\/www.cope.es\/blogs\/derosca\/2019\/10\/16\/menos-de-100-dias-para-el-comienzo-del-europeo-masculino-2020\/"]}]},{"@type":"ImageObject","inLanguage":"es","@id":"https:\/\/www.cope.es\/blogs\/derosca\/2019\/10\/16\/menos-de-100-dias-para-el-comienzo-del-europeo-masculino-2020\/#primaryimage","url":"https:\/\/www.cope.es\/blogs\/derosca\/wp-content\/uploads\/sites\/22\/2019\/10\/ehfeuro2020_565.jpg","contentUrl":"https:\/\/www.cope.es\/blogs\/derosca\/wp-content\/uploads\/sites\/22\/2019\/10\/ehfeuro2020_565.jpg","width":680,"height":341,"caption":"Roger Kenny Photography at the Portrait Room Delgany Co Wicklow Ireland"},{"@type":"BreadcrumbList","@id":"https:\/\/www.cope.es\/blogs\/derosca\/2019\/10\/16\/menos-de-100-dias-para-el-comienzo-del-europeo-masculino-2020\/#breadcrumb","itemListElement":[{"@type":"ListItem","position":1,"name":"Portada","item":"https:\/\/www.cope.es\/blogs\/derosca\/"},{"@type":"ListItem","position":2,"name":"Menos de 100 d\u00edas para el comienzo del Europeo Masculino 2020"}]},{"@type":"WebSite","@id":"https:\/\/www.cope.es\/blogs\/derosca\/#website","url":"https:\/\/www.cope.es\/blogs\/derosca\/","name":"Derosca","description":"Blog de balonmano COPE","potentialAction":[{"@type":"SearchAction","target":{"@type":"EntryPoint","urlTemplate":"https:\/\/www.cope.es\/blogs\/derosca\/?s={search_term_string}"},"query-input":{"@type":"PropertyValueSpecification","valueRequired":true,"valueName":"search_term_string"}}],"inLanguage":"es"},{"@type":"Person","@id":"https:\/\/www.cope.es\/blogs\/derosca\/#\/schema\/person\/02d6fa6fa8d8db60f83303875a4ff77f","name":"Luis Malvar","image":{"@type":"ImageObject","inLanguage":"es","@id":"https:\/\/secure.gravatar.com\/avatar\/23cd47dec2904689b3ccd32d1dd3e86c7cbf60dcf7376c68854f761a4939534f?s=96&d=mm&r=g","url":"https:\/\/secure.gravatar.com\/avatar\/23cd47dec2904689b3ccd32d1dd3e86c7cbf60dcf7376c68854f761a4939534f?s=96&d=mm&r=g","contentUrl":"https:\/\/secure.gravatar.com\/avatar\/23cd47dec2904689b3ccd32d1dd3e86c7cbf60dcf7376c68854f761a4939534f?s=96&d=mm&r=g","caption":"Luis Malvar"},"description":"Comenc\u00e9 la andadura del Blog Derosca all\u00e1 por el 22 de Mayo de 2008. Un blog en el que se trata de llevar a los numerosos aficionados y amantes del mundo del balonmano toda la actualidad de nuestro apasionante deporte. Una ventana que sirve para dar luz a las innumerables noticias que genera el balonmano y que habitualmente no tienen reflejo en los medios de comunicaci\u00f3n. Sin lugar a dudas el Blog Derosca cuenta con un apartado que tiene a gala contar con miles de seguidores como es \u201cMis Pajaritos\u201d en donde se relatan y narran todas las intrahistorias que se generan en el balonmano espa\u00f1ol y que incomoda a m\u00e1s de uno que salgan a la luz.!Gracias por seguirnos durante todos estos a\u00f1os\u00a1","sameAs":["http:\/\/www.cope.es","lmalvar"],"url":"https:\/\/www.cope.es\/blogs\/derosca\/author\/lmalvar\/"}]}},"amp_enabled":true,"_links":{"self":[{"href":"https:\/\/www.cope.es\/blogs\/derosca\/wp-json\/wp\/v2\/posts\/959","targetHints":{"allow":["GET"]}}],"collection":[{"href":"https:\/\/www.cope.es\/blogs\/derosca\/wp-json\/wp\/v2\/posts"}],"about":[{"href":"https:\/\/www.cope.es\/blogs\/derosca\/wp-json\/wp\/v2\/types\/post"}],"author":[{"embeddable":true,"href":"https:\/\/www.cope.es\/blogs\/derosca\/wp-json\/wp\/v2\/users\/23"}],"replies":[{"embeddable":true,"href":"https:\/\/www.cope.es\/blogs\/derosca\/wp-json\/wp\/v2\/comments?post=959"}],"version-history":[{"count":1,"href":"https:\/\/www.cope.es\/blogs\/derosca\/wp-json\/wp\/v2\/posts\/959\/revisions"}],"predecessor-version":[{"id":961,"href":"https:\/\/www.cope.es\/blogs\/derosca\/wp-json\/wp\/v2\/posts\/959\/revisions\/961"}],"wp:featuredmedia":[{"embeddable":true,"href":"https:\/\/www.cope.es\/blogs\/derosca\/wp-json\/wp\/v2\/media\/960"}],"wp:attachment":[{"href":"https:\/\/www.cope.es\/blogs\/derosca\/wp-json\/wp\/v2\/media?parent=959"}],"wp:term":[{"taxonomy":"category","embeddable":true,"href":"https:\/\/www.cope.es\/blogs\/derosca\/wp-json\/wp\/v2\/categories?post=959"},{"taxonomy":"post_tag","embeddable":true,"href":"https:\/\/www.cope.es\/blogs\/derosca\/wp-json\/wp\/v2\/tags?post=959"}],"curies":[{"name":"wp","href":"https:\/\/api.w.org\/{rel}","templated":true}]}}