{"id":937,"date":"2019-10-07T09:12:46","date_gmt":"2019-10-07T07:12:46","guid":{"rendered":"http:\/\/www.cope.es\/blogs\/derosca\/?p=937"},"modified":"2019-10-07T09:12:46","modified_gmt":"2019-10-07T07:12:46","slug":"prandi-la-novedad-de-francia-en-la-lista-de-dinart-para-la-golden-league","status":"publish","type":"post","link":"https:\/\/www.cope.es\/blogs\/derosca\/2019\/10\/07\/prandi-la-novedad-de-francia-en-la-lista-de-dinart-para-la-golden-league\/","title":{"rendered":"Prandi la novedad de Francia en la lista de Dinart para la \u201cGolden League\u201d"},"content":{"rendered":"<p><span style=\"font-family: Arial, sans-serif\">Si hace unos d\u00edas el Seleccionador Espa\u00f1ol Masculino, Jordi Ribera , facilitaba la lista de los 16 Hispanos que van a acudir a la \u201cGolde League\u201d ahora ha sido el Seleccionador de Francia, Didier Dinart, qui\u00e9n la ha hecho p\u00fablica.<\/span><\/p>\n<p><span style=\"font-family: Arial, sans-serif\">El Seleccionador Masculino de Francia, Didier Dinart, ha dado la lista de 19 jugadores convocados para disputar la \u201cGolde League\u201d en Dinamarca a finales de este mes de Octubre. Una lista que en realidad presenta pocas sorpresas, ya que el grupo de jugadores es muy similar al que se enfrentaron hace algunas fechas a las Selecciones de Lituania y de Rumania en Junio pasado. El equipo de Francia se enfrentar\u00e1 a Dinamarca en la ciudad de Aalborg, el Jueves 24 de Octubre y dos d\u00edas despu\u00e9s se ver\u00e1 las caras ante el ganador del partido entre Noruega y Espa\u00f1a.<\/span><\/p>\n<p><span style=\"font-family: Arial, sans-serif\">La \u00fanica gran novedad en la lista de Didier Dinart es la incorporaci\u00f3n del j\u00f3ven Elohim Prandi que a sus los 21 a\u00f1os dar\u00e1 sus primeros pasos en el equipo absoluto de Francia.<\/span><\/p>\n<p><span style=\"font-family: Arial, sans-serif\">Recordemos que en el pasado Junio \u00c9lohim Prandi realiz\u00f3 un gran campeonato del Mundo Junior con Francia y ahora tiene su lugar en la Absoluta.<\/span><\/p>\n<p><span style=\"font-family: Arial, sans-serif\">El objetivo de Elohim Prandi ser\u00e1 simplemente reiterar su gran trabajo que est\u00e1 haciendo en la liga gala. No hay raz\u00f3n para que no repita las actuaciones de su club (Usam N\u00eemes) con la selecci\u00f3n francesa. Por su parte Melvyn Richardson, lesionado hace unos d\u00edas, estar\u00e1 ausente, mientras que su compa\u00f1ero de equipo en el Montpellier HB Yanis Lenne regresa a la selecci\u00f3n como consecuencia de un muy buen comienzo de temporada.<\/span><\/p>\n<p><span style=\"font-family: Arial, sans-serif\">La relaci\u00f3n de los 19 jugadores convocados por Didier Dinart es la siguiente:<\/span><\/p>\n<p><span style=\"font-family: Arial, sans-serif\"><u>Porteros<\/u><\/span><span style=\"font-family: Arial, sans-serif\">: Yann GENTY (Chamb\u00e9ry Savoie), Vincent G\u00c9RARD (PSG) y Wesley PARDIN (Pays d\u2019Aix Universit\u00e9 Club); <\/span><span style=\"font-family: Arial, sans-serif\"><u>Extremo Izquierda<\/u><\/span><span style=\"font-family: Arial, sans-serif\">: Mathieu GREBILLE (Montpellier) y Micha\u00ebl GUIGOU (Usam N\u00eemes); <\/span><span style=\"font-family: Arial, sans-serif\"><u>Lateral Izquierdo<\/u><\/span><span style=\"font-family: Arial, sans-serif\">: \u00c9lohim PRANDI (Usam N\u00eemes) y Romain LAGARDE (Rhein-Neckar Lowen); <\/span><span style=\"font-family: Arial, sans-serif\"><u>Central<\/u><\/span><span style=\"font-family: Arial, sans-serif\">: Nicolas CLAIRE (Pays d\u2019Aix Universit\u00e9 Club), Nikola KARABATIC (PSG) y Kentin MAH\u00c9 (Veszprem); <\/span><span style=\"font-family: Arial, sans-serif\"><u>Pivotes<\/u><\/span><span style=\"font-family: Arial, sans-serif\">: Ludovic FABREGAS (F.C. Barcelona), Luka KARABATIC (PSG) y C\u00e9dric SORHAINDO (F.C. Barcelona); <\/span><span style=\"font-family: Arial, sans-serif\"><u>Defensor<\/u><\/span><span style=\"font-family: Arial, sans-serif\">: Adrien DIPANDA (St-Rapha\u00ebl); <\/span><span style=\"font-family: Arial, sans-serif\"><u>Lateral Derecho<\/u><\/span><span style=\"font-family: Arial, sans-serif\">: Dika MEM (F.C. Barcelona), Valentin PORTE (Montpellier) y Nedim REMILI (PSG); <\/span><span style=\"font-family: Arial, sans-serif\"><u>Extremo Derecho<\/u><\/span><span style=\"font-family: Arial, sans-serif\">: Luc ABALO (PSG) y Yanis LENNE (Montpellier).<\/span><\/p>\n<p><span style=\"color: #02171d\"><span style=\"font-family: Arial, sans-serif\"><span>Seguirnos en twitter:\u00a0<\/span><\/span><\/span><span style=\"color: #000080\"><span><u><a href=\"https:\/\/twitter.com\/\"><span style=\"color: #0000ff\"><span style=\"font-family: Arial, sans-serif\"><span>https:\/\/twitter.com\/#!\/deroscacope<\/span><\/span><\/span><\/a><\/u><\/span><\/span><\/p>\n","protected":false},"excerpt":{"rendered":"<p>Si hace unos d\u00edas el Seleccionador Espa\u00f1ol Masculino, Jordi Ribera , facilitaba la lista de los 16 Hispanos que van a acudir a la \u201cGolde League\u201d ahora ha sido el Seleccionador de Francia, Didier Dinart, qui\u00e9n la ha hecho p\u00fablica. El Seleccionador Masculino de Francia, Didier Dinart, ha dado la lista de 19 jugadores convocados [&hellip;]<\/p>\n","protected":false},"author":23,"featured_media":938,"comment_status":"open","ping_status":"open","sticky":false,"template":"","format":"standard","meta":{"footnotes":""},"categories":[3],"tags":[],"class_list":["post-937","post","type-post","status-publish","format-standard","has-post-thumbnail","hentry","category-balonmano"],"yoast_head":"<!-- This site is optimized with the Yoast SEO plugin v27.4 - https:\/\/yoast.com\/product\/yoast-seo-wordpress\/ -->\n<title>Prandi la novedad de Francia en la lista de Dinart para la \u201cGolden League\u201d - Derosca<\/title>\n<meta name=\"robots\" content=\"index, follow, max-snippet:-1, max-image-preview:large, max-video-preview:-1\" \/>\n<link rel=\"canonical\" href=\"https:\/\/www.cope.es\/blogs\/derosca\/2019\/10\/07\/prandi-la-novedad-de-francia-en-la-lista-de-dinart-para-la-golden-league\/\" \/>\n<meta property=\"og:locale\" content=\"es_ES\" \/>\n<meta property=\"og:type\" content=\"article\" \/>\n<meta property=\"og:title\" content=\"Prandi la novedad de Francia en la lista de Dinart para la \u201cGolden League\u201d - Derosca\" \/>\n<meta property=\"og:description\" content=\"Si hace unos d\u00edas el Seleccionador Espa\u00f1ol Masculino, Jordi Ribera , facilitaba la lista de los 16 Hispanos que van a acudir a la \u201cGolde League\u201d ahora ha sido el Seleccionador de Francia, Didier Dinart, qui\u00e9n la ha hecho p\u00fablica. El Seleccionador Masculino de Francia, Didier Dinart, ha dado la lista de 19 jugadores convocados [&hellip;]\" \/>\n<meta property=\"og:url\" content=\"https:\/\/www.cope.es\/blogs\/derosca\/2019\/10\/07\/prandi-la-novedad-de-francia-en-la-lista-de-dinart-para-la-golden-league\/\" \/>\n<meta property=\"og:site_name\" content=\"Derosca\" \/>\n<meta property=\"article:publisher\" content=\"https:\/\/www.facebook.com\/cope\/\" \/>\n<meta property=\"article:published_time\" content=\"2019-10-07T07:12:46+00:00\" \/>\n<meta property=\"og:image\" content=\"https:\/\/www.cope.es\/blogs\/derosca\/wp-content\/uploads\/sites\/22\/2019\/10\/1508138820587.jpg\" \/>\n\t<meta property=\"og:image:width\" content=\"700\" \/>\n\t<meta property=\"og:image:height\" content=\"423\" \/>\n\t<meta property=\"og:image:type\" content=\"image\/jpeg\" \/>\n<meta name=\"author\" content=\"Luis Malvar\" \/>\n<meta name=\"twitter:card\" content=\"summary_large_image\" \/>\n<meta name=\"twitter:creator\" content=\"@cope_es\" \/>\n<meta name=\"twitter:site\" content=\"@cope_es\" \/>\n<meta name=\"twitter:label1\" content=\"Escrito por\" \/>\n\t<meta name=\"twitter:data1\" content=\"Luis Malvar\" \/>\n\t<meta name=\"twitter:label2\" content=\"Tiempo de lectura\" \/>\n\t<meta name=\"twitter:data2\" content=\"2 minutos\" \/>\n<script type=\"application\/ld+json\" class=\"yoast-schema-graph\">{\"@context\":\"https:\\\/\\\/schema.org\",\"@graph\":[{\"@type\":\"Article\",\"@id\":\"https:\\\/\\\/www.cope.es\\\/blogs\\\/derosca\\\/2019\\\/10\\\/07\\\/prandi-la-novedad-de-francia-en-la-lista-de-dinart-para-la-golden-league\\\/#article\",\"isPartOf\":{\"@id\":\"https:\\\/\\\/www.cope.es\\\/blogs\\\/derosca\\\/2019\\\/10\\\/07\\\/prandi-la-novedad-de-francia-en-la-lista-de-dinart-para-la-golden-league\\\/\"},\"author\":{\"name\":\"Luis Malvar\",\"@id\":\"https:\\\/\\\/www.cope.es\\\/blogs\\\/derosca\\\/#\\\/schema\\\/person\\\/02d6fa6fa8d8db60f83303875a4ff77f\"},\"headline\":\"Prandi la novedad de Francia en la lista de Dinart para la \u201cGolden League\u201d\",\"datePublished\":\"2019-10-07T07:12:46+00:00\",\"mainEntityOfPage\":{\"@id\":\"https:\\\/\\\/www.cope.es\\\/blogs\\\/derosca\\\/2019\\\/10\\\/07\\\/prandi-la-novedad-de-francia-en-la-lista-de-dinart-para-la-golden-league\\\/\"},\"wordCount\":415,\"commentCount\":0,\"image\":{\"@id\":\"https:\\\/\\\/www.cope.es\\\/blogs\\\/derosca\\\/2019\\\/10\\\/07\\\/prandi-la-novedad-de-francia-en-la-lista-de-dinart-para-la-golden-league\\\/#primaryimage\"},\"thumbnailUrl\":\"https:\\\/\\\/www.cope.es\\\/blogs\\\/derosca\\\/wp-content\\\/uploads\\\/sites\\\/22\\\/2019\\\/10\\\/1508138820587.jpg\",\"articleSection\":[\"Balonmano\"],\"inLanguage\":\"es\",\"potentialAction\":[{\"@type\":\"CommentAction\",\"name\":\"Comment\",\"target\":[\"https:\\\/\\\/www.cope.es\\\/blogs\\\/derosca\\\/2019\\\/10\\\/07\\\/prandi-la-novedad-de-francia-en-la-lista-de-dinart-para-la-golden-league\\\/#respond\"]}]},{\"@type\":\"WebPage\",\"@id\":\"https:\\\/\\\/www.cope.es\\\/blogs\\\/derosca\\\/2019\\\/10\\\/07\\\/prandi-la-novedad-de-francia-en-la-lista-de-dinart-para-la-golden-league\\\/\",\"url\":\"https:\\\/\\\/www.cope.es\\\/blogs\\\/derosca\\\/2019\\\/10\\\/07\\\/prandi-la-novedad-de-francia-en-la-lista-de-dinart-para-la-golden-league\\\/\",\"name\":\"Prandi la novedad de Francia en la lista de Dinart para la \u201cGolden League\u201d - Derosca\",\"isPartOf\":{\"@id\":\"https:\\\/\\\/www.cope.es\\\/blogs\\\/derosca\\\/#website\"},\"primaryImageOfPage\":{\"@id\":\"https:\\\/\\\/www.cope.es\\\/blogs\\\/derosca\\\/2019\\\/10\\\/07\\\/prandi-la-novedad-de-francia-en-la-lista-de-dinart-para-la-golden-league\\\/#primaryimage\"},\"image\":{\"@id\":\"https:\\\/\\\/www.cope.es\\\/blogs\\\/derosca\\\/2019\\\/10\\\/07\\\/prandi-la-novedad-de-francia-en-la-lista-de-dinart-para-la-golden-league\\\/#primaryimage\"},\"thumbnailUrl\":\"https:\\\/\\\/www.cope.es\\\/blogs\\\/derosca\\\/wp-content\\\/uploads\\\/sites\\\/22\\\/2019\\\/10\\\/1508138820587.jpg\",\"datePublished\":\"2019-10-07T07:12:46+00:00\",\"author\":{\"@id\":\"https:\\\/\\\/www.cope.es\\\/blogs\\\/derosca\\\/#\\\/schema\\\/person\\\/02d6fa6fa8d8db60f83303875a4ff77f\"},\"breadcrumb\":{\"@id\":\"https:\\\/\\\/www.cope.es\\\/blogs\\\/derosca\\\/2019\\\/10\\\/07\\\/prandi-la-novedad-de-francia-en-la-lista-de-dinart-para-la-golden-league\\\/#breadcrumb\"},\"inLanguage\":\"es\",\"potentialAction\":[{\"@type\":\"ReadAction\",\"target\":[\"https:\\\/\\\/www.cope.es\\\/blogs\\\/derosca\\\/2019\\\/10\\\/07\\\/prandi-la-novedad-de-francia-en-la-lista-de-dinart-para-la-golden-league\\\/\"]}]},{\"@type\":\"ImageObject\",\"inLanguage\":\"es\",\"@id\":\"https:\\\/\\\/www.cope.es\\\/blogs\\\/derosca\\\/2019\\\/10\\\/07\\\/prandi-la-novedad-de-francia-en-la-lista-de-dinart-para-la-golden-league\\\/#primaryimage\",\"url\":\"https:\\\/\\\/www.cope.es\\\/blogs\\\/derosca\\\/wp-content\\\/uploads\\\/sites\\\/22\\\/2019\\\/10\\\/1508138820587.jpg\",\"contentUrl\":\"https:\\\/\\\/www.cope.es\\\/blogs\\\/derosca\\\/wp-content\\\/uploads\\\/sites\\\/22\\\/2019\\\/10\\\/1508138820587.jpg\",\"width\":700,\"height\":423,\"caption\":\"Prandi la novedad de Francia en la lista de Dinart para la \u201cGolden League\u201d\"},{\"@type\":\"BreadcrumbList\",\"@id\":\"https:\\\/\\\/www.cope.es\\\/blogs\\\/derosca\\\/2019\\\/10\\\/07\\\/prandi-la-novedad-de-francia-en-la-lista-de-dinart-para-la-golden-league\\\/#breadcrumb\",\"itemListElement\":[{\"@type\":\"ListItem\",\"position\":1,\"name\":\"Portada\",\"item\":\"https:\\\/\\\/www.cope.es\\\/blogs\\\/derosca\\\/\"},{\"@type\":\"ListItem\",\"position\":2,\"name\":\"Prandi la novedad de Francia en la lista de Dinart para la \u201cGolden League\u201d\"}]},{\"@type\":\"WebSite\",\"@id\":\"https:\\\/\\\/www.cope.es\\\/blogs\\\/derosca\\\/#website\",\"url\":\"https:\\\/\\\/www.cope.es\\\/blogs\\\/derosca\\\/\",\"name\":\"Derosca\",\"description\":\"Blog de balonmano COPE\",\"potentialAction\":[{\"@type\":\"SearchAction\",\"target\":{\"@type\":\"EntryPoint\",\"urlTemplate\":\"https:\\\/\\\/www.cope.es\\\/blogs\\\/derosca\\\/?s={search_term_string}\"},\"query-input\":{\"@type\":\"PropertyValueSpecification\",\"valueRequired\":true,\"valueName\":\"search_term_string\"}}],\"inLanguage\":\"es\"},{\"@type\":\"Person\",\"@id\":\"https:\\\/\\\/www.cope.es\\\/blogs\\\/derosca\\\/#\\\/schema\\\/person\\\/02d6fa6fa8d8db60f83303875a4ff77f\",\"name\":\"Luis Malvar\",\"image\":{\"@type\":\"ImageObject\",\"inLanguage\":\"es\",\"@id\":\"https:\\\/\\\/secure.gravatar.com\\\/avatar\\\/23cd47dec2904689b3ccd32d1dd3e86c7cbf60dcf7376c68854f761a4939534f?s=96&d=mm&r=g\",\"url\":\"https:\\\/\\\/secure.gravatar.com\\\/avatar\\\/23cd47dec2904689b3ccd32d1dd3e86c7cbf60dcf7376c68854f761a4939534f?s=96&d=mm&r=g\",\"contentUrl\":\"https:\\\/\\\/secure.gravatar.com\\\/avatar\\\/23cd47dec2904689b3ccd32d1dd3e86c7cbf60dcf7376c68854f761a4939534f?s=96&d=mm&r=g\",\"caption\":\"Luis Malvar\"},\"description\":\"Comenc\u00e9 la andadura del Blog Derosca all\u00e1 por el 22 de Mayo de 2008. Un blog en el que se trata de llevar a los numerosos aficionados y amantes del mundo del balonmano toda la actualidad de nuestro apasionante deporte. Una ventana que sirve para dar luz a las innumerables noticias que genera el balonmano y que habitualmente no tienen reflejo en los medios de comunicaci\u00f3n. Sin lugar a dudas el Blog Derosca cuenta con un apartado que tiene a gala contar con miles de seguidores como es \u201cMis Pajaritos\u201d en donde se relatan y narran todas las intrahistorias que se generan en el balonmano espa\u00f1ol y que incomoda a m\u00e1s de uno que salgan a la luz.!Gracias por seguirnos durante todos estos a\u00f1os\u00a1\",\"sameAs\":[\"http:\\\/\\\/www.cope.es\",\"lmalvar\"],\"url\":\"https:\\\/\\\/www.cope.es\\\/blogs\\\/derosca\\\/author\\\/lmalvar\\\/\"}]}<\/script>\n<!-- \/ Yoast SEO plugin. -->","yoast_head_json":{"title":"Prandi la novedad de Francia en la lista de Dinart para la \u201cGolden League\u201d - Derosca","robots":{"index":"index","follow":"follow","max-snippet":"max-snippet:-1","max-image-preview":"max-image-preview:large","max-video-preview":"max-video-preview:-1"},"canonical":"https:\/\/www.cope.es\/blogs\/derosca\/2019\/10\/07\/prandi-la-novedad-de-francia-en-la-lista-de-dinart-para-la-golden-league\/","og_locale":"es_ES","og_type":"article","og_title":"Prandi la novedad de Francia en la lista de Dinart para la \u201cGolden League\u201d - Derosca","og_description":"Si hace unos d\u00edas el Seleccionador Espa\u00f1ol Masculino, Jordi Ribera , facilitaba la lista de los 16 Hispanos que van a acudir a la \u201cGolde League\u201d ahora ha sido el Seleccionador de Francia, Didier Dinart, qui\u00e9n la ha hecho p\u00fablica. El Seleccionador Masculino de Francia, Didier Dinart, ha dado la lista de 19 jugadores convocados [&hellip;]","og_url":"https:\/\/www.cope.es\/blogs\/derosca\/2019\/10\/07\/prandi-la-novedad-de-francia-en-la-lista-de-dinart-para-la-golden-league\/","og_site_name":"Derosca","article_publisher":"https:\/\/www.facebook.com\/cope\/","article_published_time":"2019-10-07T07:12:46+00:00","og_image":[{"width":700,"height":423,"url":"https:\/\/www.cope.es\/blogs\/derosca\/wp-content\/uploads\/sites\/22\/2019\/10\/1508138820587.jpg","type":"image\/jpeg"}],"author":"Luis Malvar","twitter_card":"summary_large_image","twitter_creator":"@cope_es","twitter_site":"@cope_es","twitter_misc":{"Escrito por":"Luis Malvar","Tiempo de lectura":"2 minutos"},"schema":{"@context":"https:\/\/schema.org","@graph":[{"@type":"Article","@id":"https:\/\/www.cope.es\/blogs\/derosca\/2019\/10\/07\/prandi-la-novedad-de-francia-en-la-lista-de-dinart-para-la-golden-league\/#article","isPartOf":{"@id":"https:\/\/www.cope.es\/blogs\/derosca\/2019\/10\/07\/prandi-la-novedad-de-francia-en-la-lista-de-dinart-para-la-golden-league\/"},"author":{"name":"Luis Malvar","@id":"https:\/\/www.cope.es\/blogs\/derosca\/#\/schema\/person\/02d6fa6fa8d8db60f83303875a4ff77f"},"headline":"Prandi la novedad de Francia en la lista de Dinart para la \u201cGolden League\u201d","datePublished":"2019-10-07T07:12:46+00:00","mainEntityOfPage":{"@id":"https:\/\/www.cope.es\/blogs\/derosca\/2019\/10\/07\/prandi-la-novedad-de-francia-en-la-lista-de-dinart-para-la-golden-league\/"},"wordCount":415,"commentCount":0,"image":{"@id":"https:\/\/www.cope.es\/blogs\/derosca\/2019\/10\/07\/prandi-la-novedad-de-francia-en-la-lista-de-dinart-para-la-golden-league\/#primaryimage"},"thumbnailUrl":"https:\/\/www.cope.es\/blogs\/derosca\/wp-content\/uploads\/sites\/22\/2019\/10\/1508138820587.jpg","articleSection":["Balonmano"],"inLanguage":"es","potentialAction":[{"@type":"CommentAction","name":"Comment","target":["https:\/\/www.cope.es\/blogs\/derosca\/2019\/10\/07\/prandi-la-novedad-de-francia-en-la-lista-de-dinart-para-la-golden-league\/#respond"]}]},{"@type":"WebPage","@id":"https:\/\/www.cope.es\/blogs\/derosca\/2019\/10\/07\/prandi-la-novedad-de-francia-en-la-lista-de-dinart-para-la-golden-league\/","url":"https:\/\/www.cope.es\/blogs\/derosca\/2019\/10\/07\/prandi-la-novedad-de-francia-en-la-lista-de-dinart-para-la-golden-league\/","name":"Prandi la novedad de Francia en la lista de Dinart para la \u201cGolden League\u201d - Derosca","isPartOf":{"@id":"https:\/\/www.cope.es\/blogs\/derosca\/#website"},"primaryImageOfPage":{"@id":"https:\/\/www.cope.es\/blogs\/derosca\/2019\/10\/07\/prandi-la-novedad-de-francia-en-la-lista-de-dinart-para-la-golden-league\/#primaryimage"},"image":{"@id":"https:\/\/www.cope.es\/blogs\/derosca\/2019\/10\/07\/prandi-la-novedad-de-francia-en-la-lista-de-dinart-para-la-golden-league\/#primaryimage"},"thumbnailUrl":"https:\/\/www.cope.es\/blogs\/derosca\/wp-content\/uploads\/sites\/22\/2019\/10\/1508138820587.jpg","datePublished":"2019-10-07T07:12:46+00:00","author":{"@id":"https:\/\/www.cope.es\/blogs\/derosca\/#\/schema\/person\/02d6fa6fa8d8db60f83303875a4ff77f"},"breadcrumb":{"@id":"https:\/\/www.cope.es\/blogs\/derosca\/2019\/10\/07\/prandi-la-novedad-de-francia-en-la-lista-de-dinart-para-la-golden-league\/#breadcrumb"},"inLanguage":"es","potentialAction":[{"@type":"ReadAction","target":["https:\/\/www.cope.es\/blogs\/derosca\/2019\/10\/07\/prandi-la-novedad-de-francia-en-la-lista-de-dinart-para-la-golden-league\/"]}]},{"@type":"ImageObject","inLanguage":"es","@id":"https:\/\/www.cope.es\/blogs\/derosca\/2019\/10\/07\/prandi-la-novedad-de-francia-en-la-lista-de-dinart-para-la-golden-league\/#primaryimage","url":"https:\/\/www.cope.es\/blogs\/derosca\/wp-content\/uploads\/sites\/22\/2019\/10\/1508138820587.jpg","contentUrl":"https:\/\/www.cope.es\/blogs\/derosca\/wp-content\/uploads\/sites\/22\/2019\/10\/1508138820587.jpg","width":700,"height":423,"caption":"Prandi la novedad de Francia en la lista de Dinart para la \u201cGolden League\u201d"},{"@type":"BreadcrumbList","@id":"https:\/\/www.cope.es\/blogs\/derosca\/2019\/10\/07\/prandi-la-novedad-de-francia-en-la-lista-de-dinart-para-la-golden-league\/#breadcrumb","itemListElement":[{"@type":"ListItem","position":1,"name":"Portada","item":"https:\/\/www.cope.es\/blogs\/derosca\/"},{"@type":"ListItem","position":2,"name":"Prandi la novedad de Francia en la lista de Dinart para la \u201cGolden League\u201d"}]},{"@type":"WebSite","@id":"https:\/\/www.cope.es\/blogs\/derosca\/#website","url":"https:\/\/www.cope.es\/blogs\/derosca\/","name":"Derosca","description":"Blog de balonmano COPE","potentialAction":[{"@type":"SearchAction","target":{"@type":"EntryPoint","urlTemplate":"https:\/\/www.cope.es\/blogs\/derosca\/?s={search_term_string}"},"query-input":{"@type":"PropertyValueSpecification","valueRequired":true,"valueName":"search_term_string"}}],"inLanguage":"es"},{"@type":"Person","@id":"https:\/\/www.cope.es\/blogs\/derosca\/#\/schema\/person\/02d6fa6fa8d8db60f83303875a4ff77f","name":"Luis Malvar","image":{"@type":"ImageObject","inLanguage":"es","@id":"https:\/\/secure.gravatar.com\/avatar\/23cd47dec2904689b3ccd32d1dd3e86c7cbf60dcf7376c68854f761a4939534f?s=96&d=mm&r=g","url":"https:\/\/secure.gravatar.com\/avatar\/23cd47dec2904689b3ccd32d1dd3e86c7cbf60dcf7376c68854f761a4939534f?s=96&d=mm&r=g","contentUrl":"https:\/\/secure.gravatar.com\/avatar\/23cd47dec2904689b3ccd32d1dd3e86c7cbf60dcf7376c68854f761a4939534f?s=96&d=mm&r=g","caption":"Luis Malvar"},"description":"Comenc\u00e9 la andadura del Blog Derosca all\u00e1 por el 22 de Mayo de 2008. Un blog en el que se trata de llevar a los numerosos aficionados y amantes del mundo del balonmano toda la actualidad de nuestro apasionante deporte. Una ventana que sirve para dar luz a las innumerables noticias que genera el balonmano y que habitualmente no tienen reflejo en los medios de comunicaci\u00f3n. Sin lugar a dudas el Blog Derosca cuenta con un apartado que tiene a gala contar con miles de seguidores como es \u201cMis Pajaritos\u201d en donde se relatan y narran todas las intrahistorias que se generan en el balonmano espa\u00f1ol y que incomoda a m\u00e1s de uno que salgan a la luz.!Gracias por seguirnos durante todos estos a\u00f1os\u00a1","sameAs":["http:\/\/www.cope.es","lmalvar"],"url":"https:\/\/www.cope.es\/blogs\/derosca\/author\/lmalvar\/"}]}},"amp_enabled":true,"_links":{"self":[{"href":"https:\/\/www.cope.es\/blogs\/derosca\/wp-json\/wp\/v2\/posts\/937","targetHints":{"allow":["GET"]}}],"collection":[{"href":"https:\/\/www.cope.es\/blogs\/derosca\/wp-json\/wp\/v2\/posts"}],"about":[{"href":"https:\/\/www.cope.es\/blogs\/derosca\/wp-json\/wp\/v2\/types\/post"}],"author":[{"embeddable":true,"href":"https:\/\/www.cope.es\/blogs\/derosca\/wp-json\/wp\/v2\/users\/23"}],"replies":[{"embeddable":true,"href":"https:\/\/www.cope.es\/blogs\/derosca\/wp-json\/wp\/v2\/comments?post=937"}],"version-history":[{"count":1,"href":"https:\/\/www.cope.es\/blogs\/derosca\/wp-json\/wp\/v2\/posts\/937\/revisions"}],"predecessor-version":[{"id":939,"href":"https:\/\/www.cope.es\/blogs\/derosca\/wp-json\/wp\/v2\/posts\/937\/revisions\/939"}],"wp:featuredmedia":[{"embeddable":true,"href":"https:\/\/www.cope.es\/blogs\/derosca\/wp-json\/wp\/v2\/media\/938"}],"wp:attachment":[{"href":"https:\/\/www.cope.es\/blogs\/derosca\/wp-json\/wp\/v2\/media?parent=937"}],"wp:term":[{"taxonomy":"category","embeddable":true,"href":"https:\/\/www.cope.es\/blogs\/derosca\/wp-json\/wp\/v2\/categories?post=937"},{"taxonomy":"post_tag","embeddable":true,"href":"https:\/\/www.cope.es\/blogs\/derosca\/wp-json\/wp\/v2\/tags?post=937"}],"curies":[{"name":"wp","href":"https:\/\/api.w.org\/{rel}","templated":true}]}}