{"id":81,"date":"2018-04-25T09:41:32","date_gmt":"2018-04-25T07:41:32","guid":{"rendered":"http:\/\/www.cope.es\/blogs\/derosca\/?p=81"},"modified":"2018-04-25T09:41:32","modified_gmt":"2018-04-25T07:41:32","slug":"guillaume-gille-formara-parte-de-la-comision-de-atletas-jjoo-paris-2024","status":"publish","type":"post","link":"https:\/\/www.cope.es\/blogs\/derosca\/2018\/04\/25\/guillaume-gille-formara-parte-de-la-comision-de-atletas-jjoo-paris-2024\/","title":{"rendered":"Guillaume Gille formar\u00e1 parte de la Comisi\u00f3n de Atletas JJOO Par\u00eds 2024"},"content":{"rendered":"<p><span style=\"font-family: Arial, sans-serif\">Nuestro pa\u00eds vecino Francia contin\u00faa preparando y mimando la celebraci\u00f3n de los pr\u00f3ximos Juegos Ol\u00edmpicos 2024 que se van a celebra en Par\u00eds. Uno de los \u00faltimos pasos ha sido la creaci\u00f3n de la Comisi\u00f3n de Atletas en donde ha sido incluido el entrenador asistente del equipo masculino absoluto de Francia, Guillaume Gille, para unirse a dicha corporaci\u00f3n.<\/span><\/p>\n<p><span style=\"font-family: Arial, sans-serif\">El balonmano franc\u00e9s por lo tanto estar\u00e1 representado en la Comisi\u00f3n de Atletas para los Juegos Ol\u00edmpicos de 2024. El l\u00edder del Comit\u00e9 Organizador de los Juegos Ol\u00edmpicos 2024, Tony Estanguet, el Director Deportivo de Par\u00eds 2024, Jean-Philippe Gatien, han eligi\u00f3 a los miembros de esta Comisi\u00f3n. Una Comisi\u00f3n que estar\u00e1 presidida por el biatleta Martin Fourcade e incluir\u00e1 a 18 atletas cuya misi\u00f3n ser\u00e1 garantizar que todos los deportistas presentes en los Juegos Ol\u00edmpicos 2024 se beneficien de las instalaciones de la recepci\u00f3n de calidad en los estadios, los pabellones y la Villa Ol\u00edmpica.<\/span><\/p>\n<p><span style=\"font-family: Arial, sans-serif\">El ex jugador y entrenador asistente del equipo masculino absoluto, Guillaume Gille, ser\u00e1 la voz de balonmano quien a trav\u00e9s de su carrera como jugador internacional (doble campe\u00f3n ol\u00edmpico) y ahora entrenador, tiene una visi\u00f3n completa de estos problemas. <\/span><\/p>\n<p><span style=\"font-family: Arial, sans-serif\">Tras conocer la noticia de su nombramiento Guillaume Gille ha manifestado que est\u00e1 muy feliz y orgulloso de poder representar al balonmano contribuyendo en la Comisi\u00f3n de Atletas para hacer \u00fanicos los Juegos Ol\u00edmpicos y los Paral\u00edmpicos de Par\u00eds 2024. Todav\u00eda quedan seis a\u00f1os para realizar la gran ambici\u00f3n del proyecto de los Juegos Ol\u00edmpicos de Par\u00eds 2024 en Francia para y por el deporte galo.<\/span><\/p>\n<p><span style=\"font-family: Arial, sans-serif\">Los 18 deportistas que van a formar la Comisi\u00f3n de Atletas de los JJOO Par\u00eds 2024 son los siguientes:<\/span><\/p>\n<p><span style=\"font-family: Arial, sans-serif\">&#8211; Martin Fourcade, biatleta, Presidente de la comisi\u00f3n<\/span><\/p>\n<p><span style=\"font-family: Arial, sans-serif\">&#8211; Pearl Bouge, remo<\/span><\/p>\n<p><span style=\"font-family: Arial, sans-serif\">&#8211; Julien Benneteau, tenis<\/span><\/p>\n<p><span style=\"font-family: Arial, sans-serif\">&#8211; Florian Rousseau, ciclismo en pista<\/span><\/p>\n<p><span style=\"font-family: Arial, sans-serif\">&#8211; Gevrise Emane, judo<\/span><\/p>\n<p><span style=\"font-family: Arial, sans-serif\">&#8211; Th\u00e9o Curin, nataci\u00f3n<\/span><\/p>\n<p><span style=\"font-family: Arial, sans-serif\">&#8211; H\u00e9l\u00e8ne Defrance, vela<\/span><\/p>\n<p><span style=\"font-family: Arial, sans-serif\">&#8211; Michael Jeremyz, tenis<\/span><\/p>\n<p><span style=\"font-family: Arial, sans-serif\">&#8211; Marie Bochet, esqu\u00ed alpino<\/span><\/p>\n<p><span style=\"font-family: Arial, sans-serif\">&#8211; Astrid Guyart, esgrima<\/span><\/p>\n<p><span style=\"font-family: Arial, sans-serif\">&#8211; Stephane Diagana, 400 metros vallas<\/span><\/p>\n<p><span style=\"font-family: Arial, sans-serif\">&#8211; Jessica Harrison, triatl\u00f3n<\/span><\/p>\n<p><span style=\"font-family: Arial, sans-serif\">&#8211; Guillaume Gille, balonmano<\/span><\/p>\n<p><span style=\"font-family: Arial, sans-serif\">&#8211; Marine Johann\u00e8s, baloncesto<\/span><\/p>\n<p><span style=\"font-family: Arial, sans-serif\">&#8211; Lucas Cr\u00e9ange, tenis de mesa<\/span><\/p>\n<p><span style=\"font-family: Arial, sans-serif\">&#8211; Gwladys Epangue, taekwondo<\/span><\/p>\n<p><span style=\"font-family: Arial, sans-serif\">&#8211; Fabien Gilot, nataci\u00f3n<\/span><\/p>\n<p><span style=\"font-family: Arial, sans-serif\">&#8211; Fanny Horta, rugby a 7<\/span><\/p>\n<p><span style=\"color: #02171d\"><span style=\"font-family: Arial, sans-serif\">Seguirnos en twitter:\u00a0<\/span><\/span><span style=\"color: #0000ff\"><u><a href=\"https:\/\/twitter.com\/\"><span style=\"font-family: Arial, sans-serif\">https:\/\/twitter.com\/#!\/deroscacope<\/span><\/a><\/u><\/span><\/p>\n","protected":false},"excerpt":{"rendered":"<p>Nuestro pa\u00eds vecino Francia contin\u00faa preparando y mimando la celebraci\u00f3n de los pr\u00f3ximos Juegos Ol\u00edmpicos 2024 que se van a celebra en Par\u00eds. Uno de los \u00faltimos pasos ha sido la creaci\u00f3n de la Comisi\u00f3n de Atletas en donde ha sido incluido el entrenador asistente del equipo masculino absoluto de Francia, Guillaume Gille, para unirse [&hellip;]<\/p>\n","protected":false},"author":23,"featured_media":83,"comment_status":"open","ping_status":"open","sticky":false,"template":"","format":"standard","meta":{"footnotes":""},"categories":[3],"tags":[],"class_list":["post-81","post","type-post","status-publish","format-standard","has-post-thumbnail","hentry","category-balonmano"],"yoast_head":"<!-- This site is optimized with the Yoast SEO plugin v27.4 - https:\/\/yoast.com\/product\/yoast-seo-wordpress\/ -->\n<title>Guillaume Gille formar\u00e1 parte de la Comisi\u00f3n de Atletas JJOO Par\u00eds 2024 - Derosca<\/title>\n<meta name=\"robots\" content=\"index, follow, max-snippet:-1, max-image-preview:large, max-video-preview:-1\" \/>\n<link rel=\"canonical\" href=\"https:\/\/www.cope.es\/blogs\/derosca\/2018\/04\/25\/guillaume-gille-formara-parte-de-la-comision-de-atletas-jjoo-paris-2024\/\" \/>\n<meta property=\"og:locale\" content=\"es_ES\" \/>\n<meta property=\"og:type\" content=\"article\" \/>\n<meta property=\"og:title\" content=\"Guillaume Gille formar\u00e1 parte de la Comisi\u00f3n de Atletas JJOO Par\u00eds 2024 - Derosca\" \/>\n<meta property=\"og:description\" content=\"Nuestro pa\u00eds vecino Francia contin\u00faa preparando y mimando la celebraci\u00f3n de los pr\u00f3ximos Juegos Ol\u00edmpicos 2024 que se van a celebra en Par\u00eds. Uno de los \u00faltimos pasos ha sido la creaci\u00f3n de la Comisi\u00f3n de Atletas en donde ha sido incluido el entrenador asistente del equipo masculino absoluto de Francia, Guillaume Gille, para unirse [&hellip;]\" \/>\n<meta property=\"og:url\" content=\"https:\/\/www.cope.es\/blogs\/derosca\/2018\/04\/25\/guillaume-gille-formara-parte-de-la-comision-de-atletas-jjoo-paris-2024\/\" \/>\n<meta property=\"og:site_name\" content=\"Derosca\" \/>\n<meta property=\"article:publisher\" content=\"https:\/\/www.facebook.com\/cope\/\" \/>\n<meta property=\"article:published_time\" content=\"2018-04-25T07:41:32+00:00\" \/>\n<meta property=\"og:image\" content=\"https:\/\/www.cope.es\/blogs\/derosca\/wp-content\/uploads\/sites\/22\/2018\/04\/2017-09-13t180835z_1034261153_rc18d9d83620_rtrmadp_3_olympics-2024_0.jpg\" \/>\n\t<meta property=\"og:image:width\" content=\"800\" \/>\n\t<meta property=\"og:image:height\" content=\"531\" \/>\n\t<meta property=\"og:image:type\" content=\"image\/jpeg\" \/>\n<meta name=\"author\" content=\"Luis Malvar\" \/>\n<meta name=\"twitter:card\" content=\"summary_large_image\" \/>\n<meta name=\"twitter:creator\" content=\"@cope_es\" \/>\n<meta name=\"twitter:site\" content=\"@cope_es\" \/>\n<meta name=\"twitter:label1\" content=\"Escrito por\" \/>\n\t<meta name=\"twitter:data1\" content=\"Luis Malvar\" \/>\n\t<meta name=\"twitter:label2\" content=\"Tiempo de lectura\" \/>\n\t<meta name=\"twitter:data2\" content=\"2 minutos\" \/>\n<script type=\"application\/ld+json\" class=\"yoast-schema-graph\">{\"@context\":\"https:\\\/\\\/schema.org\",\"@graph\":[{\"@type\":\"Article\",\"@id\":\"https:\\\/\\\/www.cope.es\\\/blogs\\\/derosca\\\/2018\\\/04\\\/25\\\/guillaume-gille-formara-parte-de-la-comision-de-atletas-jjoo-paris-2024\\\/#article\",\"isPartOf\":{\"@id\":\"https:\\\/\\\/www.cope.es\\\/blogs\\\/derosca\\\/2018\\\/04\\\/25\\\/guillaume-gille-formara-parte-de-la-comision-de-atletas-jjoo-paris-2024\\\/\"},\"author\":{\"name\":\"Luis Malvar\",\"@id\":\"https:\\\/\\\/www.cope.es\\\/blogs\\\/derosca\\\/#\\\/schema\\\/person\\\/02d6fa6fa8d8db60f83303875a4ff77f\"},\"headline\":\"Guillaume Gille formar\u00e1 parte de la Comisi\u00f3n de Atletas JJOO Par\u00eds 2024\",\"datePublished\":\"2018-04-25T07:41:32+00:00\",\"mainEntityOfPage\":{\"@id\":\"https:\\\/\\\/www.cope.es\\\/blogs\\\/derosca\\\/2018\\\/04\\\/25\\\/guillaume-gille-formara-parte-de-la-comision-de-atletas-jjoo-paris-2024\\\/\"},\"wordCount\":415,\"commentCount\":0,\"image\":{\"@id\":\"https:\\\/\\\/www.cope.es\\\/blogs\\\/derosca\\\/2018\\\/04\\\/25\\\/guillaume-gille-formara-parte-de-la-comision-de-atletas-jjoo-paris-2024\\\/#primaryimage\"},\"thumbnailUrl\":\"https:\\\/\\\/www.cope.es\\\/blogs\\\/derosca\\\/wp-content\\\/uploads\\\/sites\\\/22\\\/2018\\\/04\\\/2017-09-13t180835z_1034261153_rc18d9d83620_rtrmadp_3_olympics-2024_0.jpg\",\"articleSection\":[\"Balonmano\"],\"inLanguage\":\"es\",\"potentialAction\":[{\"@type\":\"CommentAction\",\"name\":\"Comment\",\"target\":[\"https:\\\/\\\/www.cope.es\\\/blogs\\\/derosca\\\/2018\\\/04\\\/25\\\/guillaume-gille-formara-parte-de-la-comision-de-atletas-jjoo-paris-2024\\\/#respond\"]}]},{\"@type\":\"WebPage\",\"@id\":\"https:\\\/\\\/www.cope.es\\\/blogs\\\/derosca\\\/2018\\\/04\\\/25\\\/guillaume-gille-formara-parte-de-la-comision-de-atletas-jjoo-paris-2024\\\/\",\"url\":\"https:\\\/\\\/www.cope.es\\\/blogs\\\/derosca\\\/2018\\\/04\\\/25\\\/guillaume-gille-formara-parte-de-la-comision-de-atletas-jjoo-paris-2024\\\/\",\"name\":\"Guillaume Gille formar\u00e1 parte de la Comisi\u00f3n de Atletas JJOO Par\u00eds 2024 - Derosca\",\"isPartOf\":{\"@id\":\"https:\\\/\\\/www.cope.es\\\/blogs\\\/derosca\\\/#website\"},\"primaryImageOfPage\":{\"@id\":\"https:\\\/\\\/www.cope.es\\\/blogs\\\/derosca\\\/2018\\\/04\\\/25\\\/guillaume-gille-formara-parte-de-la-comision-de-atletas-jjoo-paris-2024\\\/#primaryimage\"},\"image\":{\"@id\":\"https:\\\/\\\/www.cope.es\\\/blogs\\\/derosca\\\/2018\\\/04\\\/25\\\/guillaume-gille-formara-parte-de-la-comision-de-atletas-jjoo-paris-2024\\\/#primaryimage\"},\"thumbnailUrl\":\"https:\\\/\\\/www.cope.es\\\/blogs\\\/derosca\\\/wp-content\\\/uploads\\\/sites\\\/22\\\/2018\\\/04\\\/2017-09-13t180835z_1034261153_rc18d9d83620_rtrmadp_3_olympics-2024_0.jpg\",\"datePublished\":\"2018-04-25T07:41:32+00:00\",\"author\":{\"@id\":\"https:\\\/\\\/www.cope.es\\\/blogs\\\/derosca\\\/#\\\/schema\\\/person\\\/02d6fa6fa8d8db60f83303875a4ff77f\"},\"breadcrumb\":{\"@id\":\"https:\\\/\\\/www.cope.es\\\/blogs\\\/derosca\\\/2018\\\/04\\\/25\\\/guillaume-gille-formara-parte-de-la-comision-de-atletas-jjoo-paris-2024\\\/#breadcrumb\"},\"inLanguage\":\"es\",\"potentialAction\":[{\"@type\":\"ReadAction\",\"target\":[\"https:\\\/\\\/www.cope.es\\\/blogs\\\/derosca\\\/2018\\\/04\\\/25\\\/guillaume-gille-formara-parte-de-la-comision-de-atletas-jjoo-paris-2024\\\/\"]}]},{\"@type\":\"ImageObject\",\"inLanguage\":\"es\",\"@id\":\"https:\\\/\\\/www.cope.es\\\/blogs\\\/derosca\\\/2018\\\/04\\\/25\\\/guillaume-gille-formara-parte-de-la-comision-de-atletas-jjoo-paris-2024\\\/#primaryimage\",\"url\":\"https:\\\/\\\/www.cope.es\\\/blogs\\\/derosca\\\/wp-content\\\/uploads\\\/sites\\\/22\\\/2018\\\/04\\\/2017-09-13t180835z_1034261153_rc18d9d83620_rtrmadp_3_olympics-2024_0.jpg\",\"contentUrl\":\"https:\\\/\\\/www.cope.es\\\/blogs\\\/derosca\\\/wp-content\\\/uploads\\\/sites\\\/22\\\/2018\\\/04\\\/2017-09-13t180835z_1034261153_rc18d9d83620_rtrmadp_3_olympics-2024_0.jpg\",\"width\":800,\"height\":531,\"caption\":\"Guillaume Gille formar\u00e1 parte de la Comisi\u00f3n de Atletas JJOO Par\u00eds 2024\"},{\"@type\":\"BreadcrumbList\",\"@id\":\"https:\\\/\\\/www.cope.es\\\/blogs\\\/derosca\\\/2018\\\/04\\\/25\\\/guillaume-gille-formara-parte-de-la-comision-de-atletas-jjoo-paris-2024\\\/#breadcrumb\",\"itemListElement\":[{\"@type\":\"ListItem\",\"position\":1,\"name\":\"Portada\",\"item\":\"https:\\\/\\\/www.cope.es\\\/blogs\\\/derosca\\\/\"},{\"@type\":\"ListItem\",\"position\":2,\"name\":\"Guillaume Gille formar\u00e1 parte de la Comisi\u00f3n de Atletas JJOO Par\u00eds 2024\"}]},{\"@type\":\"WebSite\",\"@id\":\"https:\\\/\\\/www.cope.es\\\/blogs\\\/derosca\\\/#website\",\"url\":\"https:\\\/\\\/www.cope.es\\\/blogs\\\/derosca\\\/\",\"name\":\"Derosca\",\"description\":\"Blog de balonmano COPE\",\"potentialAction\":[{\"@type\":\"SearchAction\",\"target\":{\"@type\":\"EntryPoint\",\"urlTemplate\":\"https:\\\/\\\/www.cope.es\\\/blogs\\\/derosca\\\/?s={search_term_string}\"},\"query-input\":{\"@type\":\"PropertyValueSpecification\",\"valueRequired\":true,\"valueName\":\"search_term_string\"}}],\"inLanguage\":\"es\"},{\"@type\":\"Person\",\"@id\":\"https:\\\/\\\/www.cope.es\\\/blogs\\\/derosca\\\/#\\\/schema\\\/person\\\/02d6fa6fa8d8db60f83303875a4ff77f\",\"name\":\"Luis Malvar\",\"image\":{\"@type\":\"ImageObject\",\"inLanguage\":\"es\",\"@id\":\"https:\\\/\\\/secure.gravatar.com\\\/avatar\\\/23cd47dec2904689b3ccd32d1dd3e86c7cbf60dcf7376c68854f761a4939534f?s=96&d=mm&r=g\",\"url\":\"https:\\\/\\\/secure.gravatar.com\\\/avatar\\\/23cd47dec2904689b3ccd32d1dd3e86c7cbf60dcf7376c68854f761a4939534f?s=96&d=mm&r=g\",\"contentUrl\":\"https:\\\/\\\/secure.gravatar.com\\\/avatar\\\/23cd47dec2904689b3ccd32d1dd3e86c7cbf60dcf7376c68854f761a4939534f?s=96&d=mm&r=g\",\"caption\":\"Luis Malvar\"},\"description\":\"Comenc\u00e9 la andadura del Blog Derosca all\u00e1 por el 22 de Mayo de 2008. Un blog en el que se trata de llevar a los numerosos aficionados y amantes del mundo del balonmano toda la actualidad de nuestro apasionante deporte. Una ventana que sirve para dar luz a las innumerables noticias que genera el balonmano y que habitualmente no tienen reflejo en los medios de comunicaci\u00f3n. Sin lugar a dudas el Blog Derosca cuenta con un apartado que tiene a gala contar con miles de seguidores como es \u201cMis Pajaritos\u201d en donde se relatan y narran todas las intrahistorias que se generan en el balonmano espa\u00f1ol y que incomoda a m\u00e1s de uno que salgan a la luz.!Gracias por seguirnos durante todos estos a\u00f1os\u00a1\",\"sameAs\":[\"http:\\\/\\\/www.cope.es\",\"lmalvar\"],\"url\":\"https:\\\/\\\/www.cope.es\\\/blogs\\\/derosca\\\/author\\\/lmalvar\\\/\"}]}<\/script>\n<!-- \/ Yoast SEO plugin. -->","yoast_head_json":{"title":"Guillaume Gille formar\u00e1 parte de la Comisi\u00f3n de Atletas JJOO Par\u00eds 2024 - Derosca","robots":{"index":"index","follow":"follow","max-snippet":"max-snippet:-1","max-image-preview":"max-image-preview:large","max-video-preview":"max-video-preview:-1"},"canonical":"https:\/\/www.cope.es\/blogs\/derosca\/2018\/04\/25\/guillaume-gille-formara-parte-de-la-comision-de-atletas-jjoo-paris-2024\/","og_locale":"es_ES","og_type":"article","og_title":"Guillaume Gille formar\u00e1 parte de la Comisi\u00f3n de Atletas JJOO Par\u00eds 2024 - Derosca","og_description":"Nuestro pa\u00eds vecino Francia contin\u00faa preparando y mimando la celebraci\u00f3n de los pr\u00f3ximos Juegos Ol\u00edmpicos 2024 que se van a celebra en Par\u00eds. Uno de los \u00faltimos pasos ha sido la creaci\u00f3n de la Comisi\u00f3n de Atletas en donde ha sido incluido el entrenador asistente del equipo masculino absoluto de Francia, Guillaume Gille, para unirse [&hellip;]","og_url":"https:\/\/www.cope.es\/blogs\/derosca\/2018\/04\/25\/guillaume-gille-formara-parte-de-la-comision-de-atletas-jjoo-paris-2024\/","og_site_name":"Derosca","article_publisher":"https:\/\/www.facebook.com\/cope\/","article_published_time":"2018-04-25T07:41:32+00:00","og_image":[{"width":800,"height":531,"url":"https:\/\/www.cope.es\/blogs\/derosca\/wp-content\/uploads\/sites\/22\/2018\/04\/2017-09-13t180835z_1034261153_rc18d9d83620_rtrmadp_3_olympics-2024_0.jpg","type":"image\/jpeg"}],"author":"Luis Malvar","twitter_card":"summary_large_image","twitter_creator":"@cope_es","twitter_site":"@cope_es","twitter_misc":{"Escrito por":"Luis Malvar","Tiempo de lectura":"2 minutos"},"schema":{"@context":"https:\/\/schema.org","@graph":[{"@type":"Article","@id":"https:\/\/www.cope.es\/blogs\/derosca\/2018\/04\/25\/guillaume-gille-formara-parte-de-la-comision-de-atletas-jjoo-paris-2024\/#article","isPartOf":{"@id":"https:\/\/www.cope.es\/blogs\/derosca\/2018\/04\/25\/guillaume-gille-formara-parte-de-la-comision-de-atletas-jjoo-paris-2024\/"},"author":{"name":"Luis Malvar","@id":"https:\/\/www.cope.es\/blogs\/derosca\/#\/schema\/person\/02d6fa6fa8d8db60f83303875a4ff77f"},"headline":"Guillaume Gille formar\u00e1 parte de la Comisi\u00f3n de Atletas JJOO Par\u00eds 2024","datePublished":"2018-04-25T07:41:32+00:00","mainEntityOfPage":{"@id":"https:\/\/www.cope.es\/blogs\/derosca\/2018\/04\/25\/guillaume-gille-formara-parte-de-la-comision-de-atletas-jjoo-paris-2024\/"},"wordCount":415,"commentCount":0,"image":{"@id":"https:\/\/www.cope.es\/blogs\/derosca\/2018\/04\/25\/guillaume-gille-formara-parte-de-la-comision-de-atletas-jjoo-paris-2024\/#primaryimage"},"thumbnailUrl":"https:\/\/www.cope.es\/blogs\/derosca\/wp-content\/uploads\/sites\/22\/2018\/04\/2017-09-13t180835z_1034261153_rc18d9d83620_rtrmadp_3_olympics-2024_0.jpg","articleSection":["Balonmano"],"inLanguage":"es","potentialAction":[{"@type":"CommentAction","name":"Comment","target":["https:\/\/www.cope.es\/blogs\/derosca\/2018\/04\/25\/guillaume-gille-formara-parte-de-la-comision-de-atletas-jjoo-paris-2024\/#respond"]}]},{"@type":"WebPage","@id":"https:\/\/www.cope.es\/blogs\/derosca\/2018\/04\/25\/guillaume-gille-formara-parte-de-la-comision-de-atletas-jjoo-paris-2024\/","url":"https:\/\/www.cope.es\/blogs\/derosca\/2018\/04\/25\/guillaume-gille-formara-parte-de-la-comision-de-atletas-jjoo-paris-2024\/","name":"Guillaume Gille formar\u00e1 parte de la Comisi\u00f3n de Atletas JJOO Par\u00eds 2024 - Derosca","isPartOf":{"@id":"https:\/\/www.cope.es\/blogs\/derosca\/#website"},"primaryImageOfPage":{"@id":"https:\/\/www.cope.es\/blogs\/derosca\/2018\/04\/25\/guillaume-gille-formara-parte-de-la-comision-de-atletas-jjoo-paris-2024\/#primaryimage"},"image":{"@id":"https:\/\/www.cope.es\/blogs\/derosca\/2018\/04\/25\/guillaume-gille-formara-parte-de-la-comision-de-atletas-jjoo-paris-2024\/#primaryimage"},"thumbnailUrl":"https:\/\/www.cope.es\/blogs\/derosca\/wp-content\/uploads\/sites\/22\/2018\/04\/2017-09-13t180835z_1034261153_rc18d9d83620_rtrmadp_3_olympics-2024_0.jpg","datePublished":"2018-04-25T07:41:32+00:00","author":{"@id":"https:\/\/www.cope.es\/blogs\/derosca\/#\/schema\/person\/02d6fa6fa8d8db60f83303875a4ff77f"},"breadcrumb":{"@id":"https:\/\/www.cope.es\/blogs\/derosca\/2018\/04\/25\/guillaume-gille-formara-parte-de-la-comision-de-atletas-jjoo-paris-2024\/#breadcrumb"},"inLanguage":"es","potentialAction":[{"@type":"ReadAction","target":["https:\/\/www.cope.es\/blogs\/derosca\/2018\/04\/25\/guillaume-gille-formara-parte-de-la-comision-de-atletas-jjoo-paris-2024\/"]}]},{"@type":"ImageObject","inLanguage":"es","@id":"https:\/\/www.cope.es\/blogs\/derosca\/2018\/04\/25\/guillaume-gille-formara-parte-de-la-comision-de-atletas-jjoo-paris-2024\/#primaryimage","url":"https:\/\/www.cope.es\/blogs\/derosca\/wp-content\/uploads\/sites\/22\/2018\/04\/2017-09-13t180835z_1034261153_rc18d9d83620_rtrmadp_3_olympics-2024_0.jpg","contentUrl":"https:\/\/www.cope.es\/blogs\/derosca\/wp-content\/uploads\/sites\/22\/2018\/04\/2017-09-13t180835z_1034261153_rc18d9d83620_rtrmadp_3_olympics-2024_0.jpg","width":800,"height":531,"caption":"Guillaume Gille formar\u00e1 parte de la Comisi\u00f3n de Atletas JJOO Par\u00eds 2024"},{"@type":"BreadcrumbList","@id":"https:\/\/www.cope.es\/blogs\/derosca\/2018\/04\/25\/guillaume-gille-formara-parte-de-la-comision-de-atletas-jjoo-paris-2024\/#breadcrumb","itemListElement":[{"@type":"ListItem","position":1,"name":"Portada","item":"https:\/\/www.cope.es\/blogs\/derosca\/"},{"@type":"ListItem","position":2,"name":"Guillaume Gille formar\u00e1 parte de la Comisi\u00f3n de Atletas JJOO Par\u00eds 2024"}]},{"@type":"WebSite","@id":"https:\/\/www.cope.es\/blogs\/derosca\/#website","url":"https:\/\/www.cope.es\/blogs\/derosca\/","name":"Derosca","description":"Blog de balonmano COPE","potentialAction":[{"@type":"SearchAction","target":{"@type":"EntryPoint","urlTemplate":"https:\/\/www.cope.es\/blogs\/derosca\/?s={search_term_string}"},"query-input":{"@type":"PropertyValueSpecification","valueRequired":true,"valueName":"search_term_string"}}],"inLanguage":"es"},{"@type":"Person","@id":"https:\/\/www.cope.es\/blogs\/derosca\/#\/schema\/person\/02d6fa6fa8d8db60f83303875a4ff77f","name":"Luis Malvar","image":{"@type":"ImageObject","inLanguage":"es","@id":"https:\/\/secure.gravatar.com\/avatar\/23cd47dec2904689b3ccd32d1dd3e86c7cbf60dcf7376c68854f761a4939534f?s=96&d=mm&r=g","url":"https:\/\/secure.gravatar.com\/avatar\/23cd47dec2904689b3ccd32d1dd3e86c7cbf60dcf7376c68854f761a4939534f?s=96&d=mm&r=g","contentUrl":"https:\/\/secure.gravatar.com\/avatar\/23cd47dec2904689b3ccd32d1dd3e86c7cbf60dcf7376c68854f761a4939534f?s=96&d=mm&r=g","caption":"Luis Malvar"},"description":"Comenc\u00e9 la andadura del Blog Derosca all\u00e1 por el 22 de Mayo de 2008. Un blog en el que se trata de llevar a los numerosos aficionados y amantes del mundo del balonmano toda la actualidad de nuestro apasionante deporte. Una ventana que sirve para dar luz a las innumerables noticias que genera el balonmano y que habitualmente no tienen reflejo en los medios de comunicaci\u00f3n. Sin lugar a dudas el Blog Derosca cuenta con un apartado que tiene a gala contar con miles de seguidores como es \u201cMis Pajaritos\u201d en donde se relatan y narran todas las intrahistorias que se generan en el balonmano espa\u00f1ol y que incomoda a m\u00e1s de uno que salgan a la luz.!Gracias por seguirnos durante todos estos a\u00f1os\u00a1","sameAs":["http:\/\/www.cope.es","lmalvar"],"url":"https:\/\/www.cope.es\/blogs\/derosca\/author\/lmalvar\/"}]}},"amp_enabled":true,"_links":{"self":[{"href":"https:\/\/www.cope.es\/blogs\/derosca\/wp-json\/wp\/v2\/posts\/81","targetHints":{"allow":["GET"]}}],"collection":[{"href":"https:\/\/www.cope.es\/blogs\/derosca\/wp-json\/wp\/v2\/posts"}],"about":[{"href":"https:\/\/www.cope.es\/blogs\/derosca\/wp-json\/wp\/v2\/types\/post"}],"author":[{"embeddable":true,"href":"https:\/\/www.cope.es\/blogs\/derosca\/wp-json\/wp\/v2\/users\/23"}],"replies":[{"embeddable":true,"href":"https:\/\/www.cope.es\/blogs\/derosca\/wp-json\/wp\/v2\/comments?post=81"}],"version-history":[{"count":1,"href":"https:\/\/www.cope.es\/blogs\/derosca\/wp-json\/wp\/v2\/posts\/81\/revisions"}],"predecessor-version":[{"id":84,"href":"https:\/\/www.cope.es\/blogs\/derosca\/wp-json\/wp\/v2\/posts\/81\/revisions\/84"}],"wp:featuredmedia":[{"embeddable":true,"href":"https:\/\/www.cope.es\/blogs\/derosca\/wp-json\/wp\/v2\/media\/83"}],"wp:attachment":[{"href":"https:\/\/www.cope.es\/blogs\/derosca\/wp-json\/wp\/v2\/media?parent=81"}],"wp:term":[{"taxonomy":"category","embeddable":true,"href":"https:\/\/www.cope.es\/blogs\/derosca\/wp-json\/wp\/v2\/categories?post=81"},{"taxonomy":"post_tag","embeddable":true,"href":"https:\/\/www.cope.es\/blogs\/derosca\/wp-json\/wp\/v2\/tags?post=81"}],"curies":[{"name":"wp","href":"https:\/\/api.w.org\/{rel}","templated":true}]}}