{"id":652,"date":"2019-04-01T09:24:35","date_gmt":"2019-04-01T07:24:35","guid":{"rendered":"http:\/\/www.cope.es\/blogs\/derosca\/?p=652"},"modified":"2019-04-01T09:24:35","modified_gmt":"2019-04-01T07:24:35","slug":"ales-pajovic-nuevo-seleccionador-nacional-de-austria","status":"publish","type":"post","link":"https:\/\/www.cope.es\/blogs\/derosca\/2019\/04\/01\/ales-pajovic-nuevo-seleccionador-nacional-de-austria\/","title":{"rendered":"Ales Pajovic nuevo Seleccionador Nacional de Austria"},"content":{"rendered":"<p><span style=\"font-family: Arial, sans-serif\">El pasado Jueves 25 de Marzo anunci\u00f3 la Federaci\u00f3n de Austria de Balonmano que nombraba nuevo Seleccionador Nacional al ex jugador internacional esloveno Ales Pajovic (40 a\u00f1os de edad) en lugar del island\u00e9s Patreku Johannesson cuyo contrato se dio por terminado a principios de Marzo. Johannesson ha estado entrenando a Austria durante casi ocho a\u00f1os.<\/span><\/p>\n<p><span style=\"font-family: Arial, sans-serif\">Recordemos que Ales Pajovic, a parte de ser un viejo conocido de la afici\u00f3n espa\u00f1ola por su paso por a Liga ASOBAL, ha jugado en el Celje, especialmente de Ciudad Real y en el THW Kiel y Magdeburgo para posteriormente convertirse en el entrenador del club austriaco en Graz. Ales Pajovic en su curriculum deportivo tiene que ha ganado tres veces la Liga de Campeones y ex internacional esloveno en 181 partidos. Con el BM. Ciudad Real gan\u00f3 la Liga de Campeones de la EHF en los a\u00f1os 2006, 2008 y 2009. Su contrato dar\u00e1 comienzo en Julio de 2019 y tiene una duraci\u00f3n de dos a\u00f1os. De momento y hasta final de temporada a a compatibilizar ambos cargos.<\/span><\/p>\n<p><span style=\"font-family: Arial, sans-serif\">Seg\u00fan manifestaba Pajovic \u00e9l es joven, est\u00e1 motivado para entrenar y esta oportunidad le dar\u00e1 una motivaci\u00f3n a\u00fan mayor. Es algo especial para liderar el equipo nacional. No pudo rechazar la oferta cuando la recibi\u00f3. Est\u00e1 orgulloso de la oportunidad que le da OEHB (Federaci\u00f3n Austria Balonmano). Tiene muchas ganas de trabajar con los jugadores cuya promoci\u00f3n ser\u00e1 contra Espa\u00f1a el 11 y 14 de Abril en la pr\u00f3xima semana.<\/span><\/p>\n<p><span style=\"font-family: Arial, sans-serif\">El cambio de Seleccionador Nacional de Austria se produce en menos de 10 meses para que comience el Europeo Masculino 2020 que por primera vez en la historia van a organizar tres pa\u00edses. Austria ser\u00e1 co-anfitri\u00f3n junto a Suecia y Noruega del 9 al 26 de Enero del pr\u00f3ximo a\u00f1o.<\/span><\/p>\n<p><span style=\"font-family: Arial, sans-serif\">Recordemos que la Selecci\u00f3n Espa\u00f1ola va a disputar contra Austria pr\u00f3ximamente los partidos correspondiente a la tercera y cuarta jornada de la EHF Euro Cup. En Austria el Jueves 11 de Abril a las 20,25 horas y en Melilla el Domingo 14 de Abril a las 18,00 horas.<\/span><\/p>\n<p><span style=\"color: #02171d\"><span style=\"font-family: Arial, sans-serif\"><span>Seguirnos en twitter:\u00a0<\/span><\/span><\/span><span style=\"color: #000080\"><span><u><a href=\"https:\/\/twitter.com\/\"><span style=\"color: #0000ff\"><span style=\"font-family: Arial, sans-serif\"><span>https:\/\/twitter.com\/#!\/deroscacope<\/span><\/span><\/span><\/a><\/u><\/span><\/span><\/p>\n","protected":false},"excerpt":{"rendered":"<p>El pasado Jueves 25 de Marzo anunci\u00f3 la Federaci\u00f3n de Austria de Balonmano que nombraba nuevo Seleccionador Nacional al ex jugador internacional esloveno Ales Pajovic (40 a\u00f1os de edad) en lugar del island\u00e9s Patreku Johannesson cuyo contrato se dio por terminado a principios de Marzo. Johannesson ha estado entrenando a Austria durante casi ocho a\u00f1os. [&hellip;]<\/p>\n","protected":false},"author":23,"featured_media":653,"comment_status":"open","ping_status":"open","sticky":false,"template":"","format":"standard","meta":{"footnotes":""},"categories":[3],"tags":[],"class_list":["post-652","post","type-post","status-publish","format-standard","has-post-thumbnail","hentry","category-balonmano"],"yoast_head":"<!-- This site is optimized with the Yoast SEO plugin v27.4 - https:\/\/yoast.com\/product\/yoast-seo-wordpress\/ -->\n<title>Ales Pajovic nuevo Seleccionador Nacional de Austria - Derosca<\/title>\n<meta name=\"robots\" content=\"index, follow, max-snippet:-1, max-image-preview:large, max-video-preview:-1\" \/>\n<link rel=\"canonical\" href=\"https:\/\/www.cope.es\/blogs\/derosca\/2019\/04\/01\/ales-pajovic-nuevo-seleccionador-nacional-de-austria\/\" \/>\n<meta property=\"og:locale\" content=\"es_ES\" \/>\n<meta property=\"og:type\" content=\"article\" \/>\n<meta property=\"og:title\" content=\"Ales Pajovic nuevo Seleccionador Nacional de Austria - Derosca\" \/>\n<meta property=\"og:description\" content=\"El pasado Jueves 25 de Marzo anunci\u00f3 la Federaci\u00f3n de Austria de Balonmano que nombraba nuevo Seleccionador Nacional al ex jugador internacional esloveno Ales Pajovic (40 a\u00f1os de edad) en lugar del island\u00e9s Patreku Johannesson cuyo contrato se dio por terminado a principios de Marzo. Johannesson ha estado entrenando a Austria durante casi ocho a\u00f1os. [&hellip;]\" \/>\n<meta property=\"og:url\" content=\"https:\/\/www.cope.es\/blogs\/derosca\/2019\/04\/01\/ales-pajovic-nuevo-seleccionador-nacional-de-austria\/\" \/>\n<meta property=\"og:site_name\" content=\"Derosca\" \/>\n<meta property=\"article:publisher\" content=\"https:\/\/www.facebook.com\/cope\/\" \/>\n<meta property=\"article:published_time\" content=\"2019-04-01T07:24:35+00:00\" \/>\n<meta property=\"og:image\" content=\"https:\/\/www.cope.es\/blogs\/derosca\/wp-content\/uploads\/sites\/22\/2019\/04\/ales-pajovic.jpg\" \/>\n\t<meta property=\"og:image:width\" content=\"700\" \/>\n\t<meta property=\"og:image:height\" content=\"454\" \/>\n\t<meta property=\"og:image:type\" content=\"image\/jpeg\" \/>\n<meta name=\"author\" content=\"Luis Malvar\" \/>\n<meta name=\"twitter:card\" content=\"summary_large_image\" \/>\n<meta name=\"twitter:creator\" content=\"@cope_es\" \/>\n<meta name=\"twitter:site\" content=\"@cope_es\" \/>\n<meta name=\"twitter:label1\" content=\"Escrito por\" \/>\n\t<meta name=\"twitter:data1\" content=\"Luis Malvar\" \/>\n\t<meta name=\"twitter:label2\" content=\"Tiempo de lectura\" \/>\n\t<meta name=\"twitter:data2\" content=\"2 minutos\" \/>\n<script type=\"application\/ld+json\" class=\"yoast-schema-graph\">{\"@context\":\"https:\\\/\\\/schema.org\",\"@graph\":[{\"@type\":\"Article\",\"@id\":\"https:\\\/\\\/www.cope.es\\\/blogs\\\/derosca\\\/2019\\\/04\\\/01\\\/ales-pajovic-nuevo-seleccionador-nacional-de-austria\\\/#article\",\"isPartOf\":{\"@id\":\"https:\\\/\\\/www.cope.es\\\/blogs\\\/derosca\\\/2019\\\/04\\\/01\\\/ales-pajovic-nuevo-seleccionador-nacional-de-austria\\\/\"},\"author\":{\"name\":\"Luis Malvar\",\"@id\":\"https:\\\/\\\/www.cope.es\\\/blogs\\\/derosca\\\/#\\\/schema\\\/person\\\/02d6fa6fa8d8db60f83303875a4ff77f\"},\"headline\":\"Ales Pajovic nuevo Seleccionador Nacional de Austria\",\"datePublished\":\"2019-04-01T07:24:35+00:00\",\"mainEntityOfPage\":{\"@id\":\"https:\\\/\\\/www.cope.es\\\/blogs\\\/derosca\\\/2019\\\/04\\\/01\\\/ales-pajovic-nuevo-seleccionador-nacional-de-austria\\\/\"},\"wordCount\":362,\"commentCount\":0,\"image\":{\"@id\":\"https:\\\/\\\/www.cope.es\\\/blogs\\\/derosca\\\/2019\\\/04\\\/01\\\/ales-pajovic-nuevo-seleccionador-nacional-de-austria\\\/#primaryimage\"},\"thumbnailUrl\":\"https:\\\/\\\/www.cope.es\\\/blogs\\\/derosca\\\/wp-content\\\/uploads\\\/sites\\\/22\\\/2019\\\/04\\\/ales-pajovic.jpg\",\"articleSection\":[\"Balonmano\"],\"inLanguage\":\"es\",\"potentialAction\":[{\"@type\":\"CommentAction\",\"name\":\"Comment\",\"target\":[\"https:\\\/\\\/www.cope.es\\\/blogs\\\/derosca\\\/2019\\\/04\\\/01\\\/ales-pajovic-nuevo-seleccionador-nacional-de-austria\\\/#respond\"]}]},{\"@type\":\"WebPage\",\"@id\":\"https:\\\/\\\/www.cope.es\\\/blogs\\\/derosca\\\/2019\\\/04\\\/01\\\/ales-pajovic-nuevo-seleccionador-nacional-de-austria\\\/\",\"url\":\"https:\\\/\\\/www.cope.es\\\/blogs\\\/derosca\\\/2019\\\/04\\\/01\\\/ales-pajovic-nuevo-seleccionador-nacional-de-austria\\\/\",\"name\":\"Ales Pajovic nuevo Seleccionador Nacional de Austria - Derosca\",\"isPartOf\":{\"@id\":\"https:\\\/\\\/www.cope.es\\\/blogs\\\/derosca\\\/#website\"},\"primaryImageOfPage\":{\"@id\":\"https:\\\/\\\/www.cope.es\\\/blogs\\\/derosca\\\/2019\\\/04\\\/01\\\/ales-pajovic-nuevo-seleccionador-nacional-de-austria\\\/#primaryimage\"},\"image\":{\"@id\":\"https:\\\/\\\/www.cope.es\\\/blogs\\\/derosca\\\/2019\\\/04\\\/01\\\/ales-pajovic-nuevo-seleccionador-nacional-de-austria\\\/#primaryimage\"},\"thumbnailUrl\":\"https:\\\/\\\/www.cope.es\\\/blogs\\\/derosca\\\/wp-content\\\/uploads\\\/sites\\\/22\\\/2019\\\/04\\\/ales-pajovic.jpg\",\"datePublished\":\"2019-04-01T07:24:35+00:00\",\"author\":{\"@id\":\"https:\\\/\\\/www.cope.es\\\/blogs\\\/derosca\\\/#\\\/schema\\\/person\\\/02d6fa6fa8d8db60f83303875a4ff77f\"},\"breadcrumb\":{\"@id\":\"https:\\\/\\\/www.cope.es\\\/blogs\\\/derosca\\\/2019\\\/04\\\/01\\\/ales-pajovic-nuevo-seleccionador-nacional-de-austria\\\/#breadcrumb\"},\"inLanguage\":\"es\",\"potentialAction\":[{\"@type\":\"ReadAction\",\"target\":[\"https:\\\/\\\/www.cope.es\\\/blogs\\\/derosca\\\/2019\\\/04\\\/01\\\/ales-pajovic-nuevo-seleccionador-nacional-de-austria\\\/\"]}]},{\"@type\":\"ImageObject\",\"inLanguage\":\"es\",\"@id\":\"https:\\\/\\\/www.cope.es\\\/blogs\\\/derosca\\\/2019\\\/04\\\/01\\\/ales-pajovic-nuevo-seleccionador-nacional-de-austria\\\/#primaryimage\",\"url\":\"https:\\\/\\\/www.cope.es\\\/blogs\\\/derosca\\\/wp-content\\\/uploads\\\/sites\\\/22\\\/2019\\\/04\\\/ales-pajovic.jpg\",\"contentUrl\":\"https:\\\/\\\/www.cope.es\\\/blogs\\\/derosca\\\/wp-content\\\/uploads\\\/sites\\\/22\\\/2019\\\/04\\\/ales-pajovic.jpg\",\"width\":700,\"height\":454,\"caption\":\"Ales Pajovic nuevo Seleccionador Nacional de Austria\"},{\"@type\":\"BreadcrumbList\",\"@id\":\"https:\\\/\\\/www.cope.es\\\/blogs\\\/derosca\\\/2019\\\/04\\\/01\\\/ales-pajovic-nuevo-seleccionador-nacional-de-austria\\\/#breadcrumb\",\"itemListElement\":[{\"@type\":\"ListItem\",\"position\":1,\"name\":\"Portada\",\"item\":\"https:\\\/\\\/www.cope.es\\\/blogs\\\/derosca\\\/\"},{\"@type\":\"ListItem\",\"position\":2,\"name\":\"Ales Pajovic nuevo Seleccionador Nacional de Austria\"}]},{\"@type\":\"WebSite\",\"@id\":\"https:\\\/\\\/www.cope.es\\\/blogs\\\/derosca\\\/#website\",\"url\":\"https:\\\/\\\/www.cope.es\\\/blogs\\\/derosca\\\/\",\"name\":\"Derosca\",\"description\":\"Blog de balonmano COPE\",\"potentialAction\":[{\"@type\":\"SearchAction\",\"target\":{\"@type\":\"EntryPoint\",\"urlTemplate\":\"https:\\\/\\\/www.cope.es\\\/blogs\\\/derosca\\\/?s={search_term_string}\"},\"query-input\":{\"@type\":\"PropertyValueSpecification\",\"valueRequired\":true,\"valueName\":\"search_term_string\"}}],\"inLanguage\":\"es\"},{\"@type\":\"Person\",\"@id\":\"https:\\\/\\\/www.cope.es\\\/blogs\\\/derosca\\\/#\\\/schema\\\/person\\\/02d6fa6fa8d8db60f83303875a4ff77f\",\"name\":\"Luis Malvar\",\"image\":{\"@type\":\"ImageObject\",\"inLanguage\":\"es\",\"@id\":\"https:\\\/\\\/secure.gravatar.com\\\/avatar\\\/23cd47dec2904689b3ccd32d1dd3e86c7cbf60dcf7376c68854f761a4939534f?s=96&d=mm&r=g\",\"url\":\"https:\\\/\\\/secure.gravatar.com\\\/avatar\\\/23cd47dec2904689b3ccd32d1dd3e86c7cbf60dcf7376c68854f761a4939534f?s=96&d=mm&r=g\",\"contentUrl\":\"https:\\\/\\\/secure.gravatar.com\\\/avatar\\\/23cd47dec2904689b3ccd32d1dd3e86c7cbf60dcf7376c68854f761a4939534f?s=96&d=mm&r=g\",\"caption\":\"Luis Malvar\"},\"description\":\"Comenc\u00e9 la andadura del Blog Derosca all\u00e1 por el 22 de Mayo de 2008. Un blog en el que se trata de llevar a los numerosos aficionados y amantes del mundo del balonmano toda la actualidad de nuestro apasionante deporte. Una ventana que sirve para dar luz a las innumerables noticias que genera el balonmano y que habitualmente no tienen reflejo en los medios de comunicaci\u00f3n. Sin lugar a dudas el Blog Derosca cuenta con un apartado que tiene a gala contar con miles de seguidores como es \u201cMis Pajaritos\u201d en donde se relatan y narran todas las intrahistorias que se generan en el balonmano espa\u00f1ol y que incomoda a m\u00e1s de uno que salgan a la luz.!Gracias por seguirnos durante todos estos a\u00f1os\u00a1\",\"sameAs\":[\"http:\\\/\\\/www.cope.es\",\"lmalvar\"],\"url\":\"https:\\\/\\\/www.cope.es\\\/blogs\\\/derosca\\\/author\\\/lmalvar\\\/\"}]}<\/script>\n<!-- \/ Yoast SEO plugin. -->","yoast_head_json":{"title":"Ales Pajovic nuevo Seleccionador Nacional de Austria - Derosca","robots":{"index":"index","follow":"follow","max-snippet":"max-snippet:-1","max-image-preview":"max-image-preview:large","max-video-preview":"max-video-preview:-1"},"canonical":"https:\/\/www.cope.es\/blogs\/derosca\/2019\/04\/01\/ales-pajovic-nuevo-seleccionador-nacional-de-austria\/","og_locale":"es_ES","og_type":"article","og_title":"Ales Pajovic nuevo Seleccionador Nacional de Austria - Derosca","og_description":"El pasado Jueves 25 de Marzo anunci\u00f3 la Federaci\u00f3n de Austria de Balonmano que nombraba nuevo Seleccionador Nacional al ex jugador internacional esloveno Ales Pajovic (40 a\u00f1os de edad) en lugar del island\u00e9s Patreku Johannesson cuyo contrato se dio por terminado a principios de Marzo. Johannesson ha estado entrenando a Austria durante casi ocho a\u00f1os. [&hellip;]","og_url":"https:\/\/www.cope.es\/blogs\/derosca\/2019\/04\/01\/ales-pajovic-nuevo-seleccionador-nacional-de-austria\/","og_site_name":"Derosca","article_publisher":"https:\/\/www.facebook.com\/cope\/","article_published_time":"2019-04-01T07:24:35+00:00","og_image":[{"width":700,"height":454,"url":"https:\/\/www.cope.es\/blogs\/derosca\/wp-content\/uploads\/sites\/22\/2019\/04\/ales-pajovic.jpg","type":"image\/jpeg"}],"author":"Luis Malvar","twitter_card":"summary_large_image","twitter_creator":"@cope_es","twitter_site":"@cope_es","twitter_misc":{"Escrito por":"Luis Malvar","Tiempo de lectura":"2 minutos"},"schema":{"@context":"https:\/\/schema.org","@graph":[{"@type":"Article","@id":"https:\/\/www.cope.es\/blogs\/derosca\/2019\/04\/01\/ales-pajovic-nuevo-seleccionador-nacional-de-austria\/#article","isPartOf":{"@id":"https:\/\/www.cope.es\/blogs\/derosca\/2019\/04\/01\/ales-pajovic-nuevo-seleccionador-nacional-de-austria\/"},"author":{"name":"Luis Malvar","@id":"https:\/\/www.cope.es\/blogs\/derosca\/#\/schema\/person\/02d6fa6fa8d8db60f83303875a4ff77f"},"headline":"Ales Pajovic nuevo Seleccionador Nacional de Austria","datePublished":"2019-04-01T07:24:35+00:00","mainEntityOfPage":{"@id":"https:\/\/www.cope.es\/blogs\/derosca\/2019\/04\/01\/ales-pajovic-nuevo-seleccionador-nacional-de-austria\/"},"wordCount":362,"commentCount":0,"image":{"@id":"https:\/\/www.cope.es\/blogs\/derosca\/2019\/04\/01\/ales-pajovic-nuevo-seleccionador-nacional-de-austria\/#primaryimage"},"thumbnailUrl":"https:\/\/www.cope.es\/blogs\/derosca\/wp-content\/uploads\/sites\/22\/2019\/04\/ales-pajovic.jpg","articleSection":["Balonmano"],"inLanguage":"es","potentialAction":[{"@type":"CommentAction","name":"Comment","target":["https:\/\/www.cope.es\/blogs\/derosca\/2019\/04\/01\/ales-pajovic-nuevo-seleccionador-nacional-de-austria\/#respond"]}]},{"@type":"WebPage","@id":"https:\/\/www.cope.es\/blogs\/derosca\/2019\/04\/01\/ales-pajovic-nuevo-seleccionador-nacional-de-austria\/","url":"https:\/\/www.cope.es\/blogs\/derosca\/2019\/04\/01\/ales-pajovic-nuevo-seleccionador-nacional-de-austria\/","name":"Ales Pajovic nuevo Seleccionador Nacional de Austria - Derosca","isPartOf":{"@id":"https:\/\/www.cope.es\/blogs\/derosca\/#website"},"primaryImageOfPage":{"@id":"https:\/\/www.cope.es\/blogs\/derosca\/2019\/04\/01\/ales-pajovic-nuevo-seleccionador-nacional-de-austria\/#primaryimage"},"image":{"@id":"https:\/\/www.cope.es\/blogs\/derosca\/2019\/04\/01\/ales-pajovic-nuevo-seleccionador-nacional-de-austria\/#primaryimage"},"thumbnailUrl":"https:\/\/www.cope.es\/blogs\/derosca\/wp-content\/uploads\/sites\/22\/2019\/04\/ales-pajovic.jpg","datePublished":"2019-04-01T07:24:35+00:00","author":{"@id":"https:\/\/www.cope.es\/blogs\/derosca\/#\/schema\/person\/02d6fa6fa8d8db60f83303875a4ff77f"},"breadcrumb":{"@id":"https:\/\/www.cope.es\/blogs\/derosca\/2019\/04\/01\/ales-pajovic-nuevo-seleccionador-nacional-de-austria\/#breadcrumb"},"inLanguage":"es","potentialAction":[{"@type":"ReadAction","target":["https:\/\/www.cope.es\/blogs\/derosca\/2019\/04\/01\/ales-pajovic-nuevo-seleccionador-nacional-de-austria\/"]}]},{"@type":"ImageObject","inLanguage":"es","@id":"https:\/\/www.cope.es\/blogs\/derosca\/2019\/04\/01\/ales-pajovic-nuevo-seleccionador-nacional-de-austria\/#primaryimage","url":"https:\/\/www.cope.es\/blogs\/derosca\/wp-content\/uploads\/sites\/22\/2019\/04\/ales-pajovic.jpg","contentUrl":"https:\/\/www.cope.es\/blogs\/derosca\/wp-content\/uploads\/sites\/22\/2019\/04\/ales-pajovic.jpg","width":700,"height":454,"caption":"Ales Pajovic nuevo Seleccionador Nacional de Austria"},{"@type":"BreadcrumbList","@id":"https:\/\/www.cope.es\/blogs\/derosca\/2019\/04\/01\/ales-pajovic-nuevo-seleccionador-nacional-de-austria\/#breadcrumb","itemListElement":[{"@type":"ListItem","position":1,"name":"Portada","item":"https:\/\/www.cope.es\/blogs\/derosca\/"},{"@type":"ListItem","position":2,"name":"Ales Pajovic nuevo Seleccionador Nacional de Austria"}]},{"@type":"WebSite","@id":"https:\/\/www.cope.es\/blogs\/derosca\/#website","url":"https:\/\/www.cope.es\/blogs\/derosca\/","name":"Derosca","description":"Blog de balonmano COPE","potentialAction":[{"@type":"SearchAction","target":{"@type":"EntryPoint","urlTemplate":"https:\/\/www.cope.es\/blogs\/derosca\/?s={search_term_string}"},"query-input":{"@type":"PropertyValueSpecification","valueRequired":true,"valueName":"search_term_string"}}],"inLanguage":"es"},{"@type":"Person","@id":"https:\/\/www.cope.es\/blogs\/derosca\/#\/schema\/person\/02d6fa6fa8d8db60f83303875a4ff77f","name":"Luis Malvar","image":{"@type":"ImageObject","inLanguage":"es","@id":"https:\/\/secure.gravatar.com\/avatar\/23cd47dec2904689b3ccd32d1dd3e86c7cbf60dcf7376c68854f761a4939534f?s=96&d=mm&r=g","url":"https:\/\/secure.gravatar.com\/avatar\/23cd47dec2904689b3ccd32d1dd3e86c7cbf60dcf7376c68854f761a4939534f?s=96&d=mm&r=g","contentUrl":"https:\/\/secure.gravatar.com\/avatar\/23cd47dec2904689b3ccd32d1dd3e86c7cbf60dcf7376c68854f761a4939534f?s=96&d=mm&r=g","caption":"Luis Malvar"},"description":"Comenc\u00e9 la andadura del Blog Derosca all\u00e1 por el 22 de Mayo de 2008. Un blog en el que se trata de llevar a los numerosos aficionados y amantes del mundo del balonmano toda la actualidad de nuestro apasionante deporte. Una ventana que sirve para dar luz a las innumerables noticias que genera el balonmano y que habitualmente no tienen reflejo en los medios de comunicaci\u00f3n. Sin lugar a dudas el Blog Derosca cuenta con un apartado que tiene a gala contar con miles de seguidores como es \u201cMis Pajaritos\u201d en donde se relatan y narran todas las intrahistorias que se generan en el balonmano espa\u00f1ol y que incomoda a m\u00e1s de uno que salgan a la luz.!Gracias por seguirnos durante todos estos a\u00f1os\u00a1","sameAs":["http:\/\/www.cope.es","lmalvar"],"url":"https:\/\/www.cope.es\/blogs\/derosca\/author\/lmalvar\/"}]}},"amp_enabled":true,"_links":{"self":[{"href":"https:\/\/www.cope.es\/blogs\/derosca\/wp-json\/wp\/v2\/posts\/652","targetHints":{"allow":["GET"]}}],"collection":[{"href":"https:\/\/www.cope.es\/blogs\/derosca\/wp-json\/wp\/v2\/posts"}],"about":[{"href":"https:\/\/www.cope.es\/blogs\/derosca\/wp-json\/wp\/v2\/types\/post"}],"author":[{"embeddable":true,"href":"https:\/\/www.cope.es\/blogs\/derosca\/wp-json\/wp\/v2\/users\/23"}],"replies":[{"embeddable":true,"href":"https:\/\/www.cope.es\/blogs\/derosca\/wp-json\/wp\/v2\/comments?post=652"}],"version-history":[{"count":2,"href":"https:\/\/www.cope.es\/blogs\/derosca\/wp-json\/wp\/v2\/posts\/652\/revisions"}],"predecessor-version":[{"id":655,"href":"https:\/\/www.cope.es\/blogs\/derosca\/wp-json\/wp\/v2\/posts\/652\/revisions\/655"}],"wp:featuredmedia":[{"embeddable":true,"href":"https:\/\/www.cope.es\/blogs\/derosca\/wp-json\/wp\/v2\/media\/653"}],"wp:attachment":[{"href":"https:\/\/www.cope.es\/blogs\/derosca\/wp-json\/wp\/v2\/media?parent=652"}],"wp:term":[{"taxonomy":"category","embeddable":true,"href":"https:\/\/www.cope.es\/blogs\/derosca\/wp-json\/wp\/v2\/categories?post=652"},{"taxonomy":"post_tag","embeddable":true,"href":"https:\/\/www.cope.es\/blogs\/derosca\/wp-json\/wp\/v2\/tags?post=652"}],"curies":[{"name":"wp","href":"https:\/\/api.w.org\/{rel}","templated":true}]}}