{"id":649,"date":"2019-03-28T09:21:40","date_gmt":"2019-03-28T08:21:40","guid":{"rendered":"http:\/\/www.cope.es\/blogs\/derosca\/?p=649"},"modified":"2019-03-28T09:21:40","modified_gmt":"2019-03-28T08:21:40","slug":"en-menos-de-300-dias-se-celebra-el-europeo-masculino-2020","status":"publish","type":"post","link":"https:\/\/www.cope.es\/blogs\/derosca\/2019\/03\/28\/en-menos-de-300-dias-se-celebra-el-europeo-masculino-2020\/","title":{"rendered":"En menos de 300 d\u00edas se celebra el Europeo Masculino 2020"},"content":{"rendered":"<p><span style=\"font-family: Arial, sans-serif\">Quedan menos de 300 d\u00edas para que comience el Europeo Masculino 2020 y ser\u00e1 una edici\u00f3n en la que por primera vez van participar 24 equipo en lugar de los 16 conjuntos que estaban hasta la fecha. La otra gran novedad ser\u00e1 que el Europeo est\u00e1, tambi\u00e9n por primera vez, co-organizado por tres naciones: Austria, Suecia y Noruega. Las fechas del Europeo Masculino son del 9 al 26 de Enero. Est\u00e1 previsto que la Fase de Clasificaci\u00f3n finalizar\u00e1 a mediados de Junio y posteriormente se realizar\u00e1 el sorteo a finales de mes.<\/span><\/p>\n<p><span style=\"font-family: Arial, sans-serif\">La venta de entradas para el Europeo ya comenz\u00f3 el pasado 24 de Octubre de 2018 y entonces se vendieron 25.000 entradas en las primeras 24 horas. A principios de Marzo, las entradas de un d\u00eda en Viena y Graz han estado disponibles y los aficionados pueden elegir entre cuatro categor\u00edas en Graz y cinco en Viena, y los organizadores han prestado especial atenci\u00f3n a los precios con la esperanza de atraer a espectadores de m\u00e1s all\u00e1 de la comunidad del balonmano.<\/span><\/p>\n<p><span style=\"font-family: Arial, sans-serif\">El nuevo concepto con el fin de semana final durante tres d\u00edas tambi\u00e9n est\u00e1 generando mucho inter\u00e9s entre los aficionados y, por supuesto, la venta de entradas. Todas las \u00e1reas de hospitalidad en Estocolmo ya est\u00e1n completas, y ahora est\u00e1n buscando un espacio adicional en las instalaciones de conexi\u00f3n. Junto con el aumento en el n\u00famero de equipos, grupos de juego y d\u00edas de partidos, el \u00faltimo fin de semana se jugar\u00e1 durante tres d\u00edas por primera vez en un Europeo. La gran Final se disputar\u00e1 en un estadio de f\u00fatbol, el Tele2 Arena de Estocolmo, que tiene una capacidad para 20.000 espectadores.<\/span><\/p>\n<p><span style=\"color: #02171d\"><span style=\"font-family: Arial, sans-serif\"><span>Seguirnos en twitter:\u00a0<\/span><\/span><\/span><span style=\"color: #000080\"><span><u><a href=\"https:\/\/twitter.com\/\"><span style=\"color: #0000ff\"><span style=\"font-family: Arial, sans-serif\"><span>https:\/\/twitter.com\/#!\/deroscacope<\/span><\/span><\/span><\/a><\/u><\/span><\/span><\/p>\n","protected":false},"excerpt":{"rendered":"<p>Quedan menos de 300 d\u00edas para que comience el Europeo Masculino 2020 y ser\u00e1 una edici\u00f3n en la que por primera vez van participar 24 equipo en lugar de los 16 conjuntos que estaban hasta la fecha. La otra gran novedad ser\u00e1 que el Europeo est\u00e1, tambi\u00e9n por primera vez, co-organizado por tres naciones: Austria, [&hellip;]<\/p>\n","protected":false},"author":23,"featured_media":650,"comment_status":"open","ping_status":"open","sticky":false,"template":"","format":"standard","meta":{"footnotes":""},"categories":[3],"tags":[],"class_list":["post-649","post","type-post","status-publish","format-standard","has-post-thumbnail","hentry","category-balonmano"],"yoast_head":"<!-- This site is optimized with the Yoast SEO plugin v27.4 - https:\/\/yoast.com\/product\/yoast-seo-wordpress\/ -->\n<title>En menos de 300 d\u00edas se celebra el Europeo Masculino 2020 - Derosca<\/title>\n<meta name=\"robots\" content=\"index, follow, max-snippet:-1, max-image-preview:large, max-video-preview:-1\" \/>\n<link rel=\"canonical\" href=\"https:\/\/www.cope.es\/blogs\/derosca\/2019\/03\/28\/en-menos-de-300-dias-se-celebra-el-europeo-masculino-2020\/\" \/>\n<meta property=\"og:locale\" content=\"es_ES\" \/>\n<meta property=\"og:type\" content=\"article\" \/>\n<meta property=\"og:title\" content=\"En menos de 300 d\u00edas se celebra el Europeo Masculino 2020 - Derosca\" \/>\n<meta property=\"og:description\" content=\"Quedan menos de 300 d\u00edas para que comience el Europeo Masculino 2020 y ser\u00e1 una edici\u00f3n en la que por primera vez van participar 24 equipo en lugar de los 16 conjuntos que estaban hasta la fecha. La otra gran novedad ser\u00e1 que el Europeo est\u00e1, tambi\u00e9n por primera vez, co-organizado por tres naciones: Austria, [&hellip;]\" \/>\n<meta property=\"og:url\" content=\"https:\/\/www.cope.es\/blogs\/derosca\/2019\/03\/28\/en-menos-de-300-dias-se-celebra-el-europeo-masculino-2020\/\" \/>\n<meta property=\"og:site_name\" content=\"Derosca\" \/>\n<meta property=\"article:publisher\" content=\"https:\/\/www.facebook.com\/cope\/\" \/>\n<meta property=\"article:published_time\" content=\"2019-03-28T08:21:40+00:00\" \/>\n<meta property=\"og:image\" content=\"https:\/\/www.cope.es\/blogs\/derosca\/wp-content\/uploads\/sites\/22\/2019\/03\/csm_Arena_Zagreb_EURO_2018_995_a0ff420321.jpg\" \/>\n\t<meta property=\"og:image:width\" content=\"700\" \/>\n\t<meta property=\"og:image:height\" content=\"348\" \/>\n\t<meta property=\"og:image:type\" content=\"image\/jpeg\" \/>\n<meta name=\"author\" content=\"Luis Malvar\" \/>\n<meta name=\"twitter:card\" content=\"summary_large_image\" \/>\n<meta name=\"twitter:creator\" content=\"@cope_es\" \/>\n<meta name=\"twitter:site\" content=\"@cope_es\" \/>\n<meta name=\"twitter:label1\" content=\"Escrito por\" \/>\n\t<meta name=\"twitter:data1\" content=\"Luis Malvar\" \/>\n\t<meta name=\"twitter:label2\" content=\"Tiempo de lectura\" \/>\n\t<meta name=\"twitter:data2\" content=\"1 minuto\" \/>\n<script type=\"application\/ld+json\" class=\"yoast-schema-graph\">{\"@context\":\"https:\\\/\\\/schema.org\",\"@graph\":[{\"@type\":\"Article\",\"@id\":\"https:\\\/\\\/www.cope.es\\\/blogs\\\/derosca\\\/2019\\\/03\\\/28\\\/en-menos-de-300-dias-se-celebra-el-europeo-masculino-2020\\\/#article\",\"isPartOf\":{\"@id\":\"https:\\\/\\\/www.cope.es\\\/blogs\\\/derosca\\\/2019\\\/03\\\/28\\\/en-menos-de-300-dias-se-celebra-el-europeo-masculino-2020\\\/\"},\"author\":{\"name\":\"Luis Malvar\",\"@id\":\"https:\\\/\\\/www.cope.es\\\/blogs\\\/derosca\\\/#\\\/schema\\\/person\\\/02d6fa6fa8d8db60f83303875a4ff77f\"},\"headline\":\"En menos de 300 d\u00edas se celebra el Europeo Masculino 2020\",\"datePublished\":\"2019-03-28T08:21:40+00:00\",\"mainEntityOfPage\":{\"@id\":\"https:\\\/\\\/www.cope.es\\\/blogs\\\/derosca\\\/2019\\\/03\\\/28\\\/en-menos-de-300-dias-se-celebra-el-europeo-masculino-2020\\\/\"},\"wordCount\":301,\"commentCount\":0,\"image\":{\"@id\":\"https:\\\/\\\/www.cope.es\\\/blogs\\\/derosca\\\/2019\\\/03\\\/28\\\/en-menos-de-300-dias-se-celebra-el-europeo-masculino-2020\\\/#primaryimage\"},\"thumbnailUrl\":\"https:\\\/\\\/www.cope.es\\\/blogs\\\/derosca\\\/wp-content\\\/uploads\\\/sites\\\/22\\\/2019\\\/03\\\/csm_Arena_Zagreb_EURO_2018_995_a0ff420321.jpg\",\"articleSection\":[\"Balonmano\"],\"inLanguage\":\"es\",\"potentialAction\":[{\"@type\":\"CommentAction\",\"name\":\"Comment\",\"target\":[\"https:\\\/\\\/www.cope.es\\\/blogs\\\/derosca\\\/2019\\\/03\\\/28\\\/en-menos-de-300-dias-se-celebra-el-europeo-masculino-2020\\\/#respond\"]}]},{\"@type\":\"WebPage\",\"@id\":\"https:\\\/\\\/www.cope.es\\\/blogs\\\/derosca\\\/2019\\\/03\\\/28\\\/en-menos-de-300-dias-se-celebra-el-europeo-masculino-2020\\\/\",\"url\":\"https:\\\/\\\/www.cope.es\\\/blogs\\\/derosca\\\/2019\\\/03\\\/28\\\/en-menos-de-300-dias-se-celebra-el-europeo-masculino-2020\\\/\",\"name\":\"En menos de 300 d\u00edas se celebra el Europeo Masculino 2020 - Derosca\",\"isPartOf\":{\"@id\":\"https:\\\/\\\/www.cope.es\\\/blogs\\\/derosca\\\/#website\"},\"primaryImageOfPage\":{\"@id\":\"https:\\\/\\\/www.cope.es\\\/blogs\\\/derosca\\\/2019\\\/03\\\/28\\\/en-menos-de-300-dias-se-celebra-el-europeo-masculino-2020\\\/#primaryimage\"},\"image\":{\"@id\":\"https:\\\/\\\/www.cope.es\\\/blogs\\\/derosca\\\/2019\\\/03\\\/28\\\/en-menos-de-300-dias-se-celebra-el-europeo-masculino-2020\\\/#primaryimage\"},\"thumbnailUrl\":\"https:\\\/\\\/www.cope.es\\\/blogs\\\/derosca\\\/wp-content\\\/uploads\\\/sites\\\/22\\\/2019\\\/03\\\/csm_Arena_Zagreb_EURO_2018_995_a0ff420321.jpg\",\"datePublished\":\"2019-03-28T08:21:40+00:00\",\"author\":{\"@id\":\"https:\\\/\\\/www.cope.es\\\/blogs\\\/derosca\\\/#\\\/schema\\\/person\\\/02d6fa6fa8d8db60f83303875a4ff77f\"},\"breadcrumb\":{\"@id\":\"https:\\\/\\\/www.cope.es\\\/blogs\\\/derosca\\\/2019\\\/03\\\/28\\\/en-menos-de-300-dias-se-celebra-el-europeo-masculino-2020\\\/#breadcrumb\"},\"inLanguage\":\"es\",\"potentialAction\":[{\"@type\":\"ReadAction\",\"target\":[\"https:\\\/\\\/www.cope.es\\\/blogs\\\/derosca\\\/2019\\\/03\\\/28\\\/en-menos-de-300-dias-se-celebra-el-europeo-masculino-2020\\\/\"]}]},{\"@type\":\"ImageObject\",\"inLanguage\":\"es\",\"@id\":\"https:\\\/\\\/www.cope.es\\\/blogs\\\/derosca\\\/2019\\\/03\\\/28\\\/en-menos-de-300-dias-se-celebra-el-europeo-masculino-2020\\\/#primaryimage\",\"url\":\"https:\\\/\\\/www.cope.es\\\/blogs\\\/derosca\\\/wp-content\\\/uploads\\\/sites\\\/22\\\/2019\\\/03\\\/csm_Arena_Zagreb_EURO_2018_995_a0ff420321.jpg\",\"contentUrl\":\"https:\\\/\\\/www.cope.es\\\/blogs\\\/derosca\\\/wp-content\\\/uploads\\\/sites\\\/22\\\/2019\\\/03\\\/csm_Arena_Zagreb_EURO_2018_995_a0ff420321.jpg\",\"width\":700,\"height\":348,\"caption\":\"En menos de 300 d\u00edas se celebra el Europeo Masculino 2020\"},{\"@type\":\"BreadcrumbList\",\"@id\":\"https:\\\/\\\/www.cope.es\\\/blogs\\\/derosca\\\/2019\\\/03\\\/28\\\/en-menos-de-300-dias-se-celebra-el-europeo-masculino-2020\\\/#breadcrumb\",\"itemListElement\":[{\"@type\":\"ListItem\",\"position\":1,\"name\":\"Portada\",\"item\":\"https:\\\/\\\/www.cope.es\\\/blogs\\\/derosca\\\/\"},{\"@type\":\"ListItem\",\"position\":2,\"name\":\"En menos de 300 d\u00edas se celebra el Europeo Masculino 2020\"}]},{\"@type\":\"WebSite\",\"@id\":\"https:\\\/\\\/www.cope.es\\\/blogs\\\/derosca\\\/#website\",\"url\":\"https:\\\/\\\/www.cope.es\\\/blogs\\\/derosca\\\/\",\"name\":\"Derosca\",\"description\":\"Blog de balonmano COPE\",\"potentialAction\":[{\"@type\":\"SearchAction\",\"target\":{\"@type\":\"EntryPoint\",\"urlTemplate\":\"https:\\\/\\\/www.cope.es\\\/blogs\\\/derosca\\\/?s={search_term_string}\"},\"query-input\":{\"@type\":\"PropertyValueSpecification\",\"valueRequired\":true,\"valueName\":\"search_term_string\"}}],\"inLanguage\":\"es\"},{\"@type\":\"Person\",\"@id\":\"https:\\\/\\\/www.cope.es\\\/blogs\\\/derosca\\\/#\\\/schema\\\/person\\\/02d6fa6fa8d8db60f83303875a4ff77f\",\"name\":\"Luis Malvar\",\"image\":{\"@type\":\"ImageObject\",\"inLanguage\":\"es\",\"@id\":\"https:\\\/\\\/secure.gravatar.com\\\/avatar\\\/23cd47dec2904689b3ccd32d1dd3e86c7cbf60dcf7376c68854f761a4939534f?s=96&d=mm&r=g\",\"url\":\"https:\\\/\\\/secure.gravatar.com\\\/avatar\\\/23cd47dec2904689b3ccd32d1dd3e86c7cbf60dcf7376c68854f761a4939534f?s=96&d=mm&r=g\",\"contentUrl\":\"https:\\\/\\\/secure.gravatar.com\\\/avatar\\\/23cd47dec2904689b3ccd32d1dd3e86c7cbf60dcf7376c68854f761a4939534f?s=96&d=mm&r=g\",\"caption\":\"Luis Malvar\"},\"description\":\"Comenc\u00e9 la andadura del Blog Derosca all\u00e1 por el 22 de Mayo de 2008. Un blog en el que se trata de llevar a los numerosos aficionados y amantes del mundo del balonmano toda la actualidad de nuestro apasionante deporte. Una ventana que sirve para dar luz a las innumerables noticias que genera el balonmano y que habitualmente no tienen reflejo en los medios de comunicaci\u00f3n. Sin lugar a dudas el Blog Derosca cuenta con un apartado que tiene a gala contar con miles de seguidores como es \u201cMis Pajaritos\u201d en donde se relatan y narran todas las intrahistorias que se generan en el balonmano espa\u00f1ol y que incomoda a m\u00e1s de uno que salgan a la luz.!Gracias por seguirnos durante todos estos a\u00f1os\u00a1\",\"sameAs\":[\"http:\\\/\\\/www.cope.es\",\"lmalvar\"],\"url\":\"https:\\\/\\\/www.cope.es\\\/blogs\\\/derosca\\\/author\\\/lmalvar\\\/\"}]}<\/script>\n<!-- \/ Yoast SEO plugin. -->","yoast_head_json":{"title":"En menos de 300 d\u00edas se celebra el Europeo Masculino 2020 - Derosca","robots":{"index":"index","follow":"follow","max-snippet":"max-snippet:-1","max-image-preview":"max-image-preview:large","max-video-preview":"max-video-preview:-1"},"canonical":"https:\/\/www.cope.es\/blogs\/derosca\/2019\/03\/28\/en-menos-de-300-dias-se-celebra-el-europeo-masculino-2020\/","og_locale":"es_ES","og_type":"article","og_title":"En menos de 300 d\u00edas se celebra el Europeo Masculino 2020 - Derosca","og_description":"Quedan menos de 300 d\u00edas para que comience el Europeo Masculino 2020 y ser\u00e1 una edici\u00f3n en la que por primera vez van participar 24 equipo en lugar de los 16 conjuntos que estaban hasta la fecha. La otra gran novedad ser\u00e1 que el Europeo est\u00e1, tambi\u00e9n por primera vez, co-organizado por tres naciones: Austria, [&hellip;]","og_url":"https:\/\/www.cope.es\/blogs\/derosca\/2019\/03\/28\/en-menos-de-300-dias-se-celebra-el-europeo-masculino-2020\/","og_site_name":"Derosca","article_publisher":"https:\/\/www.facebook.com\/cope\/","article_published_time":"2019-03-28T08:21:40+00:00","og_image":[{"width":700,"height":348,"url":"https:\/\/www.cope.es\/blogs\/derosca\/wp-content\/uploads\/sites\/22\/2019\/03\/csm_Arena_Zagreb_EURO_2018_995_a0ff420321.jpg","type":"image\/jpeg"}],"author":"Luis Malvar","twitter_card":"summary_large_image","twitter_creator":"@cope_es","twitter_site":"@cope_es","twitter_misc":{"Escrito por":"Luis Malvar","Tiempo de lectura":"1 minuto"},"schema":{"@context":"https:\/\/schema.org","@graph":[{"@type":"Article","@id":"https:\/\/www.cope.es\/blogs\/derosca\/2019\/03\/28\/en-menos-de-300-dias-se-celebra-el-europeo-masculino-2020\/#article","isPartOf":{"@id":"https:\/\/www.cope.es\/blogs\/derosca\/2019\/03\/28\/en-menos-de-300-dias-se-celebra-el-europeo-masculino-2020\/"},"author":{"name":"Luis Malvar","@id":"https:\/\/www.cope.es\/blogs\/derosca\/#\/schema\/person\/02d6fa6fa8d8db60f83303875a4ff77f"},"headline":"En menos de 300 d\u00edas se celebra el Europeo Masculino 2020","datePublished":"2019-03-28T08:21:40+00:00","mainEntityOfPage":{"@id":"https:\/\/www.cope.es\/blogs\/derosca\/2019\/03\/28\/en-menos-de-300-dias-se-celebra-el-europeo-masculino-2020\/"},"wordCount":301,"commentCount":0,"image":{"@id":"https:\/\/www.cope.es\/blogs\/derosca\/2019\/03\/28\/en-menos-de-300-dias-se-celebra-el-europeo-masculino-2020\/#primaryimage"},"thumbnailUrl":"https:\/\/www.cope.es\/blogs\/derosca\/wp-content\/uploads\/sites\/22\/2019\/03\/csm_Arena_Zagreb_EURO_2018_995_a0ff420321.jpg","articleSection":["Balonmano"],"inLanguage":"es","potentialAction":[{"@type":"CommentAction","name":"Comment","target":["https:\/\/www.cope.es\/blogs\/derosca\/2019\/03\/28\/en-menos-de-300-dias-se-celebra-el-europeo-masculino-2020\/#respond"]}]},{"@type":"WebPage","@id":"https:\/\/www.cope.es\/blogs\/derosca\/2019\/03\/28\/en-menos-de-300-dias-se-celebra-el-europeo-masculino-2020\/","url":"https:\/\/www.cope.es\/blogs\/derosca\/2019\/03\/28\/en-menos-de-300-dias-se-celebra-el-europeo-masculino-2020\/","name":"En menos de 300 d\u00edas se celebra el Europeo Masculino 2020 - Derosca","isPartOf":{"@id":"https:\/\/www.cope.es\/blogs\/derosca\/#website"},"primaryImageOfPage":{"@id":"https:\/\/www.cope.es\/blogs\/derosca\/2019\/03\/28\/en-menos-de-300-dias-se-celebra-el-europeo-masculino-2020\/#primaryimage"},"image":{"@id":"https:\/\/www.cope.es\/blogs\/derosca\/2019\/03\/28\/en-menos-de-300-dias-se-celebra-el-europeo-masculino-2020\/#primaryimage"},"thumbnailUrl":"https:\/\/www.cope.es\/blogs\/derosca\/wp-content\/uploads\/sites\/22\/2019\/03\/csm_Arena_Zagreb_EURO_2018_995_a0ff420321.jpg","datePublished":"2019-03-28T08:21:40+00:00","author":{"@id":"https:\/\/www.cope.es\/blogs\/derosca\/#\/schema\/person\/02d6fa6fa8d8db60f83303875a4ff77f"},"breadcrumb":{"@id":"https:\/\/www.cope.es\/blogs\/derosca\/2019\/03\/28\/en-menos-de-300-dias-se-celebra-el-europeo-masculino-2020\/#breadcrumb"},"inLanguage":"es","potentialAction":[{"@type":"ReadAction","target":["https:\/\/www.cope.es\/blogs\/derosca\/2019\/03\/28\/en-menos-de-300-dias-se-celebra-el-europeo-masculino-2020\/"]}]},{"@type":"ImageObject","inLanguage":"es","@id":"https:\/\/www.cope.es\/blogs\/derosca\/2019\/03\/28\/en-menos-de-300-dias-se-celebra-el-europeo-masculino-2020\/#primaryimage","url":"https:\/\/www.cope.es\/blogs\/derosca\/wp-content\/uploads\/sites\/22\/2019\/03\/csm_Arena_Zagreb_EURO_2018_995_a0ff420321.jpg","contentUrl":"https:\/\/www.cope.es\/blogs\/derosca\/wp-content\/uploads\/sites\/22\/2019\/03\/csm_Arena_Zagreb_EURO_2018_995_a0ff420321.jpg","width":700,"height":348,"caption":"En menos de 300 d\u00edas se celebra el Europeo Masculino 2020"},{"@type":"BreadcrumbList","@id":"https:\/\/www.cope.es\/blogs\/derosca\/2019\/03\/28\/en-menos-de-300-dias-se-celebra-el-europeo-masculino-2020\/#breadcrumb","itemListElement":[{"@type":"ListItem","position":1,"name":"Portada","item":"https:\/\/www.cope.es\/blogs\/derosca\/"},{"@type":"ListItem","position":2,"name":"En menos de 300 d\u00edas se celebra el Europeo Masculino 2020"}]},{"@type":"WebSite","@id":"https:\/\/www.cope.es\/blogs\/derosca\/#website","url":"https:\/\/www.cope.es\/blogs\/derosca\/","name":"Derosca","description":"Blog de balonmano COPE","potentialAction":[{"@type":"SearchAction","target":{"@type":"EntryPoint","urlTemplate":"https:\/\/www.cope.es\/blogs\/derosca\/?s={search_term_string}"},"query-input":{"@type":"PropertyValueSpecification","valueRequired":true,"valueName":"search_term_string"}}],"inLanguage":"es"},{"@type":"Person","@id":"https:\/\/www.cope.es\/blogs\/derosca\/#\/schema\/person\/02d6fa6fa8d8db60f83303875a4ff77f","name":"Luis Malvar","image":{"@type":"ImageObject","inLanguage":"es","@id":"https:\/\/secure.gravatar.com\/avatar\/23cd47dec2904689b3ccd32d1dd3e86c7cbf60dcf7376c68854f761a4939534f?s=96&d=mm&r=g","url":"https:\/\/secure.gravatar.com\/avatar\/23cd47dec2904689b3ccd32d1dd3e86c7cbf60dcf7376c68854f761a4939534f?s=96&d=mm&r=g","contentUrl":"https:\/\/secure.gravatar.com\/avatar\/23cd47dec2904689b3ccd32d1dd3e86c7cbf60dcf7376c68854f761a4939534f?s=96&d=mm&r=g","caption":"Luis Malvar"},"description":"Comenc\u00e9 la andadura del Blog Derosca all\u00e1 por el 22 de Mayo de 2008. Un blog en el que se trata de llevar a los numerosos aficionados y amantes del mundo del balonmano toda la actualidad de nuestro apasionante deporte. Una ventana que sirve para dar luz a las innumerables noticias que genera el balonmano y que habitualmente no tienen reflejo en los medios de comunicaci\u00f3n. Sin lugar a dudas el Blog Derosca cuenta con un apartado que tiene a gala contar con miles de seguidores como es \u201cMis Pajaritos\u201d en donde se relatan y narran todas las intrahistorias que se generan en el balonmano espa\u00f1ol y que incomoda a m\u00e1s de uno que salgan a la luz.!Gracias por seguirnos durante todos estos a\u00f1os\u00a1","sameAs":["http:\/\/www.cope.es","lmalvar"],"url":"https:\/\/www.cope.es\/blogs\/derosca\/author\/lmalvar\/"}]}},"amp_enabled":true,"_links":{"self":[{"href":"https:\/\/www.cope.es\/blogs\/derosca\/wp-json\/wp\/v2\/posts\/649","targetHints":{"allow":["GET"]}}],"collection":[{"href":"https:\/\/www.cope.es\/blogs\/derosca\/wp-json\/wp\/v2\/posts"}],"about":[{"href":"https:\/\/www.cope.es\/blogs\/derosca\/wp-json\/wp\/v2\/types\/post"}],"author":[{"embeddable":true,"href":"https:\/\/www.cope.es\/blogs\/derosca\/wp-json\/wp\/v2\/users\/23"}],"replies":[{"embeddable":true,"href":"https:\/\/www.cope.es\/blogs\/derosca\/wp-json\/wp\/v2\/comments?post=649"}],"version-history":[{"count":1,"href":"https:\/\/www.cope.es\/blogs\/derosca\/wp-json\/wp\/v2\/posts\/649\/revisions"}],"predecessor-version":[{"id":651,"href":"https:\/\/www.cope.es\/blogs\/derosca\/wp-json\/wp\/v2\/posts\/649\/revisions\/651"}],"wp:featuredmedia":[{"embeddable":true,"href":"https:\/\/www.cope.es\/blogs\/derosca\/wp-json\/wp\/v2\/media\/650"}],"wp:attachment":[{"href":"https:\/\/www.cope.es\/blogs\/derosca\/wp-json\/wp\/v2\/media?parent=649"}],"wp:term":[{"taxonomy":"category","embeddable":true,"href":"https:\/\/www.cope.es\/blogs\/derosca\/wp-json\/wp\/v2\/categories?post=649"},{"taxonomy":"post_tag","embeddable":true,"href":"https:\/\/www.cope.es\/blogs\/derosca\/wp-json\/wp\/v2\/tags?post=649"}],"curies":[{"name":"wp","href":"https:\/\/api.w.org\/{rel}","templated":true}]}}