{"id":616,"date":"2019-03-12T09:37:32","date_gmt":"2019-03-12T08:37:32","guid":{"rendered":"http:\/\/www.cope.es\/blogs\/derosca\/?p=616"},"modified":"2019-03-12T09:37:32","modified_gmt":"2019-03-12T08:37:32","slug":"entradas-de-dia-para-las-sedes-de-viena-y-graz-del-europeo-2020-ya-estan-a-la-venta","status":"publish","type":"post","link":"https:\/\/www.cope.es\/blogs\/derosca\/2019\/03\/12\/entradas-de-dia-para-las-sedes-de-viena-y-graz-del-europeo-2020-ya-estan-a-la-venta\/","title":{"rendered":"Entradas de d\u00eda para las sedes de Viena y Graz del Europeo 2020 ya est\u00e1n a  la venta"},"content":{"rendered":"<p><span style=\"font-family: Arial, sans-serif\">Las entradas de d\u00eda para el pr\u00f3ximo Europeo Masculino 2020 ya est\u00e1n disponibles, adem\u00e1s de los paquetes de entradas para las sedes de Viena y Graz. Las entradas a precios atractivos est\u00e1n ya disponibles para las cuatro categor\u00edas en la sede de Graz y cinco en la sede de Viena, con el objetivo de atraer a los aficionados m\u00e1s all\u00e1 de la comunidad del balonmano.<\/span><\/p>\n<p><span style=\"font-family: Arial, sans-serif\">Tambi\u00e9n est\u00e1 disponible un paquete familiar especial. Con una entrada puedes ver dos partidos en la Fase Preliminar y tres en la Fase Principal. Austria jugar\u00e1 sus primeros partidos de la Fase Premilinar en Viena en el Europeo m\u00e1s grande de todos los tiempos y tambi\u00e9n permanecer\u00e1 en la capital si logra avanzar a la Fase Principal.<\/span><\/p>\n<p><span style=\"font-family: Arial, sans-serif\">Por su parte la Selecci\u00f3n de Croacia estar\u00e1 ubicada en la Fase Preliminar en la ciudad de Graz si se califican. El equipo de Alemania se trasladar\u00e1 a Viena para la Fase Principal, siempre que se clasifique para el Europeo y pase la Fase Preliminar en Trondheim. El 28 de Junio, los grupos de la Fase Preliminar del Europeo Masculino 2020 se sortear\u00e1n en la ciudad de Viena. Todos los paquetes de entradas, as\u00ed como todas la entradas de d\u00eda ya est\u00e1n disponibles a trav\u00e9s del sitio web oficial de Europeo y el sitio web de la Federaci\u00f3n Austriaca de Balonmano.<\/span><\/p>\n<p><span style=\"font-family: Arial, sans-serif\">Tanto en la sede de Graz como en la de Viena, se ha prestado atenci\u00f3n especial a unos precios que fueran atractivos en las entradas para el Europeo m\u00e1s grande de todos los tiempos. Las entradas de un d\u00eda se pueden comprar a partir de \u20ac 29, en Viena incluso a partir de \u20ac 19. El objetivo es alcanzar y ganar a los aficionados m\u00e1s all\u00e1 de la comunidad de balonmano. Los paquetes de la Fase Preliminar y Principal, que est\u00e1n disponibles desde el pasado 26 de Octubre, seguir\u00e1n estando disponibles. Adem\u00e1s, tambi\u00e9n est\u00e1 disponible un Paquete Familiar de tres boletos, dos de los cuales se han reducido en un 50 por ciento. La distribuci\u00f3n se puede organizar individualmente. Por ejemplo, ambos padres pueden entrar al pabell\u00f3n con un ni\u00f1o, o un padre con dos hijos. Por supuesto, se pueden reservar entradas individuales adem\u00e1s del Paquete Familiar.<\/span><\/p>\n<p><span style=\"font-family: Arial, sans-serif\">Todas las categor\u00edas en las dos sedes citadas anteriormente ya est\u00e1n a la venta. Los mejores lugares deben ser asegurados r\u00e1pidamente, ya que los grupos en las Fases Preliminares estar\u00e1n agotados tan pronto como se conozcan. Ya es seguro que Croacia, con una clasificaci\u00f3n exitosa, jugar\u00e1 sus partidos de la Fase Preliminar en Graz. La Selecci\u00f3n de Austria estar\u00e1 en Viena. Si la selecci\u00f3n de Alemania se clasifica para el Europeo 2020, los &#8220;Bad Boys&#8221;, jugar\u00e1n su Fase Preliminar en la ciudad de Trondheim y se trasladar\u00e1n a Viena para la Fase Principal. Recordemos que el sorteo de los grupos de la Fase Preliminar se llevar\u00e1 a cabo el pr\u00f3ximo 28 de Junio en Viena.<\/span><\/p>\n<p><span style=\"color: #02171d\"><span style=\"font-family: Arial, sans-serif\"><span>Por cierto me cuentan<\/span><\/span><\/span><em><span style=\"color: #02171d\"><span style=\"font-family: Arial, sans-serif\"><span><b> \u201cMis Pajaritos\u201d<\/b><\/span><\/span><\/span><\/em><span style=\"color: #02171d\"><span style=\"font-family: Arial, sans-serif\"><span> que est\u00e1n totalmente at\u00f3nitos e incr\u00e9dulos con la noticia que les ha llegado. Paco Paquito Bl\u00e1zquez \u201cEl Medallitas\u201d le ha pedido a la ASOBAL que colabore en la organizaci\u00f3n de la Copa del Rey con la aportaci\u00f3n de tres personas con nombres y apellidos concretos dentro de los trabajadores de ASOBAL. \u00a1Ver para creer! Por un lado, tanto que quer\u00eda Paco Paquito Bl\u00e1zquez \u201cEl Medallitas\u201d quitarle la Copa del Rey a la ASOBAL para hacer, seg\u00fan dec\u00eda \u00e9l, una competici\u00f3n distinta, de otra manera m\u00e1s vistosa, incorporar elementos nuevos y hacer m\u00e1s show. En resumen una Copa del Rey espectacular. \u00bfY a la hora de montar la Copa del Rey necesita al personal de ASOBAL? \u00bfTiene unos 33 empleados, m\u00e1s o menos, en la sede federativa y pide 3 de los 5 trabajadores de ASOBAL para organizar la Copa de Rey? \u00bfDurante todos estos a\u00f1os ha criticado a ASOBAL por la organizaci\u00f3n de las competiciones y ahora solicita su colaboraci\u00f3n? \u00bfNo lo hac\u00eda tan mal ASOBAL, entonces para que pide su colaboraci\u00f3n? Por otro lado, sinceramente, no llego a entender la postura de ASOBAL ante un personaje, Paco Paquito Bl\u00e1zquez \u201cEl Medallitas\u201d, que durante todos estos a\u00f1os ha querido presuntamente destruir la ASOBAL como tal, la ha criticado hasta la saciedad muy duramente, no ha dejado t\u00edtere con cabeza y ha puesto todas las piedras en el camino y un poco m\u00e1s. La ASOBAL, con todo el respeto del mundo, creo que se equivoca, su imagen deja mucho que desear y el mundo del balonmano puede llegar a entender que todo esto es una claudicaci\u00f3n, una bajada de pantalones en toda regla. Me consta que lo que quieren es NO entrar en otra guerra m\u00e1s RFEBM \u2013 ASOBAL pero, desde el sincero aprecio, pienso que la dignidad, la honra y ser fiel a uno mismo es lo primero. Lo siento de verdad, pero este gran desprop\u00f3sito desde luego en la \u00e9poca de Eduard Coll como Presidente de ASOBAL no hubiera pasado. Era el ant\u00eddoto perfecto a Paco Paquito Bl\u00e1zquez \u201cEl Medallitas\u201d. \u00a1Se hac\u00eda respetar! Dicho esto, otra vez m\u00e1s vemos qu\u00e9 credibilidad y fiabilidad puede tener un personaje que hoy dice una cosa y ma\u00f1ana hace la contraria porque le conviene y que parece ser quiere ser el futuro Presidente del COE. Insisto un d\u00eda m\u00e1s, si estos son los criterios que tiene Paco Paquito Bl\u00e1zquez \u201cEl Medallitas\u201d pobre deporte espa\u00f1ol si llega a la poltrona del COE y que Dios nos pille confesados. \u00a1Lo que nos puede esperar!<\/span><\/span><\/span><\/p>\n<p><span style=\"color: #02171d\"><span style=\"font-family: Arial, sans-serif\"><span>Seguirnos en twitter:\u00a0<\/span><\/span><\/span><span style=\"color: #000080\"><span><u><a href=\"https:\/\/twitter.com\/\"><span style=\"color: #0000ff\"><span style=\"font-family: Arial, sans-serif\"><span>https:\/\/twitter.com\/#!\/deroscacope<\/span><\/span><\/span><\/a><\/u><\/span><\/span><\/p>\n","protected":false},"excerpt":{"rendered":"<p>Las entradas de d\u00eda para el pr\u00f3ximo Europeo Masculino 2020 ya est\u00e1n disponibles, adem\u00e1s de los paquetes de entradas para las sedes de Viena y Graz. Las entradas a precios atractivos est\u00e1n ya disponibles para las cuatro categor\u00edas en la sede de Graz y cinco en la sede de Viena, con el objetivo de atraer [&hellip;]<\/p>\n","protected":false},"author":23,"featured_media":617,"comment_status":"open","ping_status":"open","sticky":false,"template":"","format":"standard","meta":{"footnotes":""},"categories":[1],"tags":[],"class_list":["post-616","post","type-post","status-publish","format-standard","has-post-thumbnail","hentry","category-sin-categoria"],"yoast_head":"<!-- This site is optimized with the Yoast SEO plugin v27.4 - https:\/\/yoast.com\/product\/yoast-seo-wordpress\/ -->\n<title>Entradas de d\u00eda para las sedes de Viena y Graz del Europeo 2020 ya est\u00e1n a la venta - Derosca<\/title>\n<meta name=\"robots\" content=\"index, follow, max-snippet:-1, max-image-preview:large, max-video-preview:-1\" \/>\n<link rel=\"canonical\" href=\"https:\/\/www.cope.es\/blogs\/derosca\/2019\/03\/12\/entradas-de-dia-para-las-sedes-de-viena-y-graz-del-europeo-2020-ya-estan-a-la-venta\/\" \/>\n<meta property=\"og:locale\" content=\"es_ES\" \/>\n<meta property=\"og:type\" content=\"article\" \/>\n<meta property=\"og:title\" content=\"Entradas de d\u00eda para las sedes de Viena y Graz del Europeo 2020 ya est\u00e1n a la venta - Derosca\" \/>\n<meta property=\"og:description\" content=\"Las entradas de d\u00eda para el pr\u00f3ximo Europeo Masculino 2020 ya est\u00e1n disponibles, adem\u00e1s de los paquetes de entradas para las sedes de Viena y Graz. Las entradas a precios atractivos est\u00e1n ya disponibles para las cuatro categor\u00edas en la sede de Graz y cinco en la sede de Viena, con el objetivo de atraer [&hellip;]\" \/>\n<meta property=\"og:url\" content=\"https:\/\/www.cope.es\/blogs\/derosca\/2019\/03\/12\/entradas-de-dia-para-las-sedes-de-viena-y-graz-del-europeo-2020-ya-estan-a-la-venta\/\" \/>\n<meta property=\"og:site_name\" content=\"Derosca\" \/>\n<meta property=\"article:publisher\" content=\"https:\/\/www.facebook.com\/cope\/\" \/>\n<meta property=\"article:published_time\" content=\"2019-03-12T08:37:32+00:00\" \/>\n<meta property=\"og:image\" content=\"https:\/\/www.cope.es\/blogs\/derosca\/wp-content\/uploads\/sites\/22\/2019\/03\/Euro-Cup.jpg\" \/>\n\t<meta property=\"og:image:width\" content=\"700\" \/>\n\t<meta property=\"og:image:height\" content=\"545\" \/>\n\t<meta property=\"og:image:type\" content=\"image\/jpeg\" \/>\n<meta name=\"author\" content=\"Luis Malvar\" \/>\n<meta name=\"twitter:card\" content=\"summary_large_image\" \/>\n<meta name=\"twitter:creator\" content=\"@cope_es\" \/>\n<meta name=\"twitter:site\" content=\"@cope_es\" \/>\n<meta name=\"twitter:label1\" content=\"Escrito por\" \/>\n\t<meta name=\"twitter:data1\" content=\"Luis Malvar\" \/>\n\t<meta name=\"twitter:label2\" content=\"Tiempo de lectura\" \/>\n\t<meta name=\"twitter:data2\" content=\"5 minutos\" \/>\n<script type=\"application\/ld+json\" class=\"yoast-schema-graph\">{\"@context\":\"https:\\\/\\\/schema.org\",\"@graph\":[{\"@type\":\"Article\",\"@id\":\"https:\\\/\\\/www.cope.es\\\/blogs\\\/derosca\\\/2019\\\/03\\\/12\\\/entradas-de-dia-para-las-sedes-de-viena-y-graz-del-europeo-2020-ya-estan-a-la-venta\\\/#article\",\"isPartOf\":{\"@id\":\"https:\\\/\\\/www.cope.es\\\/blogs\\\/derosca\\\/2019\\\/03\\\/12\\\/entradas-de-dia-para-las-sedes-de-viena-y-graz-del-europeo-2020-ya-estan-a-la-venta\\\/\"},\"author\":{\"name\":\"Luis Malvar\",\"@id\":\"https:\\\/\\\/www.cope.es\\\/blogs\\\/derosca\\\/#\\\/schema\\\/person\\\/02d6fa6fa8d8db60f83303875a4ff77f\"},\"headline\":\"Entradas de d\u00eda para las sedes de Viena y Graz del Europeo 2020 ya est\u00e1n a la venta\",\"datePublished\":\"2019-03-12T08:37:32+00:00\",\"mainEntityOfPage\":{\"@id\":\"https:\\\/\\\/www.cope.es\\\/blogs\\\/derosca\\\/2019\\\/03\\\/12\\\/entradas-de-dia-para-las-sedes-de-viena-y-graz-del-europeo-2020-ya-estan-a-la-venta\\\/\"},\"wordCount\":994,\"commentCount\":0,\"image\":{\"@id\":\"https:\\\/\\\/www.cope.es\\\/blogs\\\/derosca\\\/2019\\\/03\\\/12\\\/entradas-de-dia-para-las-sedes-de-viena-y-graz-del-europeo-2020-ya-estan-a-la-venta\\\/#primaryimage\"},\"thumbnailUrl\":\"https:\\\/\\\/www.cope.es\\\/blogs\\\/derosca\\\/wp-content\\\/uploads\\\/sites\\\/22\\\/2019\\\/03\\\/Euro-Cup.jpg\",\"inLanguage\":\"es\",\"potentialAction\":[{\"@type\":\"CommentAction\",\"name\":\"Comment\",\"target\":[\"https:\\\/\\\/www.cope.es\\\/blogs\\\/derosca\\\/2019\\\/03\\\/12\\\/entradas-de-dia-para-las-sedes-de-viena-y-graz-del-europeo-2020-ya-estan-a-la-venta\\\/#respond\"]}]},{\"@type\":\"WebPage\",\"@id\":\"https:\\\/\\\/www.cope.es\\\/blogs\\\/derosca\\\/2019\\\/03\\\/12\\\/entradas-de-dia-para-las-sedes-de-viena-y-graz-del-europeo-2020-ya-estan-a-la-venta\\\/\",\"url\":\"https:\\\/\\\/www.cope.es\\\/blogs\\\/derosca\\\/2019\\\/03\\\/12\\\/entradas-de-dia-para-las-sedes-de-viena-y-graz-del-europeo-2020-ya-estan-a-la-venta\\\/\",\"name\":\"Entradas de d\u00eda para las sedes de Viena y Graz del Europeo 2020 ya est\u00e1n a la venta - Derosca\",\"isPartOf\":{\"@id\":\"https:\\\/\\\/www.cope.es\\\/blogs\\\/derosca\\\/#website\"},\"primaryImageOfPage\":{\"@id\":\"https:\\\/\\\/www.cope.es\\\/blogs\\\/derosca\\\/2019\\\/03\\\/12\\\/entradas-de-dia-para-las-sedes-de-viena-y-graz-del-europeo-2020-ya-estan-a-la-venta\\\/#primaryimage\"},\"image\":{\"@id\":\"https:\\\/\\\/www.cope.es\\\/blogs\\\/derosca\\\/2019\\\/03\\\/12\\\/entradas-de-dia-para-las-sedes-de-viena-y-graz-del-europeo-2020-ya-estan-a-la-venta\\\/#primaryimage\"},\"thumbnailUrl\":\"https:\\\/\\\/www.cope.es\\\/blogs\\\/derosca\\\/wp-content\\\/uploads\\\/sites\\\/22\\\/2019\\\/03\\\/Euro-Cup.jpg\",\"datePublished\":\"2019-03-12T08:37:32+00:00\",\"author\":{\"@id\":\"https:\\\/\\\/www.cope.es\\\/blogs\\\/derosca\\\/#\\\/schema\\\/person\\\/02d6fa6fa8d8db60f83303875a4ff77f\"},\"breadcrumb\":{\"@id\":\"https:\\\/\\\/www.cope.es\\\/blogs\\\/derosca\\\/2019\\\/03\\\/12\\\/entradas-de-dia-para-las-sedes-de-viena-y-graz-del-europeo-2020-ya-estan-a-la-venta\\\/#breadcrumb\"},\"inLanguage\":\"es\",\"potentialAction\":[{\"@type\":\"ReadAction\",\"target\":[\"https:\\\/\\\/www.cope.es\\\/blogs\\\/derosca\\\/2019\\\/03\\\/12\\\/entradas-de-dia-para-las-sedes-de-viena-y-graz-del-europeo-2020-ya-estan-a-la-venta\\\/\"]}]},{\"@type\":\"ImageObject\",\"inLanguage\":\"es\",\"@id\":\"https:\\\/\\\/www.cope.es\\\/blogs\\\/derosca\\\/2019\\\/03\\\/12\\\/entradas-de-dia-para-las-sedes-de-viena-y-graz-del-europeo-2020-ya-estan-a-la-venta\\\/#primaryimage\",\"url\":\"https:\\\/\\\/www.cope.es\\\/blogs\\\/derosca\\\/wp-content\\\/uploads\\\/sites\\\/22\\\/2019\\\/03\\\/Euro-Cup.jpg\",\"contentUrl\":\"https:\\\/\\\/www.cope.es\\\/blogs\\\/derosca\\\/wp-content\\\/uploads\\\/sites\\\/22\\\/2019\\\/03\\\/Euro-Cup.jpg\",\"width\":700,\"height\":545,\"caption\":\"Entradas de d\u00eda para las sedes de Viena y Graz del Europeo 2020 ya est\u00e1n a la venta\"},{\"@type\":\"BreadcrumbList\",\"@id\":\"https:\\\/\\\/www.cope.es\\\/blogs\\\/derosca\\\/2019\\\/03\\\/12\\\/entradas-de-dia-para-las-sedes-de-viena-y-graz-del-europeo-2020-ya-estan-a-la-venta\\\/#breadcrumb\",\"itemListElement\":[{\"@type\":\"ListItem\",\"position\":1,\"name\":\"Portada\",\"item\":\"https:\\\/\\\/www.cope.es\\\/blogs\\\/derosca\\\/\"},{\"@type\":\"ListItem\",\"position\":2,\"name\":\"Entradas de d\u00eda para las sedes de Viena y Graz del Europeo 2020 ya est\u00e1n a la venta\"}]},{\"@type\":\"WebSite\",\"@id\":\"https:\\\/\\\/www.cope.es\\\/blogs\\\/derosca\\\/#website\",\"url\":\"https:\\\/\\\/www.cope.es\\\/blogs\\\/derosca\\\/\",\"name\":\"Derosca\",\"description\":\"Blog de balonmano COPE\",\"potentialAction\":[{\"@type\":\"SearchAction\",\"target\":{\"@type\":\"EntryPoint\",\"urlTemplate\":\"https:\\\/\\\/www.cope.es\\\/blogs\\\/derosca\\\/?s={search_term_string}\"},\"query-input\":{\"@type\":\"PropertyValueSpecification\",\"valueRequired\":true,\"valueName\":\"search_term_string\"}}],\"inLanguage\":\"es\"},{\"@type\":\"Person\",\"@id\":\"https:\\\/\\\/www.cope.es\\\/blogs\\\/derosca\\\/#\\\/schema\\\/person\\\/02d6fa6fa8d8db60f83303875a4ff77f\",\"name\":\"Luis Malvar\",\"image\":{\"@type\":\"ImageObject\",\"inLanguage\":\"es\",\"@id\":\"https:\\\/\\\/secure.gravatar.com\\\/avatar\\\/23cd47dec2904689b3ccd32d1dd3e86c7cbf60dcf7376c68854f761a4939534f?s=96&d=mm&r=g\",\"url\":\"https:\\\/\\\/secure.gravatar.com\\\/avatar\\\/23cd47dec2904689b3ccd32d1dd3e86c7cbf60dcf7376c68854f761a4939534f?s=96&d=mm&r=g\",\"contentUrl\":\"https:\\\/\\\/secure.gravatar.com\\\/avatar\\\/23cd47dec2904689b3ccd32d1dd3e86c7cbf60dcf7376c68854f761a4939534f?s=96&d=mm&r=g\",\"caption\":\"Luis Malvar\"},\"description\":\"Comenc\u00e9 la andadura del Blog Derosca all\u00e1 por el 22 de Mayo de 2008. Un blog en el que se trata de llevar a los numerosos aficionados y amantes del mundo del balonmano toda la actualidad de nuestro apasionante deporte. Una ventana que sirve para dar luz a las innumerables noticias que genera el balonmano y que habitualmente no tienen reflejo en los medios de comunicaci\u00f3n. Sin lugar a dudas el Blog Derosca cuenta con un apartado que tiene a gala contar con miles de seguidores como es \u201cMis Pajaritos\u201d en donde se relatan y narran todas las intrahistorias que se generan en el balonmano espa\u00f1ol y que incomoda a m\u00e1s de uno que salgan a la luz.!Gracias por seguirnos durante todos estos a\u00f1os\u00a1\",\"sameAs\":[\"http:\\\/\\\/www.cope.es\",\"lmalvar\"],\"url\":\"https:\\\/\\\/www.cope.es\\\/blogs\\\/derosca\\\/author\\\/lmalvar\\\/\"}]}<\/script>\n<!-- \/ Yoast SEO plugin. -->","yoast_head_json":{"title":"Entradas de d\u00eda para las sedes de Viena y Graz del Europeo 2020 ya est\u00e1n a la venta - Derosca","robots":{"index":"index","follow":"follow","max-snippet":"max-snippet:-1","max-image-preview":"max-image-preview:large","max-video-preview":"max-video-preview:-1"},"canonical":"https:\/\/www.cope.es\/blogs\/derosca\/2019\/03\/12\/entradas-de-dia-para-las-sedes-de-viena-y-graz-del-europeo-2020-ya-estan-a-la-venta\/","og_locale":"es_ES","og_type":"article","og_title":"Entradas de d\u00eda para las sedes de Viena y Graz del Europeo 2020 ya est\u00e1n a la venta - Derosca","og_description":"Las entradas de d\u00eda para el pr\u00f3ximo Europeo Masculino 2020 ya est\u00e1n disponibles, adem\u00e1s de los paquetes de entradas para las sedes de Viena y Graz. Las entradas a precios atractivos est\u00e1n ya disponibles para las cuatro categor\u00edas en la sede de Graz y cinco en la sede de Viena, con el objetivo de atraer [&hellip;]","og_url":"https:\/\/www.cope.es\/blogs\/derosca\/2019\/03\/12\/entradas-de-dia-para-las-sedes-de-viena-y-graz-del-europeo-2020-ya-estan-a-la-venta\/","og_site_name":"Derosca","article_publisher":"https:\/\/www.facebook.com\/cope\/","article_published_time":"2019-03-12T08:37:32+00:00","og_image":[{"width":700,"height":545,"url":"https:\/\/www.cope.es\/blogs\/derosca\/wp-content\/uploads\/sites\/22\/2019\/03\/Euro-Cup.jpg","type":"image\/jpeg"}],"author":"Luis Malvar","twitter_card":"summary_large_image","twitter_creator":"@cope_es","twitter_site":"@cope_es","twitter_misc":{"Escrito por":"Luis Malvar","Tiempo de lectura":"5 minutos"},"schema":{"@context":"https:\/\/schema.org","@graph":[{"@type":"Article","@id":"https:\/\/www.cope.es\/blogs\/derosca\/2019\/03\/12\/entradas-de-dia-para-las-sedes-de-viena-y-graz-del-europeo-2020-ya-estan-a-la-venta\/#article","isPartOf":{"@id":"https:\/\/www.cope.es\/blogs\/derosca\/2019\/03\/12\/entradas-de-dia-para-las-sedes-de-viena-y-graz-del-europeo-2020-ya-estan-a-la-venta\/"},"author":{"name":"Luis Malvar","@id":"https:\/\/www.cope.es\/blogs\/derosca\/#\/schema\/person\/02d6fa6fa8d8db60f83303875a4ff77f"},"headline":"Entradas de d\u00eda para las sedes de Viena y Graz del Europeo 2020 ya est\u00e1n a la venta","datePublished":"2019-03-12T08:37:32+00:00","mainEntityOfPage":{"@id":"https:\/\/www.cope.es\/blogs\/derosca\/2019\/03\/12\/entradas-de-dia-para-las-sedes-de-viena-y-graz-del-europeo-2020-ya-estan-a-la-venta\/"},"wordCount":994,"commentCount":0,"image":{"@id":"https:\/\/www.cope.es\/blogs\/derosca\/2019\/03\/12\/entradas-de-dia-para-las-sedes-de-viena-y-graz-del-europeo-2020-ya-estan-a-la-venta\/#primaryimage"},"thumbnailUrl":"https:\/\/www.cope.es\/blogs\/derosca\/wp-content\/uploads\/sites\/22\/2019\/03\/Euro-Cup.jpg","inLanguage":"es","potentialAction":[{"@type":"CommentAction","name":"Comment","target":["https:\/\/www.cope.es\/blogs\/derosca\/2019\/03\/12\/entradas-de-dia-para-las-sedes-de-viena-y-graz-del-europeo-2020-ya-estan-a-la-venta\/#respond"]}]},{"@type":"WebPage","@id":"https:\/\/www.cope.es\/blogs\/derosca\/2019\/03\/12\/entradas-de-dia-para-las-sedes-de-viena-y-graz-del-europeo-2020-ya-estan-a-la-venta\/","url":"https:\/\/www.cope.es\/blogs\/derosca\/2019\/03\/12\/entradas-de-dia-para-las-sedes-de-viena-y-graz-del-europeo-2020-ya-estan-a-la-venta\/","name":"Entradas de d\u00eda para las sedes de Viena y Graz del Europeo 2020 ya est\u00e1n a la venta - Derosca","isPartOf":{"@id":"https:\/\/www.cope.es\/blogs\/derosca\/#website"},"primaryImageOfPage":{"@id":"https:\/\/www.cope.es\/blogs\/derosca\/2019\/03\/12\/entradas-de-dia-para-las-sedes-de-viena-y-graz-del-europeo-2020-ya-estan-a-la-venta\/#primaryimage"},"image":{"@id":"https:\/\/www.cope.es\/blogs\/derosca\/2019\/03\/12\/entradas-de-dia-para-las-sedes-de-viena-y-graz-del-europeo-2020-ya-estan-a-la-venta\/#primaryimage"},"thumbnailUrl":"https:\/\/www.cope.es\/blogs\/derosca\/wp-content\/uploads\/sites\/22\/2019\/03\/Euro-Cup.jpg","datePublished":"2019-03-12T08:37:32+00:00","author":{"@id":"https:\/\/www.cope.es\/blogs\/derosca\/#\/schema\/person\/02d6fa6fa8d8db60f83303875a4ff77f"},"breadcrumb":{"@id":"https:\/\/www.cope.es\/blogs\/derosca\/2019\/03\/12\/entradas-de-dia-para-las-sedes-de-viena-y-graz-del-europeo-2020-ya-estan-a-la-venta\/#breadcrumb"},"inLanguage":"es","potentialAction":[{"@type":"ReadAction","target":["https:\/\/www.cope.es\/blogs\/derosca\/2019\/03\/12\/entradas-de-dia-para-las-sedes-de-viena-y-graz-del-europeo-2020-ya-estan-a-la-venta\/"]}]},{"@type":"ImageObject","inLanguage":"es","@id":"https:\/\/www.cope.es\/blogs\/derosca\/2019\/03\/12\/entradas-de-dia-para-las-sedes-de-viena-y-graz-del-europeo-2020-ya-estan-a-la-venta\/#primaryimage","url":"https:\/\/www.cope.es\/blogs\/derosca\/wp-content\/uploads\/sites\/22\/2019\/03\/Euro-Cup.jpg","contentUrl":"https:\/\/www.cope.es\/blogs\/derosca\/wp-content\/uploads\/sites\/22\/2019\/03\/Euro-Cup.jpg","width":700,"height":545,"caption":"Entradas de d\u00eda para las sedes de Viena y Graz del Europeo 2020 ya est\u00e1n a la venta"},{"@type":"BreadcrumbList","@id":"https:\/\/www.cope.es\/blogs\/derosca\/2019\/03\/12\/entradas-de-dia-para-las-sedes-de-viena-y-graz-del-europeo-2020-ya-estan-a-la-venta\/#breadcrumb","itemListElement":[{"@type":"ListItem","position":1,"name":"Portada","item":"https:\/\/www.cope.es\/blogs\/derosca\/"},{"@type":"ListItem","position":2,"name":"Entradas de d\u00eda para las sedes de Viena y Graz del Europeo 2020 ya est\u00e1n a la venta"}]},{"@type":"WebSite","@id":"https:\/\/www.cope.es\/blogs\/derosca\/#website","url":"https:\/\/www.cope.es\/blogs\/derosca\/","name":"Derosca","description":"Blog de balonmano COPE","potentialAction":[{"@type":"SearchAction","target":{"@type":"EntryPoint","urlTemplate":"https:\/\/www.cope.es\/blogs\/derosca\/?s={search_term_string}"},"query-input":{"@type":"PropertyValueSpecification","valueRequired":true,"valueName":"search_term_string"}}],"inLanguage":"es"},{"@type":"Person","@id":"https:\/\/www.cope.es\/blogs\/derosca\/#\/schema\/person\/02d6fa6fa8d8db60f83303875a4ff77f","name":"Luis Malvar","image":{"@type":"ImageObject","inLanguage":"es","@id":"https:\/\/secure.gravatar.com\/avatar\/23cd47dec2904689b3ccd32d1dd3e86c7cbf60dcf7376c68854f761a4939534f?s=96&d=mm&r=g","url":"https:\/\/secure.gravatar.com\/avatar\/23cd47dec2904689b3ccd32d1dd3e86c7cbf60dcf7376c68854f761a4939534f?s=96&d=mm&r=g","contentUrl":"https:\/\/secure.gravatar.com\/avatar\/23cd47dec2904689b3ccd32d1dd3e86c7cbf60dcf7376c68854f761a4939534f?s=96&d=mm&r=g","caption":"Luis Malvar"},"description":"Comenc\u00e9 la andadura del Blog Derosca all\u00e1 por el 22 de Mayo de 2008. Un blog en el que se trata de llevar a los numerosos aficionados y amantes del mundo del balonmano toda la actualidad de nuestro apasionante deporte. Una ventana que sirve para dar luz a las innumerables noticias que genera el balonmano y que habitualmente no tienen reflejo en los medios de comunicaci\u00f3n. Sin lugar a dudas el Blog Derosca cuenta con un apartado que tiene a gala contar con miles de seguidores como es \u201cMis Pajaritos\u201d en donde se relatan y narran todas las intrahistorias que se generan en el balonmano espa\u00f1ol y que incomoda a m\u00e1s de uno que salgan a la luz.!Gracias por seguirnos durante todos estos a\u00f1os\u00a1","sameAs":["http:\/\/www.cope.es","lmalvar"],"url":"https:\/\/www.cope.es\/blogs\/derosca\/author\/lmalvar\/"}]}},"amp_enabled":true,"_links":{"self":[{"href":"https:\/\/www.cope.es\/blogs\/derosca\/wp-json\/wp\/v2\/posts\/616","targetHints":{"allow":["GET"]}}],"collection":[{"href":"https:\/\/www.cope.es\/blogs\/derosca\/wp-json\/wp\/v2\/posts"}],"about":[{"href":"https:\/\/www.cope.es\/blogs\/derosca\/wp-json\/wp\/v2\/types\/post"}],"author":[{"embeddable":true,"href":"https:\/\/www.cope.es\/blogs\/derosca\/wp-json\/wp\/v2\/users\/23"}],"replies":[{"embeddable":true,"href":"https:\/\/www.cope.es\/blogs\/derosca\/wp-json\/wp\/v2\/comments?post=616"}],"version-history":[{"count":1,"href":"https:\/\/www.cope.es\/blogs\/derosca\/wp-json\/wp\/v2\/posts\/616\/revisions"}],"predecessor-version":[{"id":618,"href":"https:\/\/www.cope.es\/blogs\/derosca\/wp-json\/wp\/v2\/posts\/616\/revisions\/618"}],"wp:featuredmedia":[{"embeddable":true,"href":"https:\/\/www.cope.es\/blogs\/derosca\/wp-json\/wp\/v2\/media\/617"}],"wp:attachment":[{"href":"https:\/\/www.cope.es\/blogs\/derosca\/wp-json\/wp\/v2\/media?parent=616"}],"wp:term":[{"taxonomy":"category","embeddable":true,"href":"https:\/\/www.cope.es\/blogs\/derosca\/wp-json\/wp\/v2\/categories?post=616"},{"taxonomy":"post_tag","embeddable":true,"href":"https:\/\/www.cope.es\/blogs\/derosca\/wp-json\/wp\/v2\/tags?post=616"}],"curies":[{"name":"wp","href":"https:\/\/api.w.org\/{rel}","templated":true}]}}