{"id":605,"date":"2019-03-06T09:31:07","date_gmt":"2019-03-06T08:31:07","guid":{"rendered":"http:\/\/www.cope.es\/blogs\/derosca\/?p=605"},"modified":"2019-03-06T09:31:07","modified_gmt":"2019-03-06T08:31:07","slug":"uros-zorman-sera-el-ayudante-de-veselin-vujovic-en-la-seleccion-de-eslovenia","status":"publish","type":"post","link":"https:\/\/www.cope.es\/blogs\/derosca\/2019\/03\/06\/uros-zorman-sera-el-ayudante-de-veselin-vujovic-en-la-seleccion-de-eslovenia\/","title":{"rendered":"Uros Zorman ser\u00e1 el ayudante de Veselin Vujovic en la Selecci\u00f3n de Eslovenia"},"content":{"rendered":"<p><span style=\"font-family: Arial, sans-serif\">La Selecci\u00f3n de Eslovenia sigue su proceso de armarse de cara a estar presente en los pr\u00f3ximos Juegos Ol\u00edmpicos de 2020 en Tokio y para ello su Seleccionador Veselin Vujovic ha decidido contar con la ayuda de uno de los grandes del balonmano como es Uros Zorman. Aunque la Selecci\u00f3n de Eslovenia no jug\u00f3 en el pasado Mundial 2019 el objetivo sigue siendo la clasificaci\u00f3n para los Juegos Ol\u00edmpicos en Tokio 2020.<\/span><\/p>\n<p><span style=\"font-family: Arial, sans-serif\">El que es el actual ayudante de entrenador en el Kielce bajo la supervisi\u00f3n de Talant Dujshebaev ha decidido unirse al grupo de entrenadores de la Selecci\u00f3n Masculina de Eslovenia. El gran Uros Zorman, un ex jugador muy conocido en nuestro pa\u00eds y que paso por el BM. Ciudad Real, tomar\u00e1 posesi\u00f3n de su nuevo cargo pr\u00f3ximamente ya pensando en los partidos de Abril que tiene Eslovenia frente a Holanda para la clasificaci\u00f3n del Europeo 2020.<\/span><\/p>\n<p><span style=\"font-family: Arial, sans-serif\">Recordemos que Uros Zorman, que en la actualidad tiene 39 a\u00f1os de edad, ha tenido una notable carrera como jugador y que tal vez su gran etapa la tuvo como integrante del BM.Ciudad Real en donde bajo las \u00f3rdenes de Talant Dujshebaev lo gan\u00f3 todo. Zorman termin\u00f3 su carrera como jugador en activo el verano pasado, donde se uni\u00f3 a Talant Dujshebaev en el banquillo del equipo polaco del Kielce en donde jugaba desde el a\u00f1o 2011.<\/span><\/p>\n<p><span style=\"color: #02171d\"><span style=\"font-family: Arial, sans-serif\"><span>Seguirnos en twitter:\u00a0<\/span><\/span><\/span><span style=\"color: #000080\"><span><u><a href=\"https:\/\/twitter.com\/\"><span style=\"color: #0000ff\"><span style=\"font-family: Arial, sans-serif\"><span>https:\/\/twitter.com\/#!\/deroscacope<\/span><\/span><\/span><\/a><\/u><\/span><\/span><\/p>\n","protected":false},"excerpt":{"rendered":"<p>La Selecci\u00f3n de Eslovenia sigue su proceso de armarse de cara a estar presente en los pr\u00f3ximos Juegos Ol\u00edmpicos de 2020 en Tokio y para ello su Seleccionador Veselin Vujovic ha decidido contar con la ayuda de uno de los grandes del balonmano como es Uros Zorman. Aunque la Selecci\u00f3n de Eslovenia no jug\u00f3 en [&hellip;]<\/p>\n","protected":false},"author":23,"featured_media":606,"comment_status":"open","ping_status":"open","sticky":false,"template":"","format":"standard","meta":{"footnotes":""},"categories":[3],"tags":[],"class_list":["post-605","post","type-post","status-publish","format-standard","has-post-thumbnail","hentry","category-balonmano"],"yoast_head":"<!-- This site is optimized with the Yoast SEO plugin v27.4 - https:\/\/yoast.com\/product\/yoast-seo-wordpress\/ -->\n<title>Uros Zorman ser\u00e1 el ayudante de Veselin Vujovic en la Selecci\u00f3n de Eslovenia - Derosca<\/title>\n<meta name=\"robots\" content=\"index, follow, max-snippet:-1, max-image-preview:large, max-video-preview:-1\" \/>\n<link rel=\"canonical\" href=\"https:\/\/www.cope.es\/blogs\/derosca\/2019\/03\/06\/uros-zorman-sera-el-ayudante-de-veselin-vujovic-en-la-seleccion-de-eslovenia\/\" \/>\n<meta property=\"og:locale\" content=\"es_ES\" \/>\n<meta property=\"og:type\" content=\"article\" \/>\n<meta property=\"og:title\" content=\"Uros Zorman ser\u00e1 el ayudante de Veselin Vujovic en la Selecci\u00f3n de Eslovenia - Derosca\" \/>\n<meta property=\"og:description\" content=\"La Selecci\u00f3n de Eslovenia sigue su proceso de armarse de cara a estar presente en los pr\u00f3ximos Juegos Ol\u00edmpicos de 2020 en Tokio y para ello su Seleccionador Veselin Vujovic ha decidido contar con la ayuda de uno de los grandes del balonmano como es Uros Zorman. Aunque la Selecci\u00f3n de Eslovenia no jug\u00f3 en [&hellip;]\" \/>\n<meta property=\"og:url\" content=\"https:\/\/www.cope.es\/blogs\/derosca\/2019\/03\/06\/uros-zorman-sera-el-ayudante-de-veselin-vujovic-en-la-seleccion-de-eslovenia\/\" \/>\n<meta property=\"og:site_name\" content=\"Derosca\" \/>\n<meta property=\"article:publisher\" content=\"https:\/\/www.facebook.com\/cope\/\" \/>\n<meta property=\"article:published_time\" content=\"2019-03-06T08:31:07+00:00\" \/>\n<meta property=\"og:image\" content=\"https:\/\/www.cope.es\/blogs\/derosca\/wp-content\/uploads\/sites\/22\/2019\/03\/Zorman-700x353-700x353.jpg\" \/>\n\t<meta property=\"og:image:width\" content=\"700\" \/>\n\t<meta property=\"og:image:height\" content=\"353\" \/>\n\t<meta property=\"og:image:type\" content=\"image\/jpeg\" \/>\n<meta name=\"author\" content=\"Luis Malvar\" \/>\n<meta name=\"twitter:card\" content=\"summary_large_image\" \/>\n<meta name=\"twitter:creator\" content=\"@cope_es\" \/>\n<meta name=\"twitter:site\" content=\"@cope_es\" \/>\n<meta name=\"twitter:label1\" content=\"Escrito por\" \/>\n\t<meta name=\"twitter:data1\" content=\"Luis Malvar\" \/>\n\t<meta name=\"twitter:label2\" content=\"Tiempo de lectura\" \/>\n\t<meta name=\"twitter:data2\" content=\"1 minuto\" \/>\n<script type=\"application\/ld+json\" class=\"yoast-schema-graph\">{\"@context\":\"https:\\\/\\\/schema.org\",\"@graph\":[{\"@type\":\"Article\",\"@id\":\"https:\\\/\\\/www.cope.es\\\/blogs\\\/derosca\\\/2019\\\/03\\\/06\\\/uros-zorman-sera-el-ayudante-de-veselin-vujovic-en-la-seleccion-de-eslovenia\\\/#article\",\"isPartOf\":{\"@id\":\"https:\\\/\\\/www.cope.es\\\/blogs\\\/derosca\\\/2019\\\/03\\\/06\\\/uros-zorman-sera-el-ayudante-de-veselin-vujovic-en-la-seleccion-de-eslovenia\\\/\"},\"author\":{\"name\":\"Luis Malvar\",\"@id\":\"https:\\\/\\\/www.cope.es\\\/blogs\\\/derosca\\\/#\\\/schema\\\/person\\\/02d6fa6fa8d8db60f83303875a4ff77f\"},\"headline\":\"Uros Zorman ser\u00e1 el ayudante de Veselin Vujovic en la Selecci\u00f3n de Eslovenia\",\"datePublished\":\"2019-03-06T08:31:07+00:00\",\"mainEntityOfPage\":{\"@id\":\"https:\\\/\\\/www.cope.es\\\/blogs\\\/derosca\\\/2019\\\/03\\\/06\\\/uros-zorman-sera-el-ayudante-de-veselin-vujovic-en-la-seleccion-de-eslovenia\\\/\"},\"wordCount\":255,\"commentCount\":0,\"image\":{\"@id\":\"https:\\\/\\\/www.cope.es\\\/blogs\\\/derosca\\\/2019\\\/03\\\/06\\\/uros-zorman-sera-el-ayudante-de-veselin-vujovic-en-la-seleccion-de-eslovenia\\\/#primaryimage\"},\"thumbnailUrl\":\"https:\\\/\\\/www.cope.es\\\/blogs\\\/derosca\\\/wp-content\\\/uploads\\\/sites\\\/22\\\/2019\\\/03\\\/Zorman-700x353-700x353.jpg\",\"articleSection\":[\"Balonmano\"],\"inLanguage\":\"es\",\"potentialAction\":[{\"@type\":\"CommentAction\",\"name\":\"Comment\",\"target\":[\"https:\\\/\\\/www.cope.es\\\/blogs\\\/derosca\\\/2019\\\/03\\\/06\\\/uros-zorman-sera-el-ayudante-de-veselin-vujovic-en-la-seleccion-de-eslovenia\\\/#respond\"]}]},{\"@type\":\"WebPage\",\"@id\":\"https:\\\/\\\/www.cope.es\\\/blogs\\\/derosca\\\/2019\\\/03\\\/06\\\/uros-zorman-sera-el-ayudante-de-veselin-vujovic-en-la-seleccion-de-eslovenia\\\/\",\"url\":\"https:\\\/\\\/www.cope.es\\\/blogs\\\/derosca\\\/2019\\\/03\\\/06\\\/uros-zorman-sera-el-ayudante-de-veselin-vujovic-en-la-seleccion-de-eslovenia\\\/\",\"name\":\"Uros Zorman ser\u00e1 el ayudante de Veselin Vujovic en la Selecci\u00f3n de Eslovenia - Derosca\",\"isPartOf\":{\"@id\":\"https:\\\/\\\/www.cope.es\\\/blogs\\\/derosca\\\/#website\"},\"primaryImageOfPage\":{\"@id\":\"https:\\\/\\\/www.cope.es\\\/blogs\\\/derosca\\\/2019\\\/03\\\/06\\\/uros-zorman-sera-el-ayudante-de-veselin-vujovic-en-la-seleccion-de-eslovenia\\\/#primaryimage\"},\"image\":{\"@id\":\"https:\\\/\\\/www.cope.es\\\/blogs\\\/derosca\\\/2019\\\/03\\\/06\\\/uros-zorman-sera-el-ayudante-de-veselin-vujovic-en-la-seleccion-de-eslovenia\\\/#primaryimage\"},\"thumbnailUrl\":\"https:\\\/\\\/www.cope.es\\\/blogs\\\/derosca\\\/wp-content\\\/uploads\\\/sites\\\/22\\\/2019\\\/03\\\/Zorman-700x353-700x353.jpg\",\"datePublished\":\"2019-03-06T08:31:07+00:00\",\"author\":{\"@id\":\"https:\\\/\\\/www.cope.es\\\/blogs\\\/derosca\\\/#\\\/schema\\\/person\\\/02d6fa6fa8d8db60f83303875a4ff77f\"},\"breadcrumb\":{\"@id\":\"https:\\\/\\\/www.cope.es\\\/blogs\\\/derosca\\\/2019\\\/03\\\/06\\\/uros-zorman-sera-el-ayudante-de-veselin-vujovic-en-la-seleccion-de-eslovenia\\\/#breadcrumb\"},\"inLanguage\":\"es\",\"potentialAction\":[{\"@type\":\"ReadAction\",\"target\":[\"https:\\\/\\\/www.cope.es\\\/blogs\\\/derosca\\\/2019\\\/03\\\/06\\\/uros-zorman-sera-el-ayudante-de-veselin-vujovic-en-la-seleccion-de-eslovenia\\\/\"]}]},{\"@type\":\"ImageObject\",\"inLanguage\":\"es\",\"@id\":\"https:\\\/\\\/www.cope.es\\\/blogs\\\/derosca\\\/2019\\\/03\\\/06\\\/uros-zorman-sera-el-ayudante-de-veselin-vujovic-en-la-seleccion-de-eslovenia\\\/#primaryimage\",\"url\":\"https:\\\/\\\/www.cope.es\\\/blogs\\\/derosca\\\/wp-content\\\/uploads\\\/sites\\\/22\\\/2019\\\/03\\\/Zorman-700x353-700x353.jpg\",\"contentUrl\":\"https:\\\/\\\/www.cope.es\\\/blogs\\\/derosca\\\/wp-content\\\/uploads\\\/sites\\\/22\\\/2019\\\/03\\\/Zorman-700x353-700x353.jpg\",\"width\":700,\"height\":353,\"caption\":\"Uros Zorman ser\u00e1 el ayudante de Veselin Vujovic en la Selecci\u00f3n de Eslovenia\"},{\"@type\":\"BreadcrumbList\",\"@id\":\"https:\\\/\\\/www.cope.es\\\/blogs\\\/derosca\\\/2019\\\/03\\\/06\\\/uros-zorman-sera-el-ayudante-de-veselin-vujovic-en-la-seleccion-de-eslovenia\\\/#breadcrumb\",\"itemListElement\":[{\"@type\":\"ListItem\",\"position\":1,\"name\":\"Portada\",\"item\":\"https:\\\/\\\/www.cope.es\\\/blogs\\\/derosca\\\/\"},{\"@type\":\"ListItem\",\"position\":2,\"name\":\"Uros Zorman ser\u00e1 el ayudante de Veselin Vujovic en la Selecci\u00f3n de Eslovenia\"}]},{\"@type\":\"WebSite\",\"@id\":\"https:\\\/\\\/www.cope.es\\\/blogs\\\/derosca\\\/#website\",\"url\":\"https:\\\/\\\/www.cope.es\\\/blogs\\\/derosca\\\/\",\"name\":\"Derosca\",\"description\":\"Blog de balonmano COPE\",\"potentialAction\":[{\"@type\":\"SearchAction\",\"target\":{\"@type\":\"EntryPoint\",\"urlTemplate\":\"https:\\\/\\\/www.cope.es\\\/blogs\\\/derosca\\\/?s={search_term_string}\"},\"query-input\":{\"@type\":\"PropertyValueSpecification\",\"valueRequired\":true,\"valueName\":\"search_term_string\"}}],\"inLanguage\":\"es\"},{\"@type\":\"Person\",\"@id\":\"https:\\\/\\\/www.cope.es\\\/blogs\\\/derosca\\\/#\\\/schema\\\/person\\\/02d6fa6fa8d8db60f83303875a4ff77f\",\"name\":\"Luis Malvar\",\"image\":{\"@type\":\"ImageObject\",\"inLanguage\":\"es\",\"@id\":\"https:\\\/\\\/secure.gravatar.com\\\/avatar\\\/23cd47dec2904689b3ccd32d1dd3e86c7cbf60dcf7376c68854f761a4939534f?s=96&d=mm&r=g\",\"url\":\"https:\\\/\\\/secure.gravatar.com\\\/avatar\\\/23cd47dec2904689b3ccd32d1dd3e86c7cbf60dcf7376c68854f761a4939534f?s=96&d=mm&r=g\",\"contentUrl\":\"https:\\\/\\\/secure.gravatar.com\\\/avatar\\\/23cd47dec2904689b3ccd32d1dd3e86c7cbf60dcf7376c68854f761a4939534f?s=96&d=mm&r=g\",\"caption\":\"Luis Malvar\"},\"description\":\"Comenc\u00e9 la andadura del Blog Derosca all\u00e1 por el 22 de Mayo de 2008. Un blog en el que se trata de llevar a los numerosos aficionados y amantes del mundo del balonmano toda la actualidad de nuestro apasionante deporte. Una ventana que sirve para dar luz a las innumerables noticias que genera el balonmano y que habitualmente no tienen reflejo en los medios de comunicaci\u00f3n. Sin lugar a dudas el Blog Derosca cuenta con un apartado que tiene a gala contar con miles de seguidores como es \u201cMis Pajaritos\u201d en donde se relatan y narran todas las intrahistorias que se generan en el balonmano espa\u00f1ol y que incomoda a m\u00e1s de uno que salgan a la luz.!Gracias por seguirnos durante todos estos a\u00f1os\u00a1\",\"sameAs\":[\"http:\\\/\\\/www.cope.es\",\"lmalvar\"],\"url\":\"https:\\\/\\\/www.cope.es\\\/blogs\\\/derosca\\\/author\\\/lmalvar\\\/\"}]}<\/script>\n<!-- \/ Yoast SEO plugin. -->","yoast_head_json":{"title":"Uros Zorman ser\u00e1 el ayudante de Veselin Vujovic en la Selecci\u00f3n de Eslovenia - Derosca","robots":{"index":"index","follow":"follow","max-snippet":"max-snippet:-1","max-image-preview":"max-image-preview:large","max-video-preview":"max-video-preview:-1"},"canonical":"https:\/\/www.cope.es\/blogs\/derosca\/2019\/03\/06\/uros-zorman-sera-el-ayudante-de-veselin-vujovic-en-la-seleccion-de-eslovenia\/","og_locale":"es_ES","og_type":"article","og_title":"Uros Zorman ser\u00e1 el ayudante de Veselin Vujovic en la Selecci\u00f3n de Eslovenia - Derosca","og_description":"La Selecci\u00f3n de Eslovenia sigue su proceso de armarse de cara a estar presente en los pr\u00f3ximos Juegos Ol\u00edmpicos de 2020 en Tokio y para ello su Seleccionador Veselin Vujovic ha decidido contar con la ayuda de uno de los grandes del balonmano como es Uros Zorman. Aunque la Selecci\u00f3n de Eslovenia no jug\u00f3 en [&hellip;]","og_url":"https:\/\/www.cope.es\/blogs\/derosca\/2019\/03\/06\/uros-zorman-sera-el-ayudante-de-veselin-vujovic-en-la-seleccion-de-eslovenia\/","og_site_name":"Derosca","article_publisher":"https:\/\/www.facebook.com\/cope\/","article_published_time":"2019-03-06T08:31:07+00:00","og_image":[{"width":700,"height":353,"url":"https:\/\/www.cope.es\/blogs\/derosca\/wp-content\/uploads\/sites\/22\/2019\/03\/Zorman-700x353-700x353.jpg","type":"image\/jpeg"}],"author":"Luis Malvar","twitter_card":"summary_large_image","twitter_creator":"@cope_es","twitter_site":"@cope_es","twitter_misc":{"Escrito por":"Luis Malvar","Tiempo de lectura":"1 minuto"},"schema":{"@context":"https:\/\/schema.org","@graph":[{"@type":"Article","@id":"https:\/\/www.cope.es\/blogs\/derosca\/2019\/03\/06\/uros-zorman-sera-el-ayudante-de-veselin-vujovic-en-la-seleccion-de-eslovenia\/#article","isPartOf":{"@id":"https:\/\/www.cope.es\/blogs\/derosca\/2019\/03\/06\/uros-zorman-sera-el-ayudante-de-veselin-vujovic-en-la-seleccion-de-eslovenia\/"},"author":{"name":"Luis Malvar","@id":"https:\/\/www.cope.es\/blogs\/derosca\/#\/schema\/person\/02d6fa6fa8d8db60f83303875a4ff77f"},"headline":"Uros Zorman ser\u00e1 el ayudante de Veselin Vujovic en la Selecci\u00f3n de Eslovenia","datePublished":"2019-03-06T08:31:07+00:00","mainEntityOfPage":{"@id":"https:\/\/www.cope.es\/blogs\/derosca\/2019\/03\/06\/uros-zorman-sera-el-ayudante-de-veselin-vujovic-en-la-seleccion-de-eslovenia\/"},"wordCount":255,"commentCount":0,"image":{"@id":"https:\/\/www.cope.es\/blogs\/derosca\/2019\/03\/06\/uros-zorman-sera-el-ayudante-de-veselin-vujovic-en-la-seleccion-de-eslovenia\/#primaryimage"},"thumbnailUrl":"https:\/\/www.cope.es\/blogs\/derosca\/wp-content\/uploads\/sites\/22\/2019\/03\/Zorman-700x353-700x353.jpg","articleSection":["Balonmano"],"inLanguage":"es","potentialAction":[{"@type":"CommentAction","name":"Comment","target":["https:\/\/www.cope.es\/blogs\/derosca\/2019\/03\/06\/uros-zorman-sera-el-ayudante-de-veselin-vujovic-en-la-seleccion-de-eslovenia\/#respond"]}]},{"@type":"WebPage","@id":"https:\/\/www.cope.es\/blogs\/derosca\/2019\/03\/06\/uros-zorman-sera-el-ayudante-de-veselin-vujovic-en-la-seleccion-de-eslovenia\/","url":"https:\/\/www.cope.es\/blogs\/derosca\/2019\/03\/06\/uros-zorman-sera-el-ayudante-de-veselin-vujovic-en-la-seleccion-de-eslovenia\/","name":"Uros Zorman ser\u00e1 el ayudante de Veselin Vujovic en la Selecci\u00f3n de Eslovenia - Derosca","isPartOf":{"@id":"https:\/\/www.cope.es\/blogs\/derosca\/#website"},"primaryImageOfPage":{"@id":"https:\/\/www.cope.es\/blogs\/derosca\/2019\/03\/06\/uros-zorman-sera-el-ayudante-de-veselin-vujovic-en-la-seleccion-de-eslovenia\/#primaryimage"},"image":{"@id":"https:\/\/www.cope.es\/blogs\/derosca\/2019\/03\/06\/uros-zorman-sera-el-ayudante-de-veselin-vujovic-en-la-seleccion-de-eslovenia\/#primaryimage"},"thumbnailUrl":"https:\/\/www.cope.es\/blogs\/derosca\/wp-content\/uploads\/sites\/22\/2019\/03\/Zorman-700x353-700x353.jpg","datePublished":"2019-03-06T08:31:07+00:00","author":{"@id":"https:\/\/www.cope.es\/blogs\/derosca\/#\/schema\/person\/02d6fa6fa8d8db60f83303875a4ff77f"},"breadcrumb":{"@id":"https:\/\/www.cope.es\/blogs\/derosca\/2019\/03\/06\/uros-zorman-sera-el-ayudante-de-veselin-vujovic-en-la-seleccion-de-eslovenia\/#breadcrumb"},"inLanguage":"es","potentialAction":[{"@type":"ReadAction","target":["https:\/\/www.cope.es\/blogs\/derosca\/2019\/03\/06\/uros-zorman-sera-el-ayudante-de-veselin-vujovic-en-la-seleccion-de-eslovenia\/"]}]},{"@type":"ImageObject","inLanguage":"es","@id":"https:\/\/www.cope.es\/blogs\/derosca\/2019\/03\/06\/uros-zorman-sera-el-ayudante-de-veselin-vujovic-en-la-seleccion-de-eslovenia\/#primaryimage","url":"https:\/\/www.cope.es\/blogs\/derosca\/wp-content\/uploads\/sites\/22\/2019\/03\/Zorman-700x353-700x353.jpg","contentUrl":"https:\/\/www.cope.es\/blogs\/derosca\/wp-content\/uploads\/sites\/22\/2019\/03\/Zorman-700x353-700x353.jpg","width":700,"height":353,"caption":"Uros Zorman ser\u00e1 el ayudante de Veselin Vujovic en la Selecci\u00f3n de Eslovenia"},{"@type":"BreadcrumbList","@id":"https:\/\/www.cope.es\/blogs\/derosca\/2019\/03\/06\/uros-zorman-sera-el-ayudante-de-veselin-vujovic-en-la-seleccion-de-eslovenia\/#breadcrumb","itemListElement":[{"@type":"ListItem","position":1,"name":"Portada","item":"https:\/\/www.cope.es\/blogs\/derosca\/"},{"@type":"ListItem","position":2,"name":"Uros Zorman ser\u00e1 el ayudante de Veselin Vujovic en la Selecci\u00f3n de Eslovenia"}]},{"@type":"WebSite","@id":"https:\/\/www.cope.es\/blogs\/derosca\/#website","url":"https:\/\/www.cope.es\/blogs\/derosca\/","name":"Derosca","description":"Blog de balonmano COPE","potentialAction":[{"@type":"SearchAction","target":{"@type":"EntryPoint","urlTemplate":"https:\/\/www.cope.es\/blogs\/derosca\/?s={search_term_string}"},"query-input":{"@type":"PropertyValueSpecification","valueRequired":true,"valueName":"search_term_string"}}],"inLanguage":"es"},{"@type":"Person","@id":"https:\/\/www.cope.es\/blogs\/derosca\/#\/schema\/person\/02d6fa6fa8d8db60f83303875a4ff77f","name":"Luis Malvar","image":{"@type":"ImageObject","inLanguage":"es","@id":"https:\/\/secure.gravatar.com\/avatar\/23cd47dec2904689b3ccd32d1dd3e86c7cbf60dcf7376c68854f761a4939534f?s=96&d=mm&r=g","url":"https:\/\/secure.gravatar.com\/avatar\/23cd47dec2904689b3ccd32d1dd3e86c7cbf60dcf7376c68854f761a4939534f?s=96&d=mm&r=g","contentUrl":"https:\/\/secure.gravatar.com\/avatar\/23cd47dec2904689b3ccd32d1dd3e86c7cbf60dcf7376c68854f761a4939534f?s=96&d=mm&r=g","caption":"Luis Malvar"},"description":"Comenc\u00e9 la andadura del Blog Derosca all\u00e1 por el 22 de Mayo de 2008. Un blog en el que se trata de llevar a los numerosos aficionados y amantes del mundo del balonmano toda la actualidad de nuestro apasionante deporte. Una ventana que sirve para dar luz a las innumerables noticias que genera el balonmano y que habitualmente no tienen reflejo en los medios de comunicaci\u00f3n. Sin lugar a dudas el Blog Derosca cuenta con un apartado que tiene a gala contar con miles de seguidores como es \u201cMis Pajaritos\u201d en donde se relatan y narran todas las intrahistorias que se generan en el balonmano espa\u00f1ol y que incomoda a m\u00e1s de uno que salgan a la luz.!Gracias por seguirnos durante todos estos a\u00f1os\u00a1","sameAs":["http:\/\/www.cope.es","lmalvar"],"url":"https:\/\/www.cope.es\/blogs\/derosca\/author\/lmalvar\/"}]}},"amp_enabled":true,"_links":{"self":[{"href":"https:\/\/www.cope.es\/blogs\/derosca\/wp-json\/wp\/v2\/posts\/605","targetHints":{"allow":["GET"]}}],"collection":[{"href":"https:\/\/www.cope.es\/blogs\/derosca\/wp-json\/wp\/v2\/posts"}],"about":[{"href":"https:\/\/www.cope.es\/blogs\/derosca\/wp-json\/wp\/v2\/types\/post"}],"author":[{"embeddable":true,"href":"https:\/\/www.cope.es\/blogs\/derosca\/wp-json\/wp\/v2\/users\/23"}],"replies":[{"embeddable":true,"href":"https:\/\/www.cope.es\/blogs\/derosca\/wp-json\/wp\/v2\/comments?post=605"}],"version-history":[{"count":1,"href":"https:\/\/www.cope.es\/blogs\/derosca\/wp-json\/wp\/v2\/posts\/605\/revisions"}],"predecessor-version":[{"id":607,"href":"https:\/\/www.cope.es\/blogs\/derosca\/wp-json\/wp\/v2\/posts\/605\/revisions\/607"}],"wp:featuredmedia":[{"embeddable":true,"href":"https:\/\/www.cope.es\/blogs\/derosca\/wp-json\/wp\/v2\/media\/606"}],"wp:attachment":[{"href":"https:\/\/www.cope.es\/blogs\/derosca\/wp-json\/wp\/v2\/media?parent=605"}],"wp:term":[{"taxonomy":"category","embeddable":true,"href":"https:\/\/www.cope.es\/blogs\/derosca\/wp-json\/wp\/v2\/categories?post=605"},{"taxonomy":"post_tag","embeddable":true,"href":"https:\/\/www.cope.es\/blogs\/derosca\/wp-json\/wp\/v2\/tags?post=605"}],"curies":[{"name":"wp","href":"https:\/\/api.w.org\/{rel}","templated":true}]}}